{"id":247820,"date":"2024-08-29T13:02:23","date_gmt":"2024-08-29T11:02:23","guid":{"rendered":"https:\/\/www.monaco-tribune.com\/2024\/08\/the-train-des-merveilles-out-of-service-until-end-2025\/"},"modified":"2024-08-29T13:03:59","modified_gmt":"2024-08-29T11:03:59","slug":"the-train-des-merveilles-out-of-service-until-end-2025","status":"publish","type":"post","link":"https:\/\/www.monaco-tribune.com\/en\/2024\/08\/the-train-des-merveilles-out-of-service-until-end-2025\/","title":{"rendered":"The Train des Merveilles out of service until  end 2025"},"content":{"rendered":"\n<p><strong>You will need to find alternative routes to travel from Nice to Tende for the next 16 months.\u00a0<\/strong><\/p>\n\n<p>Every year, thousands of passengers hop on board the <a href=\"https:\/\/www.monaco-tribune.com\/en\/2024\/08\/a-journey-through-breathtaking-scenery-on-the-train-des-merveilles\/\">Train des Merveilles<\/a>, which runs between Nice and Tende. But this will soon no longer be possible, as the line will be closed temporarily from 2 September 2024 until the end of 2025.<\/p>\n\n<p>There will be no trains between the Mediterranean shores and the municipalities of the upper Roya valley because of renovation work, with the Braus tunnel, between Tou\u00ebt-de-l&#8217;Escar\u00e8ne and Sospel, at the top of the to-do list. The aim is to ensure the long-term operation of this extraordinary line. <\/p>\n\n<p class=\"related\"><p style=\"font-weight: 400;\"><a href=\"https:\/\/www.monaco-tribune.com\/en\/2024\/08\/principality-prepares-to-host-monaco-yacht-show-2024\/\">Principality prepares to host Monaco Yacht Show 2024<\/a><\/p><\/p>\n\n<h2 class=\"wp-block-heading\" id=\"h-des-lignes-de-substitution-nbsp\">Alternative routes <\/h2>\n\n<p>For those who still want, or need, to get to the towns in the valley, there are other options. For example, from Nice, you can get to Tende by taking the SNCF Train des Merveilles replacement bus. It will serve Nice Pont-Michel, l&#8217;Ariane, La Trinit\u00e9, Drap-Cantaron, Peillon-Sainte-Th\u00e8cle, Peille, l&#8217;Escar\u00e8ne, Tou\u00ebt de l&#8217;Escar\u00e8ne, Sospel, Breil-sur-Roya, Fontan-Saorge, St-Dalmas-de-Tende, la Brigue and Tende. <\/p>\n\n<p>From Menton bus station, take the ZestBus number 15 service towards Sospel or the number 25 bus, which stops at Ventimiglia, Breil-sur-Roya, Fontan, Saorge and La Brigue on the way to Tende. <\/p>\n\n<p>The last option is to board the Franco-Italian railway line that runs between the two Italian towns of Coni (Cuneo) and Ventimiglia, passing through Breil-sur-Roya, Fontan, Saorge and La Brigue stations, as well as Tende. <\/p>\n","protected":false},"excerpt":{"rendered":"<p>You will need to find alternative routes to travel from Nice to Tende for the next 16 months.\u00a0 Every year, [&hellip;]<\/p>\n","protected":false},"author":47,"featured_media":245567,"comment_status":"closed","ping_status":"closed","sticky":false,"template":"","format":"standard","meta":{"_acf_changed":false,"footnotes":""},"categories":[243,258],"tags":[2583],"post_sectags":[],"post_format":[2465],"class_list":["post-247820","post","type-post","status-publish","format-standard","has-post-thumbnail","hentry","category-news","category-public-life","tag-transport-en","format-in-brief"],"acf":[],"yoast_head":"<!-- This site is optimized with the Yoast SEO Premium plugin v26.8 (Yoast SEO v27.5) - https:\/\/yoast.com\/product\/yoast-seo-premium-wordpress\/ -->\n<title>The Train des Merveilles out of service until end 2025<\/title>\n<meta name=\"description\" content=\"You will need to find alternative routes to travel from Nice to Tende for the next 16 months.\u00a0 Every year, thousands of passengers hop on board the Train\" \/>\n<meta name=\"robots\" content=\"index, follow, max-snippet:-1, max-image-preview:large, max-video-preview:-1\" \/>\n<link rel=\"canonical\" href=\"https:\/\/www.monaco-tribune.com\/en\/2024\/08\/the-train-des-merveilles-out-of-service-until-end-2025\/\" \/>\n<meta property=\"og:locale\" content=\"en_US\" \/>\n<meta property=\"og:type\" content=\"article\" \/>\n<meta property=\"og:title\" content=\"The Train des Merveilles out of service until end 2025 - Monaco Tribune\" \/>\n<meta property=\"og:description\" content=\"You will need to find alternative routes to travel from Nice to Tende for the next 16 months.\u00a0 Every year, thousands of passengers hop on board the Train\" \/>\n<meta property=\"og:url\" content=\"https:\/\/www.monaco-tribune.com\/en\/2024\/08\/the-train-des-merveilles-out-of-service-until-end-2025\/\" \/>\n<meta property=\"og:site_name\" content=\"Monaco Tribune\" \/>\n<meta property=\"article:publisher\" content=\"https:\/\/www.facebook.com\/MonacoTribune\" \/>\n<meta property=\"article:published_time\" content=\"2024-08-29T11:02:23+00:00\" \/>\n<meta property=\"article:modified_time\" content=\"2024-08-29T11:03:59+00:00\" \/>\n<meta property=\"og:image\" content=\"https:\/\/www.monaco-tribune.com\/wp-content\/uploads\/2024\/08\/train-merveilles.jpeg\" \/>\n\t<meta property=\"og:image:width\" content=\"700\" \/>\n\t<meta property=\"og:image:height\" content=\"467\" \/>\n\t<meta property=\"og:image:type\" content=\"image\/jpeg\" \/>\n<meta name=\"author\" content=\"Agathe Ch\u00e9reau\" \/>\n<meta name=\"twitter:card\" content=\"summary_large_image\" \/>\n<meta name=\"twitter:creator\" content=\"@MonacoTribune\" \/>\n<meta name=\"twitter:site\" content=\"@MonacoTribune\" \/>\n<script type=\"application\/ld+json\" class=\"yoast-schema-graph\">{\"@context\":\"https:\\\/\\\/schema.org\",\"@graph\":[{\"@type\":\"NewsArticle\",\"@id\":\"https:\\\/\\\/www.monaco-tribune.com\\\/en\\\/2024\\\/08\\\/the-train-des-merveilles-out-of-service-until-end-2025\\\/#article\",\"isPartOf\":{\"@id\":\"https:\\\/\\\/www.monaco-tribune.com\\\/en\\\/2024\\\/08\\\/the-train-des-merveilles-out-of-service-until-end-2025\\\/\"},\"author\":{\"name\":\"Agathe Ch\u00e9reau\",\"@id\":\"https:\\\/\\\/www.monaco-tribune.com\\\/en\\\/#\\\/schema\\\/person\\\/fba2f8d5a098d473c92e84cc43a8f730\"},\"headline\":\"The Train des Merveilles out of service until end 2025\",\"datePublished\":\"2024-08-29T11:02:23+00:00\",\"dateModified\":\"2024-08-29T11:03:59+00:00\",\"mainEntityOfPage\":{\"@id\":\"https:\\\/\\\/www.monaco-tribune.com\\\/en\\\/2024\\\/08\\\/the-train-des-merveilles-out-of-service-until-end-2025\\\/\"},\"wordCount\":257,\"publisher\":{\"@id\":\"https:\\\/\\\/www.monaco-tribune.com\\\/en\\\/#organization\"},\"image\":{\"@id\":\"https:\\\/\\\/www.monaco-tribune.com\\\/en\\\/2024\\\/08\\\/the-train-des-merveilles-out-of-service-until-end-2025\\\/#primaryimage\"},\"thumbnailUrl\":\"https:\\\/\\\/www.monaco-tribune.com\\\/wp-content\\\/uploads\\\/2024\\\/08\\\/train-merveilles.jpeg\",\"keywords\":[\"Transport\"],\"articleSection\":[\"News\",\"Society\"],\"inLanguage\":\"en-US\",\"copyrightYear\":\"2024\",\"copyrightHolder\":{\"@id\":\"https:\\\/\\\/www.monaco-tribune.com\\\/#organization\"}},{\"@type\":\"WebPage\",\"@id\":\"https:\\\/\\\/www.monaco-tribune.com\\\/en\\\/2024\\\/08\\\/the-train-des-merveilles-out-of-service-until-end-2025\\\/\",\"url\":\"https:\\\/\\\/www.monaco-tribune.com\\\/en\\\/2024\\\/08\\\/the-train-des-merveilles-out-of-service-until-end-2025\\\/\",\"name\":\"The Train des Merveilles out of service until end 2025\",\"isPartOf\":{\"@id\":\"https:\\\/\\\/www.monaco-tribune.com\\\/en\\\/#website\"},\"primaryImageOfPage\":{\"@id\":\"https:\\\/\\\/www.monaco-tribune.com\\\/en\\\/2024\\\/08\\\/the-train-des-merveilles-out-of-service-until-end-2025\\\/#primaryimage\"},\"image\":{\"@id\":\"https:\\\/\\\/www.monaco-tribune.com\\\/en\\\/2024\\\/08\\\/the-train-des-merveilles-out-of-service-until-end-2025\\\/#primaryimage\"},\"thumbnailUrl\":\"https:\\\/\\\/www.monaco-tribune.com\\\/wp-content\\\/uploads\\\/2024\\\/08\\\/train-merveilles.jpeg\",\"datePublished\":\"2024-08-29T11:02:23+00:00\",\"dateModified\":\"2024-08-29T11:03:59+00:00\",\"description\":\"You will need to find alternative routes to travel from Nice to Tende for the next 16 months.\u00a0 Every year, thousands of passengers hop on board the Train\",\"breadcrumb\":{\"@id\":\"https:\\\/\\\/www.monaco-tribune.com\\\/en\\\/2024\\\/08\\\/the-train-des-merveilles-out-of-service-until-end-2025\\\/#breadcrumb\"},\"inLanguage\":\"en-US\",\"potentialAction\":[{\"@type\":\"ReadAction\",\"target\":[\"https:\\\/\\\/www.monaco-tribune.com\\\/en\\\/2024\\\/08\\\/the-train-des-merveilles-out-of-service-until-end-2025\\\/\"]}]},{\"@type\":\"ImageObject\",\"inLanguage\":\"en-US\",\"@id\":\"https:\\\/\\\/www.monaco-tribune.com\\\/en\\\/2024\\\/08\\\/the-train-des-merveilles-out-of-service-until-end-2025\\\/#primaryimage\",\"url\":\"https:\\\/\\\/www.monaco-tribune.com\\\/wp-content\\\/uploads\\\/2024\\\/08\\\/train-merveilles.jpeg\",\"contentUrl\":\"https:\\\/\\\/www.monaco-tribune.com\\\/wp-content\\\/uploads\\\/2024\\\/08\\\/train-merveilles.jpeg\",\"width\":700,\"height\":467,\"caption\":\"The train des Merveilles will be taking a break for 16 months \u00a9 Zou! R\u00e9gion Sud\"},{\"@type\":\"BreadcrumbList\",\"@id\":\"https:\\\/\\\/www.monaco-tribune.com\\\/en\\\/2024\\\/08\\\/the-train-des-merveilles-out-of-service-until-end-2025\\\/#breadcrumb\",\"itemListElement\":[{\"@type\":\"ListItem\",\"position\":1,\"name\":\"Accueil\",\"item\":\"https:\\\/\\\/www.monaco-tribune.com\\\/en\\\/\"},{\"@type\":\"ListItem\",\"position\":2,\"name\":\"The Train des Merveilles out of service until end 2025\"}]},{\"@type\":\"WebSite\",\"@id\":\"https:\\\/\\\/www.monaco-tribune.com\\\/en\\\/#website\",\"url\":\"https:\\\/\\\/www.monaco-tribune.com\\\/en\\\/\",\"name\":\"Monaco Tribune\",\"description\":\"Monaco : actualit\u00e9s \u00e9conomiques, politiques, culturelles et sportives de Monaco et de la French Riviera.\",\"publisher\":{\"@id\":\"https:\\\/\\\/www.monaco-tribune.com\\\/en\\\/#organization\"},\"potentialAction\":[{\"@type\":\"SearchAction\",\"target\":{\"@type\":\"EntryPoint\",\"urlTemplate\":\"https:\\\/\\\/www.monaco-tribune.com\\\/en\\\/?s={search_term_string}\"},\"query-input\":{\"@type\":\"PropertyValueSpecification\",\"valueRequired\":true,\"valueName\":\"search_term_string\"}}],\"inLanguage\":\"en-US\"},{\"@type\":\"Organization\",\"@id\":\"https:\\\/\\\/www.monaco-tribune.com\\\/en\\\/#organization\",\"name\":\"Monaco Tribune\",\"url\":\"https:\\\/\\\/www.monaco-tribune.com\\\/en\\\/\",\"logo\":{\"@type\":\"ImageObject\",\"inLanguage\":\"en-US\",\"@id\":\"https:\\\/\\\/www.monaco-tribune.com\\\/en\\\/#\\\/schema\\\/logo\\\/image\\\/\",\"url\":\"https:\\\/\\\/www.monaco-tribune.com\\\/wp-content\\\/uploads\\\/2022\\\/11\\\/logo-monaco-tribune.png\",\"contentUrl\":\"https:\\\/\\\/www.monaco-tribune.com\\\/wp-content\\\/uploads\\\/2022\\\/11\\\/logo-monaco-tribune.png\",\"width\":1548,\"height\":600,\"caption\":\"Monaco Tribune\"},\"image\":{\"@id\":\"https:\\\/\\\/www.monaco-tribune.com\\\/en\\\/#\\\/schema\\\/logo\\\/image\\\/\"},\"sameAs\":[\"https:\\\/\\\/www.facebook.com\\\/MonacoTribune\",\"https:\\\/\\\/x.com\\\/MonacoTribune\",\"https:\\\/\\\/www.instagram.com\\\/monacotribune\\\/\",\"https:\\\/\\\/www.linkedin.com\\\/company\\\/monaco-tribune\",\"https:\\\/\\\/www.youtube.com\\\/channel\\\/UCHle1MnG6hw1y4lWKijVbMA\"]},{\"@type\":\"Person\",\"@id\":\"https:\\\/\\\/www.monaco-tribune.com\\\/en\\\/#\\\/schema\\\/person\\\/fba2f8d5a098d473c92e84cc43a8f730\",\"name\":\"Agathe Ch\u00e9reau\",\"image\":{\"@type\":\"ImageObject\",\"inLanguage\":\"en-US\",\"@id\":\"https:\\\/\\\/secure.gravatar.com\\\/avatar\\\/884b20ed9d4430c24d77a3ad560b1c21da67bd6992531a1971822779f9988ea5?s=96&d=mm&r=g\",\"url\":\"https:\\\/\\\/secure.gravatar.com\\\/avatar\\\/884b20ed9d4430c24d77a3ad560b1c21da67bd6992531a1971822779f9988ea5?s=96&d=mm&r=g\",\"contentUrl\":\"https:\\\/\\\/secure.gravatar.com\\\/avatar\\\/884b20ed9d4430c24d77a3ad560b1c21da67bd6992531a1971822779f9988ea5?s=96&d=mm&r=g\",\"caption\":\"Agathe Ch\u00e9reau\"},\"url\":\"https:\\\/\\\/www.monaco-tribune.com\\\/en\\\/author\\\/agathechereau\\\/\"}]}<\/script>\n<!-- \/ Yoast SEO Premium plugin. -->","yoast_head_json":{"title":"The Train des Merveilles out of service until end 2025","description":"You will need to find alternative routes to travel from Nice to Tende for the next 16 months.\u00a0 Every year, thousands of passengers hop on board the Train","robots":{"index":"index","follow":"follow","max-snippet":"max-snippet:-1","max-image-preview":"max-image-preview:large","max-video-preview":"max-video-preview:-1"},"canonical":"https:\/\/www.monaco-tribune.com\/en\/2024\/08\/the-train-des-merveilles-out-of-service-until-end-2025\/","og_locale":"en_US","og_type":"article","og_title":"The Train des Merveilles out of service until end 2025 - Monaco Tribune","og_description":"You will need to find alternative routes to travel from Nice to Tende for the next 16 months.\u00a0 Every year, thousands of passengers hop on board the Train","og_url":"https:\/\/www.monaco-tribune.com\/en\/2024\/08\/the-train-des-merveilles-out-of-service-until-end-2025\/","og_site_name":"Monaco Tribune","article_publisher":"https:\/\/www.facebook.com\/MonacoTribune","article_published_time":"2024-08-29T11:02:23+00:00","article_modified_time":"2024-08-29T11:03:59+00:00","og_image":[{"width":700,"height":467,"url":"https:\/\/www.monaco-tribune.com\/wp-content\/uploads\/2024\/08\/train-merveilles.jpeg","type":"image\/jpeg"}],"author":"Agathe Ch\u00e9reau","twitter_card":"summary_large_image","twitter_creator":"@MonacoTribune","twitter_site":"@MonacoTribune","schema":{"@context":"https:\/\/schema.org","@graph":[{"@type":"NewsArticle","@id":"https:\/\/www.monaco-tribune.com\/en\/2024\/08\/the-train-des-merveilles-out-of-service-until-end-2025\/#article","isPartOf":{"@id":"https:\/\/www.monaco-tribune.com\/en\/2024\/08\/the-train-des-merveilles-out-of-service-until-end-2025\/"},"author":{"name":"Agathe Ch\u00e9reau","@id":"https:\/\/www.monaco-tribune.com\/en\/#\/schema\/person\/fba2f8d5a098d473c92e84cc43a8f730"},"headline":"The Train des Merveilles out of service until end 2025","datePublished":"2024-08-29T11:02:23+00:00","dateModified":"2024-08-29T11:03:59+00:00","mainEntityOfPage":{"@id":"https:\/\/www.monaco-tribune.com\/en\/2024\/08\/the-train-des-merveilles-out-of-service-until-end-2025\/"},"wordCount":257,"publisher":{"@id":"https:\/\/www.monaco-tribune.com\/en\/#organization"},"image":{"@id":"https:\/\/www.monaco-tribune.com\/en\/2024\/08\/the-train-des-merveilles-out-of-service-until-end-2025\/#primaryimage"},"thumbnailUrl":"https:\/\/www.monaco-tribune.com\/wp-content\/uploads\/2024\/08\/train-merveilles.jpeg","keywords":["Transport"],"articleSection":["News","Society"],"inLanguage":"en-US","copyrightYear":"2024","copyrightHolder":{"@id":"https:\/\/www.monaco-tribune.com\/#organization"}},{"@type":"WebPage","@id":"https:\/\/www.monaco-tribune.com\/en\/2024\/08\/the-train-des-merveilles-out-of-service-until-end-2025\/","url":"https:\/\/www.monaco-tribune.com\/en\/2024\/08\/the-train-des-merveilles-out-of-service-until-end-2025\/","name":"The Train des Merveilles out of service until end 2025","isPartOf":{"@id":"https:\/\/www.monaco-tribune.com\/en\/#website"},"primaryImageOfPage":{"@id":"https:\/\/www.monaco-tribune.com\/en\/2024\/08\/the-train-des-merveilles-out-of-service-until-end-2025\/#primaryimage"},"image":{"@id":"https:\/\/www.monaco-tribune.com\/en\/2024\/08\/the-train-des-merveilles-out-of-service-until-end-2025\/#primaryimage"},"thumbnailUrl":"https:\/\/www.monaco-tribune.com\/wp-content\/uploads\/2024\/08\/train-merveilles.jpeg","datePublished":"2024-08-29T11:02:23+00:00","dateModified":"2024-08-29T11:03:59+00:00","description":"You will need to find alternative routes to travel from Nice to Tende for the next 16 months.\u00a0 Every year, thousands of passengers hop on board the Train","breadcrumb":{"@id":"https:\/\/www.monaco-tribune.com\/en\/2024\/08\/the-train-des-merveilles-out-of-service-until-end-2025\/#breadcrumb"},"inLanguage":"en-US","potentialAction":[{"@type":"ReadAction","target":["https:\/\/www.monaco-tribune.com\/en\/2024\/08\/the-train-des-merveilles-out-of-service-until-end-2025\/"]}]},{"@type":"ImageObject","inLanguage":"en-US","@id":"https:\/\/www.monaco-tribune.com\/en\/2024\/08\/the-train-des-merveilles-out-of-service-until-end-2025\/#primaryimage","url":"https:\/\/www.monaco-tribune.com\/wp-content\/uploads\/2024\/08\/train-merveilles.jpeg","contentUrl":"https:\/\/www.monaco-tribune.com\/wp-content\/uploads\/2024\/08\/train-merveilles.jpeg","width":700,"height":467,"caption":"The train des Merveilles will be taking a break for 16 months \u00a9 Zou! R\u00e9gion Sud"},{"@type":"BreadcrumbList","@id":"https:\/\/www.monaco-tribune.com\/en\/2024\/08\/the-train-des-merveilles-out-of-service-until-end-2025\/#breadcrumb","itemListElement":[{"@type":"ListItem","position":1,"name":"Accueil","item":"https:\/\/www.monaco-tribune.com\/en\/"},{"@type":"ListItem","position":2,"name":"The Train des Merveilles out of service until end 2025"}]},{"@type":"WebSite","@id":"https:\/\/www.monaco-tribune.com\/en\/#website","url":"https:\/\/www.monaco-tribune.com\/en\/","name":"Monaco Tribune","description":"Monaco : actualit\u00e9s \u00e9conomiques, politiques, culturelles et sportives de Monaco et de la French Riviera.","publisher":{"@id":"https:\/\/www.monaco-tribune.com\/en\/#organization"},"potentialAction":[{"@type":"SearchAction","target":{"@type":"EntryPoint","urlTemplate":"https:\/\/www.monaco-tribune.com\/en\/?s={search_term_string}"},"query-input":{"@type":"PropertyValueSpecification","valueRequired":true,"valueName":"search_term_string"}}],"inLanguage":"en-US"},{"@type":"Organization","@id":"https:\/\/www.monaco-tribune.com\/en\/#organization","name":"Monaco Tribune","url":"https:\/\/www.monaco-tribune.com\/en\/","logo":{"@type":"ImageObject","inLanguage":"en-US","@id":"https:\/\/www.monaco-tribune.com\/en\/#\/schema\/logo\/image\/","url":"https:\/\/www.monaco-tribune.com\/wp-content\/uploads\/2022\/11\/logo-monaco-tribune.png","contentUrl":"https:\/\/www.monaco-tribune.com\/wp-content\/uploads\/2022\/11\/logo-monaco-tribune.png","width":1548,"height":600,"caption":"Monaco Tribune"},"image":{"@id":"https:\/\/www.monaco-tribune.com\/en\/#\/schema\/logo\/image\/"},"sameAs":["https:\/\/www.facebook.com\/MonacoTribune","https:\/\/x.com\/MonacoTribune","https:\/\/www.instagram.com\/monacotribune\/","https:\/\/www.linkedin.com\/company\/monaco-tribune","https:\/\/www.youtube.com\/channel\/UCHle1MnG6hw1y4lWKijVbMA"]},{"@type":"Person","@id":"https:\/\/www.monaco-tribune.com\/en\/#\/schema\/person\/fba2f8d5a098d473c92e84cc43a8f730","name":"Agathe Ch\u00e9reau","image":{"@type":"ImageObject","inLanguage":"en-US","@id":"https:\/\/secure.gravatar.com\/avatar\/884b20ed9d4430c24d77a3ad560b1c21da67bd6992531a1971822779f9988ea5?s=96&d=mm&r=g","url":"https:\/\/secure.gravatar.com\/avatar\/884b20ed9d4430c24d77a3ad560b1c21da67bd6992531a1971822779f9988ea5?s=96&d=mm&r=g","contentUrl":"https:\/\/secure.gravatar.com\/avatar\/884b20ed9d4430c24d77a3ad560b1c21da67bd6992531a1971822779f9988ea5?s=96&d=mm&r=g","caption":"Agathe Ch\u00e9reau"},"url":"https:\/\/www.monaco-tribune.com\/en\/author\/agathechereau\/"}]}},"_links":{"self":[{"href":"https:\/\/www.monaco-tribune.com\/en\/wp-json\/wp\/v2\/posts\/247820","targetHints":{"allow":["GET"]}}],"collection":[{"href":"https:\/\/www.monaco-tribune.com\/en\/wp-json\/wp\/v2\/posts"}],"about":[{"href":"https:\/\/www.monaco-tribune.com\/en\/wp-json\/wp\/v2\/types\/post"}],"author":[{"embeddable":true,"href":"https:\/\/www.monaco-tribune.com\/en\/wp-json\/wp\/v2\/users\/47"}],"replies":[{"embeddable":true,"href":"https:\/\/www.monaco-tribune.com\/en\/wp-json\/wp\/v2\/comments?post=247820"}],"version-history":[{"count":2,"href":"https:\/\/www.monaco-tribune.com\/en\/wp-json\/wp\/v2\/posts\/247820\/revisions"}],"predecessor-version":[{"id":247823,"href":"https:\/\/www.monaco-tribune.com\/en\/wp-json\/wp\/v2\/posts\/247820\/revisions\/247823"}],"wp:featuredmedia":[{"embeddable":true,"href":"https:\/\/www.monaco-tribune.com\/en\/wp-json\/wp\/v2\/media\/245567"}],"wp:attachment":[{"href":"https:\/\/www.monaco-tribune.com\/en\/wp-json\/wp\/v2\/media?parent=247820"}],"wp:term":[{"taxonomy":"category","embeddable":true,"href":"https:\/\/www.monaco-tribune.com\/en\/wp-json\/wp\/v2\/categories?post=247820"},{"taxonomy":"post_tag","embeddable":true,"href":"https:\/\/www.monaco-tribune.com\/en\/wp-json\/wp\/v2\/tags?post=247820"},{"taxonomy":"sectag","embeddable":true,"href":"https:\/\/www.monaco-tribune.com\/en\/wp-json\/wp\/v2\/post_sectags?post=247820"},{"taxonomy":"format","embeddable":true,"href":"https:\/\/www.monaco-tribune.com\/en\/wp-json\/wp\/v2\/post_format?post=247820"}],"curies":[{"name":"wp","href":"https:\/\/api.w.org\/{rel}","templated":true}]}}