{"id":248643,"date":"2024-09-05T11:23:37","date_gmt":"2024-09-05T09:23:37","guid":{"rendered":"https:\/\/www.monaco-tribune.com\/2024\/09\/first-speech-for-new-minister-of-state-didier-guillaume-monaco-must-be-an-ethical-power\/"},"modified":"2024-09-05T12:12:11","modified_gmt":"2024-09-05T10:12:11","slug":"first-speech-for-new-minister-of-state-didier-guillaume-monaco-must-be-an-ethical-power","status":"publish","type":"post","link":"https:\/\/www.monaco-tribune.com\/en\/2024\/09\/first-speech-for-new-minister-of-state-didier-guillaume-monaco-must-be-an-ethical-power\/","title":{"rendered":"First speech for new Minister of State Didier Guillaume: Monaco must be &#8220;an ethical power&#8221;"},"content":{"rendered":"\n<p><strong>After his speech, Prince Albert II and the Minister of State visited the &#8216;Monaco Lib\u00e9r\u00e9!&#8217; exhibition and saw the new stamp with the effigy of General Frederick.<\/strong><\/p>\n\n<p>The day after <a href=\"https:\/\/www.monaco-tribune.com\/en\/2024\/09\/prince-albert-ii-and-princess-charlene-present-as-didier-guillaume-officially-takes-up-duties-as-new-minister-of-state\/\">officially taking office<\/a>, Didier Guillaume, Monaco&#8217;s new Minister of State, made his first public speech on Tuesday evening at the opening of the &#8216;Monaco Lib\u00e9r\u00e9! 3 septembre &#8211; 28 d\u00e9cembre 1944&#8217; exhibition, on the forecourt of the Ministry of State.<\/p>\n\n<p>In it he repeatedly demonstrated his determination to serve the Sovereign Prince and, by extension, the Principality, and was attended by a large audience of Monegasque officials and dignitaries including the President of the National Council, Thomas Brezzo, Government Ministers, the Ambassador of France, Jean d&#8217;Haussonville, US Ambassador Denise Campbell Bauer, the Mayor of Monaco, Georges Marsan, the Mayor of Beausoleil, G\u00e9rard Spinelli, and many others.<\/p>\n\n<h2 class=\"wp-block-heading\" id=\"h-un-engagement-fort-au-service-de-la-principaute\">A strong commitment to serving the Principality<\/h2>\n\n<p>Didier Guillaume began by expressing what an honour it was to be speaking for the first time as Minister of State, acknowledging the faith Prince Albert II had placed in him. <em>&#8220;I will apply all my determination and energy in your service, in the service of the Sovereign Prince, in the service of the beautiful country where I now have the good fortune to officiate,&#8221; <\/em>\u00a0he declared.<\/p>\n\n<p>He also shared his long-standing admiration for Monaco and its people: <em>&#8220;The Principality&#8217;s history has been built over the centuries by the vision of its sovereigns, who constantly strove to work and adapt to the changes in the world around it.&#8221;<\/em><\/p>\n\n<h2 class=\"wp-block-heading\" id=\"h-monaco-une-puissance-ethique-modele-de-paix\">Monaco: An ethical power, a model of peace<\/h2>\n\n<p><p style=\"font-weight: 400;\">Didier Guillaume echoed the words of Prince Albert II when he expressed a dream for Monaco in his maiden speech as Sovereign. <em>&#8220;I had a dream,&#8221; <\/em>\u00a0said the Minister of State, quoting the Prince&#8217;s wish to see Monaco become\u00a0 <em>&#8220;a country that creates models: a model of life, a model of development, a model of well-being, a model of peace.&#8221;<\/em> Didier Guillaume stressed his commitment to championing that vision, at the Prince&#8217;s side, to ensure that Monaco is <em>&#8220;an ethical power, a model power.&#8221;<\/em><\/p><\/p>\n<div class=\"wp-block-image\">\n<figure class=\"aligncenter size-large\"><img loading=\"lazy\" decoding=\"async\" width=\"1024\" height=\"683\" src=\"https:\/\/www.monaco-tribune.com\/wp-content\/uploads\/2024\/09\/discours-ministre-etat-didier-guillaume-monaco-libere-1024x683.jpg\" alt=\"discours-ministre-etat-didier-guillaume-monaco-libere\" class=\"wp-image-248528\" srcset=\"https:\/\/www.monaco-tribune.com\/wp-content\/uploads\/2024\/09\/discours-ministre-etat-didier-guillaume-monaco-libere-1024x683.jpg 1024w, https:\/\/www.monaco-tribune.com\/wp-content\/uploads\/2024\/09\/discours-ministre-etat-didier-guillaume-monaco-libere-450x300.jpg 450w, https:\/\/www.monaco-tribune.com\/wp-content\/uploads\/2024\/09\/discours-ministre-etat-didier-guillaume-monaco-libere.jpg 1200w\" sizes=\"auto, (max-width: 1024px) 100vw, 1024px\" \/><figcaption class=\"wp-element-caption\"><em>\u00a9 Communication Department \/ Fr\u00e9d\u00e9ric Nebinger<\/em><\/figcaption><\/figure>\n<\/div>\n<h2 class=\"wp-block-heading\" id=\"h-les-80-ans-de-la-liberation-de-monaco\">80th anniversary of Monaco&#8217;s liberation<\/h2>\n\n<p>The rest of his speech focused more on the exhibition he had come to open with Prince Albert II, inviting the Sovereign to <em>&#8220;inaugurate the exhibition in the lobby of the Ministry of State.&#8221;<\/em><\/p>\n\n<p class=\"related\"><a href=\"https:\/\/www.monaco-tribune.com\/en\/2024\/09\/prince-albert-ii-opens-monaco-libere-exhibition-an-instructive-insight-into-the-end-of-world-war-ii\/\">Prince Albert II opens &#8216;Monaco lib\u00e9r\u00e9!&#8217; exhibition, an instructive insight into the end of World War II<\/a><\/p>\n\n<p>The Minister of State praised the collaborative efforts of different institutions in organising the exhibition, in particular the <em>Mission de Pr\u00e9figuration des Archives Nationales<\/em>, the Palace Archives and the Audiovisual Institute. He expressed his gratitude to the exhibition&#8217;s curators for their remarkable work, which has <em>&#8220;rekindled the memory of historical events that are largely unfamiliar, particularly to the younger generations.&#8221;<\/em><\/p>\n\n<p>Didier Guillaume stressed the importance of preserving history, particularly for younger generations who<em>\u00a0&#8220;must take up the baton so that history&#8217;s flame does not dim, will never dim,&#8221; <\/em>he urged.<\/p>\n\n<p>Didier Guillaume concluded his speech by inviting the dignitaries present to visit the exhibition before asking Prince Albert II to join him and showing him <em>&#8220;the stamp bearing the effigy of General Frederick, issued by the Principality&#8217;s Stamp Office.&#8221; <\/em><\/p>\n","protected":false},"excerpt":{"rendered":"<p>After his speech, Prince Albert II and the Minister of State visited the &#8216;Monaco Lib\u00e9r\u00e9!&#8217; exhibition and saw the new [&hellip;]<\/p>\n","protected":false},"author":66,"featured_media":248525,"comment_status":"closed","ping_status":"closed","sticky":false,"template":"","format":"standard","meta":{"_acf_changed":false,"footnotes":""},"categories":[1825,243,258],"tags":[2949],"post_sectags":[],"post_format":[2468],"class_list":["post-248643","post","type-post","status-publish","format-standard","has-post-thumbnail","hentry","category-editors-choice","category-news","category-public-life","tag-politics-en","format-story"],"acf":[],"yoast_head":"<!-- This site is optimized with the Yoast SEO Premium plugin v26.8 (Yoast SEO v27.5) - https:\/\/yoast.com\/product\/yoast-seo-premium-wordpress\/ -->\n<title>First speech for new Minister of State Didier Guillaume: Monaco must be &quot;an ethical power&quot;<\/title>\n<meta name=\"description\" content=\"After his speech, Prince Albert II and the Minister of State visited the &#039;Monaco Lib\u00e9r\u00e9!&#039; exhibition and saw the new stamp with the effigy of General\" \/>\n<meta name=\"robots\" content=\"index, follow, max-snippet:-1, max-image-preview:large, max-video-preview:-1\" \/>\n<link rel=\"canonical\" href=\"https:\/\/www.monaco-tribune.com\/en\/2024\/09\/first-speech-for-new-minister-of-state-didier-guillaume-monaco-must-be-an-ethical-power\/\" \/>\n<meta property=\"og:locale\" content=\"en_US\" \/>\n<meta property=\"og:type\" content=\"article\" \/>\n<meta property=\"og:title\" content=\"First speech for new Minister of State Didier Guillaume: Monaco must be &quot;an ethical power&quot; - Monaco Tribune\" \/>\n<meta property=\"og:description\" content=\"After his speech, Prince Albert II and the Minister of State visited the &#039;Monaco Lib\u00e9r\u00e9!&#039; exhibition and saw the new stamp with the effigy of General\" \/>\n<meta property=\"og:url\" content=\"https:\/\/www.monaco-tribune.com\/en\/2024\/09\/first-speech-for-new-minister-of-state-didier-guillaume-monaco-must-be-an-ethical-power\/\" \/>\n<meta property=\"og:site_name\" content=\"Monaco Tribune\" \/>\n<meta property=\"article:publisher\" content=\"https:\/\/www.facebook.com\/MonacoTribune\" \/>\n<meta property=\"article:published_time\" content=\"2024-09-05T09:23:37+00:00\" \/>\n<meta property=\"article:modified_time\" content=\"2024-09-05T10:12:11+00:00\" \/>\n<meta property=\"og:image\" content=\"https:\/\/www.monaco-tribune.com\/wp-content\/uploads\/2024\/09\/premier-discours-didier-guillaume-ministre-etat-monaco.jpg\" \/>\n\t<meta property=\"og:image:width\" content=\"1200\" \/>\n\t<meta property=\"og:image:height\" content=\"800\" \/>\n\t<meta property=\"og:image:type\" content=\"image\/jpeg\" \/>\n<meta name=\"author\" content=\"Th\u00e9o Briand\" \/>\n<meta name=\"twitter:card\" content=\"summary_large_image\" \/>\n<meta name=\"twitter:creator\" content=\"@MonacoTribune\" \/>\n<meta name=\"twitter:site\" content=\"@MonacoTribune\" \/>\n<script type=\"application\/ld+json\" class=\"yoast-schema-graph\">{\"@context\":\"https:\\\/\\\/schema.org\",\"@graph\":[{\"@type\":\"NewsArticle\",\"@id\":\"https:\\\/\\\/www.monaco-tribune.com\\\/en\\\/2024\\\/09\\\/first-speech-for-new-minister-of-state-didier-guillaume-monaco-must-be-an-ethical-power\\\/#article\",\"isPartOf\":{\"@id\":\"https:\\\/\\\/www.monaco-tribune.com\\\/en\\\/2024\\\/09\\\/first-speech-for-new-minister-of-state-didier-guillaume-monaco-must-be-an-ethical-power\\\/\"},\"author\":{\"name\":\"Th\u00e9o Briand\",\"@id\":\"https:\\\/\\\/www.monaco-tribune.com\\\/en\\\/#\\\/schema\\\/person\\\/94fb5723547bd83dea1eed97e25145aa\"},\"headline\":\"First speech for new Minister of State Didier Guillaume: Monaco must be &#8220;an ethical power&#8221;\",\"datePublished\":\"2024-09-05T09:23:37+00:00\",\"dateModified\":\"2024-09-05T10:12:11+00:00\",\"mainEntityOfPage\":{\"@id\":\"https:\\\/\\\/www.monaco-tribune.com\\\/en\\\/2024\\\/09\\\/first-speech-for-new-minister-of-state-didier-guillaume-monaco-must-be-an-ethical-power\\\/\"},\"wordCount\":561,\"publisher\":{\"@id\":\"https:\\\/\\\/www.monaco-tribune.com\\\/en\\\/#organization\"},\"image\":{\"@id\":\"https:\\\/\\\/www.monaco-tribune.com\\\/en\\\/2024\\\/09\\\/first-speech-for-new-minister-of-state-didier-guillaume-monaco-must-be-an-ethical-power\\\/#primaryimage\"},\"thumbnailUrl\":\"https:\\\/\\\/www.monaco-tribune.com\\\/wp-content\\\/uploads\\\/2024\\\/09\\\/premier-discours-didier-guillaume-ministre-etat-monaco.jpg\",\"keywords\":[\"Politics\"],\"articleSection\":[\"Editor&#039;s choice\",\"News\",\"Society\"],\"inLanguage\":\"en-US\",\"copyrightYear\":\"2024\",\"copyrightHolder\":{\"@id\":\"https:\\\/\\\/www.monaco-tribune.com\\\/#organization\"}},{\"@type\":\"WebPage\",\"@id\":\"https:\\\/\\\/www.monaco-tribune.com\\\/en\\\/2024\\\/09\\\/first-speech-for-new-minister-of-state-didier-guillaume-monaco-must-be-an-ethical-power\\\/\",\"url\":\"https:\\\/\\\/www.monaco-tribune.com\\\/en\\\/2024\\\/09\\\/first-speech-for-new-minister-of-state-didier-guillaume-monaco-must-be-an-ethical-power\\\/\",\"name\":\"First speech for new Minister of State Didier Guillaume: Monaco must be \\\"an ethical power\\\"\",\"isPartOf\":{\"@id\":\"https:\\\/\\\/www.monaco-tribune.com\\\/en\\\/#website\"},\"primaryImageOfPage\":{\"@id\":\"https:\\\/\\\/www.monaco-tribune.com\\\/en\\\/2024\\\/09\\\/first-speech-for-new-minister-of-state-didier-guillaume-monaco-must-be-an-ethical-power\\\/#primaryimage\"},\"image\":{\"@id\":\"https:\\\/\\\/www.monaco-tribune.com\\\/en\\\/2024\\\/09\\\/first-speech-for-new-minister-of-state-didier-guillaume-monaco-must-be-an-ethical-power\\\/#primaryimage\"},\"thumbnailUrl\":\"https:\\\/\\\/www.monaco-tribune.com\\\/wp-content\\\/uploads\\\/2024\\\/09\\\/premier-discours-didier-guillaume-ministre-etat-monaco.jpg\",\"datePublished\":\"2024-09-05T09:23:37+00:00\",\"dateModified\":\"2024-09-05T10:12:11+00:00\",\"description\":\"After his speech, Prince Albert II and the Minister of State visited the 'Monaco Lib\u00e9r\u00e9!' exhibition and saw the new stamp with the effigy of General\",\"breadcrumb\":{\"@id\":\"https:\\\/\\\/www.monaco-tribune.com\\\/en\\\/2024\\\/09\\\/first-speech-for-new-minister-of-state-didier-guillaume-monaco-must-be-an-ethical-power\\\/#breadcrumb\"},\"inLanguage\":\"en-US\",\"potentialAction\":[{\"@type\":\"ReadAction\",\"target\":[\"https:\\\/\\\/www.monaco-tribune.com\\\/en\\\/2024\\\/09\\\/first-speech-for-new-minister-of-state-didier-guillaume-monaco-must-be-an-ethical-power\\\/\"]}]},{\"@type\":\"ImageObject\",\"inLanguage\":\"en-US\",\"@id\":\"https:\\\/\\\/www.monaco-tribune.com\\\/en\\\/2024\\\/09\\\/first-speech-for-new-minister-of-state-didier-guillaume-monaco-must-be-an-ethical-power\\\/#primaryimage\",\"url\":\"https:\\\/\\\/www.monaco-tribune.com\\\/wp-content\\\/uploads\\\/2024\\\/09\\\/premier-discours-didier-guillaume-ministre-etat-monaco.jpg\",\"contentUrl\":\"https:\\\/\\\/www.monaco-tribune.com\\\/wp-content\\\/uploads\\\/2024\\\/09\\\/premier-discours-didier-guillaume-ministre-etat-monaco.jpg\",\"width\":1200,\"height\":800,\"caption\":\"The Minister of State stated that he would put \\\"all his determination and energy into serving the Sovereign Prince\\\" \u00a9 Communication Department \\\/ Fr\u00e9d\u00e9ric Nebinger\"},{\"@type\":\"BreadcrumbList\",\"@id\":\"https:\\\/\\\/www.monaco-tribune.com\\\/en\\\/2024\\\/09\\\/first-speech-for-new-minister-of-state-didier-guillaume-monaco-must-be-an-ethical-power\\\/#breadcrumb\",\"itemListElement\":[{\"@type\":\"ListItem\",\"position\":1,\"name\":\"Accueil\",\"item\":\"https:\\\/\\\/www.monaco-tribune.com\\\/en\\\/\"},{\"@type\":\"ListItem\",\"position\":2,\"name\":\"First speech for new Minister of State Didier Guillaume: Monaco must be &#8220;an ethical power&#8221;\"}]},{\"@type\":\"WebSite\",\"@id\":\"https:\\\/\\\/www.monaco-tribune.com\\\/en\\\/#website\",\"url\":\"https:\\\/\\\/www.monaco-tribune.com\\\/en\\\/\",\"name\":\"Monaco Tribune\",\"description\":\"Monaco : actualit\u00e9s \u00e9conomiques, politiques, culturelles et sportives de Monaco et de la French Riviera.\",\"publisher\":{\"@id\":\"https:\\\/\\\/www.monaco-tribune.com\\\/en\\\/#organization\"},\"potentialAction\":[{\"@type\":\"SearchAction\",\"target\":{\"@type\":\"EntryPoint\",\"urlTemplate\":\"https:\\\/\\\/www.monaco-tribune.com\\\/en\\\/?s={search_term_string}\"},\"query-input\":{\"@type\":\"PropertyValueSpecification\",\"valueRequired\":true,\"valueName\":\"search_term_string\"}}],\"inLanguage\":\"en-US\"},{\"@type\":\"Organization\",\"@id\":\"https:\\\/\\\/www.monaco-tribune.com\\\/en\\\/#organization\",\"name\":\"Monaco Tribune\",\"url\":\"https:\\\/\\\/www.monaco-tribune.com\\\/en\\\/\",\"logo\":{\"@type\":\"ImageObject\",\"inLanguage\":\"en-US\",\"@id\":\"https:\\\/\\\/www.monaco-tribune.com\\\/en\\\/#\\\/schema\\\/logo\\\/image\\\/\",\"url\":\"https:\\\/\\\/www.monaco-tribune.com\\\/wp-content\\\/uploads\\\/2022\\\/11\\\/logo-monaco-tribune.png\",\"contentUrl\":\"https:\\\/\\\/www.monaco-tribune.com\\\/wp-content\\\/uploads\\\/2022\\\/11\\\/logo-monaco-tribune.png\",\"width\":1548,\"height\":600,\"caption\":\"Monaco Tribune\"},\"image\":{\"@id\":\"https:\\\/\\\/www.monaco-tribune.com\\\/en\\\/#\\\/schema\\\/logo\\\/image\\\/\"},\"sameAs\":[\"https:\\\/\\\/www.facebook.com\\\/MonacoTribune\",\"https:\\\/\\\/x.com\\\/MonacoTribune\",\"https:\\\/\\\/www.instagram.com\\\/monacotribune\\\/\",\"https:\\\/\\\/www.linkedin.com\\\/company\\\/monaco-tribune\",\"https:\\\/\\\/www.youtube.com\\\/channel\\\/UCHle1MnG6hw1y4lWKijVbMA\"]},{\"@type\":\"Person\",\"@id\":\"https:\\\/\\\/www.monaco-tribune.com\\\/en\\\/#\\\/schema\\\/person\\\/94fb5723547bd83dea1eed97e25145aa\",\"name\":\"Th\u00e9o Briand\",\"image\":{\"@type\":\"ImageObject\",\"inLanguage\":\"en-US\",\"@id\":\"https:\\\/\\\/secure.gravatar.com\\\/avatar\\\/1c02cfd8b8054d8c376f9a942a1dc4dbacfd8ba5e6f8dbb5e16f4aa3d281972a?s=96&d=mm&r=g\",\"url\":\"https:\\\/\\\/secure.gravatar.com\\\/avatar\\\/1c02cfd8b8054d8c376f9a942a1dc4dbacfd8ba5e6f8dbb5e16f4aa3d281972a?s=96&d=mm&r=g\",\"contentUrl\":\"https:\\\/\\\/secure.gravatar.com\\\/avatar\\\/1c02cfd8b8054d8c376f9a942a1dc4dbacfd8ba5e6f8dbb5e16f4aa3d281972a?s=96&d=mm&r=g\",\"caption\":\"Th\u00e9o Briand\"},\"url\":\"https:\\\/\\\/www.monaco-tribune.com\\\/en\\\/author\\\/theobriand\\\/\"}]}<\/script>\n<!-- \/ Yoast SEO Premium plugin. -->","yoast_head_json":{"title":"First speech for new Minister of State Didier Guillaume: Monaco must be \"an ethical power\"","description":"After his speech, Prince Albert II and the Minister of State visited the 'Monaco Lib\u00e9r\u00e9!' exhibition and saw the new stamp with the effigy of General","robots":{"index":"index","follow":"follow","max-snippet":"max-snippet:-1","max-image-preview":"max-image-preview:large","max-video-preview":"max-video-preview:-1"},"canonical":"https:\/\/www.monaco-tribune.com\/en\/2024\/09\/first-speech-for-new-minister-of-state-didier-guillaume-monaco-must-be-an-ethical-power\/","og_locale":"en_US","og_type":"article","og_title":"First speech for new Minister of State Didier Guillaume: Monaco must be \"an ethical power\" - Monaco Tribune","og_description":"After his speech, Prince Albert II and the Minister of State visited the 'Monaco Lib\u00e9r\u00e9!' exhibition and saw the new stamp with the effigy of General","og_url":"https:\/\/www.monaco-tribune.com\/en\/2024\/09\/first-speech-for-new-minister-of-state-didier-guillaume-monaco-must-be-an-ethical-power\/","og_site_name":"Monaco Tribune","article_publisher":"https:\/\/www.facebook.com\/MonacoTribune","article_published_time":"2024-09-05T09:23:37+00:00","article_modified_time":"2024-09-05T10:12:11+00:00","og_image":[{"width":1200,"height":800,"url":"https:\/\/www.monaco-tribune.com\/wp-content\/uploads\/2024\/09\/premier-discours-didier-guillaume-ministre-etat-monaco.jpg","type":"image\/jpeg"}],"author":"Th\u00e9o Briand","twitter_card":"summary_large_image","twitter_creator":"@MonacoTribune","twitter_site":"@MonacoTribune","schema":{"@context":"https:\/\/schema.org","@graph":[{"@type":"NewsArticle","@id":"https:\/\/www.monaco-tribune.com\/en\/2024\/09\/first-speech-for-new-minister-of-state-didier-guillaume-monaco-must-be-an-ethical-power\/#article","isPartOf":{"@id":"https:\/\/www.monaco-tribune.com\/en\/2024\/09\/first-speech-for-new-minister-of-state-didier-guillaume-monaco-must-be-an-ethical-power\/"},"author":{"name":"Th\u00e9o Briand","@id":"https:\/\/www.monaco-tribune.com\/en\/#\/schema\/person\/94fb5723547bd83dea1eed97e25145aa"},"headline":"First speech for new Minister of State Didier Guillaume: Monaco must be &#8220;an ethical power&#8221;","datePublished":"2024-09-05T09:23:37+00:00","dateModified":"2024-09-05T10:12:11+00:00","mainEntityOfPage":{"@id":"https:\/\/www.monaco-tribune.com\/en\/2024\/09\/first-speech-for-new-minister-of-state-didier-guillaume-monaco-must-be-an-ethical-power\/"},"wordCount":561,"publisher":{"@id":"https:\/\/www.monaco-tribune.com\/en\/#organization"},"image":{"@id":"https:\/\/www.monaco-tribune.com\/en\/2024\/09\/first-speech-for-new-minister-of-state-didier-guillaume-monaco-must-be-an-ethical-power\/#primaryimage"},"thumbnailUrl":"https:\/\/www.monaco-tribune.com\/wp-content\/uploads\/2024\/09\/premier-discours-didier-guillaume-ministre-etat-monaco.jpg","keywords":["Politics"],"articleSection":["Editor&#039;s choice","News","Society"],"inLanguage":"en-US","copyrightYear":"2024","copyrightHolder":{"@id":"https:\/\/www.monaco-tribune.com\/#organization"}},{"@type":"WebPage","@id":"https:\/\/www.monaco-tribune.com\/en\/2024\/09\/first-speech-for-new-minister-of-state-didier-guillaume-monaco-must-be-an-ethical-power\/","url":"https:\/\/www.monaco-tribune.com\/en\/2024\/09\/first-speech-for-new-minister-of-state-didier-guillaume-monaco-must-be-an-ethical-power\/","name":"First speech for new Minister of State Didier Guillaume: Monaco must be \"an ethical power\"","isPartOf":{"@id":"https:\/\/www.monaco-tribune.com\/en\/#website"},"primaryImageOfPage":{"@id":"https:\/\/www.monaco-tribune.com\/en\/2024\/09\/first-speech-for-new-minister-of-state-didier-guillaume-monaco-must-be-an-ethical-power\/#primaryimage"},"image":{"@id":"https:\/\/www.monaco-tribune.com\/en\/2024\/09\/first-speech-for-new-minister-of-state-didier-guillaume-monaco-must-be-an-ethical-power\/#primaryimage"},"thumbnailUrl":"https:\/\/www.monaco-tribune.com\/wp-content\/uploads\/2024\/09\/premier-discours-didier-guillaume-ministre-etat-monaco.jpg","datePublished":"2024-09-05T09:23:37+00:00","dateModified":"2024-09-05T10:12:11+00:00","description":"After his speech, Prince Albert II and the Minister of State visited the 'Monaco Lib\u00e9r\u00e9!' exhibition and saw the new stamp with the effigy of General","breadcrumb":{"@id":"https:\/\/www.monaco-tribune.com\/en\/2024\/09\/first-speech-for-new-minister-of-state-didier-guillaume-monaco-must-be-an-ethical-power\/#breadcrumb"},"inLanguage":"en-US","potentialAction":[{"@type":"ReadAction","target":["https:\/\/www.monaco-tribune.com\/en\/2024\/09\/first-speech-for-new-minister-of-state-didier-guillaume-monaco-must-be-an-ethical-power\/"]}]},{"@type":"ImageObject","inLanguage":"en-US","@id":"https:\/\/www.monaco-tribune.com\/en\/2024\/09\/first-speech-for-new-minister-of-state-didier-guillaume-monaco-must-be-an-ethical-power\/#primaryimage","url":"https:\/\/www.monaco-tribune.com\/wp-content\/uploads\/2024\/09\/premier-discours-didier-guillaume-ministre-etat-monaco.jpg","contentUrl":"https:\/\/www.monaco-tribune.com\/wp-content\/uploads\/2024\/09\/premier-discours-didier-guillaume-ministre-etat-monaco.jpg","width":1200,"height":800,"caption":"The Minister of State stated that he would put \"all his determination and energy into serving the Sovereign Prince\" \u00a9 Communication Department \/ Fr\u00e9d\u00e9ric Nebinger"},{"@type":"BreadcrumbList","@id":"https:\/\/www.monaco-tribune.com\/en\/2024\/09\/first-speech-for-new-minister-of-state-didier-guillaume-monaco-must-be-an-ethical-power\/#breadcrumb","itemListElement":[{"@type":"ListItem","position":1,"name":"Accueil","item":"https:\/\/www.monaco-tribune.com\/en\/"},{"@type":"ListItem","position":2,"name":"First speech for new Minister of State Didier Guillaume: Monaco must be &#8220;an ethical power&#8221;"}]},{"@type":"WebSite","@id":"https:\/\/www.monaco-tribune.com\/en\/#website","url":"https:\/\/www.monaco-tribune.com\/en\/","name":"Monaco Tribune","description":"Monaco : actualit\u00e9s \u00e9conomiques, politiques, culturelles et sportives de Monaco et de la French Riviera.","publisher":{"@id":"https:\/\/www.monaco-tribune.com\/en\/#organization"},"potentialAction":[{"@type":"SearchAction","target":{"@type":"EntryPoint","urlTemplate":"https:\/\/www.monaco-tribune.com\/en\/?s={search_term_string}"},"query-input":{"@type":"PropertyValueSpecification","valueRequired":true,"valueName":"search_term_string"}}],"inLanguage":"en-US"},{"@type":"Organization","@id":"https:\/\/www.monaco-tribune.com\/en\/#organization","name":"Monaco Tribune","url":"https:\/\/www.monaco-tribune.com\/en\/","logo":{"@type":"ImageObject","inLanguage":"en-US","@id":"https:\/\/www.monaco-tribune.com\/en\/#\/schema\/logo\/image\/","url":"https:\/\/www.monaco-tribune.com\/wp-content\/uploads\/2022\/11\/logo-monaco-tribune.png","contentUrl":"https:\/\/www.monaco-tribune.com\/wp-content\/uploads\/2022\/11\/logo-monaco-tribune.png","width":1548,"height":600,"caption":"Monaco Tribune"},"image":{"@id":"https:\/\/www.monaco-tribune.com\/en\/#\/schema\/logo\/image\/"},"sameAs":["https:\/\/www.facebook.com\/MonacoTribune","https:\/\/x.com\/MonacoTribune","https:\/\/www.instagram.com\/monacotribune\/","https:\/\/www.linkedin.com\/company\/monaco-tribune","https:\/\/www.youtube.com\/channel\/UCHle1MnG6hw1y4lWKijVbMA"]},{"@type":"Person","@id":"https:\/\/www.monaco-tribune.com\/en\/#\/schema\/person\/94fb5723547bd83dea1eed97e25145aa","name":"Th\u00e9o Briand","image":{"@type":"ImageObject","inLanguage":"en-US","@id":"https:\/\/secure.gravatar.com\/avatar\/1c02cfd8b8054d8c376f9a942a1dc4dbacfd8ba5e6f8dbb5e16f4aa3d281972a?s=96&d=mm&r=g","url":"https:\/\/secure.gravatar.com\/avatar\/1c02cfd8b8054d8c376f9a942a1dc4dbacfd8ba5e6f8dbb5e16f4aa3d281972a?s=96&d=mm&r=g","contentUrl":"https:\/\/secure.gravatar.com\/avatar\/1c02cfd8b8054d8c376f9a942a1dc4dbacfd8ba5e6f8dbb5e16f4aa3d281972a?s=96&d=mm&r=g","caption":"Th\u00e9o Briand"},"url":"https:\/\/www.monaco-tribune.com\/en\/author\/theobriand\/"}]}},"_links":{"self":[{"href":"https:\/\/www.monaco-tribune.com\/en\/wp-json\/wp\/v2\/posts\/248643","targetHints":{"allow":["GET"]}}],"collection":[{"href":"https:\/\/www.monaco-tribune.com\/en\/wp-json\/wp\/v2\/posts"}],"about":[{"href":"https:\/\/www.monaco-tribune.com\/en\/wp-json\/wp\/v2\/types\/post"}],"author":[{"embeddable":true,"href":"https:\/\/www.monaco-tribune.com\/en\/wp-json\/wp\/v2\/users\/66"}],"replies":[{"embeddable":true,"href":"https:\/\/www.monaco-tribune.com\/en\/wp-json\/wp\/v2\/comments?post=248643"}],"version-history":[{"count":2,"href":"https:\/\/www.monaco-tribune.com\/en\/wp-json\/wp\/v2\/posts\/248643\/revisions"}],"predecessor-version":[{"id":248700,"href":"https:\/\/www.monaco-tribune.com\/en\/wp-json\/wp\/v2\/posts\/248643\/revisions\/248700"}],"wp:featuredmedia":[{"embeddable":true,"href":"https:\/\/www.monaco-tribune.com\/en\/wp-json\/wp\/v2\/media\/248525"}],"wp:attachment":[{"href":"https:\/\/www.monaco-tribune.com\/en\/wp-json\/wp\/v2\/media?parent=248643"}],"wp:term":[{"taxonomy":"category","embeddable":true,"href":"https:\/\/www.monaco-tribune.com\/en\/wp-json\/wp\/v2\/categories?post=248643"},{"taxonomy":"post_tag","embeddable":true,"href":"https:\/\/www.monaco-tribune.com\/en\/wp-json\/wp\/v2\/tags?post=248643"},{"taxonomy":"sectag","embeddable":true,"href":"https:\/\/www.monaco-tribune.com\/en\/wp-json\/wp\/v2\/post_sectags?post=248643"},{"taxonomy":"format","embeddable":true,"href":"https:\/\/www.monaco-tribune.com\/en\/wp-json\/wp\/v2\/post_format?post=248643"}],"curies":[{"name":"wp","href":"https:\/\/api.w.org\/{rel}","templated":true}]}}