{"id":250886,"date":"2024-09-18T15:02:58","date_gmt":"2024-09-18T13:02:58","guid":{"rendered":"https:\/\/www.monaco-tribune.com\/2024\/09\/as-monaco-basket-the-goal-is-to-win-everything\/"},"modified":"2024-09-18T15:11:19","modified_gmt":"2024-09-18T13:11:19","slug":"as-monaco-basket-the-goal-is-to-win-everything","status":"publish","type":"post","link":"https:\/\/www.monaco-tribune.com\/en\/2024\/09\/as-monaco-basket-the-goal-is-to-win-everything\/","title":{"rendered":"AS Monaco Basket: &#8220;The goal is to win everything&#8221;"},"content":{"rendered":"\n<p><strong>AS Monaco Basket set out its ambitions for the 2024-2025 season at its start-of-season press conference. Under the leadership of coach Sa\u0161a Obradovi\u0107, the Roca Team is aiming high, with clear objectives: to dominate in France and conquer the EuroLeague. With a balance of stability and new recruits, the club is ready for the new challenges ahead<\/strong>.<\/p>\n\n<p>AS Monaco Basket launched its 2024-2025 season with a memorable press conference at the Automobile Club de Monaco&#8217;s premises. President Aleksej Fedoricsev, Executive Director Oleksiy Yefimov and Coach Sa\u0161a Obradovi\u0107 were joined by three key players: Elie Okobo, Donatas Motiej\u016bnas, and new signing Nick Calathes.<\/p>\n\n<p><em>&#8220;Stability is really the key word,&#8221;<\/em> said Mr Fedoricsev to describe the AS Monaco Basket mindset.\u00a0<em>&#8220;I want us to confirm the position we&#8217;ve held for the last three seasons. The most important thing is to remain stable. We need to maintain our strong energy, because that&#8217;s what allows us to win,&#8221; <\/em>the Roca Team President explained.<\/p>\n\n<p>The Executive Director was equally confident: <em>&#8220;We have to dominate in France, that&#8217;s the goal. We have all the capabilities to make it happen.&#8221;<\/em><\/p>\n<div class=\"wp-block-image\">\n<figure class=\"aligncenter size-large\"><img loading=\"lazy\" decoding=\"async\" width=\"1024\" height=\"683\" src=\"https:\/\/www.monaco-tribune.com\/wp-content\/uploads\/2024\/09\/conference-de-presse-de-rentree-as-monaco-basket4-1024x683.jpg\" alt=\"\" class=\"wp-image-250707\" srcset=\"https:\/\/www.monaco-tribune.com\/wp-content\/uploads\/2024\/09\/conference-de-presse-de-rentree-as-monaco-basket4-1024x683.jpg 1024w, https:\/\/www.monaco-tribune.com\/wp-content\/uploads\/2024\/09\/conference-de-presse-de-rentree-as-monaco-basket4-450x300.jpg 450w, https:\/\/www.monaco-tribune.com\/wp-content\/uploads\/2024\/09\/conference-de-presse-de-rentree-as-monaco-basket4.jpg 1200w\" sizes=\"auto, (max-width: 1024px) 100vw, 1024px\" \/><figcaption class=\"wp-element-caption\"><em>\u00a9 Communication department<\/em><\/figcaption><\/figure>\n<\/div>\n<h2 class=\"wp-block-heading\" id=\"h-direction-les-sommets-de-l-europe\">Heading for European heights<\/h2>\n\n<p>The Roca Team will start its European campaign against Olimpia Milan on 3 October. The game will kick off a challenging season in the EuroLeague, which promises to be an even tougher competition than last year. For Sa\u0161a Obradovi\u0107, the objective is clear: <em>&#8220;We have to do better than last year, while staying true to ourselves.&#8221;<\/em><\/p>\n\n<p>Despite beating Valencia Basket 93-100 in their final pre-season warm-up, the Monegasque coach is not satisfied: <em>&#8220;Honestly, I&#8217;m not happy with the pre-season games because we weren&#8217;t able to practice things together. We only had eight players. I still haven&#8217;t seen what this team really looks like,&#8221; <\/em>he said, regretting a preparation phase cut short by injuries and the absence of some key players who were involved in the Olympic Games.<\/p>\n\n<p>Still, Obradovi\u0107 remains determined to push his men to the limit and approach the new season with ambition.<\/p>\n\n<h2 class=\"wp-block-heading\" id=\"h-nick-calathes-la-recrue-pepite\">Nick Calathes, a gem of a summer signing<\/h2>\n\n<p>The arrival of Nick Calathes, former point guard with the Greek national team and EuroLeague veteran, is a real coup for the Roca Team. Calathes, who expressed his enthusiasm at the prospect of playing for Monaco, shared his ambitions: <em>&#8220;Playing for Monaco is an incredible opportunity. My goal is to win the EuroLeague.&#8221;<\/em><\/p>\n\n<p>Used to major competitions, he will be bringing his experience to move up a gear: <em>&#8220;I&#8217;ve been in every possible situation as a player. I think I&#8217;m handling the team well and that I can help it to go even farther.<\/em><\/p>\n<div class=\"wp-block-image\">\n<figure class=\"aligncenter size-large\"><img loading=\"lazy\" decoding=\"async\" width=\"1024\" height=\"683\" src=\"https:\/\/www.monaco-tribune.com\/wp-content\/uploads\/2024\/09\/conference-de-presse-de-rentree-as-monaco-basket-1024x683.jpg\" alt=\"\" class=\"wp-image-250712\" srcset=\"https:\/\/www.monaco-tribune.com\/wp-content\/uploads\/2024\/09\/conference-de-presse-de-rentree-as-monaco-basket-1024x683.jpg 1024w, https:\/\/www.monaco-tribune.com\/wp-content\/uploads\/2024\/09\/conference-de-presse-de-rentree-as-monaco-basket-450x300.jpg 450w, https:\/\/www.monaco-tribune.com\/wp-content\/uploads\/2024\/09\/conference-de-presse-de-rentree-as-monaco-basket.jpg 1200w\" sizes=\"auto, (max-width: 1024px) 100vw, 1024px\" \/><figcaption class=\"wp-element-caption\"><em>Nick Calathes, Roca Team&#8217;s point guard \u00a9 Communication Department<\/em><\/figcaption><\/figure>\n<\/div>\n<h2 class=\"wp-block-heading\" id=\"h-okobo-et-motiejunas-la-continuite-au-service-de-l-excellence\">Okobo and Motiej\u016bnas, continuity aiming for excellence<\/h2>\n\n<p>Elie Okobo, a pillar of the Roca Team for the last three seasons, is also ready to take on this year&#8217;s challenges.\u00a0<em>&#8220;The goal is to win everything. We&#8217;re competitors, we want to lift trophies, we want to smile and drink champagne at the end,&#8221; <\/em>he declared with determination. The shooting guard, who is mid-preparations, is aiming to reach the summit of the EuroLeague and wants to win trophies in France: <em>&#8220;Every match will be like a final. There&#8217;s no room for error. I&#8217;m determined to win it all.&#8221;<\/em><\/p>\n\n<p>As for Donatas Motiej\u016bnas, the team&#8217;s centre since its EuroLeague debut, is proud of how far the club has come: <em>&#8220;It&#8217;s really beautiful to see how we&#8217;ve grown and evolved. We&#8217;re a special team, a special club, and we&#8217;ve got the heart it takes to keep improving.&#8221;<\/em><\/p>\n\n<p>The Lithuanian is ambitious and confident: <em>&#8220;We lost two cups last year, but this year we need to go after the titles that have eluded us. It&#8217;s not always easy given the number of games,\u00a0 the ups and downs, but our approach remains the same and we&#8217;re going to give 100% to reach our goals. The fans expect the best and that&#8217;s what we&#8217;re going to give them,&#8221;<\/em> he said.<\/p>\n<div class=\"wp-block-image\">\n<figure class=\"aligncenter size-large is-resized\"><img loading=\"lazy\" decoding=\"async\" width=\"1024\" height=\"683\" src=\"https:\/\/www.monaco-tribune.com\/wp-content\/uploads\/2024\/09\/conference-de-presse-de-rentree-as-monaco-basket6-1024x683.jpg\" alt=\"\" class=\"wp-image-250718\" style=\"width:969px;height:auto\" srcset=\"https:\/\/www.monaco-tribune.com\/wp-content\/uploads\/2024\/09\/conference-de-presse-de-rentree-as-monaco-basket6-1024x683.jpg 1024w, https:\/\/www.monaco-tribune.com\/wp-content\/uploads\/2024\/09\/conference-de-presse-de-rentree-as-monaco-basket6-450x300.jpg 450w, https:\/\/www.monaco-tribune.com\/wp-content\/uploads\/2024\/09\/conference-de-presse-de-rentree-as-monaco-basket6.jpg 1200w\" sizes=\"auto, (max-width: 1024px) 100vw, 1024px\" \/><figcaption class=\"wp-element-caption\"><em>The three players who attended &#8211; Donatas Motiej\u016bnas, Elie Okobo and Nick Calathes \u00a9 Communications department<\/em><\/figcaption><\/figure>\n<\/div>\n<h2 class=\"wp-block-heading\" id=\"h-un-nouveau-maillot-de-grands-sponsors-et-de-belles-promesses\">A new vest, major sponsors and big promises<\/h2>\n\n<p>The press conference was also an opportunity to reveal the prestigious new vest for the 24-25 season: a black and gold model, with modernised lettering, to reflect the team&#8217;s strength and elegance. The club also announced its continued partnership with <a href=\"https:\/\/www.monaco-tribune.com\/2023\/09\/le-groupe-michel-pastor-devient-partenaire-premium-de-las-monaco-basket\/\">Groupe Michel Pastor<\/a> (GMP), Monaco&#8217;s leading property company.<\/p>\n\n<p>This partnership, a second season as the team&#8217;s Premium partner, is based on shared values such as excellence, dedication and community spirit. <em>&#8220;We are proud to continue on our journey with the Michel Pastor Group,&#8221;<\/em> said Managing Director Oleksiy Yefimov. He added: <em>&#8220;Both organisations are driven by a vision of excellence, not only in sport and business, but also for the wider Monegasque community. The continued involvement of such a prestigious partner underlines the club&#8217;s growing importance as a symbol of unity and national pride.&#8221;<\/em><\/p>\n\n<p>With clear ambitions and an increasingly strong squad, AS Monaco Basket is determined to make history this season. In Europe and in France, the Roca Team knows that every match will count, and the players are ready to rise to the challenge, driven by a single desire: to win. <em>Daghe M\u00f9negu!<\/em><\/p>\n<div class=\"wp-block-image\">\n<figure class=\"aligncenter size-large is-resized\"><img loading=\"lazy\" decoding=\"async\" width=\"1024\" height=\"683\" src=\"https:\/\/www.monaco-tribune.com\/wp-content\/uploads\/2024\/09\/conference-de-presse-de-rentree-as-monaco-basket5-1024x683.jpg\" alt=\"\" class=\"wp-image-250722\" style=\"width:968px;height:auto\" srcset=\"https:\/\/www.monaco-tribune.com\/wp-content\/uploads\/2024\/09\/conference-de-presse-de-rentree-as-monaco-basket5-1024x683.jpg 1024w, https:\/\/www.monaco-tribune.com\/wp-content\/uploads\/2024\/09\/conference-de-presse-de-rentree-as-monaco-basket5-450x300.jpg 450w, https:\/\/www.monaco-tribune.com\/wp-content\/uploads\/2024\/09\/conference-de-presse-de-rentree-as-monaco-basket5.jpg 1200w\" sizes=\"auto, (max-width: 1024px) 100vw, 1024px\" \/><figcaption class=\"wp-element-caption\"><em>The new vest, with representatives from Roca Team&#8217;s official equipment supplier Spalding Europe, including Director Stefan Schey \u00a9 Communication department<\/em><\/figcaption><\/figure>\n<\/div>\n<p class=\"related\"><a href=\"https:\/\/www.monaco-tribune.com\/en\/2024\/04\/as-monaco-basket-has-innovative-ticketing-system-thanks-to-ai\/\">AS Monaco Basket has innovative ticketing system thanks to AI<\/a><\/p>\n","protected":false},"excerpt":{"rendered":"<p>AS Monaco Basket set out its ambitions for the 2024-2025 season at its start-of-season press conference. Under the leadership of [&hellip;]<\/p>\n","protected":false},"author":77,"featured_media":250700,"comment_status":"closed","ping_status":"closed","sticky":false,"template":"","format":"standard","meta":{"_acf_changed":false,"footnotes":""},"categories":[1825,243,257],"tags":[2833],"post_sectags":[3788],"post_format":[2468],"class_list":["post-250886","post","type-post","status-publish","format-standard","has-post-thumbnail","hentry","category-editors-choice","category-news","category-sports-en","tag-roca-team-en-2","sectag-basketball","format-story"],"acf":[],"yoast_head":"<!-- This site is optimized with the Yoast SEO Premium plugin v26.8 (Yoast SEO v27.4) - https:\/\/yoast.com\/product\/yoast-seo-premium-wordpress\/ -->\n<title>AS Monaco Basket: &quot;The goal is to win everything&quot;<\/title>\n<meta name=\"description\" content=\"AS Monaco Basket set out its ambitions for the 2024-2025 season at its start-of-season press conference. Under the leadership of coach Sa\u0161a Obradovi\u0107, the\" \/>\n<meta name=\"robots\" content=\"index, follow, max-snippet:-1, max-image-preview:large, max-video-preview:-1\" \/>\n<link rel=\"canonical\" href=\"https:\/\/www.monaco-tribune.com\/en\/2024\/09\/as-monaco-basket-the-goal-is-to-win-everything\/\" \/>\n<meta property=\"og:locale\" content=\"en_US\" \/>\n<meta property=\"og:type\" content=\"article\" \/>\n<meta property=\"og:title\" content=\"AS Monaco Basket: &quot;The goal is to win everything&quot; - Monaco Tribune\" \/>\n<meta property=\"og:description\" content=\"AS Monaco Basket set out its ambitions for the 2024-2025 season at its start-of-season press conference. Under the leadership of coach Sa\u0161a Obradovi\u0107, the\" \/>\n<meta property=\"og:url\" content=\"https:\/\/www.monaco-tribune.com\/en\/2024\/09\/as-monaco-basket-the-goal-is-to-win-everything\/\" \/>\n<meta property=\"og:site_name\" content=\"Monaco Tribune\" \/>\n<meta property=\"article:publisher\" content=\"https:\/\/www.facebook.com\/MonacoTribune\" \/>\n<meta property=\"article:published_time\" content=\"2024-09-18T13:02:58+00:00\" \/>\n<meta property=\"article:modified_time\" content=\"2024-09-18T13:11:19+00:00\" \/>\n<meta property=\"og:image\" content=\"https:\/\/www.monaco-tribune.com\/wp-content\/uploads\/2024\/09\/pp-conference-de-presse-de-rentree-as-monaco-basket3.jpg\" \/>\n\t<meta property=\"og:image:width\" content=\"2048\" \/>\n\t<meta property=\"og:image:height\" content=\"1366\" \/>\n\t<meta property=\"og:image:type\" content=\"image\/jpeg\" \/>\n<meta name=\"author\" content=\"Ana\u00efs Riu\" \/>\n<meta name=\"twitter:card\" content=\"summary_large_image\" \/>\n<meta name=\"twitter:creator\" content=\"@MonacoTribune\" \/>\n<meta name=\"twitter:site\" content=\"@MonacoTribune\" \/>\n<script type=\"application\/ld+json\" class=\"yoast-schema-graph\">{\"@context\":\"https:\\\/\\\/schema.org\",\"@graph\":[{\"@type\":\"NewsArticle\",\"@id\":\"https:\\\/\\\/www.monaco-tribune.com\\\/en\\\/2024\\\/09\\\/as-monaco-basket-the-goal-is-to-win-everything\\\/#article\",\"isPartOf\":{\"@id\":\"https:\\\/\\\/www.monaco-tribune.com\\\/en\\\/2024\\\/09\\\/as-monaco-basket-the-goal-is-to-win-everything\\\/\"},\"author\":{\"name\":\"Ana\u00efs Riu\",\"@id\":\"https:\\\/\\\/www.monaco-tribune.com\\\/en\\\/#\\\/schema\\\/person\\\/6db631c784f2f0eff54c3ca4d1da2d49\"},\"headline\":\"AS Monaco Basket: &#8220;The goal is to win everything&#8221;\",\"datePublished\":\"2024-09-18T13:02:58+00:00\",\"dateModified\":\"2024-09-18T13:11:19+00:00\",\"mainEntityOfPage\":{\"@id\":\"https:\\\/\\\/www.monaco-tribune.com\\\/en\\\/2024\\\/09\\\/as-monaco-basket-the-goal-is-to-win-everything\\\/\"},\"wordCount\":936,\"publisher\":{\"@id\":\"https:\\\/\\\/www.monaco-tribune.com\\\/en\\\/#organization\"},\"image\":{\"@id\":\"https:\\\/\\\/www.monaco-tribune.com\\\/en\\\/2024\\\/09\\\/as-monaco-basket-the-goal-is-to-win-everything\\\/#primaryimage\"},\"thumbnailUrl\":\"https:\\\/\\\/www.monaco-tribune.com\\\/wp-content\\\/uploads\\\/2024\\\/09\\\/pp-conference-de-presse-de-rentree-as-monaco-basket3.jpg\",\"keywords\":[\"Roca Team\"],\"articleSection\":[\"Editor&#039;s choice\",\"News\",\"Sports\"],\"inLanguage\":\"en-US\",\"copyrightYear\":\"2024\",\"copyrightHolder\":{\"@id\":\"https:\\\/\\\/www.monaco-tribune.com\\\/#organization\"}},{\"@type\":\"WebPage\",\"@id\":\"https:\\\/\\\/www.monaco-tribune.com\\\/en\\\/2024\\\/09\\\/as-monaco-basket-the-goal-is-to-win-everything\\\/\",\"url\":\"https:\\\/\\\/www.monaco-tribune.com\\\/en\\\/2024\\\/09\\\/as-monaco-basket-the-goal-is-to-win-everything\\\/\",\"name\":\"AS Monaco Basket: \\\"The goal is to win everything\\\"\",\"isPartOf\":{\"@id\":\"https:\\\/\\\/www.monaco-tribune.com\\\/en\\\/#website\"},\"primaryImageOfPage\":{\"@id\":\"https:\\\/\\\/www.monaco-tribune.com\\\/en\\\/2024\\\/09\\\/as-monaco-basket-the-goal-is-to-win-everything\\\/#primaryimage\"},\"image\":{\"@id\":\"https:\\\/\\\/www.monaco-tribune.com\\\/en\\\/2024\\\/09\\\/as-monaco-basket-the-goal-is-to-win-everything\\\/#primaryimage\"},\"thumbnailUrl\":\"https:\\\/\\\/www.monaco-tribune.com\\\/wp-content\\\/uploads\\\/2024\\\/09\\\/pp-conference-de-presse-de-rentree-as-monaco-basket3.jpg\",\"datePublished\":\"2024-09-18T13:02:58+00:00\",\"dateModified\":\"2024-09-18T13:11:19+00:00\",\"description\":\"AS Monaco Basket set out its ambitions for the 2024-2025 season at its start-of-season press conference. Under the leadership of coach Sa\u0161a Obradovi\u0107, the\",\"breadcrumb\":{\"@id\":\"https:\\\/\\\/www.monaco-tribune.com\\\/en\\\/2024\\\/09\\\/as-monaco-basket-the-goal-is-to-win-everything\\\/#breadcrumb\"},\"inLanguage\":\"en-US\",\"potentialAction\":[{\"@type\":\"ReadAction\",\"target\":[\"https:\\\/\\\/www.monaco-tribune.com\\\/en\\\/2024\\\/09\\\/as-monaco-basket-the-goal-is-to-win-everything\\\/\"]}]},{\"@type\":\"ImageObject\",\"inLanguage\":\"en-US\",\"@id\":\"https:\\\/\\\/www.monaco-tribune.com\\\/en\\\/2024\\\/09\\\/as-monaco-basket-the-goal-is-to-win-everything\\\/#primaryimage\",\"url\":\"https:\\\/\\\/www.monaco-tribune.com\\\/wp-content\\\/uploads\\\/2024\\\/09\\\/pp-conference-de-presse-de-rentree-as-monaco-basket3.jpg\",\"contentUrl\":\"https:\\\/\\\/www.monaco-tribune.com\\\/wp-content\\\/uploads\\\/2024\\\/09\\\/pp-conference-de-presse-de-rentree-as-monaco-basket3.jpg\",\"width\":2048,\"height\":1366,\"caption\":\"AS Monaco Basket's management, Aleksej Fedoricsev (President), Oleksiy Yefimov (Executive Director) and Sasa Obradovic (Coach) attended the club's press conference \u00a9 Communication Department\"},{\"@type\":\"BreadcrumbList\",\"@id\":\"https:\\\/\\\/www.monaco-tribune.com\\\/en\\\/2024\\\/09\\\/as-monaco-basket-the-goal-is-to-win-everything\\\/#breadcrumb\",\"itemListElement\":[{\"@type\":\"ListItem\",\"position\":1,\"name\":\"Accueil\",\"item\":\"https:\\\/\\\/www.monaco-tribune.com\\\/en\\\/\"},{\"@type\":\"ListItem\",\"position\":2,\"name\":\"AS Monaco Basket: &#8220;The goal is to win everything&#8221;\"}]},{\"@type\":\"WebSite\",\"@id\":\"https:\\\/\\\/www.monaco-tribune.com\\\/en\\\/#website\",\"url\":\"https:\\\/\\\/www.monaco-tribune.com\\\/en\\\/\",\"name\":\"Monaco Tribune\",\"description\":\"Monaco : actualit\u00e9s \u00e9conomiques, politiques, culturelles et sportives de Monaco et de la French Riviera.\",\"publisher\":{\"@id\":\"https:\\\/\\\/www.monaco-tribune.com\\\/en\\\/#organization\"},\"potentialAction\":[{\"@type\":\"SearchAction\",\"target\":{\"@type\":\"EntryPoint\",\"urlTemplate\":\"https:\\\/\\\/www.monaco-tribune.com\\\/en\\\/?s={search_term_string}\"},\"query-input\":{\"@type\":\"PropertyValueSpecification\",\"valueRequired\":true,\"valueName\":\"search_term_string\"}}],\"inLanguage\":\"en-US\"},{\"@type\":\"Organization\",\"@id\":\"https:\\\/\\\/www.monaco-tribune.com\\\/en\\\/#organization\",\"name\":\"Monaco Tribune\",\"url\":\"https:\\\/\\\/www.monaco-tribune.com\\\/en\\\/\",\"logo\":{\"@type\":\"ImageObject\",\"inLanguage\":\"en-US\",\"@id\":\"https:\\\/\\\/www.monaco-tribune.com\\\/en\\\/#\\\/schema\\\/logo\\\/image\\\/\",\"url\":\"https:\\\/\\\/www.monaco-tribune.com\\\/wp-content\\\/uploads\\\/2022\\\/11\\\/logo-monaco-tribune.png\",\"contentUrl\":\"https:\\\/\\\/www.monaco-tribune.com\\\/wp-content\\\/uploads\\\/2022\\\/11\\\/logo-monaco-tribune.png\",\"width\":1548,\"height\":600,\"caption\":\"Monaco Tribune\"},\"image\":{\"@id\":\"https:\\\/\\\/www.monaco-tribune.com\\\/en\\\/#\\\/schema\\\/logo\\\/image\\\/\"},\"sameAs\":[\"https:\\\/\\\/www.facebook.com\\\/MonacoTribune\",\"https:\\\/\\\/x.com\\\/MonacoTribune\",\"https:\\\/\\\/www.instagram.com\\\/monacotribune\\\/\",\"https:\\\/\\\/www.linkedin.com\\\/company\\\/monaco-tribune\",\"https:\\\/\\\/www.youtube.com\\\/channel\\\/UCHle1MnG6hw1y4lWKijVbMA\"]},{\"@type\":\"Person\",\"@id\":\"https:\\\/\\\/www.monaco-tribune.com\\\/en\\\/#\\\/schema\\\/person\\\/6db631c784f2f0eff54c3ca4d1da2d49\",\"name\":\"Ana\u00efs Riu\",\"image\":{\"@type\":\"ImageObject\",\"inLanguage\":\"en-US\",\"@id\":\"https:\\\/\\\/secure.gravatar.com\\\/avatar\\\/9137eff67ff750f1997c171f45e5829ca4c8fa34729a8f8cd9dc85be7e50df7f?s=96&d=mm&r=g\",\"url\":\"https:\\\/\\\/secure.gravatar.com\\\/avatar\\\/9137eff67ff750f1997c171f45e5829ca4c8fa34729a8f8cd9dc85be7e50df7f?s=96&d=mm&r=g\",\"contentUrl\":\"https:\\\/\\\/secure.gravatar.com\\\/avatar\\\/9137eff67ff750f1997c171f45e5829ca4c8fa34729a8f8cd9dc85be7e50df7f?s=96&d=mm&r=g\",\"caption\":\"Ana\u00efs Riu\"},\"url\":\"https:\\\/\\\/www.monaco-tribune.com\\\/en\\\/author\\\/anaisriu\\\/\"}]}<\/script>\n<!-- \/ Yoast SEO Premium plugin. -->","yoast_head_json":{"title":"AS Monaco Basket: \"The goal is to win everything\"","description":"AS Monaco Basket set out its ambitions for the 2024-2025 season at its start-of-season press conference. Under the leadership of coach Sa\u0161a Obradovi\u0107, the","robots":{"index":"index","follow":"follow","max-snippet":"max-snippet:-1","max-image-preview":"max-image-preview:large","max-video-preview":"max-video-preview:-1"},"canonical":"https:\/\/www.monaco-tribune.com\/en\/2024\/09\/as-monaco-basket-the-goal-is-to-win-everything\/","og_locale":"en_US","og_type":"article","og_title":"AS Monaco Basket: \"The goal is to win everything\" - Monaco Tribune","og_description":"AS Monaco Basket set out its ambitions for the 2024-2025 season at its start-of-season press conference. Under the leadership of coach Sa\u0161a Obradovi\u0107, the","og_url":"https:\/\/www.monaco-tribune.com\/en\/2024\/09\/as-monaco-basket-the-goal-is-to-win-everything\/","og_site_name":"Monaco Tribune","article_publisher":"https:\/\/www.facebook.com\/MonacoTribune","article_published_time":"2024-09-18T13:02:58+00:00","article_modified_time":"2024-09-18T13:11:19+00:00","og_image":[{"width":2048,"height":1366,"url":"https:\/\/www.monaco-tribune.com\/wp-content\/uploads\/2024\/09\/pp-conference-de-presse-de-rentree-as-monaco-basket3.jpg","type":"image\/jpeg"}],"author":"Ana\u00efs Riu","twitter_card":"summary_large_image","twitter_creator":"@MonacoTribune","twitter_site":"@MonacoTribune","schema":{"@context":"https:\/\/schema.org","@graph":[{"@type":"NewsArticle","@id":"https:\/\/www.monaco-tribune.com\/en\/2024\/09\/as-monaco-basket-the-goal-is-to-win-everything\/#article","isPartOf":{"@id":"https:\/\/www.monaco-tribune.com\/en\/2024\/09\/as-monaco-basket-the-goal-is-to-win-everything\/"},"author":{"name":"Ana\u00efs Riu","@id":"https:\/\/www.monaco-tribune.com\/en\/#\/schema\/person\/6db631c784f2f0eff54c3ca4d1da2d49"},"headline":"AS Monaco Basket: &#8220;The goal is to win everything&#8221;","datePublished":"2024-09-18T13:02:58+00:00","dateModified":"2024-09-18T13:11:19+00:00","mainEntityOfPage":{"@id":"https:\/\/www.monaco-tribune.com\/en\/2024\/09\/as-monaco-basket-the-goal-is-to-win-everything\/"},"wordCount":936,"publisher":{"@id":"https:\/\/www.monaco-tribune.com\/en\/#organization"},"image":{"@id":"https:\/\/www.monaco-tribune.com\/en\/2024\/09\/as-monaco-basket-the-goal-is-to-win-everything\/#primaryimage"},"thumbnailUrl":"https:\/\/www.monaco-tribune.com\/wp-content\/uploads\/2024\/09\/pp-conference-de-presse-de-rentree-as-monaco-basket3.jpg","keywords":["Roca Team"],"articleSection":["Editor&#039;s choice","News","Sports"],"inLanguage":"en-US","copyrightYear":"2024","copyrightHolder":{"@id":"https:\/\/www.monaco-tribune.com\/#organization"}},{"@type":"WebPage","@id":"https:\/\/www.monaco-tribune.com\/en\/2024\/09\/as-monaco-basket-the-goal-is-to-win-everything\/","url":"https:\/\/www.monaco-tribune.com\/en\/2024\/09\/as-monaco-basket-the-goal-is-to-win-everything\/","name":"AS Monaco Basket: \"The goal is to win everything\"","isPartOf":{"@id":"https:\/\/www.monaco-tribune.com\/en\/#website"},"primaryImageOfPage":{"@id":"https:\/\/www.monaco-tribune.com\/en\/2024\/09\/as-monaco-basket-the-goal-is-to-win-everything\/#primaryimage"},"image":{"@id":"https:\/\/www.monaco-tribune.com\/en\/2024\/09\/as-monaco-basket-the-goal-is-to-win-everything\/#primaryimage"},"thumbnailUrl":"https:\/\/www.monaco-tribune.com\/wp-content\/uploads\/2024\/09\/pp-conference-de-presse-de-rentree-as-monaco-basket3.jpg","datePublished":"2024-09-18T13:02:58+00:00","dateModified":"2024-09-18T13:11:19+00:00","description":"AS Monaco Basket set out its ambitions for the 2024-2025 season at its start-of-season press conference. Under the leadership of coach Sa\u0161a Obradovi\u0107, the","breadcrumb":{"@id":"https:\/\/www.monaco-tribune.com\/en\/2024\/09\/as-monaco-basket-the-goal-is-to-win-everything\/#breadcrumb"},"inLanguage":"en-US","potentialAction":[{"@type":"ReadAction","target":["https:\/\/www.monaco-tribune.com\/en\/2024\/09\/as-monaco-basket-the-goal-is-to-win-everything\/"]}]},{"@type":"ImageObject","inLanguage":"en-US","@id":"https:\/\/www.monaco-tribune.com\/en\/2024\/09\/as-monaco-basket-the-goal-is-to-win-everything\/#primaryimage","url":"https:\/\/www.monaco-tribune.com\/wp-content\/uploads\/2024\/09\/pp-conference-de-presse-de-rentree-as-monaco-basket3.jpg","contentUrl":"https:\/\/www.monaco-tribune.com\/wp-content\/uploads\/2024\/09\/pp-conference-de-presse-de-rentree-as-monaco-basket3.jpg","width":2048,"height":1366,"caption":"AS Monaco Basket's management, Aleksej Fedoricsev (President), Oleksiy Yefimov (Executive Director) and Sasa Obradovic (Coach) attended the club's press conference \u00a9 Communication Department"},{"@type":"BreadcrumbList","@id":"https:\/\/www.monaco-tribune.com\/en\/2024\/09\/as-monaco-basket-the-goal-is-to-win-everything\/#breadcrumb","itemListElement":[{"@type":"ListItem","position":1,"name":"Accueil","item":"https:\/\/www.monaco-tribune.com\/en\/"},{"@type":"ListItem","position":2,"name":"AS Monaco Basket: &#8220;The goal is to win everything&#8221;"}]},{"@type":"WebSite","@id":"https:\/\/www.monaco-tribune.com\/en\/#website","url":"https:\/\/www.monaco-tribune.com\/en\/","name":"Monaco Tribune","description":"Monaco : actualit\u00e9s \u00e9conomiques, politiques, culturelles et sportives de Monaco et de la French Riviera.","publisher":{"@id":"https:\/\/www.monaco-tribune.com\/en\/#organization"},"potentialAction":[{"@type":"SearchAction","target":{"@type":"EntryPoint","urlTemplate":"https:\/\/www.monaco-tribune.com\/en\/?s={search_term_string}"},"query-input":{"@type":"PropertyValueSpecification","valueRequired":true,"valueName":"search_term_string"}}],"inLanguage":"en-US"},{"@type":"Organization","@id":"https:\/\/www.monaco-tribune.com\/en\/#organization","name":"Monaco Tribune","url":"https:\/\/www.monaco-tribune.com\/en\/","logo":{"@type":"ImageObject","inLanguage":"en-US","@id":"https:\/\/www.monaco-tribune.com\/en\/#\/schema\/logo\/image\/","url":"https:\/\/www.monaco-tribune.com\/wp-content\/uploads\/2022\/11\/logo-monaco-tribune.png","contentUrl":"https:\/\/www.monaco-tribune.com\/wp-content\/uploads\/2022\/11\/logo-monaco-tribune.png","width":1548,"height":600,"caption":"Monaco Tribune"},"image":{"@id":"https:\/\/www.monaco-tribune.com\/en\/#\/schema\/logo\/image\/"},"sameAs":["https:\/\/www.facebook.com\/MonacoTribune","https:\/\/x.com\/MonacoTribune","https:\/\/www.instagram.com\/monacotribune\/","https:\/\/www.linkedin.com\/company\/monaco-tribune","https:\/\/www.youtube.com\/channel\/UCHle1MnG6hw1y4lWKijVbMA"]},{"@type":"Person","@id":"https:\/\/www.monaco-tribune.com\/en\/#\/schema\/person\/6db631c784f2f0eff54c3ca4d1da2d49","name":"Ana\u00efs Riu","image":{"@type":"ImageObject","inLanguage":"en-US","@id":"https:\/\/secure.gravatar.com\/avatar\/9137eff67ff750f1997c171f45e5829ca4c8fa34729a8f8cd9dc85be7e50df7f?s=96&d=mm&r=g","url":"https:\/\/secure.gravatar.com\/avatar\/9137eff67ff750f1997c171f45e5829ca4c8fa34729a8f8cd9dc85be7e50df7f?s=96&d=mm&r=g","contentUrl":"https:\/\/secure.gravatar.com\/avatar\/9137eff67ff750f1997c171f45e5829ca4c8fa34729a8f8cd9dc85be7e50df7f?s=96&d=mm&r=g","caption":"Ana\u00efs Riu"},"url":"https:\/\/www.monaco-tribune.com\/en\/author\/anaisriu\/"}]}},"_links":{"self":[{"href":"https:\/\/www.monaco-tribune.com\/en\/wp-json\/wp\/v2\/posts\/250886","targetHints":{"allow":["GET"]}}],"collection":[{"href":"https:\/\/www.monaco-tribune.com\/en\/wp-json\/wp\/v2\/posts"}],"about":[{"href":"https:\/\/www.monaco-tribune.com\/en\/wp-json\/wp\/v2\/types\/post"}],"author":[{"embeddable":true,"href":"https:\/\/www.monaco-tribune.com\/en\/wp-json\/wp\/v2\/users\/77"}],"replies":[{"embeddable":true,"href":"https:\/\/www.monaco-tribune.com\/en\/wp-json\/wp\/v2\/comments?post=250886"}],"version-history":[{"count":2,"href":"https:\/\/www.monaco-tribune.com\/en\/wp-json\/wp\/v2\/posts\/250886\/revisions"}],"predecessor-version":[{"id":250895,"href":"https:\/\/www.monaco-tribune.com\/en\/wp-json\/wp\/v2\/posts\/250886\/revisions\/250895"}],"wp:featuredmedia":[{"embeddable":true,"href":"https:\/\/www.monaco-tribune.com\/en\/wp-json\/wp\/v2\/media\/250700"}],"wp:attachment":[{"href":"https:\/\/www.monaco-tribune.com\/en\/wp-json\/wp\/v2\/media?parent=250886"}],"wp:term":[{"taxonomy":"category","embeddable":true,"href":"https:\/\/www.monaco-tribune.com\/en\/wp-json\/wp\/v2\/categories?post=250886"},{"taxonomy":"post_tag","embeddable":true,"href":"https:\/\/www.monaco-tribune.com\/en\/wp-json\/wp\/v2\/tags?post=250886"},{"taxonomy":"sectag","embeddable":true,"href":"https:\/\/www.monaco-tribune.com\/en\/wp-json\/wp\/v2\/post_sectags?post=250886"},{"taxonomy":"format","embeddable":true,"href":"https:\/\/www.monaco-tribune.com\/en\/wp-json\/wp\/v2\/post_format?post=250886"}],"curies":[{"name":"wp","href":"https:\/\/api.w.org\/{rel}","templated":true}]}}