{"id":251175,"date":"2024-09-20T15:23:16","date_gmt":"2024-09-20T13:23:16","guid":{"rendered":"https:\/\/www.monaco-tribune.com\/2024\/09\/15th-monaco-private-label-summit-a-great-success\/"},"modified":"2024-09-20T15:23:17","modified_gmt":"2024-09-20T13:23:17","slug":"15th-monaco-private-label-summit-a-great-success","status":"publish","type":"post","link":"https:\/\/www.monaco-tribune.com\/en\/2024\/09\/15th-monaco-private-label-summit-a-great-success\/","title":{"rendered":"15th Monaco Private Label Summit &#8211; a great success\u00a0"},"content":{"rendered":"\n<p><p class=\"p1\"><b>More than 150 members came together with the aim of promoting Monaco internationally.<\/b><\/p><\/p>\n\n<p>The 15th Monaco Private Label (MPL) Summit was held on 15, 16 and 17 September, and attended by Prince Albert II, Minister of State Didier Guillaume, Fr\u00e9d\u00e9ric Genta, Interministerial Delegate for Attractiveness and the Digital Transition, and Chlo\u00e9 Leclercq-Boscagli, Director of MPL. A key event for attracting new residents as well as investors and entrepreneurs.\u00a0<\/p>\n\n<p><em>&#8220;Monaco Private Label is the spearhead of the Monegasque strategy to attract residents and investors to Monaco, enabling them to create economic value in the Principality. The event demonstrates the country&#8217;s level of excellence and commitment, thanks to the presence of the HSH Prince Albert II and HE Didier Guillaume,&#8221;<\/em> said Fr\u00e9d\u00e9ric Genta.<\/p>\n\n<p class=\"related\"><a href=\"https:\/\/www.monaco-tribune.com\/en\/2024\/03\/chloe-boscagli-leclercq-reveals-her-ambitions-for-monaco-private-label-mpl\/\">Chlo\u00e9 Boscagli Leclercq reveals her ambitions for Monaco Private Label (MPL)<\/a><\/p>\n\n<h2 class=\"wp-block-heading\" id=\"h-ia-longevite-sport-culture-innovations-durables\">AI, longevity, sport, culture, sustainable innovations&#8230;<\/h2>\n\n<p>In all, 150 of the 2,000 members from 70 different countries travelled to the Principality. They had the opportunity to meet key figures and discuss a number of important issues. The first discussion addressed development of the blue economy and its investment opportunities. Five experts (Fleur Pellerin, Antoine Blondeau, Alexandre Cadain, Ahmed Talhaoui and Fr\u00e9d\u00e9ric Genta) spoke about artificial intelligence. A panel of scientists and researchers then presented the latest advances in longevity medicine.\u00a0<\/p>\n\n<p>Two-time Formula 1 world champion Fernando Alonso shared his thoughts on the links between sport and entrepreneurship with MPL partners at a breakfast event. The subject of art and emerging technologies was also raised by Jeff Koons, the famous American visual artist.\u00a0<\/p>\n","protected":false},"excerpt":{"rendered":"<p>More than 150 members came together with the aim of promoting Monaco internationally. The 15th Monaco Private Label (MPL) Summit [&hellip;]<\/p>\n","protected":false},"author":47,"featured_media":251006,"comment_status":"closed","ping_status":"closed","sticky":false,"template":"","format":"standard","meta":{"_acf_changed":false,"footnotes":""},"categories":[247,243],"tags":[3141],"post_sectags":[],"post_format":[2465],"class_list":["post-251175","post","type-post","status-publish","format-standard","has-post-thumbnail","hentry","category-business","category-news","tag-attractiveness","format-in-brief"],"acf":[],"yoast_head":"<!-- This site is optimized with the Yoast SEO Premium plugin v26.8 (Yoast SEO v27.5) - https:\/\/yoast.com\/product\/yoast-seo-premium-wordpress\/ -->\n<title>15th Monaco Private Label Summit - a great success\u00a0<\/title>\n<meta name=\"description\" content=\"More than 150 members came together with the aim of promoting Monaco internationally. The 15th Monaco Private Label (MPL) Summit was held on 15, 16 and 17\" \/>\n<meta name=\"robots\" content=\"index, follow, max-snippet:-1, max-image-preview:large, max-video-preview:-1\" \/>\n<link rel=\"canonical\" href=\"https:\/\/www.monaco-tribune.com\/en\/2024\/09\/15th-monaco-private-label-summit-a-great-success\/\" \/>\n<meta property=\"og:locale\" content=\"en_US\" \/>\n<meta property=\"og:type\" content=\"article\" \/>\n<meta property=\"og:title\" content=\"15th Monaco Private Label Summit - a great success\u00a0 - Monaco Tribune\" \/>\n<meta property=\"og:description\" content=\"More than 150 members came together with the aim of promoting Monaco internationally. The 15th Monaco Private Label (MPL) Summit was held on 15, 16 and 17\" \/>\n<meta property=\"og:url\" content=\"https:\/\/www.monaco-tribune.com\/en\/2024\/09\/15th-monaco-private-label-summit-a-great-success\/\" \/>\n<meta property=\"og:site_name\" content=\"Monaco Tribune\" \/>\n<meta property=\"article:publisher\" content=\"https:\/\/www.facebook.com\/MonacoTribune\" \/>\n<meta property=\"article:published_time\" content=\"2024-09-20T13:23:16+00:00\" \/>\n<meta property=\"article:modified_time\" content=\"2024-09-20T13:23:17+00:00\" \/>\n<meta property=\"og:image\" content=\"https:\/\/www.monaco-tribune.com\/wp-content\/uploads\/2024\/09\/15e-mpl.jpeg\" \/>\n\t<meta property=\"og:image:width\" content=\"900\" \/>\n\t<meta property=\"og:image:height\" content=\"600\" \/>\n\t<meta property=\"og:image:type\" content=\"image\/jpeg\" \/>\n<meta name=\"author\" content=\"Agathe Ch\u00e9reau\" \/>\n<meta name=\"twitter:card\" content=\"summary_large_image\" \/>\n<meta name=\"twitter:creator\" content=\"@MonacoTribune\" \/>\n<meta name=\"twitter:site\" content=\"@MonacoTribune\" \/>\n<script type=\"application\/ld+json\" class=\"yoast-schema-graph\">{\"@context\":\"https:\\\/\\\/schema.org\",\"@graph\":[{\"@type\":\"NewsArticle\",\"@id\":\"https:\\\/\\\/www.monaco-tribune.com\\\/en\\\/2024\\\/09\\\/15th-monaco-private-label-summit-a-great-success\\\/#article\",\"isPartOf\":{\"@id\":\"https:\\\/\\\/www.monaco-tribune.com\\\/en\\\/2024\\\/09\\\/15th-monaco-private-label-summit-a-great-success\\\/\"},\"author\":{\"name\":\"Agathe Ch\u00e9reau\",\"@id\":\"https:\\\/\\\/www.monaco-tribune.com\\\/en\\\/#\\\/schema\\\/person\\\/fba2f8d5a098d473c92e84cc43a8f730\"},\"headline\":\"15th Monaco Private Label Summit &#8211; a great success\u00a0\",\"datePublished\":\"2024-09-20T13:23:16+00:00\",\"dateModified\":\"2024-09-20T13:23:17+00:00\",\"mainEntityOfPage\":{\"@id\":\"https:\\\/\\\/www.monaco-tribune.com\\\/en\\\/2024\\\/09\\\/15th-monaco-private-label-summit-a-great-success\\\/\"},\"wordCount\":262,\"publisher\":{\"@id\":\"https:\\\/\\\/www.monaco-tribune.com\\\/en\\\/#organization\"},\"image\":{\"@id\":\"https:\\\/\\\/www.monaco-tribune.com\\\/en\\\/2024\\\/09\\\/15th-monaco-private-label-summit-a-great-success\\\/#primaryimage\"},\"thumbnailUrl\":\"https:\\\/\\\/www.monaco-tribune.com\\\/wp-content\\\/uploads\\\/2024\\\/09\\\/15e-mpl.jpeg\",\"keywords\":[\"Attractiveness\"],\"articleSection\":[\"Business\",\"News\"],\"inLanguage\":\"en-US\",\"copyrightYear\":\"2024\",\"copyrightHolder\":{\"@id\":\"https:\\\/\\\/www.monaco-tribune.com\\\/#organization\"}},{\"@type\":\"WebPage\",\"@id\":\"https:\\\/\\\/www.monaco-tribune.com\\\/en\\\/2024\\\/09\\\/15th-monaco-private-label-summit-a-great-success\\\/\",\"url\":\"https:\\\/\\\/www.monaco-tribune.com\\\/en\\\/2024\\\/09\\\/15th-monaco-private-label-summit-a-great-success\\\/\",\"name\":\"15th Monaco Private Label Summit - a great success\u00a0\",\"isPartOf\":{\"@id\":\"https:\\\/\\\/www.monaco-tribune.com\\\/en\\\/#website\"},\"primaryImageOfPage\":{\"@id\":\"https:\\\/\\\/www.monaco-tribune.com\\\/en\\\/2024\\\/09\\\/15th-monaco-private-label-summit-a-great-success\\\/#primaryimage\"},\"image\":{\"@id\":\"https:\\\/\\\/www.monaco-tribune.com\\\/en\\\/2024\\\/09\\\/15th-monaco-private-label-summit-a-great-success\\\/#primaryimage\"},\"thumbnailUrl\":\"https:\\\/\\\/www.monaco-tribune.com\\\/wp-content\\\/uploads\\\/2024\\\/09\\\/15e-mpl.jpeg\",\"datePublished\":\"2024-09-20T13:23:16+00:00\",\"dateModified\":\"2024-09-20T13:23:17+00:00\",\"description\":\"More than 150 members came together with the aim of promoting Monaco internationally. The 15th Monaco Private Label (MPL) Summit was held on 15, 16 and 17\",\"breadcrumb\":{\"@id\":\"https:\\\/\\\/www.monaco-tribune.com\\\/en\\\/2024\\\/09\\\/15th-monaco-private-label-summit-a-great-success\\\/#breadcrumb\"},\"inLanguage\":\"en-US\",\"potentialAction\":[{\"@type\":\"ReadAction\",\"target\":[\"https:\\\/\\\/www.monaco-tribune.com\\\/en\\\/2024\\\/09\\\/15th-monaco-private-label-summit-a-great-success\\\/\"]}]},{\"@type\":\"ImageObject\",\"inLanguage\":\"en-US\",\"@id\":\"https:\\\/\\\/www.monaco-tribune.com\\\/en\\\/2024\\\/09\\\/15th-monaco-private-label-summit-a-great-success\\\/#primaryimage\",\"url\":\"https:\\\/\\\/www.monaco-tribune.com\\\/wp-content\\\/uploads\\\/2024\\\/09\\\/15e-mpl.jpeg\",\"contentUrl\":\"https:\\\/\\\/www.monaco-tribune.com\\\/wp-content\\\/uploads\\\/2024\\\/09\\\/15e-mpl.jpeg\",\"width\":900,\"height\":600,\"caption\":\"Chlo\u00e9 Leclercq-Boscagli, Fr\u00e9d\u00e9ric Genta, Jeff Koons, Prince Albert II, Fernando Alonso and Didier Guillaume \u00a9 DITN\u00a0\"},{\"@type\":\"BreadcrumbList\",\"@id\":\"https:\\\/\\\/www.monaco-tribune.com\\\/en\\\/2024\\\/09\\\/15th-monaco-private-label-summit-a-great-success\\\/#breadcrumb\",\"itemListElement\":[{\"@type\":\"ListItem\",\"position\":1,\"name\":\"Accueil\",\"item\":\"https:\\\/\\\/www.monaco-tribune.com\\\/en\\\/\"},{\"@type\":\"ListItem\",\"position\":2,\"name\":\"15th Monaco Private Label Summit &#8211; a great success\u00a0\"}]},{\"@type\":\"WebSite\",\"@id\":\"https:\\\/\\\/www.monaco-tribune.com\\\/en\\\/#website\",\"url\":\"https:\\\/\\\/www.monaco-tribune.com\\\/en\\\/\",\"name\":\"Monaco Tribune\",\"description\":\"Monaco : actualit\u00e9s \u00e9conomiques, politiques, culturelles et sportives de Monaco et de la French Riviera.\",\"publisher\":{\"@id\":\"https:\\\/\\\/www.monaco-tribune.com\\\/en\\\/#organization\"},\"potentialAction\":[{\"@type\":\"SearchAction\",\"target\":{\"@type\":\"EntryPoint\",\"urlTemplate\":\"https:\\\/\\\/www.monaco-tribune.com\\\/en\\\/?s={search_term_string}\"},\"query-input\":{\"@type\":\"PropertyValueSpecification\",\"valueRequired\":true,\"valueName\":\"search_term_string\"}}],\"inLanguage\":\"en-US\"},{\"@type\":\"Organization\",\"@id\":\"https:\\\/\\\/www.monaco-tribune.com\\\/en\\\/#organization\",\"name\":\"Monaco Tribune\",\"url\":\"https:\\\/\\\/www.monaco-tribune.com\\\/en\\\/\",\"logo\":{\"@type\":\"ImageObject\",\"inLanguage\":\"en-US\",\"@id\":\"https:\\\/\\\/www.monaco-tribune.com\\\/en\\\/#\\\/schema\\\/logo\\\/image\\\/\",\"url\":\"https:\\\/\\\/www.monaco-tribune.com\\\/wp-content\\\/uploads\\\/2022\\\/11\\\/logo-monaco-tribune.png\",\"contentUrl\":\"https:\\\/\\\/www.monaco-tribune.com\\\/wp-content\\\/uploads\\\/2022\\\/11\\\/logo-monaco-tribune.png\",\"width\":1548,\"height\":600,\"caption\":\"Monaco Tribune\"},\"image\":{\"@id\":\"https:\\\/\\\/www.monaco-tribune.com\\\/en\\\/#\\\/schema\\\/logo\\\/image\\\/\"},\"sameAs\":[\"https:\\\/\\\/www.facebook.com\\\/MonacoTribune\",\"https:\\\/\\\/x.com\\\/MonacoTribune\",\"https:\\\/\\\/www.instagram.com\\\/monacotribune\\\/\",\"https:\\\/\\\/www.linkedin.com\\\/company\\\/monaco-tribune\",\"https:\\\/\\\/www.youtube.com\\\/channel\\\/UCHle1MnG6hw1y4lWKijVbMA\"]},{\"@type\":\"Person\",\"@id\":\"https:\\\/\\\/www.monaco-tribune.com\\\/en\\\/#\\\/schema\\\/person\\\/fba2f8d5a098d473c92e84cc43a8f730\",\"name\":\"Agathe Ch\u00e9reau\",\"image\":{\"@type\":\"ImageObject\",\"inLanguage\":\"en-US\",\"@id\":\"https:\\\/\\\/secure.gravatar.com\\\/avatar\\\/884b20ed9d4430c24d77a3ad560b1c21da67bd6992531a1971822779f9988ea5?s=96&d=mm&r=g\",\"url\":\"https:\\\/\\\/secure.gravatar.com\\\/avatar\\\/884b20ed9d4430c24d77a3ad560b1c21da67bd6992531a1971822779f9988ea5?s=96&d=mm&r=g\",\"contentUrl\":\"https:\\\/\\\/secure.gravatar.com\\\/avatar\\\/884b20ed9d4430c24d77a3ad560b1c21da67bd6992531a1971822779f9988ea5?s=96&d=mm&r=g\",\"caption\":\"Agathe Ch\u00e9reau\"},\"url\":\"https:\\\/\\\/www.monaco-tribune.com\\\/en\\\/author\\\/agathechereau\\\/\"}]}<\/script>\n<!-- \/ Yoast SEO Premium plugin. -->","yoast_head_json":{"title":"15th Monaco Private Label Summit - a great success\u00a0","description":"More than 150 members came together with the aim of promoting Monaco internationally. The 15th Monaco Private Label (MPL) Summit was held on 15, 16 and 17","robots":{"index":"index","follow":"follow","max-snippet":"max-snippet:-1","max-image-preview":"max-image-preview:large","max-video-preview":"max-video-preview:-1"},"canonical":"https:\/\/www.monaco-tribune.com\/en\/2024\/09\/15th-monaco-private-label-summit-a-great-success\/","og_locale":"en_US","og_type":"article","og_title":"15th Monaco Private Label Summit - a great success\u00a0 - Monaco Tribune","og_description":"More than 150 members came together with the aim of promoting Monaco internationally. The 15th Monaco Private Label (MPL) Summit was held on 15, 16 and 17","og_url":"https:\/\/www.monaco-tribune.com\/en\/2024\/09\/15th-monaco-private-label-summit-a-great-success\/","og_site_name":"Monaco Tribune","article_publisher":"https:\/\/www.facebook.com\/MonacoTribune","article_published_time":"2024-09-20T13:23:16+00:00","article_modified_time":"2024-09-20T13:23:17+00:00","og_image":[{"width":900,"height":600,"url":"https:\/\/www.monaco-tribune.com\/wp-content\/uploads\/2024\/09\/15e-mpl.jpeg","type":"image\/jpeg"}],"author":"Agathe Ch\u00e9reau","twitter_card":"summary_large_image","twitter_creator":"@MonacoTribune","twitter_site":"@MonacoTribune","schema":{"@context":"https:\/\/schema.org","@graph":[{"@type":"NewsArticle","@id":"https:\/\/www.monaco-tribune.com\/en\/2024\/09\/15th-monaco-private-label-summit-a-great-success\/#article","isPartOf":{"@id":"https:\/\/www.monaco-tribune.com\/en\/2024\/09\/15th-monaco-private-label-summit-a-great-success\/"},"author":{"name":"Agathe Ch\u00e9reau","@id":"https:\/\/www.monaco-tribune.com\/en\/#\/schema\/person\/fba2f8d5a098d473c92e84cc43a8f730"},"headline":"15th Monaco Private Label Summit &#8211; a great success\u00a0","datePublished":"2024-09-20T13:23:16+00:00","dateModified":"2024-09-20T13:23:17+00:00","mainEntityOfPage":{"@id":"https:\/\/www.monaco-tribune.com\/en\/2024\/09\/15th-monaco-private-label-summit-a-great-success\/"},"wordCount":262,"publisher":{"@id":"https:\/\/www.monaco-tribune.com\/en\/#organization"},"image":{"@id":"https:\/\/www.monaco-tribune.com\/en\/2024\/09\/15th-monaco-private-label-summit-a-great-success\/#primaryimage"},"thumbnailUrl":"https:\/\/www.monaco-tribune.com\/wp-content\/uploads\/2024\/09\/15e-mpl.jpeg","keywords":["Attractiveness"],"articleSection":["Business","News"],"inLanguage":"en-US","copyrightYear":"2024","copyrightHolder":{"@id":"https:\/\/www.monaco-tribune.com\/#organization"}},{"@type":"WebPage","@id":"https:\/\/www.monaco-tribune.com\/en\/2024\/09\/15th-monaco-private-label-summit-a-great-success\/","url":"https:\/\/www.monaco-tribune.com\/en\/2024\/09\/15th-monaco-private-label-summit-a-great-success\/","name":"15th Monaco Private Label Summit - a great success\u00a0","isPartOf":{"@id":"https:\/\/www.monaco-tribune.com\/en\/#website"},"primaryImageOfPage":{"@id":"https:\/\/www.monaco-tribune.com\/en\/2024\/09\/15th-monaco-private-label-summit-a-great-success\/#primaryimage"},"image":{"@id":"https:\/\/www.monaco-tribune.com\/en\/2024\/09\/15th-monaco-private-label-summit-a-great-success\/#primaryimage"},"thumbnailUrl":"https:\/\/www.monaco-tribune.com\/wp-content\/uploads\/2024\/09\/15e-mpl.jpeg","datePublished":"2024-09-20T13:23:16+00:00","dateModified":"2024-09-20T13:23:17+00:00","description":"More than 150 members came together with the aim of promoting Monaco internationally. The 15th Monaco Private Label (MPL) Summit was held on 15, 16 and 17","breadcrumb":{"@id":"https:\/\/www.monaco-tribune.com\/en\/2024\/09\/15th-monaco-private-label-summit-a-great-success\/#breadcrumb"},"inLanguage":"en-US","potentialAction":[{"@type":"ReadAction","target":["https:\/\/www.monaco-tribune.com\/en\/2024\/09\/15th-monaco-private-label-summit-a-great-success\/"]}]},{"@type":"ImageObject","inLanguage":"en-US","@id":"https:\/\/www.monaco-tribune.com\/en\/2024\/09\/15th-monaco-private-label-summit-a-great-success\/#primaryimage","url":"https:\/\/www.monaco-tribune.com\/wp-content\/uploads\/2024\/09\/15e-mpl.jpeg","contentUrl":"https:\/\/www.monaco-tribune.com\/wp-content\/uploads\/2024\/09\/15e-mpl.jpeg","width":900,"height":600,"caption":"Chlo\u00e9 Leclercq-Boscagli, Fr\u00e9d\u00e9ric Genta, Jeff Koons, Prince Albert II, Fernando Alonso and Didier Guillaume \u00a9 DITN\u00a0"},{"@type":"BreadcrumbList","@id":"https:\/\/www.monaco-tribune.com\/en\/2024\/09\/15th-monaco-private-label-summit-a-great-success\/#breadcrumb","itemListElement":[{"@type":"ListItem","position":1,"name":"Accueil","item":"https:\/\/www.monaco-tribune.com\/en\/"},{"@type":"ListItem","position":2,"name":"15th Monaco Private Label Summit &#8211; a great success\u00a0"}]},{"@type":"WebSite","@id":"https:\/\/www.monaco-tribune.com\/en\/#website","url":"https:\/\/www.monaco-tribune.com\/en\/","name":"Monaco Tribune","description":"Monaco : actualit\u00e9s \u00e9conomiques, politiques, culturelles et sportives de Monaco et de la French Riviera.","publisher":{"@id":"https:\/\/www.monaco-tribune.com\/en\/#organization"},"potentialAction":[{"@type":"SearchAction","target":{"@type":"EntryPoint","urlTemplate":"https:\/\/www.monaco-tribune.com\/en\/?s={search_term_string}"},"query-input":{"@type":"PropertyValueSpecification","valueRequired":true,"valueName":"search_term_string"}}],"inLanguage":"en-US"},{"@type":"Organization","@id":"https:\/\/www.monaco-tribune.com\/en\/#organization","name":"Monaco Tribune","url":"https:\/\/www.monaco-tribune.com\/en\/","logo":{"@type":"ImageObject","inLanguage":"en-US","@id":"https:\/\/www.monaco-tribune.com\/en\/#\/schema\/logo\/image\/","url":"https:\/\/www.monaco-tribune.com\/wp-content\/uploads\/2022\/11\/logo-monaco-tribune.png","contentUrl":"https:\/\/www.monaco-tribune.com\/wp-content\/uploads\/2022\/11\/logo-monaco-tribune.png","width":1548,"height":600,"caption":"Monaco Tribune"},"image":{"@id":"https:\/\/www.monaco-tribune.com\/en\/#\/schema\/logo\/image\/"},"sameAs":["https:\/\/www.facebook.com\/MonacoTribune","https:\/\/x.com\/MonacoTribune","https:\/\/www.instagram.com\/monacotribune\/","https:\/\/www.linkedin.com\/company\/monaco-tribune","https:\/\/www.youtube.com\/channel\/UCHle1MnG6hw1y4lWKijVbMA"]},{"@type":"Person","@id":"https:\/\/www.monaco-tribune.com\/en\/#\/schema\/person\/fba2f8d5a098d473c92e84cc43a8f730","name":"Agathe Ch\u00e9reau","image":{"@type":"ImageObject","inLanguage":"en-US","@id":"https:\/\/secure.gravatar.com\/avatar\/884b20ed9d4430c24d77a3ad560b1c21da67bd6992531a1971822779f9988ea5?s=96&d=mm&r=g","url":"https:\/\/secure.gravatar.com\/avatar\/884b20ed9d4430c24d77a3ad560b1c21da67bd6992531a1971822779f9988ea5?s=96&d=mm&r=g","contentUrl":"https:\/\/secure.gravatar.com\/avatar\/884b20ed9d4430c24d77a3ad560b1c21da67bd6992531a1971822779f9988ea5?s=96&d=mm&r=g","caption":"Agathe Ch\u00e9reau"},"url":"https:\/\/www.monaco-tribune.com\/en\/author\/agathechereau\/"}]}},"_links":{"self":[{"href":"https:\/\/www.monaco-tribune.com\/en\/wp-json\/wp\/v2\/posts\/251175","targetHints":{"allow":["GET"]}}],"collection":[{"href":"https:\/\/www.monaco-tribune.com\/en\/wp-json\/wp\/v2\/posts"}],"about":[{"href":"https:\/\/www.monaco-tribune.com\/en\/wp-json\/wp\/v2\/types\/post"}],"author":[{"embeddable":true,"href":"https:\/\/www.monaco-tribune.com\/en\/wp-json\/wp\/v2\/users\/47"}],"replies":[{"embeddable":true,"href":"https:\/\/www.monaco-tribune.com\/en\/wp-json\/wp\/v2\/comments?post=251175"}],"version-history":[{"count":1,"href":"https:\/\/www.monaco-tribune.com\/en\/wp-json\/wp\/v2\/posts\/251175\/revisions"}],"predecessor-version":[{"id":251176,"href":"https:\/\/www.monaco-tribune.com\/en\/wp-json\/wp\/v2\/posts\/251175\/revisions\/251176"}],"wp:featuredmedia":[{"embeddable":true,"href":"https:\/\/www.monaco-tribune.com\/en\/wp-json\/wp\/v2\/media\/251006"}],"wp:attachment":[{"href":"https:\/\/www.monaco-tribune.com\/en\/wp-json\/wp\/v2\/media?parent=251175"}],"wp:term":[{"taxonomy":"category","embeddable":true,"href":"https:\/\/www.monaco-tribune.com\/en\/wp-json\/wp\/v2\/categories?post=251175"},{"taxonomy":"post_tag","embeddable":true,"href":"https:\/\/www.monaco-tribune.com\/en\/wp-json\/wp\/v2\/tags?post=251175"},{"taxonomy":"sectag","embeddable":true,"href":"https:\/\/www.monaco-tribune.com\/en\/wp-json\/wp\/v2\/post_sectags?post=251175"},{"taxonomy":"format","embeddable":true,"href":"https:\/\/www.monaco-tribune.com\/en\/wp-json\/wp\/v2\/post_format?post=251175"}],"curies":[{"name":"wp","href":"https:\/\/api.w.org\/{rel}","templated":true}]}}