{"id":25122,"date":"2020-04-03T12:56:19","date_gmt":"2020-04-03T10:56:19","guid":{"rendered":"https:\/\/www.monaco-tribune.com\/?p=25122"},"modified":"2020-08-19T09:43:48","modified_gmt":"2020-08-19T07:43:48","slug":"pierre-cardins-bubble-palace-architectural-dream-on-the-french-riviera","status":"publish","type":"post","link":"https:\/\/www.monaco-tribune.com\/en\/2020\/04\/pierre-cardins-bubble-palace-architectural-dream-on-the-french-riviera\/","title":{"rendered":"Pierre Cardin&#8217;s Bubble Palace: architectural dream on the French Riviera"},"content":{"rendered":"<p><strong>There are few words that do justice when describing Pierre Cardin\u2019s Bubble House. Nestled in the Riviera hills just outside of Cannes, it has stood for almost 40 years looking out over the Cannes bay. It is both modern and atemporal, innovative and unique while being classically 1960s James Bond-esque.<\/strong><\/p>\n<p>At 1,200m<sup>2<\/sup>, this villa complex sprawls across the Esterel hills, the ochre bleached walls reminiscent of both a spaceship and the cave dwellings that inspired the Hungarian architect Antti Lovag and the initial owner Pierre Bernard. It now belongs to French fashion designer Pierre Cardin, who is often mistaken to have designed the estate himself.<\/p>\n<p>Not a single line within the building is straight. Lovag&#8217;s vision was so closely tied with the circular form as <a href=\"https:\/\/avis-vin.lefigaro.fr\/magazine-vin\/o143091-le-palais-bulles-archi-culte\">he believed that from its &#8220;infinity&#8221; rose the perfect shape<\/a>. This unique house is comprised of multiple spherical modules, dotted with terraces and pools to create the illusion of \u201c<a href=\"https:\/\/www.palaisbulles.com\/explorer.php\">suspension between sea and sky<\/a>\u201d as you look out of the porthole-style windows. Sunlight seeps into every corner of this building, reinforcing the architect&#8217;s desire to reconcile the home with the natural world.<\/p>\n<h2>Bubble Palace in numbers<\/h2>\n<ul>\n<li>A reception room that can seat 350 people<\/li>\n<li>A panoramic living room<\/li>\n<li>10 original suites<\/li>\n<li>A swimming pool and various smaller \u201cponds\u201d<\/li>\n<li>A garden space of 8,500 m<sup>2<\/sup><\/li>\n<li>An open-air amphitheatre of 500 seats<\/li>\n<\/ul>\n<div id=\"attachment_25423\" style=\"width: 910px\" class=\"wp-caption aligncenter\"><img loading=\"lazy\" decoding=\"async\" aria-describedby=\"caption-attachment-25423\" class=\"wp-image-25423\" src=\"https:\/\/www.monaco-tribune.com\/wp-content\/uploads\/2020\/04\/Screenshot-2020-04-02-at-15.01.09-1024x588.png\" alt=\"Le Palais Bulles\" width=\"900\" height=\"517\" srcset=\"https:\/\/www.monaco-tribune.com\/wp-content\/uploads\/2020\/04\/Screenshot-2020-04-02-at-15.01.09-1024x588.png 1024w, https:\/\/www.monaco-tribune.com\/wp-content\/uploads\/2020\/04\/Screenshot-2020-04-02-at-15.01.09-300x172.png 300w, https:\/\/www.monaco-tribune.com\/wp-content\/uploads\/2020\/04\/Screenshot-2020-04-02-at-15.01.09-768x441.png 768w, https:\/\/www.monaco-tribune.com\/wp-content\/uploads\/2020\/04\/Screenshot-2020-04-02-at-15.01.09-1536x882.png 1536w, https:\/\/www.monaco-tribune.com\/wp-content\/uploads\/2020\/04\/Screenshot-2020-04-02-at-15.01.09-254x146.png 254w, https:\/\/www.monaco-tribune.com\/wp-content\/uploads\/2020\/04\/Screenshot-2020-04-02-at-15.01.09-50x29.png 50w, https:\/\/www.monaco-tribune.com\/wp-content\/uploads\/2020\/04\/Screenshot-2020-04-02-at-15.01.09-131x75.png 131w, https:\/\/www.monaco-tribune.com\/wp-content\/uploads\/2020\/04\/Screenshot-2020-04-02-at-15.01.09.png 1996w\" sizes=\"auto, (max-width: 900px) 100vw, 900px\" \/><p id=\"caption-attachment-25423\" class=\"wp-caption-text\">Le Palais Bulles<\/p><\/div>\n<h2>The man behind the curtain<\/h2>\n<p>Built between 1975 and 1989, it was the creation of Lovag, who Bernard commissioned to create what would be their second collaboration. The businessman from Bresse had worked with the architect before on his own home Maison Bernard 10 years earlier, as an admirer of his <a href=\"https:\/\/en.wikipedia.org\/wiki\/Organic_architecture\">organic\u00a0architecture<\/a>.<\/p>\n<div id=\"attachment_25386\" style=\"width: 910px\" class=\"wp-caption aligncenter\"><img loading=\"lazy\" decoding=\"async\" aria-describedby=\"caption-attachment-25386\" class=\"wp-image-25386\" src=\"https:\/\/www.monaco-tribune.com\/wp-content\/uploads\/2020\/04\/maison-bernard-lovag-bernard-palais-bulles.png\" alt=\"maison bernard lovag bernard palais bulles\" width=\"900\" height=\"600\" srcset=\"https:\/\/www.monaco-tribune.com\/wp-content\/uploads\/2020\/04\/maison-bernard-lovag-bernard-palais-bulles.png 1022w, https:\/\/www.monaco-tribune.com\/wp-content\/uploads\/2020\/04\/maison-bernard-lovag-bernard-palais-bulles-300x200.png 300w, https:\/\/www.monaco-tribune.com\/wp-content\/uploads\/2020\/04\/maison-bernard-lovag-bernard-palais-bulles-768x512.png 768w, https:\/\/www.monaco-tribune.com\/wp-content\/uploads\/2020\/04\/maison-bernard-lovag-bernard-palais-bulles-219x146.png 219w, https:\/\/www.monaco-tribune.com\/wp-content\/uploads\/2020\/04\/maison-bernard-lovag-bernard-palais-bulles-50x33.png 50w, https:\/\/www.monaco-tribune.com\/wp-content\/uploads\/2020\/04\/maison-bernard-lovag-bernard-palais-bulles-113x75.png 113w\" sizes=\"auto, (max-width: 900px) 100vw, 900px\" \/><p id=\"caption-attachment-25386\" class=\"wp-caption-text\">Bernard and Lovag at Maison Bernard, c1970 \/ Maison Bernard<\/p><\/div>\n<p>Lovag was a self-proclaimed \u201chabitologist\u201d, an architect who is interested primarily in the home. <a href=\"https:\/\/avis-vin.lefigaro.fr\/magazine-vin\/o143091-le-palais-bulles-archi-culte\">According to Jean-Paul Hesse<\/a>, the current Director of Communications for the estate, Lovag \u201cwanted to design houses that could adapt to man&#8217;s needs as they came about. Fascinated by Inuit peoples, he wanted a home without edges, doors or roofs [&#8230;]. His ideal house should once again become an element of freedom and allow man to reconcile himself with nature.\u201d<\/p>\n<p>In 1992, Cardin acquired it from Bernard. Cardin bought it when it was still technically unfinished, and brought back Lovag to complete his masterpiece.<\/p>\n<p>https:\/\/www.instagram.com\/p\/B3P7bSNn2NL\/<\/p>\n<h2>Feminine forms<\/h2>\n<p>As a return to prehistoric constructions, these spherical abodes mimic early human caves, incorporated with a modern twist of elliptical windows and, of course, lavish interiors. However, since Cardin become the owner, more and more is the estate called \u201cthe body of a woman\u201d, as he himself liked to repeat. Its anthropomorphised form mimics the hips of a Bond girl dancing in the opening credits, undulating walls and doorways echoing the 1960s. It is an avant-garde interpretation of early living that collides with the effortless style of this era.<\/p>\n<div id=\"attachment_25438\" style=\"width: 910px\" class=\"wp-caption aligncenter\"><img loading=\"lazy\" decoding=\"async\" aria-describedby=\"caption-attachment-25438\" class=\"wp-image-25438\" src=\"https:\/\/www.monaco-tribune.com\/wp-content\/uploads\/2020\/04\/Architecture-feminin-Palais-Bulles.jpg\" alt=\"Architecture feminin Palais Bulles\" width=\"900\" height=\"519\" srcset=\"https:\/\/www.monaco-tribune.com\/wp-content\/uploads\/2020\/04\/Architecture-feminin-Palais-Bulles.jpg 1040w, https:\/\/www.monaco-tribune.com\/wp-content\/uploads\/2020\/04\/Architecture-feminin-Palais-Bulles-300x173.jpg 300w, https:\/\/www.monaco-tribune.com\/wp-content\/uploads\/2020\/04\/Architecture-feminin-Palais-Bulles-1024x591.jpg 1024w, https:\/\/www.monaco-tribune.com\/wp-content\/uploads\/2020\/04\/Architecture-feminin-Palais-Bulles-768x443.jpg 768w, https:\/\/www.monaco-tribune.com\/wp-content\/uploads\/2020\/04\/Architecture-feminin-Palais-Bulles-253x146.jpg 253w, https:\/\/www.monaco-tribune.com\/wp-content\/uploads\/2020\/04\/Architecture-feminin-Palais-Bulles-50x29.jpg 50w, https:\/\/www.monaco-tribune.com\/wp-content\/uploads\/2020\/04\/Architecture-feminin-Palais-Bulles-130x75.jpg 130w\" sizes=\"auto, (max-width: 900px) 100vw, 900px\" \/><p id=\"caption-attachment-25438\" class=\"wp-caption-text\">Le Palais Bulles<\/p><\/div>\n<h2>Creative interior design<\/h2>\n<p>The interior is all decorated by contemporary artists, further elevating the status of this villa complex to an artwork. Murals by Patrice Breteau, J\u00e9r\u00f4me Tisserand, Daniel You, Fran\u00e7ois Chauvin and G\u00e9rard Le Cloarec grace the labyrinthine hallways and bubble-shaped rooms. Cardin envisaged the layout of each room, handpicking and even designing the pieces of furniture. A collection of utilitarian sculptures is also on permanent display.<\/p>\n<div id=\"attachment_25442\" style=\"width: 910px\" class=\"wp-caption aligncenter\"><img loading=\"lazy\" decoding=\"async\" aria-describedby=\"caption-attachment-25442\" class=\"wp-image-25442\" src=\"https:\/\/www.monaco-tribune.com\/wp-content\/uploads\/2020\/04\/Salon-Lumineux-Palais-Bulles.jpg\" alt=\"Salon Lumineux Palais Bulles\" width=\"900\" height=\"519\" srcset=\"https:\/\/www.monaco-tribune.com\/wp-content\/uploads\/2020\/04\/Salon-Lumineux-Palais-Bulles.jpg 1040w, https:\/\/www.monaco-tribune.com\/wp-content\/uploads\/2020\/04\/Salon-Lumineux-Palais-Bulles-300x173.jpg 300w, https:\/\/www.monaco-tribune.com\/wp-content\/uploads\/2020\/04\/Salon-Lumineux-Palais-Bulles-1024x591.jpg 1024w, https:\/\/www.monaco-tribune.com\/wp-content\/uploads\/2020\/04\/Salon-Lumineux-Palais-Bulles-768x443.jpg 768w, https:\/\/www.monaco-tribune.com\/wp-content\/uploads\/2020\/04\/Salon-Lumineux-Palais-Bulles-253x146.jpg 253w, https:\/\/www.monaco-tribune.com\/wp-content\/uploads\/2020\/04\/Salon-Lumineux-Palais-Bulles-50x29.jpg 50w, https:\/\/www.monaco-tribune.com\/wp-content\/uploads\/2020\/04\/Salon-Lumineux-Palais-Bulles-130x75.jpg 130w\" sizes=\"auto, (max-width: 900px) 100vw, 900px\" \/><p id=\"caption-attachment-25442\" class=\"wp-caption-text\">Le Palais Bulles<\/p><\/div>\n<div id=\"attachment_25463\" style=\"width: 910px\" class=\"wp-caption aligncenter\"><img loading=\"lazy\" decoding=\"async\" aria-describedby=\"caption-attachment-25463\" class=\"wp-image-25463\" src=\"https:\/\/www.monaco-tribune.com\/wp-content\/uploads\/2020\/04\/palais-bulles-salon-beige.png\" alt=\"palais bulles salon beige\" width=\"900\" height=\"342\" srcset=\"https:\/\/www.monaco-tribune.com\/wp-content\/uploads\/2020\/04\/palais-bulles-salon-beige.png 600w, https:\/\/www.monaco-tribune.com\/wp-content\/uploads\/2020\/04\/palais-bulles-salon-beige-300x114.png 300w, https:\/\/www.monaco-tribune.com\/wp-content\/uploads\/2020\/04\/palais-bulles-salon-beige-260x99.png 260w, https:\/\/www.monaco-tribune.com\/wp-content\/uploads\/2020\/04\/palais-bulles-salon-beige-50x19.png 50w, https:\/\/www.monaco-tribune.com\/wp-content\/uploads\/2020\/04\/palais-bulles-salon-beige-150x57.png 150w\" sizes=\"auto, (max-width: 900px) 100vw, 900px\" \/><p id=\"caption-attachment-25463\" class=\"wp-caption-text\">Le Palais Bulles<\/p><\/div>\n<div id=\"attachment_25454\" style=\"width: 910px\" class=\"wp-caption aligncenter\"><img loading=\"lazy\" decoding=\"async\" aria-describedby=\"caption-attachment-25454\" class=\"wp-image-25454\" src=\"https:\/\/www.monaco-tribune.com\/wp-content\/uploads\/2020\/04\/PALAIS-BULLES-SALON-ROSE.png\" alt=\"PALAIS BULLES SALON ROSE\" width=\"900\" height=\"349\" srcset=\"https:\/\/www.monaco-tribune.com\/wp-content\/uploads\/2020\/04\/PALAIS-BULLES-SALON-ROSE.png 580w, https:\/\/www.monaco-tribune.com\/wp-content\/uploads\/2020\/04\/PALAIS-BULLES-SALON-ROSE-300x116.png 300w, https:\/\/www.monaco-tribune.com\/wp-content\/uploads\/2020\/04\/PALAIS-BULLES-SALON-ROSE-260x101.png 260w, https:\/\/www.monaco-tribune.com\/wp-content\/uploads\/2020\/04\/PALAIS-BULLES-SALON-ROSE-50x19.png 50w, https:\/\/www.monaco-tribune.com\/wp-content\/uploads\/2020\/04\/PALAIS-BULLES-SALON-ROSE-150x58.png 150w\" sizes=\"auto, (max-width: 900px) 100vw, 900px\" \/><p id=\"caption-attachment-25454\" class=\"wp-caption-text\">Le Palais Bulles<\/p><\/div>\n<h2>A natural relationship<\/h2>\n<p>The villa\u2019s intimate relationship between outside and in is reflected across the estate. Luscious palm trees, an endless expanse of sea, and the man-made waterfall built into the house all combine in a utopian creation. Extending from Cannes to Saint-Rapha\u00ebl and the L\u00e9rins Islands, the view itself is an exclusive point from where one can watch the happenings of the bay. On very clear days in winter, it is even possible to see the edge of Corsica.<\/p>\n<p>In 2006, it caused some controversy by being awarded the Patrimoine XXe Si\u00e8cle, a title given by the Minister for Culture to exceptional architectural works.<\/p>\n<h2>Cardin&#8217;s words<\/h2>\n<p>For the current owner, this house is a place of hedonism. He <a href=\"https:\/\/madame.lefigaro.fr\/art-de-vivre\/maison-de-legende-palais-bulles-020814-899479\">told the French newspaper Le Figaro<\/a>, &#8220;I&#8217;ve known nothing but happiness [here], including magical evenings and unforgettable parties. I&#8217;ve hosted many celebrities here. I remember my meeting with Arnold Schwarzenegger. When he saw me, he lifted me by the collar to kiss me. I found myself hanging above the ground, and he said, laughing, &#8216;See how much bigger you are now!'&#8221;<\/p>\n<h2>A unique event space<\/h2>\n<p>It is within the palace&#8217;s celebrity status that you can better understand its artistry. Since 2000, the Bubble Palace was open to Cannes Film Festival goers for after-parties and soir\u00e9es, a symbol of the exclusivity of the residence.<\/p>\n<p>Timelessly fashionable itself, this villa has seen its share of fashion shows: in 2008 and 2015 respectively, Cardin showcased one of his collections while Dior took to the estate to showcase their autumn-winter line. One of the more recent designers to go, albeit for holidays rather than a catwalk opportunity, was Simon Porte Jacquemus.<\/p>\n<div id=\"attachment_25446\" style=\"width: 890px\" class=\"wp-caption aligncenter\"><img loading=\"lazy\" decoding=\"async\" aria-describedby=\"caption-attachment-25446\" class=\"size-full wp-image-25446\" src=\"https:\/\/www.monaco-tribune.com\/wp-content\/uploads\/2020\/04\/Defile_Dior_Palais_Bulles.jpg\" alt=\"Defile_Dior_Palais_Bulles\" width=\"880\" height=\"600\" srcset=\"https:\/\/www.monaco-tribune.com\/wp-content\/uploads\/2020\/04\/Defile_Dior_Palais_Bulles.jpg 880w, https:\/\/www.monaco-tribune.com\/wp-content\/uploads\/2020\/04\/Defile_Dior_Palais_Bulles-300x205.jpg 300w, https:\/\/www.monaco-tribune.com\/wp-content\/uploads\/2020\/04\/Defile_Dior_Palais_Bulles-768x524.jpg 768w, https:\/\/www.monaco-tribune.com\/wp-content\/uploads\/2020\/04\/Defile_Dior_Palais_Bulles-214x146.jpg 214w, https:\/\/www.monaco-tribune.com\/wp-content\/uploads\/2020\/04\/Defile_Dior_Palais_Bulles-50x34.jpg 50w, https:\/\/www.monaco-tribune.com\/wp-content\/uploads\/2020\/04\/Defile_Dior_Palais_Bulles-110x75.jpg 110w\" sizes=\"auto, (max-width: 880px) 100vw, 880px\" \/><p id=\"caption-attachment-25446\" class=\"wp-caption-text\">Le Palais Bulles<\/p><\/div>\n<p>Now the palace is available for film premieres, weddings, and photoshoot, with the entire estate available to rent. No fees are given online but it is reported to put you roughly 27,000\u20ac out of pocket for one day.<\/p>\n","protected":false},"excerpt":{"rendered":"<p>There are few words that do justice when describing Pierre Cardin\u2019s Bubble House. Nestled in the Riviera hills just outside [&hellip;]<\/p>\n","protected":false},"author":26,"featured_media":25419,"comment_status":"closed","ping_status":"open","sticky":false,"template":"","format":"standard","meta":{"_acf_changed":false,"footnotes":""},"categories":[251],"tags":[],"post_sectags":[],"post_format":[],"class_list":["post-25122","post","type-post","status-publish","format-standard","has-post-thumbnail","hentry","category-whats-on"],"acf":[],"yoast_head":"<!-- This site is optimized with the Yoast SEO Premium plugin v26.8 (Yoast SEO v27.4) - https:\/\/yoast.com\/product\/yoast-seo-premium-wordpress\/ -->\n<title>Pierre Cardin&#039;s Bubble Palace: architectural dream on the French Riviera<\/title>\n<meta name=\"description\" content=\"There are few words that do justice when describing Pierre Cardin\u2019s Bubble House. Nestled in the Riviera hills just outside of Cannes, it has stood for\" \/>\n<meta name=\"robots\" content=\"index, follow, max-snippet:-1, max-image-preview:large, max-video-preview:-1\" \/>\n<link rel=\"canonical\" href=\"https:\/\/www.monaco-tribune.com\/en\/2020\/04\/pierre-cardins-bubble-palace-architectural-dream-on-the-french-riviera\/\" \/>\n<meta property=\"og:locale\" content=\"en_US\" \/>\n<meta property=\"og:type\" content=\"article\" \/>\n<meta property=\"og:title\" content=\"Pierre Cardin&#039;s Bubble Palace: architectural dream on the French Riviera - Monaco Tribune\" \/>\n<meta property=\"og:description\" content=\"There are few words that do justice when describing Pierre Cardin\u2019s Bubble House. Nestled in the Riviera hills just outside of Cannes, it has stood for\" \/>\n<meta property=\"og:url\" content=\"https:\/\/www.monaco-tribune.com\/en\/2020\/04\/pierre-cardins-bubble-palace-architectural-dream-on-the-french-riviera\/\" \/>\n<meta property=\"og:site_name\" content=\"Monaco Tribune\" \/>\n<meta property=\"article:publisher\" content=\"https:\/\/www.facebook.com\/MonacoTribune\" \/>\n<meta property=\"article:published_time\" content=\"2020-04-03T10:56:19+00:00\" \/>\n<meta property=\"article:modified_time\" content=\"2020-08-19T07:43:48+00:00\" \/>\n<meta property=\"og:image\" content=\"https:\/\/www.monaco-tribune.com\/wp-content\/uploads\/2020\/04\/Le-Palais-Bulle.png\" \/>\n\t<meta property=\"og:image:width\" content=\"2000\" \/>\n\t<meta property=\"og:image:height\" content=\"1146\" \/>\n\t<meta property=\"og:image:type\" content=\"image\/png\" \/>\n<meta name=\"author\" content=\"Amy Cartledge\" \/>\n<meta name=\"twitter:card\" content=\"summary_large_image\" \/>\n<meta name=\"twitter:creator\" content=\"@MonacoTribune\" \/>\n<meta name=\"twitter:site\" content=\"@MonacoTribune\" \/>\n<script type=\"application\/ld+json\" class=\"yoast-schema-graph\">{\"@context\":\"https:\\\/\\\/schema.org\",\"@graph\":[{\"@type\":\"NewsArticle\",\"@id\":\"https:\\\/\\\/www.monaco-tribune.com\\\/en\\\/2020\\\/04\\\/pierre-cardins-bubble-palace-architectural-dream-on-the-french-riviera\\\/#article\",\"isPartOf\":{\"@id\":\"https:\\\/\\\/www.monaco-tribune.com\\\/en\\\/2020\\\/04\\\/pierre-cardins-bubble-palace-architectural-dream-on-the-french-riviera\\\/\"},\"author\":{\"name\":\"Amy Cartledge\",\"@id\":\"https:\\\/\\\/www.monaco-tribune.com\\\/en\\\/#\\\/schema\\\/person\\\/0dc76d3f32e52ffacdcc2a53b81750df\"},\"headline\":\"Pierre Cardin&#8217;s Bubble Palace: architectural dream on the French Riviera\",\"datePublished\":\"2020-04-03T10:56:19+00:00\",\"dateModified\":\"2020-08-19T07:43:48+00:00\",\"mainEntityOfPage\":{\"@id\":\"https:\\\/\\\/www.monaco-tribune.com\\\/en\\\/2020\\\/04\\\/pierre-cardins-bubble-palace-architectural-dream-on-the-french-riviera\\\/\"},\"wordCount\":947,\"publisher\":{\"@id\":\"https:\\\/\\\/www.monaco-tribune.com\\\/en\\\/#organization\"},\"image\":{\"@id\":\"https:\\\/\\\/www.monaco-tribune.com\\\/en\\\/2020\\\/04\\\/pierre-cardins-bubble-palace-architectural-dream-on-the-french-riviera\\\/#primaryimage\"},\"thumbnailUrl\":\"https:\\\/\\\/www.monaco-tribune.com\\\/wp-content\\\/uploads\\\/2020\\\/04\\\/Le-Palais-Bulle.png\",\"articleSection\":[\"What&#039;s on\"],\"inLanguage\":\"en-US\",\"copyrightYear\":\"2020\",\"copyrightHolder\":{\"@id\":\"https:\\\/\\\/www.monaco-tribune.com\\\/#organization\"}},{\"@type\":\"WebPage\",\"@id\":\"https:\\\/\\\/www.monaco-tribune.com\\\/en\\\/2020\\\/04\\\/pierre-cardins-bubble-palace-architectural-dream-on-the-french-riviera\\\/\",\"url\":\"https:\\\/\\\/www.monaco-tribune.com\\\/en\\\/2020\\\/04\\\/pierre-cardins-bubble-palace-architectural-dream-on-the-french-riviera\\\/\",\"name\":\"Pierre Cardin's Bubble Palace: architectural dream on the French Riviera\",\"isPartOf\":{\"@id\":\"https:\\\/\\\/www.monaco-tribune.com\\\/en\\\/#website\"},\"primaryImageOfPage\":{\"@id\":\"https:\\\/\\\/www.monaco-tribune.com\\\/en\\\/2020\\\/04\\\/pierre-cardins-bubble-palace-architectural-dream-on-the-french-riviera\\\/#primaryimage\"},\"image\":{\"@id\":\"https:\\\/\\\/www.monaco-tribune.com\\\/en\\\/2020\\\/04\\\/pierre-cardins-bubble-palace-architectural-dream-on-the-french-riviera\\\/#primaryimage\"},\"thumbnailUrl\":\"https:\\\/\\\/www.monaco-tribune.com\\\/wp-content\\\/uploads\\\/2020\\\/04\\\/Le-Palais-Bulle.png\",\"datePublished\":\"2020-04-03T10:56:19+00:00\",\"dateModified\":\"2020-08-19T07:43:48+00:00\",\"description\":\"There are few words that do justice when describing Pierre Cardin\u2019s Bubble House. Nestled in the Riviera hills just outside of Cannes, it has stood for\",\"breadcrumb\":{\"@id\":\"https:\\\/\\\/www.monaco-tribune.com\\\/en\\\/2020\\\/04\\\/pierre-cardins-bubble-palace-architectural-dream-on-the-french-riviera\\\/#breadcrumb\"},\"inLanguage\":\"en-US\",\"potentialAction\":[{\"@type\":\"ReadAction\",\"target\":[\"https:\\\/\\\/www.monaco-tribune.com\\\/en\\\/2020\\\/04\\\/pierre-cardins-bubble-palace-architectural-dream-on-the-french-riviera\\\/\"]}]},{\"@type\":\"ImageObject\",\"inLanguage\":\"en-US\",\"@id\":\"https:\\\/\\\/www.monaco-tribune.com\\\/en\\\/2020\\\/04\\\/pierre-cardins-bubble-palace-architectural-dream-on-the-french-riviera\\\/#primaryimage\",\"url\":\"https:\\\/\\\/www.monaco-tribune.com\\\/wp-content\\\/uploads\\\/2020\\\/04\\\/Le-Palais-Bulle.png\",\"contentUrl\":\"https:\\\/\\\/www.monaco-tribune.com\\\/wp-content\\\/uploads\\\/2020\\\/04\\\/Le-Palais-Bulle.png\",\"width\":2000,\"height\":1146,\"caption\":\"Le Palais Bulle\"},{\"@type\":\"BreadcrumbList\",\"@id\":\"https:\\\/\\\/www.monaco-tribune.com\\\/en\\\/2020\\\/04\\\/pierre-cardins-bubble-palace-architectural-dream-on-the-french-riviera\\\/#breadcrumb\",\"itemListElement\":[{\"@type\":\"ListItem\",\"position\":1,\"name\":\"Accueil\",\"item\":\"https:\\\/\\\/www.monaco-tribune.com\\\/en\\\/\"},{\"@type\":\"ListItem\",\"position\":2,\"name\":\"Pierre Cardin&rsquo;s Bubble Palace: architectural dream on the French Riviera\"}]},{\"@type\":\"WebSite\",\"@id\":\"https:\\\/\\\/www.monaco-tribune.com\\\/en\\\/#website\",\"url\":\"https:\\\/\\\/www.monaco-tribune.com\\\/en\\\/\",\"name\":\"Monaco Tribune\",\"description\":\"Monaco : actualit\u00e9s \u00e9conomiques, politiques, culturelles et sportives de Monaco et de la French Riviera.\",\"publisher\":{\"@id\":\"https:\\\/\\\/www.monaco-tribune.com\\\/en\\\/#organization\"},\"potentialAction\":[{\"@type\":\"SearchAction\",\"target\":{\"@type\":\"EntryPoint\",\"urlTemplate\":\"https:\\\/\\\/www.monaco-tribune.com\\\/en\\\/?s={search_term_string}\"},\"query-input\":{\"@type\":\"PropertyValueSpecification\",\"valueRequired\":true,\"valueName\":\"search_term_string\"}}],\"inLanguage\":\"en-US\"},{\"@type\":\"Organization\",\"@id\":\"https:\\\/\\\/www.monaco-tribune.com\\\/en\\\/#organization\",\"name\":\"Monaco Tribune\",\"url\":\"https:\\\/\\\/www.monaco-tribune.com\\\/en\\\/\",\"logo\":{\"@type\":\"ImageObject\",\"inLanguage\":\"en-US\",\"@id\":\"https:\\\/\\\/www.monaco-tribune.com\\\/en\\\/#\\\/schema\\\/logo\\\/image\\\/\",\"url\":\"https:\\\/\\\/www.monaco-tribune.com\\\/wp-content\\\/uploads\\\/2022\\\/11\\\/logo-monaco-tribune.png\",\"contentUrl\":\"https:\\\/\\\/www.monaco-tribune.com\\\/wp-content\\\/uploads\\\/2022\\\/11\\\/logo-monaco-tribune.png\",\"width\":1548,\"height\":600,\"caption\":\"Monaco Tribune\"},\"image\":{\"@id\":\"https:\\\/\\\/www.monaco-tribune.com\\\/en\\\/#\\\/schema\\\/logo\\\/image\\\/\"},\"sameAs\":[\"https:\\\/\\\/www.facebook.com\\\/MonacoTribune\",\"https:\\\/\\\/x.com\\\/MonacoTribune\",\"https:\\\/\\\/www.instagram.com\\\/monacotribune\\\/\",\"https:\\\/\\\/www.linkedin.com\\\/company\\\/monaco-tribune\",\"https:\\\/\\\/www.youtube.com\\\/channel\\\/UCHle1MnG6hw1y4lWKijVbMA\"]},{\"@type\":\"Person\",\"@id\":\"https:\\\/\\\/www.monaco-tribune.com\\\/en\\\/#\\\/schema\\\/person\\\/0dc76d3f32e52ffacdcc2a53b81750df\",\"name\":\"Amy Cartledge\",\"image\":{\"@type\":\"ImageObject\",\"inLanguage\":\"en-US\",\"@id\":\"https:\\\/\\\/secure.gravatar.com\\\/avatar\\\/9a09fffd41bf12133660511cc56cee16139846eca5e17fb39941aeadce044ab5?s=96&d=mm&r=g\",\"url\":\"https:\\\/\\\/secure.gravatar.com\\\/avatar\\\/9a09fffd41bf12133660511cc56cee16139846eca5e17fb39941aeadce044ab5?s=96&d=mm&r=g\",\"contentUrl\":\"https:\\\/\\\/secure.gravatar.com\\\/avatar\\\/9a09fffd41bf12133660511cc56cee16139846eca5e17fb39941aeadce044ab5?s=96&d=mm&r=g\",\"caption\":\"Amy Cartledge\"},\"url\":\"https:\\\/\\\/www.monaco-tribune.com\\\/en\\\/author\\\/amy-cartledge\\\/\"}]}<\/script>\n<!-- \/ Yoast SEO Premium plugin. -->","yoast_head_json":{"title":"Pierre Cardin's Bubble Palace: architectural dream on the French Riviera","description":"There are few words that do justice when describing Pierre Cardin\u2019s Bubble House. Nestled in the Riviera hills just outside of Cannes, it has stood for","robots":{"index":"index","follow":"follow","max-snippet":"max-snippet:-1","max-image-preview":"max-image-preview:large","max-video-preview":"max-video-preview:-1"},"canonical":"https:\/\/www.monaco-tribune.com\/en\/2020\/04\/pierre-cardins-bubble-palace-architectural-dream-on-the-french-riviera\/","og_locale":"en_US","og_type":"article","og_title":"Pierre Cardin's Bubble Palace: architectural dream on the French Riviera - Monaco Tribune","og_description":"There are few words that do justice when describing Pierre Cardin\u2019s Bubble House. Nestled in the Riviera hills just outside of Cannes, it has stood for","og_url":"https:\/\/www.monaco-tribune.com\/en\/2020\/04\/pierre-cardins-bubble-palace-architectural-dream-on-the-french-riviera\/","og_site_name":"Monaco Tribune","article_publisher":"https:\/\/www.facebook.com\/MonacoTribune","article_published_time":"2020-04-03T10:56:19+00:00","article_modified_time":"2020-08-19T07:43:48+00:00","og_image":[{"width":2000,"height":1146,"url":"https:\/\/www.monaco-tribune.com\/wp-content\/uploads\/2020\/04\/Le-Palais-Bulle.png","type":"image\/png"}],"author":"Amy Cartledge","twitter_card":"summary_large_image","twitter_creator":"@MonacoTribune","twitter_site":"@MonacoTribune","schema":{"@context":"https:\/\/schema.org","@graph":[{"@type":"NewsArticle","@id":"https:\/\/www.monaco-tribune.com\/en\/2020\/04\/pierre-cardins-bubble-palace-architectural-dream-on-the-french-riviera\/#article","isPartOf":{"@id":"https:\/\/www.monaco-tribune.com\/en\/2020\/04\/pierre-cardins-bubble-palace-architectural-dream-on-the-french-riviera\/"},"author":{"name":"Amy Cartledge","@id":"https:\/\/www.monaco-tribune.com\/en\/#\/schema\/person\/0dc76d3f32e52ffacdcc2a53b81750df"},"headline":"Pierre Cardin&#8217;s Bubble Palace: architectural dream on the French Riviera","datePublished":"2020-04-03T10:56:19+00:00","dateModified":"2020-08-19T07:43:48+00:00","mainEntityOfPage":{"@id":"https:\/\/www.monaco-tribune.com\/en\/2020\/04\/pierre-cardins-bubble-palace-architectural-dream-on-the-french-riviera\/"},"wordCount":947,"publisher":{"@id":"https:\/\/www.monaco-tribune.com\/en\/#organization"},"image":{"@id":"https:\/\/www.monaco-tribune.com\/en\/2020\/04\/pierre-cardins-bubble-palace-architectural-dream-on-the-french-riviera\/#primaryimage"},"thumbnailUrl":"https:\/\/www.monaco-tribune.com\/wp-content\/uploads\/2020\/04\/Le-Palais-Bulle.png","articleSection":["What&#039;s on"],"inLanguage":"en-US","copyrightYear":"2020","copyrightHolder":{"@id":"https:\/\/www.monaco-tribune.com\/#organization"}},{"@type":"WebPage","@id":"https:\/\/www.monaco-tribune.com\/en\/2020\/04\/pierre-cardins-bubble-palace-architectural-dream-on-the-french-riviera\/","url":"https:\/\/www.monaco-tribune.com\/en\/2020\/04\/pierre-cardins-bubble-palace-architectural-dream-on-the-french-riviera\/","name":"Pierre Cardin's Bubble Palace: architectural dream on the French Riviera","isPartOf":{"@id":"https:\/\/www.monaco-tribune.com\/en\/#website"},"primaryImageOfPage":{"@id":"https:\/\/www.monaco-tribune.com\/en\/2020\/04\/pierre-cardins-bubble-palace-architectural-dream-on-the-french-riviera\/#primaryimage"},"image":{"@id":"https:\/\/www.monaco-tribune.com\/en\/2020\/04\/pierre-cardins-bubble-palace-architectural-dream-on-the-french-riviera\/#primaryimage"},"thumbnailUrl":"https:\/\/www.monaco-tribune.com\/wp-content\/uploads\/2020\/04\/Le-Palais-Bulle.png","datePublished":"2020-04-03T10:56:19+00:00","dateModified":"2020-08-19T07:43:48+00:00","description":"There are few words that do justice when describing Pierre Cardin\u2019s Bubble House. Nestled in the Riviera hills just outside of Cannes, it has stood for","breadcrumb":{"@id":"https:\/\/www.monaco-tribune.com\/en\/2020\/04\/pierre-cardins-bubble-palace-architectural-dream-on-the-french-riviera\/#breadcrumb"},"inLanguage":"en-US","potentialAction":[{"@type":"ReadAction","target":["https:\/\/www.monaco-tribune.com\/en\/2020\/04\/pierre-cardins-bubble-palace-architectural-dream-on-the-french-riviera\/"]}]},{"@type":"ImageObject","inLanguage":"en-US","@id":"https:\/\/www.monaco-tribune.com\/en\/2020\/04\/pierre-cardins-bubble-palace-architectural-dream-on-the-french-riviera\/#primaryimage","url":"https:\/\/www.monaco-tribune.com\/wp-content\/uploads\/2020\/04\/Le-Palais-Bulle.png","contentUrl":"https:\/\/www.monaco-tribune.com\/wp-content\/uploads\/2020\/04\/Le-Palais-Bulle.png","width":2000,"height":1146,"caption":"Le Palais Bulle"},{"@type":"BreadcrumbList","@id":"https:\/\/www.monaco-tribune.com\/en\/2020\/04\/pierre-cardins-bubble-palace-architectural-dream-on-the-french-riviera\/#breadcrumb","itemListElement":[{"@type":"ListItem","position":1,"name":"Accueil","item":"https:\/\/www.monaco-tribune.com\/en\/"},{"@type":"ListItem","position":2,"name":"Pierre Cardin&rsquo;s Bubble Palace: architectural dream on the French Riviera"}]},{"@type":"WebSite","@id":"https:\/\/www.monaco-tribune.com\/en\/#website","url":"https:\/\/www.monaco-tribune.com\/en\/","name":"Monaco Tribune","description":"Monaco : actualit\u00e9s \u00e9conomiques, politiques, culturelles et sportives de Monaco et de la French Riviera.","publisher":{"@id":"https:\/\/www.monaco-tribune.com\/en\/#organization"},"potentialAction":[{"@type":"SearchAction","target":{"@type":"EntryPoint","urlTemplate":"https:\/\/www.monaco-tribune.com\/en\/?s={search_term_string}"},"query-input":{"@type":"PropertyValueSpecification","valueRequired":true,"valueName":"search_term_string"}}],"inLanguage":"en-US"},{"@type":"Organization","@id":"https:\/\/www.monaco-tribune.com\/en\/#organization","name":"Monaco Tribune","url":"https:\/\/www.monaco-tribune.com\/en\/","logo":{"@type":"ImageObject","inLanguage":"en-US","@id":"https:\/\/www.monaco-tribune.com\/en\/#\/schema\/logo\/image\/","url":"https:\/\/www.monaco-tribune.com\/wp-content\/uploads\/2022\/11\/logo-monaco-tribune.png","contentUrl":"https:\/\/www.monaco-tribune.com\/wp-content\/uploads\/2022\/11\/logo-monaco-tribune.png","width":1548,"height":600,"caption":"Monaco Tribune"},"image":{"@id":"https:\/\/www.monaco-tribune.com\/en\/#\/schema\/logo\/image\/"},"sameAs":["https:\/\/www.facebook.com\/MonacoTribune","https:\/\/x.com\/MonacoTribune","https:\/\/www.instagram.com\/monacotribune\/","https:\/\/www.linkedin.com\/company\/monaco-tribune","https:\/\/www.youtube.com\/channel\/UCHle1MnG6hw1y4lWKijVbMA"]},{"@type":"Person","@id":"https:\/\/www.monaco-tribune.com\/en\/#\/schema\/person\/0dc76d3f32e52ffacdcc2a53b81750df","name":"Amy Cartledge","image":{"@type":"ImageObject","inLanguage":"en-US","@id":"https:\/\/secure.gravatar.com\/avatar\/9a09fffd41bf12133660511cc56cee16139846eca5e17fb39941aeadce044ab5?s=96&d=mm&r=g","url":"https:\/\/secure.gravatar.com\/avatar\/9a09fffd41bf12133660511cc56cee16139846eca5e17fb39941aeadce044ab5?s=96&d=mm&r=g","contentUrl":"https:\/\/secure.gravatar.com\/avatar\/9a09fffd41bf12133660511cc56cee16139846eca5e17fb39941aeadce044ab5?s=96&d=mm&r=g","caption":"Amy Cartledge"},"url":"https:\/\/www.monaco-tribune.com\/en\/author\/amy-cartledge\/"}]}},"_links":{"self":[{"href":"https:\/\/www.monaco-tribune.com\/en\/wp-json\/wp\/v2\/posts\/25122","targetHints":{"allow":["GET"]}}],"collection":[{"href":"https:\/\/www.monaco-tribune.com\/en\/wp-json\/wp\/v2\/posts"}],"about":[{"href":"https:\/\/www.monaco-tribune.com\/en\/wp-json\/wp\/v2\/types\/post"}],"author":[{"embeddable":true,"href":"https:\/\/www.monaco-tribune.com\/en\/wp-json\/wp\/v2\/users\/26"}],"replies":[{"embeddable":true,"href":"https:\/\/www.monaco-tribune.com\/en\/wp-json\/wp\/v2\/comments?post=25122"}],"version-history":[{"count":0,"href":"https:\/\/www.monaco-tribune.com\/en\/wp-json\/wp\/v2\/posts\/25122\/revisions"}],"wp:featuredmedia":[{"embeddable":true,"href":"https:\/\/www.monaco-tribune.com\/en\/wp-json\/wp\/v2\/media\/25419"}],"wp:attachment":[{"href":"https:\/\/www.monaco-tribune.com\/en\/wp-json\/wp\/v2\/media?parent=25122"}],"wp:term":[{"taxonomy":"category","embeddable":true,"href":"https:\/\/www.monaco-tribune.com\/en\/wp-json\/wp\/v2\/categories?post=25122"},{"taxonomy":"post_tag","embeddable":true,"href":"https:\/\/www.monaco-tribune.com\/en\/wp-json\/wp\/v2\/tags?post=25122"},{"taxonomy":"sectag","embeddable":true,"href":"https:\/\/www.monaco-tribune.com\/en\/wp-json\/wp\/v2\/post_sectags?post=25122"},{"taxonomy":"format","embeddable":true,"href":"https:\/\/www.monaco-tribune.com\/en\/wp-json\/wp\/v2\/post_format?post=25122"}],"curies":[{"name":"wp","href":"https:\/\/api.w.org\/{rel}","templated":true}]}}