{"id":253567,"date":"2024-10-07T12:03:40","date_gmt":"2024-10-07T10:03:40","guid":{"rendered":"https:\/\/www.monaco-tribune.com\/2024\/10\/princess-charlene-lights-up-monte-carlo-casino-for-pink-october\/"},"modified":"2024-10-07T12:09:43","modified_gmt":"2024-10-07T10:09:43","slug":"princess-charlene-lights-up-monte-carlo-casino-for-pink-october","status":"publish","type":"post","link":"https:\/\/www.monaco-tribune.com\/en\/2024\/10\/princess-charlene-lights-up-monte-carlo-casino-for-pink-october\/","title":{"rendered":"Princess Charlene lights up Monte-Carlo Casino for Pink October"},"content":{"rendered":"\n<p><strong>On Friday 4 October, the Place du Casino was decked out in pink under the patronage of Princess Charlene, who was appointed Honorary President of the Pink Ribbon Monaco non-profit in January. The event kicked off Octobre Rose (Pink October), a worldwide campaign to raise awareness of, and combat, breast cancer.<\/strong><\/p>\n\n<p>Every year, Pink Ribbon Monaco lights up some of the Principality&#8217;s most emblematic landmarks, to raise awareness about this vital cause. Since its creation in 2011, the charity has proved to be a mainstay in the fight against breast cancer.<\/p>\n\n<p>By focusing on education and prevention, the aim is to inform the public about the importance of early detection. Thanks to <a href=\"https:\/\/www.monaco-tribune.com\/en\/2024\/01\/princess-charlene-now-honorary-president-of-pink-ribbon-monaco\/\">Princess Charlene&#8217;s involvement<\/a>, the charity is able to strengthen its message and commitment to women&#8217;s health.<\/p>\n\n<h2 class=\"wp-block-heading\" id=\"h-natasha-frost-savio-la-force-derriere-l-association\">Natasha Frost-Savio :the driving force behind the charity<\/h2>\n\n<p>As head of Pink Ribbon, Natasha Frost-Savio is determination personified. Raised between London, Monaco and Los Angeles, she was deeply affected by breast cancer, having seen her grandmother battle the disease. Her experience has led her to take action to challenge taboos and encourage screening.<\/p>\n\n<p>Natasha believes that it is essential for every woman to make preventive measures part of her routine. <em>&#8220;Early awareness must become second nature,&#8221;<\/em> she says, forcefully.<\/p>\n\n<h2 class=\"wp-block-heading\" id=\"h-monaco-un-lieu-d-espoir-et-de-solidarite\">Monaco: a beacon of hope and solidarity<\/h2>\n\n<p>With a burning desire to see things change, Natasha firmly believes that Monaco, with its cultural diversity, is the ideal place to carry out that mission. <em>&#8220;All the different communities come together here. That&#8217;s the beauty of it,&#8221;<\/em> she says.<\/p>\n\n<p>Lighting the Place du Casino in pink is not just a pretty picture, but a call to action for a future without breast cancer.<\/p>\n\n<figure class=\"wp-block-gallery has-nested-images columns-default is-cropped wp-block-gallery-1 is-layout-flex wp-block-gallery-is-layout-flex\"><div class=\"wp-block-image\">\n<figure class=\"aligncenter size-large\"><img loading=\"lazy\" decoding=\"async\" width=\"1024\" height=\"683\" data-id=\"253484\" src=\"https:\/\/www.monaco-tribune.com\/wp-content\/uploads\/2024\/10\/eric-mathon-palais-princier7-1024x683.jpg\" alt=\"\" class=\"wp-image-253484\" srcset=\"https:\/\/www.monaco-tribune.com\/wp-content\/uploads\/2024\/10\/eric-mathon-palais-princier7-1024x683.jpg 1024w, https:\/\/www.monaco-tribune.com\/wp-content\/uploads\/2024\/10\/eric-mathon-palais-princier7-450x300.jpg 450w, https:\/\/www.monaco-tribune.com\/wp-content\/uploads\/2024\/10\/eric-mathon-palais-princier7.jpg 1199w\" sizes=\"auto, (max-width: 1024px) 100vw, 1024px\" \/><\/figure>\n<\/div>\n\n<div class=\"wp-block-image\">\n<figure class=\"aligncenter size-large\"><img loading=\"lazy\" decoding=\"async\" width=\"1024\" height=\"683\" data-id=\"253474\" src=\"https:\/\/www.monaco-tribune.com\/wp-content\/uploads\/2024\/10\/eric-mathon-palais-princier2-1024x683.jpg\" alt=\"\" class=\"wp-image-253474\" srcset=\"https:\/\/www.monaco-tribune.com\/wp-content\/uploads\/2024\/10\/eric-mathon-palais-princier2-1024x683.jpg 1024w, https:\/\/www.monaco-tribune.com\/wp-content\/uploads\/2024\/10\/eric-mathon-palais-princier2-450x300.jpg 450w, https:\/\/www.monaco-tribune.com\/wp-content\/uploads\/2024\/10\/eric-mathon-palais-princier2.jpg 1440w\" sizes=\"auto, (max-width: 1024px) 100vw, 1024px\" \/><figcaption class=\"wp-element-caption\"><em>Princess Charlene, Natasha Frost-Savio and St\u00e9phane Valeri, CEO of the Soci\u00e9t\u00e9 des Bains de Mer<\/em><\/figcaption><\/figure>\n<\/div>\n\n<div class=\"wp-block-image\">\n<figure class=\"aligncenter size-large\"><img loading=\"lazy\" decoding=\"async\" width=\"1024\" height=\"683\" data-id=\"253461\" src=\"https:\/\/www.monaco-tribune.com\/wp-content\/uploads\/2024\/10\/eric-mathon-palais-princier-1024x683.jpg\" alt=\"\" class=\"wp-image-253461\" srcset=\"https:\/\/www.monaco-tribune.com\/wp-content\/uploads\/2024\/10\/eric-mathon-palais-princier-1024x683.jpg 1024w, https:\/\/www.monaco-tribune.com\/wp-content\/uploads\/2024\/10\/eric-mathon-palais-princier-450x300.jpg 450w, https:\/\/www.monaco-tribune.com\/wp-content\/uploads\/2024\/10\/eric-mathon-palais-princier.jpg 1440w\" sizes=\"auto, (max-width: 1024px) 100vw, 1024px\" \/><figcaption class=\"wp-element-caption\"><em>Mathilde Le Clerc, Christophe Robino, St\u00e9phane Valeri, Princesse Charlen, Natasha Frost-Savio, C\u00e9line Cottalorda and Beno\u00eete Rousseau de Sevelinges<\/em><\/figcaption><\/figure>\n<\/div>\n\n<div class=\"wp-block-image\">\n<figure class=\"aligncenter size-large\"><img loading=\"lazy\" decoding=\"async\" width=\"683\" height=\"1024\" data-id=\"253472\" src=\"https:\/\/www.monaco-tribune.com\/wp-content\/uploads\/2024\/10\/eric-mathon-palais-princier5-683x1024.jpg\" alt=\"\" class=\"wp-image-253472\" srcset=\"https:\/\/www.monaco-tribune.com\/wp-content\/uploads\/2024\/10\/eric-mathon-palais-princier5-683x1024.jpg 683w, https:\/\/www.monaco-tribune.com\/wp-content\/uploads\/2024\/10\/eric-mathon-palais-princier5-200x300.jpg 200w, https:\/\/www.monaco-tribune.com\/wp-content\/uploads\/2024\/10\/eric-mathon-palais-princier5.jpg 1366w\" sizes=\"auto, (max-width: 683px) 100vw, 683px\" \/><\/figure>\n<\/div>\n\n<div class=\"wp-block-image\">\n<figure class=\"aligncenter size-large\"><img decoding=\"async\" data-id=\"253516\" src=\"https:\/\/www.monaco-tribune.com\/wp-content\/uploads\/2024\/10\/&#xA9;-direction-de-la-communication-stephane-danna8-1024x683.jpg\" alt=\"\" class=\"wp-image-253516\"\/><\/figure>\n<\/div>\n\n<div class=\"wp-block-image\">\n<figure class=\"aligncenter size-large\"><img decoding=\"async\" data-id=\"253520\" src=\"https:\/\/www.monaco-tribune.com\/wp-content\/uploads\/2024\/10\/&#xA9;-direction-de-la-communication-stephane-danna5-1024x683.jpg\" alt=\"\" class=\"wp-image-253520\"\/><\/figure>\n<\/div>\n\n<div class=\"wp-block-image\">\n<figure class=\"aligncenter size-large\"><img decoding=\"async\" data-id=\"253515\" src=\"https:\/\/www.monaco-tribune.com\/wp-content\/uploads\/2024\/10\/&#xA9;-direction-de-la-communication-stephane-danna3-1024x683.jpg\" alt=\"\" class=\"wp-image-253515\"\/><\/figure>\n<\/div>\n\n<div class=\"wp-block-image\">\n<figure class=\"aligncenter size-large\"><img decoding=\"async\" data-id=\"253521\" src=\"https:\/\/www.monaco-tribune.com\/wp-content\/uploads\/2024\/10\/&#xA9;-direction-de-la-communication-stephane-danna-1024x683.jpg\" alt=\"\" class=\"wp-image-253521\"\/><\/figure>\n<\/div>\n\n<div class=\"wp-block-image\">\n<figure class=\"aligncenter size-large\"><img decoding=\"async\" data-id=\"253531\" src=\"https:\/\/www.monaco-tribune.com\/wp-content\/uploads\/2024\/10\/&#xA9;-direction-de-la-communication-stephane-danna6-1024x683.jpg\" alt=\"\" class=\"wp-image-253531\"\/><\/figure>\n<\/div>\n\n<div class=\"wp-block-image\">\n<figure class=\"aligncenter size-large\"><img loading=\"lazy\" decoding=\"async\" width=\"1024\" height=\"683\" data-id=\"253460\" src=\"https:\/\/www.monaco-tribune.com\/wp-content\/uploads\/2024\/10\/eric-mathon-palais-princier3-1024x683.jpg\" alt=\"\" class=\"wp-image-253460\" srcset=\"https:\/\/www.monaco-tribune.com\/wp-content\/uploads\/2024\/10\/eric-mathon-palais-princier3-1024x683.jpg 1024w, https:\/\/www.monaco-tribune.com\/wp-content\/uploads\/2024\/10\/eric-mathon-palais-princier3-450x300.jpg 450w, https:\/\/www.monaco-tribune.com\/wp-content\/uploads\/2024\/10\/eric-mathon-palais-princier3.jpg 1440w\" sizes=\"auto, (max-width: 1024px) 100vw, 1024px\" \/><\/figure>\n<\/div>\n\n<div class=\"wp-block-image\">\n<figure class=\"aligncenter size-large\"><img loading=\"lazy\" decoding=\"async\" width=\"1024\" height=\"683\" data-id=\"253467\" src=\"https:\/\/www.monaco-tribune.com\/wp-content\/uploads\/2024\/10\/eric-mathon-palais-princier6-1024x683.jpg\" alt=\"\" class=\"wp-image-253467\" srcset=\"https:\/\/www.monaco-tribune.com\/wp-content\/uploads\/2024\/10\/eric-mathon-palais-princier6-1024x683.jpg 1024w, https:\/\/www.monaco-tribune.com\/wp-content\/uploads\/2024\/10\/eric-mathon-palais-princier6-450x300.jpg 450w, https:\/\/www.monaco-tribune.com\/wp-content\/uploads\/2024\/10\/eric-mathon-palais-princier6.jpg 1440w\" sizes=\"auto, (max-width: 1024px) 100vw, 1024px\" \/><\/figure>\n<\/div>\n\n<div class=\"wp-block-image\">\n<figure class=\"aligncenter size-large\"><img decoding=\"async\" data-id=\"253505\" src=\"https:\/\/www.monaco-tribune.com\/wp-content\/uploads\/2024\/10\/&#xA9;-direction-de-la-communication-stephane-danna2-1-1024x683.jpg\" alt=\"\" class=\"wp-image-253505\"\/><\/figure>\n<\/div>\n\n<div class=\"wp-block-image\">\n<figure class=\"aligncenter size-large\"><img decoding=\"async\" data-id=\"253506\" src=\"https:\/\/www.monaco-tribune.com\/wp-content\/uploads\/2024\/10\/&#xA9;-direction-de-la-communication-stephane-danna4-1-1024x683.jpg\" alt=\"\" class=\"wp-image-253506\"\/><\/figure>\n<\/div>\n\n<div class=\"wp-block-image\">\n<figure class=\"aligncenter size-large\"><img decoding=\"async\" data-id=\"253512\" src=\"https:\/\/www.monaco-tribune.com\/wp-content\/uploads\/2024\/10\/&#xA9;-direction-de-la-communication-stephane-danna7-1-1024x683.jpg\" alt=\"\" class=\"wp-image-253512\"\/><\/figure>\n<\/div>\n\n<div class=\"wp-block-image\">\n<figure class=\"aligncenter size-large\"><img decoding=\"async\" data-id=\"253514\" src=\"https:\/\/www.monaco-tribune.com\/wp-content\/uploads\/2024\/10\/&#xA9;-direction-de-la-communication-stephane-danna9-1024x683.jpg\" alt=\"\" class=\"wp-image-253514\"\/><\/figure>\n<\/div><\/figure>\n\n<p><em>Photo credits: \u00c9ric Mathon \/ Prince&#8217;s Palace and St\u00e9phane Danna \/ Communication Department.<\/em><\/p>\n\n<p class=\"related\"><a href=\"https:\/\/www.monaco-tribune.com\/en\/2022\/10\/octobre-rose-the-chpg-answers-your-questions\/\">Octobre Rose: the CHPG answers your questions<\/a><\/p>\n","protected":false},"excerpt":{"rendered":"<p>On Friday 4 October, the Place du Casino was decked out in pink under the patronage of Princess Charlene, who [&hellip;]<\/p>\n","protected":false},"author":77,"featured_media":253457,"comment_status":"closed","ping_status":"closed","sticky":false,"template":"","format":"standard","meta":{"_acf_changed":false,"footnotes":""},"categories":[1825,243,254],"tags":[2938],"post_sectags":[4473,5153,3296],"post_format":[2462],"class_list":["post-253567","post","type-post","status-publish","format-standard","has-post-thumbnail","hentry","category-editors-choice","category-news","category-people-en","tag-health-en","sectag-pink-october","sectag-pink-ribbon-en","sectag-princess-charlene","format-photos-en"],"acf":[],"yoast_head":"<!-- This site is optimized with the Yoast SEO Premium plugin v26.8 (Yoast SEO v27.4) - https:\/\/yoast.com\/product\/yoast-seo-premium-wordpress\/ -->\n<title>Princess Charlene lights up Monte-Carlo Casino for Pink October<\/title>\n<meta name=\"description\" content=\"On Friday 4 October, the Place du Casino was decked out in pink under the patronage of Princess Charlene, who was appointed Honorary President of the Pink\" \/>\n<meta name=\"robots\" content=\"index, follow, max-snippet:-1, max-image-preview:large, max-video-preview:-1\" \/>\n<link rel=\"canonical\" href=\"https:\/\/www.monaco-tribune.com\/en\/2024\/10\/princess-charlene-lights-up-monte-carlo-casino-for-pink-october\/\" \/>\n<meta property=\"og:locale\" content=\"en_US\" \/>\n<meta property=\"og:type\" content=\"article\" \/>\n<meta property=\"og:title\" content=\"Princess Charlene lights up Monte-Carlo Casino for Pink October - Monaco Tribune\" \/>\n<meta property=\"og:description\" content=\"On Friday 4 October, the Place du Casino was decked out in pink under the patronage of Princess Charlene, who was appointed Honorary President of the Pink\" \/>\n<meta property=\"og:url\" content=\"https:\/\/www.monaco-tribune.com\/en\/2024\/10\/princess-charlene-lights-up-monte-carlo-casino-for-pink-october\/\" \/>\n<meta property=\"og:site_name\" content=\"Monaco Tribune\" \/>\n<meta property=\"article:publisher\" content=\"https:\/\/www.facebook.com\/MonacoTribune\" \/>\n<meta property=\"article:published_time\" content=\"2024-10-07T10:03:40+00:00\" \/>\n<meta property=\"article:modified_time\" content=\"2024-10-07T10:09:43+00:00\" \/>\n<meta property=\"og:image\" content=\"https:\/\/www.monaco-tribune.com\/wp-content\/uploads\/2024\/10\/eric-mathon-palais-princier4.jpg\" \/>\n\t<meta property=\"og:image:width\" content=\"1440\" \/>\n\t<meta property=\"og:image:height\" content=\"961\" \/>\n\t<meta property=\"og:image:type\" content=\"image\/jpeg\" \/>\n<meta name=\"author\" content=\"Ana\u00efs Riu\" \/>\n<meta name=\"twitter:card\" content=\"summary_large_image\" \/>\n<meta name=\"twitter:creator\" content=\"@MonacoTribune\" \/>\n<meta name=\"twitter:site\" content=\"@MonacoTribune\" \/>\n<script type=\"application\/ld+json\" class=\"yoast-schema-graph\">{\"@context\":\"https:\\\/\\\/schema.org\",\"@graph\":[{\"@type\":\"NewsArticle\",\"@id\":\"https:\\\/\\\/www.monaco-tribune.com\\\/en\\\/2024\\\/10\\\/princess-charlene-lights-up-monte-carlo-casino-for-pink-october\\\/#article\",\"isPartOf\":{\"@id\":\"https:\\\/\\\/www.monaco-tribune.com\\\/en\\\/2024\\\/10\\\/princess-charlene-lights-up-monte-carlo-casino-for-pink-october\\\/\"},\"author\":{\"name\":\"Ana\u00efs Riu\",\"@id\":\"https:\\\/\\\/www.monaco-tribune.com\\\/en\\\/#\\\/schema\\\/person\\\/6db631c784f2f0eff54c3ca4d1da2d49\"},\"headline\":\"Princess Charlene lights up Monte-Carlo Casino for Pink October\",\"datePublished\":\"2024-10-07T10:03:40+00:00\",\"dateModified\":\"2024-10-07T10:09:43+00:00\",\"mainEntityOfPage\":{\"@id\":\"https:\\\/\\\/www.monaco-tribune.com\\\/en\\\/2024\\\/10\\\/princess-charlene-lights-up-monte-carlo-casino-for-pink-october\\\/\"},\"wordCount\":347,\"publisher\":{\"@id\":\"https:\\\/\\\/www.monaco-tribune.com\\\/en\\\/#organization\"},\"image\":{\"@id\":\"https:\\\/\\\/www.monaco-tribune.com\\\/en\\\/2024\\\/10\\\/princess-charlene-lights-up-monte-carlo-casino-for-pink-october\\\/#primaryimage\"},\"thumbnailUrl\":\"https:\\\/\\\/www.monaco-tribune.com\\\/wp-content\\\/uploads\\\/2024\\\/10\\\/eric-mathon-palais-princier4.jpg\",\"keywords\":[\"Health\"],\"articleSection\":[\"Editor&#039;s choice\",\"News\",\"Princely Family\"],\"inLanguage\":\"en-US\",\"copyrightYear\":\"2024\",\"copyrightHolder\":{\"@id\":\"https:\\\/\\\/www.monaco-tribune.com\\\/#organization\"}},{\"@type\":\"WebPage\",\"@id\":\"https:\\\/\\\/www.monaco-tribune.com\\\/en\\\/2024\\\/10\\\/princess-charlene-lights-up-monte-carlo-casino-for-pink-october\\\/\",\"url\":\"https:\\\/\\\/www.monaco-tribune.com\\\/en\\\/2024\\\/10\\\/princess-charlene-lights-up-monte-carlo-casino-for-pink-october\\\/\",\"name\":\"Princess Charlene lights up Monte-Carlo Casino for Pink October\",\"isPartOf\":{\"@id\":\"https:\\\/\\\/www.monaco-tribune.com\\\/en\\\/#website\"},\"primaryImageOfPage\":{\"@id\":\"https:\\\/\\\/www.monaco-tribune.com\\\/en\\\/2024\\\/10\\\/princess-charlene-lights-up-monte-carlo-casino-for-pink-october\\\/#primaryimage\"},\"image\":{\"@id\":\"https:\\\/\\\/www.monaco-tribune.com\\\/en\\\/2024\\\/10\\\/princess-charlene-lights-up-monte-carlo-casino-for-pink-october\\\/#primaryimage\"},\"thumbnailUrl\":\"https:\\\/\\\/www.monaco-tribune.com\\\/wp-content\\\/uploads\\\/2024\\\/10\\\/eric-mathon-palais-princier4.jpg\",\"datePublished\":\"2024-10-07T10:03:40+00:00\",\"dateModified\":\"2024-10-07T10:09:43+00:00\",\"description\":\"On Friday 4 October, the Place du Casino was decked out in pink under the patronage of Princess Charlene, who was appointed Honorary President of the Pink\",\"breadcrumb\":{\"@id\":\"https:\\\/\\\/www.monaco-tribune.com\\\/en\\\/2024\\\/10\\\/princess-charlene-lights-up-monte-carlo-casino-for-pink-october\\\/#breadcrumb\"},\"inLanguage\":\"en-US\",\"potentialAction\":[{\"@type\":\"ReadAction\",\"target\":[\"https:\\\/\\\/www.monaco-tribune.com\\\/en\\\/2024\\\/10\\\/princess-charlene-lights-up-monte-carlo-casino-for-pink-october\\\/\"]}]},{\"@type\":\"ImageObject\",\"inLanguage\":\"en-US\",\"@id\":\"https:\\\/\\\/www.monaco-tribune.com\\\/en\\\/2024\\\/10\\\/princess-charlene-lights-up-monte-carlo-casino-for-pink-october\\\/#primaryimage\",\"url\":\"https:\\\/\\\/www.monaco-tribune.com\\\/wp-content\\\/uploads\\\/2024\\\/10\\\/eric-mathon-palais-princier4.jpg\",\"contentUrl\":\"https:\\\/\\\/www.monaco-tribune.com\\\/wp-content\\\/uploads\\\/2024\\\/10\\\/eric-mathon-palais-princier4.jpg\",\"width\":1440,\"height\":961,\"caption\":\"Pink Ribbon is in its 14th year in Monaco \u00a9 \u00c9ric Mathon \\\/ Prince's Palace\"},{\"@type\":\"BreadcrumbList\",\"@id\":\"https:\\\/\\\/www.monaco-tribune.com\\\/en\\\/2024\\\/10\\\/princess-charlene-lights-up-monte-carlo-casino-for-pink-october\\\/#breadcrumb\",\"itemListElement\":[{\"@type\":\"ListItem\",\"position\":1,\"name\":\"Accueil\",\"item\":\"https:\\\/\\\/www.monaco-tribune.com\\\/en\\\/\"},{\"@type\":\"ListItem\",\"position\":2,\"name\":\"Princess Charlene lights up Monte-Carlo Casino for Pink October\"}]},{\"@type\":\"WebSite\",\"@id\":\"https:\\\/\\\/www.monaco-tribune.com\\\/en\\\/#website\",\"url\":\"https:\\\/\\\/www.monaco-tribune.com\\\/en\\\/\",\"name\":\"Monaco Tribune\",\"description\":\"Monaco : actualit\u00e9s \u00e9conomiques, politiques, culturelles et sportives de Monaco et de la French Riviera.\",\"publisher\":{\"@id\":\"https:\\\/\\\/www.monaco-tribune.com\\\/en\\\/#organization\"},\"potentialAction\":[{\"@type\":\"SearchAction\",\"target\":{\"@type\":\"EntryPoint\",\"urlTemplate\":\"https:\\\/\\\/www.monaco-tribune.com\\\/en\\\/?s={search_term_string}\"},\"query-input\":{\"@type\":\"PropertyValueSpecification\",\"valueRequired\":true,\"valueName\":\"search_term_string\"}}],\"inLanguage\":\"en-US\"},{\"@type\":\"Organization\",\"@id\":\"https:\\\/\\\/www.monaco-tribune.com\\\/en\\\/#organization\",\"name\":\"Monaco Tribune\",\"url\":\"https:\\\/\\\/www.monaco-tribune.com\\\/en\\\/\",\"logo\":{\"@type\":\"ImageObject\",\"inLanguage\":\"en-US\",\"@id\":\"https:\\\/\\\/www.monaco-tribune.com\\\/en\\\/#\\\/schema\\\/logo\\\/image\\\/\",\"url\":\"https:\\\/\\\/www.monaco-tribune.com\\\/wp-content\\\/uploads\\\/2022\\\/11\\\/logo-monaco-tribune.png\",\"contentUrl\":\"https:\\\/\\\/www.monaco-tribune.com\\\/wp-content\\\/uploads\\\/2022\\\/11\\\/logo-monaco-tribune.png\",\"width\":1548,\"height\":600,\"caption\":\"Monaco Tribune\"},\"image\":{\"@id\":\"https:\\\/\\\/www.monaco-tribune.com\\\/en\\\/#\\\/schema\\\/logo\\\/image\\\/\"},\"sameAs\":[\"https:\\\/\\\/www.facebook.com\\\/MonacoTribune\",\"https:\\\/\\\/x.com\\\/MonacoTribune\",\"https:\\\/\\\/www.instagram.com\\\/monacotribune\\\/\",\"https:\\\/\\\/www.linkedin.com\\\/company\\\/monaco-tribune\",\"https:\\\/\\\/www.youtube.com\\\/channel\\\/UCHle1MnG6hw1y4lWKijVbMA\"]},{\"@type\":\"Person\",\"@id\":\"https:\\\/\\\/www.monaco-tribune.com\\\/en\\\/#\\\/schema\\\/person\\\/6db631c784f2f0eff54c3ca4d1da2d49\",\"name\":\"Ana\u00efs Riu\",\"image\":{\"@type\":\"ImageObject\",\"inLanguage\":\"en-US\",\"@id\":\"https:\\\/\\\/secure.gravatar.com\\\/avatar\\\/9137eff67ff750f1997c171f45e5829ca4c8fa34729a8f8cd9dc85be7e50df7f?s=96&d=mm&r=g\",\"url\":\"https:\\\/\\\/secure.gravatar.com\\\/avatar\\\/9137eff67ff750f1997c171f45e5829ca4c8fa34729a8f8cd9dc85be7e50df7f?s=96&d=mm&r=g\",\"contentUrl\":\"https:\\\/\\\/secure.gravatar.com\\\/avatar\\\/9137eff67ff750f1997c171f45e5829ca4c8fa34729a8f8cd9dc85be7e50df7f?s=96&d=mm&r=g\",\"caption\":\"Ana\u00efs Riu\"},\"url\":\"https:\\\/\\\/www.monaco-tribune.com\\\/en\\\/author\\\/anaisriu\\\/\"}]}<\/script>\n<!-- \/ Yoast SEO Premium plugin. -->","yoast_head_json":{"title":"Princess Charlene lights up Monte-Carlo Casino for Pink October","description":"On Friday 4 October, the Place du Casino was decked out in pink under the patronage of Princess Charlene, who was appointed Honorary President of the Pink","robots":{"index":"index","follow":"follow","max-snippet":"max-snippet:-1","max-image-preview":"max-image-preview:large","max-video-preview":"max-video-preview:-1"},"canonical":"https:\/\/www.monaco-tribune.com\/en\/2024\/10\/princess-charlene-lights-up-monte-carlo-casino-for-pink-october\/","og_locale":"en_US","og_type":"article","og_title":"Princess Charlene lights up Monte-Carlo Casino for Pink October - Monaco Tribune","og_description":"On Friday 4 October, the Place du Casino was decked out in pink under the patronage of Princess Charlene, who was appointed Honorary President of the Pink","og_url":"https:\/\/www.monaco-tribune.com\/en\/2024\/10\/princess-charlene-lights-up-monte-carlo-casino-for-pink-october\/","og_site_name":"Monaco Tribune","article_publisher":"https:\/\/www.facebook.com\/MonacoTribune","article_published_time":"2024-10-07T10:03:40+00:00","article_modified_time":"2024-10-07T10:09:43+00:00","og_image":[{"width":1440,"height":961,"url":"https:\/\/www.monaco-tribune.com\/wp-content\/uploads\/2024\/10\/eric-mathon-palais-princier4.jpg","type":"image\/jpeg"}],"author":"Ana\u00efs Riu","twitter_card":"summary_large_image","twitter_creator":"@MonacoTribune","twitter_site":"@MonacoTribune","schema":{"@context":"https:\/\/schema.org","@graph":[{"@type":"NewsArticle","@id":"https:\/\/www.monaco-tribune.com\/en\/2024\/10\/princess-charlene-lights-up-monte-carlo-casino-for-pink-october\/#article","isPartOf":{"@id":"https:\/\/www.monaco-tribune.com\/en\/2024\/10\/princess-charlene-lights-up-monte-carlo-casino-for-pink-october\/"},"author":{"name":"Ana\u00efs Riu","@id":"https:\/\/www.monaco-tribune.com\/en\/#\/schema\/person\/6db631c784f2f0eff54c3ca4d1da2d49"},"headline":"Princess Charlene lights up Monte-Carlo Casino for Pink October","datePublished":"2024-10-07T10:03:40+00:00","dateModified":"2024-10-07T10:09:43+00:00","mainEntityOfPage":{"@id":"https:\/\/www.monaco-tribune.com\/en\/2024\/10\/princess-charlene-lights-up-monte-carlo-casino-for-pink-october\/"},"wordCount":347,"publisher":{"@id":"https:\/\/www.monaco-tribune.com\/en\/#organization"},"image":{"@id":"https:\/\/www.monaco-tribune.com\/en\/2024\/10\/princess-charlene-lights-up-monte-carlo-casino-for-pink-october\/#primaryimage"},"thumbnailUrl":"https:\/\/www.monaco-tribune.com\/wp-content\/uploads\/2024\/10\/eric-mathon-palais-princier4.jpg","keywords":["Health"],"articleSection":["Editor&#039;s choice","News","Princely Family"],"inLanguage":"en-US","copyrightYear":"2024","copyrightHolder":{"@id":"https:\/\/www.monaco-tribune.com\/#organization"}},{"@type":"WebPage","@id":"https:\/\/www.monaco-tribune.com\/en\/2024\/10\/princess-charlene-lights-up-monte-carlo-casino-for-pink-october\/","url":"https:\/\/www.monaco-tribune.com\/en\/2024\/10\/princess-charlene-lights-up-monte-carlo-casino-for-pink-october\/","name":"Princess Charlene lights up Monte-Carlo Casino for Pink October","isPartOf":{"@id":"https:\/\/www.monaco-tribune.com\/en\/#website"},"primaryImageOfPage":{"@id":"https:\/\/www.monaco-tribune.com\/en\/2024\/10\/princess-charlene-lights-up-monte-carlo-casino-for-pink-october\/#primaryimage"},"image":{"@id":"https:\/\/www.monaco-tribune.com\/en\/2024\/10\/princess-charlene-lights-up-monte-carlo-casino-for-pink-october\/#primaryimage"},"thumbnailUrl":"https:\/\/www.monaco-tribune.com\/wp-content\/uploads\/2024\/10\/eric-mathon-palais-princier4.jpg","datePublished":"2024-10-07T10:03:40+00:00","dateModified":"2024-10-07T10:09:43+00:00","description":"On Friday 4 October, the Place du Casino was decked out in pink under the patronage of Princess Charlene, who was appointed Honorary President of the Pink","breadcrumb":{"@id":"https:\/\/www.monaco-tribune.com\/en\/2024\/10\/princess-charlene-lights-up-monte-carlo-casino-for-pink-october\/#breadcrumb"},"inLanguage":"en-US","potentialAction":[{"@type":"ReadAction","target":["https:\/\/www.monaco-tribune.com\/en\/2024\/10\/princess-charlene-lights-up-monte-carlo-casino-for-pink-october\/"]}]},{"@type":"ImageObject","inLanguage":"en-US","@id":"https:\/\/www.monaco-tribune.com\/en\/2024\/10\/princess-charlene-lights-up-monte-carlo-casino-for-pink-october\/#primaryimage","url":"https:\/\/www.monaco-tribune.com\/wp-content\/uploads\/2024\/10\/eric-mathon-palais-princier4.jpg","contentUrl":"https:\/\/www.monaco-tribune.com\/wp-content\/uploads\/2024\/10\/eric-mathon-palais-princier4.jpg","width":1440,"height":961,"caption":"Pink Ribbon is in its 14th year in Monaco \u00a9 \u00c9ric Mathon \/ Prince's Palace"},{"@type":"BreadcrumbList","@id":"https:\/\/www.monaco-tribune.com\/en\/2024\/10\/princess-charlene-lights-up-monte-carlo-casino-for-pink-october\/#breadcrumb","itemListElement":[{"@type":"ListItem","position":1,"name":"Accueil","item":"https:\/\/www.monaco-tribune.com\/en\/"},{"@type":"ListItem","position":2,"name":"Princess Charlene lights up Monte-Carlo Casino for Pink October"}]},{"@type":"WebSite","@id":"https:\/\/www.monaco-tribune.com\/en\/#website","url":"https:\/\/www.monaco-tribune.com\/en\/","name":"Monaco Tribune","description":"Monaco : actualit\u00e9s \u00e9conomiques, politiques, culturelles et sportives de Monaco et de la French Riviera.","publisher":{"@id":"https:\/\/www.monaco-tribune.com\/en\/#organization"},"potentialAction":[{"@type":"SearchAction","target":{"@type":"EntryPoint","urlTemplate":"https:\/\/www.monaco-tribune.com\/en\/?s={search_term_string}"},"query-input":{"@type":"PropertyValueSpecification","valueRequired":true,"valueName":"search_term_string"}}],"inLanguage":"en-US"},{"@type":"Organization","@id":"https:\/\/www.monaco-tribune.com\/en\/#organization","name":"Monaco Tribune","url":"https:\/\/www.monaco-tribune.com\/en\/","logo":{"@type":"ImageObject","inLanguage":"en-US","@id":"https:\/\/www.monaco-tribune.com\/en\/#\/schema\/logo\/image\/","url":"https:\/\/www.monaco-tribune.com\/wp-content\/uploads\/2022\/11\/logo-monaco-tribune.png","contentUrl":"https:\/\/www.monaco-tribune.com\/wp-content\/uploads\/2022\/11\/logo-monaco-tribune.png","width":1548,"height":600,"caption":"Monaco Tribune"},"image":{"@id":"https:\/\/www.monaco-tribune.com\/en\/#\/schema\/logo\/image\/"},"sameAs":["https:\/\/www.facebook.com\/MonacoTribune","https:\/\/x.com\/MonacoTribune","https:\/\/www.instagram.com\/monacotribune\/","https:\/\/www.linkedin.com\/company\/monaco-tribune","https:\/\/www.youtube.com\/channel\/UCHle1MnG6hw1y4lWKijVbMA"]},{"@type":"Person","@id":"https:\/\/www.monaco-tribune.com\/en\/#\/schema\/person\/6db631c784f2f0eff54c3ca4d1da2d49","name":"Ana\u00efs Riu","image":{"@type":"ImageObject","inLanguage":"en-US","@id":"https:\/\/secure.gravatar.com\/avatar\/9137eff67ff750f1997c171f45e5829ca4c8fa34729a8f8cd9dc85be7e50df7f?s=96&d=mm&r=g","url":"https:\/\/secure.gravatar.com\/avatar\/9137eff67ff750f1997c171f45e5829ca4c8fa34729a8f8cd9dc85be7e50df7f?s=96&d=mm&r=g","contentUrl":"https:\/\/secure.gravatar.com\/avatar\/9137eff67ff750f1997c171f45e5829ca4c8fa34729a8f8cd9dc85be7e50df7f?s=96&d=mm&r=g","caption":"Ana\u00efs Riu"},"url":"https:\/\/www.monaco-tribune.com\/en\/author\/anaisriu\/"}]}},"_links":{"self":[{"href":"https:\/\/www.monaco-tribune.com\/en\/wp-json\/wp\/v2\/posts\/253567","targetHints":{"allow":["GET"]}}],"collection":[{"href":"https:\/\/www.monaco-tribune.com\/en\/wp-json\/wp\/v2\/posts"}],"about":[{"href":"https:\/\/www.monaco-tribune.com\/en\/wp-json\/wp\/v2\/types\/post"}],"author":[{"embeddable":true,"href":"https:\/\/www.monaco-tribune.com\/en\/wp-json\/wp\/v2\/users\/77"}],"replies":[{"embeddable":true,"href":"https:\/\/www.monaco-tribune.com\/en\/wp-json\/wp\/v2\/comments?post=253567"}],"version-history":[{"count":2,"href":"https:\/\/www.monaco-tribune.com\/en\/wp-json\/wp\/v2\/posts\/253567\/revisions"}],"predecessor-version":[{"id":253616,"href":"https:\/\/www.monaco-tribune.com\/en\/wp-json\/wp\/v2\/posts\/253567\/revisions\/253616"}],"wp:featuredmedia":[{"embeddable":true,"href":"https:\/\/www.monaco-tribune.com\/en\/wp-json\/wp\/v2\/media\/253457"}],"wp:attachment":[{"href":"https:\/\/www.monaco-tribune.com\/en\/wp-json\/wp\/v2\/media?parent=253567"}],"wp:term":[{"taxonomy":"category","embeddable":true,"href":"https:\/\/www.monaco-tribune.com\/en\/wp-json\/wp\/v2\/categories?post=253567"},{"taxonomy":"post_tag","embeddable":true,"href":"https:\/\/www.monaco-tribune.com\/en\/wp-json\/wp\/v2\/tags?post=253567"},{"taxonomy":"sectag","embeddable":true,"href":"https:\/\/www.monaco-tribune.com\/en\/wp-json\/wp\/v2\/post_sectags?post=253567"},{"taxonomy":"format","embeddable":true,"href":"https:\/\/www.monaco-tribune.com\/en\/wp-json\/wp\/v2\/post_format?post=253567"}],"curies":[{"name":"wp","href":"https:\/\/api.w.org\/{rel}","templated":true}]}}