{"id":253627,"date":"2024-10-07T14:18:05","date_gmt":"2024-10-07T12:18:05","guid":{"rendered":"https:\/\/www.monaco-tribune.com\/2024\/10\/princess-charlene-in-charity-walk-against-animal-abandonment\/"},"modified":"2024-10-07T14:21:07","modified_gmt":"2024-10-07T12:21:07","slug":"princess-charlene-in-charity-walk-against-animal-abandonment","status":"publish","type":"post","link":"https:\/\/www.monaco-tribune.com\/en\/2024\/10\/princess-charlene-in-charity-walk-against-animal-abandonment\/","title":{"rendered":"Princess Charlene in charity walk against animal abandonment"},"content":{"rendered":"\n<p><strong>On Saturday 5 October, Princess Charlene again showed her commitment to animal protection by taking part in the Rokethon Race 2024. The charity walk, organised by the ROKETHON non-profit, took place around the Fontvieille marquee and drew a large number of participants, all driven by the same goal: to defend animal rights.<\/strong><\/p>\n\n<p>The Rokethon Race 2024 was more than just a sporting event: the walk was a powerful platform for raising awareness. With an alarming rise in the number of abandoned animals, both in France and worldwide, the aim of the race was to raise awareness about this important issue.<\/p>\n\n<p>Walking with her little black and white Chihuahua, Princess Charlene stressed the need to adopt rather than buy a pet. The Princess&#8217;s brother, Gareth Wittstock, was also there to show his support for this worthy cause. <\/p>\n\n<h2 class=\"wp-block-heading\" id=\"h-de-nombreuses-personnalites-presentes\">Many important figures in attendance<\/h2>\n\n<p>Princess Naomi of Orl\u00e9ans, a ROKETHON ambassador,  also took part in this first walk against animal abandonment. As she walked her dog, she met up with Prince Serge of Yugoslavia, son of Prince Alexander of Yugoslavia and Princess Maria-Pia of Savoy, on a day full of encounters and discussions.<\/p>\n\n<p>The event also drew many animal lovers, underscoring the message that every gesture helps. Actor Chris DeRose, who has become a leading figure in animal activism, also supported the cause, emphasising the importance of everyone getting involved.<\/p>\n\n<h2 class=\"wp-block-heading\" id=\"h-ensemble-pour-un-avenir-meilleur\">Together for a better tomorrow<\/h2>\n\n<p>By standing (and striding out) together, the participants expressed their determination to change mindsets and promote adoption. Initiatives like this one are bringing a future in which every animal finds a loving home that much closer.<\/p>\n\n<p>Through her presence and dedication, Princess Charlene, President of the Soci\u00e9t\u00e9 Protectrice des Animaux de Monaco (SPA &#8211; Monaco&#8217;s Animal Protection charity), continues to inspire a movement in support of animals, proving that compassion can transcend borders. Together, for a world where no pet is left behind.<\/p>\n\n<figure class=\"wp-block-gallery has-nested-images columns-default is-cropped wp-block-gallery-1 is-layout-flex wp-block-gallery-is-layout-flex\"><div class=\"wp-block-image\">\n<figure class=\"aligncenter size-large\"><img loading=\"lazy\" decoding=\"async\" width=\"1024\" height=\"683\" data-id=\"253556\" src=\"https:\/\/www.monaco-tribune.com\/wp-content\/uploads\/2024\/10\/la-princesse-charlene-participe-a-une-adorable-marche-solidaire-contre-labandon-des-animaux5-1024x683.jpg\" alt=\"\" class=\"wp-image-253556\" srcset=\"https:\/\/www.monaco-tribune.com\/wp-content\/uploads\/2024\/10\/la-princesse-charlene-participe-a-une-adorable-marche-solidaire-contre-labandon-des-animaux5-1024x683.jpg 1024w, https:\/\/www.monaco-tribune.com\/wp-content\/uploads\/2024\/10\/la-princesse-charlene-participe-a-une-adorable-marche-solidaire-contre-labandon-des-animaux5-450x300.jpg 450w, https:\/\/www.monaco-tribune.com\/wp-content\/uploads\/2024\/10\/la-princesse-charlene-participe-a-une-adorable-marche-solidaire-contre-labandon-des-animaux5.jpg 1440w\" sizes=\"auto, (max-width: 1024px) 100vw, 1024px\" \/><\/figure>\n<\/div>\n\n<div class=\"wp-block-image\">\n<figure class=\"aligncenter size-large\"><img loading=\"lazy\" decoding=\"async\" width=\"1024\" height=\"683\" data-id=\"253547\" src=\"https:\/\/www.monaco-tribune.com\/wp-content\/uploads\/2024\/10\/la-princesse-charlene-participe-a-une-adorable-marche-solidaire-contre-labandon-des-animaux-1024x683.jpg\" alt=\"\" class=\"wp-image-253547\" srcset=\"https:\/\/www.monaco-tribune.com\/wp-content\/uploads\/2024\/10\/la-princesse-charlene-participe-a-une-adorable-marche-solidaire-contre-labandon-des-animaux-1024x683.jpg 1024w, https:\/\/www.monaco-tribune.com\/wp-content\/uploads\/2024\/10\/la-princesse-charlene-participe-a-une-adorable-marche-solidaire-contre-labandon-des-animaux-450x300.jpg 450w, https:\/\/www.monaco-tribune.com\/wp-content\/uploads\/2024\/10\/la-princesse-charlene-participe-a-une-adorable-marche-solidaire-contre-labandon-des-animaux.jpg 1440w\" sizes=\"auto, (max-width: 1024px) 100vw, 1024px\" \/><\/figure>\n<\/div>\n\n<div class=\"wp-block-image\">\n<figure class=\"aligncenter size-large\"><img loading=\"lazy\" decoding=\"async\" width=\"1024\" height=\"683\" data-id=\"253553\" src=\"https:\/\/www.monaco-tribune.com\/wp-content\/uploads\/2024\/10\/la-princesse-charlene-participe-a-une-adorable-marche-solidaire-contre-labandon-des-animaux3-1024x683.jpg\" alt=\"\" class=\"wp-image-253553\" srcset=\"https:\/\/www.monaco-tribune.com\/wp-content\/uploads\/2024\/10\/la-princesse-charlene-participe-a-une-adorable-marche-solidaire-contre-labandon-des-animaux3-1024x683.jpg 1024w, https:\/\/www.monaco-tribune.com\/wp-content\/uploads\/2024\/10\/la-princesse-charlene-participe-a-une-adorable-marche-solidaire-contre-labandon-des-animaux3-450x300.jpg 450w, https:\/\/www.monaco-tribune.com\/wp-content\/uploads\/2024\/10\/la-princesse-charlene-participe-a-une-adorable-marche-solidaire-contre-labandon-des-animaux3.jpg 1440w\" sizes=\"auto, (max-width: 1024px) 100vw, 1024px\" \/><\/figure>\n<\/div>\n\n<div class=\"wp-block-image\">\n<figure class=\"aligncenter size-large\"><img loading=\"lazy\" decoding=\"async\" width=\"683\" height=\"1024\" data-id=\"253551\" src=\"https:\/\/www.monaco-tribune.com\/wp-content\/uploads\/2024\/10\/la-princesse-charlene-participe-a-une-adorable-marche-solidaire-contre-labandon-des-animaux2-683x1024.jpg\" alt=\"\" class=\"wp-image-253551\" srcset=\"https:\/\/www.monaco-tribune.com\/wp-content\/uploads\/2024\/10\/la-princesse-charlene-participe-a-une-adorable-marche-solidaire-contre-labandon-des-animaux2-683x1024.jpg 683w, https:\/\/www.monaco-tribune.com\/wp-content\/uploads\/2024\/10\/la-princesse-charlene-participe-a-une-adorable-marche-solidaire-contre-labandon-des-animaux2-200x300.jpg 200w, https:\/\/www.monaco-tribune.com\/wp-content\/uploads\/2024\/10\/la-princesse-charlene-participe-a-une-adorable-marche-solidaire-contre-labandon-des-animaux2.jpg 960w\" sizes=\"auto, (max-width: 683px) 100vw, 683px\" \/><\/figure>\n<\/div><\/figure>\n\n<p><em>Photo credits: Eric Mathon \/ Prince&#8217;s Palace<\/em><\/p>\n\n<p class=\"related\"><a href=\"https:\/\/www.monaco-tribune.com\/en\/2024\/09\/prince-albert-ii-and-princess-charlene-share-tender-moment-as-new-monaco-spa-shelter-inaugurated\/\">Prince Albert II and Princess Charl\u00e8ne share tender moment as new Monaco SPA shelter inaugurated<\/a><\/p>\n","protected":false},"excerpt":{"rendered":"<p>On Saturday 5 October, Princess Charlene again showed her commitment to animal protection by taking part in the Rokethon Race [&hellip;]<\/p>\n","protected":false},"author":77,"featured_media":253589,"comment_status":"closed","ping_status":"closed","sticky":false,"template":"","format":"standard","meta":{"_acf_changed":false,"footnotes":""},"categories":[1825,243,254],"tags":[2943],"post_sectags":[3779,4932,5139,4662,3296,5154],"post_format":[2462],"class_list":["post-253627","post","type-post","status-publish","format-standard","has-post-thumbnail","hentry","category-editors-choice","category-news","category-people-en","tag-charities","sectag-animals","sectag-dogs","sectag-fontvieille-en","sectag-monaco-spa","sectag-princess-charlene","sectag-rokethon-en","format-photos-en"],"acf":[],"yoast_head":"<!-- This site is optimized with the Yoast SEO Premium plugin v26.8 (Yoast SEO v27.4) - https:\/\/yoast.com\/product\/yoast-seo-premium-wordpress\/ -->\n<title>Princess Charlene in charity walk against animal abandonment<\/title>\n<meta name=\"description\" content=\"On Saturday 5 October, Princess Charlene again showed her commitment to animal protection by taking part in the Rokethon Race 2024. The charity walk,\" \/>\n<meta name=\"robots\" content=\"index, follow, max-snippet:-1, max-image-preview:large, max-video-preview:-1\" \/>\n<link rel=\"canonical\" href=\"https:\/\/www.monaco-tribune.com\/en\/2024\/10\/princess-charlene-in-charity-walk-against-animal-abandonment\/\" \/>\n<meta property=\"og:locale\" content=\"en_US\" \/>\n<meta property=\"og:type\" content=\"article\" \/>\n<meta property=\"og:title\" content=\"Princess Charlene in charity walk against animal abandonment - Monaco Tribune\" \/>\n<meta property=\"og:description\" content=\"On Saturday 5 October, Princess Charlene again showed her commitment to animal protection by taking part in the Rokethon Race 2024. The charity walk,\" \/>\n<meta property=\"og:url\" content=\"https:\/\/www.monaco-tribune.com\/en\/2024\/10\/princess-charlene-in-charity-walk-against-animal-abandonment\/\" \/>\n<meta property=\"og:site_name\" content=\"Monaco Tribune\" \/>\n<meta property=\"article:publisher\" content=\"https:\/\/www.facebook.com\/MonacoTribune\" \/>\n<meta property=\"article:published_time\" content=\"2024-10-07T12:18:05+00:00\" \/>\n<meta property=\"article:modified_time\" content=\"2024-10-07T12:21:07+00:00\" \/>\n<meta property=\"og:image\" content=\"https:\/\/www.monaco-tribune.com\/wp-content\/uploads\/2024\/10\/la-princesse-charlene-participe-a-une-adorable-marche-solidaire-contre-labandon-des-animaux4-1.jpg\" \/>\n\t<meta property=\"og:image:width\" content=\"1440\" \/>\n\t<meta property=\"og:image:height\" content=\"960\" \/>\n\t<meta property=\"og:image:type\" content=\"image\/jpeg\" \/>\n<meta name=\"author\" content=\"Ana\u00efs Riu\" \/>\n<meta name=\"twitter:card\" content=\"summary_large_image\" \/>\n<meta name=\"twitter:creator\" content=\"@MonacoTribune\" \/>\n<meta name=\"twitter:site\" content=\"@MonacoTribune\" \/>\n<script type=\"application\/ld+json\" class=\"yoast-schema-graph\">{\"@context\":\"https:\\\/\\\/schema.org\",\"@graph\":[{\"@type\":\"NewsArticle\",\"@id\":\"https:\\\/\\\/www.monaco-tribune.com\\\/en\\\/2024\\\/10\\\/princess-charlene-in-charity-walk-against-animal-abandonment\\\/#article\",\"isPartOf\":{\"@id\":\"https:\\\/\\\/www.monaco-tribune.com\\\/en\\\/2024\\\/10\\\/princess-charlene-in-charity-walk-against-animal-abandonment\\\/\"},\"author\":{\"name\":\"Ana\u00efs Riu\",\"@id\":\"https:\\\/\\\/www.monaco-tribune.com\\\/en\\\/#\\\/schema\\\/person\\\/6db631c784f2f0eff54c3ca4d1da2d49\"},\"headline\":\"Princess Charlene in charity walk against animal abandonment\",\"datePublished\":\"2024-10-07T12:18:05+00:00\",\"dateModified\":\"2024-10-07T12:21:07+00:00\",\"mainEntityOfPage\":{\"@id\":\"https:\\\/\\\/www.monaco-tribune.com\\\/en\\\/2024\\\/10\\\/princess-charlene-in-charity-walk-against-animal-abandonment\\\/\"},\"wordCount\":347,\"publisher\":{\"@id\":\"https:\\\/\\\/www.monaco-tribune.com\\\/en\\\/#organization\"},\"image\":{\"@id\":\"https:\\\/\\\/www.monaco-tribune.com\\\/en\\\/2024\\\/10\\\/princess-charlene-in-charity-walk-against-animal-abandonment\\\/#primaryimage\"},\"thumbnailUrl\":\"https:\\\/\\\/www.monaco-tribune.com\\\/wp-content\\\/uploads\\\/2024\\\/10\\\/la-princesse-charlene-participe-a-une-adorable-marche-solidaire-contre-labandon-des-animaux4-1.jpg\",\"keywords\":[\"Charities\"],\"articleSection\":[\"Editor&#039;s choice\",\"News\",\"Princely Family\"],\"inLanguage\":\"en-US\",\"copyrightYear\":\"2024\",\"copyrightHolder\":{\"@id\":\"https:\\\/\\\/www.monaco-tribune.com\\\/#organization\"}},{\"@type\":\"WebPage\",\"@id\":\"https:\\\/\\\/www.monaco-tribune.com\\\/en\\\/2024\\\/10\\\/princess-charlene-in-charity-walk-against-animal-abandonment\\\/\",\"url\":\"https:\\\/\\\/www.monaco-tribune.com\\\/en\\\/2024\\\/10\\\/princess-charlene-in-charity-walk-against-animal-abandonment\\\/\",\"name\":\"Princess Charlene in charity walk against animal abandonment\",\"isPartOf\":{\"@id\":\"https:\\\/\\\/www.monaco-tribune.com\\\/en\\\/#website\"},\"primaryImageOfPage\":{\"@id\":\"https:\\\/\\\/www.monaco-tribune.com\\\/en\\\/2024\\\/10\\\/princess-charlene-in-charity-walk-against-animal-abandonment\\\/#primaryimage\"},\"image\":{\"@id\":\"https:\\\/\\\/www.monaco-tribune.com\\\/en\\\/2024\\\/10\\\/princess-charlene-in-charity-walk-against-animal-abandonment\\\/#primaryimage\"},\"thumbnailUrl\":\"https:\\\/\\\/www.monaco-tribune.com\\\/wp-content\\\/uploads\\\/2024\\\/10\\\/la-princesse-charlene-participe-a-une-adorable-marche-solidaire-contre-labandon-des-animaux4-1.jpg\",\"datePublished\":\"2024-10-07T12:18:05+00:00\",\"dateModified\":\"2024-10-07T12:21:07+00:00\",\"description\":\"On Saturday 5 October, Princess Charlene again showed her commitment to animal protection by taking part in the Rokethon Race 2024. The charity walk,\",\"breadcrumb\":{\"@id\":\"https:\\\/\\\/www.monaco-tribune.com\\\/en\\\/2024\\\/10\\\/princess-charlene-in-charity-walk-against-animal-abandonment\\\/#breadcrumb\"},\"inLanguage\":\"en-US\",\"potentialAction\":[{\"@type\":\"ReadAction\",\"target\":[\"https:\\\/\\\/www.monaco-tribune.com\\\/en\\\/2024\\\/10\\\/princess-charlene-in-charity-walk-against-animal-abandonment\\\/\"]}]},{\"@type\":\"ImageObject\",\"inLanguage\":\"en-US\",\"@id\":\"https:\\\/\\\/www.monaco-tribune.com\\\/en\\\/2024\\\/10\\\/princess-charlene-in-charity-walk-against-animal-abandonment\\\/#primaryimage\",\"url\":\"https:\\\/\\\/www.monaco-tribune.com\\\/wp-content\\\/uploads\\\/2024\\\/10\\\/la-princesse-charlene-participe-a-une-adorable-marche-solidaire-contre-labandon-des-animaux4-1.jpg\",\"contentUrl\":\"https:\\\/\\\/www.monaco-tribune.com\\\/wp-content\\\/uploads\\\/2024\\\/10\\\/la-princesse-charlene-participe-a-une-adorable-marche-solidaire-contre-labandon-des-animaux4-1.jpg\",\"width\":1440,\"height\":960,\"caption\":\"La Princesse Charl\u00e8ne \u00e9tait aux c\u00f4t\u00e9s de Sylvia Sermenghi, la fondatrice de l'association ROKETHON \u00a9 Eric Mathon \\\/ Palais Princier\"},{\"@type\":\"BreadcrumbList\",\"@id\":\"https:\\\/\\\/www.monaco-tribune.com\\\/en\\\/2024\\\/10\\\/princess-charlene-in-charity-walk-against-animal-abandonment\\\/#breadcrumb\",\"itemListElement\":[{\"@type\":\"ListItem\",\"position\":1,\"name\":\"Accueil\",\"item\":\"https:\\\/\\\/www.monaco-tribune.com\\\/en\\\/\"},{\"@type\":\"ListItem\",\"position\":2,\"name\":\"Princess Charlene in charity walk against animal abandonment\"}]},{\"@type\":\"WebSite\",\"@id\":\"https:\\\/\\\/www.monaco-tribune.com\\\/en\\\/#website\",\"url\":\"https:\\\/\\\/www.monaco-tribune.com\\\/en\\\/\",\"name\":\"Monaco Tribune\",\"description\":\"Monaco : actualit\u00e9s \u00e9conomiques, politiques, culturelles et sportives de Monaco et de la French Riviera.\",\"publisher\":{\"@id\":\"https:\\\/\\\/www.monaco-tribune.com\\\/en\\\/#organization\"},\"potentialAction\":[{\"@type\":\"SearchAction\",\"target\":{\"@type\":\"EntryPoint\",\"urlTemplate\":\"https:\\\/\\\/www.monaco-tribune.com\\\/en\\\/?s={search_term_string}\"},\"query-input\":{\"@type\":\"PropertyValueSpecification\",\"valueRequired\":true,\"valueName\":\"search_term_string\"}}],\"inLanguage\":\"en-US\"},{\"@type\":\"Organization\",\"@id\":\"https:\\\/\\\/www.monaco-tribune.com\\\/en\\\/#organization\",\"name\":\"Monaco Tribune\",\"url\":\"https:\\\/\\\/www.monaco-tribune.com\\\/en\\\/\",\"logo\":{\"@type\":\"ImageObject\",\"inLanguage\":\"en-US\",\"@id\":\"https:\\\/\\\/www.monaco-tribune.com\\\/en\\\/#\\\/schema\\\/logo\\\/image\\\/\",\"url\":\"https:\\\/\\\/www.monaco-tribune.com\\\/wp-content\\\/uploads\\\/2022\\\/11\\\/logo-monaco-tribune.png\",\"contentUrl\":\"https:\\\/\\\/www.monaco-tribune.com\\\/wp-content\\\/uploads\\\/2022\\\/11\\\/logo-monaco-tribune.png\",\"width\":1548,\"height\":600,\"caption\":\"Monaco Tribune\"},\"image\":{\"@id\":\"https:\\\/\\\/www.monaco-tribune.com\\\/en\\\/#\\\/schema\\\/logo\\\/image\\\/\"},\"sameAs\":[\"https:\\\/\\\/www.facebook.com\\\/MonacoTribune\",\"https:\\\/\\\/x.com\\\/MonacoTribune\",\"https:\\\/\\\/www.instagram.com\\\/monacotribune\\\/\",\"https:\\\/\\\/www.linkedin.com\\\/company\\\/monaco-tribune\",\"https:\\\/\\\/www.youtube.com\\\/channel\\\/UCHle1MnG6hw1y4lWKijVbMA\"]},{\"@type\":\"Person\",\"@id\":\"https:\\\/\\\/www.monaco-tribune.com\\\/en\\\/#\\\/schema\\\/person\\\/6db631c784f2f0eff54c3ca4d1da2d49\",\"name\":\"Ana\u00efs Riu\",\"image\":{\"@type\":\"ImageObject\",\"inLanguage\":\"en-US\",\"@id\":\"https:\\\/\\\/secure.gravatar.com\\\/avatar\\\/9137eff67ff750f1997c171f45e5829ca4c8fa34729a8f8cd9dc85be7e50df7f?s=96&d=mm&r=g\",\"url\":\"https:\\\/\\\/secure.gravatar.com\\\/avatar\\\/9137eff67ff750f1997c171f45e5829ca4c8fa34729a8f8cd9dc85be7e50df7f?s=96&d=mm&r=g\",\"contentUrl\":\"https:\\\/\\\/secure.gravatar.com\\\/avatar\\\/9137eff67ff750f1997c171f45e5829ca4c8fa34729a8f8cd9dc85be7e50df7f?s=96&d=mm&r=g\",\"caption\":\"Ana\u00efs Riu\"},\"url\":\"https:\\\/\\\/www.monaco-tribune.com\\\/en\\\/author\\\/anaisriu\\\/\"}]}<\/script>\n<!-- \/ Yoast SEO Premium plugin. -->","yoast_head_json":{"title":"Princess Charlene in charity walk against animal abandonment","description":"On Saturday 5 October, Princess Charlene again showed her commitment to animal protection by taking part in the Rokethon Race 2024. The charity walk,","robots":{"index":"index","follow":"follow","max-snippet":"max-snippet:-1","max-image-preview":"max-image-preview:large","max-video-preview":"max-video-preview:-1"},"canonical":"https:\/\/www.monaco-tribune.com\/en\/2024\/10\/princess-charlene-in-charity-walk-against-animal-abandonment\/","og_locale":"en_US","og_type":"article","og_title":"Princess Charlene in charity walk against animal abandonment - Monaco Tribune","og_description":"On Saturday 5 October, Princess Charlene again showed her commitment to animal protection by taking part in the Rokethon Race 2024. The charity walk,","og_url":"https:\/\/www.monaco-tribune.com\/en\/2024\/10\/princess-charlene-in-charity-walk-against-animal-abandonment\/","og_site_name":"Monaco Tribune","article_publisher":"https:\/\/www.facebook.com\/MonacoTribune","article_published_time":"2024-10-07T12:18:05+00:00","article_modified_time":"2024-10-07T12:21:07+00:00","og_image":[{"width":1440,"height":960,"url":"https:\/\/www.monaco-tribune.com\/wp-content\/uploads\/2024\/10\/la-princesse-charlene-participe-a-une-adorable-marche-solidaire-contre-labandon-des-animaux4-1.jpg","type":"image\/jpeg"}],"author":"Ana\u00efs Riu","twitter_card":"summary_large_image","twitter_creator":"@MonacoTribune","twitter_site":"@MonacoTribune","schema":{"@context":"https:\/\/schema.org","@graph":[{"@type":"NewsArticle","@id":"https:\/\/www.monaco-tribune.com\/en\/2024\/10\/princess-charlene-in-charity-walk-against-animal-abandonment\/#article","isPartOf":{"@id":"https:\/\/www.monaco-tribune.com\/en\/2024\/10\/princess-charlene-in-charity-walk-against-animal-abandonment\/"},"author":{"name":"Ana\u00efs Riu","@id":"https:\/\/www.monaco-tribune.com\/en\/#\/schema\/person\/6db631c784f2f0eff54c3ca4d1da2d49"},"headline":"Princess Charlene in charity walk against animal abandonment","datePublished":"2024-10-07T12:18:05+00:00","dateModified":"2024-10-07T12:21:07+00:00","mainEntityOfPage":{"@id":"https:\/\/www.monaco-tribune.com\/en\/2024\/10\/princess-charlene-in-charity-walk-against-animal-abandonment\/"},"wordCount":347,"publisher":{"@id":"https:\/\/www.monaco-tribune.com\/en\/#organization"},"image":{"@id":"https:\/\/www.monaco-tribune.com\/en\/2024\/10\/princess-charlene-in-charity-walk-against-animal-abandonment\/#primaryimage"},"thumbnailUrl":"https:\/\/www.monaco-tribune.com\/wp-content\/uploads\/2024\/10\/la-princesse-charlene-participe-a-une-adorable-marche-solidaire-contre-labandon-des-animaux4-1.jpg","keywords":["Charities"],"articleSection":["Editor&#039;s choice","News","Princely Family"],"inLanguage":"en-US","copyrightYear":"2024","copyrightHolder":{"@id":"https:\/\/www.monaco-tribune.com\/#organization"}},{"@type":"WebPage","@id":"https:\/\/www.monaco-tribune.com\/en\/2024\/10\/princess-charlene-in-charity-walk-against-animal-abandonment\/","url":"https:\/\/www.monaco-tribune.com\/en\/2024\/10\/princess-charlene-in-charity-walk-against-animal-abandonment\/","name":"Princess Charlene in charity walk against animal abandonment","isPartOf":{"@id":"https:\/\/www.monaco-tribune.com\/en\/#website"},"primaryImageOfPage":{"@id":"https:\/\/www.monaco-tribune.com\/en\/2024\/10\/princess-charlene-in-charity-walk-against-animal-abandonment\/#primaryimage"},"image":{"@id":"https:\/\/www.monaco-tribune.com\/en\/2024\/10\/princess-charlene-in-charity-walk-against-animal-abandonment\/#primaryimage"},"thumbnailUrl":"https:\/\/www.monaco-tribune.com\/wp-content\/uploads\/2024\/10\/la-princesse-charlene-participe-a-une-adorable-marche-solidaire-contre-labandon-des-animaux4-1.jpg","datePublished":"2024-10-07T12:18:05+00:00","dateModified":"2024-10-07T12:21:07+00:00","description":"On Saturday 5 October, Princess Charlene again showed her commitment to animal protection by taking part in the Rokethon Race 2024. The charity walk,","breadcrumb":{"@id":"https:\/\/www.monaco-tribune.com\/en\/2024\/10\/princess-charlene-in-charity-walk-against-animal-abandonment\/#breadcrumb"},"inLanguage":"en-US","potentialAction":[{"@type":"ReadAction","target":["https:\/\/www.monaco-tribune.com\/en\/2024\/10\/princess-charlene-in-charity-walk-against-animal-abandonment\/"]}]},{"@type":"ImageObject","inLanguage":"en-US","@id":"https:\/\/www.monaco-tribune.com\/en\/2024\/10\/princess-charlene-in-charity-walk-against-animal-abandonment\/#primaryimage","url":"https:\/\/www.monaco-tribune.com\/wp-content\/uploads\/2024\/10\/la-princesse-charlene-participe-a-une-adorable-marche-solidaire-contre-labandon-des-animaux4-1.jpg","contentUrl":"https:\/\/www.monaco-tribune.com\/wp-content\/uploads\/2024\/10\/la-princesse-charlene-participe-a-une-adorable-marche-solidaire-contre-labandon-des-animaux4-1.jpg","width":1440,"height":960,"caption":"La Princesse Charl\u00e8ne \u00e9tait aux c\u00f4t\u00e9s de Sylvia Sermenghi, la fondatrice de l'association ROKETHON \u00a9 Eric Mathon \/ Palais Princier"},{"@type":"BreadcrumbList","@id":"https:\/\/www.monaco-tribune.com\/en\/2024\/10\/princess-charlene-in-charity-walk-against-animal-abandonment\/#breadcrumb","itemListElement":[{"@type":"ListItem","position":1,"name":"Accueil","item":"https:\/\/www.monaco-tribune.com\/en\/"},{"@type":"ListItem","position":2,"name":"Princess Charlene in charity walk against animal abandonment"}]},{"@type":"WebSite","@id":"https:\/\/www.monaco-tribune.com\/en\/#website","url":"https:\/\/www.monaco-tribune.com\/en\/","name":"Monaco Tribune","description":"Monaco : actualit\u00e9s \u00e9conomiques, politiques, culturelles et sportives de Monaco et de la French Riviera.","publisher":{"@id":"https:\/\/www.monaco-tribune.com\/en\/#organization"},"potentialAction":[{"@type":"SearchAction","target":{"@type":"EntryPoint","urlTemplate":"https:\/\/www.monaco-tribune.com\/en\/?s={search_term_string}"},"query-input":{"@type":"PropertyValueSpecification","valueRequired":true,"valueName":"search_term_string"}}],"inLanguage":"en-US"},{"@type":"Organization","@id":"https:\/\/www.monaco-tribune.com\/en\/#organization","name":"Monaco Tribune","url":"https:\/\/www.monaco-tribune.com\/en\/","logo":{"@type":"ImageObject","inLanguage":"en-US","@id":"https:\/\/www.monaco-tribune.com\/en\/#\/schema\/logo\/image\/","url":"https:\/\/www.monaco-tribune.com\/wp-content\/uploads\/2022\/11\/logo-monaco-tribune.png","contentUrl":"https:\/\/www.monaco-tribune.com\/wp-content\/uploads\/2022\/11\/logo-monaco-tribune.png","width":1548,"height":600,"caption":"Monaco Tribune"},"image":{"@id":"https:\/\/www.monaco-tribune.com\/en\/#\/schema\/logo\/image\/"},"sameAs":["https:\/\/www.facebook.com\/MonacoTribune","https:\/\/x.com\/MonacoTribune","https:\/\/www.instagram.com\/monacotribune\/","https:\/\/www.linkedin.com\/company\/monaco-tribune","https:\/\/www.youtube.com\/channel\/UCHle1MnG6hw1y4lWKijVbMA"]},{"@type":"Person","@id":"https:\/\/www.monaco-tribune.com\/en\/#\/schema\/person\/6db631c784f2f0eff54c3ca4d1da2d49","name":"Ana\u00efs Riu","image":{"@type":"ImageObject","inLanguage":"en-US","@id":"https:\/\/secure.gravatar.com\/avatar\/9137eff67ff750f1997c171f45e5829ca4c8fa34729a8f8cd9dc85be7e50df7f?s=96&d=mm&r=g","url":"https:\/\/secure.gravatar.com\/avatar\/9137eff67ff750f1997c171f45e5829ca4c8fa34729a8f8cd9dc85be7e50df7f?s=96&d=mm&r=g","contentUrl":"https:\/\/secure.gravatar.com\/avatar\/9137eff67ff750f1997c171f45e5829ca4c8fa34729a8f8cd9dc85be7e50df7f?s=96&d=mm&r=g","caption":"Ana\u00efs Riu"},"url":"https:\/\/www.monaco-tribune.com\/en\/author\/anaisriu\/"}]}},"_links":{"self":[{"href":"https:\/\/www.monaco-tribune.com\/en\/wp-json\/wp\/v2\/posts\/253627","targetHints":{"allow":["GET"]}}],"collection":[{"href":"https:\/\/www.monaco-tribune.com\/en\/wp-json\/wp\/v2\/posts"}],"about":[{"href":"https:\/\/www.monaco-tribune.com\/en\/wp-json\/wp\/v2\/types\/post"}],"author":[{"embeddable":true,"href":"https:\/\/www.monaco-tribune.com\/en\/wp-json\/wp\/v2\/users\/77"}],"replies":[{"embeddable":true,"href":"https:\/\/www.monaco-tribune.com\/en\/wp-json\/wp\/v2\/comments?post=253627"}],"version-history":[{"count":2,"href":"https:\/\/www.monaco-tribune.com\/en\/wp-json\/wp\/v2\/posts\/253627\/revisions"}],"predecessor-version":[{"id":253636,"href":"https:\/\/www.monaco-tribune.com\/en\/wp-json\/wp\/v2\/posts\/253627\/revisions\/253636"}],"wp:featuredmedia":[{"embeddable":true,"href":"https:\/\/www.monaco-tribune.com\/en\/wp-json\/wp\/v2\/media\/253589"}],"wp:attachment":[{"href":"https:\/\/www.monaco-tribune.com\/en\/wp-json\/wp\/v2\/media?parent=253627"}],"wp:term":[{"taxonomy":"category","embeddable":true,"href":"https:\/\/www.monaco-tribune.com\/en\/wp-json\/wp\/v2\/categories?post=253627"},{"taxonomy":"post_tag","embeddable":true,"href":"https:\/\/www.monaco-tribune.com\/en\/wp-json\/wp\/v2\/tags?post=253627"},{"taxonomy":"sectag","embeddable":true,"href":"https:\/\/www.monaco-tribune.com\/en\/wp-json\/wp\/v2\/post_sectags?post=253627"},{"taxonomy":"format","embeddable":true,"href":"https:\/\/www.monaco-tribune.com\/en\/wp-json\/wp\/v2\/post_format?post=253627"}],"curies":[{"name":"wp","href":"https:\/\/api.w.org\/{rel}","templated":true}]}}