{"id":254072,"date":"2024-10-09T12:49:07","date_gmt":"2024-10-09T10:49:07","guid":{"rendered":"https:\/\/www.monaco-tribune.com\/2024\/10\/association-des-femmes-chefs-dentreprises-de-monaco-celebrates-20th-anniversary-with-fabulous-gala\/"},"modified":"2024-10-10T14:02:53","modified_gmt":"2024-10-10T12:02:53","slug":"association-des-femmes-chefs-dentreprises-de-monaco-celebrates-20th-anniversary-with-fabulous-gala","status":"publish","type":"post","link":"https:\/\/www.monaco-tribune.com\/en\/2024\/10\/association-des-femmes-chefs-dentreprises-de-monaco-celebrates-20th-anniversary-with-fabulous-gala\/","title":{"rendered":"Association des Femmes Chefs d&#8217;Entreprises de Monaco celebrates 20th anniversary with fabulous gala"},"content":{"rendered":"\n<p><strong>On Friday 4 October, the Hotel de Paris was decked out in its most elegant finery to host an exceptional event: the 20th anniversary of the Association des Femmes Chefs d&#8217;Entreprises de Monaco (AFCEM &#8211; Association of Monaco Women Business Leaders).\u00a0With 200 guests in attendance, the evening was an opportunity to pay tribute to the inspirational women who have made history and to celebrate the spirit of entrepreneurship shared by all the participants.<\/strong><\/p>\n\n<p>The AFCEM pulled out all the stops as it celebrated its 20th anniversary. With a number of well-known figures in attendance, including the Minister for Finance and the Economy, AFCEM President Johanna Houdrouge kicked off proceedings with a stirring speech.<\/p>\n\n<p><em>&#8220;Economic and political spheres are now working together to promote women&#8217;s access to any and all positions. Because gender should no longer be a criterion. In a world where competence rules, discrimination, even positive discrimination, should have no place. I am convinced that women&#8217;s views should also be voiced by men,&#8221; <\/em>said the President.<\/p>\n<div class=\"wp-block-image\">\n<figure class=\"aligncenter size-large\"><img loading=\"lazy\" decoding=\"async\" width=\"533\" height=\"800\" src=\"https:\/\/www.monaco-tribune.com\/wp-content\/uploads\/2024\/10\/lassociation-des-femmes-chefs-dentreprises-de-monaco-a-fete-ses-20-ans-avec-un-gala-exceptionnel10.jpg\" alt=\"\" class=\"wp-image-254266\" srcset=\"https:\/\/www.monaco-tribune.com\/wp-content\/uploads\/2024\/10\/lassociation-des-femmes-chefs-dentreprises-de-monaco-a-fete-ses-20-ans-avec-un-gala-exceptionnel10.jpg 533w, https:\/\/www.monaco-tribune.com\/wp-content\/uploads\/2024\/10\/lassociation-des-femmes-chefs-dentreprises-de-monaco-a-fete-ses-20-ans-avec-un-gala-exceptionnel10-200x300.jpg 200w\" sizes=\"auto, (max-width: 533px) 100vw, 533px\" \/><figcaption class=\"wp-element-caption\"><em>AFCEM President Johanna Houdrouge.<\/em><\/figcaption><\/figure>\n<\/div>\n<p>Lively presentations and radiant smiles set the tone for what was already shaping up to be an emotional evening. Among the guests of honour were national councillors, the President of the Conseil \u00c9conomique et Social (Economic and Social Council), and many presidents of branches from abroad, all gathered to celebrate this wonderful adventure.<\/p>\n\n<p>The evening began with cocktails and music on the prestigious terrace of the Salle Empire, where guests were able to watch the <a href=\"https:\/\/www.monaco-tribune.com\/en\/2024\/10\/princess-charlene-lights-up-monte-carlo-casino-for-pink-october\/\">symbolic illumination of the Place du Casino by Princess Charlene<\/a> to mark the launch of Pink October.<\/p>\n\n<h2 class=\"wp-block-heading\" id=\"h-un-hommage-a-des-icones-feminines\">A tribute to female icons<\/h2>\n\n<p>The evening also showcased emblematic figures who have shaped the history and future of women around the world. The tables, elegantly named after the likes of Simone Veil, Frida Kahlo, Serena Williams and Grace Kelly, reminded everyone of the indelible impact these women have had on our societies.<\/p>\n\n<p>Superb portraits decorated the venue, providing a journey through time and the struggles of women who defied convention, paving the way for the following generations.<\/p>\n\n<h2 class=\"wp-block-heading\" id=\"h-une-annonce-qui-promet\">A promising announcement<\/h2>\n\n<p>The high point of the evening was a scoop, with the announcement that the first world congress of the Association&#8217;s European Presidents will be held in Monaco in 2025. The news was greeted with enthusiastic applause, and illustrates AFCEM&#8217;s growing influence on the international stage.<\/p>\n\n<h2 class=\"wp-block-heading\" id=\"h-transmission-et-inspiration\">Passing on and inspiring<\/h2>\n\n<p>The desire to hand down and pass on is one of AFCEM&#8217;s core values. In addition to its other events, the association organises GirlBoss meetings every year, a speed mentoring event that enables young girls to benefit from the experience and advice of female business leaders.<\/p>\n\n<p>This transfer of knowledge fuels AFCEM&#8217;s commitment: to encourage and train the female entrepreneurs of tomorrow, showing them that glass ceilings can be shattered. In the Principality, entrepreneurs account for 44.2% of the working population, and 29.1% of those are women.<\/p>\n\n<h2 class=\"wp-block-heading\" id=\"h-un-reseau-mondial-puissant\">A powerful global network<\/h2>\n\n<p>As part of the worldwide network of women business leaders (FCEM), AFCEM is proud to belong to a pioneering organisation founded in 1945, which today includes millions of businesses in 120 countries. This vast network epitomises friendship, community and a shared vision: the entrepreneurial spirit.<\/p>\n\n<h2 class=\"wp-block-heading\" id=\"h-une-soiree-riche-en-emotions\">A thrilling evening<\/h2>\n\n<p>Conversation and laughter echoed throughout the evening, creating a warm and lively atmosphere. Participants from a wide range of backgrounds &#8211; politicians, writers, artists, scientists, sportswomen, activists, actresses, Nobel Peace Prize winners, stylists, nurses, chemists, singers, dancers and psychoanalysts &#8211; shared their experiences, successes and challenges, strengthening the ties that bind this unique community together.<\/p>\n\n<p>In short, the celebration of AFCEM&#8217;s 20th anniversary was a veritable ode to the strength and resilience of women entrepreneurs. A special moment that augurs well for the future, both for AFCEM and for all the women who aspire to make their voice heard in the business world.<\/p>\n\n<p>It&#8217;s fair to say that AFCEM organised an exceptional event in honour of all the women of the world, one that will be remembered for a long time.<\/p>\n\n<figure class=\"wp-block-gallery has-nested-images columns-1 is-cropped wp-block-gallery-1 is-layout-flex wp-block-gallery-is-layout-flex\"><div class=\"wp-block-image\">\n<figure class=\"aligncenter size-large\"><img loading=\"lazy\" decoding=\"async\" width=\"1024\" height=\"683\" data-id=\"254286\" src=\"https:\/\/www.monaco-tribune.com\/wp-content\/uploads\/2024\/10\/lassociation-des-femmes-chefs-dentreprises-de-monaco-a-fete-ses-20-ans-avec-un-gala-exceptionnel4-1024x683.jpg\" alt=\"\" class=\"wp-image-254286\" srcset=\"https:\/\/www.monaco-tribune.com\/wp-content\/uploads\/2024\/10\/lassociation-des-femmes-chefs-dentreprises-de-monaco-a-fete-ses-20-ans-avec-un-gala-exceptionnel4-1024x683.jpg 1024w, https:\/\/www.monaco-tribune.com\/wp-content\/uploads\/2024\/10\/lassociation-des-femmes-chefs-dentreprises-de-monaco-a-fete-ses-20-ans-avec-un-gala-exceptionnel4-450x300.jpg 450w, https:\/\/www.monaco-tribune.com\/wp-content\/uploads\/2024\/10\/lassociation-des-femmes-chefs-dentreprises-de-monaco-a-fete-ses-20-ans-avec-un-gala-exceptionnel4.jpg 1200w\" sizes=\"auto, (max-width: 1024px) 100vw, 1024px\" \/><figcaption class=\"wp-element-caption\"><em>The AFCEM committee: Chiara Petrulli, Marion Latore, Angela Petrulli, Leila Trab\u00e9 Chiha, Johanna Houdrouge, Pascale Taramazzo, Anastasia Rose, Brigitte Papadopoulos, La\u00ebtitia Morelli. Charlotte Rochat.<\/em><\/figcaption><\/figure>\n<\/div>\n\n<div class=\"wp-block-image\">\n<figure class=\"aligncenter size-large\"><img loading=\"lazy\" decoding=\"async\" width=\"1024\" height=\"683\" data-id=\"254277\" src=\"https:\/\/www.monaco-tribune.com\/wp-content\/uploads\/2024\/10\/lassociation-des-femmes-chefs-dentreprises-de-monaco-a-fete-ses-20-ans-avec-un-gala-exceptionnel6-1024x683.jpg\" alt=\"\" class=\"wp-image-254277\" srcset=\"https:\/\/www.monaco-tribune.com\/wp-content\/uploads\/2024\/10\/lassociation-des-femmes-chefs-dentreprises-de-monaco-a-fete-ses-20-ans-avec-un-gala-exceptionnel6-1024x683.jpg 1024w, https:\/\/www.monaco-tribune.com\/wp-content\/uploads\/2024\/10\/lassociation-des-femmes-chefs-dentreprises-de-monaco-a-fete-ses-20-ans-avec-un-gala-exceptionnel6-450x300.jpg 450w, https:\/\/www.monaco-tribune.com\/wp-content\/uploads\/2024\/10\/lassociation-des-femmes-chefs-dentreprises-de-monaco-a-fete-ses-20-ans-avec-un-gala-exceptionnel6.jpg 1200w\" sizes=\"auto, (max-width: 1024px) 100vw, 1024px\" \/><figcaption class=\"wp-element-caption\"><em>CHPG Director Beno\u00eete Rousseau de Sevelinges, Soci\u00e9t\u00e9 des Bains de Mer CEO St\u00e9phane Valeri, Johanna Houdrouge, Cynthia Valeri and Gildas Rousseau.<\/em><\/figcaption><\/figure>\n<\/div>\n\n<div class=\"wp-block-image\">\n<figure class=\"aligncenter size-large\"><img loading=\"lazy\" decoding=\"async\" width=\"984\" height=\"800\" data-id=\"254257\" src=\"https:\/\/www.monaco-tribune.com\/wp-content\/uploads\/2024\/10\/lassociation-des-femmes-chefs-dentreprises-de-monaco-a-fete-ses-20-ans-avec-un-gala-exceptionnel17.jpg\" alt=\"\" class=\"wp-image-254257\" srcset=\"https:\/\/www.monaco-tribune.com\/wp-content\/uploads\/2024\/10\/lassociation-des-femmes-chefs-dentreprises-de-monaco-a-fete-ses-20-ans-avec-un-gala-exceptionnel17.jpg 984w, https:\/\/www.monaco-tribune.com\/wp-content\/uploads\/2024\/10\/lassociation-des-femmes-chefs-dentreprises-de-monaco-a-fete-ses-20-ans-avec-un-gala-exceptionnel17-369x300.jpg 369w\" sizes=\"auto, (max-width: 984px) 100vw, 984px\" \/><figcaption class=\"wp-element-caption\"><em>Johanna Houdrouge with Pierre-Andr\u00e9 Chiappori &#8211; Minister of Finance and the Economy<\/em><\/figcaption><\/figure>\n<\/div>\n\n<div class=\"wp-block-image\">\n<figure class=\"aligncenter size-large\"><img loading=\"lazy\" decoding=\"async\" width=\"1024\" height=\"683\" data-id=\"254338\" src=\"https:\/\/www.monaco-tribune.com\/wp-content\/uploads\/2024\/10\/lassociation-des-femmes-chefs-dentreprises-de-monaco-a-fete-ses-20-ans-avec-un-gala-exceptionnel11-1-1024x683.jpg\" alt=\"\" class=\"wp-image-254338\" srcset=\"https:\/\/www.monaco-tribune.com\/wp-content\/uploads\/2024\/10\/lassociation-des-femmes-chefs-dentreprises-de-monaco-a-fete-ses-20-ans-avec-un-gala-exceptionnel11-1-1024x683.jpg 1024w, https:\/\/www.monaco-tribune.com\/wp-content\/uploads\/2024\/10\/lassociation-des-femmes-chefs-dentreprises-de-monaco-a-fete-ses-20-ans-avec-un-gala-exceptionnel11-1-450x300.jpg 450w, https:\/\/www.monaco-tribune.com\/wp-content\/uploads\/2024\/10\/lassociation-des-femmes-chefs-dentreprises-de-monaco-a-fete-ses-20-ans-avec-un-gala-exceptionnel11-1.jpg 1200w\" sizes=\"auto, (max-width: 1024px) 100vw, 1024px\" \/><figcaption class=\"wp-element-caption\"><em>Johanna Houdrouge, Pierre-Andr\u00e9 Chiappori and Marie-Christine Oghly, World President of Femmes Chefs d&#8217;Entreprise<\/em>.<\/figcaption><\/figure>\n<\/div>\n\n<div class=\"wp-block-image\">\n<figure class=\"aligncenter size-large\"><img loading=\"lazy\" decoding=\"async\" width=\"1024\" height=\"683\" data-id=\"254281\" src=\"https:\/\/www.monaco-tribune.com\/wp-content\/uploads\/2024\/10\/lassociation-des-femmes-chefs-dentreprises-de-monaco-a-fete-ses-20-ans-avec-un-gala-exceptionnel5-1024x683.jpg\" alt=\"\" class=\"wp-image-254281\" srcset=\"https:\/\/www.monaco-tribune.com\/wp-content\/uploads\/2024\/10\/lassociation-des-femmes-chefs-dentreprises-de-monaco-a-fete-ses-20-ans-avec-un-gala-exceptionnel5-1024x683.jpg 1024w, https:\/\/www.monaco-tribune.com\/wp-content\/uploads\/2024\/10\/lassociation-des-femmes-chefs-dentreprises-de-monaco-a-fete-ses-20-ans-avec-un-gala-exceptionnel5-450x300.jpg 450w, https:\/\/www.monaco-tribune.com\/wp-content\/uploads\/2024\/10\/lassociation-des-femmes-chefs-dentreprises-de-monaco-a-fete-ses-20-ans-avec-un-gala-exceptionnel5.jpg 1200w\" sizes=\"auto, (max-width: 1024px) 100vw, 1024px\" \/><figcaption class=\"wp-element-caption\"><em>Johanna Houdrouge with National Councillors Corinne Bertani and B\u00e9atrice Fresko-Rolfo.<\/em><\/figcaption><\/figure>\n<\/div>\n\n<div class=\"wp-block-image\">\n<figure class=\"aligncenter size-large\"><img loading=\"lazy\" decoding=\"async\" width=\"683\" height=\"1024\" data-id=\"254333\" src=\"https:\/\/www.monaco-tribune.com\/wp-content\/uploads\/2024\/10\/whatsapp-image-2024-10-09-at-19.01.39-683x1024.jpeg\" alt=\"\" class=\"wp-image-254333\" srcset=\"https:\/\/www.monaco-tribune.com\/wp-content\/uploads\/2024\/10\/whatsapp-image-2024-10-09-at-19.01.39-683x1024.jpeg 683w, https:\/\/www.monaco-tribune.com\/wp-content\/uploads\/2024\/10\/whatsapp-image-2024-10-09-at-19.01.39-200x300.jpeg 200w, https:\/\/www.monaco-tribune.com\/wp-content\/uploads\/2024\/10\/whatsapp-image-2024-10-09-at-19.01.39.jpeg 1366w\" sizes=\"auto, (max-width: 683px) 100vw, 683px\" \/><figcaption class=\"wp-element-caption\"><em>Fran\u00e7oise Gamerdinger, Director of Cultural Affairs, Johanna Houdrouge and Caroline Rougaignon-Vernin, President of the Economic and Social Council.<\/em><\/figcaption><\/figure>\n<\/div>\n\n<div class=\"wp-block-image\">\n<figure class=\"aligncenter size-large\"><img loading=\"lazy\" decoding=\"async\" width=\"533\" height=\"800\" data-id=\"254265\" src=\"https:\/\/www.monaco-tribune.com\/wp-content\/uploads\/2024\/10\/lassociation-des-femmes-chefs-dentreprises-de-monaco-a-fete-ses-20-ans-avec-un-gala-exceptionnel.jpg\" alt=\"\" class=\"wp-image-254265\" srcset=\"https:\/\/www.monaco-tribune.com\/wp-content\/uploads\/2024\/10\/lassociation-des-femmes-chefs-dentreprises-de-monaco-a-fete-ses-20-ans-avec-un-gala-exceptionnel.jpg 533w, https:\/\/www.monaco-tribune.com\/wp-content\/uploads\/2024\/10\/lassociation-des-femmes-chefs-dentreprises-de-monaco-a-fete-ses-20-ans-avec-un-gala-exceptionnel-200x300.jpg 200w\" sizes=\"auto, (max-width: 533px) 100vw, 533px\" \/><figcaption class=\"wp-element-caption\"><em>Marie-Christine Oghly, C\u00e9line Cottalorda, Interministerial Delegate for Women&#8217;s Rights, Johanna Houdrouge and Leila Trab\u00e9 Chiha, Vice-President of AFCEM.<\/em><\/figcaption><\/figure>\n<\/div>\n\n<div class=\"wp-block-image\">\n<figure class=\"aligncenter size-large\"><img loading=\"lazy\" decoding=\"async\" width=\"1024\" height=\"683\" data-id=\"254329\" src=\"https:\/\/www.monaco-tribune.com\/wp-content\/uploads\/2024\/10\/whatsapp-image-2024-10-09-at-19.01.39-1-1024x683.jpeg\" alt=\"\" class=\"wp-image-254329\" srcset=\"https:\/\/www.monaco-tribune.com\/wp-content\/uploads\/2024\/10\/whatsapp-image-2024-10-09-at-19.01.39-1-1024x683.jpeg 1024w, https:\/\/www.monaco-tribune.com\/wp-content\/uploads\/2024\/10\/whatsapp-image-2024-10-09-at-19.01.39-1-450x300.jpeg 450w, https:\/\/www.monaco-tribune.com\/wp-content\/uploads\/2024\/10\/whatsapp-image-2024-10-09-at-19.01.39-1.jpeg 2048w\" sizes=\"auto, (max-width: 1024px) 100vw, 1024px\" \/><figcaption class=\"wp-element-caption\"><em>The European Vice-President, World President and Monegasque President of the Association des Femmes Chefs d&#8217;Entreprise, with the Kazakhstan delegation.<\/em><\/figcaption><\/figure>\n<\/div>\n\n<div class=\"wp-block-image\">\n<figure class=\"aligncenter size-large\"><img loading=\"lazy\" decoding=\"async\" width=\"1024\" height=\"683\" data-id=\"254285\" src=\"https:\/\/www.monaco-tribune.com\/wp-content\/uploads\/2024\/10\/lassociation-des-femmes-chefs-dentreprises-de-monaco-a-fete-ses-20-ans-avec-un-gala-exceptionnel13-1024x683.jpg\" alt=\"\" class=\"wp-image-254285\" srcset=\"https:\/\/www.monaco-tribune.com\/wp-content\/uploads\/2024\/10\/lassociation-des-femmes-chefs-dentreprises-de-monaco-a-fete-ses-20-ans-avec-un-gala-exceptionnel13-1024x683.jpg 1024w, https:\/\/www.monaco-tribune.com\/wp-content\/uploads\/2024\/10\/lassociation-des-femmes-chefs-dentreprises-de-monaco-a-fete-ses-20-ans-avec-un-gala-exceptionnel13-450x300.jpg 450w, https:\/\/www.monaco-tribune.com\/wp-content\/uploads\/2024\/10\/lassociation-des-femmes-chefs-dentreprises-de-monaco-a-fete-ses-20-ans-avec-un-gala-exceptionnel13.jpg 1200w\" sizes=\"auto, (max-width: 1024px) 100vw, 1024px\" \/><\/figure>\n<\/div>\n\n<div class=\"wp-block-image\">\n<figure class=\"aligncenter size-large\"><img loading=\"lazy\" decoding=\"async\" width=\"937\" height=\"800\" data-id=\"254288\" src=\"https:\/\/www.monaco-tribune.com\/wp-content\/uploads\/2024\/10\/lassociation-des-femmes-chefs-dentreprises-de-monaco-a-fete-ses-20-ans-avec-un-gala-exceptionnel7.jpg\" alt=\"\" class=\"wp-image-254288\" srcset=\"https:\/\/www.monaco-tribune.com\/wp-content\/uploads\/2024\/10\/lassociation-des-femmes-chefs-dentreprises-de-monaco-a-fete-ses-20-ans-avec-un-gala-exceptionnel7.jpg 937w, https:\/\/www.monaco-tribune.com\/wp-content\/uploads\/2024\/10\/lassociation-des-femmes-chefs-dentreprises-de-monaco-a-fete-ses-20-ans-avec-un-gala-exceptionnel7-351x300.jpg 351w\" sizes=\"auto, (max-width: 937px) 100vw, 937px\" \/><\/figure>\n<\/div>\n\n<div class=\"wp-block-image\">\n<figure class=\"aligncenter size-large\"><img loading=\"lazy\" decoding=\"async\" width=\"1024\" height=\"683\" data-id=\"254295\" src=\"https:\/\/www.monaco-tribune.com\/wp-content\/uploads\/2024\/10\/lassociation-des-femmes-chefs-dentreprises-de-monaco-a-fete-ses-20-ans-avec-un-gala-exceptionnel14-1024x683.jpg\" alt=\"\" class=\"wp-image-254295\" srcset=\"https:\/\/www.monaco-tribune.com\/wp-content\/uploads\/2024\/10\/lassociation-des-femmes-chefs-dentreprises-de-monaco-a-fete-ses-20-ans-avec-un-gala-exceptionnel14-1024x683.jpg 1024w, https:\/\/www.monaco-tribune.com\/wp-content\/uploads\/2024\/10\/lassociation-des-femmes-chefs-dentreprises-de-monaco-a-fete-ses-20-ans-avec-un-gala-exceptionnel14-450x300.jpg 450w, https:\/\/www.monaco-tribune.com\/wp-content\/uploads\/2024\/10\/lassociation-des-femmes-chefs-dentreprises-de-monaco-a-fete-ses-20-ans-avec-un-gala-exceptionnel14.jpg 1200w\" sizes=\"auto, (max-width: 1024px) 100vw, 1024px\" \/><figcaption class=\"wp-element-caption\"><em>All the members of the Association des Femmes Chefs d&#8217;Entreprises de Monaco.<\/em><\/figcaption><\/figure>\n<\/div>\n\n<div class=\"wp-block-image\">\n<figure class=\"aligncenter size-large\"><img loading=\"lazy\" decoding=\"async\" width=\"1024\" height=\"528\" data-id=\"254261\" src=\"https:\/\/www.monaco-tribune.com\/wp-content\/uploads\/2024\/10\/lassociation-des-femmes-chefs-dentreprises-de-monaco-a-fete-ses-20-ans-avec-un-gala-exceptionnel8-1024x528.jpg\" alt=\"\" class=\"wp-image-254261\" srcset=\"https:\/\/www.monaco-tribune.com\/wp-content\/uploads\/2024\/10\/lassociation-des-femmes-chefs-dentreprises-de-monaco-a-fete-ses-20-ans-avec-un-gala-exceptionnel8-1024x528.jpg 1024w, https:\/\/www.monaco-tribune.com\/wp-content\/uploads\/2024\/10\/lassociation-des-femmes-chefs-dentreprises-de-monaco-a-fete-ses-20-ans-avec-un-gala-exceptionnel8-582x300.jpg 582w, https:\/\/www.monaco-tribune.com\/wp-content\/uploads\/2024\/10\/lassociation-des-femmes-chefs-dentreprises-de-monaco-a-fete-ses-20-ans-avec-un-gala-exceptionnel8.jpg 1200w\" sizes=\"auto, (max-width: 1024px) 100vw, 1024px\" \/><\/figure>\n<\/div>\n\n<div class=\"wp-block-image\">\n<figure class=\"aligncenter size-large\"><img loading=\"lazy\" decoding=\"async\" width=\"1024\" height=\"768\" data-id=\"254291\" src=\"https:\/\/www.monaco-tribune.com\/wp-content\/uploads\/2024\/10\/lassociation-des-femmes-chefs-dentreprises-de-monaco-a-fete-ses-20-ans-avec-un-gala-exceptionnel16-1024x768.jpg\" alt=\"\" class=\"wp-image-254291\" srcset=\"https:\/\/www.monaco-tribune.com\/wp-content\/uploads\/2024\/10\/lassociation-des-femmes-chefs-dentreprises-de-monaco-a-fete-ses-20-ans-avec-un-gala-exceptionnel16-1024x768.jpg 1024w, https:\/\/www.monaco-tribune.com\/wp-content\/uploads\/2024\/10\/lassociation-des-femmes-chefs-dentreprises-de-monaco-a-fete-ses-20-ans-avec-un-gala-exceptionnel16-400x300.jpg 400w, https:\/\/www.monaco-tribune.com\/wp-content\/uploads\/2024\/10\/lassociation-des-femmes-chefs-dentreprises-de-monaco-a-fete-ses-20-ans-avec-un-gala-exceptionnel16.jpg 1067w\" sizes=\"auto, (max-width: 1024px) 100vw, 1024px\" \/><\/figure>\n<\/div><\/figure>\n\n<p><em>Photo credits: St\u00e9phane Gendre. <\/em><\/p>\n\n<p class=\"related\"><a href=\"https:\/\/www.monaco-tribune.com\/en\/2023\/11\/johanna-houdrouge-we-can-handle-it-all-both-our-private-and-professional-lives-its-a-matter-of-organisation\/\">Johanna Houdrouge: \u201cWe can handle it all, both our private and professional lives, it\u2019s a matter of organisation\u201d<\/a><\/p>\n","protected":false},"excerpt":{"rendered":"<p>On Friday 4 October, the Hotel de Paris was decked out in its most elegant finery to host an exceptional [&hellip;]<\/p>\n","protected":false},"author":77,"featured_media":254148,"comment_status":"closed","ping_status":"closed","sticky":false,"template":"","format":"standard","meta":{"_acf_changed":false,"footnotes":""},"categories":[243,258],"tags":[2943],"post_sectags":[5164,5163,3298,4854],"post_format":[2462],"class_list":["post-254072","post","type-post","status-publish","format-standard","has-post-thumbnail","hentry","category-news","category-public-life","tag-charities","sectag-afcem-en","sectag-femmes-leaders-mondiales-monaco-en","sectag-womens-rights","sectag-world-women-leaders","format-photos-en"],"acf":[],"yoast_head":"<!-- This site is optimized with the Yoast SEO Premium plugin v26.8 (Yoast SEO v27.4) - https:\/\/yoast.com\/product\/yoast-seo-premium-wordpress\/ -->\n<title>Association des Femmes Chefs d&#039;Entreprises de Monaco celebrates 20th anniversary with fabulous gala<\/title>\n<meta name=\"description\" content=\"On Friday 4 October, the Hotel de Paris was decked out in its most elegant finery to host an exceptional event: the 20th anniversary of the Association\" \/>\n<meta name=\"robots\" content=\"index, follow, max-snippet:-1, max-image-preview:large, max-video-preview:-1\" \/>\n<link rel=\"canonical\" href=\"https:\/\/www.monaco-tribune.com\/en\/2024\/10\/association-des-femmes-chefs-dentreprises-de-monaco-celebrates-20th-anniversary-with-fabulous-gala\/\" \/>\n<meta property=\"og:locale\" content=\"en_US\" \/>\n<meta property=\"og:type\" content=\"article\" \/>\n<meta property=\"og:title\" content=\"Association des Femmes Chefs d&#039;Entreprises de Monaco celebrates 20th anniversary with fabulous gala - Monaco Tribune\" \/>\n<meta property=\"og:description\" content=\"On Friday 4 October, the Hotel de Paris was decked out in its most elegant finery to host an exceptional event: the 20th anniversary of the Association\" \/>\n<meta property=\"og:url\" content=\"https:\/\/www.monaco-tribune.com\/en\/2024\/10\/association-des-femmes-chefs-dentreprises-de-monaco-celebrates-20th-anniversary-with-fabulous-gala\/\" \/>\n<meta property=\"og:site_name\" content=\"Monaco Tribune\" \/>\n<meta property=\"article:publisher\" content=\"https:\/\/www.facebook.com\/MonacoTribune\" \/>\n<meta property=\"article:published_time\" content=\"2024-10-09T10:49:07+00:00\" \/>\n<meta property=\"article:modified_time\" content=\"2024-10-10T12:02:53+00:00\" \/>\n<meta property=\"og:image\" content=\"https:\/\/www.monaco-tribune.com\/wp-content\/uploads\/2024\/10\/association-des-femmes-chefs-dentreprises-de-monaco.jpg\" \/>\n\t<meta property=\"og:image:width\" content=\"1100\" \/>\n\t<meta property=\"og:image:height\" content=\"800\" \/>\n\t<meta property=\"og:image:type\" content=\"image\/jpeg\" \/>\n<meta name=\"author\" content=\"Ana\u00efs Riu\" \/>\n<meta name=\"twitter:card\" content=\"summary_large_image\" \/>\n<meta name=\"twitter:creator\" content=\"@MonacoTribune\" \/>\n<meta name=\"twitter:site\" content=\"@MonacoTribune\" \/>\n<script type=\"application\/ld+json\" class=\"yoast-schema-graph\">{\"@context\":\"https:\\\/\\\/schema.org\",\"@graph\":[{\"@type\":\"NewsArticle\",\"@id\":\"https:\\\/\\\/www.monaco-tribune.com\\\/en\\\/2024\\\/10\\\/association-des-femmes-chefs-dentreprises-de-monaco-celebrates-20th-anniversary-with-fabulous-gala\\\/#article\",\"isPartOf\":{\"@id\":\"https:\\\/\\\/www.monaco-tribune.com\\\/en\\\/2024\\\/10\\\/association-des-femmes-chefs-dentreprises-de-monaco-celebrates-20th-anniversary-with-fabulous-gala\\\/\"},\"author\":{\"name\":\"Ana\u00efs Riu\",\"@id\":\"https:\\\/\\\/www.monaco-tribune.com\\\/en\\\/#\\\/schema\\\/person\\\/6db631c784f2f0eff54c3ca4d1da2d49\"},\"headline\":\"Association des Femmes Chefs d&#8217;Entreprises de Monaco celebrates 20th anniversary with fabulous gala\",\"datePublished\":\"2024-10-09T10:49:07+00:00\",\"dateModified\":\"2024-10-10T12:02:53+00:00\",\"mainEntityOfPage\":{\"@id\":\"https:\\\/\\\/www.monaco-tribune.com\\\/en\\\/2024\\\/10\\\/association-des-femmes-chefs-dentreprises-de-monaco-celebrates-20th-anniversary-with-fabulous-gala\\\/\"},\"wordCount\":862,\"publisher\":{\"@id\":\"https:\\\/\\\/www.monaco-tribune.com\\\/en\\\/#organization\"},\"image\":{\"@id\":\"https:\\\/\\\/www.monaco-tribune.com\\\/en\\\/2024\\\/10\\\/association-des-femmes-chefs-dentreprises-de-monaco-celebrates-20th-anniversary-with-fabulous-gala\\\/#primaryimage\"},\"thumbnailUrl\":\"https:\\\/\\\/www.monaco-tribune.com\\\/wp-content\\\/uploads\\\/2024\\\/10\\\/association-des-femmes-chefs-dentreprises-de-monaco.jpg\",\"keywords\":[\"Charities\"],\"articleSection\":[\"News\",\"Society\"],\"inLanguage\":\"en-US\",\"copyrightYear\":\"2024\",\"copyrightHolder\":{\"@id\":\"https:\\\/\\\/www.monaco-tribune.com\\\/#organization\"}},{\"@type\":\"WebPage\",\"@id\":\"https:\\\/\\\/www.monaco-tribune.com\\\/en\\\/2024\\\/10\\\/association-des-femmes-chefs-dentreprises-de-monaco-celebrates-20th-anniversary-with-fabulous-gala\\\/\",\"url\":\"https:\\\/\\\/www.monaco-tribune.com\\\/en\\\/2024\\\/10\\\/association-des-femmes-chefs-dentreprises-de-monaco-celebrates-20th-anniversary-with-fabulous-gala\\\/\",\"name\":\"Association des Femmes Chefs d'Entreprises de Monaco celebrates 20th anniversary with fabulous gala\",\"isPartOf\":{\"@id\":\"https:\\\/\\\/www.monaco-tribune.com\\\/en\\\/#website\"},\"primaryImageOfPage\":{\"@id\":\"https:\\\/\\\/www.monaco-tribune.com\\\/en\\\/2024\\\/10\\\/association-des-femmes-chefs-dentreprises-de-monaco-celebrates-20th-anniversary-with-fabulous-gala\\\/#primaryimage\"},\"image\":{\"@id\":\"https:\\\/\\\/www.monaco-tribune.com\\\/en\\\/2024\\\/10\\\/association-des-femmes-chefs-dentreprises-de-monaco-celebrates-20th-anniversary-with-fabulous-gala\\\/#primaryimage\"},\"thumbnailUrl\":\"https:\\\/\\\/www.monaco-tribune.com\\\/wp-content\\\/uploads\\\/2024\\\/10\\\/association-des-femmes-chefs-dentreprises-de-monaco.jpg\",\"datePublished\":\"2024-10-09T10:49:07+00:00\",\"dateModified\":\"2024-10-10T12:02:53+00:00\",\"description\":\"On Friday 4 October, the Hotel de Paris was decked out in its most elegant finery to host an exceptional event: the 20th anniversary of the Association\",\"breadcrumb\":{\"@id\":\"https:\\\/\\\/www.monaco-tribune.com\\\/en\\\/2024\\\/10\\\/association-des-femmes-chefs-dentreprises-de-monaco-celebrates-20th-anniversary-with-fabulous-gala\\\/#breadcrumb\"},\"inLanguage\":\"en-US\",\"potentialAction\":[{\"@type\":\"ReadAction\",\"target\":[\"https:\\\/\\\/www.monaco-tribune.com\\\/en\\\/2024\\\/10\\\/association-des-femmes-chefs-dentreprises-de-monaco-celebrates-20th-anniversary-with-fabulous-gala\\\/\"]}]},{\"@type\":\"ImageObject\",\"inLanguage\":\"en-US\",\"@id\":\"https:\\\/\\\/www.monaco-tribune.com\\\/en\\\/2024\\\/10\\\/association-des-femmes-chefs-dentreprises-de-monaco-celebrates-20th-anniversary-with-fabulous-gala\\\/#primaryimage\",\"url\":\"https:\\\/\\\/www.monaco-tribune.com\\\/wp-content\\\/uploads\\\/2024\\\/10\\\/association-des-femmes-chefs-dentreprises-de-monaco.jpg\",\"contentUrl\":\"https:\\\/\\\/www.monaco-tribune.com\\\/wp-content\\\/uploads\\\/2024\\\/10\\\/association-des-femmes-chefs-dentreprises-de-monaco.jpg\",\"width\":1100,\"height\":800,\"caption\":\"L'Association des Femmes Chefs d\u2019Entreprises de Monaco\"},{\"@type\":\"BreadcrumbList\",\"@id\":\"https:\\\/\\\/www.monaco-tribune.com\\\/en\\\/2024\\\/10\\\/association-des-femmes-chefs-dentreprises-de-monaco-celebrates-20th-anniversary-with-fabulous-gala\\\/#breadcrumb\",\"itemListElement\":[{\"@type\":\"ListItem\",\"position\":1,\"name\":\"Accueil\",\"item\":\"https:\\\/\\\/www.monaco-tribune.com\\\/en\\\/\"},{\"@type\":\"ListItem\",\"position\":2,\"name\":\"Association des Femmes Chefs d&#8217;Entreprises de Monaco celebrates 20th anniversary with fabulous gala\"}]},{\"@type\":\"WebSite\",\"@id\":\"https:\\\/\\\/www.monaco-tribune.com\\\/en\\\/#website\",\"url\":\"https:\\\/\\\/www.monaco-tribune.com\\\/en\\\/\",\"name\":\"Monaco Tribune\",\"description\":\"Monaco : actualit\u00e9s \u00e9conomiques, politiques, culturelles et sportives de Monaco et de la French Riviera.\",\"publisher\":{\"@id\":\"https:\\\/\\\/www.monaco-tribune.com\\\/en\\\/#organization\"},\"potentialAction\":[{\"@type\":\"SearchAction\",\"target\":{\"@type\":\"EntryPoint\",\"urlTemplate\":\"https:\\\/\\\/www.monaco-tribune.com\\\/en\\\/?s={search_term_string}\"},\"query-input\":{\"@type\":\"PropertyValueSpecification\",\"valueRequired\":true,\"valueName\":\"search_term_string\"}}],\"inLanguage\":\"en-US\"},{\"@type\":\"Organization\",\"@id\":\"https:\\\/\\\/www.monaco-tribune.com\\\/en\\\/#organization\",\"name\":\"Monaco Tribune\",\"url\":\"https:\\\/\\\/www.monaco-tribune.com\\\/en\\\/\",\"logo\":{\"@type\":\"ImageObject\",\"inLanguage\":\"en-US\",\"@id\":\"https:\\\/\\\/www.monaco-tribune.com\\\/en\\\/#\\\/schema\\\/logo\\\/image\\\/\",\"url\":\"https:\\\/\\\/www.monaco-tribune.com\\\/wp-content\\\/uploads\\\/2022\\\/11\\\/logo-monaco-tribune.png\",\"contentUrl\":\"https:\\\/\\\/www.monaco-tribune.com\\\/wp-content\\\/uploads\\\/2022\\\/11\\\/logo-monaco-tribune.png\",\"width\":1548,\"height\":600,\"caption\":\"Monaco Tribune\"},\"image\":{\"@id\":\"https:\\\/\\\/www.monaco-tribune.com\\\/en\\\/#\\\/schema\\\/logo\\\/image\\\/\"},\"sameAs\":[\"https:\\\/\\\/www.facebook.com\\\/MonacoTribune\",\"https:\\\/\\\/x.com\\\/MonacoTribune\",\"https:\\\/\\\/www.instagram.com\\\/monacotribune\\\/\",\"https:\\\/\\\/www.linkedin.com\\\/company\\\/monaco-tribune\",\"https:\\\/\\\/www.youtube.com\\\/channel\\\/UCHle1MnG6hw1y4lWKijVbMA\"]},{\"@type\":\"Person\",\"@id\":\"https:\\\/\\\/www.monaco-tribune.com\\\/en\\\/#\\\/schema\\\/person\\\/6db631c784f2f0eff54c3ca4d1da2d49\",\"name\":\"Ana\u00efs Riu\",\"image\":{\"@type\":\"ImageObject\",\"inLanguage\":\"en-US\",\"@id\":\"https:\\\/\\\/secure.gravatar.com\\\/avatar\\\/9137eff67ff750f1997c171f45e5829ca4c8fa34729a8f8cd9dc85be7e50df7f?s=96&d=mm&r=g\",\"url\":\"https:\\\/\\\/secure.gravatar.com\\\/avatar\\\/9137eff67ff750f1997c171f45e5829ca4c8fa34729a8f8cd9dc85be7e50df7f?s=96&d=mm&r=g\",\"contentUrl\":\"https:\\\/\\\/secure.gravatar.com\\\/avatar\\\/9137eff67ff750f1997c171f45e5829ca4c8fa34729a8f8cd9dc85be7e50df7f?s=96&d=mm&r=g\",\"caption\":\"Ana\u00efs Riu\"},\"url\":\"https:\\\/\\\/www.monaco-tribune.com\\\/en\\\/author\\\/anaisriu\\\/\"}]}<\/script>\n<!-- \/ Yoast SEO Premium plugin. -->","yoast_head_json":{"title":"Association des Femmes Chefs d'Entreprises de Monaco celebrates 20th anniversary with fabulous gala","description":"On Friday 4 October, the Hotel de Paris was decked out in its most elegant finery to host an exceptional event: the 20th anniversary of the Association","robots":{"index":"index","follow":"follow","max-snippet":"max-snippet:-1","max-image-preview":"max-image-preview:large","max-video-preview":"max-video-preview:-1"},"canonical":"https:\/\/www.monaco-tribune.com\/en\/2024\/10\/association-des-femmes-chefs-dentreprises-de-monaco-celebrates-20th-anniversary-with-fabulous-gala\/","og_locale":"en_US","og_type":"article","og_title":"Association des Femmes Chefs d'Entreprises de Monaco celebrates 20th anniversary with fabulous gala - Monaco Tribune","og_description":"On Friday 4 October, the Hotel de Paris was decked out in its most elegant finery to host an exceptional event: the 20th anniversary of the Association","og_url":"https:\/\/www.monaco-tribune.com\/en\/2024\/10\/association-des-femmes-chefs-dentreprises-de-monaco-celebrates-20th-anniversary-with-fabulous-gala\/","og_site_name":"Monaco Tribune","article_publisher":"https:\/\/www.facebook.com\/MonacoTribune","article_published_time":"2024-10-09T10:49:07+00:00","article_modified_time":"2024-10-10T12:02:53+00:00","og_image":[{"width":1100,"height":800,"url":"https:\/\/www.monaco-tribune.com\/wp-content\/uploads\/2024\/10\/association-des-femmes-chefs-dentreprises-de-monaco.jpg","type":"image\/jpeg"}],"author":"Ana\u00efs Riu","twitter_card":"summary_large_image","twitter_creator":"@MonacoTribune","twitter_site":"@MonacoTribune","schema":{"@context":"https:\/\/schema.org","@graph":[{"@type":"NewsArticle","@id":"https:\/\/www.monaco-tribune.com\/en\/2024\/10\/association-des-femmes-chefs-dentreprises-de-monaco-celebrates-20th-anniversary-with-fabulous-gala\/#article","isPartOf":{"@id":"https:\/\/www.monaco-tribune.com\/en\/2024\/10\/association-des-femmes-chefs-dentreprises-de-monaco-celebrates-20th-anniversary-with-fabulous-gala\/"},"author":{"name":"Ana\u00efs Riu","@id":"https:\/\/www.monaco-tribune.com\/en\/#\/schema\/person\/6db631c784f2f0eff54c3ca4d1da2d49"},"headline":"Association des Femmes Chefs d&#8217;Entreprises de Monaco celebrates 20th anniversary with fabulous gala","datePublished":"2024-10-09T10:49:07+00:00","dateModified":"2024-10-10T12:02:53+00:00","mainEntityOfPage":{"@id":"https:\/\/www.monaco-tribune.com\/en\/2024\/10\/association-des-femmes-chefs-dentreprises-de-monaco-celebrates-20th-anniversary-with-fabulous-gala\/"},"wordCount":862,"publisher":{"@id":"https:\/\/www.monaco-tribune.com\/en\/#organization"},"image":{"@id":"https:\/\/www.monaco-tribune.com\/en\/2024\/10\/association-des-femmes-chefs-dentreprises-de-monaco-celebrates-20th-anniversary-with-fabulous-gala\/#primaryimage"},"thumbnailUrl":"https:\/\/www.monaco-tribune.com\/wp-content\/uploads\/2024\/10\/association-des-femmes-chefs-dentreprises-de-monaco.jpg","keywords":["Charities"],"articleSection":["News","Society"],"inLanguage":"en-US","copyrightYear":"2024","copyrightHolder":{"@id":"https:\/\/www.monaco-tribune.com\/#organization"}},{"@type":"WebPage","@id":"https:\/\/www.monaco-tribune.com\/en\/2024\/10\/association-des-femmes-chefs-dentreprises-de-monaco-celebrates-20th-anniversary-with-fabulous-gala\/","url":"https:\/\/www.monaco-tribune.com\/en\/2024\/10\/association-des-femmes-chefs-dentreprises-de-monaco-celebrates-20th-anniversary-with-fabulous-gala\/","name":"Association des Femmes Chefs d'Entreprises de Monaco celebrates 20th anniversary with fabulous gala","isPartOf":{"@id":"https:\/\/www.monaco-tribune.com\/en\/#website"},"primaryImageOfPage":{"@id":"https:\/\/www.monaco-tribune.com\/en\/2024\/10\/association-des-femmes-chefs-dentreprises-de-monaco-celebrates-20th-anniversary-with-fabulous-gala\/#primaryimage"},"image":{"@id":"https:\/\/www.monaco-tribune.com\/en\/2024\/10\/association-des-femmes-chefs-dentreprises-de-monaco-celebrates-20th-anniversary-with-fabulous-gala\/#primaryimage"},"thumbnailUrl":"https:\/\/www.monaco-tribune.com\/wp-content\/uploads\/2024\/10\/association-des-femmes-chefs-dentreprises-de-monaco.jpg","datePublished":"2024-10-09T10:49:07+00:00","dateModified":"2024-10-10T12:02:53+00:00","description":"On Friday 4 October, the Hotel de Paris was decked out in its most elegant finery to host an exceptional event: the 20th anniversary of the Association","breadcrumb":{"@id":"https:\/\/www.monaco-tribune.com\/en\/2024\/10\/association-des-femmes-chefs-dentreprises-de-monaco-celebrates-20th-anniversary-with-fabulous-gala\/#breadcrumb"},"inLanguage":"en-US","potentialAction":[{"@type":"ReadAction","target":["https:\/\/www.monaco-tribune.com\/en\/2024\/10\/association-des-femmes-chefs-dentreprises-de-monaco-celebrates-20th-anniversary-with-fabulous-gala\/"]}]},{"@type":"ImageObject","inLanguage":"en-US","@id":"https:\/\/www.monaco-tribune.com\/en\/2024\/10\/association-des-femmes-chefs-dentreprises-de-monaco-celebrates-20th-anniversary-with-fabulous-gala\/#primaryimage","url":"https:\/\/www.monaco-tribune.com\/wp-content\/uploads\/2024\/10\/association-des-femmes-chefs-dentreprises-de-monaco.jpg","contentUrl":"https:\/\/www.monaco-tribune.com\/wp-content\/uploads\/2024\/10\/association-des-femmes-chefs-dentreprises-de-monaco.jpg","width":1100,"height":800,"caption":"L'Association des Femmes Chefs d\u2019Entreprises de Monaco"},{"@type":"BreadcrumbList","@id":"https:\/\/www.monaco-tribune.com\/en\/2024\/10\/association-des-femmes-chefs-dentreprises-de-monaco-celebrates-20th-anniversary-with-fabulous-gala\/#breadcrumb","itemListElement":[{"@type":"ListItem","position":1,"name":"Accueil","item":"https:\/\/www.monaco-tribune.com\/en\/"},{"@type":"ListItem","position":2,"name":"Association des Femmes Chefs d&#8217;Entreprises de Monaco celebrates 20th anniversary with fabulous gala"}]},{"@type":"WebSite","@id":"https:\/\/www.monaco-tribune.com\/en\/#website","url":"https:\/\/www.monaco-tribune.com\/en\/","name":"Monaco Tribune","description":"Monaco : actualit\u00e9s \u00e9conomiques, politiques, culturelles et sportives de Monaco et de la French Riviera.","publisher":{"@id":"https:\/\/www.monaco-tribune.com\/en\/#organization"},"potentialAction":[{"@type":"SearchAction","target":{"@type":"EntryPoint","urlTemplate":"https:\/\/www.monaco-tribune.com\/en\/?s={search_term_string}"},"query-input":{"@type":"PropertyValueSpecification","valueRequired":true,"valueName":"search_term_string"}}],"inLanguage":"en-US"},{"@type":"Organization","@id":"https:\/\/www.monaco-tribune.com\/en\/#organization","name":"Monaco Tribune","url":"https:\/\/www.monaco-tribune.com\/en\/","logo":{"@type":"ImageObject","inLanguage":"en-US","@id":"https:\/\/www.monaco-tribune.com\/en\/#\/schema\/logo\/image\/","url":"https:\/\/www.monaco-tribune.com\/wp-content\/uploads\/2022\/11\/logo-monaco-tribune.png","contentUrl":"https:\/\/www.monaco-tribune.com\/wp-content\/uploads\/2022\/11\/logo-monaco-tribune.png","width":1548,"height":600,"caption":"Monaco Tribune"},"image":{"@id":"https:\/\/www.monaco-tribune.com\/en\/#\/schema\/logo\/image\/"},"sameAs":["https:\/\/www.facebook.com\/MonacoTribune","https:\/\/x.com\/MonacoTribune","https:\/\/www.instagram.com\/monacotribune\/","https:\/\/www.linkedin.com\/company\/monaco-tribune","https:\/\/www.youtube.com\/channel\/UCHle1MnG6hw1y4lWKijVbMA"]},{"@type":"Person","@id":"https:\/\/www.monaco-tribune.com\/en\/#\/schema\/person\/6db631c784f2f0eff54c3ca4d1da2d49","name":"Ana\u00efs Riu","image":{"@type":"ImageObject","inLanguage":"en-US","@id":"https:\/\/secure.gravatar.com\/avatar\/9137eff67ff750f1997c171f45e5829ca4c8fa34729a8f8cd9dc85be7e50df7f?s=96&d=mm&r=g","url":"https:\/\/secure.gravatar.com\/avatar\/9137eff67ff750f1997c171f45e5829ca4c8fa34729a8f8cd9dc85be7e50df7f?s=96&d=mm&r=g","contentUrl":"https:\/\/secure.gravatar.com\/avatar\/9137eff67ff750f1997c171f45e5829ca4c8fa34729a8f8cd9dc85be7e50df7f?s=96&d=mm&r=g","caption":"Ana\u00efs Riu"},"url":"https:\/\/www.monaco-tribune.com\/en\/author\/anaisriu\/"}]}},"_links":{"self":[{"href":"https:\/\/www.monaco-tribune.com\/en\/wp-json\/wp\/v2\/posts\/254072","targetHints":{"allow":["GET"]}}],"collection":[{"href":"https:\/\/www.monaco-tribune.com\/en\/wp-json\/wp\/v2\/posts"}],"about":[{"href":"https:\/\/www.monaco-tribune.com\/en\/wp-json\/wp\/v2\/types\/post"}],"author":[{"embeddable":true,"href":"https:\/\/www.monaco-tribune.com\/en\/wp-json\/wp\/v2\/users\/77"}],"replies":[{"embeddable":true,"href":"https:\/\/www.monaco-tribune.com\/en\/wp-json\/wp\/v2\/comments?post=254072"}],"version-history":[{"count":2,"href":"https:\/\/www.monaco-tribune.com\/en\/wp-json\/wp\/v2\/posts\/254072\/revisions"}],"predecessor-version":[{"id":254410,"href":"https:\/\/www.monaco-tribune.com\/en\/wp-json\/wp\/v2\/posts\/254072\/revisions\/254410"}],"wp:featuredmedia":[{"embeddable":true,"href":"https:\/\/www.monaco-tribune.com\/en\/wp-json\/wp\/v2\/media\/254148"}],"wp:attachment":[{"href":"https:\/\/www.monaco-tribune.com\/en\/wp-json\/wp\/v2\/media?parent=254072"}],"wp:term":[{"taxonomy":"category","embeddable":true,"href":"https:\/\/www.monaco-tribune.com\/en\/wp-json\/wp\/v2\/categories?post=254072"},{"taxonomy":"post_tag","embeddable":true,"href":"https:\/\/www.monaco-tribune.com\/en\/wp-json\/wp\/v2\/tags?post=254072"},{"taxonomy":"sectag","embeddable":true,"href":"https:\/\/www.monaco-tribune.com\/en\/wp-json\/wp\/v2\/post_sectags?post=254072"},{"taxonomy":"format","embeddable":true,"href":"https:\/\/www.monaco-tribune.com\/en\/wp-json\/wp\/v2\/post_format?post=254072"}],"curies":[{"name":"wp","href":"https:\/\/api.w.org\/{rel}","templated":true}]}}