{"id":254090,"date":"2024-10-09T12:56:14","date_gmt":"2024-10-09T10:56:14","guid":{"rendered":"https:\/\/www.monaco-tribune.com\/2024\/10\/monaco-going-all-out-for-halloween\/"},"modified":"2024-10-25T12:57:15","modified_gmt":"2024-10-25T10:57:15","slug":"monaco-going-all-out-for-halloween","status":"publish","type":"post","link":"https:\/\/www.monaco-tribune.com\/en\/2024\/10\/monaco-going-all-out-for-halloween\/","title":{"rendered":"Monaco going all out for Hallowe&#8217;en"},"content":{"rendered":"\n<p><strong>The scariest night of the year is not far off, and Monaco is ready for it!<\/strong><\/p>\n\n<p>As every year, several municipal departments have worked together to provide a very festive programme for the Anglo-Saxon festival of Hallowe&#8217;en. And there&#8217;s something for all ages and tastes!<\/p>\n\n<p>The festivities begin on Wednesday 16 October with a Hallowe&#8217;en monster-making workshop for children and their parents. The activity is free, and for children aged 3 and over. Also for that age group, there will be scary stories on Tuesday 29 October at the Princess Caroline Library. The 14th edition of the Great Hallowe&#8217;en Game will be held in Princesse Antoinette park on 31 October, for children aged 3 to 10, including a face-painting stand. <\/p>\n\n<p>For older children, there will be a special Hallowe&#8217;en Manga Bla-Bla and Games afternoon on Tuesday 29 October. On the day itself, 31 October, children aged 8 and up who are at school or live in Monaco will get the chance to take part in a big game at the Centre Botanique, as well as a Hallowe&#8217;en Party at the Espace L\u00e9o Ferr\u00e9 for 10 to 14-year-olds. A DJ, unlimited soft drinks, a selfie booth, a black box, fantastic tattoos, bloody bar and more are all planned.<\/p>\n\n<h2 class=\"wp-block-heading\" id=\"h-des-nouveautes-effrayantes-pour-2024\">Nightmarish news for 2024<\/h2>\n\n<p>This year&#8217;s Hallowe&#8217;en Festival has two new must-do features: a &#8216;Hallowe&#8217;en night in the Park&#8217; event, which was initially planned for the evening, will now take place in the afternoon and is open to all ages, free of charge, enter through the upper entrance (boulevard u Jardin Exotique).* There is also a fancy dress contest for all the family at La Condamine market.<\/p>\n\n<p class=\"related\"><a href=\"https:\/\/www.monaco-tribune.com\/en\/2024\/05\/where-to-eat-out-with-the-family-in-monaco\/\">Where to eat out with the family in Monaco<\/a><\/p>\n\n<p>A dance is also being organised for older age groups at the Espace Lamartine, from 2.30 pm to 5.30 pm.<\/p>\n\n<p>And for those who want to stop by the Attractions Fair, it will be open until 11.59 pm, just before the witching hour!<\/p>\n\n<p><em>For more information: +377 93 15 29 33<\/em><\/p>\n","protected":false},"excerpt":{"rendered":"<p>The scariest night of the year is not far off, and Monaco is ready for it! As every year, several [&hellip;]<\/p>\n","protected":false},"author":47,"featured_media":196548,"comment_status":"closed","ping_status":"closed","sticky":false,"template":"","format":"standard","meta":{"_acf_changed":false,"footnotes":""},"categories":[243,251],"tags":[3013],"post_sectags":[],"post_format":[2452],"class_list":["post-254090","post","type-post","status-publish","format-standard","has-post-thumbnail","hentry","category-news","category-whats-on","tag-youth","format-events"],"acf":[],"yoast_head":"<!-- This site is optimized with the Yoast SEO Premium plugin v26.8 (Yoast SEO v27.4) - https:\/\/yoast.com\/product\/yoast-seo-premium-wordpress\/ -->\n<title>Monaco going all out for Hallowe&#039;en<\/title>\n<meta name=\"description\" content=\"The scariest night of the year is not far off, and Monaco is ready for it! As every year, several municipal departments have worked together to provide a\" \/>\n<meta name=\"robots\" content=\"index, follow, max-snippet:-1, max-image-preview:large, max-video-preview:-1\" \/>\n<link rel=\"canonical\" href=\"https:\/\/www.monaco-tribune.com\/en\/2024\/10\/monaco-going-all-out-for-halloween\/\" \/>\n<meta property=\"og:locale\" content=\"en_US\" \/>\n<meta property=\"og:type\" content=\"article\" \/>\n<meta property=\"og:title\" content=\"Monaco going all out for Hallowe&#039;en - Monaco Tribune\" \/>\n<meta property=\"og:description\" content=\"The scariest night of the year is not far off, and Monaco is ready for it! As every year, several municipal departments have worked together to provide a\" \/>\n<meta property=\"og:url\" content=\"https:\/\/www.monaco-tribune.com\/en\/2024\/10\/monaco-going-all-out-for-halloween\/\" \/>\n<meta property=\"og:site_name\" content=\"Monaco Tribune\" \/>\n<meta property=\"article:publisher\" content=\"https:\/\/www.facebook.com\/MonacoTribune\" \/>\n<meta property=\"article:published_time\" content=\"2024-10-09T10:56:14+00:00\" \/>\n<meta property=\"article:modified_time\" content=\"2024-10-25T10:57:15+00:00\" \/>\n<meta property=\"og:image\" content=\"https:\/\/www.monaco-tribune.com\/wp-content\/uploads\/2023\/10\/halloween-automne-langue-monegasque.jpeg\" \/>\n\t<meta property=\"og:image:width\" content=\"1020\" \/>\n\t<meta property=\"og:image:height\" content=\"680\" \/>\n\t<meta property=\"og:image:type\" content=\"image\/jpeg\" \/>\n<meta name=\"author\" content=\"Agathe Ch\u00e9reau\" \/>\n<meta name=\"twitter:card\" content=\"summary_large_image\" \/>\n<meta name=\"twitter:creator\" content=\"@MonacoTribune\" \/>\n<meta name=\"twitter:site\" content=\"@MonacoTribune\" \/>\n<script type=\"application\/ld+json\" class=\"yoast-schema-graph\">{\"@context\":\"https:\\\/\\\/schema.org\",\"@graph\":[{\"@type\":\"NewsArticle\",\"@id\":\"https:\\\/\\\/www.monaco-tribune.com\\\/en\\\/2024\\\/10\\\/monaco-going-all-out-for-halloween\\\/#article\",\"isPartOf\":{\"@id\":\"https:\\\/\\\/www.monaco-tribune.com\\\/en\\\/2024\\\/10\\\/monaco-going-all-out-for-halloween\\\/\"},\"author\":{\"name\":\"Agathe Ch\u00e9reau\",\"@id\":\"https:\\\/\\\/www.monaco-tribune.com\\\/en\\\/#\\\/schema\\\/person\\\/fba2f8d5a098d473c92e84cc43a8f730\"},\"headline\":\"Monaco going all out for Hallowe&#8217;en\",\"datePublished\":\"2024-10-09T10:56:14+00:00\",\"dateModified\":\"2024-10-25T10:57:15+00:00\",\"mainEntityOfPage\":{\"@id\":\"https:\\\/\\\/www.monaco-tribune.com\\\/en\\\/2024\\\/10\\\/monaco-going-all-out-for-halloween\\\/\"},\"wordCount\":332,\"publisher\":{\"@id\":\"https:\\\/\\\/www.monaco-tribune.com\\\/en\\\/#organization\"},\"image\":{\"@id\":\"https:\\\/\\\/www.monaco-tribune.com\\\/en\\\/2024\\\/10\\\/monaco-going-all-out-for-halloween\\\/#primaryimage\"},\"thumbnailUrl\":\"https:\\\/\\\/www.monaco-tribune.com\\\/wp-content\\\/uploads\\\/2023\\\/10\\\/halloween-automne-langue-monegasque.jpeg\",\"keywords\":[\"Youth\"],\"articleSection\":[\"News\",\"What&#039;s on\"],\"inLanguage\":\"en-US\",\"copyrightYear\":\"2024\",\"copyrightHolder\":{\"@id\":\"https:\\\/\\\/www.monaco-tribune.com\\\/#organization\"}},{\"@type\":\"WebPage\",\"@id\":\"https:\\\/\\\/www.monaco-tribune.com\\\/en\\\/2024\\\/10\\\/monaco-going-all-out-for-halloween\\\/\",\"url\":\"https:\\\/\\\/www.monaco-tribune.com\\\/en\\\/2024\\\/10\\\/monaco-going-all-out-for-halloween\\\/\",\"name\":\"Monaco going all out for Hallowe'en\",\"isPartOf\":{\"@id\":\"https:\\\/\\\/www.monaco-tribune.com\\\/en\\\/#website\"},\"primaryImageOfPage\":{\"@id\":\"https:\\\/\\\/www.monaco-tribune.com\\\/en\\\/2024\\\/10\\\/monaco-going-all-out-for-halloween\\\/#primaryimage\"},\"image\":{\"@id\":\"https:\\\/\\\/www.monaco-tribune.com\\\/en\\\/2024\\\/10\\\/monaco-going-all-out-for-halloween\\\/#primaryimage\"},\"thumbnailUrl\":\"https:\\\/\\\/www.monaco-tribune.com\\\/wp-content\\\/uploads\\\/2023\\\/10\\\/halloween-automne-langue-monegasque.jpeg\",\"datePublished\":\"2024-10-09T10:56:14+00:00\",\"dateModified\":\"2024-10-25T10:57:15+00:00\",\"description\":\"The scariest night of the year is not far off, and Monaco is ready for it! As every year, several municipal departments have worked together to provide a\",\"breadcrumb\":{\"@id\":\"https:\\\/\\\/www.monaco-tribune.com\\\/en\\\/2024\\\/10\\\/monaco-going-all-out-for-halloween\\\/#breadcrumb\"},\"inLanguage\":\"en-US\",\"potentialAction\":[{\"@type\":\"ReadAction\",\"target\":[\"https:\\\/\\\/www.monaco-tribune.com\\\/en\\\/2024\\\/10\\\/monaco-going-all-out-for-halloween\\\/\"]}]},{\"@type\":\"ImageObject\",\"inLanguage\":\"en-US\",\"@id\":\"https:\\\/\\\/www.monaco-tribune.com\\\/en\\\/2024\\\/10\\\/monaco-going-all-out-for-halloween\\\/#primaryimage\",\"url\":\"https:\\\/\\\/www.monaco-tribune.com\\\/wp-content\\\/uploads\\\/2023\\\/10\\\/halloween-automne-langue-monegasque.jpeg\",\"contentUrl\":\"https:\\\/\\\/www.monaco-tribune.com\\\/wp-content\\\/uploads\\\/2023\\\/10\\\/halloween-automne-langue-monegasque.jpeg\",\"width\":1020,\"height\":680,\"caption\":\"The Espace L\u00e9o Ferr\u00e9, the M\u00e9diath\u00e8que de Monaco (Media Library), Princesse Antoinette park are among the many local venues that will be hosting Hallowe'en events. \u00a9 Communication Department\"},{\"@type\":\"BreadcrumbList\",\"@id\":\"https:\\\/\\\/www.monaco-tribune.com\\\/en\\\/2024\\\/10\\\/monaco-going-all-out-for-halloween\\\/#breadcrumb\",\"itemListElement\":[{\"@type\":\"ListItem\",\"position\":1,\"name\":\"Accueil\",\"item\":\"https:\\\/\\\/www.monaco-tribune.com\\\/en\\\/\"},{\"@type\":\"ListItem\",\"position\":2,\"name\":\"Monaco going all out for Hallowe&#8217;en\"}]},{\"@type\":\"WebSite\",\"@id\":\"https:\\\/\\\/www.monaco-tribune.com\\\/en\\\/#website\",\"url\":\"https:\\\/\\\/www.monaco-tribune.com\\\/en\\\/\",\"name\":\"Monaco Tribune\",\"description\":\"Monaco : actualit\u00e9s \u00e9conomiques, politiques, culturelles et sportives de Monaco et de la French Riviera.\",\"publisher\":{\"@id\":\"https:\\\/\\\/www.monaco-tribune.com\\\/en\\\/#organization\"},\"potentialAction\":[{\"@type\":\"SearchAction\",\"target\":{\"@type\":\"EntryPoint\",\"urlTemplate\":\"https:\\\/\\\/www.monaco-tribune.com\\\/en\\\/?s={search_term_string}\"},\"query-input\":{\"@type\":\"PropertyValueSpecification\",\"valueRequired\":true,\"valueName\":\"search_term_string\"}}],\"inLanguage\":\"en-US\"},{\"@type\":\"Organization\",\"@id\":\"https:\\\/\\\/www.monaco-tribune.com\\\/en\\\/#organization\",\"name\":\"Monaco Tribune\",\"url\":\"https:\\\/\\\/www.monaco-tribune.com\\\/en\\\/\",\"logo\":{\"@type\":\"ImageObject\",\"inLanguage\":\"en-US\",\"@id\":\"https:\\\/\\\/www.monaco-tribune.com\\\/en\\\/#\\\/schema\\\/logo\\\/image\\\/\",\"url\":\"https:\\\/\\\/www.monaco-tribune.com\\\/wp-content\\\/uploads\\\/2022\\\/11\\\/logo-monaco-tribune.png\",\"contentUrl\":\"https:\\\/\\\/www.monaco-tribune.com\\\/wp-content\\\/uploads\\\/2022\\\/11\\\/logo-monaco-tribune.png\",\"width\":1548,\"height\":600,\"caption\":\"Monaco Tribune\"},\"image\":{\"@id\":\"https:\\\/\\\/www.monaco-tribune.com\\\/en\\\/#\\\/schema\\\/logo\\\/image\\\/\"},\"sameAs\":[\"https:\\\/\\\/www.facebook.com\\\/MonacoTribune\",\"https:\\\/\\\/x.com\\\/MonacoTribune\",\"https:\\\/\\\/www.instagram.com\\\/monacotribune\\\/\",\"https:\\\/\\\/www.linkedin.com\\\/company\\\/monaco-tribune\",\"https:\\\/\\\/www.youtube.com\\\/channel\\\/UCHle1MnG6hw1y4lWKijVbMA\"]},{\"@type\":\"Person\",\"@id\":\"https:\\\/\\\/www.monaco-tribune.com\\\/en\\\/#\\\/schema\\\/person\\\/fba2f8d5a098d473c92e84cc43a8f730\",\"name\":\"Agathe Ch\u00e9reau\",\"image\":{\"@type\":\"ImageObject\",\"inLanguage\":\"en-US\",\"@id\":\"https:\\\/\\\/secure.gravatar.com\\\/avatar\\\/884b20ed9d4430c24d77a3ad560b1c21da67bd6992531a1971822779f9988ea5?s=96&d=mm&r=g\",\"url\":\"https:\\\/\\\/secure.gravatar.com\\\/avatar\\\/884b20ed9d4430c24d77a3ad560b1c21da67bd6992531a1971822779f9988ea5?s=96&d=mm&r=g\",\"contentUrl\":\"https:\\\/\\\/secure.gravatar.com\\\/avatar\\\/884b20ed9d4430c24d77a3ad560b1c21da67bd6992531a1971822779f9988ea5?s=96&d=mm&r=g\",\"caption\":\"Agathe Ch\u00e9reau\"},\"url\":\"https:\\\/\\\/www.monaco-tribune.com\\\/en\\\/author\\\/agathechereau\\\/\"}]}<\/script>\n<!-- \/ Yoast SEO Premium plugin. -->","yoast_head_json":{"title":"Monaco going all out for Hallowe'en","description":"The scariest night of the year is not far off, and Monaco is ready for it! As every year, several municipal departments have worked together to provide a","robots":{"index":"index","follow":"follow","max-snippet":"max-snippet:-1","max-image-preview":"max-image-preview:large","max-video-preview":"max-video-preview:-1"},"canonical":"https:\/\/www.monaco-tribune.com\/en\/2024\/10\/monaco-going-all-out-for-halloween\/","og_locale":"en_US","og_type":"article","og_title":"Monaco going all out for Hallowe'en - Monaco Tribune","og_description":"The scariest night of the year is not far off, and Monaco is ready for it! As every year, several municipal departments have worked together to provide a","og_url":"https:\/\/www.monaco-tribune.com\/en\/2024\/10\/monaco-going-all-out-for-halloween\/","og_site_name":"Monaco Tribune","article_publisher":"https:\/\/www.facebook.com\/MonacoTribune","article_published_time":"2024-10-09T10:56:14+00:00","article_modified_time":"2024-10-25T10:57:15+00:00","og_image":[{"width":1020,"height":680,"url":"https:\/\/www.monaco-tribune.com\/wp-content\/uploads\/2023\/10\/halloween-automne-langue-monegasque.jpeg","type":"image\/jpeg"}],"author":"Agathe Ch\u00e9reau","twitter_card":"summary_large_image","twitter_creator":"@MonacoTribune","twitter_site":"@MonacoTribune","schema":{"@context":"https:\/\/schema.org","@graph":[{"@type":"NewsArticle","@id":"https:\/\/www.monaco-tribune.com\/en\/2024\/10\/monaco-going-all-out-for-halloween\/#article","isPartOf":{"@id":"https:\/\/www.monaco-tribune.com\/en\/2024\/10\/monaco-going-all-out-for-halloween\/"},"author":{"name":"Agathe Ch\u00e9reau","@id":"https:\/\/www.monaco-tribune.com\/en\/#\/schema\/person\/fba2f8d5a098d473c92e84cc43a8f730"},"headline":"Monaco going all out for Hallowe&#8217;en","datePublished":"2024-10-09T10:56:14+00:00","dateModified":"2024-10-25T10:57:15+00:00","mainEntityOfPage":{"@id":"https:\/\/www.monaco-tribune.com\/en\/2024\/10\/monaco-going-all-out-for-halloween\/"},"wordCount":332,"publisher":{"@id":"https:\/\/www.monaco-tribune.com\/en\/#organization"},"image":{"@id":"https:\/\/www.monaco-tribune.com\/en\/2024\/10\/monaco-going-all-out-for-halloween\/#primaryimage"},"thumbnailUrl":"https:\/\/www.monaco-tribune.com\/wp-content\/uploads\/2023\/10\/halloween-automne-langue-monegasque.jpeg","keywords":["Youth"],"articleSection":["News","What&#039;s on"],"inLanguage":"en-US","copyrightYear":"2024","copyrightHolder":{"@id":"https:\/\/www.monaco-tribune.com\/#organization"}},{"@type":"WebPage","@id":"https:\/\/www.monaco-tribune.com\/en\/2024\/10\/monaco-going-all-out-for-halloween\/","url":"https:\/\/www.monaco-tribune.com\/en\/2024\/10\/monaco-going-all-out-for-halloween\/","name":"Monaco going all out for Hallowe'en","isPartOf":{"@id":"https:\/\/www.monaco-tribune.com\/en\/#website"},"primaryImageOfPage":{"@id":"https:\/\/www.monaco-tribune.com\/en\/2024\/10\/monaco-going-all-out-for-halloween\/#primaryimage"},"image":{"@id":"https:\/\/www.monaco-tribune.com\/en\/2024\/10\/monaco-going-all-out-for-halloween\/#primaryimage"},"thumbnailUrl":"https:\/\/www.monaco-tribune.com\/wp-content\/uploads\/2023\/10\/halloween-automne-langue-monegasque.jpeg","datePublished":"2024-10-09T10:56:14+00:00","dateModified":"2024-10-25T10:57:15+00:00","description":"The scariest night of the year is not far off, and Monaco is ready for it! As every year, several municipal departments have worked together to provide a","breadcrumb":{"@id":"https:\/\/www.monaco-tribune.com\/en\/2024\/10\/monaco-going-all-out-for-halloween\/#breadcrumb"},"inLanguage":"en-US","potentialAction":[{"@type":"ReadAction","target":["https:\/\/www.monaco-tribune.com\/en\/2024\/10\/monaco-going-all-out-for-halloween\/"]}]},{"@type":"ImageObject","inLanguage":"en-US","@id":"https:\/\/www.monaco-tribune.com\/en\/2024\/10\/monaco-going-all-out-for-halloween\/#primaryimage","url":"https:\/\/www.monaco-tribune.com\/wp-content\/uploads\/2023\/10\/halloween-automne-langue-monegasque.jpeg","contentUrl":"https:\/\/www.monaco-tribune.com\/wp-content\/uploads\/2023\/10\/halloween-automne-langue-monegasque.jpeg","width":1020,"height":680,"caption":"The Espace L\u00e9o Ferr\u00e9, the M\u00e9diath\u00e8que de Monaco (Media Library), Princesse Antoinette park are among the many local venues that will be hosting Hallowe'en events. \u00a9 Communication Department"},{"@type":"BreadcrumbList","@id":"https:\/\/www.monaco-tribune.com\/en\/2024\/10\/monaco-going-all-out-for-halloween\/#breadcrumb","itemListElement":[{"@type":"ListItem","position":1,"name":"Accueil","item":"https:\/\/www.monaco-tribune.com\/en\/"},{"@type":"ListItem","position":2,"name":"Monaco going all out for Hallowe&#8217;en"}]},{"@type":"WebSite","@id":"https:\/\/www.monaco-tribune.com\/en\/#website","url":"https:\/\/www.monaco-tribune.com\/en\/","name":"Monaco Tribune","description":"Monaco : actualit\u00e9s \u00e9conomiques, politiques, culturelles et sportives de Monaco et de la French Riviera.","publisher":{"@id":"https:\/\/www.monaco-tribune.com\/en\/#organization"},"potentialAction":[{"@type":"SearchAction","target":{"@type":"EntryPoint","urlTemplate":"https:\/\/www.monaco-tribune.com\/en\/?s={search_term_string}"},"query-input":{"@type":"PropertyValueSpecification","valueRequired":true,"valueName":"search_term_string"}}],"inLanguage":"en-US"},{"@type":"Organization","@id":"https:\/\/www.monaco-tribune.com\/en\/#organization","name":"Monaco Tribune","url":"https:\/\/www.monaco-tribune.com\/en\/","logo":{"@type":"ImageObject","inLanguage":"en-US","@id":"https:\/\/www.monaco-tribune.com\/en\/#\/schema\/logo\/image\/","url":"https:\/\/www.monaco-tribune.com\/wp-content\/uploads\/2022\/11\/logo-monaco-tribune.png","contentUrl":"https:\/\/www.monaco-tribune.com\/wp-content\/uploads\/2022\/11\/logo-monaco-tribune.png","width":1548,"height":600,"caption":"Monaco Tribune"},"image":{"@id":"https:\/\/www.monaco-tribune.com\/en\/#\/schema\/logo\/image\/"},"sameAs":["https:\/\/www.facebook.com\/MonacoTribune","https:\/\/x.com\/MonacoTribune","https:\/\/www.instagram.com\/monacotribune\/","https:\/\/www.linkedin.com\/company\/monaco-tribune","https:\/\/www.youtube.com\/channel\/UCHle1MnG6hw1y4lWKijVbMA"]},{"@type":"Person","@id":"https:\/\/www.monaco-tribune.com\/en\/#\/schema\/person\/fba2f8d5a098d473c92e84cc43a8f730","name":"Agathe Ch\u00e9reau","image":{"@type":"ImageObject","inLanguage":"en-US","@id":"https:\/\/secure.gravatar.com\/avatar\/884b20ed9d4430c24d77a3ad560b1c21da67bd6992531a1971822779f9988ea5?s=96&d=mm&r=g","url":"https:\/\/secure.gravatar.com\/avatar\/884b20ed9d4430c24d77a3ad560b1c21da67bd6992531a1971822779f9988ea5?s=96&d=mm&r=g","contentUrl":"https:\/\/secure.gravatar.com\/avatar\/884b20ed9d4430c24d77a3ad560b1c21da67bd6992531a1971822779f9988ea5?s=96&d=mm&r=g","caption":"Agathe Ch\u00e9reau"},"url":"https:\/\/www.monaco-tribune.com\/en\/author\/agathechereau\/"}]}},"_links":{"self":[{"href":"https:\/\/www.monaco-tribune.com\/en\/wp-json\/wp\/v2\/posts\/254090","targetHints":{"allow":["GET"]}}],"collection":[{"href":"https:\/\/www.monaco-tribune.com\/en\/wp-json\/wp\/v2\/posts"}],"about":[{"href":"https:\/\/www.monaco-tribune.com\/en\/wp-json\/wp\/v2\/types\/post"}],"author":[{"embeddable":true,"href":"https:\/\/www.monaco-tribune.com\/en\/wp-json\/wp\/v2\/users\/47"}],"replies":[{"embeddable":true,"href":"https:\/\/www.monaco-tribune.com\/en\/wp-json\/wp\/v2\/comments?post=254090"}],"version-history":[{"count":2,"href":"https:\/\/www.monaco-tribune.com\/en\/wp-json\/wp\/v2\/posts\/254090\/revisions"}],"predecessor-version":[{"id":256573,"href":"https:\/\/www.monaco-tribune.com\/en\/wp-json\/wp\/v2\/posts\/254090\/revisions\/256573"}],"wp:featuredmedia":[{"embeddable":true,"href":"https:\/\/www.monaco-tribune.com\/en\/wp-json\/wp\/v2\/media\/196548"}],"wp:attachment":[{"href":"https:\/\/www.monaco-tribune.com\/en\/wp-json\/wp\/v2\/media?parent=254090"}],"wp:term":[{"taxonomy":"category","embeddable":true,"href":"https:\/\/www.monaco-tribune.com\/en\/wp-json\/wp\/v2\/categories?post=254090"},{"taxonomy":"post_tag","embeddable":true,"href":"https:\/\/www.monaco-tribune.com\/en\/wp-json\/wp\/v2\/tags?post=254090"},{"taxonomy":"sectag","embeddable":true,"href":"https:\/\/www.monaco-tribune.com\/en\/wp-json\/wp\/v2\/post_sectags?post=254090"},{"taxonomy":"format","embeddable":true,"href":"https:\/\/www.monaco-tribune.com\/en\/wp-json\/wp\/v2\/post_format?post=254090"}],"curies":[{"name":"wp","href":"https:\/\/api.w.org\/{rel}","templated":true}]}}