{"id":255379,"date":"2024-10-17T11:03:46","date_gmt":"2024-10-17T09:03:46","guid":{"rendered":"https:\/\/www.monaco-tribune.com\/2024\/10\/prince-albert-ii-and-charles-leclerc-attend-closing-gala-of-festival-des-etoiles-monte-carlo\/"},"modified":"2024-10-17T11:04:57","modified_gmt":"2024-10-17T09:04:57","slug":"prince-albert-ii-and-charles-leclerc-attend-closing-gala-of-festival-des-etoiles-monte-carlo","status":"publish","type":"post","link":"https:\/\/www.monaco-tribune.com\/en\/2024\/10\/prince-albert-ii-and-charles-leclerc-attend-closing-gala-of-festival-des-etoiles-monte-carlo\/","title":{"rendered":"Prince Albert II and Charles Leclerc attend closing gala of Festival des \u00c9toil\u00e9s Monte-Carlo"},"content":{"rendered":"\n<p><p class=\"p1\"><b>The event took place on Saturday 4 November in the magnificent setting of the Salle Empire at the H\u00f4tel de Paris.\u00a0<\/b><\/p><\/p>\n\n<p>The 2024 edition of the &#8220;Festival des \u00c9toil\u00e9s Monte-Carlo&#8221; kicked off on 20 April, with the same winning recipe: dinners prepared by duos of international star chefs such as Chef Simon Rogan of the Louis XV-Alain Ducasse, Chef David Toutain of the Blue Bay Marcel Ravin, Chef Yohan Conte of the Grill de l&#8217;H\u00f4tel de Paris and Chef Richard Lee of the Pavyllon Monte-Carlo, one of Yannick All\u00e9no&#8217;s restaurants, at the H\u00f4tel Hermitage.<\/p>\n<div class=\"wp-block-image\">\n<figure class=\"aligncenter size-large\"><img loading=\"lazy\" decoding=\"async\" width=\"1024\" height=\"681\" src=\"https:\/\/www.monaco-tribune.com\/wp-content\/uploads\/2024\/10\/alain-ducasse-festival-etoiles-1024x681.jpg\" alt=\"alain-ducasse-festival-etoiles\" class=\"wp-image-255307\" srcset=\"https:\/\/www.monaco-tribune.com\/wp-content\/uploads\/2024\/10\/alain-ducasse-festival-etoiles-1024x681.jpg 1024w, https:\/\/www.monaco-tribune.com\/wp-content\/uploads\/2024\/10\/alain-ducasse-festival-etoiles-451x300.jpg 451w, https:\/\/www.monaco-tribune.com\/wp-content\/uploads\/2024\/10\/alain-ducasse-festival-etoiles.jpg 1200w\" sizes=\"auto, (max-width: 1024px) 100vw, 1024px\" \/><figcaption class=\"wp-element-caption\"><p class=\"p1\"><i>Alain Ducasse \u00a9 Monte-Carlo \/ Soci\u00e9t\u00e9 des Bains de Mer<\/i><\/p><\/figcaption><\/figure>\n<\/div><div class=\"wp-block-image\">\n<figure class=\"aligncenter size-large\"><img loading=\"lazy\" decoding=\"async\" width=\"1024\" height=\"683\" src=\"https:\/\/www.monaco-tribune.com\/wp-content\/uploads\/2024\/10\/dominique-lory-festival-etoiles-1024x683.jpg\" alt=\"dominique-lory-festival-etoiles\" class=\"wp-image-255303\" srcset=\"https:\/\/www.monaco-tribune.com\/wp-content\/uploads\/2024\/10\/dominique-lory-festival-etoiles-1024x683.jpg 1024w, https:\/\/www.monaco-tribune.com\/wp-content\/uploads\/2024\/10\/dominique-lory-festival-etoiles-450x300.jpg 450w, https:\/\/www.monaco-tribune.com\/wp-content\/uploads\/2024\/10\/dominique-lory-festival-etoiles.jpg 1200w\" sizes=\"auto, (max-width: 1024px) 100vw, 1024px\" \/><figcaption class=\"wp-element-caption\"><p class=\"p1\"><i>Dominique Lory \u00a9 Monte-Carlo \/ Soci\u00e9t\u00e9 des Bains de Mer<\/i><\/p><\/figcaption><\/figure>\n<\/div><div class=\"wp-block-image\">\n<figure class=\"aligncenter size-large\"><img loading=\"lazy\" decoding=\"async\" width=\"1024\" height=\"928\" src=\"https:\/\/www.monaco-tribune.com\/wp-content\/uploads\/2024\/10\/emmanuel-pilon-festival-etoiles-1024x928.jpg\" alt=\"emmanuel-pilon-festival-etoiles\" class=\"wp-image-255299\" srcset=\"https:\/\/www.monaco-tribune.com\/wp-content\/uploads\/2024\/10\/emmanuel-pilon-festival-etoiles-1024x928.jpg 1024w, https:\/\/www.monaco-tribune.com\/wp-content\/uploads\/2024\/10\/emmanuel-pilon-festival-etoiles-331x300.jpg 331w, https:\/\/www.monaco-tribune.com\/wp-content\/uploads\/2024\/10\/emmanuel-pilon-festival-etoiles.jpg 1200w\" sizes=\"auto, (max-width: 1024px) 100vw, 1024px\" \/><figcaption class=\"wp-element-caption\"><p class=\"p1\"><i>Emmanuel Pilon \u00a9 Monte-Carlo \/ Soci\u00e9t\u00e9 des Bains de Mer<\/i><\/p><\/figcaption><\/figure>\n<\/div><div class=\"wp-block-image\">\n<figure class=\"aligncenter size-large\"><img loading=\"lazy\" decoding=\"async\" width=\"682\" height=\"1024\" src=\"https:\/\/www.monaco-tribune.com\/wp-content\/uploads\/2024\/10\/yannick-alleno-festival-etoiles-682x1024.jpg\" alt=\"yannick-alleno-festival-etoiles\" class=\"wp-image-255287\" srcset=\"https:\/\/www.monaco-tribune.com\/wp-content\/uploads\/2024\/10\/yannick-alleno-festival-etoiles-682x1024.jpg 682w, https:\/\/www.monaco-tribune.com\/wp-content\/uploads\/2024\/10\/yannick-alleno-festival-etoiles-200x300.jpg 200w, https:\/\/www.monaco-tribune.com\/wp-content\/uploads\/2024\/10\/yannick-alleno-festival-etoiles.jpg 799w\" sizes=\"auto, (max-width: 682px) 100vw, 682px\" \/><figcaption class=\"wp-element-caption\"><p class=\"p1\"><i>Yannick Alleno \u00a9 Monte-Carlo \/ Soci\u00e9t\u00e9 des Bains de Mer<\/i><\/p><\/figcaption><\/figure>\n<\/div><div class=\"wp-block-image\">\n<figure class=\"aligncenter size-large\"><img loading=\"lazy\" decoding=\"async\" width=\"1024\" height=\"681\" src=\"https:\/\/www.monaco-tribune.com\/wp-content\/uploads\/2024\/10\/marcel-ravin-festival-etoiles-1024x681.jpg\" alt=\"marcel-ravin-festival-etoiles\" class=\"wp-image-255295\" srcset=\"https:\/\/www.monaco-tribune.com\/wp-content\/uploads\/2024\/10\/marcel-ravin-festival-etoiles-1024x681.jpg 1024w, https:\/\/www.monaco-tribune.com\/wp-content\/uploads\/2024\/10\/marcel-ravin-festival-etoiles-451x300.jpg 451w, https:\/\/www.monaco-tribune.com\/wp-content\/uploads\/2024\/10\/marcel-ravin-festival-etoiles.jpg 1200w\" sizes=\"auto, (max-width: 1024px) 100vw, 1024px\" \/><figcaption class=\"wp-element-caption\"><p class=\"p1\"><i>Marcel Ravin \u00a9 Monte-Carlo \/ Soci\u00e9t\u00e9 des Bains de Mer<\/i><\/p><\/figcaption><\/figure>\n<\/div><div class=\"wp-block-image\">\n<figure class=\"aligncenter size-large\"><img loading=\"lazy\" decoding=\"async\" width=\"1024\" height=\"681\" src=\"https:\/\/www.monaco-tribune.com\/wp-content\/uploads\/2024\/10\/yasunaro-okasaki-festival-etoiles-1024x681.jpg\" alt=\"yasunari-okasaki-festival-etoiles\" class=\"wp-image-255291\" srcset=\"https:\/\/www.monaco-tribune.com\/wp-content\/uploads\/2024\/10\/yasunaro-okasaki-festival-etoiles-1024x681.jpg 1024w, https:\/\/www.monaco-tribune.com\/wp-content\/uploads\/2024\/10\/yasunaro-okasaki-festival-etoiles-451x300.jpg 451w, https:\/\/www.monaco-tribune.com\/wp-content\/uploads\/2024\/10\/yasunaro-okasaki-festival-etoiles.jpg 1200w\" sizes=\"auto, (max-width: 1024px) 100vw, 1024px\" \/><figcaption class=\"wp-element-caption\"><p class=\"p1\"><i>Yasunari Okasaki \u00a9 Monte-Carlo \/ Soci\u00e9t\u00e9 des Bains de Mer<\/i><\/p><\/figcaption><\/figure>\n<\/div>\n<p>To close the fourth edition, a gala dinner was held in the presence of Prince Albert II, Louis Ducruet, Camille Gottlieb and Formula 1 driver Charles Leclerc, among others!\u00a0<\/p>\n<blockquote class=\"instagram-media\" data-instgrm-permalink=\"https:\/\/www.instagram.com\/p\/DBE1cHbuxxm\/?utm_source=ig_embed&amp;utm_campaign=loading\" data-instgrm-version=\"14\" style=\" background:#FFF; border:0; border-radius:3px; box-shadow:0 0 1px 0 rgba(0,0,0,0.5),0 1px 10px 0 rgba(0,0,0,0.15); margin: 1px; max-width:540px; min-width:326px; padding:0; width:99.375%; width:-webkit-calc(100% - 2px); width:calc(100% - 2px);\">\n<div style=\"padding:16px;\"> <a href=\"https:\/\/www.instagram.com\/p\/DBE1cHbuxxm\/?utm_source=ig_embed&amp;utm_campaign=loading\" style=\" background:#FFFFFF; line-height:0; padding:0 0; text-align:center; text-decoration:none; width:100%;\" target=\"_blank\" rel=\"noopener\"> <\/p>\n<div style=\" display: flex; flex-direction: row; align-items: center;\">\n<div style=\"background-color: #F4F4F4; border-radius: 50%; flex-grow: 0; height: 40px; margin-right: 14px; width: 40px;\"><\/div>\n<div style=\"display: flex; flex-direction: column; flex-grow: 1; justify-content: center;\">\n<div style=\" background-color: #F4F4F4; border-radius: 4px; flex-grow: 0; height: 14px; margin-bottom: 6px; width: 100px;\"><\/div>\n<div style=\" background-color: #F4F4F4; border-radius: 4px; flex-grow: 0; height: 14px; width: 60px;\"><\/div>\n<\/div>\n<\/div>\n<div style=\"padding: 19% 0;\"><\/div>\n<div style=\"display:block; height:50px; margin:0 auto 12px; width:50px;\"><svg width=\"50px\" height=\"50px\" viewBox=\"0 0 60 60\" version=\"1.1\" xmlns=\"https:\/\/www.w3.org\/2000\/svg\" xmlns:xlink=\"https:\/\/www.w3.org\/1999\/xlink\"><g stroke=\"none\" stroke-width=\"1\" fill=\"none\" fill-rule=\"evenodd\"><g transform=\"translate(-511.000000, -20.000000)\" fill=\"#000000\"><g><path d=\"M556.869,30.41 C554.814,30.41 553.148,32.076 553.148,34.131 C553.148,36.186 554.814,37.852 556.869,37.852 C558.924,37.852 560.59,36.186 560.59,34.131 C560.59,32.076 558.924,30.41 556.869,30.41 M541,60.657 C535.114,60.657 530.342,55.887 530.342,50 C530.342,44.114 535.114,39.342 541,39.342 C546.887,39.342 551.658,44.114 551.658,50 C551.658,55.887 546.887,60.657 541,60.657 M541,33.886 C532.1,33.886 524.886,41.1 524.886,50 C524.886,58.899 532.1,66.113 541,66.113 C549.9,66.113 557.115,58.899 557.115,50 C557.115,41.1 549.9,33.886 541,33.886 M565.378,62.101 C565.244,65.022 564.756,66.606 564.346,67.663 C563.803,69.06 563.154,70.057 562.106,71.106 C561.058,72.155 560.06,72.803 558.662,73.347 C557.607,73.757 556.021,74.244 553.102,74.378 C549.944,74.521 548.997,74.552 541,74.552 C533.003,74.552 532.056,74.521 528.898,74.378 C525.979,74.244 524.393,73.757 523.338,73.347 C521.94,72.803 520.942,72.155 519.894,71.106 C518.846,70.057 518.197,69.06 517.654,67.663 C517.244,66.606 516.755,65.022 516.623,62.101 C516.479,58.943 516.448,57.996 516.448,50 C516.448,42.003 516.479,41.056 516.623,37.899 C516.755,34.978 517.244,33.391 517.654,32.338 C518.197,30.938 518.846,29.942 519.894,28.894 C520.942,27.846 521.94,27.196 523.338,26.654 C524.393,26.244 525.979,25.756 528.898,25.623 C532.057,25.479 533.004,25.448 541,25.448 C548.997,25.448 549.943,25.479 553.102,25.623 C556.021,25.756 557.607,26.244 558.662,26.654 C560.06,27.196 561.058,27.846 562.106,28.894 C563.154,29.942 563.803,30.938 564.346,32.338 C564.756,33.391 565.244,34.978 565.378,37.899 C565.522,41.056 565.552,42.003 565.552,50 C565.552,57.996 565.522,58.943 565.378,62.101 M570.82,37.631 C570.674,34.438 570.167,32.258 569.425,30.349 C568.659,28.377 567.633,26.702 565.965,25.035 C564.297,23.368 562.623,22.342 560.652,21.575 C558.743,20.834 556.562,20.326 553.369,20.18 C550.169,20.033 549.148,20 541,20 C532.853,20 531.831,20.033 528.631,20.18 C525.438,20.326 523.257,20.834 521.349,21.575 C519.376,22.342 517.703,23.368 516.035,25.035 C514.368,26.702 513.342,28.377 512.574,30.349 C511.834,32.258 511.326,34.438 511.181,37.631 C511.035,40.831 511,41.851 511,50 C511,58.147 511.035,59.17 511.181,62.369 C511.326,65.562 511.834,67.743 512.574,69.651 C513.342,71.625 514.368,73.296 516.035,74.965 C517.703,76.634 519.376,77.658 521.349,78.425 C523.257,79.167 525.438,79.673 528.631,79.82 C531.831,79.965 532.853,80.001 541,80.001 C549.148,80.001 550.169,79.965 553.369,79.82 C556.562,79.673 558.743,79.167 560.652,78.425 C562.623,77.658 564.297,76.634 565.965,74.965 C567.633,73.296 568.659,71.625 569.425,69.651 C570.167,67.743 570.674,65.562 570.82,62.369 C570.966,59.17 571,58.147 571,50 C571,41.851 570.966,40.831 570.82,37.631\"><\/path><\/g><\/g><\/g><\/svg><\/div>\n<div style=\"padding-top: 8px;\">\n<div style=\" color:#3897f0; font-family:Arial,sans-serif; font-size:14px; font-style:normal; font-weight:550; line-height:18px;\">Voir cette publication sur Instagram<\/div>\n<\/div>\n<div style=\"padding: 12.5% 0;\"><\/div>\n<div style=\"display: flex; flex-direction: row; margin-bottom: 14px; align-items: center;\">\n<div>\n<div style=\"background-color: #F4F4F4; border-radius: 50%; height: 12.5px; width: 12.5px; transform: translateX(0px) translateY(7px);\"><\/div>\n<div style=\"background-color: #F4F4F4; height: 12.5px; transform: rotate(-45deg) translateX(3px) translateY(1px); width: 12.5px; flex-grow: 0; margin-right: 14px; margin-left: 2px;\"><\/div>\n<div style=\"background-color: #F4F4F4; border-radius: 50%; height: 12.5px; width: 12.5px; transform: translateX(9px) translateY(-18px);\"><\/div>\n<\/div>\n<div style=\"margin-left: 8px;\">\n<div style=\" background-color: #F4F4F4; border-radius: 50%; flex-grow: 0; height: 20px; width: 20px;\"><\/div>\n<div style=\" width: 0; height: 0; border-top: 2px solid transparent; border-left: 6px solid #f4f4f4; border-bottom: 2px solid transparent; transform: translateX(16px) translateY(-4px) rotate(30deg)\"><\/div>\n<\/div>\n<div style=\"margin-left: auto;\">\n<div style=\" width: 0px; border-top: 8px solid #F4F4F4; border-right: 8px solid transparent; transform: translateY(16px);\"><\/div>\n<div style=\" background-color: #F4F4F4; flex-grow: 0; height: 12px; width: 16px; transform: translateY(-4px);\"><\/div>\n<div style=\" width: 0; height: 0; border-top: 8px solid #F4F4F4; border-left: 8px solid transparent; transform: translateY(-4px) translateX(8px);\"><\/div>\n<\/div>\n<\/div>\n<div style=\"display: flex; flex-direction: column; flex-grow: 1; justify-content: center; margin-bottom: 24px;\">\n<div style=\" background-color: #F4F4F4; border-radius: 4px; flex-grow: 0; height: 14px; margin-bottom: 6px; width: 224px;\"><\/div>\n<div style=\" background-color: #F4F4F4; border-radius: 4px; flex-grow: 0; height: 14px; width: 144px;\"><\/div>\n<\/div>\n<p><\/a><\/p>\n<p style=\" color:#c9c8cd; font-family:Arial,sans-serif; font-size:14px; line-height:17px; margin-bottom:0; margin-top:8px; overflow:hidden; padding:8px 0 7px; text-align:center; text-overflow:ellipsis; white-space:nowrap;\"><a href=\"https:\/\/www.instagram.com\/p\/DBE1cHbuxxm\/?utm_source=ig_embed&amp;utm_campaign=loading\" style=\" color:#c9c8cd; font-family:Arial,sans-serif; font-size:14px; font-style:normal; font-weight:normal; line-height:17px; text-decoration:none;\" target=\"_blank\" rel=\"noopener\">Une publication partag\u00e9e par Camilloush (@camillerosegottlieb)<\/a><\/p>\n<\/div>\n<\/blockquote>\n<p><script async src=\"\/\/www.instagram.com\/embed.js\"><\/script><\/p>\n\n<p><p class=\"p1\">The exclusive event was opened by St\u00e9phane Valeri, CEO of the Monte-Carlo Soci\u00e9t\u00e9 des Bains de Mer, and brilliantly hosted by Sophie Menut Yovanovitch, editor-in-chief of the fine dining magazine <i>Cuisine &amp; Vins de France.<\/i><\/p><\/p>\n<blockquote class=\"tiktok-embed\" cite=\"https:\/\/www.tiktok.com\/@montecarlosbm\/video\/7424804737851149600\" data-video-id=\"7424804737851149600\" style=\"max-width: 605px;min-width: 325px;\" >\n<section> <a target=\"_blank\" title=\"@montecarlosbm\" href=\"https:\/\/www.tiktok.com\/@montecarlosbm?refer=embed\" rel=\"noopener\">@montecarlosbm<\/a> Festival des \u00c9toil\u00e9s Monte-Carlo 2024 \u2728  <a title=\"charlesleclerc\" target=\"_blank\" href=\"https:\/\/www.tiktok.com\/tag\/charlesleclerc?refer=embed\" rel=\"noopener\">#charlesleclerc<\/a>  <a title=\"alexandrasaintmleux\" target=\"_blank\" href=\"https:\/\/www.tiktok.com\/tag\/alexandrasaintmleux?refer=embed\" rel=\"noopener\">#alexandrasaintmleux<\/a>  <a title=\"yannickalleno\" target=\"_blank\" href=\"https:\/\/www.tiktok.com\/tag\/yannickalleno?refer=embed\" rel=\"noopener\">#yannickalleno<\/a> <a title=\"alainducasse\" target=\"_blank\" href=\"https:\/\/www.tiktok.com\/tag\/alainducasse?refer=embed\" rel=\"noopener\">#alainducasse<\/a> <a title=\"marcelravin\" target=\"_blank\" href=\"https:\/\/www.tiktok.com\/tag\/marcelravin?refer=embed\" rel=\"noopener\">#marcelravin<\/a> <a title=\"dominiquelory\" target=\"_blank\" href=\"https:\/\/www.tiktok.com\/tag\/dominiquelory?refer=embed\" rel=\"noopener\">#dominiquelory<\/a> <a title=\"festivaldesetoiles\" target=\"_blank\" href=\"https:\/\/www.tiktok.com\/tag\/festivaldesetoiles?refer=embed\" rel=\"noopener\">#festivaldesetoiles<\/a> <a target=\"_blank\" title=\"\u266c Way down We Go - KALEO\" href=\"https:\/\/www.tiktok.com\/music\/Way-down-We-Go-6704985044194166786?refer=embed\" rel=\"noopener\">\u266c Way down We Go &#8211; KALEO<\/a> <\/section>\n<\/blockquote>\n<p> <script async src=\"https:\/\/www.tiktok.com\/embed.js\"><\/script><\/p>\n\n<h2 class=\"wp-block-heading\" id=\"h-150-ans-des-caves-de-l-hotel-de-paris-nbsp\">150 years of the H\u00f4tel de Paris wine cellars\u00a0<\/h2>\n\n<p>This year, the gala dinner paid tribute to one of the jewels of Monegasque heritage, celebrating the 150th anniversary of the H\u00f4tel de Paris Monte-Carlo wine cellars. Which is why the sommeliers from the Monte-Carlo Soci\u00e9t\u00e9 des Bains de Mer &#8211; Mathias Negro, Maxime Pastor, G\u00e9rard Veyrat and Franck Damatte &#8211; worked with the chefs to create exceptional food and wine pairings. The aim was to celebrate fine dining, &#8216;Monte-Carlo style&#8217;.\u00a0<\/p>\n<div class=\"wp-block-image\">\n<figure class=\"aligncenter size-large\"><img loading=\"lazy\" decoding=\"async\" width=\"1024\" height=\"683\" src=\"https:\/\/www.monaco-tribune.com\/wp-content\/uploads\/2024\/10\/cave-hotel-paris-etoiles-1024x683.jpg\" alt=\"cave-hotel-paris-etoiles\" class=\"wp-image-255278\" srcset=\"https:\/\/www.monaco-tribune.com\/wp-content\/uploads\/2024\/10\/cave-hotel-paris-etoiles-1024x683.jpg 1024w, https:\/\/www.monaco-tribune.com\/wp-content\/uploads\/2024\/10\/cave-hotel-paris-etoiles-450x300.jpg 450w, https:\/\/www.monaco-tribune.com\/wp-content\/uploads\/2024\/10\/cave-hotel-paris-etoiles.jpg 1200w\" sizes=\"auto, (max-width: 1024px) 100vw, 1024px\" \/><figcaption class=\"wp-element-caption\"><em>\u00a9 Monte-Carlo \/ Soci\u00e9t\u00e9 des Bains de Mer<\/em><\/figcaption><\/figure>\n<\/div>\n<h2 class=\"wp-block-heading\" id=\"h-un-diner-multi-etoile-nbsp\">A star-studded dinner\u00a0<\/h2>\n\n<p>To delight the taste buds of the 136 prestigious guests, the Michelin-starred chefs from the Monte-Carlo Soci\u00e9t\u00e9 des Bains de Mer put on a six-course gourmet dinner. On the menu were appetisers, langoustine, scallops, turbot and cardoon by Denis Heritier.\u00a0<\/p>\n<div class=\"wp-block-image\">\n<figure class=\"aligncenter size-large\"><img loading=\"lazy\" decoding=\"async\" width=\"1024\" height=\"681\" src=\"https:\/\/www.monaco-tribune.com\/wp-content\/uploads\/2024\/10\/cuisine-festival-etoiles-sbm-1024x681.jpg\" alt=\"cuisine-festival-etoiles-sbm\" class=\"wp-image-255274\" srcset=\"https:\/\/www.monaco-tribune.com\/wp-content\/uploads\/2024\/10\/cuisine-festival-etoiles-sbm-1024x681.jpg 1024w, https:\/\/www.monaco-tribune.com\/wp-content\/uploads\/2024\/10\/cuisine-festival-etoiles-sbm-451x300.jpg 451w, https:\/\/www.monaco-tribune.com\/wp-content\/uploads\/2024\/10\/cuisine-festival-etoiles-sbm.jpg 1200w\" sizes=\"auto, (max-width: 1024px) 100vw, 1024px\" \/><\/figure>\n<\/div>\n<p><\/p>\n<div class=\"wp-block-image\">\n<figure class=\"aligncenter size-large\"><img loading=\"lazy\" decoding=\"async\" width=\"1024\" height=\"681\" src=\"https:\/\/www.monaco-tribune.com\/wp-content\/uploads\/2024\/10\/plat-festival-etoiles-1024x681.jpg\" alt=\"plat-festival-etoiles\" class=\"wp-image-255270\" srcset=\"https:\/\/www.monaco-tribune.com\/wp-content\/uploads\/2024\/10\/plat-festival-etoiles-1024x681.jpg 1024w, https:\/\/www.monaco-tribune.com\/wp-content\/uploads\/2024\/10\/plat-festival-etoiles-451x300.jpg 451w, https:\/\/www.monaco-tribune.com\/wp-content\/uploads\/2024\/10\/plat-festival-etoiles.jpg 1200w\" sizes=\"auto, (max-width: 1024px) 100vw, 1024px\" \/><figcaption class=\"wp-element-caption\"><em>\u00a9 Monte-Carlo \/ Soci\u00e9t\u00e9 des Bains de Mer<\/em><\/figcaption><\/figure>\n<\/div>\n<p>As for the wine, bottles from the H\u00f4tel de Paris cellars were served, including an 1855 Ch\u00e2teau Doisy-Da\u00ebn Cru Class\u00e9, a &#8220;Clos de la Pucelle&#8221; Puligny-Montrachet Premier Cru and a Ch\u00e2teau Calon-S\u00e9gur Saint-Est\u00e8phe Troisi\u00e8me Grand Cru Class\u00e9.\u00a0<\/p>\n<div class=\"wp-block-image\">\n<figure class=\"aligncenter size-large\"><img loading=\"lazy\" decoding=\"async\" width=\"683\" height=\"1024\" src=\"https:\/\/www.monaco-tribune.com\/wp-content\/uploads\/2024\/10\/festival-etoiles-sbm-683x1024.jpg\" alt=\"festival-etoiles-sbm\" class=\"wp-image-255282\" srcset=\"https:\/\/www.monaco-tribune.com\/wp-content\/uploads\/2024\/10\/festival-etoiles-sbm-683x1024.jpg 683w, https:\/\/www.monaco-tribune.com\/wp-content\/uploads\/2024\/10\/festival-etoiles-sbm-200x300.jpg 200w, https:\/\/www.monaco-tribune.com\/wp-content\/uploads\/2024\/10\/festival-etoiles-sbm.jpg 800w\" sizes=\"auto, (max-width: 683px) 100vw, 683px\" \/><\/figure>\n<\/div>\n<p><\/p>\n<div class=\"wp-block-image\">\n<figure class=\"aligncenter size-large\"><img loading=\"lazy\" decoding=\"async\" width=\"1024\" height=\"683\" src=\"https:\/\/www.monaco-tribune.com\/wp-content\/uploads\/2024\/10\/salle-empire-festival-etoiles-1024x683.jpg\" alt=\"salle-empire-festival-etoiles\" class=\"wp-image-255266\" srcset=\"https:\/\/www.monaco-tribune.com\/wp-content\/uploads\/2024\/10\/salle-empire-festival-etoiles-1024x683.jpg 1024w, https:\/\/www.monaco-tribune.com\/wp-content\/uploads\/2024\/10\/salle-empire-festival-etoiles-450x300.jpg 450w, https:\/\/www.monaco-tribune.com\/wp-content\/uploads\/2024\/10\/salle-empire-festival-etoiles.jpg 1200w\" sizes=\"auto, (max-width: 1024px) 100vw, 1024px\" \/><\/figure>\n<\/div>\n<p><\/p>\n<div class=\"wp-block-image\">\n<figure class=\"aligncenter size-large\"><img loading=\"lazy\" decoding=\"async\" width=\"1024\" height=\"681\" src=\"https:\/\/www.monaco-tribune.com\/wp-content\/uploads\/2024\/10\/festival-etoiles-2024-1024x681.jpg\" alt=\"festival-etoiles-2024\" class=\"wp-image-255262\" srcset=\"https:\/\/www.monaco-tribune.com\/wp-content\/uploads\/2024\/10\/festival-etoiles-2024-1024x681.jpg 1024w, https:\/\/www.monaco-tribune.com\/wp-content\/uploads\/2024\/10\/festival-etoiles-2024-451x300.jpg 451w, https:\/\/www.monaco-tribune.com\/wp-content\/uploads\/2024\/10\/festival-etoiles-2024.jpg 1200w\" sizes=\"auto, (max-width: 1024px) 100vw, 1024px\" \/><figcaption class=\"wp-element-caption\"><em>\u00a9 Monte-Carlo \/ Soci\u00e9t\u00e9 des Bains de Mer<\/em><\/figcaption><\/figure>\n<\/div>\n<p class=\"related\"><a href=\"https:\/\/www.monaco-tribune.com\/en\/2024\/10\/prince-albert-ii-and-princess-caroline-reward-winner-of-monegasque-selection-for-world-pate-croute-championship\/\">Prince Albert II and Princess Caroline reward winner of<span class=\"Apple-converted-space\">\u00a0 <\/span>Monegasque selection for World &#8216;P\u00e2t\u00e9-Cro\u00fbte&#8217; Championship<\/a><\/p>\n\n<p><\/p>\n","protected":false},"excerpt":{"rendered":"<p>The event took place on Saturday 4 November in the magnificent setting of the Salle Empire at the H\u00f4tel de [&hellip;]<\/p>\n","protected":false},"author":47,"featured_media":255209,"comment_status":"closed","ping_status":"closed","sticky":false,"template":"","format":"standard","meta":{"_acf_changed":false,"footnotes":""},"categories":[243,254,251],"tags":[2830],"post_sectags":[4457],"post_format":[2462],"class_list":["post-255379","post","type-post","status-publish","format-standard","has-post-thumbnail","hentry","category-news","category-people-en","category-whats-on","tag-prince-albert-ii-en-2","sectag-festival-des-etoiles-en","format-photos-en"],"acf":[],"yoast_head":"<!-- This site is optimized with the Yoast SEO Premium plugin v26.8 (Yoast SEO v27.4) - https:\/\/yoast.com\/product\/yoast-seo-premium-wordpress\/ -->\n<title>Prince Albert II and Charles Leclerc attend closing gala of Festival des \u00c9toil\u00e9s Monte-Carlo<\/title>\n<meta name=\"description\" content=\"The event took place on Saturday 4 November in the magnificent setting of the Salle Empire at the H\u00f4tel de Paris.\u00a0 The 2024 edition of the &quot;Festival des\" \/>\n<meta name=\"robots\" content=\"index, follow, max-snippet:-1, max-image-preview:large, max-video-preview:-1\" \/>\n<link rel=\"canonical\" href=\"https:\/\/www.monaco-tribune.com\/en\/2024\/10\/prince-albert-ii-and-charles-leclerc-attend-closing-gala-of-festival-des-etoiles-monte-carlo\/\" \/>\n<meta property=\"og:locale\" content=\"en_US\" \/>\n<meta property=\"og:type\" content=\"article\" \/>\n<meta property=\"og:title\" content=\"Prince Albert II and Charles Leclerc attend closing gala of Festival des \u00c9toil\u00e9s Monte-Carlo - Monaco Tribune\" \/>\n<meta property=\"og:description\" content=\"The event took place on Saturday 4 November in the magnificent setting of the Salle Empire at the H\u00f4tel de Paris.\u00a0 The 2024 edition of the &quot;Festival des\" \/>\n<meta property=\"og:url\" content=\"https:\/\/www.monaco-tribune.com\/en\/2024\/10\/prince-albert-ii-and-charles-leclerc-attend-closing-gala-of-festival-des-etoiles-monte-carlo\/\" \/>\n<meta property=\"og:site_name\" content=\"Monaco Tribune\" \/>\n<meta property=\"article:publisher\" content=\"https:\/\/www.facebook.com\/MonacoTribune\" \/>\n<meta property=\"article:published_time\" content=\"2024-10-17T09:03:46+00:00\" \/>\n<meta property=\"article:modified_time\" content=\"2024-10-17T09:04:57+00:00\" \/>\n<meta property=\"og:image\" content=\"https:\/\/www.monaco-tribune.com\/wp-content\/uploads\/2024\/10\/unnamed-12.jpg\" \/>\n\t<meta property=\"og:image:width\" content=\"1200\" \/>\n\t<meta property=\"og:image:height\" content=\"713\" \/>\n\t<meta property=\"og:image:type\" content=\"image\/jpeg\" \/>\n<meta name=\"author\" content=\"Agathe Ch\u00e9reau\" \/>\n<meta name=\"twitter:card\" content=\"summary_large_image\" \/>\n<meta name=\"twitter:creator\" content=\"@MonacoTribune\" \/>\n<meta name=\"twitter:site\" content=\"@MonacoTribune\" \/>\n<script type=\"application\/ld+json\" class=\"yoast-schema-graph\">{\"@context\":\"https:\\\/\\\/schema.org\",\"@graph\":[{\"@type\":\"NewsArticle\",\"@id\":\"https:\\\/\\\/www.monaco-tribune.com\\\/en\\\/2024\\\/10\\\/prince-albert-ii-and-charles-leclerc-attend-closing-gala-of-festival-des-etoiles-monte-carlo\\\/#article\",\"isPartOf\":{\"@id\":\"https:\\\/\\\/www.monaco-tribune.com\\\/en\\\/2024\\\/10\\\/prince-albert-ii-and-charles-leclerc-attend-closing-gala-of-festival-des-etoiles-monte-carlo\\\/\"},\"author\":{\"name\":\"Agathe Ch\u00e9reau\",\"@id\":\"https:\\\/\\\/www.monaco-tribune.com\\\/en\\\/#\\\/schema\\\/person\\\/fba2f8d5a098d473c92e84cc43a8f730\"},\"headline\":\"Prince Albert II and Charles Leclerc attend closing gala of Festival des \u00c9toil\u00e9s Monte-Carlo\",\"datePublished\":\"2024-10-17T09:03:46+00:00\",\"dateModified\":\"2024-10-17T09:04:57+00:00\",\"mainEntityOfPage\":{\"@id\":\"https:\\\/\\\/www.monaco-tribune.com\\\/en\\\/2024\\\/10\\\/prince-albert-ii-and-charles-leclerc-attend-closing-gala-of-festival-des-etoiles-monte-carlo\\\/\"},\"wordCount\":471,\"publisher\":{\"@id\":\"https:\\\/\\\/www.monaco-tribune.com\\\/en\\\/#organization\"},\"image\":{\"@id\":\"https:\\\/\\\/www.monaco-tribune.com\\\/en\\\/2024\\\/10\\\/prince-albert-ii-and-charles-leclerc-attend-closing-gala-of-festival-des-etoiles-monte-carlo\\\/#primaryimage\"},\"thumbnailUrl\":\"https:\\\/\\\/www.monaco-tribune.com\\\/wp-content\\\/uploads\\\/2024\\\/10\\\/unnamed-12.jpg\",\"keywords\":[\"Prince Albert II\"],\"articleSection\":[\"News\",\"Princely Family\",\"What&#039;s on\"],\"inLanguage\":\"en-US\",\"copyrightYear\":\"2024\",\"copyrightHolder\":{\"@id\":\"https:\\\/\\\/www.monaco-tribune.com\\\/#organization\"}},{\"@type\":\"WebPage\",\"@id\":\"https:\\\/\\\/www.monaco-tribune.com\\\/en\\\/2024\\\/10\\\/prince-albert-ii-and-charles-leclerc-attend-closing-gala-of-festival-des-etoiles-monte-carlo\\\/\",\"url\":\"https:\\\/\\\/www.monaco-tribune.com\\\/en\\\/2024\\\/10\\\/prince-albert-ii-and-charles-leclerc-attend-closing-gala-of-festival-des-etoiles-monte-carlo\\\/\",\"name\":\"Prince Albert II and Charles Leclerc attend closing gala of Festival des \u00c9toil\u00e9s Monte-Carlo\",\"isPartOf\":{\"@id\":\"https:\\\/\\\/www.monaco-tribune.com\\\/en\\\/#website\"},\"primaryImageOfPage\":{\"@id\":\"https:\\\/\\\/www.monaco-tribune.com\\\/en\\\/2024\\\/10\\\/prince-albert-ii-and-charles-leclerc-attend-closing-gala-of-festival-des-etoiles-monte-carlo\\\/#primaryimage\"},\"image\":{\"@id\":\"https:\\\/\\\/www.monaco-tribune.com\\\/en\\\/2024\\\/10\\\/prince-albert-ii-and-charles-leclerc-attend-closing-gala-of-festival-des-etoiles-monte-carlo\\\/#primaryimage\"},\"thumbnailUrl\":\"https:\\\/\\\/www.monaco-tribune.com\\\/wp-content\\\/uploads\\\/2024\\\/10\\\/unnamed-12.jpg\",\"datePublished\":\"2024-10-17T09:03:46+00:00\",\"dateModified\":\"2024-10-17T09:04:57+00:00\",\"description\":\"The event took place on Saturday 4 November in the magnificent setting of the Salle Empire at the H\u00f4tel de Paris.\u00a0 The 2024 edition of the \\\"Festival des\",\"breadcrumb\":{\"@id\":\"https:\\\/\\\/www.monaco-tribune.com\\\/en\\\/2024\\\/10\\\/prince-albert-ii-and-charles-leclerc-attend-closing-gala-of-festival-des-etoiles-monte-carlo\\\/#breadcrumb\"},\"inLanguage\":\"en-US\",\"potentialAction\":[{\"@type\":\"ReadAction\",\"target\":[\"https:\\\/\\\/www.monaco-tribune.com\\\/en\\\/2024\\\/10\\\/prince-albert-ii-and-charles-leclerc-attend-closing-gala-of-festival-des-etoiles-monte-carlo\\\/\"]}]},{\"@type\":\"ImageObject\",\"inLanguage\":\"en-US\",\"@id\":\"https:\\\/\\\/www.monaco-tribune.com\\\/en\\\/2024\\\/10\\\/prince-albert-ii-and-charles-leclerc-attend-closing-gala-of-festival-des-etoiles-monte-carlo\\\/#primaryimage\",\"url\":\"https:\\\/\\\/www.monaco-tribune.com\\\/wp-content\\\/uploads\\\/2024\\\/10\\\/unnamed-12.jpg\",\"contentUrl\":\"https:\\\/\\\/www.monaco-tribune.com\\\/wp-content\\\/uploads\\\/2024\\\/10\\\/unnamed-12.jpg\",\"width\":1200,\"height\":713,\"caption\":\"Prince Albert II with Didier Guillaume, Minister of State, Chef Emmanuel Pilon, Chef Yannick All\u00e9no, Chef Dominique Lory, St\u00e9phane Valeri, CEO of Monte-Carlo Soci\u00e9t\u00e9 des Bains de Mer, Mr and Mrs Louis Ducruet, Charles Leclerc and Alexandra Saint Mleux, Chef Marcel Ravin and Chef Alain Ducasse \u00a9 Monte-Carlo Soci\u00e9t\u00e9 des Bains de Mer\u00a0\"},{\"@type\":\"BreadcrumbList\",\"@id\":\"https:\\\/\\\/www.monaco-tribune.com\\\/en\\\/2024\\\/10\\\/prince-albert-ii-and-charles-leclerc-attend-closing-gala-of-festival-des-etoiles-monte-carlo\\\/#breadcrumb\",\"itemListElement\":[{\"@type\":\"ListItem\",\"position\":1,\"name\":\"Accueil\",\"item\":\"https:\\\/\\\/www.monaco-tribune.com\\\/en\\\/\"},{\"@type\":\"ListItem\",\"position\":2,\"name\":\"Prince Albert II and Charles Leclerc attend closing gala of Festival des \u00c9toil\u00e9s Monte-Carlo\"}]},{\"@type\":\"WebSite\",\"@id\":\"https:\\\/\\\/www.monaco-tribune.com\\\/en\\\/#website\",\"url\":\"https:\\\/\\\/www.monaco-tribune.com\\\/en\\\/\",\"name\":\"Monaco Tribune\",\"description\":\"Monaco : actualit\u00e9s \u00e9conomiques, politiques, culturelles et sportives de Monaco et de la French Riviera.\",\"publisher\":{\"@id\":\"https:\\\/\\\/www.monaco-tribune.com\\\/en\\\/#organization\"},\"potentialAction\":[{\"@type\":\"SearchAction\",\"target\":{\"@type\":\"EntryPoint\",\"urlTemplate\":\"https:\\\/\\\/www.monaco-tribune.com\\\/en\\\/?s={search_term_string}\"},\"query-input\":{\"@type\":\"PropertyValueSpecification\",\"valueRequired\":true,\"valueName\":\"search_term_string\"}}],\"inLanguage\":\"en-US\"},{\"@type\":\"Organization\",\"@id\":\"https:\\\/\\\/www.monaco-tribune.com\\\/en\\\/#organization\",\"name\":\"Monaco Tribune\",\"url\":\"https:\\\/\\\/www.monaco-tribune.com\\\/en\\\/\",\"logo\":{\"@type\":\"ImageObject\",\"inLanguage\":\"en-US\",\"@id\":\"https:\\\/\\\/www.monaco-tribune.com\\\/en\\\/#\\\/schema\\\/logo\\\/image\\\/\",\"url\":\"https:\\\/\\\/www.monaco-tribune.com\\\/wp-content\\\/uploads\\\/2022\\\/11\\\/logo-monaco-tribune.png\",\"contentUrl\":\"https:\\\/\\\/www.monaco-tribune.com\\\/wp-content\\\/uploads\\\/2022\\\/11\\\/logo-monaco-tribune.png\",\"width\":1548,\"height\":600,\"caption\":\"Monaco Tribune\"},\"image\":{\"@id\":\"https:\\\/\\\/www.monaco-tribune.com\\\/en\\\/#\\\/schema\\\/logo\\\/image\\\/\"},\"sameAs\":[\"https:\\\/\\\/www.facebook.com\\\/MonacoTribune\",\"https:\\\/\\\/x.com\\\/MonacoTribune\",\"https:\\\/\\\/www.instagram.com\\\/monacotribune\\\/\",\"https:\\\/\\\/www.linkedin.com\\\/company\\\/monaco-tribune\",\"https:\\\/\\\/www.youtube.com\\\/channel\\\/UCHle1MnG6hw1y4lWKijVbMA\"]},{\"@type\":\"Person\",\"@id\":\"https:\\\/\\\/www.monaco-tribune.com\\\/en\\\/#\\\/schema\\\/person\\\/fba2f8d5a098d473c92e84cc43a8f730\",\"name\":\"Agathe Ch\u00e9reau\",\"image\":{\"@type\":\"ImageObject\",\"inLanguage\":\"en-US\",\"@id\":\"https:\\\/\\\/secure.gravatar.com\\\/avatar\\\/884b20ed9d4430c24d77a3ad560b1c21da67bd6992531a1971822779f9988ea5?s=96&d=mm&r=g\",\"url\":\"https:\\\/\\\/secure.gravatar.com\\\/avatar\\\/884b20ed9d4430c24d77a3ad560b1c21da67bd6992531a1971822779f9988ea5?s=96&d=mm&r=g\",\"contentUrl\":\"https:\\\/\\\/secure.gravatar.com\\\/avatar\\\/884b20ed9d4430c24d77a3ad560b1c21da67bd6992531a1971822779f9988ea5?s=96&d=mm&r=g\",\"caption\":\"Agathe Ch\u00e9reau\"},\"url\":\"https:\\\/\\\/www.monaco-tribune.com\\\/en\\\/author\\\/agathechereau\\\/\"}]}<\/script>\n<!-- \/ Yoast SEO Premium plugin. -->","yoast_head_json":{"title":"Prince Albert II and Charles Leclerc attend closing gala of Festival des \u00c9toil\u00e9s Monte-Carlo","description":"The event took place on Saturday 4 November in the magnificent setting of the Salle Empire at the H\u00f4tel de Paris.\u00a0 The 2024 edition of the \"Festival des","robots":{"index":"index","follow":"follow","max-snippet":"max-snippet:-1","max-image-preview":"max-image-preview:large","max-video-preview":"max-video-preview:-1"},"canonical":"https:\/\/www.monaco-tribune.com\/en\/2024\/10\/prince-albert-ii-and-charles-leclerc-attend-closing-gala-of-festival-des-etoiles-monte-carlo\/","og_locale":"en_US","og_type":"article","og_title":"Prince Albert II and Charles Leclerc attend closing gala of Festival des \u00c9toil\u00e9s Monte-Carlo - Monaco Tribune","og_description":"The event took place on Saturday 4 November in the magnificent setting of the Salle Empire at the H\u00f4tel de Paris.\u00a0 The 2024 edition of the \"Festival des","og_url":"https:\/\/www.monaco-tribune.com\/en\/2024\/10\/prince-albert-ii-and-charles-leclerc-attend-closing-gala-of-festival-des-etoiles-monte-carlo\/","og_site_name":"Monaco Tribune","article_publisher":"https:\/\/www.facebook.com\/MonacoTribune","article_published_time":"2024-10-17T09:03:46+00:00","article_modified_time":"2024-10-17T09:04:57+00:00","og_image":[{"width":1200,"height":713,"url":"https:\/\/www.monaco-tribune.com\/wp-content\/uploads\/2024\/10\/unnamed-12.jpg","type":"image\/jpeg"}],"author":"Agathe Ch\u00e9reau","twitter_card":"summary_large_image","twitter_creator":"@MonacoTribune","twitter_site":"@MonacoTribune","schema":{"@context":"https:\/\/schema.org","@graph":[{"@type":"NewsArticle","@id":"https:\/\/www.monaco-tribune.com\/en\/2024\/10\/prince-albert-ii-and-charles-leclerc-attend-closing-gala-of-festival-des-etoiles-monte-carlo\/#article","isPartOf":{"@id":"https:\/\/www.monaco-tribune.com\/en\/2024\/10\/prince-albert-ii-and-charles-leclerc-attend-closing-gala-of-festival-des-etoiles-monte-carlo\/"},"author":{"name":"Agathe Ch\u00e9reau","@id":"https:\/\/www.monaco-tribune.com\/en\/#\/schema\/person\/fba2f8d5a098d473c92e84cc43a8f730"},"headline":"Prince Albert II and Charles Leclerc attend closing gala of Festival des \u00c9toil\u00e9s Monte-Carlo","datePublished":"2024-10-17T09:03:46+00:00","dateModified":"2024-10-17T09:04:57+00:00","mainEntityOfPage":{"@id":"https:\/\/www.monaco-tribune.com\/en\/2024\/10\/prince-albert-ii-and-charles-leclerc-attend-closing-gala-of-festival-des-etoiles-monte-carlo\/"},"wordCount":471,"publisher":{"@id":"https:\/\/www.monaco-tribune.com\/en\/#organization"},"image":{"@id":"https:\/\/www.monaco-tribune.com\/en\/2024\/10\/prince-albert-ii-and-charles-leclerc-attend-closing-gala-of-festival-des-etoiles-monte-carlo\/#primaryimage"},"thumbnailUrl":"https:\/\/www.monaco-tribune.com\/wp-content\/uploads\/2024\/10\/unnamed-12.jpg","keywords":["Prince Albert II"],"articleSection":["News","Princely Family","What&#039;s on"],"inLanguage":"en-US","copyrightYear":"2024","copyrightHolder":{"@id":"https:\/\/www.monaco-tribune.com\/#organization"}},{"@type":"WebPage","@id":"https:\/\/www.monaco-tribune.com\/en\/2024\/10\/prince-albert-ii-and-charles-leclerc-attend-closing-gala-of-festival-des-etoiles-monte-carlo\/","url":"https:\/\/www.monaco-tribune.com\/en\/2024\/10\/prince-albert-ii-and-charles-leclerc-attend-closing-gala-of-festival-des-etoiles-monte-carlo\/","name":"Prince Albert II and Charles Leclerc attend closing gala of Festival des \u00c9toil\u00e9s Monte-Carlo","isPartOf":{"@id":"https:\/\/www.monaco-tribune.com\/en\/#website"},"primaryImageOfPage":{"@id":"https:\/\/www.monaco-tribune.com\/en\/2024\/10\/prince-albert-ii-and-charles-leclerc-attend-closing-gala-of-festival-des-etoiles-monte-carlo\/#primaryimage"},"image":{"@id":"https:\/\/www.monaco-tribune.com\/en\/2024\/10\/prince-albert-ii-and-charles-leclerc-attend-closing-gala-of-festival-des-etoiles-monte-carlo\/#primaryimage"},"thumbnailUrl":"https:\/\/www.monaco-tribune.com\/wp-content\/uploads\/2024\/10\/unnamed-12.jpg","datePublished":"2024-10-17T09:03:46+00:00","dateModified":"2024-10-17T09:04:57+00:00","description":"The event took place on Saturday 4 November in the magnificent setting of the Salle Empire at the H\u00f4tel de Paris.\u00a0 The 2024 edition of the \"Festival des","breadcrumb":{"@id":"https:\/\/www.monaco-tribune.com\/en\/2024\/10\/prince-albert-ii-and-charles-leclerc-attend-closing-gala-of-festival-des-etoiles-monte-carlo\/#breadcrumb"},"inLanguage":"en-US","potentialAction":[{"@type":"ReadAction","target":["https:\/\/www.monaco-tribune.com\/en\/2024\/10\/prince-albert-ii-and-charles-leclerc-attend-closing-gala-of-festival-des-etoiles-monte-carlo\/"]}]},{"@type":"ImageObject","inLanguage":"en-US","@id":"https:\/\/www.monaco-tribune.com\/en\/2024\/10\/prince-albert-ii-and-charles-leclerc-attend-closing-gala-of-festival-des-etoiles-monte-carlo\/#primaryimage","url":"https:\/\/www.monaco-tribune.com\/wp-content\/uploads\/2024\/10\/unnamed-12.jpg","contentUrl":"https:\/\/www.monaco-tribune.com\/wp-content\/uploads\/2024\/10\/unnamed-12.jpg","width":1200,"height":713,"caption":"Prince Albert II with Didier Guillaume, Minister of State, Chef Emmanuel Pilon, Chef Yannick All\u00e9no, Chef Dominique Lory, St\u00e9phane Valeri, CEO of Monte-Carlo Soci\u00e9t\u00e9 des Bains de Mer, Mr and Mrs Louis Ducruet, Charles Leclerc and Alexandra Saint Mleux, Chef Marcel Ravin and Chef Alain Ducasse \u00a9 Monte-Carlo Soci\u00e9t\u00e9 des Bains de Mer\u00a0"},{"@type":"BreadcrumbList","@id":"https:\/\/www.monaco-tribune.com\/en\/2024\/10\/prince-albert-ii-and-charles-leclerc-attend-closing-gala-of-festival-des-etoiles-monte-carlo\/#breadcrumb","itemListElement":[{"@type":"ListItem","position":1,"name":"Accueil","item":"https:\/\/www.monaco-tribune.com\/en\/"},{"@type":"ListItem","position":2,"name":"Prince Albert II and Charles Leclerc attend closing gala of Festival des \u00c9toil\u00e9s Monte-Carlo"}]},{"@type":"WebSite","@id":"https:\/\/www.monaco-tribune.com\/en\/#website","url":"https:\/\/www.monaco-tribune.com\/en\/","name":"Monaco Tribune","description":"Monaco : actualit\u00e9s \u00e9conomiques, politiques, culturelles et sportives de Monaco et de la French Riviera.","publisher":{"@id":"https:\/\/www.monaco-tribune.com\/en\/#organization"},"potentialAction":[{"@type":"SearchAction","target":{"@type":"EntryPoint","urlTemplate":"https:\/\/www.monaco-tribune.com\/en\/?s={search_term_string}"},"query-input":{"@type":"PropertyValueSpecification","valueRequired":true,"valueName":"search_term_string"}}],"inLanguage":"en-US"},{"@type":"Organization","@id":"https:\/\/www.monaco-tribune.com\/en\/#organization","name":"Monaco Tribune","url":"https:\/\/www.monaco-tribune.com\/en\/","logo":{"@type":"ImageObject","inLanguage":"en-US","@id":"https:\/\/www.monaco-tribune.com\/en\/#\/schema\/logo\/image\/","url":"https:\/\/www.monaco-tribune.com\/wp-content\/uploads\/2022\/11\/logo-monaco-tribune.png","contentUrl":"https:\/\/www.monaco-tribune.com\/wp-content\/uploads\/2022\/11\/logo-monaco-tribune.png","width":1548,"height":600,"caption":"Monaco Tribune"},"image":{"@id":"https:\/\/www.monaco-tribune.com\/en\/#\/schema\/logo\/image\/"},"sameAs":["https:\/\/www.facebook.com\/MonacoTribune","https:\/\/x.com\/MonacoTribune","https:\/\/www.instagram.com\/monacotribune\/","https:\/\/www.linkedin.com\/company\/monaco-tribune","https:\/\/www.youtube.com\/channel\/UCHle1MnG6hw1y4lWKijVbMA"]},{"@type":"Person","@id":"https:\/\/www.monaco-tribune.com\/en\/#\/schema\/person\/fba2f8d5a098d473c92e84cc43a8f730","name":"Agathe Ch\u00e9reau","image":{"@type":"ImageObject","inLanguage":"en-US","@id":"https:\/\/secure.gravatar.com\/avatar\/884b20ed9d4430c24d77a3ad560b1c21da67bd6992531a1971822779f9988ea5?s=96&d=mm&r=g","url":"https:\/\/secure.gravatar.com\/avatar\/884b20ed9d4430c24d77a3ad560b1c21da67bd6992531a1971822779f9988ea5?s=96&d=mm&r=g","contentUrl":"https:\/\/secure.gravatar.com\/avatar\/884b20ed9d4430c24d77a3ad560b1c21da67bd6992531a1971822779f9988ea5?s=96&d=mm&r=g","caption":"Agathe Ch\u00e9reau"},"url":"https:\/\/www.monaco-tribune.com\/en\/author\/agathechereau\/"}]}},"_links":{"self":[{"href":"https:\/\/www.monaco-tribune.com\/en\/wp-json\/wp\/v2\/posts\/255379","targetHints":{"allow":["GET"]}}],"collection":[{"href":"https:\/\/www.monaco-tribune.com\/en\/wp-json\/wp\/v2\/posts"}],"about":[{"href":"https:\/\/www.monaco-tribune.com\/en\/wp-json\/wp\/v2\/types\/post"}],"author":[{"embeddable":true,"href":"https:\/\/www.monaco-tribune.com\/en\/wp-json\/wp\/v2\/users\/47"}],"replies":[{"embeddable":true,"href":"https:\/\/www.monaco-tribune.com\/en\/wp-json\/wp\/v2\/comments?post=255379"}],"version-history":[{"count":2,"href":"https:\/\/www.monaco-tribune.com\/en\/wp-json\/wp\/v2\/posts\/255379\/revisions"}],"predecessor-version":[{"id":255382,"href":"https:\/\/www.monaco-tribune.com\/en\/wp-json\/wp\/v2\/posts\/255379\/revisions\/255382"}],"wp:featuredmedia":[{"embeddable":true,"href":"https:\/\/www.monaco-tribune.com\/en\/wp-json\/wp\/v2\/media\/255209"}],"wp:attachment":[{"href":"https:\/\/www.monaco-tribune.com\/en\/wp-json\/wp\/v2\/media?parent=255379"}],"wp:term":[{"taxonomy":"category","embeddable":true,"href":"https:\/\/www.monaco-tribune.com\/en\/wp-json\/wp\/v2\/categories?post=255379"},{"taxonomy":"post_tag","embeddable":true,"href":"https:\/\/www.monaco-tribune.com\/en\/wp-json\/wp\/v2\/tags?post=255379"},{"taxonomy":"sectag","embeddable":true,"href":"https:\/\/www.monaco-tribune.com\/en\/wp-json\/wp\/v2\/post_sectags?post=255379"},{"taxonomy":"format","embeddable":true,"href":"https:\/\/www.monaco-tribune.com\/en\/wp-json\/wp\/v2\/post_format?post=255379"}],"curies":[{"name":"wp","href":"https:\/\/api.w.org\/{rel}","templated":true}]}}