{"id":256638,"date":"2024-10-25T16:09:54","date_gmt":"2024-10-25T14:09:54","guid":{"rendered":"https:\/\/www.monaco-tribune.com\/2024\/10\/charles-perceval-leclerc-tests-out-supersonic-rafale-with-french-air-force\/"},"modified":"2024-10-25T16:17:39","modified_gmt":"2024-10-25T14:17:39","slug":"charles-perceval-leclerc-tests-out-supersonic-rafale-with-french-air-force","status":"publish","type":"post","link":"https:\/\/www.monaco-tribune.com\/en\/2024\/10\/charles-perceval-leclerc-tests-out-supersonic-rafale-with-french-air-force\/","title":{"rendered":"Charles &#8220;Perceval&#8221; Leclerc tests out supersonic Rafale with French Air Force"},"content":{"rendered":"\n<p><strong>Formula 1 driver Charles Leclerc took part in an extraordinary experiment this week. He took the controls of a Rafale for the first time, during a training mission with the French Air Force, an adventure you can watch in\u00a0 the &#8220;Charles Leclerc: Supersonique&#8221; documentary that will air on French TV channel CANAL+ on 3 November.<\/strong><\/p>\n\n<p><strong>&#8220;<\/strong><em>Are you ready to go supersonic, Charles?&#8221;<\/em>\u00a0 the young Monegasque driver was asked as he (literally) took off on the unprecedented adventure. Taking his seat in the Rafale, Leclerc had a rare opportunity to compare what it feels like to drive a F1 single-seater and a fighter jet that is capable of reaching a maximum speed of 1,912 kph.<\/p>\n\n<p>In an engaging Top Gun-style teaser posted on social media, he is seen walking towards the impressive aircraft before soaring over the sparkling waters of the Mediterranean.<\/p>\n\n<blockquote class=\"twitter-tweet\" data-media-max-width=\"560\"><p lang=\"fr\" dir=\"ltr\">&#8220;Pr\u00eat \u00e0 passer supersonique Charles ?&#8221; \u2604\ufe0f<a href=\"https:\/\/twitter.com\/Charles_Leclerc?ref_src=twsrc%5Etfw\">@Charles_Leclerc<\/a> a embarqu\u00e9 en Rafale pour participer \u00e0 une mission d\u2019entra\u00eenement de l\u2019<a href=\"https:\/\/twitter.com\/Armee_de_lair?ref_src=twsrc%5Etfw\">@Armee_de_lair<\/a> et&#8230; On pense qu&#8217;il a appr\u00e9ci\u00e9 \ud83e\udee1<br\/><br\/>Une exp\u00e9rience unique \u00e0 d\u00e9couvrir dans &#8220;Charles Leclerc : Supersonique&#8221;, le 3\/11 sur CANAL+ <a href=\"https:\/\/t.co\/KeQFos7gtp\">pic.twitter.com\/KeQFos7gtp<\/a><\/p>\u2014 CANAL+ (@canalplus) <a href=\"https:\/\/twitter.com\/canalplus\/status\/1848816397465350274?ref_src=twsrc%5Etfw\">October 22, 2024<\/a><\/blockquote> <script async=\"\" src=\"https:\/\/platform.twitter.com\/widgets.js\" charset=\"utf-8\"><\/script>\r\n\n<h2 class=\"wp-block-heading\" id=\"h-une-sensation-unique\">A unique sensation <\/h2>\n\n<p>Charles Leclerc makes no secret of his excitement, although he does admit to a little apprehension: <em>&#8220;I&#8217;ve never been very confident on a plane,&#8221;<\/em> he says. However, the adrenalin is palpable when he adds:\u00a0 <em>&#8220;But with the Rafale, it&#8217;s more like being in a rocket. All I know is I&#8217;m going to feel a lot of Gs.&#8221;<\/em><\/p>\n\n<p>The unique experience is not just about speed, it&#8217;s also about the power and agility of an aircraft that we can&#8217;t fail to be impressed by. The Ferrari driver laughingly asks the fighter pilot about any potential dangers, perhaps a button that should be avoided. The pilot&#8217;s response was equally drone: &#8220;Apart from the ejector handle you mean? Not really.&#8221;<\/p>\n\n<h2 class=\"wp-block-heading\" id=\"h-un-documentaire-a-ne-pas-manquer\">A must-see documentary<\/h2>\n\n<p><p style=\"font-weight: 400;\">The <em>Charles Leclerc: Supersonique<\/em> documentary, scheduled to air on 3 November at 5 pm on CANAL+, promises to take viewers behind the scenes of a thrilling experience. And one that speed, aviation and motor sport fans won&#8217;t want to miss.<\/p><\/p>\n\n<p><em>&#8220;What an incredible opportunity Canal+ gave me to pilot such a machine. To be able to compare that speed feeling with what I usually experience in a Formula One car was very special,&#8221; <\/em>wrote the Monegasque driver on his Instagram account, accompanied by some fabulous photos.<\/p>\n\n<blockquote class=\"instagram-media\" data-instgrm-permalink=\"https:\/\/www.instagram.com\/p\/DBcG0q_AFbT\/?utm_source=ig_embed&#038;utm_campaign=loading\" data-instgrm-version=\"14\" style=\" background:#FFF; border:0; border-radius:3px; box-shadow:0 0 1px 0 rgba(0,0,0,0.5),0 1px 10px 0 rgba(0,0,0,0.15); margin: 1px; max-width:540px; min-width:326px; padding:0; width:99.375%; width:-webkit-calc(100% - 2px); width:calc(100% - 2px);\"><div style=\"padding:16px;\"> <a href=\"https:\/\/www.instagram.com\/p\/DBcG0q_AFbT\/?utm_source=ig_embed&#038;utm_campaign=loading\" style=\" background:#FFFFFF; line-height:0; padding:0 0; text-align:center; text-decoration:none; width:100%;\" target=\"_blank\" rel=\"noopener\"> <div style=\" display: flex; flex-direction: row; align-items: center;\"> <div style=\"background-color: #F4F4F4; border-radius: 50%; flex-grow: 0; height: 40px; margin-right: 14px; width: 40px;\"><\/div> <div style=\"display: flex; flex-direction: column; flex-grow: 1; justify-content: center;\"> <div style=\" background-color: #F4F4F4; border-radius: 4px; flex-grow: 0; height: 14px; margin-bottom: 6px; width: 100px;\"><\/div> <div style=\" background-color: #F4F4F4; border-radius: 4px; flex-grow: 0; height: 14px; width: 60px;\"><\/div><\/div><\/div><div style=\"padding: 19% 0;\"><\/div> <div style=\"display:block; height:50px; margin:0 auto 12px; width:50px;\"><svg width=\"50px\" height=\"50px\" viewbox=\"0 0 60 60\" version=\"1.1\" xmlns=\"https:\/\/www.w3.org\/2000\/svg\" xmlns:xlink=\"https:\/\/www.w3.org\/1999\/xlink\"><g stroke=\"none\" stroke-width=\"1\" fill=\"none\" fill-rule=\"evenodd\"><g transform=\"translate(-511.000000, -20.000000)\" fill=\"#000000\"><g><path d=\"M556.869,30.41 C554.814,30.41 553.148,32.076 553.148,34.131 C553.148,36.186 554.814,37.852 556.869,37.852 C558.924,37.852 560.59,36.186 560.59,34.131 C560.59,32.076 558.924,30.41 556.869,30.41 M541,60.657 C535.114,60.657 530.342,55.887 530.342,50 C530.342,44.114 535.114,39.342 541,39.342 C546.887,39.342 551.658,44.114 551.658,50 C551.658,55.887 546.887,60.657 541,60.657 M541,33.886 C532.1,33.886 524.886,41.1 524.886,50 C524.886,58.899 532.1,66.113 541,66.113 C549.9,66.113 557.115,58.899 557.115,50 C557.115,41.1 549.9,33.886 541,33.886 M565.378,62.101 C565.244,65.022 564.756,66.606 564.346,67.663 C563.803,69.06 563.154,70.057 562.106,71.106 C561.058,72.155 560.06,72.803 558.662,73.347 C557.607,73.757 556.021,74.244 553.102,74.378 C549.944,74.521 548.997,74.552 541,74.552 C533.003,74.552 532.056,74.521 528.898,74.378 C525.979,74.244 524.393,73.757 523.338,73.347 C521.94,72.803 520.942,72.155 519.894,71.106 C518.846,70.057 518.197,69.06 517.654,67.663 C517.244,66.606 516.755,65.022 516.623,62.101 C516.479,58.943 516.448,57.996 516.448,50 C516.448,42.003 516.479,41.056 516.623,37.899 C516.755,34.978 517.244,33.391 517.654,32.338 C518.197,30.938 518.846,29.942 519.894,28.894 C520.942,27.846 521.94,27.196 523.338,26.654 C524.393,26.244 525.979,25.756 528.898,25.623 C532.057,25.479 533.004,25.448 541,25.448 C548.997,25.448 549.943,25.479 553.102,25.623 C556.021,25.756 557.607,26.244 558.662,26.654 C560.06,27.196 561.058,27.846 562.106,28.894 C563.154,29.942 563.803,30.938 564.346,32.338 C564.756,33.391 565.244,34.978 565.378,37.899 C565.522,41.056 565.552,42.003 565.552,50 C565.552,57.996 565.522,58.943 565.378,62.101 M570.82,37.631 C570.674,34.438 570.167,32.258 569.425,30.349 C568.659,28.377 567.633,26.702 565.965,25.035 C564.297,23.368 562.623,22.342 560.652,21.575 C558.743,20.834 556.562,20.326 553.369,20.18 C550.169,20.033 549.148,20 541,20 C532.853,20 531.831,20.033 528.631,20.18 C525.438,20.326 523.257,20.834 521.349,21.575 C519.376,22.342 517.703,23.368 516.035,25.035 C514.368,26.702 513.342,28.377 512.574,30.349 C511.834,32.258 511.326,34.438 511.181,37.631 C511.035,40.831 511,41.851 511,50 C511,58.147 511.035,59.17 511.181,62.369 C511.326,65.562 511.834,67.743 512.574,69.651 C513.342,71.625 514.368,73.296 516.035,74.965 C517.703,76.634 519.376,77.658 521.349,78.425 C523.257,79.167 525.438,79.673 528.631,79.82 C531.831,79.965 532.853,80.001 541,80.001 C549.148,80.001 550.169,79.965 553.369,79.82 C556.562,79.673 558.743,79.167 560.652,78.425 C562.623,77.658 564.297,76.634 565.965,74.965 C567.633,73.296 568.659,71.625 569.425,69.651 C570.167,67.743 570.674,65.562 570.82,62.369 C570.966,59.17 571,58.147 571,50 C571,41.851 570.966,40.831 570.82,37.631\"><\/path><\/g><\/g><\/g><\/svg><\/div><div style=\"padding-top: 8px;\"> <div style=\" color:#3897f0; font-family:Arial,sans-serif; font-size:14px; font-style:normal; font-weight:550; line-height:18px;\">Voir cette publication sur Instagram<\/div><\/div><div style=\"padding: 12.5% 0;\"><\/div> <div style=\"display: flex; flex-direction: row; margin-bottom: 14px; align-items: center;\"><div> <div style=\"background-color: #F4F4F4; border-radius: 50%; height: 12.5px; width: 12.5px; transform: translateX(0px) translateY(7px);\"><\/div> <div style=\"background-color: #F4F4F4; height: 12.5px; transform: rotate(-45deg) translateX(3px) translateY(1px); width: 12.5px; flex-grow: 0; margin-right: 14px; margin-left: 2px;\"><\/div> <div style=\"background-color: #F4F4F4; border-radius: 50%; height: 12.5px; width: 12.5px; transform: translateX(9px) translateY(-18px);\"><\/div><\/div><div style=\"margin-left: 8px;\"> <div style=\" background-color: #F4F4F4; border-radius: 50%; flex-grow: 0; height: 20px; width: 20px;\"><\/div> <div style=\" width: 0; height: 0; border-top: 2px solid transparent; border-left: 6px solid #f4f4f4; border-bottom: 2px solid transparent; transform: translateX(16px) translateY(-4px) rotate(30deg)\"><\/div><\/div><div style=\"margin-left: auto;\"> <div style=\" width: 0px; border-top: 8px solid #F4F4F4; border-right: 8px solid transparent; transform: translateY(16px);\"><\/div> <div style=\" background-color: #F4F4F4; flex-grow: 0; height: 12px; width: 16px; transform: translateY(-4px);\"><\/div> <div style=\" width: 0; height: 0; border-top: 8px solid #F4F4F4; border-left: 8px solid transparent; transform: translateY(-4px) translateX(8px);\"><\/div><\/div><\/div> <div style=\"display: flex; flex-direction: column; flex-grow: 1; justify-content: center; margin-bottom: 24px;\"> <div style=\" background-color: #F4F4F4; border-radius: 4px; flex-grow: 0; height: 14px; margin-bottom: 6px; width: 224px;\"><\/div> <div style=\" background-color: #F4F4F4; border-radius: 4px; flex-grow: 0; height: 14px; width: 144px;\"><\/div><\/div><\/a><p style=\" color:#c9c8cd; font-family:Arial,sans-serif; font-size:14px; line-height:17px; margin-bottom:0; margin-top:8px; overflow:hidden; padding:8px 0 7px; text-align:center; text-overflow:ellipsis; white-space:nowrap;\"><a href=\"https:\/\/www.instagram.com\/p\/DBcG0q_AFbT\/?utm_source=ig_embed&#038;utm_campaign=loading\" style=\" color:#c9c8cd; font-family:Arial,sans-serif; font-size:14px; font-style:normal; font-weight:normal; line-height:17px; text-decoration:none;\" target=\"_blank\" rel=\"noopener\">Une publication partag\u00e9e par Charles Leclerc (@charles_leclerc)<\/a><\/p><\/div><\/blockquote>\r\n<script async=\"\" src=\"\/\/www.instagram.com\/embed.js\"><\/script>\r\n\n<p class=\"related\"><a href=\"https:\/\/www.monaco-tribune.com\/en\/2024\/10\/monte-carlo-e-rally-programme-and-entrants-for-8th-edition-revealed\/\">Formula 1: Charles Leclerc wins US Grand Prix in one-two for Scuderia Ferrari<\/a><\/p>\n","protected":false},"excerpt":{"rendered":"<p>Formula 1 driver Charles Leclerc took part in an extraordinary experiment this week. He took the controls of a Rafale [&hellip;]<\/p>\n","protected":false},"author":77,"featured_media":256473,"comment_status":"closed","ping_status":"closed","sticky":false,"template":"","format":"standard","meta":{"_acf_changed":false,"footnotes":""},"categories":[243,257],"tags":[2823],"post_sectags":[],"post_format":[2465],"class_list":["post-256638","post","type-post","status-publish","format-standard","has-post-thumbnail","hentry","category-news","category-sports-en","tag-charles-leclerc-en-2","format-in-brief"],"acf":[],"yoast_head":"<!-- This site is optimized with the Yoast SEO Premium plugin v26.8 (Yoast SEO v27.4) - https:\/\/yoast.com\/product\/yoast-seo-premium-wordpress\/ -->\n<title>Charles &quot;Perceval&quot; Leclerc tests out supersonic Rafale with French Air Force<\/title>\n<meta name=\"description\" content=\"Formula 1 driver Charles Leclerc took part in an extraordinary experiment this week. He took the controls of a Rafale for the first time, during a\" \/>\n<meta name=\"robots\" content=\"index, follow, max-snippet:-1, max-image-preview:large, max-video-preview:-1\" \/>\n<link rel=\"canonical\" href=\"https:\/\/www.monaco-tribune.com\/en\/2024\/10\/charles-perceval-leclerc-tests-out-supersonic-rafale-with-french-air-force\/\" \/>\n<meta property=\"og:locale\" content=\"en_US\" \/>\n<meta property=\"og:type\" content=\"article\" \/>\n<meta property=\"og:title\" content=\"Charles &quot;Perceval&quot; Leclerc tests out supersonic Rafale with French Air Force - Monaco Tribune\" \/>\n<meta property=\"og:description\" content=\"Formula 1 driver Charles Leclerc took part in an extraordinary experiment this week. He took the controls of a Rafale for the first time, during a\" \/>\n<meta property=\"og:url\" content=\"https:\/\/www.monaco-tribune.com\/en\/2024\/10\/charles-perceval-leclerc-tests-out-supersonic-rafale-with-french-air-force\/\" \/>\n<meta property=\"og:site_name\" content=\"Monaco Tribune\" \/>\n<meta property=\"article:publisher\" content=\"https:\/\/www.facebook.com\/MonacoTribune\" \/>\n<meta property=\"article:published_time\" content=\"2024-10-25T14:09:54+00:00\" \/>\n<meta property=\"article:modified_time\" content=\"2024-10-25T14:17:39+00:00\" \/>\n<meta property=\"og:image\" content=\"https:\/\/www.monaco-tribune.com\/wp-content\/uploads\/2024\/10\/charles-perceval-leclerc-sessaye-a-la-vitesse-supersonique-dun-rafale-aux-cotes-de-larmee-de-lair.jpg\" \/>\n\t<meta property=\"og:image:width\" content=\"1104\" \/>\n\t<meta property=\"og:image:height\" content=\"736\" \/>\n\t<meta property=\"og:image:type\" content=\"image\/jpeg\" \/>\n<meta name=\"author\" content=\"Ana\u00efs Riu\" \/>\n<meta name=\"twitter:card\" content=\"summary_large_image\" \/>\n<meta name=\"twitter:creator\" content=\"@MonacoTribune\" \/>\n<meta name=\"twitter:site\" content=\"@MonacoTribune\" \/>\n<script type=\"application\/ld+json\" class=\"yoast-schema-graph\">{\"@context\":\"https:\\\/\\\/schema.org\",\"@graph\":[{\"@type\":\"NewsArticle\",\"@id\":\"https:\\\/\\\/www.monaco-tribune.com\\\/en\\\/2024\\\/10\\\/charles-perceval-leclerc-tests-out-supersonic-rafale-with-french-air-force\\\/#article\",\"isPartOf\":{\"@id\":\"https:\\\/\\\/www.monaco-tribune.com\\\/en\\\/2024\\\/10\\\/charles-perceval-leclerc-tests-out-supersonic-rafale-with-french-air-force\\\/\"},\"author\":{\"name\":\"Ana\u00efs Riu\",\"@id\":\"https:\\\/\\\/www.monaco-tribune.com\\\/en\\\/#\\\/schema\\\/person\\\/6db631c784f2f0eff54c3ca4d1da2d49\"},\"headline\":\"Charles &#8220;Perceval&#8221; Leclerc tests out supersonic Rafale with French Air Force\",\"datePublished\":\"2024-10-25T14:09:54+00:00\",\"dateModified\":\"2024-10-25T14:17:39+00:00\",\"mainEntityOfPage\":{\"@id\":\"https:\\\/\\\/www.monaco-tribune.com\\\/en\\\/2024\\\/10\\\/charles-perceval-leclerc-tests-out-supersonic-rafale-with-french-air-force\\\/\"},\"wordCount\":441,\"publisher\":{\"@id\":\"https:\\\/\\\/www.monaco-tribune.com\\\/en\\\/#organization\"},\"image\":{\"@id\":\"https:\\\/\\\/www.monaco-tribune.com\\\/en\\\/2024\\\/10\\\/charles-perceval-leclerc-tests-out-supersonic-rafale-with-french-air-force\\\/#primaryimage\"},\"thumbnailUrl\":\"https:\\\/\\\/www.monaco-tribune.com\\\/wp-content\\\/uploads\\\/2024\\\/10\\\/charles-perceval-leclerc-sessaye-a-la-vitesse-supersonique-dun-rafale-aux-cotes-de-larmee-de-lair.jpg\",\"keywords\":[\"Charles Leclerc\"],\"articleSection\":[\"News\",\"Sports\"],\"inLanguage\":\"en-US\",\"copyrightYear\":\"2024\",\"copyrightHolder\":{\"@id\":\"https:\\\/\\\/www.monaco-tribune.com\\\/#organization\"}},{\"@type\":\"WebPage\",\"@id\":\"https:\\\/\\\/www.monaco-tribune.com\\\/en\\\/2024\\\/10\\\/charles-perceval-leclerc-tests-out-supersonic-rafale-with-french-air-force\\\/\",\"url\":\"https:\\\/\\\/www.monaco-tribune.com\\\/en\\\/2024\\\/10\\\/charles-perceval-leclerc-tests-out-supersonic-rafale-with-french-air-force\\\/\",\"name\":\"Charles \\\"Perceval\\\" Leclerc tests out supersonic Rafale with French Air Force\",\"isPartOf\":{\"@id\":\"https:\\\/\\\/www.monaco-tribune.com\\\/en\\\/#website\"},\"primaryImageOfPage\":{\"@id\":\"https:\\\/\\\/www.monaco-tribune.com\\\/en\\\/2024\\\/10\\\/charles-perceval-leclerc-tests-out-supersonic-rafale-with-french-air-force\\\/#primaryimage\"},\"image\":{\"@id\":\"https:\\\/\\\/www.monaco-tribune.com\\\/en\\\/2024\\\/10\\\/charles-perceval-leclerc-tests-out-supersonic-rafale-with-french-air-force\\\/#primaryimage\"},\"thumbnailUrl\":\"https:\\\/\\\/www.monaco-tribune.com\\\/wp-content\\\/uploads\\\/2024\\\/10\\\/charles-perceval-leclerc-sessaye-a-la-vitesse-supersonique-dun-rafale-aux-cotes-de-larmee-de-lair.jpg\",\"datePublished\":\"2024-10-25T14:09:54+00:00\",\"dateModified\":\"2024-10-25T14:17:39+00:00\",\"description\":\"Formula 1 driver Charles Leclerc took part in an extraordinary experiment this week. He took the controls of a Rafale for the first time, during a\",\"breadcrumb\":{\"@id\":\"https:\\\/\\\/www.monaco-tribune.com\\\/en\\\/2024\\\/10\\\/charles-perceval-leclerc-tests-out-supersonic-rafale-with-french-air-force\\\/#breadcrumb\"},\"inLanguage\":\"en-US\",\"potentialAction\":[{\"@type\":\"ReadAction\",\"target\":[\"https:\\\/\\\/www.monaco-tribune.com\\\/en\\\/2024\\\/10\\\/charles-perceval-leclerc-tests-out-supersonic-rafale-with-french-air-force\\\/\"]}]},{\"@type\":\"ImageObject\",\"inLanguage\":\"en-US\",\"@id\":\"https:\\\/\\\/www.monaco-tribune.com\\\/en\\\/2024\\\/10\\\/charles-perceval-leclerc-tests-out-supersonic-rafale-with-french-air-force\\\/#primaryimage\",\"url\":\"https:\\\/\\\/www.monaco-tribune.com\\\/wp-content\\\/uploads\\\/2024\\\/10\\\/charles-perceval-leclerc-sessaye-a-la-vitesse-supersonique-dun-rafale-aux-cotes-de-larmee-de-lair.jpg\",\"contentUrl\":\"https:\\\/\\\/www.monaco-tribune.com\\\/wp-content\\\/uploads\\\/2024\\\/10\\\/charles-perceval-leclerc-sessaye-a-la-vitesse-supersonique-dun-rafale-aux-cotes-de-larmee-de-lair.jpg\",\"width\":1104,\"height\":736,\"caption\":\"Charles Leclerc and his \\\"Perceval 16\\\" helmet in front of the omnirole Rafale fighter jet \u00a9 Antoine Truchet\"},{\"@type\":\"BreadcrumbList\",\"@id\":\"https:\\\/\\\/www.monaco-tribune.com\\\/en\\\/2024\\\/10\\\/charles-perceval-leclerc-tests-out-supersonic-rafale-with-french-air-force\\\/#breadcrumb\",\"itemListElement\":[{\"@type\":\"ListItem\",\"position\":1,\"name\":\"Accueil\",\"item\":\"https:\\\/\\\/www.monaco-tribune.com\\\/en\\\/\"},{\"@type\":\"ListItem\",\"position\":2,\"name\":\"Charles &#8220;Perceval&#8221; Leclerc tests out supersonic Rafale with French Air Force\"}]},{\"@type\":\"WebSite\",\"@id\":\"https:\\\/\\\/www.monaco-tribune.com\\\/en\\\/#website\",\"url\":\"https:\\\/\\\/www.monaco-tribune.com\\\/en\\\/\",\"name\":\"Monaco Tribune\",\"description\":\"Monaco : actualit\u00e9s \u00e9conomiques, politiques, culturelles et sportives de Monaco et de la French Riviera.\",\"publisher\":{\"@id\":\"https:\\\/\\\/www.monaco-tribune.com\\\/en\\\/#organization\"},\"potentialAction\":[{\"@type\":\"SearchAction\",\"target\":{\"@type\":\"EntryPoint\",\"urlTemplate\":\"https:\\\/\\\/www.monaco-tribune.com\\\/en\\\/?s={search_term_string}\"},\"query-input\":{\"@type\":\"PropertyValueSpecification\",\"valueRequired\":true,\"valueName\":\"search_term_string\"}}],\"inLanguage\":\"en-US\"},{\"@type\":\"Organization\",\"@id\":\"https:\\\/\\\/www.monaco-tribune.com\\\/en\\\/#organization\",\"name\":\"Monaco Tribune\",\"url\":\"https:\\\/\\\/www.monaco-tribune.com\\\/en\\\/\",\"logo\":{\"@type\":\"ImageObject\",\"inLanguage\":\"en-US\",\"@id\":\"https:\\\/\\\/www.monaco-tribune.com\\\/en\\\/#\\\/schema\\\/logo\\\/image\\\/\",\"url\":\"https:\\\/\\\/www.monaco-tribune.com\\\/wp-content\\\/uploads\\\/2022\\\/11\\\/logo-monaco-tribune.png\",\"contentUrl\":\"https:\\\/\\\/www.monaco-tribune.com\\\/wp-content\\\/uploads\\\/2022\\\/11\\\/logo-monaco-tribune.png\",\"width\":1548,\"height\":600,\"caption\":\"Monaco Tribune\"},\"image\":{\"@id\":\"https:\\\/\\\/www.monaco-tribune.com\\\/en\\\/#\\\/schema\\\/logo\\\/image\\\/\"},\"sameAs\":[\"https:\\\/\\\/www.facebook.com\\\/MonacoTribune\",\"https:\\\/\\\/x.com\\\/MonacoTribune\",\"https:\\\/\\\/www.instagram.com\\\/monacotribune\\\/\",\"https:\\\/\\\/www.linkedin.com\\\/company\\\/monaco-tribune\",\"https:\\\/\\\/www.youtube.com\\\/channel\\\/UCHle1MnG6hw1y4lWKijVbMA\"]},{\"@type\":\"Person\",\"@id\":\"https:\\\/\\\/www.monaco-tribune.com\\\/en\\\/#\\\/schema\\\/person\\\/6db631c784f2f0eff54c3ca4d1da2d49\",\"name\":\"Ana\u00efs Riu\",\"image\":{\"@type\":\"ImageObject\",\"inLanguage\":\"en-US\",\"@id\":\"https:\\\/\\\/secure.gravatar.com\\\/avatar\\\/9137eff67ff750f1997c171f45e5829ca4c8fa34729a8f8cd9dc85be7e50df7f?s=96&d=mm&r=g\",\"url\":\"https:\\\/\\\/secure.gravatar.com\\\/avatar\\\/9137eff67ff750f1997c171f45e5829ca4c8fa34729a8f8cd9dc85be7e50df7f?s=96&d=mm&r=g\",\"contentUrl\":\"https:\\\/\\\/secure.gravatar.com\\\/avatar\\\/9137eff67ff750f1997c171f45e5829ca4c8fa34729a8f8cd9dc85be7e50df7f?s=96&d=mm&r=g\",\"caption\":\"Ana\u00efs Riu\"},\"url\":\"https:\\\/\\\/www.monaco-tribune.com\\\/en\\\/author\\\/anaisriu\\\/\"}]}<\/script>\n<!-- \/ Yoast SEO Premium plugin. -->","yoast_head_json":{"title":"Charles \"Perceval\" Leclerc tests out supersonic Rafale with French Air Force","description":"Formula 1 driver Charles Leclerc took part in an extraordinary experiment this week. He took the controls of a Rafale for the first time, during a","robots":{"index":"index","follow":"follow","max-snippet":"max-snippet:-1","max-image-preview":"max-image-preview:large","max-video-preview":"max-video-preview:-1"},"canonical":"https:\/\/www.monaco-tribune.com\/en\/2024\/10\/charles-perceval-leclerc-tests-out-supersonic-rafale-with-french-air-force\/","og_locale":"en_US","og_type":"article","og_title":"Charles \"Perceval\" Leclerc tests out supersonic Rafale with French Air Force - Monaco Tribune","og_description":"Formula 1 driver Charles Leclerc took part in an extraordinary experiment this week. He took the controls of a Rafale for the first time, during a","og_url":"https:\/\/www.monaco-tribune.com\/en\/2024\/10\/charles-perceval-leclerc-tests-out-supersonic-rafale-with-french-air-force\/","og_site_name":"Monaco Tribune","article_publisher":"https:\/\/www.facebook.com\/MonacoTribune","article_published_time":"2024-10-25T14:09:54+00:00","article_modified_time":"2024-10-25T14:17:39+00:00","og_image":[{"width":1104,"height":736,"url":"https:\/\/www.monaco-tribune.com\/wp-content\/uploads\/2024\/10\/charles-perceval-leclerc-sessaye-a-la-vitesse-supersonique-dun-rafale-aux-cotes-de-larmee-de-lair.jpg","type":"image\/jpeg"}],"author":"Ana\u00efs Riu","twitter_card":"summary_large_image","twitter_creator":"@MonacoTribune","twitter_site":"@MonacoTribune","schema":{"@context":"https:\/\/schema.org","@graph":[{"@type":"NewsArticle","@id":"https:\/\/www.monaco-tribune.com\/en\/2024\/10\/charles-perceval-leclerc-tests-out-supersonic-rafale-with-french-air-force\/#article","isPartOf":{"@id":"https:\/\/www.monaco-tribune.com\/en\/2024\/10\/charles-perceval-leclerc-tests-out-supersonic-rafale-with-french-air-force\/"},"author":{"name":"Ana\u00efs Riu","@id":"https:\/\/www.monaco-tribune.com\/en\/#\/schema\/person\/6db631c784f2f0eff54c3ca4d1da2d49"},"headline":"Charles &#8220;Perceval&#8221; Leclerc tests out supersonic Rafale with French Air Force","datePublished":"2024-10-25T14:09:54+00:00","dateModified":"2024-10-25T14:17:39+00:00","mainEntityOfPage":{"@id":"https:\/\/www.monaco-tribune.com\/en\/2024\/10\/charles-perceval-leclerc-tests-out-supersonic-rafale-with-french-air-force\/"},"wordCount":441,"publisher":{"@id":"https:\/\/www.monaco-tribune.com\/en\/#organization"},"image":{"@id":"https:\/\/www.monaco-tribune.com\/en\/2024\/10\/charles-perceval-leclerc-tests-out-supersonic-rafale-with-french-air-force\/#primaryimage"},"thumbnailUrl":"https:\/\/www.monaco-tribune.com\/wp-content\/uploads\/2024\/10\/charles-perceval-leclerc-sessaye-a-la-vitesse-supersonique-dun-rafale-aux-cotes-de-larmee-de-lair.jpg","keywords":["Charles Leclerc"],"articleSection":["News","Sports"],"inLanguage":"en-US","copyrightYear":"2024","copyrightHolder":{"@id":"https:\/\/www.monaco-tribune.com\/#organization"}},{"@type":"WebPage","@id":"https:\/\/www.monaco-tribune.com\/en\/2024\/10\/charles-perceval-leclerc-tests-out-supersonic-rafale-with-french-air-force\/","url":"https:\/\/www.monaco-tribune.com\/en\/2024\/10\/charles-perceval-leclerc-tests-out-supersonic-rafale-with-french-air-force\/","name":"Charles \"Perceval\" Leclerc tests out supersonic Rafale with French Air Force","isPartOf":{"@id":"https:\/\/www.monaco-tribune.com\/en\/#website"},"primaryImageOfPage":{"@id":"https:\/\/www.monaco-tribune.com\/en\/2024\/10\/charles-perceval-leclerc-tests-out-supersonic-rafale-with-french-air-force\/#primaryimage"},"image":{"@id":"https:\/\/www.monaco-tribune.com\/en\/2024\/10\/charles-perceval-leclerc-tests-out-supersonic-rafale-with-french-air-force\/#primaryimage"},"thumbnailUrl":"https:\/\/www.monaco-tribune.com\/wp-content\/uploads\/2024\/10\/charles-perceval-leclerc-sessaye-a-la-vitesse-supersonique-dun-rafale-aux-cotes-de-larmee-de-lair.jpg","datePublished":"2024-10-25T14:09:54+00:00","dateModified":"2024-10-25T14:17:39+00:00","description":"Formula 1 driver Charles Leclerc took part in an extraordinary experiment this week. He took the controls of a Rafale for the first time, during a","breadcrumb":{"@id":"https:\/\/www.monaco-tribune.com\/en\/2024\/10\/charles-perceval-leclerc-tests-out-supersonic-rafale-with-french-air-force\/#breadcrumb"},"inLanguage":"en-US","potentialAction":[{"@type":"ReadAction","target":["https:\/\/www.monaco-tribune.com\/en\/2024\/10\/charles-perceval-leclerc-tests-out-supersonic-rafale-with-french-air-force\/"]}]},{"@type":"ImageObject","inLanguage":"en-US","@id":"https:\/\/www.monaco-tribune.com\/en\/2024\/10\/charles-perceval-leclerc-tests-out-supersonic-rafale-with-french-air-force\/#primaryimage","url":"https:\/\/www.monaco-tribune.com\/wp-content\/uploads\/2024\/10\/charles-perceval-leclerc-sessaye-a-la-vitesse-supersonique-dun-rafale-aux-cotes-de-larmee-de-lair.jpg","contentUrl":"https:\/\/www.monaco-tribune.com\/wp-content\/uploads\/2024\/10\/charles-perceval-leclerc-sessaye-a-la-vitesse-supersonique-dun-rafale-aux-cotes-de-larmee-de-lair.jpg","width":1104,"height":736,"caption":"Charles Leclerc and his \"Perceval 16\" helmet in front of the omnirole Rafale fighter jet \u00a9 Antoine Truchet"},{"@type":"BreadcrumbList","@id":"https:\/\/www.monaco-tribune.com\/en\/2024\/10\/charles-perceval-leclerc-tests-out-supersonic-rafale-with-french-air-force\/#breadcrumb","itemListElement":[{"@type":"ListItem","position":1,"name":"Accueil","item":"https:\/\/www.monaco-tribune.com\/en\/"},{"@type":"ListItem","position":2,"name":"Charles &#8220;Perceval&#8221; Leclerc tests out supersonic Rafale with French Air Force"}]},{"@type":"WebSite","@id":"https:\/\/www.monaco-tribune.com\/en\/#website","url":"https:\/\/www.monaco-tribune.com\/en\/","name":"Monaco Tribune","description":"Monaco : actualit\u00e9s \u00e9conomiques, politiques, culturelles et sportives de Monaco et de la French Riviera.","publisher":{"@id":"https:\/\/www.monaco-tribune.com\/en\/#organization"},"potentialAction":[{"@type":"SearchAction","target":{"@type":"EntryPoint","urlTemplate":"https:\/\/www.monaco-tribune.com\/en\/?s={search_term_string}"},"query-input":{"@type":"PropertyValueSpecification","valueRequired":true,"valueName":"search_term_string"}}],"inLanguage":"en-US"},{"@type":"Organization","@id":"https:\/\/www.monaco-tribune.com\/en\/#organization","name":"Monaco Tribune","url":"https:\/\/www.monaco-tribune.com\/en\/","logo":{"@type":"ImageObject","inLanguage":"en-US","@id":"https:\/\/www.monaco-tribune.com\/en\/#\/schema\/logo\/image\/","url":"https:\/\/www.monaco-tribune.com\/wp-content\/uploads\/2022\/11\/logo-monaco-tribune.png","contentUrl":"https:\/\/www.monaco-tribune.com\/wp-content\/uploads\/2022\/11\/logo-monaco-tribune.png","width":1548,"height":600,"caption":"Monaco Tribune"},"image":{"@id":"https:\/\/www.monaco-tribune.com\/en\/#\/schema\/logo\/image\/"},"sameAs":["https:\/\/www.facebook.com\/MonacoTribune","https:\/\/x.com\/MonacoTribune","https:\/\/www.instagram.com\/monacotribune\/","https:\/\/www.linkedin.com\/company\/monaco-tribune","https:\/\/www.youtube.com\/channel\/UCHle1MnG6hw1y4lWKijVbMA"]},{"@type":"Person","@id":"https:\/\/www.monaco-tribune.com\/en\/#\/schema\/person\/6db631c784f2f0eff54c3ca4d1da2d49","name":"Ana\u00efs Riu","image":{"@type":"ImageObject","inLanguage":"en-US","@id":"https:\/\/secure.gravatar.com\/avatar\/9137eff67ff750f1997c171f45e5829ca4c8fa34729a8f8cd9dc85be7e50df7f?s=96&d=mm&r=g","url":"https:\/\/secure.gravatar.com\/avatar\/9137eff67ff750f1997c171f45e5829ca4c8fa34729a8f8cd9dc85be7e50df7f?s=96&d=mm&r=g","contentUrl":"https:\/\/secure.gravatar.com\/avatar\/9137eff67ff750f1997c171f45e5829ca4c8fa34729a8f8cd9dc85be7e50df7f?s=96&d=mm&r=g","caption":"Ana\u00efs Riu"},"url":"https:\/\/www.monaco-tribune.com\/en\/author\/anaisriu\/"}]}},"_links":{"self":[{"href":"https:\/\/www.monaco-tribune.com\/en\/wp-json\/wp\/v2\/posts\/256638","targetHints":{"allow":["GET"]}}],"collection":[{"href":"https:\/\/www.monaco-tribune.com\/en\/wp-json\/wp\/v2\/posts"}],"about":[{"href":"https:\/\/www.monaco-tribune.com\/en\/wp-json\/wp\/v2\/types\/post"}],"author":[{"embeddable":true,"href":"https:\/\/www.monaco-tribune.com\/en\/wp-json\/wp\/v2\/users\/77"}],"replies":[{"embeddable":true,"href":"https:\/\/www.monaco-tribune.com\/en\/wp-json\/wp\/v2\/comments?post=256638"}],"version-history":[{"count":2,"href":"https:\/\/www.monaco-tribune.com\/en\/wp-json\/wp\/v2\/posts\/256638\/revisions"}],"predecessor-version":[{"id":256647,"href":"https:\/\/www.monaco-tribune.com\/en\/wp-json\/wp\/v2\/posts\/256638\/revisions\/256647"}],"wp:featuredmedia":[{"embeddable":true,"href":"https:\/\/www.monaco-tribune.com\/en\/wp-json\/wp\/v2\/media\/256473"}],"wp:attachment":[{"href":"https:\/\/www.monaco-tribune.com\/en\/wp-json\/wp\/v2\/media?parent=256638"}],"wp:term":[{"taxonomy":"category","embeddable":true,"href":"https:\/\/www.monaco-tribune.com\/en\/wp-json\/wp\/v2\/categories?post=256638"},{"taxonomy":"post_tag","embeddable":true,"href":"https:\/\/www.monaco-tribune.com\/en\/wp-json\/wp\/v2\/tags?post=256638"},{"taxonomy":"sectag","embeddable":true,"href":"https:\/\/www.monaco-tribune.com\/en\/wp-json\/wp\/v2\/post_sectags?post=256638"},{"taxonomy":"format","embeddable":true,"href":"https:\/\/www.monaco-tribune.com\/en\/wp-json\/wp\/v2\/post_format?post=256638"}],"curies":[{"name":"wp","href":"https:\/\/api.w.org\/{rel}","templated":true}]}}