{"id":25786,"date":"2020-04-08T15:40:20","date_gmt":"2020-04-08T13:40:20","guid":{"rendered":"https:\/\/www.monaco-tribune.com\/2020\/04\/how-easy-is-it-to-make-your-wardrobe-eco-friendly\/"},"modified":"2020-04-08T15:49:01","modified_gmt":"2020-04-08T13:49:01","slug":"how-easy-is-it-to-make-your-wardrobe-eco-friendly","status":"publish","type":"post","link":"https:\/\/www.monaco-tribune.com\/en\/2020\/04\/how-easy-is-it-to-make-your-wardrobe-eco-friendly\/","title":{"rendered":"How easy is it to make your wardrobe eco-friendly?"},"content":{"rendered":"<p><strong>At a time when Mother Nature is taking back her rights, the textile industry generates 21 times more greenhouse gases than all international flights and maritime transport combined. Each year. Being one of the most polluting sectors in the world, fast fashion contributes to the emission of 1.2 billion tonnes of CO2 every year. It is an alarming situation that calls into question the way we consume.<\/strong><\/p>\n<p>&nbsp;<\/p>\n<p><strong>How about going for eco-friendly fashion?<\/strong><\/p>\n<p>What does eco-friendly fashion mean? Eco-friendly is the idea of becoming responsible for our consumption to preserve the environment of our planet. It is an ever-vital necessity and a movement that has started to take centre stage in the fashion industry.<\/p>\n<p>Indeed, many brands have turned to environmentally-friendly clothing using materials which, for example, require significantly less water consumption like organic cotton, hemp, and linen. Other larger chains such as <a href=\"https:\/\/www.zara.com\/ca\/fr\/durabilite-programme-collection-l1452.html\">Zara<\/a> have begun recycling initiatives for clothing and accessories by giving them a second life in the production cycle. To avoid customers throwing old clothing into landfill or saturating charity shops, they can deposit the garments they no longer want in stores. Clothes donated to Zara&#8217;s boutique in Monaco are recycled and transformed into new fabrics to be marketed to finance non-profit associations.<\/p>\n<p><strong>Social action and second-hand shops<\/strong><\/p>\n<p>Cities across the globe are seeing more and more second-hand shops appearing on their streets. In countries such as the United States and Canada, non-profit organisations whose mission is professional integration amongst those who are otherwise prevented from gaining employment do so through second-hand shops. Goodwill, one of the most well-known organisations in the US, is a chain of stores that receives clothing donations and resells them at a reduced price \u2013 all while training members of the community.<\/p>\n<p>In 2018, this gesture of solidarity and ecology will allow Canada to give a second life to 2.4 billion used products.<\/p>\n<p>In Monaco, several organizations are helping to give a second life to clothing and provide support to people in need. Every year, the association <a href=\"http:\/\/www.semeursdespoir-monaco.com\/a-propos-des-semeurs.html\">Semeurs d&#8217;Espoir Monaco<\/a> organises the &#8220;Vide Dressing Solidaire&#8221; to raise money for several local charities. People can donate clothes to an empty walk-in wardrobe which is set up for a few days in the Fontvieille shopping centre each year. For its first edition in 2016, the charity collected 9 tons of clothes in four days. On the strength of its success, the operation renews the experience every year to provide support to the most disadvantaged people in the Principality while fighting against the waste of clothes.<\/p>\n<p><strong>Upcycling and DIY<\/strong><\/p>\n<p>A wave of new apps is emerging thanks to this new form of mindful consumption. Some of them go beyond recycling and propose what is known as upcycling, a form of make-do-and-mend fashion. It is currently very popular amongst millennials. The idea is to transform, personalise and upgrade materials, some popular materials including curtains that are transformed into dresses and shirts.<br \/>\nThese apps have created a space for selling clothes, others organising for clothes swaps and general information apps for those interested in environmentally friendly brands. <a href=\"https:\/\/upcycli.ca\/\">Upcycli,<\/a> an app launched in 2019 in Quebec, is an app for selling and buying, tutorials to transform your clothes and the exchange of tips within the community. It is available in countries across the globe namely Canada, Belgium, Japan, and France. Its philosophy is based on eco-responsible values to preserve the environment and democratise ethical practices.<\/p>\n<blockquote class=\"instagram-media\" style=\"background: #FFF; border: 0; border-radius: 3px; box-shadow: 0 0 1px 0 rgba(0,0,0,0.5),0 1px 10px 0 rgba(0,0,0,0.15); margin: 1px; max-width: 540px; min-width: 326px; padding: 0; width: calc(100% - 2px);\" data-instgrm-captioned=\"\" data-instgrm-permalink=\"https:\/\/www.instagram.com\/p\/B7lkajGnXYk\/?utm_source=ig_embed&amp;utm_campaign=loading\" data-instgrm-version=\"12\">\n<div style=\"padding: 16px;\">\n<p>&nbsp;<\/p>\n<div style=\"display: flex; flex-direction: row; align-items: center;\">\n<div style=\"background-color: #f4f4f4; border-radius: 50%; flex-grow: 0; height: 40px; margin-right: 14px; width: 40px;\"><\/div>\n<div style=\"display: flex; flex-direction: column; flex-grow: 1; justify-content: center;\">\n<div style=\"background-color: #f4f4f4; border-radius: 4px; flex-grow: 0; height: 14px; margin-bottom: 6px; width: 100px;\"><\/div>\n<div style=\"background-color: #f4f4f4; border-radius: 4px; flex-grow: 0; height: 14px; width: 60px;\"><\/div>\n<\/div>\n<\/div>\n<div style=\"padding: 19% 0;\"><\/div>\n<div style=\"display: block; height: 50px; margin: 0 auto 12px; width: 50px;\"><\/div>\n<div style=\"padding-top: 8px;\">\n<div style=\"color: #3897f0; font-family: Arial,sans-serif; font-size: 14px; font-style: normal; font-weight: 550; line-height: 18px;\">View this post on Instagram<\/div>\n<\/div>\n<div style=\"padding: 12.5% 0;\"><\/div>\n<div style=\"display: flex; flex-direction: row; margin-bottom: 14px; align-items: center;\">\n<div>\n<div style=\"background-color: #f4f4f4; border-radius: 50%; height: 12.5px; width: 12.5px; transform: translateX(0px) translateY(7px);\"><\/div>\n<div style=\"background-color: #f4f4f4; height: 12.5px; transform: rotate(-45deg) translateX(3px) translateY(1px); width: 12.5px; flex-grow: 0; margin-right: 14px; margin-left: 2px;\"><\/div>\n<div style=\"background-color: #f4f4f4; border-radius: 50%; height: 12.5px; width: 12.5px; transform: translateX(9px) translateY(-18px);\"><\/div>\n<\/div>\n<div style=\"margin-left: 8px;\">\n<div style=\"background-color: #f4f4f4; border-radius: 50%; flex-grow: 0; height: 20px; width: 20px;\"><\/div>\n<div style=\"width: 0; height: 0; border-top: 2px solid transparent; border-left: 6px solid #f4f4f4; border-bottom: 2px solid transparent; transform: translateX(16px) translateY(-4px) rotate(30deg);\"><\/div>\n<\/div>\n<div style=\"margin-left: auto;\">\n<div style=\"width: 0px; border-top: 8px solid #F4F4F4; border-right: 8px solid transparent; transform: translateY(16px);\"><\/div>\n<div style=\"background-color: #f4f4f4; flex-grow: 0; height: 12px; width: 16px; transform: translateY(-4px);\"><\/div>\n<div style=\"width: 0; height: 0; border-top: 8px solid #F4F4F4; border-left: 8px solid transparent; transform: translateY(-4px) translateX(8px);\"><\/div>\n<\/div>\n<\/div>\n<p>&nbsp;<\/p>\n<p style=\"margin: 8px 0 0 0; padding: 0 4px;\"><a style=\"color: #000; font-family: Arial,sans-serif; font-size: 14px; font-style: normal; font-weight: normal; line-height: 17px; text-decoration: none; word-wrap: break-word;\" href=\"https:\/\/www.instagram.com\/p\/B7lkajGnXYk\/?utm_source=ig_embed&amp;utm_campaign=loading\" target=\"_blank\" rel=\"noopener noreferrer\">Dans un monde id\u00e9al, nos vielles paires de jeans pourraient ressembler \u00e0 \u00e7a \ud83d\udc9a Inspiration : Instagram #atelier #upcycling #Seconde main #secondhand<\/a><\/p>\n<p style=\"color: #c9c8cd; font-family: Arial,sans-serif; font-size: 14px; line-height: 17px; margin-bottom: 0; margin-top: 8px; overflow: hidden; padding: 8px 0 7px; text-align: center; text-overflow: ellipsis; white-space: nowrap;\">A post shared by <a style=\"color: #c9c8cd; font-family: Arial,sans-serif; font-size: 14px; font-style: normal; font-weight: normal; line-height: 17px;\" href=\"https:\/\/www.instagram.com\/upcycli\/?utm_source=ig_embed&amp;utm_campaign=loading\" target=\"_blank\" rel=\"noopener noreferrer\"> Upcycli<\/a> (@upcycli) on <time style=\"font-family: Arial,sans-serif; font-size: 14px; line-height: 17px;\" datetime=\"2020-01-21T15:38:36+00:00\">Jan 21, 2020 at 7:38am PST<\/time><\/p>\n<\/div>\n<\/blockquote>\n<p><script async src=\"\/\/www.instagram.com\/embed.js\"><\/script><\/p>\n<p><strong>Reusing and recycling materials<\/strong><br \/>\nMore and more designers are launching collections which are made of recycled materials. Princess St\u00e9phanie of Monaco&#8217;s daughter, <a href=\"https:\/\/www.monaco-tribune.com\/en\/2020\/03\/monaco-at-paris-fashion-week-pauline-ducruets-latest-collection-hits-runway\/\">Pauline Ducruet<\/a> launched her own unisex, eco-friendly fashion brand in June 2019.<br \/>\n<a href=\"https:\/\/alter-designs.com\/\">Alter Designs<\/a> produces environmentally-friendly garments by using second-hand materials that the designer buys and transforms. All the pieces used to make up her collection, including silk and denim, are reused.<br \/>\nA collection in her own image, Pauline Ducruet has always had a strong interest in the environment. She has always defended such values of which she has been able to highlight through her brand.<\/p>\n<blockquote class=\"instagram-media\" style=\"background: #FFF; border: 0; border-radius: 3px; box-shadow: 0 0 1px 0 rgba(0,0,0,0.5),0 1px 10px 0 rgba(0,0,0,0.15); margin: 1px; max-width: 540px; min-width: 326px; padding: 0; width: calc(100% - 2px);\" data-instgrm-captioned=\"\" data-instgrm-permalink=\"https:\/\/www.instagram.com\/p\/B8HMTtflV7L\/?utm_source=ig_embed&amp;utm_campaign=loading\" data-instgrm-version=\"12\">\n<div style=\"padding: 16px;\">\n<p>&nbsp;<\/p>\n<div style=\"display: flex; flex-direction: row; align-items: center;\">\n<div style=\"background-color: #f4f4f4; border-radius: 50%; flex-grow: 0; height: 40px; margin-right: 14px; width: 40px;\"><\/div>\n<div style=\"display: flex; flex-direction: column; flex-grow: 1; justify-content: center;\">\n<div style=\"background-color: #f4f4f4; border-radius: 4px; flex-grow: 0; height: 14px; margin-bottom: 6px; width: 100px;\"><\/div>\n<div style=\"background-color: #f4f4f4; border-radius: 4px; flex-grow: 0; height: 14px; width: 60px;\"><\/div>\n<\/div>\n<\/div>\n<div style=\"padding: 19% 0;\"><\/div>\n<div style=\"display: block; height: 50px; margin: 0 auto 12px; width: 50px;\"><\/div>\n<div style=\"padding-top: 8px;\">\n<div style=\"color: #3897f0; font-family: Arial,sans-serif; font-size: 14px; font-style: normal; font-weight: 550; line-height: 18px;\">View this post on Instagram<\/div>\n<\/div>\n<div style=\"padding: 12.5% 0;\"><\/div>\n<div style=\"display: flex; flex-direction: row; margin-bottom: 14px; align-items: center;\">\n<div>\n<div style=\"background-color: #f4f4f4; border-radius: 50%; height: 12.5px; width: 12.5px; transform: translateX(0px) translateY(7px);\"><\/div>\n<div style=\"background-color: #f4f4f4; height: 12.5px; transform: rotate(-45deg) translateX(3px) translateY(1px); width: 12.5px; flex-grow: 0; margin-right: 14px; margin-left: 2px;\"><\/div>\n<div style=\"background-color: #f4f4f4; border-radius: 50%; height: 12.5px; width: 12.5px; transform: translateX(9px) translateY(-18px);\"><\/div>\n<\/div>\n<div style=\"margin-left: 8px;\">\n<div style=\"background-color: #f4f4f4; border-radius: 50%; flex-grow: 0; height: 20px; width: 20px;\"><\/div>\n<div style=\"width: 0; height: 0; border-top: 2px solid transparent; border-left: 6px solid #f4f4f4; border-bottom: 2px solid transparent; transform: translateX(16px) translateY(-4px) rotate(30deg);\"><\/div>\n<\/div>\n<div style=\"margin-left: auto;\">\n<div style=\"width: 0px; border-top: 8px solid #F4F4F4; border-right: 8px solid transparent; transform: translateY(16px);\"><\/div>\n<div style=\"background-color: #f4f4f4; flex-grow: 0; height: 12px; width: 16px; transform: translateY(-4px);\"><\/div>\n<div style=\"width: 0; height: 0; border-top: 8px solid #F4F4F4; border-left: 8px solid transparent; transform: translateY(-4px) translateX(8px);\"><\/div>\n<\/div>\n<\/div>\n<p>&nbsp;<\/p>\n<p style=\"margin: 8px 0 0 0; padding: 0 4px;\"><a style=\"color: #000; font-family: Arial,sans-serif; font-size: 14px; font-style: normal; font-weight: normal; line-height: 17px; text-decoration: none; word-wrap: break-word;\" href=\"https:\/\/www.instagram.com\/p\/B8HMTtflV7L\/?utm_source=ig_embed&amp;utm_campaign=loading\" target=\"_blank\" rel=\"noopener noreferrer\">I am thrilled to announce the launch of Alter\u2019s new website www.alter-designs.com.\u2060 \u2060 We gave our best to make the SS20 collection disclosure the most wonderful experience for you. \u2060 And on February 5th, you\u2019ll be able to order your favorite clothes online! \u2060 \u2060 Thank you all for the great support,\u2060 \u2060 Pauline \u2060 \u2060 #ALTER #ALTERSS20 \u2060 #unisexbrand #slowfashion #upcycling\u2060<\/a><\/p>\n<p style=\"color: #c9c8cd; font-family: Arial,sans-serif; font-size: 14px; line-height: 17px; margin-bottom: 0; margin-top: 8px; overflow: hidden; padding: 8px 0 7px; text-align: center; text-overflow: ellipsis; white-space: nowrap;\">A post shared by <a style=\"color: #c9c8cd; font-family: Arial,sans-serif; font-size: 14px; font-style: normal; font-weight: normal; line-height: 17px;\" href=\"https:\/\/www.instagram.com\/alterofficial_\/?utm_source=ig_embed&amp;utm_campaign=loading\" target=\"_blank\" rel=\"noopener noreferrer\"> Alter Designs<\/a> (@alterofficial_) on <time style=\"font-family: Arial,sans-serif; font-size: 14px; line-height: 17px;\" datetime=\"2020-02-03T17:02:33+00:00\">Feb 3, 2020 at 9:02am PST<\/time><\/p>\n<\/div>\n<\/blockquote>\n<p><script async src=\"\/\/www.instagram.com\/embed.js\"><\/script><\/p>\n<p>Many celebrities are increasingly concerned about the environment and are launching collections and brands dedicated to recycled clothing. This is the case for businesswoman Claudia Cherki, who is based in Monaco and heads the <a href=\"http:\/\/www.drfitfashion.com\/\">DrFit<\/a> clothing brand. Her concept is based on the use of plastics recovered from the sea in clothing production. Organic cotton and plastic fibres are the main materials that the brand employs. Beyond making clothes, Cherki has also taken on the challenge of creating household linen, embroidery and uniforms to companies based in the Principality. This is an ecological concept that is increasingly being developed in the heart of Monaco.<\/p>\n<p>Thanks to all the actions put in place, it is today easier than ever to respect the environment while staying in style. A certain collective awareness now allows us to more readily adopt responsible and sustainable consumption. Of course, there is still a long way to go before the fashion industry no longer generates harmful emissions. But eco-friendly fashion is gradually gaining more and more ground in the textile market. Maybe in a few years, our shopping bags will only contain environmentally friendly garments?<\/p>\n","protected":false},"excerpt":{"rendered":"<p>At a time when Mother Nature is taking back her rights, the textile industry generates 21 times more greenhouse gases [&hellip;]<\/p>\n","protected":false},"author":32,"featured_media":25762,"comment_status":"closed","ping_status":"open","sticky":false,"template":"","format":"standard","meta":{"_acf_changed":false,"footnotes":""},"categories":[1837,243],"tags":[2827],"post_sectags":[],"post_format":[2467],"class_list":["post-25786","post","type-post","status-publish","format-standard","has-post-thumbnail","hentry","category-environment","category-news","tag-fashion-en","format-feature"],"acf":[],"yoast_head":"<!-- This site is optimized with the Yoast SEO Premium plugin v26.8 (Yoast SEO v27.4) - https:\/\/yoast.com\/product\/yoast-seo-premium-wordpress\/ -->\n<title>How easy is it to make your wardrobe eco-friendly?<\/title>\n<meta name=\"description\" content=\"At a time when Mother Nature is taking back her rights, the textile industry generates 21 times more greenhouse gases than all international flights and\" \/>\n<meta name=\"robots\" content=\"index, follow, max-snippet:-1, max-image-preview:large, max-video-preview:-1\" \/>\n<link rel=\"canonical\" href=\"https:\/\/www.monaco-tribune.com\/en\/2020\/04\/how-easy-is-it-to-make-your-wardrobe-eco-friendly\/\" \/>\n<meta property=\"og:locale\" content=\"en_US\" \/>\n<meta property=\"og:type\" content=\"article\" \/>\n<meta property=\"og:title\" content=\"How easy is it to make your wardrobe eco-friendly? - Monaco Tribune\" \/>\n<meta property=\"og:description\" content=\"At a time when Mother Nature is taking back her rights, the textile industry generates 21 times more greenhouse gases than all international flights and\" \/>\n<meta property=\"og:url\" content=\"https:\/\/www.monaco-tribune.com\/en\/2020\/04\/how-easy-is-it-to-make-your-wardrobe-eco-friendly\/\" \/>\n<meta property=\"og:site_name\" content=\"Monaco Tribune\" \/>\n<meta property=\"article:publisher\" content=\"https:\/\/www.facebook.com\/MonacoTribune\" \/>\n<meta property=\"article:published_time\" content=\"2020-04-08T13:40:20+00:00\" \/>\n<meta property=\"article:modified_time\" content=\"2020-04-08T13:49:01+00:00\" \/>\n<meta property=\"og:image\" content=\"https:\/\/www.monaco-tribune.com\/wp-content\/uploads\/2020\/04\/Anai\u0308s-Dautais-Warmel.jpg\" \/>\n\t<meta property=\"og:image:width\" content=\"1125\" \/>\n\t<meta property=\"og:image:height\" content=\"612\" \/>\n\t<meta property=\"og:image:type\" content=\"image\/jpeg\" \/>\n<meta name=\"author\" content=\"Laur\u00e8ne Jardin\" \/>\n<meta name=\"twitter:card\" content=\"summary_large_image\" \/>\n<meta name=\"twitter:creator\" content=\"@MonacoTribune\" \/>\n<meta name=\"twitter:site\" content=\"@MonacoTribune\" \/>\n<script type=\"application\/ld+json\" class=\"yoast-schema-graph\">{\"@context\":\"https:\\\/\\\/schema.org\",\"@graph\":[{\"@type\":\"NewsArticle\",\"@id\":\"https:\\\/\\\/www.monaco-tribune.com\\\/en\\\/2020\\\/04\\\/how-easy-is-it-to-make-your-wardrobe-eco-friendly\\\/#article\",\"isPartOf\":{\"@id\":\"https:\\\/\\\/www.monaco-tribune.com\\\/en\\\/2020\\\/04\\\/how-easy-is-it-to-make-your-wardrobe-eco-friendly\\\/\"},\"author\":{\"name\":\"Laur\u00e8ne Jardin\",\"@id\":\"https:\\\/\\\/www.monaco-tribune.com\\\/en\\\/#\\\/schema\\\/person\\\/434c451c129321c83eb59585c8649c04\"},\"headline\":\"How easy is it to make your wardrobe eco-friendly?\",\"datePublished\":\"2020-04-08T13:40:20+00:00\",\"dateModified\":\"2020-04-08T13:49:01+00:00\",\"mainEntityOfPage\":{\"@id\":\"https:\\\/\\\/www.monaco-tribune.com\\\/en\\\/2020\\\/04\\\/how-easy-is-it-to-make-your-wardrobe-eco-friendly\\\/\"},\"wordCount\":973,\"publisher\":{\"@id\":\"https:\\\/\\\/www.monaco-tribune.com\\\/en\\\/#organization\"},\"image\":{\"@id\":\"https:\\\/\\\/www.monaco-tribune.com\\\/en\\\/2020\\\/04\\\/how-easy-is-it-to-make-your-wardrobe-eco-friendly\\\/#primaryimage\"},\"thumbnailUrl\":\"https:\\\/\\\/www.monaco-tribune.com\\\/wp-content\\\/uploads\\\/2020\\\/04\\\/Anai\u0308s-Dautais-Warmel.jpg\",\"keywords\":[\"Fashion\"],\"articleSection\":[\"Environment\",\"News\"],\"inLanguage\":\"en-US\",\"copyrightYear\":\"2020\",\"copyrightHolder\":{\"@id\":\"https:\\\/\\\/www.monaco-tribune.com\\\/#organization\"}},{\"@type\":\"WebPage\",\"@id\":\"https:\\\/\\\/www.monaco-tribune.com\\\/en\\\/2020\\\/04\\\/how-easy-is-it-to-make-your-wardrobe-eco-friendly\\\/\",\"url\":\"https:\\\/\\\/www.monaco-tribune.com\\\/en\\\/2020\\\/04\\\/how-easy-is-it-to-make-your-wardrobe-eco-friendly\\\/\",\"name\":\"How easy is it to make your wardrobe eco-friendly?\",\"isPartOf\":{\"@id\":\"https:\\\/\\\/www.monaco-tribune.com\\\/en\\\/#website\"},\"primaryImageOfPage\":{\"@id\":\"https:\\\/\\\/www.monaco-tribune.com\\\/en\\\/2020\\\/04\\\/how-easy-is-it-to-make-your-wardrobe-eco-friendly\\\/#primaryimage\"},\"image\":{\"@id\":\"https:\\\/\\\/www.monaco-tribune.com\\\/en\\\/2020\\\/04\\\/how-easy-is-it-to-make-your-wardrobe-eco-friendly\\\/#primaryimage\"},\"thumbnailUrl\":\"https:\\\/\\\/www.monaco-tribune.com\\\/wp-content\\\/uploads\\\/2020\\\/04\\\/Anai\u0308s-Dautais-Warmel.jpg\",\"datePublished\":\"2020-04-08T13:40:20+00:00\",\"dateModified\":\"2020-04-08T13:49:01+00:00\",\"description\":\"At a time when Mother Nature is taking back her rights, the textile industry generates 21 times more greenhouse gases than all international flights and\",\"breadcrumb\":{\"@id\":\"https:\\\/\\\/www.monaco-tribune.com\\\/en\\\/2020\\\/04\\\/how-easy-is-it-to-make-your-wardrobe-eco-friendly\\\/#breadcrumb\"},\"inLanguage\":\"en-US\",\"potentialAction\":[{\"@type\":\"ReadAction\",\"target\":[\"https:\\\/\\\/www.monaco-tribune.com\\\/en\\\/2020\\\/04\\\/how-easy-is-it-to-make-your-wardrobe-eco-friendly\\\/\"]}]},{\"@type\":\"ImageObject\",\"inLanguage\":\"en-US\",\"@id\":\"https:\\\/\\\/www.monaco-tribune.com\\\/en\\\/2020\\\/04\\\/how-easy-is-it-to-make-your-wardrobe-eco-friendly\\\/#primaryimage\",\"url\":\"https:\\\/\\\/www.monaco-tribune.com\\\/wp-content\\\/uploads\\\/2020\\\/04\\\/Anai\u0308s-Dautais-Warmel.jpg\",\"contentUrl\":\"https:\\\/\\\/www.monaco-tribune.com\\\/wp-content\\\/uploads\\\/2020\\\/04\\\/Anai\u0308s-Dautais-Warmel.jpg\",\"width\":1125,\"height\":612,\"caption\":\"Anai\u0308s Dautais Warmel\"},{\"@type\":\"BreadcrumbList\",\"@id\":\"https:\\\/\\\/www.monaco-tribune.com\\\/en\\\/2020\\\/04\\\/how-easy-is-it-to-make-your-wardrobe-eco-friendly\\\/#breadcrumb\",\"itemListElement\":[{\"@type\":\"ListItem\",\"position\":1,\"name\":\"Accueil\",\"item\":\"https:\\\/\\\/www.monaco-tribune.com\\\/en\\\/\"},{\"@type\":\"ListItem\",\"position\":2,\"name\":\"How easy is it to make your wardrobe eco-friendly?\"}]},{\"@type\":\"WebSite\",\"@id\":\"https:\\\/\\\/www.monaco-tribune.com\\\/en\\\/#website\",\"url\":\"https:\\\/\\\/www.monaco-tribune.com\\\/en\\\/\",\"name\":\"Monaco Tribune\",\"description\":\"Monaco : actualit\u00e9s \u00e9conomiques, politiques, culturelles et sportives de Monaco et de la French Riviera.\",\"publisher\":{\"@id\":\"https:\\\/\\\/www.monaco-tribune.com\\\/en\\\/#organization\"},\"potentialAction\":[{\"@type\":\"SearchAction\",\"target\":{\"@type\":\"EntryPoint\",\"urlTemplate\":\"https:\\\/\\\/www.monaco-tribune.com\\\/en\\\/?s={search_term_string}\"},\"query-input\":{\"@type\":\"PropertyValueSpecification\",\"valueRequired\":true,\"valueName\":\"search_term_string\"}}],\"inLanguage\":\"en-US\"},{\"@type\":\"Organization\",\"@id\":\"https:\\\/\\\/www.monaco-tribune.com\\\/en\\\/#organization\",\"name\":\"Monaco Tribune\",\"url\":\"https:\\\/\\\/www.monaco-tribune.com\\\/en\\\/\",\"logo\":{\"@type\":\"ImageObject\",\"inLanguage\":\"en-US\",\"@id\":\"https:\\\/\\\/www.monaco-tribune.com\\\/en\\\/#\\\/schema\\\/logo\\\/image\\\/\",\"url\":\"https:\\\/\\\/www.monaco-tribune.com\\\/wp-content\\\/uploads\\\/2022\\\/11\\\/logo-monaco-tribune.png\",\"contentUrl\":\"https:\\\/\\\/www.monaco-tribune.com\\\/wp-content\\\/uploads\\\/2022\\\/11\\\/logo-monaco-tribune.png\",\"width\":1548,\"height\":600,\"caption\":\"Monaco Tribune\"},\"image\":{\"@id\":\"https:\\\/\\\/www.monaco-tribune.com\\\/en\\\/#\\\/schema\\\/logo\\\/image\\\/\"},\"sameAs\":[\"https:\\\/\\\/www.facebook.com\\\/MonacoTribune\",\"https:\\\/\\\/x.com\\\/MonacoTribune\",\"https:\\\/\\\/www.instagram.com\\\/monacotribune\\\/\",\"https:\\\/\\\/www.linkedin.com\\\/company\\\/monaco-tribune\",\"https:\\\/\\\/www.youtube.com\\\/channel\\\/UCHle1MnG6hw1y4lWKijVbMA\"]},{\"@type\":\"Person\",\"@id\":\"https:\\\/\\\/www.monaco-tribune.com\\\/en\\\/#\\\/schema\\\/person\\\/434c451c129321c83eb59585c8649c04\",\"name\":\"Laur\u00e8ne Jardin\",\"image\":{\"@type\":\"ImageObject\",\"inLanguage\":\"en-US\",\"@id\":\"https:\\\/\\\/secure.gravatar.com\\\/avatar\\\/5c2f9729c6e6b89bee12b1ae28b1c1c628cb90854704123ee1c6e957cea7c175?s=96&d=mm&r=g\",\"url\":\"https:\\\/\\\/secure.gravatar.com\\\/avatar\\\/5c2f9729c6e6b89bee12b1ae28b1c1c628cb90854704123ee1c6e957cea7c175?s=96&d=mm&r=g\",\"contentUrl\":\"https:\\\/\\\/secure.gravatar.com\\\/avatar\\\/5c2f9729c6e6b89bee12b1ae28b1c1c628cb90854704123ee1c6e957cea7c175?s=96&d=mm&r=g\",\"caption\":\"Laur\u00e8ne Jardin\"},\"url\":\"https:\\\/\\\/www.monaco-tribune.com\\\/en\\\/author\\\/laurene-jardin\\\/\"}]}<\/script>\n<!-- \/ Yoast SEO Premium plugin. -->","yoast_head_json":{"title":"How easy is it to make your wardrobe eco-friendly?","description":"At a time when Mother Nature is taking back her rights, the textile industry generates 21 times more greenhouse gases than all international flights and","robots":{"index":"index","follow":"follow","max-snippet":"max-snippet:-1","max-image-preview":"max-image-preview:large","max-video-preview":"max-video-preview:-1"},"canonical":"https:\/\/www.monaco-tribune.com\/en\/2020\/04\/how-easy-is-it-to-make-your-wardrobe-eco-friendly\/","og_locale":"en_US","og_type":"article","og_title":"How easy is it to make your wardrobe eco-friendly? - Monaco Tribune","og_description":"At a time when Mother Nature is taking back her rights, the textile industry generates 21 times more greenhouse gases than all international flights and","og_url":"https:\/\/www.monaco-tribune.com\/en\/2020\/04\/how-easy-is-it-to-make-your-wardrobe-eco-friendly\/","og_site_name":"Monaco Tribune","article_publisher":"https:\/\/www.facebook.com\/MonacoTribune","article_published_time":"2020-04-08T13:40:20+00:00","article_modified_time":"2020-04-08T13:49:01+00:00","og_image":[{"width":1125,"height":612,"url":"https:\/\/www.monaco-tribune.com\/wp-content\/uploads\/2020\/04\/Anai\u0308s-Dautais-Warmel.jpg","type":"image\/jpeg"}],"author":"Laur\u00e8ne Jardin","twitter_card":"summary_large_image","twitter_creator":"@MonacoTribune","twitter_site":"@MonacoTribune","schema":{"@context":"https:\/\/schema.org","@graph":[{"@type":"NewsArticle","@id":"https:\/\/www.monaco-tribune.com\/en\/2020\/04\/how-easy-is-it-to-make-your-wardrobe-eco-friendly\/#article","isPartOf":{"@id":"https:\/\/www.monaco-tribune.com\/en\/2020\/04\/how-easy-is-it-to-make-your-wardrobe-eco-friendly\/"},"author":{"name":"Laur\u00e8ne Jardin","@id":"https:\/\/www.monaco-tribune.com\/en\/#\/schema\/person\/434c451c129321c83eb59585c8649c04"},"headline":"How easy is it to make your wardrobe eco-friendly?","datePublished":"2020-04-08T13:40:20+00:00","dateModified":"2020-04-08T13:49:01+00:00","mainEntityOfPage":{"@id":"https:\/\/www.monaco-tribune.com\/en\/2020\/04\/how-easy-is-it-to-make-your-wardrobe-eco-friendly\/"},"wordCount":973,"publisher":{"@id":"https:\/\/www.monaco-tribune.com\/en\/#organization"},"image":{"@id":"https:\/\/www.monaco-tribune.com\/en\/2020\/04\/how-easy-is-it-to-make-your-wardrobe-eco-friendly\/#primaryimage"},"thumbnailUrl":"https:\/\/www.monaco-tribune.com\/wp-content\/uploads\/2020\/04\/Anai\u0308s-Dautais-Warmel.jpg","keywords":["Fashion"],"articleSection":["Environment","News"],"inLanguage":"en-US","copyrightYear":"2020","copyrightHolder":{"@id":"https:\/\/www.monaco-tribune.com\/#organization"}},{"@type":"WebPage","@id":"https:\/\/www.monaco-tribune.com\/en\/2020\/04\/how-easy-is-it-to-make-your-wardrobe-eco-friendly\/","url":"https:\/\/www.monaco-tribune.com\/en\/2020\/04\/how-easy-is-it-to-make-your-wardrobe-eco-friendly\/","name":"How easy is it to make your wardrobe eco-friendly?","isPartOf":{"@id":"https:\/\/www.monaco-tribune.com\/en\/#website"},"primaryImageOfPage":{"@id":"https:\/\/www.monaco-tribune.com\/en\/2020\/04\/how-easy-is-it-to-make-your-wardrobe-eco-friendly\/#primaryimage"},"image":{"@id":"https:\/\/www.monaco-tribune.com\/en\/2020\/04\/how-easy-is-it-to-make-your-wardrobe-eco-friendly\/#primaryimage"},"thumbnailUrl":"https:\/\/www.monaco-tribune.com\/wp-content\/uploads\/2020\/04\/Anai\u0308s-Dautais-Warmel.jpg","datePublished":"2020-04-08T13:40:20+00:00","dateModified":"2020-04-08T13:49:01+00:00","description":"At a time when Mother Nature is taking back her rights, the textile industry generates 21 times more greenhouse gases than all international flights and","breadcrumb":{"@id":"https:\/\/www.monaco-tribune.com\/en\/2020\/04\/how-easy-is-it-to-make-your-wardrobe-eco-friendly\/#breadcrumb"},"inLanguage":"en-US","potentialAction":[{"@type":"ReadAction","target":["https:\/\/www.monaco-tribune.com\/en\/2020\/04\/how-easy-is-it-to-make-your-wardrobe-eco-friendly\/"]}]},{"@type":"ImageObject","inLanguage":"en-US","@id":"https:\/\/www.monaco-tribune.com\/en\/2020\/04\/how-easy-is-it-to-make-your-wardrobe-eco-friendly\/#primaryimage","url":"https:\/\/www.monaco-tribune.com\/wp-content\/uploads\/2020\/04\/Anai\u0308s-Dautais-Warmel.jpg","contentUrl":"https:\/\/www.monaco-tribune.com\/wp-content\/uploads\/2020\/04\/Anai\u0308s-Dautais-Warmel.jpg","width":1125,"height":612,"caption":"Anai\u0308s Dautais Warmel"},{"@type":"BreadcrumbList","@id":"https:\/\/www.monaco-tribune.com\/en\/2020\/04\/how-easy-is-it-to-make-your-wardrobe-eco-friendly\/#breadcrumb","itemListElement":[{"@type":"ListItem","position":1,"name":"Accueil","item":"https:\/\/www.monaco-tribune.com\/en\/"},{"@type":"ListItem","position":2,"name":"How easy is it to make your wardrobe eco-friendly?"}]},{"@type":"WebSite","@id":"https:\/\/www.monaco-tribune.com\/en\/#website","url":"https:\/\/www.monaco-tribune.com\/en\/","name":"Monaco Tribune","description":"Monaco : actualit\u00e9s \u00e9conomiques, politiques, culturelles et sportives de Monaco et de la French Riviera.","publisher":{"@id":"https:\/\/www.monaco-tribune.com\/en\/#organization"},"potentialAction":[{"@type":"SearchAction","target":{"@type":"EntryPoint","urlTemplate":"https:\/\/www.monaco-tribune.com\/en\/?s={search_term_string}"},"query-input":{"@type":"PropertyValueSpecification","valueRequired":true,"valueName":"search_term_string"}}],"inLanguage":"en-US"},{"@type":"Organization","@id":"https:\/\/www.monaco-tribune.com\/en\/#organization","name":"Monaco Tribune","url":"https:\/\/www.monaco-tribune.com\/en\/","logo":{"@type":"ImageObject","inLanguage":"en-US","@id":"https:\/\/www.monaco-tribune.com\/en\/#\/schema\/logo\/image\/","url":"https:\/\/www.monaco-tribune.com\/wp-content\/uploads\/2022\/11\/logo-monaco-tribune.png","contentUrl":"https:\/\/www.monaco-tribune.com\/wp-content\/uploads\/2022\/11\/logo-monaco-tribune.png","width":1548,"height":600,"caption":"Monaco Tribune"},"image":{"@id":"https:\/\/www.monaco-tribune.com\/en\/#\/schema\/logo\/image\/"},"sameAs":["https:\/\/www.facebook.com\/MonacoTribune","https:\/\/x.com\/MonacoTribune","https:\/\/www.instagram.com\/monacotribune\/","https:\/\/www.linkedin.com\/company\/monaco-tribune","https:\/\/www.youtube.com\/channel\/UCHle1MnG6hw1y4lWKijVbMA"]},{"@type":"Person","@id":"https:\/\/www.monaco-tribune.com\/en\/#\/schema\/person\/434c451c129321c83eb59585c8649c04","name":"Laur\u00e8ne Jardin","image":{"@type":"ImageObject","inLanguage":"en-US","@id":"https:\/\/secure.gravatar.com\/avatar\/5c2f9729c6e6b89bee12b1ae28b1c1c628cb90854704123ee1c6e957cea7c175?s=96&d=mm&r=g","url":"https:\/\/secure.gravatar.com\/avatar\/5c2f9729c6e6b89bee12b1ae28b1c1c628cb90854704123ee1c6e957cea7c175?s=96&d=mm&r=g","contentUrl":"https:\/\/secure.gravatar.com\/avatar\/5c2f9729c6e6b89bee12b1ae28b1c1c628cb90854704123ee1c6e957cea7c175?s=96&d=mm&r=g","caption":"Laur\u00e8ne Jardin"},"url":"https:\/\/www.monaco-tribune.com\/en\/author\/laurene-jardin\/"}]}},"_links":{"self":[{"href":"https:\/\/www.monaco-tribune.com\/en\/wp-json\/wp\/v2\/posts\/25786","targetHints":{"allow":["GET"]}}],"collection":[{"href":"https:\/\/www.monaco-tribune.com\/en\/wp-json\/wp\/v2\/posts"}],"about":[{"href":"https:\/\/www.monaco-tribune.com\/en\/wp-json\/wp\/v2\/types\/post"}],"author":[{"embeddable":true,"href":"https:\/\/www.monaco-tribune.com\/en\/wp-json\/wp\/v2\/users\/32"}],"replies":[{"embeddable":true,"href":"https:\/\/www.monaco-tribune.com\/en\/wp-json\/wp\/v2\/comments?post=25786"}],"version-history":[{"count":0,"href":"https:\/\/www.monaco-tribune.com\/en\/wp-json\/wp\/v2\/posts\/25786\/revisions"}],"wp:featuredmedia":[{"embeddable":true,"href":"https:\/\/www.monaco-tribune.com\/en\/wp-json\/wp\/v2\/media\/25762"}],"wp:attachment":[{"href":"https:\/\/www.monaco-tribune.com\/en\/wp-json\/wp\/v2\/media?parent=25786"}],"wp:term":[{"taxonomy":"category","embeddable":true,"href":"https:\/\/www.monaco-tribune.com\/en\/wp-json\/wp\/v2\/categories?post=25786"},{"taxonomy":"post_tag","embeddable":true,"href":"https:\/\/www.monaco-tribune.com\/en\/wp-json\/wp\/v2\/tags?post=25786"},{"taxonomy":"sectag","embeddable":true,"href":"https:\/\/www.monaco-tribune.com\/en\/wp-json\/wp\/v2\/post_sectags?post=25786"},{"taxonomy":"format","embeddable":true,"href":"https:\/\/www.monaco-tribune.com\/en\/wp-json\/wp\/v2\/post_format?post=25786"}],"curies":[{"name":"wp","href":"https:\/\/api.w.org\/{rel}","templated":true}]}}