{"id":257865,"date":"2024-10-31T17:36:23","date_gmt":"2024-10-31T15:36:23","guid":{"rendered":"https:\/\/www.monaco-tribune.com\/2024\/10\/prince-albert-ii-attends-as-monacos-centenary-gala-dinner\/"},"modified":"2024-11-04T15:53:59","modified_gmt":"2024-11-04T13:53:59","slug":"prince-albert-ii-attends-as-monacos-centenary-gala-dinner","status":"publish","type":"post","link":"https:\/\/www.monaco-tribune.com\/en\/2024\/10\/prince-albert-ii-attends-as-monacos-centenary-gala-dinner\/","title":{"rendered":"Prince Albert II attends AS Monaco&#8217;s centenary gala dinner"},"content":{"rendered":"\n<p><strong>It was a glamorous and emotional occasion on Saturday evening. In honour of AS Monaco&#8217;s centenary, a gala dinner was attended by some of the club&#8217;s leading figures, including President Dmitry Rybolovlev, Managing Director Thiago Scuro and Coach Adi H\u00fctter, as well as Prince Albert II, Minister of State Didier Guillaume, President of the National Council Thomas Brezzo and St\u00e9phane Val\u00e9ri, CEO of the SBM.<\/strong><\/p>\n\n<p>To conclude a month of festivities, including a <a href=\"https:\/\/www.monaco-tribune.com\/en\/2024\/09\/ligue-1-as-monaco-claims-dramatic-win-over-montpellier-to-mark-centenary-in-style\/\">memorable match against Montpellier<\/a>, AS Monaco chose the Hotel Hermitage as the setting for its gala dinner. The <em>Salle Belle Epoque<\/em> welcomed some 80 prestigious guests: current and former management and players all gathered to celebrate a century of passion and success.<\/p>\n\n<p class=\"related\"><a href=\"https:\/\/www.monaco-tribune.com\/en\/2024\/10\/as-monaco-celebrates-centenary-100-years-of-history-passion-and-success\/\">AS Monaco celebrates centenary: 100 years of history, passion and success<\/a><\/p>\n\n<p>Distinguished guests such as the Monegasque Sovereign and AS Monaco President Dmitry Rybolovlev, as well as political and sporting figures, attended the social gathering. Discussions centred on the Red and Whites&#8217; good start to the season, giving rise to enthusiasm and ambitions for the future.<\/p>\n\n<figure class=\"wp-block-gallery has-nested-images columns-default is-cropped wp-block-gallery-1 is-layout-flex wp-block-gallery-is-layout-flex\"><div class=\"wp-block-image\">\n<figure class=\"aligncenter size-large\"><img loading=\"lazy\" decoding=\"async\" width=\"1024\" height=\"683\" data-id=\"257752\" src=\"https:\/\/www.monaco-tribune.com\/wp-content\/uploads\/2024\/10\/le-prince-albert-ii-assiste-a-lexceptionnel-diner-de-gala-du-centenaire-de-las-monaco3-1024x683.jpg\" alt=\"\" class=\"wp-image-257752\" srcset=\"https:\/\/www.monaco-tribune.com\/wp-content\/uploads\/2024\/10\/le-prince-albert-ii-assiste-a-lexceptionnel-diner-de-gala-du-centenaire-de-las-monaco3-1024x683.jpg 1024w, https:\/\/www.monaco-tribune.com\/wp-content\/uploads\/2024\/10\/le-prince-albert-ii-assiste-a-lexceptionnel-diner-de-gala-du-centenaire-de-las-monaco3-450x300.jpg 450w, https:\/\/www.monaco-tribune.com\/wp-content\/uploads\/2024\/10\/le-prince-albert-ii-assiste-a-lexceptionnel-diner-de-gala-du-centenaire-de-las-monaco3.jpg 1200w\" sizes=\"auto, (max-width: 1024px) 100vw, 1024px\" \/><figcaption class=\"wp-element-caption\"><em>Louis Ducruet, Dmitri Rybolovlev, Prince Albert II, Adi H\u00fctter, St\u00e9phane Morandi, Thiago Scuro and Carlos Avi\u00f1a. <\/em><\/figcaption><\/figure>\n<\/div>\n\n<div class=\"wp-block-image\">\n<figure class=\"aligncenter size-large\"><img loading=\"lazy\" decoding=\"async\" width=\"1024\" height=\"683\" data-id=\"257753\" src=\"https:\/\/www.monaco-tribune.com\/wp-content\/uploads\/2024\/10\/le-prince-albert-ii-assiste-a-lexceptionnel-diner-de-gala-du-centenaire-de-las-monaco-1024x683.jpg\" alt=\"\" class=\"wp-image-257753\" srcset=\"https:\/\/www.monaco-tribune.com\/wp-content\/uploads\/2024\/10\/le-prince-albert-ii-assiste-a-lexceptionnel-diner-de-gala-du-centenaire-de-las-monaco-1024x683.jpg 1024w, https:\/\/www.monaco-tribune.com\/wp-content\/uploads\/2024\/10\/le-prince-albert-ii-assiste-a-lexceptionnel-diner-de-gala-du-centenaire-de-las-monaco-450x300.jpg 450w, https:\/\/www.monaco-tribune.com\/wp-content\/uploads\/2024\/10\/le-prince-albert-ii-assiste-a-lexceptionnel-diner-de-gala-du-centenaire-de-las-monaco.jpg 1200w\" sizes=\"auto, (max-width: 1024px) 100vw, 1024px\" \/><\/figure>\n<\/div><\/figure>\n\n<h2 class=\"wp-block-heading\" id=\"h-des-legendes-du-football-a-l-honneur\">Honouring football legends<\/h2>\n\n<p>The event was also an opportunity to pay tribute to the great figures who helped write the club&#8217;s history. Former players such as Jean-Luc Ettori, Claude Puel and Dimitar Berbatov regaled guests with anecdotes and nostalgic memories, recalling the high points that have made AS Monaco such a footballing institution.<\/p>\n\n<p>The atmosphere was &#8216;full immersion&#8217;, with an exhibition of collectors&#8217; items, including vintage jerseys and photos, retracing the club&#8217;s history for the guests.<\/p>\n\n<figure class=\"wp-block-gallery has-nested-images columns-default is-cropped wp-block-gallery-2 is-layout-flex wp-block-gallery-is-layout-flex\"><div class=\"wp-block-image\">\n<figure class=\"aligncenter size-large\"><img loading=\"lazy\" decoding=\"async\" width=\"1024\" height=\"576\" data-id=\"257768\" src=\"https:\/\/www.monaco-tribune.com\/wp-content\/uploads\/2024\/10\/le-prince-albert-ii-assiste-a-lexceptionnel-diner-de-gala-du-centenaire-de-las-monaco6-1024x576.jpg\" alt=\"\" class=\"wp-image-257768\" srcset=\"https:\/\/www.monaco-tribune.com\/wp-content\/uploads\/2024\/10\/le-prince-albert-ii-assiste-a-lexceptionnel-diner-de-gala-du-centenaire-de-las-monaco6-1024x576.jpg 1024w, https:\/\/www.monaco-tribune.com\/wp-content\/uploads\/2024\/10\/le-prince-albert-ii-assiste-a-lexceptionnel-diner-de-gala-du-centenaire-de-las-monaco6-533x300.jpg 533w, https:\/\/www.monaco-tribune.com\/wp-content\/uploads\/2024\/10\/le-prince-albert-ii-assiste-a-lexceptionnel-diner-de-gala-du-centenaire-de-las-monaco6.jpg 1200w\" sizes=\"auto, (max-width: 1024px) 100vw, 1024px\" \/><\/figure>\n<\/div>\n\n<div class=\"wp-block-image\">\n<figure class=\"aligncenter size-large\"><img loading=\"lazy\" decoding=\"async\" width=\"1024\" height=\"576\" data-id=\"257767\" src=\"https:\/\/www.monaco-tribune.com\/wp-content\/uploads\/2024\/10\/le-prince-albert-ii-assiste-a-lexceptionnel-diner-de-gala-du-centenaire-de-las-monaco7-1024x576.jpg\" alt=\"\" class=\"wp-image-257767\" srcset=\"https:\/\/www.monaco-tribune.com\/wp-content\/uploads\/2024\/10\/le-prince-albert-ii-assiste-a-lexceptionnel-diner-de-gala-du-centenaire-de-las-monaco7-1024x576.jpg 1024w, https:\/\/www.monaco-tribune.com\/wp-content\/uploads\/2024\/10\/le-prince-albert-ii-assiste-a-lexceptionnel-diner-de-gala-du-centenaire-de-las-monaco7-533x300.jpg 533w, https:\/\/www.monaco-tribune.com\/wp-content\/uploads\/2024\/10\/le-prince-albert-ii-assiste-a-lexceptionnel-diner-de-gala-du-centenaire-de-las-monaco7.jpg 1200w\" sizes=\"auto, (max-width: 1024px) 100vw, 1024px\" \/><\/figure>\n<\/div>\n\n<div class=\"wp-block-image\">\n<figure class=\"aligncenter size-large\"><img loading=\"lazy\" decoding=\"async\" width=\"1024\" height=\"576\" data-id=\"257766\" src=\"https:\/\/www.monaco-tribune.com\/wp-content\/uploads\/2024\/10\/le-prince-albert-ii-assiste-a-lexceptionnel-diner-de-gala-du-centenaire-de-las-monaco10-1024x576.jpg\" alt=\"\" class=\"wp-image-257766\" srcset=\"https:\/\/www.monaco-tribune.com\/wp-content\/uploads\/2024\/10\/le-prince-albert-ii-assiste-a-lexceptionnel-diner-de-gala-du-centenaire-de-las-monaco10-1024x576.jpg 1024w, https:\/\/www.monaco-tribune.com\/wp-content\/uploads\/2024\/10\/le-prince-albert-ii-assiste-a-lexceptionnel-diner-de-gala-du-centenaire-de-las-monaco10-533x300.jpg 533w, https:\/\/www.monaco-tribune.com\/wp-content\/uploads\/2024\/10\/le-prince-albert-ii-assiste-a-lexceptionnel-diner-de-gala-du-centenaire-de-las-monaco10.jpg 1200w\" sizes=\"auto, (max-width: 1024px) 100vw, 1024px\" \/><\/figure>\n<\/div>\n\n<div class=\"wp-block-image\">\n<figure class=\"aligncenter size-large\"><img loading=\"lazy\" decoding=\"async\" width=\"1024\" height=\"576\" data-id=\"257773\" src=\"https:\/\/www.monaco-tribune.com\/wp-content\/uploads\/2024\/10\/le-prince-albert-ii-assiste-a-lexceptionnel-diner-de-gala-du-centenaire-de-las-monaco11-1024x576.jpg\" alt=\"\" class=\"wp-image-257773\" srcset=\"https:\/\/www.monaco-tribune.com\/wp-content\/uploads\/2024\/10\/le-prince-albert-ii-assiste-a-lexceptionnel-diner-de-gala-du-centenaire-de-las-monaco11-1024x576.jpg 1024w, https:\/\/www.monaco-tribune.com\/wp-content\/uploads\/2024\/10\/le-prince-albert-ii-assiste-a-lexceptionnel-diner-de-gala-du-centenaire-de-las-monaco11-533x300.jpg 533w, https:\/\/www.monaco-tribune.com\/wp-content\/uploads\/2024\/10\/le-prince-albert-ii-assiste-a-lexceptionnel-diner-de-gala-du-centenaire-de-las-monaco11.jpg 1200w\" sizes=\"auto, (max-width: 1024px) 100vw, 1024px\" \/><figcaption class=\"wp-element-caption\"><em>Photos: AS Monaco<\/em><\/figcaption><\/figure>\n<\/div><\/figure>\n\n<h2 class=\"wp-block-heading\" id=\"h-gastronomie-et-animations-au-menu\">Fine dining and entertainment on the menu<\/h2>\n\n<p>Michelin-starred chef Yannick All\u00e9no presented a refined menu, while virtuoso pianist Stella Almondo delighted the audience with her performances. The evening featured a number of activities, including a quiz on the club&#8217;s history, with Prince Albert II the clear winner. He received a unique work of art, created live by the artist Djiango on the night.<\/p>\n\n<figure class=\"wp-block-gallery has-nested-images columns-default is-cropped wp-block-gallery-3 is-layout-flex wp-block-gallery-is-layout-flex\"><div class=\"wp-block-image\">\n<figure class=\"aligncenter size-large\"><img loading=\"lazy\" decoding=\"async\" width=\"1024\" height=\"576\" data-id=\"257802\" src=\"https:\/\/www.monaco-tribune.com\/wp-content\/uploads\/2024\/10\/le-prince-albert-ii-assiste-a-lexceptionnel-diner-de-gala-du-centenaire-de-las-monaco8-1-1024x576.jpg\" alt=\"\" class=\"wp-image-257802\" srcset=\"https:\/\/www.monaco-tribune.com\/wp-content\/uploads\/2024\/10\/le-prince-albert-ii-assiste-a-lexceptionnel-diner-de-gala-du-centenaire-de-las-monaco8-1-1024x576.jpg 1024w, https:\/\/www.monaco-tribune.com\/wp-content\/uploads\/2024\/10\/le-prince-albert-ii-assiste-a-lexceptionnel-diner-de-gala-du-centenaire-de-las-monaco8-1-533x300.jpg 533w, https:\/\/www.monaco-tribune.com\/wp-content\/uploads\/2024\/10\/le-prince-albert-ii-assiste-a-lexceptionnel-diner-de-gala-du-centenaire-de-las-monaco8-1.jpg 1200w\" sizes=\"auto, (max-width: 1024px) 100vw, 1024px\" \/><\/figure>\n<\/div>\n\n<div class=\"wp-block-image\">\n<figure class=\"aligncenter size-large\"><img loading=\"lazy\" decoding=\"async\" width=\"1024\" height=\"576\" data-id=\"257788\" src=\"https:\/\/www.monaco-tribune.com\/wp-content\/uploads\/2024\/10\/le-prince-albert-ii-assiste-a-lexceptionnel-diner-de-gala-du-centenaire-de-las-monaco9-1-1024x576.jpg\" alt=\"\" class=\"wp-image-257788\" srcset=\"https:\/\/www.monaco-tribune.com\/wp-content\/uploads\/2024\/10\/le-prince-albert-ii-assiste-a-lexceptionnel-diner-de-gala-du-centenaire-de-las-monaco9-1-1024x576.jpg 1024w, https:\/\/www.monaco-tribune.com\/wp-content\/uploads\/2024\/10\/le-prince-albert-ii-assiste-a-lexceptionnel-diner-de-gala-du-centenaire-de-las-monaco9-1-533x300.jpg 533w, https:\/\/www.monaco-tribune.com\/wp-content\/uploads\/2024\/10\/le-prince-albert-ii-assiste-a-lexceptionnel-diner-de-gala-du-centenaire-de-las-monaco9-1.jpg 1200w\" sizes=\"auto, (max-width: 1024px) 100vw, 1024px\" \/><figcaption class=\"wp-element-caption\"><em>The artist Djiango.<\/em><\/figcaption><\/figure>\n<\/div>\n\n\n<figure class=\"wp-block-image size-large\"><img loading=\"lazy\" decoding=\"async\" width=\"1024\" height=\"576\" data-id=\"257834\" src=\"https:\/\/www.monaco-tribune.com\/wp-content\/uploads\/2024\/10\/le-prince-albert-ii-assiste-a-lexceptionnel-diner-de-gala-du-centenaire-de-las-monaco13-1-1024x576.jpg\" alt=\"\" class=\"wp-image-257834\" srcset=\"https:\/\/www.monaco-tribune.com\/wp-content\/uploads\/2024\/10\/le-prince-albert-ii-assiste-a-lexceptionnel-diner-de-gala-du-centenaire-de-las-monaco13-1-1024x576.jpg 1024w, https:\/\/www.monaco-tribune.com\/wp-content\/uploads\/2024\/10\/le-prince-albert-ii-assiste-a-lexceptionnel-diner-de-gala-du-centenaire-de-las-monaco13-1-533x300.jpg 533w, https:\/\/www.monaco-tribune.com\/wp-content\/uploads\/2024\/10\/le-prince-albert-ii-assiste-a-lexceptionnel-diner-de-gala-du-centenaire-de-las-monaco13-1.jpg 1200w\" sizes=\"auto, (max-width: 1024px) 100vw, 1024px\" \/><figcaption class=\"wp-element-caption\"><em>The young pianist Stella Almondo.<\/em><\/figcaption><\/figure>\n<\/figure>\n\n<h2 class=\"wp-block-heading\" id=\"h-un-gateau-symbolique-pour-clore-les-festivites\">A symbolic cake to conclude the festivities<\/h2>\n\n<p>A sumptuous cake to mark the Centenary, in the AS Monaco colours, was cut before all those in attendance, including St\u00e9phane Morandi (member of the Board of Directors). This symbolic moment marked the end of an evening that was full of emotions and memories.<\/p>\n\n<figure class=\"wp-block-gallery has-nested-images columns-default is-cropped wp-block-gallery-4 is-layout-flex wp-block-gallery-is-layout-flex\"><div class=\"wp-block-image\">\n<figure class=\"aligncenter size-large\"><img loading=\"lazy\" decoding=\"async\" width=\"1024\" height=\"683\" data-id=\"257744\" src=\"https:\/\/www.monaco-tribune.com\/wp-content\/uploads\/2024\/10\/le-prince-albert-ii-assiste-a-lexceptionnel-diner-de-gala-du-centenaire-de-las-monaco2-1-1024x683.jpg\" alt=\"\" class=\"wp-image-257744\" srcset=\"https:\/\/www.monaco-tribune.com\/wp-content\/uploads\/2024\/10\/le-prince-albert-ii-assiste-a-lexceptionnel-diner-de-gala-du-centenaire-de-las-monaco2-1-1024x683.jpg 1024w, https:\/\/www.monaco-tribune.com\/wp-content\/uploads\/2024\/10\/le-prince-albert-ii-assiste-a-lexceptionnel-diner-de-gala-du-centenaire-de-las-monaco2-1-450x300.jpg 450w, https:\/\/www.monaco-tribune.com\/wp-content\/uploads\/2024\/10\/le-prince-albert-ii-assiste-a-lexceptionnel-diner-de-gala-du-centenaire-de-las-monaco2-1.jpg 1200w\" sizes=\"auto, (max-width: 1024px) 100vw, 1024px\" \/><\/figure>\n<\/div><\/figure>\n\n<h2 class=\"wp-block-heading\" id=\"h-celebrations-des-100-ans\">Centenary celebrations<\/h2>\n\n<p>The centenary anniversary can be enjoyed through a variety of souvenirs. Among them, <a href=\"https:\/\/www.monaco-tribune.com\/2024\/08\/livre-des-100-ans-de-las-monaco-une-seance-de-dedicaces-memorable-avec-norbert-siri-et-delio-onnis\/\">an official (French language) book retracing the club&#8217;s history<\/a> has been published, so fans can relive AS Monaco&#8217;s finest moments from the last 100 years. Sold out as soon as it was released, the vintage shirt was an instant hit with the fans, becoming a veritable collector&#8217;s item from the outset.<\/p>\n\n<p>A <a href=\"https:\/\/www.youtube.com\/watch?v=3gPClitKLBI\">documentary film<\/a> has also been produced for the occasion, providing a unique look at the club&#8217;s history, through archive footage and previously unreleased personal accounts from Prince Albert II, Didier Deschamps and Kylian Mbapp\u00e9, among others.<\/p>\n","protected":false},"excerpt":{"rendered":"<p>It was a glamorous and emotional occasion on Saturday evening. In honour of AS Monaco&#8217;s centenary, a gala dinner was [&hellip;]<\/p>\n","protected":false},"author":77,"featured_media":257726,"comment_status":"closed","ping_status":"closed","sticky":false,"template":"","format":"standard","meta":{"_acf_changed":false,"footnotes":""},"categories":[1825,243,254],"tags":[2830],"post_sectags":[4723,3838,3102],"post_format":[2462],"class_list":["post-257865","post","type-post","status-publish","format-standard","has-post-thumbnail","hentry","category-editors-choice","category-news","category-people-en","tag-prince-albert-ii-en-2","sectag-as-monaco-en","sectag-centenary","sectag-football-en","format-photos-en"],"acf":[],"yoast_head":"<!-- This site is optimized with the Yoast SEO Premium plugin v26.8 (Yoast SEO v27.5) - https:\/\/yoast.com\/product\/yoast-seo-premium-wordpress\/ -->\n<title>Prince Albert II attends AS Monaco&#039;s centenary gala dinner<\/title>\n<meta name=\"description\" content=\"It was a glamorous and emotional occasion on Saturday evening. In honour of AS Monaco&#039;s centenary, a gala dinner was attended by some of the club&#039;s\" \/>\n<meta name=\"robots\" content=\"index, follow, max-snippet:-1, max-image-preview:large, max-video-preview:-1\" \/>\n<link rel=\"canonical\" href=\"https:\/\/www.monaco-tribune.com\/en\/2024\/10\/prince-albert-ii-attends-as-monacos-centenary-gala-dinner\/\" \/>\n<meta property=\"og:locale\" content=\"en_US\" \/>\n<meta property=\"og:type\" content=\"article\" \/>\n<meta property=\"og:title\" content=\"Prince Albert II attends AS Monaco&#039;s centenary gala dinner - Monaco Tribune\" \/>\n<meta property=\"og:description\" content=\"It was a glamorous and emotional occasion on Saturday evening. In honour of AS Monaco&#039;s centenary, a gala dinner was attended by some of the club&#039;s\" \/>\n<meta property=\"og:url\" content=\"https:\/\/www.monaco-tribune.com\/en\/2024\/10\/prince-albert-ii-attends-as-monacos-centenary-gala-dinner\/\" \/>\n<meta property=\"og:site_name\" content=\"Monaco Tribune\" \/>\n<meta property=\"article:publisher\" content=\"https:\/\/www.facebook.com\/MonacoTribune\" \/>\n<meta property=\"article:published_time\" content=\"2024-10-31T15:36:23+00:00\" \/>\n<meta property=\"article:modified_time\" content=\"2024-11-04T13:53:59+00:00\" \/>\n<meta property=\"og:image\" content=\"https:\/\/www.monaco-tribune.com\/wp-content\/uploads\/2024\/10\/le-prince-albert-ii-assiste-a-lexceptionnel-diner-de-gala-du-centenaire-de-las-monac.jpg\" \/>\n\t<meta property=\"og:image:width\" content=\"1160\" \/>\n\t<meta property=\"og:image:height\" content=\"650\" \/>\n\t<meta property=\"og:image:type\" content=\"image\/jpeg\" \/>\n<meta name=\"author\" content=\"Ana\u00efs Riu\" \/>\n<meta name=\"twitter:card\" content=\"summary_large_image\" \/>\n<meta name=\"twitter:creator\" content=\"@MonacoTribune\" \/>\n<meta name=\"twitter:site\" content=\"@MonacoTribune\" \/>\n<script type=\"application\/ld+json\" class=\"yoast-schema-graph\">{\"@context\":\"https:\\\/\\\/schema.org\",\"@graph\":[{\"@type\":\"NewsArticle\",\"@id\":\"https:\\\/\\\/www.monaco-tribune.com\\\/en\\\/2024\\\/10\\\/prince-albert-ii-attends-as-monacos-centenary-gala-dinner\\\/#article\",\"isPartOf\":{\"@id\":\"https:\\\/\\\/www.monaco-tribune.com\\\/en\\\/2024\\\/10\\\/prince-albert-ii-attends-as-monacos-centenary-gala-dinner\\\/\"},\"author\":{\"name\":\"Ana\u00efs Riu\",\"@id\":\"https:\\\/\\\/www.monaco-tribune.com\\\/en\\\/#\\\/schema\\\/person\\\/6db631c784f2f0eff54c3ca4d1da2d49\"},\"headline\":\"Prince Albert II attends AS Monaco&#8217;s centenary gala dinner\",\"datePublished\":\"2024-10-31T15:36:23+00:00\",\"dateModified\":\"2024-11-04T13:53:59+00:00\",\"mainEntityOfPage\":{\"@id\":\"https:\\\/\\\/www.monaco-tribune.com\\\/en\\\/2024\\\/10\\\/prince-albert-ii-attends-as-monacos-centenary-gala-dinner\\\/\"},\"wordCount\":515,\"publisher\":{\"@id\":\"https:\\\/\\\/www.monaco-tribune.com\\\/en\\\/#organization\"},\"image\":{\"@id\":\"https:\\\/\\\/www.monaco-tribune.com\\\/en\\\/2024\\\/10\\\/prince-albert-ii-attends-as-monacos-centenary-gala-dinner\\\/#primaryimage\"},\"thumbnailUrl\":\"https:\\\/\\\/www.monaco-tribune.com\\\/wp-content\\\/uploads\\\/2024\\\/10\\\/le-prince-albert-ii-assiste-a-lexceptionnel-diner-de-gala-du-centenaire-de-las-monac.jpg\",\"keywords\":[\"Prince Albert II\"],\"articleSection\":[\"Editor&#039;s choice\",\"News\",\"Princely Family\"],\"inLanguage\":\"en-US\",\"copyrightYear\":\"2024\",\"copyrightHolder\":{\"@id\":\"https:\\\/\\\/www.monaco-tribune.com\\\/#organization\"}},{\"@type\":\"WebPage\",\"@id\":\"https:\\\/\\\/www.monaco-tribune.com\\\/en\\\/2024\\\/10\\\/prince-albert-ii-attends-as-monacos-centenary-gala-dinner\\\/\",\"url\":\"https:\\\/\\\/www.monaco-tribune.com\\\/en\\\/2024\\\/10\\\/prince-albert-ii-attends-as-monacos-centenary-gala-dinner\\\/\",\"name\":\"Prince Albert II attends AS Monaco's centenary gala dinner\",\"isPartOf\":{\"@id\":\"https:\\\/\\\/www.monaco-tribune.com\\\/en\\\/#website\"},\"primaryImageOfPage\":{\"@id\":\"https:\\\/\\\/www.monaco-tribune.com\\\/en\\\/2024\\\/10\\\/prince-albert-ii-attends-as-monacos-centenary-gala-dinner\\\/#primaryimage\"},\"image\":{\"@id\":\"https:\\\/\\\/www.monaco-tribune.com\\\/en\\\/2024\\\/10\\\/prince-albert-ii-attends-as-monacos-centenary-gala-dinner\\\/#primaryimage\"},\"thumbnailUrl\":\"https:\\\/\\\/www.monaco-tribune.com\\\/wp-content\\\/uploads\\\/2024\\\/10\\\/le-prince-albert-ii-assiste-a-lexceptionnel-diner-de-gala-du-centenaire-de-las-monac.jpg\",\"datePublished\":\"2024-10-31T15:36:23+00:00\",\"dateModified\":\"2024-11-04T13:53:59+00:00\",\"description\":\"It was a glamorous and emotional occasion on Saturday evening. In honour of AS Monaco's centenary, a gala dinner was attended by some of the club's\",\"breadcrumb\":{\"@id\":\"https:\\\/\\\/www.monaco-tribune.com\\\/en\\\/2024\\\/10\\\/prince-albert-ii-attends-as-monacos-centenary-gala-dinner\\\/#breadcrumb\"},\"inLanguage\":\"en-US\",\"potentialAction\":[{\"@type\":\"ReadAction\",\"target\":[\"https:\\\/\\\/www.monaco-tribune.com\\\/en\\\/2024\\\/10\\\/prince-albert-ii-attends-as-monacos-centenary-gala-dinner\\\/\"]}]},{\"@type\":\"ImageObject\",\"inLanguage\":\"en-US\",\"@id\":\"https:\\\/\\\/www.monaco-tribune.com\\\/en\\\/2024\\\/10\\\/prince-albert-ii-attends-as-monacos-centenary-gala-dinner\\\/#primaryimage\",\"url\":\"https:\\\/\\\/www.monaco-tribune.com\\\/wp-content\\\/uploads\\\/2024\\\/10\\\/le-prince-albert-ii-assiste-a-lexceptionnel-diner-de-gala-du-centenaire-de-las-monac.jpg\",\"contentUrl\":\"https:\\\/\\\/www.monaco-tribune.com\\\/wp-content\\\/uploads\\\/2024\\\/10\\\/le-prince-albert-ii-assiste-a-lexceptionnel-diner-de-gala-du-centenaire-de-las-monac.jpg\",\"width\":1160,\"height\":650,\"caption\":\"Prince Albert II and AS Monaco President Dmitry Rybolovlev \u00a9 AS Monaco\"},{\"@type\":\"BreadcrumbList\",\"@id\":\"https:\\\/\\\/www.monaco-tribune.com\\\/en\\\/2024\\\/10\\\/prince-albert-ii-attends-as-monacos-centenary-gala-dinner\\\/#breadcrumb\",\"itemListElement\":[{\"@type\":\"ListItem\",\"position\":1,\"name\":\"Accueil\",\"item\":\"https:\\\/\\\/www.monaco-tribune.com\\\/en\\\/\"},{\"@type\":\"ListItem\",\"position\":2,\"name\":\"Prince Albert II attends AS Monaco&#8217;s centenary gala dinner\"}]},{\"@type\":\"WebSite\",\"@id\":\"https:\\\/\\\/www.monaco-tribune.com\\\/en\\\/#website\",\"url\":\"https:\\\/\\\/www.monaco-tribune.com\\\/en\\\/\",\"name\":\"Monaco Tribune\",\"description\":\"Monaco : actualit\u00e9s \u00e9conomiques, politiques, culturelles et sportives de Monaco et de la French Riviera.\",\"publisher\":{\"@id\":\"https:\\\/\\\/www.monaco-tribune.com\\\/en\\\/#organization\"},\"potentialAction\":[{\"@type\":\"SearchAction\",\"target\":{\"@type\":\"EntryPoint\",\"urlTemplate\":\"https:\\\/\\\/www.monaco-tribune.com\\\/en\\\/?s={search_term_string}\"},\"query-input\":{\"@type\":\"PropertyValueSpecification\",\"valueRequired\":true,\"valueName\":\"search_term_string\"}}],\"inLanguage\":\"en-US\"},{\"@type\":\"Organization\",\"@id\":\"https:\\\/\\\/www.monaco-tribune.com\\\/en\\\/#organization\",\"name\":\"Monaco Tribune\",\"url\":\"https:\\\/\\\/www.monaco-tribune.com\\\/en\\\/\",\"logo\":{\"@type\":\"ImageObject\",\"inLanguage\":\"en-US\",\"@id\":\"https:\\\/\\\/www.monaco-tribune.com\\\/en\\\/#\\\/schema\\\/logo\\\/image\\\/\",\"url\":\"https:\\\/\\\/www.monaco-tribune.com\\\/wp-content\\\/uploads\\\/2022\\\/11\\\/logo-monaco-tribune.png\",\"contentUrl\":\"https:\\\/\\\/www.monaco-tribune.com\\\/wp-content\\\/uploads\\\/2022\\\/11\\\/logo-monaco-tribune.png\",\"width\":1548,\"height\":600,\"caption\":\"Monaco Tribune\"},\"image\":{\"@id\":\"https:\\\/\\\/www.monaco-tribune.com\\\/en\\\/#\\\/schema\\\/logo\\\/image\\\/\"},\"sameAs\":[\"https:\\\/\\\/www.facebook.com\\\/MonacoTribune\",\"https:\\\/\\\/x.com\\\/MonacoTribune\",\"https:\\\/\\\/www.instagram.com\\\/monacotribune\\\/\",\"https:\\\/\\\/www.linkedin.com\\\/company\\\/monaco-tribune\",\"https:\\\/\\\/www.youtube.com\\\/channel\\\/UCHle1MnG6hw1y4lWKijVbMA\"]},{\"@type\":\"Person\",\"@id\":\"https:\\\/\\\/www.monaco-tribune.com\\\/en\\\/#\\\/schema\\\/person\\\/6db631c784f2f0eff54c3ca4d1da2d49\",\"name\":\"Ana\u00efs Riu\",\"image\":{\"@type\":\"ImageObject\",\"inLanguage\":\"en-US\",\"@id\":\"https:\\\/\\\/secure.gravatar.com\\\/avatar\\\/9137eff67ff750f1997c171f45e5829ca4c8fa34729a8f8cd9dc85be7e50df7f?s=96&d=mm&r=g\",\"url\":\"https:\\\/\\\/secure.gravatar.com\\\/avatar\\\/9137eff67ff750f1997c171f45e5829ca4c8fa34729a8f8cd9dc85be7e50df7f?s=96&d=mm&r=g\",\"contentUrl\":\"https:\\\/\\\/secure.gravatar.com\\\/avatar\\\/9137eff67ff750f1997c171f45e5829ca4c8fa34729a8f8cd9dc85be7e50df7f?s=96&d=mm&r=g\",\"caption\":\"Ana\u00efs Riu\"},\"url\":\"https:\\\/\\\/www.monaco-tribune.com\\\/en\\\/author\\\/anaisriu\\\/\"}]}<\/script>\n<!-- \/ Yoast SEO Premium plugin. -->","yoast_head_json":{"title":"Prince Albert II attends AS Monaco's centenary gala dinner","description":"It was a glamorous and emotional occasion on Saturday evening. In honour of AS Monaco's centenary, a gala dinner was attended by some of the club's","robots":{"index":"index","follow":"follow","max-snippet":"max-snippet:-1","max-image-preview":"max-image-preview:large","max-video-preview":"max-video-preview:-1"},"canonical":"https:\/\/www.monaco-tribune.com\/en\/2024\/10\/prince-albert-ii-attends-as-monacos-centenary-gala-dinner\/","og_locale":"en_US","og_type":"article","og_title":"Prince Albert II attends AS Monaco's centenary gala dinner - Monaco Tribune","og_description":"It was a glamorous and emotional occasion on Saturday evening. In honour of AS Monaco's centenary, a gala dinner was attended by some of the club's","og_url":"https:\/\/www.monaco-tribune.com\/en\/2024\/10\/prince-albert-ii-attends-as-monacos-centenary-gala-dinner\/","og_site_name":"Monaco Tribune","article_publisher":"https:\/\/www.facebook.com\/MonacoTribune","article_published_time":"2024-10-31T15:36:23+00:00","article_modified_time":"2024-11-04T13:53:59+00:00","og_image":[{"width":1160,"height":650,"url":"https:\/\/www.monaco-tribune.com\/wp-content\/uploads\/2024\/10\/le-prince-albert-ii-assiste-a-lexceptionnel-diner-de-gala-du-centenaire-de-las-monac.jpg","type":"image\/jpeg"}],"author":"Ana\u00efs Riu","twitter_card":"summary_large_image","twitter_creator":"@MonacoTribune","twitter_site":"@MonacoTribune","schema":{"@context":"https:\/\/schema.org","@graph":[{"@type":"NewsArticle","@id":"https:\/\/www.monaco-tribune.com\/en\/2024\/10\/prince-albert-ii-attends-as-monacos-centenary-gala-dinner\/#article","isPartOf":{"@id":"https:\/\/www.monaco-tribune.com\/en\/2024\/10\/prince-albert-ii-attends-as-monacos-centenary-gala-dinner\/"},"author":{"name":"Ana\u00efs Riu","@id":"https:\/\/www.monaco-tribune.com\/en\/#\/schema\/person\/6db631c784f2f0eff54c3ca4d1da2d49"},"headline":"Prince Albert II attends AS Monaco&#8217;s centenary gala dinner","datePublished":"2024-10-31T15:36:23+00:00","dateModified":"2024-11-04T13:53:59+00:00","mainEntityOfPage":{"@id":"https:\/\/www.monaco-tribune.com\/en\/2024\/10\/prince-albert-ii-attends-as-monacos-centenary-gala-dinner\/"},"wordCount":515,"publisher":{"@id":"https:\/\/www.monaco-tribune.com\/en\/#organization"},"image":{"@id":"https:\/\/www.monaco-tribune.com\/en\/2024\/10\/prince-albert-ii-attends-as-monacos-centenary-gala-dinner\/#primaryimage"},"thumbnailUrl":"https:\/\/www.monaco-tribune.com\/wp-content\/uploads\/2024\/10\/le-prince-albert-ii-assiste-a-lexceptionnel-diner-de-gala-du-centenaire-de-las-monac.jpg","keywords":["Prince Albert II"],"articleSection":["Editor&#039;s choice","News","Princely Family"],"inLanguage":"en-US","copyrightYear":"2024","copyrightHolder":{"@id":"https:\/\/www.monaco-tribune.com\/#organization"}},{"@type":"WebPage","@id":"https:\/\/www.monaco-tribune.com\/en\/2024\/10\/prince-albert-ii-attends-as-monacos-centenary-gala-dinner\/","url":"https:\/\/www.monaco-tribune.com\/en\/2024\/10\/prince-albert-ii-attends-as-monacos-centenary-gala-dinner\/","name":"Prince Albert II attends AS Monaco's centenary gala dinner","isPartOf":{"@id":"https:\/\/www.monaco-tribune.com\/en\/#website"},"primaryImageOfPage":{"@id":"https:\/\/www.monaco-tribune.com\/en\/2024\/10\/prince-albert-ii-attends-as-monacos-centenary-gala-dinner\/#primaryimage"},"image":{"@id":"https:\/\/www.monaco-tribune.com\/en\/2024\/10\/prince-albert-ii-attends-as-monacos-centenary-gala-dinner\/#primaryimage"},"thumbnailUrl":"https:\/\/www.monaco-tribune.com\/wp-content\/uploads\/2024\/10\/le-prince-albert-ii-assiste-a-lexceptionnel-diner-de-gala-du-centenaire-de-las-monac.jpg","datePublished":"2024-10-31T15:36:23+00:00","dateModified":"2024-11-04T13:53:59+00:00","description":"It was a glamorous and emotional occasion on Saturday evening. In honour of AS Monaco's centenary, a gala dinner was attended by some of the club's","breadcrumb":{"@id":"https:\/\/www.monaco-tribune.com\/en\/2024\/10\/prince-albert-ii-attends-as-monacos-centenary-gala-dinner\/#breadcrumb"},"inLanguage":"en-US","potentialAction":[{"@type":"ReadAction","target":["https:\/\/www.monaco-tribune.com\/en\/2024\/10\/prince-albert-ii-attends-as-monacos-centenary-gala-dinner\/"]}]},{"@type":"ImageObject","inLanguage":"en-US","@id":"https:\/\/www.monaco-tribune.com\/en\/2024\/10\/prince-albert-ii-attends-as-monacos-centenary-gala-dinner\/#primaryimage","url":"https:\/\/www.monaco-tribune.com\/wp-content\/uploads\/2024\/10\/le-prince-albert-ii-assiste-a-lexceptionnel-diner-de-gala-du-centenaire-de-las-monac.jpg","contentUrl":"https:\/\/www.monaco-tribune.com\/wp-content\/uploads\/2024\/10\/le-prince-albert-ii-assiste-a-lexceptionnel-diner-de-gala-du-centenaire-de-las-monac.jpg","width":1160,"height":650,"caption":"Prince Albert II and AS Monaco President Dmitry Rybolovlev \u00a9 AS Monaco"},{"@type":"BreadcrumbList","@id":"https:\/\/www.monaco-tribune.com\/en\/2024\/10\/prince-albert-ii-attends-as-monacos-centenary-gala-dinner\/#breadcrumb","itemListElement":[{"@type":"ListItem","position":1,"name":"Accueil","item":"https:\/\/www.monaco-tribune.com\/en\/"},{"@type":"ListItem","position":2,"name":"Prince Albert II attends AS Monaco&#8217;s centenary gala dinner"}]},{"@type":"WebSite","@id":"https:\/\/www.monaco-tribune.com\/en\/#website","url":"https:\/\/www.monaco-tribune.com\/en\/","name":"Monaco Tribune","description":"Monaco : actualit\u00e9s \u00e9conomiques, politiques, culturelles et sportives de Monaco et de la French Riviera.","publisher":{"@id":"https:\/\/www.monaco-tribune.com\/en\/#organization"},"potentialAction":[{"@type":"SearchAction","target":{"@type":"EntryPoint","urlTemplate":"https:\/\/www.monaco-tribune.com\/en\/?s={search_term_string}"},"query-input":{"@type":"PropertyValueSpecification","valueRequired":true,"valueName":"search_term_string"}}],"inLanguage":"en-US"},{"@type":"Organization","@id":"https:\/\/www.monaco-tribune.com\/en\/#organization","name":"Monaco Tribune","url":"https:\/\/www.monaco-tribune.com\/en\/","logo":{"@type":"ImageObject","inLanguage":"en-US","@id":"https:\/\/www.monaco-tribune.com\/en\/#\/schema\/logo\/image\/","url":"https:\/\/www.monaco-tribune.com\/wp-content\/uploads\/2022\/11\/logo-monaco-tribune.png","contentUrl":"https:\/\/www.monaco-tribune.com\/wp-content\/uploads\/2022\/11\/logo-monaco-tribune.png","width":1548,"height":600,"caption":"Monaco Tribune"},"image":{"@id":"https:\/\/www.monaco-tribune.com\/en\/#\/schema\/logo\/image\/"},"sameAs":["https:\/\/www.facebook.com\/MonacoTribune","https:\/\/x.com\/MonacoTribune","https:\/\/www.instagram.com\/monacotribune\/","https:\/\/www.linkedin.com\/company\/monaco-tribune","https:\/\/www.youtube.com\/channel\/UCHle1MnG6hw1y4lWKijVbMA"]},{"@type":"Person","@id":"https:\/\/www.monaco-tribune.com\/en\/#\/schema\/person\/6db631c784f2f0eff54c3ca4d1da2d49","name":"Ana\u00efs Riu","image":{"@type":"ImageObject","inLanguage":"en-US","@id":"https:\/\/secure.gravatar.com\/avatar\/9137eff67ff750f1997c171f45e5829ca4c8fa34729a8f8cd9dc85be7e50df7f?s=96&d=mm&r=g","url":"https:\/\/secure.gravatar.com\/avatar\/9137eff67ff750f1997c171f45e5829ca4c8fa34729a8f8cd9dc85be7e50df7f?s=96&d=mm&r=g","contentUrl":"https:\/\/secure.gravatar.com\/avatar\/9137eff67ff750f1997c171f45e5829ca4c8fa34729a8f8cd9dc85be7e50df7f?s=96&d=mm&r=g","caption":"Ana\u00efs Riu"},"url":"https:\/\/www.monaco-tribune.com\/en\/author\/anaisriu\/"}]}},"_links":{"self":[{"href":"https:\/\/www.monaco-tribune.com\/en\/wp-json\/wp\/v2\/posts\/257865","targetHints":{"allow":["GET"]}}],"collection":[{"href":"https:\/\/www.monaco-tribune.com\/en\/wp-json\/wp\/v2\/posts"}],"about":[{"href":"https:\/\/www.monaco-tribune.com\/en\/wp-json\/wp\/v2\/types\/post"}],"author":[{"embeddable":true,"href":"https:\/\/www.monaco-tribune.com\/en\/wp-json\/wp\/v2\/users\/77"}],"replies":[{"embeddable":true,"href":"https:\/\/www.monaco-tribune.com\/en\/wp-json\/wp\/v2\/comments?post=257865"}],"version-history":[{"count":2,"href":"https:\/\/www.monaco-tribune.com\/en\/wp-json\/wp\/v2\/posts\/257865\/revisions"}],"predecessor-version":[{"id":257870,"href":"https:\/\/www.monaco-tribune.com\/en\/wp-json\/wp\/v2\/posts\/257865\/revisions\/257870"}],"wp:featuredmedia":[{"embeddable":true,"href":"https:\/\/www.monaco-tribune.com\/en\/wp-json\/wp\/v2\/media\/257726"}],"wp:attachment":[{"href":"https:\/\/www.monaco-tribune.com\/en\/wp-json\/wp\/v2\/media?parent=257865"}],"wp:term":[{"taxonomy":"category","embeddable":true,"href":"https:\/\/www.monaco-tribune.com\/en\/wp-json\/wp\/v2\/categories?post=257865"},{"taxonomy":"post_tag","embeddable":true,"href":"https:\/\/www.monaco-tribune.com\/en\/wp-json\/wp\/v2\/tags?post=257865"},{"taxonomy":"sectag","embeddable":true,"href":"https:\/\/www.monaco-tribune.com\/en\/wp-json\/wp\/v2\/post_sectags?post=257865"},{"taxonomy":"format","embeddable":true,"href":"https:\/\/www.monaco-tribune.com\/en\/wp-json\/wp\/v2\/post_format?post=257865"}],"curies":[{"name":"wp","href":"https:\/\/api.w.org\/{rel}","templated":true}]}}