{"id":25984,"date":"2020-04-14T18:56:06","date_gmt":"2020-04-14T16:56:06","guid":{"rendered":"https:\/\/www.monaco-tribune.com\/2020\/04\/monaco-red-cross-helping-principality-to-face-pandemic-interview-with-sec-gen-frederic-platini\/"},"modified":"2020-04-14T19:01:08","modified_gmt":"2020-04-14T17:01:08","slug":"monaco-red-cross-helping-principality-to-face-pandemic-interview-with-sec-gen-frederic-platini","status":"publish","type":"post","link":"https:\/\/www.monaco-tribune.com\/en\/2020\/04\/monaco-red-cross-helping-principality-to-face-pandemic-interview-with-sec-gen-frederic-platini\/","title":{"rendered":"Monaco Red Cross helping Principality to face pandemic. Interview with Sec-Gen Fr\u00e9d\u00e9ric Platini"},"content":{"rendered":"<p><strong>Fr\u00e9d\u00e9ric Platini, the Secretary-General of the Monaco Red Cross, spoke to Monaco Tribune to discuss actions implemented in the Principality since the beginning of the COVID-19 health crisis.<\/strong><\/p>\n<p>Fully committed to the services of city hall, the <a href=\"https:\/\/www.croix-rouge.mc\/en\/\">Monaco Red Cross<\/a> (MRC) is working tirelessly to help Monaco\u2019s citizens deal with the coronavirus pandemic in the most efficient way possible. The secretary-general of the MRC, Fr\u00e9d\u00e9ric Platini, was keen to explain the different aid measures put in place.<\/p>\n<p><strong>Fr\u00e9d\u00e9ric, how is the Red Cross managing the current situation?<\/strong><br \/>\nIt is completely manageable for us right now. We have reserves of volunteers and staff if the crisis were ever to escalate. You have to remember that the country is already well-organised, with a smaller population, unlike our Italian neighbours with whom I am in regular contact. [The Monaco Red Cross recently donated to its Italian counterpart].<\/p>\n<blockquote>\n<p style=\"text-align: center;\">We are delivering nearly 500 meals a day<\/p>\n<\/blockquote>\n<p><strong>Various actions have been carried out by the Monaco Red Cross since the start of the health crisis, particularly in terms of logistics. Can you explain to us what is currently happening?<\/strong><br \/>\nRegarding logistics, we are stepping up our service given the growing demand. Working with city hall, we are delivering nearly 500 meals a day, and we anticipate this is likely to increase. This is a service which has been growing since the beginning of the crisis, implemented by city hall before the outbreak. We will be able to keep up with demand. In terms of what we at the Red Cross do independently, we run errands for people, whether for food or medications, so that we can provide for people who don\u2019t feel like going out.<\/p>\n<p><strong>The Red Cross has also set up a call centre here in Monaco?<\/strong><br \/>\nAbsolutely. It is a government-run call centre, managed by the Department of Social Affairs. We are putting our staff on standby to answer questions. From the beginning of the epidemic, until March 17th, we received many calls until the government announced and explained measures. This service reduced the workload of our operators. The call centre works alongside the home medical monitoring centre, both of which are well-equipped to manage the current situation. We are helping the follow-ups taking place in the homes of infected patients to check vitals, allowing doctors to stay at the centre. At the same time, we can relay them information to find out whether the patient needs to be hospitalised or not. We have set up an anonymous helpline which allows people to speak with Red Cross volunteers who are trained in providing support when you are feeling unwell or in psychological distress. If necessary, we can forward calls to psychologists and professionals.<\/p>\n<p><iframe style=\"border: none; overflow: hidden;\" src=\"https:\/\/www.facebook.com\/plugins\/post.php?href=https%3A%2F%2Fwww.facebook.com%2Fcroixrouge.monaco%2Fposts%2F3652775191464386&amp;width=500\" width=\"500\" height=\"701\" frameborder=\"0\" scrolling=\"no\"><\/iframe><\/p>\n<p><strong>Are Red Cross&#8217;s regular social services still in place?<\/strong><br \/>\nOf course. Our regular service remains open, meaning that those relying on the Red Cross still have access to economic assistance.<\/p>\n<blockquote>\n<p style=\"text-align: center;\">We managed to get nearly 200,000 to Monaco<\/p>\n<\/blockquote>\n<p><strong>How much is the MRC spending right now?<\/strong><br \/>\nThere are two main costs. There is what we spend as the Monaco Red Cross internationally. We have already spent roughly \u20ac430,000 between the International Federation of the Red Cross, the International Committee of the Red Cross, as well as the Italian and Burkina Faso-based sections of the charity. This should increase as we receive more requests for aid. Then there is expenditure on physical materials. We have helped the State supply masks, as we managed to get nearly 200,000 to Monaco. It makes for additional expense, but it is more or less made up by the incoming donations and how they are increasing. We need the support of the population, our donors and Monaco&#8217;s industries to then face the second problem of economic repercussions upon those who will experience financial difficulties.<\/p>\n<p><strong>Have you sensed a real mobilisation of Monaco\u2019s residents towards the Red Cross since the beginning of the crisis?<\/strong><br \/>\nIt has been very positive, yes. Our regular donors haven\u2019t failed to rise to the occasion. Some businesses that were not on our radar before have now also been a great help. We are working with some sporting associations. All the economic players in Monaco are mobilising with us. I can only ask that this effort continues and that it moves in this direction because the crisis isn\u2019t just a health one; it is economic too. It makes us deal with all social sectors.<\/p>\n<p><strong>Are new measures going to be implemented in the coming weeks?<\/strong><br \/>\nThe current innovation right now is the anonymous helpline. Now that the lockdown will end May 3rd, we are thinking of how to step up this service as well as our logistical aspect. We are also looking at everything that can be carried out in addition to what we have already put in place. We were, for example, at the Ventimiglia migrant reception centre last Friday because they didn\u2019t have any protective equipment and had problems with supplies. We are continuing to carry out any possible side missions that COVID-19 is causing.<\/p>\n<p><strong>If you would like to support the Red Cross: <a href=\"https:\/\/www.croix-rouge.mc\/i-donate\/\">Make a donation<\/a><\/strong><\/p>\n","protected":false},"excerpt":{"rendered":"<p>Fr\u00e9d\u00e9ric Platini, the Secretary-General of the Monaco Red Cross, spoke to Monaco Tribune to discuss actions implemented in the Principality [&hellip;]<\/p>\n","protected":false},"author":24,"featured_media":25963,"comment_status":"closed","ping_status":"open","sticky":false,"template":"","format":"standard","meta":{"_acf_changed":false,"footnotes":""},"categories":[243,258],"tags":[2888],"post_sectags":[],"post_format":[2463],"class_list":["post-25984","post","type-post","status-publish","format-standard","has-post-thumbnail","hentry","category-news","category-public-life","tag-covid-19-en","format-interview-en"],"acf":[],"yoast_head":"<!-- This site is optimized with the Yoast SEO Premium plugin v26.8 (Yoast SEO v27.4) - https:\/\/yoast.com\/product\/yoast-seo-premium-wordpress\/ -->\n<title>Monaco Red Cross helping Principality to face pandemic. Interview with Sec-Gen Fr\u00e9d\u00e9ric Platini<\/title>\n<meta name=\"description\" content=\"Fr\u00e9d\u00e9ric Platini, the Secretary-General of the Monaco Red Cross, spoke to Monaco Tribune to discuss actions implemented in the Principality since the\" \/>\n<meta name=\"robots\" content=\"index, follow, max-snippet:-1, max-image-preview:large, max-video-preview:-1\" \/>\n<link rel=\"canonical\" href=\"https:\/\/www.monaco-tribune.com\/en\/2020\/04\/monaco-red-cross-helping-principality-to-face-pandemic-interview-with-sec-gen-frederic-platini\/\" \/>\n<meta property=\"og:locale\" content=\"en_US\" \/>\n<meta property=\"og:type\" content=\"article\" \/>\n<meta property=\"og:title\" content=\"Monaco Red Cross helping Principality to face pandemic. Interview with Sec-Gen Fr\u00e9d\u00e9ric Platini - Monaco Tribune\" \/>\n<meta property=\"og:description\" content=\"Fr\u00e9d\u00e9ric Platini, the Secretary-General of the Monaco Red Cross, spoke to Monaco Tribune to discuss actions implemented in the Principality since the\" \/>\n<meta property=\"og:url\" content=\"https:\/\/www.monaco-tribune.com\/en\/2020\/04\/monaco-red-cross-helping-principality-to-face-pandemic-interview-with-sec-gen-frederic-platini\/\" \/>\n<meta property=\"og:site_name\" content=\"Monaco Tribune\" \/>\n<meta property=\"article:publisher\" content=\"https:\/\/www.facebook.com\/MonacoTribune\" \/>\n<meta property=\"article:published_time\" content=\"2020-04-14T16:56:06+00:00\" \/>\n<meta property=\"article:modified_time\" content=\"2020-04-14T17:01:08+00:00\" \/>\n<meta property=\"og:image\" content=\"https:\/\/www.monaco-tribune.com\/wp-content\/uploads\/2020\/04\/200316-MAN-ITW-CROIX-ROUGE-CORONAVIRUS-6-min.jpg\" \/>\n\t<meta property=\"og:image:width\" content=\"2560\" \/>\n\t<meta property=\"og:image:height\" content=\"1703\" \/>\n\t<meta property=\"og:image:type\" content=\"image\/jpeg\" \/>\n<meta name=\"author\" content=\"Romain Boisaubert\" \/>\n<meta name=\"twitter:card\" content=\"summary_large_image\" \/>\n<meta name=\"twitter:creator\" content=\"@MonacoTribune\" \/>\n<meta name=\"twitter:site\" content=\"@MonacoTribune\" \/>\n<script type=\"application\/ld+json\" class=\"yoast-schema-graph\">{\"@context\":\"https:\\\/\\\/schema.org\",\"@graph\":[{\"@type\":\"NewsArticle\",\"@id\":\"https:\\\/\\\/www.monaco-tribune.com\\\/en\\\/2020\\\/04\\\/monaco-red-cross-helping-principality-to-face-pandemic-interview-with-sec-gen-frederic-platini\\\/#article\",\"isPartOf\":{\"@id\":\"https:\\\/\\\/www.monaco-tribune.com\\\/en\\\/2020\\\/04\\\/monaco-red-cross-helping-principality-to-face-pandemic-interview-with-sec-gen-frederic-platini\\\/\"},\"author\":{\"name\":\"Romain Boisaubert\",\"@id\":\"https:\\\/\\\/www.monaco-tribune.com\\\/en\\\/#\\\/schema\\\/person\\\/330a3732947cf8cb41b2533a0eadd62e\"},\"headline\":\"Monaco Red Cross helping Principality to face pandemic. Interview with Sec-Gen Fr\u00e9d\u00e9ric Platini\",\"datePublished\":\"2020-04-14T16:56:06+00:00\",\"dateModified\":\"2020-04-14T17:01:08+00:00\",\"mainEntityOfPage\":{\"@id\":\"https:\\\/\\\/www.monaco-tribune.com\\\/en\\\/2020\\\/04\\\/monaco-red-cross-helping-principality-to-face-pandemic-interview-with-sec-gen-frederic-platini\\\/\"},\"wordCount\":870,\"publisher\":{\"@id\":\"https:\\\/\\\/www.monaco-tribune.com\\\/en\\\/#organization\"},\"image\":{\"@id\":\"https:\\\/\\\/www.monaco-tribune.com\\\/en\\\/2020\\\/04\\\/monaco-red-cross-helping-principality-to-face-pandemic-interview-with-sec-gen-frederic-platini\\\/#primaryimage\"},\"thumbnailUrl\":\"https:\\\/\\\/www.monaco-tribune.com\\\/wp-content\\\/uploads\\\/2020\\\/04\\\/200316-MAN-ITW-CROIX-ROUGE-CORONAVIRUS-6-min.jpg\",\"keywords\":[\"Covid-19\"],\"articleSection\":[\"News\",\"Society\"],\"inLanguage\":\"en-US\",\"copyrightYear\":\"2020\",\"copyrightHolder\":{\"@id\":\"https:\\\/\\\/www.monaco-tribune.com\\\/#organization\"}},{\"@type\":\"WebPage\",\"@id\":\"https:\\\/\\\/www.monaco-tribune.com\\\/en\\\/2020\\\/04\\\/monaco-red-cross-helping-principality-to-face-pandemic-interview-with-sec-gen-frederic-platini\\\/\",\"url\":\"https:\\\/\\\/www.monaco-tribune.com\\\/en\\\/2020\\\/04\\\/monaco-red-cross-helping-principality-to-face-pandemic-interview-with-sec-gen-frederic-platini\\\/\",\"name\":\"Monaco Red Cross helping Principality to face pandemic. Interview with Sec-Gen Fr\u00e9d\u00e9ric Platini\",\"isPartOf\":{\"@id\":\"https:\\\/\\\/www.monaco-tribune.com\\\/en\\\/#website\"},\"primaryImageOfPage\":{\"@id\":\"https:\\\/\\\/www.monaco-tribune.com\\\/en\\\/2020\\\/04\\\/monaco-red-cross-helping-principality-to-face-pandemic-interview-with-sec-gen-frederic-platini\\\/#primaryimage\"},\"image\":{\"@id\":\"https:\\\/\\\/www.monaco-tribune.com\\\/en\\\/2020\\\/04\\\/monaco-red-cross-helping-principality-to-face-pandemic-interview-with-sec-gen-frederic-platini\\\/#primaryimage\"},\"thumbnailUrl\":\"https:\\\/\\\/www.monaco-tribune.com\\\/wp-content\\\/uploads\\\/2020\\\/04\\\/200316-MAN-ITW-CROIX-ROUGE-CORONAVIRUS-6-min.jpg\",\"datePublished\":\"2020-04-14T16:56:06+00:00\",\"dateModified\":\"2020-04-14T17:01:08+00:00\",\"description\":\"Fr\u00e9d\u00e9ric Platini, the Secretary-General of the Monaco Red Cross, spoke to Monaco Tribune to discuss actions implemented in the Principality since the\",\"breadcrumb\":{\"@id\":\"https:\\\/\\\/www.monaco-tribune.com\\\/en\\\/2020\\\/04\\\/monaco-red-cross-helping-principality-to-face-pandemic-interview-with-sec-gen-frederic-platini\\\/#breadcrumb\"},\"inLanguage\":\"en-US\",\"potentialAction\":[{\"@type\":\"ReadAction\",\"target\":[\"https:\\\/\\\/www.monaco-tribune.com\\\/en\\\/2020\\\/04\\\/monaco-red-cross-helping-principality-to-face-pandemic-interview-with-sec-gen-frederic-platini\\\/\"]}]},{\"@type\":\"ImageObject\",\"inLanguage\":\"en-US\",\"@id\":\"https:\\\/\\\/www.monaco-tribune.com\\\/en\\\/2020\\\/04\\\/monaco-red-cross-helping-principality-to-face-pandemic-interview-with-sec-gen-frederic-platini\\\/#primaryimage\",\"url\":\"https:\\\/\\\/www.monaco-tribune.com\\\/wp-content\\\/uploads\\\/2020\\\/04\\\/200316-MAN-ITW-CROIX-ROUGE-CORONAVIRUS-6-min.jpg\",\"contentUrl\":\"https:\\\/\\\/www.monaco-tribune.com\\\/wp-content\\\/uploads\\\/2020\\\/04\\\/200316-MAN-ITW-CROIX-ROUGE-CORONAVIRUS-6-min.jpg\",\"width\":2560,\"height\":1703,\"caption\":\"Monaco Red Cross\"},{\"@type\":\"BreadcrumbList\",\"@id\":\"https:\\\/\\\/www.monaco-tribune.com\\\/en\\\/2020\\\/04\\\/monaco-red-cross-helping-principality-to-face-pandemic-interview-with-sec-gen-frederic-platini\\\/#breadcrumb\",\"itemListElement\":[{\"@type\":\"ListItem\",\"position\":1,\"name\":\"Accueil\",\"item\":\"https:\\\/\\\/www.monaco-tribune.com\\\/en\\\/\"},{\"@type\":\"ListItem\",\"position\":2,\"name\":\"Monaco Red Cross helping Principality to face pandemic. Interview with Sec-Gen Fr\u00e9d\u00e9ric Platini\"}]},{\"@type\":\"WebSite\",\"@id\":\"https:\\\/\\\/www.monaco-tribune.com\\\/en\\\/#website\",\"url\":\"https:\\\/\\\/www.monaco-tribune.com\\\/en\\\/\",\"name\":\"Monaco Tribune\",\"description\":\"Monaco : actualit\u00e9s \u00e9conomiques, politiques, culturelles et sportives de Monaco et de la French Riviera.\",\"publisher\":{\"@id\":\"https:\\\/\\\/www.monaco-tribune.com\\\/en\\\/#organization\"},\"potentialAction\":[{\"@type\":\"SearchAction\",\"target\":{\"@type\":\"EntryPoint\",\"urlTemplate\":\"https:\\\/\\\/www.monaco-tribune.com\\\/en\\\/?s={search_term_string}\"},\"query-input\":{\"@type\":\"PropertyValueSpecification\",\"valueRequired\":true,\"valueName\":\"search_term_string\"}}],\"inLanguage\":\"en-US\"},{\"@type\":\"Organization\",\"@id\":\"https:\\\/\\\/www.monaco-tribune.com\\\/en\\\/#organization\",\"name\":\"Monaco Tribune\",\"url\":\"https:\\\/\\\/www.monaco-tribune.com\\\/en\\\/\",\"logo\":{\"@type\":\"ImageObject\",\"inLanguage\":\"en-US\",\"@id\":\"https:\\\/\\\/www.monaco-tribune.com\\\/en\\\/#\\\/schema\\\/logo\\\/image\\\/\",\"url\":\"https:\\\/\\\/www.monaco-tribune.com\\\/wp-content\\\/uploads\\\/2022\\\/11\\\/logo-monaco-tribune.png\",\"contentUrl\":\"https:\\\/\\\/www.monaco-tribune.com\\\/wp-content\\\/uploads\\\/2022\\\/11\\\/logo-monaco-tribune.png\",\"width\":1548,\"height\":600,\"caption\":\"Monaco Tribune\"},\"image\":{\"@id\":\"https:\\\/\\\/www.monaco-tribune.com\\\/en\\\/#\\\/schema\\\/logo\\\/image\\\/\"},\"sameAs\":[\"https:\\\/\\\/www.facebook.com\\\/MonacoTribune\",\"https:\\\/\\\/x.com\\\/MonacoTribune\",\"https:\\\/\\\/www.instagram.com\\\/monacotribune\\\/\",\"https:\\\/\\\/www.linkedin.com\\\/company\\\/monaco-tribune\",\"https:\\\/\\\/www.youtube.com\\\/channel\\\/UCHle1MnG6hw1y4lWKijVbMA\"]},{\"@type\":\"Person\",\"@id\":\"https:\\\/\\\/www.monaco-tribune.com\\\/en\\\/#\\\/schema\\\/person\\\/330a3732947cf8cb41b2533a0eadd62e\",\"name\":\"Romain Boisaubert\",\"image\":{\"@type\":\"ImageObject\",\"inLanguage\":\"en-US\",\"@id\":\"https:\\\/\\\/secure.gravatar.com\\\/avatar\\\/f8b90d41f1eabd1cbe4cf59e09d8db41a697d51919bf2dfe727589a24a4a4d54?s=96&d=mm&r=g\",\"url\":\"https:\\\/\\\/secure.gravatar.com\\\/avatar\\\/f8b90d41f1eabd1cbe4cf59e09d8db41a697d51919bf2dfe727589a24a4a4d54?s=96&d=mm&r=g\",\"contentUrl\":\"https:\\\/\\\/secure.gravatar.com\\\/avatar\\\/f8b90d41f1eabd1cbe4cf59e09d8db41a697d51919bf2dfe727589a24a4a4d54?s=96&d=mm&r=g\",\"caption\":\"Romain Boisaubert\"},\"description\":\"Test bio\",\"url\":\"https:\\\/\\\/www.monaco-tribune.com\\\/en\\\/author\\\/romain-boisaubert\\\/\"}]}<\/script>\n<!-- \/ Yoast SEO Premium plugin. -->","yoast_head_json":{"title":"Monaco Red Cross helping Principality to face pandemic. Interview with Sec-Gen Fr\u00e9d\u00e9ric Platini","description":"Fr\u00e9d\u00e9ric Platini, the Secretary-General of the Monaco Red Cross, spoke to Monaco Tribune to discuss actions implemented in the Principality since the","robots":{"index":"index","follow":"follow","max-snippet":"max-snippet:-1","max-image-preview":"max-image-preview:large","max-video-preview":"max-video-preview:-1"},"canonical":"https:\/\/www.monaco-tribune.com\/en\/2020\/04\/monaco-red-cross-helping-principality-to-face-pandemic-interview-with-sec-gen-frederic-platini\/","og_locale":"en_US","og_type":"article","og_title":"Monaco Red Cross helping Principality to face pandemic. Interview with Sec-Gen Fr\u00e9d\u00e9ric Platini - Monaco Tribune","og_description":"Fr\u00e9d\u00e9ric Platini, the Secretary-General of the Monaco Red Cross, spoke to Monaco Tribune to discuss actions implemented in the Principality since the","og_url":"https:\/\/www.monaco-tribune.com\/en\/2020\/04\/monaco-red-cross-helping-principality-to-face-pandemic-interview-with-sec-gen-frederic-platini\/","og_site_name":"Monaco Tribune","article_publisher":"https:\/\/www.facebook.com\/MonacoTribune","article_published_time":"2020-04-14T16:56:06+00:00","article_modified_time":"2020-04-14T17:01:08+00:00","og_image":[{"width":2560,"height":1703,"url":"https:\/\/www.monaco-tribune.com\/wp-content\/uploads\/2020\/04\/200316-MAN-ITW-CROIX-ROUGE-CORONAVIRUS-6-min.jpg","type":"image\/jpeg"}],"author":"Romain Boisaubert","twitter_card":"summary_large_image","twitter_creator":"@MonacoTribune","twitter_site":"@MonacoTribune","schema":{"@context":"https:\/\/schema.org","@graph":[{"@type":"NewsArticle","@id":"https:\/\/www.monaco-tribune.com\/en\/2020\/04\/monaco-red-cross-helping-principality-to-face-pandemic-interview-with-sec-gen-frederic-platini\/#article","isPartOf":{"@id":"https:\/\/www.monaco-tribune.com\/en\/2020\/04\/monaco-red-cross-helping-principality-to-face-pandemic-interview-with-sec-gen-frederic-platini\/"},"author":{"name":"Romain Boisaubert","@id":"https:\/\/www.monaco-tribune.com\/en\/#\/schema\/person\/330a3732947cf8cb41b2533a0eadd62e"},"headline":"Monaco Red Cross helping Principality to face pandemic. Interview with Sec-Gen Fr\u00e9d\u00e9ric Platini","datePublished":"2020-04-14T16:56:06+00:00","dateModified":"2020-04-14T17:01:08+00:00","mainEntityOfPage":{"@id":"https:\/\/www.monaco-tribune.com\/en\/2020\/04\/monaco-red-cross-helping-principality-to-face-pandemic-interview-with-sec-gen-frederic-platini\/"},"wordCount":870,"publisher":{"@id":"https:\/\/www.monaco-tribune.com\/en\/#organization"},"image":{"@id":"https:\/\/www.monaco-tribune.com\/en\/2020\/04\/monaco-red-cross-helping-principality-to-face-pandemic-interview-with-sec-gen-frederic-platini\/#primaryimage"},"thumbnailUrl":"https:\/\/www.monaco-tribune.com\/wp-content\/uploads\/2020\/04\/200316-MAN-ITW-CROIX-ROUGE-CORONAVIRUS-6-min.jpg","keywords":["Covid-19"],"articleSection":["News","Society"],"inLanguage":"en-US","copyrightYear":"2020","copyrightHolder":{"@id":"https:\/\/www.monaco-tribune.com\/#organization"}},{"@type":"WebPage","@id":"https:\/\/www.monaco-tribune.com\/en\/2020\/04\/monaco-red-cross-helping-principality-to-face-pandemic-interview-with-sec-gen-frederic-platini\/","url":"https:\/\/www.monaco-tribune.com\/en\/2020\/04\/monaco-red-cross-helping-principality-to-face-pandemic-interview-with-sec-gen-frederic-platini\/","name":"Monaco Red Cross helping Principality to face pandemic. Interview with Sec-Gen Fr\u00e9d\u00e9ric Platini","isPartOf":{"@id":"https:\/\/www.monaco-tribune.com\/en\/#website"},"primaryImageOfPage":{"@id":"https:\/\/www.monaco-tribune.com\/en\/2020\/04\/monaco-red-cross-helping-principality-to-face-pandemic-interview-with-sec-gen-frederic-platini\/#primaryimage"},"image":{"@id":"https:\/\/www.monaco-tribune.com\/en\/2020\/04\/monaco-red-cross-helping-principality-to-face-pandemic-interview-with-sec-gen-frederic-platini\/#primaryimage"},"thumbnailUrl":"https:\/\/www.monaco-tribune.com\/wp-content\/uploads\/2020\/04\/200316-MAN-ITW-CROIX-ROUGE-CORONAVIRUS-6-min.jpg","datePublished":"2020-04-14T16:56:06+00:00","dateModified":"2020-04-14T17:01:08+00:00","description":"Fr\u00e9d\u00e9ric Platini, the Secretary-General of the Monaco Red Cross, spoke to Monaco Tribune to discuss actions implemented in the Principality since the","breadcrumb":{"@id":"https:\/\/www.monaco-tribune.com\/en\/2020\/04\/monaco-red-cross-helping-principality-to-face-pandemic-interview-with-sec-gen-frederic-platini\/#breadcrumb"},"inLanguage":"en-US","potentialAction":[{"@type":"ReadAction","target":["https:\/\/www.monaco-tribune.com\/en\/2020\/04\/monaco-red-cross-helping-principality-to-face-pandemic-interview-with-sec-gen-frederic-platini\/"]}]},{"@type":"ImageObject","inLanguage":"en-US","@id":"https:\/\/www.monaco-tribune.com\/en\/2020\/04\/monaco-red-cross-helping-principality-to-face-pandemic-interview-with-sec-gen-frederic-platini\/#primaryimage","url":"https:\/\/www.monaco-tribune.com\/wp-content\/uploads\/2020\/04\/200316-MAN-ITW-CROIX-ROUGE-CORONAVIRUS-6-min.jpg","contentUrl":"https:\/\/www.monaco-tribune.com\/wp-content\/uploads\/2020\/04\/200316-MAN-ITW-CROIX-ROUGE-CORONAVIRUS-6-min.jpg","width":2560,"height":1703,"caption":"Monaco Red Cross"},{"@type":"BreadcrumbList","@id":"https:\/\/www.monaco-tribune.com\/en\/2020\/04\/monaco-red-cross-helping-principality-to-face-pandemic-interview-with-sec-gen-frederic-platini\/#breadcrumb","itemListElement":[{"@type":"ListItem","position":1,"name":"Accueil","item":"https:\/\/www.monaco-tribune.com\/en\/"},{"@type":"ListItem","position":2,"name":"Monaco Red Cross helping Principality to face pandemic. Interview with Sec-Gen Fr\u00e9d\u00e9ric Platini"}]},{"@type":"WebSite","@id":"https:\/\/www.monaco-tribune.com\/en\/#website","url":"https:\/\/www.monaco-tribune.com\/en\/","name":"Monaco Tribune","description":"Monaco : actualit\u00e9s \u00e9conomiques, politiques, culturelles et sportives de Monaco et de la French Riviera.","publisher":{"@id":"https:\/\/www.monaco-tribune.com\/en\/#organization"},"potentialAction":[{"@type":"SearchAction","target":{"@type":"EntryPoint","urlTemplate":"https:\/\/www.monaco-tribune.com\/en\/?s={search_term_string}"},"query-input":{"@type":"PropertyValueSpecification","valueRequired":true,"valueName":"search_term_string"}}],"inLanguage":"en-US"},{"@type":"Organization","@id":"https:\/\/www.monaco-tribune.com\/en\/#organization","name":"Monaco Tribune","url":"https:\/\/www.monaco-tribune.com\/en\/","logo":{"@type":"ImageObject","inLanguage":"en-US","@id":"https:\/\/www.monaco-tribune.com\/en\/#\/schema\/logo\/image\/","url":"https:\/\/www.monaco-tribune.com\/wp-content\/uploads\/2022\/11\/logo-monaco-tribune.png","contentUrl":"https:\/\/www.monaco-tribune.com\/wp-content\/uploads\/2022\/11\/logo-monaco-tribune.png","width":1548,"height":600,"caption":"Monaco Tribune"},"image":{"@id":"https:\/\/www.monaco-tribune.com\/en\/#\/schema\/logo\/image\/"},"sameAs":["https:\/\/www.facebook.com\/MonacoTribune","https:\/\/x.com\/MonacoTribune","https:\/\/www.instagram.com\/monacotribune\/","https:\/\/www.linkedin.com\/company\/monaco-tribune","https:\/\/www.youtube.com\/channel\/UCHle1MnG6hw1y4lWKijVbMA"]},{"@type":"Person","@id":"https:\/\/www.monaco-tribune.com\/en\/#\/schema\/person\/330a3732947cf8cb41b2533a0eadd62e","name":"Romain Boisaubert","image":{"@type":"ImageObject","inLanguage":"en-US","@id":"https:\/\/secure.gravatar.com\/avatar\/f8b90d41f1eabd1cbe4cf59e09d8db41a697d51919bf2dfe727589a24a4a4d54?s=96&d=mm&r=g","url":"https:\/\/secure.gravatar.com\/avatar\/f8b90d41f1eabd1cbe4cf59e09d8db41a697d51919bf2dfe727589a24a4a4d54?s=96&d=mm&r=g","contentUrl":"https:\/\/secure.gravatar.com\/avatar\/f8b90d41f1eabd1cbe4cf59e09d8db41a697d51919bf2dfe727589a24a4a4d54?s=96&d=mm&r=g","caption":"Romain Boisaubert"},"description":"Test bio","url":"https:\/\/www.monaco-tribune.com\/en\/author\/romain-boisaubert\/"}]}},"_links":{"self":[{"href":"https:\/\/www.monaco-tribune.com\/en\/wp-json\/wp\/v2\/posts\/25984","targetHints":{"allow":["GET"]}}],"collection":[{"href":"https:\/\/www.monaco-tribune.com\/en\/wp-json\/wp\/v2\/posts"}],"about":[{"href":"https:\/\/www.monaco-tribune.com\/en\/wp-json\/wp\/v2\/types\/post"}],"author":[{"embeddable":true,"href":"https:\/\/www.monaco-tribune.com\/en\/wp-json\/wp\/v2\/users\/24"}],"replies":[{"embeddable":true,"href":"https:\/\/www.monaco-tribune.com\/en\/wp-json\/wp\/v2\/comments?post=25984"}],"version-history":[{"count":0,"href":"https:\/\/www.monaco-tribune.com\/en\/wp-json\/wp\/v2\/posts\/25984\/revisions"}],"wp:featuredmedia":[{"embeddable":true,"href":"https:\/\/www.monaco-tribune.com\/en\/wp-json\/wp\/v2\/media\/25963"}],"wp:attachment":[{"href":"https:\/\/www.monaco-tribune.com\/en\/wp-json\/wp\/v2\/media?parent=25984"}],"wp:term":[{"taxonomy":"category","embeddable":true,"href":"https:\/\/www.monaco-tribune.com\/en\/wp-json\/wp\/v2\/categories?post=25984"},{"taxonomy":"post_tag","embeddable":true,"href":"https:\/\/www.monaco-tribune.com\/en\/wp-json\/wp\/v2\/tags?post=25984"},{"taxonomy":"sectag","embeddable":true,"href":"https:\/\/www.monaco-tribune.com\/en\/wp-json\/wp\/v2\/post_sectags?post=25984"},{"taxonomy":"format","embeddable":true,"href":"https:\/\/www.monaco-tribune.com\/en\/wp-json\/wp\/v2\/post_format?post=25984"}],"curies":[{"name":"wp","href":"https:\/\/api.w.org\/{rel}","templated":true}]}}