{"id":260088,"date":"2024-11-12T16:45:46","date_gmt":"2024-11-12T14:45:46","guid":{"rendered":"https:\/\/www.monaco-tribune.com\/2024\/11\/cap-bien-etre-in-saint-jean-cap-ferrat-promises-relaxation-and-rejuvenation\/"},"modified":"2024-11-12T16:48:09","modified_gmt":"2024-11-12T14:48:09","slug":"cap-bien-etre-in-saint-jean-cap-ferrat-promises-relaxation-and-rejuvenation","status":"publish","type":"post","link":"https:\/\/www.monaco-tribune.com\/en\/2024\/11\/cap-bien-etre-in-saint-jean-cap-ferrat-promises-relaxation-and-rejuvenation\/","title":{"rendered":"Cap Bien-\u00eatre in Saint-Jean-Cap-Ferrat promises relaxation and rejuvenation"},"content":{"rendered":"\n<p><strong>Cap Bien-\u00eatre will be launched on Saturday 16 November at 10.30 am.\u00a0<\/strong><\/p>\n\n<p>It&#8217;s time to take a break with Cap Bien-\u00eatre 2024, a weekend designed by the town of Saint-Jean-Cap-Ferrat, in partnership with Nice Matin, to stimulate the senses and soothe the soul. Over two days, some thirty exhibitors are expected to run workshops, conferences and meetings. <\/p>\n\n<p>Many different worlds will be represented in three different venues (Espace Neptune, Espace Les Nere\u00efdes and Salle Charlie Chaplin). The one devoted to treatments and therapists will feature magnetism, laughter yoga, reflexology, shiatsu and fang shui. If you want to discover watercolour painting, holistic cosmetics, lithotherapy or animal communication, you should visit the Wellbeing area, while the Conferences area will be tackling the subjects of self-confidence, sophrology, the link between plants and immunity, and so on. <\/p>\n\n<p class=\"related\"><a href=\"https:\/\/www.monaco-tribune.com\/en\/2024\/11\/first-lung-cancer-screening-campaign-marks-month-without-tobacco\/\">First lung cancer screening campaign marks Month Without Tobacco<\/a><\/p>\n\n<p>As guest of honour, Caroline Gayet from the herbalist Phyt&amp;Sens will be providing quality essential oils, medicinal plants and, above all, good advice. Everything you need to be zen!<\/p>\n\n<h2 class=\"wp-block-heading\" id=\"h-informations-pratiques\">Practical details<\/h2>\n\n<ul class=\"wp-block-list\">\n<li>Espace Neptune and Les N\u00e9r\u00e9ides, Salle Charlie Chaplin, Th\u00e9\u00e2tre sur la Mer 06230 Saint-Jean-Cap-Ferrat<\/li>\n\n\n\n<li>16 and 17 November 2024 <\/li>\n\n\n\n<li>From 10 am to 6 pm <\/li>\n\n\n\n<li>Free admission<\/li>\n\n\n\n<li>Free parking  <\/li>\n<\/ul>\n","protected":false},"excerpt":{"rendered":"<p>Cap Bien-\u00eatre will be launched on Saturday 16 November at 10.30 am.\u00a0 It&#8217;s time to take a break with Cap [&hellip;]<\/p>\n","protected":false},"author":47,"featured_media":258630,"comment_status":"closed","ping_status":"closed","sticky":false,"template":"","format":"standard","meta":{"_acf_changed":false,"footnotes":""},"categories":[243,251],"tags":[5249],"post_sectags":[],"post_format":[2452],"class_list":["post-260088","post","type-post","status-publish","format-standard","has-post-thumbnail","hentry","category-news","category-whats-on","tag-bien-etre","format-events"],"acf":[],"yoast_head":"<!-- This site is optimized with the Yoast SEO Premium plugin v26.8 (Yoast SEO v27.4) - https:\/\/yoast.com\/product\/yoast-seo-premium-wordpress\/ -->\n<title>Cap Bien-\u00eatre in Saint-Jean-Cap-Ferrat promises relaxation and rejuvenation<\/title>\n<meta name=\"description\" content=\"Cap Bien-\u00eatre will be launched on Saturday 16 November at 10.30 am.\u00a0 It&#039;s time to take a break with Cap Bien-\u00eatre 2024, a weekend designed by the town of\" \/>\n<meta name=\"robots\" content=\"index, follow, max-snippet:-1, max-image-preview:large, max-video-preview:-1\" \/>\n<link rel=\"canonical\" href=\"https:\/\/www.monaco-tribune.com\/en\/2024\/11\/cap-bien-etre-in-saint-jean-cap-ferrat-promises-relaxation-and-rejuvenation\/\" \/>\n<meta property=\"og:locale\" content=\"en_US\" \/>\n<meta property=\"og:type\" content=\"article\" \/>\n<meta property=\"og:title\" content=\"Cap Bien-\u00eatre in Saint-Jean-Cap-Ferrat promises relaxation and rejuvenation - Monaco Tribune\" \/>\n<meta property=\"og:description\" content=\"Cap Bien-\u00eatre will be launched on Saturday 16 November at 10.30 am.\u00a0 It&#039;s time to take a break with Cap Bien-\u00eatre 2024, a weekend designed by the town of\" \/>\n<meta property=\"og:url\" content=\"https:\/\/www.monaco-tribune.com\/en\/2024\/11\/cap-bien-etre-in-saint-jean-cap-ferrat-promises-relaxation-and-rejuvenation\/\" \/>\n<meta property=\"og:site_name\" content=\"Monaco Tribune\" \/>\n<meta property=\"article:publisher\" content=\"https:\/\/www.facebook.com\/MonacoTribune\" \/>\n<meta property=\"article:published_time\" content=\"2024-11-12T14:45:46+00:00\" \/>\n<meta property=\"article:modified_time\" content=\"2024-11-12T14:48:09+00:00\" \/>\n<meta property=\"og:image\" content=\"https:\/\/www.monaco-tribune.com\/wp-content\/uploads\/2024\/11\/week-end-bien-etre-saint-jean-cap-ferrat.jpg\" \/>\n\t<meta property=\"og:image:width\" content=\"1200\" \/>\n\t<meta property=\"og:image:height\" content=\"801\" \/>\n\t<meta property=\"og:image:type\" content=\"image\/jpeg\" \/>\n<meta name=\"author\" content=\"Agathe Ch\u00e9reau\" \/>\n<meta name=\"twitter:card\" content=\"summary_large_image\" \/>\n<meta name=\"twitter:creator\" content=\"@MonacoTribune\" \/>\n<meta name=\"twitter:site\" content=\"@MonacoTribune\" \/>\n<script type=\"application\/ld+json\" class=\"yoast-schema-graph\">{\"@context\":\"https:\\\/\\\/schema.org\",\"@graph\":[{\"@type\":\"NewsArticle\",\"@id\":\"https:\\\/\\\/www.monaco-tribune.com\\\/en\\\/2024\\\/11\\\/cap-bien-etre-in-saint-jean-cap-ferrat-promises-relaxation-and-rejuvenation\\\/#article\",\"isPartOf\":{\"@id\":\"https:\\\/\\\/www.monaco-tribune.com\\\/en\\\/2024\\\/11\\\/cap-bien-etre-in-saint-jean-cap-ferrat-promises-relaxation-and-rejuvenation\\\/\"},\"author\":{\"name\":\"Agathe Ch\u00e9reau\",\"@id\":\"https:\\\/\\\/www.monaco-tribune.com\\\/en\\\/#\\\/schema\\\/person\\\/fba2f8d5a098d473c92e84cc43a8f730\"},\"headline\":\"Cap Bien-\u00eatre in Saint-Jean-Cap-Ferrat promises relaxation and rejuvenation\",\"datePublished\":\"2024-11-12T14:45:46+00:00\",\"dateModified\":\"2024-11-12T14:48:09+00:00\",\"mainEntityOfPage\":{\"@id\":\"https:\\\/\\\/www.monaco-tribune.com\\\/en\\\/2024\\\/11\\\/cap-bien-etre-in-saint-jean-cap-ferrat-promises-relaxation-and-rejuvenation\\\/\"},\"wordCount\":211,\"publisher\":{\"@id\":\"https:\\\/\\\/www.monaco-tribune.com\\\/en\\\/#organization\"},\"image\":{\"@id\":\"https:\\\/\\\/www.monaco-tribune.com\\\/en\\\/2024\\\/11\\\/cap-bien-etre-in-saint-jean-cap-ferrat-promises-relaxation-and-rejuvenation\\\/#primaryimage\"},\"thumbnailUrl\":\"https:\\\/\\\/www.monaco-tribune.com\\\/wp-content\\\/uploads\\\/2024\\\/11\\\/week-end-bien-etre-saint-jean-cap-ferrat.jpg\",\"keywords\":[\"Bien-\u00eatre\"],\"articleSection\":[\"News\",\"What&#039;s on\"],\"inLanguage\":\"en-US\",\"copyrightYear\":\"2024\",\"copyrightHolder\":{\"@id\":\"https:\\\/\\\/www.monaco-tribune.com\\\/#organization\"}},{\"@type\":\"WebPage\",\"@id\":\"https:\\\/\\\/www.monaco-tribune.com\\\/en\\\/2024\\\/11\\\/cap-bien-etre-in-saint-jean-cap-ferrat-promises-relaxation-and-rejuvenation\\\/\",\"url\":\"https:\\\/\\\/www.monaco-tribune.com\\\/en\\\/2024\\\/11\\\/cap-bien-etre-in-saint-jean-cap-ferrat-promises-relaxation-and-rejuvenation\\\/\",\"name\":\"Cap Bien-\u00eatre in Saint-Jean-Cap-Ferrat promises relaxation and rejuvenation\",\"isPartOf\":{\"@id\":\"https:\\\/\\\/www.monaco-tribune.com\\\/en\\\/#website\"},\"primaryImageOfPage\":{\"@id\":\"https:\\\/\\\/www.monaco-tribune.com\\\/en\\\/2024\\\/11\\\/cap-bien-etre-in-saint-jean-cap-ferrat-promises-relaxation-and-rejuvenation\\\/#primaryimage\"},\"image\":{\"@id\":\"https:\\\/\\\/www.monaco-tribune.com\\\/en\\\/2024\\\/11\\\/cap-bien-etre-in-saint-jean-cap-ferrat-promises-relaxation-and-rejuvenation\\\/#primaryimage\"},\"thumbnailUrl\":\"https:\\\/\\\/www.monaco-tribune.com\\\/wp-content\\\/uploads\\\/2024\\\/11\\\/week-end-bien-etre-saint-jean-cap-ferrat.jpg\",\"datePublished\":\"2024-11-12T14:45:46+00:00\",\"dateModified\":\"2024-11-12T14:48:09+00:00\",\"description\":\"Cap Bien-\u00eatre will be launched on Saturday 16 November at 10.30 am.\u00a0 It's time to take a break with Cap Bien-\u00eatre 2024, a weekend designed by the town of\",\"breadcrumb\":{\"@id\":\"https:\\\/\\\/www.monaco-tribune.com\\\/en\\\/2024\\\/11\\\/cap-bien-etre-in-saint-jean-cap-ferrat-promises-relaxation-and-rejuvenation\\\/#breadcrumb\"},\"inLanguage\":\"en-US\",\"potentialAction\":[{\"@type\":\"ReadAction\",\"target\":[\"https:\\\/\\\/www.monaco-tribune.com\\\/en\\\/2024\\\/11\\\/cap-bien-etre-in-saint-jean-cap-ferrat-promises-relaxation-and-rejuvenation\\\/\"]}]},{\"@type\":\"ImageObject\",\"inLanguage\":\"en-US\",\"@id\":\"https:\\\/\\\/www.monaco-tribune.com\\\/en\\\/2024\\\/11\\\/cap-bien-etre-in-saint-jean-cap-ferrat-promises-relaxation-and-rejuvenation\\\/#primaryimage\",\"url\":\"https:\\\/\\\/www.monaco-tribune.com\\\/wp-content\\\/uploads\\\/2024\\\/11\\\/week-end-bien-etre-saint-jean-cap-ferrat.jpg\",\"contentUrl\":\"https:\\\/\\\/www.monaco-tribune.com\\\/wp-content\\\/uploads\\\/2024\\\/11\\\/week-end-bien-etre-saint-jean-cap-ferrat.jpg\",\"width\":1200,\"height\":801,\"caption\":\"Several parts of the town will be involved in Cap Bien-\u00eatre. \u00a9 Unsplash\"},{\"@type\":\"BreadcrumbList\",\"@id\":\"https:\\\/\\\/www.monaco-tribune.com\\\/en\\\/2024\\\/11\\\/cap-bien-etre-in-saint-jean-cap-ferrat-promises-relaxation-and-rejuvenation\\\/#breadcrumb\",\"itemListElement\":[{\"@type\":\"ListItem\",\"position\":1,\"name\":\"Accueil\",\"item\":\"https:\\\/\\\/www.monaco-tribune.com\\\/en\\\/\"},{\"@type\":\"ListItem\",\"position\":2,\"name\":\"Cap Bien-\u00eatre in Saint-Jean-Cap-Ferrat promises relaxation and rejuvenation\"}]},{\"@type\":\"WebSite\",\"@id\":\"https:\\\/\\\/www.monaco-tribune.com\\\/en\\\/#website\",\"url\":\"https:\\\/\\\/www.monaco-tribune.com\\\/en\\\/\",\"name\":\"Monaco Tribune\",\"description\":\"Monaco : actualit\u00e9s \u00e9conomiques, politiques, culturelles et sportives de Monaco et de la French Riviera.\",\"publisher\":{\"@id\":\"https:\\\/\\\/www.monaco-tribune.com\\\/en\\\/#organization\"},\"potentialAction\":[{\"@type\":\"SearchAction\",\"target\":{\"@type\":\"EntryPoint\",\"urlTemplate\":\"https:\\\/\\\/www.monaco-tribune.com\\\/en\\\/?s={search_term_string}\"},\"query-input\":{\"@type\":\"PropertyValueSpecification\",\"valueRequired\":true,\"valueName\":\"search_term_string\"}}],\"inLanguage\":\"en-US\"},{\"@type\":\"Organization\",\"@id\":\"https:\\\/\\\/www.monaco-tribune.com\\\/en\\\/#organization\",\"name\":\"Monaco Tribune\",\"url\":\"https:\\\/\\\/www.monaco-tribune.com\\\/en\\\/\",\"logo\":{\"@type\":\"ImageObject\",\"inLanguage\":\"en-US\",\"@id\":\"https:\\\/\\\/www.monaco-tribune.com\\\/en\\\/#\\\/schema\\\/logo\\\/image\\\/\",\"url\":\"https:\\\/\\\/www.monaco-tribune.com\\\/wp-content\\\/uploads\\\/2022\\\/11\\\/logo-monaco-tribune.png\",\"contentUrl\":\"https:\\\/\\\/www.monaco-tribune.com\\\/wp-content\\\/uploads\\\/2022\\\/11\\\/logo-monaco-tribune.png\",\"width\":1548,\"height\":600,\"caption\":\"Monaco Tribune\"},\"image\":{\"@id\":\"https:\\\/\\\/www.monaco-tribune.com\\\/en\\\/#\\\/schema\\\/logo\\\/image\\\/\"},\"sameAs\":[\"https:\\\/\\\/www.facebook.com\\\/MonacoTribune\",\"https:\\\/\\\/x.com\\\/MonacoTribune\",\"https:\\\/\\\/www.instagram.com\\\/monacotribune\\\/\",\"https:\\\/\\\/www.linkedin.com\\\/company\\\/monaco-tribune\",\"https:\\\/\\\/www.youtube.com\\\/channel\\\/UCHle1MnG6hw1y4lWKijVbMA\"]},{\"@type\":\"Person\",\"@id\":\"https:\\\/\\\/www.monaco-tribune.com\\\/en\\\/#\\\/schema\\\/person\\\/fba2f8d5a098d473c92e84cc43a8f730\",\"name\":\"Agathe Ch\u00e9reau\",\"image\":{\"@type\":\"ImageObject\",\"inLanguage\":\"en-US\",\"@id\":\"https:\\\/\\\/secure.gravatar.com\\\/avatar\\\/884b20ed9d4430c24d77a3ad560b1c21da67bd6992531a1971822779f9988ea5?s=96&d=mm&r=g\",\"url\":\"https:\\\/\\\/secure.gravatar.com\\\/avatar\\\/884b20ed9d4430c24d77a3ad560b1c21da67bd6992531a1971822779f9988ea5?s=96&d=mm&r=g\",\"contentUrl\":\"https:\\\/\\\/secure.gravatar.com\\\/avatar\\\/884b20ed9d4430c24d77a3ad560b1c21da67bd6992531a1971822779f9988ea5?s=96&d=mm&r=g\",\"caption\":\"Agathe Ch\u00e9reau\"},\"url\":\"https:\\\/\\\/www.monaco-tribune.com\\\/en\\\/author\\\/agathechereau\\\/\"}]}<\/script>\n<!-- \/ Yoast SEO Premium plugin. -->","yoast_head_json":{"title":"Cap Bien-\u00eatre in Saint-Jean-Cap-Ferrat promises relaxation and rejuvenation","description":"Cap Bien-\u00eatre will be launched on Saturday 16 November at 10.30 am.\u00a0 It's time to take a break with Cap Bien-\u00eatre 2024, a weekend designed by the town of","robots":{"index":"index","follow":"follow","max-snippet":"max-snippet:-1","max-image-preview":"max-image-preview:large","max-video-preview":"max-video-preview:-1"},"canonical":"https:\/\/www.monaco-tribune.com\/en\/2024\/11\/cap-bien-etre-in-saint-jean-cap-ferrat-promises-relaxation-and-rejuvenation\/","og_locale":"en_US","og_type":"article","og_title":"Cap Bien-\u00eatre in Saint-Jean-Cap-Ferrat promises relaxation and rejuvenation - Monaco Tribune","og_description":"Cap Bien-\u00eatre will be launched on Saturday 16 November at 10.30 am.\u00a0 It's time to take a break with Cap Bien-\u00eatre 2024, a weekend designed by the town of","og_url":"https:\/\/www.monaco-tribune.com\/en\/2024\/11\/cap-bien-etre-in-saint-jean-cap-ferrat-promises-relaxation-and-rejuvenation\/","og_site_name":"Monaco Tribune","article_publisher":"https:\/\/www.facebook.com\/MonacoTribune","article_published_time":"2024-11-12T14:45:46+00:00","article_modified_time":"2024-11-12T14:48:09+00:00","og_image":[{"width":1200,"height":801,"url":"https:\/\/www.monaco-tribune.com\/wp-content\/uploads\/2024\/11\/week-end-bien-etre-saint-jean-cap-ferrat.jpg","type":"image\/jpeg"}],"author":"Agathe Ch\u00e9reau","twitter_card":"summary_large_image","twitter_creator":"@MonacoTribune","twitter_site":"@MonacoTribune","schema":{"@context":"https:\/\/schema.org","@graph":[{"@type":"NewsArticle","@id":"https:\/\/www.monaco-tribune.com\/en\/2024\/11\/cap-bien-etre-in-saint-jean-cap-ferrat-promises-relaxation-and-rejuvenation\/#article","isPartOf":{"@id":"https:\/\/www.monaco-tribune.com\/en\/2024\/11\/cap-bien-etre-in-saint-jean-cap-ferrat-promises-relaxation-and-rejuvenation\/"},"author":{"name":"Agathe Ch\u00e9reau","@id":"https:\/\/www.monaco-tribune.com\/en\/#\/schema\/person\/fba2f8d5a098d473c92e84cc43a8f730"},"headline":"Cap Bien-\u00eatre in Saint-Jean-Cap-Ferrat promises relaxation and rejuvenation","datePublished":"2024-11-12T14:45:46+00:00","dateModified":"2024-11-12T14:48:09+00:00","mainEntityOfPage":{"@id":"https:\/\/www.monaco-tribune.com\/en\/2024\/11\/cap-bien-etre-in-saint-jean-cap-ferrat-promises-relaxation-and-rejuvenation\/"},"wordCount":211,"publisher":{"@id":"https:\/\/www.monaco-tribune.com\/en\/#organization"},"image":{"@id":"https:\/\/www.monaco-tribune.com\/en\/2024\/11\/cap-bien-etre-in-saint-jean-cap-ferrat-promises-relaxation-and-rejuvenation\/#primaryimage"},"thumbnailUrl":"https:\/\/www.monaco-tribune.com\/wp-content\/uploads\/2024\/11\/week-end-bien-etre-saint-jean-cap-ferrat.jpg","keywords":["Bien-\u00eatre"],"articleSection":["News","What&#039;s on"],"inLanguage":"en-US","copyrightYear":"2024","copyrightHolder":{"@id":"https:\/\/www.monaco-tribune.com\/#organization"}},{"@type":"WebPage","@id":"https:\/\/www.monaco-tribune.com\/en\/2024\/11\/cap-bien-etre-in-saint-jean-cap-ferrat-promises-relaxation-and-rejuvenation\/","url":"https:\/\/www.monaco-tribune.com\/en\/2024\/11\/cap-bien-etre-in-saint-jean-cap-ferrat-promises-relaxation-and-rejuvenation\/","name":"Cap Bien-\u00eatre in Saint-Jean-Cap-Ferrat promises relaxation and rejuvenation","isPartOf":{"@id":"https:\/\/www.monaco-tribune.com\/en\/#website"},"primaryImageOfPage":{"@id":"https:\/\/www.monaco-tribune.com\/en\/2024\/11\/cap-bien-etre-in-saint-jean-cap-ferrat-promises-relaxation-and-rejuvenation\/#primaryimage"},"image":{"@id":"https:\/\/www.monaco-tribune.com\/en\/2024\/11\/cap-bien-etre-in-saint-jean-cap-ferrat-promises-relaxation-and-rejuvenation\/#primaryimage"},"thumbnailUrl":"https:\/\/www.monaco-tribune.com\/wp-content\/uploads\/2024\/11\/week-end-bien-etre-saint-jean-cap-ferrat.jpg","datePublished":"2024-11-12T14:45:46+00:00","dateModified":"2024-11-12T14:48:09+00:00","description":"Cap Bien-\u00eatre will be launched on Saturday 16 November at 10.30 am.\u00a0 It's time to take a break with Cap Bien-\u00eatre 2024, a weekend designed by the town of","breadcrumb":{"@id":"https:\/\/www.monaco-tribune.com\/en\/2024\/11\/cap-bien-etre-in-saint-jean-cap-ferrat-promises-relaxation-and-rejuvenation\/#breadcrumb"},"inLanguage":"en-US","potentialAction":[{"@type":"ReadAction","target":["https:\/\/www.monaco-tribune.com\/en\/2024\/11\/cap-bien-etre-in-saint-jean-cap-ferrat-promises-relaxation-and-rejuvenation\/"]}]},{"@type":"ImageObject","inLanguage":"en-US","@id":"https:\/\/www.monaco-tribune.com\/en\/2024\/11\/cap-bien-etre-in-saint-jean-cap-ferrat-promises-relaxation-and-rejuvenation\/#primaryimage","url":"https:\/\/www.monaco-tribune.com\/wp-content\/uploads\/2024\/11\/week-end-bien-etre-saint-jean-cap-ferrat.jpg","contentUrl":"https:\/\/www.monaco-tribune.com\/wp-content\/uploads\/2024\/11\/week-end-bien-etre-saint-jean-cap-ferrat.jpg","width":1200,"height":801,"caption":"Several parts of the town will be involved in Cap Bien-\u00eatre. \u00a9 Unsplash"},{"@type":"BreadcrumbList","@id":"https:\/\/www.monaco-tribune.com\/en\/2024\/11\/cap-bien-etre-in-saint-jean-cap-ferrat-promises-relaxation-and-rejuvenation\/#breadcrumb","itemListElement":[{"@type":"ListItem","position":1,"name":"Accueil","item":"https:\/\/www.monaco-tribune.com\/en\/"},{"@type":"ListItem","position":2,"name":"Cap Bien-\u00eatre in Saint-Jean-Cap-Ferrat promises relaxation and rejuvenation"}]},{"@type":"WebSite","@id":"https:\/\/www.monaco-tribune.com\/en\/#website","url":"https:\/\/www.monaco-tribune.com\/en\/","name":"Monaco Tribune","description":"Monaco : actualit\u00e9s \u00e9conomiques, politiques, culturelles et sportives de Monaco et de la French Riviera.","publisher":{"@id":"https:\/\/www.monaco-tribune.com\/en\/#organization"},"potentialAction":[{"@type":"SearchAction","target":{"@type":"EntryPoint","urlTemplate":"https:\/\/www.monaco-tribune.com\/en\/?s={search_term_string}"},"query-input":{"@type":"PropertyValueSpecification","valueRequired":true,"valueName":"search_term_string"}}],"inLanguage":"en-US"},{"@type":"Organization","@id":"https:\/\/www.monaco-tribune.com\/en\/#organization","name":"Monaco Tribune","url":"https:\/\/www.monaco-tribune.com\/en\/","logo":{"@type":"ImageObject","inLanguage":"en-US","@id":"https:\/\/www.monaco-tribune.com\/en\/#\/schema\/logo\/image\/","url":"https:\/\/www.monaco-tribune.com\/wp-content\/uploads\/2022\/11\/logo-monaco-tribune.png","contentUrl":"https:\/\/www.monaco-tribune.com\/wp-content\/uploads\/2022\/11\/logo-monaco-tribune.png","width":1548,"height":600,"caption":"Monaco Tribune"},"image":{"@id":"https:\/\/www.monaco-tribune.com\/en\/#\/schema\/logo\/image\/"},"sameAs":["https:\/\/www.facebook.com\/MonacoTribune","https:\/\/x.com\/MonacoTribune","https:\/\/www.instagram.com\/monacotribune\/","https:\/\/www.linkedin.com\/company\/monaco-tribune","https:\/\/www.youtube.com\/channel\/UCHle1MnG6hw1y4lWKijVbMA"]},{"@type":"Person","@id":"https:\/\/www.monaco-tribune.com\/en\/#\/schema\/person\/fba2f8d5a098d473c92e84cc43a8f730","name":"Agathe Ch\u00e9reau","image":{"@type":"ImageObject","inLanguage":"en-US","@id":"https:\/\/secure.gravatar.com\/avatar\/884b20ed9d4430c24d77a3ad560b1c21da67bd6992531a1971822779f9988ea5?s=96&d=mm&r=g","url":"https:\/\/secure.gravatar.com\/avatar\/884b20ed9d4430c24d77a3ad560b1c21da67bd6992531a1971822779f9988ea5?s=96&d=mm&r=g","contentUrl":"https:\/\/secure.gravatar.com\/avatar\/884b20ed9d4430c24d77a3ad560b1c21da67bd6992531a1971822779f9988ea5?s=96&d=mm&r=g","caption":"Agathe Ch\u00e9reau"},"url":"https:\/\/www.monaco-tribune.com\/en\/author\/agathechereau\/"}]}},"_links":{"self":[{"href":"https:\/\/www.monaco-tribune.com\/en\/wp-json\/wp\/v2\/posts\/260088","targetHints":{"allow":["GET"]}}],"collection":[{"href":"https:\/\/www.monaco-tribune.com\/en\/wp-json\/wp\/v2\/posts"}],"about":[{"href":"https:\/\/www.monaco-tribune.com\/en\/wp-json\/wp\/v2\/types\/post"}],"author":[{"embeddable":true,"href":"https:\/\/www.monaco-tribune.com\/en\/wp-json\/wp\/v2\/users\/47"}],"replies":[{"embeddable":true,"href":"https:\/\/www.monaco-tribune.com\/en\/wp-json\/wp\/v2\/comments?post=260088"}],"version-history":[{"count":2,"href":"https:\/\/www.monaco-tribune.com\/en\/wp-json\/wp\/v2\/posts\/260088\/revisions"}],"predecessor-version":[{"id":260095,"href":"https:\/\/www.monaco-tribune.com\/en\/wp-json\/wp\/v2\/posts\/260088\/revisions\/260095"}],"wp:featuredmedia":[{"embeddable":true,"href":"https:\/\/www.monaco-tribune.com\/en\/wp-json\/wp\/v2\/media\/258630"}],"wp:attachment":[{"href":"https:\/\/www.monaco-tribune.com\/en\/wp-json\/wp\/v2\/media?parent=260088"}],"wp:term":[{"taxonomy":"category","embeddable":true,"href":"https:\/\/www.monaco-tribune.com\/en\/wp-json\/wp\/v2\/categories?post=260088"},{"taxonomy":"post_tag","embeddable":true,"href":"https:\/\/www.monaco-tribune.com\/en\/wp-json\/wp\/v2\/tags?post=260088"},{"taxonomy":"sectag","embeddable":true,"href":"https:\/\/www.monaco-tribune.com\/en\/wp-json\/wp\/v2\/post_sectags?post=260088"},{"taxonomy":"format","embeddable":true,"href":"https:\/\/www.monaco-tribune.com\/en\/wp-json\/wp\/v2\/post_format?post=260088"}],"curies":[{"name":"wp","href":"https:\/\/api.w.org\/{rel}","templated":true}]}}