{"id":260305,"date":"2024-11-13T17:26:54","date_gmt":"2024-11-13T15:26:54","guid":{"rendered":"https:\/\/www.monaco-tribune.com\/2024\/11\/prince-albert-ii-pays-poignant-tribute-to-victims-of-great-war\/"},"modified":"2024-11-13T17:30:11","modified_gmt":"2024-11-13T15:30:11","slug":"prince-albert-ii-pays-poignant-tribute-to-victims-of-great-war","status":"publish","type":"post","link":"https:\/\/www.monaco-tribune.com\/en\/2024\/11\/prince-albert-ii-pays-poignant-tribute-to-victims-of-great-war\/","title":{"rendered":"Prince Albert II pays poignant tribute to victims of Great War"},"content":{"rendered":"\n<p><strong>The Monegasque Sovereign put his personal stamp on the ceremonies to mark the 106th anniversary of the 11 November 1918 Armistice,\u00a0 in Compi\u00e8gne, northern France, paying tribute to the soldiers and victims of the First World War. Accompanied by his nephew Pierre Casiraghi, he took part in several memorial events, stressing the importance of the duty of remembrance and family legacy.<\/strong><\/p>\n\n<p>Prince Albert II spent the 11 November ceremonies to commemorate the Armistice in the company of a number of distinguished figures from Compi\u00e8gne, including Philippe Marini, the town&#8217;s mayor, and Marie-Claire Carr\u00e8re-G\u00e9e, Minister Delegate responsible for Government Coordination. The Sovereign Prince took part in the official ceremony at the Clairi\u00e8re de l&#8217;Armistice, a historic location in a clearing in the forest of Compi\u00e8gne.<\/p>\n\n<p>Accompanied by his nephew Pierre Casiraghi, the Prince paid tribute to the soldiers who fell in the First World War, in the presence of the Oise D\u00e9partement&#8217;s Prefect, Catherine S\u00e9guin, and the geopolitical journalist Renaud Girard, guest of honour at the ceremony. <\/p>\n\n<iframe src=\"https:\/\/www.facebook.com\/plugins\/video.php?height=476&#038;href=https%3A%2F%2Fwww.facebook.com%2Freel%2F1106709621460565%2F&#038;show_text=false&#038;width=267&#038;t=0\" width=\"267\" height=\"476\" style=\"border:none;overflow:hidden\" scrolling=\"no\" frameborder=\"0\" allowfullscreen=\"true\" allow=\"autoplay; clipboard-write; encrypted-media; picture-in-picture; web-share\"><\/iframe>\r\n\n<h2 class=\"wp-block-heading\" id=\"h-visite-du-memorial-de-l-armistice-un-acte-de-memoire\">Visit to the Armistice Memorial: an act of remembrance<\/h2>\n\n<p>The Sovereign&#8217;s great-grandfather, Prince Louis II of Monaco, fought in the First World War, volunteering to sign up with the French army. He distinguished himself in particular during the Battle of the Chemin des Dames, a tragic and deadly event during the war. The family history strengthens Prince Albert II&#8217;s personal connection to the events of 1914-1918.<\/p>\n\n<p>After the ceremony, the Prince went to the Armistice Memorial, where he signed the town&#8217;s and Memorial&#8217;s Visitor Books, in the famous carriage where the armistice of 11 November 1918 was signed. Princess Grace also signed the Visitors&#8217; Book, in 1973. Today, the Sovereign represents continuity in the Princely Family&#8217;s commitment to preserving the memory of the Great War.<\/p>\n\n<h2 class=\"wp-block-heading\" id=\"h-des-temoignages-forts-dans-les-livres-d-or\">Moving testimonials in the Visitors&#8217; Books<\/h2>\n\n<p>Prince Albert II left strong and symbolic messages in the Visitors&#8217; Books. In the Compi\u00e8gne Book, he wrote: <em>\u00a0&#8220;To the town of Compi\u00e8gne, which history has shaped as one of the great symbols of France, from royalty to the Republic, via the Second Empire. With my gratitude for its renewed hospitality, enabling us to remember the centuries-old shared destiny that connects the Principality of Monaco to your country.&#8221;<\/em><\/p>\n\n<p>At the Rethondes Memorial, the Sovereign wrote: <em>&#8220;Following on from my visit during the centenary year, on 6 December 2018, and as a symbol of family loyalty and personal attachment to rememberance of the Great War, the matrix of the 20th century, I wanted to attend a November 11 commemoration in the Rethondes clearing. The strength of the date undoubtedly adds to the symbolism of the place of remembrance.&#8221;<\/em><\/p>\n\n<figure class=\"wp-block-gallery has-nested-images columns-default is-cropped wp-block-gallery-1 is-layout-flex wp-block-gallery-is-layout-flex\"><div class=\"wp-block-image\">\n<figure class=\"aligncenter size-large\"><img loading=\"lazy\" decoding=\"async\" width=\"1024\" height=\"683\" data-id=\"260023\" src=\"https:\/\/www.monaco-tribune.com\/wp-content\/uploads\/2024\/11\/ma-commemoration-11-novembre-compiegne-7-2.jpg.ocee75pqmq1jhdvjgbka.wsxa_sqruw-2-1024x683.jpg\" alt=\"\" class=\"wp-image-260023\" srcset=\"https:\/\/www.monaco-tribune.com\/wp-content\/uploads\/2024\/11\/ma-commemoration-11-novembre-compiegne-7-2.jpg.ocee75pqmq1jhdvjgbka.wsxa_sqruw-2-1024x683.jpg 1024w, https:\/\/www.monaco-tribune.com\/wp-content\/uploads\/2024\/11\/ma-commemoration-11-novembre-compiegne-7-2.jpg.ocee75pqmq1jhdvjgbka.wsxa_sqruw-2-450x300.jpg 450w, https:\/\/www.monaco-tribune.com\/wp-content\/uploads\/2024\/11\/ma-commemoration-11-novembre-compiegne-7-2.jpg.ocee75pqmq1jhdvjgbka.wsxa_sqruw-2.jpg 1199w\" sizes=\"auto, (max-width: 1024px) 100vw, 1024px\" \/><\/figure>\n<\/div>\n\n<div class=\"wp-block-image\">\n<figure class=\"aligncenter size-large\"><img loading=\"lazy\" decoding=\"async\" width=\"1024\" height=\"683\" data-id=\"260014\" src=\"https:\/\/www.monaco-tribune.com\/wp-content\/uploads\/2024\/11\/ma-commemoration-11-novembre-compiegne-10-2.jpg.ocecu5dqmflhhdvjgbka.zqrih4n3ph-2-1024x683.jpg\" alt=\"\" class=\"wp-image-260014\" srcset=\"https:\/\/www.monaco-tribune.com\/wp-content\/uploads\/2024\/11\/ma-commemoration-11-novembre-compiegne-10-2.jpg.ocecu5dqmflhhdvjgbka.zqrih4n3ph-2-1024x683.jpg 1024w, https:\/\/www.monaco-tribune.com\/wp-content\/uploads\/2024\/11\/ma-commemoration-11-novembre-compiegne-10-2.jpg.ocecu5dqmflhhdvjgbka.zqrih4n3ph-2-450x300.jpg 450w, https:\/\/www.monaco-tribune.com\/wp-content\/uploads\/2024\/11\/ma-commemoration-11-novembre-compiegne-10-2.jpg.ocecu5dqmflhhdvjgbka.zqrih4n3ph-2.jpg 1199w\" sizes=\"auto, (max-width: 1024px) 100vw, 1024px\" \/><\/figure>\n<\/div>\n\n<div class=\"wp-block-image\">\n<figure class=\"aligncenter size-large\"><img loading=\"lazy\" decoding=\"async\" width=\"1024\" height=\"683\" data-id=\"260033\" src=\"https:\/\/www.monaco-tribune.com\/wp-content\/uploads\/2024\/11\/ma-commemoration-11-novembre-compiegne-11-1.jpg.ocelippqmqnjhdvjgbka.csdptx5tn7-1-1024x683.jpg\" alt=\"\" class=\"wp-image-260033\" srcset=\"https:\/\/www.monaco-tribune.com\/wp-content\/uploads\/2024\/11\/ma-commemoration-11-novembre-compiegne-11-1.jpg.ocelippqmqnjhdvjgbka.csdptx5tn7-1-1024x683.jpg 1024w, https:\/\/www.monaco-tribune.com\/wp-content\/uploads\/2024\/11\/ma-commemoration-11-novembre-compiegne-11-1.jpg.ocelippqmqnjhdvjgbka.csdptx5tn7-1-450x300.jpg 450w, https:\/\/www.monaco-tribune.com\/wp-content\/uploads\/2024\/11\/ma-commemoration-11-novembre-compiegne-11-1.jpg.ocelippqmqnjhdvjgbka.csdptx5tn7-1.jpg 1049w\" sizes=\"auto, (max-width: 1024px) 100vw, 1024px\" \/><\/figure>\n<\/div>\n\n<div class=\"wp-block-image\">\n<figure class=\"aligncenter size-large\"><img loading=\"lazy\" decoding=\"async\" width=\"1024\" height=\"683\" data-id=\"260036\" src=\"https:\/\/www.monaco-tribune.com\/wp-content\/uploads\/2024\/11\/ma-commemoration-11-novembre-compiegne-14-2.jpg.ocfq-ztqmethhdvjgbka.ghnup8-9br-2-1024x683.jpg\" alt=\"\" class=\"wp-image-260036\" srcset=\"https:\/\/www.monaco-tribune.com\/wp-content\/uploads\/2024\/11\/ma-commemoration-11-novembre-compiegne-14-2.jpg.ocfq-ztqmethhdvjgbka.ghnup8-9br-2-1024x683.jpg 1024w, https:\/\/www.monaco-tribune.com\/wp-content\/uploads\/2024\/11\/ma-commemoration-11-novembre-compiegne-14-2.jpg.ocfq-ztqmethhdvjgbka.ghnup8-9br-2-450x300.jpg 450w, https:\/\/www.monaco-tribune.com\/wp-content\/uploads\/2024\/11\/ma-commemoration-11-novembre-compiegne-14-2.jpg.ocfq-ztqmethhdvjgbka.ghnup8-9br-2.jpg 1199w\" sizes=\"auto, (max-width: 1024px) 100vw, 1024px\" \/><\/figure>\n<\/div>\n\n<div class=\"wp-block-image\">\n<figure class=\"aligncenter size-large\"><img loading=\"lazy\" decoding=\"async\" width=\"1024\" height=\"683\" data-id=\"260034\" src=\"https:\/\/www.monaco-tribune.com\/wp-content\/uploads\/2024\/11\/ma-commemoration-11-novembre-compiegne-15-2.jpg.ocfk95vqmdlhhdvjgbka.srfmml_jo8-2-1024x683.jpg\" alt=\"\" class=\"wp-image-260034\" srcset=\"https:\/\/www.monaco-tribune.com\/wp-content\/uploads\/2024\/11\/ma-commemoration-11-novembre-compiegne-15-2.jpg.ocfk95vqmdlhhdvjgbka.srfmml_jo8-2-1024x683.jpg 1024w, https:\/\/www.monaco-tribune.com\/wp-content\/uploads\/2024\/11\/ma-commemoration-11-novembre-compiegne-15-2.jpg.ocfk95vqmdlhhdvjgbka.srfmml_jo8-2-450x300.jpg 450w, https:\/\/www.monaco-tribune.com\/wp-content\/uploads\/2024\/11\/ma-commemoration-11-novembre-compiegne-15-2.jpg.ocfk95vqmdlhhdvjgbka.srfmml_jo8-2.jpg 1049w\" sizes=\"auto, (max-width: 1024px) 100vw, 1024px\" \/><\/figure>\n<\/div>\n\n<div class=\"wp-block-image\">\n<figure class=\"aligncenter size-large\"><img loading=\"lazy\" decoding=\"async\" width=\"1024\" height=\"683\" data-id=\"260018\" src=\"https:\/\/www.monaco-tribune.com\/wp-content\/uploads\/2024\/11\/ma-commemoration-11-novembre-compiegne-16-2.jpg.ocfwy5xqmc1hhdvjgbka.yvnsa0p6vn-2-1024x683.jpg\" alt=\"\" class=\"wp-image-260018\" srcset=\"https:\/\/www.monaco-tribune.com\/wp-content\/uploads\/2024\/11\/ma-commemoration-11-novembre-compiegne-16-2.jpg.ocfwy5xqmc1hhdvjgbka.yvnsa0p6vn-2-1024x683.jpg 1024w, https:\/\/www.monaco-tribune.com\/wp-content\/uploads\/2024\/11\/ma-commemoration-11-novembre-compiegne-16-2.jpg.ocfwy5xqmc1hhdvjgbka.yvnsa0p6vn-2-450x300.jpg 450w, https:\/\/www.monaco-tribune.com\/wp-content\/uploads\/2024\/11\/ma-commemoration-11-novembre-compiegne-16-2.jpg.ocfwy5xqmc1hhdvjgbka.yvnsa0p6vn-2.jpg 1199w\" sizes=\"auto, (max-width: 1024px) 100vw, 1024px\" \/><\/figure>\n<\/div>\n\n<div class=\"wp-block-image\">\n<figure class=\"aligncenter size-large\"><img loading=\"lazy\" decoding=\"async\" width=\"1024\" height=\"683\" data-id=\"260022\" src=\"https:\/\/www.monaco-tribune.com\/wp-content\/uploads\/2024\/11\/ma-commemoration-11-novembre-compiegne-19-2.jpg.ocekpjrqmd1hhdvjgbka.rcvu0kychs-2-1024x683.jpg\" alt=\"\" class=\"wp-image-260022\" srcset=\"https:\/\/www.monaco-tribune.com\/wp-content\/uploads\/2024\/11\/ma-commemoration-11-novembre-compiegne-19-2.jpg.ocekpjrqmd1hhdvjgbka.rcvu0kychs-2-1024x683.jpg 1024w, https:\/\/www.monaco-tribune.com\/wp-content\/uploads\/2024\/11\/ma-commemoration-11-novembre-compiegne-19-2.jpg.ocekpjrqmd1hhdvjgbka.rcvu0kychs-2-450x300.jpg 450w, https:\/\/www.monaco-tribune.com\/wp-content\/uploads\/2024\/11\/ma-commemoration-11-novembre-compiegne-19-2.jpg.ocekpjrqmd1hhdvjgbka.rcvu0kychs-2.jpg 1199w\" sizes=\"auto, (max-width: 1024px) 100vw, 1024px\" \/><\/figure>\n<\/div>\n\n<div class=\"wp-block-image\">\n<figure class=\"aligncenter size-large\"><img loading=\"lazy\" decoding=\"async\" width=\"1024\" height=\"683\" data-id=\"260049\" src=\"https:\/\/www.monaco-tribune.com\/wp-content\/uploads\/2024\/11\/ma-commemoration-11-novembre-compiegne-22-1.jpg.ocfyjjbqmbthhdvjgbka.ttr46i2e6u-1-1024x683.jpg\" alt=\"\" class=\"wp-image-260049\" srcset=\"https:\/\/www.monaco-tribune.com\/wp-content\/uploads\/2024\/11\/ma-commemoration-11-novembre-compiegne-22-1.jpg.ocfyjjbqmbthhdvjgbka.ttr46i2e6u-1-1024x683.jpg 1024w, https:\/\/www.monaco-tribune.com\/wp-content\/uploads\/2024\/11\/ma-commemoration-11-novembre-compiegne-22-1.jpg.ocfyjjbqmbthhdvjgbka.ttr46i2e6u-1-450x300.jpg 450w, https:\/\/www.monaco-tribune.com\/wp-content\/uploads\/2024\/11\/ma-commemoration-11-novembre-compiegne-22-1.jpg.ocfyjjbqmbthhdvjgbka.ttr46i2e6u-1.jpg 1049w\" sizes=\"auto, (max-width: 1024px) 100vw, 1024px\" \/><\/figure>\n<\/div>\n\n<div class=\"wp-block-image\">\n<figure class=\"aligncenter size-large\"><img loading=\"lazy\" decoding=\"async\" width=\"1024\" height=\"683\" data-id=\"260024\" src=\"https:\/\/www.monaco-tribune.com\/wp-content\/uploads\/2024\/11\/ma-commemoration-11-novembre-compiegne-3-2.jpg.ocf5kjbqmsljhdvjgbka.1huions7xq-2-1024x683.jpg\" alt=\"\" class=\"wp-image-260024\" srcset=\"https:\/\/www.monaco-tribune.com\/wp-content\/uploads\/2024\/11\/ma-commemoration-11-novembre-compiegne-3-2.jpg.ocf5kjbqmsljhdvjgbka.1huions7xq-2-1024x683.jpg 1024w, https:\/\/www.monaco-tribune.com\/wp-content\/uploads\/2024\/11\/ma-commemoration-11-novembre-compiegne-3-2.jpg.ocf5kjbqmsljhdvjgbka.1huions7xq-2-450x300.jpg 450w, https:\/\/www.monaco-tribune.com\/wp-content\/uploads\/2024\/11\/ma-commemoration-11-novembre-compiegne-3-2.jpg.ocf5kjbqmsljhdvjgbka.1huions7xq-2.jpg 1199w\" sizes=\"auto, (max-width: 1024px) 100vw, 1024px\" \/><\/figure>\n<\/div>\n\n<div class=\"wp-block-image\">\n<figure class=\"aligncenter size-large\"><img loading=\"lazy\" decoding=\"async\" width=\"1024\" height=\"754\" data-id=\"260048\" src=\"https:\/\/www.monaco-tribune.com\/wp-content\/uploads\/2024\/11\/ma-commemoration-11-novembre-compiegne-25-2.jpg.oce2j5dqmbthhdvjgbka.r1mbvrouxe-2-1024x754.jpg\" alt=\"\" class=\"wp-image-260048\" srcset=\"https:\/\/www.monaco-tribune.com\/wp-content\/uploads\/2024\/11\/ma-commemoration-11-novembre-compiegne-25-2.jpg.oce2j5dqmbthhdvjgbka.r1mbvrouxe-2-1024x754.jpg 1024w, https:\/\/www.monaco-tribune.com\/wp-content\/uploads\/2024\/11\/ma-commemoration-11-novembre-compiegne-25-2.jpg.oce2j5dqmbthhdvjgbka.r1mbvrouxe-2-407x300.jpg 407w, https:\/\/www.monaco-tribune.com\/wp-content\/uploads\/2024\/11\/ma-commemoration-11-novembre-compiegne-25-2.jpg.oce2j5dqmbthhdvjgbka.r1mbvrouxe-2.jpg 1086w\" sizes=\"auto, (max-width: 1024px) 100vw, 1024px\" \/><figcaption class=\"wp-element-caption\">Over 400 local children also took part in the ceremony.<\/figcaption><\/figure>\n<\/div>\n\n<div class=\"wp-block-image\">\n<figure class=\"aligncenter size-large\"><img loading=\"lazy\" decoding=\"async\" width=\"1024\" height=\"683\" data-id=\"260051\" src=\"https:\/\/www.monaco-tribune.com\/wp-content\/uploads\/2024\/11\/ma-commemoration-11-novembre-compiegne-30-2.jpg.ocfcippqmz1hhdvjgbka.ej8cgxbizc-2-1024x683.jpg\" alt=\"\" class=\"wp-image-260051\" srcset=\"https:\/\/www.monaco-tribune.com\/wp-content\/uploads\/2024\/11\/ma-commemoration-11-novembre-compiegne-30-2.jpg.ocfcippqmz1hhdvjgbka.ej8cgxbizc-2-1024x683.jpg 1024w, https:\/\/www.monaco-tribune.com\/wp-content\/uploads\/2024\/11\/ma-commemoration-11-novembre-compiegne-30-2.jpg.ocfcippqmz1hhdvjgbka.ej8cgxbizc-2-450x300.jpg 450w, https:\/\/www.monaco-tribune.com\/wp-content\/uploads\/2024\/11\/ma-commemoration-11-novembre-compiegne-30-2.jpg.ocfcippqmz1hhdvjgbka.ej8cgxbizc-2.jpg 1199w\" sizes=\"auto, (max-width: 1024px) 100vw, 1024px\" \/><\/figure>\n<\/div>\n\n<div class=\"wp-block-image\">\n<figure class=\"aligncenter size-large\"><img loading=\"lazy\" decoding=\"async\" width=\"1024\" height=\"683\" data-id=\"260047\" src=\"https:\/\/www.monaco-tribune.com\/wp-content\/uploads\/2024\/11\/ma-commemoration-11-novembre-compiegne-26-2.jpg.ocflmzxqmblhhdvjgbka.bghclvyalh-2-1024x683.jpg\" alt=\"\" class=\"wp-image-260047\" srcset=\"https:\/\/www.monaco-tribune.com\/wp-content\/uploads\/2024\/11\/ma-commemoration-11-novembre-compiegne-26-2.jpg.ocflmzxqmblhhdvjgbka.bghclvyalh-2-1024x683.jpg 1024w, https:\/\/www.monaco-tribune.com\/wp-content\/uploads\/2024\/11\/ma-commemoration-11-novembre-compiegne-26-2.jpg.ocflmzxqmblhhdvjgbka.bghclvyalh-2-450x300.jpg 450w, https:\/\/www.monaco-tribune.com\/wp-content\/uploads\/2024\/11\/ma-commemoration-11-novembre-compiegne-26-2.jpg.ocflmzxqmblhhdvjgbka.bghclvyalh-2.jpg 1199w\" sizes=\"auto, (max-width: 1024px) 100vw, 1024px\" \/><\/figure>\n<\/div>\n\n<div class=\"wp-block-image\">\n<figure class=\"aligncenter size-large\"><img loading=\"lazy\" decoding=\"async\" width=\"1024\" height=\"683\" data-id=\"260054\" src=\"https:\/\/www.monaco-tribune.com\/wp-content\/uploads\/2024\/11\/ma-commemoration-11-novembre-compiegne-27-2.jpg.oce2qjzqmb9hhdvjgbka.4l4nnsbanv-2-1024x683.jpg\" alt=\"\" class=\"wp-image-260054\" srcset=\"https:\/\/www.monaco-tribune.com\/wp-content\/uploads\/2024\/11\/ma-commemoration-11-novembre-compiegne-27-2.jpg.oce2qjzqmb9hhdvjgbka.4l4nnsbanv-2-1024x683.jpg 1024w, https:\/\/www.monaco-tribune.com\/wp-content\/uploads\/2024\/11\/ma-commemoration-11-novembre-compiegne-27-2.jpg.oce2qjzqmb9hhdvjgbka.4l4nnsbanv-2-450x300.jpg 450w, https:\/\/www.monaco-tribune.com\/wp-content\/uploads\/2024\/11\/ma-commemoration-11-novembre-compiegne-27-2.jpg.oce2qjzqmb9hhdvjgbka.4l4nnsbanv-2.jpg 1199w\" sizes=\"auto, (max-width: 1024px) 100vw, 1024px\" \/><\/figure>\n<\/div>\n\n<div class=\"wp-block-image\">\n<figure class=\"aligncenter size-large\"><img loading=\"lazy\" decoding=\"async\" width=\"1024\" height=\"683\" data-id=\"260044\" src=\"https:\/\/www.monaco-tribune.com\/wp-content\/uploads\/2024\/11\/ma-commemoration-11-novembre-compiegne-28-2.jpg.ocfu9jzqmalhhdvjgbka.536baynjsf-2-1024x683.jpg\" alt=\"\" class=\"wp-image-260044\" srcset=\"https:\/\/www.monaco-tribune.com\/wp-content\/uploads\/2024\/11\/ma-commemoration-11-novembre-compiegne-28-2.jpg.ocfu9jzqmalhhdvjgbka.536baynjsf-2-1024x683.jpg 1024w, https:\/\/www.monaco-tribune.com\/wp-content\/uploads\/2024\/11\/ma-commemoration-11-novembre-compiegne-28-2.jpg.ocfu9jzqmalhhdvjgbka.536baynjsf-2-450x300.jpg 450w, https:\/\/www.monaco-tribune.com\/wp-content\/uploads\/2024\/11\/ma-commemoration-11-novembre-compiegne-28-2.jpg.ocfu9jzqmalhhdvjgbka.536baynjsf-2.jpg 1199w\" sizes=\"auto, (max-width: 1024px) 100vw, 1024px\" \/><\/figure>\n<\/div>\n\n<div class=\"wp-block-image\">\n<figure class=\"aligncenter size-large\"><img loading=\"lazy\" decoding=\"async\" width=\"1024\" height=\"683\" data-id=\"260050\" src=\"https:\/\/www.monaco-tribune.com\/wp-content\/uploads\/2024\/11\/ma-commemoration-11-novembre-compiegne-31-2.jpg.ocf9xpjqmafhhdvjgbka.1pfamitbb_-2-1024x683.jpg\" alt=\"\" class=\"wp-image-260050\" srcset=\"https:\/\/www.monaco-tribune.com\/wp-content\/uploads\/2024\/11\/ma-commemoration-11-novembre-compiegne-31-2.jpg.ocf9xpjqmafhhdvjgbka.1pfamitbb_-2-1024x683.jpg 1024w, https:\/\/www.monaco-tribune.com\/wp-content\/uploads\/2024\/11\/ma-commemoration-11-novembre-compiegne-31-2.jpg.ocf9xpjqmafhhdvjgbka.1pfamitbb_-2-450x300.jpg 450w, https:\/\/www.monaco-tribune.com\/wp-content\/uploads\/2024\/11\/ma-commemoration-11-novembre-compiegne-31-2.jpg.ocf9xpjqmafhhdvjgbka.1pfamitbb_-2.jpg 1199w\" sizes=\"auto, (max-width: 1024px) 100vw, 1024px\" \/><\/figure>\n<\/div>\n\n<div class=\"wp-block-image\">\n<figure class=\"aligncenter size-large\"><img loading=\"lazy\" decoding=\"async\" width=\"1024\" height=\"683\" data-id=\"260052\" src=\"https:\/\/www.monaco-tribune.com\/wp-content\/uploads\/2024\/11\/ma-commemoration-11-novembre-compiegne-33-2.jpg.oceezpnqmylhhdvjgbka.11hyfijlw6-2-1024x683.jpg\" alt=\"\" class=\"wp-image-260052\" srcset=\"https:\/\/www.monaco-tribune.com\/wp-content\/uploads\/2024\/11\/ma-commemoration-11-novembre-compiegne-33-2.jpg.oceezpnqmylhhdvjgbka.11hyfijlw6-2-1024x683.jpg 1024w, https:\/\/www.monaco-tribune.com\/wp-content\/uploads\/2024\/11\/ma-commemoration-11-novembre-compiegne-33-2.jpg.oceezpnqmylhhdvjgbka.11hyfijlw6-2-450x300.jpg 450w, https:\/\/www.monaco-tribune.com\/wp-content\/uploads\/2024\/11\/ma-commemoration-11-novembre-compiegne-33-2.jpg.oceezpnqmylhhdvjgbka.11hyfijlw6-2.jpg 1199w\" sizes=\"auto, (max-width: 1024px) 100vw, 1024px\" \/><\/figure>\n<\/div><\/figure>\n\n<p>Photo credits:\u00a9 Michael Alesi \/ Prince&#8217;s Palace<\/p>\n\n<p class=\"related\"><a href=\"https:\/\/www.monaco-tribune.com\/en\/2024\/11\/prince-albert-ii-of-monaco-rewards-planetary-heroes-in-monaco\/\">Prince Albert II of Monaco rewards planetary heroes in Monaco<\/a><\/p>\n","protected":false},"excerpt":{"rendered":"<p>The Monegasque Sovereign put his personal stamp on the ceremonies to mark the 106th anniversary of the 11 November 1918 [&hellip;]<\/p>\n","protected":false},"author":77,"featured_media":259888,"comment_status":"closed","ping_status":"closed","sticky":false,"template":"","format":"standard","meta":{"_acf_changed":false,"footnotes":""},"categories":[1825,243,254],"tags":[2830],"post_sectags":[4842,5111],"post_format":[2462],"class_list":["post-260305","post","type-post","status-publish","format-standard","has-post-thumbnail","hentry","category-editors-choice","category-news","category-people-en","tag-prince-albert-ii-en-2","sectag-france-en","sectag-tribute","format-photos-en"],"acf":[],"yoast_head":"<!-- This site is optimized with the Yoast SEO Premium plugin v26.8 (Yoast SEO v27.4) - https:\/\/yoast.com\/product\/yoast-seo-premium-wordpress\/ -->\n<title>Prince Albert II pays poignant tribute to victims of Great War<\/title>\n<meta name=\"description\" content=\"The Monegasque Sovereign put his personal stamp on the ceremonies to mark the 106th anniversary of the 11 November 1918 Armistice,\u00a0 in Compi\u00e8gne, northern\" \/>\n<meta name=\"robots\" content=\"index, follow, max-snippet:-1, max-image-preview:large, max-video-preview:-1\" \/>\n<link rel=\"canonical\" href=\"https:\/\/www.monaco-tribune.com\/en\/2024\/11\/prince-albert-ii-pays-poignant-tribute-to-victims-of-great-war\/\" \/>\n<meta property=\"og:locale\" content=\"en_US\" \/>\n<meta property=\"og:type\" content=\"article\" \/>\n<meta property=\"og:title\" content=\"Prince Albert II pays poignant tribute to victims of Great War - Monaco Tribune\" \/>\n<meta property=\"og:description\" content=\"The Monegasque Sovereign put his personal stamp on the ceremonies to mark the 106th anniversary of the 11 November 1918 Armistice,\u00a0 in Compi\u00e8gne, northern\" \/>\n<meta property=\"og:url\" content=\"https:\/\/www.monaco-tribune.com\/en\/2024\/11\/prince-albert-ii-pays-poignant-tribute-to-victims-of-great-war\/\" \/>\n<meta property=\"og:site_name\" content=\"Monaco Tribune\" \/>\n<meta property=\"article:publisher\" content=\"https:\/\/www.facebook.com\/MonacoTribune\" \/>\n<meta property=\"article:published_time\" content=\"2024-11-13T15:26:54+00:00\" \/>\n<meta property=\"article:modified_time\" content=\"2024-11-13T15:30:11+00:00\" \/>\n<meta property=\"og:image\" content=\"https:\/\/www.monaco-tribune.com\/wp-content\/uploads\/2024\/11\/ma-commemoration-11-novembre-compiegne-2.jpg.ocfcw5nqmr1jhdvjgbka.tmg5mtjcf1.jpg\" \/>\n\t<meta property=\"og:image:width\" content=\"1199\" \/>\n\t<meta property=\"og:image:height\" content=\"800\" \/>\n\t<meta property=\"og:image:type\" content=\"image\/jpeg\" \/>\n<meta name=\"author\" content=\"Ana\u00efs Riu\" \/>\n<meta name=\"twitter:card\" content=\"summary_large_image\" \/>\n<meta name=\"twitter:creator\" content=\"@MonacoTribune\" \/>\n<meta name=\"twitter:site\" content=\"@MonacoTribune\" \/>\n<script type=\"application\/ld+json\" class=\"yoast-schema-graph\">{\"@context\":\"https:\\\/\\\/schema.org\",\"@graph\":[{\"@type\":\"NewsArticle\",\"@id\":\"https:\\\/\\\/www.monaco-tribune.com\\\/en\\\/2024\\\/11\\\/prince-albert-ii-pays-poignant-tribute-to-victims-of-great-war\\\/#article\",\"isPartOf\":{\"@id\":\"https:\\\/\\\/www.monaco-tribune.com\\\/en\\\/2024\\\/11\\\/prince-albert-ii-pays-poignant-tribute-to-victims-of-great-war\\\/\"},\"author\":{\"name\":\"Ana\u00efs Riu\",\"@id\":\"https:\\\/\\\/www.monaco-tribune.com\\\/en\\\/#\\\/schema\\\/person\\\/6db631c784f2f0eff54c3ca4d1da2d49\"},\"headline\":\"Prince Albert II pays poignant tribute to victims of Great War\",\"datePublished\":\"2024-11-13T15:26:54+00:00\",\"dateModified\":\"2024-11-13T15:30:11+00:00\",\"mainEntityOfPage\":{\"@id\":\"https:\\\/\\\/www.monaco-tribune.com\\\/en\\\/2024\\\/11\\\/prince-albert-ii-pays-poignant-tribute-to-victims-of-great-war\\\/\"},\"wordCount\":480,\"publisher\":{\"@id\":\"https:\\\/\\\/www.monaco-tribune.com\\\/en\\\/#organization\"},\"image\":{\"@id\":\"https:\\\/\\\/www.monaco-tribune.com\\\/en\\\/2024\\\/11\\\/prince-albert-ii-pays-poignant-tribute-to-victims-of-great-war\\\/#primaryimage\"},\"thumbnailUrl\":\"https:\\\/\\\/www.monaco-tribune.com\\\/wp-content\\\/uploads\\\/2024\\\/11\\\/ma-commemoration-11-novembre-compiegne-2.jpg.ocfcw5nqmr1jhdvjgbka.tmg5mtjcf1.jpg\",\"keywords\":[\"Prince Albert II\"],\"articleSection\":[\"Editor&#039;s choice\",\"News\",\"Princely Family\"],\"inLanguage\":\"en-US\",\"copyrightYear\":\"2024\",\"copyrightHolder\":{\"@id\":\"https:\\\/\\\/www.monaco-tribune.com\\\/#organization\"}},{\"@type\":\"WebPage\",\"@id\":\"https:\\\/\\\/www.monaco-tribune.com\\\/en\\\/2024\\\/11\\\/prince-albert-ii-pays-poignant-tribute-to-victims-of-great-war\\\/\",\"url\":\"https:\\\/\\\/www.monaco-tribune.com\\\/en\\\/2024\\\/11\\\/prince-albert-ii-pays-poignant-tribute-to-victims-of-great-war\\\/\",\"name\":\"Prince Albert II pays poignant tribute to victims of Great War\",\"isPartOf\":{\"@id\":\"https:\\\/\\\/www.monaco-tribune.com\\\/en\\\/#website\"},\"primaryImageOfPage\":{\"@id\":\"https:\\\/\\\/www.monaco-tribune.com\\\/en\\\/2024\\\/11\\\/prince-albert-ii-pays-poignant-tribute-to-victims-of-great-war\\\/#primaryimage\"},\"image\":{\"@id\":\"https:\\\/\\\/www.monaco-tribune.com\\\/en\\\/2024\\\/11\\\/prince-albert-ii-pays-poignant-tribute-to-victims-of-great-war\\\/#primaryimage\"},\"thumbnailUrl\":\"https:\\\/\\\/www.monaco-tribune.com\\\/wp-content\\\/uploads\\\/2024\\\/11\\\/ma-commemoration-11-novembre-compiegne-2.jpg.ocfcw5nqmr1jhdvjgbka.tmg5mtjcf1.jpg\",\"datePublished\":\"2024-11-13T15:26:54+00:00\",\"dateModified\":\"2024-11-13T15:30:11+00:00\",\"description\":\"The Monegasque Sovereign put his personal stamp on the ceremonies to mark the 106th anniversary of the 11 November 1918 Armistice,\u00a0 in Compi\u00e8gne, northern\",\"breadcrumb\":{\"@id\":\"https:\\\/\\\/www.monaco-tribune.com\\\/en\\\/2024\\\/11\\\/prince-albert-ii-pays-poignant-tribute-to-victims-of-great-war\\\/#breadcrumb\"},\"inLanguage\":\"en-US\",\"potentialAction\":[{\"@type\":\"ReadAction\",\"target\":[\"https:\\\/\\\/www.monaco-tribune.com\\\/en\\\/2024\\\/11\\\/prince-albert-ii-pays-poignant-tribute-to-victims-of-great-war\\\/\"]}]},{\"@type\":\"ImageObject\",\"inLanguage\":\"en-US\",\"@id\":\"https:\\\/\\\/www.monaco-tribune.com\\\/en\\\/2024\\\/11\\\/prince-albert-ii-pays-poignant-tribute-to-victims-of-great-war\\\/#primaryimage\",\"url\":\"https:\\\/\\\/www.monaco-tribune.com\\\/wp-content\\\/uploads\\\/2024\\\/11\\\/ma-commemoration-11-novembre-compiegne-2.jpg.ocfcw5nqmr1jhdvjgbka.tmg5mtjcf1.jpg\",\"contentUrl\":\"https:\\\/\\\/www.monaco-tribune.com\\\/wp-content\\\/uploads\\\/2024\\\/11\\\/ma-commemoration-11-novembre-compiegne-2.jpg.ocfcw5nqmr1jhdvjgbka.tmg5mtjcf1.jpg\",\"width\":1199,\"height\":800,\"caption\":\"\u00a9 Micha\u00ebl Alesi \\\/ Prince's Palace\"},{\"@type\":\"BreadcrumbList\",\"@id\":\"https:\\\/\\\/www.monaco-tribune.com\\\/en\\\/2024\\\/11\\\/prince-albert-ii-pays-poignant-tribute-to-victims-of-great-war\\\/#breadcrumb\",\"itemListElement\":[{\"@type\":\"ListItem\",\"position\":1,\"name\":\"Accueil\",\"item\":\"https:\\\/\\\/www.monaco-tribune.com\\\/en\\\/\"},{\"@type\":\"ListItem\",\"position\":2,\"name\":\"Prince Albert II pays poignant tribute to victims of Great War\"}]},{\"@type\":\"WebSite\",\"@id\":\"https:\\\/\\\/www.monaco-tribune.com\\\/en\\\/#website\",\"url\":\"https:\\\/\\\/www.monaco-tribune.com\\\/en\\\/\",\"name\":\"Monaco Tribune\",\"description\":\"Monaco : actualit\u00e9s \u00e9conomiques, politiques, culturelles et sportives de Monaco et de la French Riviera.\",\"publisher\":{\"@id\":\"https:\\\/\\\/www.monaco-tribune.com\\\/en\\\/#organization\"},\"potentialAction\":[{\"@type\":\"SearchAction\",\"target\":{\"@type\":\"EntryPoint\",\"urlTemplate\":\"https:\\\/\\\/www.monaco-tribune.com\\\/en\\\/?s={search_term_string}\"},\"query-input\":{\"@type\":\"PropertyValueSpecification\",\"valueRequired\":true,\"valueName\":\"search_term_string\"}}],\"inLanguage\":\"en-US\"},{\"@type\":\"Organization\",\"@id\":\"https:\\\/\\\/www.monaco-tribune.com\\\/en\\\/#organization\",\"name\":\"Monaco Tribune\",\"url\":\"https:\\\/\\\/www.monaco-tribune.com\\\/en\\\/\",\"logo\":{\"@type\":\"ImageObject\",\"inLanguage\":\"en-US\",\"@id\":\"https:\\\/\\\/www.monaco-tribune.com\\\/en\\\/#\\\/schema\\\/logo\\\/image\\\/\",\"url\":\"https:\\\/\\\/www.monaco-tribune.com\\\/wp-content\\\/uploads\\\/2022\\\/11\\\/logo-monaco-tribune.png\",\"contentUrl\":\"https:\\\/\\\/www.monaco-tribune.com\\\/wp-content\\\/uploads\\\/2022\\\/11\\\/logo-monaco-tribune.png\",\"width\":1548,\"height\":600,\"caption\":\"Monaco Tribune\"},\"image\":{\"@id\":\"https:\\\/\\\/www.monaco-tribune.com\\\/en\\\/#\\\/schema\\\/logo\\\/image\\\/\"},\"sameAs\":[\"https:\\\/\\\/www.facebook.com\\\/MonacoTribune\",\"https:\\\/\\\/x.com\\\/MonacoTribune\",\"https:\\\/\\\/www.instagram.com\\\/monacotribune\\\/\",\"https:\\\/\\\/www.linkedin.com\\\/company\\\/monaco-tribune\",\"https:\\\/\\\/www.youtube.com\\\/channel\\\/UCHle1MnG6hw1y4lWKijVbMA\"]},{\"@type\":\"Person\",\"@id\":\"https:\\\/\\\/www.monaco-tribune.com\\\/en\\\/#\\\/schema\\\/person\\\/6db631c784f2f0eff54c3ca4d1da2d49\",\"name\":\"Ana\u00efs Riu\",\"image\":{\"@type\":\"ImageObject\",\"inLanguage\":\"en-US\",\"@id\":\"https:\\\/\\\/secure.gravatar.com\\\/avatar\\\/9137eff67ff750f1997c171f45e5829ca4c8fa34729a8f8cd9dc85be7e50df7f?s=96&d=mm&r=g\",\"url\":\"https:\\\/\\\/secure.gravatar.com\\\/avatar\\\/9137eff67ff750f1997c171f45e5829ca4c8fa34729a8f8cd9dc85be7e50df7f?s=96&d=mm&r=g\",\"contentUrl\":\"https:\\\/\\\/secure.gravatar.com\\\/avatar\\\/9137eff67ff750f1997c171f45e5829ca4c8fa34729a8f8cd9dc85be7e50df7f?s=96&d=mm&r=g\",\"caption\":\"Ana\u00efs Riu\"},\"url\":\"https:\\\/\\\/www.monaco-tribune.com\\\/en\\\/author\\\/anaisriu\\\/\"}]}<\/script>\n<!-- \/ Yoast SEO Premium plugin. -->","yoast_head_json":{"title":"Prince Albert II pays poignant tribute to victims of Great War","description":"The Monegasque Sovereign put his personal stamp on the ceremonies to mark the 106th anniversary of the 11 November 1918 Armistice,\u00a0 in Compi\u00e8gne, northern","robots":{"index":"index","follow":"follow","max-snippet":"max-snippet:-1","max-image-preview":"max-image-preview:large","max-video-preview":"max-video-preview:-1"},"canonical":"https:\/\/www.monaco-tribune.com\/en\/2024\/11\/prince-albert-ii-pays-poignant-tribute-to-victims-of-great-war\/","og_locale":"en_US","og_type":"article","og_title":"Prince Albert II pays poignant tribute to victims of Great War - Monaco Tribune","og_description":"The Monegasque Sovereign put his personal stamp on the ceremonies to mark the 106th anniversary of the 11 November 1918 Armistice,\u00a0 in Compi\u00e8gne, northern","og_url":"https:\/\/www.monaco-tribune.com\/en\/2024\/11\/prince-albert-ii-pays-poignant-tribute-to-victims-of-great-war\/","og_site_name":"Monaco Tribune","article_publisher":"https:\/\/www.facebook.com\/MonacoTribune","article_published_time":"2024-11-13T15:26:54+00:00","article_modified_time":"2024-11-13T15:30:11+00:00","og_image":[{"width":1199,"height":800,"url":"https:\/\/www.monaco-tribune.com\/wp-content\/uploads\/2024\/11\/ma-commemoration-11-novembre-compiegne-2.jpg.ocfcw5nqmr1jhdvjgbka.tmg5mtjcf1.jpg","type":"image\/jpeg"}],"author":"Ana\u00efs Riu","twitter_card":"summary_large_image","twitter_creator":"@MonacoTribune","twitter_site":"@MonacoTribune","schema":{"@context":"https:\/\/schema.org","@graph":[{"@type":"NewsArticle","@id":"https:\/\/www.monaco-tribune.com\/en\/2024\/11\/prince-albert-ii-pays-poignant-tribute-to-victims-of-great-war\/#article","isPartOf":{"@id":"https:\/\/www.monaco-tribune.com\/en\/2024\/11\/prince-albert-ii-pays-poignant-tribute-to-victims-of-great-war\/"},"author":{"name":"Ana\u00efs Riu","@id":"https:\/\/www.monaco-tribune.com\/en\/#\/schema\/person\/6db631c784f2f0eff54c3ca4d1da2d49"},"headline":"Prince Albert II pays poignant tribute to victims of Great War","datePublished":"2024-11-13T15:26:54+00:00","dateModified":"2024-11-13T15:30:11+00:00","mainEntityOfPage":{"@id":"https:\/\/www.monaco-tribune.com\/en\/2024\/11\/prince-albert-ii-pays-poignant-tribute-to-victims-of-great-war\/"},"wordCount":480,"publisher":{"@id":"https:\/\/www.monaco-tribune.com\/en\/#organization"},"image":{"@id":"https:\/\/www.monaco-tribune.com\/en\/2024\/11\/prince-albert-ii-pays-poignant-tribute-to-victims-of-great-war\/#primaryimage"},"thumbnailUrl":"https:\/\/www.monaco-tribune.com\/wp-content\/uploads\/2024\/11\/ma-commemoration-11-novembre-compiegne-2.jpg.ocfcw5nqmr1jhdvjgbka.tmg5mtjcf1.jpg","keywords":["Prince Albert II"],"articleSection":["Editor&#039;s choice","News","Princely Family"],"inLanguage":"en-US","copyrightYear":"2024","copyrightHolder":{"@id":"https:\/\/www.monaco-tribune.com\/#organization"}},{"@type":"WebPage","@id":"https:\/\/www.monaco-tribune.com\/en\/2024\/11\/prince-albert-ii-pays-poignant-tribute-to-victims-of-great-war\/","url":"https:\/\/www.monaco-tribune.com\/en\/2024\/11\/prince-albert-ii-pays-poignant-tribute-to-victims-of-great-war\/","name":"Prince Albert II pays poignant tribute to victims of Great War","isPartOf":{"@id":"https:\/\/www.monaco-tribune.com\/en\/#website"},"primaryImageOfPage":{"@id":"https:\/\/www.monaco-tribune.com\/en\/2024\/11\/prince-albert-ii-pays-poignant-tribute-to-victims-of-great-war\/#primaryimage"},"image":{"@id":"https:\/\/www.monaco-tribune.com\/en\/2024\/11\/prince-albert-ii-pays-poignant-tribute-to-victims-of-great-war\/#primaryimage"},"thumbnailUrl":"https:\/\/www.monaco-tribune.com\/wp-content\/uploads\/2024\/11\/ma-commemoration-11-novembre-compiegne-2.jpg.ocfcw5nqmr1jhdvjgbka.tmg5mtjcf1.jpg","datePublished":"2024-11-13T15:26:54+00:00","dateModified":"2024-11-13T15:30:11+00:00","description":"The Monegasque Sovereign put his personal stamp on the ceremonies to mark the 106th anniversary of the 11 November 1918 Armistice,\u00a0 in Compi\u00e8gne, northern","breadcrumb":{"@id":"https:\/\/www.monaco-tribune.com\/en\/2024\/11\/prince-albert-ii-pays-poignant-tribute-to-victims-of-great-war\/#breadcrumb"},"inLanguage":"en-US","potentialAction":[{"@type":"ReadAction","target":["https:\/\/www.monaco-tribune.com\/en\/2024\/11\/prince-albert-ii-pays-poignant-tribute-to-victims-of-great-war\/"]}]},{"@type":"ImageObject","inLanguage":"en-US","@id":"https:\/\/www.monaco-tribune.com\/en\/2024\/11\/prince-albert-ii-pays-poignant-tribute-to-victims-of-great-war\/#primaryimage","url":"https:\/\/www.monaco-tribune.com\/wp-content\/uploads\/2024\/11\/ma-commemoration-11-novembre-compiegne-2.jpg.ocfcw5nqmr1jhdvjgbka.tmg5mtjcf1.jpg","contentUrl":"https:\/\/www.monaco-tribune.com\/wp-content\/uploads\/2024\/11\/ma-commemoration-11-novembre-compiegne-2.jpg.ocfcw5nqmr1jhdvjgbka.tmg5mtjcf1.jpg","width":1199,"height":800,"caption":"\u00a9 Micha\u00ebl Alesi \/ Prince's Palace"},{"@type":"BreadcrumbList","@id":"https:\/\/www.monaco-tribune.com\/en\/2024\/11\/prince-albert-ii-pays-poignant-tribute-to-victims-of-great-war\/#breadcrumb","itemListElement":[{"@type":"ListItem","position":1,"name":"Accueil","item":"https:\/\/www.monaco-tribune.com\/en\/"},{"@type":"ListItem","position":2,"name":"Prince Albert II pays poignant tribute to victims of Great War"}]},{"@type":"WebSite","@id":"https:\/\/www.monaco-tribune.com\/en\/#website","url":"https:\/\/www.monaco-tribune.com\/en\/","name":"Monaco Tribune","description":"Monaco : actualit\u00e9s \u00e9conomiques, politiques, culturelles et sportives de Monaco et de la French Riviera.","publisher":{"@id":"https:\/\/www.monaco-tribune.com\/en\/#organization"},"potentialAction":[{"@type":"SearchAction","target":{"@type":"EntryPoint","urlTemplate":"https:\/\/www.monaco-tribune.com\/en\/?s={search_term_string}"},"query-input":{"@type":"PropertyValueSpecification","valueRequired":true,"valueName":"search_term_string"}}],"inLanguage":"en-US"},{"@type":"Organization","@id":"https:\/\/www.monaco-tribune.com\/en\/#organization","name":"Monaco Tribune","url":"https:\/\/www.monaco-tribune.com\/en\/","logo":{"@type":"ImageObject","inLanguage":"en-US","@id":"https:\/\/www.monaco-tribune.com\/en\/#\/schema\/logo\/image\/","url":"https:\/\/www.monaco-tribune.com\/wp-content\/uploads\/2022\/11\/logo-monaco-tribune.png","contentUrl":"https:\/\/www.monaco-tribune.com\/wp-content\/uploads\/2022\/11\/logo-monaco-tribune.png","width":1548,"height":600,"caption":"Monaco Tribune"},"image":{"@id":"https:\/\/www.monaco-tribune.com\/en\/#\/schema\/logo\/image\/"},"sameAs":["https:\/\/www.facebook.com\/MonacoTribune","https:\/\/x.com\/MonacoTribune","https:\/\/www.instagram.com\/monacotribune\/","https:\/\/www.linkedin.com\/company\/monaco-tribune","https:\/\/www.youtube.com\/channel\/UCHle1MnG6hw1y4lWKijVbMA"]},{"@type":"Person","@id":"https:\/\/www.monaco-tribune.com\/en\/#\/schema\/person\/6db631c784f2f0eff54c3ca4d1da2d49","name":"Ana\u00efs Riu","image":{"@type":"ImageObject","inLanguage":"en-US","@id":"https:\/\/secure.gravatar.com\/avatar\/9137eff67ff750f1997c171f45e5829ca4c8fa34729a8f8cd9dc85be7e50df7f?s=96&d=mm&r=g","url":"https:\/\/secure.gravatar.com\/avatar\/9137eff67ff750f1997c171f45e5829ca4c8fa34729a8f8cd9dc85be7e50df7f?s=96&d=mm&r=g","contentUrl":"https:\/\/secure.gravatar.com\/avatar\/9137eff67ff750f1997c171f45e5829ca4c8fa34729a8f8cd9dc85be7e50df7f?s=96&d=mm&r=g","caption":"Ana\u00efs Riu"},"url":"https:\/\/www.monaco-tribune.com\/en\/author\/anaisriu\/"}]}},"_links":{"self":[{"href":"https:\/\/www.monaco-tribune.com\/en\/wp-json\/wp\/v2\/posts\/260305","targetHints":{"allow":["GET"]}}],"collection":[{"href":"https:\/\/www.monaco-tribune.com\/en\/wp-json\/wp\/v2\/posts"}],"about":[{"href":"https:\/\/www.monaco-tribune.com\/en\/wp-json\/wp\/v2\/types\/post"}],"author":[{"embeddable":true,"href":"https:\/\/www.monaco-tribune.com\/en\/wp-json\/wp\/v2\/users\/77"}],"replies":[{"embeddable":true,"href":"https:\/\/www.monaco-tribune.com\/en\/wp-json\/wp\/v2\/comments?post=260305"}],"version-history":[{"count":2,"href":"https:\/\/www.monaco-tribune.com\/en\/wp-json\/wp\/v2\/posts\/260305\/revisions"}],"predecessor-version":[{"id":260316,"href":"https:\/\/www.monaco-tribune.com\/en\/wp-json\/wp\/v2\/posts\/260305\/revisions\/260316"}],"wp:featuredmedia":[{"embeddable":true,"href":"https:\/\/www.monaco-tribune.com\/en\/wp-json\/wp\/v2\/media\/259888"}],"wp:attachment":[{"href":"https:\/\/www.monaco-tribune.com\/en\/wp-json\/wp\/v2\/media?parent=260305"}],"wp:term":[{"taxonomy":"category","embeddable":true,"href":"https:\/\/www.monaco-tribune.com\/en\/wp-json\/wp\/v2\/categories?post=260305"},{"taxonomy":"post_tag","embeddable":true,"href":"https:\/\/www.monaco-tribune.com\/en\/wp-json\/wp\/v2\/tags?post=260305"},{"taxonomy":"sectag","embeddable":true,"href":"https:\/\/www.monaco-tribune.com\/en\/wp-json\/wp\/v2\/post_sectags?post=260305"},{"taxonomy":"format","embeddable":true,"href":"https:\/\/www.monaco-tribune.com\/en\/wp-json\/wp\/v2\/post_format?post=260305"}],"curies":[{"name":"wp","href":"https:\/\/api.w.org\/{rel}","templated":true}]}}