{"id":260321,"date":"2024-11-13T17:39:05","date_gmt":"2024-11-13T15:39:05","guid":{"rendered":"https:\/\/www.monaco-tribune.com\/2024\/11\/prince-albert-ii-foundation-and-vendee-globe-foundation-join-forces-to-protect-oceans\/"},"modified":"2024-11-13T17:42:40","modified_gmt":"2024-11-13T15:42:40","slug":"prince-albert-ii-foundation-and-vendee-globe-foundation-join-forces-to-protect-oceans","status":"publish","type":"post","link":"https:\/\/www.monaco-tribune.com\/en\/2024\/11\/prince-albert-ii-foundation-and-vendee-globe-foundation-join-forces-to-protect-oceans\/","title":{"rendered":"Prince Albert II Foundation and Vend\u00e9e Globe Foundation join forces to protect oceans"},"content":{"rendered":"\n<p><strong>On 8 November in Les Sables-d&#8217;Olonne, a major step was taken in terms of preserving the oceans. At the ceremony to launch the Vend\u00e9e Globe Foundation, Prince Albert II signed a historic partnership with the new organisation, dedicated to protecting marine ecosystems.<\/strong><\/p>\n\n<p>During the ceremony, the Monegasque Sovereign, accompanied by a number of VIPs, stressed the importance of the cooperation between the Prince Albert II and  Vend\u00e9e Globe Foundations. The partnership, which combines science, sport and environmental commitment, seeks to better understand and protect the oceans, while encouraging respectful behaviour towards the marine environment.<\/p>\n\n<p>Alain Leboeuf, President of the Vend\u00e9e Departmental Council, Gilles Sall\u00e9, President of the Vend\u00e9e Globe Foundation, and Olivier Wenden, Vice-President of the Prince Albert II Foundation were in attendance as the Sovereign underlined the importance of the collaboration between the two bodies in the fight against marine ecosystem decline. <\/p>\n\n<figure class=\"wp-block-gallery has-nested-images columns-default is-cropped wp-block-gallery-1 is-layout-flex wp-block-gallery-is-layout-flex\"><div class=\"wp-block-image\">\n<figure class=\"aligncenter size-large\"><img loading=\"lazy\" decoding=\"async\" width=\"1024\" height=\"682\" data-id=\"259822\" src=\"https:\/\/www.monaco-tribune.com\/wp-content\/uploads\/2024\/11\/la-fondation-prince-albert-ii-et-la-vendee-globe-foundation-sengagent-ensemble-pour-la-preservation-des-oceans4-1024x682.jpg\" alt=\"\" class=\"wp-image-259822\" srcset=\"https:\/\/www.monaco-tribune.com\/wp-content\/uploads\/2024\/11\/la-fondation-prince-albert-ii-et-la-vendee-globe-foundation-sengagent-ensemble-pour-la-preservation-des-oceans4-1024x682.jpg 1024w, https:\/\/www.monaco-tribune.com\/wp-content\/uploads\/2024\/11\/la-fondation-prince-albert-ii-et-la-vendee-globe-foundation-sengagent-ensemble-pour-la-preservation-des-oceans4-451x300.jpg 451w, https:\/\/www.monaco-tribune.com\/wp-content\/uploads\/2024\/11\/la-fondation-prince-albert-ii-et-la-vendee-globe-foundation-sengagent-ensemble-pour-la-preservation-des-oceans4.jpg 1364w\" sizes=\"auto, (max-width: 1024px) 100vw, 1024px\" \/><\/figure>\n<\/div>\n\n<div class=\"wp-block-image\">\n<figure class=\"aligncenter size-large\"><img loading=\"lazy\" decoding=\"async\" width=\"1024\" height=\"682\" data-id=\"259825\" src=\"https:\/\/www.monaco-tribune.com\/wp-content\/uploads\/2024\/11\/la-fondation-prince-albert-ii-et-la-vendee-globe-foundation-sengagent-ensemble-pour-la-preservation-des-oceans9-1024x682.jpg\" alt=\"\" class=\"wp-image-259825\" srcset=\"https:\/\/www.monaco-tribune.com\/wp-content\/uploads\/2024\/11\/la-fondation-prince-albert-ii-et-la-vendee-globe-foundation-sengagent-ensemble-pour-la-preservation-des-oceans9-1024x682.jpg 1024w, https:\/\/www.monaco-tribune.com\/wp-content\/uploads\/2024\/11\/la-fondation-prince-albert-ii-et-la-vendee-globe-foundation-sengagent-ensemble-pour-la-preservation-des-oceans9-451x300.jpg 451w, https:\/\/www.monaco-tribune.com\/wp-content\/uploads\/2024\/11\/la-fondation-prince-albert-ii-et-la-vendee-globe-foundation-sengagent-ensemble-pour-la-preservation-des-oceans9.jpg 1364w\" sizes=\"auto, (max-width: 1024px) 100vw, 1024px\" \/><\/figure>\n<\/div>\n\n<div class=\"wp-block-image\">\n<figure class=\"aligncenter size-large\"><img loading=\"lazy\" decoding=\"async\" width=\"1024\" height=\"685\" data-id=\"259826\" src=\"https:\/\/www.monaco-tribune.com\/wp-content\/uploads\/2024\/11\/la-fondation-prince-albert-ii-et-la-vendee-globe-foundation-sengagent-ensemble-pour-la-preservation-des-oceans5-1024x685.jpg\" alt=\"\" class=\"wp-image-259826\" srcset=\"https:\/\/www.monaco-tribune.com\/wp-content\/uploads\/2024\/11\/la-fondation-prince-albert-ii-et-la-vendee-globe-foundation-sengagent-ensemble-pour-la-preservation-des-oceans5-1024x685.jpg 1024w, https:\/\/www.monaco-tribune.com\/wp-content\/uploads\/2024\/11\/la-fondation-prince-albert-ii-et-la-vendee-globe-foundation-sengagent-ensemble-pour-la-preservation-des-oceans5-448x300.jpg 448w, https:\/\/www.monaco-tribune.com\/wp-content\/uploads\/2024\/11\/la-fondation-prince-albert-ii-et-la-vendee-globe-foundation-sengagent-ensemble-pour-la-preservation-des-oceans5.jpg 1370w\" sizes=\"auto, (max-width: 1024px) 100vw, 1024px\" \/><\/figure>\n<\/div><\/figure>\n\n<h2 class=\"wp-block-heading\" id=\"h-un-partenariat-au-coeur-de-la-dynamique-du-vendee-globe\">A partnership at the heart of the Vend\u00e9e Globe&#8217;s momentum<\/h2>\n\n<p>The partnership is part of the dynamic of the famous Vend\u00e9e Globe sailing race, a solo round-the-world challenge. The major sporting event embodies the values of courage, perseverance and, above all, respect for the ocean. The tenth edition of the race, which started on Sunday, &#8216;sets a new course&#8217; in the competition&#8217;s environmental efforts.<\/p>\n\n<p>The two institutions share common values, and are committed to promoting sustainability and innovation in sailing, while raising public awareness of the need to protect the oceans. A key aspect of the partnership is that one of the Vend\u00e9e Globe skippers is taking part in a Prince Albert II Foundation programme for young environmental leaders.<\/p>\n\n<p class=\"related\"><a href=\"https:\/\/www.monaco-tribune.com\/en\/2024\/11\/malizia-seaexplorer-to-represent-monaco-in-vendee-globe\/\">Malizia-Seaexplorer to represent Monaco in Vend\u00e9e Globe<\/a><\/p>\n\n<h2 class=\"wp-block-heading\" id=\"h-des-projets-concrets-pour-un-impact-durable\">Concrete projects with a lasting impact<\/h2>\n\n<p>The partnership also takes the form of a number of large-scale projects. In 2024, the Vend\u00e9e Globe Foundation endowment fund will support the <em>Share the Ocean<\/em> Consortium and the <em>William<\/em> mission, as well as a collaboration with UNESCO and the IMOCA Globe series. The aim of these initiatives is to intensify scientific efforts and encourage concrete action to preserve the seas and oceans.<\/p>\n\n<p>Prince Albert II has been appointed Honorary Chairman of the Foundation, whose undertakings will be guided by a Scientific Advisory Board chaired by Dr. Frank Zal, a recognised marine biology expert. The honorary role will further underline the scientific and ecological dimension of the projects that the organisation supports.<\/p>\n\n<figure class=\"wp-block-gallery has-nested-images columns-default is-cropped wp-block-gallery-2 is-layout-flex wp-block-gallery-is-layout-flex\"><div class=\"wp-block-image\">\n<figure class=\"aligncenter size-large\"><img loading=\"lazy\" decoding=\"async\" width=\"1024\" height=\"684\" data-id=\"259847\" src=\"https:\/\/www.monaco-tribune.com\/wp-content\/uploads\/2024\/11\/la-fondation-prince-albert-ii-et-la-vendee-globe-foundation-sengagent-ensemble-pour-la-preservation-des-oceans6-1024x684.jpg\" alt=\"\" class=\"wp-image-259847\" srcset=\"https:\/\/www.monaco-tribune.com\/wp-content\/uploads\/2024\/11\/la-fondation-prince-albert-ii-et-la-vendee-globe-foundation-sengagent-ensemble-pour-la-preservation-des-oceans6-1024x684.jpg 1024w, https:\/\/www.monaco-tribune.com\/wp-content\/uploads\/2024\/11\/la-fondation-prince-albert-ii-et-la-vendee-globe-foundation-sengagent-ensemble-pour-la-preservation-des-oceans6-449x300.jpg 449w, https:\/\/www.monaco-tribune.com\/wp-content\/uploads\/2024\/11\/la-fondation-prince-albert-ii-et-la-vendee-globe-foundation-sengagent-ensemble-pour-la-preservation-des-oceans6.jpg 1366w\" sizes=\"auto, (max-width: 1024px) 100vw, 1024px\" \/><\/figure>\n<\/div>\n\n\n<figure class=\"wp-block-image size-large\"><img loading=\"lazy\" decoding=\"async\" width=\"1024\" height=\"682\" data-id=\"259834\" src=\"https:\/\/www.monaco-tribune.com\/wp-content\/uploads\/2024\/11\/la-fondation-prince-albert-ii-et-la-vendee-globe-foundation-sengagent-ensemble-pour-la-preservation-des-oceans-1024x682.jpg\" alt=\"\" class=\"wp-image-259834\" srcset=\"https:\/\/www.monaco-tribune.com\/wp-content\/uploads\/2024\/11\/la-fondation-prince-albert-ii-et-la-vendee-globe-foundation-sengagent-ensemble-pour-la-preservation-des-oceans-1024x682.jpg 1024w, https:\/\/www.monaco-tribune.com\/wp-content\/uploads\/2024\/11\/la-fondation-prince-albert-ii-et-la-vendee-globe-foundation-sengagent-ensemble-pour-la-preservation-des-oceans-451x300.jpg 451w, https:\/\/www.monaco-tribune.com\/wp-content\/uploads\/2024\/11\/la-fondation-prince-albert-ii-et-la-vendee-globe-foundation-sengagent-ensemble-pour-la-preservation-des-oceans.jpg 1364w\" sizes=\"auto, (max-width: 1024px) 100vw, 1024px\" \/><\/figure>\n\n\n<div class=\"wp-block-image\">\n<figure class=\"aligncenter size-large\"><img loading=\"lazy\" decoding=\"async\" width=\"1024\" height=\"682\" data-id=\"259835\" src=\"https:\/\/www.monaco-tribune.com\/wp-content\/uploads\/2024\/11\/la-fondation-prince-albert-ii-et-la-vendee-globe-foundation-sengagent-ensemble-pour-la-preservation-des-oceans2-1024x682.jpg\" alt=\"\" class=\"wp-image-259835\" srcset=\"https:\/\/www.monaco-tribune.com\/wp-content\/uploads\/2024\/11\/la-fondation-prince-albert-ii-et-la-vendee-globe-foundation-sengagent-ensemble-pour-la-preservation-des-oceans2-1024x682.jpg 1024w, https:\/\/www.monaco-tribune.com\/wp-content\/uploads\/2024\/11\/la-fondation-prince-albert-ii-et-la-vendee-globe-foundation-sengagent-ensemble-pour-la-preservation-des-oceans2-451x300.jpg 451w, https:\/\/www.monaco-tribune.com\/wp-content\/uploads\/2024\/11\/la-fondation-prince-albert-ii-et-la-vendee-globe-foundation-sengagent-ensemble-pour-la-preservation-des-oceans2.jpg 1364w\" sizes=\"auto, (max-width: 1024px) 100vw, 1024px\" \/><\/figure>\n<\/div>\n\n<div class=\"wp-block-image\">\n<figure class=\"aligncenter size-large\"><img loading=\"lazy\" decoding=\"async\" width=\"1024\" height=\"684\" data-id=\"259850\" src=\"https:\/\/www.monaco-tribune.com\/wp-content\/uploads\/2024\/11\/la-fondation-prince-albert-ii-et-la-vendee-globe-foundation-sengagent-ensemble-pour-la-preservation-des-oceans7-1024x684.jpg\" alt=\"\" class=\"wp-image-259850\" srcset=\"https:\/\/www.monaco-tribune.com\/wp-content\/uploads\/2024\/11\/la-fondation-prince-albert-ii-et-la-vendee-globe-foundation-sengagent-ensemble-pour-la-preservation-des-oceans7-1024x684.jpg 1024w, https:\/\/www.monaco-tribune.com\/wp-content\/uploads\/2024\/11\/la-fondation-prince-albert-ii-et-la-vendee-globe-foundation-sengagent-ensemble-pour-la-preservation-des-oceans7-449x300.jpg 449w, https:\/\/www.monaco-tribune.com\/wp-content\/uploads\/2024\/11\/la-fondation-prince-albert-ii-et-la-vendee-globe-foundation-sengagent-ensemble-pour-la-preservation-des-oceans7.jpg 1366w\" sizes=\"auto, (max-width: 1024px) 100vw, 1024px\" \/><\/figure>\n<\/div>\n\n<div class=\"wp-block-image\">\n<figure class=\"aligncenter size-large\"><img loading=\"lazy\" decoding=\"async\" width=\"1024\" height=\"682\" data-id=\"259854\" src=\"https:\/\/www.monaco-tribune.com\/wp-content\/uploads\/2024\/11\/la-fondation-prince-albert-ii-et-la-vendee-globe-foundation-sengagent-ensemble-pour-la-preservation-des-oceans3-1024x682.jpg\" alt=\"\" class=\"wp-image-259854\" srcset=\"https:\/\/www.monaco-tribune.com\/wp-content\/uploads\/2024\/11\/la-fondation-prince-albert-ii-et-la-vendee-globe-foundation-sengagent-ensemble-pour-la-preservation-des-oceans3-1024x682.jpg 1024w, https:\/\/www.monaco-tribune.com\/wp-content\/uploads\/2024\/11\/la-fondation-prince-albert-ii-et-la-vendee-globe-foundation-sengagent-ensemble-pour-la-preservation-des-oceans3-451x300.jpg 451w, https:\/\/www.monaco-tribune.com\/wp-content\/uploads\/2024\/11\/la-fondation-prince-albert-ii-et-la-vendee-globe-foundation-sengagent-ensemble-pour-la-preservation-des-oceans3.jpg 1364w\" sizes=\"auto, (max-width: 1024px) 100vw, 1024px\" \/><\/figure>\n<\/div><\/figure>\n\n<p><em>Photo credits: Axel Bastello \/ Prince&#8217;s Palace<\/em><\/p>\n\n<p class=\"related\"><a href=\"https:\/\/www.monaco-tribune.com\/en\/2024\/10\/oceans-the-principalitys-future-controversy-and-transparency-prince-albert-ii-speaks-out-in-interview\/\">Oceans, the Principality&#8217;s future, controversy and transparency&#8230; Prince Albert II speaks out in interview<\/a><\/p>\n","protected":false},"excerpt":{"rendered":"<p>On 8 November in Les Sables-d&#8217;Olonne, a major step was taken in terms of preserving the oceans. At the ceremony [&hellip;]<\/p>\n","protected":false},"author":77,"featured_media":259819,"comment_status":"closed","ping_status":"closed","sticky":false,"template":"","format":"standard","meta":{"_acf_changed":false,"footnotes":""},"categories":[1825,243,254],"tags":[2830],"post_sectags":[4897,4993,3905,5257],"post_format":[2462],"class_list":["post-260321","post","type-post","status-publish","format-standard","has-post-thumbnail","hentry","category-editors-choice","category-news","category-people-en","tag-prince-albert-ii-en-2","sectag-environment","sectag-prince-albert-ii-foundation","sectag-princes-foundation","sectag-vendee-globe-en","format-photos-en"],"acf":[],"yoast_head":"<!-- This site is optimized with the Yoast SEO Premium plugin v26.8 (Yoast SEO v27.5) - https:\/\/yoast.com\/product\/yoast-seo-premium-wordpress\/ -->\n<title>Prince Albert II Foundation and Vend\u00e9e Globe Foundation join forces to protect oceans<\/title>\n<meta name=\"description\" content=\"On 8 November in Les Sables-d&#039;Olonne, a major step was taken in terms of preserving the oceans. At the ceremony to launch the Vend\u00e9e Globe Foundation,\" \/>\n<meta name=\"robots\" content=\"index, follow, max-snippet:-1, max-image-preview:large, max-video-preview:-1\" \/>\n<link rel=\"canonical\" href=\"https:\/\/www.monaco-tribune.com\/en\/2024\/11\/prince-albert-ii-foundation-and-vendee-globe-foundation-join-forces-to-protect-oceans\/\" \/>\n<meta property=\"og:locale\" content=\"en_US\" \/>\n<meta property=\"og:type\" content=\"article\" \/>\n<meta property=\"og:title\" content=\"Prince Albert II Foundation and Vend\u00e9e Globe Foundation join forces to protect oceans - Monaco Tribune\" \/>\n<meta property=\"og:description\" content=\"On 8 November in Les Sables-d&#039;Olonne, a major step was taken in terms of preserving the oceans. At the ceremony to launch the Vend\u00e9e Globe Foundation,\" \/>\n<meta property=\"og:url\" content=\"https:\/\/www.monaco-tribune.com\/en\/2024\/11\/prince-albert-ii-foundation-and-vendee-globe-foundation-join-forces-to-protect-oceans\/\" \/>\n<meta property=\"og:site_name\" content=\"Monaco Tribune\" \/>\n<meta property=\"article:publisher\" content=\"https:\/\/www.facebook.com\/MonacoTribune\" \/>\n<meta property=\"article:published_time\" content=\"2024-11-13T15:39:05+00:00\" \/>\n<meta property=\"article:modified_time\" content=\"2024-11-13T15:42:40+00:00\" \/>\n<meta property=\"og:image\" content=\"https:\/\/www.monaco-tribune.com\/wp-content\/uploads\/2024\/11\/la-fondation-prince-albert-ii-et-la-vendee-globe-foundation-sengagent-ensemble-pour-la-preservation-des-oceans8.jpg\" \/>\n\t<meta property=\"og:image:width\" content=\"1366\" \/>\n\t<meta property=\"og:image:height\" content=\"912\" \/>\n\t<meta property=\"og:image:type\" content=\"image\/jpeg\" \/>\n<meta name=\"author\" content=\"Ana\u00efs Riu\" \/>\n<meta name=\"twitter:card\" content=\"summary_large_image\" \/>\n<meta name=\"twitter:creator\" content=\"@MonacoTribune\" \/>\n<meta name=\"twitter:site\" content=\"@MonacoTribune\" \/>\n<script type=\"application\/ld+json\" class=\"yoast-schema-graph\">{\"@context\":\"https:\\\/\\\/schema.org\",\"@graph\":[{\"@type\":\"NewsArticle\",\"@id\":\"https:\\\/\\\/www.monaco-tribune.com\\\/en\\\/2024\\\/11\\\/prince-albert-ii-foundation-and-vendee-globe-foundation-join-forces-to-protect-oceans\\\/#article\",\"isPartOf\":{\"@id\":\"https:\\\/\\\/www.monaco-tribune.com\\\/en\\\/2024\\\/11\\\/prince-albert-ii-foundation-and-vendee-globe-foundation-join-forces-to-protect-oceans\\\/\"},\"author\":{\"name\":\"Ana\u00efs Riu\",\"@id\":\"https:\\\/\\\/www.monaco-tribune.com\\\/en\\\/#\\\/schema\\\/person\\\/6db631c784f2f0eff54c3ca4d1da2d49\"},\"headline\":\"Prince Albert II Foundation and Vend\u00e9e Globe Foundation join forces to protect oceans\",\"datePublished\":\"2024-11-13T15:39:05+00:00\",\"dateModified\":\"2024-11-13T15:42:40+00:00\",\"mainEntityOfPage\":{\"@id\":\"https:\\\/\\\/www.monaco-tribune.com\\\/en\\\/2024\\\/11\\\/prince-albert-ii-foundation-and-vendee-globe-foundation-join-forces-to-protect-oceans\\\/\"},\"wordCount\":433,\"publisher\":{\"@id\":\"https:\\\/\\\/www.monaco-tribune.com\\\/en\\\/#organization\"},\"image\":{\"@id\":\"https:\\\/\\\/www.monaco-tribune.com\\\/en\\\/2024\\\/11\\\/prince-albert-ii-foundation-and-vendee-globe-foundation-join-forces-to-protect-oceans\\\/#primaryimage\"},\"thumbnailUrl\":\"https:\\\/\\\/www.monaco-tribune.com\\\/wp-content\\\/uploads\\\/2024\\\/11\\\/la-fondation-prince-albert-ii-et-la-vendee-globe-foundation-sengagent-ensemble-pour-la-preservation-des-oceans8.jpg\",\"keywords\":[\"Prince Albert II\"],\"articleSection\":[\"Editor&#039;s choice\",\"News\",\"Princely Family\"],\"inLanguage\":\"en-US\",\"copyrightYear\":\"2024\",\"copyrightHolder\":{\"@id\":\"https:\\\/\\\/www.monaco-tribune.com\\\/#organization\"}},{\"@type\":\"WebPage\",\"@id\":\"https:\\\/\\\/www.monaco-tribune.com\\\/en\\\/2024\\\/11\\\/prince-albert-ii-foundation-and-vendee-globe-foundation-join-forces-to-protect-oceans\\\/\",\"url\":\"https:\\\/\\\/www.monaco-tribune.com\\\/en\\\/2024\\\/11\\\/prince-albert-ii-foundation-and-vendee-globe-foundation-join-forces-to-protect-oceans\\\/\",\"name\":\"Prince Albert II Foundation and Vend\u00e9e Globe Foundation join forces to protect oceans\",\"isPartOf\":{\"@id\":\"https:\\\/\\\/www.monaco-tribune.com\\\/en\\\/#website\"},\"primaryImageOfPage\":{\"@id\":\"https:\\\/\\\/www.monaco-tribune.com\\\/en\\\/2024\\\/11\\\/prince-albert-ii-foundation-and-vendee-globe-foundation-join-forces-to-protect-oceans\\\/#primaryimage\"},\"image\":{\"@id\":\"https:\\\/\\\/www.monaco-tribune.com\\\/en\\\/2024\\\/11\\\/prince-albert-ii-foundation-and-vendee-globe-foundation-join-forces-to-protect-oceans\\\/#primaryimage\"},\"thumbnailUrl\":\"https:\\\/\\\/www.monaco-tribune.com\\\/wp-content\\\/uploads\\\/2024\\\/11\\\/la-fondation-prince-albert-ii-et-la-vendee-globe-foundation-sengagent-ensemble-pour-la-preservation-des-oceans8.jpg\",\"datePublished\":\"2024-11-13T15:39:05+00:00\",\"dateModified\":\"2024-11-13T15:42:40+00:00\",\"description\":\"On 8 November in Les Sables-d'Olonne, a major step was taken in terms of preserving the oceans. At the ceremony to launch the Vend\u00e9e Globe Foundation,\",\"breadcrumb\":{\"@id\":\"https:\\\/\\\/www.monaco-tribune.com\\\/en\\\/2024\\\/11\\\/prince-albert-ii-foundation-and-vendee-globe-foundation-join-forces-to-protect-oceans\\\/#breadcrumb\"},\"inLanguage\":\"en-US\",\"potentialAction\":[{\"@type\":\"ReadAction\",\"target\":[\"https:\\\/\\\/www.monaco-tribune.com\\\/en\\\/2024\\\/11\\\/prince-albert-ii-foundation-and-vendee-globe-foundation-join-forces-to-protect-oceans\\\/\"]}]},{\"@type\":\"ImageObject\",\"inLanguage\":\"en-US\",\"@id\":\"https:\\\/\\\/www.monaco-tribune.com\\\/en\\\/2024\\\/11\\\/prince-albert-ii-foundation-and-vendee-globe-foundation-join-forces-to-protect-oceans\\\/#primaryimage\",\"url\":\"https:\\\/\\\/www.monaco-tribune.com\\\/wp-content\\\/uploads\\\/2024\\\/11\\\/la-fondation-prince-albert-ii-et-la-vendee-globe-foundation-sengagent-ensemble-pour-la-preservation-des-oceans8.jpg\",\"contentUrl\":\"https:\\\/\\\/www.monaco-tribune.com\\\/wp-content\\\/uploads\\\/2024\\\/11\\\/la-fondation-prince-albert-ii-et-la-vendee-globe-foundation-sengagent-ensemble-pour-la-preservation-des-oceans8.jpg\",\"width\":1366,\"height\":912,\"caption\":\"\u00a9 Axel Bastello \\\/ Prince's Palace\"},{\"@type\":\"BreadcrumbList\",\"@id\":\"https:\\\/\\\/www.monaco-tribune.com\\\/en\\\/2024\\\/11\\\/prince-albert-ii-foundation-and-vendee-globe-foundation-join-forces-to-protect-oceans\\\/#breadcrumb\",\"itemListElement\":[{\"@type\":\"ListItem\",\"position\":1,\"name\":\"Accueil\",\"item\":\"https:\\\/\\\/www.monaco-tribune.com\\\/en\\\/\"},{\"@type\":\"ListItem\",\"position\":2,\"name\":\"Prince Albert II Foundation and Vend\u00e9e Globe Foundation join forces to protect oceans\"}]},{\"@type\":\"WebSite\",\"@id\":\"https:\\\/\\\/www.monaco-tribune.com\\\/en\\\/#website\",\"url\":\"https:\\\/\\\/www.monaco-tribune.com\\\/en\\\/\",\"name\":\"Monaco Tribune\",\"description\":\"Monaco : actualit\u00e9s \u00e9conomiques, politiques, culturelles et sportives de Monaco et de la French Riviera.\",\"publisher\":{\"@id\":\"https:\\\/\\\/www.monaco-tribune.com\\\/en\\\/#organization\"},\"potentialAction\":[{\"@type\":\"SearchAction\",\"target\":{\"@type\":\"EntryPoint\",\"urlTemplate\":\"https:\\\/\\\/www.monaco-tribune.com\\\/en\\\/?s={search_term_string}\"},\"query-input\":{\"@type\":\"PropertyValueSpecification\",\"valueRequired\":true,\"valueName\":\"search_term_string\"}}],\"inLanguage\":\"en-US\"},{\"@type\":\"Organization\",\"@id\":\"https:\\\/\\\/www.monaco-tribune.com\\\/en\\\/#organization\",\"name\":\"Monaco Tribune\",\"url\":\"https:\\\/\\\/www.monaco-tribune.com\\\/en\\\/\",\"logo\":{\"@type\":\"ImageObject\",\"inLanguage\":\"en-US\",\"@id\":\"https:\\\/\\\/www.monaco-tribune.com\\\/en\\\/#\\\/schema\\\/logo\\\/image\\\/\",\"url\":\"https:\\\/\\\/www.monaco-tribune.com\\\/wp-content\\\/uploads\\\/2022\\\/11\\\/logo-monaco-tribune.png\",\"contentUrl\":\"https:\\\/\\\/www.monaco-tribune.com\\\/wp-content\\\/uploads\\\/2022\\\/11\\\/logo-monaco-tribune.png\",\"width\":1548,\"height\":600,\"caption\":\"Monaco Tribune\"},\"image\":{\"@id\":\"https:\\\/\\\/www.monaco-tribune.com\\\/en\\\/#\\\/schema\\\/logo\\\/image\\\/\"},\"sameAs\":[\"https:\\\/\\\/www.facebook.com\\\/MonacoTribune\",\"https:\\\/\\\/x.com\\\/MonacoTribune\",\"https:\\\/\\\/www.instagram.com\\\/monacotribune\\\/\",\"https:\\\/\\\/www.linkedin.com\\\/company\\\/monaco-tribune\",\"https:\\\/\\\/www.youtube.com\\\/channel\\\/UCHle1MnG6hw1y4lWKijVbMA\"]},{\"@type\":\"Person\",\"@id\":\"https:\\\/\\\/www.monaco-tribune.com\\\/en\\\/#\\\/schema\\\/person\\\/6db631c784f2f0eff54c3ca4d1da2d49\",\"name\":\"Ana\u00efs Riu\",\"image\":{\"@type\":\"ImageObject\",\"inLanguage\":\"en-US\",\"@id\":\"https:\\\/\\\/secure.gravatar.com\\\/avatar\\\/9137eff67ff750f1997c171f45e5829ca4c8fa34729a8f8cd9dc85be7e50df7f?s=96&d=mm&r=g\",\"url\":\"https:\\\/\\\/secure.gravatar.com\\\/avatar\\\/9137eff67ff750f1997c171f45e5829ca4c8fa34729a8f8cd9dc85be7e50df7f?s=96&d=mm&r=g\",\"contentUrl\":\"https:\\\/\\\/secure.gravatar.com\\\/avatar\\\/9137eff67ff750f1997c171f45e5829ca4c8fa34729a8f8cd9dc85be7e50df7f?s=96&d=mm&r=g\",\"caption\":\"Ana\u00efs Riu\"},\"url\":\"https:\\\/\\\/www.monaco-tribune.com\\\/en\\\/author\\\/anaisriu\\\/\"}]}<\/script>\n<!-- \/ Yoast SEO Premium plugin. -->","yoast_head_json":{"title":"Prince Albert II Foundation and Vend\u00e9e Globe Foundation join forces to protect oceans","description":"On 8 November in Les Sables-d'Olonne, a major step was taken in terms of preserving the oceans. At the ceremony to launch the Vend\u00e9e Globe Foundation,","robots":{"index":"index","follow":"follow","max-snippet":"max-snippet:-1","max-image-preview":"max-image-preview:large","max-video-preview":"max-video-preview:-1"},"canonical":"https:\/\/www.monaco-tribune.com\/en\/2024\/11\/prince-albert-ii-foundation-and-vendee-globe-foundation-join-forces-to-protect-oceans\/","og_locale":"en_US","og_type":"article","og_title":"Prince Albert II Foundation and Vend\u00e9e Globe Foundation join forces to protect oceans - Monaco Tribune","og_description":"On 8 November in Les Sables-d'Olonne, a major step was taken in terms of preserving the oceans. At the ceremony to launch the Vend\u00e9e Globe Foundation,","og_url":"https:\/\/www.monaco-tribune.com\/en\/2024\/11\/prince-albert-ii-foundation-and-vendee-globe-foundation-join-forces-to-protect-oceans\/","og_site_name":"Monaco Tribune","article_publisher":"https:\/\/www.facebook.com\/MonacoTribune","article_published_time":"2024-11-13T15:39:05+00:00","article_modified_time":"2024-11-13T15:42:40+00:00","og_image":[{"width":1366,"height":912,"url":"https:\/\/www.monaco-tribune.com\/wp-content\/uploads\/2024\/11\/la-fondation-prince-albert-ii-et-la-vendee-globe-foundation-sengagent-ensemble-pour-la-preservation-des-oceans8.jpg","type":"image\/jpeg"}],"author":"Ana\u00efs Riu","twitter_card":"summary_large_image","twitter_creator":"@MonacoTribune","twitter_site":"@MonacoTribune","schema":{"@context":"https:\/\/schema.org","@graph":[{"@type":"NewsArticle","@id":"https:\/\/www.monaco-tribune.com\/en\/2024\/11\/prince-albert-ii-foundation-and-vendee-globe-foundation-join-forces-to-protect-oceans\/#article","isPartOf":{"@id":"https:\/\/www.monaco-tribune.com\/en\/2024\/11\/prince-albert-ii-foundation-and-vendee-globe-foundation-join-forces-to-protect-oceans\/"},"author":{"name":"Ana\u00efs Riu","@id":"https:\/\/www.monaco-tribune.com\/en\/#\/schema\/person\/6db631c784f2f0eff54c3ca4d1da2d49"},"headline":"Prince Albert II Foundation and Vend\u00e9e Globe Foundation join forces to protect oceans","datePublished":"2024-11-13T15:39:05+00:00","dateModified":"2024-11-13T15:42:40+00:00","mainEntityOfPage":{"@id":"https:\/\/www.monaco-tribune.com\/en\/2024\/11\/prince-albert-ii-foundation-and-vendee-globe-foundation-join-forces-to-protect-oceans\/"},"wordCount":433,"publisher":{"@id":"https:\/\/www.monaco-tribune.com\/en\/#organization"},"image":{"@id":"https:\/\/www.monaco-tribune.com\/en\/2024\/11\/prince-albert-ii-foundation-and-vendee-globe-foundation-join-forces-to-protect-oceans\/#primaryimage"},"thumbnailUrl":"https:\/\/www.monaco-tribune.com\/wp-content\/uploads\/2024\/11\/la-fondation-prince-albert-ii-et-la-vendee-globe-foundation-sengagent-ensemble-pour-la-preservation-des-oceans8.jpg","keywords":["Prince Albert II"],"articleSection":["Editor&#039;s choice","News","Princely Family"],"inLanguage":"en-US","copyrightYear":"2024","copyrightHolder":{"@id":"https:\/\/www.monaco-tribune.com\/#organization"}},{"@type":"WebPage","@id":"https:\/\/www.monaco-tribune.com\/en\/2024\/11\/prince-albert-ii-foundation-and-vendee-globe-foundation-join-forces-to-protect-oceans\/","url":"https:\/\/www.monaco-tribune.com\/en\/2024\/11\/prince-albert-ii-foundation-and-vendee-globe-foundation-join-forces-to-protect-oceans\/","name":"Prince Albert II Foundation and Vend\u00e9e Globe Foundation join forces to protect oceans","isPartOf":{"@id":"https:\/\/www.monaco-tribune.com\/en\/#website"},"primaryImageOfPage":{"@id":"https:\/\/www.monaco-tribune.com\/en\/2024\/11\/prince-albert-ii-foundation-and-vendee-globe-foundation-join-forces-to-protect-oceans\/#primaryimage"},"image":{"@id":"https:\/\/www.monaco-tribune.com\/en\/2024\/11\/prince-albert-ii-foundation-and-vendee-globe-foundation-join-forces-to-protect-oceans\/#primaryimage"},"thumbnailUrl":"https:\/\/www.monaco-tribune.com\/wp-content\/uploads\/2024\/11\/la-fondation-prince-albert-ii-et-la-vendee-globe-foundation-sengagent-ensemble-pour-la-preservation-des-oceans8.jpg","datePublished":"2024-11-13T15:39:05+00:00","dateModified":"2024-11-13T15:42:40+00:00","description":"On 8 November in Les Sables-d'Olonne, a major step was taken in terms of preserving the oceans. At the ceremony to launch the Vend\u00e9e Globe Foundation,","breadcrumb":{"@id":"https:\/\/www.monaco-tribune.com\/en\/2024\/11\/prince-albert-ii-foundation-and-vendee-globe-foundation-join-forces-to-protect-oceans\/#breadcrumb"},"inLanguage":"en-US","potentialAction":[{"@type":"ReadAction","target":["https:\/\/www.monaco-tribune.com\/en\/2024\/11\/prince-albert-ii-foundation-and-vendee-globe-foundation-join-forces-to-protect-oceans\/"]}]},{"@type":"ImageObject","inLanguage":"en-US","@id":"https:\/\/www.monaco-tribune.com\/en\/2024\/11\/prince-albert-ii-foundation-and-vendee-globe-foundation-join-forces-to-protect-oceans\/#primaryimage","url":"https:\/\/www.monaco-tribune.com\/wp-content\/uploads\/2024\/11\/la-fondation-prince-albert-ii-et-la-vendee-globe-foundation-sengagent-ensemble-pour-la-preservation-des-oceans8.jpg","contentUrl":"https:\/\/www.monaco-tribune.com\/wp-content\/uploads\/2024\/11\/la-fondation-prince-albert-ii-et-la-vendee-globe-foundation-sengagent-ensemble-pour-la-preservation-des-oceans8.jpg","width":1366,"height":912,"caption":"\u00a9 Axel Bastello \/ Prince's Palace"},{"@type":"BreadcrumbList","@id":"https:\/\/www.monaco-tribune.com\/en\/2024\/11\/prince-albert-ii-foundation-and-vendee-globe-foundation-join-forces-to-protect-oceans\/#breadcrumb","itemListElement":[{"@type":"ListItem","position":1,"name":"Accueil","item":"https:\/\/www.monaco-tribune.com\/en\/"},{"@type":"ListItem","position":2,"name":"Prince Albert II Foundation and Vend\u00e9e Globe Foundation join forces to protect oceans"}]},{"@type":"WebSite","@id":"https:\/\/www.monaco-tribune.com\/en\/#website","url":"https:\/\/www.monaco-tribune.com\/en\/","name":"Monaco Tribune","description":"Monaco : actualit\u00e9s \u00e9conomiques, politiques, culturelles et sportives de Monaco et de la French Riviera.","publisher":{"@id":"https:\/\/www.monaco-tribune.com\/en\/#organization"},"potentialAction":[{"@type":"SearchAction","target":{"@type":"EntryPoint","urlTemplate":"https:\/\/www.monaco-tribune.com\/en\/?s={search_term_string}"},"query-input":{"@type":"PropertyValueSpecification","valueRequired":true,"valueName":"search_term_string"}}],"inLanguage":"en-US"},{"@type":"Organization","@id":"https:\/\/www.monaco-tribune.com\/en\/#organization","name":"Monaco Tribune","url":"https:\/\/www.monaco-tribune.com\/en\/","logo":{"@type":"ImageObject","inLanguage":"en-US","@id":"https:\/\/www.monaco-tribune.com\/en\/#\/schema\/logo\/image\/","url":"https:\/\/www.monaco-tribune.com\/wp-content\/uploads\/2022\/11\/logo-monaco-tribune.png","contentUrl":"https:\/\/www.monaco-tribune.com\/wp-content\/uploads\/2022\/11\/logo-monaco-tribune.png","width":1548,"height":600,"caption":"Monaco Tribune"},"image":{"@id":"https:\/\/www.monaco-tribune.com\/en\/#\/schema\/logo\/image\/"},"sameAs":["https:\/\/www.facebook.com\/MonacoTribune","https:\/\/x.com\/MonacoTribune","https:\/\/www.instagram.com\/monacotribune\/","https:\/\/www.linkedin.com\/company\/monaco-tribune","https:\/\/www.youtube.com\/channel\/UCHle1MnG6hw1y4lWKijVbMA"]},{"@type":"Person","@id":"https:\/\/www.monaco-tribune.com\/en\/#\/schema\/person\/6db631c784f2f0eff54c3ca4d1da2d49","name":"Ana\u00efs Riu","image":{"@type":"ImageObject","inLanguage":"en-US","@id":"https:\/\/secure.gravatar.com\/avatar\/9137eff67ff750f1997c171f45e5829ca4c8fa34729a8f8cd9dc85be7e50df7f?s=96&d=mm&r=g","url":"https:\/\/secure.gravatar.com\/avatar\/9137eff67ff750f1997c171f45e5829ca4c8fa34729a8f8cd9dc85be7e50df7f?s=96&d=mm&r=g","contentUrl":"https:\/\/secure.gravatar.com\/avatar\/9137eff67ff750f1997c171f45e5829ca4c8fa34729a8f8cd9dc85be7e50df7f?s=96&d=mm&r=g","caption":"Ana\u00efs Riu"},"url":"https:\/\/www.monaco-tribune.com\/en\/author\/anaisriu\/"}]}},"_links":{"self":[{"href":"https:\/\/www.monaco-tribune.com\/en\/wp-json\/wp\/v2\/posts\/260321","targetHints":{"allow":["GET"]}}],"collection":[{"href":"https:\/\/www.monaco-tribune.com\/en\/wp-json\/wp\/v2\/posts"}],"about":[{"href":"https:\/\/www.monaco-tribune.com\/en\/wp-json\/wp\/v2\/types\/post"}],"author":[{"embeddable":true,"href":"https:\/\/www.monaco-tribune.com\/en\/wp-json\/wp\/v2\/users\/77"}],"replies":[{"embeddable":true,"href":"https:\/\/www.monaco-tribune.com\/en\/wp-json\/wp\/v2\/comments?post=260321"}],"version-history":[{"count":2,"href":"https:\/\/www.monaco-tribune.com\/en\/wp-json\/wp\/v2\/posts\/260321\/revisions"}],"predecessor-version":[{"id":260327,"href":"https:\/\/www.monaco-tribune.com\/en\/wp-json\/wp\/v2\/posts\/260321\/revisions\/260327"}],"wp:featuredmedia":[{"embeddable":true,"href":"https:\/\/www.monaco-tribune.com\/en\/wp-json\/wp\/v2\/media\/259819"}],"wp:attachment":[{"href":"https:\/\/www.monaco-tribune.com\/en\/wp-json\/wp\/v2\/media?parent=260321"}],"wp:term":[{"taxonomy":"category","embeddable":true,"href":"https:\/\/www.monaco-tribune.com\/en\/wp-json\/wp\/v2\/categories?post=260321"},{"taxonomy":"post_tag","embeddable":true,"href":"https:\/\/www.monaco-tribune.com\/en\/wp-json\/wp\/v2\/tags?post=260321"},{"taxonomy":"sectag","embeddable":true,"href":"https:\/\/www.monaco-tribune.com\/en\/wp-json\/wp\/v2\/post_sectags?post=260321"},{"taxonomy":"format","embeddable":true,"href":"https:\/\/www.monaco-tribune.com\/en\/wp-json\/wp\/v2\/post_format?post=260321"}],"curies":[{"name":"wp","href":"https:\/\/api.w.org\/{rel}","templated":true}]}}