{"id":262854,"date":"2024-11-26T17:16:10","date_gmt":"2024-11-26T15:16:10","guid":{"rendered":"https:\/\/www.monaco-tribune.com\/2024\/11\/the-boustany-family-powerful-yet-discreet-a-symbol-of-relations-between-monaco-and-lebanon\/"},"modified":"2024-11-26T17:16:21","modified_gmt":"2024-11-26T15:16:21","slug":"the-boustany-family-powerful-yet-discreet-a-symbol-of-relations-between-monaco-and-lebanon","status":"publish","type":"post","link":"https:\/\/www.monaco-tribune.com\/en\/2024\/11\/the-boustany-family-powerful-yet-discreet-a-symbol-of-relations-between-monaco-and-lebanon\/","title":{"rendered":"The Boustany family: powerful yet discreet, a symbol of relations between Monaco and Lebanon"},"content":{"rendered":"\n<p><strong>From patriarch Nabil Boustany, the man behind the rebirth of the H\u00f4tel M\u00e9tropole Monte-Carlo, to collector son Majid, a great admirer of the work of Francis Bacon, and his brother Fadi, who is perpetuating his father&#8217;s hotel legacy, the Boustany family is as discreet as it is deeply attached to the Principality and the Princely Family.\u00a0<\/strong><\/p>\n\n<p><a href=\"https:\/\/www.babelio.com\/auteur\/Francis-Bacon-II\/233394\/citationsa\">Francis Bacon believed <\/a>\u00a0\u201c<em>the most important thing is to look at the painting\u2014to read the poetry, to listen to the music\u2014not in order to understand it, or to know it but feel something.<\/em>\u201d<\/p>\n\n<p>On 28 October, the anniversary of the birth of the British painter and lover of Monaco, the Francis Bacon MB Art Foundation celebrated its tenth birthday &#8211; an opportunity, through<a href=\"https:\/\/www.mbartfoundation.com\/anniversary-of-the-birth-of-francis-bacon\/\"> a number of events<\/a> organised for the occasion, to &#8216;feel&#8217; once again the sheer power of the work of one of the 20th century&#8217;s greatest artists.<\/p>\n\n<p>Founded in 2014 by Majid Boustany, the Foundation devoted to Francis Bacon quickly became a genuine institution in the Principality. Rivalled only by an incredible overnight stay at the H\u00f4tel M\u00e9tropole Monte-Carlo. An iconic establishment, the M\u00e9tropole has undertaken\u00a0<a href=\"https:\/\/lagazettedemonaco.com\/en\/news\/art-de-vivre\/guide-michelin-apres-deux-etoiles-lhotel-metropole-savoure-ses-deux-clefs-en\">a new round of major refurbishment work <\/a>this year, just after being awarded two &#8216;keys&#8217; by the famous Michelin Guide &#8211; an accolade which comes on top of the two &#8216;stars&#8217; already held by the hotel&#8217;s restaurant, <a href=\"https:\/\/www.monaco-tribune.com\/en\/2024\/03\/les-ambassadeurs-by-christophe-cussac-already-two-michelin-stars\/\">Les Ambassadeurs by Christophe Cussac<\/a>.<\/p>\n\n<p>Another success for the Boustany family, as the palace is owned by Majid and his brother Fadi. The family is as discreet as it is powerful in Monaco, its patriarch, Nabil Boustany, having taken up residence in the Principality in the 1970s.<\/p>\n\n<h2 class=\"wp-block-heading\" id=\"h-nabil-boustany-le-fondateur-de-la-dynastie\">Nabil Boustany, founder of the dynasty<\/h2>\n\n<p>Born in Lebanon in 1924, Nabil Boustany came from a long line of Lebanese statesmen, clergymen and scholars &#8211; the Boustany family counted Boutrous al-Boustany, a hero of the Arab renaissance, among its ancestors. After starting out in Lebanese politics, the property developer set his sights on Geneva and then Monte Carlo: <em>\u00a0&#8220;the H\u00f4tel M\u00e9tropole was for sale (&#8230;). The deal was done quickly,&#8221; <\/em><a href=\"https:\/\/www.lexpress.fr\/informations\/vie-economique_654033.html\">\u00a0he said<\/a> towards the end of his life.<\/p>\n\n<p>After the purchase, the entrepreneur embarked upon several years of rebuilding work, at the end of which the M\u00e9tropole was inaugurated with great pomp and ceremony, in the presence of Prince Rainier III. The hotel quickly established itself as a palace with an international reputation, attracting the elite from all over the world.<\/p>\n\n<p>Close to the Princely Family and a dear friend of Rainier III &#8211; who visited him every year at his Lebanese estate in Debbiyeh &#8211; Nabil Boustany was elected as a member of parliament in Lebanon in 1992, after which he spent most of the rest of his life in his native country &#8211; delegating the operational management of his Monegasque concerns to his two sons, Fadi and Majid, the following year. <\/p>\n<div class=\"wp-block-image\">\n<figure class=\"aligncenter size-full\"><img loading=\"lazy\" decoding=\"async\" width=\"561\" height=\"373\" src=\"https:\/\/www.monaco-tribune.com\/wp-content\/uploads\/2024\/11\/famille-boustany.jpeg\" alt=\"\" class=\"wp-image-262071\" srcset=\"https:\/\/www.monaco-tribune.com\/wp-content\/uploads\/2024\/11\/famille-boustany.jpeg 561w, https:\/\/www.monaco-tribune.com\/wp-content\/uploads\/2024\/11\/famille-boustany-451x300.jpeg 451w\" sizes=\"auto, (max-width: 561px) 100vw, 561px\" \/><figcaption class=\"wp-element-caption\"><em>Fadi Boustany (left), his father, Nabil, and his brother, Majid, in the 1990s &#8211; via Hotels Magazine<\/em><\/figcaption><\/figure>\n<\/div>\n<p>In Beirut, where he then lived, the entrepreneur worked hard to rebuild the Lebanese capital, and involved himself in humanitarian efforts. The Nabil Boustany Foundation, co-founded in 2006 with his son Fadi, is helping to save and renovate several hundred churches in Lebanon.<\/p>\n\n<p>When he passed away in 2009, Nabil Boustany left his children a multi-billion-dollar business and tourism empire: the H\u00f4tel M\u00e9tropole Monte-Carlo, of course, whose Belle-\u00c9poque style and exclusive suites designed by interior architect Jacques Garcia make it one of the jewels in the crown of Monaco&#8217;s hotel industry.<\/p>\n\n<p>Not forgetting the Givenchy spa, the Karl Lagerfeld-designed pool area and Yoshi restaurant, the only Michelin-starred Japanese restaurant on the C\u00f4te d&#8217;Azur, as well as the Metropole Shopping centre and its 80 fashion, luxury, high-tech and jewellery boutiques. These are all major, iconic landmarks in Monaco, contributing to the Principality&#8217;s reputation beyond its borders.<\/p>\n\n<h2 class=\"wp-block-heading\" id=\"h-fadi-boustany-l-hotellerie-dans-le-sang\">Not forgetting the Givenchy spa, the Karl Lagerfeld-designed pool area and Yoshi restaurant, the only Michelin-starred Japanese restaurant on the C\u00f4te d&#8217;Azur, as well as the Metropole Shopping centre and its 80 fashion, luxury, high-tech and jewellery boutiques. These are all major, iconic landmarks in Monaco, contributing to the Principality&#8217;s reputation beyond its borders.<\/h2>\n\n<p>While the Boustany properties shine in Monaco and beyond, the family also excels &#8211; at being discreet. <em>\u00a0&#8220;It\u2019s a very discreet family, extremely smart, wise, with a clear vision of what they want to achieve,&#8221; <\/em>Serge Ethuin, general manager of the M\u00e9tropole, told <a href=\"https:\/\/hotelsmag.com\/news\/the-monaco-luxury-hotelier-youve-never-heard-of\/\"><em>Hotels Magazine<\/em><\/a> .<\/p>\n\n<p><em>&#8220;Everything is so intentional,&#8221;<\/em> says luxury consultant David Richey in the same issue, who believes that <em>\u00a0&#8220;The hotel as it exists today is entirely Fadi.&#8221; <\/em>\u00a0Born in 1967 in the village of Dibbiyeh,\u00a0 Monegasque resident Fadi Boustany has both Swiss and Lebanese nationality. In the early 1990s, Fadi began his career at the prestigious University of Cambridge, where he was one of the first students to join the British campus&#8217; MBA course.<\/p>\n\n<p>A memorable time in those hallowed halls for the businessman who, In 2018, financed the construction of a new building at the Cambridge Business School &#8211; which, in return, named a lecture theatre after its benefactor. <\/p>\n<div class=\"wp-block-image\">\n<figure class=\"aligncenter size-full\"><img loading=\"lazy\" decoding=\"async\" width=\"560\" height=\"373\" src=\"https:\/\/www.monaco-tribune.com\/wp-content\/uploads\/2024\/11\/fadi-boustany.jpg\" alt=\"\" class=\"wp-image-262075\" srcset=\"https:\/\/www.monaco-tribune.com\/wp-content\/uploads\/2024\/11\/fadi-boustany.jpg 560w, https:\/\/www.monaco-tribune.com\/wp-content\/uploads\/2024\/11\/fadi-boustany-450x300.jpg 450w\" sizes=\"auto, (max-width: 560px) 100vw, 560px\" \/><figcaption class=\"wp-element-caption\"><em>Fadi Boustany &#8211; via Hotels Magazine<\/em><\/figcaption><\/figure>\n<\/div>\n<p><em>\u00a0&#8220;Fadi was a brilliant part of our team when we were all at Cambridge together,&#8221; <\/em><a href=\"https:\/\/www.jbs.cam.ac.uk\/2018\/cambridge-mba-alumnus-contributes-to-the-simon-sainsbury-centre\/\">recalls<\/a> one of his classmates, <em>&#8220;and has remained an inspiring and generous friend ever since. His wonderful donation is a great example to us all.&#8221; <\/em>\u00a0No quest for glory for Fadi Boustany, however, as he is determined to continue his father&#8217;s work, cultivating the same insistence on discretion and the same concern for people.<\/p>\n\n<p>Described by Jean-Claude Messant, of the Royal Mansour Marrakech, as<em>\u00a0&#8220;warm and friendly, lacking egotism, but a tough manager,&#8221; <\/em>\u00a0Fadi prefers, by his own admission, <em>&#8220;To put [his] money into doing something amazing and then letting people publicize it. It takes more time, but when it works, it works,&#8221; <\/em>\u00a0he said in a &#8211; very &#8211; rare 2018 interview with <em>Hotels Magazine<\/em>.<\/p>\n\n<p>Happiness in discretion&#8230;<\/p>\n\n<h2 class=\"wp-block-heading\" id=\"h-majid-boustany-l-art-en-heritage\">Majid Boustany, a legacy of art<\/h2>\n\n<p>Fadi&#8217;s brother Majid also seems to share this credo. Born in 1966 in the family village of Dibbiyeh and co-owner, with his brother, of the H\u00f4tel M\u00e9tropole Monte-Carlo, Majid Boustany has chosen to devote his life to art. And more specifically to the art of Francis Bacon. <\/p>\n\n<p>His passion for the artist&#8217;s work was sparked during a visit to London&#8217;s famous Tate Gallery: <em>\u00a0&#8220;When Bacon burst into my life, I was quickly fascinated by this unique, unclassifiable, self-taught and uncompromising giant whose works raise burning questions,&#8221;<\/em> the tireless collector <a href=\"https:\/\/www.monaco-tribune.com\/en\/2022\/05\/majid-boustany-when-bacon-came-into-my-life-i-was-fascinated-by-the-unique-giant\/\">told<\/a> <em>Monaco Tribune<\/em> in April 2022.<\/p>\n<div class=\"wp-block-image\">\n<figure class=\"aligncenter size-full\"><img loading=\"lazy\" decoding=\"async\" width=\"1020\" height=\"666\" src=\"https:\/\/www.monaco-tribune.com\/wp-content\/uploads\/2022\/04\/majid-boustany.jpg\" alt=\"majid-boustany\" class=\"wp-image-119786\" srcset=\"https:\/\/www.monaco-tribune.com\/wp-content\/uploads\/2022\/04\/majid-boustany.jpg 1020w, https:\/\/www.monaco-tribune.com\/wp-content\/uploads\/2022\/04\/majid-boustany-459x300.jpg 459w\" sizes=\"auto, (max-width: 1020px) 100vw, 1020px\" \/><figcaption class=\"wp-element-caption\"><em>Majid Boustany \u2013 \u00a9 Francis Bacon MB Art Foundation<\/em><\/figcaption><\/figure>\n<\/div>\n<p>In 2014, Majid Boustany therefore naturally decided to devote most of his energy to promoting the work of the British artist. And to inaugurate, at the Villa Elise in Monaco and in the presence of Prince Albert II, the only foundation devoted entirely to the work of Francis Bacon.<\/p>\n\n<p><em>&#8220;<a href=\"https:\/\/www.monacomatin.mc\/faits-divers\/albert-ii-inaugure-la-fondation-francis-bacon-de-monaco-352442\">The project of a lifetime<\/a>&#8221; <\/em>for Majid Boustany, for whom<em> &#8220;the idea of creating, in Monaco, the only foundation in the world dedicated to the work of Francis Bacon seemed an obvious one, since the artist lived here at the end of the 1940s and kept returning for long periods throughout his life.&#8221;<\/em><\/p>\n\n<p><em>&#8220;This private, not-for-profit institution will be a new cultural entity on the Monegasque scene,&#8221;<\/em> said the collector in 2014. And he was proved right indeed. With a collection of over 3,500 works, the Francis Bacon MB Art Foundation has established itself as a key venue for the research, study and promotion of the painter&#8217;s work over its 10-year lifetime.<\/p>\n\n<p><em>\u00a0&#8220;Expanding the influence of his work is and will remain among my highest priorities,&#8221; <\/em><a href=\"https:\/\/www.mbartfoundation.com\/anniversary-of-the-birth-of-francis-bacon\/\">says<\/a> Majid Boustany, adding<em>\u00a0&#8220;I cherish the hope that the research to come and the support provided for future projects related to Bacon will reveal yet unknown aspects of this unparalleled artist.&#8221; <\/em><\/p>\n<div class=\"wp-block-image\">\n<figure class=\"aligncenter size-large\"><img loading=\"lazy\" decoding=\"async\" width=\"1024\" height=\"576\" src=\"https:\/\/www.monaco-tribune.com\/wp-content\/uploads\/2023\/05\/dominic-moross-francisco-diaz-olivier-wenden-et-majid-boustany-ok-c-fpa2-1024x576.jpg\" alt=\"dominic-moross-francisco-diaz-olivier-wenden-et-majid-boustany-ok-c-fpa2\" class=\"wp-image-178899\" srcset=\"https:\/\/www.monaco-tribune.com\/wp-content\/uploads\/2023\/05\/dominic-moross-francisco-diaz-olivier-wenden-et-majid-boustany-ok-c-fpa2-1024x576.jpg 1024w, https:\/\/www.monaco-tribune.com\/wp-content\/uploads\/2023\/05\/dominic-moross-francisco-diaz-olivier-wenden-et-majid-boustany-ok-c-fpa2-533x300.jpg 533w, https:\/\/www.monaco-tribune.com\/wp-content\/uploads\/2023\/05\/dominic-moross-francisco-diaz-olivier-wenden-et-majid-boustany-ok-c-fpa2.jpg 1200w\" sizes=\"auto, (max-width: 1024px) 100vw, 1024px\" \/><figcaption class=\"wp-element-caption\"><em>Dominic Moross, private benefactor; Francisco Diaz, Managing Director of the Cuomo Foundation; Olivier Wenden, Vice-President and CEO of the Prince Albert II Foundation and Majid Boustany for the Boustany Foundation, made their support for the Re.Generation programme official, signing a partnership agreement on Monday 15 May 2023 &#8211; \u00a9 FPA2<\/em><\/figcaption><\/figure>\n<\/div>\n<p>In addition to his passion for Bacon, the elder Boustany brother is also an outstanding patron of the arts. In 2020, Majid Boustany donated over two million euros to the Ecole du Louvre. Franck Riester, the former French Minister of Culture, <a href=\"https:\/\/www.lequotidiendelart.com\/articles\/17948-2-millions.html\">hailed<\/a> the gesture as <em>&#8220;the largest ever for a higher education establishment for which the Ministry of Culture is responsible.&#8221; <\/em><\/p>\n\n<a id=\"xQqo19IzSEhjdrzi9-1A5A\" class=\"gie-single\" href=\"http:\/\/www.gettyimages.com\/detail\/1384343787\" target=\"_blank\" style=\"color:#a7a7a7;text-decoration:none;font-weight:normal !important;border:none;display:inline-block;\">Embed from Getty Images<\/a><script>window.gie=window.gie||function(c){(gie.q=gie.q||[]).push(c)};gie(function(){gie.widgets.load({id:'xQqo19IzSEhjdrzi9-1A5A',sig:'60J_eIe-ym5MfF7ystSmJdro_Gcj-4Ft9sXe_hakvPM=',w:'594px',h:'396px',items:'1384343787',caption: true ,tld:'com',is360: false })});<\/script><script src=\"\/\/embed-cdn.gettyimages.com\/widgets.js\" charset=\"utf-8\" async=\"\"><\/script>\r\n\n<p>Known as much for his discretion &#8211; a rare quality in a patron of the arts &#8211; as for his personal commitment to researching and safeguarding artistic heritage, Majid Boustany also initiated the creation of a research grant and the Prix Denon at the Louvre. <\/p>\n\n<p>Last but not least, in 2020 Majid Boustany launched an eponymous fund as part of the Louvre Museum Endowment Fund, dedicated to conserving and promoting the Parisian institution&#8217;s collections.<\/p>\n\n<h2 class=\"wp-block-heading\" id=\"h-monaco-liban-nbsp-un-lien-qui-ne-se-dement-pas\">Monaco-Lebanon: an enduring bond<\/h2>\n\n<p><p style=\"font-weight: 400;\">Monegasque resident Majid Boustany&#8217;s generosity is also directed towards the Principality. In 2021, the collector donated a painting by Francis Bacon to Monaco&#8217;s media library; a few years earlier, in 2016, he helped put together <a href=\"https:\/\/france3-regions.francetvinfo.fr\/provence-alpes-cote-d-azur\/francis-bacon-francophile-expose-monaco-pour-l-ete-1041229.html\">an exhibition dedicated to the figurative artist at the Grimaldi Forum<\/a>.<\/p><\/p>\n<div class=\"wp-block-image\">\n<figure class=\"aligncenter size-full\"><img loading=\"lazy\" decoding=\"async\" width=\"480\" height=\"349\" src=\"https:\/\/www.monaco-tribune.com\/wp-content\/uploads\/2024\/11\/majid-boustany-with-hsh-prince-albert-ii-of-monaco.jpg\" alt=\"\" class=\"wp-image-262067\" srcset=\"https:\/\/www.monaco-tribune.com\/wp-content\/uploads\/2024\/11\/majid-boustany-with-hsh-prince-albert-ii-of-monaco.jpg 480w, https:\/\/www.monaco-tribune.com\/wp-content\/uploads\/2024\/11\/majid-boustany-with-hsh-prince-albert-ii-of-monaco-413x300.jpg 413w\" sizes=\"auto, (max-width: 480px) 100vw, 480px\" \/><figcaption class=\"wp-element-caption\"><em>Majid Boustany with Prince Albert II &#8211; \u00a9 Francis Bacon MB Art Foundation<\/em><\/figcaption><\/figure>\n<\/div>\n<p><p style=\"font-weight: 400;\">Nothing out of the ordinary for Majid Boustany, who was\u00a0 made Officer of the Order of Cultural Merit by Prince Albert II himself in 2015. When he spoke to us he <a href=\"https:\/\/www.monaco-tribune.com\/en\/2022\/05\/majid-boustany-when-bacon-came-into-my-life-i-was-fascinated-by-the-unique-giant\/\">described<\/a> the relationship between his family and Monaco as<em>\u00a0&#8220;an extremely strong bond. My family has been here for over forty years and I am deeply attached to the Principality and the Princely Family.&#8221;<\/em><\/p><\/p>\n\n<p>This unique bond is echoed by the Principality and its inhabitants with regard to Lebanon, the birthplace of the Boustany family. Whether it is <a href=\"https:\/\/www.monaco-tribune.com\/2019\/06\/cooperation-monegasque-une-delegation-monegasque-se-rend-au-liban\/\">Monegasque officials travelling to Lebanon<\/a> as part of the bilateral cooperation between the two countries, <a href=\"https:\/\/www.monaco-tribune.com\/en\/2020\/08\/beirut-explosion-prince-albert-offers-his-unwavering-support-to-the-lebanese-people\/\">moral<\/a><a href=\"https:\/\/www.monaco-tribune.com\/en\/2020\/08\/beirut-blast-monaco-sends-six-tons-of-goods-to-lebanon\/\">, material<\/a> or <a href=\"https:\/\/www.monaco-tribune.com\/en\/2020\/08\/monaco-donations-pour-in-after-beirut-explosion\/\">financial<\/a> support in the wake of the terrible explosion in the port of Beirut in August 2020 &#8211; thanks in particular to <a href=\"https:\/\/www.monaco-tribune.com\/en\/2021\/08\/portrait-bouran-bouery-friends-of-lebanon-monaco-acting-to-help-a-traumatised-population\/\">Les Amis du Liban Monaco<\/a> &#8211; or, more recently, <a href=\"https:\/\/www.monaco-tribune.com\/en\/2024\/10\/princes-government-donates-e100000-for-lebanon\/\">emergency aid<\/a> for the Lebanese people affected by the war in the Middle East, the bond between the Principality and the Lebanon has endured and grown stronger over the years. A bond as powerful as it is discreet, like the Boustany family.<\/p>\n","protected":false},"excerpt":{"rendered":"<p>From patriarch Nabil Boustany, the man behind the rebirth of the H\u00f4tel M\u00e9tropole Monte-Carlo, to collector son Majid, a great [&hellip;]<\/p>\n","protected":false},"author":78,"featured_media":186689,"comment_status":"closed","ping_status":"closed","sticky":false,"template":"","format":"standard","meta":{"_acf_changed":false,"footnotes":""},"categories":[247,1825,243],"tags":[4822],"post_sectags":[],"post_format":[2460],"class_list":["post-262854","post","type-post","status-publish","format-standard","has-post-thumbnail","hentry","category-business","category-editors-choice","category-news","tag-celebrities","format-profile"],"acf":[],"yoast_head":"<!-- This site is optimized with the Yoast SEO Premium plugin v26.8 (Yoast SEO v27.5) - https:\/\/yoast.com\/product\/yoast-seo-premium-wordpress\/ -->\n<title>The Boustany family: powerful yet discreet, a symbol of relations between Monaco and Lebanon<\/title>\n<meta name=\"description\" content=\"From patriarch Nabil Boustany, the man behind the rebirth of the H\u00f4tel M\u00e9tropole Monte-Carlo, to collector son Majid, a great admirer of the work of\" \/>\n<meta name=\"robots\" content=\"index, follow, max-snippet:-1, max-image-preview:large, max-video-preview:-1\" \/>\n<link rel=\"canonical\" href=\"https:\/\/www.monaco-tribune.com\/en\/2024\/11\/the-boustany-family-powerful-yet-discreet-a-symbol-of-relations-between-monaco-and-lebanon\/\" \/>\n<meta property=\"og:locale\" content=\"en_US\" \/>\n<meta property=\"og:type\" content=\"article\" \/>\n<meta property=\"og:title\" content=\"The Boustany family: powerful yet discreet, a symbol of relations between Monaco and Lebanon - Monaco Tribune\" \/>\n<meta property=\"og:description\" content=\"From patriarch Nabil Boustany, the man behind the rebirth of the H\u00f4tel M\u00e9tropole Monte-Carlo, to collector son Majid, a great admirer of the work of\" \/>\n<meta property=\"og:url\" content=\"https:\/\/www.monaco-tribune.com\/en\/2024\/11\/the-boustany-family-powerful-yet-discreet-a-symbol-of-relations-between-monaco-and-lebanon\/\" \/>\n<meta property=\"og:site_name\" content=\"Monaco Tribune\" \/>\n<meta property=\"article:publisher\" content=\"https:\/\/www.facebook.com\/MonacoTribune\" \/>\n<meta property=\"article:published_time\" content=\"2024-11-26T15:16:10+00:00\" \/>\n<meta property=\"article:modified_time\" content=\"2024-11-26T15:16:21+00:00\" \/>\n<meta property=\"og:image\" content=\"https:\/\/www.monaco-tribune.com\/wp-content\/uploads\/2023\/07\/hotel-metropole-monte-carlo.jpg\" \/>\n\t<meta property=\"og:image:width\" content=\"1020\" \/>\n\t<meta property=\"og:image:height\" content=\"775\" \/>\n\t<meta property=\"og:image:type\" content=\"image\/jpeg\" \/>\n<meta name=\"author\" content=\"Mark Linden\" \/>\n<meta name=\"twitter:card\" content=\"summary_large_image\" \/>\n<meta name=\"twitter:creator\" content=\"@MonacoTribune\" \/>\n<meta name=\"twitter:site\" content=\"@MonacoTribune\" \/>\n<script type=\"application\/ld+json\" class=\"yoast-schema-graph\">{\"@context\":\"https:\\\/\\\/schema.org\",\"@graph\":[{\"@type\":\"NewsArticle\",\"@id\":\"https:\\\/\\\/www.monaco-tribune.com\\\/en\\\/2024\\\/11\\\/the-boustany-family-powerful-yet-discreet-a-symbol-of-relations-between-monaco-and-lebanon\\\/#article\",\"isPartOf\":{\"@id\":\"https:\\\/\\\/www.monaco-tribune.com\\\/en\\\/2024\\\/11\\\/the-boustany-family-powerful-yet-discreet-a-symbol-of-relations-between-monaco-and-lebanon\\\/\"},\"author\":{\"name\":\"Mark Linden\",\"@id\":\"https:\\\/\\\/www.monaco-tribune.com\\\/en\\\/#\\\/schema\\\/person\\\/3796f08c04a1ae0bf5db7629e63acc06\"},\"headline\":\"The Boustany family: powerful yet discreet, a symbol of relations between Monaco and Lebanon\",\"datePublished\":\"2024-11-26T15:16:10+00:00\",\"dateModified\":\"2024-11-26T15:16:21+00:00\",\"mainEntityOfPage\":{\"@id\":\"https:\\\/\\\/www.monaco-tribune.com\\\/en\\\/2024\\\/11\\\/the-boustany-family-powerful-yet-discreet-a-symbol-of-relations-between-monaco-and-lebanon\\\/\"},\"wordCount\":1750,\"publisher\":{\"@id\":\"https:\\\/\\\/www.monaco-tribune.com\\\/en\\\/#organization\"},\"image\":{\"@id\":\"https:\\\/\\\/www.monaco-tribune.com\\\/en\\\/2024\\\/11\\\/the-boustany-family-powerful-yet-discreet-a-symbol-of-relations-between-monaco-and-lebanon\\\/#primaryimage\"},\"thumbnailUrl\":\"https:\\\/\\\/www.monaco-tribune.com\\\/wp-content\\\/uploads\\\/2023\\\/07\\\/hotel-metropole-monte-carlo.jpg\",\"keywords\":[\"Celebrities\"],\"articleSection\":[\"Business\",\"Editor&#039;s choice\",\"News\"],\"inLanguage\":\"en-US\",\"copyrightYear\":\"2024\",\"copyrightHolder\":{\"@id\":\"https:\\\/\\\/www.monaco-tribune.com\\\/#organization\"}},{\"@type\":\"WebPage\",\"@id\":\"https:\\\/\\\/www.monaco-tribune.com\\\/en\\\/2024\\\/11\\\/the-boustany-family-powerful-yet-discreet-a-symbol-of-relations-between-monaco-and-lebanon\\\/\",\"url\":\"https:\\\/\\\/www.monaco-tribune.com\\\/en\\\/2024\\\/11\\\/the-boustany-family-powerful-yet-discreet-a-symbol-of-relations-between-monaco-and-lebanon\\\/\",\"name\":\"The Boustany family: powerful yet discreet, a symbol of relations between Monaco and Lebanon\",\"isPartOf\":{\"@id\":\"https:\\\/\\\/www.monaco-tribune.com\\\/en\\\/#website\"},\"primaryImageOfPage\":{\"@id\":\"https:\\\/\\\/www.monaco-tribune.com\\\/en\\\/2024\\\/11\\\/the-boustany-family-powerful-yet-discreet-a-symbol-of-relations-between-monaco-and-lebanon\\\/#primaryimage\"},\"image\":{\"@id\":\"https:\\\/\\\/www.monaco-tribune.com\\\/en\\\/2024\\\/11\\\/the-boustany-family-powerful-yet-discreet-a-symbol-of-relations-between-monaco-and-lebanon\\\/#primaryimage\"},\"thumbnailUrl\":\"https:\\\/\\\/www.monaco-tribune.com\\\/wp-content\\\/uploads\\\/2023\\\/07\\\/hotel-metropole-monte-carlo.jpg\",\"datePublished\":\"2024-11-26T15:16:10+00:00\",\"dateModified\":\"2024-11-26T15:16:21+00:00\",\"description\":\"From patriarch Nabil Boustany, the man behind the rebirth of the H\u00f4tel M\u00e9tropole Monte-Carlo, to collector son Majid, a great admirer of the work of\",\"breadcrumb\":{\"@id\":\"https:\\\/\\\/www.monaco-tribune.com\\\/en\\\/2024\\\/11\\\/the-boustany-family-powerful-yet-discreet-a-symbol-of-relations-between-monaco-and-lebanon\\\/#breadcrumb\"},\"inLanguage\":\"en-US\",\"potentialAction\":[{\"@type\":\"ReadAction\",\"target\":[\"https:\\\/\\\/www.monaco-tribune.com\\\/en\\\/2024\\\/11\\\/the-boustany-family-powerful-yet-discreet-a-symbol-of-relations-between-monaco-and-lebanon\\\/\"]}]},{\"@type\":\"ImageObject\",\"inLanguage\":\"en-US\",\"@id\":\"https:\\\/\\\/www.monaco-tribune.com\\\/en\\\/2024\\\/11\\\/the-boustany-family-powerful-yet-discreet-a-symbol-of-relations-between-monaco-and-lebanon\\\/#primaryimage\",\"url\":\"https:\\\/\\\/www.monaco-tribune.com\\\/wp-content\\\/uploads\\\/2023\\\/07\\\/hotel-metropole-monte-carlo.jpg\",\"contentUrl\":\"https:\\\/\\\/www.monaco-tribune.com\\\/wp-content\\\/uploads\\\/2023\\\/07\\\/hotel-metropole-monte-carlo.jpg\",\"width\":1020,\"height\":775,\"caption\":\"Hospitality and art are in the Boustany family's blood \u00a9 H\u00f4tel M\u00e9tropole Monte-Carlo\"},{\"@type\":\"BreadcrumbList\",\"@id\":\"https:\\\/\\\/www.monaco-tribune.com\\\/en\\\/2024\\\/11\\\/the-boustany-family-powerful-yet-discreet-a-symbol-of-relations-between-monaco-and-lebanon\\\/#breadcrumb\",\"itemListElement\":[{\"@type\":\"ListItem\",\"position\":1,\"name\":\"Accueil\",\"item\":\"https:\\\/\\\/www.monaco-tribune.com\\\/en\\\/\"},{\"@type\":\"ListItem\",\"position\":2,\"name\":\"The Boustany family: powerful yet discreet, a symbol of relations between Monaco and Lebanon\"}]},{\"@type\":\"WebSite\",\"@id\":\"https:\\\/\\\/www.monaco-tribune.com\\\/en\\\/#website\",\"url\":\"https:\\\/\\\/www.monaco-tribune.com\\\/en\\\/\",\"name\":\"Monaco Tribune\",\"description\":\"Monaco : actualit\u00e9s \u00e9conomiques, politiques, culturelles et sportives de Monaco et de la French Riviera.\",\"publisher\":{\"@id\":\"https:\\\/\\\/www.monaco-tribune.com\\\/en\\\/#organization\"},\"potentialAction\":[{\"@type\":\"SearchAction\",\"target\":{\"@type\":\"EntryPoint\",\"urlTemplate\":\"https:\\\/\\\/www.monaco-tribune.com\\\/en\\\/?s={search_term_string}\"},\"query-input\":{\"@type\":\"PropertyValueSpecification\",\"valueRequired\":true,\"valueName\":\"search_term_string\"}}],\"inLanguage\":\"en-US\"},{\"@type\":\"Organization\",\"@id\":\"https:\\\/\\\/www.monaco-tribune.com\\\/en\\\/#organization\",\"name\":\"Monaco Tribune\",\"url\":\"https:\\\/\\\/www.monaco-tribune.com\\\/en\\\/\",\"logo\":{\"@type\":\"ImageObject\",\"inLanguage\":\"en-US\",\"@id\":\"https:\\\/\\\/www.monaco-tribune.com\\\/en\\\/#\\\/schema\\\/logo\\\/image\\\/\",\"url\":\"https:\\\/\\\/www.monaco-tribune.com\\\/wp-content\\\/uploads\\\/2022\\\/11\\\/logo-monaco-tribune.png\",\"contentUrl\":\"https:\\\/\\\/www.monaco-tribune.com\\\/wp-content\\\/uploads\\\/2022\\\/11\\\/logo-monaco-tribune.png\",\"width\":1548,\"height\":600,\"caption\":\"Monaco Tribune\"},\"image\":{\"@id\":\"https:\\\/\\\/www.monaco-tribune.com\\\/en\\\/#\\\/schema\\\/logo\\\/image\\\/\"},\"sameAs\":[\"https:\\\/\\\/www.facebook.com\\\/MonacoTribune\",\"https:\\\/\\\/x.com\\\/MonacoTribune\",\"https:\\\/\\\/www.instagram.com\\\/monacotribune\\\/\",\"https:\\\/\\\/www.linkedin.com\\\/company\\\/monaco-tribune\",\"https:\\\/\\\/www.youtube.com\\\/channel\\\/UCHle1MnG6hw1y4lWKijVbMA\"]},{\"@type\":\"Person\",\"@id\":\"https:\\\/\\\/www.monaco-tribune.com\\\/en\\\/#\\\/schema\\\/person\\\/3796f08c04a1ae0bf5db7629e63acc06\",\"name\":\"Mark Linden\",\"image\":{\"@type\":\"ImageObject\",\"inLanguage\":\"en-US\",\"@id\":\"https:\\\/\\\/secure.gravatar.com\\\/avatar\\\/d0130c037315ebbab849176573fa4be49bb085b56b56eef40dfdebd8b0dab200?s=96&d=mm&r=g\",\"url\":\"https:\\\/\\\/secure.gravatar.com\\\/avatar\\\/d0130c037315ebbab849176573fa4be49bb085b56b56eef40dfdebd8b0dab200?s=96&d=mm&r=g\",\"contentUrl\":\"https:\\\/\\\/secure.gravatar.com\\\/avatar\\\/d0130c037315ebbab849176573fa4be49bb085b56b56eef40dfdebd8b0dab200?s=96&d=mm&r=g\",\"caption\":\"Mark Linden\"},\"url\":\"https:\\\/\\\/www.monaco-tribune.com\\\/en\\\/author\\\/nielslinden\\\/\"}]}<\/script>\n<!-- \/ Yoast SEO Premium plugin. -->","yoast_head_json":{"title":"The Boustany family: powerful yet discreet, a symbol of relations between Monaco and Lebanon","description":"From patriarch Nabil Boustany, the man behind the rebirth of the H\u00f4tel M\u00e9tropole Monte-Carlo, to collector son Majid, a great admirer of the work of","robots":{"index":"index","follow":"follow","max-snippet":"max-snippet:-1","max-image-preview":"max-image-preview:large","max-video-preview":"max-video-preview:-1"},"canonical":"https:\/\/www.monaco-tribune.com\/en\/2024\/11\/the-boustany-family-powerful-yet-discreet-a-symbol-of-relations-between-monaco-and-lebanon\/","og_locale":"en_US","og_type":"article","og_title":"The Boustany family: powerful yet discreet, a symbol of relations between Monaco and Lebanon - Monaco Tribune","og_description":"From patriarch Nabil Boustany, the man behind the rebirth of the H\u00f4tel M\u00e9tropole Monte-Carlo, to collector son Majid, a great admirer of the work of","og_url":"https:\/\/www.monaco-tribune.com\/en\/2024\/11\/the-boustany-family-powerful-yet-discreet-a-symbol-of-relations-between-monaco-and-lebanon\/","og_site_name":"Monaco Tribune","article_publisher":"https:\/\/www.facebook.com\/MonacoTribune","article_published_time":"2024-11-26T15:16:10+00:00","article_modified_time":"2024-11-26T15:16:21+00:00","og_image":[{"width":1020,"height":775,"url":"https:\/\/www.monaco-tribune.com\/wp-content\/uploads\/2023\/07\/hotel-metropole-monte-carlo.jpg","type":"image\/jpeg"}],"author":"Mark Linden","twitter_card":"summary_large_image","twitter_creator":"@MonacoTribune","twitter_site":"@MonacoTribune","schema":{"@context":"https:\/\/schema.org","@graph":[{"@type":"NewsArticle","@id":"https:\/\/www.monaco-tribune.com\/en\/2024\/11\/the-boustany-family-powerful-yet-discreet-a-symbol-of-relations-between-monaco-and-lebanon\/#article","isPartOf":{"@id":"https:\/\/www.monaco-tribune.com\/en\/2024\/11\/the-boustany-family-powerful-yet-discreet-a-symbol-of-relations-between-monaco-and-lebanon\/"},"author":{"name":"Mark Linden","@id":"https:\/\/www.monaco-tribune.com\/en\/#\/schema\/person\/3796f08c04a1ae0bf5db7629e63acc06"},"headline":"The Boustany family: powerful yet discreet, a symbol of relations between Monaco and Lebanon","datePublished":"2024-11-26T15:16:10+00:00","dateModified":"2024-11-26T15:16:21+00:00","mainEntityOfPage":{"@id":"https:\/\/www.monaco-tribune.com\/en\/2024\/11\/the-boustany-family-powerful-yet-discreet-a-symbol-of-relations-between-monaco-and-lebanon\/"},"wordCount":1750,"publisher":{"@id":"https:\/\/www.monaco-tribune.com\/en\/#organization"},"image":{"@id":"https:\/\/www.monaco-tribune.com\/en\/2024\/11\/the-boustany-family-powerful-yet-discreet-a-symbol-of-relations-between-monaco-and-lebanon\/#primaryimage"},"thumbnailUrl":"https:\/\/www.monaco-tribune.com\/wp-content\/uploads\/2023\/07\/hotel-metropole-monte-carlo.jpg","keywords":["Celebrities"],"articleSection":["Business","Editor&#039;s choice","News"],"inLanguage":"en-US","copyrightYear":"2024","copyrightHolder":{"@id":"https:\/\/www.monaco-tribune.com\/#organization"}},{"@type":"WebPage","@id":"https:\/\/www.monaco-tribune.com\/en\/2024\/11\/the-boustany-family-powerful-yet-discreet-a-symbol-of-relations-between-monaco-and-lebanon\/","url":"https:\/\/www.monaco-tribune.com\/en\/2024\/11\/the-boustany-family-powerful-yet-discreet-a-symbol-of-relations-between-monaco-and-lebanon\/","name":"The Boustany family: powerful yet discreet, a symbol of relations between Monaco and Lebanon","isPartOf":{"@id":"https:\/\/www.monaco-tribune.com\/en\/#website"},"primaryImageOfPage":{"@id":"https:\/\/www.monaco-tribune.com\/en\/2024\/11\/the-boustany-family-powerful-yet-discreet-a-symbol-of-relations-between-monaco-and-lebanon\/#primaryimage"},"image":{"@id":"https:\/\/www.monaco-tribune.com\/en\/2024\/11\/the-boustany-family-powerful-yet-discreet-a-symbol-of-relations-between-monaco-and-lebanon\/#primaryimage"},"thumbnailUrl":"https:\/\/www.monaco-tribune.com\/wp-content\/uploads\/2023\/07\/hotel-metropole-monte-carlo.jpg","datePublished":"2024-11-26T15:16:10+00:00","dateModified":"2024-11-26T15:16:21+00:00","description":"From patriarch Nabil Boustany, the man behind the rebirth of the H\u00f4tel M\u00e9tropole Monte-Carlo, to collector son Majid, a great admirer of the work of","breadcrumb":{"@id":"https:\/\/www.monaco-tribune.com\/en\/2024\/11\/the-boustany-family-powerful-yet-discreet-a-symbol-of-relations-between-monaco-and-lebanon\/#breadcrumb"},"inLanguage":"en-US","potentialAction":[{"@type":"ReadAction","target":["https:\/\/www.monaco-tribune.com\/en\/2024\/11\/the-boustany-family-powerful-yet-discreet-a-symbol-of-relations-between-monaco-and-lebanon\/"]}]},{"@type":"ImageObject","inLanguage":"en-US","@id":"https:\/\/www.monaco-tribune.com\/en\/2024\/11\/the-boustany-family-powerful-yet-discreet-a-symbol-of-relations-between-monaco-and-lebanon\/#primaryimage","url":"https:\/\/www.monaco-tribune.com\/wp-content\/uploads\/2023\/07\/hotel-metropole-monte-carlo.jpg","contentUrl":"https:\/\/www.monaco-tribune.com\/wp-content\/uploads\/2023\/07\/hotel-metropole-monte-carlo.jpg","width":1020,"height":775,"caption":"Hospitality and art are in the Boustany family's blood \u00a9 H\u00f4tel M\u00e9tropole Monte-Carlo"},{"@type":"BreadcrumbList","@id":"https:\/\/www.monaco-tribune.com\/en\/2024\/11\/the-boustany-family-powerful-yet-discreet-a-symbol-of-relations-between-monaco-and-lebanon\/#breadcrumb","itemListElement":[{"@type":"ListItem","position":1,"name":"Accueil","item":"https:\/\/www.monaco-tribune.com\/en\/"},{"@type":"ListItem","position":2,"name":"The Boustany family: powerful yet discreet, a symbol of relations between Monaco and Lebanon"}]},{"@type":"WebSite","@id":"https:\/\/www.monaco-tribune.com\/en\/#website","url":"https:\/\/www.monaco-tribune.com\/en\/","name":"Monaco Tribune","description":"Monaco : actualit\u00e9s \u00e9conomiques, politiques, culturelles et sportives de Monaco et de la French Riviera.","publisher":{"@id":"https:\/\/www.monaco-tribune.com\/en\/#organization"},"potentialAction":[{"@type":"SearchAction","target":{"@type":"EntryPoint","urlTemplate":"https:\/\/www.monaco-tribune.com\/en\/?s={search_term_string}"},"query-input":{"@type":"PropertyValueSpecification","valueRequired":true,"valueName":"search_term_string"}}],"inLanguage":"en-US"},{"@type":"Organization","@id":"https:\/\/www.monaco-tribune.com\/en\/#organization","name":"Monaco Tribune","url":"https:\/\/www.monaco-tribune.com\/en\/","logo":{"@type":"ImageObject","inLanguage":"en-US","@id":"https:\/\/www.monaco-tribune.com\/en\/#\/schema\/logo\/image\/","url":"https:\/\/www.monaco-tribune.com\/wp-content\/uploads\/2022\/11\/logo-monaco-tribune.png","contentUrl":"https:\/\/www.monaco-tribune.com\/wp-content\/uploads\/2022\/11\/logo-monaco-tribune.png","width":1548,"height":600,"caption":"Monaco Tribune"},"image":{"@id":"https:\/\/www.monaco-tribune.com\/en\/#\/schema\/logo\/image\/"},"sameAs":["https:\/\/www.facebook.com\/MonacoTribune","https:\/\/x.com\/MonacoTribune","https:\/\/www.instagram.com\/monacotribune\/","https:\/\/www.linkedin.com\/company\/monaco-tribune","https:\/\/www.youtube.com\/channel\/UCHle1MnG6hw1y4lWKijVbMA"]},{"@type":"Person","@id":"https:\/\/www.monaco-tribune.com\/en\/#\/schema\/person\/3796f08c04a1ae0bf5db7629e63acc06","name":"Mark Linden","image":{"@type":"ImageObject","inLanguage":"en-US","@id":"https:\/\/secure.gravatar.com\/avatar\/d0130c037315ebbab849176573fa4be49bb085b56b56eef40dfdebd8b0dab200?s=96&d=mm&r=g","url":"https:\/\/secure.gravatar.com\/avatar\/d0130c037315ebbab849176573fa4be49bb085b56b56eef40dfdebd8b0dab200?s=96&d=mm&r=g","contentUrl":"https:\/\/secure.gravatar.com\/avatar\/d0130c037315ebbab849176573fa4be49bb085b56b56eef40dfdebd8b0dab200?s=96&d=mm&r=g","caption":"Mark Linden"},"url":"https:\/\/www.monaco-tribune.com\/en\/author\/nielslinden\/"}]}},"_links":{"self":[{"href":"https:\/\/www.monaco-tribune.com\/en\/wp-json\/wp\/v2\/posts\/262854","targetHints":{"allow":["GET"]}}],"collection":[{"href":"https:\/\/www.monaco-tribune.com\/en\/wp-json\/wp\/v2\/posts"}],"about":[{"href":"https:\/\/www.monaco-tribune.com\/en\/wp-json\/wp\/v2\/types\/post"}],"author":[{"embeddable":true,"href":"https:\/\/www.monaco-tribune.com\/en\/wp-json\/wp\/v2\/users\/78"}],"replies":[{"embeddable":true,"href":"https:\/\/www.monaco-tribune.com\/en\/wp-json\/wp\/v2\/comments?post=262854"}],"version-history":[{"count":2,"href":"https:\/\/www.monaco-tribune.com\/en\/wp-json\/wp\/v2\/posts\/262854\/revisions"}],"predecessor-version":[{"id":262857,"href":"https:\/\/www.monaco-tribune.com\/en\/wp-json\/wp\/v2\/posts\/262854\/revisions\/262857"}],"wp:featuredmedia":[{"embeddable":true,"href":"https:\/\/www.monaco-tribune.com\/en\/wp-json\/wp\/v2\/media\/186689"}],"wp:attachment":[{"href":"https:\/\/www.monaco-tribune.com\/en\/wp-json\/wp\/v2\/media?parent=262854"}],"wp:term":[{"taxonomy":"category","embeddable":true,"href":"https:\/\/www.monaco-tribune.com\/en\/wp-json\/wp\/v2\/categories?post=262854"},{"taxonomy":"post_tag","embeddable":true,"href":"https:\/\/www.monaco-tribune.com\/en\/wp-json\/wp\/v2\/tags?post=262854"},{"taxonomy":"sectag","embeddable":true,"href":"https:\/\/www.monaco-tribune.com\/en\/wp-json\/wp\/v2\/post_sectags?post=262854"},{"taxonomy":"format","embeddable":true,"href":"https:\/\/www.monaco-tribune.com\/en\/wp-json\/wp\/v2\/post_format?post=262854"}],"curies":[{"name":"wp","href":"https:\/\/api.w.org\/{rel}","templated":true}]}}