{"id":26352,"date":"2020-04-21T12:05:34","date_gmt":"2020-04-21T10:05:34","guid":{"rendered":"https:\/\/www.monaco-tribune.com\/2020\/04\/coronavirus-in-monaco-daily-update-2\/"},"modified":"2020-04-21T12:11:11","modified_gmt":"2020-04-21T10:11:11","slug":"coronavirus-in-monaco-daily-update-2","status":"publish","type":"post","link":"https:\/\/www.monaco-tribune.com\/en\/2020\/04\/coronavirus-in-monaco-daily-update-2\/","title":{"rendered":"Coronavirus in Monaco: daily update"},"content":{"rendered":"<p class=\"p1\" style=\"text-align: center;\"><strong><span class=\"s1\"><a href=\"mailto:contact@monaco-tribune.com\">Send tips<\/a> | <a href=\"https:\/\/www.facebook.com\/MonacoTribune.en\/\">@monacotribune<\/a> | <a href=\"https:\/\/www.monaco-tribune.com\/contact\/#text-10\"><b class=\"b5\">Subscribe for free<\/b><b class=\"b4\"><\/b><b class=\"b3\"><\/b><\/a><\/span><\/strong><\/p>\n<p class=\"p1\" style=\"text-align: center;\"><strong>Every morning, read all Covid-19 news selected by Monaco Tribune.\u00a0<\/strong><\/p>\n<p class=\"p1\" style=\"text-align: center;\"><strong><span class=\"s1\">NUMBERS<\/span><\/strong><\/p>\n<ul>\n<li>To date, 94 people have been infected with the novel coronavirus.<\/li>\n<li>23 people have now recovered.<\/li>\n<li>7 people are hospitalised.<\/li>\n<li>3 of them are in intensive care.<\/li>\n<li>81 people are self-isolating at home and are monitored by doctors<\/li>\n<\/ul>\n<p>Not all the people tested and hospitalised are residents of the Principality.<\/p>\n<p><!--more--><\/p>\n<p style=\"text-align: center;\"><strong><span class=\"s1\">TALKING POINTS<\/span><\/strong><\/p>\n<blockquote><p>&#8220;We have multiplied by 7 grocery delivery&#8221;<\/p><\/blockquote>\n<p>Georges Marsan, Mayor of Monaco<\/p>\n<blockquote><p>&#8220;We are going to vote for an amended budget with a historic deficit of EUR 500 million&#8221;<\/p><\/blockquote>\n<p>St\u00e9phane Valeri, President of the National Council<\/p>\n<p>St\u00e9phane Valeri and Georges Marsan answered questions from Yann-Antony Nogh\u00e8s in the programme &#8220;Monaco in the face of Covid-19&#8221;.<\/p>\n<p><iframe src=\"https:\/\/www.youtube.com\/embed\/L1ZEF4btTnI?start=272\" width=\"560\" height=\"315\" frameborder=\"0\" allowfullscreen=\"allowfullscreen\"><\/iframe><\/p>\n<p><!--more--><\/p>\n<p style=\"text-align: center;\"><strong><span class=\"s1\">HEADLINES<\/span><\/strong><\/p>\n<p><strong>The first fabric masks distributed to 38,000 people<\/strong>: All masks are &#8220;Made in Monaco&#8221;.<\/p>\n<blockquote class=\"twitter-tweet\">\n<p dir=\"ltr\" lang=\"fr\">Les premiers masques en tissus distribu\u00e9s aux 38.000 r\u00e9sidents sont \u00ab made in \ud83c\uddf2\ud83c\udde8 \u00bb. <a href=\"https:\/\/twitter.com\/GvtMonaco?ref_src=twsrc%5Etfw\">@GvtMonaco<\/a> remercie chaleureusement les \u00e9quipes de Bettina et <a href=\"https:\/\/twitter.com\/mybananamoon?ref_src=twsrc%5Etfw\">@mybananamoon<\/a> qui sont \u00e0 l\u2019\u0153uvre pour fabriquer ces masques essentiels \u00e0 notre protection. Cette mobilisation est une fiert\u00e9 nationale <a href=\"https:\/\/t.co\/YRurDmmgAx\">pic.twitter.com\/YRurDmmgAx<\/a><\/p>\n<p>\u2014 Gouvernement Monaco (@GvtMonaco) <a href=\"https:\/\/twitter.com\/GvtMonaco\/status\/1252528156793241600?ref_src=twsrc%5Etfw\">April 21, 2020<\/a><\/p><\/blockquote>\n<p><script async src=\"https:\/\/platform.twitter.com\/widgets.js\" charset=\"utf-8\"><\/script><\/p>\n<p><strong>Prince Albert II visited the Princess Grace Hospital Center:<\/strong>\u00a0The Prince met with the healthcare teams and thanked them for their work.<\/p>\n<div id=\"attachment_26341\" style=\"width: 1034px\" class=\"wp-caption aligncenter\"><img loading=\"lazy\" decoding=\"async\" aria-describedby=\"caption-attachment-26341\" class=\"wp-image-26341 size-large\" src=\"https:\/\/www.monaco-tribune.com\/wp-content\/uploads\/2020\/04\/Prince-Albert-Monaco-CHPG-1024x660.jpg\" alt=\"Prince Albert Monaco CHPG\" width=\"1024\" height=\"660\" srcset=\"https:\/\/www.monaco-tribune.com\/wp-content\/uploads\/2020\/04\/Prince-Albert-Monaco-CHPG-1024x660.jpg 1024w, https:\/\/www.monaco-tribune.com\/wp-content\/uploads\/2020\/04\/Prince-Albert-Monaco-CHPG-465x300.jpg 465w, https:\/\/www.monaco-tribune.com\/wp-content\/uploads\/2020\/04\/Prince-Albert-Monaco-CHPG.jpg 2048w\" sizes=\"auto, (max-width: 1024px) 100vw, 1024px\" \/><p id=\"caption-attachment-26341\" class=\"wp-caption-text\">G. Luci \/ Palais princier<\/p><\/div>\n<p><strong>Doctors and nurses from Monaco will help their colleagues in France<\/strong>: For a month, four doctors from Monaco will support hospital staff in eastern France.<\/p>\n<p><strong>Monaco&#8217;s companies are reinventing themselves in the face of the pandemic<\/strong>: the Young Economic Chamber of Monaco will offer its 1st Business Time 2020, which will take place on Thursday 23rd April 2020, at 5.30 pm <a href=\"https:\/\/www.facebook.com\/JceMonaco\/\"> live on its Facebook page<\/a>. The JCEM will welcome Mr St\u00e9phane Valeri, President of the National Council of Monaco, who will introduce the topic, followed by Mr. Erwan Grimaud, founder of MC CLIC, Mrs. Anne Caravel, owner of the Exotic Garden Pharmacy, as well as Mr. Fr\u00e9d\u00e9ric Platini, Secretary General of the Monaco Red Cross, to talk about the impact of the coronavirus pandemic on business activities.<\/p>\n<div id=\"attachment_26345\" style=\"width: 1034px\" class=\"wp-caption aligncenter\"><img loading=\"lazy\" decoding=\"async\" aria-describedby=\"caption-attachment-26345\" class=\"wp-image-26345 size-large\" src=\"https:\/\/www.monaco-tribune.com\/wp-content\/uploads\/2020\/04\/Jeune-Chambre-E\u0301conomique-de-Monaco-1024x1024.jpg\" alt=\"Jeune Chambre \u00c9conomique de Monaco\" width=\"1024\" height=\"1024\" srcset=\"https:\/\/www.monaco-tribune.com\/wp-content\/uploads\/2020\/04\/Jeune-Chambre-E\u0301conomique-de-Monaco-1024x1024.jpg 1024w, https:\/\/www.monaco-tribune.com\/wp-content\/uploads\/2020\/04\/Jeune-Chambre-E\u0301conomique-de-Monaco-300x300.jpg 300w, https:\/\/www.monaco-tribune.com\/wp-content\/uploads\/2020\/04\/Jeune-Chambre-E\u0301conomique-de-Monaco.jpg 1080w\" sizes=\"auto, (max-width: 1024px) 100vw, 1024px\" \/><p id=\"caption-attachment-26345\" class=\"wp-caption-text\">Young Economic Chamber of Monaco<\/p><\/div>\n<p><strong>The Monte-Carlo Ballet Company will broadcast &#8220;The Nutcracker&#8221; by Jean-Christophe Maillot<\/strong>: Tonight at 5pm and on April 25th at 5pm, on Monaco Info and France 3 PACA.<\/p>\n<p><iframe style=\"border: none; overflow: hidden;\" src=\"https:\/\/www.facebook.com\/plugins\/post.php?href=https%3A%2F%2Fwww.facebook.com%2Fballetsdemontecarlo2014%2Fposts%2F2813102595592772&amp;width=500\" width=\"500\" height=\"669\" frameborder=\"0\" scrolling=\"no\"><\/iframe><\/p>\n<p><strong>Grimaldi Forum summer exhibition cancelled<\/strong>: The major summer exhibition &#8220;Monaco and the Automobile from 1893 to the present day&#8221;, which was to be the highlight of the Grimaldi Forum Monaco&#8217;s 20th anniversary celebration, has been cancelled.<\/p>\n<p><iframe style=\"border: none; overflow: hidden;\" src=\"https:\/\/www.facebook.com\/plugins\/post.php?href=https%3A%2F%2Fwww.facebook.com%2FGrimaldiForumMonaco%2Fposts%2F10157778615353645&amp;width=500\" width=\"500\" height=\"470\" frameborder=\"0\" scrolling=\"no\"><\/iframe><\/p>\n<p><strong>Second virtual race and second victory for Charles Leclerc<\/strong>: The Monegasque driver fought several drivers on the 2020 F1 grid and arrived ahead of Alexander Albon (Red Bull) and Guanyu Zhou (F2). \u2013 <a href=\"https:\/\/www.twitch.tv\/videos\/596686346\">Video.<\/a><\/p>\n<blockquote class=\"twitter-tweet\">\n<p dir=\"ltr\" lang=\"en\">I&#8217;m actually enjoying very much playing, and streaming. And I enjoy it even more when I win. But the post race celebrations are somehow feeling a bit different. Switching off the computer and go cook white pasta is a bit less glamour than spraying champagne on the podium<\/p>\n<p>\u2014 Charles Leclerc (@Charles_Leclerc) <a href=\"https:\/\/twitter.com\/Charles_Leclerc\/status\/1251952388979728384?ref_src=twsrc%5Etfw\">April 19, 2020<\/a><\/p><\/blockquote>\n<p><script async src=\"https:\/\/platform.twitter.com\/widgets.js\" charset=\"utf-8\"><\/script><\/p>\n<p><strong>The anniversary of the Hercule Fitness Club<\/strong>: This week, the Hercule Fitness Club team is celebrating the club&#8217;s anniversary offering you several challenges. The club&#8217;s team has already shared more than 40 videos since lockdown started.<\/p>\n<p><iframe style=\"border: none; overflow: hidden;\" src=\"https:\/\/www.facebook.com\/plugins\/video.php?href=https%3A%2F%2Fwww.facebook.com%2FHerculeFitnessClub%2Fvideos%2F228869095124135%2F&amp;show_text=0&amp;width=560\" width=\"560\" height=\"315\" frameborder=\"0\" scrolling=\"no\" allowfullscreen=\"allowfullscreen\"><\/iframe><\/p>\n<p style=\"text-align: center;\"><strong><span class=\"s1\"><a href=\"mailto:contact@monaco-tribune.com\">Send tips<\/a> | <a href=\"https:\/\/www.facebook.com\/MonacoTribune.en\/\">@monacotribune<\/a> | <a href=\"https:\/\/www.monaco-tribune.com\/contact\/#text-10\"><b class=\"b5\">Subscribe for free<\/b><\/a><\/span><\/strong><\/p>\n<p><img loading=\"lazy\" decoding=\"async\" class=\"aligncenter wp-image-26126 size-thumbnail\" src=\"https:\/\/www.monaco-tribune.com\/wp-content\/uploads\/2020\/04\/MTPP.jpg\" alt=\"Monaco Tribune actualit\u00e9s \" width=\"150\" height=\"150\" \/><\/p>\n","protected":false},"excerpt":{"rendered":"<p>Send tips | @monacotribune | Subscribe for free Every morning, read all Covid-19 news selected by Monaco Tribune.\u00a0 NUMBERS To [&hellip;]<\/p>\n","protected":false},"author":21,"featured_media":26110,"comment_status":"closed","ping_status":"open","sticky":false,"template":"","format":"standard","meta":{"_acf_changed":false,"footnotes":""},"categories":[243,258],"tags":[2888],"post_sectags":[],"post_format":[2465],"class_list":["post-26352","post","type-post","status-publish","format-standard","has-post-thumbnail","hentry","category-news","category-public-life","tag-covid-19-en","format-in-brief"],"acf":[],"yoast_head":"<!-- This site is optimized with the Yoast SEO Premium plugin v26.8 (Yoast SEO v27.5) - https:\/\/yoast.com\/product\/yoast-seo-premium-wordpress\/ -->\n<title>Coronavirus in Monaco: daily update<\/title>\n<meta name=\"description\" content=\"Send tips | @monacotribune | Subscribe for free Every morning, read all Covid-19 news selected by Monaco Tribune.\u00a0 NUMBERS To date, 94 people have been\" \/>\n<meta name=\"robots\" content=\"index, follow, max-snippet:-1, max-image-preview:large, max-video-preview:-1\" \/>\n<link rel=\"canonical\" href=\"https:\/\/www.monaco-tribune.com\/en\/2020\/04\/coronavirus-in-monaco-daily-update-2\/\" \/>\n<meta property=\"og:locale\" content=\"en_US\" \/>\n<meta property=\"og:type\" content=\"article\" \/>\n<meta property=\"og:title\" content=\"Coronavirus in Monaco: daily update - Monaco Tribune\" \/>\n<meta property=\"og:description\" content=\"Send tips | @monacotribune | Subscribe for free Every morning, read all Covid-19 news selected by Monaco Tribune.\u00a0 NUMBERS To date, 94 people have been\" \/>\n<meta property=\"og:url\" content=\"https:\/\/www.monaco-tribune.com\/en\/2020\/04\/coronavirus-in-monaco-daily-update-2\/\" \/>\n<meta property=\"og:site_name\" content=\"Monaco Tribune\" \/>\n<meta property=\"article:publisher\" content=\"https:\/\/www.facebook.com\/MonacoTribune\" \/>\n<meta property=\"article:published_time\" content=\"2020-04-21T10:05:34+00:00\" \/>\n<meta property=\"article:modified_time\" content=\"2020-04-21T10:11:11+00:00\" \/>\n<meta property=\"og:image\" content=\"https:\/\/www.monaco-tribune.com\/wp-content\/uploads\/2020\/04\/MTfbTWNEW4.jpg\" \/>\n\t<meta property=\"og:image:width\" content=\"2560\" \/>\n\t<meta property=\"og:image:height\" content=\"1280\" \/>\n\t<meta property=\"og:image:type\" content=\"image\/jpeg\" \/>\n<meta name=\"author\" content=\"Monaco Tribune\" \/>\n<meta name=\"twitter:card\" content=\"summary_large_image\" \/>\n<meta name=\"twitter:creator\" content=\"@MonacoTribune\" \/>\n<meta name=\"twitter:site\" content=\"@MonacoTribune\" \/>\n<script type=\"application\/ld+json\" class=\"yoast-schema-graph\">{\"@context\":\"https:\\\/\\\/schema.org\",\"@graph\":[{\"@type\":\"NewsArticle\",\"@id\":\"https:\\\/\\\/www.monaco-tribune.com\\\/en\\\/2020\\\/04\\\/coronavirus-in-monaco-daily-update-2\\\/#article\",\"isPartOf\":{\"@id\":\"https:\\\/\\\/www.monaco-tribune.com\\\/en\\\/2020\\\/04\\\/coronavirus-in-monaco-daily-update-2\\\/\"},\"author\":{\"name\":\"Monaco Tribune\",\"@id\":\"https:\\\/\\\/www.monaco-tribune.com\\\/en\\\/#\\\/schema\\\/person\\\/8f6ed8c063276e2397589eda5b7a2f2d\"},\"headline\":\"Coronavirus in Monaco: daily update\",\"datePublished\":\"2020-04-21T10:05:34+00:00\",\"dateModified\":\"2020-04-21T10:11:11+00:00\",\"mainEntityOfPage\":{\"@id\":\"https:\\\/\\\/www.monaco-tribune.com\\\/en\\\/2020\\\/04\\\/coronavirus-in-monaco-daily-update-2\\\/\"},\"wordCount\":551,\"publisher\":{\"@id\":\"https:\\\/\\\/www.monaco-tribune.com\\\/en\\\/#organization\"},\"image\":{\"@id\":\"https:\\\/\\\/www.monaco-tribune.com\\\/en\\\/2020\\\/04\\\/coronavirus-in-monaco-daily-update-2\\\/#primaryimage\"},\"thumbnailUrl\":\"https:\\\/\\\/www.monaco-tribune.com\\\/wp-content\\\/uploads\\\/2020\\\/04\\\/MTfbTWNEW4.jpg\",\"keywords\":[\"Covid-19\"],\"articleSection\":[\"News\",\"Society\"],\"inLanguage\":\"en-US\",\"copyrightYear\":\"2020\",\"copyrightHolder\":{\"@id\":\"https:\\\/\\\/www.monaco-tribune.com\\\/#organization\"}},{\"@type\":\"WebPage\",\"@id\":\"https:\\\/\\\/www.monaco-tribune.com\\\/en\\\/2020\\\/04\\\/coronavirus-in-monaco-daily-update-2\\\/\",\"url\":\"https:\\\/\\\/www.monaco-tribune.com\\\/en\\\/2020\\\/04\\\/coronavirus-in-monaco-daily-update-2\\\/\",\"name\":\"Coronavirus in Monaco: daily update\",\"isPartOf\":{\"@id\":\"https:\\\/\\\/www.monaco-tribune.com\\\/en\\\/#website\"},\"primaryImageOfPage\":{\"@id\":\"https:\\\/\\\/www.monaco-tribune.com\\\/en\\\/2020\\\/04\\\/coronavirus-in-monaco-daily-update-2\\\/#primaryimage\"},\"image\":{\"@id\":\"https:\\\/\\\/www.monaco-tribune.com\\\/en\\\/2020\\\/04\\\/coronavirus-in-monaco-daily-update-2\\\/#primaryimage\"},\"thumbnailUrl\":\"https:\\\/\\\/www.monaco-tribune.com\\\/wp-content\\\/uploads\\\/2020\\\/04\\\/MTfbTWNEW4.jpg\",\"datePublished\":\"2020-04-21T10:05:34+00:00\",\"dateModified\":\"2020-04-21T10:11:11+00:00\",\"description\":\"Send tips | @monacotribune | Subscribe for free Every morning, read all Covid-19 news selected by Monaco Tribune.\u00a0 NUMBERS To date, 94 people have been\",\"breadcrumb\":{\"@id\":\"https:\\\/\\\/www.monaco-tribune.com\\\/en\\\/2020\\\/04\\\/coronavirus-in-monaco-daily-update-2\\\/#breadcrumb\"},\"inLanguage\":\"en-US\",\"potentialAction\":[{\"@type\":\"ReadAction\",\"target\":[\"https:\\\/\\\/www.monaco-tribune.com\\\/en\\\/2020\\\/04\\\/coronavirus-in-monaco-daily-update-2\\\/\"]}]},{\"@type\":\"ImageObject\",\"inLanguage\":\"en-US\",\"@id\":\"https:\\\/\\\/www.monaco-tribune.com\\\/en\\\/2020\\\/04\\\/coronavirus-in-monaco-daily-update-2\\\/#primaryimage\",\"url\":\"https:\\\/\\\/www.monaco-tribune.com\\\/wp-content\\\/uploads\\\/2020\\\/04\\\/MTfbTWNEW4.jpg\",\"contentUrl\":\"https:\\\/\\\/www.monaco-tribune.com\\\/wp-content\\\/uploads\\\/2020\\\/04\\\/MTfbTWNEW4.jpg\",\"width\":2560,\"height\":1280,\"caption\":\"Monaco coronavirus\"},{\"@type\":\"BreadcrumbList\",\"@id\":\"https:\\\/\\\/www.monaco-tribune.com\\\/en\\\/2020\\\/04\\\/coronavirus-in-monaco-daily-update-2\\\/#breadcrumb\",\"itemListElement\":[{\"@type\":\"ListItem\",\"position\":1,\"name\":\"Accueil\",\"item\":\"https:\\\/\\\/www.monaco-tribune.com\\\/en\\\/\"},{\"@type\":\"ListItem\",\"position\":2,\"name\":\"Coronavirus in Monaco: daily update\"}]},{\"@type\":\"WebSite\",\"@id\":\"https:\\\/\\\/www.monaco-tribune.com\\\/en\\\/#website\",\"url\":\"https:\\\/\\\/www.monaco-tribune.com\\\/en\\\/\",\"name\":\"Monaco Tribune\",\"description\":\"Monaco : actualit\u00e9s \u00e9conomiques, politiques, culturelles et sportives de Monaco et de la French Riviera.\",\"publisher\":{\"@id\":\"https:\\\/\\\/www.monaco-tribune.com\\\/en\\\/#organization\"},\"potentialAction\":[{\"@type\":\"SearchAction\",\"target\":{\"@type\":\"EntryPoint\",\"urlTemplate\":\"https:\\\/\\\/www.monaco-tribune.com\\\/en\\\/?s={search_term_string}\"},\"query-input\":{\"@type\":\"PropertyValueSpecification\",\"valueRequired\":true,\"valueName\":\"search_term_string\"}}],\"inLanguage\":\"en-US\"},{\"@type\":\"Organization\",\"@id\":\"https:\\\/\\\/www.monaco-tribune.com\\\/en\\\/#organization\",\"name\":\"Monaco Tribune\",\"url\":\"https:\\\/\\\/www.monaco-tribune.com\\\/en\\\/\",\"logo\":{\"@type\":\"ImageObject\",\"inLanguage\":\"en-US\",\"@id\":\"https:\\\/\\\/www.monaco-tribune.com\\\/en\\\/#\\\/schema\\\/logo\\\/image\\\/\",\"url\":\"https:\\\/\\\/www.monaco-tribune.com\\\/wp-content\\\/uploads\\\/2022\\\/11\\\/logo-monaco-tribune.png\",\"contentUrl\":\"https:\\\/\\\/www.monaco-tribune.com\\\/wp-content\\\/uploads\\\/2022\\\/11\\\/logo-monaco-tribune.png\",\"width\":1548,\"height\":600,\"caption\":\"Monaco Tribune\"},\"image\":{\"@id\":\"https:\\\/\\\/www.monaco-tribune.com\\\/en\\\/#\\\/schema\\\/logo\\\/image\\\/\"},\"sameAs\":[\"https:\\\/\\\/www.facebook.com\\\/MonacoTribune\",\"https:\\\/\\\/x.com\\\/MonacoTribune\",\"https:\\\/\\\/www.instagram.com\\\/monacotribune\\\/\",\"https:\\\/\\\/www.linkedin.com\\\/company\\\/monaco-tribune\",\"https:\\\/\\\/www.youtube.com\\\/channel\\\/UCHle1MnG6hw1y4lWKijVbMA\"]},{\"@type\":\"Person\",\"@id\":\"https:\\\/\\\/www.monaco-tribune.com\\\/en\\\/#\\\/schema\\\/person\\\/8f6ed8c063276e2397589eda5b7a2f2d\",\"name\":\"Monaco Tribune\",\"image\":{\"@type\":\"ImageObject\",\"inLanguage\":\"en-US\",\"@id\":\"https:\\\/\\\/secure.gravatar.com\\\/avatar\\\/3010e6c5d6c8056ec1c25228fe68ea089879e5ae0de884e0247744ee988aaf6a?s=96&d=mm&r=g\",\"url\":\"https:\\\/\\\/secure.gravatar.com\\\/avatar\\\/3010e6c5d6c8056ec1c25228fe68ea089879e5ae0de884e0247744ee988aaf6a?s=96&d=mm&r=g\",\"contentUrl\":\"https:\\\/\\\/secure.gravatar.com\\\/avatar\\\/3010e6c5d6c8056ec1c25228fe68ea089879e5ae0de884e0247744ee988aaf6a?s=96&d=mm&r=g\",\"caption\":\"Monaco Tribune\"},\"url\":\"https:\\\/\\\/www.monaco-tribune.com\\\/en\\\/author\\\/monaco-tribune\\\/\"}]}<\/script>\n<!-- \/ Yoast SEO Premium plugin. -->","yoast_head_json":{"title":"Coronavirus in Monaco: daily update","description":"Send tips | @monacotribune | Subscribe for free Every morning, read all Covid-19 news selected by Monaco Tribune.\u00a0 NUMBERS To date, 94 people have been","robots":{"index":"index","follow":"follow","max-snippet":"max-snippet:-1","max-image-preview":"max-image-preview:large","max-video-preview":"max-video-preview:-1"},"canonical":"https:\/\/www.monaco-tribune.com\/en\/2020\/04\/coronavirus-in-monaco-daily-update-2\/","og_locale":"en_US","og_type":"article","og_title":"Coronavirus in Monaco: daily update - Monaco Tribune","og_description":"Send tips | @monacotribune | Subscribe for free Every morning, read all Covid-19 news selected by Monaco Tribune.\u00a0 NUMBERS To date, 94 people have been","og_url":"https:\/\/www.monaco-tribune.com\/en\/2020\/04\/coronavirus-in-monaco-daily-update-2\/","og_site_name":"Monaco Tribune","article_publisher":"https:\/\/www.facebook.com\/MonacoTribune","article_published_time":"2020-04-21T10:05:34+00:00","article_modified_time":"2020-04-21T10:11:11+00:00","og_image":[{"width":2560,"height":1280,"url":"https:\/\/www.monaco-tribune.com\/wp-content\/uploads\/2020\/04\/MTfbTWNEW4.jpg","type":"image\/jpeg"}],"author":"Monaco Tribune","twitter_card":"summary_large_image","twitter_creator":"@MonacoTribune","twitter_site":"@MonacoTribune","schema":{"@context":"https:\/\/schema.org","@graph":[{"@type":"NewsArticle","@id":"https:\/\/www.monaco-tribune.com\/en\/2020\/04\/coronavirus-in-monaco-daily-update-2\/#article","isPartOf":{"@id":"https:\/\/www.monaco-tribune.com\/en\/2020\/04\/coronavirus-in-monaco-daily-update-2\/"},"author":{"name":"Monaco Tribune","@id":"https:\/\/www.monaco-tribune.com\/en\/#\/schema\/person\/8f6ed8c063276e2397589eda5b7a2f2d"},"headline":"Coronavirus in Monaco: daily update","datePublished":"2020-04-21T10:05:34+00:00","dateModified":"2020-04-21T10:11:11+00:00","mainEntityOfPage":{"@id":"https:\/\/www.monaco-tribune.com\/en\/2020\/04\/coronavirus-in-monaco-daily-update-2\/"},"wordCount":551,"publisher":{"@id":"https:\/\/www.monaco-tribune.com\/en\/#organization"},"image":{"@id":"https:\/\/www.monaco-tribune.com\/en\/2020\/04\/coronavirus-in-monaco-daily-update-2\/#primaryimage"},"thumbnailUrl":"https:\/\/www.monaco-tribune.com\/wp-content\/uploads\/2020\/04\/MTfbTWNEW4.jpg","keywords":["Covid-19"],"articleSection":["News","Society"],"inLanguage":"en-US","copyrightYear":"2020","copyrightHolder":{"@id":"https:\/\/www.monaco-tribune.com\/#organization"}},{"@type":"WebPage","@id":"https:\/\/www.monaco-tribune.com\/en\/2020\/04\/coronavirus-in-monaco-daily-update-2\/","url":"https:\/\/www.monaco-tribune.com\/en\/2020\/04\/coronavirus-in-monaco-daily-update-2\/","name":"Coronavirus in Monaco: daily update","isPartOf":{"@id":"https:\/\/www.monaco-tribune.com\/en\/#website"},"primaryImageOfPage":{"@id":"https:\/\/www.monaco-tribune.com\/en\/2020\/04\/coronavirus-in-monaco-daily-update-2\/#primaryimage"},"image":{"@id":"https:\/\/www.monaco-tribune.com\/en\/2020\/04\/coronavirus-in-monaco-daily-update-2\/#primaryimage"},"thumbnailUrl":"https:\/\/www.monaco-tribune.com\/wp-content\/uploads\/2020\/04\/MTfbTWNEW4.jpg","datePublished":"2020-04-21T10:05:34+00:00","dateModified":"2020-04-21T10:11:11+00:00","description":"Send tips | @monacotribune | Subscribe for free Every morning, read all Covid-19 news selected by Monaco Tribune.\u00a0 NUMBERS To date, 94 people have been","breadcrumb":{"@id":"https:\/\/www.monaco-tribune.com\/en\/2020\/04\/coronavirus-in-monaco-daily-update-2\/#breadcrumb"},"inLanguage":"en-US","potentialAction":[{"@type":"ReadAction","target":["https:\/\/www.monaco-tribune.com\/en\/2020\/04\/coronavirus-in-monaco-daily-update-2\/"]}]},{"@type":"ImageObject","inLanguage":"en-US","@id":"https:\/\/www.monaco-tribune.com\/en\/2020\/04\/coronavirus-in-monaco-daily-update-2\/#primaryimage","url":"https:\/\/www.monaco-tribune.com\/wp-content\/uploads\/2020\/04\/MTfbTWNEW4.jpg","contentUrl":"https:\/\/www.monaco-tribune.com\/wp-content\/uploads\/2020\/04\/MTfbTWNEW4.jpg","width":2560,"height":1280,"caption":"Monaco coronavirus"},{"@type":"BreadcrumbList","@id":"https:\/\/www.monaco-tribune.com\/en\/2020\/04\/coronavirus-in-monaco-daily-update-2\/#breadcrumb","itemListElement":[{"@type":"ListItem","position":1,"name":"Accueil","item":"https:\/\/www.monaco-tribune.com\/en\/"},{"@type":"ListItem","position":2,"name":"Coronavirus in Monaco: daily update"}]},{"@type":"WebSite","@id":"https:\/\/www.monaco-tribune.com\/en\/#website","url":"https:\/\/www.monaco-tribune.com\/en\/","name":"Monaco Tribune","description":"Monaco : actualit\u00e9s \u00e9conomiques, politiques, culturelles et sportives de Monaco et de la French Riviera.","publisher":{"@id":"https:\/\/www.monaco-tribune.com\/en\/#organization"},"potentialAction":[{"@type":"SearchAction","target":{"@type":"EntryPoint","urlTemplate":"https:\/\/www.monaco-tribune.com\/en\/?s={search_term_string}"},"query-input":{"@type":"PropertyValueSpecification","valueRequired":true,"valueName":"search_term_string"}}],"inLanguage":"en-US"},{"@type":"Organization","@id":"https:\/\/www.monaco-tribune.com\/en\/#organization","name":"Monaco Tribune","url":"https:\/\/www.monaco-tribune.com\/en\/","logo":{"@type":"ImageObject","inLanguage":"en-US","@id":"https:\/\/www.monaco-tribune.com\/en\/#\/schema\/logo\/image\/","url":"https:\/\/www.monaco-tribune.com\/wp-content\/uploads\/2022\/11\/logo-monaco-tribune.png","contentUrl":"https:\/\/www.monaco-tribune.com\/wp-content\/uploads\/2022\/11\/logo-monaco-tribune.png","width":1548,"height":600,"caption":"Monaco Tribune"},"image":{"@id":"https:\/\/www.monaco-tribune.com\/en\/#\/schema\/logo\/image\/"},"sameAs":["https:\/\/www.facebook.com\/MonacoTribune","https:\/\/x.com\/MonacoTribune","https:\/\/www.instagram.com\/monacotribune\/","https:\/\/www.linkedin.com\/company\/monaco-tribune","https:\/\/www.youtube.com\/channel\/UCHle1MnG6hw1y4lWKijVbMA"]},{"@type":"Person","@id":"https:\/\/www.monaco-tribune.com\/en\/#\/schema\/person\/8f6ed8c063276e2397589eda5b7a2f2d","name":"Monaco Tribune","image":{"@type":"ImageObject","inLanguage":"en-US","@id":"https:\/\/secure.gravatar.com\/avatar\/3010e6c5d6c8056ec1c25228fe68ea089879e5ae0de884e0247744ee988aaf6a?s=96&d=mm&r=g","url":"https:\/\/secure.gravatar.com\/avatar\/3010e6c5d6c8056ec1c25228fe68ea089879e5ae0de884e0247744ee988aaf6a?s=96&d=mm&r=g","contentUrl":"https:\/\/secure.gravatar.com\/avatar\/3010e6c5d6c8056ec1c25228fe68ea089879e5ae0de884e0247744ee988aaf6a?s=96&d=mm&r=g","caption":"Monaco Tribune"},"url":"https:\/\/www.monaco-tribune.com\/en\/author\/monaco-tribune\/"}]}},"_links":{"self":[{"href":"https:\/\/www.monaco-tribune.com\/en\/wp-json\/wp\/v2\/posts\/26352","targetHints":{"allow":["GET"]}}],"collection":[{"href":"https:\/\/www.monaco-tribune.com\/en\/wp-json\/wp\/v2\/posts"}],"about":[{"href":"https:\/\/www.monaco-tribune.com\/en\/wp-json\/wp\/v2\/types\/post"}],"author":[{"embeddable":true,"href":"https:\/\/www.monaco-tribune.com\/en\/wp-json\/wp\/v2\/users\/21"}],"replies":[{"embeddable":true,"href":"https:\/\/www.monaco-tribune.com\/en\/wp-json\/wp\/v2\/comments?post=26352"}],"version-history":[{"count":0,"href":"https:\/\/www.monaco-tribune.com\/en\/wp-json\/wp\/v2\/posts\/26352\/revisions"}],"wp:featuredmedia":[{"embeddable":true,"href":"https:\/\/www.monaco-tribune.com\/en\/wp-json\/wp\/v2\/media\/26110"}],"wp:attachment":[{"href":"https:\/\/www.monaco-tribune.com\/en\/wp-json\/wp\/v2\/media?parent=26352"}],"wp:term":[{"taxonomy":"category","embeddable":true,"href":"https:\/\/www.monaco-tribune.com\/en\/wp-json\/wp\/v2\/categories?post=26352"},{"taxonomy":"post_tag","embeddable":true,"href":"https:\/\/www.monaco-tribune.com\/en\/wp-json\/wp\/v2\/tags?post=26352"},{"taxonomy":"sectag","embeddable":true,"href":"https:\/\/www.monaco-tribune.com\/en\/wp-json\/wp\/v2\/post_sectags?post=26352"},{"taxonomy":"format","embeddable":true,"href":"https:\/\/www.monaco-tribune.com\/en\/wp-json\/wp\/v2\/post_format?post=26352"}],"curies":[{"name":"wp","href":"https:\/\/api.w.org\/{rel}","templated":true}]}}