{"id":26401,"date":"2020-04-22T12:20:52","date_gmt":"2020-04-22T10:20:52","guid":{"rendered":"https:\/\/www.monaco-tribune.com\/?p=26401"},"modified":"2022-11-28T21:46:27","modified_gmt":"2022-11-28T20:46:27","slug":"coronavirus-in-monaco-domestic-violence-budget-deficits-masks","status":"publish","type":"post","link":"https:\/\/www.monaco-tribune.com\/en\/2020\/04\/coronavirus-in-monaco-domestic-violence-budget-deficits-masks\/","title":{"rendered":"Coronavirus in Monaco: domestic violence, budget deficits, masks&#8230;"},"content":{"rendered":"<p class=\"p1\" style=\"text-align: center;\"><strong><span class=\"s1\"><a href=\"mailto:contact@monaco-tribune.com\">Send tips<\/a> | <a href=\"https:\/\/www.facebook.com\/MonacoTribune.en\/\">@monacotribune<\/a> | <a href=\"https:\/\/www.monaco-tribune.com\/contact\/#text-10\"><b class=\"b5\">Subscribe for free<\/b><b class=\"b4\"><\/b><b class=\"b3\"><\/b><\/a><\/span><\/strong><\/p>\n<p class=\"p1\" style=\"text-align: center;\"><strong>All Covid-19 news selected by Monaco Tribune.\u00a0<\/strong><\/p>\n<p class=\"p1\" style=\"text-align: center;\"><strong><span class=\"s1\">NUMBERS<\/span><\/strong><\/p>\n<ul>\n<li>Now new cases since last Saturday. To date, 94 people have been infected with the novel coronavirus.<\/li>\n<li>26 people have now recovered. Three more recovered compared to the day before.<\/li>\n<li>5 people are hospitalised.<\/li>\n<li>2 of them are in intensive care.<\/li>\n<li>80 people are self-isolating at home and are monitored by doctors<\/li>\n<\/ul>\n<p>Not all the people tested and hospitalised are residents of the Principality.<\/p>\n<p style=\"text-align: center;\"><strong><span class=\"s1\">TALKING POINTS<\/span><\/strong><\/p>\n<blockquote><p>&#8220;No significant increase in reports of domestic violence in Monaco&#8221;<\/p><\/blockquote>\n<p>C\u00e9line Cottalorda, Technical Advisor to the Ministry of State, Delegate for the Promotion and Preservation of Women&#8217;s Rights<\/p>\n<p><iframe src=\"https:\/\/www.youtube.com\/embed\/fIELVQXLwJ4?controls=0&amp;start=881\" width=\"560\" height=\"315\" frameborder=\"0\" allowfullscreen=\"allowfullscreen\"><\/iframe><\/p>\n<blockquote><p>&#8220;We want to work hand in hand with the government to reopen as soon as possible&#8221;<\/p><\/blockquote>\n<p>Francis Poidevin, Vice-President of the Association des Industries H\u00f4teli\u00e8res Mon\u00e9gasques (Monaco&#8217;s Hotel Industries Association)<\/p>\n<p><iframe src=\"https:\/\/www.youtube.com\/embed\/fIELVQXLwJ4?start=235\" width=\"560\" height=\"315\" frameborder=\"0\" allowfullscreen=\"allowfullscreen\"><\/iframe><\/p>\n<p style=\"text-align: center;\"><strong><span class=\"s1\">HEADLINES<\/span><\/strong><\/p>\n<p><strong>Prince Albert II has decided to reduce the budget of the Palace<\/strong>: The Palace will have a 40% budget cut.<\/p>\n<blockquote><p>&#8220;The seriousness of the situation calls for increased rigorous financial management accompanied by major efforts, particularly with a view to an overall reduction in State expenditure. In this context, the Prince has decided to reduce the operating expenses of the Palace with a reduction of nearly 40% in its allocation, which has fallen from 13.2 million euros to 8 million euros. The Sovereign has full confidence in the solidity of the Principality&#8217;s economic and social model to overcome this health crisis with unprecedented economic consequences for his country.&#8221;<\/p><\/blockquote>\n<p><strong>Vote on amended budge<\/strong>t: The National Council of Monaco unanimously voted yesterday evening on the first amended budget for the year 2020. The budget deficit amounts to 478 million.<\/p>\n<blockquote><p>&#8220;In three months, we are going to use 20 to 25% of the liquid part of our Constitutional Reserve Fund, compared to 10% in three years during the previous crisis&#8221;<\/p><\/blockquote>\n<p>Jean-Louis Grinda, Chairman of the Public Accounts Committee.<\/p>\n<div id=\"attachment_26394\" style=\"width: 1034px\" class=\"wp-caption aligncenter\"><img loading=\"lazy\" decoding=\"async\" aria-describedby=\"caption-attachment-26394\" class=\"size-large wp-image-26394\" src=\"https:\/\/www.monaco-tribune.com\/wp-content\/uploads\/2020\/04\/Screenshot-2020-04-22-at-11.42.34-1024x561.png\" alt=\"Jacques Rit \u00a9 Conseil National\" width=\"1024\" height=\"561\" srcset=\"https:\/\/www.monaco-tribune.com\/wp-content\/uploads\/2020\/04\/Screenshot-2020-04-22-at-11.42.34-1024x561.png 1024w, https:\/\/www.monaco-tribune.com\/wp-content\/uploads\/2020\/04\/Screenshot-2020-04-22-at-11.42.34-300x164.png 300w, https:\/\/www.monaco-tribune.com\/wp-content\/uploads\/2020\/04\/Screenshot-2020-04-22-at-11.42.34-768x421.png 768w, https:\/\/www.monaco-tribune.com\/wp-content\/uploads\/2020\/04\/Screenshot-2020-04-22-at-11.42.34-1536x842.png 1536w, https:\/\/www.monaco-tribune.com\/wp-content\/uploads\/2020\/04\/Screenshot-2020-04-22-at-11.42.34-260x142.png 260w, https:\/\/www.monaco-tribune.com\/wp-content\/uploads\/2020\/04\/Screenshot-2020-04-22-at-11.42.34-50x27.png 50w, https:\/\/www.monaco-tribune.com\/wp-content\/uploads\/2020\/04\/Screenshot-2020-04-22-at-11.42.34-137x75.png 137w, https:\/\/www.monaco-tribune.com\/wp-content\/uploads\/2020\/04\/Screenshot-2020-04-22-at-11.42.34.png 1566w\" sizes=\"auto, (max-width: 1024px) 100vw, 1024px\" \/><p id=\"caption-attachment-26394\" class=\"wp-caption-text\">Jacques Rit<\/p><\/div>\n<p><strong>Gourmet lockdown with Michelin-starred chefs from Monaco<\/strong>: We are lucky that, in these difficult times, the best chefs of the Principality have decided to take us under their virtual wing to make us real cooking pros. <a href=\"https:\/\/www.monaco-tribune.com\/en\/2020\/04\/gourmet-lockdown-with-michelin-starred-chefs-from-monaco\/\">See recipes<\/a>.<\/p>\n<p><strong>&#8220;Faust&#8221; by Jean-Christophe Maillot:<\/strong> The ballet will be shown on <a href=\"http:\/\/monacoinfo.com\/\">Monaco Info<\/a> tonight at 5pm and on Saturday 25th April at 5pm.<\/p>\n<p><iframe style=\"border: none; overflow: hidden;\" src=\"https:\/\/www.facebook.com\/plugins\/video.php?href=https%3A%2F%2Fwww.facebook.com%2Fballetsdemontecarlo2014%2Fvideos%2F2592632270995293%2F&amp;show_text=0&amp;width=560\" width=\"560\" height=\"315\" frameborder=\"0\" scrolling=\"no\" allowfullscreen=\"allowfullscreen\"><\/iframe><\/p>\n<p><strong> &#8220;Made in Monaco&#8221; masks<\/strong>: 80K masks are made by Monaco&#8217;s company Bettina. The second company \u2013 Banana Moon \u2013 will make over 1000 masks every day.<\/p>\n<div id=\"attachment_26389\" style=\"width: 1034px\" class=\"wp-caption aligncenter\"><img loading=\"lazy\" decoding=\"async\" aria-describedby=\"caption-attachment-26389\" class=\"size-large wp-image-26389\" src=\"https:\/\/www.monaco-tribune.com\/wp-content\/uploads\/2020\/04\/masques-monaci-1024x683.jpg\" alt=\"masques monaco\" width=\"1024\" height=\"683\" srcset=\"https:\/\/www.monaco-tribune.com\/wp-content\/uploads\/2020\/04\/masques-monaci-1024x683.jpg 1024w, https:\/\/www.monaco-tribune.com\/wp-content\/uploads\/2020\/04\/masques-monaci-300x200.jpg 300w, https:\/\/www.monaco-tribune.com\/wp-content\/uploads\/2020\/04\/masques-monaci-768x512.jpg 768w, https:\/\/www.monaco-tribune.com\/wp-content\/uploads\/2020\/04\/masques-monaci-1536x1024.jpg 1536w, https:\/\/www.monaco-tribune.com\/wp-content\/uploads\/2020\/04\/masques-monaci-219x146.jpg 219w, https:\/\/www.monaco-tribune.com\/wp-content\/uploads\/2020\/04\/masques-monaci-50x33.jpg 50w, https:\/\/www.monaco-tribune.com\/wp-content\/uploads\/2020\/04\/masques-monaci-113x75.jpg 113w, https:\/\/www.monaco-tribune.com\/wp-content\/uploads\/2020\/04\/masques-monaci.jpg 2048w\" sizes=\"auto, (max-width: 1024px) 100vw, 1024px\" \/><p id=\"caption-attachment-26389\" class=\"wp-caption-text\">Manuel Vitali \/ DR<\/p><\/div>\n<p style=\"text-align: center;\"><strong><span class=\"s1\"><a href=\"mailto:contact@monaco-tribune.com\">Send tips<\/a> | <a href=\"https:\/\/www.facebook.com\/MonacoTribune.en\/\">@monacotribune<\/a> | <a href=\"https:\/\/www.monaco-tribune.com\/contact\/#text-10\"><b class=\"b5\">Subscribe for free<\/b><\/a><\/span><\/strong><\/p>\n<p><img loading=\"lazy\" decoding=\"async\" class=\"aligncenter wp-image-26126 size-thumbnail\" src=\"https:\/\/www.monaco-tribune.com\/wp-content\/uploads\/2020\/04\/MTPP-150x150.jpg\" alt=\"Monaco Tribune actualit\u00e9s \" width=\"150\" height=\"150\" \/><\/p>\n","protected":false},"excerpt":{"rendered":"<p>Send tips | @monacotribune | Subscribe for free All Covid-19 news selected by Monaco Tribune.\u00a0 NUMBERS Now new cases since [&hellip;]<\/p>\n","protected":false},"author":21,"featured_media":26389,"comment_status":"closed","ping_status":"open","sticky":false,"template":"","format":"standard","meta":{"_acf_changed":false,"footnotes":""},"categories":[258],"tags":[],"post_sectags":[],"post_format":[],"class_list":["post-26401","post","type-post","status-publish","format-standard","has-post-thumbnail","hentry","category-public-life"],"acf":[],"yoast_head":"<!-- This site is optimized with the Yoast SEO Premium plugin v26.8 (Yoast SEO v27.5) - https:\/\/yoast.com\/product\/yoast-seo-premium-wordpress\/ -->\n<title>Coronavirus in Monaco: domestic violence, budget deficits, masks...<\/title>\n<meta name=\"description\" content=\"Send tips | @monacotribune | Subscribe for free All Covid-19 news selected by Monaco Tribune.\u00a0 NUMBERS Now new cases since last Saturday. To date, 94\" \/>\n<meta name=\"robots\" content=\"index, follow, max-snippet:-1, max-image-preview:large, max-video-preview:-1\" \/>\n<link rel=\"canonical\" href=\"https:\/\/www.monaco-tribune.com\/en\/2020\/04\/coronavirus-in-monaco-domestic-violence-budget-deficits-masks\/\" \/>\n<meta property=\"og:locale\" content=\"en_US\" \/>\n<meta property=\"og:type\" content=\"article\" \/>\n<meta property=\"og:title\" content=\"Coronavirus in Monaco: domestic violence, budget deficits, masks... - Monaco Tribune\" \/>\n<meta property=\"og:description\" content=\"Send tips | @monacotribune | Subscribe for free All Covid-19 news selected by Monaco Tribune.\u00a0 NUMBERS Now new cases since last Saturday. To date, 94\" \/>\n<meta property=\"og:url\" content=\"https:\/\/www.monaco-tribune.com\/en\/2020\/04\/coronavirus-in-monaco-domestic-violence-budget-deficits-masks\/\" \/>\n<meta property=\"og:site_name\" content=\"Monaco Tribune\" \/>\n<meta property=\"article:publisher\" content=\"https:\/\/www.facebook.com\/MonacoTribune\" \/>\n<meta property=\"article:published_time\" content=\"2020-04-22T10:20:52+00:00\" \/>\n<meta property=\"article:modified_time\" content=\"2022-11-28T20:46:27+00:00\" \/>\n<meta property=\"og:image\" content=\"https:\/\/www.monaco-tribune.com\/wp-content\/uploads\/2020\/04\/masques-monaci.jpg\" \/>\n\t<meta property=\"og:image:width\" content=\"2048\" \/>\n\t<meta property=\"og:image:height\" content=\"1365\" \/>\n\t<meta property=\"og:image:type\" content=\"image\/jpeg\" \/>\n<meta name=\"author\" content=\"Monaco Tribune\" \/>\n<meta name=\"twitter:card\" content=\"summary_large_image\" \/>\n<meta name=\"twitter:creator\" content=\"@MonacoTribune\" \/>\n<meta name=\"twitter:site\" content=\"@MonacoTribune\" \/>\n<script type=\"application\/ld+json\" class=\"yoast-schema-graph\">{\"@context\":\"https:\\\/\\\/schema.org\",\"@graph\":[{\"@type\":\"NewsArticle\",\"@id\":\"https:\\\/\\\/www.monaco-tribune.com\\\/en\\\/2020\\\/04\\\/coronavirus-in-monaco-domestic-violence-budget-deficits-masks\\\/#article\",\"isPartOf\":{\"@id\":\"https:\\\/\\\/www.monaco-tribune.com\\\/en\\\/2020\\\/04\\\/coronavirus-in-monaco-domestic-violence-budget-deficits-masks\\\/\"},\"author\":{\"name\":\"Monaco Tribune\",\"@id\":\"https:\\\/\\\/www.monaco-tribune.com\\\/en\\\/#\\\/schema\\\/person\\\/8f6ed8c063276e2397589eda5b7a2f2d\"},\"headline\":\"Coronavirus in Monaco: domestic violence, budget deficits, masks&#8230;\",\"datePublished\":\"2020-04-22T10:20:52+00:00\",\"dateModified\":\"2022-11-28T20:46:27+00:00\",\"mainEntityOfPage\":{\"@id\":\"https:\\\/\\\/www.monaco-tribune.com\\\/en\\\/2020\\\/04\\\/coronavirus-in-monaco-domestic-violence-budget-deficits-masks\\\/\"},\"wordCount\":424,\"publisher\":{\"@id\":\"https:\\\/\\\/www.monaco-tribune.com\\\/en\\\/#organization\"},\"image\":{\"@id\":\"https:\\\/\\\/www.monaco-tribune.com\\\/en\\\/2020\\\/04\\\/coronavirus-in-monaco-domestic-violence-budget-deficits-masks\\\/#primaryimage\"},\"thumbnailUrl\":\"https:\\\/\\\/www.monaco-tribune.com\\\/wp-content\\\/uploads\\\/2020\\\/04\\\/masques-monaci.jpg\",\"articleSection\":[\"Society\"],\"inLanguage\":\"en-US\",\"copyrightYear\":\"2020\",\"copyrightHolder\":{\"@id\":\"https:\\\/\\\/www.monaco-tribune.com\\\/#organization\"}},{\"@type\":\"WebPage\",\"@id\":\"https:\\\/\\\/www.monaco-tribune.com\\\/en\\\/2020\\\/04\\\/coronavirus-in-monaco-domestic-violence-budget-deficits-masks\\\/\",\"url\":\"https:\\\/\\\/www.monaco-tribune.com\\\/en\\\/2020\\\/04\\\/coronavirus-in-monaco-domestic-violence-budget-deficits-masks\\\/\",\"name\":\"Coronavirus in Monaco: domestic violence, budget deficits, masks...\",\"isPartOf\":{\"@id\":\"https:\\\/\\\/www.monaco-tribune.com\\\/en\\\/#website\"},\"primaryImageOfPage\":{\"@id\":\"https:\\\/\\\/www.monaco-tribune.com\\\/en\\\/2020\\\/04\\\/coronavirus-in-monaco-domestic-violence-budget-deficits-masks\\\/#primaryimage\"},\"image\":{\"@id\":\"https:\\\/\\\/www.monaco-tribune.com\\\/en\\\/2020\\\/04\\\/coronavirus-in-monaco-domestic-violence-budget-deficits-masks\\\/#primaryimage\"},\"thumbnailUrl\":\"https:\\\/\\\/www.monaco-tribune.com\\\/wp-content\\\/uploads\\\/2020\\\/04\\\/masques-monaci.jpg\",\"datePublished\":\"2020-04-22T10:20:52+00:00\",\"dateModified\":\"2022-11-28T20:46:27+00:00\",\"description\":\"Send tips | @monacotribune | Subscribe for free All Covid-19 news selected by Monaco Tribune.\u00a0 NUMBERS Now new cases since last Saturday. To date, 94\",\"breadcrumb\":{\"@id\":\"https:\\\/\\\/www.monaco-tribune.com\\\/en\\\/2020\\\/04\\\/coronavirus-in-monaco-domestic-violence-budget-deficits-masks\\\/#breadcrumb\"},\"inLanguage\":\"en-US\",\"potentialAction\":[{\"@type\":\"ReadAction\",\"target\":[\"https:\\\/\\\/www.monaco-tribune.com\\\/en\\\/2020\\\/04\\\/coronavirus-in-monaco-domestic-violence-budget-deficits-masks\\\/\"]}]},{\"@type\":\"ImageObject\",\"inLanguage\":\"en-US\",\"@id\":\"https:\\\/\\\/www.monaco-tribune.com\\\/en\\\/2020\\\/04\\\/coronavirus-in-monaco-domestic-violence-budget-deficits-masks\\\/#primaryimage\",\"url\":\"https:\\\/\\\/www.monaco-tribune.com\\\/wp-content\\\/uploads\\\/2020\\\/04\\\/masques-monaci.jpg\",\"contentUrl\":\"https:\\\/\\\/www.monaco-tribune.com\\\/wp-content\\\/uploads\\\/2020\\\/04\\\/masques-monaci.jpg\",\"width\":2048,\"height\":1365,\"caption\":\"Manuel Vitali \\\/ DR\"},{\"@type\":\"BreadcrumbList\",\"@id\":\"https:\\\/\\\/www.monaco-tribune.com\\\/en\\\/2020\\\/04\\\/coronavirus-in-monaco-domestic-violence-budget-deficits-masks\\\/#breadcrumb\",\"itemListElement\":[{\"@type\":\"ListItem\",\"position\":1,\"name\":\"Accueil\",\"item\":\"https:\\\/\\\/www.monaco-tribune.com\\\/en\\\/\"},{\"@type\":\"ListItem\",\"position\":2,\"name\":\"Coronavirus in Monaco: domestic violence, budget deficits, masks&#8230;\"}]},{\"@type\":\"WebSite\",\"@id\":\"https:\\\/\\\/www.monaco-tribune.com\\\/en\\\/#website\",\"url\":\"https:\\\/\\\/www.monaco-tribune.com\\\/en\\\/\",\"name\":\"Monaco Tribune\",\"description\":\"Monaco : actualit\u00e9s \u00e9conomiques, politiques, culturelles et sportives de Monaco et de la French Riviera.\",\"publisher\":{\"@id\":\"https:\\\/\\\/www.monaco-tribune.com\\\/en\\\/#organization\"},\"potentialAction\":[{\"@type\":\"SearchAction\",\"target\":{\"@type\":\"EntryPoint\",\"urlTemplate\":\"https:\\\/\\\/www.monaco-tribune.com\\\/en\\\/?s={search_term_string}\"},\"query-input\":{\"@type\":\"PropertyValueSpecification\",\"valueRequired\":true,\"valueName\":\"search_term_string\"}}],\"inLanguage\":\"en-US\"},{\"@type\":\"Organization\",\"@id\":\"https:\\\/\\\/www.monaco-tribune.com\\\/en\\\/#organization\",\"name\":\"Monaco Tribune\",\"url\":\"https:\\\/\\\/www.monaco-tribune.com\\\/en\\\/\",\"logo\":{\"@type\":\"ImageObject\",\"inLanguage\":\"en-US\",\"@id\":\"https:\\\/\\\/www.monaco-tribune.com\\\/en\\\/#\\\/schema\\\/logo\\\/image\\\/\",\"url\":\"https:\\\/\\\/www.monaco-tribune.com\\\/wp-content\\\/uploads\\\/2022\\\/11\\\/logo-monaco-tribune.png\",\"contentUrl\":\"https:\\\/\\\/www.monaco-tribune.com\\\/wp-content\\\/uploads\\\/2022\\\/11\\\/logo-monaco-tribune.png\",\"width\":1548,\"height\":600,\"caption\":\"Monaco Tribune\"},\"image\":{\"@id\":\"https:\\\/\\\/www.monaco-tribune.com\\\/en\\\/#\\\/schema\\\/logo\\\/image\\\/\"},\"sameAs\":[\"https:\\\/\\\/www.facebook.com\\\/MonacoTribune\",\"https:\\\/\\\/x.com\\\/MonacoTribune\",\"https:\\\/\\\/www.instagram.com\\\/monacotribune\\\/\",\"https:\\\/\\\/www.linkedin.com\\\/company\\\/monaco-tribune\",\"https:\\\/\\\/www.youtube.com\\\/channel\\\/UCHle1MnG6hw1y4lWKijVbMA\"]},{\"@type\":\"Person\",\"@id\":\"https:\\\/\\\/www.monaco-tribune.com\\\/en\\\/#\\\/schema\\\/person\\\/8f6ed8c063276e2397589eda5b7a2f2d\",\"name\":\"Monaco Tribune\",\"image\":{\"@type\":\"ImageObject\",\"inLanguage\":\"en-US\",\"@id\":\"https:\\\/\\\/secure.gravatar.com\\\/avatar\\\/3010e6c5d6c8056ec1c25228fe68ea089879e5ae0de884e0247744ee988aaf6a?s=96&d=mm&r=g\",\"url\":\"https:\\\/\\\/secure.gravatar.com\\\/avatar\\\/3010e6c5d6c8056ec1c25228fe68ea089879e5ae0de884e0247744ee988aaf6a?s=96&d=mm&r=g\",\"contentUrl\":\"https:\\\/\\\/secure.gravatar.com\\\/avatar\\\/3010e6c5d6c8056ec1c25228fe68ea089879e5ae0de884e0247744ee988aaf6a?s=96&d=mm&r=g\",\"caption\":\"Monaco Tribune\"},\"url\":\"https:\\\/\\\/www.monaco-tribune.com\\\/en\\\/author\\\/monaco-tribune\\\/\"}]}<\/script>\n<!-- \/ Yoast SEO Premium plugin. -->","yoast_head_json":{"title":"Coronavirus in Monaco: domestic violence, budget deficits, masks...","description":"Send tips | @monacotribune | Subscribe for free All Covid-19 news selected by Monaco Tribune.\u00a0 NUMBERS Now new cases since last Saturday. To date, 94","robots":{"index":"index","follow":"follow","max-snippet":"max-snippet:-1","max-image-preview":"max-image-preview:large","max-video-preview":"max-video-preview:-1"},"canonical":"https:\/\/www.monaco-tribune.com\/en\/2020\/04\/coronavirus-in-monaco-domestic-violence-budget-deficits-masks\/","og_locale":"en_US","og_type":"article","og_title":"Coronavirus in Monaco: domestic violence, budget deficits, masks... - Monaco Tribune","og_description":"Send tips | @monacotribune | Subscribe for free All Covid-19 news selected by Monaco Tribune.\u00a0 NUMBERS Now new cases since last Saturday. To date, 94","og_url":"https:\/\/www.monaco-tribune.com\/en\/2020\/04\/coronavirus-in-monaco-domestic-violence-budget-deficits-masks\/","og_site_name":"Monaco Tribune","article_publisher":"https:\/\/www.facebook.com\/MonacoTribune","article_published_time":"2020-04-22T10:20:52+00:00","article_modified_time":"2022-11-28T20:46:27+00:00","og_image":[{"width":2048,"height":1365,"url":"https:\/\/www.monaco-tribune.com\/wp-content\/uploads\/2020\/04\/masques-monaci.jpg","type":"image\/jpeg"}],"author":"Monaco Tribune","twitter_card":"summary_large_image","twitter_creator":"@MonacoTribune","twitter_site":"@MonacoTribune","schema":{"@context":"https:\/\/schema.org","@graph":[{"@type":"NewsArticle","@id":"https:\/\/www.monaco-tribune.com\/en\/2020\/04\/coronavirus-in-monaco-domestic-violence-budget-deficits-masks\/#article","isPartOf":{"@id":"https:\/\/www.monaco-tribune.com\/en\/2020\/04\/coronavirus-in-monaco-domestic-violence-budget-deficits-masks\/"},"author":{"name":"Monaco Tribune","@id":"https:\/\/www.monaco-tribune.com\/en\/#\/schema\/person\/8f6ed8c063276e2397589eda5b7a2f2d"},"headline":"Coronavirus in Monaco: domestic violence, budget deficits, masks&#8230;","datePublished":"2020-04-22T10:20:52+00:00","dateModified":"2022-11-28T20:46:27+00:00","mainEntityOfPage":{"@id":"https:\/\/www.monaco-tribune.com\/en\/2020\/04\/coronavirus-in-monaco-domestic-violence-budget-deficits-masks\/"},"wordCount":424,"publisher":{"@id":"https:\/\/www.monaco-tribune.com\/en\/#organization"},"image":{"@id":"https:\/\/www.monaco-tribune.com\/en\/2020\/04\/coronavirus-in-monaco-domestic-violence-budget-deficits-masks\/#primaryimage"},"thumbnailUrl":"https:\/\/www.monaco-tribune.com\/wp-content\/uploads\/2020\/04\/masques-monaci.jpg","articleSection":["Society"],"inLanguage":"en-US","copyrightYear":"2020","copyrightHolder":{"@id":"https:\/\/www.monaco-tribune.com\/#organization"}},{"@type":"WebPage","@id":"https:\/\/www.monaco-tribune.com\/en\/2020\/04\/coronavirus-in-monaco-domestic-violence-budget-deficits-masks\/","url":"https:\/\/www.monaco-tribune.com\/en\/2020\/04\/coronavirus-in-monaco-domestic-violence-budget-deficits-masks\/","name":"Coronavirus in Monaco: domestic violence, budget deficits, masks...","isPartOf":{"@id":"https:\/\/www.monaco-tribune.com\/en\/#website"},"primaryImageOfPage":{"@id":"https:\/\/www.monaco-tribune.com\/en\/2020\/04\/coronavirus-in-monaco-domestic-violence-budget-deficits-masks\/#primaryimage"},"image":{"@id":"https:\/\/www.monaco-tribune.com\/en\/2020\/04\/coronavirus-in-monaco-domestic-violence-budget-deficits-masks\/#primaryimage"},"thumbnailUrl":"https:\/\/www.monaco-tribune.com\/wp-content\/uploads\/2020\/04\/masques-monaci.jpg","datePublished":"2020-04-22T10:20:52+00:00","dateModified":"2022-11-28T20:46:27+00:00","description":"Send tips | @monacotribune | Subscribe for free All Covid-19 news selected by Monaco Tribune.\u00a0 NUMBERS Now new cases since last Saturday. To date, 94","breadcrumb":{"@id":"https:\/\/www.monaco-tribune.com\/en\/2020\/04\/coronavirus-in-monaco-domestic-violence-budget-deficits-masks\/#breadcrumb"},"inLanguage":"en-US","potentialAction":[{"@type":"ReadAction","target":["https:\/\/www.monaco-tribune.com\/en\/2020\/04\/coronavirus-in-monaco-domestic-violence-budget-deficits-masks\/"]}]},{"@type":"ImageObject","inLanguage":"en-US","@id":"https:\/\/www.monaco-tribune.com\/en\/2020\/04\/coronavirus-in-monaco-domestic-violence-budget-deficits-masks\/#primaryimage","url":"https:\/\/www.monaco-tribune.com\/wp-content\/uploads\/2020\/04\/masques-monaci.jpg","contentUrl":"https:\/\/www.monaco-tribune.com\/wp-content\/uploads\/2020\/04\/masques-monaci.jpg","width":2048,"height":1365,"caption":"Manuel Vitali \/ DR"},{"@type":"BreadcrumbList","@id":"https:\/\/www.monaco-tribune.com\/en\/2020\/04\/coronavirus-in-monaco-domestic-violence-budget-deficits-masks\/#breadcrumb","itemListElement":[{"@type":"ListItem","position":1,"name":"Accueil","item":"https:\/\/www.monaco-tribune.com\/en\/"},{"@type":"ListItem","position":2,"name":"Coronavirus in Monaco: domestic violence, budget deficits, masks&#8230;"}]},{"@type":"WebSite","@id":"https:\/\/www.monaco-tribune.com\/en\/#website","url":"https:\/\/www.monaco-tribune.com\/en\/","name":"Monaco Tribune","description":"Monaco : actualit\u00e9s \u00e9conomiques, politiques, culturelles et sportives de Monaco et de la French Riviera.","publisher":{"@id":"https:\/\/www.monaco-tribune.com\/en\/#organization"},"potentialAction":[{"@type":"SearchAction","target":{"@type":"EntryPoint","urlTemplate":"https:\/\/www.monaco-tribune.com\/en\/?s={search_term_string}"},"query-input":{"@type":"PropertyValueSpecification","valueRequired":true,"valueName":"search_term_string"}}],"inLanguage":"en-US"},{"@type":"Organization","@id":"https:\/\/www.monaco-tribune.com\/en\/#organization","name":"Monaco Tribune","url":"https:\/\/www.monaco-tribune.com\/en\/","logo":{"@type":"ImageObject","inLanguage":"en-US","@id":"https:\/\/www.monaco-tribune.com\/en\/#\/schema\/logo\/image\/","url":"https:\/\/www.monaco-tribune.com\/wp-content\/uploads\/2022\/11\/logo-monaco-tribune.png","contentUrl":"https:\/\/www.monaco-tribune.com\/wp-content\/uploads\/2022\/11\/logo-monaco-tribune.png","width":1548,"height":600,"caption":"Monaco Tribune"},"image":{"@id":"https:\/\/www.monaco-tribune.com\/en\/#\/schema\/logo\/image\/"},"sameAs":["https:\/\/www.facebook.com\/MonacoTribune","https:\/\/x.com\/MonacoTribune","https:\/\/www.instagram.com\/monacotribune\/","https:\/\/www.linkedin.com\/company\/monaco-tribune","https:\/\/www.youtube.com\/channel\/UCHle1MnG6hw1y4lWKijVbMA"]},{"@type":"Person","@id":"https:\/\/www.monaco-tribune.com\/en\/#\/schema\/person\/8f6ed8c063276e2397589eda5b7a2f2d","name":"Monaco Tribune","image":{"@type":"ImageObject","inLanguage":"en-US","@id":"https:\/\/secure.gravatar.com\/avatar\/3010e6c5d6c8056ec1c25228fe68ea089879e5ae0de884e0247744ee988aaf6a?s=96&d=mm&r=g","url":"https:\/\/secure.gravatar.com\/avatar\/3010e6c5d6c8056ec1c25228fe68ea089879e5ae0de884e0247744ee988aaf6a?s=96&d=mm&r=g","contentUrl":"https:\/\/secure.gravatar.com\/avatar\/3010e6c5d6c8056ec1c25228fe68ea089879e5ae0de884e0247744ee988aaf6a?s=96&d=mm&r=g","caption":"Monaco Tribune"},"url":"https:\/\/www.monaco-tribune.com\/en\/author\/monaco-tribune\/"}]}},"_links":{"self":[{"href":"https:\/\/www.monaco-tribune.com\/en\/wp-json\/wp\/v2\/posts\/26401","targetHints":{"allow":["GET"]}}],"collection":[{"href":"https:\/\/www.monaco-tribune.com\/en\/wp-json\/wp\/v2\/posts"}],"about":[{"href":"https:\/\/www.monaco-tribune.com\/en\/wp-json\/wp\/v2\/types\/post"}],"author":[{"embeddable":true,"href":"https:\/\/www.monaco-tribune.com\/en\/wp-json\/wp\/v2\/users\/21"}],"replies":[{"embeddable":true,"href":"https:\/\/www.monaco-tribune.com\/en\/wp-json\/wp\/v2\/comments?post=26401"}],"version-history":[{"count":0,"href":"https:\/\/www.monaco-tribune.com\/en\/wp-json\/wp\/v2\/posts\/26401\/revisions"}],"wp:featuredmedia":[{"embeddable":true,"href":"https:\/\/www.monaco-tribune.com\/en\/wp-json\/wp\/v2\/media\/26389"}],"wp:attachment":[{"href":"https:\/\/www.monaco-tribune.com\/en\/wp-json\/wp\/v2\/media?parent=26401"}],"wp:term":[{"taxonomy":"category","embeddable":true,"href":"https:\/\/www.monaco-tribune.com\/en\/wp-json\/wp\/v2\/categories?post=26401"},{"taxonomy":"post_tag","embeddable":true,"href":"https:\/\/www.monaco-tribune.com\/en\/wp-json\/wp\/v2\/tags?post=26401"},{"taxonomy":"sectag","embeddable":true,"href":"https:\/\/www.monaco-tribune.com\/en\/wp-json\/wp\/v2\/post_sectags?post=26401"},{"taxonomy":"format","embeddable":true,"href":"https:\/\/www.monaco-tribune.com\/en\/wp-json\/wp\/v2\/post_format?post=26401"}],"curies":[{"name":"wp","href":"https:\/\/api.w.org\/{rel}","templated":true}]}}