{"id":26572,"date":"2020-04-24T14:39:07","date_gmt":"2020-04-24T12:39:07","guid":{"rendered":"https:\/\/www.monaco-tribune.com\/2020\/04\/guillaume-rose-meb-we-risk-mirroring-the-great-depression\/"},"modified":"2020-04-27T10:52:01","modified_gmt":"2020-04-27T08:52:01","slug":"guillaume-rose-meb-we-risk-mirroring-the-great-depression","status":"publish","type":"post","link":"https:\/\/www.monaco-tribune.com\/en\/2020\/04\/guillaume-rose-meb-we-risk-mirroring-the-great-depression\/","title":{"rendered":"Guillaume Rose, MEB: &#8220;We risk mirroring the Great Depression\u201d"},"content":{"rendered":"<p><strong>As it goes, Monaco will be out of lockdown on May 4th. This comes as a relief for the more than 5,000 businesses based in the Principality, which are facing severe economic challenges. Whereas the Prince\u2019s Government and the Mayor of Monaco have taken measures to avoid these difficulties, the economy will undoubtedly suffer for several months to come.<\/strong><\/p>\n<p>The <a href=\"https:\/\/www.meb.mc\/\">Monaco Economic Board<\/a> (MEB) is a body which acts as the spokesperson for roughly 500 businesses based in the Principality. Guillaume Rose, Executive Director General, explained the situation that companies worldwide are currently facing and how it will affect Monaco.<\/p>\n<p>\u201cOur role is to assess the current situations faced by our members and gather their opinions,\u201d explained Rose. \u201cWe continue to work now, asking them for their positions regarding the different aspects of the situation, their market losses, their needs. We then pass on this information to the Prince\u2019s Government.<\/p>\n<p><strong>&#8220;We risk mirroring the Great Depression&#8221;<\/strong><\/p>\n<p>He asserted that this was the first time an economic crisis had occurred in a long time; even the 2008 crisis was financial. \u201cWe are now in a time where businesses do not know what tomorrow will bring. The economy is being stifled, and the more time passes, the more we risk mirroring the Great Depression. All of this is very harmful to the economy.\u201d<\/p>\n<p>This is not to say that all businesses will suffer. From a study carried out amongst 36 companies in Monaco, the MEB has been able to assess which business are worse affected. \u201cThe crisis seems to have spared the food processing industry,\u201d said the Director-General. \u201cIt certainly faces difficulties, but it is doing well overall. On the other hand, the events and tourism sectors are very much affected. It&#8217;s not the size of the company that counts, but its field of activity.\u201d<\/p>\n<p><strong>&#8220;There is a lot of local resilience in times of crisis&#8221;<\/strong><\/p>\n<p>Although estimates of loss in the tourism industry for 2020 currently standing at $264 billion, businesses in Monaco have received a generous boost from the Prince\u2019s Government. Rose agreed that the measures were appropriate for the level of economic hardship that could be faced and also due to the lack of possible help offered by the EU. \u201cMonaco is not part of the European Union, so we do not benefit from EU credit or the guarantee fund. But there is a lot of local resilience in times of crisis. [The government\u2019s measures are] a stable, clear system that is advantageous for companies and ensures a minimum for employees.\u201d<\/p>\n<p><strong>Monaco is already luckier than France<\/strong><\/p>\n<p>Regarding the end of confinement, no one is certain what will happen. Rose believes that Monaco is already luckier than France in that their lockdown will end one week before. \u201cThis will allow us to establish strategies, reopen the shops, bring back employees and implement a series of measures.<\/p>\n<p>\u201cI don&#8217;t think we will return to &#8220;normal life&#8221; before the end of the year,\u201d admitted Rose. \u201cThings will open over time.\u201d<\/p>\n<p><strong>Tourism in the Principality\u00a0<\/strong><\/p>\n<p>With the tourist season ending by the time governments ease such measures, Monaco\u2019s economy is set to face problems. Yet there is hope, as Rose assures that 60% of the Principality\u2019s tourism comes from the EU, where the internal travel ban will be less strict. \u201cIf the epidemic is contained and lockdown is lifted on May 4th, we will probably be back on our feet.\u201d<\/p>\n<p><strong>Long-term consequences\u00a0<\/strong><\/p>\n<p>In terms of long-term consequences, the drop in exports will affect Monaco, a large part of which goes to Africa. It is difficult to predict at this stage. \u201cAccording to economists, for every month confined, it is estimated that it will take six months to recover,\u201d laments Rose. \u201cAlthough we have avoided the health crisis in Monaco, what about the economic crisis? In my opinion, we have a lot to fear about the economic consequences of this.\u201d<\/p>\n<blockquote class=\"twitter-tweet\">\n<p dir=\"ltr\" lang=\"fr\">Fiers des entreprises de la Principaut\u00e9, de leur cr\u00e9ativit\u00e9 et de leur r\u00e9activit\u00e9. <a href=\"https:\/\/t.co\/OPipHdMTab\">https:\/\/t.co\/OPipHdMTab<\/a><\/p>\n<p>\u2014 MonacoEconomicBoard (@MEB_Monaco) <a href=\"https:\/\/twitter.com\/MEB_Monaco\/status\/1252624328849530881?ref_src=twsrc%5Etfw\">April 21, 2020<\/a><\/p><\/blockquote>\n<p><script async src=\"https:\/\/platform.twitter.com\/widgets.js\" charset=\"utf-8\"><\/script><\/p>\n","protected":false},"excerpt":{"rendered":"<p>As it goes, Monaco will be out of lockdown on May 4th. This comes as a relief for the more [&hellip;]<\/p>\n","protected":false},"author":21,"featured_media":26549,"comment_status":"closed","ping_status":"open","sticky":false,"template":"","format":"standard","meta":{"_acf_changed":false,"footnotes":""},"categories":[247,243],"tags":[2888],"post_sectags":[],"post_format":[2463],"class_list":["post-26572","post","type-post","status-publish","format-standard","has-post-thumbnail","hentry","category-business","category-news","tag-covid-19-en","format-interview-en"],"acf":[],"yoast_head":"<!-- This site is optimized with the Yoast SEO Premium plugin v26.8 (Yoast SEO v27.4) - https:\/\/yoast.com\/product\/yoast-seo-premium-wordpress\/ -->\n<title>Guillaume Rose, MEB: &quot;We risk mirroring the Great Depression\u201d<\/title>\n<meta name=\"description\" content=\"As it goes, Monaco will be out of lockdown on May 4th. This comes as a relief for the more than 5,000 businesses based in the Principality, which are\" \/>\n<meta name=\"robots\" content=\"index, follow, max-snippet:-1, max-image-preview:large, max-video-preview:-1\" \/>\n<link rel=\"canonical\" href=\"https:\/\/www.monaco-tribune.com\/en\/2020\/04\/guillaume-rose-meb-we-risk-mirroring-the-great-depression\/\" \/>\n<meta property=\"og:locale\" content=\"en_US\" \/>\n<meta property=\"og:type\" content=\"article\" \/>\n<meta property=\"og:title\" content=\"Guillaume Rose, MEB: &quot;We risk mirroring the Great Depression\u201d - Monaco Tribune\" \/>\n<meta property=\"og:description\" content=\"As it goes, Monaco will be out of lockdown on May 4th. This comes as a relief for the more than 5,000 businesses based in the Principality, which are\" \/>\n<meta property=\"og:url\" content=\"https:\/\/www.monaco-tribune.com\/en\/2020\/04\/guillaume-rose-meb-we-risk-mirroring-the-great-depression\/\" \/>\n<meta property=\"og:site_name\" content=\"Monaco Tribune\" \/>\n<meta property=\"article:publisher\" content=\"https:\/\/www.facebook.com\/MonacoTribune\" \/>\n<meta property=\"article:published_time\" content=\"2020-04-24T12:39:07+00:00\" \/>\n<meta property=\"article:modified_time\" content=\"2020-04-27T08:52:01+00:00\" \/>\n<meta property=\"og:image\" content=\"https:\/\/www.monaco-tribune.com\/wp-content\/uploads\/2020\/04\/Monaco-Economic-Board-Guillaume-Rose.png\" \/>\n\t<meta property=\"og:image:width\" content=\"1842\" \/>\n\t<meta property=\"og:image:height\" content=\"1228\" \/>\n\t<meta property=\"og:image:type\" content=\"image\/png\" \/>\n<meta name=\"author\" content=\"Monaco Tribune\" \/>\n<meta name=\"twitter:card\" content=\"summary_large_image\" \/>\n<meta name=\"twitter:creator\" content=\"@MonacoTribune\" \/>\n<meta name=\"twitter:site\" content=\"@MonacoTribune\" \/>\n<script type=\"application\/ld+json\" class=\"yoast-schema-graph\">{\"@context\":\"https:\\\/\\\/schema.org\",\"@graph\":[{\"@type\":\"NewsArticle\",\"@id\":\"https:\\\/\\\/www.monaco-tribune.com\\\/en\\\/2020\\\/04\\\/guillaume-rose-meb-we-risk-mirroring-the-great-depression\\\/#article\",\"isPartOf\":{\"@id\":\"https:\\\/\\\/www.monaco-tribune.com\\\/en\\\/2020\\\/04\\\/guillaume-rose-meb-we-risk-mirroring-the-great-depression\\\/\"},\"author\":{\"name\":\"Monaco Tribune\",\"@id\":\"https:\\\/\\\/www.monaco-tribune.com\\\/en\\\/#\\\/schema\\\/person\\\/8f6ed8c063276e2397589eda5b7a2f2d\"},\"headline\":\"Guillaume Rose, MEB: &#8220;We risk mirroring the Great Depression\u201d\",\"datePublished\":\"2020-04-24T12:39:07+00:00\",\"dateModified\":\"2020-04-27T08:52:01+00:00\",\"mainEntityOfPage\":{\"@id\":\"https:\\\/\\\/www.monaco-tribune.com\\\/en\\\/2020\\\/04\\\/guillaume-rose-meb-we-risk-mirroring-the-great-depression\\\/\"},\"wordCount\":680,\"publisher\":{\"@id\":\"https:\\\/\\\/www.monaco-tribune.com\\\/en\\\/#organization\"},\"image\":{\"@id\":\"https:\\\/\\\/www.monaco-tribune.com\\\/en\\\/2020\\\/04\\\/guillaume-rose-meb-we-risk-mirroring-the-great-depression\\\/#primaryimage\"},\"thumbnailUrl\":\"https:\\\/\\\/www.monaco-tribune.com\\\/wp-content\\\/uploads\\\/2020\\\/04\\\/Monaco-Economic-Board-Guillaume-Rose.png\",\"keywords\":[\"Covid-19\"],\"articleSection\":[\"Business\",\"News\"],\"inLanguage\":\"en-US\",\"copyrightYear\":\"2020\",\"copyrightHolder\":{\"@id\":\"https:\\\/\\\/www.monaco-tribune.com\\\/#organization\"}},{\"@type\":\"WebPage\",\"@id\":\"https:\\\/\\\/www.monaco-tribune.com\\\/en\\\/2020\\\/04\\\/guillaume-rose-meb-we-risk-mirroring-the-great-depression\\\/\",\"url\":\"https:\\\/\\\/www.monaco-tribune.com\\\/en\\\/2020\\\/04\\\/guillaume-rose-meb-we-risk-mirroring-the-great-depression\\\/\",\"name\":\"Guillaume Rose, MEB: \\\"We risk mirroring the Great Depression\u201d\",\"isPartOf\":{\"@id\":\"https:\\\/\\\/www.monaco-tribune.com\\\/en\\\/#website\"},\"primaryImageOfPage\":{\"@id\":\"https:\\\/\\\/www.monaco-tribune.com\\\/en\\\/2020\\\/04\\\/guillaume-rose-meb-we-risk-mirroring-the-great-depression\\\/#primaryimage\"},\"image\":{\"@id\":\"https:\\\/\\\/www.monaco-tribune.com\\\/en\\\/2020\\\/04\\\/guillaume-rose-meb-we-risk-mirroring-the-great-depression\\\/#primaryimage\"},\"thumbnailUrl\":\"https:\\\/\\\/www.monaco-tribune.com\\\/wp-content\\\/uploads\\\/2020\\\/04\\\/Monaco-Economic-Board-Guillaume-Rose.png\",\"datePublished\":\"2020-04-24T12:39:07+00:00\",\"dateModified\":\"2020-04-27T08:52:01+00:00\",\"description\":\"As it goes, Monaco will be out of lockdown on May 4th. This comes as a relief for the more than 5,000 businesses based in the Principality, which are\",\"breadcrumb\":{\"@id\":\"https:\\\/\\\/www.monaco-tribune.com\\\/en\\\/2020\\\/04\\\/guillaume-rose-meb-we-risk-mirroring-the-great-depression\\\/#breadcrumb\"},\"inLanguage\":\"en-US\",\"potentialAction\":[{\"@type\":\"ReadAction\",\"target\":[\"https:\\\/\\\/www.monaco-tribune.com\\\/en\\\/2020\\\/04\\\/guillaume-rose-meb-we-risk-mirroring-the-great-depression\\\/\"]}]},{\"@type\":\"ImageObject\",\"inLanguage\":\"en-US\",\"@id\":\"https:\\\/\\\/www.monaco-tribune.com\\\/en\\\/2020\\\/04\\\/guillaume-rose-meb-we-risk-mirroring-the-great-depression\\\/#primaryimage\",\"url\":\"https:\\\/\\\/www.monaco-tribune.com\\\/wp-content\\\/uploads\\\/2020\\\/04\\\/Monaco-Economic-Board-Guillaume-Rose.png\",\"contentUrl\":\"https:\\\/\\\/www.monaco-tribune.com\\\/wp-content\\\/uploads\\\/2020\\\/04\\\/Monaco-Economic-Board-Guillaume-Rose.png\",\"width\":1842,\"height\":1228,\"caption\":\"Monaco Economic Board\"},{\"@type\":\"BreadcrumbList\",\"@id\":\"https:\\\/\\\/www.monaco-tribune.com\\\/en\\\/2020\\\/04\\\/guillaume-rose-meb-we-risk-mirroring-the-great-depression\\\/#breadcrumb\",\"itemListElement\":[{\"@type\":\"ListItem\",\"position\":1,\"name\":\"Accueil\",\"item\":\"https:\\\/\\\/www.monaco-tribune.com\\\/en\\\/\"},{\"@type\":\"ListItem\",\"position\":2,\"name\":\"Guillaume Rose, MEB: \u00ab\u00a0We risk mirroring the Great Depression\u201d\"}]},{\"@type\":\"WebSite\",\"@id\":\"https:\\\/\\\/www.monaco-tribune.com\\\/en\\\/#website\",\"url\":\"https:\\\/\\\/www.monaco-tribune.com\\\/en\\\/\",\"name\":\"Monaco Tribune\",\"description\":\"Monaco : actualit\u00e9s \u00e9conomiques, politiques, culturelles et sportives de Monaco et de la French Riviera.\",\"publisher\":{\"@id\":\"https:\\\/\\\/www.monaco-tribune.com\\\/en\\\/#organization\"},\"potentialAction\":[{\"@type\":\"SearchAction\",\"target\":{\"@type\":\"EntryPoint\",\"urlTemplate\":\"https:\\\/\\\/www.monaco-tribune.com\\\/en\\\/?s={search_term_string}\"},\"query-input\":{\"@type\":\"PropertyValueSpecification\",\"valueRequired\":true,\"valueName\":\"search_term_string\"}}],\"inLanguage\":\"en-US\"},{\"@type\":\"Organization\",\"@id\":\"https:\\\/\\\/www.monaco-tribune.com\\\/en\\\/#organization\",\"name\":\"Monaco Tribune\",\"url\":\"https:\\\/\\\/www.monaco-tribune.com\\\/en\\\/\",\"logo\":{\"@type\":\"ImageObject\",\"inLanguage\":\"en-US\",\"@id\":\"https:\\\/\\\/www.monaco-tribune.com\\\/en\\\/#\\\/schema\\\/logo\\\/image\\\/\",\"url\":\"https:\\\/\\\/www.monaco-tribune.com\\\/wp-content\\\/uploads\\\/2022\\\/11\\\/logo-monaco-tribune.png\",\"contentUrl\":\"https:\\\/\\\/www.monaco-tribune.com\\\/wp-content\\\/uploads\\\/2022\\\/11\\\/logo-monaco-tribune.png\",\"width\":1548,\"height\":600,\"caption\":\"Monaco Tribune\"},\"image\":{\"@id\":\"https:\\\/\\\/www.monaco-tribune.com\\\/en\\\/#\\\/schema\\\/logo\\\/image\\\/\"},\"sameAs\":[\"https:\\\/\\\/www.facebook.com\\\/MonacoTribune\",\"https:\\\/\\\/x.com\\\/MonacoTribune\",\"https:\\\/\\\/www.instagram.com\\\/monacotribune\\\/\",\"https:\\\/\\\/www.linkedin.com\\\/company\\\/monaco-tribune\",\"https:\\\/\\\/www.youtube.com\\\/channel\\\/UCHle1MnG6hw1y4lWKijVbMA\"]},{\"@type\":\"Person\",\"@id\":\"https:\\\/\\\/www.monaco-tribune.com\\\/en\\\/#\\\/schema\\\/person\\\/8f6ed8c063276e2397589eda5b7a2f2d\",\"name\":\"Monaco Tribune\",\"image\":{\"@type\":\"ImageObject\",\"inLanguage\":\"en-US\",\"@id\":\"https:\\\/\\\/secure.gravatar.com\\\/avatar\\\/3010e6c5d6c8056ec1c25228fe68ea089879e5ae0de884e0247744ee988aaf6a?s=96&d=mm&r=g\",\"url\":\"https:\\\/\\\/secure.gravatar.com\\\/avatar\\\/3010e6c5d6c8056ec1c25228fe68ea089879e5ae0de884e0247744ee988aaf6a?s=96&d=mm&r=g\",\"contentUrl\":\"https:\\\/\\\/secure.gravatar.com\\\/avatar\\\/3010e6c5d6c8056ec1c25228fe68ea089879e5ae0de884e0247744ee988aaf6a?s=96&d=mm&r=g\",\"caption\":\"Monaco Tribune\"},\"url\":\"https:\\\/\\\/www.monaco-tribune.com\\\/en\\\/author\\\/monaco-tribune\\\/\"}]}<\/script>\n<!-- \/ Yoast SEO Premium plugin. -->","yoast_head_json":{"title":"Guillaume Rose, MEB: \"We risk mirroring the Great Depression\u201d","description":"As it goes, Monaco will be out of lockdown on May 4th. This comes as a relief for the more than 5,000 businesses based in the Principality, which are","robots":{"index":"index","follow":"follow","max-snippet":"max-snippet:-1","max-image-preview":"max-image-preview:large","max-video-preview":"max-video-preview:-1"},"canonical":"https:\/\/www.monaco-tribune.com\/en\/2020\/04\/guillaume-rose-meb-we-risk-mirroring-the-great-depression\/","og_locale":"en_US","og_type":"article","og_title":"Guillaume Rose, MEB: \"We risk mirroring the Great Depression\u201d - Monaco Tribune","og_description":"As it goes, Monaco will be out of lockdown on May 4th. This comes as a relief for the more than 5,000 businesses based in the Principality, which are","og_url":"https:\/\/www.monaco-tribune.com\/en\/2020\/04\/guillaume-rose-meb-we-risk-mirroring-the-great-depression\/","og_site_name":"Monaco Tribune","article_publisher":"https:\/\/www.facebook.com\/MonacoTribune","article_published_time":"2020-04-24T12:39:07+00:00","article_modified_time":"2020-04-27T08:52:01+00:00","og_image":[{"width":1842,"height":1228,"url":"https:\/\/www.monaco-tribune.com\/wp-content\/uploads\/2020\/04\/Monaco-Economic-Board-Guillaume-Rose.png","type":"image\/png"}],"author":"Monaco Tribune","twitter_card":"summary_large_image","twitter_creator":"@MonacoTribune","twitter_site":"@MonacoTribune","schema":{"@context":"https:\/\/schema.org","@graph":[{"@type":"NewsArticle","@id":"https:\/\/www.monaco-tribune.com\/en\/2020\/04\/guillaume-rose-meb-we-risk-mirroring-the-great-depression\/#article","isPartOf":{"@id":"https:\/\/www.monaco-tribune.com\/en\/2020\/04\/guillaume-rose-meb-we-risk-mirroring-the-great-depression\/"},"author":{"name":"Monaco Tribune","@id":"https:\/\/www.monaco-tribune.com\/en\/#\/schema\/person\/8f6ed8c063276e2397589eda5b7a2f2d"},"headline":"Guillaume Rose, MEB: &#8220;We risk mirroring the Great Depression\u201d","datePublished":"2020-04-24T12:39:07+00:00","dateModified":"2020-04-27T08:52:01+00:00","mainEntityOfPage":{"@id":"https:\/\/www.monaco-tribune.com\/en\/2020\/04\/guillaume-rose-meb-we-risk-mirroring-the-great-depression\/"},"wordCount":680,"publisher":{"@id":"https:\/\/www.monaco-tribune.com\/en\/#organization"},"image":{"@id":"https:\/\/www.monaco-tribune.com\/en\/2020\/04\/guillaume-rose-meb-we-risk-mirroring-the-great-depression\/#primaryimage"},"thumbnailUrl":"https:\/\/www.monaco-tribune.com\/wp-content\/uploads\/2020\/04\/Monaco-Economic-Board-Guillaume-Rose.png","keywords":["Covid-19"],"articleSection":["Business","News"],"inLanguage":"en-US","copyrightYear":"2020","copyrightHolder":{"@id":"https:\/\/www.monaco-tribune.com\/#organization"}},{"@type":"WebPage","@id":"https:\/\/www.monaco-tribune.com\/en\/2020\/04\/guillaume-rose-meb-we-risk-mirroring-the-great-depression\/","url":"https:\/\/www.monaco-tribune.com\/en\/2020\/04\/guillaume-rose-meb-we-risk-mirroring-the-great-depression\/","name":"Guillaume Rose, MEB: \"We risk mirroring the Great Depression\u201d","isPartOf":{"@id":"https:\/\/www.monaco-tribune.com\/en\/#website"},"primaryImageOfPage":{"@id":"https:\/\/www.monaco-tribune.com\/en\/2020\/04\/guillaume-rose-meb-we-risk-mirroring-the-great-depression\/#primaryimage"},"image":{"@id":"https:\/\/www.monaco-tribune.com\/en\/2020\/04\/guillaume-rose-meb-we-risk-mirroring-the-great-depression\/#primaryimage"},"thumbnailUrl":"https:\/\/www.monaco-tribune.com\/wp-content\/uploads\/2020\/04\/Monaco-Economic-Board-Guillaume-Rose.png","datePublished":"2020-04-24T12:39:07+00:00","dateModified":"2020-04-27T08:52:01+00:00","description":"As it goes, Monaco will be out of lockdown on May 4th. This comes as a relief for the more than 5,000 businesses based in the Principality, which are","breadcrumb":{"@id":"https:\/\/www.monaco-tribune.com\/en\/2020\/04\/guillaume-rose-meb-we-risk-mirroring-the-great-depression\/#breadcrumb"},"inLanguage":"en-US","potentialAction":[{"@type":"ReadAction","target":["https:\/\/www.monaco-tribune.com\/en\/2020\/04\/guillaume-rose-meb-we-risk-mirroring-the-great-depression\/"]}]},{"@type":"ImageObject","inLanguage":"en-US","@id":"https:\/\/www.monaco-tribune.com\/en\/2020\/04\/guillaume-rose-meb-we-risk-mirroring-the-great-depression\/#primaryimage","url":"https:\/\/www.monaco-tribune.com\/wp-content\/uploads\/2020\/04\/Monaco-Economic-Board-Guillaume-Rose.png","contentUrl":"https:\/\/www.monaco-tribune.com\/wp-content\/uploads\/2020\/04\/Monaco-Economic-Board-Guillaume-Rose.png","width":1842,"height":1228,"caption":"Monaco Economic Board"},{"@type":"BreadcrumbList","@id":"https:\/\/www.monaco-tribune.com\/en\/2020\/04\/guillaume-rose-meb-we-risk-mirroring-the-great-depression\/#breadcrumb","itemListElement":[{"@type":"ListItem","position":1,"name":"Accueil","item":"https:\/\/www.monaco-tribune.com\/en\/"},{"@type":"ListItem","position":2,"name":"Guillaume Rose, MEB: \u00ab\u00a0We risk mirroring the Great Depression\u201d"}]},{"@type":"WebSite","@id":"https:\/\/www.monaco-tribune.com\/en\/#website","url":"https:\/\/www.monaco-tribune.com\/en\/","name":"Monaco Tribune","description":"Monaco : actualit\u00e9s \u00e9conomiques, politiques, culturelles et sportives de Monaco et de la French Riviera.","publisher":{"@id":"https:\/\/www.monaco-tribune.com\/en\/#organization"},"potentialAction":[{"@type":"SearchAction","target":{"@type":"EntryPoint","urlTemplate":"https:\/\/www.monaco-tribune.com\/en\/?s={search_term_string}"},"query-input":{"@type":"PropertyValueSpecification","valueRequired":true,"valueName":"search_term_string"}}],"inLanguage":"en-US"},{"@type":"Organization","@id":"https:\/\/www.monaco-tribune.com\/en\/#organization","name":"Monaco Tribune","url":"https:\/\/www.monaco-tribune.com\/en\/","logo":{"@type":"ImageObject","inLanguage":"en-US","@id":"https:\/\/www.monaco-tribune.com\/en\/#\/schema\/logo\/image\/","url":"https:\/\/www.monaco-tribune.com\/wp-content\/uploads\/2022\/11\/logo-monaco-tribune.png","contentUrl":"https:\/\/www.monaco-tribune.com\/wp-content\/uploads\/2022\/11\/logo-monaco-tribune.png","width":1548,"height":600,"caption":"Monaco Tribune"},"image":{"@id":"https:\/\/www.monaco-tribune.com\/en\/#\/schema\/logo\/image\/"},"sameAs":["https:\/\/www.facebook.com\/MonacoTribune","https:\/\/x.com\/MonacoTribune","https:\/\/www.instagram.com\/monacotribune\/","https:\/\/www.linkedin.com\/company\/monaco-tribune","https:\/\/www.youtube.com\/channel\/UCHle1MnG6hw1y4lWKijVbMA"]},{"@type":"Person","@id":"https:\/\/www.monaco-tribune.com\/en\/#\/schema\/person\/8f6ed8c063276e2397589eda5b7a2f2d","name":"Monaco Tribune","image":{"@type":"ImageObject","inLanguage":"en-US","@id":"https:\/\/secure.gravatar.com\/avatar\/3010e6c5d6c8056ec1c25228fe68ea089879e5ae0de884e0247744ee988aaf6a?s=96&d=mm&r=g","url":"https:\/\/secure.gravatar.com\/avatar\/3010e6c5d6c8056ec1c25228fe68ea089879e5ae0de884e0247744ee988aaf6a?s=96&d=mm&r=g","contentUrl":"https:\/\/secure.gravatar.com\/avatar\/3010e6c5d6c8056ec1c25228fe68ea089879e5ae0de884e0247744ee988aaf6a?s=96&d=mm&r=g","caption":"Monaco Tribune"},"url":"https:\/\/www.monaco-tribune.com\/en\/author\/monaco-tribune\/"}]}},"_links":{"self":[{"href":"https:\/\/www.monaco-tribune.com\/en\/wp-json\/wp\/v2\/posts\/26572","targetHints":{"allow":["GET"]}}],"collection":[{"href":"https:\/\/www.monaco-tribune.com\/en\/wp-json\/wp\/v2\/posts"}],"about":[{"href":"https:\/\/www.monaco-tribune.com\/en\/wp-json\/wp\/v2\/types\/post"}],"author":[{"embeddable":true,"href":"https:\/\/www.monaco-tribune.com\/en\/wp-json\/wp\/v2\/users\/21"}],"replies":[{"embeddable":true,"href":"https:\/\/www.monaco-tribune.com\/en\/wp-json\/wp\/v2\/comments?post=26572"}],"version-history":[{"count":0,"href":"https:\/\/www.monaco-tribune.com\/en\/wp-json\/wp\/v2\/posts\/26572\/revisions"}],"wp:featuredmedia":[{"embeddable":true,"href":"https:\/\/www.monaco-tribune.com\/en\/wp-json\/wp\/v2\/media\/26549"}],"wp:attachment":[{"href":"https:\/\/www.monaco-tribune.com\/en\/wp-json\/wp\/v2\/media?parent=26572"}],"wp:term":[{"taxonomy":"category","embeddable":true,"href":"https:\/\/www.monaco-tribune.com\/en\/wp-json\/wp\/v2\/categories?post=26572"},{"taxonomy":"post_tag","embeddable":true,"href":"https:\/\/www.monaco-tribune.com\/en\/wp-json\/wp\/v2\/tags?post=26572"},{"taxonomy":"sectag","embeddable":true,"href":"https:\/\/www.monaco-tribune.com\/en\/wp-json\/wp\/v2\/post_sectags?post=26572"},{"taxonomy":"format","embeddable":true,"href":"https:\/\/www.monaco-tribune.com\/en\/wp-json\/wp\/v2\/post_format?post=26572"}],"curies":[{"name":"wp","href":"https:\/\/api.w.org\/{rel}","templated":true}]}}