{"id":270545,"date":"2025-01-09T13:32:46","date_gmt":"2025-01-09T11:32:46","guid":{"rendered":"https:\/\/www.monaco-tribune.com\/2025\/01\/over-165-cats-to-feature-at-8th-monaco-international-cat-show-this-weekend\/"},"modified":"2025-01-09T13:34:53","modified_gmt":"2025-01-09T11:34:53","slug":"over-165-cats-to-feature-at-8th-monaco-international-cat-show-this-weekend","status":"publish","type":"post","link":"https:\/\/www.monaco-tribune.com\/en\/2025\/01\/over-165-cats-to-feature-at-8th-monaco-international-cat-show-this-weekend\/","title":{"rendered":"Over 165 cats to feature at 8th Monaco International Cat Show this weekend"},"content":{"rendered":"\n<p><strong>Bengal, Main Coon and Birman breeds will be present, along with many others.\u00a0<\/strong><\/p>\n\n<p>Cat lovers take note: the Exposition F\u00e9line Internationale (International Cat Show) is back in Monaco on 11 and 12 January at the Espace L\u00e9o Ferr\u00e9. <\/p>\n\n<p>Organised by the Monegasque non-profit De Gati De M\u00f9negu, the event draws a number of judges from different countries, who will select the finest cats. Of the seven judges, three are French, one Swiss, one Polish, one American and one Dutch. <\/p>\n\n<p>For this year&#8217;s show, more than 180 breeders have made the trip and over 165 cats are expected. It&#8217;s an ideal opportunity to discover a wide variety of pedigree cats, including the Maine Coon, Persian, Exotic Shorthair, Abyssinian, Somali, Pixie Bob, Oriental, Ragdoll, Siberian, Birman, Turkish Angora, Bengal, Burmese, Chartreux, Siamese, Khao Manee, Egyptian Mau and many more. <\/p>\n\n<p class=\"related\"><a href=\"https:\/\/www.monaco-tribune.com\/en\/2025\/01\/carnival-season-starts-soon-on-riviera\/\">Carnival season starts soon on Riviera<\/a><\/p>\n\n<p>The Town Hall, the National Council and la F\u00e9d\u00e9ration F\u00e9line de Monaco will be awarding prizes for their &#8216;coups de coeur&#8217; (favourites), and stands representing different cat-related aspects (boarding, animal photographer, etc.) will also be featured at the exhibition. <\/p>\n\n<h2 class=\"wp-block-heading\" id=\"h-informations-pratiques\">Practical info<\/h2>\n\n<ul class=\"wp-block-list\">\n<li>11 and 12 January 2025<\/li>\n\n\n\n<li>10 am to 6 pm<\/li>\n\n\n\n<li>10, avenue des Castelans \u2013 98000 MONACO<\/li>\n\n\n\n<li>\u20ac10 for over-13s, \u20ac5 for 6-13s, under 6s go free<\/li>\n<\/ul>\n","protected":false},"excerpt":{"rendered":"<p>Bengal, Main Coon and Birman breeds will be present, along with many others.\u00a0 Cat lovers take note: the Exposition F\u00e9line [&hellip;]<\/p>\n","protected":false},"author":47,"featured_media":270396,"comment_status":"closed","ping_status":"closed","sticky":false,"template":"","format":"standard","meta":{"_acf_changed":false,"footnotes":""},"categories":[243,251],"tags":[2967],"post_sectags":[],"post_format":[2452],"class_list":["post-270545","post","type-post","status-publish","format-standard","has-post-thumbnail","hentry","category-news","category-whats-on","tag-exhibitions-en","format-events"],"acf":[],"yoast_head":"<!-- This site is optimized with the Yoast SEO Premium plugin v26.8 (Yoast SEO v27.5) - https:\/\/yoast.com\/product\/yoast-seo-premium-wordpress\/ -->\n<title>Over 165 cats to feature at 8th Monaco International Cat Show this weekend<\/title>\n<meta name=\"description\" content=\"Bengal, Main Coon and Birman breeds will be present, along with many others.\u00a0 Cat lovers take note: the Exposition F\u00e9line Internationale (International\" \/>\n<meta name=\"robots\" content=\"index, follow, max-snippet:-1, max-image-preview:large, max-video-preview:-1\" \/>\n<link rel=\"canonical\" href=\"https:\/\/www.monaco-tribune.com\/en\/2025\/01\/over-165-cats-to-feature-at-8th-monaco-international-cat-show-this-weekend\/\" \/>\n<meta property=\"og:locale\" content=\"en_US\" \/>\n<meta property=\"og:type\" content=\"article\" \/>\n<meta property=\"og:title\" content=\"Over 165 cats to feature at 8th Monaco International Cat Show this weekend - Monaco Tribune\" \/>\n<meta property=\"og:description\" content=\"Bengal, Main Coon and Birman breeds will be present, along with many others.\u00a0 Cat lovers take note: the Exposition F\u00e9line Internationale (International\" \/>\n<meta property=\"og:url\" content=\"https:\/\/www.monaco-tribune.com\/en\/2025\/01\/over-165-cats-to-feature-at-8th-monaco-international-cat-show-this-weekend\/\" \/>\n<meta property=\"og:site_name\" content=\"Monaco Tribune\" \/>\n<meta property=\"article:publisher\" content=\"https:\/\/www.facebook.com\/MonacoTribune\" \/>\n<meta property=\"article:published_time\" content=\"2025-01-09T11:32:46+00:00\" \/>\n<meta property=\"article:modified_time\" content=\"2025-01-09T11:34:53+00:00\" \/>\n<meta property=\"og:image\" content=\"https:\/\/www.monaco-tribune.com\/wp-content\/uploads\/2025\/01\/exposition-feline-monaco.jpg\" \/>\n\t<meta property=\"og:image:width\" content=\"1100\" \/>\n\t<meta property=\"og:image:height\" content=\"645\" \/>\n\t<meta property=\"og:image:type\" content=\"image\/jpeg\" \/>\n<meta name=\"author\" content=\"Agathe Ch\u00e9reau\" \/>\n<meta name=\"twitter:card\" content=\"summary_large_image\" \/>\n<meta name=\"twitter:creator\" content=\"@MonacoTribune\" \/>\n<meta name=\"twitter:site\" content=\"@MonacoTribune\" \/>\n<script type=\"application\/ld+json\" class=\"yoast-schema-graph\">{\"@context\":\"https:\\\/\\\/schema.org\",\"@graph\":[{\"@type\":\"NewsArticle\",\"@id\":\"https:\\\/\\\/www.monaco-tribune.com\\\/en\\\/2025\\\/01\\\/over-165-cats-to-feature-at-8th-monaco-international-cat-show-this-weekend\\\/#article\",\"isPartOf\":{\"@id\":\"https:\\\/\\\/www.monaco-tribune.com\\\/en\\\/2025\\\/01\\\/over-165-cats-to-feature-at-8th-monaco-international-cat-show-this-weekend\\\/\"},\"author\":{\"name\":\"Agathe Ch\u00e9reau\",\"@id\":\"https:\\\/\\\/www.monaco-tribune.com\\\/en\\\/#\\\/schema\\\/person\\\/fba2f8d5a098d473c92e84cc43a8f730\"},\"headline\":\"Over 165 cats to feature at 8th Monaco International Cat Show this weekend\",\"datePublished\":\"2025-01-09T11:32:46+00:00\",\"dateModified\":\"2025-01-09T11:34:53+00:00\",\"mainEntityOfPage\":{\"@id\":\"https:\\\/\\\/www.monaco-tribune.com\\\/en\\\/2025\\\/01\\\/over-165-cats-to-feature-at-8th-monaco-international-cat-show-this-weekend\\\/\"},\"wordCount\":219,\"publisher\":{\"@id\":\"https:\\\/\\\/www.monaco-tribune.com\\\/en\\\/#organization\"},\"image\":{\"@id\":\"https:\\\/\\\/www.monaco-tribune.com\\\/en\\\/2025\\\/01\\\/over-165-cats-to-feature-at-8th-monaco-international-cat-show-this-weekend\\\/#primaryimage\"},\"thumbnailUrl\":\"https:\\\/\\\/www.monaco-tribune.com\\\/wp-content\\\/uploads\\\/2025\\\/01\\\/exposition-feline-monaco.jpg\",\"keywords\":[\"Exhibitions\"],\"articleSection\":[\"News\",\"What&#039;s on\"],\"inLanguage\":\"en-US\",\"copyrightYear\":\"2025\",\"copyrightHolder\":{\"@id\":\"https:\\\/\\\/www.monaco-tribune.com\\\/#organization\"}},{\"@type\":\"WebPage\",\"@id\":\"https:\\\/\\\/www.monaco-tribune.com\\\/en\\\/2025\\\/01\\\/over-165-cats-to-feature-at-8th-monaco-international-cat-show-this-weekend\\\/\",\"url\":\"https:\\\/\\\/www.monaco-tribune.com\\\/en\\\/2025\\\/01\\\/over-165-cats-to-feature-at-8th-monaco-international-cat-show-this-weekend\\\/\",\"name\":\"Over 165 cats to feature at 8th Monaco International Cat Show this weekend\",\"isPartOf\":{\"@id\":\"https:\\\/\\\/www.monaco-tribune.com\\\/en\\\/#website\"},\"primaryImageOfPage\":{\"@id\":\"https:\\\/\\\/www.monaco-tribune.com\\\/en\\\/2025\\\/01\\\/over-165-cats-to-feature-at-8th-monaco-international-cat-show-this-weekend\\\/#primaryimage\"},\"image\":{\"@id\":\"https:\\\/\\\/www.monaco-tribune.com\\\/en\\\/2025\\\/01\\\/over-165-cats-to-feature-at-8th-monaco-international-cat-show-this-weekend\\\/#primaryimage\"},\"thumbnailUrl\":\"https:\\\/\\\/www.monaco-tribune.com\\\/wp-content\\\/uploads\\\/2025\\\/01\\\/exposition-feline-monaco.jpg\",\"datePublished\":\"2025-01-09T11:32:46+00:00\",\"dateModified\":\"2025-01-09T11:34:53+00:00\",\"description\":\"Bengal, Main Coon and Birman breeds will be present, along with many others.\u00a0 Cat lovers take note: the Exposition F\u00e9line Internationale (International\",\"breadcrumb\":{\"@id\":\"https:\\\/\\\/www.monaco-tribune.com\\\/en\\\/2025\\\/01\\\/over-165-cats-to-feature-at-8th-monaco-international-cat-show-this-weekend\\\/#breadcrumb\"},\"inLanguage\":\"en-US\",\"potentialAction\":[{\"@type\":\"ReadAction\",\"target\":[\"https:\\\/\\\/www.monaco-tribune.com\\\/en\\\/2025\\\/01\\\/over-165-cats-to-feature-at-8th-monaco-international-cat-show-this-weekend\\\/\"]}]},{\"@type\":\"ImageObject\",\"inLanguage\":\"en-US\",\"@id\":\"https:\\\/\\\/www.monaco-tribune.com\\\/en\\\/2025\\\/01\\\/over-165-cats-to-feature-at-8th-monaco-international-cat-show-this-weekend\\\/#primaryimage\",\"url\":\"https:\\\/\\\/www.monaco-tribune.com\\\/wp-content\\\/uploads\\\/2025\\\/01\\\/exposition-feline-monaco.jpg\",\"contentUrl\":\"https:\\\/\\\/www.monaco-tribune.com\\\/wp-content\\\/uploads\\\/2025\\\/01\\\/exposition-feline-monaco.jpg\",\"width\":1100,\"height\":645,\"caption\":\"Participating breeders come from France, Italy, Switzerland, Denmark, Monaco and even the USA! \u00a9 Communication Department \\\/ Manuel Vitali\"},{\"@type\":\"BreadcrumbList\",\"@id\":\"https:\\\/\\\/www.monaco-tribune.com\\\/en\\\/2025\\\/01\\\/over-165-cats-to-feature-at-8th-monaco-international-cat-show-this-weekend\\\/#breadcrumb\",\"itemListElement\":[{\"@type\":\"ListItem\",\"position\":1,\"name\":\"Accueil\",\"item\":\"https:\\\/\\\/www.monaco-tribune.com\\\/en\\\/\"},{\"@type\":\"ListItem\",\"position\":2,\"name\":\"Over 165 cats to feature at 8th Monaco International Cat Show this weekend\"}]},{\"@type\":\"WebSite\",\"@id\":\"https:\\\/\\\/www.monaco-tribune.com\\\/en\\\/#website\",\"url\":\"https:\\\/\\\/www.monaco-tribune.com\\\/en\\\/\",\"name\":\"Monaco Tribune\",\"description\":\"Monaco : actualit\u00e9s \u00e9conomiques, politiques, culturelles et sportives de Monaco et de la French Riviera.\",\"publisher\":{\"@id\":\"https:\\\/\\\/www.monaco-tribune.com\\\/en\\\/#organization\"},\"potentialAction\":[{\"@type\":\"SearchAction\",\"target\":{\"@type\":\"EntryPoint\",\"urlTemplate\":\"https:\\\/\\\/www.monaco-tribune.com\\\/en\\\/?s={search_term_string}\"},\"query-input\":{\"@type\":\"PropertyValueSpecification\",\"valueRequired\":true,\"valueName\":\"search_term_string\"}}],\"inLanguage\":\"en-US\"},{\"@type\":\"Organization\",\"@id\":\"https:\\\/\\\/www.monaco-tribune.com\\\/en\\\/#organization\",\"name\":\"Monaco Tribune\",\"url\":\"https:\\\/\\\/www.monaco-tribune.com\\\/en\\\/\",\"logo\":{\"@type\":\"ImageObject\",\"inLanguage\":\"en-US\",\"@id\":\"https:\\\/\\\/www.monaco-tribune.com\\\/en\\\/#\\\/schema\\\/logo\\\/image\\\/\",\"url\":\"https:\\\/\\\/www.monaco-tribune.com\\\/wp-content\\\/uploads\\\/2022\\\/11\\\/logo-monaco-tribune.png\",\"contentUrl\":\"https:\\\/\\\/www.monaco-tribune.com\\\/wp-content\\\/uploads\\\/2022\\\/11\\\/logo-monaco-tribune.png\",\"width\":1548,\"height\":600,\"caption\":\"Monaco Tribune\"},\"image\":{\"@id\":\"https:\\\/\\\/www.monaco-tribune.com\\\/en\\\/#\\\/schema\\\/logo\\\/image\\\/\"},\"sameAs\":[\"https:\\\/\\\/www.facebook.com\\\/MonacoTribune\",\"https:\\\/\\\/x.com\\\/MonacoTribune\",\"https:\\\/\\\/www.instagram.com\\\/monacotribune\\\/\",\"https:\\\/\\\/www.linkedin.com\\\/company\\\/monaco-tribune\",\"https:\\\/\\\/www.youtube.com\\\/channel\\\/UCHle1MnG6hw1y4lWKijVbMA\"]},{\"@type\":\"Person\",\"@id\":\"https:\\\/\\\/www.monaco-tribune.com\\\/en\\\/#\\\/schema\\\/person\\\/fba2f8d5a098d473c92e84cc43a8f730\",\"name\":\"Agathe Ch\u00e9reau\",\"image\":{\"@type\":\"ImageObject\",\"inLanguage\":\"en-US\",\"@id\":\"https:\\\/\\\/secure.gravatar.com\\\/avatar\\\/884b20ed9d4430c24d77a3ad560b1c21da67bd6992531a1971822779f9988ea5?s=96&d=mm&r=g\",\"url\":\"https:\\\/\\\/secure.gravatar.com\\\/avatar\\\/884b20ed9d4430c24d77a3ad560b1c21da67bd6992531a1971822779f9988ea5?s=96&d=mm&r=g\",\"contentUrl\":\"https:\\\/\\\/secure.gravatar.com\\\/avatar\\\/884b20ed9d4430c24d77a3ad560b1c21da67bd6992531a1971822779f9988ea5?s=96&d=mm&r=g\",\"caption\":\"Agathe Ch\u00e9reau\"},\"url\":\"https:\\\/\\\/www.monaco-tribune.com\\\/en\\\/author\\\/agathechereau\\\/\"}]}<\/script>\n<!-- \/ Yoast SEO Premium plugin. -->","yoast_head_json":{"title":"Over 165 cats to feature at 8th Monaco International Cat Show this weekend","description":"Bengal, Main Coon and Birman breeds will be present, along with many others.\u00a0 Cat lovers take note: the Exposition F\u00e9line Internationale (International","robots":{"index":"index","follow":"follow","max-snippet":"max-snippet:-1","max-image-preview":"max-image-preview:large","max-video-preview":"max-video-preview:-1"},"canonical":"https:\/\/www.monaco-tribune.com\/en\/2025\/01\/over-165-cats-to-feature-at-8th-monaco-international-cat-show-this-weekend\/","og_locale":"en_US","og_type":"article","og_title":"Over 165 cats to feature at 8th Monaco International Cat Show this weekend - Monaco Tribune","og_description":"Bengal, Main Coon and Birman breeds will be present, along with many others.\u00a0 Cat lovers take note: the Exposition F\u00e9line Internationale (International","og_url":"https:\/\/www.monaco-tribune.com\/en\/2025\/01\/over-165-cats-to-feature-at-8th-monaco-international-cat-show-this-weekend\/","og_site_name":"Monaco Tribune","article_publisher":"https:\/\/www.facebook.com\/MonacoTribune","article_published_time":"2025-01-09T11:32:46+00:00","article_modified_time":"2025-01-09T11:34:53+00:00","og_image":[{"width":1100,"height":645,"url":"https:\/\/www.monaco-tribune.com\/wp-content\/uploads\/2025\/01\/exposition-feline-monaco.jpg","type":"image\/jpeg"}],"author":"Agathe Ch\u00e9reau","twitter_card":"summary_large_image","twitter_creator":"@MonacoTribune","twitter_site":"@MonacoTribune","schema":{"@context":"https:\/\/schema.org","@graph":[{"@type":"NewsArticle","@id":"https:\/\/www.monaco-tribune.com\/en\/2025\/01\/over-165-cats-to-feature-at-8th-monaco-international-cat-show-this-weekend\/#article","isPartOf":{"@id":"https:\/\/www.monaco-tribune.com\/en\/2025\/01\/over-165-cats-to-feature-at-8th-monaco-international-cat-show-this-weekend\/"},"author":{"name":"Agathe Ch\u00e9reau","@id":"https:\/\/www.monaco-tribune.com\/en\/#\/schema\/person\/fba2f8d5a098d473c92e84cc43a8f730"},"headline":"Over 165 cats to feature at 8th Monaco International Cat Show this weekend","datePublished":"2025-01-09T11:32:46+00:00","dateModified":"2025-01-09T11:34:53+00:00","mainEntityOfPage":{"@id":"https:\/\/www.monaco-tribune.com\/en\/2025\/01\/over-165-cats-to-feature-at-8th-monaco-international-cat-show-this-weekend\/"},"wordCount":219,"publisher":{"@id":"https:\/\/www.monaco-tribune.com\/en\/#organization"},"image":{"@id":"https:\/\/www.monaco-tribune.com\/en\/2025\/01\/over-165-cats-to-feature-at-8th-monaco-international-cat-show-this-weekend\/#primaryimage"},"thumbnailUrl":"https:\/\/www.monaco-tribune.com\/wp-content\/uploads\/2025\/01\/exposition-feline-monaco.jpg","keywords":["Exhibitions"],"articleSection":["News","What&#039;s on"],"inLanguage":"en-US","copyrightYear":"2025","copyrightHolder":{"@id":"https:\/\/www.monaco-tribune.com\/#organization"}},{"@type":"WebPage","@id":"https:\/\/www.monaco-tribune.com\/en\/2025\/01\/over-165-cats-to-feature-at-8th-monaco-international-cat-show-this-weekend\/","url":"https:\/\/www.monaco-tribune.com\/en\/2025\/01\/over-165-cats-to-feature-at-8th-monaco-international-cat-show-this-weekend\/","name":"Over 165 cats to feature at 8th Monaco International Cat Show this weekend","isPartOf":{"@id":"https:\/\/www.monaco-tribune.com\/en\/#website"},"primaryImageOfPage":{"@id":"https:\/\/www.monaco-tribune.com\/en\/2025\/01\/over-165-cats-to-feature-at-8th-monaco-international-cat-show-this-weekend\/#primaryimage"},"image":{"@id":"https:\/\/www.monaco-tribune.com\/en\/2025\/01\/over-165-cats-to-feature-at-8th-monaco-international-cat-show-this-weekend\/#primaryimage"},"thumbnailUrl":"https:\/\/www.monaco-tribune.com\/wp-content\/uploads\/2025\/01\/exposition-feline-monaco.jpg","datePublished":"2025-01-09T11:32:46+00:00","dateModified":"2025-01-09T11:34:53+00:00","description":"Bengal, Main Coon and Birman breeds will be present, along with many others.\u00a0 Cat lovers take note: the Exposition F\u00e9line Internationale (International","breadcrumb":{"@id":"https:\/\/www.monaco-tribune.com\/en\/2025\/01\/over-165-cats-to-feature-at-8th-monaco-international-cat-show-this-weekend\/#breadcrumb"},"inLanguage":"en-US","potentialAction":[{"@type":"ReadAction","target":["https:\/\/www.monaco-tribune.com\/en\/2025\/01\/over-165-cats-to-feature-at-8th-monaco-international-cat-show-this-weekend\/"]}]},{"@type":"ImageObject","inLanguage":"en-US","@id":"https:\/\/www.monaco-tribune.com\/en\/2025\/01\/over-165-cats-to-feature-at-8th-monaco-international-cat-show-this-weekend\/#primaryimage","url":"https:\/\/www.monaco-tribune.com\/wp-content\/uploads\/2025\/01\/exposition-feline-monaco.jpg","contentUrl":"https:\/\/www.monaco-tribune.com\/wp-content\/uploads\/2025\/01\/exposition-feline-monaco.jpg","width":1100,"height":645,"caption":"Participating breeders come from France, Italy, Switzerland, Denmark, Monaco and even the USA! \u00a9 Communication Department \/ Manuel Vitali"},{"@type":"BreadcrumbList","@id":"https:\/\/www.monaco-tribune.com\/en\/2025\/01\/over-165-cats-to-feature-at-8th-monaco-international-cat-show-this-weekend\/#breadcrumb","itemListElement":[{"@type":"ListItem","position":1,"name":"Accueil","item":"https:\/\/www.monaco-tribune.com\/en\/"},{"@type":"ListItem","position":2,"name":"Over 165 cats to feature at 8th Monaco International Cat Show this weekend"}]},{"@type":"WebSite","@id":"https:\/\/www.monaco-tribune.com\/en\/#website","url":"https:\/\/www.monaco-tribune.com\/en\/","name":"Monaco Tribune","description":"Monaco : actualit\u00e9s \u00e9conomiques, politiques, culturelles et sportives de Monaco et de la French Riviera.","publisher":{"@id":"https:\/\/www.monaco-tribune.com\/en\/#organization"},"potentialAction":[{"@type":"SearchAction","target":{"@type":"EntryPoint","urlTemplate":"https:\/\/www.monaco-tribune.com\/en\/?s={search_term_string}"},"query-input":{"@type":"PropertyValueSpecification","valueRequired":true,"valueName":"search_term_string"}}],"inLanguage":"en-US"},{"@type":"Organization","@id":"https:\/\/www.monaco-tribune.com\/en\/#organization","name":"Monaco Tribune","url":"https:\/\/www.monaco-tribune.com\/en\/","logo":{"@type":"ImageObject","inLanguage":"en-US","@id":"https:\/\/www.monaco-tribune.com\/en\/#\/schema\/logo\/image\/","url":"https:\/\/www.monaco-tribune.com\/wp-content\/uploads\/2022\/11\/logo-monaco-tribune.png","contentUrl":"https:\/\/www.monaco-tribune.com\/wp-content\/uploads\/2022\/11\/logo-monaco-tribune.png","width":1548,"height":600,"caption":"Monaco Tribune"},"image":{"@id":"https:\/\/www.monaco-tribune.com\/en\/#\/schema\/logo\/image\/"},"sameAs":["https:\/\/www.facebook.com\/MonacoTribune","https:\/\/x.com\/MonacoTribune","https:\/\/www.instagram.com\/monacotribune\/","https:\/\/www.linkedin.com\/company\/monaco-tribune","https:\/\/www.youtube.com\/channel\/UCHle1MnG6hw1y4lWKijVbMA"]},{"@type":"Person","@id":"https:\/\/www.monaco-tribune.com\/en\/#\/schema\/person\/fba2f8d5a098d473c92e84cc43a8f730","name":"Agathe Ch\u00e9reau","image":{"@type":"ImageObject","inLanguage":"en-US","@id":"https:\/\/secure.gravatar.com\/avatar\/884b20ed9d4430c24d77a3ad560b1c21da67bd6992531a1971822779f9988ea5?s=96&d=mm&r=g","url":"https:\/\/secure.gravatar.com\/avatar\/884b20ed9d4430c24d77a3ad560b1c21da67bd6992531a1971822779f9988ea5?s=96&d=mm&r=g","contentUrl":"https:\/\/secure.gravatar.com\/avatar\/884b20ed9d4430c24d77a3ad560b1c21da67bd6992531a1971822779f9988ea5?s=96&d=mm&r=g","caption":"Agathe Ch\u00e9reau"},"url":"https:\/\/www.monaco-tribune.com\/en\/author\/agathechereau\/"}]}},"_links":{"self":[{"href":"https:\/\/www.monaco-tribune.com\/en\/wp-json\/wp\/v2\/posts\/270545","targetHints":{"allow":["GET"]}}],"collection":[{"href":"https:\/\/www.monaco-tribune.com\/en\/wp-json\/wp\/v2\/posts"}],"about":[{"href":"https:\/\/www.monaco-tribune.com\/en\/wp-json\/wp\/v2\/types\/post"}],"author":[{"embeddable":true,"href":"https:\/\/www.monaco-tribune.com\/en\/wp-json\/wp\/v2\/users\/47"}],"replies":[{"embeddable":true,"href":"https:\/\/www.monaco-tribune.com\/en\/wp-json\/wp\/v2\/comments?post=270545"}],"version-history":[{"count":2,"href":"https:\/\/www.monaco-tribune.com\/en\/wp-json\/wp\/v2\/posts\/270545\/revisions"}],"predecessor-version":[{"id":270549,"href":"https:\/\/www.monaco-tribune.com\/en\/wp-json\/wp\/v2\/posts\/270545\/revisions\/270549"}],"wp:featuredmedia":[{"embeddable":true,"href":"https:\/\/www.monaco-tribune.com\/en\/wp-json\/wp\/v2\/media\/270396"}],"wp:attachment":[{"href":"https:\/\/www.monaco-tribune.com\/en\/wp-json\/wp\/v2\/media?parent=270545"}],"wp:term":[{"taxonomy":"category","embeddable":true,"href":"https:\/\/www.monaco-tribune.com\/en\/wp-json\/wp\/v2\/categories?post=270545"},{"taxonomy":"post_tag","embeddable":true,"href":"https:\/\/www.monaco-tribune.com\/en\/wp-json\/wp\/v2\/tags?post=270545"},{"taxonomy":"sectag","embeddable":true,"href":"https:\/\/www.monaco-tribune.com\/en\/wp-json\/wp\/v2\/post_sectags?post=270545"},{"taxonomy":"format","embeddable":true,"href":"https:\/\/www.monaco-tribune.com\/en\/wp-json\/wp\/v2\/post_format?post=270545"}],"curies":[{"name":"wp","href":"https:\/\/api.w.org\/{rel}","templated":true}]}}