{"id":272816,"date":"2025-01-22T00:03:16","date_gmt":"2025-01-21T22:03:16","guid":{"rendered":"https:\/\/www.monaco-tribune.com\/?p=272816"},"modified":"2025-01-22T11:49:53","modified_gmt":"2025-01-22T09:49:53","slug":"champions-league-as-monaco-clinch-crucial-victory-over-aston-villa","status":"publish","type":"post","link":"https:\/\/www.monaco-tribune.com\/en\/2025\/01\/champions-league-as-monaco-clinch-crucial-victory-over-aston-villa\/","title":{"rendered":"Champions League: AS Monaco clinch crucial victory over Aston Villa"},"content":{"rendered":"\n<p><strong>AS Monaco secured their first win of 2025 by defeating Aston Villa 1-0 in the Champions League, as Wilfried Singo\u2019s first-half strike ultimately proved the difference between the two sides under the eyes of Prince Albert II, President Dmitry Rybolovlev and Prince William.<\/strong><\/p>\n\n\n\n<p>Not far from Prince Albert II, a loyal supporter of the Red and Whites, a member of the British Royal Family was present in the stands this evening: Prince William. The eldest son of King Charles III, a fervent admirer of Aston Villa since childhood, made the trip to support his favorite team in Monaco. Sitting alongside his long-time friend Thomas van Straubenzee, the Prince made a remarkable appearance, despite an unfavourable outcome for his team.<\/p>\n\n\n\n<blockquote class=\"twitter-tweet\"><p lang=\"en\" dir=\"ltr\">Prince William is in attendance in Monaco, and will be hoping Aston Villa turn things around \ud83e\udd34<br><br>\ud83d\udcfa <a href=\"https:\/\/twitter.com\/tntsports?ref_src=twsrc%5Etfw\">@tntsports<\/a> &amp; <a href=\"https:\/\/twitter.com\/discoveryplusUK?ref_src=twsrc%5Etfw\">@discoveryplusUK<\/a> <a href=\"https:\/\/t.co\/hxZyvtPWWR\">pic.twitter.com\/hxZyvtPWWR<\/a><\/p>&mdash; Football on TNT Sports (@footballontnt) <a href=\"https:\/\/twitter.com\/footballontnt\/status\/1881778417646842024?ref_src=twsrc%5Etfw\">January 21, 2025<\/a><\/blockquote> <script async src=\"https:\/\/platform.twitter.com\/widgets.js\" charset=\"utf-8\"><\/script>\n\n\n\n<h2 class=\"wp-block-heading\" id=\"h-the-match\">The Match<\/h2>\n\n\n\n<p>Bringing Denis Zakaria, Wilfried Singo, Christian Mawissa, Breel Embolo and Vanderson into the starting line-up for this crunch clash, Adi Hutter selected a strong side to do battle with the English heavyweights.<\/p>\n\n\n<div class=\"wp-block-image\">\n<figure class=\"aligncenter size-full\"><img loading=\"lazy\" decoding=\"async\" width=\"1000\" height=\"1000\" src=\"https:\/\/www.monaco-tribune.com\/wp-content\/uploads\/2025\/01\/team-av.jpg\" alt=\"\" class=\"wp-image-272821\" srcset=\"https:\/\/www.monaco-tribune.com\/wp-content\/uploads\/2025\/01\/team-av.jpg 1000w, https:\/\/www.monaco-tribune.com\/wp-content\/uploads\/2025\/01\/team-av-300x300.jpg 300w\" sizes=\"auto, (max-width: 1000px) 100vw, 1000px\" \/><figcaption class=\"wp-element-caption\"><em>\u00a9 AS Monaco<\/em><\/figcaption><\/figure>\n<\/div>\n\n\n<p>Racing out of the blocks to take an early lead through Singo&#8217;s header, this was the perfect start for the Principality club in their pursuit of victory.<\/p>\n\n\n\n<p>Another effort from Maghnes Akliouche then flew in, but Emiliano Martinez was on hand to deny the youngster.<\/p>\n\n\n\n<p>Monaco subsequently settled into their mid-block with the aim of restricting Aston Villa and protecting their lead.<\/p>\n\n\n\n<p>While Radoslaw Majecki was called into action to keep out Leon Bailey and Ollie Watkins with some smart saves, Monaco vitally held firm to hold their advantage at the interval.<\/p>\n\n\n<div class=\"wp-block-image\">\n<figure class=\"aligncenter size-large\"><img loading=\"lazy\" decoding=\"async\" width=\"1024\" height=\"574\" src=\"https:\/\/www.monaco-tribune.com\/wp-content\/uploads\/2025\/01\/title-av-1024x574.jpg\" alt=\"\" class=\"wp-image-272825\" srcset=\"https:\/\/www.monaco-tribune.com\/wp-content\/uploads\/2025\/01\/title-av-1024x574.jpg 1024w, https:\/\/www.monaco-tribune.com\/wp-content\/uploads\/2025\/01\/title-av-535x300.jpg 535w, https:\/\/www.monaco-tribune.com\/wp-content\/uploads\/2025\/01\/title-av.jpg 1160w\" sizes=\"auto, (max-width: 1024px) 100vw, 1024px\" \/><figcaption class=\"wp-element-caption\"><em>\u00a9 AS Monaco<\/em><\/figcaption><\/figure>\n<\/div>\n\n\n<p>Knowing they&#8217;d have to fight hard in the second half, a dangerous Morgan Rogers grazed the post to put Monaco on alert before Akliouche thought he&#8217;d doubled their lead, only for his goal to be chalked off for offside.<\/p>\n\n\n\n<p>Doing a terrific job of limiting Villa&#8217;s chances and staying disciplined while still posing a threat on the counter, which Takumi Minamino&#8217;s golden opportunity underlined, much upside could be extracted from how ASM managed proceedings to eventually clinch a masterful win at home.<\/p>\n\n\n\n<p>The whole team was warmly congratulated by President Dmitry Rybolovlev as well as Stephane Morandi, member of the Board of Directors of the club, and the General Manager Thiago Scuro, in the dressing room after the match.<\/p>\n\n\n\n<blockquote class=\"twitter-tweet\"><p lang=\"fr\" dir=\"ltr\">La joie dans le vestiaire mon\u00e9gasque apr\u00e8s la rencontre \ud83c\udfa5<br><br>Le Pr\u00e9sident Dmitry Rybolovlev, en compagnie de St\u00e9phane Morandi, membre du Conseil d&#39;Administration du Club, f\u00e9licite les Rouge &amp; Blanc \ud83d\udc4f<br><br>1\u20e3-0\u20e3 <a href=\"https:\/\/twitter.com\/hashtag\/ASMAVFC?src=hash&amp;ref_src=twsrc%5Etfw\">#ASMAVFC<\/a> <a href=\"https:\/\/t.co\/MtDZuf9FE6\">pic.twitter.com\/MtDZuf9FE6<\/a><\/p>&mdash; AS Monaco \ud83c\uddf2\ud83c\udde8 (@AS_Monaco) <a href=\"https:\/\/twitter.com\/AS_Monaco\/status\/1881829853496062450?ref_src=twsrc%5Etfw\">January 21, 2025<\/a><\/blockquote> <script async src=\"https:\/\/platform.twitter.com\/widgets.js\" charset=\"utf-8\"><\/script>\n\n\n<div class=\"wp-block-image\">\n<figure class=\"aligncenter size-large\"><img loading=\"lazy\" decoding=\"async\" width=\"1024\" height=\"574\" src=\"https:\/\/www.monaco-tribune.com\/wp-content\/uploads\/2025\/01\/2025-01-21-ucl-asm-astonvilla-03766-1024x574.jpg\" alt=\"\" class=\"wp-image-272865\" srcset=\"https:\/\/www.monaco-tribune.com\/wp-content\/uploads\/2025\/01\/2025-01-21-ucl-asm-astonvilla-03766-1024x574.jpg 1024w, https:\/\/www.monaco-tribune.com\/wp-content\/uploads\/2025\/01\/2025-01-21-ucl-asm-astonvilla-03766-535x300.jpg 535w, https:\/\/www.monaco-tribune.com\/wp-content\/uploads\/2025\/01\/2025-01-21-ucl-asm-astonvilla-03766.jpg 1160w\" sizes=\"auto, (max-width: 1024px) 100vw, 1024px\" \/><figcaption class=\"wp-element-caption\"><em>\u00a9 AS Monaco<\/em><\/figcaption><\/figure>\n<\/div>\n\n<div class=\"wp-block-image\">\n<figure class=\"aligncenter size-large\"><img loading=\"lazy\" decoding=\"async\" width=\"1024\" height=\"574\" src=\"https:\/\/www.monaco-tribune.com\/wp-content\/uploads\/2025\/01\/2025-01-21-ucl-asm-astonvilla-03716-1024x574.jpg\" alt=\"\" class=\"wp-image-272869\" srcset=\"https:\/\/www.monaco-tribune.com\/wp-content\/uploads\/2025\/01\/2025-01-21-ucl-asm-astonvilla-03716-1024x574.jpg 1024w, https:\/\/www.monaco-tribune.com\/wp-content\/uploads\/2025\/01\/2025-01-21-ucl-asm-astonvilla-03716-535x300.jpg 535w, https:\/\/www.monaco-tribune.com\/wp-content\/uploads\/2025\/01\/2025-01-21-ucl-asm-astonvilla-03716.jpg 1160w\" sizes=\"auto, (max-width: 1024px) 100vw, 1024px\" \/><figcaption class=\"wp-element-caption\"><em>\u00a9 AS Monaco<\/em><\/figcaption><\/figure>\n<\/div>\n\n<div class=\"wp-block-image\">\n<figure class=\"aligncenter size-large\"><img loading=\"lazy\" decoding=\"async\" width=\"1024\" height=\"574\" src=\"https:\/\/www.monaco-tribune.com\/wp-content\/uploads\/2025\/01\/dz-rm-1024x574.jpg\" alt=\"\" class=\"wp-image-272829\" srcset=\"https:\/\/www.monaco-tribune.com\/wp-content\/uploads\/2025\/01\/dz-rm-1024x574.jpg 1024w, https:\/\/www.monaco-tribune.com\/wp-content\/uploads\/2025\/01\/dz-rm-535x300.jpg 535w, https:\/\/www.monaco-tribune.com\/wp-content\/uploads\/2025\/01\/dz-rm.jpg 1160w\" sizes=\"auto, (max-width: 1024px) 100vw, 1024px\" \/><figcaption class=\"wp-element-caption\"><em>\u00a9 AS Monaco<\/em><\/figcaption><\/figure>\n<\/div>\n\n\n<p>This triumph also guarantees ASM will at the very least progress to the UCL play-offs ahead of their massive final game with Inter Milan next week.<\/p>\n\n\n\n<h2 class=\"wp-block-heading\" id=\"h-hutter-s-debrief\">Hutter\u2019s Debrief<\/h2>\n\n\n\n<p>&#8220;There are a few things that come to mind. Firstly, I am really happy with this win. Despite our current situation, I would like to congratulate my team for their performance and their courage because my players fought from start to finish against a great Premier League team. We now have 13 points, the play-off target has been achieved, so we are very happy with that,&#8221; explained the experienced Austrian tactician.<\/p>\n\n\n\n<p>\u201cWe will now travel to Inter Milan next week, we will see what happens in the standings. In any case, we will go there to do our best and I hope that this victory will give us confidence again. Before that, we must not forget the league match on Saturday against Rennes, where we also want to bounce back.<\/p>\n\n\n<div class=\"wp-block-image\">\n<figure class=\"aligncenter size-large\"><img loading=\"lazy\" decoding=\"async\" width=\"1024\" height=\"574\" src=\"https:\/\/www.monaco-tribune.com\/wp-content\/uploads\/2025\/01\/hutterav-1024x574.jpg\" alt=\"\" class=\"wp-image-272833\" srcset=\"https:\/\/www.monaco-tribune.com\/wp-content\/uploads\/2025\/01\/hutterav-1024x574.jpg 1024w, https:\/\/www.monaco-tribune.com\/wp-content\/uploads\/2025\/01\/hutterav-535x300.jpg 535w, https:\/\/www.monaco-tribune.com\/wp-content\/uploads\/2025\/01\/hutterav.jpg 1160w\" sizes=\"auto, (max-width: 1024px) 100vw, 1024px\" \/><figcaption class=\"wp-element-caption\"><em>\u00a9 AS Monaco<\/em><\/figcaption><\/figure>\n<\/div>\n\n\n<p>\u201cFootball is sometimes difficult to explain, especially during a bad series. We were very often the best team, but we haven\u2019t been able to win. Against Aston Villa, a team that never gives up like the last match at Arsenal, we knew we had to fight and that we were going to suffer, and that&#8217;s what we did fantastically. For a coach, it&#8217;s a big satisfaction to see that. I think we deserved to win because the defensive energy was there tonight, so you can imagine how satisfied I am.\u201d<\/p>\n\n\n\n<h2 class=\"wp-block-heading\" id=\"h-key-stats\">Key Stats<\/h2>\n\n\n\n<p>By the numbers, the fact ASM held the ascendancy in terms of expected goals (1.61 to 1.00), total shots (12 to 10), big chances created (3 to 2), shots inside the box (10 to 9) and overall duels won (54 to 47) illustrated they were good value for the win in this hard-fought contest.<\/p>\n\n\n<div class=\"wp-block-image\">\n<figure class=\"aligncenter size-large\"><img loading=\"lazy\" decoding=\"async\" width=\"1024\" height=\"574\" src=\"https:\/\/www.monaco-tribune.com\/wp-content\/uploads\/2025\/01\/av-1024x574.jpg\" alt=\"\" class=\"wp-image-272837\" srcset=\"https:\/\/www.monaco-tribune.com\/wp-content\/uploads\/2025\/01\/av-1024x574.jpg 1024w, https:\/\/www.monaco-tribune.com\/wp-content\/uploads\/2025\/01\/av-535x300.jpg 535w, https:\/\/www.monaco-tribune.com\/wp-content\/uploads\/2025\/01\/av.jpg 1160w\" sizes=\"auto, (max-width: 1024px) 100vw, 1024px\" \/><figcaption class=\"wp-element-caption\"><em>\u00a9 AS Monaco<\/em><\/figcaption><\/figure>\n<\/div>\n\n\n<h2 class=\"wp-block-heading\" id=\"h-rennes-on-the-horizon\">Rennes On The Horizon<\/h2>\n\n\n\n<p>Up next for ASM following this sensational result is another challenging fixture against Jorge Sampaoli\u2019s Rennes, which is set to be a feast of attacking football, where both managers will be looking to dominate and impose their offensively-geared philosophies, in what should be a thrilling encounter at the Stade Louis II.<\/p>\n\n\n<div class=\"wp-block-image\">\n<figure class=\"aligncenter size-large\"><img loading=\"lazy\" decoding=\"async\" width=\"1024\" height=\"574\" src=\"https:\/\/www.monaco-tribune.com\/wp-content\/uploads\/2025\/01\/singo-1024x574.jpg\" alt=\"\" class=\"wp-image-272841\" srcset=\"https:\/\/www.monaco-tribune.com\/wp-content\/uploads\/2025\/01\/singo-1024x574.jpg 1024w, https:\/\/www.monaco-tribune.com\/wp-content\/uploads\/2025\/01\/singo-535x300.jpg 535w, https:\/\/www.monaco-tribune.com\/wp-content\/uploads\/2025\/01\/singo.jpg 1160w\" sizes=\"auto, (max-width: 1024px) 100vw, 1024px\" \/><figcaption class=\"wp-element-caption\"><em>\u00a9 AS Monaco<\/em><\/figcaption><\/figure>\n<\/div>","protected":false},"excerpt":{"rendered":"<p>AS Monaco secured their first win of 2025 by defeating Aston Villa 1-0 in the Champions League, as Wilfried Singo\u2019s [&hellip;]<\/p>\n","protected":false},"author":18,"featured_media":272817,"comment_status":"closed","ping_status":"closed","sticky":false,"template":"","format":"standard","meta":{"_acf_changed":false,"footnotes":""},"categories":[243,257],"tags":[761],"post_sectags":[],"post_format":[2466],"class_list":["post-272816","post","type-post","status-publish","format-standard","has-post-thumbnail","hentry","category-news","category-sports-en","tag-as-monaco-en","format-review"],"acf":[],"yoast_head":"<!-- This site is optimized with the Yoast SEO Premium plugin v26.8 (Yoast SEO v27.5) - https:\/\/yoast.com\/product\/yoast-seo-premium-wordpress\/ -->\n<title>Champions League: AS Monaco clinch crucial victory over Aston Villa<\/title>\n<meta name=\"description\" content=\"AS Monaco secured their first win of 2025 by defeating Aston Villa 1-0 in the Champions League, as Wilfried Singo\u2019s first-half strike ultimately proved\" \/>\n<meta name=\"robots\" content=\"index, follow, max-snippet:-1, max-image-preview:large, max-video-preview:-1\" \/>\n<link rel=\"canonical\" href=\"https:\/\/www.monaco-tribune.com\/en\/2025\/01\/champions-league-as-monaco-clinch-crucial-victory-over-aston-villa\/\" \/>\n<meta property=\"og:locale\" content=\"en_US\" \/>\n<meta property=\"og:type\" content=\"article\" \/>\n<meta property=\"og:title\" content=\"Champions League: AS Monaco clinch crucial victory over Aston Villa - Monaco Tribune\" \/>\n<meta property=\"og:description\" content=\"AS Monaco secured their first win of 2025 by defeating Aston Villa 1-0 in the Champions League, as Wilfried Singo\u2019s first-half strike ultimately proved\" \/>\n<meta property=\"og:url\" content=\"https:\/\/www.monaco-tribune.com\/en\/2025\/01\/champions-league-as-monaco-clinch-crucial-victory-over-aston-villa\/\" \/>\n<meta property=\"og:site_name\" content=\"Monaco Tribune\" \/>\n<meta property=\"article:publisher\" content=\"https:\/\/www.facebook.com\/MonacoTribune\" \/>\n<meta property=\"article:published_time\" content=\"2025-01-21T22:03:16+00:00\" \/>\n<meta property=\"article:modified_time\" content=\"2025-01-22T09:49:53+00:00\" \/>\n<meta property=\"og:image\" content=\"https:\/\/www.monaco-tribune.com\/wp-content\/uploads\/2025\/01\/wilfried-singo.jpg\" \/>\n\t<meta property=\"og:image:width\" content=\"1160\" \/>\n\t<meta property=\"og:image:height\" content=\"650\" \/>\n\t<meta property=\"og:image:type\" content=\"image\/jpeg\" \/>\n<meta name=\"author\" content=\"Edward Stratmann\" \/>\n<meta name=\"twitter:card\" content=\"summary_large_image\" \/>\n<meta name=\"twitter:creator\" content=\"@MonacoTribune\" \/>\n<meta name=\"twitter:site\" content=\"@MonacoTribune\" \/>\n<script type=\"application\/ld+json\" class=\"yoast-schema-graph\">{\"@context\":\"https:\\\/\\\/schema.org\",\"@graph\":[{\"@type\":\"NewsArticle\",\"@id\":\"https:\\\/\\\/www.monaco-tribune.com\\\/en\\\/2025\\\/01\\\/champions-league-as-monaco-clinch-crucial-victory-over-aston-villa\\\/#article\",\"isPartOf\":{\"@id\":\"https:\\\/\\\/www.monaco-tribune.com\\\/en\\\/2025\\\/01\\\/champions-league-as-monaco-clinch-crucial-victory-over-aston-villa\\\/\"},\"author\":{\"name\":\"Edward Stratmann\",\"@id\":\"https:\\\/\\\/www.monaco-tribune.com\\\/en\\\/#\\\/schema\\\/person\\\/a62f3291a12757084f4c9c1a7e2054a9\"},\"headline\":\"Champions League: AS Monaco clinch crucial victory over Aston Villa\",\"datePublished\":\"2025-01-21T22:03:16+00:00\",\"dateModified\":\"2025-01-22T09:49:53+00:00\",\"mainEntityOfPage\":{\"@id\":\"https:\\\/\\\/www.monaco-tribune.com\\\/en\\\/2025\\\/01\\\/champions-league-as-monaco-clinch-crucial-victory-over-aston-villa\\\/\"},\"wordCount\":826,\"publisher\":{\"@id\":\"https:\\\/\\\/www.monaco-tribune.com\\\/en\\\/#organization\"},\"image\":{\"@id\":\"https:\\\/\\\/www.monaco-tribune.com\\\/en\\\/2025\\\/01\\\/champions-league-as-monaco-clinch-crucial-victory-over-aston-villa\\\/#primaryimage\"},\"thumbnailUrl\":\"https:\\\/\\\/www.monaco-tribune.com\\\/wp-content\\\/uploads\\\/2025\\\/01\\\/wilfried-singo.jpg\",\"keywords\":[\"AS Monaco\"],\"articleSection\":[\"News\",\"Sports\"],\"inLanguage\":\"en-US\",\"copyrightYear\":\"2025\",\"copyrightHolder\":{\"@id\":\"https:\\\/\\\/www.monaco-tribune.com\\\/#organization\"}},{\"@type\":\"WebPage\",\"@id\":\"https:\\\/\\\/www.monaco-tribune.com\\\/en\\\/2025\\\/01\\\/champions-league-as-monaco-clinch-crucial-victory-over-aston-villa\\\/\",\"url\":\"https:\\\/\\\/www.monaco-tribune.com\\\/en\\\/2025\\\/01\\\/champions-league-as-monaco-clinch-crucial-victory-over-aston-villa\\\/\",\"name\":\"Champions League: AS Monaco clinch crucial victory over Aston Villa\",\"isPartOf\":{\"@id\":\"https:\\\/\\\/www.monaco-tribune.com\\\/en\\\/#website\"},\"primaryImageOfPage\":{\"@id\":\"https:\\\/\\\/www.monaco-tribune.com\\\/en\\\/2025\\\/01\\\/champions-league-as-monaco-clinch-crucial-victory-over-aston-villa\\\/#primaryimage\"},\"image\":{\"@id\":\"https:\\\/\\\/www.monaco-tribune.com\\\/en\\\/2025\\\/01\\\/champions-league-as-monaco-clinch-crucial-victory-over-aston-villa\\\/#primaryimage\"},\"thumbnailUrl\":\"https:\\\/\\\/www.monaco-tribune.com\\\/wp-content\\\/uploads\\\/2025\\\/01\\\/wilfried-singo.jpg\",\"datePublished\":\"2025-01-21T22:03:16+00:00\",\"dateModified\":\"2025-01-22T09:49:53+00:00\",\"description\":\"AS Monaco secured their first win of 2025 by defeating Aston Villa 1-0 in the Champions League, as Wilfried Singo\u2019s first-half strike ultimately proved\",\"breadcrumb\":{\"@id\":\"https:\\\/\\\/www.monaco-tribune.com\\\/en\\\/2025\\\/01\\\/champions-league-as-monaco-clinch-crucial-victory-over-aston-villa\\\/#breadcrumb\"},\"inLanguage\":\"en-US\",\"potentialAction\":[{\"@type\":\"ReadAction\",\"target\":[\"https:\\\/\\\/www.monaco-tribune.com\\\/en\\\/2025\\\/01\\\/champions-league-as-monaco-clinch-crucial-victory-over-aston-villa\\\/\"]}]},{\"@type\":\"ImageObject\",\"inLanguage\":\"en-US\",\"@id\":\"https:\\\/\\\/www.monaco-tribune.com\\\/en\\\/2025\\\/01\\\/champions-league-as-monaco-clinch-crucial-victory-over-aston-villa\\\/#primaryimage\",\"url\":\"https:\\\/\\\/www.monaco-tribune.com\\\/wp-content\\\/uploads\\\/2025\\\/01\\\/wilfried-singo.jpg\",\"contentUrl\":\"https:\\\/\\\/www.monaco-tribune.com\\\/wp-content\\\/uploads\\\/2025\\\/01\\\/wilfried-singo.jpg\",\"width\":1160,\"height\":650},{\"@type\":\"BreadcrumbList\",\"@id\":\"https:\\\/\\\/www.monaco-tribune.com\\\/en\\\/2025\\\/01\\\/champions-league-as-monaco-clinch-crucial-victory-over-aston-villa\\\/#breadcrumb\",\"itemListElement\":[{\"@type\":\"ListItem\",\"position\":1,\"name\":\"Accueil\",\"item\":\"https:\\\/\\\/www.monaco-tribune.com\\\/en\\\/\"},{\"@type\":\"ListItem\",\"position\":2,\"name\":\"Champions League: AS Monaco clinch crucial victory over Aston Villa\"}]},{\"@type\":\"WebSite\",\"@id\":\"https:\\\/\\\/www.monaco-tribune.com\\\/en\\\/#website\",\"url\":\"https:\\\/\\\/www.monaco-tribune.com\\\/en\\\/\",\"name\":\"Monaco Tribune\",\"description\":\"Monaco : actualit\u00e9s \u00e9conomiques, politiques, culturelles et sportives de Monaco et de la French Riviera.\",\"publisher\":{\"@id\":\"https:\\\/\\\/www.monaco-tribune.com\\\/en\\\/#organization\"},\"potentialAction\":[{\"@type\":\"SearchAction\",\"target\":{\"@type\":\"EntryPoint\",\"urlTemplate\":\"https:\\\/\\\/www.monaco-tribune.com\\\/en\\\/?s={search_term_string}\"},\"query-input\":{\"@type\":\"PropertyValueSpecification\",\"valueRequired\":true,\"valueName\":\"search_term_string\"}}],\"inLanguage\":\"en-US\"},{\"@type\":\"Organization\",\"@id\":\"https:\\\/\\\/www.monaco-tribune.com\\\/en\\\/#organization\",\"name\":\"Monaco Tribune\",\"url\":\"https:\\\/\\\/www.monaco-tribune.com\\\/en\\\/\",\"logo\":{\"@type\":\"ImageObject\",\"inLanguage\":\"en-US\",\"@id\":\"https:\\\/\\\/www.monaco-tribune.com\\\/en\\\/#\\\/schema\\\/logo\\\/image\\\/\",\"url\":\"https:\\\/\\\/www.monaco-tribune.com\\\/wp-content\\\/uploads\\\/2022\\\/11\\\/logo-monaco-tribune.png\",\"contentUrl\":\"https:\\\/\\\/www.monaco-tribune.com\\\/wp-content\\\/uploads\\\/2022\\\/11\\\/logo-monaco-tribune.png\",\"width\":1548,\"height\":600,\"caption\":\"Monaco Tribune\"},\"image\":{\"@id\":\"https:\\\/\\\/www.monaco-tribune.com\\\/en\\\/#\\\/schema\\\/logo\\\/image\\\/\"},\"sameAs\":[\"https:\\\/\\\/www.facebook.com\\\/MonacoTribune\",\"https:\\\/\\\/x.com\\\/MonacoTribune\",\"https:\\\/\\\/www.instagram.com\\\/monacotribune\\\/\",\"https:\\\/\\\/www.linkedin.com\\\/company\\\/monaco-tribune\",\"https:\\\/\\\/www.youtube.com\\\/channel\\\/UCHle1MnG6hw1y4lWKijVbMA\"]},{\"@type\":\"Person\",\"@id\":\"https:\\\/\\\/www.monaco-tribune.com\\\/en\\\/#\\\/schema\\\/person\\\/a62f3291a12757084f4c9c1a7e2054a9\",\"name\":\"Edward Stratmann\",\"image\":{\"@type\":\"ImageObject\",\"inLanguage\":\"en-US\",\"@id\":\"https:\\\/\\\/secure.gravatar.com\\\/avatar\\\/fed0463fc9124570b2804f2d3e39edabdb8b2dc066140fc68e1fde625e8c2d82?s=96&d=mm&r=g\",\"url\":\"https:\\\/\\\/secure.gravatar.com\\\/avatar\\\/fed0463fc9124570b2804f2d3e39edabdb8b2dc066140fc68e1fde625e8c2d82?s=96&d=mm&r=g\",\"contentUrl\":\"https:\\\/\\\/secure.gravatar.com\\\/avatar\\\/fed0463fc9124570b2804f2d3e39edabdb8b2dc066140fc68e1fde625e8c2d82?s=96&d=mm&r=g\",\"caption\":\"Edward Stratmann\"},\"sameAs\":[\"@adNL@min\"],\"url\":\"https:\\\/\\\/www.monaco-tribune.com\\\/en\\\/author\\\/edward-stratmann\\\/\"}]}<\/script>\n<!-- \/ Yoast SEO Premium plugin. -->","yoast_head_json":{"title":"Champions League: AS Monaco clinch crucial victory over Aston Villa","description":"AS Monaco secured their first win of 2025 by defeating Aston Villa 1-0 in the Champions League, as Wilfried Singo\u2019s first-half strike ultimately proved","robots":{"index":"index","follow":"follow","max-snippet":"max-snippet:-1","max-image-preview":"max-image-preview:large","max-video-preview":"max-video-preview:-1"},"canonical":"https:\/\/www.monaco-tribune.com\/en\/2025\/01\/champions-league-as-monaco-clinch-crucial-victory-over-aston-villa\/","og_locale":"en_US","og_type":"article","og_title":"Champions League: AS Monaco clinch crucial victory over Aston Villa - Monaco Tribune","og_description":"AS Monaco secured their first win of 2025 by defeating Aston Villa 1-0 in the Champions League, as Wilfried Singo\u2019s first-half strike ultimately proved","og_url":"https:\/\/www.monaco-tribune.com\/en\/2025\/01\/champions-league-as-monaco-clinch-crucial-victory-over-aston-villa\/","og_site_name":"Monaco Tribune","article_publisher":"https:\/\/www.facebook.com\/MonacoTribune","article_published_time":"2025-01-21T22:03:16+00:00","article_modified_time":"2025-01-22T09:49:53+00:00","og_image":[{"width":1160,"height":650,"url":"https:\/\/www.monaco-tribune.com\/wp-content\/uploads\/2025\/01\/wilfried-singo.jpg","type":"image\/jpeg"}],"author":"Edward Stratmann","twitter_card":"summary_large_image","twitter_creator":"@MonacoTribune","twitter_site":"@MonacoTribune","schema":{"@context":"https:\/\/schema.org","@graph":[{"@type":"NewsArticle","@id":"https:\/\/www.monaco-tribune.com\/en\/2025\/01\/champions-league-as-monaco-clinch-crucial-victory-over-aston-villa\/#article","isPartOf":{"@id":"https:\/\/www.monaco-tribune.com\/en\/2025\/01\/champions-league-as-monaco-clinch-crucial-victory-over-aston-villa\/"},"author":{"name":"Edward Stratmann","@id":"https:\/\/www.monaco-tribune.com\/en\/#\/schema\/person\/a62f3291a12757084f4c9c1a7e2054a9"},"headline":"Champions League: AS Monaco clinch crucial victory over Aston Villa","datePublished":"2025-01-21T22:03:16+00:00","dateModified":"2025-01-22T09:49:53+00:00","mainEntityOfPage":{"@id":"https:\/\/www.monaco-tribune.com\/en\/2025\/01\/champions-league-as-monaco-clinch-crucial-victory-over-aston-villa\/"},"wordCount":826,"publisher":{"@id":"https:\/\/www.monaco-tribune.com\/en\/#organization"},"image":{"@id":"https:\/\/www.monaco-tribune.com\/en\/2025\/01\/champions-league-as-monaco-clinch-crucial-victory-over-aston-villa\/#primaryimage"},"thumbnailUrl":"https:\/\/www.monaco-tribune.com\/wp-content\/uploads\/2025\/01\/wilfried-singo.jpg","keywords":["AS Monaco"],"articleSection":["News","Sports"],"inLanguage":"en-US","copyrightYear":"2025","copyrightHolder":{"@id":"https:\/\/www.monaco-tribune.com\/#organization"}},{"@type":"WebPage","@id":"https:\/\/www.monaco-tribune.com\/en\/2025\/01\/champions-league-as-monaco-clinch-crucial-victory-over-aston-villa\/","url":"https:\/\/www.monaco-tribune.com\/en\/2025\/01\/champions-league-as-monaco-clinch-crucial-victory-over-aston-villa\/","name":"Champions League: AS Monaco clinch crucial victory over Aston Villa","isPartOf":{"@id":"https:\/\/www.monaco-tribune.com\/en\/#website"},"primaryImageOfPage":{"@id":"https:\/\/www.monaco-tribune.com\/en\/2025\/01\/champions-league-as-monaco-clinch-crucial-victory-over-aston-villa\/#primaryimage"},"image":{"@id":"https:\/\/www.monaco-tribune.com\/en\/2025\/01\/champions-league-as-monaco-clinch-crucial-victory-over-aston-villa\/#primaryimage"},"thumbnailUrl":"https:\/\/www.monaco-tribune.com\/wp-content\/uploads\/2025\/01\/wilfried-singo.jpg","datePublished":"2025-01-21T22:03:16+00:00","dateModified":"2025-01-22T09:49:53+00:00","description":"AS Monaco secured their first win of 2025 by defeating Aston Villa 1-0 in the Champions League, as Wilfried Singo\u2019s first-half strike ultimately proved","breadcrumb":{"@id":"https:\/\/www.monaco-tribune.com\/en\/2025\/01\/champions-league-as-monaco-clinch-crucial-victory-over-aston-villa\/#breadcrumb"},"inLanguage":"en-US","potentialAction":[{"@type":"ReadAction","target":["https:\/\/www.monaco-tribune.com\/en\/2025\/01\/champions-league-as-monaco-clinch-crucial-victory-over-aston-villa\/"]}]},{"@type":"ImageObject","inLanguage":"en-US","@id":"https:\/\/www.monaco-tribune.com\/en\/2025\/01\/champions-league-as-monaco-clinch-crucial-victory-over-aston-villa\/#primaryimage","url":"https:\/\/www.monaco-tribune.com\/wp-content\/uploads\/2025\/01\/wilfried-singo.jpg","contentUrl":"https:\/\/www.monaco-tribune.com\/wp-content\/uploads\/2025\/01\/wilfried-singo.jpg","width":1160,"height":650},{"@type":"BreadcrumbList","@id":"https:\/\/www.monaco-tribune.com\/en\/2025\/01\/champions-league-as-monaco-clinch-crucial-victory-over-aston-villa\/#breadcrumb","itemListElement":[{"@type":"ListItem","position":1,"name":"Accueil","item":"https:\/\/www.monaco-tribune.com\/en\/"},{"@type":"ListItem","position":2,"name":"Champions League: AS Monaco clinch crucial victory over Aston Villa"}]},{"@type":"WebSite","@id":"https:\/\/www.monaco-tribune.com\/en\/#website","url":"https:\/\/www.monaco-tribune.com\/en\/","name":"Monaco Tribune","description":"Monaco : actualit\u00e9s \u00e9conomiques, politiques, culturelles et sportives de Monaco et de la French Riviera.","publisher":{"@id":"https:\/\/www.monaco-tribune.com\/en\/#organization"},"potentialAction":[{"@type":"SearchAction","target":{"@type":"EntryPoint","urlTemplate":"https:\/\/www.monaco-tribune.com\/en\/?s={search_term_string}"},"query-input":{"@type":"PropertyValueSpecification","valueRequired":true,"valueName":"search_term_string"}}],"inLanguage":"en-US"},{"@type":"Organization","@id":"https:\/\/www.monaco-tribune.com\/en\/#organization","name":"Monaco Tribune","url":"https:\/\/www.monaco-tribune.com\/en\/","logo":{"@type":"ImageObject","inLanguage":"en-US","@id":"https:\/\/www.monaco-tribune.com\/en\/#\/schema\/logo\/image\/","url":"https:\/\/www.monaco-tribune.com\/wp-content\/uploads\/2022\/11\/logo-monaco-tribune.png","contentUrl":"https:\/\/www.monaco-tribune.com\/wp-content\/uploads\/2022\/11\/logo-monaco-tribune.png","width":1548,"height":600,"caption":"Monaco Tribune"},"image":{"@id":"https:\/\/www.monaco-tribune.com\/en\/#\/schema\/logo\/image\/"},"sameAs":["https:\/\/www.facebook.com\/MonacoTribune","https:\/\/x.com\/MonacoTribune","https:\/\/www.instagram.com\/monacotribune\/","https:\/\/www.linkedin.com\/company\/monaco-tribune","https:\/\/www.youtube.com\/channel\/UCHle1MnG6hw1y4lWKijVbMA"]},{"@type":"Person","@id":"https:\/\/www.monaco-tribune.com\/en\/#\/schema\/person\/a62f3291a12757084f4c9c1a7e2054a9","name":"Edward Stratmann","image":{"@type":"ImageObject","inLanguage":"en-US","@id":"https:\/\/secure.gravatar.com\/avatar\/fed0463fc9124570b2804f2d3e39edabdb8b2dc066140fc68e1fde625e8c2d82?s=96&d=mm&r=g","url":"https:\/\/secure.gravatar.com\/avatar\/fed0463fc9124570b2804f2d3e39edabdb8b2dc066140fc68e1fde625e8c2d82?s=96&d=mm&r=g","contentUrl":"https:\/\/secure.gravatar.com\/avatar\/fed0463fc9124570b2804f2d3e39edabdb8b2dc066140fc68e1fde625e8c2d82?s=96&d=mm&r=g","caption":"Edward Stratmann"},"sameAs":["@adNL@min"],"url":"https:\/\/www.monaco-tribune.com\/en\/author\/edward-stratmann\/"}]}},"_links":{"self":[{"href":"https:\/\/www.monaco-tribune.com\/en\/wp-json\/wp\/v2\/posts\/272816","targetHints":{"allow":["GET"]}}],"collection":[{"href":"https:\/\/www.monaco-tribune.com\/en\/wp-json\/wp\/v2\/posts"}],"about":[{"href":"https:\/\/www.monaco-tribune.com\/en\/wp-json\/wp\/v2\/types\/post"}],"author":[{"embeddable":true,"href":"https:\/\/www.monaco-tribune.com\/en\/wp-json\/wp\/v2\/users\/18"}],"replies":[{"embeddable":true,"href":"https:\/\/www.monaco-tribune.com\/en\/wp-json\/wp\/v2\/comments?post=272816"}],"version-history":[{"count":2,"href":"https:\/\/www.monaco-tribune.com\/en\/wp-json\/wp\/v2\/posts\/272816\/revisions"}],"predecessor-version":[{"id":272915,"href":"https:\/\/www.monaco-tribune.com\/en\/wp-json\/wp\/v2\/posts\/272816\/revisions\/272915"}],"wp:featuredmedia":[{"embeddable":true,"href":"https:\/\/www.monaco-tribune.com\/en\/wp-json\/wp\/v2\/media\/272817"}],"wp:attachment":[{"href":"https:\/\/www.monaco-tribune.com\/en\/wp-json\/wp\/v2\/media?parent=272816"}],"wp:term":[{"taxonomy":"category","embeddable":true,"href":"https:\/\/www.monaco-tribune.com\/en\/wp-json\/wp\/v2\/categories?post=272816"},{"taxonomy":"post_tag","embeddable":true,"href":"https:\/\/www.monaco-tribune.com\/en\/wp-json\/wp\/v2\/tags?post=272816"},{"taxonomy":"sectag","embeddable":true,"href":"https:\/\/www.monaco-tribune.com\/en\/wp-json\/wp\/v2\/post_sectags?post=272816"},{"taxonomy":"format","embeddable":true,"href":"https:\/\/www.monaco-tribune.com\/en\/wp-json\/wp\/v2\/post_format?post=272816"}],"curies":[{"name":"wp","href":"https:\/\/api.w.org\/{rel}","templated":true}]}}