{"id":274638,"date":"2025-01-28T17:41:34","date_gmt":"2025-01-28T15:41:34","guid":{"rendered":"https:\/\/www.monaco-tribune.com\/2025\/01\/wrc-rally-monte-carlo-master-sebastien-ogier-wins-legendary-10th-title\/"},"modified":"2025-01-28T18:02:56","modified_gmt":"2025-01-28T16:02:56","slug":"wrc-rally-monte-carlo-master-sebastien-ogier-wins-legendary-10th-title","status":"publish","type":"post","link":"https:\/\/www.monaco-tribune.com\/en\/2025\/01\/wrc-rally-monte-carlo-master-sebastien-ogier-wins-legendary-10th-title\/","title":{"rendered":"WRC Rally: Monte Carlo Master S\u00e9bastien Ogier wins legendary 10th title"},"content":{"rendered":"\n<p><b>It was a historic weekend for France at the Monte Carlo Rally. In his Gazoo Racing Toyota Yaris, S\u00e9bastien Ogier <\/b><b>not only lifted the 10th trophy of his career and his 9th in the WRC, but also achieved an additional feat, winning the Power Stage.<\/b><\/p>\n\n<p>It was one of the most eagerly-anticipated events in the WRC: on Sunday 26 January, the 93rd Monte Carlo Rally saw S\u00e9bastien Ogier and co-driver Vincent Landais triumph once again on the winding and unpredictable roads around the Principality. <\/p>\n\n<p>Right from the get-go, on Thursday evening, the eight-time world champion started out strong with two fastest times, taking the lead in the rally. And he held on to it from then on. The Frenchman truly showed his dominance on the Friday afternoon, after SS8. Ogier withstood the onslaught of his rivals in increasingly difficult conditions, retaining his place at the top of the leader board.<\/p>\n\n<p>The cherry on the cake was when the French driver won the Power Stage,for the 46th time. He took the victory by a slender two tenths of a second ahead of Elfyn Evans. The Toyota driver now leads the World Drivers&#8217; Championship after a testing weekend.<\/p>\n\n<p><i>&#8220;What a weekend! We had a sweat on a few times. I think my lucky star followed me all the way. By which I mean my uncle, who died last year. This win is for him,&#8221;<\/i> said Ogier after a thrilling 93rd edition.<\/p>\n\n<figure class=\"wp-block-gallery has-nested-images columns-default is-cropped wp-block-gallery-1 is-layout-flex wp-block-gallery-is-layout-flex\"><div class=\"wp-block-image\">\n<figure class=\"aligncenter size-large\"><img loading=\"lazy\" decoding=\"async\" width=\"1024\" height=\"683\" data-id=\"274080\" src=\"https:\/\/www.monaco-tribune.com\/wp-content\/uploads\/2025\/01\/rallye-wrc-sebastien-ogier-maitre-du-monte-carlo-remporte-un-10e-titre-legendaire-12-1-1024x683.jpg\" alt=\"\" class=\"wp-image-274080\" srcset=\"https:\/\/www.monaco-tribune.com\/wp-content\/uploads\/2025\/01\/rallye-wrc-sebastien-ogier-maitre-du-monte-carlo-remporte-un-10e-titre-legendaire-12-1-1024x683.jpg 1024w, https:\/\/www.monaco-tribune.com\/wp-content\/uploads\/2025\/01\/rallye-wrc-sebastien-ogier-maitre-du-monte-carlo-remporte-un-10e-titre-legendaire-12-1-450x300.jpg 450w, https:\/\/www.monaco-tribune.com\/wp-content\/uploads\/2025\/01\/rallye-wrc-sebastien-ogier-maitre-du-monte-carlo-remporte-un-10e-titre-legendaire-12-1.jpg 1200w\" sizes=\"auto, (max-width: 1024px) 100vw, 1024px\" \/><\/figure>\n<\/div>\n\n<div class=\"wp-block-image\">\n<figure class=\"aligncenter size-large\"><img loading=\"lazy\" decoding=\"async\" width=\"1024\" height=\"683\" data-id=\"274069\" src=\"https:\/\/www.monaco-tribune.com\/wp-content\/uploads\/2025\/01\/rallye-wrc-sebastien-ogier-maitre-du-monte-carlo-remporte-un-10e-titre-legendaire-15-1-1024x683.jpg\" alt=\"\" class=\"wp-image-274069\" srcset=\"https:\/\/www.monaco-tribune.com\/wp-content\/uploads\/2025\/01\/rallye-wrc-sebastien-ogier-maitre-du-monte-carlo-remporte-un-10e-titre-legendaire-15-1-1024x683.jpg 1024w, https:\/\/www.monaco-tribune.com\/wp-content\/uploads\/2025\/01\/rallye-wrc-sebastien-ogier-maitre-du-monte-carlo-remporte-un-10e-titre-legendaire-15-1-450x300.jpg 450w, https:\/\/www.monaco-tribune.com\/wp-content\/uploads\/2025\/01\/rallye-wrc-sebastien-ogier-maitre-du-monte-carlo-remporte-un-10e-titre-legendaire-15-1.jpg 1200w\" sizes=\"auto, (max-width: 1024px) 100vw, 1024px\" \/><\/figure>\n<\/div>\n\n<div class=\"wp-block-image\">\n<figure class=\"aligncenter size-large\"><img loading=\"lazy\" decoding=\"async\" width=\"1024\" height=\"683\" data-id=\"274064\" src=\"https:\/\/www.monaco-tribune.com\/wp-content\/uploads\/2025\/01\/rallye-wrc-sebastien-ogier-maitre-du-monte-carlo-remporte-un-10e-titre-legendaire-3-1-1024x683.jpg\" alt=\"\" class=\"wp-image-274064\" srcset=\"https:\/\/www.monaco-tribune.com\/wp-content\/uploads\/2025\/01\/rallye-wrc-sebastien-ogier-maitre-du-monte-carlo-remporte-un-10e-titre-legendaire-3-1-1024x683.jpg 1024w, https:\/\/www.monaco-tribune.com\/wp-content\/uploads\/2025\/01\/rallye-wrc-sebastien-ogier-maitre-du-monte-carlo-remporte-un-10e-titre-legendaire-3-1-450x300.jpg 450w, https:\/\/www.monaco-tribune.com\/wp-content\/uploads\/2025\/01\/rallye-wrc-sebastien-ogier-maitre-du-monte-carlo-remporte-un-10e-titre-legendaire-3-1.jpg 1200w\" sizes=\"auto, (max-width: 1024px) 100vw, 1024px\" \/><\/figure>\n<\/div>\n\n<div class=\"wp-block-image\">\n<figure class=\"aligncenter size-large\"><img loading=\"lazy\" decoding=\"async\" width=\"1024\" height=\"683\" data-id=\"274060\" src=\"https:\/\/www.monaco-tribune.com\/wp-content\/uploads\/2025\/01\/rallye-wrc-sebastien-ogier-maitre-du-monte-carlo-remporte-un-10e-titre-legendaire-11-1024x683.jpg\" alt=\"\" class=\"wp-image-274060\" srcset=\"https:\/\/www.monaco-tribune.com\/wp-content\/uploads\/2025\/01\/rallye-wrc-sebastien-ogier-maitre-du-monte-carlo-remporte-un-10e-titre-legendaire-11-1024x683.jpg 1024w, https:\/\/www.monaco-tribune.com\/wp-content\/uploads\/2025\/01\/rallye-wrc-sebastien-ogier-maitre-du-monte-carlo-remporte-un-10e-titre-legendaire-11-450x300.jpg 450w, https:\/\/www.monaco-tribune.com\/wp-content\/uploads\/2025\/01\/rallye-wrc-sebastien-ogier-maitre-du-monte-carlo-remporte-un-10e-titre-legendaire-11.jpg 1050w\" sizes=\"auto, (max-width: 1024px) 100vw, 1024px\" \/><\/figure>\n<\/div>\n\n<div class=\"wp-block-image\">\n<figure class=\"aligncenter size-large\"><img loading=\"lazy\" decoding=\"async\" width=\"1024\" height=\"683\" data-id=\"274076\" src=\"https:\/\/www.monaco-tribune.com\/wp-content\/uploads\/2025\/01\/rallye-wrc-sebastien-ogier-maitre-du-monte-carlo-remporte-un-10e-titre-legendaire-5-1024x683.jpg\" alt=\"\" class=\"wp-image-274076\" srcset=\"https:\/\/www.monaco-tribune.com\/wp-content\/uploads\/2025\/01\/rallye-wrc-sebastien-ogier-maitre-du-monte-carlo-remporte-un-10e-titre-legendaire-5-1024x683.jpg 1024w, https:\/\/www.monaco-tribune.com\/wp-content\/uploads\/2025\/01\/rallye-wrc-sebastien-ogier-maitre-du-monte-carlo-remporte-un-10e-titre-legendaire-5-450x300.jpg 450w, https:\/\/www.monaco-tribune.com\/wp-content\/uploads\/2025\/01\/rallye-wrc-sebastien-ogier-maitre-du-monte-carlo-remporte-un-10e-titre-legendaire-5.jpg 1050w\" sizes=\"auto, (max-width: 1024px) 100vw, 1024px\" \/><\/figure>\n<\/div>\n\n<div class=\"wp-block-image\">\n<figure class=\"aligncenter size-large\"><img loading=\"lazy\" decoding=\"async\" width=\"1024\" height=\"683\" data-id=\"274032\" src=\"https:\/\/www.monaco-tribune.com\/wp-content\/uploads\/2025\/01\/rallye-wrc-sebastien-ogier-maitre-du-monte-carlo-remporte-un-10e-titre-legendaire-9-1-1024x683.jpg\" alt=\"\" class=\"wp-image-274032\" srcset=\"https:\/\/www.monaco-tribune.com\/wp-content\/uploads\/2025\/01\/rallye-wrc-sebastien-ogier-maitre-du-monte-carlo-remporte-un-10e-titre-legendaire-9-1-1024x683.jpg 1024w, https:\/\/www.monaco-tribune.com\/wp-content\/uploads\/2025\/01\/rallye-wrc-sebastien-ogier-maitre-du-monte-carlo-remporte-un-10e-titre-legendaire-9-1-450x300.jpg 450w, https:\/\/www.monaco-tribune.com\/wp-content\/uploads\/2025\/01\/rallye-wrc-sebastien-ogier-maitre-du-monte-carlo-remporte-un-10e-titre-legendaire-9-1.jpg 1200w\" sizes=\"auto, (max-width: 1024px) 100vw, 1024px\" \/><\/figure>\n<\/div>\n\n<div class=\"wp-block-image\">\n<figure class=\"aligncenter size-large\"><img loading=\"lazy\" decoding=\"async\" width=\"1024\" height=\"683\" data-id=\"274036\" src=\"https:\/\/www.monaco-tribune.com\/wp-content\/uploads\/2025\/01\/rallye-wrc-sebastien-ogier-maitre-du-monte-carlo-remporte-un-10e-titre-legendaire-6-1-1024x683.jpg\" alt=\"\" class=\"wp-image-274036\" srcset=\"https:\/\/www.monaco-tribune.com\/wp-content\/uploads\/2025\/01\/rallye-wrc-sebastien-ogier-maitre-du-monte-carlo-remporte-un-10e-titre-legendaire-6-1-1024x683.jpg 1024w, https:\/\/www.monaco-tribune.com\/wp-content\/uploads\/2025\/01\/rallye-wrc-sebastien-ogier-maitre-du-monte-carlo-remporte-un-10e-titre-legendaire-6-1-450x300.jpg 450w, https:\/\/www.monaco-tribune.com\/wp-content\/uploads\/2025\/01\/rallye-wrc-sebastien-ogier-maitre-du-monte-carlo-remporte-un-10e-titre-legendaire-6-1.jpg 1200w\" sizes=\"auto, (max-width: 1024px) 100vw, 1024px\" \/><\/figure>\n<\/div>\n\n<div class=\"wp-block-image\">\n<figure class=\"aligncenter size-large\"><img loading=\"lazy\" decoding=\"async\" width=\"1024\" height=\"683\" data-id=\"274044\" src=\"https:\/\/www.monaco-tribune.com\/wp-content\/uploads\/2025\/01\/rallye-wrc-sebastien-ogier-maitre-du-monte-carlo-remporte-un-10e-titre-legendaire-14-1-1024x683.jpg\" alt=\"\" class=\"wp-image-274044\" srcset=\"https:\/\/www.monaco-tribune.com\/wp-content\/uploads\/2025\/01\/rallye-wrc-sebastien-ogier-maitre-du-monte-carlo-remporte-un-10e-titre-legendaire-14-1-1024x683.jpg 1024w, https:\/\/www.monaco-tribune.com\/wp-content\/uploads\/2025\/01\/rallye-wrc-sebastien-ogier-maitre-du-monte-carlo-remporte-un-10e-titre-legendaire-14-1-450x300.jpg 450w, https:\/\/www.monaco-tribune.com\/wp-content\/uploads\/2025\/01\/rallye-wrc-sebastien-ogier-maitre-du-monte-carlo-remporte-un-10e-titre-legendaire-14-1.jpg 1200w\" sizes=\"auto, (max-width: 1024px) 100vw, 1024px\" \/><figcaption class=\"wp-element-caption\"><em>Photo credits: ACM \/ M. Le Juste + Communications Department \/ St\u00e9phane Danna<\/em><\/figcaption><\/figure>\n<\/div><\/figure>\n\n<p class=\"related\"><a href=\"https:\/\/www.monaco-tribune.com\/en\/2025\/01\/monte-carlo-rally-e-prix-grand-prix-2025s-unmissable-motor-races-in-monaco\/\">Rallye de Monte-Carlo, E-Prix, Grand Prix\u2026 All the motorsport events you won\u2019t want to miss in Monaco in 2025<\/a><\/p>\n\n<h2 class=\"wp-block-heading related\" id=\"h-une-competition-relevee-pour-ogier\">Tough competition for Ogier<\/h2>\n\n<p>The 2025 Monte-Carlo Rally was no walk in the park for S\u00e9bastien Ogier. The competition was fierce, with world champions such as Thierry Neuville, Ott T\u00e4nak and Kalle Rovanper\u00e4, but also on-form drives such as Elfyn Evans (2nd) and Adrien Fourmaux (3rd).<\/p>\n\n<p>It&#8217;s been almost two decades since the Monegasque rally field was so strong. It was an intense battle throughout the four days of competition, and the outcome remained uncertain right up to the last Special stage.<\/p>\n\n<p>The French driver was able to fend off his rivals thanks to his experience and perfect tyre management. With a lead of 18.2 seconds heading into the final stage, he kept his cool. It all came down to the final descent, where a small slip-up by Evans was enough to give Ogier the win.<\/p>\n\n<figure class=\"wp-block-gallery has-nested-images columns-default is-cropped wp-block-gallery-2 is-layout-flex wp-block-gallery-is-layout-flex\"><div class=\"wp-block-image\">\n<figure class=\"aligncenter size-large\"><img loading=\"lazy\" decoding=\"async\" width=\"1024\" height=\"683\" data-id=\"274099\" src=\"https:\/\/www.monaco-tribune.com\/wp-content\/uploads\/2025\/01\/rallye-wrc-sebastien-ogier-maitre-du-monte-carlo-remporte-un-10e-titre-legendaire-17-2-1024x683.jpg\" alt=\"\" class=\"wp-image-274099\" srcset=\"https:\/\/www.monaco-tribune.com\/wp-content\/uploads\/2025\/01\/rallye-wrc-sebastien-ogier-maitre-du-monte-carlo-remporte-un-10e-titre-legendaire-17-2-1024x683.jpg 1024w, https:\/\/www.monaco-tribune.com\/wp-content\/uploads\/2025\/01\/rallye-wrc-sebastien-ogier-maitre-du-monte-carlo-remporte-un-10e-titre-legendaire-17-2-450x300.jpg 450w, https:\/\/www.monaco-tribune.com\/wp-content\/uploads\/2025\/01\/rallye-wrc-sebastien-ogier-maitre-du-monte-carlo-remporte-un-10e-titre-legendaire-17-2.jpg 1200w\" sizes=\"auto, (max-width: 1024px) 100vw, 1024px\" \/><figcaption class=\"wp-element-caption\"><i>Elfyn EVANS and Scott MARTIN finished second<\/i> \u00a9 <i>Communication department \/ St\u00e9phane Danna<\/i><\/figcaption><\/figure>\n<\/div>\n\n<div class=\"wp-block-image\">\n<figure class=\"aligncenter size-large\"><img loading=\"lazy\" decoding=\"async\" width=\"1024\" height=\"683\" data-id=\"274123\" src=\"https:\/\/www.monaco-tribune.com\/wp-content\/uploads\/2025\/01\/rallye-wrc-sebastien-ogier-maitre-du-monte-carlo-remporte-un-10e-titre-legendaire-10-2-1024x683.jpg\" alt=\"\" class=\"wp-image-274123\" srcset=\"https:\/\/www.monaco-tribune.com\/wp-content\/uploads\/2025\/01\/rallye-wrc-sebastien-ogier-maitre-du-monte-carlo-remporte-un-10e-titre-legendaire-10-2-1024x683.jpg 1024w, https:\/\/www.monaco-tribune.com\/wp-content\/uploads\/2025\/01\/rallye-wrc-sebastien-ogier-maitre-du-monte-carlo-remporte-un-10e-titre-legendaire-10-2-450x300.jpg 450w, https:\/\/www.monaco-tribune.com\/wp-content\/uploads\/2025\/01\/rallye-wrc-sebastien-ogier-maitre-du-monte-carlo-remporte-un-10e-titre-legendaire-10-2.jpg 1200w\" sizes=\"auto, (max-width: 1024px) 100vw, 1024px\" \/><figcaption class=\"wp-element-caption\"><i>France&#8217;s Adrien FOURMAUX and Alexandre CORIA finished third<\/i> \u00a9 <i>Communication department \/ St\u00e9phane Danna<\/i><\/figcaption><\/figure>\n<\/div>\n\n<div class=\"wp-block-image\">\n<figure class=\"aligncenter size-large\"><img loading=\"lazy\" decoding=\"async\" width=\"1024\" height=\"683\" data-id=\"274124\" src=\"https:\/\/www.monaco-tribune.com\/wp-content\/uploads\/2025\/01\/rallye-wrc-sebastien-ogier-maitre-du-monte-carlo-remporte-un-10e-titre-legendaire-7-2-1024x683.jpg\" alt=\"\" class=\"wp-image-274124\" srcset=\"https:\/\/www.monaco-tribune.com\/wp-content\/uploads\/2025\/01\/rallye-wrc-sebastien-ogier-maitre-du-monte-carlo-remporte-un-10e-titre-legendaire-7-2-1024x683.jpg 1024w, https:\/\/www.monaco-tribune.com\/wp-content\/uploads\/2025\/01\/rallye-wrc-sebastien-ogier-maitre-du-monte-carlo-remporte-un-10e-titre-legendaire-7-2-450x300.jpg 450w, https:\/\/www.monaco-tribune.com\/wp-content\/uploads\/2025\/01\/rallye-wrc-sebastien-ogier-maitre-du-monte-carlo-remporte-un-10e-titre-legendaire-7-2.jpg 1200w\" sizes=\"auto, (max-width: 1024px) 100vw, 1024px\" \/><figcaption class=\"wp-element-caption\">Kalle ROVANPER\u00c4 and Jonne HALTTUNEN finished fourth \u00a9 ACM \/ M. Le Juste<\/figcaption><\/figure>\n<\/div><\/figure>\n\n<h2 class=\"wp-block-heading\" id=\"h-un-rallye-de-monte-carlo-de-plus-en-plus-populaire\"><strong>An increasingly popular Monte-Carlo Rally<\/strong><\/h2>\n\n<p>This 2025 edition was attended by an even larger crowd than in previous years. Spectators from all four d\u00e9partements the rally passed through (Alpes-de-Haute-Provence, Hautes-Alpes, Alpes-Maritimes and Dr\u00f4me) were treated to spectacular races and epic battles.<\/p>\n\n<p>The 27th Monte-Carlo Historic Rally, which gets underway on Wednesday 29 January and runs until Wednesday 5 February, is hoping the crowds will turn out then too!<\/p>\n\n<figure class=\"wp-block-gallery has-nested-images columns-default is-cropped wp-block-gallery-3 is-layout-flex wp-block-gallery-is-layout-flex\"><div class=\"wp-block-image\">\n<figure class=\"aligncenter size-large\"><img loading=\"lazy\" decoding=\"async\" width=\"1024\" height=\"683\" data-id=\"273966\" src=\"https:\/\/www.monaco-tribune.com\/wp-content\/uploads\/2025\/01\/474622434_1668038780488920_2848001390068139939_n-1024x683.jpg\" alt=\"\" class=\"wp-image-273966\" srcset=\"https:\/\/www.monaco-tribune.com\/wp-content\/uploads\/2025\/01\/474622434_1668038780488920_2848001390068139939_n-1024x683.jpg 1024w, https:\/\/www.monaco-tribune.com\/wp-content\/uploads\/2025\/01\/474622434_1668038780488920_2848001390068139939_n-450x300.jpg 450w, https:\/\/www.monaco-tribune.com\/wp-content\/uploads\/2025\/01\/474622434_1668038780488920_2848001390068139939_n.jpg 1200w\" sizes=\"auto, (max-width: 1024px) 100vw, 1024px\" \/><\/figure>\n<\/div>\n\n<div class=\"wp-block-image\">\n<figure class=\"aligncenter size-large\"><img loading=\"lazy\" decoding=\"async\" width=\"1024\" height=\"683\" data-id=\"273970\" src=\"https:\/\/www.monaco-tribune.com\/wp-content\/uploads\/2025\/01\/475158565_1668038687155596_1031488382320470789_n-1024x683.jpg\" alt=\"\" class=\"wp-image-273970\" srcset=\"https:\/\/www.monaco-tribune.com\/wp-content\/uploads\/2025\/01\/475158565_1668038687155596_1031488382320470789_n-1024x683.jpg 1024w, https:\/\/www.monaco-tribune.com\/wp-content\/uploads\/2025\/01\/475158565_1668038687155596_1031488382320470789_n-450x300.jpg 450w, https:\/\/www.monaco-tribune.com\/wp-content\/uploads\/2025\/01\/475158565_1668038687155596_1031488382320470789_n.jpg 1200w\" sizes=\"auto, (max-width: 1024px) 100vw, 1024px\" \/><\/figure>\n<\/div>\n\n<div class=\"wp-block-image\">\n<figure class=\"aligncenter size-large\"><img loading=\"lazy\" decoding=\"async\" width=\"1024\" height=\"683\" data-id=\"273962\" src=\"https:\/\/www.monaco-tribune.com\/wp-content\/uploads\/2025\/01\/474623599_1667656270527171_8003659169368822402_n-1024x683.jpg\" alt=\"\" class=\"wp-image-273962\" srcset=\"https:\/\/www.monaco-tribune.com\/wp-content\/uploads\/2025\/01\/474623599_1667656270527171_8003659169368822402_n-1024x683.jpg 1024w, https:\/\/www.monaco-tribune.com\/wp-content\/uploads\/2025\/01\/474623599_1667656270527171_8003659169368822402_n-450x300.jpg 450w, https:\/\/www.monaco-tribune.com\/wp-content\/uploads\/2025\/01\/474623599_1667656270527171_8003659169368822402_n.jpg 1200w\" sizes=\"auto, (max-width: 1024px) 100vw, 1024px\" \/><\/figure>\n<\/div>\n\n<div class=\"wp-block-image\">\n<figure class=\"aligncenter size-large\"><img loading=\"lazy\" decoding=\"async\" width=\"1024\" height=\"683\" data-id=\"273974\" src=\"https:\/\/www.monaco-tribune.com\/wp-content\/uploads\/2025\/01\/475005294_1667656217193843_9121310992759925870_n-1024x683.jpg\" alt=\"\" class=\"wp-image-273974\" srcset=\"https:\/\/www.monaco-tribune.com\/wp-content\/uploads\/2025\/01\/475005294_1667656217193843_9121310992759925870_n-1024x683.jpg 1024w, https:\/\/www.monaco-tribune.com\/wp-content\/uploads\/2025\/01\/475005294_1667656217193843_9121310992759925870_n-450x300.jpg 450w, https:\/\/www.monaco-tribune.com\/wp-content\/uploads\/2025\/01\/475005294_1667656217193843_9121310992759925870_n.jpg 1200w\" sizes=\"auto, (max-width: 1024px) 100vw, 1024px\" \/><figcaption class=\"wp-element-caption\"><em>The Fan Zone and Service Park in Gap \u00a9 ACM \/ J. Ree Red Bull Content Pool<\/em><\/figcaption><\/figure>\n<\/div><\/figure>\n","protected":false},"excerpt":{"rendered":"<p>It was a historic weekend for France at the Monte Carlo Rally. In his Gazoo Racing Toyota Yaris, S\u00e9bastien Ogier [&hellip;]<\/p>\n","protected":false},"author":77,"featured_media":274185,"comment_status":"closed","ping_status":"closed","sticky":false,"template":"","format":"standard","meta":{"_acf_changed":false,"footnotes":""},"categories":[243,257],"tags":[5185],"post_sectags":[4752,4941,5411],"post_format":[2462],"class_list":["post-274638","post","type-post","status-publish","format-standard","has-post-thumbnail","hentry","category-news","category-sports-en","tag-automobile-club-de-monaco-en","sectag-monte-carlo-rally","sectag-rallye-en","sectag-wrc-en","format-photos-en"],"acf":[],"yoast_head":"<!-- This site is optimized with the Yoast SEO Premium plugin v26.8 (Yoast SEO v27.5) - https:\/\/yoast.com\/product\/yoast-seo-premium-wordpress\/ -->\n<title>WRC Rally: Monte Carlo Master S\u00e9bastien Ogier wins legendary 10th title<\/title>\n<meta name=\"description\" content=\"It was a historic weekend for France at the Monte Carlo Rally. In his Gazoo Racing Toyota Yaris, S\u00e9bastien Ogier not only lifted the 10th trophy of his\" \/>\n<meta name=\"robots\" content=\"index, follow, max-snippet:-1, max-image-preview:large, max-video-preview:-1\" \/>\n<link rel=\"canonical\" href=\"https:\/\/www.monaco-tribune.com\/en\/2025\/01\/wrc-rally-monte-carlo-master-sebastien-ogier-wins-legendary-10th-title\/\" \/>\n<meta property=\"og:locale\" content=\"en_US\" \/>\n<meta property=\"og:type\" content=\"article\" \/>\n<meta property=\"og:title\" content=\"WRC Rally: Monte Carlo Master S\u00e9bastien Ogier wins legendary 10th title - Monaco Tribune\" \/>\n<meta property=\"og:description\" content=\"It was a historic weekend for France at the Monte Carlo Rally. In his Gazoo Racing Toyota Yaris, S\u00e9bastien Ogier not only lifted the 10th trophy of his\" \/>\n<meta property=\"og:url\" content=\"https:\/\/www.monaco-tribune.com\/en\/2025\/01\/wrc-rally-monte-carlo-master-sebastien-ogier-wins-legendary-10th-title\/\" \/>\n<meta property=\"og:site_name\" content=\"Monaco Tribune\" \/>\n<meta property=\"article:publisher\" content=\"https:\/\/www.facebook.com\/MonacoTribune\" \/>\n<meta property=\"article:published_time\" content=\"2025-01-28T15:41:34+00:00\" \/>\n<meta property=\"article:modified_time\" content=\"2025-01-28T16:02:56+00:00\" \/>\n<meta property=\"og:image\" content=\"https:\/\/www.monaco-tribune.com\/wp-content\/uploads\/2025\/01\/rallye-wrc-sebastien-ogier-maitre-du-monte-carlo-remporte-un-10e-titre-legendaire-13-3.jpg\" \/>\n\t<meta property=\"og:image:width\" content=\"1200\" \/>\n\t<meta property=\"og:image:height\" content=\"800\" \/>\n\t<meta property=\"og:image:type\" content=\"image\/jpeg\" \/>\n<meta name=\"author\" content=\"Ana\u00efs Riu\" \/>\n<meta name=\"twitter:card\" content=\"summary_large_image\" \/>\n<meta name=\"twitter:creator\" content=\"@MonacoTribune\" \/>\n<meta name=\"twitter:site\" content=\"@MonacoTribune\" \/>\n<script type=\"application\/ld+json\" class=\"yoast-schema-graph\">{\"@context\":\"https:\\\/\\\/schema.org\",\"@graph\":[{\"@type\":\"NewsArticle\",\"@id\":\"https:\\\/\\\/www.monaco-tribune.com\\\/en\\\/2025\\\/01\\\/wrc-rally-monte-carlo-master-sebastien-ogier-wins-legendary-10th-title\\\/#article\",\"isPartOf\":{\"@id\":\"https:\\\/\\\/www.monaco-tribune.com\\\/en\\\/2025\\\/01\\\/wrc-rally-monte-carlo-master-sebastien-ogier-wins-legendary-10th-title\\\/\"},\"author\":{\"name\":\"Ana\u00efs Riu\",\"@id\":\"https:\\\/\\\/www.monaco-tribune.com\\\/en\\\/#\\\/schema\\\/person\\\/6db631c784f2f0eff54c3ca4d1da2d49\"},\"headline\":\"WRC Rally: Monte Carlo Master S\u00e9bastien Ogier wins legendary 10th title\",\"datePublished\":\"2025-01-28T15:41:34+00:00\",\"dateModified\":\"2025-01-28T16:02:56+00:00\",\"mainEntityOfPage\":{\"@id\":\"https:\\\/\\\/www.monaco-tribune.com\\\/en\\\/2025\\\/01\\\/wrc-rally-monte-carlo-master-sebastien-ogier-wins-legendary-10th-title\\\/\"},\"wordCount\":539,\"publisher\":{\"@id\":\"https:\\\/\\\/www.monaco-tribune.com\\\/en\\\/#organization\"},\"image\":{\"@id\":\"https:\\\/\\\/www.monaco-tribune.com\\\/en\\\/2025\\\/01\\\/wrc-rally-monte-carlo-master-sebastien-ogier-wins-legendary-10th-title\\\/#primaryimage\"},\"thumbnailUrl\":\"https:\\\/\\\/www.monaco-tribune.com\\\/wp-content\\\/uploads\\\/2025\\\/01\\\/rallye-wrc-sebastien-ogier-maitre-du-monte-carlo-remporte-un-10e-titre-legendaire-13-3.jpg\",\"keywords\":[\"Automobile Club de Monaco\"],\"articleSection\":[\"News\",\"Sports\"],\"inLanguage\":\"en-US\",\"copyrightYear\":\"2025\",\"copyrightHolder\":{\"@id\":\"https:\\\/\\\/www.monaco-tribune.com\\\/#organization\"}},{\"@type\":\"WebPage\",\"@id\":\"https:\\\/\\\/www.monaco-tribune.com\\\/en\\\/2025\\\/01\\\/wrc-rally-monte-carlo-master-sebastien-ogier-wins-legendary-10th-title\\\/\",\"url\":\"https:\\\/\\\/www.monaco-tribune.com\\\/en\\\/2025\\\/01\\\/wrc-rally-monte-carlo-master-sebastien-ogier-wins-legendary-10th-title\\\/\",\"name\":\"WRC Rally: Monte Carlo Master S\u00e9bastien Ogier wins legendary 10th title\",\"isPartOf\":{\"@id\":\"https:\\\/\\\/www.monaco-tribune.com\\\/en\\\/#website\"},\"primaryImageOfPage\":{\"@id\":\"https:\\\/\\\/www.monaco-tribune.com\\\/en\\\/2025\\\/01\\\/wrc-rally-monte-carlo-master-sebastien-ogier-wins-legendary-10th-title\\\/#primaryimage\"},\"image\":{\"@id\":\"https:\\\/\\\/www.monaco-tribune.com\\\/en\\\/2025\\\/01\\\/wrc-rally-monte-carlo-master-sebastien-ogier-wins-legendary-10th-title\\\/#primaryimage\"},\"thumbnailUrl\":\"https:\\\/\\\/www.monaco-tribune.com\\\/wp-content\\\/uploads\\\/2025\\\/01\\\/rallye-wrc-sebastien-ogier-maitre-du-monte-carlo-remporte-un-10e-titre-legendaire-13-3.jpg\",\"datePublished\":\"2025-01-28T15:41:34+00:00\",\"dateModified\":\"2025-01-28T16:02:56+00:00\",\"description\":\"It was a historic weekend for France at the Monte Carlo Rally. In his Gazoo Racing Toyota Yaris, S\u00e9bastien Ogier not only lifted the 10th trophy of his\",\"breadcrumb\":{\"@id\":\"https:\\\/\\\/www.monaco-tribune.com\\\/en\\\/2025\\\/01\\\/wrc-rally-monte-carlo-master-sebastien-ogier-wins-legendary-10th-title\\\/#breadcrumb\"},\"inLanguage\":\"en-US\",\"potentialAction\":[{\"@type\":\"ReadAction\",\"target\":[\"https:\\\/\\\/www.monaco-tribune.com\\\/en\\\/2025\\\/01\\\/wrc-rally-monte-carlo-master-sebastien-ogier-wins-legendary-10th-title\\\/\"]}]},{\"@type\":\"ImageObject\",\"inLanguage\":\"en-US\",\"@id\":\"https:\\\/\\\/www.monaco-tribune.com\\\/en\\\/2025\\\/01\\\/wrc-rally-monte-carlo-master-sebastien-ogier-wins-legendary-10th-title\\\/#primaryimage\",\"url\":\"https:\\\/\\\/www.monaco-tribune.com\\\/wp-content\\\/uploads\\\/2025\\\/01\\\/rallye-wrc-sebastien-ogier-maitre-du-monte-carlo-remporte-un-10e-titre-legendaire-13-3.jpg\",\"contentUrl\":\"https:\\\/\\\/www.monaco-tribune.com\\\/wp-content\\\/uploads\\\/2025\\\/01\\\/rallye-wrc-sebastien-ogier-maitre-du-monte-carlo-remporte-un-10e-titre-legendaire-13-3.jpg\",\"width\":1200,\"height\":800,\"caption\":\"And another makes 10 for French driver S\u00e9bastien Ogier in Monte-Carlo! \u00a9 ACM \\\/ M. Le Juste\"},{\"@type\":\"BreadcrumbList\",\"@id\":\"https:\\\/\\\/www.monaco-tribune.com\\\/en\\\/2025\\\/01\\\/wrc-rally-monte-carlo-master-sebastien-ogier-wins-legendary-10th-title\\\/#breadcrumb\",\"itemListElement\":[{\"@type\":\"ListItem\",\"position\":1,\"name\":\"Accueil\",\"item\":\"https:\\\/\\\/www.monaco-tribune.com\\\/en\\\/\"},{\"@type\":\"ListItem\",\"position\":2,\"name\":\"WRC Rally: Monte Carlo Master S\u00e9bastien Ogier wins legendary 10th title\"}]},{\"@type\":\"WebSite\",\"@id\":\"https:\\\/\\\/www.monaco-tribune.com\\\/en\\\/#website\",\"url\":\"https:\\\/\\\/www.monaco-tribune.com\\\/en\\\/\",\"name\":\"Monaco Tribune\",\"description\":\"Monaco : actualit\u00e9s \u00e9conomiques, politiques, culturelles et sportives de Monaco et de la French Riviera.\",\"publisher\":{\"@id\":\"https:\\\/\\\/www.monaco-tribune.com\\\/en\\\/#organization\"},\"potentialAction\":[{\"@type\":\"SearchAction\",\"target\":{\"@type\":\"EntryPoint\",\"urlTemplate\":\"https:\\\/\\\/www.monaco-tribune.com\\\/en\\\/?s={search_term_string}\"},\"query-input\":{\"@type\":\"PropertyValueSpecification\",\"valueRequired\":true,\"valueName\":\"search_term_string\"}}],\"inLanguage\":\"en-US\"},{\"@type\":\"Organization\",\"@id\":\"https:\\\/\\\/www.monaco-tribune.com\\\/en\\\/#organization\",\"name\":\"Monaco Tribune\",\"url\":\"https:\\\/\\\/www.monaco-tribune.com\\\/en\\\/\",\"logo\":{\"@type\":\"ImageObject\",\"inLanguage\":\"en-US\",\"@id\":\"https:\\\/\\\/www.monaco-tribune.com\\\/en\\\/#\\\/schema\\\/logo\\\/image\\\/\",\"url\":\"https:\\\/\\\/www.monaco-tribune.com\\\/wp-content\\\/uploads\\\/2022\\\/11\\\/logo-monaco-tribune.png\",\"contentUrl\":\"https:\\\/\\\/www.monaco-tribune.com\\\/wp-content\\\/uploads\\\/2022\\\/11\\\/logo-monaco-tribune.png\",\"width\":1548,\"height\":600,\"caption\":\"Monaco Tribune\"},\"image\":{\"@id\":\"https:\\\/\\\/www.monaco-tribune.com\\\/en\\\/#\\\/schema\\\/logo\\\/image\\\/\"},\"sameAs\":[\"https:\\\/\\\/www.facebook.com\\\/MonacoTribune\",\"https:\\\/\\\/x.com\\\/MonacoTribune\",\"https:\\\/\\\/www.instagram.com\\\/monacotribune\\\/\",\"https:\\\/\\\/www.linkedin.com\\\/company\\\/monaco-tribune\",\"https:\\\/\\\/www.youtube.com\\\/channel\\\/UCHle1MnG6hw1y4lWKijVbMA\"]},{\"@type\":\"Person\",\"@id\":\"https:\\\/\\\/www.monaco-tribune.com\\\/en\\\/#\\\/schema\\\/person\\\/6db631c784f2f0eff54c3ca4d1da2d49\",\"name\":\"Ana\u00efs Riu\",\"image\":{\"@type\":\"ImageObject\",\"inLanguage\":\"en-US\",\"@id\":\"https:\\\/\\\/secure.gravatar.com\\\/avatar\\\/9137eff67ff750f1997c171f45e5829ca4c8fa34729a8f8cd9dc85be7e50df7f?s=96&d=mm&r=g\",\"url\":\"https:\\\/\\\/secure.gravatar.com\\\/avatar\\\/9137eff67ff750f1997c171f45e5829ca4c8fa34729a8f8cd9dc85be7e50df7f?s=96&d=mm&r=g\",\"contentUrl\":\"https:\\\/\\\/secure.gravatar.com\\\/avatar\\\/9137eff67ff750f1997c171f45e5829ca4c8fa34729a8f8cd9dc85be7e50df7f?s=96&d=mm&r=g\",\"caption\":\"Ana\u00efs Riu\"},\"url\":\"https:\\\/\\\/www.monaco-tribune.com\\\/en\\\/author\\\/anaisriu\\\/\"}]}<\/script>\n<!-- \/ Yoast SEO Premium plugin. -->","yoast_head_json":{"title":"WRC Rally: Monte Carlo Master S\u00e9bastien Ogier wins legendary 10th title","description":"It was a historic weekend for France at the Monte Carlo Rally. In his Gazoo Racing Toyota Yaris, S\u00e9bastien Ogier not only lifted the 10th trophy of his","robots":{"index":"index","follow":"follow","max-snippet":"max-snippet:-1","max-image-preview":"max-image-preview:large","max-video-preview":"max-video-preview:-1"},"canonical":"https:\/\/www.monaco-tribune.com\/en\/2025\/01\/wrc-rally-monte-carlo-master-sebastien-ogier-wins-legendary-10th-title\/","og_locale":"en_US","og_type":"article","og_title":"WRC Rally: Monte Carlo Master S\u00e9bastien Ogier wins legendary 10th title - Monaco Tribune","og_description":"It was a historic weekend for France at the Monte Carlo Rally. In his Gazoo Racing Toyota Yaris, S\u00e9bastien Ogier not only lifted the 10th trophy of his","og_url":"https:\/\/www.monaco-tribune.com\/en\/2025\/01\/wrc-rally-monte-carlo-master-sebastien-ogier-wins-legendary-10th-title\/","og_site_name":"Monaco Tribune","article_publisher":"https:\/\/www.facebook.com\/MonacoTribune","article_published_time":"2025-01-28T15:41:34+00:00","article_modified_time":"2025-01-28T16:02:56+00:00","og_image":[{"width":1200,"height":800,"url":"https:\/\/www.monaco-tribune.com\/wp-content\/uploads\/2025\/01\/rallye-wrc-sebastien-ogier-maitre-du-monte-carlo-remporte-un-10e-titre-legendaire-13-3.jpg","type":"image\/jpeg"}],"author":"Ana\u00efs Riu","twitter_card":"summary_large_image","twitter_creator":"@MonacoTribune","twitter_site":"@MonacoTribune","schema":{"@context":"https:\/\/schema.org","@graph":[{"@type":"NewsArticle","@id":"https:\/\/www.monaco-tribune.com\/en\/2025\/01\/wrc-rally-monte-carlo-master-sebastien-ogier-wins-legendary-10th-title\/#article","isPartOf":{"@id":"https:\/\/www.monaco-tribune.com\/en\/2025\/01\/wrc-rally-monte-carlo-master-sebastien-ogier-wins-legendary-10th-title\/"},"author":{"name":"Ana\u00efs Riu","@id":"https:\/\/www.monaco-tribune.com\/en\/#\/schema\/person\/6db631c784f2f0eff54c3ca4d1da2d49"},"headline":"WRC Rally: Monte Carlo Master S\u00e9bastien Ogier wins legendary 10th title","datePublished":"2025-01-28T15:41:34+00:00","dateModified":"2025-01-28T16:02:56+00:00","mainEntityOfPage":{"@id":"https:\/\/www.monaco-tribune.com\/en\/2025\/01\/wrc-rally-monte-carlo-master-sebastien-ogier-wins-legendary-10th-title\/"},"wordCount":539,"publisher":{"@id":"https:\/\/www.monaco-tribune.com\/en\/#organization"},"image":{"@id":"https:\/\/www.monaco-tribune.com\/en\/2025\/01\/wrc-rally-monte-carlo-master-sebastien-ogier-wins-legendary-10th-title\/#primaryimage"},"thumbnailUrl":"https:\/\/www.monaco-tribune.com\/wp-content\/uploads\/2025\/01\/rallye-wrc-sebastien-ogier-maitre-du-monte-carlo-remporte-un-10e-titre-legendaire-13-3.jpg","keywords":["Automobile Club de Monaco"],"articleSection":["News","Sports"],"inLanguage":"en-US","copyrightYear":"2025","copyrightHolder":{"@id":"https:\/\/www.monaco-tribune.com\/#organization"}},{"@type":"WebPage","@id":"https:\/\/www.monaco-tribune.com\/en\/2025\/01\/wrc-rally-monte-carlo-master-sebastien-ogier-wins-legendary-10th-title\/","url":"https:\/\/www.monaco-tribune.com\/en\/2025\/01\/wrc-rally-monte-carlo-master-sebastien-ogier-wins-legendary-10th-title\/","name":"WRC Rally: Monte Carlo Master S\u00e9bastien Ogier wins legendary 10th title","isPartOf":{"@id":"https:\/\/www.monaco-tribune.com\/en\/#website"},"primaryImageOfPage":{"@id":"https:\/\/www.monaco-tribune.com\/en\/2025\/01\/wrc-rally-monte-carlo-master-sebastien-ogier-wins-legendary-10th-title\/#primaryimage"},"image":{"@id":"https:\/\/www.monaco-tribune.com\/en\/2025\/01\/wrc-rally-monte-carlo-master-sebastien-ogier-wins-legendary-10th-title\/#primaryimage"},"thumbnailUrl":"https:\/\/www.monaco-tribune.com\/wp-content\/uploads\/2025\/01\/rallye-wrc-sebastien-ogier-maitre-du-monte-carlo-remporte-un-10e-titre-legendaire-13-3.jpg","datePublished":"2025-01-28T15:41:34+00:00","dateModified":"2025-01-28T16:02:56+00:00","description":"It was a historic weekend for France at the Monte Carlo Rally. In his Gazoo Racing Toyota Yaris, S\u00e9bastien Ogier not only lifted the 10th trophy of his","breadcrumb":{"@id":"https:\/\/www.monaco-tribune.com\/en\/2025\/01\/wrc-rally-monte-carlo-master-sebastien-ogier-wins-legendary-10th-title\/#breadcrumb"},"inLanguage":"en-US","potentialAction":[{"@type":"ReadAction","target":["https:\/\/www.monaco-tribune.com\/en\/2025\/01\/wrc-rally-monte-carlo-master-sebastien-ogier-wins-legendary-10th-title\/"]}]},{"@type":"ImageObject","inLanguage":"en-US","@id":"https:\/\/www.monaco-tribune.com\/en\/2025\/01\/wrc-rally-monte-carlo-master-sebastien-ogier-wins-legendary-10th-title\/#primaryimage","url":"https:\/\/www.monaco-tribune.com\/wp-content\/uploads\/2025\/01\/rallye-wrc-sebastien-ogier-maitre-du-monte-carlo-remporte-un-10e-titre-legendaire-13-3.jpg","contentUrl":"https:\/\/www.monaco-tribune.com\/wp-content\/uploads\/2025\/01\/rallye-wrc-sebastien-ogier-maitre-du-monte-carlo-remporte-un-10e-titre-legendaire-13-3.jpg","width":1200,"height":800,"caption":"And another makes 10 for French driver S\u00e9bastien Ogier in Monte-Carlo! \u00a9 ACM \/ M. Le Juste"},{"@type":"BreadcrumbList","@id":"https:\/\/www.monaco-tribune.com\/en\/2025\/01\/wrc-rally-monte-carlo-master-sebastien-ogier-wins-legendary-10th-title\/#breadcrumb","itemListElement":[{"@type":"ListItem","position":1,"name":"Accueil","item":"https:\/\/www.monaco-tribune.com\/en\/"},{"@type":"ListItem","position":2,"name":"WRC Rally: Monte Carlo Master S\u00e9bastien Ogier wins legendary 10th title"}]},{"@type":"WebSite","@id":"https:\/\/www.monaco-tribune.com\/en\/#website","url":"https:\/\/www.monaco-tribune.com\/en\/","name":"Monaco Tribune","description":"Monaco : actualit\u00e9s \u00e9conomiques, politiques, culturelles et sportives de Monaco et de la French Riviera.","publisher":{"@id":"https:\/\/www.monaco-tribune.com\/en\/#organization"},"potentialAction":[{"@type":"SearchAction","target":{"@type":"EntryPoint","urlTemplate":"https:\/\/www.monaco-tribune.com\/en\/?s={search_term_string}"},"query-input":{"@type":"PropertyValueSpecification","valueRequired":true,"valueName":"search_term_string"}}],"inLanguage":"en-US"},{"@type":"Organization","@id":"https:\/\/www.monaco-tribune.com\/en\/#organization","name":"Monaco Tribune","url":"https:\/\/www.monaco-tribune.com\/en\/","logo":{"@type":"ImageObject","inLanguage":"en-US","@id":"https:\/\/www.monaco-tribune.com\/en\/#\/schema\/logo\/image\/","url":"https:\/\/www.monaco-tribune.com\/wp-content\/uploads\/2022\/11\/logo-monaco-tribune.png","contentUrl":"https:\/\/www.monaco-tribune.com\/wp-content\/uploads\/2022\/11\/logo-monaco-tribune.png","width":1548,"height":600,"caption":"Monaco Tribune"},"image":{"@id":"https:\/\/www.monaco-tribune.com\/en\/#\/schema\/logo\/image\/"},"sameAs":["https:\/\/www.facebook.com\/MonacoTribune","https:\/\/x.com\/MonacoTribune","https:\/\/www.instagram.com\/monacotribune\/","https:\/\/www.linkedin.com\/company\/monaco-tribune","https:\/\/www.youtube.com\/channel\/UCHle1MnG6hw1y4lWKijVbMA"]},{"@type":"Person","@id":"https:\/\/www.monaco-tribune.com\/en\/#\/schema\/person\/6db631c784f2f0eff54c3ca4d1da2d49","name":"Ana\u00efs Riu","image":{"@type":"ImageObject","inLanguage":"en-US","@id":"https:\/\/secure.gravatar.com\/avatar\/9137eff67ff750f1997c171f45e5829ca4c8fa34729a8f8cd9dc85be7e50df7f?s=96&d=mm&r=g","url":"https:\/\/secure.gravatar.com\/avatar\/9137eff67ff750f1997c171f45e5829ca4c8fa34729a8f8cd9dc85be7e50df7f?s=96&d=mm&r=g","contentUrl":"https:\/\/secure.gravatar.com\/avatar\/9137eff67ff750f1997c171f45e5829ca4c8fa34729a8f8cd9dc85be7e50df7f?s=96&d=mm&r=g","caption":"Ana\u00efs Riu"},"url":"https:\/\/www.monaco-tribune.com\/en\/author\/anaisriu\/"}]}},"_links":{"self":[{"href":"https:\/\/www.monaco-tribune.com\/en\/wp-json\/wp\/v2\/posts\/274638","targetHints":{"allow":["GET"]}}],"collection":[{"href":"https:\/\/www.monaco-tribune.com\/en\/wp-json\/wp\/v2\/posts"}],"about":[{"href":"https:\/\/www.monaco-tribune.com\/en\/wp-json\/wp\/v2\/types\/post"}],"author":[{"embeddable":true,"href":"https:\/\/www.monaco-tribune.com\/en\/wp-json\/wp\/v2\/users\/77"}],"replies":[{"embeddable":true,"href":"https:\/\/www.monaco-tribune.com\/en\/wp-json\/wp\/v2\/comments?post=274638"}],"version-history":[{"count":2,"href":"https:\/\/www.monaco-tribune.com\/en\/wp-json\/wp\/v2\/posts\/274638\/revisions"}],"predecessor-version":[{"id":274655,"href":"https:\/\/www.monaco-tribune.com\/en\/wp-json\/wp\/v2\/posts\/274638\/revisions\/274655"}],"wp:featuredmedia":[{"embeddable":true,"href":"https:\/\/www.monaco-tribune.com\/en\/wp-json\/wp\/v2\/media\/274185"}],"wp:attachment":[{"href":"https:\/\/www.monaco-tribune.com\/en\/wp-json\/wp\/v2\/media?parent=274638"}],"wp:term":[{"taxonomy":"category","embeddable":true,"href":"https:\/\/www.monaco-tribune.com\/en\/wp-json\/wp\/v2\/categories?post=274638"},{"taxonomy":"post_tag","embeddable":true,"href":"https:\/\/www.monaco-tribune.com\/en\/wp-json\/wp\/v2\/tags?post=274638"},{"taxonomy":"sectag","embeddable":true,"href":"https:\/\/www.monaco-tribune.com\/en\/wp-json\/wp\/v2\/post_sectags?post=274638"},{"taxonomy":"format","embeddable":true,"href":"https:\/\/www.monaco-tribune.com\/en\/wp-json\/wp\/v2\/post_format?post=274638"}],"curies":[{"name":"wp","href":"https:\/\/api.w.org\/{rel}","templated":true}]}}