{"id":27816,"date":"2020-05-15T17:49:18","date_gmt":"2020-05-15T15:49:18","guid":{"rendered":"https:\/\/www.monaco-tribune.com\/2020\/05\/prince-albert-ii-chooses-next-head-of-government\/"},"modified":"2020-05-15T17:50:11","modified_gmt":"2020-05-15T15:50:11","slug":"prince-albert-ii-chooses-next-head-of-government","status":"publish","type":"post","link":"https:\/\/www.monaco-tribune.com\/en\/2020\/05\/prince-albert-ii-chooses-next-head-of-government\/","title":{"rendered":"Prince Albert II chooses next head of government"},"content":{"rendered":"<p><strong>Prince Albert II of Monaco has chosen Pierre Dartout to become the next head of the Prince\u2019s Government, according to Palace representatives. The prefect of the French region Provence-Alpes-C\u00f4te d\u2019Azur (PACA) will replace Serge Telle, who has been Minister of State since February 2016. The Sovereign is yet to announce the appointment officially.<\/strong><\/p>\n<p>As Monaco\u2019s new Minister of State, Pierre Dartout, 66, will be responsible for presenting bills to Prince Albert II and directing the administration of the Principality. This post is typically reserved for a senior French civil servant, with the French presidential palace submitting a list to the Prince of names they deem suitable for the role. The Sovereign has already met Pierre Dartout during engagements in the PACA region. &#8220;The prefect of Provence-Alpes-C\u00f4te d\u2019Azur was one of the figures that the Sovereign had imagined as Minister of State&#8221;, <a href=\"https:\/\/www.monacomatin.mc\/politique\/le-prefet-de-la-region-paca-sera-le-prochain-ministre-detat-de-monaco-510706\">stated<\/a> the Prince&#8217;s Palace to Monaco Matin.<\/p>\n<p><strong>Pierre Dartout <\/strong><\/p>\n<p>Born in 1954 in Limoges, Pierre Dartout has held numerous prefectural posts in France for a quarter of a century. Before taking up his position in Provence-Alpes-C\u00f4te d&#8217;Azur, Pierre Dartout was prefect of the Nouvelle-Aquitaine region, the prefect for defence and security for the South-West region, and prefect of La Gironde in 2015. He graduated in the 1980 class at the Ecole Nationale d&#8217;Administration (National School of Administration), the most prestigious school for those entering into the French civil service. He was prefect of French Guiana between 1995 and 1997, the Eastern Pyrenees between 1998 and 2000, and the Var region in 2004.<\/p>\n<p><a href=\"https:\/\/www.lesechos.fr\/monde\/europe\/monaco-le-prince-albert-ii-choisit-un-nouveau-chef-de-gouvernement-1203052\">According to the financial newspaper <em>Les Echos<\/em><\/a>, Dartout is due to take up the post at the beginning of September, \u201cthe \u00c9lys\u00e9e (presidential palace) wanting him to remain as prefect of the PACA region and Bouches-du-Rh\u00f4ne during the critical period that is ending lockdown.\u201d<\/p>\n","protected":false},"excerpt":{"rendered":"<p>Prince Albert II of Monaco has chosen Pierre Dartout to become the next head of the Prince\u2019s Government, according to [&hellip;]<\/p>\n","protected":false},"author":21,"featured_media":27808,"comment_status":"closed","ping_status":"open","sticky":false,"template":"","format":"standard","meta":{"_acf_changed":false,"footnotes":""},"categories":[243,254],"tags":[2830],"post_sectags":[],"post_format":[2465],"class_list":["post-27816","post","type-post","status-publish","format-standard","has-post-thumbnail","hentry","category-news","category-people-en","tag-prince-albert-ii-en-2","format-in-brief"],"acf":[],"yoast_head":"<!-- This site is optimized with the Yoast SEO Premium plugin v26.8 (Yoast SEO v27.5) - https:\/\/yoast.com\/product\/yoast-seo-premium-wordpress\/ -->\n<title>Prince Albert II chooses next head of government<\/title>\n<meta name=\"description\" content=\"Prince Albert II of Monaco has chosen Pierre Dartout to become the next head of the Prince\u2019s Government, according to Palace representatives. The prefect\" \/>\n<meta name=\"robots\" content=\"index, follow, max-snippet:-1, max-image-preview:large, max-video-preview:-1\" \/>\n<link rel=\"canonical\" href=\"https:\/\/www.monaco-tribune.com\/en\/2020\/05\/prince-albert-ii-chooses-next-head-of-government\/\" \/>\n<meta property=\"og:locale\" content=\"en_US\" \/>\n<meta property=\"og:type\" content=\"article\" \/>\n<meta property=\"og:title\" content=\"Prince Albert II chooses next head of government - Monaco Tribune\" \/>\n<meta property=\"og:description\" content=\"Prince Albert II of Monaco has chosen Pierre Dartout to become the next head of the Prince\u2019s Government, according to Palace representatives. The prefect\" \/>\n<meta property=\"og:url\" content=\"https:\/\/www.monaco-tribune.com\/en\/2020\/05\/prince-albert-ii-chooses-next-head-of-government\/\" \/>\n<meta property=\"og:site_name\" content=\"Monaco Tribune\" \/>\n<meta property=\"article:publisher\" content=\"https:\/\/www.facebook.com\/MonacoTribune\" \/>\n<meta property=\"article:published_time\" content=\"2020-05-15T15:49:18+00:00\" \/>\n<meta property=\"article:modified_time\" content=\"2020-05-15T15:50:11+00:00\" \/>\n<meta property=\"og:image\" content=\"https:\/\/www.monaco-tribune.com\/wp-content\/uploads\/2020\/05\/pierre-dartout.jpg\" \/>\n\t<meta property=\"og:image:width\" content=\"1470\" \/>\n\t<meta property=\"og:image:height\" content=\"1411\" \/>\n\t<meta property=\"og:image:type\" content=\"image\/jpeg\" \/>\n<meta name=\"author\" content=\"Monaco Tribune\" \/>\n<meta name=\"twitter:card\" content=\"summary_large_image\" \/>\n<meta name=\"twitter:creator\" content=\"@MonacoTribune\" \/>\n<meta name=\"twitter:site\" content=\"@MonacoTribune\" \/>\n<script type=\"application\/ld+json\" class=\"yoast-schema-graph\">{\"@context\":\"https:\\\/\\\/schema.org\",\"@graph\":[{\"@type\":\"NewsArticle\",\"@id\":\"https:\\\/\\\/www.monaco-tribune.com\\\/en\\\/2020\\\/05\\\/prince-albert-ii-chooses-next-head-of-government\\\/#article\",\"isPartOf\":{\"@id\":\"https:\\\/\\\/www.monaco-tribune.com\\\/en\\\/2020\\\/05\\\/prince-albert-ii-chooses-next-head-of-government\\\/\"},\"author\":{\"name\":\"Monaco Tribune\",\"@id\":\"https:\\\/\\\/www.monaco-tribune.com\\\/en\\\/#\\\/schema\\\/person\\\/8f6ed8c063276e2397589eda5b7a2f2d\"},\"headline\":\"Prince Albert II chooses next head of government\",\"datePublished\":\"2020-05-15T15:49:18+00:00\",\"dateModified\":\"2020-05-15T15:50:11+00:00\",\"mainEntityOfPage\":{\"@id\":\"https:\\\/\\\/www.monaco-tribune.com\\\/en\\\/2020\\\/05\\\/prince-albert-ii-chooses-next-head-of-government\\\/\"},\"wordCount\":307,\"publisher\":{\"@id\":\"https:\\\/\\\/www.monaco-tribune.com\\\/en\\\/#organization\"},\"image\":{\"@id\":\"https:\\\/\\\/www.monaco-tribune.com\\\/en\\\/2020\\\/05\\\/prince-albert-ii-chooses-next-head-of-government\\\/#primaryimage\"},\"thumbnailUrl\":\"https:\\\/\\\/www.monaco-tribune.com\\\/wp-content\\\/uploads\\\/2020\\\/05\\\/pierre-dartout.jpg\",\"keywords\":[\"Prince Albert II\"],\"articleSection\":[\"News\",\"Princely Family\"],\"inLanguage\":\"en-US\",\"copyrightYear\":\"2020\",\"copyrightHolder\":{\"@id\":\"https:\\\/\\\/www.monaco-tribune.com\\\/#organization\"}},{\"@type\":\"WebPage\",\"@id\":\"https:\\\/\\\/www.monaco-tribune.com\\\/en\\\/2020\\\/05\\\/prince-albert-ii-chooses-next-head-of-government\\\/\",\"url\":\"https:\\\/\\\/www.monaco-tribune.com\\\/en\\\/2020\\\/05\\\/prince-albert-ii-chooses-next-head-of-government\\\/\",\"name\":\"Prince Albert II chooses next head of government\",\"isPartOf\":{\"@id\":\"https:\\\/\\\/www.monaco-tribune.com\\\/en\\\/#website\"},\"primaryImageOfPage\":{\"@id\":\"https:\\\/\\\/www.monaco-tribune.com\\\/en\\\/2020\\\/05\\\/prince-albert-ii-chooses-next-head-of-government\\\/#primaryimage\"},\"image\":{\"@id\":\"https:\\\/\\\/www.monaco-tribune.com\\\/en\\\/2020\\\/05\\\/prince-albert-ii-chooses-next-head-of-government\\\/#primaryimage\"},\"thumbnailUrl\":\"https:\\\/\\\/www.monaco-tribune.com\\\/wp-content\\\/uploads\\\/2020\\\/05\\\/pierre-dartout.jpg\",\"datePublished\":\"2020-05-15T15:49:18+00:00\",\"dateModified\":\"2020-05-15T15:50:11+00:00\",\"description\":\"Prince Albert II of Monaco has chosen Pierre Dartout to become the next head of the Prince\u2019s Government, according to Palace representatives. The prefect\",\"breadcrumb\":{\"@id\":\"https:\\\/\\\/www.monaco-tribune.com\\\/en\\\/2020\\\/05\\\/prince-albert-ii-chooses-next-head-of-government\\\/#breadcrumb\"},\"inLanguage\":\"en-US\",\"potentialAction\":[{\"@type\":\"ReadAction\",\"target\":[\"https:\\\/\\\/www.monaco-tribune.com\\\/en\\\/2020\\\/05\\\/prince-albert-ii-chooses-next-head-of-government\\\/\"]}]},{\"@type\":\"ImageObject\",\"inLanguage\":\"en-US\",\"@id\":\"https:\\\/\\\/www.monaco-tribune.com\\\/en\\\/2020\\\/05\\\/prince-albert-ii-chooses-next-head-of-government\\\/#primaryimage\",\"url\":\"https:\\\/\\\/www.monaco-tribune.com\\\/wp-content\\\/uploads\\\/2020\\\/05\\\/pierre-dartout.jpg\",\"contentUrl\":\"https:\\\/\\\/www.monaco-tribune.com\\\/wp-content\\\/uploads\\\/2020\\\/05\\\/pierre-dartout.jpg\",\"width\":1470,\"height\":1411,\"caption\":\"Prefect of Provence-Alpes-C\u00f4te d\u2019Azur\"},{\"@type\":\"BreadcrumbList\",\"@id\":\"https:\\\/\\\/www.monaco-tribune.com\\\/en\\\/2020\\\/05\\\/prince-albert-ii-chooses-next-head-of-government\\\/#breadcrumb\",\"itemListElement\":[{\"@type\":\"ListItem\",\"position\":1,\"name\":\"Accueil\",\"item\":\"https:\\\/\\\/www.monaco-tribune.com\\\/en\\\/\"},{\"@type\":\"ListItem\",\"position\":2,\"name\":\"Prince Albert II chooses next head of government\"}]},{\"@type\":\"WebSite\",\"@id\":\"https:\\\/\\\/www.monaco-tribune.com\\\/en\\\/#website\",\"url\":\"https:\\\/\\\/www.monaco-tribune.com\\\/en\\\/\",\"name\":\"Monaco Tribune\",\"description\":\"Monaco : actualit\u00e9s \u00e9conomiques, politiques, culturelles et sportives de Monaco et de la French Riviera.\",\"publisher\":{\"@id\":\"https:\\\/\\\/www.monaco-tribune.com\\\/en\\\/#organization\"},\"potentialAction\":[{\"@type\":\"SearchAction\",\"target\":{\"@type\":\"EntryPoint\",\"urlTemplate\":\"https:\\\/\\\/www.monaco-tribune.com\\\/en\\\/?s={search_term_string}\"},\"query-input\":{\"@type\":\"PropertyValueSpecification\",\"valueRequired\":true,\"valueName\":\"search_term_string\"}}],\"inLanguage\":\"en-US\"},{\"@type\":\"Organization\",\"@id\":\"https:\\\/\\\/www.monaco-tribune.com\\\/en\\\/#organization\",\"name\":\"Monaco Tribune\",\"url\":\"https:\\\/\\\/www.monaco-tribune.com\\\/en\\\/\",\"logo\":{\"@type\":\"ImageObject\",\"inLanguage\":\"en-US\",\"@id\":\"https:\\\/\\\/www.monaco-tribune.com\\\/en\\\/#\\\/schema\\\/logo\\\/image\\\/\",\"url\":\"https:\\\/\\\/www.monaco-tribune.com\\\/wp-content\\\/uploads\\\/2022\\\/11\\\/logo-monaco-tribune.png\",\"contentUrl\":\"https:\\\/\\\/www.monaco-tribune.com\\\/wp-content\\\/uploads\\\/2022\\\/11\\\/logo-monaco-tribune.png\",\"width\":1548,\"height\":600,\"caption\":\"Monaco Tribune\"},\"image\":{\"@id\":\"https:\\\/\\\/www.monaco-tribune.com\\\/en\\\/#\\\/schema\\\/logo\\\/image\\\/\"},\"sameAs\":[\"https:\\\/\\\/www.facebook.com\\\/MonacoTribune\",\"https:\\\/\\\/x.com\\\/MonacoTribune\",\"https:\\\/\\\/www.instagram.com\\\/monacotribune\\\/\",\"https:\\\/\\\/www.linkedin.com\\\/company\\\/monaco-tribune\",\"https:\\\/\\\/www.youtube.com\\\/channel\\\/UCHle1MnG6hw1y4lWKijVbMA\"]},{\"@type\":\"Person\",\"@id\":\"https:\\\/\\\/www.monaco-tribune.com\\\/en\\\/#\\\/schema\\\/person\\\/8f6ed8c063276e2397589eda5b7a2f2d\",\"name\":\"Monaco Tribune\",\"image\":{\"@type\":\"ImageObject\",\"inLanguage\":\"en-US\",\"@id\":\"https:\\\/\\\/secure.gravatar.com\\\/avatar\\\/3010e6c5d6c8056ec1c25228fe68ea089879e5ae0de884e0247744ee988aaf6a?s=96&d=mm&r=g\",\"url\":\"https:\\\/\\\/secure.gravatar.com\\\/avatar\\\/3010e6c5d6c8056ec1c25228fe68ea089879e5ae0de884e0247744ee988aaf6a?s=96&d=mm&r=g\",\"contentUrl\":\"https:\\\/\\\/secure.gravatar.com\\\/avatar\\\/3010e6c5d6c8056ec1c25228fe68ea089879e5ae0de884e0247744ee988aaf6a?s=96&d=mm&r=g\",\"caption\":\"Monaco Tribune\"},\"url\":\"https:\\\/\\\/www.monaco-tribune.com\\\/en\\\/author\\\/monaco-tribune\\\/\"}]}<\/script>\n<!-- \/ Yoast SEO Premium plugin. -->","yoast_head_json":{"title":"Prince Albert II chooses next head of government","description":"Prince Albert II of Monaco has chosen Pierre Dartout to become the next head of the Prince\u2019s Government, according to Palace representatives. The prefect","robots":{"index":"index","follow":"follow","max-snippet":"max-snippet:-1","max-image-preview":"max-image-preview:large","max-video-preview":"max-video-preview:-1"},"canonical":"https:\/\/www.monaco-tribune.com\/en\/2020\/05\/prince-albert-ii-chooses-next-head-of-government\/","og_locale":"en_US","og_type":"article","og_title":"Prince Albert II chooses next head of government - Monaco Tribune","og_description":"Prince Albert II of Monaco has chosen Pierre Dartout to become the next head of the Prince\u2019s Government, according to Palace representatives. The prefect","og_url":"https:\/\/www.monaco-tribune.com\/en\/2020\/05\/prince-albert-ii-chooses-next-head-of-government\/","og_site_name":"Monaco Tribune","article_publisher":"https:\/\/www.facebook.com\/MonacoTribune","article_published_time":"2020-05-15T15:49:18+00:00","article_modified_time":"2020-05-15T15:50:11+00:00","og_image":[{"width":1470,"height":1411,"url":"https:\/\/www.monaco-tribune.com\/wp-content\/uploads\/2020\/05\/pierre-dartout.jpg","type":"image\/jpeg"}],"author":"Monaco Tribune","twitter_card":"summary_large_image","twitter_creator":"@MonacoTribune","twitter_site":"@MonacoTribune","schema":{"@context":"https:\/\/schema.org","@graph":[{"@type":"NewsArticle","@id":"https:\/\/www.monaco-tribune.com\/en\/2020\/05\/prince-albert-ii-chooses-next-head-of-government\/#article","isPartOf":{"@id":"https:\/\/www.monaco-tribune.com\/en\/2020\/05\/prince-albert-ii-chooses-next-head-of-government\/"},"author":{"name":"Monaco Tribune","@id":"https:\/\/www.monaco-tribune.com\/en\/#\/schema\/person\/8f6ed8c063276e2397589eda5b7a2f2d"},"headline":"Prince Albert II chooses next head of government","datePublished":"2020-05-15T15:49:18+00:00","dateModified":"2020-05-15T15:50:11+00:00","mainEntityOfPage":{"@id":"https:\/\/www.monaco-tribune.com\/en\/2020\/05\/prince-albert-ii-chooses-next-head-of-government\/"},"wordCount":307,"publisher":{"@id":"https:\/\/www.monaco-tribune.com\/en\/#organization"},"image":{"@id":"https:\/\/www.monaco-tribune.com\/en\/2020\/05\/prince-albert-ii-chooses-next-head-of-government\/#primaryimage"},"thumbnailUrl":"https:\/\/www.monaco-tribune.com\/wp-content\/uploads\/2020\/05\/pierre-dartout.jpg","keywords":["Prince Albert II"],"articleSection":["News","Princely Family"],"inLanguage":"en-US","copyrightYear":"2020","copyrightHolder":{"@id":"https:\/\/www.monaco-tribune.com\/#organization"}},{"@type":"WebPage","@id":"https:\/\/www.monaco-tribune.com\/en\/2020\/05\/prince-albert-ii-chooses-next-head-of-government\/","url":"https:\/\/www.monaco-tribune.com\/en\/2020\/05\/prince-albert-ii-chooses-next-head-of-government\/","name":"Prince Albert II chooses next head of government","isPartOf":{"@id":"https:\/\/www.monaco-tribune.com\/en\/#website"},"primaryImageOfPage":{"@id":"https:\/\/www.monaco-tribune.com\/en\/2020\/05\/prince-albert-ii-chooses-next-head-of-government\/#primaryimage"},"image":{"@id":"https:\/\/www.monaco-tribune.com\/en\/2020\/05\/prince-albert-ii-chooses-next-head-of-government\/#primaryimage"},"thumbnailUrl":"https:\/\/www.monaco-tribune.com\/wp-content\/uploads\/2020\/05\/pierre-dartout.jpg","datePublished":"2020-05-15T15:49:18+00:00","dateModified":"2020-05-15T15:50:11+00:00","description":"Prince Albert II of Monaco has chosen Pierre Dartout to become the next head of the Prince\u2019s Government, according to Palace representatives. The prefect","breadcrumb":{"@id":"https:\/\/www.monaco-tribune.com\/en\/2020\/05\/prince-albert-ii-chooses-next-head-of-government\/#breadcrumb"},"inLanguage":"en-US","potentialAction":[{"@type":"ReadAction","target":["https:\/\/www.monaco-tribune.com\/en\/2020\/05\/prince-albert-ii-chooses-next-head-of-government\/"]}]},{"@type":"ImageObject","inLanguage":"en-US","@id":"https:\/\/www.monaco-tribune.com\/en\/2020\/05\/prince-albert-ii-chooses-next-head-of-government\/#primaryimage","url":"https:\/\/www.monaco-tribune.com\/wp-content\/uploads\/2020\/05\/pierre-dartout.jpg","contentUrl":"https:\/\/www.monaco-tribune.com\/wp-content\/uploads\/2020\/05\/pierre-dartout.jpg","width":1470,"height":1411,"caption":"Prefect of Provence-Alpes-C\u00f4te d\u2019Azur"},{"@type":"BreadcrumbList","@id":"https:\/\/www.monaco-tribune.com\/en\/2020\/05\/prince-albert-ii-chooses-next-head-of-government\/#breadcrumb","itemListElement":[{"@type":"ListItem","position":1,"name":"Accueil","item":"https:\/\/www.monaco-tribune.com\/en\/"},{"@type":"ListItem","position":2,"name":"Prince Albert II chooses next head of government"}]},{"@type":"WebSite","@id":"https:\/\/www.monaco-tribune.com\/en\/#website","url":"https:\/\/www.monaco-tribune.com\/en\/","name":"Monaco Tribune","description":"Monaco : actualit\u00e9s \u00e9conomiques, politiques, culturelles et sportives de Monaco et de la French Riviera.","publisher":{"@id":"https:\/\/www.monaco-tribune.com\/en\/#organization"},"potentialAction":[{"@type":"SearchAction","target":{"@type":"EntryPoint","urlTemplate":"https:\/\/www.monaco-tribune.com\/en\/?s={search_term_string}"},"query-input":{"@type":"PropertyValueSpecification","valueRequired":true,"valueName":"search_term_string"}}],"inLanguage":"en-US"},{"@type":"Organization","@id":"https:\/\/www.monaco-tribune.com\/en\/#organization","name":"Monaco Tribune","url":"https:\/\/www.monaco-tribune.com\/en\/","logo":{"@type":"ImageObject","inLanguage":"en-US","@id":"https:\/\/www.monaco-tribune.com\/en\/#\/schema\/logo\/image\/","url":"https:\/\/www.monaco-tribune.com\/wp-content\/uploads\/2022\/11\/logo-monaco-tribune.png","contentUrl":"https:\/\/www.monaco-tribune.com\/wp-content\/uploads\/2022\/11\/logo-monaco-tribune.png","width":1548,"height":600,"caption":"Monaco Tribune"},"image":{"@id":"https:\/\/www.monaco-tribune.com\/en\/#\/schema\/logo\/image\/"},"sameAs":["https:\/\/www.facebook.com\/MonacoTribune","https:\/\/x.com\/MonacoTribune","https:\/\/www.instagram.com\/monacotribune\/","https:\/\/www.linkedin.com\/company\/monaco-tribune","https:\/\/www.youtube.com\/channel\/UCHle1MnG6hw1y4lWKijVbMA"]},{"@type":"Person","@id":"https:\/\/www.monaco-tribune.com\/en\/#\/schema\/person\/8f6ed8c063276e2397589eda5b7a2f2d","name":"Monaco Tribune","image":{"@type":"ImageObject","inLanguage":"en-US","@id":"https:\/\/secure.gravatar.com\/avatar\/3010e6c5d6c8056ec1c25228fe68ea089879e5ae0de884e0247744ee988aaf6a?s=96&d=mm&r=g","url":"https:\/\/secure.gravatar.com\/avatar\/3010e6c5d6c8056ec1c25228fe68ea089879e5ae0de884e0247744ee988aaf6a?s=96&d=mm&r=g","contentUrl":"https:\/\/secure.gravatar.com\/avatar\/3010e6c5d6c8056ec1c25228fe68ea089879e5ae0de884e0247744ee988aaf6a?s=96&d=mm&r=g","caption":"Monaco Tribune"},"url":"https:\/\/www.monaco-tribune.com\/en\/author\/monaco-tribune\/"}]}},"_links":{"self":[{"href":"https:\/\/www.monaco-tribune.com\/en\/wp-json\/wp\/v2\/posts\/27816","targetHints":{"allow":["GET"]}}],"collection":[{"href":"https:\/\/www.monaco-tribune.com\/en\/wp-json\/wp\/v2\/posts"}],"about":[{"href":"https:\/\/www.monaco-tribune.com\/en\/wp-json\/wp\/v2\/types\/post"}],"author":[{"embeddable":true,"href":"https:\/\/www.monaco-tribune.com\/en\/wp-json\/wp\/v2\/users\/21"}],"replies":[{"embeddable":true,"href":"https:\/\/www.monaco-tribune.com\/en\/wp-json\/wp\/v2\/comments?post=27816"}],"version-history":[{"count":0,"href":"https:\/\/www.monaco-tribune.com\/en\/wp-json\/wp\/v2\/posts\/27816\/revisions"}],"wp:featuredmedia":[{"embeddable":true,"href":"https:\/\/www.monaco-tribune.com\/en\/wp-json\/wp\/v2\/media\/27808"}],"wp:attachment":[{"href":"https:\/\/www.monaco-tribune.com\/en\/wp-json\/wp\/v2\/media?parent=27816"}],"wp:term":[{"taxonomy":"category","embeddable":true,"href":"https:\/\/www.monaco-tribune.com\/en\/wp-json\/wp\/v2\/categories?post=27816"},{"taxonomy":"post_tag","embeddable":true,"href":"https:\/\/www.monaco-tribune.com\/en\/wp-json\/wp\/v2\/tags?post=27816"},{"taxonomy":"sectag","embeddable":true,"href":"https:\/\/www.monaco-tribune.com\/en\/wp-json\/wp\/v2\/post_sectags?post=27816"},{"taxonomy":"format","embeddable":true,"href":"https:\/\/www.monaco-tribune.com\/en\/wp-json\/wp\/v2\/post_format?post=27816"}],"curies":[{"name":"wp","href":"https:\/\/api.w.org\/{rel}","templated":true}]}}