{"id":27956,"date":"2020-05-18T20:47:22","date_gmt":"2020-05-18T18:47:22","guid":{"rendered":"https:\/\/www.monaco-tribune.com\/2020\/05\/these-f1-drivers-left-their-mark-on-monaco-grand-prix\/"},"modified":"2020-05-18T20:56:17","modified_gmt":"2020-05-18T18:56:17","slug":"these-f1-drivers-left-their-mark-on-monaco-grand-prix","status":"publish","type":"post","link":"https:\/\/www.monaco-tribune.com\/en\/2020\/05\/these-f1-drivers-left-their-mark-on-monaco-grand-prix\/","title":{"rendered":"These F1 drivers left their mark on Monaco Grand Prix"},"content":{"rendered":"<p><strong>While the 78th edition of the Monaco Grand Prix was set to take place between 21st and 24th May, the legendary Monaco track will remain empty this year. Instead, Monaco Tribune decided to look back on the drivers who have made the most significant impression on the most demanding F1 GP in the world. From Ayrton Senna to Lewis Hamilton, Alain Prost to Schumacher, many of the world&#8217;s top drivers have made their mark on the Rock.<\/strong><\/p>\n<h3 style=\"text-align: center;\"><strong>Ayrton Senna <\/strong><\/h3>\n<p>How could he go unmentioned? His list of accomplishments truly speaks for itself. Six times winner on the Rock (1987, 1989-1993), Ayrton Senna was the master of the Monaco GP circuit, reputed to be the most demanding in the world. It was here in the Principality that the Brazilian driver came into the limelight through not only his first F1 win but also during his first-ever F1 season. Senna gained his first Grand Prix pole position driving at the wheel of a Toleman-Hart and catching up to a certain Alain Prost, winner of the GP that year. Despite being called off by the rain, this GP would mark the beginning of a rivalry that became one of the most well-known in motorsports. In 1994, the man considered one of the greatest F1 drivers in history sadly died in an accident at the San Marino Grand Prix. His name lives on, forever engraved in the Monaco GP record of achievements.<\/p>\n<blockquote class=\"twitter-tweet\" data-width=\"500\" data-dnt=\"true\">\n<p lang=\"en\" dir=\"ltr\">On May 18, 1985, exactly 35 years ago, Ayrton Senna secured his third pole in Formula One, this time at the legendary Monaco track. Take a look back at the Brazilian&#39;s first pole position in the Principality. <a href=\"https:\/\/t.co\/4Acw2zcG8b\">https:\/\/t.co\/4Acw2zcG8b<\/a> <a href=\"https:\/\/twitter.com\/hashtag\/SennaSempre?src=hash&amp;ref_src=twsrc%5Etfw\">#SennaSempre<\/a><\/p>\n<p>&mdash; Ayrton Senna (@ayrtonsenna) <a href=\"https:\/\/twitter.com\/ayrtonsenna\/status\/1262369002434723843?ref_src=twsrc%5Etfw\">May 18, 2020<\/a><\/p><\/blockquote>\n<p><script async src=\"https:\/\/platform.twitter.com\/widgets.js\" charset=\"utf-8\"><\/script><\/p>\n<h3 style=\"text-align: center;\"><strong>Alain Prost<\/strong><\/h3>\n<p>\u201cThe Professor\u201d, nicknamed as such for his intellectual approach to racing, has undoubtedly left his mark on the Principality. During a rivalry which spanned close to a decade, Prost and Senna took podium positions every year in Monaco, giving the crowds unforgettable battles on the track. A four-time winner (1984-6, 1988), the French driver loved whizzing around the Rock\u2019s steep and winding streets, a GP which he considered \u201ctruly magic\u201d and \u201capart\u201d from the rest of the F1 season.<\/p>\n<blockquote class=\"twitter-tweet\" data-width=\"500\" data-dnt=\"true\">\n<p lang=\"en\" dir=\"ltr\">I will always remember this day! 24 years ago I can\u2019t believe. <a href=\"https:\/\/t.co\/r4kpPNPAsD\">pic.twitter.com\/r4kpPNPAsD<\/a><\/p>\n<p>&mdash; Alain Prost (@Prost_official) <a href=\"https:\/\/twitter.com\/Prost_official\/status\/991251293627969536?ref_src=twsrc%5Etfw\">May 1, 2018<\/a><\/p><\/blockquote>\n<p><script async src=\"https:\/\/platform.twitter.com\/widgets.js\" charset=\"utf-8\"><\/script><\/p>\n<h3 style=\"text-align: center;\"><strong>Graham Hill<\/strong><\/h3>\n<p>This great name in racing stems from a different era altogether. It was a different F1, one which was significantly more demanding and dangerous. At the wheel of a BRM, and then Lotus, the British driver was on a first-name basis with the F1\u2019s bends, winning no less than five titles in Monaco (1963-5, 1968-9). Hill was the longest-serving winner on the Rock, but has since been joined by Michael Schumacher and then overtaken by Senna. The London-born driver is symbolic of F1 during the 1960s, the only person in history to have won the Triple Crown at the most prestigious motorsports events of the year: Le Mans 24 Hours, the Indianapolis 500 and the Monaco Grand Prix.<\/p>\n<blockquote class=\"twitter-tweet\" data-width=\"500\" data-dnt=\"true\">\n<p lang=\"en\" dir=\"ltr\">On this day, Graham Hill won the <a href=\"https:\/\/twitter.com\/hashtag\/MonacoGP?src=hash&amp;ref_src=twsrc%5Etfw\">#MonacoGP<\/a> for a fifth time with victory in 1969.<\/p>\n<p>Only Ayrton Senna (6) has won the iconic race more times than him. <a href=\"https:\/\/twitter.com\/hashtag\/F1?src=hash&amp;ref_src=twsrc%5Etfw\">#F1<\/a> <a href=\"https:\/\/t.co\/iKgYGdvlDH\">pic.twitter.com\/iKgYGdvlDH<\/a><\/p>\n<p>&mdash; PlanetF1 (@Planet_F1) <a href=\"https:\/\/twitter.com\/Planet_F1\/status\/1262360232669392896?ref_src=twsrc%5Etfw\">May 18, 2020<\/a><\/p><\/blockquote>\n<p><script async src=\"https:\/\/platform.twitter.com\/widgets.js\" charset=\"utf-8\"><\/script><\/p>\n<h3 style=\"text-align: center;\"><strong>Michael Schumacher<\/strong><\/h3>\n<p>A part of this legend\u2019s heart will always lie in the Principality, having one the Monaco GP five times (1994-5, 1997, 1999, 2001). Sadly these successes were once tarnished by an unsportsmanlike show in 2006, where he was found to have intentionally ruined a lap at the La Rascasse bend to prevent his main rival Fernando Alonso from completing his lap and thus initially beating him on a technicality. After more than seven hours of deliberation, the race stewards found Schumacher guilty of \u201cdeliberate stopping his car on the track when he had the best time.\u201d It was a mistake which left a cloud hanging over the GP that year, but today it is his five victories which above all stay etched in our memory.<\/p>\n<p>https:\/\/twitter.com\/1990sF1\/status\/1262396284058718216?s=20<\/p>\n<h3 style=\"text-align: center;\"><strong>Lewis Hamilton<\/strong><\/h3>\n<p>In more recent F1 history, Hamilton stands alongside Rosberg as the undisputed master of this circuit. Driving under the auspices of McLaren, with which he won his six world champion titles, or with the undefeated Mercedes, with which he has dominated F1 for almost a decade, he has won three Monaco GP titles (2008, 2016, 2019). The reigning champion did have to wait eight years between his first win in the Principality and his second, which coincided with his first season at Mercedes. If he decides to continue his career, he could add a few Monaco podiums to his already impressive record as holding the most F1 pole positions. Perhaps he could join Senna with his six victories at the top of the rankings of Monaco\u2019s best drivers?<\/p>\n<blockquote class=\"twitter-tweet\" data-width=\"500\" data-dnt=\"true\">\n<p lang=\"en\" dir=\"ltr\">Who else can&#39;t wait for the season to start again? \ud83d\ude4f\ud83c\udffe <a href=\"https:\/\/t.co\/JbBqAoOQea\">https:\/\/t.co\/JbBqAoOQea<\/a><\/p>\n<p>&mdash; Lewis Hamilton (@LewisHamilton) <a href=\"https:\/\/twitter.com\/LewisHamilton\/status\/1247147805581418496?ref_src=twsrc%5Etfw\">April 6, 2020<\/a><\/p><\/blockquote>\n<p><script async src=\"https:\/\/platform.twitter.com\/widgets.js\" charset=\"utf-8\"><\/script><\/p>\n<h3 style=\"text-align: center;\"><strong>Nico Rosberg<\/strong><\/h3>\n<p>If Lewis Hamilton hasn\u2019t won more titles at Monaco, it\u2019s because Nico Rosberg has already made the Principality\u2019s track his own for the past three years. Winning 2013-5, the driver feels at home on the Principality\u2019s urban circuit, never hiding the fact that \u201cthe Monaco GP has a great place in my heart. I know all the bends by heart, ever since I went to school here.\u201d He is considered a local hero, the German national even having driven HSH Prince Albert II around the 3.3km track in 2016, in a 1955 Mercedes-Benz 300 SL Gullwing.<\/p>\n<blockquote class=\"twitter-tweet\" data-width=\"500\" data-dnt=\"true\">\n<p lang=\"fr\" dir=\"ltr\">Rencontre entre S.A.S. Le Prince Albert II de Monaco &amp; @nico_rosberg \u00e0 bord de la <a href=\"https:\/\/twitter.com\/Jaguar?ref_src=twsrc%5Etfw\">@Jaguar<\/a> I-Pace. <a href=\"https:\/\/twitter.com\/hashtag\/MonacoEPrix?src=hash&amp;ref_src=twsrc%5Etfw\">#MonacoEPrix<\/a> <a href=\"https:\/\/t.co\/cVsylLeweZ\">pic.twitter.com\/cVsylLeweZ<\/a><\/p>\n<p>&mdash; Automobile Club de Monaco (@ACM_Media) <a href=\"https:\/\/twitter.com\/ACM_Media\/status\/1127120923184832513?ref_src=twsrc%5Etfw\">May 11, 2019<\/a><\/p><\/blockquote>\n<p><script async src=\"https:\/\/platform.twitter.com\/widgets.js\" charset=\"utf-8\"><\/script><\/p>\n<h3 style=\"text-align: center;\"><strong>Olivier Panis<\/strong><\/h3>\n<p>Words cannot describe the French driver\u2019s performance in 1996. Memorable, unforgettable, perhaps inexplicable. Starting in 14th position, at the wheel of his Ligier, the driver made the most natural comeback of all time in Monaco. In a race which saw the fewest finishes in history, the wet track causing all but three to drop out, Panis now sits amongst the closed circle of drivers who have defeated the Principality\u2019s winding circuit.<\/p>\n<blockquote class=\"twitter-tweet\" data-width=\"500\" data-dnt=\"true\">\n<p lang=\"fr\" dir=\"ltr\">\ud83d\udc4f Bravo \u00e0 tous ceux qui ont trouv\u00e9 Olivier Panis ! Le Lyonnais (pass\u00e9 par Ligier, Prost, BAR et Toyota) reste le dernier Fran\u00e7ais \u00e0 s&#39;\u00eatre impos\u00e9 en F1 (Monaco, 1996) \ud83c\udfc6<\/p>\n<p>Qui prendra la rel\u00e8ve ? \ud83c\uddeb\ud83c\uddf7<a href=\"https:\/\/twitter.com\/hashtag\/F1?src=hash&amp;ref_src=twsrc%5Etfw\">#F1<\/a> <a href=\"https:\/\/t.co\/B04QDVlhLc\">https:\/\/t.co\/B04QDVlhLc<\/a><\/p>\n<p>&mdash; Turn One #JapaneseGP \ud83c\uddef\ud83c\uddf5 (@Turn_OneF1) <a href=\"https:\/\/twitter.com\/Turn_OneF1\/status\/1257611389419610113?ref_src=twsrc%5Etfw\">May 5, 2020<\/a><\/p><\/blockquote>\n<p><script async src=\"https:\/\/platform.twitter.com\/widgets.js\" charset=\"utf-8\"><\/script><\/p>\n","protected":false},"excerpt":{"rendered":"<p>While the 78th edition of the Monaco Grand Prix was set to take place between 21st and 24th May, the [&hellip;]<\/p>\n","protected":false},"author":24,"featured_media":27653,"comment_status":"closed","ping_status":"open","sticky":false,"template":"","format":"standard","meta":{"_acf_changed":false,"footnotes":""},"categories":[243,257],"tags":[3951],"post_sectags":[],"post_format":[2468],"class_list":["post-27956","post","type-post","status-publish","format-standard","has-post-thumbnail","hentry","category-news","category-sports-en","tag-monaco-grand-prix-en","format-story"],"acf":[],"yoast_head":"<!-- This site is optimized with the Yoast SEO Premium plugin v27.5 (Yoast SEO v27.5) - https:\/\/yoast.com\/product\/yoast-seo-premium-wordpress\/ -->\n<title>These F1 drivers left their mark on Monaco Grand Prix<\/title>\n<meta name=\"description\" content=\"While the 78th edition of the Monaco Grand Prix was set to take place between 21st and 24th May, the legendary Monaco track will remain empty this year.\" \/>\n<meta name=\"robots\" content=\"index, follow, max-snippet:-1, max-image-preview:large, max-video-preview:-1\" \/>\n<link rel=\"canonical\" href=\"https:\/\/www.monaco-tribune.com\/en\/2020\/05\/these-f1-drivers-left-their-mark-on-monaco-grand-prix\/\" \/>\n<meta property=\"og:locale\" content=\"en_US\" \/>\n<meta property=\"og:type\" content=\"article\" \/>\n<meta property=\"og:title\" content=\"These F1 drivers left their mark on Monaco Grand Prix - Monaco Tribune\" \/>\n<meta property=\"og:description\" content=\"While the 78th edition of the Monaco Grand Prix was set to take place between 21st and 24th May, the legendary Monaco track will remain empty this year.\" \/>\n<meta property=\"og:url\" content=\"https:\/\/www.monaco-tribune.com\/en\/2020\/05\/these-f1-drivers-left-their-mark-on-monaco-grand-prix\/\" \/>\n<meta property=\"og:site_name\" content=\"Monaco Tribune\" \/>\n<meta property=\"article:publisher\" content=\"https:\/\/www.facebook.com\/MonacoTribune\" \/>\n<meta property=\"article:published_time\" content=\"2020-05-18T18:47:22+00:00\" \/>\n<meta property=\"article:modified_time\" content=\"2020-05-18T18:56:17+00:00\" \/>\n<meta property=\"og:image\" content=\"https:\/\/www.monaco-tribune.com\/wp-content\/uploads\/2020\/05\/ils-ont-marque\u0301-lhistoire-du-gp-de-monaco.jpg\" \/>\n\t<meta property=\"og:image:width\" content=\"1920\" \/>\n\t<meta property=\"og:image:height\" content=\"1200\" \/>\n\t<meta property=\"og:image:type\" content=\"image\/jpeg\" \/>\n<meta name=\"author\" content=\"Romain Boisaubert\" \/>\n<meta name=\"twitter:card\" content=\"summary_large_image\" \/>\n<meta name=\"twitter:creator\" content=\"@MonacoTribune\" \/>\n<meta name=\"twitter:site\" content=\"@MonacoTribune\" \/>\n<script type=\"application\/ld+json\" class=\"yoast-schema-graph\">{\"@context\":\"https:\\\/\\\/schema.org\",\"@graph\":[{\"@type\":\"NewsArticle\",\"@id\":\"https:\\\/\\\/www.monaco-tribune.com\\\/en\\\/2020\\\/05\\\/these-f1-drivers-left-their-mark-on-monaco-grand-prix\\\/#article\",\"isPartOf\":{\"@id\":\"https:\\\/\\\/www.monaco-tribune.com\\\/en\\\/2020\\\/05\\\/these-f1-drivers-left-their-mark-on-monaco-grand-prix\\\/\"},\"author\":{\"name\":\"Romain Boisaubert\",\"@id\":\"https:\\\/\\\/www.monaco-tribune.com\\\/en\\\/#\\\/schema\\\/person\\\/330a3732947cf8cb41b2533a0eadd62e\"},\"headline\":\"These F1 drivers left their mark on Monaco Grand Prix\",\"datePublished\":\"2020-05-18T18:47:22+00:00\",\"dateModified\":\"2020-05-18T18:56:17+00:00\",\"mainEntityOfPage\":{\"@id\":\"https:\\\/\\\/www.monaco-tribune.com\\\/en\\\/2020\\\/05\\\/these-f1-drivers-left-their-mark-on-monaco-grand-prix\\\/\"},\"wordCount\":918,\"publisher\":{\"@id\":\"https:\\\/\\\/www.monaco-tribune.com\\\/en\\\/#organization\"},\"image\":{\"@id\":\"https:\\\/\\\/www.monaco-tribune.com\\\/en\\\/2020\\\/05\\\/these-f1-drivers-left-their-mark-on-monaco-grand-prix\\\/#primaryimage\"},\"thumbnailUrl\":\"https:\\\/\\\/www.monaco-tribune.com\\\/wp-content\\\/uploads\\\/2020\\\/05\\\/ils-ont-marque\u0301-lhistoire-du-gp-de-monaco.jpg\",\"keywords\":[\"Monaco Grand Prix\"],\"articleSection\":[\"News\",\"Sports\"],\"inLanguage\":\"en-US\",\"copyrightYear\":\"2020\",\"copyrightHolder\":{\"@id\":\"https:\\\/\\\/www.monaco-tribune.com\\\/#organization\"}},{\"@type\":\"WebPage\",\"@id\":\"https:\\\/\\\/www.monaco-tribune.com\\\/en\\\/2020\\\/05\\\/these-f1-drivers-left-their-mark-on-monaco-grand-prix\\\/\",\"url\":\"https:\\\/\\\/www.monaco-tribune.com\\\/en\\\/2020\\\/05\\\/these-f1-drivers-left-their-mark-on-monaco-grand-prix\\\/\",\"name\":\"These F1 drivers left their mark on Monaco Grand Prix\",\"isPartOf\":{\"@id\":\"https:\\\/\\\/www.monaco-tribune.com\\\/en\\\/#website\"},\"primaryImageOfPage\":{\"@id\":\"https:\\\/\\\/www.monaco-tribune.com\\\/en\\\/2020\\\/05\\\/these-f1-drivers-left-their-mark-on-monaco-grand-prix\\\/#primaryimage\"},\"image\":{\"@id\":\"https:\\\/\\\/www.monaco-tribune.com\\\/en\\\/2020\\\/05\\\/these-f1-drivers-left-their-mark-on-monaco-grand-prix\\\/#primaryimage\"},\"thumbnailUrl\":\"https:\\\/\\\/www.monaco-tribune.com\\\/wp-content\\\/uploads\\\/2020\\\/05\\\/ils-ont-marque\u0301-lhistoire-du-gp-de-monaco.jpg\",\"datePublished\":\"2020-05-18T18:47:22+00:00\",\"dateModified\":\"2020-05-18T18:56:17+00:00\",\"description\":\"While the 78th edition of the Monaco Grand Prix was set to take place between 21st and 24th May, the legendary Monaco track will remain empty this year.\",\"breadcrumb\":{\"@id\":\"https:\\\/\\\/www.monaco-tribune.com\\\/en\\\/2020\\\/05\\\/these-f1-drivers-left-their-mark-on-monaco-grand-prix\\\/#breadcrumb\"},\"inLanguage\":\"en-US\",\"potentialAction\":[{\"@type\":\"ReadAction\",\"target\":[\"https:\\\/\\\/www.monaco-tribune.com\\\/en\\\/2020\\\/05\\\/these-f1-drivers-left-their-mark-on-monaco-grand-prix\\\/\"]}]},{\"@type\":\"ImageObject\",\"inLanguage\":\"en-US\",\"@id\":\"https:\\\/\\\/www.monaco-tribune.com\\\/en\\\/2020\\\/05\\\/these-f1-drivers-left-their-mark-on-monaco-grand-prix\\\/#primaryimage\",\"url\":\"https:\\\/\\\/www.monaco-tribune.com\\\/wp-content\\\/uploads\\\/2020\\\/05\\\/ils-ont-marque\u0301-lhistoire-du-gp-de-monaco.jpg\",\"contentUrl\":\"https:\\\/\\\/www.monaco-tribune.com\\\/wp-content\\\/uploads\\\/2020\\\/05\\\/ils-ont-marque\u0301-lhistoire-du-gp-de-monaco.jpg\",\"width\":1920,\"height\":1200,\"caption\":\"Formula 1 Grand Prix Monaco\"},{\"@type\":\"BreadcrumbList\",\"@id\":\"https:\\\/\\\/www.monaco-tribune.com\\\/en\\\/2020\\\/05\\\/these-f1-drivers-left-their-mark-on-monaco-grand-prix\\\/#breadcrumb\",\"itemListElement\":[{\"@type\":\"ListItem\",\"position\":1,\"name\":\"Accueil\",\"item\":\"https:\\\/\\\/www.monaco-tribune.com\\\/en\\\/\"},{\"@type\":\"ListItem\",\"position\":2,\"name\":\"These F1 drivers left their mark on Monaco Grand Prix\"}]},{\"@type\":\"WebSite\",\"@id\":\"https:\\\/\\\/www.monaco-tribune.com\\\/en\\\/#website\",\"url\":\"https:\\\/\\\/www.monaco-tribune.com\\\/en\\\/\",\"name\":\"Monaco Tribune\",\"description\":\"Monaco : actualit\u00e9s \u00e9conomiques, politiques, culturelles et sportives de Monaco et de la French Riviera.\",\"publisher\":{\"@id\":\"https:\\\/\\\/www.monaco-tribune.com\\\/en\\\/#organization\"},\"potentialAction\":[{\"@type\":\"SearchAction\",\"target\":{\"@type\":\"EntryPoint\",\"urlTemplate\":\"https:\\\/\\\/www.monaco-tribune.com\\\/en\\\/?s={search_term_string}\"},\"query-input\":{\"@type\":\"PropertyValueSpecification\",\"valueRequired\":true,\"valueName\":\"search_term_string\"}}],\"inLanguage\":\"en-US\"},{\"@type\":\"Organization\",\"@id\":\"https:\\\/\\\/www.monaco-tribune.com\\\/en\\\/#organization\",\"name\":\"Monaco Tribune\",\"url\":\"https:\\\/\\\/www.monaco-tribune.com\\\/en\\\/\",\"logo\":{\"@type\":\"ImageObject\",\"inLanguage\":\"en-US\",\"@id\":\"https:\\\/\\\/www.monaco-tribune.com\\\/en\\\/#\\\/schema\\\/logo\\\/image\\\/\",\"url\":\"https:\\\/\\\/www.monaco-tribune.com\\\/wp-content\\\/uploads\\\/2022\\\/11\\\/logo-monaco-tribune.png\",\"contentUrl\":\"https:\\\/\\\/www.monaco-tribune.com\\\/wp-content\\\/uploads\\\/2022\\\/11\\\/logo-monaco-tribune.png\",\"width\":1548,\"height\":600,\"caption\":\"Monaco Tribune\"},\"image\":{\"@id\":\"https:\\\/\\\/www.monaco-tribune.com\\\/en\\\/#\\\/schema\\\/logo\\\/image\\\/\"},\"sameAs\":[\"https:\\\/\\\/www.facebook.com\\\/MonacoTribune\",\"https:\\\/\\\/x.com\\\/MonacoTribune\",\"https:\\\/\\\/www.instagram.com\\\/monacotribune\\\/\",\"https:\\\/\\\/www.linkedin.com\\\/company\\\/monaco-tribune\",\"https:\\\/\\\/www.youtube.com\\\/channel\\\/UCHle1MnG6hw1y4lWKijVbMA\"]},{\"@type\":\"Person\",\"@id\":\"https:\\\/\\\/www.monaco-tribune.com\\\/en\\\/#\\\/schema\\\/person\\\/330a3732947cf8cb41b2533a0eadd62e\",\"name\":\"Romain Boisaubert\",\"image\":{\"@type\":\"ImageObject\",\"inLanguage\":\"en-US\",\"@id\":\"https:\\\/\\\/secure.gravatar.com\\\/avatar\\\/f8b90d41f1eabd1cbe4cf59e09d8db41a697d51919bf2dfe727589a24a4a4d54?s=96&d=mm&r=g\",\"url\":\"https:\\\/\\\/secure.gravatar.com\\\/avatar\\\/f8b90d41f1eabd1cbe4cf59e09d8db41a697d51919bf2dfe727589a24a4a4d54?s=96&d=mm&r=g\",\"contentUrl\":\"https:\\\/\\\/secure.gravatar.com\\\/avatar\\\/f8b90d41f1eabd1cbe4cf59e09d8db41a697d51919bf2dfe727589a24a4a4d54?s=96&d=mm&r=g\",\"caption\":\"Romain Boisaubert\"},\"description\":\"Test bio\",\"url\":\"https:\\\/\\\/www.monaco-tribune.com\\\/en\\\/author\\\/romain-boisaubert\\\/\"}]}<\/script>\n<!-- \/ Yoast SEO Premium plugin. -->","yoast_head_json":{"title":"These F1 drivers left their mark on Monaco Grand Prix","description":"While the 78th edition of the Monaco Grand Prix was set to take place between 21st and 24th May, the legendary Monaco track will remain empty this year.","robots":{"index":"index","follow":"follow","max-snippet":"max-snippet:-1","max-image-preview":"max-image-preview:large","max-video-preview":"max-video-preview:-1"},"canonical":"https:\/\/www.monaco-tribune.com\/en\/2020\/05\/these-f1-drivers-left-their-mark-on-monaco-grand-prix\/","og_locale":"en_US","og_type":"article","og_title":"These F1 drivers left their mark on Monaco Grand Prix - Monaco Tribune","og_description":"While the 78th edition of the Monaco Grand Prix was set to take place between 21st and 24th May, the legendary Monaco track will remain empty this year.","og_url":"https:\/\/www.monaco-tribune.com\/en\/2020\/05\/these-f1-drivers-left-their-mark-on-monaco-grand-prix\/","og_site_name":"Monaco Tribune","article_publisher":"https:\/\/www.facebook.com\/MonacoTribune","article_published_time":"2020-05-18T18:47:22+00:00","article_modified_time":"2020-05-18T18:56:17+00:00","og_image":[{"width":1920,"height":1200,"url":"https:\/\/www.monaco-tribune.com\/wp-content\/uploads\/2020\/05\/ils-ont-marque\u0301-lhistoire-du-gp-de-monaco.jpg","type":"image\/jpeg"}],"author":"Romain Boisaubert","twitter_card":"summary_large_image","twitter_creator":"@MonacoTribune","twitter_site":"@MonacoTribune","schema":{"@context":"https:\/\/schema.org","@graph":[{"@type":"NewsArticle","@id":"https:\/\/www.monaco-tribune.com\/en\/2020\/05\/these-f1-drivers-left-their-mark-on-monaco-grand-prix\/#article","isPartOf":{"@id":"https:\/\/www.monaco-tribune.com\/en\/2020\/05\/these-f1-drivers-left-their-mark-on-monaco-grand-prix\/"},"author":{"name":"Romain Boisaubert","@id":"https:\/\/www.monaco-tribune.com\/en\/#\/schema\/person\/330a3732947cf8cb41b2533a0eadd62e"},"headline":"These F1 drivers left their mark on Monaco Grand Prix","datePublished":"2020-05-18T18:47:22+00:00","dateModified":"2020-05-18T18:56:17+00:00","mainEntityOfPage":{"@id":"https:\/\/www.monaco-tribune.com\/en\/2020\/05\/these-f1-drivers-left-their-mark-on-monaco-grand-prix\/"},"wordCount":918,"publisher":{"@id":"https:\/\/www.monaco-tribune.com\/en\/#organization"},"image":{"@id":"https:\/\/www.monaco-tribune.com\/en\/2020\/05\/these-f1-drivers-left-their-mark-on-monaco-grand-prix\/#primaryimage"},"thumbnailUrl":"https:\/\/www.monaco-tribune.com\/wp-content\/uploads\/2020\/05\/ils-ont-marque\u0301-lhistoire-du-gp-de-monaco.jpg","keywords":["Monaco Grand Prix"],"articleSection":["News","Sports"],"inLanguage":"en-US","copyrightYear":"2020","copyrightHolder":{"@id":"https:\/\/www.monaco-tribune.com\/#organization"}},{"@type":"WebPage","@id":"https:\/\/www.monaco-tribune.com\/en\/2020\/05\/these-f1-drivers-left-their-mark-on-monaco-grand-prix\/","url":"https:\/\/www.monaco-tribune.com\/en\/2020\/05\/these-f1-drivers-left-their-mark-on-monaco-grand-prix\/","name":"These F1 drivers left their mark on Monaco Grand Prix","isPartOf":{"@id":"https:\/\/www.monaco-tribune.com\/en\/#website"},"primaryImageOfPage":{"@id":"https:\/\/www.monaco-tribune.com\/en\/2020\/05\/these-f1-drivers-left-their-mark-on-monaco-grand-prix\/#primaryimage"},"image":{"@id":"https:\/\/www.monaco-tribune.com\/en\/2020\/05\/these-f1-drivers-left-their-mark-on-monaco-grand-prix\/#primaryimage"},"thumbnailUrl":"https:\/\/www.monaco-tribune.com\/wp-content\/uploads\/2020\/05\/ils-ont-marque\u0301-lhistoire-du-gp-de-monaco.jpg","datePublished":"2020-05-18T18:47:22+00:00","dateModified":"2020-05-18T18:56:17+00:00","description":"While the 78th edition of the Monaco Grand Prix was set to take place between 21st and 24th May, the legendary Monaco track will remain empty this year.","breadcrumb":{"@id":"https:\/\/www.monaco-tribune.com\/en\/2020\/05\/these-f1-drivers-left-their-mark-on-monaco-grand-prix\/#breadcrumb"},"inLanguage":"en-US","potentialAction":[{"@type":"ReadAction","target":["https:\/\/www.monaco-tribune.com\/en\/2020\/05\/these-f1-drivers-left-their-mark-on-monaco-grand-prix\/"]}]},{"@type":"ImageObject","inLanguage":"en-US","@id":"https:\/\/www.monaco-tribune.com\/en\/2020\/05\/these-f1-drivers-left-their-mark-on-monaco-grand-prix\/#primaryimage","url":"https:\/\/www.monaco-tribune.com\/wp-content\/uploads\/2020\/05\/ils-ont-marque\u0301-lhistoire-du-gp-de-monaco.jpg","contentUrl":"https:\/\/www.monaco-tribune.com\/wp-content\/uploads\/2020\/05\/ils-ont-marque\u0301-lhistoire-du-gp-de-monaco.jpg","width":1920,"height":1200,"caption":"Formula 1 Grand Prix Monaco"},{"@type":"BreadcrumbList","@id":"https:\/\/www.monaco-tribune.com\/en\/2020\/05\/these-f1-drivers-left-their-mark-on-monaco-grand-prix\/#breadcrumb","itemListElement":[{"@type":"ListItem","position":1,"name":"Accueil","item":"https:\/\/www.monaco-tribune.com\/en\/"},{"@type":"ListItem","position":2,"name":"These F1 drivers left their mark on Monaco Grand Prix"}]},{"@type":"WebSite","@id":"https:\/\/www.monaco-tribune.com\/en\/#website","url":"https:\/\/www.monaco-tribune.com\/en\/","name":"Monaco Tribune","description":"Monaco : actualit\u00e9s \u00e9conomiques, politiques, culturelles et sportives de Monaco et de la French Riviera.","publisher":{"@id":"https:\/\/www.monaco-tribune.com\/en\/#organization"},"potentialAction":[{"@type":"SearchAction","target":{"@type":"EntryPoint","urlTemplate":"https:\/\/www.monaco-tribune.com\/en\/?s={search_term_string}"},"query-input":{"@type":"PropertyValueSpecification","valueRequired":true,"valueName":"search_term_string"}}],"inLanguage":"en-US"},{"@type":"Organization","@id":"https:\/\/www.monaco-tribune.com\/en\/#organization","name":"Monaco Tribune","url":"https:\/\/www.monaco-tribune.com\/en\/","logo":{"@type":"ImageObject","inLanguage":"en-US","@id":"https:\/\/www.monaco-tribune.com\/en\/#\/schema\/logo\/image\/","url":"https:\/\/www.monaco-tribune.com\/wp-content\/uploads\/2022\/11\/logo-monaco-tribune.png","contentUrl":"https:\/\/www.monaco-tribune.com\/wp-content\/uploads\/2022\/11\/logo-monaco-tribune.png","width":1548,"height":600,"caption":"Monaco Tribune"},"image":{"@id":"https:\/\/www.monaco-tribune.com\/en\/#\/schema\/logo\/image\/"},"sameAs":["https:\/\/www.facebook.com\/MonacoTribune","https:\/\/x.com\/MonacoTribune","https:\/\/www.instagram.com\/monacotribune\/","https:\/\/www.linkedin.com\/company\/monaco-tribune","https:\/\/www.youtube.com\/channel\/UCHle1MnG6hw1y4lWKijVbMA"]},{"@type":"Person","@id":"https:\/\/www.monaco-tribune.com\/en\/#\/schema\/person\/330a3732947cf8cb41b2533a0eadd62e","name":"Romain Boisaubert","image":{"@type":"ImageObject","inLanguage":"en-US","@id":"https:\/\/secure.gravatar.com\/avatar\/f8b90d41f1eabd1cbe4cf59e09d8db41a697d51919bf2dfe727589a24a4a4d54?s=96&d=mm&r=g","url":"https:\/\/secure.gravatar.com\/avatar\/f8b90d41f1eabd1cbe4cf59e09d8db41a697d51919bf2dfe727589a24a4a4d54?s=96&d=mm&r=g","contentUrl":"https:\/\/secure.gravatar.com\/avatar\/f8b90d41f1eabd1cbe4cf59e09d8db41a697d51919bf2dfe727589a24a4a4d54?s=96&d=mm&r=g","caption":"Romain Boisaubert"},"description":"Test bio","url":"https:\/\/www.monaco-tribune.com\/en\/author\/romain-boisaubert\/"}]}},"_links":{"self":[{"href":"https:\/\/www.monaco-tribune.com\/en\/wp-json\/wp\/v2\/posts\/27956","targetHints":{"allow":["GET"]}}],"collection":[{"href":"https:\/\/www.monaco-tribune.com\/en\/wp-json\/wp\/v2\/posts"}],"about":[{"href":"https:\/\/www.monaco-tribune.com\/en\/wp-json\/wp\/v2\/types\/post"}],"author":[{"embeddable":true,"href":"https:\/\/www.monaco-tribune.com\/en\/wp-json\/wp\/v2\/users\/24"}],"replies":[{"embeddable":true,"href":"https:\/\/www.monaco-tribune.com\/en\/wp-json\/wp\/v2\/comments?post=27956"}],"version-history":[{"count":0,"href":"https:\/\/www.monaco-tribune.com\/en\/wp-json\/wp\/v2\/posts\/27956\/revisions"}],"wp:featuredmedia":[{"embeddable":true,"href":"https:\/\/www.monaco-tribune.com\/en\/wp-json\/wp\/v2\/media\/27653"}],"wp:attachment":[{"href":"https:\/\/www.monaco-tribune.com\/en\/wp-json\/wp\/v2\/media?parent=27956"}],"wp:term":[{"taxonomy":"category","embeddable":true,"href":"https:\/\/www.monaco-tribune.com\/en\/wp-json\/wp\/v2\/categories?post=27956"},{"taxonomy":"post_tag","embeddable":true,"href":"https:\/\/www.monaco-tribune.com\/en\/wp-json\/wp\/v2\/tags?post=27956"},{"taxonomy":"sectag","embeddable":true,"href":"https:\/\/www.monaco-tribune.com\/en\/wp-json\/wp\/v2\/post_sectags?post=27956"},{"taxonomy":"format","embeddable":true,"href":"https:\/\/www.monaco-tribune.com\/en\/wp-json\/wp\/v2\/post_format?post=27956"}],"curies":[{"name":"wp","href":"https:\/\/api.w.org\/{rel}","templated":true}]}}