{"id":280400,"date":"2025-03-05T19:17:53","date_gmt":"2025-03-05T17:17:53","guid":{"rendered":"https:\/\/www.monaco-tribune.com\/2025\/03\/a-unique-concept-that-is-the-pride-of-monaco-5-takeaways-about-plans-for-la-condamine-market\/"},"modified":"2025-03-06T15:46:12","modified_gmt":"2025-03-06T13:46:12","slug":"a-unique-concept-that-is-the-pride-of-monaco-5-takeaways-about-plans-for-la-condamine-market","status":"publish","type":"post","link":"https:\/\/www.monaco-tribune.com\/en\/2025\/03\/a-unique-concept-that-is-the-pride-of-monaco-5-takeaways-about-plans-for-la-condamine-market\/","title":{"rendered":"&#8220;A unique concept that is the pride of Monaco&#8221;: 5 takeaways about plans for La Condamine Market"},"content":{"rendered":"\n<p><strong>The beating heart of Monaco, La Condamine market is about to undergo a major transformation with the aim of modernising it while preserving the soul of the unique site. Popular with Monegasques, residents and workers alike, the emblematic venu will get a long-awaited overhaul in 2027.<\/strong><\/p>\n\n<p>It&#8217;s <em>&#8220;everyone&#8217;s project.&#8221;<\/em> At a press conference held at Monaco Town Hall on Tuesday 4 March, Mayor Georges Marsan, accompanied by his deputies and staff, presented a major project for the town: restructuring La Condamine market.<\/p>\n\n<p><span class=\"apple-converted-space\"><i>\u00a0&#8220;The Food Hall isn&#8217;t just a place where you come to do your shopping or have lunch. It&#8217;s a meeting place where different social classes rub shoulders, a place for discussion and time spent together. Simple, popular and family-friendly, where people spontaneously go to spend time. You know how important the Market has always been to me. I will put all my energy into delivering the best possible project for the people of Monaco,&#8221; <\/i><\/span>said the Mayor.<span class=\"apple-converted-space\">\u00a0<\/span><\/p>\n\n<figure class=\"wp-block-gallery has-nested-images columns-default is-cropped wp-block-gallery-1 is-layout-flex wp-block-gallery-is-layout-flex\"><div class=\"wp-block-image\">\n<figure class=\"aligncenter size-large\"><img loading=\"lazy\" decoding=\"async\" width=\"683\" height=\"456\" data-id=\"280361\" src=\"https:\/\/www.monaco-tribune.com\/wp-content\/uploads\/2025\/03\/conference-marche-4-2.jpg\" alt=\"\" class=\"wp-image-280361\" srcset=\"https:\/\/www.monaco-tribune.com\/wp-content\/uploads\/2025\/03\/conference-marche-4-2.jpg 683w, https:\/\/www.monaco-tribune.com\/wp-content\/uploads\/2025\/03\/conference-marche-4-2-449x300.jpg 449w\" sizes=\"auto, (max-width: 683px) 100vw, 683px\" \/><figcaption class=\"wp-element-caption\">\u00a9 Monaco Town Council<\/figcaption><\/figure>\n<\/div><\/figure>\n\n<p>The aim is to carry out substantial work to bring technical, safety and aesthetic aspects up to current standards without demolishing the existing building, but rather improving and reinventing the venue while preserving its soul. The refurbishment is considered THE major project of the term of office, with an estimated budget of between 10 and 12 million euros, entirely financed by the Town Council. <\/p>\n\n<p class=\"related\"><a href=\"https:\/\/www.monaco-tribune.com\/en\/2024\/10\/la-condamine-market-to-be-redesigned-over-12-months-from-2026\/\">La Condamine Market to be redesigned over 12 months from 2026<\/a>&#13;\n&#13;\n<\/p>\n\n<h2 class=\"wp-block-heading\" id=\"h-1-une-consultation-populaire-pour-un-projet-sur-mesure\">1. Consultation phase for a tailor-made project<\/h2>\n\n<p>Before launching the work itself, the Town Council conducted a wide-ranging survey of market users to gain a better understanding of their expectations and needs. A 17-point questionnaire was handed out at the market and made available on the <em>Your Monaco<\/em> app.<\/p>\n\n<p>Over 1,000 responses were collated and the results revealed specific expectations, such as increased capacity, better temperature and noise level management, and improvements to the sanitary facilities. The respondents were keen to see the market retain its friendly family atmosphere while taking on modern aspects, with more events and more organic and local produce.<\/p>\n\n<p>The traders&#8217; input was also essential when considering concrete solutions. The project is therefore a collaborative affair involving the Town Council, residents and shopkeepers, and the objective is to meet the needs of the whole population.<\/p>\n\n<h2 class=\"wp-block-heading\" id=\"h-2-des-ameliorations-concretes-et-un-confort-accru\">2. Concrete improvements, more comfort<\/h2>\n\n<p>One of the priorities of the project is to make the Food Hall more comfortable, in terms of temperature and acoustics. The roof will be renovated for optimum temperature control year round. The ventilation and heating system will be modernised, a system for dealing with cooking odours will be put in place to guarantee a pleasant environment, and the creation of new separate toilet facilities, accessible for persons with reduced mobility, will also improve the visitor experience. <\/p>\n\n<p>Capacity will be greatly increased with the creation of two mezzanines and the removal of the central islands, to improve pedestrian flow. In total, the market will provide seating for 300 compared with 160 today, including modular and family areas.<\/p>\n\n<figure class=\"wp-block-gallery has-nested-images columns-default is-cropped wp-block-gallery-2 is-layout-flex wp-block-gallery-is-layout-flex\"><div class=\"wp-block-image\">\n<figure class=\"aligncenter size-large\"><img loading=\"lazy\" decoding=\"async\" width=\"1024\" height=\"576\" data-id=\"280373\" src=\"https:\/\/www.monaco-tribune.com\/wp-content\/uploads\/2025\/03\/marchecondamine_side-copyright-jerome-hein-the-a-group-1024x576.jpg\" alt=\"\" class=\"wp-image-280373\" srcset=\"https:\/\/www.monaco-tribune.com\/wp-content\/uploads\/2025\/03\/marchecondamine_side-copyright-jerome-hein-the-a-group-1024x576.jpg 1024w, https:\/\/www.monaco-tribune.com\/wp-content\/uploads\/2025\/03\/marchecondamine_side-copyright-jerome-hein-the-a-group-533x300.jpg 533w, https:\/\/www.monaco-tribune.com\/wp-content\/uploads\/2025\/03\/marchecondamine_side-copyright-jerome-hein-the-a-group.jpg 1200w\" sizes=\"auto, (max-width: 1024px) 100vw, 1024px\" \/><figcaption class=\"wp-element-caption\">\u00a9 Jerome Hein &#8211; The A Group<\/figcaption><\/figure>\n<\/div><\/figure>\n\n<h2 class=\"wp-block-heading\" id=\"h-3-un-design-plus-moderne-mais-tout-aussi-chaleureux\">3. More modern, but still welcoming<\/h2>\n\n<p>The interior design will focus on a warm and friendly feel, using noble materials such as wood and ceramics, large bay windows for maximum natural light, and well-designed lighting to create a warm atmosphere. Two big screens and a control booth will also be included to accommodate broadcast events and entertainment.<\/p>\n\n<p>As for parking issues, the Mayor stated that there would be no immediate expansion of the car park, but rather a larger-scale project at government level to improve the situation in the long term.<\/p>\n\n<figure class=\"wp-block-gallery has-nested-images columns-default is-cropped wp-block-gallery-3 is-layout-flex wp-block-gallery-is-layout-flex\"><div class=\"wp-block-image\">\n<figure class=\"aligncenter size-large\"><img loading=\"lazy\" decoding=\"async\" width=\"800\" height=\"800\" data-id=\"280369\" src=\"https:\/\/www.monaco-tribune.com\/wp-content\/uploads\/2025\/03\/marchecondamine_bar-copyright-jerome-hein-the-a-group-1.jpg\" alt=\"\" class=\"wp-image-280369\" srcset=\"https:\/\/www.monaco-tribune.com\/wp-content\/uploads\/2025\/03\/marchecondamine_bar-copyright-jerome-hein-the-a-group-1.jpg 800w, https:\/\/www.monaco-tribune.com\/wp-content\/uploads\/2025\/03\/marchecondamine_bar-copyright-jerome-hein-the-a-group-1-300x300.jpg 300w\" sizes=\"auto, (max-width: 800px) 100vw, 800px\" \/><figcaption class=\"wp-element-caption\">\u00a9 Jerome Hein &#8211; The A Group<\/figcaption><\/figure>\n<\/div><\/figure>\n\n<h2 class=\"wp-block-heading\" id=\"h-4-un-projet-durable-et-respectueux-de-l-environnement\">4. A sustainable, environmentally-friendly project<\/h2>\n\n<p>A sustainable and environmentally responsible approach is being taken to the refurbishment of La Condamine Market. The project includes the installation of solar panels, a modern glass roof and the use of environmentally-friendly materials to ensure low energy consumption.<\/p>\n\n<p>The project was entrusted to architect J\u00e9r\u00f4me Hein, who is aiming for a Silver  BD2M (B\u00e2timents Durables M\u00e9diterran\u00e9ens de Monaco) certification for the completed work. The aim is to transform the market while respecting Monaco&#8217;s identity, creating a modern, functional and environmentally responsible venue.<\/p>\n\n<h2 class=\"wp-block-heading\" id=\"h-5-une-fermeture-de-plus-d-un-an-mais-avec-une-activite-maintenue\">5. Closed for over a year, but business (almost) as usual<\/h2>\n\n<p>Restructuring work will start in January 2026 and last around 13 months. To enable the project to be carried out without completely disrupting the market&#8217;s businesses, the Food Hall will be closed temporarily. However, the twenty or so traders concerned will be moved to the Place du March\u00e9 and temporary solutions will be put in place to ensure business can continue, with capacity to seat 150 to 200 in comfort.<\/p>\n\n<p>The Mayor has given assurances that each trader will be met with before June to discuss the arrangements and solutions that will be put in place during the transitional period. Over the 13-month period, the kiosks in the Place d&#8217;Armes will not be affected, but the children&#8217;s play area will be temporarily removed.<\/p>\n\n<p class=\"related\"><a href=\"https:\/\/www.monaco-tribune.com\/en\/2025\/02\/calling-all-superheroes-its-carnival-time-at-la-condamine-market\/\">Calling all superheroes \u2013 it\u2019s carnival time at La Condamine market<\/a><\/p>\n","protected":false},"excerpt":{"rendered":"<p>The beating heart of Monaco, La Condamine market is about to undergo a major transformation with the aim of modernising [&hellip;]<\/p>\n","protected":false},"author":77,"featured_media":280379,"comment_status":"closed","ping_status":"closed","sticky":false,"template":"","format":"standard","meta":{"_acf_changed":false,"footnotes":""},"categories":[1825,243,258],"tags":[5160],"post_sectags":[4371],"post_format":[2468],"class_list":["post-280400","post","type-post","status-publish","format-standard","has-post-thumbnail","hentry","category-editors-choice","category-news","category-public-life","tag-monaco-town-council","sectag-la-condamine-market","format-story"],"acf":[],"yoast_head":"<!-- This site is optimized with the Yoast SEO Premium plugin v26.8 (Yoast SEO v27.4) - https:\/\/yoast.com\/product\/yoast-seo-premium-wordpress\/ -->\n<title>&quot;A unique concept that is the pride of Monaco&quot;: 5 takeaways about plans for La Condamine Market<\/title>\n<meta name=\"description\" content=\"The beating heart of Monaco, La Condamine market is about to undergo a major transformation with the aim of modernising it while preserving the soul of\" \/>\n<meta name=\"robots\" content=\"index, follow, max-snippet:-1, max-image-preview:large, max-video-preview:-1\" \/>\n<link rel=\"canonical\" href=\"https:\/\/www.monaco-tribune.com\/en\/2025\/03\/a-unique-concept-that-is-the-pride-of-monaco-5-takeaways-about-plans-for-la-condamine-market\/\" \/>\n<meta property=\"og:locale\" content=\"en_US\" \/>\n<meta property=\"og:type\" content=\"article\" \/>\n<meta property=\"og:title\" content=\"&quot;A unique concept that is the pride of Monaco&quot;: 5 takeaways about plans for La Condamine Market - Monaco Tribune\" \/>\n<meta property=\"og:description\" content=\"The beating heart of Monaco, La Condamine market is about to undergo a major transformation with the aim of modernising it while preserving the soul of\" \/>\n<meta property=\"og:url\" content=\"https:\/\/www.monaco-tribune.com\/en\/2025\/03\/a-unique-concept-that-is-the-pride-of-monaco-5-takeaways-about-plans-for-la-condamine-market\/\" \/>\n<meta property=\"og:site_name\" content=\"Monaco Tribune\" \/>\n<meta property=\"article:publisher\" content=\"https:\/\/www.facebook.com\/MonacoTribune\" \/>\n<meta property=\"article:published_time\" content=\"2025-03-05T17:17:53+00:00\" \/>\n<meta property=\"article:modified_time\" content=\"2025-03-06T13:46:12+00:00\" \/>\n<meta property=\"og:image\" content=\"https:\/\/www.monaco-tribune.com\/wp-content\/uploads\/2025\/03\/marchecondamine_drone-copyright-jerome-hein-the-a-group.jpg\" \/>\n\t<meta property=\"og:image:width\" content=\"1200\" \/>\n\t<meta property=\"og:image:height\" content=\"675\" \/>\n\t<meta property=\"og:image:type\" content=\"image\/jpeg\" \/>\n<meta name=\"author\" content=\"Ana\u00efs Riu\" \/>\n<meta name=\"twitter:card\" content=\"summary_large_image\" \/>\n<meta name=\"twitter:creator\" content=\"@MonacoTribune\" \/>\n<meta name=\"twitter:site\" content=\"@MonacoTribune\" \/>\n<script type=\"application\/ld+json\" class=\"yoast-schema-graph\">{\"@context\":\"https:\\\/\\\/schema.org\",\"@graph\":[{\"@type\":\"NewsArticle\",\"@id\":\"https:\\\/\\\/www.monaco-tribune.com\\\/en\\\/2025\\\/03\\\/a-unique-concept-that-is-the-pride-of-monaco-5-takeaways-about-plans-for-la-condamine-market\\\/#article\",\"isPartOf\":{\"@id\":\"https:\\\/\\\/www.monaco-tribune.com\\\/en\\\/2025\\\/03\\\/a-unique-concept-that-is-the-pride-of-monaco-5-takeaways-about-plans-for-la-condamine-market\\\/\"},\"author\":{\"name\":\"Ana\u00efs Riu\",\"@id\":\"https:\\\/\\\/www.monaco-tribune.com\\\/en\\\/#\\\/schema\\\/person\\\/6db631c784f2f0eff54c3ca4d1da2d49\"},\"headline\":\"&#8220;A unique concept that is the pride of Monaco&#8221;: 5 takeaways about plans for La Condamine Market\",\"datePublished\":\"2025-03-05T17:17:53+00:00\",\"dateModified\":\"2025-03-06T13:46:12+00:00\",\"mainEntityOfPage\":{\"@id\":\"https:\\\/\\\/www.monaco-tribune.com\\\/en\\\/2025\\\/03\\\/a-unique-concept-that-is-the-pride-of-monaco-5-takeaways-about-plans-for-la-condamine-market\\\/\"},\"wordCount\":846,\"publisher\":{\"@id\":\"https:\\\/\\\/www.monaco-tribune.com\\\/en\\\/#organization\"},\"image\":{\"@id\":\"https:\\\/\\\/www.monaco-tribune.com\\\/en\\\/2025\\\/03\\\/a-unique-concept-that-is-the-pride-of-monaco-5-takeaways-about-plans-for-la-condamine-market\\\/#primaryimage\"},\"thumbnailUrl\":\"https:\\\/\\\/www.monaco-tribune.com\\\/wp-content\\\/uploads\\\/2025\\\/03\\\/marchecondamine_drone-copyright-jerome-hein-the-a-group.jpg\",\"keywords\":[\"Monaco Town Council\"],\"articleSection\":[\"Editor&#039;s choice\",\"News\",\"Society\"],\"inLanguage\":\"en-US\",\"copyrightYear\":\"2025\",\"copyrightHolder\":{\"@id\":\"https:\\\/\\\/www.monaco-tribune.com\\\/#organization\"}},{\"@type\":\"WebPage\",\"@id\":\"https:\\\/\\\/www.monaco-tribune.com\\\/en\\\/2025\\\/03\\\/a-unique-concept-that-is-the-pride-of-monaco-5-takeaways-about-plans-for-la-condamine-market\\\/\",\"url\":\"https:\\\/\\\/www.monaco-tribune.com\\\/en\\\/2025\\\/03\\\/a-unique-concept-that-is-the-pride-of-monaco-5-takeaways-about-plans-for-la-condamine-market\\\/\",\"name\":\"\\\"A unique concept that is the pride of Monaco\\\": 5 takeaways about plans for La Condamine Market\",\"isPartOf\":{\"@id\":\"https:\\\/\\\/www.monaco-tribune.com\\\/en\\\/#website\"},\"primaryImageOfPage\":{\"@id\":\"https:\\\/\\\/www.monaco-tribune.com\\\/en\\\/2025\\\/03\\\/a-unique-concept-that-is-the-pride-of-monaco-5-takeaways-about-plans-for-la-condamine-market\\\/#primaryimage\"},\"image\":{\"@id\":\"https:\\\/\\\/www.monaco-tribune.com\\\/en\\\/2025\\\/03\\\/a-unique-concept-that-is-the-pride-of-monaco-5-takeaways-about-plans-for-la-condamine-market\\\/#primaryimage\"},\"thumbnailUrl\":\"https:\\\/\\\/www.monaco-tribune.com\\\/wp-content\\\/uploads\\\/2025\\\/03\\\/marchecondamine_drone-copyright-jerome-hein-the-a-group.jpg\",\"datePublished\":\"2025-03-05T17:17:53+00:00\",\"dateModified\":\"2025-03-06T13:46:12+00:00\",\"description\":\"The beating heart of Monaco, La Condamine market is about to undergo a major transformation with the aim of modernising it while preserving the soul of\",\"breadcrumb\":{\"@id\":\"https:\\\/\\\/www.monaco-tribune.com\\\/en\\\/2025\\\/03\\\/a-unique-concept-that-is-the-pride-of-monaco-5-takeaways-about-plans-for-la-condamine-market\\\/#breadcrumb\"},\"inLanguage\":\"en-US\",\"potentialAction\":[{\"@type\":\"ReadAction\",\"target\":[\"https:\\\/\\\/www.monaco-tribune.com\\\/en\\\/2025\\\/03\\\/a-unique-concept-that-is-the-pride-of-monaco-5-takeaways-about-plans-for-la-condamine-market\\\/\"]}]},{\"@type\":\"ImageObject\",\"inLanguage\":\"en-US\",\"@id\":\"https:\\\/\\\/www.monaco-tribune.com\\\/en\\\/2025\\\/03\\\/a-unique-concept-that-is-the-pride-of-monaco-5-takeaways-about-plans-for-la-condamine-market\\\/#primaryimage\",\"url\":\"https:\\\/\\\/www.monaco-tribune.com\\\/wp-content\\\/uploads\\\/2025\\\/03\\\/marchecondamine_drone-copyright-jerome-hein-the-a-group.jpg\",\"contentUrl\":\"https:\\\/\\\/www.monaco-tribune.com\\\/wp-content\\\/uploads\\\/2025\\\/03\\\/marchecondamine_drone-copyright-jerome-hein-the-a-group.jpg\",\"width\":1200,\"height\":675,\"caption\":\"Located at the foot of the Rock, between Place d'Armes and rue Terrazzani, La Condamine market has always been a favourite spot for the people of Monaco. After two renovations in 1992 and 2012, it will get a new lease of life in early 2027 \u00a9 Jerome Hein - The A Group\"},{\"@type\":\"BreadcrumbList\",\"@id\":\"https:\\\/\\\/www.monaco-tribune.com\\\/en\\\/2025\\\/03\\\/a-unique-concept-that-is-the-pride-of-monaco-5-takeaways-about-plans-for-la-condamine-market\\\/#breadcrumb\",\"itemListElement\":[{\"@type\":\"ListItem\",\"position\":1,\"name\":\"Accueil\",\"item\":\"https:\\\/\\\/www.monaco-tribune.com\\\/en\\\/\"},{\"@type\":\"ListItem\",\"position\":2,\"name\":\"&#8220;A unique concept that is the pride of Monaco&#8221;: 5 takeaways about plans for La Condamine Market\"}]},{\"@type\":\"WebSite\",\"@id\":\"https:\\\/\\\/www.monaco-tribune.com\\\/en\\\/#website\",\"url\":\"https:\\\/\\\/www.monaco-tribune.com\\\/en\\\/\",\"name\":\"Monaco Tribune\",\"description\":\"Monaco : actualit\u00e9s \u00e9conomiques, politiques, culturelles et sportives de Monaco et de la French Riviera.\",\"publisher\":{\"@id\":\"https:\\\/\\\/www.monaco-tribune.com\\\/en\\\/#organization\"},\"potentialAction\":[{\"@type\":\"SearchAction\",\"target\":{\"@type\":\"EntryPoint\",\"urlTemplate\":\"https:\\\/\\\/www.monaco-tribune.com\\\/en\\\/?s={search_term_string}\"},\"query-input\":{\"@type\":\"PropertyValueSpecification\",\"valueRequired\":true,\"valueName\":\"search_term_string\"}}],\"inLanguage\":\"en-US\"},{\"@type\":\"Organization\",\"@id\":\"https:\\\/\\\/www.monaco-tribune.com\\\/en\\\/#organization\",\"name\":\"Monaco Tribune\",\"url\":\"https:\\\/\\\/www.monaco-tribune.com\\\/en\\\/\",\"logo\":{\"@type\":\"ImageObject\",\"inLanguage\":\"en-US\",\"@id\":\"https:\\\/\\\/www.monaco-tribune.com\\\/en\\\/#\\\/schema\\\/logo\\\/image\\\/\",\"url\":\"https:\\\/\\\/www.monaco-tribune.com\\\/wp-content\\\/uploads\\\/2022\\\/11\\\/logo-monaco-tribune.png\",\"contentUrl\":\"https:\\\/\\\/www.monaco-tribune.com\\\/wp-content\\\/uploads\\\/2022\\\/11\\\/logo-monaco-tribune.png\",\"width\":1548,\"height\":600,\"caption\":\"Monaco Tribune\"},\"image\":{\"@id\":\"https:\\\/\\\/www.monaco-tribune.com\\\/en\\\/#\\\/schema\\\/logo\\\/image\\\/\"},\"sameAs\":[\"https:\\\/\\\/www.facebook.com\\\/MonacoTribune\",\"https:\\\/\\\/x.com\\\/MonacoTribune\",\"https:\\\/\\\/www.instagram.com\\\/monacotribune\\\/\",\"https:\\\/\\\/www.linkedin.com\\\/company\\\/monaco-tribune\",\"https:\\\/\\\/www.youtube.com\\\/channel\\\/UCHle1MnG6hw1y4lWKijVbMA\"]},{\"@type\":\"Person\",\"@id\":\"https:\\\/\\\/www.monaco-tribune.com\\\/en\\\/#\\\/schema\\\/person\\\/6db631c784f2f0eff54c3ca4d1da2d49\",\"name\":\"Ana\u00efs Riu\",\"image\":{\"@type\":\"ImageObject\",\"inLanguage\":\"en-US\",\"@id\":\"https:\\\/\\\/secure.gravatar.com\\\/avatar\\\/9137eff67ff750f1997c171f45e5829ca4c8fa34729a8f8cd9dc85be7e50df7f?s=96&d=mm&r=g\",\"url\":\"https:\\\/\\\/secure.gravatar.com\\\/avatar\\\/9137eff67ff750f1997c171f45e5829ca4c8fa34729a8f8cd9dc85be7e50df7f?s=96&d=mm&r=g\",\"contentUrl\":\"https:\\\/\\\/secure.gravatar.com\\\/avatar\\\/9137eff67ff750f1997c171f45e5829ca4c8fa34729a8f8cd9dc85be7e50df7f?s=96&d=mm&r=g\",\"caption\":\"Ana\u00efs Riu\"},\"url\":\"https:\\\/\\\/www.monaco-tribune.com\\\/en\\\/author\\\/anaisriu\\\/\"}]}<\/script>\n<!-- \/ Yoast SEO Premium plugin. -->","yoast_head_json":{"title":"\"A unique concept that is the pride of Monaco\": 5 takeaways about plans for La Condamine Market","description":"The beating heart of Monaco, La Condamine market is about to undergo a major transformation with the aim of modernising it while preserving the soul of","robots":{"index":"index","follow":"follow","max-snippet":"max-snippet:-1","max-image-preview":"max-image-preview:large","max-video-preview":"max-video-preview:-1"},"canonical":"https:\/\/www.monaco-tribune.com\/en\/2025\/03\/a-unique-concept-that-is-the-pride-of-monaco-5-takeaways-about-plans-for-la-condamine-market\/","og_locale":"en_US","og_type":"article","og_title":"\"A unique concept that is the pride of Monaco\": 5 takeaways about plans for La Condamine Market - Monaco Tribune","og_description":"The beating heart of Monaco, La Condamine market is about to undergo a major transformation with the aim of modernising it while preserving the soul of","og_url":"https:\/\/www.monaco-tribune.com\/en\/2025\/03\/a-unique-concept-that-is-the-pride-of-monaco-5-takeaways-about-plans-for-la-condamine-market\/","og_site_name":"Monaco Tribune","article_publisher":"https:\/\/www.facebook.com\/MonacoTribune","article_published_time":"2025-03-05T17:17:53+00:00","article_modified_time":"2025-03-06T13:46:12+00:00","og_image":[{"width":1200,"height":675,"url":"https:\/\/www.monaco-tribune.com\/wp-content\/uploads\/2025\/03\/marchecondamine_drone-copyright-jerome-hein-the-a-group.jpg","type":"image\/jpeg"}],"author":"Ana\u00efs Riu","twitter_card":"summary_large_image","twitter_creator":"@MonacoTribune","twitter_site":"@MonacoTribune","schema":{"@context":"https:\/\/schema.org","@graph":[{"@type":"NewsArticle","@id":"https:\/\/www.monaco-tribune.com\/en\/2025\/03\/a-unique-concept-that-is-the-pride-of-monaco-5-takeaways-about-plans-for-la-condamine-market\/#article","isPartOf":{"@id":"https:\/\/www.monaco-tribune.com\/en\/2025\/03\/a-unique-concept-that-is-the-pride-of-monaco-5-takeaways-about-plans-for-la-condamine-market\/"},"author":{"name":"Ana\u00efs Riu","@id":"https:\/\/www.monaco-tribune.com\/en\/#\/schema\/person\/6db631c784f2f0eff54c3ca4d1da2d49"},"headline":"&#8220;A unique concept that is the pride of Monaco&#8221;: 5 takeaways about plans for La Condamine Market","datePublished":"2025-03-05T17:17:53+00:00","dateModified":"2025-03-06T13:46:12+00:00","mainEntityOfPage":{"@id":"https:\/\/www.monaco-tribune.com\/en\/2025\/03\/a-unique-concept-that-is-the-pride-of-monaco-5-takeaways-about-plans-for-la-condamine-market\/"},"wordCount":846,"publisher":{"@id":"https:\/\/www.monaco-tribune.com\/en\/#organization"},"image":{"@id":"https:\/\/www.monaco-tribune.com\/en\/2025\/03\/a-unique-concept-that-is-the-pride-of-monaco-5-takeaways-about-plans-for-la-condamine-market\/#primaryimage"},"thumbnailUrl":"https:\/\/www.monaco-tribune.com\/wp-content\/uploads\/2025\/03\/marchecondamine_drone-copyright-jerome-hein-the-a-group.jpg","keywords":["Monaco Town Council"],"articleSection":["Editor&#039;s choice","News","Society"],"inLanguage":"en-US","copyrightYear":"2025","copyrightHolder":{"@id":"https:\/\/www.monaco-tribune.com\/#organization"}},{"@type":"WebPage","@id":"https:\/\/www.monaco-tribune.com\/en\/2025\/03\/a-unique-concept-that-is-the-pride-of-monaco-5-takeaways-about-plans-for-la-condamine-market\/","url":"https:\/\/www.monaco-tribune.com\/en\/2025\/03\/a-unique-concept-that-is-the-pride-of-monaco-5-takeaways-about-plans-for-la-condamine-market\/","name":"\"A unique concept that is the pride of Monaco\": 5 takeaways about plans for La Condamine Market","isPartOf":{"@id":"https:\/\/www.monaco-tribune.com\/en\/#website"},"primaryImageOfPage":{"@id":"https:\/\/www.monaco-tribune.com\/en\/2025\/03\/a-unique-concept-that-is-the-pride-of-monaco-5-takeaways-about-plans-for-la-condamine-market\/#primaryimage"},"image":{"@id":"https:\/\/www.monaco-tribune.com\/en\/2025\/03\/a-unique-concept-that-is-the-pride-of-monaco-5-takeaways-about-plans-for-la-condamine-market\/#primaryimage"},"thumbnailUrl":"https:\/\/www.monaco-tribune.com\/wp-content\/uploads\/2025\/03\/marchecondamine_drone-copyright-jerome-hein-the-a-group.jpg","datePublished":"2025-03-05T17:17:53+00:00","dateModified":"2025-03-06T13:46:12+00:00","description":"The beating heart of Monaco, La Condamine market is about to undergo a major transformation with the aim of modernising it while preserving the soul of","breadcrumb":{"@id":"https:\/\/www.monaco-tribune.com\/en\/2025\/03\/a-unique-concept-that-is-the-pride-of-monaco-5-takeaways-about-plans-for-la-condamine-market\/#breadcrumb"},"inLanguage":"en-US","potentialAction":[{"@type":"ReadAction","target":["https:\/\/www.monaco-tribune.com\/en\/2025\/03\/a-unique-concept-that-is-the-pride-of-monaco-5-takeaways-about-plans-for-la-condamine-market\/"]}]},{"@type":"ImageObject","inLanguage":"en-US","@id":"https:\/\/www.monaco-tribune.com\/en\/2025\/03\/a-unique-concept-that-is-the-pride-of-monaco-5-takeaways-about-plans-for-la-condamine-market\/#primaryimage","url":"https:\/\/www.monaco-tribune.com\/wp-content\/uploads\/2025\/03\/marchecondamine_drone-copyright-jerome-hein-the-a-group.jpg","contentUrl":"https:\/\/www.monaco-tribune.com\/wp-content\/uploads\/2025\/03\/marchecondamine_drone-copyright-jerome-hein-the-a-group.jpg","width":1200,"height":675,"caption":"Located at the foot of the Rock, between Place d'Armes and rue Terrazzani, La Condamine market has always been a favourite spot for the people of Monaco. After two renovations in 1992 and 2012, it will get a new lease of life in early 2027 \u00a9 Jerome Hein - The A Group"},{"@type":"BreadcrumbList","@id":"https:\/\/www.monaco-tribune.com\/en\/2025\/03\/a-unique-concept-that-is-the-pride-of-monaco-5-takeaways-about-plans-for-la-condamine-market\/#breadcrumb","itemListElement":[{"@type":"ListItem","position":1,"name":"Accueil","item":"https:\/\/www.monaco-tribune.com\/en\/"},{"@type":"ListItem","position":2,"name":"&#8220;A unique concept that is the pride of Monaco&#8221;: 5 takeaways about plans for La Condamine Market"}]},{"@type":"WebSite","@id":"https:\/\/www.monaco-tribune.com\/en\/#website","url":"https:\/\/www.monaco-tribune.com\/en\/","name":"Monaco Tribune","description":"Monaco : actualit\u00e9s \u00e9conomiques, politiques, culturelles et sportives de Monaco et de la French Riviera.","publisher":{"@id":"https:\/\/www.monaco-tribune.com\/en\/#organization"},"potentialAction":[{"@type":"SearchAction","target":{"@type":"EntryPoint","urlTemplate":"https:\/\/www.monaco-tribune.com\/en\/?s={search_term_string}"},"query-input":{"@type":"PropertyValueSpecification","valueRequired":true,"valueName":"search_term_string"}}],"inLanguage":"en-US"},{"@type":"Organization","@id":"https:\/\/www.monaco-tribune.com\/en\/#organization","name":"Monaco Tribune","url":"https:\/\/www.monaco-tribune.com\/en\/","logo":{"@type":"ImageObject","inLanguage":"en-US","@id":"https:\/\/www.monaco-tribune.com\/en\/#\/schema\/logo\/image\/","url":"https:\/\/www.monaco-tribune.com\/wp-content\/uploads\/2022\/11\/logo-monaco-tribune.png","contentUrl":"https:\/\/www.monaco-tribune.com\/wp-content\/uploads\/2022\/11\/logo-monaco-tribune.png","width":1548,"height":600,"caption":"Monaco Tribune"},"image":{"@id":"https:\/\/www.monaco-tribune.com\/en\/#\/schema\/logo\/image\/"},"sameAs":["https:\/\/www.facebook.com\/MonacoTribune","https:\/\/x.com\/MonacoTribune","https:\/\/www.instagram.com\/monacotribune\/","https:\/\/www.linkedin.com\/company\/monaco-tribune","https:\/\/www.youtube.com\/channel\/UCHle1MnG6hw1y4lWKijVbMA"]},{"@type":"Person","@id":"https:\/\/www.monaco-tribune.com\/en\/#\/schema\/person\/6db631c784f2f0eff54c3ca4d1da2d49","name":"Ana\u00efs Riu","image":{"@type":"ImageObject","inLanguage":"en-US","@id":"https:\/\/secure.gravatar.com\/avatar\/9137eff67ff750f1997c171f45e5829ca4c8fa34729a8f8cd9dc85be7e50df7f?s=96&d=mm&r=g","url":"https:\/\/secure.gravatar.com\/avatar\/9137eff67ff750f1997c171f45e5829ca4c8fa34729a8f8cd9dc85be7e50df7f?s=96&d=mm&r=g","contentUrl":"https:\/\/secure.gravatar.com\/avatar\/9137eff67ff750f1997c171f45e5829ca4c8fa34729a8f8cd9dc85be7e50df7f?s=96&d=mm&r=g","caption":"Ana\u00efs Riu"},"url":"https:\/\/www.monaco-tribune.com\/en\/author\/anaisriu\/"}]}},"_links":{"self":[{"href":"https:\/\/www.monaco-tribune.com\/en\/wp-json\/wp\/v2\/posts\/280400","targetHints":{"allow":["GET"]}}],"collection":[{"href":"https:\/\/www.monaco-tribune.com\/en\/wp-json\/wp\/v2\/posts"}],"about":[{"href":"https:\/\/www.monaco-tribune.com\/en\/wp-json\/wp\/v2\/types\/post"}],"author":[{"embeddable":true,"href":"https:\/\/www.monaco-tribune.com\/en\/wp-json\/wp\/v2\/users\/77"}],"replies":[{"embeddable":true,"href":"https:\/\/www.monaco-tribune.com\/en\/wp-json\/wp\/v2\/comments?post=280400"}],"version-history":[{"count":2,"href":"https:\/\/www.monaco-tribune.com\/en\/wp-json\/wp\/v2\/posts\/280400\/revisions"}],"predecessor-version":[{"id":280540,"href":"https:\/\/www.monaco-tribune.com\/en\/wp-json\/wp\/v2\/posts\/280400\/revisions\/280540"}],"wp:featuredmedia":[{"embeddable":true,"href":"https:\/\/www.monaco-tribune.com\/en\/wp-json\/wp\/v2\/media\/280379"}],"wp:attachment":[{"href":"https:\/\/www.monaco-tribune.com\/en\/wp-json\/wp\/v2\/media?parent=280400"}],"wp:term":[{"taxonomy":"category","embeddable":true,"href":"https:\/\/www.monaco-tribune.com\/en\/wp-json\/wp\/v2\/categories?post=280400"},{"taxonomy":"post_tag","embeddable":true,"href":"https:\/\/www.monaco-tribune.com\/en\/wp-json\/wp\/v2\/tags?post=280400"},{"taxonomy":"sectag","embeddable":true,"href":"https:\/\/www.monaco-tribune.com\/en\/wp-json\/wp\/v2\/post_sectags?post=280400"},{"taxonomy":"format","embeddable":true,"href":"https:\/\/www.monaco-tribune.com\/en\/wp-json\/wp\/v2\/post_format?post=280400"}],"curies":[{"name":"wp","href":"https:\/\/api.w.org\/{rel}","templated":true}]}}