{"id":281334,"date":"2025-03-11T18:54:54","date_gmt":"2025-03-11T16:54:54","guid":{"rendered":"https:\/\/www.monaco-tribune.com\/2025\/03\/ready-to-step-up-to-the-beausoleil-staircase-challenge-registration-for-the-2025-staircase-race-is-now-open\/"},"modified":"2025-03-11T18:56:25","modified_gmt":"2025-03-11T16:56:25","slug":"ready-to-step-up-to-the-beausoleil-staircase-challenge-registration-for-the-2025-staircase-race-is-now-open","status":"publish","type":"post","link":"https:\/\/www.monaco-tribune.com\/en\/2025\/03\/ready-to-step-up-to-the-beausoleil-staircase-challenge-registration-for-the-2025-staircase-race-is-now-open\/","title":{"rendered":"Ready to step up to the Beausoleil staircase challenge? Registration for the 2025 Staircase Race is now open!"},"content":{"rendered":"\n<p><strong>On Saturday 22 March, the town of Beausoleil invites sports enthusiasts to take on a unique challenge &#8211; to climb its famous staircases.<\/strong><\/p>\n\n<p>Famed for its many stairs, Beausoleil welcomes sports enthusiasts from all over for a test of strength and concentration. The town boasts over 60 staircases, and one of them, which was recently renovated as part of the work on the Riviera line escalators, will host the original race.<\/p>\n<div class=\"wp-block-image\">\n<figure class=\"aligncenter size-full\"><img loading=\"lazy\" decoding=\"async\" width=\"423\" height=\"600\" src=\"https:\/\/www.monaco-tribune.com\/wp-content\/uploads\/2025\/03\/visu-course-scaled-1.jpg\" alt=\"\" class=\"wp-image-281228\" srcset=\"https:\/\/www.monaco-tribune.com\/wp-content\/uploads\/2025\/03\/visu-course-scaled-1.jpg 423w, https:\/\/www.monaco-tribune.com\/wp-content\/uploads\/2025\/03\/visu-course-scaled-1-212x300.jpg 212w\" sizes=\"auto, (max-width: 423px) 100vw, 423px\" \/><\/figure>\n<\/div>\n<h2 class=\"wp-block-heading\" id=\"h-un-parcours-intense-et-surprenant\">An intense and surprising circuit<\/h2>\n\n<p>With 427 steps in 5 sections, the climb is 350 metres long and has an elevation gain of 70 metres. Participants will have to show stamina, while negotiating steps that can be steep and unusually high.<\/p>\n\n<h2 class=\"wp-block-heading\" id=\"h-des-categories-pour-tous-les-profils\">Categories for every level<\/h2>\n\n<p>From U17s to veterans, amateurs or experienced racers will be able to take part in the thrilling time trial. Many prizes await the winners in the different categories, and all participants will leave with a memento of the experience.<\/p>\n\n<p>There are two races to choose from in 9 age categories: the SOLO race at \u20ac10 per person and the RELAIS race at \u20ac20 per team.<\/p>\n\n<h2 class=\"wp-block-heading\" id=\"h-conditions-d-inscription\">Registration pre-requirements<\/h2>\n\n<p>As per the sports code and F\u00e9d\u00e9ration Fran\u00e7aise d&#8217;Athl\u00e9tisme (FFA &#8211; French Athletics Federation) rules, any adults who wish to take part must provide one of the following documents: a valid FFA &#8220;Athl\u00e9 Comp\u00e9tition&#8221;, &#8220;Athl\u00e9 Entreprise&#8221; or &#8220;Athl\u00e9 Running&#8221; licence, or a &#8220;Pass&#8217; J&#8217;aime Courir&#8221; completed by a doctor.<\/p>\n\n<p>Other categories of FFA licences (such as &#8216;Sant\u00e9&#8217; or &#8216;Encadrement&#8217;) cannot be accepted. A Parcours Pr\u00e9ventions Sant\u00e9 (PPS &#8211; Health Prevention Plan) certificate, in paper, electronic or QR Code format, showing that the person has completed the PPS via the FFA platform in the three months prior to the competition, can also be provided.<\/p>\n\n<p>To register for the 2025 event, visit the <a href=\"https:\/\/villedebeausoleil.fr\/beausoleil-2025\/\">Beausoleil town council<\/a> website or <a href=\"https:\/\/www.njuko.net\/lcdedb2025\/select_competition\">njuko.net<\/a>.<\/p>\n\n<p class=\"related\"><a href=\"https:\/\/www.monaco-tribune.com\/en\/2023\/04\/unusual-sports-the-beausoleil-stairs\/\">Unusual sports: the Beausoleil stairs<\/a><\/p>\n","protected":false},"excerpt":{"rendered":"<p>On Saturday 22 March, the town of Beausoleil invites sports enthusiasts to take on a unique challenge &#8211; to climb [&hellip;]<\/p>\n","protected":false},"author":77,"featured_media":281224,"comment_status":"closed","ping_status":"closed","sticky":false,"template":"","format":"standard","meta":{"_acf_changed":false,"footnotes":""},"categories":[243,251],"tags":[2844],"post_sectags":[3701,4833],"post_format":[2452],"class_list":["post-281334","post","type-post","status-publish","format-standard","has-post-thumbnail","hentry","category-news","category-whats-on","tag-events-en","sectag-beausoleil-en","sectag-sport-en","format-events"],"acf":[],"yoast_head":"<!-- This site is optimized with the Yoast SEO Premium plugin v26.8 (Yoast SEO v27.4) - https:\/\/yoast.com\/product\/yoast-seo-premium-wordpress\/ -->\n<title>Ready to step up to the Beausoleil staircase challenge? Registration for the 2025 Staircase Race is now open!<\/title>\n<meta name=\"description\" content=\"On Saturday 22 March, the town of Beausoleil invites sports enthusiasts to take on a unique challenge - to climb its famous staircases. Famed for its many\" \/>\n<meta name=\"robots\" content=\"index, follow, max-snippet:-1, max-image-preview:large, max-video-preview:-1\" \/>\n<link rel=\"canonical\" href=\"https:\/\/www.monaco-tribune.com\/en\/2025\/03\/ready-to-step-up-to-the-beausoleil-staircase-challenge-registration-for-the-2025-staircase-race-is-now-open\/\" \/>\n<meta property=\"og:locale\" content=\"en_US\" \/>\n<meta property=\"og:type\" content=\"article\" \/>\n<meta property=\"og:title\" content=\"Ready to step up to the Beausoleil staircase challenge? Registration for the 2025 Staircase Race is now open! - Monaco Tribune\" \/>\n<meta property=\"og:description\" content=\"On Saturday 22 March, the town of Beausoleil invites sports enthusiasts to take on a unique challenge - to climb its famous staircases. Famed for its many\" \/>\n<meta property=\"og:url\" content=\"https:\/\/www.monaco-tribune.com\/en\/2025\/03\/ready-to-step-up-to-the-beausoleil-staircase-challenge-registration-for-the-2025-staircase-race-is-now-open\/\" \/>\n<meta property=\"og:site_name\" content=\"Monaco Tribune\" \/>\n<meta property=\"article:publisher\" content=\"https:\/\/www.facebook.com\/MonacoTribune\" \/>\n<meta property=\"article:published_time\" content=\"2025-03-11T16:54:54+00:00\" \/>\n<meta property=\"article:modified_time\" content=\"2025-03-11T16:56:25+00:00\" \/>\n<meta property=\"og:image\" content=\"https:\/\/www.monaco-tribune.com\/wp-content\/uploads\/2025\/03\/montee-escaliers-beaulieu-sur-mer-2.jpg\" \/>\n\t<meta property=\"og:image:width\" content=\"1389\" \/>\n\t<meta property=\"og:image:height\" content=\"870\" \/>\n\t<meta property=\"og:image:type\" content=\"image\/jpeg\" \/>\n<meta name=\"author\" content=\"Ana\u00efs Riu\" \/>\n<meta name=\"twitter:card\" content=\"summary_large_image\" \/>\n<meta name=\"twitter:creator\" content=\"@MonacoTribune\" \/>\n<meta name=\"twitter:site\" content=\"@MonacoTribune\" \/>\n<script type=\"application\/ld+json\" class=\"yoast-schema-graph\">{\"@context\":\"https:\\\/\\\/schema.org\",\"@graph\":[{\"@type\":\"NewsArticle\",\"@id\":\"https:\\\/\\\/www.monaco-tribune.com\\\/en\\\/2025\\\/03\\\/ready-to-step-up-to-the-beausoleil-staircase-challenge-registration-for-the-2025-staircase-race-is-now-open\\\/#article\",\"isPartOf\":{\"@id\":\"https:\\\/\\\/www.monaco-tribune.com\\\/en\\\/2025\\\/03\\\/ready-to-step-up-to-the-beausoleil-staircase-challenge-registration-for-the-2025-staircase-race-is-now-open\\\/\"},\"author\":{\"name\":\"Ana\u00efs Riu\",\"@id\":\"https:\\\/\\\/www.monaco-tribune.com\\\/en\\\/#\\\/schema\\\/person\\\/6db631c784f2f0eff54c3ca4d1da2d49\"},\"headline\":\"Ready to step up to the Beausoleil staircase challenge? Registration for the 2025 Staircase Race is now open!\",\"datePublished\":\"2025-03-11T16:54:54+00:00\",\"dateModified\":\"2025-03-11T16:56:25+00:00\",\"mainEntityOfPage\":{\"@id\":\"https:\\\/\\\/www.monaco-tribune.com\\\/en\\\/2025\\\/03\\\/ready-to-step-up-to-the-beausoleil-staircase-challenge-registration-for-the-2025-staircase-race-is-now-open\\\/\"},\"wordCount\":322,\"publisher\":{\"@id\":\"https:\\\/\\\/www.monaco-tribune.com\\\/en\\\/#organization\"},\"image\":{\"@id\":\"https:\\\/\\\/www.monaco-tribune.com\\\/en\\\/2025\\\/03\\\/ready-to-step-up-to-the-beausoleil-staircase-challenge-registration-for-the-2025-staircase-race-is-now-open\\\/#primaryimage\"},\"thumbnailUrl\":\"https:\\\/\\\/www.monaco-tribune.com\\\/wp-content\\\/uploads\\\/2025\\\/03\\\/montee-escaliers-beaulieu-sur-mer-2.jpg\",\"keywords\":[\"Events\"],\"articleSection\":[\"News\",\"What&#039;s on\"],\"inLanguage\":\"en-US\",\"copyrightYear\":\"2025\",\"copyrightHolder\":{\"@id\":\"https:\\\/\\\/www.monaco-tribune.com\\\/#organization\"}},{\"@type\":\"WebPage\",\"@id\":\"https:\\\/\\\/www.monaco-tribune.com\\\/en\\\/2025\\\/03\\\/ready-to-step-up-to-the-beausoleil-staircase-challenge-registration-for-the-2025-staircase-race-is-now-open\\\/\",\"url\":\"https:\\\/\\\/www.monaco-tribune.com\\\/en\\\/2025\\\/03\\\/ready-to-step-up-to-the-beausoleil-staircase-challenge-registration-for-the-2025-staircase-race-is-now-open\\\/\",\"name\":\"Ready to step up to the Beausoleil staircase challenge? Registration for the 2025 Staircase Race is now open!\",\"isPartOf\":{\"@id\":\"https:\\\/\\\/www.monaco-tribune.com\\\/en\\\/#website\"},\"primaryImageOfPage\":{\"@id\":\"https:\\\/\\\/www.monaco-tribune.com\\\/en\\\/2025\\\/03\\\/ready-to-step-up-to-the-beausoleil-staircase-challenge-registration-for-the-2025-staircase-race-is-now-open\\\/#primaryimage\"},\"image\":{\"@id\":\"https:\\\/\\\/www.monaco-tribune.com\\\/en\\\/2025\\\/03\\\/ready-to-step-up-to-the-beausoleil-staircase-challenge-registration-for-the-2025-staircase-race-is-now-open\\\/#primaryimage\"},\"thumbnailUrl\":\"https:\\\/\\\/www.monaco-tribune.com\\\/wp-content\\\/uploads\\\/2025\\\/03\\\/montee-escaliers-beaulieu-sur-mer-2.jpg\",\"datePublished\":\"2025-03-11T16:54:54+00:00\",\"dateModified\":\"2025-03-11T16:56:25+00:00\",\"description\":\"On Saturday 22 March, the town of Beausoleil invites sports enthusiasts to take on a unique challenge - to climb its famous staircases. Famed for its many\",\"breadcrumb\":{\"@id\":\"https:\\\/\\\/www.monaco-tribune.com\\\/en\\\/2025\\\/03\\\/ready-to-step-up-to-the-beausoleil-staircase-challenge-registration-for-the-2025-staircase-race-is-now-open\\\/#breadcrumb\"},\"inLanguage\":\"en-US\",\"potentialAction\":[{\"@type\":\"ReadAction\",\"target\":[\"https:\\\/\\\/www.monaco-tribune.com\\\/en\\\/2025\\\/03\\\/ready-to-step-up-to-the-beausoleil-staircase-challenge-registration-for-the-2025-staircase-race-is-now-open\\\/\"]}]},{\"@type\":\"ImageObject\",\"inLanguage\":\"en-US\",\"@id\":\"https:\\\/\\\/www.monaco-tribune.com\\\/en\\\/2025\\\/03\\\/ready-to-step-up-to-the-beausoleil-staircase-challenge-registration-for-the-2025-staircase-race-is-now-open\\\/#primaryimage\",\"url\":\"https:\\\/\\\/www.monaco-tribune.com\\\/wp-content\\\/uploads\\\/2025\\\/03\\\/montee-escaliers-beaulieu-sur-mer-2.jpg\",\"contentUrl\":\"https:\\\/\\\/www.monaco-tribune.com\\\/wp-content\\\/uploads\\\/2025\\\/03\\\/montee-escaliers-beaulieu-sur-mer-2.jpg\",\"width\":1389,\"height\":870,\"caption\":\"A challenge that is open to everyone, provided they are physically fit enough to tackle the climb \u00a9 Monaco Tribune\"},{\"@type\":\"BreadcrumbList\",\"@id\":\"https:\\\/\\\/www.monaco-tribune.com\\\/en\\\/2025\\\/03\\\/ready-to-step-up-to-the-beausoleil-staircase-challenge-registration-for-the-2025-staircase-race-is-now-open\\\/#breadcrumb\",\"itemListElement\":[{\"@type\":\"ListItem\",\"position\":1,\"name\":\"Accueil\",\"item\":\"https:\\\/\\\/www.monaco-tribune.com\\\/en\\\/\"},{\"@type\":\"ListItem\",\"position\":2,\"name\":\"Ready to step up to the Beausoleil staircase challenge? Registration for the 2025 Staircase Race is now open!\"}]},{\"@type\":\"WebSite\",\"@id\":\"https:\\\/\\\/www.monaco-tribune.com\\\/en\\\/#website\",\"url\":\"https:\\\/\\\/www.monaco-tribune.com\\\/en\\\/\",\"name\":\"Monaco Tribune\",\"description\":\"Monaco : actualit\u00e9s \u00e9conomiques, politiques, culturelles et sportives de Monaco et de la French Riviera.\",\"publisher\":{\"@id\":\"https:\\\/\\\/www.monaco-tribune.com\\\/en\\\/#organization\"},\"potentialAction\":[{\"@type\":\"SearchAction\",\"target\":{\"@type\":\"EntryPoint\",\"urlTemplate\":\"https:\\\/\\\/www.monaco-tribune.com\\\/en\\\/?s={search_term_string}\"},\"query-input\":{\"@type\":\"PropertyValueSpecification\",\"valueRequired\":true,\"valueName\":\"search_term_string\"}}],\"inLanguage\":\"en-US\"},{\"@type\":\"Organization\",\"@id\":\"https:\\\/\\\/www.monaco-tribune.com\\\/en\\\/#organization\",\"name\":\"Monaco Tribune\",\"url\":\"https:\\\/\\\/www.monaco-tribune.com\\\/en\\\/\",\"logo\":{\"@type\":\"ImageObject\",\"inLanguage\":\"en-US\",\"@id\":\"https:\\\/\\\/www.monaco-tribune.com\\\/en\\\/#\\\/schema\\\/logo\\\/image\\\/\",\"url\":\"https:\\\/\\\/www.monaco-tribune.com\\\/wp-content\\\/uploads\\\/2022\\\/11\\\/logo-monaco-tribune.png\",\"contentUrl\":\"https:\\\/\\\/www.monaco-tribune.com\\\/wp-content\\\/uploads\\\/2022\\\/11\\\/logo-monaco-tribune.png\",\"width\":1548,\"height\":600,\"caption\":\"Monaco Tribune\"},\"image\":{\"@id\":\"https:\\\/\\\/www.monaco-tribune.com\\\/en\\\/#\\\/schema\\\/logo\\\/image\\\/\"},\"sameAs\":[\"https:\\\/\\\/www.facebook.com\\\/MonacoTribune\",\"https:\\\/\\\/x.com\\\/MonacoTribune\",\"https:\\\/\\\/www.instagram.com\\\/monacotribune\\\/\",\"https:\\\/\\\/www.linkedin.com\\\/company\\\/monaco-tribune\",\"https:\\\/\\\/www.youtube.com\\\/channel\\\/UCHle1MnG6hw1y4lWKijVbMA\"]},{\"@type\":\"Person\",\"@id\":\"https:\\\/\\\/www.monaco-tribune.com\\\/en\\\/#\\\/schema\\\/person\\\/6db631c784f2f0eff54c3ca4d1da2d49\",\"name\":\"Ana\u00efs Riu\",\"image\":{\"@type\":\"ImageObject\",\"inLanguage\":\"en-US\",\"@id\":\"https:\\\/\\\/secure.gravatar.com\\\/avatar\\\/9137eff67ff750f1997c171f45e5829ca4c8fa34729a8f8cd9dc85be7e50df7f?s=96&d=mm&r=g\",\"url\":\"https:\\\/\\\/secure.gravatar.com\\\/avatar\\\/9137eff67ff750f1997c171f45e5829ca4c8fa34729a8f8cd9dc85be7e50df7f?s=96&d=mm&r=g\",\"contentUrl\":\"https:\\\/\\\/secure.gravatar.com\\\/avatar\\\/9137eff67ff750f1997c171f45e5829ca4c8fa34729a8f8cd9dc85be7e50df7f?s=96&d=mm&r=g\",\"caption\":\"Ana\u00efs Riu\"},\"url\":\"https:\\\/\\\/www.monaco-tribune.com\\\/en\\\/author\\\/anaisriu\\\/\"}]}<\/script>\n<!-- \/ Yoast SEO Premium plugin. -->","yoast_head_json":{"title":"Ready to step up to the Beausoleil staircase challenge? Registration for the 2025 Staircase Race is now open!","description":"On Saturday 22 March, the town of Beausoleil invites sports enthusiasts to take on a unique challenge - to climb its famous staircases. Famed for its many","robots":{"index":"index","follow":"follow","max-snippet":"max-snippet:-1","max-image-preview":"max-image-preview:large","max-video-preview":"max-video-preview:-1"},"canonical":"https:\/\/www.monaco-tribune.com\/en\/2025\/03\/ready-to-step-up-to-the-beausoleil-staircase-challenge-registration-for-the-2025-staircase-race-is-now-open\/","og_locale":"en_US","og_type":"article","og_title":"Ready to step up to the Beausoleil staircase challenge? Registration for the 2025 Staircase Race is now open! - Monaco Tribune","og_description":"On Saturday 22 March, the town of Beausoleil invites sports enthusiasts to take on a unique challenge - to climb its famous staircases. Famed for its many","og_url":"https:\/\/www.monaco-tribune.com\/en\/2025\/03\/ready-to-step-up-to-the-beausoleil-staircase-challenge-registration-for-the-2025-staircase-race-is-now-open\/","og_site_name":"Monaco Tribune","article_publisher":"https:\/\/www.facebook.com\/MonacoTribune","article_published_time":"2025-03-11T16:54:54+00:00","article_modified_time":"2025-03-11T16:56:25+00:00","og_image":[{"width":1389,"height":870,"url":"https:\/\/www.monaco-tribune.com\/wp-content\/uploads\/2025\/03\/montee-escaliers-beaulieu-sur-mer-2.jpg","type":"image\/jpeg"}],"author":"Ana\u00efs Riu","twitter_card":"summary_large_image","twitter_creator":"@MonacoTribune","twitter_site":"@MonacoTribune","schema":{"@context":"https:\/\/schema.org","@graph":[{"@type":"NewsArticle","@id":"https:\/\/www.monaco-tribune.com\/en\/2025\/03\/ready-to-step-up-to-the-beausoleil-staircase-challenge-registration-for-the-2025-staircase-race-is-now-open\/#article","isPartOf":{"@id":"https:\/\/www.monaco-tribune.com\/en\/2025\/03\/ready-to-step-up-to-the-beausoleil-staircase-challenge-registration-for-the-2025-staircase-race-is-now-open\/"},"author":{"name":"Ana\u00efs Riu","@id":"https:\/\/www.monaco-tribune.com\/en\/#\/schema\/person\/6db631c784f2f0eff54c3ca4d1da2d49"},"headline":"Ready to step up to the Beausoleil staircase challenge? Registration for the 2025 Staircase Race is now open!","datePublished":"2025-03-11T16:54:54+00:00","dateModified":"2025-03-11T16:56:25+00:00","mainEntityOfPage":{"@id":"https:\/\/www.monaco-tribune.com\/en\/2025\/03\/ready-to-step-up-to-the-beausoleil-staircase-challenge-registration-for-the-2025-staircase-race-is-now-open\/"},"wordCount":322,"publisher":{"@id":"https:\/\/www.monaco-tribune.com\/en\/#organization"},"image":{"@id":"https:\/\/www.monaco-tribune.com\/en\/2025\/03\/ready-to-step-up-to-the-beausoleil-staircase-challenge-registration-for-the-2025-staircase-race-is-now-open\/#primaryimage"},"thumbnailUrl":"https:\/\/www.monaco-tribune.com\/wp-content\/uploads\/2025\/03\/montee-escaliers-beaulieu-sur-mer-2.jpg","keywords":["Events"],"articleSection":["News","What&#039;s on"],"inLanguage":"en-US","copyrightYear":"2025","copyrightHolder":{"@id":"https:\/\/www.monaco-tribune.com\/#organization"}},{"@type":"WebPage","@id":"https:\/\/www.monaco-tribune.com\/en\/2025\/03\/ready-to-step-up-to-the-beausoleil-staircase-challenge-registration-for-the-2025-staircase-race-is-now-open\/","url":"https:\/\/www.monaco-tribune.com\/en\/2025\/03\/ready-to-step-up-to-the-beausoleil-staircase-challenge-registration-for-the-2025-staircase-race-is-now-open\/","name":"Ready to step up to the Beausoleil staircase challenge? Registration for the 2025 Staircase Race is now open!","isPartOf":{"@id":"https:\/\/www.monaco-tribune.com\/en\/#website"},"primaryImageOfPage":{"@id":"https:\/\/www.monaco-tribune.com\/en\/2025\/03\/ready-to-step-up-to-the-beausoleil-staircase-challenge-registration-for-the-2025-staircase-race-is-now-open\/#primaryimage"},"image":{"@id":"https:\/\/www.monaco-tribune.com\/en\/2025\/03\/ready-to-step-up-to-the-beausoleil-staircase-challenge-registration-for-the-2025-staircase-race-is-now-open\/#primaryimage"},"thumbnailUrl":"https:\/\/www.monaco-tribune.com\/wp-content\/uploads\/2025\/03\/montee-escaliers-beaulieu-sur-mer-2.jpg","datePublished":"2025-03-11T16:54:54+00:00","dateModified":"2025-03-11T16:56:25+00:00","description":"On Saturday 22 March, the town of Beausoleil invites sports enthusiasts to take on a unique challenge - to climb its famous staircases. Famed for its many","breadcrumb":{"@id":"https:\/\/www.monaco-tribune.com\/en\/2025\/03\/ready-to-step-up-to-the-beausoleil-staircase-challenge-registration-for-the-2025-staircase-race-is-now-open\/#breadcrumb"},"inLanguage":"en-US","potentialAction":[{"@type":"ReadAction","target":["https:\/\/www.monaco-tribune.com\/en\/2025\/03\/ready-to-step-up-to-the-beausoleil-staircase-challenge-registration-for-the-2025-staircase-race-is-now-open\/"]}]},{"@type":"ImageObject","inLanguage":"en-US","@id":"https:\/\/www.monaco-tribune.com\/en\/2025\/03\/ready-to-step-up-to-the-beausoleil-staircase-challenge-registration-for-the-2025-staircase-race-is-now-open\/#primaryimage","url":"https:\/\/www.monaco-tribune.com\/wp-content\/uploads\/2025\/03\/montee-escaliers-beaulieu-sur-mer-2.jpg","contentUrl":"https:\/\/www.monaco-tribune.com\/wp-content\/uploads\/2025\/03\/montee-escaliers-beaulieu-sur-mer-2.jpg","width":1389,"height":870,"caption":"A challenge that is open to everyone, provided they are physically fit enough to tackle the climb \u00a9 Monaco Tribune"},{"@type":"BreadcrumbList","@id":"https:\/\/www.monaco-tribune.com\/en\/2025\/03\/ready-to-step-up-to-the-beausoleil-staircase-challenge-registration-for-the-2025-staircase-race-is-now-open\/#breadcrumb","itemListElement":[{"@type":"ListItem","position":1,"name":"Accueil","item":"https:\/\/www.monaco-tribune.com\/en\/"},{"@type":"ListItem","position":2,"name":"Ready to step up to the Beausoleil staircase challenge? Registration for the 2025 Staircase Race is now open!"}]},{"@type":"WebSite","@id":"https:\/\/www.monaco-tribune.com\/en\/#website","url":"https:\/\/www.monaco-tribune.com\/en\/","name":"Monaco Tribune","description":"Monaco : actualit\u00e9s \u00e9conomiques, politiques, culturelles et sportives de Monaco et de la French Riviera.","publisher":{"@id":"https:\/\/www.monaco-tribune.com\/en\/#organization"},"potentialAction":[{"@type":"SearchAction","target":{"@type":"EntryPoint","urlTemplate":"https:\/\/www.monaco-tribune.com\/en\/?s={search_term_string}"},"query-input":{"@type":"PropertyValueSpecification","valueRequired":true,"valueName":"search_term_string"}}],"inLanguage":"en-US"},{"@type":"Organization","@id":"https:\/\/www.monaco-tribune.com\/en\/#organization","name":"Monaco Tribune","url":"https:\/\/www.monaco-tribune.com\/en\/","logo":{"@type":"ImageObject","inLanguage":"en-US","@id":"https:\/\/www.monaco-tribune.com\/en\/#\/schema\/logo\/image\/","url":"https:\/\/www.monaco-tribune.com\/wp-content\/uploads\/2022\/11\/logo-monaco-tribune.png","contentUrl":"https:\/\/www.monaco-tribune.com\/wp-content\/uploads\/2022\/11\/logo-monaco-tribune.png","width":1548,"height":600,"caption":"Monaco Tribune"},"image":{"@id":"https:\/\/www.monaco-tribune.com\/en\/#\/schema\/logo\/image\/"},"sameAs":["https:\/\/www.facebook.com\/MonacoTribune","https:\/\/x.com\/MonacoTribune","https:\/\/www.instagram.com\/monacotribune\/","https:\/\/www.linkedin.com\/company\/monaco-tribune","https:\/\/www.youtube.com\/channel\/UCHle1MnG6hw1y4lWKijVbMA"]},{"@type":"Person","@id":"https:\/\/www.monaco-tribune.com\/en\/#\/schema\/person\/6db631c784f2f0eff54c3ca4d1da2d49","name":"Ana\u00efs Riu","image":{"@type":"ImageObject","inLanguage":"en-US","@id":"https:\/\/secure.gravatar.com\/avatar\/9137eff67ff750f1997c171f45e5829ca4c8fa34729a8f8cd9dc85be7e50df7f?s=96&d=mm&r=g","url":"https:\/\/secure.gravatar.com\/avatar\/9137eff67ff750f1997c171f45e5829ca4c8fa34729a8f8cd9dc85be7e50df7f?s=96&d=mm&r=g","contentUrl":"https:\/\/secure.gravatar.com\/avatar\/9137eff67ff750f1997c171f45e5829ca4c8fa34729a8f8cd9dc85be7e50df7f?s=96&d=mm&r=g","caption":"Ana\u00efs Riu"},"url":"https:\/\/www.monaco-tribune.com\/en\/author\/anaisriu\/"}]}},"_links":{"self":[{"href":"https:\/\/www.monaco-tribune.com\/en\/wp-json\/wp\/v2\/posts\/281334","targetHints":{"allow":["GET"]}}],"collection":[{"href":"https:\/\/www.monaco-tribune.com\/en\/wp-json\/wp\/v2\/posts"}],"about":[{"href":"https:\/\/www.monaco-tribune.com\/en\/wp-json\/wp\/v2\/types\/post"}],"author":[{"embeddable":true,"href":"https:\/\/www.monaco-tribune.com\/en\/wp-json\/wp\/v2\/users\/77"}],"replies":[{"embeddable":true,"href":"https:\/\/www.monaco-tribune.com\/en\/wp-json\/wp\/v2\/comments?post=281334"}],"version-history":[{"count":2,"href":"https:\/\/www.monaco-tribune.com\/en\/wp-json\/wp\/v2\/posts\/281334\/revisions"}],"predecessor-version":[{"id":281337,"href":"https:\/\/www.monaco-tribune.com\/en\/wp-json\/wp\/v2\/posts\/281334\/revisions\/281337"}],"wp:featuredmedia":[{"embeddable":true,"href":"https:\/\/www.monaco-tribune.com\/en\/wp-json\/wp\/v2\/media\/281224"}],"wp:attachment":[{"href":"https:\/\/www.monaco-tribune.com\/en\/wp-json\/wp\/v2\/media?parent=281334"}],"wp:term":[{"taxonomy":"category","embeddable":true,"href":"https:\/\/www.monaco-tribune.com\/en\/wp-json\/wp\/v2\/categories?post=281334"},{"taxonomy":"post_tag","embeddable":true,"href":"https:\/\/www.monaco-tribune.com\/en\/wp-json\/wp\/v2\/tags?post=281334"},{"taxonomy":"sectag","embeddable":true,"href":"https:\/\/www.monaco-tribune.com\/en\/wp-json\/wp\/v2\/post_sectags?post=281334"},{"taxonomy":"format","embeddable":true,"href":"https:\/\/www.monaco-tribune.com\/en\/wp-json\/wp\/v2\/post_format?post=281334"}],"curies":[{"name":"wp","href":"https:\/\/api.w.org\/{rel}","templated":true}]}}