{"id":284167,"date":"2025-03-31T10:19:33","date_gmt":"2025-03-31T08:19:33","guid":{"rendered":"https:\/\/www.monaco-tribune.com\/2025\/03\/mediterranee-2050-exhibition-dive-into-the-mediterranean-of-the-future\/"},"modified":"2025-03-31T10:24:11","modified_gmt":"2025-03-31T08:24:11","slug":"mediterranee-2050-exhibition-dive-into-the-mediterranean-of-the-future","status":"publish","type":"post","link":"https:\/\/www.monaco-tribune.com\/en\/2025\/03\/mediterranee-2050-exhibition-dive-into-the-mediterranean-of-the-future\/","title":{"rendered":"M\u00e9diterran\u00e9e 2050 exhibition: dive into the Mediterranean of the future"},"content":{"rendered":"\n<p><strong>The Oceanographic Museum in Monaco is starting a new chapter in its commitment to protecting the oceans, through a major new exhibition.<\/strong><\/p>\n\n<p>Prince Albert II was the first to preview the M\u00e9diterran\u00e9e 2050 exhibition. The following day the press were invited to a guided tour of the exhibition, followed by a press conference presenting the Oceanographic Institute&#8217;s new Mediterranean programme. <\/p>\n\n<blockquote class=\"instagram-media\" data-instgrm-permalink=\"https:\/\/www.instagram.com\/reel\/DHrNv_0stRJ\/?utm_source=ig_embed&#038;utm_campaign=loading\" data-instgrm-version=\"14\" style=\" background:#FFF; border:0; border-radius:3px; box-shadow:0 0 1px 0 rgba(0,0,0,0.5),0 1px 10px 0 rgba(0,0,0,0.15); margin: 1px; max-width:540px; min-width:326px; padding:0; width:99.375%; width:-webkit-calc(100% - 2px); width:calc(100% - 2px);\"><div style=\"padding:16px;\"> <a href=\"https:\/\/www.instagram.com\/reel\/DHrNv_0stRJ\/?utm_source=ig_embed&#038;utm_campaign=loading\" style=\" background:#FFFFFF; line-height:0; padding:0 0; text-align:center; text-decoration:none; width:100%;\" target=\"_blank\"> <div style=\" display: flex; flex-direction: row; align-items: center;\"> <div style=\"background-color: #F4F4F4; border-radius: 50%; flex-grow: 0; height: 40px; margin-right: 14px; width: 40px;\"><\/div> <div style=\"display: flex; flex-direction: column; flex-grow: 1; justify-content: center;\"> <div style=\" background-color: #F4F4F4; border-radius: 4px; flex-grow: 0; height: 14px; margin-bottom: 6px; width: 100px;\"><\/div> <div style=\" background-color: #F4F4F4; border-radius: 4px; flex-grow: 0; height: 14px; width: 60px;\"><\/div><\/div><\/div><div style=\"padding: 19% 0;\"><\/div> <div style=\"display:block; height:50px; margin:0 auto 12px; width:50px;\"><svg width=\"50px\" height=\"50px\" viewbox=\"0 0 60 60\" version=\"1.1\" xmlns=\"https:\/\/www.w3.org\/2000\/svg\" xmlns:xlink=\"https:\/\/www.w3.org\/1999\/xlink\"><g stroke=\"none\" stroke-width=\"1\" fill=\"none\" fill-rule=\"evenodd\"><g transform=\"translate(-511.000000, -20.000000)\" fill=\"#000000\"><g><path d=\"M556.869,30.41 C554.814,30.41 553.148,32.076 553.148,34.131 C553.148,36.186 554.814,37.852 556.869,37.852 C558.924,37.852 560.59,36.186 560.59,34.131 C560.59,32.076 558.924,30.41 556.869,30.41 M541,60.657 C535.114,60.657 530.342,55.887 530.342,50 C530.342,44.114 535.114,39.342 541,39.342 C546.887,39.342 551.658,44.114 551.658,50 C551.658,55.887 546.887,60.657 541,60.657 M541,33.886 C532.1,33.886 524.886,41.1 524.886,50 C524.886,58.899 532.1,66.113 541,66.113 C549.9,66.113 557.115,58.899 557.115,50 C557.115,41.1 549.9,33.886 541,33.886 M565.378,62.101 C565.244,65.022 564.756,66.606 564.346,67.663 C563.803,69.06 563.154,70.057 562.106,71.106 C561.058,72.155 560.06,72.803 558.662,73.347 C557.607,73.757 556.021,74.244 553.102,74.378 C549.944,74.521 548.997,74.552 541,74.552 C533.003,74.552 532.056,74.521 528.898,74.378 C525.979,74.244 524.393,73.757 523.338,73.347 C521.94,72.803 520.942,72.155 519.894,71.106 C518.846,70.057 518.197,69.06 517.654,67.663 C517.244,66.606 516.755,65.022 516.623,62.101 C516.479,58.943 516.448,57.996 516.448,50 C516.448,42.003 516.479,41.056 516.623,37.899 C516.755,34.978 517.244,33.391 517.654,32.338 C518.197,30.938 518.846,29.942 519.894,28.894 C520.942,27.846 521.94,27.196 523.338,26.654 C524.393,26.244 525.979,25.756 528.898,25.623 C532.057,25.479 533.004,25.448 541,25.448 C548.997,25.448 549.943,25.479 553.102,25.623 C556.021,25.756 557.607,26.244 558.662,26.654 C560.06,27.196 561.058,27.846 562.106,28.894 C563.154,29.942 563.803,30.938 564.346,32.338 C564.756,33.391 565.244,34.978 565.378,37.899 C565.522,41.056 565.552,42.003 565.552,50 C565.552,57.996 565.522,58.943 565.378,62.101 M570.82,37.631 C570.674,34.438 570.167,32.258 569.425,30.349 C568.659,28.377 567.633,26.702 565.965,25.035 C564.297,23.368 562.623,22.342 560.652,21.575 C558.743,20.834 556.562,20.326 553.369,20.18 C550.169,20.033 549.148,20 541,20 C532.853,20 531.831,20.033 528.631,20.18 C525.438,20.326 523.257,20.834 521.349,21.575 C519.376,22.342 517.703,23.368 516.035,25.035 C514.368,26.702 513.342,28.377 512.574,30.349 C511.834,32.258 511.326,34.438 511.181,37.631 C511.035,40.831 511,41.851 511,50 C511,58.147 511.035,59.17 511.181,62.369 C511.326,65.562 511.834,67.743 512.574,69.651 C513.342,71.625 514.368,73.296 516.035,74.965 C517.703,76.634 519.376,77.658 521.349,78.425 C523.257,79.167 525.438,79.673 528.631,79.82 C531.831,79.965 532.853,80.001 541,80.001 C549.148,80.001 550.169,79.965 553.369,79.82 C556.562,79.673 558.743,79.167 560.652,78.425 C562.623,77.658 564.297,76.634 565.965,74.965 C567.633,73.296 568.659,71.625 569.425,69.651 C570.167,67.743 570.674,65.562 570.82,62.369 C570.966,59.17 571,58.147 571,50 C571,41.851 570.966,40.831 570.82,37.631\"><\/path><\/g><\/g><\/g><\/svg><\/div><div style=\"padding-top: 8px;\"> <div style=\" color:#3897f0; font-family:Arial,sans-serif; font-size:14px; font-style:normal; font-weight:550; line-height:18px;\">Voir cette publication sur Instagram<\/div><\/div><div style=\"padding: 12.5% 0;\"><\/div> <div style=\"display: flex; flex-direction: row; margin-bottom: 14px; align-items: center;\"><div> <div style=\"background-color: #F4F4F4; border-radius: 50%; height: 12.5px; width: 12.5px; transform: translateX(0px) translateY(7px);\"><\/div> <div style=\"background-color: #F4F4F4; height: 12.5px; transform: rotate(-45deg) translateX(3px) translateY(1px); width: 12.5px; flex-grow: 0; margin-right: 14px; margin-left: 2px;\"><\/div> <div style=\"background-color: #F4F4F4; border-radius: 50%; height: 12.5px; width: 12.5px; transform: translateX(9px) translateY(-18px);\"><\/div><\/div><div style=\"margin-left: 8px;\"> <div style=\" background-color: #F4F4F4; border-radius: 50%; flex-grow: 0; height: 20px; width: 20px;\"><\/div> <div style=\" width: 0; height: 0; border-top: 2px solid transparent; border-left: 6px solid #f4f4f4; border-bottom: 2px solid transparent; transform: translateX(16px) translateY(-4px) rotate(30deg)\"><\/div><\/div><div style=\"margin-left: auto;\"> <div style=\" width: 0px; border-top: 8px solid #F4F4F4; border-right: 8px solid transparent; transform: translateY(16px);\"><\/div> <div style=\" background-color: #F4F4F4; flex-grow: 0; height: 12px; width: 16px; transform: translateY(-4px);\"><\/div> <div style=\" width: 0; height: 0; border-top: 8px solid #F4F4F4; border-left: 8px solid transparent; transform: translateY(-4px) translateX(8px);\"><\/div><\/div><\/div> <div style=\"display: flex; flex-direction: column; flex-grow: 1; justify-content: center; margin-bottom: 24px;\"> <div style=\" background-color: #F4F4F4; border-radius: 4px; flex-grow: 0; height: 14px; margin-bottom: 6px; width: 224px;\"><\/div> <div style=\" background-color: #F4F4F4; border-radius: 4px; flex-grow: 0; height: 14px; width: 144px;\"><\/div><\/div><\/a><p style=\" color:#c9c8cd; font-family:Arial,sans-serif; font-size:14px; line-height:17px; margin-bottom:0; margin-top:8px; overflow:hidden; padding:8px 0 7px; text-align:center; text-overflow:ellipsis; white-space:nowrap;\"><a href=\"https:\/\/www.instagram.com\/reel\/DHrNv_0stRJ\/?utm_source=ig_embed&#038;utm_campaign=loading\" style=\" color:#c9c8cd; font-family:Arial,sans-serif; font-size:14px; font-style:normal; font-weight:normal; line-height:17px; text-decoration:none;\" target=\"_blank\">Une publication partag\u00e9e par Palais Princier de Monaco (@palaisprincierdemonaco)<\/a><\/p><\/div><\/blockquote>\r\n<script async=\"\" src=\"\/\/www.instagram.com\/embed.js\"><\/script>\r\n\n<p>The <a href=\"https:\/\/www.monaco-tribune.com\/en\/2024\/05\/all-you-need-to-know-about-the-oceanographic-museum-of-monaco\/\">Oceanographic Museum<\/a> has launched its new 1000m2 immersive exhibition. The aim is to raise public awareness and involvement regarding the crucial environmental issues facing the Mediterranean Sea. <em>M\u00e9diterran\u00e9e 2050<\/em> is part of a vast programme spanning several years and led by the Oceanographic Institute to preserve endangered Mediterranean ecosystems.<\/p>\n\n<p>The Mediterranean, an absolute treasure trove of biodiversity, is home to over 17,000 marine species, representing almost 7.5% of the world&#8217;s marine fauna and 18% of its marine flora. However, it is under increasing pressure from global warming, pollution and over-exploitation of resources. <\/p>\n\n<p>Today, only 1.5% of its waters are effectively protected. The M\u00e9diterran\u00e9e 2050 exhibition invites us to think about how we can preserve this unique natural heritage.<\/p>\n<div class=\"wp-block-image\">\n<figure class=\"aligncenter size-large\"><img loading=\"lazy\" decoding=\"async\" width=\"1024\" height=\"683\" src=\"https:\/\/www.monaco-tribune.com\/wp-content\/uploads\/2025\/03\/vr-1024x683.jpg\" alt=\"Mus&#xE9;e Oc&#xE9;anographique\" class=\"wp-image-283634\" srcset=\"https:\/\/www.monaco-tribune.com\/wp-content\/uploads\/2025\/03\/vr-1024x683.jpg 1024w, https:\/\/www.monaco-tribune.com\/wp-content\/uploads\/2025\/03\/vr-450x300.jpg 450w, https:\/\/www.monaco-tribune.com\/wp-content\/uploads\/2025\/03\/vr.jpg 1200w\" sizes=\"auto, (max-width: 1024px) 100vw, 1024px\" \/><figcaption class=\"wp-element-caption\">ImmerSEAve VR <em>\u00a9Monaco Tribune<\/em><\/figcaption><\/figure>\n<\/div>\n<p>The journalists were also able to discover the Mediterranean section of the aquarium before trying out <i>ImmerSEAve VR<\/i>: a state-of-the-art immersive virtual reality experience. Wearing headsets that give the impression of being divers, but without the goggles or breathing apparatus, visitors &#8216;dive&#8217; into a Marine Protected Area, an underwater environment teeming with life.<\/p>\n\n<p>Through the unique sensory immersion, which lasts around thirty minutes, visitors are able to realise the importance of marine conservation and are invited to take action to save the oceans.<\/p>\n\n<h2 class=\"wp-block-heading\" id=\"h-un-parcours-immersif-a-travers-quatre-espaces-thematiques\">An immersive journey through four themed areas<\/h2>\n\n<p>The M\u00e9diterran\u00e9e 2050 exhibition takes visitors on an odyssey through space and time, from the Mediterranean&#8217;s glorious past to a future where preserving marine ecosystems is a global priority. <\/p>\n<div class=\"wp-block-image\">\n<figure class=\"aligncenter size-large\"><img decoding=\"async\" src=\"https:\/\/www.monaco-tribune.com\/wp-content\/uploads\/2025\/03\/visuel_exposition_mediterranee_2050_20250218_musee_oceanograpique_monaco&#xA9;artisans-d_idees_5-1-1024x683.jpg\" alt=\"exposition_mediterranee_2050\" class=\"wp-image-283616\"\/><figcaption class=\"wp-element-caption\"><em>\u00a9 Artisans d\u2019id\u00e9es <\/em><\/figcaption><\/figure>\n<\/div><div class=\"wp-block-image\">\n<figure class=\"aligncenter size-large\"><img decoding=\"async\" src=\"https:\/\/www.monaco-tribune.com\/wp-content\/uploads\/2025\/03\/visuel_exposition_mediterranee_2050_20250218_musee_oceanograpique_monaco&#xA9;artisans-d_idees_2-1024x683.jpg\" alt=\"Visuel_Exposition_Mediterranee_2050_20250218_Musee_oceanograpique_Monaco&#xA9;ARTISANS D_IDEES_2\" class=\"wp-image-283645\"\/><figcaption class=\"wp-element-caption\"><em>\u00a9 Artisans d\u2019id\u00e9es <\/em><\/figcaption><\/figure>\n<\/div>\n<p>The tour is made up of four main themed areas:<\/p>\n\n<ul start=\"1\" class=\"wp-block-list\">\n<li><b>The Oceanomania hall<\/b> is home to the world&#8217;s largest marine curiosity cabinet. This zone showcases the history of the Mediterranean and its biodiversity. An impressive 4-metre-high sculpture of a sperm whale serves as an interactive tool, providing information about the ecosystem&#8217;s evolution.<\/li>\n\n\n\n<li><b>Oceano Monaco<\/b>: This section traces the commitment of successive Princes of Monaco to protecting the ocean, from Prince Albert I, the pioneer of modern oceanography, to Prince Albert II. Thanks to interactive screens and a <i>&#8220;serious game,&#8221;<\/i>\u00a0 visitors are invited to imagine themselves as managers of a Marine Protected Area and to measure the impact of their decisions on the environment.<\/li>\n\n\n\n<li><b>Oceano Odyssey<\/b>: This futuristic zone takes visitors to the year 2050 in an unspoilt marine sanctuary. Immersive images over 310 m\u00b2 let them observe a regenerated ecosystem where loggerhead turtles, rorqual whales, swordfish and dolphins live side by side. It shows the benefits of conservation efforts and encourages the public to get involved in protecting the Mediterranean Sea.<\/li>\n\n\n\n<li><b>My OCEANO Med<\/b>: The final stage of the journey is interactive and engaging. Through educational challenges and an interactive fresco, visitors can see the impact of their acts and the importance of collective efforts. A web application enables uses to extend the experience, creating their own Marine Protected Area and taking on environmental challenges.<\/li>\n<\/ul>\n<div class=\"wp-block-image\">\n<figure class=\"aligncenter size-large\"><img decoding=\"async\" src=\"https:\/\/www.monaco-tribune.com\/wp-content\/uploads\/2025\/03\/visuel_exposition_mediterranee_2050_20250218_musee_oceanograpique_monaco&#xA9;hovertone_1-1024x683.jpg\" alt=\"exposition_mediterranee_2050\" class=\"wp-image-283620\"\/><figcaption class=\"wp-element-caption\"><em>\u00a9 hovertone<\/em><\/figcaption><\/figure>\n<\/div>\n<p class=\"related\"><a href=\"https:\/\/www.monaco-tribune.com\/en\/2023\/04\/as-monaco-and-the-oceanographic-museum-raise-awareness-on-ocean-protection-together\/\">AS Monaco and the Oceanographic Museum raise awareness on ocean protection together<\/a><\/p>\n\n<p>At the press conference following the visit, Robert Calcagno, Xavier Prache and Cyril Gomez all stressed the importance of the exhibition and related initiatives.<\/p>\n\n<p>The Director General of the Oceanographic Institute, Robert Calcagno, spoke of the exceptional wealth of the Mediterranean: <i>&#8220;The Mediterranean is the cradle of our civilisation. It is a unique environment with 17,000 marine species and an impressive endemism rate of 19%. It represents only 1% of the surface area of the world&#8217;s oceans, but is home to exceptional biodiversity, almost twice that of the Great Barrier Reef! However, it is under threat as a result of cumulative and growing pressures (global warming, pollution, exploitation of resources, maritime traffic and overtourism). Faced with these challenges, the Oceanographic Institute has chosen to react, but also to dream.&#8221;<\/i><\/p>\n\n<p>Xavier Prache,\u00a0Director of the Soci\u00e9t\u00e9 des Explorations de Monaco, presented the programme for the\u00a0<i>&#8220;Mediterranean<\/i><i>Missions&#8221;<\/i>\u00a0that will begin in 2025 in Greece: <i>&#8220;The aim of Explorations de Monaco&#8217;s Mediterranean Missions is to boost government cooperation, increase scientific knowledge of Marine Protected Areas and raise public awareness through exhibitions and educational events. These missions embody Prince Albert II&#8217;s determination to play an active role in protecting the Mediterranean.&#8221;<\/i><\/p>\n<div class=\"wp-block-image\">\n<figure class=\"aligncenter size-large\"><img loading=\"lazy\" decoding=\"async\" width=\"1024\" height=\"683\" src=\"https:\/\/www.monaco-tribune.com\/wp-content\/uploads\/2025\/03\/exposition-2050jpg-1024x683.jpg\" alt=\"exposition 2050\" class=\"wp-image-283641\" srcset=\"https:\/\/www.monaco-tribune.com\/wp-content\/uploads\/2025\/03\/exposition-2050jpg-1024x683.jpg 1024w, https:\/\/www.monaco-tribune.com\/wp-content\/uploads\/2025\/03\/exposition-2050jpg-450x300.jpg 450w, https:\/\/www.monaco-tribune.com\/wp-content\/uploads\/2025\/03\/exposition-2050jpg.jpg 1200w\" sizes=\"auto, (max-width: 1024px) 100vw, 1024px\" \/><figcaption class=\"wp-element-caption\"><em>\u00a9Monaco Tribune<\/em><\/figcaption><\/figure>\n<\/div>\n<h2 class=\"wp-block-heading\">A call to action to protect the Mediterranean<\/h2>\n\n<p><i>&#8220;Yesterday the Mediterranean was the symbol of the progress of civilisations. Today it is the symbol of the dysfunctions and tensions of the planet. Tomorrow, it must be the symbol of new solutions,&#8221;<\/i> said Prince Albert II in his speech at COP27.<\/p>\n\n<p>The Mediterranean 2050 exhibition embodies this vision, providing a journey to the heart of the challenges and solutions for the future of the Mediterranean Sea. <\/p>\n\n<p>Through a combination of immersive technologies, scientific engagement and public awareness raising, the Institut Oc\u00e9anographique aims to stir public opinion and foster a strong commitment to preserving this unique ecosystem.<\/p>\n\n<p>The exhibition is now open to the public. <\/p>\n\n<figure class=\"wp-block-embed aligncenter is-type-video is-provider-youtube wp-block-embed-youtube wp-embed-aspect-16-9 wp-has-aspect-ratio\"><div class=\"wp-block-embed__wrapper\">\r\n<iframe title=\"M\u00e9diterran\u00e9e 2050 : Plongez au c\u0153ur du prestigieux Mus\u00e9e Oc\u00e9anographique de Monaco\" width=\"500\" height=\"281\" src=\"https:\/\/www.youtube.com\/embed\/IfFHPAnwGps?feature=oembed\" frameborder=\"0\" allow=\"accelerometer; autoplay; clipboard-write; encrypted-media; gyroscope; picture-in-picture; web-share\" referrerpolicy=\"strict-origin-when-cross-origin\" allowfullscreen><\/iframe>\r\n<\/div><\/figure>\r\n\n<p class=\"related\"><a href=\"https:\/\/www.monaco-tribune.com\/en\/2025\/03\/19-vacancies-at-monacos-oceanographic-museum\/\">19 vacancies at Monaco&#8217;s Oceanographic Museum<\/a><\/p>\n","protected":false},"excerpt":{"rendered":"<p>The Oceanographic Museum in Monaco is starting a new chapter in its commitment to protecting the oceans, through a major [&hellip;]<\/p>\n","protected":false},"author":80,"featured_media":283630,"comment_status":"closed","ping_status":"closed","sticky":false,"template":"","format":"standard","meta":{"_acf_changed":false,"footnotes":""},"categories":[1825,243,251],"tags":[5475],"post_sectags":[4982],"post_format":[2468],"class_list":["post-284167","post","type-post","status-publish","format-standard","has-post-thumbnail","hentry","category-editors-choice","category-news","category-whats-on","tag-oceanographic-museum-en","sectag-exhibition","format-story"],"acf":[],"yoast_head":"<!-- This site is optimized with the Yoast SEO Premium plugin v26.8 (Yoast SEO v27.5) - https:\/\/yoast.com\/product\/yoast-seo-premium-wordpress\/ -->\n<title>M\u00e9diterran\u00e9e 2050 exhibition: dive into the Mediterranean of the future<\/title>\n<meta name=\"description\" content=\"The Oceanographic Museum in Monaco is starting a new chapter in its commitment to protecting the oceans, through a major new exhibition. Prince Albert II\" \/>\n<meta name=\"robots\" content=\"index, follow, max-snippet:-1, max-image-preview:large, max-video-preview:-1\" \/>\n<link rel=\"canonical\" href=\"https:\/\/www.monaco-tribune.com\/en\/2025\/03\/mediterranee-2050-exhibition-dive-into-the-mediterranean-of-the-future\/\" \/>\n<meta property=\"og:locale\" content=\"en_US\" \/>\n<meta property=\"og:type\" content=\"article\" \/>\n<meta property=\"og:title\" content=\"M\u00e9diterran\u00e9e 2050 exhibition: dive into the Mediterranean of the future - Monaco Tribune\" \/>\n<meta property=\"og:description\" content=\"The Oceanographic Museum in Monaco is starting a new chapter in its commitment to protecting the oceans, through a major new exhibition. Prince Albert II\" \/>\n<meta property=\"og:url\" content=\"https:\/\/www.monaco-tribune.com\/en\/2025\/03\/mediterranee-2050-exhibition-dive-into-the-mediterranean-of-the-future\/\" \/>\n<meta property=\"og:site_name\" content=\"Monaco Tribune\" \/>\n<meta property=\"article:publisher\" content=\"https:\/\/www.facebook.com\/MonacoTribune\" \/>\n<meta property=\"article:published_time\" content=\"2025-03-31T08:19:33+00:00\" \/>\n<meta property=\"article:modified_time\" content=\"2025-03-31T08:24:11+00:00\" \/>\n<meta property=\"og:image\" content=\"https:\/\/www.monaco-tribune.com\/wp-content\/uploads\/2025\/03\/unnamed-1.jpg\" \/>\n\t<meta property=\"og:image:width\" content=\"1200\" \/>\n\t<meta property=\"og:image:height\" content=\"800\" \/>\n\t<meta property=\"og:image:type\" content=\"image\/jpeg\" \/>\n<meta name=\"author\" content=\"Estelle Imbert\" \/>\n<meta name=\"twitter:card\" content=\"summary_large_image\" \/>\n<meta name=\"twitter:creator\" content=\"@MonacoTribune\" \/>\n<meta name=\"twitter:site\" content=\"@MonacoTribune\" \/>\n<script type=\"application\/ld+json\" class=\"yoast-schema-graph\">{\"@context\":\"https:\\\/\\\/schema.org\",\"@graph\":[{\"@type\":\"NewsArticle\",\"@id\":\"https:\\\/\\\/www.monaco-tribune.com\\\/en\\\/2025\\\/03\\\/mediterranee-2050-exhibition-dive-into-the-mediterranean-of-the-future\\\/#article\",\"isPartOf\":{\"@id\":\"https:\\\/\\\/www.monaco-tribune.com\\\/en\\\/2025\\\/03\\\/mediterranee-2050-exhibition-dive-into-the-mediterranean-of-the-future\\\/\"},\"author\":{\"name\":\"Estelle Imbert\",\"@id\":\"https:\\\/\\\/www.monaco-tribune.com\\\/en\\\/#\\\/schema\\\/person\\\/55ce91a070ff78e15ec1817376669bf4\"},\"headline\":\"M\u00e9diterran\u00e9e 2050 exhibition: dive into the Mediterranean of the future\",\"datePublished\":\"2025-03-31T08:19:33+00:00\",\"dateModified\":\"2025-03-31T08:24:11+00:00\",\"mainEntityOfPage\":{\"@id\":\"https:\\\/\\\/www.monaco-tribune.com\\\/en\\\/2025\\\/03\\\/mediterranee-2050-exhibition-dive-into-the-mediterranean-of-the-future\\\/\"},\"wordCount\":903,\"publisher\":{\"@id\":\"https:\\\/\\\/www.monaco-tribune.com\\\/en\\\/#organization\"},\"image\":{\"@id\":\"https:\\\/\\\/www.monaco-tribune.com\\\/en\\\/2025\\\/03\\\/mediterranee-2050-exhibition-dive-into-the-mediterranean-of-the-future\\\/#primaryimage\"},\"thumbnailUrl\":\"https:\\\/\\\/www.monaco-tribune.com\\\/wp-content\\\/uploads\\\/2025\\\/03\\\/unnamed-1.jpg\",\"keywords\":[\"Oceanographic Museum\"],\"articleSection\":[\"Editor&#039;s choice\",\"News\",\"What&#039;s on\"],\"inLanguage\":\"en-US\",\"copyrightYear\":\"2025\",\"copyrightHolder\":{\"@id\":\"https:\\\/\\\/www.monaco-tribune.com\\\/#organization\"}},{\"@type\":\"WebPage\",\"@id\":\"https:\\\/\\\/www.monaco-tribune.com\\\/en\\\/2025\\\/03\\\/mediterranee-2050-exhibition-dive-into-the-mediterranean-of-the-future\\\/\",\"url\":\"https:\\\/\\\/www.monaco-tribune.com\\\/en\\\/2025\\\/03\\\/mediterranee-2050-exhibition-dive-into-the-mediterranean-of-the-future\\\/\",\"name\":\"M\u00e9diterran\u00e9e 2050 exhibition: dive into the Mediterranean of the future\",\"isPartOf\":{\"@id\":\"https:\\\/\\\/www.monaco-tribune.com\\\/en\\\/#website\"},\"primaryImageOfPage\":{\"@id\":\"https:\\\/\\\/www.monaco-tribune.com\\\/en\\\/2025\\\/03\\\/mediterranee-2050-exhibition-dive-into-the-mediterranean-of-the-future\\\/#primaryimage\"},\"image\":{\"@id\":\"https:\\\/\\\/www.monaco-tribune.com\\\/en\\\/2025\\\/03\\\/mediterranee-2050-exhibition-dive-into-the-mediterranean-of-the-future\\\/#primaryimage\"},\"thumbnailUrl\":\"https:\\\/\\\/www.monaco-tribune.com\\\/wp-content\\\/uploads\\\/2025\\\/03\\\/unnamed-1.jpg\",\"datePublished\":\"2025-03-31T08:19:33+00:00\",\"dateModified\":\"2025-03-31T08:24:11+00:00\",\"description\":\"The Oceanographic Museum in Monaco is starting a new chapter in its commitment to protecting the oceans, through a major new exhibition. Prince Albert II\",\"breadcrumb\":{\"@id\":\"https:\\\/\\\/www.monaco-tribune.com\\\/en\\\/2025\\\/03\\\/mediterranee-2050-exhibition-dive-into-the-mediterranean-of-the-future\\\/#breadcrumb\"},\"inLanguage\":\"en-US\",\"potentialAction\":[{\"@type\":\"ReadAction\",\"target\":[\"https:\\\/\\\/www.monaco-tribune.com\\\/en\\\/2025\\\/03\\\/mediterranee-2050-exhibition-dive-into-the-mediterranean-of-the-future\\\/\"]}]},{\"@type\":\"ImageObject\",\"inLanguage\":\"en-US\",\"@id\":\"https:\\\/\\\/www.monaco-tribune.com\\\/en\\\/2025\\\/03\\\/mediterranee-2050-exhibition-dive-into-the-mediterranean-of-the-future\\\/#primaryimage\",\"url\":\"https:\\\/\\\/www.monaco-tribune.com\\\/wp-content\\\/uploads\\\/2025\\\/03\\\/unnamed-1.jpg\",\"contentUrl\":\"https:\\\/\\\/www.monaco-tribune.com\\\/wp-content\\\/uploads\\\/2025\\\/03\\\/unnamed-1.jpg\",\"width\":1200,\"height\":800,\"caption\":\"The aim of the exhibition is to provide a vision of what the Mediterranean could be, ideally, by 2050 \u00a9 Monaco Tribune\"},{\"@type\":\"BreadcrumbList\",\"@id\":\"https:\\\/\\\/www.monaco-tribune.com\\\/en\\\/2025\\\/03\\\/mediterranee-2050-exhibition-dive-into-the-mediterranean-of-the-future\\\/#breadcrumb\",\"itemListElement\":[{\"@type\":\"ListItem\",\"position\":1,\"name\":\"Accueil\",\"item\":\"https:\\\/\\\/www.monaco-tribune.com\\\/en\\\/\"},{\"@type\":\"ListItem\",\"position\":2,\"name\":\"M\u00e9diterran\u00e9e 2050 exhibition: dive into the Mediterranean of the future\"}]},{\"@type\":\"WebSite\",\"@id\":\"https:\\\/\\\/www.monaco-tribune.com\\\/en\\\/#website\",\"url\":\"https:\\\/\\\/www.monaco-tribune.com\\\/en\\\/\",\"name\":\"Monaco Tribune\",\"description\":\"Monaco : actualit\u00e9s \u00e9conomiques, politiques, culturelles et sportives de Monaco et de la French Riviera.\",\"publisher\":{\"@id\":\"https:\\\/\\\/www.monaco-tribune.com\\\/en\\\/#organization\"},\"potentialAction\":[{\"@type\":\"SearchAction\",\"target\":{\"@type\":\"EntryPoint\",\"urlTemplate\":\"https:\\\/\\\/www.monaco-tribune.com\\\/en\\\/?s={search_term_string}\"},\"query-input\":{\"@type\":\"PropertyValueSpecification\",\"valueRequired\":true,\"valueName\":\"search_term_string\"}}],\"inLanguage\":\"en-US\"},{\"@type\":\"Organization\",\"@id\":\"https:\\\/\\\/www.monaco-tribune.com\\\/en\\\/#organization\",\"name\":\"Monaco Tribune\",\"url\":\"https:\\\/\\\/www.monaco-tribune.com\\\/en\\\/\",\"logo\":{\"@type\":\"ImageObject\",\"inLanguage\":\"en-US\",\"@id\":\"https:\\\/\\\/www.monaco-tribune.com\\\/en\\\/#\\\/schema\\\/logo\\\/image\\\/\",\"url\":\"https:\\\/\\\/www.monaco-tribune.com\\\/wp-content\\\/uploads\\\/2022\\\/11\\\/logo-monaco-tribune.png\",\"contentUrl\":\"https:\\\/\\\/www.monaco-tribune.com\\\/wp-content\\\/uploads\\\/2022\\\/11\\\/logo-monaco-tribune.png\",\"width\":1548,\"height\":600,\"caption\":\"Monaco Tribune\"},\"image\":{\"@id\":\"https:\\\/\\\/www.monaco-tribune.com\\\/en\\\/#\\\/schema\\\/logo\\\/image\\\/\"},\"sameAs\":[\"https:\\\/\\\/www.facebook.com\\\/MonacoTribune\",\"https:\\\/\\\/x.com\\\/MonacoTribune\",\"https:\\\/\\\/www.instagram.com\\\/monacotribune\\\/\",\"https:\\\/\\\/www.linkedin.com\\\/company\\\/monaco-tribune\",\"https:\\\/\\\/www.youtube.com\\\/channel\\\/UCHle1MnG6hw1y4lWKijVbMA\"]},{\"@type\":\"Person\",\"@id\":\"https:\\\/\\\/www.monaco-tribune.com\\\/en\\\/#\\\/schema\\\/person\\\/55ce91a070ff78e15ec1817376669bf4\",\"name\":\"Estelle Imbert\",\"image\":{\"@type\":\"ImageObject\",\"inLanguage\":\"en-US\",\"@id\":\"https:\\\/\\\/secure.gravatar.com\\\/avatar\\\/d2e1a3840b1138a669d04f6292bbd810f7f730844d7a28a8e8c4c6da40e79852?s=96&d=mm&r=g\",\"url\":\"https:\\\/\\\/secure.gravatar.com\\\/avatar\\\/d2e1a3840b1138a669d04f6292bbd810f7f730844d7a28a8e8c4c6da40e79852?s=96&d=mm&r=g\",\"contentUrl\":\"https:\\\/\\\/secure.gravatar.com\\\/avatar\\\/d2e1a3840b1138a669d04f6292bbd810f7f730844d7a28a8e8c4c6da40e79852?s=96&d=mm&r=g\",\"caption\":\"Estelle Imbert\"},\"url\":\"https:\\\/\\\/www.monaco-tribune.com\\\/en\\\/author\\\/estelleimbert\\\/\"}]}<\/script>\n<!-- \/ Yoast SEO Premium plugin. -->","yoast_head_json":{"title":"M\u00e9diterran\u00e9e 2050 exhibition: dive into the Mediterranean of the future","description":"The Oceanographic Museum in Monaco is starting a new chapter in its commitment to protecting the oceans, through a major new exhibition. Prince Albert II","robots":{"index":"index","follow":"follow","max-snippet":"max-snippet:-1","max-image-preview":"max-image-preview:large","max-video-preview":"max-video-preview:-1"},"canonical":"https:\/\/www.monaco-tribune.com\/en\/2025\/03\/mediterranee-2050-exhibition-dive-into-the-mediterranean-of-the-future\/","og_locale":"en_US","og_type":"article","og_title":"M\u00e9diterran\u00e9e 2050 exhibition: dive into the Mediterranean of the future - Monaco Tribune","og_description":"The Oceanographic Museum in Monaco is starting a new chapter in its commitment to protecting the oceans, through a major new exhibition. Prince Albert II","og_url":"https:\/\/www.monaco-tribune.com\/en\/2025\/03\/mediterranee-2050-exhibition-dive-into-the-mediterranean-of-the-future\/","og_site_name":"Monaco Tribune","article_publisher":"https:\/\/www.facebook.com\/MonacoTribune","article_published_time":"2025-03-31T08:19:33+00:00","article_modified_time":"2025-03-31T08:24:11+00:00","og_image":[{"width":1200,"height":800,"url":"https:\/\/www.monaco-tribune.com\/wp-content\/uploads\/2025\/03\/unnamed-1.jpg","type":"image\/jpeg"}],"author":"Estelle Imbert","twitter_card":"summary_large_image","twitter_creator":"@MonacoTribune","twitter_site":"@MonacoTribune","schema":{"@context":"https:\/\/schema.org","@graph":[{"@type":"NewsArticle","@id":"https:\/\/www.monaco-tribune.com\/en\/2025\/03\/mediterranee-2050-exhibition-dive-into-the-mediterranean-of-the-future\/#article","isPartOf":{"@id":"https:\/\/www.monaco-tribune.com\/en\/2025\/03\/mediterranee-2050-exhibition-dive-into-the-mediterranean-of-the-future\/"},"author":{"name":"Estelle Imbert","@id":"https:\/\/www.monaco-tribune.com\/en\/#\/schema\/person\/55ce91a070ff78e15ec1817376669bf4"},"headline":"M\u00e9diterran\u00e9e 2050 exhibition: dive into the Mediterranean of the future","datePublished":"2025-03-31T08:19:33+00:00","dateModified":"2025-03-31T08:24:11+00:00","mainEntityOfPage":{"@id":"https:\/\/www.monaco-tribune.com\/en\/2025\/03\/mediterranee-2050-exhibition-dive-into-the-mediterranean-of-the-future\/"},"wordCount":903,"publisher":{"@id":"https:\/\/www.monaco-tribune.com\/en\/#organization"},"image":{"@id":"https:\/\/www.monaco-tribune.com\/en\/2025\/03\/mediterranee-2050-exhibition-dive-into-the-mediterranean-of-the-future\/#primaryimage"},"thumbnailUrl":"https:\/\/www.monaco-tribune.com\/wp-content\/uploads\/2025\/03\/unnamed-1.jpg","keywords":["Oceanographic Museum"],"articleSection":["Editor&#039;s choice","News","What&#039;s on"],"inLanguage":"en-US","copyrightYear":"2025","copyrightHolder":{"@id":"https:\/\/www.monaco-tribune.com\/#organization"}},{"@type":"WebPage","@id":"https:\/\/www.monaco-tribune.com\/en\/2025\/03\/mediterranee-2050-exhibition-dive-into-the-mediterranean-of-the-future\/","url":"https:\/\/www.monaco-tribune.com\/en\/2025\/03\/mediterranee-2050-exhibition-dive-into-the-mediterranean-of-the-future\/","name":"M\u00e9diterran\u00e9e 2050 exhibition: dive into the Mediterranean of the future","isPartOf":{"@id":"https:\/\/www.monaco-tribune.com\/en\/#website"},"primaryImageOfPage":{"@id":"https:\/\/www.monaco-tribune.com\/en\/2025\/03\/mediterranee-2050-exhibition-dive-into-the-mediterranean-of-the-future\/#primaryimage"},"image":{"@id":"https:\/\/www.monaco-tribune.com\/en\/2025\/03\/mediterranee-2050-exhibition-dive-into-the-mediterranean-of-the-future\/#primaryimage"},"thumbnailUrl":"https:\/\/www.monaco-tribune.com\/wp-content\/uploads\/2025\/03\/unnamed-1.jpg","datePublished":"2025-03-31T08:19:33+00:00","dateModified":"2025-03-31T08:24:11+00:00","description":"The Oceanographic Museum in Monaco is starting a new chapter in its commitment to protecting the oceans, through a major new exhibition. Prince Albert II","breadcrumb":{"@id":"https:\/\/www.monaco-tribune.com\/en\/2025\/03\/mediterranee-2050-exhibition-dive-into-the-mediterranean-of-the-future\/#breadcrumb"},"inLanguage":"en-US","potentialAction":[{"@type":"ReadAction","target":["https:\/\/www.monaco-tribune.com\/en\/2025\/03\/mediterranee-2050-exhibition-dive-into-the-mediterranean-of-the-future\/"]}]},{"@type":"ImageObject","inLanguage":"en-US","@id":"https:\/\/www.monaco-tribune.com\/en\/2025\/03\/mediterranee-2050-exhibition-dive-into-the-mediterranean-of-the-future\/#primaryimage","url":"https:\/\/www.monaco-tribune.com\/wp-content\/uploads\/2025\/03\/unnamed-1.jpg","contentUrl":"https:\/\/www.monaco-tribune.com\/wp-content\/uploads\/2025\/03\/unnamed-1.jpg","width":1200,"height":800,"caption":"The aim of the exhibition is to provide a vision of what the Mediterranean could be, ideally, by 2050 \u00a9 Monaco Tribune"},{"@type":"BreadcrumbList","@id":"https:\/\/www.monaco-tribune.com\/en\/2025\/03\/mediterranee-2050-exhibition-dive-into-the-mediterranean-of-the-future\/#breadcrumb","itemListElement":[{"@type":"ListItem","position":1,"name":"Accueil","item":"https:\/\/www.monaco-tribune.com\/en\/"},{"@type":"ListItem","position":2,"name":"M\u00e9diterran\u00e9e 2050 exhibition: dive into the Mediterranean of the future"}]},{"@type":"WebSite","@id":"https:\/\/www.monaco-tribune.com\/en\/#website","url":"https:\/\/www.monaco-tribune.com\/en\/","name":"Monaco Tribune","description":"Monaco : actualit\u00e9s \u00e9conomiques, politiques, culturelles et sportives de Monaco et de la French Riviera.","publisher":{"@id":"https:\/\/www.monaco-tribune.com\/en\/#organization"},"potentialAction":[{"@type":"SearchAction","target":{"@type":"EntryPoint","urlTemplate":"https:\/\/www.monaco-tribune.com\/en\/?s={search_term_string}"},"query-input":{"@type":"PropertyValueSpecification","valueRequired":true,"valueName":"search_term_string"}}],"inLanguage":"en-US"},{"@type":"Organization","@id":"https:\/\/www.monaco-tribune.com\/en\/#organization","name":"Monaco Tribune","url":"https:\/\/www.monaco-tribune.com\/en\/","logo":{"@type":"ImageObject","inLanguage":"en-US","@id":"https:\/\/www.monaco-tribune.com\/en\/#\/schema\/logo\/image\/","url":"https:\/\/www.monaco-tribune.com\/wp-content\/uploads\/2022\/11\/logo-monaco-tribune.png","contentUrl":"https:\/\/www.monaco-tribune.com\/wp-content\/uploads\/2022\/11\/logo-monaco-tribune.png","width":1548,"height":600,"caption":"Monaco Tribune"},"image":{"@id":"https:\/\/www.monaco-tribune.com\/en\/#\/schema\/logo\/image\/"},"sameAs":["https:\/\/www.facebook.com\/MonacoTribune","https:\/\/x.com\/MonacoTribune","https:\/\/www.instagram.com\/monacotribune\/","https:\/\/www.linkedin.com\/company\/monaco-tribune","https:\/\/www.youtube.com\/channel\/UCHle1MnG6hw1y4lWKijVbMA"]},{"@type":"Person","@id":"https:\/\/www.monaco-tribune.com\/en\/#\/schema\/person\/55ce91a070ff78e15ec1817376669bf4","name":"Estelle Imbert","image":{"@type":"ImageObject","inLanguage":"en-US","@id":"https:\/\/secure.gravatar.com\/avatar\/d2e1a3840b1138a669d04f6292bbd810f7f730844d7a28a8e8c4c6da40e79852?s=96&d=mm&r=g","url":"https:\/\/secure.gravatar.com\/avatar\/d2e1a3840b1138a669d04f6292bbd810f7f730844d7a28a8e8c4c6da40e79852?s=96&d=mm&r=g","contentUrl":"https:\/\/secure.gravatar.com\/avatar\/d2e1a3840b1138a669d04f6292bbd810f7f730844d7a28a8e8c4c6da40e79852?s=96&d=mm&r=g","caption":"Estelle Imbert"},"url":"https:\/\/www.monaco-tribune.com\/en\/author\/estelleimbert\/"}]}},"_links":{"self":[{"href":"https:\/\/www.monaco-tribune.com\/en\/wp-json\/wp\/v2\/posts\/284167","targetHints":{"allow":["GET"]}}],"collection":[{"href":"https:\/\/www.monaco-tribune.com\/en\/wp-json\/wp\/v2\/posts"}],"about":[{"href":"https:\/\/www.monaco-tribune.com\/en\/wp-json\/wp\/v2\/types\/post"}],"author":[{"embeddable":true,"href":"https:\/\/www.monaco-tribune.com\/en\/wp-json\/wp\/v2\/users\/80"}],"replies":[{"embeddable":true,"href":"https:\/\/www.monaco-tribune.com\/en\/wp-json\/wp\/v2\/comments?post=284167"}],"version-history":[{"count":2,"href":"https:\/\/www.monaco-tribune.com\/en\/wp-json\/wp\/v2\/posts\/284167\/revisions"}],"predecessor-version":[{"id":284172,"href":"https:\/\/www.monaco-tribune.com\/en\/wp-json\/wp\/v2\/posts\/284167\/revisions\/284172"}],"wp:featuredmedia":[{"embeddable":true,"href":"https:\/\/www.monaco-tribune.com\/en\/wp-json\/wp\/v2\/media\/283630"}],"wp:attachment":[{"href":"https:\/\/www.monaco-tribune.com\/en\/wp-json\/wp\/v2\/media?parent=284167"}],"wp:term":[{"taxonomy":"category","embeddable":true,"href":"https:\/\/www.monaco-tribune.com\/en\/wp-json\/wp\/v2\/categories?post=284167"},{"taxonomy":"post_tag","embeddable":true,"href":"https:\/\/www.monaco-tribune.com\/en\/wp-json\/wp\/v2\/tags?post=284167"},{"taxonomy":"sectag","embeddable":true,"href":"https:\/\/www.monaco-tribune.com\/en\/wp-json\/wp\/v2\/post_sectags?post=284167"},{"taxonomy":"format","embeddable":true,"href":"https:\/\/www.monaco-tribune.com\/en\/wp-json\/wp\/v2\/post_format?post=284167"}],"curies":[{"name":"wp","href":"https:\/\/api.w.org\/{rel}","templated":true}]}}