{"id":28856,"date":"2020-06-03T17:52:31","date_gmt":"2020-06-03T15:52:31","guid":{"rendered":"https:\/\/www.monaco-tribune.com\/2020\/06\/photos-princely-family-inaugurates-remodelled-place-du-casino\/"},"modified":"2020-06-03T17:53:53","modified_gmt":"2020-06-03T15:53:53","slug":"photos-princely-family-inaugurates-remodelled-place-du-casino","status":"publish","type":"post","link":"https:\/\/www.monaco-tribune.com\/en\/2020\/06\/photos-princely-family-inaugurates-remodelled-place-du-casino\/","title":{"rendered":"PHOTOS. Princely Family inaugurates remodelled Place du Casino"},"content":{"rendered":"<p><strong>HSH Prince Albert II and HSH Princess Charlene, accompanied by members of the Princely family, attended the reopening of the Place du Casino de Monte-Carlo on June 2nd.<\/strong><\/p>\n<p>After several months of <a href=\"https:\/\/www.monaco-tribune.com\/en\/2020\/01\/monte-carlo-renovates-its-sacred-casino-square\/\">renovation work<\/a> which started at the beginning of the year, the Place du Casino was inaugurated on June 2nd in the presence of Prince Albert II and Princess Charlene. Jean-Luc Biamonti, Vice President of the Soci\u00e9t\u00e9 des Bains de Mer, also invited H.S.H. Princess St\u00e9phanie and her children Pauline, Camille, Louis and his wife Marie as well as Pierre, Andr\u00e9a and Tatiana Casiraghi.<\/p>\n<p>On this occasion, Mr Biamonti and all those present were keen to pay tribute to the women and men representing the key workers in Monaco who have worked in the front line in managing the health crisis. The #strongtogether flag rose above the guests, carrying this universal message of unity and solidarity initiated at the beginning of the crisis by the Soci\u00e9t\u00e9 des Bains de Mer and supported by the Sovereigns.<\/p>\n<p><strong>Pedestrianised square<\/strong><\/p>\n<p>The famous square has swapped its more verdant look for a vast esplanade of 3,000 m\u00b2, which is now entirely pedestrianised. Cars will no longer be able to pass in front of the Casino de Monte-Carlo or the Caf\u00e9 de Paris, which has had its terrace enlarged. This new remodelling &#8220;marks a further step in the architectural renovation project of the buildings and spaces of the Soci\u00e9t\u00e9 des Bains de Mer&#8221;, assured the Prince&#8217;s Palace.<\/p>\n<p>The inauguration was also marked by the Caf\u00e9 de Paris Brasserie reopening, which was forced to close its doors for more than two months due to the <a href=\"https:\/\/www.monaco-tribune.com\/en\/category\/coronavirus-en\/\">coronavirus epidemic<\/a>.<\/p>\n<p>https:\/\/www.facebook.com\/media\/set\/?set=ms.c.eJxFj8ENwDAIAzeqwGAK~_y9WNSjwPZ2NMfc3yCwtNRYea1BIpoAcwAZrxInkNUKC8CjJCxTHiBrA38haEA0mAjS4V8J7h8wV5AE6HagT2R3Wv~%3Bh29HTBB5rOMI8~-.bps.a.3447655711913610&#038;type=1&#038;__xts__[0]=68.ARAciycZ7D8YzeLj3qekdvU4ACIw0RJhn_HKZuIGo5nRs9oxcCN5eWSYL4c8XJ_TOCiQt6QtN1iC5p7lAGRw2iwx_ChaM12l49DoDbXEXrzuImmCQft9x9IU67O7BWQMpLURcfPVGbhk-b1PlC1qwwKs8KMPCsyqmB-a8ZLT1qjR7lPxxko1bAQHDH30ObmWwpeLwFDYjmUMKoubmkXG5gs8WpAUH3N4ojF58axZ8TawR5a82EpfZW2kxcbvjtK8WcspDx0VX15JAlnibJEhLVu3rqMdX_6-wZJUOTS8on6DQZB1KWEkOVg44gp8UGMFg2iq87hNqCqxS9KinN9kvqIZ_N9ELefsGamr6rO9WIYIktSvh1UYvuzYjm_LzDq-YbAkWMQ8ZUpmR_ZsuVqc8V5HFVmFD8RG89DOP0kvLSYanEWGBqKW80d9uk3idrqHV_BPGE_Sp5wT_zxjvlYl&#038;__tn__=HH-R<\/p>\n","protected":false},"excerpt":{"rendered":"<p>HSH Prince Albert II and HSH Princess Charlene, accompanied by members of the Princely family, attended the reopening of the [&hellip;]<\/p>\n","protected":false},"author":33,"featured_media":28832,"comment_status":"closed","ping_status":"open","sticky":false,"template":"","format":"standard","meta":{"_acf_changed":false,"footnotes":""},"categories":[243,254],"tags":[2830],"post_sectags":[],"post_format":[2462],"class_list":["post-28856","post","type-post","status-publish","format-standard","has-post-thumbnail","hentry","category-news","category-people-en","tag-prince-albert-ii-en-2","format-photos-en"],"acf":[],"yoast_head":"<!-- This site is optimized with the Yoast SEO Premium plugin v26.8 (Yoast SEO v27.5) - https:\/\/yoast.com\/product\/yoast-seo-premium-wordpress\/ -->\n<title>PHOTOS. Princely Family inaugurates remodelled Place du Casino<\/title>\n<meta name=\"description\" content=\"HSH Prince Albert II and HSH Princess Charlene, accompanied by members of the Princely family, attended the reopening of the Place du Casino de\" \/>\n<meta name=\"robots\" content=\"index, follow, max-snippet:-1, max-image-preview:large, max-video-preview:-1\" \/>\n<link rel=\"canonical\" href=\"https:\/\/www.monaco-tribune.com\/en\/2020\/06\/photos-princely-family-inaugurates-remodelled-place-du-casino\/\" \/>\n<meta property=\"og:locale\" content=\"en_US\" \/>\n<meta property=\"og:type\" content=\"article\" \/>\n<meta property=\"og:title\" content=\"PHOTOS. Princely Family inaugurates remodelled Place du Casino - Monaco Tribune\" \/>\n<meta property=\"og:description\" content=\"HSH Prince Albert II and HSH Princess Charlene, accompanied by members of the Princely family, attended the reopening of the Place du Casino de\" \/>\n<meta property=\"og:url\" content=\"https:\/\/www.monaco-tribune.com\/en\/2020\/06\/photos-princely-family-inaugurates-remodelled-place-du-casino\/\" \/>\n<meta property=\"og:site_name\" content=\"Monaco Tribune\" \/>\n<meta property=\"article:publisher\" content=\"https:\/\/www.facebook.com\/MonacoTribune\" \/>\n<meta property=\"article:published_time\" content=\"2020-06-03T15:52:31+00:00\" \/>\n<meta property=\"article:modified_time\" content=\"2020-06-03T15:53:53+00:00\" \/>\n<meta property=\"og:image\" content=\"https:\/\/www.monaco-tribune.com\/wp-content\/uploads\/2020\/06\/inaguration-place-du-casino.jpg\" \/>\n\t<meta property=\"og:image:width\" content=\"2000\" \/>\n\t<meta property=\"og:image:height\" content=\"1333\" \/>\n\t<meta property=\"og:image:type\" content=\"image\/jpeg\" \/>\n<meta name=\"author\" content=\"Lola Senoble\" \/>\n<meta name=\"twitter:card\" content=\"summary_large_image\" \/>\n<meta name=\"twitter:creator\" content=\"@MonacoTribune\" \/>\n<meta name=\"twitter:site\" content=\"@MonacoTribune\" \/>\n<script type=\"application\/ld+json\" class=\"yoast-schema-graph\">{\"@context\":\"https:\\\/\\\/schema.org\",\"@graph\":[{\"@type\":\"NewsArticle\",\"@id\":\"https:\\\/\\\/www.monaco-tribune.com\\\/en\\\/2020\\\/06\\\/photos-princely-family-inaugurates-remodelled-place-du-casino\\\/#article\",\"isPartOf\":{\"@id\":\"https:\\\/\\\/www.monaco-tribune.com\\\/en\\\/2020\\\/06\\\/photos-princely-family-inaugurates-remodelled-place-du-casino\\\/\"},\"author\":{\"name\":\"Lola Senoble\",\"@id\":\"https:\\\/\\\/www.monaco-tribune.com\\\/en\\\/#\\\/schema\\\/person\\\/10603f39d06463e013e339670c36bea3\"},\"headline\":\"PHOTOS. Princely Family inaugurates remodelled Place du Casino\",\"datePublished\":\"2020-06-03T15:52:31+00:00\",\"dateModified\":\"2020-06-03T15:53:53+00:00\",\"mainEntityOfPage\":{\"@id\":\"https:\\\/\\\/www.monaco-tribune.com\\\/en\\\/2020\\\/06\\\/photos-princely-family-inaugurates-remodelled-place-du-casino\\\/\"},\"wordCount\":403,\"publisher\":{\"@id\":\"https:\\\/\\\/www.monaco-tribune.com\\\/en\\\/#organization\"},\"image\":{\"@id\":\"https:\\\/\\\/www.monaco-tribune.com\\\/en\\\/2020\\\/06\\\/photos-princely-family-inaugurates-remodelled-place-du-casino\\\/#primaryimage\"},\"thumbnailUrl\":\"https:\\\/\\\/www.monaco-tribune.com\\\/wp-content\\\/uploads\\\/2020\\\/06\\\/inaguration-place-du-casino.jpg\",\"keywords\":[\"Prince Albert II\"],\"articleSection\":[\"News\",\"Princely Family\"],\"inLanguage\":\"en-US\",\"copyrightYear\":\"2020\",\"copyrightHolder\":{\"@id\":\"https:\\\/\\\/www.monaco-tribune.com\\\/#organization\"}},{\"@type\":\"WebPage\",\"@id\":\"https:\\\/\\\/www.monaco-tribune.com\\\/en\\\/2020\\\/06\\\/photos-princely-family-inaugurates-remodelled-place-du-casino\\\/\",\"url\":\"https:\\\/\\\/www.monaco-tribune.com\\\/en\\\/2020\\\/06\\\/photos-princely-family-inaugurates-remodelled-place-du-casino\\\/\",\"name\":\"PHOTOS. Princely Family inaugurates remodelled Place du Casino\",\"isPartOf\":{\"@id\":\"https:\\\/\\\/www.monaco-tribune.com\\\/en\\\/#website\"},\"primaryImageOfPage\":{\"@id\":\"https:\\\/\\\/www.monaco-tribune.com\\\/en\\\/2020\\\/06\\\/photos-princely-family-inaugurates-remodelled-place-du-casino\\\/#primaryimage\"},\"image\":{\"@id\":\"https:\\\/\\\/www.monaco-tribune.com\\\/en\\\/2020\\\/06\\\/photos-princely-family-inaugurates-remodelled-place-du-casino\\\/#primaryimage\"},\"thumbnailUrl\":\"https:\\\/\\\/www.monaco-tribune.com\\\/wp-content\\\/uploads\\\/2020\\\/06\\\/inaguration-place-du-casino.jpg\",\"datePublished\":\"2020-06-03T15:52:31+00:00\",\"dateModified\":\"2020-06-03T15:53:53+00:00\",\"description\":\"HSH Prince Albert II and HSH Princess Charlene, accompanied by members of the Princely family, attended the reopening of the Place du Casino de\",\"breadcrumb\":{\"@id\":\"https:\\\/\\\/www.monaco-tribune.com\\\/en\\\/2020\\\/06\\\/photos-princely-family-inaugurates-remodelled-place-du-casino\\\/#breadcrumb\"},\"inLanguage\":\"en-US\",\"potentialAction\":[{\"@type\":\"ReadAction\",\"target\":[\"https:\\\/\\\/www.monaco-tribune.com\\\/en\\\/2020\\\/06\\\/photos-princely-family-inaugurates-remodelled-place-du-casino\\\/\"]}]},{\"@type\":\"ImageObject\",\"inLanguage\":\"en-US\",\"@id\":\"https:\\\/\\\/www.monaco-tribune.com\\\/en\\\/2020\\\/06\\\/photos-princely-family-inaugurates-remodelled-place-du-casino\\\/#primaryimage\",\"url\":\"https:\\\/\\\/www.monaco-tribune.com\\\/wp-content\\\/uploads\\\/2020\\\/06\\\/inaguration-place-du-casino.jpg\",\"contentUrl\":\"https:\\\/\\\/www.monaco-tribune.com\\\/wp-content\\\/uploads\\\/2020\\\/06\\\/inaguration-place-du-casino.jpg\",\"width\":2000,\"height\":1333,\"caption\":\"Eric Mathon \\\/ Prince's Palace of Monaco\"},{\"@type\":\"BreadcrumbList\",\"@id\":\"https:\\\/\\\/www.monaco-tribune.com\\\/en\\\/2020\\\/06\\\/photos-princely-family-inaugurates-remodelled-place-du-casino\\\/#breadcrumb\",\"itemListElement\":[{\"@type\":\"ListItem\",\"position\":1,\"name\":\"Accueil\",\"item\":\"https:\\\/\\\/www.monaco-tribune.com\\\/en\\\/\"},{\"@type\":\"ListItem\",\"position\":2,\"name\":\"PHOTOS. Princely Family inaugurates remodelled Place du Casino\"}]},{\"@type\":\"WebSite\",\"@id\":\"https:\\\/\\\/www.monaco-tribune.com\\\/en\\\/#website\",\"url\":\"https:\\\/\\\/www.monaco-tribune.com\\\/en\\\/\",\"name\":\"Monaco Tribune\",\"description\":\"Monaco : actualit\u00e9s \u00e9conomiques, politiques, culturelles et sportives de Monaco et de la French Riviera.\",\"publisher\":{\"@id\":\"https:\\\/\\\/www.monaco-tribune.com\\\/en\\\/#organization\"},\"potentialAction\":[{\"@type\":\"SearchAction\",\"target\":{\"@type\":\"EntryPoint\",\"urlTemplate\":\"https:\\\/\\\/www.monaco-tribune.com\\\/en\\\/?s={search_term_string}\"},\"query-input\":{\"@type\":\"PropertyValueSpecification\",\"valueRequired\":true,\"valueName\":\"search_term_string\"}}],\"inLanguage\":\"en-US\"},{\"@type\":\"Organization\",\"@id\":\"https:\\\/\\\/www.monaco-tribune.com\\\/en\\\/#organization\",\"name\":\"Monaco Tribune\",\"url\":\"https:\\\/\\\/www.monaco-tribune.com\\\/en\\\/\",\"logo\":{\"@type\":\"ImageObject\",\"inLanguage\":\"en-US\",\"@id\":\"https:\\\/\\\/www.monaco-tribune.com\\\/en\\\/#\\\/schema\\\/logo\\\/image\\\/\",\"url\":\"https:\\\/\\\/www.monaco-tribune.com\\\/wp-content\\\/uploads\\\/2022\\\/11\\\/logo-monaco-tribune.png\",\"contentUrl\":\"https:\\\/\\\/www.monaco-tribune.com\\\/wp-content\\\/uploads\\\/2022\\\/11\\\/logo-monaco-tribune.png\",\"width\":1548,\"height\":600,\"caption\":\"Monaco Tribune\"},\"image\":{\"@id\":\"https:\\\/\\\/www.monaco-tribune.com\\\/en\\\/#\\\/schema\\\/logo\\\/image\\\/\"},\"sameAs\":[\"https:\\\/\\\/www.facebook.com\\\/MonacoTribune\",\"https:\\\/\\\/x.com\\\/MonacoTribune\",\"https:\\\/\\\/www.instagram.com\\\/monacotribune\\\/\",\"https:\\\/\\\/www.linkedin.com\\\/company\\\/monaco-tribune\",\"https:\\\/\\\/www.youtube.com\\\/channel\\\/UCHle1MnG6hw1y4lWKijVbMA\"]},{\"@type\":\"Person\",\"@id\":\"https:\\\/\\\/www.monaco-tribune.com\\\/en\\\/#\\\/schema\\\/person\\\/10603f39d06463e013e339670c36bea3\",\"name\":\"Lola Senoble\",\"image\":{\"@type\":\"ImageObject\",\"inLanguage\":\"en-US\",\"@id\":\"https:\\\/\\\/secure.gravatar.com\\\/avatar\\\/48d557f5142df87422d94c862ef0f4177361c443286157fc3838180d4d313fa1?s=96&d=mm&r=g\",\"url\":\"https:\\\/\\\/secure.gravatar.com\\\/avatar\\\/48d557f5142df87422d94c862ef0f4177361c443286157fc3838180d4d313fa1?s=96&d=mm&r=g\",\"contentUrl\":\"https:\\\/\\\/secure.gravatar.com\\\/avatar\\\/48d557f5142df87422d94c862ef0f4177361c443286157fc3838180d4d313fa1?s=96&d=mm&r=g\",\"caption\":\"Lola Senoble\"},\"url\":\"https:\\\/\\\/www.monaco-tribune.com\\\/en\\\/author\\\/lola-senoble\\\/\"}]}<\/script>\n<!-- \/ Yoast SEO Premium plugin. -->","yoast_head_json":{"title":"PHOTOS. Princely Family inaugurates remodelled Place du Casino","description":"HSH Prince Albert II and HSH Princess Charlene, accompanied by members of the Princely family, attended the reopening of the Place du Casino de","robots":{"index":"index","follow":"follow","max-snippet":"max-snippet:-1","max-image-preview":"max-image-preview:large","max-video-preview":"max-video-preview:-1"},"canonical":"https:\/\/www.monaco-tribune.com\/en\/2020\/06\/photos-princely-family-inaugurates-remodelled-place-du-casino\/","og_locale":"en_US","og_type":"article","og_title":"PHOTOS. Princely Family inaugurates remodelled Place du Casino - Monaco Tribune","og_description":"HSH Prince Albert II and HSH Princess Charlene, accompanied by members of the Princely family, attended the reopening of the Place du Casino de","og_url":"https:\/\/www.monaco-tribune.com\/en\/2020\/06\/photos-princely-family-inaugurates-remodelled-place-du-casino\/","og_site_name":"Monaco Tribune","article_publisher":"https:\/\/www.facebook.com\/MonacoTribune","article_published_time":"2020-06-03T15:52:31+00:00","article_modified_time":"2020-06-03T15:53:53+00:00","og_image":[{"width":2000,"height":1333,"url":"https:\/\/www.monaco-tribune.com\/wp-content\/uploads\/2020\/06\/inaguration-place-du-casino.jpg","type":"image\/jpeg"}],"author":"Lola Senoble","twitter_card":"summary_large_image","twitter_creator":"@MonacoTribune","twitter_site":"@MonacoTribune","schema":{"@context":"https:\/\/schema.org","@graph":[{"@type":"NewsArticle","@id":"https:\/\/www.monaco-tribune.com\/en\/2020\/06\/photos-princely-family-inaugurates-remodelled-place-du-casino\/#article","isPartOf":{"@id":"https:\/\/www.monaco-tribune.com\/en\/2020\/06\/photos-princely-family-inaugurates-remodelled-place-du-casino\/"},"author":{"name":"Lola Senoble","@id":"https:\/\/www.monaco-tribune.com\/en\/#\/schema\/person\/10603f39d06463e013e339670c36bea3"},"headline":"PHOTOS. Princely Family inaugurates remodelled Place du Casino","datePublished":"2020-06-03T15:52:31+00:00","dateModified":"2020-06-03T15:53:53+00:00","mainEntityOfPage":{"@id":"https:\/\/www.monaco-tribune.com\/en\/2020\/06\/photos-princely-family-inaugurates-remodelled-place-du-casino\/"},"wordCount":403,"publisher":{"@id":"https:\/\/www.monaco-tribune.com\/en\/#organization"},"image":{"@id":"https:\/\/www.monaco-tribune.com\/en\/2020\/06\/photos-princely-family-inaugurates-remodelled-place-du-casino\/#primaryimage"},"thumbnailUrl":"https:\/\/www.monaco-tribune.com\/wp-content\/uploads\/2020\/06\/inaguration-place-du-casino.jpg","keywords":["Prince Albert II"],"articleSection":["News","Princely Family"],"inLanguage":"en-US","copyrightYear":"2020","copyrightHolder":{"@id":"https:\/\/www.monaco-tribune.com\/#organization"}},{"@type":"WebPage","@id":"https:\/\/www.monaco-tribune.com\/en\/2020\/06\/photos-princely-family-inaugurates-remodelled-place-du-casino\/","url":"https:\/\/www.monaco-tribune.com\/en\/2020\/06\/photos-princely-family-inaugurates-remodelled-place-du-casino\/","name":"PHOTOS. Princely Family inaugurates remodelled Place du Casino","isPartOf":{"@id":"https:\/\/www.monaco-tribune.com\/en\/#website"},"primaryImageOfPage":{"@id":"https:\/\/www.monaco-tribune.com\/en\/2020\/06\/photos-princely-family-inaugurates-remodelled-place-du-casino\/#primaryimage"},"image":{"@id":"https:\/\/www.monaco-tribune.com\/en\/2020\/06\/photos-princely-family-inaugurates-remodelled-place-du-casino\/#primaryimage"},"thumbnailUrl":"https:\/\/www.monaco-tribune.com\/wp-content\/uploads\/2020\/06\/inaguration-place-du-casino.jpg","datePublished":"2020-06-03T15:52:31+00:00","dateModified":"2020-06-03T15:53:53+00:00","description":"HSH Prince Albert II and HSH Princess Charlene, accompanied by members of the Princely family, attended the reopening of the Place du Casino de","breadcrumb":{"@id":"https:\/\/www.monaco-tribune.com\/en\/2020\/06\/photos-princely-family-inaugurates-remodelled-place-du-casino\/#breadcrumb"},"inLanguage":"en-US","potentialAction":[{"@type":"ReadAction","target":["https:\/\/www.monaco-tribune.com\/en\/2020\/06\/photos-princely-family-inaugurates-remodelled-place-du-casino\/"]}]},{"@type":"ImageObject","inLanguage":"en-US","@id":"https:\/\/www.monaco-tribune.com\/en\/2020\/06\/photos-princely-family-inaugurates-remodelled-place-du-casino\/#primaryimage","url":"https:\/\/www.monaco-tribune.com\/wp-content\/uploads\/2020\/06\/inaguration-place-du-casino.jpg","contentUrl":"https:\/\/www.monaco-tribune.com\/wp-content\/uploads\/2020\/06\/inaguration-place-du-casino.jpg","width":2000,"height":1333,"caption":"Eric Mathon \/ Prince's Palace of Monaco"},{"@type":"BreadcrumbList","@id":"https:\/\/www.monaco-tribune.com\/en\/2020\/06\/photos-princely-family-inaugurates-remodelled-place-du-casino\/#breadcrumb","itemListElement":[{"@type":"ListItem","position":1,"name":"Accueil","item":"https:\/\/www.monaco-tribune.com\/en\/"},{"@type":"ListItem","position":2,"name":"PHOTOS. Princely Family inaugurates remodelled Place du Casino"}]},{"@type":"WebSite","@id":"https:\/\/www.monaco-tribune.com\/en\/#website","url":"https:\/\/www.monaco-tribune.com\/en\/","name":"Monaco Tribune","description":"Monaco : actualit\u00e9s \u00e9conomiques, politiques, culturelles et sportives de Monaco et de la French Riviera.","publisher":{"@id":"https:\/\/www.monaco-tribune.com\/en\/#organization"},"potentialAction":[{"@type":"SearchAction","target":{"@type":"EntryPoint","urlTemplate":"https:\/\/www.monaco-tribune.com\/en\/?s={search_term_string}"},"query-input":{"@type":"PropertyValueSpecification","valueRequired":true,"valueName":"search_term_string"}}],"inLanguage":"en-US"},{"@type":"Organization","@id":"https:\/\/www.monaco-tribune.com\/en\/#organization","name":"Monaco Tribune","url":"https:\/\/www.monaco-tribune.com\/en\/","logo":{"@type":"ImageObject","inLanguage":"en-US","@id":"https:\/\/www.monaco-tribune.com\/en\/#\/schema\/logo\/image\/","url":"https:\/\/www.monaco-tribune.com\/wp-content\/uploads\/2022\/11\/logo-monaco-tribune.png","contentUrl":"https:\/\/www.monaco-tribune.com\/wp-content\/uploads\/2022\/11\/logo-monaco-tribune.png","width":1548,"height":600,"caption":"Monaco Tribune"},"image":{"@id":"https:\/\/www.monaco-tribune.com\/en\/#\/schema\/logo\/image\/"},"sameAs":["https:\/\/www.facebook.com\/MonacoTribune","https:\/\/x.com\/MonacoTribune","https:\/\/www.instagram.com\/monacotribune\/","https:\/\/www.linkedin.com\/company\/monaco-tribune","https:\/\/www.youtube.com\/channel\/UCHle1MnG6hw1y4lWKijVbMA"]},{"@type":"Person","@id":"https:\/\/www.monaco-tribune.com\/en\/#\/schema\/person\/10603f39d06463e013e339670c36bea3","name":"Lola Senoble","image":{"@type":"ImageObject","inLanguage":"en-US","@id":"https:\/\/secure.gravatar.com\/avatar\/48d557f5142df87422d94c862ef0f4177361c443286157fc3838180d4d313fa1?s=96&d=mm&r=g","url":"https:\/\/secure.gravatar.com\/avatar\/48d557f5142df87422d94c862ef0f4177361c443286157fc3838180d4d313fa1?s=96&d=mm&r=g","contentUrl":"https:\/\/secure.gravatar.com\/avatar\/48d557f5142df87422d94c862ef0f4177361c443286157fc3838180d4d313fa1?s=96&d=mm&r=g","caption":"Lola Senoble"},"url":"https:\/\/www.monaco-tribune.com\/en\/author\/lola-senoble\/"}]}},"_links":{"self":[{"href":"https:\/\/www.monaco-tribune.com\/en\/wp-json\/wp\/v2\/posts\/28856","targetHints":{"allow":["GET"]}}],"collection":[{"href":"https:\/\/www.monaco-tribune.com\/en\/wp-json\/wp\/v2\/posts"}],"about":[{"href":"https:\/\/www.monaco-tribune.com\/en\/wp-json\/wp\/v2\/types\/post"}],"author":[{"embeddable":true,"href":"https:\/\/www.monaco-tribune.com\/en\/wp-json\/wp\/v2\/users\/33"}],"replies":[{"embeddable":true,"href":"https:\/\/www.monaco-tribune.com\/en\/wp-json\/wp\/v2\/comments?post=28856"}],"version-history":[{"count":0,"href":"https:\/\/www.monaco-tribune.com\/en\/wp-json\/wp\/v2\/posts\/28856\/revisions"}],"wp:featuredmedia":[{"embeddable":true,"href":"https:\/\/www.monaco-tribune.com\/en\/wp-json\/wp\/v2\/media\/28832"}],"wp:attachment":[{"href":"https:\/\/www.monaco-tribune.com\/en\/wp-json\/wp\/v2\/media?parent=28856"}],"wp:term":[{"taxonomy":"category","embeddable":true,"href":"https:\/\/www.monaco-tribune.com\/en\/wp-json\/wp\/v2\/categories?post=28856"},{"taxonomy":"post_tag","embeddable":true,"href":"https:\/\/www.monaco-tribune.com\/en\/wp-json\/wp\/v2\/tags?post=28856"},{"taxonomy":"sectag","embeddable":true,"href":"https:\/\/www.monaco-tribune.com\/en\/wp-json\/wp\/v2\/post_sectags?post=28856"},{"taxonomy":"format","embeddable":true,"href":"https:\/\/www.monaco-tribune.com\/en\/wp-json\/wp\/v2\/post_format?post=28856"}],"curies":[{"name":"wp","href":"https:\/\/api.w.org\/{rel}","templated":true}]}}