{"id":288844,"date":"2025-04-27T01:32:10","date_gmt":"2025-04-26T23:32:10","guid":{"rendered":"https:\/\/www.monaco-tribune.com\/?p=288844"},"modified":"2025-04-27T01:36:40","modified_gmt":"2025-04-26T23:36:40","slug":"ligue-1-as-monaco-remains-second-despite-draw-against-le-havre","status":"publish","type":"post","link":"https:\/\/www.monaco-tribune.com\/en\/2025\/04\/ligue-1-as-monaco-remains-second-despite-draw-against-le-havre\/","title":{"rendered":"Ligue 1: AS Monaco remains second despite draw against Le Havre"},"content":{"rendered":"\n<p>In a situation where every point counts in their quest for Champions League qualification, AS Monaco were frustratingly forced to settle for a 1-1 draw against Le Havre.<\/p>\n\n\n\n<p>Although they controlled the game, Adi Hutter&#8217;s men were surprised when Le Havre shot ahead before Les Monegasques equalised thanks to the inevitable Mika Biereth.<\/p>\n\n\n\n<h2 class=\"wp-block-heading\" id=\"h-the-match\">The Match<\/h2>\n\n\n\n<p>Opting for two changes to his team for this tough road contest, Hutter brought in Thilo Kehrer to start in defence alongside Wilfried Singo Eliesse and Eliesse Ben Seghir to operate on the left wing.<\/p>\n\n\n<div class=\"wp-block-image\">\n<figure class=\"aligncenter size-full\"><img loading=\"lazy\" decoding=\"async\" width=\"1000\" height=\"1000\" src=\"https:\/\/www.monaco-tribune.com\/wp-content\/uploads\/2025\/04\/compo-le-havre.jpg\" alt=\"\" class=\"wp-image-288845\" srcset=\"https:\/\/www.monaco-tribune.com\/wp-content\/uploads\/2025\/04\/compo-le-havre.jpg 1000w, https:\/\/www.monaco-tribune.com\/wp-content\/uploads\/2025\/04\/compo-le-havre-300x300.jpg 300w\" sizes=\"auto, (max-width: 1000px) 100vw, 1000px\" \/><figcaption class=\"wp-element-caption\"><em>\u00a9 AS Monaco<\/em><\/figcaption><\/figure>\n<\/div>\n\n\n<p>The match began to the passionate cheers of more than 600 Monaco supporters, who travelled with an impressive tifo. This terrific support seemed to galvanise the Red and Whites, who quickly took control of the match.<\/p>\n\n\n<div class=\"wp-block-image\">\n<figure class=\"aligncenter size-large\"><img loading=\"lazy\" decoding=\"async\" width=\"1024\" height=\"574\" src=\"https:\/\/www.monaco-tribune.com\/wp-content\/uploads\/2025\/04\/parcage-le-havre-stade-oceane-1024x574.jpg\" alt=\"\" class=\"wp-image-288822\" srcset=\"https:\/\/www.monaco-tribune.com\/wp-content\/uploads\/2025\/04\/parcage-le-havre-stade-oceane-1024x574.jpg 1024w, https:\/\/www.monaco-tribune.com\/wp-content\/uploads\/2025\/04\/parcage-le-havre-stade-oceane-535x300.jpg 535w, https:\/\/www.monaco-tribune.com\/wp-content\/uploads\/2025\/04\/parcage-le-havre-stade-oceane.jpg 1160w\" sizes=\"auto, (max-width: 1024px) 100vw, 1024px\" \/><figcaption class=\"wp-element-caption\"><em>\u00a9 AS Monaco<\/em><\/figcaption><\/figure>\n<\/div>\n\n\n<p>Almost taking the lead via Vanderson in just the third minute following some handy work by Breel Embolo, this saw ASM open proceedings with plenty of attacking intent.<\/p>\n\n\n\n<p>The same duo combined again 15 minutes later, with the Swiss international coming close with a header.<\/p>\n\n\n\n<p>Having failed to convert their opportunities, Le Havre punished Monaco in the 22nd minute when Koka propelled his team into the lead.<\/p>\n\n\n\n<p>Responding swiftly, it was admirable how ASM closed the half strongly, as Maghnes Akliouche and Denis Zakaria fired off promising attempts.<\/p>\n\n\n<div class=\"wp-block-image\">\n<figure class=\"aligncenter size-large\"><img loading=\"lazy\" decoding=\"async\" width=\"1024\" height=\"576\" src=\"https:\/\/www.monaco-tribune.com\/wp-content\/uploads\/2025\/04\/denis-zakaria-slider-2-1024x576.jpg\" alt=\"\" class=\"wp-image-288830\" srcset=\"https:\/\/www.monaco-tribune.com\/wp-content\/uploads\/2025\/04\/denis-zakaria-slider-2-1024x576.jpg 1024w, https:\/\/www.monaco-tribune.com\/wp-content\/uploads\/2025\/04\/denis-zakaria-slider-2-534x300.jpg 534w, https:\/\/www.monaco-tribune.com\/wp-content\/uploads\/2025\/04\/denis-zakaria-slider-2.jpg 1366w\" sizes=\"auto, (max-width: 1024px) 100vw, 1024px\" \/><figcaption class=\"wp-element-caption\"><em>\u00a9 AS Monaco<\/em><\/figcaption><\/figure>\n<\/div>\n\n\n<p>Introducing Takumi Minamino and Moatasem Al-Musrati at the interval to give them some additional intensity and energy, this move by Hutter almost instantly paid off, for ASM began the second stanza solidly.<\/p>\n\n\n\n<p>While Zakaria and Minamino enjoyed decent yet unsuccessful efforts, it was the masterful Biereth who levelled the ledger for Monaco just past the hour mark.<\/p>\n\n\n<div class=\"wp-block-image\">\n<figure class=\"aligncenter size-large\"><img loading=\"lazy\" decoding=\"async\" width=\"1024\" height=\"574\" src=\"https:\/\/www.monaco-tribune.com\/wp-content\/uploads\/2025\/04\/42533572-2025-04-26-le-havre-asm-04287-1024x574.jpg\" alt=\"\" class=\"wp-image-288857\" srcset=\"https:\/\/www.monaco-tribune.com\/wp-content\/uploads\/2025\/04\/42533572-2025-04-26-le-havre-asm-04287-1024x574.jpg 1024w, https:\/\/www.monaco-tribune.com\/wp-content\/uploads\/2025\/04\/42533572-2025-04-26-le-havre-asm-04287-535x300.jpg 535w, https:\/\/www.monaco-tribune.com\/wp-content\/uploads\/2025\/04\/42533572-2025-04-26-le-havre-asm-04287.jpg 1160w\" sizes=\"auto, (max-width: 1024px) 100vw, 1024px\" \/><figcaption class=\"wp-element-caption\"><em>\u00a9 AS Monaco<\/em><\/figcaption><\/figure>\n<\/div>\n\n\n<p>Showcasing his poaching instincts and clinical finishing emphatically, the Danish international was on hand to prod home Vanderson&#8217;s blast that Mathieu Gorgelin parried into his path.<\/p>\n\n\n\n<p>&#8220;Mika Biereth has scored 13 goals for AS Monaco in Ligue 1 in 2025. No other player has scored more goals in Europe&#8217;s top five leagues since the start of the year,&#8221; the club said in its press release.<\/p>\n\n\n\n<p>Eager to push on and clinch a coveted victory, the dangerous Biereth wasn&#8217;t far off with another notable strike, but Gorgelin smartly denied the star forward.<\/p>\n\n\n<div class=\"wp-block-image\">\n<figure class=\"aligncenter size-large\"><img loading=\"lazy\" decoding=\"async\" width=\"1024\" height=\"574\" src=\"https:\/\/www.monaco-tribune.com\/wp-content\/uploads\/2025\/04\/42533619-2025-04-26-le-havre-asm-04204-1024x574.jpg\" alt=\"\" class=\"wp-image-288849\" srcset=\"https:\/\/www.monaco-tribune.com\/wp-content\/uploads\/2025\/04\/42533619-2025-04-26-le-havre-asm-04204-1024x574.jpg 1024w, https:\/\/www.monaco-tribune.com\/wp-content\/uploads\/2025\/04\/42533619-2025-04-26-le-havre-asm-04204-535x300.jpg 535w, https:\/\/www.monaco-tribune.com\/wp-content\/uploads\/2025\/04\/42533619-2025-04-26-le-havre-asm-04204.jpg 1160w\" sizes=\"auto, (max-width: 1024px) 100vw, 1024px\" \/><figcaption class=\"wp-element-caption\"><em>\u00a9 AS Monaco<\/em><\/figcaption><\/figure>\n<\/div>\n\n\n<p>Philipp Kohn then stood up when his side needed him to keep out Andre Ayew&#8217;s shot to&nbsp; once more vindicate Hutter&#8217;s decision to give him the nod between the posts.<\/p>\n\n\n\n<p>Even though both teams produced some reasonable chances in the final stages, this one ultimately ended in a 1-1 draw.<\/p>\n\n\n\n<h2 class=\"wp-block-heading\" id=\"h-hutter-s-debrief\">Hutter&#8217;s Debrief<\/h2>\n\n\n\n<p>\u201cWe&#8217;re not happy with the first half and obviously with the final result. In the second half, we saw a more powerful Monaco, but we weren&#8217;t able to secure the three points. I also want to congratulate Le Havre for their defensive performance. The top of the table is very tight, but our destiny is still in our own hands. We&#8217;ll have to do better now, starting next week in Saint-Etienne,&#8221; explained the Austrian tactician.<\/p>\n\n\n<div class=\"wp-block-image\">\n<figure class=\"aligncenter size-large\"><img loading=\"lazy\" decoding=\"async\" width=\"1024\" height=\"574\" src=\"https:\/\/www.monaco-tribune.com\/wp-content\/uploads\/2025\/04\/42533587-2025-04-26-le-havre-asm-04248-1024x574.jpg\" alt=\"\" class=\"wp-image-288853\" srcset=\"https:\/\/www.monaco-tribune.com\/wp-content\/uploads\/2025\/04\/42533587-2025-04-26-le-havre-asm-04248-1024x574.jpg 1024w, https:\/\/www.monaco-tribune.com\/wp-content\/uploads\/2025\/04\/42533587-2025-04-26-le-havre-asm-04248-535x300.jpg 535w, https:\/\/www.monaco-tribune.com\/wp-content\/uploads\/2025\/04\/42533587-2025-04-26-le-havre-asm-04248.jpg 1160w\" sizes=\"auto, (max-width: 1024px) 100vw, 1024px\" \/><figcaption class=\"wp-element-caption\"><em>\u00a9 AS Monaco<\/em><\/figcaption><\/figure>\n<\/div>\n\n\n<p>&#8220;It happens in football that big teams struggle against weaker teams. In the first half, our game wasn&#8217;t fast enough, and they managed to close down the middle well. We managed to turn things around after the break and were mentally better, but we ended up leaving with a draw.&#8221;<\/p>\n\n\n\n<h2 class=\"wp-block-heading\" id=\"h-key-stats\">Key Stats<\/h2>\n\n\n\n<p>By the numbers, the fact ASM held the ascendancy in terms of expected goals (2.93 to 0.51), total shots (19 to 9), shots on target (7 to 3), shots inside the box (14 to 4), big chances created (4 to 1), touches inside the opposition box (35 to 16), and passes in the opposition half (280 to 113) further demonstrated they were the superior outfit.<\/p>\n\n\n<div class=\"wp-block-image\">\n<figure class=\"aligncenter size-large\"><img loading=\"lazy\" decoding=\"async\" width=\"1024\" height=\"574\" src=\"https:\/\/www.monaco-tribune.com\/wp-content\/uploads\/2025\/04\/minamino-1024x574.jpg\" alt=\"\" class=\"wp-image-288826\" srcset=\"https:\/\/www.monaco-tribune.com\/wp-content\/uploads\/2025\/04\/minamino-1024x574.jpg 1024w, https:\/\/www.monaco-tribune.com\/wp-content\/uploads\/2025\/04\/minamino-535x300.jpg 535w, https:\/\/www.monaco-tribune.com\/wp-content\/uploads\/2025\/04\/minamino.jpg 1160w\" sizes=\"auto, (max-width: 1024px) 100vw, 1024px\" \/><figcaption class=\"wp-element-caption\"><em>\u00a9 AS Monaco<\/em><\/figcaption><\/figure>\n<\/div>\n\n\n<h2 class=\"wp-block-heading\" id=\"h-race-rolls-on\">Race Rolls On<\/h2>\n\n\n\n<p>The club from the Rock will need to rapidly regroup for their next trip to Saint-Etienne next Saturday, where they will attempt to return to winning ways away from home, which has certainly been easier said than done recently.<\/p>\n\n\n\n<p>&#8220;The statistics away from the Principality are not good. Last season, we had more difficulty performing at home, which is no longer the case. We were not at the right level mentally today. We managed to be dangerous in the first 20 minutes, but we finally conceded the first goal. Le Havre then defended very well, and we must now focus on the duel against Saint-Etienne,&#8221; Hutter stated.<\/p>\n","protected":false},"excerpt":{"rendered":"<p>In a situation where every point counts in their quest for Champions League qualification, AS Monaco were frustratingly forced to [&hellip;]<\/p>\n","protected":false},"author":18,"featured_media":288834,"comment_status":"closed","ping_status":"closed","sticky":false,"template":"","format":"standard","meta":{"_acf_changed":false,"footnotes":""},"categories":[243,257],"tags":[761],"post_sectags":[],"post_format":[2466],"class_list":["post-288844","post","type-post","status-publish","format-standard","has-post-thumbnail","hentry","category-news","category-sports-en","tag-as-monaco-en","format-review"],"acf":[],"yoast_head":"<!-- This site is optimized with the Yoast SEO Premium plugin v26.8 (Yoast SEO v27.4) - https:\/\/yoast.com\/product\/yoast-seo-premium-wordpress\/ -->\n<title>Ligue 1: AS Monaco remains second despite draw against Le Havre<\/title>\n<meta name=\"description\" content=\"In a situation where every point counts in their quest for Champions League qualification, AS Monaco were frustratingly forced to settle for a 1-1 draw\" \/>\n<meta name=\"robots\" content=\"index, follow, max-snippet:-1, max-image-preview:large, max-video-preview:-1\" \/>\n<link rel=\"canonical\" href=\"https:\/\/www.monaco-tribune.com\/en\/2025\/04\/ligue-1-as-monaco-remains-second-despite-draw-against-le-havre\/\" \/>\n<meta property=\"og:locale\" content=\"en_US\" \/>\n<meta property=\"og:type\" content=\"article\" \/>\n<meta property=\"og:title\" content=\"Ligue 1: AS Monaco remains second despite draw against Le Havre - Monaco Tribune\" \/>\n<meta property=\"og:description\" content=\"In a situation where every point counts in their quest for Champions League qualification, AS Monaco were frustratingly forced to settle for a 1-1 draw\" \/>\n<meta property=\"og:url\" content=\"https:\/\/www.monaco-tribune.com\/en\/2025\/04\/ligue-1-as-monaco-remains-second-despite-draw-against-le-havre\/\" \/>\n<meta property=\"og:site_name\" content=\"Monaco Tribune\" \/>\n<meta property=\"article:publisher\" content=\"https:\/\/www.facebook.com\/MonacoTribune\" \/>\n<meta property=\"article:published_time\" content=\"2025-04-26T23:32:10+00:00\" \/>\n<meta property=\"article:modified_time\" content=\"2025-04-26T23:36:40+00:00\" \/>\n<meta property=\"og:image\" content=\"https:\/\/www.monaco-tribune.com\/wp-content\/uploads\/2025\/04\/maghnes-akliouche-1.jpg\" \/>\n\t<meta property=\"og:image:width\" content=\"1160\" \/>\n\t<meta property=\"og:image:height\" content=\"650\" \/>\n\t<meta property=\"og:image:type\" content=\"image\/jpeg\" \/>\n<meta name=\"author\" content=\"Edward Stratmann\" \/>\n<meta name=\"twitter:card\" content=\"summary_large_image\" \/>\n<meta name=\"twitter:creator\" content=\"@MonacoTribune\" \/>\n<meta name=\"twitter:site\" content=\"@MonacoTribune\" \/>\n<script type=\"application\/ld+json\" class=\"yoast-schema-graph\">{\"@context\":\"https:\\\/\\\/schema.org\",\"@graph\":[{\"@type\":\"NewsArticle\",\"@id\":\"https:\\\/\\\/www.monaco-tribune.com\\\/en\\\/2025\\\/04\\\/ligue-1-as-monaco-remains-second-despite-draw-against-le-havre\\\/#article\",\"isPartOf\":{\"@id\":\"https:\\\/\\\/www.monaco-tribune.com\\\/en\\\/2025\\\/04\\\/ligue-1-as-monaco-remains-second-despite-draw-against-le-havre\\\/\"},\"author\":{\"name\":\"Edward Stratmann\",\"@id\":\"https:\\\/\\\/www.monaco-tribune.com\\\/en\\\/#\\\/schema\\\/person\\\/a62f3291a12757084f4c9c1a7e2054a9\"},\"headline\":\"Ligue 1: AS Monaco remains second despite draw against Le Havre\",\"datePublished\":\"2025-04-26T23:32:10+00:00\",\"dateModified\":\"2025-04-26T23:36:40+00:00\",\"mainEntityOfPage\":{\"@id\":\"https:\\\/\\\/www.monaco-tribune.com\\\/en\\\/2025\\\/04\\\/ligue-1-as-monaco-remains-second-despite-draw-against-le-havre\\\/\"},\"wordCount\":732,\"publisher\":{\"@id\":\"https:\\\/\\\/www.monaco-tribune.com\\\/en\\\/#organization\"},\"image\":{\"@id\":\"https:\\\/\\\/www.monaco-tribune.com\\\/en\\\/2025\\\/04\\\/ligue-1-as-monaco-remains-second-despite-draw-against-le-havre\\\/#primaryimage\"},\"thumbnailUrl\":\"https:\\\/\\\/www.monaco-tribune.com\\\/wp-content\\\/uploads\\\/2025\\\/04\\\/maghnes-akliouche-1.jpg\",\"keywords\":[\"AS Monaco\"],\"articleSection\":[\"News\",\"Sports\"],\"inLanguage\":\"en-US\",\"copyrightYear\":\"2025\",\"copyrightHolder\":{\"@id\":\"https:\\\/\\\/www.monaco-tribune.com\\\/#organization\"}},{\"@type\":\"WebPage\",\"@id\":\"https:\\\/\\\/www.monaco-tribune.com\\\/en\\\/2025\\\/04\\\/ligue-1-as-monaco-remains-second-despite-draw-against-le-havre\\\/\",\"url\":\"https:\\\/\\\/www.monaco-tribune.com\\\/en\\\/2025\\\/04\\\/ligue-1-as-monaco-remains-second-despite-draw-against-le-havre\\\/\",\"name\":\"Ligue 1: AS Monaco remains second despite draw against Le Havre\",\"isPartOf\":{\"@id\":\"https:\\\/\\\/www.monaco-tribune.com\\\/en\\\/#website\"},\"primaryImageOfPage\":{\"@id\":\"https:\\\/\\\/www.monaco-tribune.com\\\/en\\\/2025\\\/04\\\/ligue-1-as-monaco-remains-second-despite-draw-against-le-havre\\\/#primaryimage\"},\"image\":{\"@id\":\"https:\\\/\\\/www.monaco-tribune.com\\\/en\\\/2025\\\/04\\\/ligue-1-as-monaco-remains-second-despite-draw-against-le-havre\\\/#primaryimage\"},\"thumbnailUrl\":\"https:\\\/\\\/www.monaco-tribune.com\\\/wp-content\\\/uploads\\\/2025\\\/04\\\/maghnes-akliouche-1.jpg\",\"datePublished\":\"2025-04-26T23:32:10+00:00\",\"dateModified\":\"2025-04-26T23:36:40+00:00\",\"description\":\"In a situation where every point counts in their quest for Champions League qualification, AS Monaco were frustratingly forced to settle for a 1-1 draw\",\"breadcrumb\":{\"@id\":\"https:\\\/\\\/www.monaco-tribune.com\\\/en\\\/2025\\\/04\\\/ligue-1-as-monaco-remains-second-despite-draw-against-le-havre\\\/#breadcrumb\"},\"inLanguage\":\"en-US\",\"potentialAction\":[{\"@type\":\"ReadAction\",\"target\":[\"https:\\\/\\\/www.monaco-tribune.com\\\/en\\\/2025\\\/04\\\/ligue-1-as-monaco-remains-second-despite-draw-against-le-havre\\\/\"]}]},{\"@type\":\"ImageObject\",\"inLanguage\":\"en-US\",\"@id\":\"https:\\\/\\\/www.monaco-tribune.com\\\/en\\\/2025\\\/04\\\/ligue-1-as-monaco-remains-second-despite-draw-against-le-havre\\\/#primaryimage\",\"url\":\"https:\\\/\\\/www.monaco-tribune.com\\\/wp-content\\\/uploads\\\/2025\\\/04\\\/maghnes-akliouche-1.jpg\",\"contentUrl\":\"https:\\\/\\\/www.monaco-tribune.com\\\/wp-content\\\/uploads\\\/2025\\\/04\\\/maghnes-akliouche-1.jpg\",\"width\":1160,\"height\":650,\"caption\":\"Malgr\u00e9 les deux points perdus ce soir, l'AS Monaco retrouve la 2e place \u00e0 \u00e9galit\u00e9 avec l'OM, qui eux affrontent Brest demain \u00a9 AS Monaco\"},{\"@type\":\"BreadcrumbList\",\"@id\":\"https:\\\/\\\/www.monaco-tribune.com\\\/en\\\/2025\\\/04\\\/ligue-1-as-monaco-remains-second-despite-draw-against-le-havre\\\/#breadcrumb\",\"itemListElement\":[{\"@type\":\"ListItem\",\"position\":1,\"name\":\"Accueil\",\"item\":\"https:\\\/\\\/www.monaco-tribune.com\\\/en\\\/\"},{\"@type\":\"ListItem\",\"position\":2,\"name\":\"Ligue 1: AS Monaco remains second despite draw against Le Havre\"}]},{\"@type\":\"WebSite\",\"@id\":\"https:\\\/\\\/www.monaco-tribune.com\\\/en\\\/#website\",\"url\":\"https:\\\/\\\/www.monaco-tribune.com\\\/en\\\/\",\"name\":\"Monaco Tribune\",\"description\":\"Monaco : actualit\u00e9s \u00e9conomiques, politiques, culturelles et sportives de Monaco et de la French Riviera.\",\"publisher\":{\"@id\":\"https:\\\/\\\/www.monaco-tribune.com\\\/en\\\/#organization\"},\"potentialAction\":[{\"@type\":\"SearchAction\",\"target\":{\"@type\":\"EntryPoint\",\"urlTemplate\":\"https:\\\/\\\/www.monaco-tribune.com\\\/en\\\/?s={search_term_string}\"},\"query-input\":{\"@type\":\"PropertyValueSpecification\",\"valueRequired\":true,\"valueName\":\"search_term_string\"}}],\"inLanguage\":\"en-US\"},{\"@type\":\"Organization\",\"@id\":\"https:\\\/\\\/www.monaco-tribune.com\\\/en\\\/#organization\",\"name\":\"Monaco Tribune\",\"url\":\"https:\\\/\\\/www.monaco-tribune.com\\\/en\\\/\",\"logo\":{\"@type\":\"ImageObject\",\"inLanguage\":\"en-US\",\"@id\":\"https:\\\/\\\/www.monaco-tribune.com\\\/en\\\/#\\\/schema\\\/logo\\\/image\\\/\",\"url\":\"https:\\\/\\\/www.monaco-tribune.com\\\/wp-content\\\/uploads\\\/2022\\\/11\\\/logo-monaco-tribune.png\",\"contentUrl\":\"https:\\\/\\\/www.monaco-tribune.com\\\/wp-content\\\/uploads\\\/2022\\\/11\\\/logo-monaco-tribune.png\",\"width\":1548,\"height\":600,\"caption\":\"Monaco Tribune\"},\"image\":{\"@id\":\"https:\\\/\\\/www.monaco-tribune.com\\\/en\\\/#\\\/schema\\\/logo\\\/image\\\/\"},\"sameAs\":[\"https:\\\/\\\/www.facebook.com\\\/MonacoTribune\",\"https:\\\/\\\/x.com\\\/MonacoTribune\",\"https:\\\/\\\/www.instagram.com\\\/monacotribune\\\/\",\"https:\\\/\\\/www.linkedin.com\\\/company\\\/monaco-tribune\",\"https:\\\/\\\/www.youtube.com\\\/channel\\\/UCHle1MnG6hw1y4lWKijVbMA\"]},{\"@type\":\"Person\",\"@id\":\"https:\\\/\\\/www.monaco-tribune.com\\\/en\\\/#\\\/schema\\\/person\\\/a62f3291a12757084f4c9c1a7e2054a9\",\"name\":\"Edward Stratmann\",\"image\":{\"@type\":\"ImageObject\",\"inLanguage\":\"en-US\",\"@id\":\"https:\\\/\\\/secure.gravatar.com\\\/avatar\\\/fed0463fc9124570b2804f2d3e39edabdb8b2dc066140fc68e1fde625e8c2d82?s=96&d=mm&r=g\",\"url\":\"https:\\\/\\\/secure.gravatar.com\\\/avatar\\\/fed0463fc9124570b2804f2d3e39edabdb8b2dc066140fc68e1fde625e8c2d82?s=96&d=mm&r=g\",\"contentUrl\":\"https:\\\/\\\/secure.gravatar.com\\\/avatar\\\/fed0463fc9124570b2804f2d3e39edabdb8b2dc066140fc68e1fde625e8c2d82?s=96&d=mm&r=g\",\"caption\":\"Edward Stratmann\"},\"sameAs\":[\"@adNL@min\"],\"url\":\"https:\\\/\\\/www.monaco-tribune.com\\\/en\\\/author\\\/edward-stratmann\\\/\"}]}<\/script>\n<!-- \/ Yoast SEO Premium plugin. -->","yoast_head_json":{"title":"Ligue 1: AS Monaco remains second despite draw against Le Havre","description":"In a situation where every point counts in their quest for Champions League qualification, AS Monaco were frustratingly forced to settle for a 1-1 draw","robots":{"index":"index","follow":"follow","max-snippet":"max-snippet:-1","max-image-preview":"max-image-preview:large","max-video-preview":"max-video-preview:-1"},"canonical":"https:\/\/www.monaco-tribune.com\/en\/2025\/04\/ligue-1-as-monaco-remains-second-despite-draw-against-le-havre\/","og_locale":"en_US","og_type":"article","og_title":"Ligue 1: AS Monaco remains second despite draw against Le Havre - Monaco Tribune","og_description":"In a situation where every point counts in their quest for Champions League qualification, AS Monaco were frustratingly forced to settle for a 1-1 draw","og_url":"https:\/\/www.monaco-tribune.com\/en\/2025\/04\/ligue-1-as-monaco-remains-second-despite-draw-against-le-havre\/","og_site_name":"Monaco Tribune","article_publisher":"https:\/\/www.facebook.com\/MonacoTribune","article_published_time":"2025-04-26T23:32:10+00:00","article_modified_time":"2025-04-26T23:36:40+00:00","og_image":[{"width":1160,"height":650,"url":"https:\/\/www.monaco-tribune.com\/wp-content\/uploads\/2025\/04\/maghnes-akliouche-1.jpg","type":"image\/jpeg"}],"author":"Edward Stratmann","twitter_card":"summary_large_image","twitter_creator":"@MonacoTribune","twitter_site":"@MonacoTribune","schema":{"@context":"https:\/\/schema.org","@graph":[{"@type":"NewsArticle","@id":"https:\/\/www.monaco-tribune.com\/en\/2025\/04\/ligue-1-as-monaco-remains-second-despite-draw-against-le-havre\/#article","isPartOf":{"@id":"https:\/\/www.monaco-tribune.com\/en\/2025\/04\/ligue-1-as-monaco-remains-second-despite-draw-against-le-havre\/"},"author":{"name":"Edward Stratmann","@id":"https:\/\/www.monaco-tribune.com\/en\/#\/schema\/person\/a62f3291a12757084f4c9c1a7e2054a9"},"headline":"Ligue 1: AS Monaco remains second despite draw against Le Havre","datePublished":"2025-04-26T23:32:10+00:00","dateModified":"2025-04-26T23:36:40+00:00","mainEntityOfPage":{"@id":"https:\/\/www.monaco-tribune.com\/en\/2025\/04\/ligue-1-as-monaco-remains-second-despite-draw-against-le-havre\/"},"wordCount":732,"publisher":{"@id":"https:\/\/www.monaco-tribune.com\/en\/#organization"},"image":{"@id":"https:\/\/www.monaco-tribune.com\/en\/2025\/04\/ligue-1-as-monaco-remains-second-despite-draw-against-le-havre\/#primaryimage"},"thumbnailUrl":"https:\/\/www.monaco-tribune.com\/wp-content\/uploads\/2025\/04\/maghnes-akliouche-1.jpg","keywords":["AS Monaco"],"articleSection":["News","Sports"],"inLanguage":"en-US","copyrightYear":"2025","copyrightHolder":{"@id":"https:\/\/www.monaco-tribune.com\/#organization"}},{"@type":"WebPage","@id":"https:\/\/www.monaco-tribune.com\/en\/2025\/04\/ligue-1-as-monaco-remains-second-despite-draw-against-le-havre\/","url":"https:\/\/www.monaco-tribune.com\/en\/2025\/04\/ligue-1-as-monaco-remains-second-despite-draw-against-le-havre\/","name":"Ligue 1: AS Monaco remains second despite draw against Le Havre","isPartOf":{"@id":"https:\/\/www.monaco-tribune.com\/en\/#website"},"primaryImageOfPage":{"@id":"https:\/\/www.monaco-tribune.com\/en\/2025\/04\/ligue-1-as-monaco-remains-second-despite-draw-against-le-havre\/#primaryimage"},"image":{"@id":"https:\/\/www.monaco-tribune.com\/en\/2025\/04\/ligue-1-as-monaco-remains-second-despite-draw-against-le-havre\/#primaryimage"},"thumbnailUrl":"https:\/\/www.monaco-tribune.com\/wp-content\/uploads\/2025\/04\/maghnes-akliouche-1.jpg","datePublished":"2025-04-26T23:32:10+00:00","dateModified":"2025-04-26T23:36:40+00:00","description":"In a situation where every point counts in their quest for Champions League qualification, AS Monaco were frustratingly forced to settle for a 1-1 draw","breadcrumb":{"@id":"https:\/\/www.monaco-tribune.com\/en\/2025\/04\/ligue-1-as-monaco-remains-second-despite-draw-against-le-havre\/#breadcrumb"},"inLanguage":"en-US","potentialAction":[{"@type":"ReadAction","target":["https:\/\/www.monaco-tribune.com\/en\/2025\/04\/ligue-1-as-monaco-remains-second-despite-draw-against-le-havre\/"]}]},{"@type":"ImageObject","inLanguage":"en-US","@id":"https:\/\/www.monaco-tribune.com\/en\/2025\/04\/ligue-1-as-monaco-remains-second-despite-draw-against-le-havre\/#primaryimage","url":"https:\/\/www.monaco-tribune.com\/wp-content\/uploads\/2025\/04\/maghnes-akliouche-1.jpg","contentUrl":"https:\/\/www.monaco-tribune.com\/wp-content\/uploads\/2025\/04\/maghnes-akliouche-1.jpg","width":1160,"height":650,"caption":"Malgr\u00e9 les deux points perdus ce soir, l'AS Monaco retrouve la 2e place \u00e0 \u00e9galit\u00e9 avec l'OM, qui eux affrontent Brest demain \u00a9 AS Monaco"},{"@type":"BreadcrumbList","@id":"https:\/\/www.monaco-tribune.com\/en\/2025\/04\/ligue-1-as-monaco-remains-second-despite-draw-against-le-havre\/#breadcrumb","itemListElement":[{"@type":"ListItem","position":1,"name":"Accueil","item":"https:\/\/www.monaco-tribune.com\/en\/"},{"@type":"ListItem","position":2,"name":"Ligue 1: AS Monaco remains second despite draw against Le Havre"}]},{"@type":"WebSite","@id":"https:\/\/www.monaco-tribune.com\/en\/#website","url":"https:\/\/www.monaco-tribune.com\/en\/","name":"Monaco Tribune","description":"Monaco : actualit\u00e9s \u00e9conomiques, politiques, culturelles et sportives de Monaco et de la French Riviera.","publisher":{"@id":"https:\/\/www.monaco-tribune.com\/en\/#organization"},"potentialAction":[{"@type":"SearchAction","target":{"@type":"EntryPoint","urlTemplate":"https:\/\/www.monaco-tribune.com\/en\/?s={search_term_string}"},"query-input":{"@type":"PropertyValueSpecification","valueRequired":true,"valueName":"search_term_string"}}],"inLanguage":"en-US"},{"@type":"Organization","@id":"https:\/\/www.monaco-tribune.com\/en\/#organization","name":"Monaco Tribune","url":"https:\/\/www.monaco-tribune.com\/en\/","logo":{"@type":"ImageObject","inLanguage":"en-US","@id":"https:\/\/www.monaco-tribune.com\/en\/#\/schema\/logo\/image\/","url":"https:\/\/www.monaco-tribune.com\/wp-content\/uploads\/2022\/11\/logo-monaco-tribune.png","contentUrl":"https:\/\/www.monaco-tribune.com\/wp-content\/uploads\/2022\/11\/logo-monaco-tribune.png","width":1548,"height":600,"caption":"Monaco Tribune"},"image":{"@id":"https:\/\/www.monaco-tribune.com\/en\/#\/schema\/logo\/image\/"},"sameAs":["https:\/\/www.facebook.com\/MonacoTribune","https:\/\/x.com\/MonacoTribune","https:\/\/www.instagram.com\/monacotribune\/","https:\/\/www.linkedin.com\/company\/monaco-tribune","https:\/\/www.youtube.com\/channel\/UCHle1MnG6hw1y4lWKijVbMA"]},{"@type":"Person","@id":"https:\/\/www.monaco-tribune.com\/en\/#\/schema\/person\/a62f3291a12757084f4c9c1a7e2054a9","name":"Edward Stratmann","image":{"@type":"ImageObject","inLanguage":"en-US","@id":"https:\/\/secure.gravatar.com\/avatar\/fed0463fc9124570b2804f2d3e39edabdb8b2dc066140fc68e1fde625e8c2d82?s=96&d=mm&r=g","url":"https:\/\/secure.gravatar.com\/avatar\/fed0463fc9124570b2804f2d3e39edabdb8b2dc066140fc68e1fde625e8c2d82?s=96&d=mm&r=g","contentUrl":"https:\/\/secure.gravatar.com\/avatar\/fed0463fc9124570b2804f2d3e39edabdb8b2dc066140fc68e1fde625e8c2d82?s=96&d=mm&r=g","caption":"Edward Stratmann"},"sameAs":["@adNL@min"],"url":"https:\/\/www.monaco-tribune.com\/en\/author\/edward-stratmann\/"}]}},"_links":{"self":[{"href":"https:\/\/www.monaco-tribune.com\/en\/wp-json\/wp\/v2\/posts\/288844","targetHints":{"allow":["GET"]}}],"collection":[{"href":"https:\/\/www.monaco-tribune.com\/en\/wp-json\/wp\/v2\/posts"}],"about":[{"href":"https:\/\/www.monaco-tribune.com\/en\/wp-json\/wp\/v2\/types\/post"}],"author":[{"embeddable":true,"href":"https:\/\/www.monaco-tribune.com\/en\/wp-json\/wp\/v2\/users\/18"}],"replies":[{"embeddable":true,"href":"https:\/\/www.monaco-tribune.com\/en\/wp-json\/wp\/v2\/comments?post=288844"}],"version-history":[{"count":2,"href":"https:\/\/www.monaco-tribune.com\/en\/wp-json\/wp\/v2\/posts\/288844\/revisions"}],"predecessor-version":[{"id":288863,"href":"https:\/\/www.monaco-tribune.com\/en\/wp-json\/wp\/v2\/posts\/288844\/revisions\/288863"}],"wp:featuredmedia":[{"embeddable":true,"href":"https:\/\/www.monaco-tribune.com\/en\/wp-json\/wp\/v2\/media\/288834"}],"wp:attachment":[{"href":"https:\/\/www.monaco-tribune.com\/en\/wp-json\/wp\/v2\/media?parent=288844"}],"wp:term":[{"taxonomy":"category","embeddable":true,"href":"https:\/\/www.monaco-tribune.com\/en\/wp-json\/wp\/v2\/categories?post=288844"},{"taxonomy":"post_tag","embeddable":true,"href":"https:\/\/www.monaco-tribune.com\/en\/wp-json\/wp\/v2\/tags?post=288844"},{"taxonomy":"sectag","embeddable":true,"href":"https:\/\/www.monaco-tribune.com\/en\/wp-json\/wp\/v2\/post_sectags?post=288844"},{"taxonomy":"format","embeddable":true,"href":"https:\/\/www.monaco-tribune.com\/en\/wp-json\/wp\/v2\/post_format?post=288844"}],"curies":[{"name":"wp","href":"https:\/\/api.w.org\/{rel}","templated":true}]}}