{"id":292860,"date":"2025-05-16T17:24:57","date_gmt":"2025-05-16T15:24:57","guid":{"rendered":"https:\/\/www.monaco-tribune.com\/2025\/05\/princess-charlene-attends-mass-in-honour-of-lorenzo-renou\/"},"modified":"2025-05-16T17:31:50","modified_gmt":"2025-05-16T15:31:50","slug":"princess-charlene-attends-mass-in-honour-of-lorenzo-renou","status":"publish","type":"post","link":"https:\/\/www.monaco-tribune.com\/en\/2025\/05\/princess-charlene-attends-mass-in-honour-of-lorenzo-renou\/","title":{"rendered":"Princess Charlene attends mass in honour of Lorenzo Renou"},"content":{"rendered":"\n<p><strong>A mass was held in honour of Lorenzo Renou, the promising young AS Monaco basketball player, on Thursday afternoon at Monaco Cathedral.<\/strong><\/p>\n\n<p>Princess Charlene wanted to attend the ceremony along with the young man&#8217;s family. She was joined by the late young basketball player&#8217;s team-mates, players from the Roca Team and members of the club&#8217;s staff and management. Many of the Principality&#8217;s dignitaries were also present.<\/p>\n<div class=\"wp-block-image\">\n<figure class=\"aligncenter size-large\"><img loading=\"lazy\" decoding=\"async\" width=\"1024\" height=\"682\" src=\"https:\/\/www.monaco-tribune.com\/wp-content\/uploads\/2025\/05\/hommage-a-lorenzo-renou-1-1024x682.jpg\" alt=\"hommage &#xE0; Lorenzo Renou\" class=\"wp-image-292647\" srcset=\"https:\/\/www.monaco-tribune.com\/wp-content\/uploads\/2025\/05\/hommage-a-lorenzo-renou-1-1024x682.jpg 1024w, https:\/\/www.monaco-tribune.com\/wp-content\/uploads\/2025\/05\/hommage-a-lorenzo-renou-1-451x300.jpg 451w, https:\/\/www.monaco-tribune.com\/wp-content\/uploads\/2025\/05\/hommage-a-lorenzo-renou-1.jpg 1197w\" sizes=\"auto, (max-width: 1024px) 100vw, 1024px\" \/><figcaption class=\"wp-element-caption\"><em>\u00a9 Communication Department \/ Michael Alesi<\/em><\/figcaption><\/figure>\n<\/div>\n<p>Aged 17, Lorenzo Renou was considered one of Monegasque basketball&#8217;s promising players. A hard-working student who came top of his class in &#8216;Premi\u00e8re STMG&#8217; at the Lyc\u00e9e Albert Ier, he was also fully committed to his dream of becoming a professional player. A former member of Bordeaux \u00c9tudiants Club Basket, he left his native region to join AS Monaco Basket. He played in the Nationale 3 and Espoirs teams.<\/p>\n<div class=\"wp-block-image\">\n<figure class=\"aligncenter size-large\"><img loading=\"lazy\" decoding=\"async\" width=\"1024\" height=\"682\" src=\"https:\/\/www.monaco-tribune.com\/wp-content\/uploads\/2025\/05\/lorenzo-renou-1024x682.jpg\" alt=\"Lorenzo Renou\" class=\"wp-image-292636\" srcset=\"https:\/\/www.monaco-tribune.com\/wp-content\/uploads\/2025\/05\/lorenzo-renou-1024x682.jpg 1024w, https:\/\/www.monaco-tribune.com\/wp-content\/uploads\/2025\/05\/lorenzo-renou-451x300.jpg 451w, https:\/\/www.monaco-tribune.com\/wp-content\/uploads\/2025\/05\/lorenzo-renou.jpg 1197w\" sizes=\"auto, (max-width: 1024px) 100vw, 1024px\" \/><figcaption class=\"wp-element-caption\"><em>\u00a9 Communication Department \/ Michael Alesi<\/em><\/figcaption><\/figure>\n<\/div>\n<p><a href=\"https:\/\/www.monaco-tribune.com\/en\/2025\/05\/as-monaco-mourns-loss-of-basketball-player-in-tragic-accident\/\">The tragedy occurred on the night of Saturday 10 to Sunday 11 May<\/a>, on the A8 motorway, as the team was returning from a match against Terres Froides. The minibus carrying the players and staff was involved in an accident that claimed Lorenzo&#8217;s life. Five other people were injured.<\/p>\n\n<p>The news rocked Monaco. Prince Albert II reacted in an official statement, expressing his <em>&#8220;deep sadness&#8221; <\/em>and condolences to the young player&#8217;s family. A minute&#8217;s silence was observed in his honour on Sunday evening before the Betclic Elite match between the Roca Team and Bourg-en-Bresse at the Salle Gaston M\u00e9decin.<\/p>\n<div class=\"wp-block-image\">\n<figure class=\"aligncenter size-large\"><img loading=\"lazy\" decoding=\"async\" width=\"1024\" height=\"683\" src=\"https:\/\/www.monaco-tribune.com\/wp-content\/uploads\/2025\/05\/hommage-a-lorenzo-renou-1024x683.jpg\" alt=\"hommage &#xE0; Lorenzo Renou\" class=\"wp-image-292642\" srcset=\"https:\/\/www.monaco-tribune.com\/wp-content\/uploads\/2025\/05\/hommage-a-lorenzo-renou-1024x683.jpg 1024w, https:\/\/www.monaco-tribune.com\/wp-content\/uploads\/2025\/05\/hommage-a-lorenzo-renou-450x300.jpg 450w, https:\/\/www.monaco-tribune.com\/wp-content\/uploads\/2025\/05\/hommage-a-lorenzo-renou.jpg 1440w\" sizes=\"auto, (max-width: 1024px) 100vw, 1024px\" \/><figcaption class=\"wp-element-caption\"><em>\u00a9 Communication Department \/ Michael Alesi<\/em><\/figcaption><\/figure>\n<\/div><div class=\"wp-block-image\">\n<figure class=\"aligncenter size-large is-resized\"><img loading=\"lazy\" decoding=\"async\" width=\"819\" height=\"1024\" src=\"https:\/\/www.monaco-tribune.com\/wp-content\/uploads\/2025\/05\/hommage-lorenzo-renou-819x1024.jpg\" alt=\"hommage Lorenzo Renou\" class=\"wp-image-292659\" style=\"width:819px;height:auto\" srcset=\"https:\/\/www.monaco-tribune.com\/wp-content\/uploads\/2025\/05\/hommage-lorenzo-renou-819x1024.jpg 819w, https:\/\/www.monaco-tribune.com\/wp-content\/uploads\/2025\/05\/hommage-lorenzo-renou-240x300.jpg 240w, https:\/\/www.monaco-tribune.com\/wp-content\/uploads\/2025\/05\/hommage-lorenzo-renou.jpg 960w\" sizes=\"auto, (max-width: 819px) 100vw, 819px\" \/><figcaption class=\"wp-element-caption\"><em>\u00a9 Communication Department \/ Michael Alesi<\/em><\/figcaption><\/figure>\n<\/div>\n<p>On Thursday, the Monegasque community came together to bid him farewell. Many students from the Lyc\u00e9e Albert I were present at the ceremony. An online fundraiser has been set up for the benefit of Lorenzo&#8217;s family.<\/p>\n<blockquote class=\"instagram-media\" data-instgrm-permalink=\"https:\/\/www.instagram.com\/p\/DJrmghyIjbV\/?utm_source=ig_embed&amp;utm_campaign=loading\" data-instgrm-version=\"14\" style=\" background:#FFF; border:0; border-radius:3px; box-shadow:0 0 1px 0 rgba(0,0,0,0.5),0 1px 10px 0 rgba(0,0,0,0.15); margin: 1px; max-width:540px; min-width:326px; padding:0; width:99.375%; width:-webkit-calc(100% - 2px); width:calc(100% - 2px);\">\n<div style=\"padding:16px;\"> <a href=\"https:\/\/www.instagram.com\/p\/DJrmghyIjbV\/?utm_source=ig_embed&amp;utm_campaign=loading\" style=\" background:#FFFFFF; line-height:0; padding:0 0; text-align:center; text-decoration:none; width:100%;\" target=\"_blank\"> <\/p>\n<div style=\" display: flex; flex-direction: row; align-items: center;\">\n<div style=\"background-color: #F4F4F4; border-radius: 50%; flex-grow: 0; height: 40px; margin-right: 14px; width: 40px;\"><\/div>\n<div style=\"display: flex; flex-direction: column; flex-grow: 1; justify-content: center;\">\n<div style=\" background-color: #F4F4F4; border-radius: 4px; flex-grow: 0; height: 14px; margin-bottom: 6px; width: 100px;\"><\/div>\n<div style=\" background-color: #F4F4F4; border-radius: 4px; flex-grow: 0; height: 14px; width: 60px;\"><\/div>\n<\/div>\n<\/div>\n<div style=\"padding: 19% 0;\"><\/div>\n<div style=\"display:block; height:50px; margin:0 auto 12px; width:50px;\"><svg width=\"50px\" height=\"50px\" viewBox=\"0 0 60 60\" version=\"1.1\" xmlns=\"https:\/\/www.w3.org\/2000\/svg\" xmlns:xlink=\"https:\/\/www.w3.org\/1999\/xlink\"><g stroke=\"none\" stroke-width=\"1\" fill=\"none\" fill-rule=\"evenodd\"><g transform=\"translate(-511.000000, -20.000000)\" fill=\"#000000\"><g><path d=\"M556.869,30.41 C554.814,30.41 553.148,32.076 553.148,34.131 C553.148,36.186 554.814,37.852 556.869,37.852 C558.924,37.852 560.59,36.186 560.59,34.131 C560.59,32.076 558.924,30.41 556.869,30.41 M541,60.657 C535.114,60.657 530.342,55.887 530.342,50 C530.342,44.114 535.114,39.342 541,39.342 C546.887,39.342 551.658,44.114 551.658,50 C551.658,55.887 546.887,60.657 541,60.657 M541,33.886 C532.1,33.886 524.886,41.1 524.886,50 C524.886,58.899 532.1,66.113 541,66.113 C549.9,66.113 557.115,58.899 557.115,50 C557.115,41.1 549.9,33.886 541,33.886 M565.378,62.101 C565.244,65.022 564.756,66.606 564.346,67.663 C563.803,69.06 563.154,70.057 562.106,71.106 C561.058,72.155 560.06,72.803 558.662,73.347 C557.607,73.757 556.021,74.244 553.102,74.378 C549.944,74.521 548.997,74.552 541,74.552 C533.003,74.552 532.056,74.521 528.898,74.378 C525.979,74.244 524.393,73.757 523.338,73.347 C521.94,72.803 520.942,72.155 519.894,71.106 C518.846,70.057 518.197,69.06 517.654,67.663 C517.244,66.606 516.755,65.022 516.623,62.101 C516.479,58.943 516.448,57.996 516.448,50 C516.448,42.003 516.479,41.056 516.623,37.899 C516.755,34.978 517.244,33.391 517.654,32.338 C518.197,30.938 518.846,29.942 519.894,28.894 C520.942,27.846 521.94,27.196 523.338,26.654 C524.393,26.244 525.979,25.756 528.898,25.623 C532.057,25.479 533.004,25.448 541,25.448 C548.997,25.448 549.943,25.479 553.102,25.623 C556.021,25.756 557.607,26.244 558.662,26.654 C560.06,27.196 561.058,27.846 562.106,28.894 C563.154,29.942 563.803,30.938 564.346,32.338 C564.756,33.391 565.244,34.978 565.378,37.899 C565.522,41.056 565.552,42.003 565.552,50 C565.552,57.996 565.522,58.943 565.378,62.101 M570.82,37.631 C570.674,34.438 570.167,32.258 569.425,30.349 C568.659,28.377 567.633,26.702 565.965,25.035 C564.297,23.368 562.623,22.342 560.652,21.575 C558.743,20.834 556.562,20.326 553.369,20.18 C550.169,20.033 549.148,20 541,20 C532.853,20 531.831,20.033 528.631,20.18 C525.438,20.326 523.257,20.834 521.349,21.575 C519.376,22.342 517.703,23.368 516.035,25.035 C514.368,26.702 513.342,28.377 512.574,30.349 C511.834,32.258 511.326,34.438 511.181,37.631 C511.035,40.831 511,41.851 511,50 C511,58.147 511.035,59.17 511.181,62.369 C511.326,65.562 511.834,67.743 512.574,69.651 C513.342,71.625 514.368,73.296 516.035,74.965 C517.703,76.634 519.376,77.658 521.349,78.425 C523.257,79.167 525.438,79.673 528.631,79.82 C531.831,79.965 532.853,80.001 541,80.001 C549.148,80.001 550.169,79.965 553.369,79.82 C556.562,79.673 558.743,79.167 560.652,78.425 C562.623,77.658 564.297,76.634 565.965,74.965 C567.633,73.296 568.659,71.625 569.425,69.651 C570.167,67.743 570.674,65.562 570.82,62.369 C570.966,59.17 571,58.147 571,50 C571,41.851 570.966,40.831 570.82,37.631\"><\/path><\/g><\/g><\/g><\/svg><\/div>\n<div style=\"padding-top: 8px;\">\n<div style=\" color:#3897f0; font-family:Arial,sans-serif; font-size:14px; font-style:normal; font-weight:550; line-height:18px;\">Voir cette publication sur Instagram<\/div>\n<\/div>\n<div style=\"padding: 12.5% 0;\"><\/div>\n<div style=\"display: flex; flex-direction: row; margin-bottom: 14px; align-items: center;\">\n<div>\n<div style=\"background-color: #F4F4F4; border-radius: 50%; height: 12.5px; width: 12.5px; transform: translateX(0px) translateY(7px);\"><\/div>\n<div style=\"background-color: #F4F4F4; height: 12.5px; transform: rotate(-45deg) translateX(3px) translateY(1px); width: 12.5px; flex-grow: 0; margin-right: 14px; margin-left: 2px;\"><\/div>\n<div style=\"background-color: #F4F4F4; border-radius: 50%; height: 12.5px; width: 12.5px; transform: translateX(9px) translateY(-18px);\"><\/div>\n<\/div>\n<div style=\"margin-left: 8px;\">\n<div style=\" background-color: #F4F4F4; border-radius: 50%; flex-grow: 0; height: 20px; width: 20px;\"><\/div>\n<div style=\" width: 0; height: 0; border-top: 2px solid transparent; border-left: 6px solid #f4f4f4; border-bottom: 2px solid transparent; transform: translateX(16px) translateY(-4px) rotate(30deg)\"><\/div>\n<\/div>\n<div style=\"margin-left: auto;\">\n<div style=\" width: 0px; border-top: 8px solid #F4F4F4; border-right: 8px solid transparent; transform: translateY(16px);\"><\/div>\n<div style=\" background-color: #F4F4F4; flex-grow: 0; height: 12px; width: 16px; transform: translateY(-4px);\"><\/div>\n<div style=\" width: 0; height: 0; border-top: 8px solid #F4F4F4; border-left: 8px solid transparent; transform: translateY(-4px) translateX(8px);\"><\/div>\n<\/div>\n<\/div>\n<div style=\"display: flex; flex-direction: column; flex-grow: 1; justify-content: center; margin-bottom: 24px;\">\n<div style=\" background-color: #F4F4F4; border-radius: 4px; flex-grow: 0; height: 14px; margin-bottom: 6px; width: 224px;\"><\/div>\n<div style=\" background-color: #F4F4F4; border-radius: 4px; flex-grow: 0; height: 14px; width: 144px;\"><\/div>\n<\/div>\n<p><\/a><\/p>\n<p style=\" color:#c9c8cd; font-family:Arial,sans-serif; font-size:14px; line-height:17px; margin-bottom:0; margin-top:8px; overflow:hidden; padding:8px 0 7px; text-align:center; text-overflow:ellipsis; white-space:nowrap;\"><a href=\"https:\/\/www.instagram.com\/p\/DJrmghyIjbV\/?utm_source=ig_embed&amp;utm_campaign=loading\" style=\" color:#c9c8cd; font-family:Arial,sans-serif; font-size:14px; font-style:normal; font-weight:normal; line-height:17px; text-decoration:none;\" target=\"_blank\">Une publication partag\u00e9e par AS Monaco Basketball (@asmonaco_basket)<\/a><\/p>\n<\/div>\n<\/blockquote>\n<p><script async src=\"\/\/www.instagram.com\/embed.js\"><\/script><\/p>\n\n<p class=\"related\"><a href=\"https:\/\/www.monaco-tribune.com\/en\/2025\/05\/princely-twins-reach-new-spiritual-milestone-in-cathedral\/\">Princely Twins reach new spiritual milestone in Cathedral&#13;\n<\/a><\/p>\n\n<p><\/p>\n","protected":false},"excerpt":{"rendered":"<p>A mass was held in honour of Lorenzo Renou, the promising young AS Monaco basketball player, on Thursday afternoon at [&hellip;]<\/p>\n","protected":false},"author":80,"featured_media":292656,"comment_status":"closed","ping_status":"closed","sticky":false,"template":"","format":"standard","meta":{"_acf_changed":false,"footnotes":""},"categories":[243,254],"tags":[2832],"post_sectags":[5111],"post_format":[2465],"class_list":["post-292860","post","type-post","status-publish","format-standard","has-post-thumbnail","hentry","category-news","category-people-en","tag-princess-charlene-en","sectag-tribute","format-in-brief"],"acf":[],"yoast_head":"<!-- This site is optimized with the Yoast SEO Premium plugin v26.8 (Yoast SEO v27.5) - https:\/\/yoast.com\/product\/yoast-seo-premium-wordpress\/ -->\n<title>Princess Charlene attends mass in honour of Lorenzo Renou<\/title>\n<meta name=\"description\" content=\"A mass was held in honour of Lorenzo Renou, the promising young AS Monaco basketball player, on Thursday afternoon at Monaco Cathedral. Princess Charlene\" \/>\n<meta name=\"robots\" content=\"index, follow, max-snippet:-1, max-image-preview:large, max-video-preview:-1\" \/>\n<link rel=\"canonical\" href=\"https:\/\/www.monaco-tribune.com\/en\/2025\/05\/princess-charlene-attends-mass-in-honour-of-lorenzo-renou\/\" \/>\n<meta property=\"og:locale\" content=\"en_US\" \/>\n<meta property=\"og:type\" content=\"article\" \/>\n<meta property=\"og:title\" content=\"Princess Charlene attends mass in honour of Lorenzo Renou - Monaco Tribune\" \/>\n<meta property=\"og:description\" content=\"A mass was held in honour of Lorenzo Renou, the promising young AS Monaco basketball player, on Thursday afternoon at Monaco Cathedral. Princess Charlene\" \/>\n<meta property=\"og:url\" content=\"https:\/\/www.monaco-tribune.com\/en\/2025\/05\/princess-charlene-attends-mass-in-honour-of-lorenzo-renou\/\" \/>\n<meta property=\"og:site_name\" content=\"Monaco Tribune\" \/>\n<meta property=\"article:publisher\" content=\"https:\/\/www.facebook.com\/MonacoTribune\" \/>\n<meta property=\"article:published_time\" content=\"2025-05-16T15:24:57+00:00\" \/>\n<meta property=\"article:modified_time\" content=\"2025-05-16T15:31:50+00:00\" \/>\n<meta property=\"og:image\" content=\"https:\/\/www.monaco-tribune.com\/wp-content\/uploads\/2025\/05\/hommage-a-lorenzo-renou-2.jpg\" \/>\n\t<meta property=\"og:image:width\" content=\"1197\" \/>\n\t<meta property=\"og:image:height\" content=\"797\" \/>\n\t<meta property=\"og:image:type\" content=\"image\/jpeg\" \/>\n<meta name=\"author\" content=\"Estelle Imbert\" \/>\n<meta name=\"twitter:card\" content=\"summary_large_image\" \/>\n<meta name=\"twitter:creator\" content=\"@MonacoTribune\" \/>\n<meta name=\"twitter:site\" content=\"@MonacoTribune\" \/>\n<script type=\"application\/ld+json\" class=\"yoast-schema-graph\">{\"@context\":\"https:\\\/\\\/schema.org\",\"@graph\":[{\"@type\":\"NewsArticle\",\"@id\":\"https:\\\/\\\/www.monaco-tribune.com\\\/en\\\/2025\\\/05\\\/princess-charlene-attends-mass-in-honour-of-lorenzo-renou\\\/#article\",\"isPartOf\":{\"@id\":\"https:\\\/\\\/www.monaco-tribune.com\\\/en\\\/2025\\\/05\\\/princess-charlene-attends-mass-in-honour-of-lorenzo-renou\\\/\"},\"author\":{\"name\":\"Estelle Imbert\",\"@id\":\"https:\\\/\\\/www.monaco-tribune.com\\\/en\\\/#\\\/schema\\\/person\\\/55ce91a070ff78e15ec1817376669bf4\"},\"headline\":\"Princess Charlene attends mass in honour of Lorenzo Renou\",\"datePublished\":\"2025-05-16T15:24:57+00:00\",\"dateModified\":\"2025-05-16T15:31:50+00:00\",\"mainEntityOfPage\":{\"@id\":\"https:\\\/\\\/www.monaco-tribune.com\\\/en\\\/2025\\\/05\\\/princess-charlene-attends-mass-in-honour-of-lorenzo-renou\\\/\"},\"wordCount\":327,\"publisher\":{\"@id\":\"https:\\\/\\\/www.monaco-tribune.com\\\/en\\\/#organization\"},\"image\":{\"@id\":\"https:\\\/\\\/www.monaco-tribune.com\\\/en\\\/2025\\\/05\\\/princess-charlene-attends-mass-in-honour-of-lorenzo-renou\\\/#primaryimage\"},\"thumbnailUrl\":\"https:\\\/\\\/www.monaco-tribune.com\\\/wp-content\\\/uploads\\\/2025\\\/05\\\/hommage-a-lorenzo-renou-2.jpg\",\"keywords\":[\"Princess Charlene\"],\"articleSection\":[\"News\",\"Princely Family\"],\"inLanguage\":\"en-US\",\"copyrightYear\":\"2025\",\"copyrightHolder\":{\"@id\":\"https:\\\/\\\/www.monaco-tribune.com\\\/#organization\"}},{\"@type\":\"WebPage\",\"@id\":\"https:\\\/\\\/www.monaco-tribune.com\\\/en\\\/2025\\\/05\\\/princess-charlene-attends-mass-in-honour-of-lorenzo-renou\\\/\",\"url\":\"https:\\\/\\\/www.monaco-tribune.com\\\/en\\\/2025\\\/05\\\/princess-charlene-attends-mass-in-honour-of-lorenzo-renou\\\/\",\"name\":\"Princess Charlene attends mass in honour of Lorenzo Renou\",\"isPartOf\":{\"@id\":\"https:\\\/\\\/www.monaco-tribune.com\\\/en\\\/#website\"},\"primaryImageOfPage\":{\"@id\":\"https:\\\/\\\/www.monaco-tribune.com\\\/en\\\/2025\\\/05\\\/princess-charlene-attends-mass-in-honour-of-lorenzo-renou\\\/#primaryimage\"},\"image\":{\"@id\":\"https:\\\/\\\/www.monaco-tribune.com\\\/en\\\/2025\\\/05\\\/princess-charlene-attends-mass-in-honour-of-lorenzo-renou\\\/#primaryimage\"},\"thumbnailUrl\":\"https:\\\/\\\/www.monaco-tribune.com\\\/wp-content\\\/uploads\\\/2025\\\/05\\\/hommage-a-lorenzo-renou-2.jpg\",\"datePublished\":\"2025-05-16T15:24:57+00:00\",\"dateModified\":\"2025-05-16T15:31:50+00:00\",\"description\":\"A mass was held in honour of Lorenzo Renou, the promising young AS Monaco basketball player, on Thursday afternoon at Monaco Cathedral. Princess Charlene\",\"breadcrumb\":{\"@id\":\"https:\\\/\\\/www.monaco-tribune.com\\\/en\\\/2025\\\/05\\\/princess-charlene-attends-mass-in-honour-of-lorenzo-renou\\\/#breadcrumb\"},\"inLanguage\":\"en-US\",\"potentialAction\":[{\"@type\":\"ReadAction\",\"target\":[\"https:\\\/\\\/www.monaco-tribune.com\\\/en\\\/2025\\\/05\\\/princess-charlene-attends-mass-in-honour-of-lorenzo-renou\\\/\"]}]},{\"@type\":\"ImageObject\",\"inLanguage\":\"en-US\",\"@id\":\"https:\\\/\\\/www.monaco-tribune.com\\\/en\\\/2025\\\/05\\\/princess-charlene-attends-mass-in-honour-of-lorenzo-renou\\\/#primaryimage\",\"url\":\"https:\\\/\\\/www.monaco-tribune.com\\\/wp-content\\\/uploads\\\/2025\\\/05\\\/hommage-a-lorenzo-renou-2.jpg\",\"contentUrl\":\"https:\\\/\\\/www.monaco-tribune.com\\\/wp-content\\\/uploads\\\/2025\\\/05\\\/hommage-a-lorenzo-renou-2.jpg\",\"width\":1197,\"height\":797,\"caption\":\"Several players from the Roca Team and Princess Charl\u00e8ne paid tribute to young Lorenzo Renou \u00a9 Communication department - Manuel Vitali\"},{\"@type\":\"BreadcrumbList\",\"@id\":\"https:\\\/\\\/www.monaco-tribune.com\\\/en\\\/2025\\\/05\\\/princess-charlene-attends-mass-in-honour-of-lorenzo-renou\\\/#breadcrumb\",\"itemListElement\":[{\"@type\":\"ListItem\",\"position\":1,\"name\":\"Accueil\",\"item\":\"https:\\\/\\\/www.monaco-tribune.com\\\/en\\\/\"},{\"@type\":\"ListItem\",\"position\":2,\"name\":\"Princess Charlene attends mass in honour of Lorenzo Renou\"}]},{\"@type\":\"WebSite\",\"@id\":\"https:\\\/\\\/www.monaco-tribune.com\\\/en\\\/#website\",\"url\":\"https:\\\/\\\/www.monaco-tribune.com\\\/en\\\/\",\"name\":\"Monaco Tribune\",\"description\":\"Monaco : actualit\u00e9s \u00e9conomiques, politiques, culturelles et sportives de Monaco et de la French Riviera.\",\"publisher\":{\"@id\":\"https:\\\/\\\/www.monaco-tribune.com\\\/en\\\/#organization\"},\"potentialAction\":[{\"@type\":\"SearchAction\",\"target\":{\"@type\":\"EntryPoint\",\"urlTemplate\":\"https:\\\/\\\/www.monaco-tribune.com\\\/en\\\/?s={search_term_string}\"},\"query-input\":{\"@type\":\"PropertyValueSpecification\",\"valueRequired\":true,\"valueName\":\"search_term_string\"}}],\"inLanguage\":\"en-US\"},{\"@type\":\"Organization\",\"@id\":\"https:\\\/\\\/www.monaco-tribune.com\\\/en\\\/#organization\",\"name\":\"Monaco Tribune\",\"url\":\"https:\\\/\\\/www.monaco-tribune.com\\\/en\\\/\",\"logo\":{\"@type\":\"ImageObject\",\"inLanguage\":\"en-US\",\"@id\":\"https:\\\/\\\/www.monaco-tribune.com\\\/en\\\/#\\\/schema\\\/logo\\\/image\\\/\",\"url\":\"https:\\\/\\\/www.monaco-tribune.com\\\/wp-content\\\/uploads\\\/2022\\\/11\\\/logo-monaco-tribune.png\",\"contentUrl\":\"https:\\\/\\\/www.monaco-tribune.com\\\/wp-content\\\/uploads\\\/2022\\\/11\\\/logo-monaco-tribune.png\",\"width\":1548,\"height\":600,\"caption\":\"Monaco Tribune\"},\"image\":{\"@id\":\"https:\\\/\\\/www.monaco-tribune.com\\\/en\\\/#\\\/schema\\\/logo\\\/image\\\/\"},\"sameAs\":[\"https:\\\/\\\/www.facebook.com\\\/MonacoTribune\",\"https:\\\/\\\/x.com\\\/MonacoTribune\",\"https:\\\/\\\/www.instagram.com\\\/monacotribune\\\/\",\"https:\\\/\\\/www.linkedin.com\\\/company\\\/monaco-tribune\",\"https:\\\/\\\/www.youtube.com\\\/channel\\\/UCHle1MnG6hw1y4lWKijVbMA\"]},{\"@type\":\"Person\",\"@id\":\"https:\\\/\\\/www.monaco-tribune.com\\\/en\\\/#\\\/schema\\\/person\\\/55ce91a070ff78e15ec1817376669bf4\",\"name\":\"Estelle Imbert\",\"image\":{\"@type\":\"ImageObject\",\"inLanguage\":\"en-US\",\"@id\":\"https:\\\/\\\/secure.gravatar.com\\\/avatar\\\/d2e1a3840b1138a669d04f6292bbd810f7f730844d7a28a8e8c4c6da40e79852?s=96&d=mm&r=g\",\"url\":\"https:\\\/\\\/secure.gravatar.com\\\/avatar\\\/d2e1a3840b1138a669d04f6292bbd810f7f730844d7a28a8e8c4c6da40e79852?s=96&d=mm&r=g\",\"contentUrl\":\"https:\\\/\\\/secure.gravatar.com\\\/avatar\\\/d2e1a3840b1138a669d04f6292bbd810f7f730844d7a28a8e8c4c6da40e79852?s=96&d=mm&r=g\",\"caption\":\"Estelle Imbert\"},\"url\":\"https:\\\/\\\/www.monaco-tribune.com\\\/en\\\/author\\\/estelleimbert\\\/\"}]}<\/script>\n<!-- \/ Yoast SEO Premium plugin. -->","yoast_head_json":{"title":"Princess Charlene attends mass in honour of Lorenzo Renou","description":"A mass was held in honour of Lorenzo Renou, the promising young AS Monaco basketball player, on Thursday afternoon at Monaco Cathedral. Princess Charlene","robots":{"index":"index","follow":"follow","max-snippet":"max-snippet:-1","max-image-preview":"max-image-preview:large","max-video-preview":"max-video-preview:-1"},"canonical":"https:\/\/www.monaco-tribune.com\/en\/2025\/05\/princess-charlene-attends-mass-in-honour-of-lorenzo-renou\/","og_locale":"en_US","og_type":"article","og_title":"Princess Charlene attends mass in honour of Lorenzo Renou - Monaco Tribune","og_description":"A mass was held in honour of Lorenzo Renou, the promising young AS Monaco basketball player, on Thursday afternoon at Monaco Cathedral. Princess Charlene","og_url":"https:\/\/www.monaco-tribune.com\/en\/2025\/05\/princess-charlene-attends-mass-in-honour-of-lorenzo-renou\/","og_site_name":"Monaco Tribune","article_publisher":"https:\/\/www.facebook.com\/MonacoTribune","article_published_time":"2025-05-16T15:24:57+00:00","article_modified_time":"2025-05-16T15:31:50+00:00","og_image":[{"width":1197,"height":797,"url":"https:\/\/www.monaco-tribune.com\/wp-content\/uploads\/2025\/05\/hommage-a-lorenzo-renou-2.jpg","type":"image\/jpeg"}],"author":"Estelle Imbert","twitter_card":"summary_large_image","twitter_creator":"@MonacoTribune","twitter_site":"@MonacoTribune","schema":{"@context":"https:\/\/schema.org","@graph":[{"@type":"NewsArticle","@id":"https:\/\/www.monaco-tribune.com\/en\/2025\/05\/princess-charlene-attends-mass-in-honour-of-lorenzo-renou\/#article","isPartOf":{"@id":"https:\/\/www.monaco-tribune.com\/en\/2025\/05\/princess-charlene-attends-mass-in-honour-of-lorenzo-renou\/"},"author":{"name":"Estelle Imbert","@id":"https:\/\/www.monaco-tribune.com\/en\/#\/schema\/person\/55ce91a070ff78e15ec1817376669bf4"},"headline":"Princess Charlene attends mass in honour of Lorenzo Renou","datePublished":"2025-05-16T15:24:57+00:00","dateModified":"2025-05-16T15:31:50+00:00","mainEntityOfPage":{"@id":"https:\/\/www.monaco-tribune.com\/en\/2025\/05\/princess-charlene-attends-mass-in-honour-of-lorenzo-renou\/"},"wordCount":327,"publisher":{"@id":"https:\/\/www.monaco-tribune.com\/en\/#organization"},"image":{"@id":"https:\/\/www.monaco-tribune.com\/en\/2025\/05\/princess-charlene-attends-mass-in-honour-of-lorenzo-renou\/#primaryimage"},"thumbnailUrl":"https:\/\/www.monaco-tribune.com\/wp-content\/uploads\/2025\/05\/hommage-a-lorenzo-renou-2.jpg","keywords":["Princess Charlene"],"articleSection":["News","Princely Family"],"inLanguage":"en-US","copyrightYear":"2025","copyrightHolder":{"@id":"https:\/\/www.monaco-tribune.com\/#organization"}},{"@type":"WebPage","@id":"https:\/\/www.monaco-tribune.com\/en\/2025\/05\/princess-charlene-attends-mass-in-honour-of-lorenzo-renou\/","url":"https:\/\/www.monaco-tribune.com\/en\/2025\/05\/princess-charlene-attends-mass-in-honour-of-lorenzo-renou\/","name":"Princess Charlene attends mass in honour of Lorenzo Renou","isPartOf":{"@id":"https:\/\/www.monaco-tribune.com\/en\/#website"},"primaryImageOfPage":{"@id":"https:\/\/www.monaco-tribune.com\/en\/2025\/05\/princess-charlene-attends-mass-in-honour-of-lorenzo-renou\/#primaryimage"},"image":{"@id":"https:\/\/www.monaco-tribune.com\/en\/2025\/05\/princess-charlene-attends-mass-in-honour-of-lorenzo-renou\/#primaryimage"},"thumbnailUrl":"https:\/\/www.monaco-tribune.com\/wp-content\/uploads\/2025\/05\/hommage-a-lorenzo-renou-2.jpg","datePublished":"2025-05-16T15:24:57+00:00","dateModified":"2025-05-16T15:31:50+00:00","description":"A mass was held in honour of Lorenzo Renou, the promising young AS Monaco basketball player, on Thursday afternoon at Monaco Cathedral. Princess Charlene","breadcrumb":{"@id":"https:\/\/www.monaco-tribune.com\/en\/2025\/05\/princess-charlene-attends-mass-in-honour-of-lorenzo-renou\/#breadcrumb"},"inLanguage":"en-US","potentialAction":[{"@type":"ReadAction","target":["https:\/\/www.monaco-tribune.com\/en\/2025\/05\/princess-charlene-attends-mass-in-honour-of-lorenzo-renou\/"]}]},{"@type":"ImageObject","inLanguage":"en-US","@id":"https:\/\/www.monaco-tribune.com\/en\/2025\/05\/princess-charlene-attends-mass-in-honour-of-lorenzo-renou\/#primaryimage","url":"https:\/\/www.monaco-tribune.com\/wp-content\/uploads\/2025\/05\/hommage-a-lorenzo-renou-2.jpg","contentUrl":"https:\/\/www.monaco-tribune.com\/wp-content\/uploads\/2025\/05\/hommage-a-lorenzo-renou-2.jpg","width":1197,"height":797,"caption":"Several players from the Roca Team and Princess Charl\u00e8ne paid tribute to young Lorenzo Renou \u00a9 Communication department - Manuel Vitali"},{"@type":"BreadcrumbList","@id":"https:\/\/www.monaco-tribune.com\/en\/2025\/05\/princess-charlene-attends-mass-in-honour-of-lorenzo-renou\/#breadcrumb","itemListElement":[{"@type":"ListItem","position":1,"name":"Accueil","item":"https:\/\/www.monaco-tribune.com\/en\/"},{"@type":"ListItem","position":2,"name":"Princess Charlene attends mass in honour of Lorenzo Renou"}]},{"@type":"WebSite","@id":"https:\/\/www.monaco-tribune.com\/en\/#website","url":"https:\/\/www.monaco-tribune.com\/en\/","name":"Monaco Tribune","description":"Monaco : actualit\u00e9s \u00e9conomiques, politiques, culturelles et sportives de Monaco et de la French Riviera.","publisher":{"@id":"https:\/\/www.monaco-tribune.com\/en\/#organization"},"potentialAction":[{"@type":"SearchAction","target":{"@type":"EntryPoint","urlTemplate":"https:\/\/www.monaco-tribune.com\/en\/?s={search_term_string}"},"query-input":{"@type":"PropertyValueSpecification","valueRequired":true,"valueName":"search_term_string"}}],"inLanguage":"en-US"},{"@type":"Organization","@id":"https:\/\/www.monaco-tribune.com\/en\/#organization","name":"Monaco Tribune","url":"https:\/\/www.monaco-tribune.com\/en\/","logo":{"@type":"ImageObject","inLanguage":"en-US","@id":"https:\/\/www.monaco-tribune.com\/en\/#\/schema\/logo\/image\/","url":"https:\/\/www.monaco-tribune.com\/wp-content\/uploads\/2022\/11\/logo-monaco-tribune.png","contentUrl":"https:\/\/www.monaco-tribune.com\/wp-content\/uploads\/2022\/11\/logo-monaco-tribune.png","width":1548,"height":600,"caption":"Monaco Tribune"},"image":{"@id":"https:\/\/www.monaco-tribune.com\/en\/#\/schema\/logo\/image\/"},"sameAs":["https:\/\/www.facebook.com\/MonacoTribune","https:\/\/x.com\/MonacoTribune","https:\/\/www.instagram.com\/monacotribune\/","https:\/\/www.linkedin.com\/company\/monaco-tribune","https:\/\/www.youtube.com\/channel\/UCHle1MnG6hw1y4lWKijVbMA"]},{"@type":"Person","@id":"https:\/\/www.monaco-tribune.com\/en\/#\/schema\/person\/55ce91a070ff78e15ec1817376669bf4","name":"Estelle Imbert","image":{"@type":"ImageObject","inLanguage":"en-US","@id":"https:\/\/secure.gravatar.com\/avatar\/d2e1a3840b1138a669d04f6292bbd810f7f730844d7a28a8e8c4c6da40e79852?s=96&d=mm&r=g","url":"https:\/\/secure.gravatar.com\/avatar\/d2e1a3840b1138a669d04f6292bbd810f7f730844d7a28a8e8c4c6da40e79852?s=96&d=mm&r=g","contentUrl":"https:\/\/secure.gravatar.com\/avatar\/d2e1a3840b1138a669d04f6292bbd810f7f730844d7a28a8e8c4c6da40e79852?s=96&d=mm&r=g","caption":"Estelle Imbert"},"url":"https:\/\/www.monaco-tribune.com\/en\/author\/estelleimbert\/"}]}},"_links":{"self":[{"href":"https:\/\/www.monaco-tribune.com\/en\/wp-json\/wp\/v2\/posts\/292860","targetHints":{"allow":["GET"]}}],"collection":[{"href":"https:\/\/www.monaco-tribune.com\/en\/wp-json\/wp\/v2\/posts"}],"about":[{"href":"https:\/\/www.monaco-tribune.com\/en\/wp-json\/wp\/v2\/types\/post"}],"author":[{"embeddable":true,"href":"https:\/\/www.monaco-tribune.com\/en\/wp-json\/wp\/v2\/users\/80"}],"replies":[{"embeddable":true,"href":"https:\/\/www.monaco-tribune.com\/en\/wp-json\/wp\/v2\/comments?post=292860"}],"version-history":[{"count":2,"href":"https:\/\/www.monaco-tribune.com\/en\/wp-json\/wp\/v2\/posts\/292860\/revisions"}],"predecessor-version":[{"id":292866,"href":"https:\/\/www.monaco-tribune.com\/en\/wp-json\/wp\/v2\/posts\/292860\/revisions\/292866"}],"wp:featuredmedia":[{"embeddable":true,"href":"https:\/\/www.monaco-tribune.com\/en\/wp-json\/wp\/v2\/media\/292656"}],"wp:attachment":[{"href":"https:\/\/www.monaco-tribune.com\/en\/wp-json\/wp\/v2\/media?parent=292860"}],"wp:term":[{"taxonomy":"category","embeddable":true,"href":"https:\/\/www.monaco-tribune.com\/en\/wp-json\/wp\/v2\/categories?post=292860"},{"taxonomy":"post_tag","embeddable":true,"href":"https:\/\/www.monaco-tribune.com\/en\/wp-json\/wp\/v2\/tags?post=292860"},{"taxonomy":"sectag","embeddable":true,"href":"https:\/\/www.monaco-tribune.com\/en\/wp-json\/wp\/v2\/post_sectags?post=292860"},{"taxonomy":"format","embeddable":true,"href":"https:\/\/www.monaco-tribune.com\/en\/wp-json\/wp\/v2\/post_format?post=292860"}],"curies":[{"name":"wp","href":"https:\/\/api.w.org\/{rel}","templated":true}]}}