{"id":293106,"date":"2025-05-19T16:48:03","date_gmt":"2025-05-19T14:48:03","guid":{"rendered":"https:\/\/www.monaco-tribune.com\/2025\/05\/prince-albert-ii-at-malaussene-damaged-heritage-reborn\/"},"modified":"2025-05-19T17:14:32","modified_gmt":"2025-05-19T15:14:32","slug":"prince-albert-ii-at-malaussene-damaged-heritage-reborn","status":"publish","type":"post","link":"https:\/\/www.monaco-tribune.com\/en\/2025\/05\/prince-albert-ii-at-malaussene-damaged-heritage-reborn\/","title":{"rendered":"Prince Albert II at Malauss\u00e8ne: damaged heritage reborn"},"content":{"rendered":"\n<p><strong>The Monegasque monarch visited the village in the Alpes-Maritimes to celebrate the completion of restoration work financed by the Principality, symbolising cross-border solidarity during the four years since the natural disaster.<\/strong><\/p>\n\n<p>In the Alpes-Maritimes, the scars of storm Alex are fading thanks to support from the Principality. Prince Albert II travelled to Malauss\u00e8ne, a village of 300 inhabitants located 60 kilometres from Monaco in the Var valley, to inaugurate the restoration of the 18th-century oil mill and the Adous canal. The two historic structures are dear to the hearts of local residents, but were severely damaged by storm Alex in October 2020.<\/p>\n\n<h2 class=\"wp-block-heading\" id=\"h-un-soutien-financier-crucial-pour-la-renaissance-du-patrimoine-local\">Crucial financial support for the rebirth of local heritage<\/h2>\n\n<p>The restoration work was made possible by a \u20ac200,000 grant from the Principality of Monaco. A commemorative plaque, testifying to the gratitude of Malauss\u00e8ne&#8217;s inhabitants to Prince Albert II and his government, was unveiled on the fa\u00e7ade of the mill, which dates back to 1775 and was restored by local firms Pratico and Dana. Charles-Ange Gin\u00e9sy, President of the Alpes-Maritimes Departmental Council, and mayor Jean-Pierre Castiglia were delighted that the wheel had been completely rebuilt and the bridge restored.<\/p>\n<div class=\"wp-block-image\">\n<figure class=\"aligncenter size-large\"><img loading=\"lazy\" decoding=\"async\" width=\"1024\" height=\"683\" src=\"https:\/\/www.monaco-tribune.com\/wp-content\/uploads\/2025\/05\/prince-albert-ii-malaussene-grande-1024x683.jpeg\" alt=\"prince albert ii malauss&#xE8;ne - Grande\" class=\"wp-image-292818\" srcset=\"https:\/\/www.monaco-tribune.com\/wp-content\/uploads\/2025\/05\/prince-albert-ii-malaussene-grande-1024x683.jpeg 1024w, https:\/\/www.monaco-tribune.com\/wp-content\/uploads\/2025\/05\/prince-albert-ii-malaussene-grande-450x300.jpeg 450w, https:\/\/www.monaco-tribune.com\/wp-content\/uploads\/2025\/05\/prince-albert-ii-malaussene-grande.jpeg 1280w\" sizes=\"auto, (max-width: 1024px) 100vw, 1024px\" \/><figcaption class=\"wp-element-caption\">\u00a9 Frederic Nebinger \/ Prince&#8217;s Palace<\/figcaption><\/figure>\n<\/div>\n<h2 class=\"wp-block-heading\" id=\"h-entre-les-montagnes-meurtries-par-la-tempete\">Between the storm-battered mountains<\/h2>\n\n<p>The visit is part of Monaco&#8217;s broader commitment to neighbouring French towns affected by Storm Alex. In the immediate aftermath of the disaster, in which 18 lives were lost and infrastructure suffered extensive damage, the Principality provided emergency aid to the tune of 4 million euros.<\/p>\n\n<p class=\"related\"><a href=\"https:\/\/www.monaco-tribune.com\/en\/2024\/11\/storm-alex-prince-albert-ii-inaugurates-restorations-on-valleys-historic-heritage\/\">Storm Alex: Prince Albert II inaugurates restorations on valleys&#8217; historic heritage<\/a><\/p>\n\n<p>Subsequently, a \u20ac3 million funding programme was set up to support reconstruction projects in the Roya, V\u00e9subie, Tin\u00e9e and Var valleys. Other projects that have been funded include the reconstruction of a bridge at Breil-sur-Roya, repairs to the village walls at Saorge, and the restoration of the church at La Brigue.<\/p>\n\n<h2 class=\"wp-block-heading\" id=\"h-un-symbole-de-resilience-et-de-cooperation-transfrontaliere\">A symbol of resilience and cross-border cooperation<\/h2>\n\n<p>The Malauss\u00e8ne viaduct, which is almost 40 metres high, played an essential role for the town, providing water not only for the oil mill but also for the flour mill and the municipal washhouse, as well as irrigation for crops.<\/p>\n\n<p>Four and a half years after the unprecedented natural disaster, the visible signs of the storm are gradually fading, thanks to reconstruction efforts and regional solidarity, of which the Prince&#8217;s visit to Malauss\u00e8ne is a further illustration.\u00a0<em>&#8220;Storm Alex will have left an indelible mark on our hearts and minds, but it will also have reminded us of the strength of the close-knit community we form,&#8221;<\/em> Prince Albert II stressed in a <a href=\"https:\/\/www.monaco-tribune.com\/en\/2024\/11\/storm-alex-prince-albert-ii-inaugurates-restorations-on-valleys-historic-heritage\/\">previous speech<\/a> to elected representatives from the Maralpine valleys.<\/p>\n\n<p class=\"related\"><a href=\"https:\/\/www.monaco-tribune.com\/en\/2024\/09\/prince-albert-ii-visits-valleys-hit-by-storm-alex\/\">Prince Albert II visits valleys hit by storm Alex<\/a><\/p>\n","protected":false},"excerpt":{"rendered":"<p>The Monegasque monarch visited the village in the Alpes-Maritimes to celebrate the completion of restoration work financed by the Principality, [&hellip;]<\/p>\n","protected":false},"author":82,"featured_media":292815,"comment_status":"closed","ping_status":"closed","sticky":false,"template":"","format":"standard","meta":{"_acf_changed":false,"footnotes":""},"categories":[243,254],"tags":[2830],"post_sectags":[5056],"post_format":[2468],"class_list":["post-293106","post","type-post","status-publish","format-standard","has-post-thumbnail","hentry","category-news","category-people-en","tag-prince-albert-ii-en-2","sectag-grimaldi-sites","format-story"],"acf":[],"yoast_head":"<!-- This site is optimized with the Yoast SEO Premium plugin v27.5 (Yoast SEO v27.5) - https:\/\/yoast.com\/product\/yoast-seo-premium-wordpress\/ -->\n<title>Prince Albert II at Malauss\u00e8ne: damaged heritage reborn<\/title>\n<meta name=\"description\" content=\"The Monegasque monarch visited the village in the Alpes-Maritimes to celebrate the completion of restoration work financed by the Principality,\" \/>\n<meta name=\"robots\" content=\"index, follow, max-snippet:-1, max-image-preview:large, max-video-preview:-1\" \/>\n<link rel=\"canonical\" href=\"https:\/\/www.monaco-tribune.com\/en\/2025\/05\/prince-albert-ii-at-malaussene-damaged-heritage-reborn\/\" \/>\n<meta property=\"og:locale\" content=\"en_US\" \/>\n<meta property=\"og:type\" content=\"article\" \/>\n<meta property=\"og:title\" content=\"Prince Albert II at Malauss\u00e8ne: damaged heritage reborn - Monaco Tribune\" \/>\n<meta property=\"og:description\" content=\"The Monegasque monarch visited the village in the Alpes-Maritimes to celebrate the completion of restoration work financed by the Principality,\" \/>\n<meta property=\"og:url\" content=\"https:\/\/www.monaco-tribune.com\/en\/2025\/05\/prince-albert-ii-at-malaussene-damaged-heritage-reborn\/\" \/>\n<meta property=\"og:site_name\" content=\"Monaco Tribune\" \/>\n<meta property=\"article:publisher\" content=\"https:\/\/www.facebook.com\/MonacoTribune\" \/>\n<meta property=\"article:published_time\" content=\"2025-05-19T14:48:03+00:00\" \/>\n<meta property=\"article:modified_time\" content=\"2025-05-19T15:14:32+00:00\" \/>\n<meta property=\"og:image\" content=\"https:\/\/www.monaco-tribune.com\/wp-content\/uploads\/2025\/05\/prince-ablert-ii-moulin-malaussegue-grande.jpeg\" \/>\n\t<meta property=\"og:image:width\" content=\"1280\" \/>\n\t<meta property=\"og:image:height\" content=\"854\" \/>\n\t<meta property=\"og:image:type\" content=\"image\/jpeg\" \/>\n<meta name=\"author\" content=\"Benjamin Godart\" \/>\n<meta name=\"twitter:card\" content=\"summary_large_image\" \/>\n<meta name=\"twitter:creator\" content=\"@MonacoTribune\" \/>\n<meta name=\"twitter:site\" content=\"@MonacoTribune\" \/>\n<script type=\"application\/ld+json\" class=\"yoast-schema-graph\">{\"@context\":\"https:\\\/\\\/schema.org\",\"@graph\":[{\"@type\":\"NewsArticle\",\"@id\":\"https:\\\/\\\/www.monaco-tribune.com\\\/en\\\/2025\\\/05\\\/prince-albert-ii-at-malaussene-damaged-heritage-reborn\\\/#article\",\"isPartOf\":{\"@id\":\"https:\\\/\\\/www.monaco-tribune.com\\\/en\\\/2025\\\/05\\\/prince-albert-ii-at-malaussene-damaged-heritage-reborn\\\/\"},\"author\":{\"name\":\"Benjamin Godart\",\"@id\":\"https:\\\/\\\/www.monaco-tribune.com\\\/en\\\/#\\\/schema\\\/person\\\/d201bd3b5aa6a9405a343cb582876e6b\"},\"headline\":\"Prince Albert II at Malauss\u00e8ne: damaged heritage reborn\",\"datePublished\":\"2025-05-19T14:48:03+00:00\",\"dateModified\":\"2025-05-19T15:14:32+00:00\",\"mainEntityOfPage\":{\"@id\":\"https:\\\/\\\/www.monaco-tribune.com\\\/en\\\/2025\\\/05\\\/prince-albert-ii-at-malaussene-damaged-heritage-reborn\\\/\"},\"wordCount\":455,\"publisher\":{\"@id\":\"https:\\\/\\\/www.monaco-tribune.com\\\/en\\\/#organization\"},\"image\":{\"@id\":\"https:\\\/\\\/www.monaco-tribune.com\\\/en\\\/2025\\\/05\\\/prince-albert-ii-at-malaussene-damaged-heritage-reborn\\\/#primaryimage\"},\"thumbnailUrl\":\"https:\\\/\\\/www.monaco-tribune.com\\\/wp-content\\\/uploads\\\/2025\\\/05\\\/prince-ablert-ii-moulin-malaussegue-grande.jpeg\",\"keywords\":[\"Prince Albert II\"],\"articleSection\":[\"News\",\"Princely Family\"],\"inLanguage\":\"en-US\",\"copyrightYear\":\"2025\",\"copyrightHolder\":{\"@id\":\"https:\\\/\\\/www.monaco-tribune.com\\\/#organization\"}},{\"@type\":\"WebPage\",\"@id\":\"https:\\\/\\\/www.monaco-tribune.com\\\/en\\\/2025\\\/05\\\/prince-albert-ii-at-malaussene-damaged-heritage-reborn\\\/\",\"url\":\"https:\\\/\\\/www.monaco-tribune.com\\\/en\\\/2025\\\/05\\\/prince-albert-ii-at-malaussene-damaged-heritage-reborn\\\/\",\"name\":\"Prince Albert II at Malauss\u00e8ne: damaged heritage reborn\",\"isPartOf\":{\"@id\":\"https:\\\/\\\/www.monaco-tribune.com\\\/en\\\/#website\"},\"primaryImageOfPage\":{\"@id\":\"https:\\\/\\\/www.monaco-tribune.com\\\/en\\\/2025\\\/05\\\/prince-albert-ii-at-malaussene-damaged-heritage-reborn\\\/#primaryimage\"},\"image\":{\"@id\":\"https:\\\/\\\/www.monaco-tribune.com\\\/en\\\/2025\\\/05\\\/prince-albert-ii-at-malaussene-damaged-heritage-reborn\\\/#primaryimage\"},\"thumbnailUrl\":\"https:\\\/\\\/www.monaco-tribune.com\\\/wp-content\\\/uploads\\\/2025\\\/05\\\/prince-ablert-ii-moulin-malaussegue-grande.jpeg\",\"datePublished\":\"2025-05-19T14:48:03+00:00\",\"dateModified\":\"2025-05-19T15:14:32+00:00\",\"description\":\"The Monegasque monarch visited the village in the Alpes-Maritimes to celebrate the completion of restoration work financed by the Principality,\",\"breadcrumb\":{\"@id\":\"https:\\\/\\\/www.monaco-tribune.com\\\/en\\\/2025\\\/05\\\/prince-albert-ii-at-malaussene-damaged-heritage-reborn\\\/#breadcrumb\"},\"inLanguage\":\"en-US\",\"potentialAction\":[{\"@type\":\"ReadAction\",\"target\":[\"https:\\\/\\\/www.monaco-tribune.com\\\/en\\\/2025\\\/05\\\/prince-albert-ii-at-malaussene-damaged-heritage-reborn\\\/\"]}]},{\"@type\":\"ImageObject\",\"inLanguage\":\"en-US\",\"@id\":\"https:\\\/\\\/www.monaco-tribune.com\\\/en\\\/2025\\\/05\\\/prince-albert-ii-at-malaussene-damaged-heritage-reborn\\\/#primaryimage\",\"url\":\"https:\\\/\\\/www.monaco-tribune.com\\\/wp-content\\\/uploads\\\/2025\\\/05\\\/prince-ablert-ii-moulin-malaussegue-grande.jpeg\",\"contentUrl\":\"https:\\\/\\\/www.monaco-tribune.com\\\/wp-content\\\/uploads\\\/2025\\\/05\\\/prince-ablert-ii-moulin-malaussegue-grande.jpeg\",\"width\":1280,\"height\":854,\"caption\":\"Malauss\u00e8ne was a stronghold of the Beuil Grimaldis until 1621 \u00a9 Frederic Nebinger \\\/ Prince's Palace\"},{\"@type\":\"BreadcrumbList\",\"@id\":\"https:\\\/\\\/www.monaco-tribune.com\\\/en\\\/2025\\\/05\\\/prince-albert-ii-at-malaussene-damaged-heritage-reborn\\\/#breadcrumb\",\"itemListElement\":[{\"@type\":\"ListItem\",\"position\":1,\"name\":\"Accueil\",\"item\":\"https:\\\/\\\/www.monaco-tribune.com\\\/en\\\/\"},{\"@type\":\"ListItem\",\"position\":2,\"name\":\"Prince Albert II at Malauss\u00e8ne: damaged heritage reborn\"}]},{\"@type\":\"WebSite\",\"@id\":\"https:\\\/\\\/www.monaco-tribune.com\\\/en\\\/#website\",\"url\":\"https:\\\/\\\/www.monaco-tribune.com\\\/en\\\/\",\"name\":\"Monaco Tribune\",\"description\":\"Monaco : actualit\u00e9s \u00e9conomiques, politiques, culturelles et sportives de Monaco et de la French Riviera.\",\"publisher\":{\"@id\":\"https:\\\/\\\/www.monaco-tribune.com\\\/en\\\/#organization\"},\"potentialAction\":[{\"@type\":\"SearchAction\",\"target\":{\"@type\":\"EntryPoint\",\"urlTemplate\":\"https:\\\/\\\/www.monaco-tribune.com\\\/en\\\/?s={search_term_string}\"},\"query-input\":{\"@type\":\"PropertyValueSpecification\",\"valueRequired\":true,\"valueName\":\"search_term_string\"}}],\"inLanguage\":\"en-US\"},{\"@type\":\"Organization\",\"@id\":\"https:\\\/\\\/www.monaco-tribune.com\\\/en\\\/#organization\",\"name\":\"Monaco Tribune\",\"url\":\"https:\\\/\\\/www.monaco-tribune.com\\\/en\\\/\",\"logo\":{\"@type\":\"ImageObject\",\"inLanguage\":\"en-US\",\"@id\":\"https:\\\/\\\/www.monaco-tribune.com\\\/en\\\/#\\\/schema\\\/logo\\\/image\\\/\",\"url\":\"https:\\\/\\\/www.monaco-tribune.com\\\/wp-content\\\/uploads\\\/2022\\\/11\\\/logo-monaco-tribune.png\",\"contentUrl\":\"https:\\\/\\\/www.monaco-tribune.com\\\/wp-content\\\/uploads\\\/2022\\\/11\\\/logo-monaco-tribune.png\",\"width\":1548,\"height\":600,\"caption\":\"Monaco Tribune\"},\"image\":{\"@id\":\"https:\\\/\\\/www.monaco-tribune.com\\\/en\\\/#\\\/schema\\\/logo\\\/image\\\/\"},\"sameAs\":[\"https:\\\/\\\/www.facebook.com\\\/MonacoTribune\",\"https:\\\/\\\/x.com\\\/MonacoTribune\",\"https:\\\/\\\/www.instagram.com\\\/monacotribune\\\/\",\"https:\\\/\\\/www.linkedin.com\\\/company\\\/monaco-tribune\",\"https:\\\/\\\/www.youtube.com\\\/channel\\\/UCHle1MnG6hw1y4lWKijVbMA\"]},{\"@type\":\"Person\",\"@id\":\"https:\\\/\\\/www.monaco-tribune.com\\\/en\\\/#\\\/schema\\\/person\\\/d201bd3b5aa6a9405a343cb582876e6b\",\"name\":\"Benjamin Godart\",\"image\":{\"@type\":\"ImageObject\",\"inLanguage\":\"en-US\",\"@id\":\"https:\\\/\\\/secure.gravatar.com\\\/avatar\\\/497d42825162d88d88f4d1527d8d9791abdd62e977b6ae137f2a93f8450f5286?s=96&d=mm&r=g\",\"url\":\"https:\\\/\\\/secure.gravatar.com\\\/avatar\\\/497d42825162d88d88f4d1527d8d9791abdd62e977b6ae137f2a93f8450f5286?s=96&d=mm&r=g\",\"contentUrl\":\"https:\\\/\\\/secure.gravatar.com\\\/avatar\\\/497d42825162d88d88f4d1527d8d9791abdd62e977b6ae137f2a93f8450f5286?s=96&d=mm&r=g\",\"caption\":\"Benjamin Godart\"},\"url\":\"https:\\\/\\\/www.monaco-tribune.com\\\/en\\\/author\\\/benjamingodart\\\/\"}]}<\/script>\n<!-- \/ Yoast SEO Premium plugin. -->","yoast_head_json":{"title":"Prince Albert II at Malauss\u00e8ne: damaged heritage reborn","description":"The Monegasque monarch visited the village in the Alpes-Maritimes to celebrate the completion of restoration work financed by the Principality,","robots":{"index":"index","follow":"follow","max-snippet":"max-snippet:-1","max-image-preview":"max-image-preview:large","max-video-preview":"max-video-preview:-1"},"canonical":"https:\/\/www.monaco-tribune.com\/en\/2025\/05\/prince-albert-ii-at-malaussene-damaged-heritage-reborn\/","og_locale":"en_US","og_type":"article","og_title":"Prince Albert II at Malauss\u00e8ne: damaged heritage reborn - Monaco Tribune","og_description":"The Monegasque monarch visited the village in the Alpes-Maritimes to celebrate the completion of restoration work financed by the Principality,","og_url":"https:\/\/www.monaco-tribune.com\/en\/2025\/05\/prince-albert-ii-at-malaussene-damaged-heritage-reborn\/","og_site_name":"Monaco Tribune","article_publisher":"https:\/\/www.facebook.com\/MonacoTribune","article_published_time":"2025-05-19T14:48:03+00:00","article_modified_time":"2025-05-19T15:14:32+00:00","og_image":[{"width":1280,"height":854,"url":"https:\/\/www.monaco-tribune.com\/wp-content\/uploads\/2025\/05\/prince-ablert-ii-moulin-malaussegue-grande.jpeg","type":"image\/jpeg"}],"author":"Benjamin Godart","twitter_card":"summary_large_image","twitter_creator":"@MonacoTribune","twitter_site":"@MonacoTribune","schema":{"@context":"https:\/\/schema.org","@graph":[{"@type":"NewsArticle","@id":"https:\/\/www.monaco-tribune.com\/en\/2025\/05\/prince-albert-ii-at-malaussene-damaged-heritage-reborn\/#article","isPartOf":{"@id":"https:\/\/www.monaco-tribune.com\/en\/2025\/05\/prince-albert-ii-at-malaussene-damaged-heritage-reborn\/"},"author":{"name":"Benjamin Godart","@id":"https:\/\/www.monaco-tribune.com\/en\/#\/schema\/person\/d201bd3b5aa6a9405a343cb582876e6b"},"headline":"Prince Albert II at Malauss\u00e8ne: damaged heritage reborn","datePublished":"2025-05-19T14:48:03+00:00","dateModified":"2025-05-19T15:14:32+00:00","mainEntityOfPage":{"@id":"https:\/\/www.monaco-tribune.com\/en\/2025\/05\/prince-albert-ii-at-malaussene-damaged-heritage-reborn\/"},"wordCount":455,"publisher":{"@id":"https:\/\/www.monaco-tribune.com\/en\/#organization"},"image":{"@id":"https:\/\/www.monaco-tribune.com\/en\/2025\/05\/prince-albert-ii-at-malaussene-damaged-heritage-reborn\/#primaryimage"},"thumbnailUrl":"https:\/\/www.monaco-tribune.com\/wp-content\/uploads\/2025\/05\/prince-ablert-ii-moulin-malaussegue-grande.jpeg","keywords":["Prince Albert II"],"articleSection":["News","Princely Family"],"inLanguage":"en-US","copyrightYear":"2025","copyrightHolder":{"@id":"https:\/\/www.monaco-tribune.com\/#organization"}},{"@type":"WebPage","@id":"https:\/\/www.monaco-tribune.com\/en\/2025\/05\/prince-albert-ii-at-malaussene-damaged-heritage-reborn\/","url":"https:\/\/www.monaco-tribune.com\/en\/2025\/05\/prince-albert-ii-at-malaussene-damaged-heritage-reborn\/","name":"Prince Albert II at Malauss\u00e8ne: damaged heritage reborn","isPartOf":{"@id":"https:\/\/www.monaco-tribune.com\/en\/#website"},"primaryImageOfPage":{"@id":"https:\/\/www.monaco-tribune.com\/en\/2025\/05\/prince-albert-ii-at-malaussene-damaged-heritage-reborn\/#primaryimage"},"image":{"@id":"https:\/\/www.monaco-tribune.com\/en\/2025\/05\/prince-albert-ii-at-malaussene-damaged-heritage-reborn\/#primaryimage"},"thumbnailUrl":"https:\/\/www.monaco-tribune.com\/wp-content\/uploads\/2025\/05\/prince-ablert-ii-moulin-malaussegue-grande.jpeg","datePublished":"2025-05-19T14:48:03+00:00","dateModified":"2025-05-19T15:14:32+00:00","description":"The Monegasque monarch visited the village in the Alpes-Maritimes to celebrate the completion of restoration work financed by the Principality,","breadcrumb":{"@id":"https:\/\/www.monaco-tribune.com\/en\/2025\/05\/prince-albert-ii-at-malaussene-damaged-heritage-reborn\/#breadcrumb"},"inLanguage":"en-US","potentialAction":[{"@type":"ReadAction","target":["https:\/\/www.monaco-tribune.com\/en\/2025\/05\/prince-albert-ii-at-malaussene-damaged-heritage-reborn\/"]}]},{"@type":"ImageObject","inLanguage":"en-US","@id":"https:\/\/www.monaco-tribune.com\/en\/2025\/05\/prince-albert-ii-at-malaussene-damaged-heritage-reborn\/#primaryimage","url":"https:\/\/www.monaco-tribune.com\/wp-content\/uploads\/2025\/05\/prince-ablert-ii-moulin-malaussegue-grande.jpeg","contentUrl":"https:\/\/www.monaco-tribune.com\/wp-content\/uploads\/2025\/05\/prince-ablert-ii-moulin-malaussegue-grande.jpeg","width":1280,"height":854,"caption":"Malauss\u00e8ne was a stronghold of the Beuil Grimaldis until 1621 \u00a9 Frederic Nebinger \/ Prince's Palace"},{"@type":"BreadcrumbList","@id":"https:\/\/www.monaco-tribune.com\/en\/2025\/05\/prince-albert-ii-at-malaussene-damaged-heritage-reborn\/#breadcrumb","itemListElement":[{"@type":"ListItem","position":1,"name":"Accueil","item":"https:\/\/www.monaco-tribune.com\/en\/"},{"@type":"ListItem","position":2,"name":"Prince Albert II at Malauss\u00e8ne: damaged heritage reborn"}]},{"@type":"WebSite","@id":"https:\/\/www.monaco-tribune.com\/en\/#website","url":"https:\/\/www.monaco-tribune.com\/en\/","name":"Monaco Tribune","description":"Monaco : actualit\u00e9s \u00e9conomiques, politiques, culturelles et sportives de Monaco et de la French Riviera.","publisher":{"@id":"https:\/\/www.monaco-tribune.com\/en\/#organization"},"potentialAction":[{"@type":"SearchAction","target":{"@type":"EntryPoint","urlTemplate":"https:\/\/www.monaco-tribune.com\/en\/?s={search_term_string}"},"query-input":{"@type":"PropertyValueSpecification","valueRequired":true,"valueName":"search_term_string"}}],"inLanguage":"en-US"},{"@type":"Organization","@id":"https:\/\/www.monaco-tribune.com\/en\/#organization","name":"Monaco Tribune","url":"https:\/\/www.monaco-tribune.com\/en\/","logo":{"@type":"ImageObject","inLanguage":"en-US","@id":"https:\/\/www.monaco-tribune.com\/en\/#\/schema\/logo\/image\/","url":"https:\/\/www.monaco-tribune.com\/wp-content\/uploads\/2022\/11\/logo-monaco-tribune.png","contentUrl":"https:\/\/www.monaco-tribune.com\/wp-content\/uploads\/2022\/11\/logo-monaco-tribune.png","width":1548,"height":600,"caption":"Monaco Tribune"},"image":{"@id":"https:\/\/www.monaco-tribune.com\/en\/#\/schema\/logo\/image\/"},"sameAs":["https:\/\/www.facebook.com\/MonacoTribune","https:\/\/x.com\/MonacoTribune","https:\/\/www.instagram.com\/monacotribune\/","https:\/\/www.linkedin.com\/company\/monaco-tribune","https:\/\/www.youtube.com\/channel\/UCHle1MnG6hw1y4lWKijVbMA"]},{"@type":"Person","@id":"https:\/\/www.monaco-tribune.com\/en\/#\/schema\/person\/d201bd3b5aa6a9405a343cb582876e6b","name":"Benjamin Godart","image":{"@type":"ImageObject","inLanguage":"en-US","@id":"https:\/\/secure.gravatar.com\/avatar\/497d42825162d88d88f4d1527d8d9791abdd62e977b6ae137f2a93f8450f5286?s=96&d=mm&r=g","url":"https:\/\/secure.gravatar.com\/avatar\/497d42825162d88d88f4d1527d8d9791abdd62e977b6ae137f2a93f8450f5286?s=96&d=mm&r=g","contentUrl":"https:\/\/secure.gravatar.com\/avatar\/497d42825162d88d88f4d1527d8d9791abdd62e977b6ae137f2a93f8450f5286?s=96&d=mm&r=g","caption":"Benjamin Godart"},"url":"https:\/\/www.monaco-tribune.com\/en\/author\/benjamingodart\/"}]}},"_links":{"self":[{"href":"https:\/\/www.monaco-tribune.com\/en\/wp-json\/wp\/v2\/posts\/293106","targetHints":{"allow":["GET"]}}],"collection":[{"href":"https:\/\/www.monaco-tribune.com\/en\/wp-json\/wp\/v2\/posts"}],"about":[{"href":"https:\/\/www.monaco-tribune.com\/en\/wp-json\/wp\/v2\/types\/post"}],"author":[{"embeddable":true,"href":"https:\/\/www.monaco-tribune.com\/en\/wp-json\/wp\/v2\/users\/82"}],"replies":[{"embeddable":true,"href":"https:\/\/www.monaco-tribune.com\/en\/wp-json\/wp\/v2\/comments?post=293106"}],"version-history":[{"count":2,"href":"https:\/\/www.monaco-tribune.com\/en\/wp-json\/wp\/v2\/posts\/293106\/revisions"}],"predecessor-version":[{"id":293123,"href":"https:\/\/www.monaco-tribune.com\/en\/wp-json\/wp\/v2\/posts\/293106\/revisions\/293123"}],"wp:featuredmedia":[{"embeddable":true,"href":"https:\/\/www.monaco-tribune.com\/en\/wp-json\/wp\/v2\/media\/292815"}],"wp:attachment":[{"href":"https:\/\/www.monaco-tribune.com\/en\/wp-json\/wp\/v2\/media?parent=293106"}],"wp:term":[{"taxonomy":"category","embeddable":true,"href":"https:\/\/www.monaco-tribune.com\/en\/wp-json\/wp\/v2\/categories?post=293106"},{"taxonomy":"post_tag","embeddable":true,"href":"https:\/\/www.monaco-tribune.com\/en\/wp-json\/wp\/v2\/tags?post=293106"},{"taxonomy":"sectag","embeddable":true,"href":"https:\/\/www.monaco-tribune.com\/en\/wp-json\/wp\/v2\/post_sectags?post=293106"},{"taxonomy":"format","embeddable":true,"href":"https:\/\/www.monaco-tribune.com\/en\/wp-json\/wp\/v2\/post_format?post=293106"}],"curies":[{"name":"wp","href":"https:\/\/api.w.org\/{rel}","templated":true}]}}