{"id":294782,"date":"2025-05-26T12:55:43","date_gmt":"2025-05-26T10:55:43","guid":{"rendered":"https:\/\/www.monaco-tribune.com\/2025\/05\/prince-albert-ii-pays-tribute-to-sebastiao-salgado-humanitys-photographer\/"},"modified":"2025-05-26T12:57:36","modified_gmt":"2025-05-26T10:57:36","slug":"prince-albert-ii-pays-tribute-to-sebastiao-salgado-humanitys-photographer","status":"publish","type":"post","link":"https:\/\/www.monaco-tribune.com\/en\/2025\/05\/prince-albert-ii-pays-tribute-to-sebastiao-salgado-humanitys-photographer\/","title":{"rendered":"Prince Albert II pays tribute to Sebasti\u00e3o Salgado, &#8220;humanity&#8217;s photographer&#8221;"},"content":{"rendered":"\n<p><strong>The Sovereign honours the memory of the Brazilian master of black and white photography, who died of leukaemia after contracting malaria during his Genesis project.<\/strong><\/p>\n\n<p><em>&#8220;It is with deep emotion and great sadness that I learned of the death of Sebasti\u00e3o Salgado yesterday,&#8221;<\/em> said Prince Albert II in an official statement, issued on Saturday by the Prince&#8217;s Palace in Monaco. The Sovereign paid tribute to the man he considers a <em>&#8220;world-renowned photographer&#8221;<\/em> whose <em>&#8220;masterly work in black and white has transcended borders and cultures.&#8221;<\/em><\/p>\n\n<p>Sebasti\u00e3o Salgado, aged 80, died of complications from severe leukaemia, itself caused by an unusual form of malaria he contracted in Indonesia during his photographic project, Genesis, in 2010. During over five decades, accompanied by his wife L\u00e9lia Wanick Salgado, the Brazilian master built up an unrivalled body of photographic work, with a profoundly humanist message.<\/p>\n\n<h2 class=\"wp-block-heading\" id=\"h-un-engagement-ecologique-partage\">A shared commitment to the environment<\/h2>\n\n<p>Since their first meeting in the Principality in 2012, Prince Albert II had developed a special relationship with the photographer, actively supporting the projects led by his Foundation &#8220;O Instituto Terra&#8221;. The reforestation organisation, set up in Aimor\u00e9s in the state of Minas Gerais, has planted over three million trees to date.<\/p>\n\n<p><em>&#8220;I have had the honour of supporting his Foundation&#8217;s projects. It is a true model of ecological resilience. The wonderful initiatives he led with his wife L\u00e9lia were among the most significant in Brazil in terms of reforestation,&#8221;<\/em> said the Sovereign.<\/p>\n\n<h2 class=\"wp-block-heading\" id=\"h-un-heritage-pour-les-generations-futures\">A legacy for future generations<\/h2>\n\n<p><span style=\"color: black;\">An illustration of their collaboration came about in May 2020, when the Prince <\/span><a href=\"https:\/\/www.monaco-tribune.com\/en\/2020\/05\/prince-albert-signs-petition-to-protect-brazils-indigenous-people\/\"><span style=\"color: blue; text-decoration: none; text-underline: none;\">co-signed a petition<\/span><\/a><span style=\"color: black;\"> started by Salgado to protect the indigenous peoples of Brazil, who were under threat from the Covid-19 pandemic.<\/span><\/p>\n\n<p><em>&#8220;I was looking forward to seeing him again at COP30, where his voice would have made such a powerful impact, once again,&#8221;<\/em> said Prince Albert II, who conveyed <em>&#8220;his thoughts and sincere condolences to his wife, family and friends.&#8221;<\/em><\/p>\n\n<p>In addition to his wife L\u00e9lia, Sebasti\u00e3o leaves behind his sons Juliano and Rodrigo, as well as his grandchildren Fl\u00e1vio and Nara.<\/p>\n","protected":false},"excerpt":{"rendered":"<p>The Sovereign honours the memory of the Brazilian master of black and white photography, who died of leukaemia after contracting [&hellip;]<\/p>\n","protected":false},"author":21,"featured_media":294342,"comment_status":"closed","ping_status":"closed","sticky":false,"template":"","format":"standard","meta":{"_acf_changed":false,"footnotes":""},"categories":[243,254],"tags":[4822],"post_sectags":[],"post_format":[2465],"class_list":["post-294782","post","type-post","status-publish","format-standard","has-post-thumbnail","hentry","category-news","category-people-en","tag-celebrities","format-in-brief"],"acf":[],"yoast_head":"<!-- This site is optimized with the Yoast SEO Premium plugin v26.8 (Yoast SEO v27.5) - https:\/\/yoast.com\/product\/yoast-seo-premium-wordpress\/ -->\n<title>Prince Albert II pays tribute to Sebasti\u00e3o Salgado, &quot;humanity&#039;s photographer&quot;<\/title>\n<meta name=\"description\" content=\"The Sovereign honours the memory of the Brazilian master of black and white photography, who died of leukaemia after contracting malaria during his\" \/>\n<meta name=\"robots\" content=\"index, follow, max-snippet:-1, max-image-preview:large, max-video-preview:-1\" \/>\n<link rel=\"canonical\" href=\"https:\/\/www.monaco-tribune.com\/en\/2025\/05\/prince-albert-ii-pays-tribute-to-sebastiao-salgado-humanitys-photographer\/\" \/>\n<meta property=\"og:locale\" content=\"en_US\" \/>\n<meta property=\"og:type\" content=\"article\" \/>\n<meta property=\"og:title\" content=\"Prince Albert II pays tribute to Sebasti\u00e3o Salgado, &quot;humanity&#039;s photographer&quot; - Monaco Tribune\" \/>\n<meta property=\"og:description\" content=\"The Sovereign honours the memory of the Brazilian master of black and white photography, who died of leukaemia after contracting malaria during his\" \/>\n<meta property=\"og:url\" content=\"https:\/\/www.monaco-tribune.com\/en\/2025\/05\/prince-albert-ii-pays-tribute-to-sebastiao-salgado-humanitys-photographer\/\" \/>\n<meta property=\"og:site_name\" content=\"Monaco Tribune\" \/>\n<meta property=\"article:publisher\" content=\"https:\/\/www.facebook.com\/MonacoTribune\" \/>\n<meta property=\"article:published_time\" content=\"2025-05-26T10:55:43+00:00\" \/>\n<meta property=\"article:modified_time\" content=\"2025-05-26T10:57:36+00:00\" \/>\n<meta property=\"og:image\" content=\"https:\/\/www.monaco-tribune.com\/wp-content\/uploads\/2025\/05\/salgado-prince-albert-ii-monaco.jpg\" \/>\n\t<meta property=\"og:image:width\" content=\"1200\" \/>\n\t<meta property=\"og:image:height\" content=\"900\" \/>\n\t<meta property=\"og:image:type\" content=\"image\/jpeg\" \/>\n<meta name=\"author\" content=\"Monaco Tribune\" \/>\n<meta name=\"twitter:card\" content=\"summary_large_image\" \/>\n<meta name=\"twitter:creator\" content=\"@MonacoTribune\" \/>\n<meta name=\"twitter:site\" content=\"@MonacoTribune\" \/>\n<script type=\"application\/ld+json\" class=\"yoast-schema-graph\">{\"@context\":\"https:\\\/\\\/schema.org\",\"@graph\":[{\"@type\":\"NewsArticle\",\"@id\":\"https:\\\/\\\/www.monaco-tribune.com\\\/en\\\/2025\\\/05\\\/prince-albert-ii-pays-tribute-to-sebastiao-salgado-humanitys-photographer\\\/#article\",\"isPartOf\":{\"@id\":\"https:\\\/\\\/www.monaco-tribune.com\\\/en\\\/2025\\\/05\\\/prince-albert-ii-pays-tribute-to-sebastiao-salgado-humanitys-photographer\\\/\"},\"author\":{\"name\":\"Monaco Tribune\",\"@id\":\"https:\\\/\\\/www.monaco-tribune.com\\\/en\\\/#\\\/schema\\\/person\\\/8f6ed8c063276e2397589eda5b7a2f2d\"},\"headline\":\"Prince Albert II pays tribute to Sebasti\u00e3o Salgado, &#8220;humanity&#8217;s photographer&#8221;\",\"datePublished\":\"2025-05-26T10:55:43+00:00\",\"dateModified\":\"2025-05-26T10:57:36+00:00\",\"mainEntityOfPage\":{\"@id\":\"https:\\\/\\\/www.monaco-tribune.com\\\/en\\\/2025\\\/05\\\/prince-albert-ii-pays-tribute-to-sebastiao-salgado-humanitys-photographer\\\/\"},\"wordCount\":357,\"publisher\":{\"@id\":\"https:\\\/\\\/www.monaco-tribune.com\\\/en\\\/#organization\"},\"image\":{\"@id\":\"https:\\\/\\\/www.monaco-tribune.com\\\/en\\\/2025\\\/05\\\/prince-albert-ii-pays-tribute-to-sebastiao-salgado-humanitys-photographer\\\/#primaryimage\"},\"thumbnailUrl\":\"https:\\\/\\\/www.monaco-tribune.com\\\/wp-content\\\/uploads\\\/2025\\\/05\\\/salgado-prince-albert-ii-monaco.jpg\",\"keywords\":[\"Celebrities\"],\"articleSection\":[\"News\",\"Princely Family\"],\"inLanguage\":\"en-US\",\"copyrightYear\":\"2025\",\"copyrightHolder\":{\"@id\":\"https:\\\/\\\/www.monaco-tribune.com\\\/#organization\"}},{\"@type\":\"WebPage\",\"@id\":\"https:\\\/\\\/www.monaco-tribune.com\\\/en\\\/2025\\\/05\\\/prince-albert-ii-pays-tribute-to-sebastiao-salgado-humanitys-photographer\\\/\",\"url\":\"https:\\\/\\\/www.monaco-tribune.com\\\/en\\\/2025\\\/05\\\/prince-albert-ii-pays-tribute-to-sebastiao-salgado-humanitys-photographer\\\/\",\"name\":\"Prince Albert II pays tribute to Sebasti\u00e3o Salgado, \\\"humanity's photographer\\\"\",\"isPartOf\":{\"@id\":\"https:\\\/\\\/www.monaco-tribune.com\\\/en\\\/#website\"},\"primaryImageOfPage\":{\"@id\":\"https:\\\/\\\/www.monaco-tribune.com\\\/en\\\/2025\\\/05\\\/prince-albert-ii-pays-tribute-to-sebastiao-salgado-humanitys-photographer\\\/#primaryimage\"},\"image\":{\"@id\":\"https:\\\/\\\/www.monaco-tribune.com\\\/en\\\/2025\\\/05\\\/prince-albert-ii-pays-tribute-to-sebastiao-salgado-humanitys-photographer\\\/#primaryimage\"},\"thumbnailUrl\":\"https:\\\/\\\/www.monaco-tribune.com\\\/wp-content\\\/uploads\\\/2025\\\/05\\\/salgado-prince-albert-ii-monaco.jpg\",\"datePublished\":\"2025-05-26T10:55:43+00:00\",\"dateModified\":\"2025-05-26T10:57:36+00:00\",\"description\":\"The Sovereign honours the memory of the Brazilian master of black and white photography, who died of leukaemia after contracting malaria during his\",\"breadcrumb\":{\"@id\":\"https:\\\/\\\/www.monaco-tribune.com\\\/en\\\/2025\\\/05\\\/prince-albert-ii-pays-tribute-to-sebastiao-salgado-humanitys-photographer\\\/#breadcrumb\"},\"inLanguage\":\"en-US\",\"potentialAction\":[{\"@type\":\"ReadAction\",\"target\":[\"https:\\\/\\\/www.monaco-tribune.com\\\/en\\\/2025\\\/05\\\/prince-albert-ii-pays-tribute-to-sebastiao-salgado-humanitys-photographer\\\/\"]}]},{\"@type\":\"ImageObject\",\"inLanguage\":\"en-US\",\"@id\":\"https:\\\/\\\/www.monaco-tribune.com\\\/en\\\/2025\\\/05\\\/prince-albert-ii-pays-tribute-to-sebastiao-salgado-humanitys-photographer\\\/#primaryimage\",\"url\":\"https:\\\/\\\/www.monaco-tribune.com\\\/wp-content\\\/uploads\\\/2025\\\/05\\\/salgado-prince-albert-ii-monaco.jpg\",\"contentUrl\":\"https:\\\/\\\/www.monaco-tribune.com\\\/wp-content\\\/uploads\\\/2025\\\/05\\\/salgado-prince-albert-ii-monaco.jpg\",\"width\":1200,\"height\":900,\"caption\":\"Prince Albert II with Sebasti\u00e3o Salgado \u00a9 Prince's Palace\"},{\"@type\":\"BreadcrumbList\",\"@id\":\"https:\\\/\\\/www.monaco-tribune.com\\\/en\\\/2025\\\/05\\\/prince-albert-ii-pays-tribute-to-sebastiao-salgado-humanitys-photographer\\\/#breadcrumb\",\"itemListElement\":[{\"@type\":\"ListItem\",\"position\":1,\"name\":\"Accueil\",\"item\":\"https:\\\/\\\/www.monaco-tribune.com\\\/en\\\/\"},{\"@type\":\"ListItem\",\"position\":2,\"name\":\"Prince Albert II pays tribute to Sebasti\u00e3o Salgado, &#8220;humanity&#8217;s photographer&#8221;\"}]},{\"@type\":\"WebSite\",\"@id\":\"https:\\\/\\\/www.monaco-tribune.com\\\/en\\\/#website\",\"url\":\"https:\\\/\\\/www.monaco-tribune.com\\\/en\\\/\",\"name\":\"Monaco Tribune\",\"description\":\"Monaco : actualit\u00e9s \u00e9conomiques, politiques, culturelles et sportives de Monaco et de la French Riviera.\",\"publisher\":{\"@id\":\"https:\\\/\\\/www.monaco-tribune.com\\\/en\\\/#organization\"},\"potentialAction\":[{\"@type\":\"SearchAction\",\"target\":{\"@type\":\"EntryPoint\",\"urlTemplate\":\"https:\\\/\\\/www.monaco-tribune.com\\\/en\\\/?s={search_term_string}\"},\"query-input\":{\"@type\":\"PropertyValueSpecification\",\"valueRequired\":true,\"valueName\":\"search_term_string\"}}],\"inLanguage\":\"en-US\"},{\"@type\":\"Organization\",\"@id\":\"https:\\\/\\\/www.monaco-tribune.com\\\/en\\\/#organization\",\"name\":\"Monaco Tribune\",\"url\":\"https:\\\/\\\/www.monaco-tribune.com\\\/en\\\/\",\"logo\":{\"@type\":\"ImageObject\",\"inLanguage\":\"en-US\",\"@id\":\"https:\\\/\\\/www.monaco-tribune.com\\\/en\\\/#\\\/schema\\\/logo\\\/image\\\/\",\"url\":\"https:\\\/\\\/www.monaco-tribune.com\\\/wp-content\\\/uploads\\\/2022\\\/11\\\/logo-monaco-tribune.png\",\"contentUrl\":\"https:\\\/\\\/www.monaco-tribune.com\\\/wp-content\\\/uploads\\\/2022\\\/11\\\/logo-monaco-tribune.png\",\"width\":1548,\"height\":600,\"caption\":\"Monaco Tribune\"},\"image\":{\"@id\":\"https:\\\/\\\/www.monaco-tribune.com\\\/en\\\/#\\\/schema\\\/logo\\\/image\\\/\"},\"sameAs\":[\"https:\\\/\\\/www.facebook.com\\\/MonacoTribune\",\"https:\\\/\\\/x.com\\\/MonacoTribune\",\"https:\\\/\\\/www.instagram.com\\\/monacotribune\\\/\",\"https:\\\/\\\/www.linkedin.com\\\/company\\\/monaco-tribune\",\"https:\\\/\\\/www.youtube.com\\\/channel\\\/UCHle1MnG6hw1y4lWKijVbMA\"]},{\"@type\":\"Person\",\"@id\":\"https:\\\/\\\/www.monaco-tribune.com\\\/en\\\/#\\\/schema\\\/person\\\/8f6ed8c063276e2397589eda5b7a2f2d\",\"name\":\"Monaco Tribune\",\"image\":{\"@type\":\"ImageObject\",\"inLanguage\":\"en-US\",\"@id\":\"https:\\\/\\\/secure.gravatar.com\\\/avatar\\\/3010e6c5d6c8056ec1c25228fe68ea089879e5ae0de884e0247744ee988aaf6a?s=96&d=mm&r=g\",\"url\":\"https:\\\/\\\/secure.gravatar.com\\\/avatar\\\/3010e6c5d6c8056ec1c25228fe68ea089879e5ae0de884e0247744ee988aaf6a?s=96&d=mm&r=g\",\"contentUrl\":\"https:\\\/\\\/secure.gravatar.com\\\/avatar\\\/3010e6c5d6c8056ec1c25228fe68ea089879e5ae0de884e0247744ee988aaf6a?s=96&d=mm&r=g\",\"caption\":\"Monaco Tribune\"},\"url\":\"https:\\\/\\\/www.monaco-tribune.com\\\/en\\\/author\\\/monaco-tribune\\\/\"}]}<\/script>\n<!-- \/ Yoast SEO Premium plugin. -->","yoast_head_json":{"title":"Prince Albert II pays tribute to Sebasti\u00e3o Salgado, \"humanity's photographer\"","description":"The Sovereign honours the memory of the Brazilian master of black and white photography, who died of leukaemia after contracting malaria during his","robots":{"index":"index","follow":"follow","max-snippet":"max-snippet:-1","max-image-preview":"max-image-preview:large","max-video-preview":"max-video-preview:-1"},"canonical":"https:\/\/www.monaco-tribune.com\/en\/2025\/05\/prince-albert-ii-pays-tribute-to-sebastiao-salgado-humanitys-photographer\/","og_locale":"en_US","og_type":"article","og_title":"Prince Albert II pays tribute to Sebasti\u00e3o Salgado, \"humanity's photographer\" - Monaco Tribune","og_description":"The Sovereign honours the memory of the Brazilian master of black and white photography, who died of leukaemia after contracting malaria during his","og_url":"https:\/\/www.monaco-tribune.com\/en\/2025\/05\/prince-albert-ii-pays-tribute-to-sebastiao-salgado-humanitys-photographer\/","og_site_name":"Monaco Tribune","article_publisher":"https:\/\/www.facebook.com\/MonacoTribune","article_published_time":"2025-05-26T10:55:43+00:00","article_modified_time":"2025-05-26T10:57:36+00:00","og_image":[{"width":1200,"height":900,"url":"https:\/\/www.monaco-tribune.com\/wp-content\/uploads\/2025\/05\/salgado-prince-albert-ii-monaco.jpg","type":"image\/jpeg"}],"author":"Monaco Tribune","twitter_card":"summary_large_image","twitter_creator":"@MonacoTribune","twitter_site":"@MonacoTribune","schema":{"@context":"https:\/\/schema.org","@graph":[{"@type":"NewsArticle","@id":"https:\/\/www.monaco-tribune.com\/en\/2025\/05\/prince-albert-ii-pays-tribute-to-sebastiao-salgado-humanitys-photographer\/#article","isPartOf":{"@id":"https:\/\/www.monaco-tribune.com\/en\/2025\/05\/prince-albert-ii-pays-tribute-to-sebastiao-salgado-humanitys-photographer\/"},"author":{"name":"Monaco Tribune","@id":"https:\/\/www.monaco-tribune.com\/en\/#\/schema\/person\/8f6ed8c063276e2397589eda5b7a2f2d"},"headline":"Prince Albert II pays tribute to Sebasti\u00e3o Salgado, &#8220;humanity&#8217;s photographer&#8221;","datePublished":"2025-05-26T10:55:43+00:00","dateModified":"2025-05-26T10:57:36+00:00","mainEntityOfPage":{"@id":"https:\/\/www.monaco-tribune.com\/en\/2025\/05\/prince-albert-ii-pays-tribute-to-sebastiao-salgado-humanitys-photographer\/"},"wordCount":357,"publisher":{"@id":"https:\/\/www.monaco-tribune.com\/en\/#organization"},"image":{"@id":"https:\/\/www.monaco-tribune.com\/en\/2025\/05\/prince-albert-ii-pays-tribute-to-sebastiao-salgado-humanitys-photographer\/#primaryimage"},"thumbnailUrl":"https:\/\/www.monaco-tribune.com\/wp-content\/uploads\/2025\/05\/salgado-prince-albert-ii-monaco.jpg","keywords":["Celebrities"],"articleSection":["News","Princely Family"],"inLanguage":"en-US","copyrightYear":"2025","copyrightHolder":{"@id":"https:\/\/www.monaco-tribune.com\/#organization"}},{"@type":"WebPage","@id":"https:\/\/www.monaco-tribune.com\/en\/2025\/05\/prince-albert-ii-pays-tribute-to-sebastiao-salgado-humanitys-photographer\/","url":"https:\/\/www.monaco-tribune.com\/en\/2025\/05\/prince-albert-ii-pays-tribute-to-sebastiao-salgado-humanitys-photographer\/","name":"Prince Albert II pays tribute to Sebasti\u00e3o Salgado, \"humanity's photographer\"","isPartOf":{"@id":"https:\/\/www.monaco-tribune.com\/en\/#website"},"primaryImageOfPage":{"@id":"https:\/\/www.monaco-tribune.com\/en\/2025\/05\/prince-albert-ii-pays-tribute-to-sebastiao-salgado-humanitys-photographer\/#primaryimage"},"image":{"@id":"https:\/\/www.monaco-tribune.com\/en\/2025\/05\/prince-albert-ii-pays-tribute-to-sebastiao-salgado-humanitys-photographer\/#primaryimage"},"thumbnailUrl":"https:\/\/www.monaco-tribune.com\/wp-content\/uploads\/2025\/05\/salgado-prince-albert-ii-monaco.jpg","datePublished":"2025-05-26T10:55:43+00:00","dateModified":"2025-05-26T10:57:36+00:00","description":"The Sovereign honours the memory of the Brazilian master of black and white photography, who died of leukaemia after contracting malaria during his","breadcrumb":{"@id":"https:\/\/www.monaco-tribune.com\/en\/2025\/05\/prince-albert-ii-pays-tribute-to-sebastiao-salgado-humanitys-photographer\/#breadcrumb"},"inLanguage":"en-US","potentialAction":[{"@type":"ReadAction","target":["https:\/\/www.monaco-tribune.com\/en\/2025\/05\/prince-albert-ii-pays-tribute-to-sebastiao-salgado-humanitys-photographer\/"]}]},{"@type":"ImageObject","inLanguage":"en-US","@id":"https:\/\/www.monaco-tribune.com\/en\/2025\/05\/prince-albert-ii-pays-tribute-to-sebastiao-salgado-humanitys-photographer\/#primaryimage","url":"https:\/\/www.monaco-tribune.com\/wp-content\/uploads\/2025\/05\/salgado-prince-albert-ii-monaco.jpg","contentUrl":"https:\/\/www.monaco-tribune.com\/wp-content\/uploads\/2025\/05\/salgado-prince-albert-ii-monaco.jpg","width":1200,"height":900,"caption":"Prince Albert II with Sebasti\u00e3o Salgado \u00a9 Prince's Palace"},{"@type":"BreadcrumbList","@id":"https:\/\/www.monaco-tribune.com\/en\/2025\/05\/prince-albert-ii-pays-tribute-to-sebastiao-salgado-humanitys-photographer\/#breadcrumb","itemListElement":[{"@type":"ListItem","position":1,"name":"Accueil","item":"https:\/\/www.monaco-tribune.com\/en\/"},{"@type":"ListItem","position":2,"name":"Prince Albert II pays tribute to Sebasti\u00e3o Salgado, &#8220;humanity&#8217;s photographer&#8221;"}]},{"@type":"WebSite","@id":"https:\/\/www.monaco-tribune.com\/en\/#website","url":"https:\/\/www.monaco-tribune.com\/en\/","name":"Monaco Tribune","description":"Monaco : actualit\u00e9s \u00e9conomiques, politiques, culturelles et sportives de Monaco et de la French Riviera.","publisher":{"@id":"https:\/\/www.monaco-tribune.com\/en\/#organization"},"potentialAction":[{"@type":"SearchAction","target":{"@type":"EntryPoint","urlTemplate":"https:\/\/www.monaco-tribune.com\/en\/?s={search_term_string}"},"query-input":{"@type":"PropertyValueSpecification","valueRequired":true,"valueName":"search_term_string"}}],"inLanguage":"en-US"},{"@type":"Organization","@id":"https:\/\/www.monaco-tribune.com\/en\/#organization","name":"Monaco Tribune","url":"https:\/\/www.monaco-tribune.com\/en\/","logo":{"@type":"ImageObject","inLanguage":"en-US","@id":"https:\/\/www.monaco-tribune.com\/en\/#\/schema\/logo\/image\/","url":"https:\/\/www.monaco-tribune.com\/wp-content\/uploads\/2022\/11\/logo-monaco-tribune.png","contentUrl":"https:\/\/www.monaco-tribune.com\/wp-content\/uploads\/2022\/11\/logo-monaco-tribune.png","width":1548,"height":600,"caption":"Monaco Tribune"},"image":{"@id":"https:\/\/www.monaco-tribune.com\/en\/#\/schema\/logo\/image\/"},"sameAs":["https:\/\/www.facebook.com\/MonacoTribune","https:\/\/x.com\/MonacoTribune","https:\/\/www.instagram.com\/monacotribune\/","https:\/\/www.linkedin.com\/company\/monaco-tribune","https:\/\/www.youtube.com\/channel\/UCHle1MnG6hw1y4lWKijVbMA"]},{"@type":"Person","@id":"https:\/\/www.monaco-tribune.com\/en\/#\/schema\/person\/8f6ed8c063276e2397589eda5b7a2f2d","name":"Monaco Tribune","image":{"@type":"ImageObject","inLanguage":"en-US","@id":"https:\/\/secure.gravatar.com\/avatar\/3010e6c5d6c8056ec1c25228fe68ea089879e5ae0de884e0247744ee988aaf6a?s=96&d=mm&r=g","url":"https:\/\/secure.gravatar.com\/avatar\/3010e6c5d6c8056ec1c25228fe68ea089879e5ae0de884e0247744ee988aaf6a?s=96&d=mm&r=g","contentUrl":"https:\/\/secure.gravatar.com\/avatar\/3010e6c5d6c8056ec1c25228fe68ea089879e5ae0de884e0247744ee988aaf6a?s=96&d=mm&r=g","caption":"Monaco Tribune"},"url":"https:\/\/www.monaco-tribune.com\/en\/author\/monaco-tribune\/"}]}},"_links":{"self":[{"href":"https:\/\/www.monaco-tribune.com\/en\/wp-json\/wp\/v2\/posts\/294782","targetHints":{"allow":["GET"]}}],"collection":[{"href":"https:\/\/www.monaco-tribune.com\/en\/wp-json\/wp\/v2\/posts"}],"about":[{"href":"https:\/\/www.monaco-tribune.com\/en\/wp-json\/wp\/v2\/types\/post"}],"author":[{"embeddable":true,"href":"https:\/\/www.monaco-tribune.com\/en\/wp-json\/wp\/v2\/users\/21"}],"replies":[{"embeddable":true,"href":"https:\/\/www.monaco-tribune.com\/en\/wp-json\/wp\/v2\/comments?post=294782"}],"version-history":[{"count":2,"href":"https:\/\/www.monaco-tribune.com\/en\/wp-json\/wp\/v2\/posts\/294782\/revisions"}],"predecessor-version":[{"id":294786,"href":"https:\/\/www.monaco-tribune.com\/en\/wp-json\/wp\/v2\/posts\/294782\/revisions\/294786"}],"wp:featuredmedia":[{"embeddable":true,"href":"https:\/\/www.monaco-tribune.com\/en\/wp-json\/wp\/v2\/media\/294342"}],"wp:attachment":[{"href":"https:\/\/www.monaco-tribune.com\/en\/wp-json\/wp\/v2\/media?parent=294782"}],"wp:term":[{"taxonomy":"category","embeddable":true,"href":"https:\/\/www.monaco-tribune.com\/en\/wp-json\/wp\/v2\/categories?post=294782"},{"taxonomy":"post_tag","embeddable":true,"href":"https:\/\/www.monaco-tribune.com\/en\/wp-json\/wp\/v2\/tags?post=294782"},{"taxonomy":"sectag","embeddable":true,"href":"https:\/\/www.monaco-tribune.com\/en\/wp-json\/wp\/v2\/post_sectags?post=294782"},{"taxonomy":"format","embeddable":true,"href":"https:\/\/www.monaco-tribune.com\/en\/wp-json\/wp\/v2\/post_format?post=294782"}],"curies":[{"name":"wp","href":"https:\/\/api.w.org\/{rel}","templated":true}]}}