{"id":296261,"date":"2025-05-30T15:53:33","date_gmt":"2025-05-30T13:53:33","guid":{"rendered":"https:\/\/www.monaco-tribune.com\/2025\/05\/financial-results-record-year-for-sbm\/"},"modified":"2025-05-30T16:00:08","modified_gmt":"2025-05-30T14:00:08","slug":"financial-results-record-year-for-sbm","status":"publish","type":"post","link":"https:\/\/www.monaco-tribune.com\/en\/2025\/05\/financial-results-record-year-for-sbm\/","title":{"rendered":"Financial results: record year for SBM"},"content":{"rendered":"\n<p><strong>The Soci\u00e9t\u00e9 des Bains de Mer continues its financial growth, announcing historic financial results for the 2024 &#8211; 2025 financial year.<\/strong><\/p>\n\n\n\n<p>Speaking in the amphitheatre at One Monte-Carlo on Wednesday 28 May, St\u00e9phane Valeri, Chairman and CEO of SBM, welcomed the strategy that had been adopted for the 2024 &#8211; 2025 financial year, which ended on 31 March. With a turnover of \u20ac768 million, the Group enjoyed growth of 9%.&nbsp;<em>&#8220;This increase can be explained by strong activity at the <\/em>Resort<em> during the summer season and the end-of-year festivities, and by our particular dynamic hospitality offering,&#8221; <\/em>said St\u00e9phane Valeri.<\/p>\n\n\n\n<h2 class=\"wp-block-heading\" id=\"h-hospitality-in-excellent-shape\"><strong>Hospitality in excellent shape<\/strong><\/h2>\n\n\n\n<p><span style=\"color: black;\">Boosted by the opening of the Amaz\u00f3nico restaurant at the beginning of April and the reopening of the Caf\u00e9 de Paris brasserie <\/span><a href=\"https:\/\/www.monaco-tribune.com\/en\/2023\/11\/historic-moment-as-prince-albert-ii-and-princess-charlene-inaugurate-new-cafe-de-paris\/\"><span style=\"color: blue; text-decoration: none; text-underline: none;\">at the end of 2023<\/span><\/a><span style=\"color: black;\">, the hospitality sector is the biggest contributor to turnover, with 399.9 million euros, an increase of 16%. This performance can be explained by two factors: a higher occupancy rate and higher average hotel prices over the summer season.<\/span><\/p>\n\n\n\n<figure class=\"wp-block-embed is-type-wp-embed is-provider-monaco-tribune wp-block-embed-monaco-tribune\"><div class=\"wp-block-embed__wrapper\">\n<blockquote class=\"wp-embedded-content\" data-secret=\"ZilDACD1I9\"><a href=\"https:\/\/www.monaco-tribune.com\/en\/2024\/04\/over-800-people-attended-amazonico-monte-carlo-inauguration\/\">Over 800 people attended Amaz\u00f3nico Monte-Carlo inauguration<\/a><\/blockquote><iframe class=\"wp-embedded-content\" sandbox=\"allow-scripts\" security=\"restricted\" style=\"position: absolute; visibility: hidden;\" title=\"&#8220;Over 800 people attended Amaz\u00f3nico Monte-Carlo inauguration&#8221; &#8212; Monaco Tribune\" src=\"https:\/\/www.monaco-tribune.com\/en\/2024\/04\/over-800-people-attended-amazonico-monte-carlo-inauguration\/embed\/#?secret=ztA27PT2h8#?secret=ZilDACD1I9\" data-secret=\"ZilDACD1I9\" width=\"500\" height=\"282\" frameborder=\"0\" marginwidth=\"0\" marginheight=\"0\" scrolling=\"no\"><\/iframe>\n<\/div><\/figure>\n\n\n\n<p>St\u00e9phane Valeri revealed a number of significant details about this upswing: <em>&#8220;The average room rate reached \u20ac800 per night over the financial year, across all seasons and all hotels. It&#8217;s the highest we&#8217;ve ever had at SBM.&#8221;<\/em>&nbsp;He also believes there is room for manoeuvre on the pricing strategy: <em>&#8220;When I look at the prices charged in Courchevel, Paris, London, Rome or New York, we&#8217;re not that expensive, we still have room for improvement.&#8221;<\/em><\/p>\n\n\n\n<h2 class=\"wp-block-heading\" id=\"h-restaurants-successful-but-a-financial-challenge\"><strong>Restaurants: successful, but a financial challenge<\/strong><\/h2>\n\n\n\n<p>Paradoxically, although restaurant turnover made the biggest contribution to growth in the hospitality segment (+24%), it remains the Group&#8217;s least profitable sector. This situation can be explained by the company&#8217;s social model: <em>&#8220;Often, over fifty per cent of turnover goes on payroll, to pay our employees well, so we don&#8217;t make any money, in fact we lose money overall on the restaurant business.&#8221;<\/em><\/p>\n\n\n\n<p>But the important thing to retain, is that the year represented a symbolic milestone with the number of diners served by SBM topping the one million mark, a testament to the growing appeal of Monegasque fine dining.<\/p>\n\n\n<div class=\"wp-block-image\">\n<figure class=\"aligncenter size-full\"><img loading=\"lazy\" decoding=\"async\" width=\"1000\" height=\"750\" src=\"https:\/\/www.monaco-tribune.com\/wp-content\/uploads\/2024\/03\/amazonico-spekeasy0009_v2.jpg\" alt=\"\" class=\"wp-image-222145\" srcset=\"https:\/\/www.monaco-tribune.com\/wp-content\/uploads\/2024\/03\/amazonico-spekeasy0009_v2.jpg 1000w, https:\/\/www.monaco-tribune.com\/wp-content\/uploads\/2024\/03\/amazonico-spekeasy0009_v2-400x300.jpg 400w\" sizes=\"auto, (max-width: 1000px) 100vw, 1000px\" \/><figcaption class=\"wp-element-caption\"><em>L&#8217;Amaz\u00f3nico served many guests during the Formula 1 Grand Prix<\/em> \u00a9 SBM<\/figcaption><\/figure>\n<\/div>\n\n\n<h2 class=\"wp-block-heading\" id=\"h-ten-michelin-stars-culinary-consecration\"><strong>Ten Michelin stars: culinary consecration<\/strong><\/h2>\n\n\n\n<p>The resort&#8217;s culinary excellence was also rewarded with three new Michelin stars, bringing the total number for the high-end dining establishments to 10. L&#8217;<a href=\"https:\/\/www.monaco-tribune.com\/en\/2024\/07\/prince-albert-ii-inaugurates-labysse-monte-carlo-and-discovers-an-extraordinary-gastronomic-experience\/\">Abysse Monte-Carlo <\/a>stood out in particular, winning two stars at the same time, while Elsa at Monte-Carlo Beach was awarded one star with chef Marcel Ravin at the helm.<\/p>\n\n\n\n<figure class=\"wp-block-embed is-type-wp-embed is-provider-monaco-tribune wp-block-embed-monaco-tribune\"><div class=\"wp-block-embed__wrapper\">\n<blockquote class=\"wp-embedded-content\" data-secret=\"zCgSW0jmSY\"><a href=\"https:\/\/www.monaco-tribune.com\/en\/2025\/05\/marcel-ravin-crowned-chef-of-the-year-at-hotel-lodge-awards-2025\/\">Marcel Ravin crowned Chef of the Year at Hotel &#038; Lodge Awards 2025<\/a><\/blockquote><iframe class=\"wp-embedded-content\" sandbox=\"allow-scripts\" security=\"restricted\" style=\"position: absolute; visibility: hidden;\" title=\"&#8220;Marcel Ravin crowned Chef of the Year at Hotel &#038; Lodge Awards 2025&#8221; &#8212; Monaco Tribune\" src=\"https:\/\/www.monaco-tribune.com\/en\/2025\/05\/marcel-ravin-crowned-chef-of-the-year-at-hotel-lodge-awards-2025\/embed\/#?secret=V4K3DcwUn1#?secret=zCgSW0jmSY\" data-secret=\"zCgSW0jmSY\" width=\"500\" height=\"282\" frameborder=\"0\" marginwidth=\"0\" marginheight=\"0\" scrolling=\"no\"><\/iframe>\n<\/div><\/figure>\n\n\n\n<h2 class=\"wp-block-heading\" id=\"h-real-estate-the-group-s-powerhouse\"><strong>Real estate, the Group&#8217;s powerhouse<\/strong><\/h2>\n\n\n\n<p>The rental sector also confirmed its position as a growth driver, with an increase of 11% to \u20ac149.9 million. This performance is underpinned by the gradual letting of the new retail space at the renovated Caf\u00e9 de Paris complex, and a vacancy rate of almost zero.<\/p>\n\n\n\n<h2 class=\"wp-block-heading\" id=\"h-ambitious-investments-for-the-future\"><strong>Ambitious investments for the future<\/strong><\/h2>\n\n\n\n<p>The Group continued its investment programme, disbursing \u20ac101.6 million over the year, in particular to begin the total refurbishment programme for the rooms at the H\u00f4tel Hermitage in the Monte-Carlo Bay Hotel &amp; Resort.<\/p>\n\n\n\n<p><em>&#8220;Innovation and development, particularly in the Principality, obviously remain our priority,&#8221; <\/em>says St\u00e9phane Valeri, referring to forthcoming openings, including C\u00e9dric Grolet boutiques at the H\u00f4tel de Paris from the beginning of July.<\/p>\n\n\n\n<p class=\"related\"><a href=\"https:\/\/www.monaco-tribune.com\/en\/2025\/04\/cedric-grolet-brings-sweet-touch-to-monaco-at-hotel-de-paris\/\">C\u00e9dric Grolet brings sweet touch to Monaco at H\u00f4tel de Paris<\/a><\/p>\n\n\n\n<h2 class=\"wp-block-heading\" id=\"h-financially-robust\"><strong>Financially robust<\/strong><\/h2>\n\n\n\n<p>At 31 March 2025, the SBM. Group had a net cash position of \u20ac186.3 million, compared with \u20ac68.9 million a year earlier. The improvement speaks again to the Monegasque group&#8217;s robust business model.<\/p>\n\n\n\n<p>Consolidated net profit came to 110.1 million euros, compared with 103.9 million the previous year, confirming the company&#8217;s upward trajectory despite the economic challenges. This was particularly true of the gaming business (turnover of 215.5 million euros, down 3%), where slight volume growth was not impeded by the application of the new compliance rules.<\/p>\n\n\n<div class=\"wp-block-image\">\n<figure class=\"aligncenter size-large\"><img loading=\"lazy\" decoding=\"async\" width=\"1024\" height=\"683\" src=\"https:\/\/www.monaco-tribune.com\/wp-content\/uploads\/2023\/09\/palace-neiges-courchevel-sbm-1024x683.jpeg\" alt=\"palace-neiges-courchevel-sbm\" class=\"wp-image-194205\" srcset=\"https:\/\/www.monaco-tribune.com\/wp-content\/uploads\/2023\/09\/palace-neiges-courchevel-sbm-1024x683.jpeg 1024w, https:\/\/www.monaco-tribune.com\/wp-content\/uploads\/2023\/09\/palace-neiges-courchevel-sbm-450x300.jpeg 450w, https:\/\/www.monaco-tribune.com\/wp-content\/uploads\/2023\/09\/palace-neiges-courchevel-sbm.jpeg 1200w\" sizes=\"auto, (max-width: 1024px) 100vw, 1024px\" \/><figcaption class=\"wp-element-caption\"><em>The prestigious Courchevel Palace des Neiges looks onto the forest<\/em> \u00a9 Palace des Neiges<\/figcaption><\/figure>\n<\/div>\n\n\n<h2 class=\"wp-block-heading\" id=\"h-the-courchevel-project\"><strong>The Courchevel project<\/strong><\/h2>\n\n\n\n<p>Building on this performance, SBM is continuing its international development with the Alpine expansion project in <a href=\"https:\/\/www.monaco-tribune.com\/en\/2023\/10\/monte-carlo-sbm-has-officially-acquired-the-palace-des-neiges-in-courchevel\/\">Courchevel<\/a>.&nbsp;<em>&#8220;The necessary planning permission applications have been accepted. We have been granted 6,000 square metres in addition to the initial 8,000 square metres. This brings the total surface area, and the elevation of the three chalets, to 14,000 square metres,<\/em> said St\u00e9phane Val\u00e9ri, with enthusiasm. <em>&#8220;We are keen to implement systems for preserving heat and improving energy efficiency. The project is scheduled for completion in December 2027.&#8221; <\/em>A boon in view of the Winter Olympics to be held in there in 2030.<\/p>\n\n\n\n<p><\/p>\n","protected":false},"excerpt":{"rendered":"<p>The Soci\u00e9t\u00e9 des Bains de Mer continues its financial growth, announcing historic financial results for the 2024 &#8211; 2025 financial [&hellip;]<\/p>\n","protected":false},"author":82,"featured_media":296009,"comment_status":"closed","ping_status":"closed","sticky":false,"template":"","format":"standard","meta":{"_acf_changed":false,"footnotes":""},"categories":[247,243],"tags":[2862],"post_sectags":[],"post_format":[2465],"class_list":["post-296261","post","type-post","status-publish","format-standard","has-post-thumbnail","hentry","category-business","category-news","tag-monte-carlo-sbm-en","format-in-brief"],"acf":[],"yoast_head":"<!-- This site is optimized with the Yoast SEO Premium plugin v26.8 (Yoast SEO v27.5) - https:\/\/yoast.com\/product\/yoast-seo-premium-wordpress\/ -->\n<title>Financial results: record year for SBM<\/title>\n<meta name=\"description\" content=\"The Soci\u00e9t\u00e9 des Bains de Mer continues its financial growth, announcing historic financial results for the 2024 - 2025 financial year. Speaking in the\" \/>\n<meta name=\"robots\" content=\"index, follow, max-snippet:-1, max-image-preview:large, max-video-preview:-1\" \/>\n<link rel=\"canonical\" href=\"https:\/\/www.monaco-tribune.com\/en\/2025\/05\/financial-results-record-year-for-sbm\/\" \/>\n<meta property=\"og:locale\" content=\"en_US\" \/>\n<meta property=\"og:type\" content=\"article\" \/>\n<meta property=\"og:title\" content=\"Financial results: record year for SBM - Monaco Tribune\" \/>\n<meta property=\"og:description\" content=\"The Soci\u00e9t\u00e9 des Bains de Mer continues its financial growth, announcing historic financial results for the 2024 - 2025 financial year. Speaking in the\" \/>\n<meta property=\"og:url\" content=\"https:\/\/www.monaco-tribune.com\/en\/2025\/05\/financial-results-record-year-for-sbm\/\" \/>\n<meta property=\"og:site_name\" content=\"Monaco Tribune\" \/>\n<meta property=\"article:publisher\" content=\"https:\/\/www.facebook.com\/MonacoTribune\" \/>\n<meta property=\"article:published_time\" content=\"2025-05-30T13:53:33+00:00\" \/>\n<meta property=\"article:modified_time\" content=\"2025-05-30T14:00:08+00:00\" \/>\n<meta property=\"og:image\" content=\"https:\/\/www.monaco-tribune.com\/wp-content\/uploads\/2025\/05\/mcsbm-stephane-valeri-conference-de-presse-28.05.2025-4-grande.jpeg\" \/>\n\t<meta property=\"og:image:width\" content=\"1280\" \/>\n\t<meta property=\"og:image:height\" content=\"853\" \/>\n\t<meta property=\"og:image:type\" content=\"image\/jpeg\" \/>\n<meta name=\"author\" content=\"Benjamin Godart\" \/>\n<meta name=\"twitter:card\" content=\"summary_large_image\" \/>\n<meta name=\"twitter:creator\" content=\"@MonacoTribune\" \/>\n<meta name=\"twitter:site\" content=\"@MonacoTribune\" \/>\n<script type=\"application\/ld+json\" class=\"yoast-schema-graph\">{\"@context\":\"https:\\\/\\\/schema.org\",\"@graph\":[{\"@type\":\"NewsArticle\",\"@id\":\"https:\\\/\\\/www.monaco-tribune.com\\\/en\\\/2025\\\/05\\\/financial-results-record-year-for-sbm\\\/#article\",\"isPartOf\":{\"@id\":\"https:\\\/\\\/www.monaco-tribune.com\\\/en\\\/2025\\\/05\\\/financial-results-record-year-for-sbm\\\/\"},\"author\":{\"name\":\"Benjamin Godart\",\"@id\":\"https:\\\/\\\/www.monaco-tribune.com\\\/en\\\/#\\\/schema\\\/person\\\/d201bd3b5aa6a9405a343cb582876e6b\"},\"headline\":\"Financial results: record year for SBM\",\"datePublished\":\"2025-05-30T13:53:33+00:00\",\"dateModified\":\"2025-05-30T14:00:08+00:00\",\"mainEntityOfPage\":{\"@id\":\"https:\\\/\\\/www.monaco-tribune.com\\\/en\\\/2025\\\/05\\\/financial-results-record-year-for-sbm\\\/\"},\"wordCount\":770,\"publisher\":{\"@id\":\"https:\\\/\\\/www.monaco-tribune.com\\\/en\\\/#organization\"},\"image\":{\"@id\":\"https:\\\/\\\/www.monaco-tribune.com\\\/en\\\/2025\\\/05\\\/financial-results-record-year-for-sbm\\\/#primaryimage\"},\"thumbnailUrl\":\"https:\\\/\\\/www.monaco-tribune.com\\\/wp-content\\\/uploads\\\/2025\\\/05\\\/mcsbm-stephane-valeri-conference-de-presse-28.05.2025-4-grande.jpeg\",\"keywords\":[\"Monte-Carlo SBM\"],\"articleSection\":[\"Business\",\"News\"],\"inLanguage\":\"en-US\",\"copyrightYear\":\"2025\",\"copyrightHolder\":{\"@id\":\"https:\\\/\\\/www.monaco-tribune.com\\\/#organization\"}},{\"@type\":\"WebPage\",\"@id\":\"https:\\\/\\\/www.monaco-tribune.com\\\/en\\\/2025\\\/05\\\/financial-results-record-year-for-sbm\\\/\",\"url\":\"https:\\\/\\\/www.monaco-tribune.com\\\/en\\\/2025\\\/05\\\/financial-results-record-year-for-sbm\\\/\",\"name\":\"Financial results: record year for SBM\",\"isPartOf\":{\"@id\":\"https:\\\/\\\/www.monaco-tribune.com\\\/en\\\/#website\"},\"primaryImageOfPage\":{\"@id\":\"https:\\\/\\\/www.monaco-tribune.com\\\/en\\\/2025\\\/05\\\/financial-results-record-year-for-sbm\\\/#primaryimage\"},\"image\":{\"@id\":\"https:\\\/\\\/www.monaco-tribune.com\\\/en\\\/2025\\\/05\\\/financial-results-record-year-for-sbm\\\/#primaryimage\"},\"thumbnailUrl\":\"https:\\\/\\\/www.monaco-tribune.com\\\/wp-content\\\/uploads\\\/2025\\\/05\\\/mcsbm-stephane-valeri-conference-de-presse-28.05.2025-4-grande.jpeg\",\"datePublished\":\"2025-05-30T13:53:33+00:00\",\"dateModified\":\"2025-05-30T14:00:08+00:00\",\"description\":\"The Soci\u00e9t\u00e9 des Bains de Mer continues its financial growth, announcing historic financial results for the 2024 - 2025 financial year. Speaking in the\",\"breadcrumb\":{\"@id\":\"https:\\\/\\\/www.monaco-tribune.com\\\/en\\\/2025\\\/05\\\/financial-results-record-year-for-sbm\\\/#breadcrumb\"},\"inLanguage\":\"en-US\",\"potentialAction\":[{\"@type\":\"ReadAction\",\"target\":[\"https:\\\/\\\/www.monaco-tribune.com\\\/en\\\/2025\\\/05\\\/financial-results-record-year-for-sbm\\\/\"]}]},{\"@type\":\"ImageObject\",\"inLanguage\":\"en-US\",\"@id\":\"https:\\\/\\\/www.monaco-tribune.com\\\/en\\\/2025\\\/05\\\/financial-results-record-year-for-sbm\\\/#primaryimage\",\"url\":\"https:\\\/\\\/www.monaco-tribune.com\\\/wp-content\\\/uploads\\\/2025\\\/05\\\/mcsbm-stephane-valeri-conference-de-presse-28.05.2025-4-grande.jpeg\",\"contentUrl\":\"https:\\\/\\\/www.monaco-tribune.com\\\/wp-content\\\/uploads\\\/2025\\\/05\\\/mcsbm-stephane-valeri-conference-de-presse-28.05.2025-4-grande.jpeg\",\"width\":1280,\"height\":853,\"caption\":\"St\u00e9phane Val\u00e9ri at a press conference in the One Monte-Carlo amphitheatre on 28 May \u00a9 SBM\"},{\"@type\":\"BreadcrumbList\",\"@id\":\"https:\\\/\\\/www.monaco-tribune.com\\\/en\\\/2025\\\/05\\\/financial-results-record-year-for-sbm\\\/#breadcrumb\",\"itemListElement\":[{\"@type\":\"ListItem\",\"position\":1,\"name\":\"Accueil\",\"item\":\"https:\\\/\\\/www.monaco-tribune.com\\\/en\\\/\"},{\"@type\":\"ListItem\",\"position\":2,\"name\":\"Financial results: record year for SBM\"}]},{\"@type\":\"WebSite\",\"@id\":\"https:\\\/\\\/www.monaco-tribune.com\\\/en\\\/#website\",\"url\":\"https:\\\/\\\/www.monaco-tribune.com\\\/en\\\/\",\"name\":\"Monaco Tribune\",\"description\":\"Monaco : actualit\u00e9s \u00e9conomiques, politiques, culturelles et sportives de Monaco et de la French Riviera.\",\"publisher\":{\"@id\":\"https:\\\/\\\/www.monaco-tribune.com\\\/en\\\/#organization\"},\"potentialAction\":[{\"@type\":\"SearchAction\",\"target\":{\"@type\":\"EntryPoint\",\"urlTemplate\":\"https:\\\/\\\/www.monaco-tribune.com\\\/en\\\/?s={search_term_string}\"},\"query-input\":{\"@type\":\"PropertyValueSpecification\",\"valueRequired\":true,\"valueName\":\"search_term_string\"}}],\"inLanguage\":\"en-US\"},{\"@type\":\"Organization\",\"@id\":\"https:\\\/\\\/www.monaco-tribune.com\\\/en\\\/#organization\",\"name\":\"Monaco Tribune\",\"url\":\"https:\\\/\\\/www.monaco-tribune.com\\\/en\\\/\",\"logo\":{\"@type\":\"ImageObject\",\"inLanguage\":\"en-US\",\"@id\":\"https:\\\/\\\/www.monaco-tribune.com\\\/en\\\/#\\\/schema\\\/logo\\\/image\\\/\",\"url\":\"https:\\\/\\\/www.monaco-tribune.com\\\/wp-content\\\/uploads\\\/2022\\\/11\\\/logo-monaco-tribune.png\",\"contentUrl\":\"https:\\\/\\\/www.monaco-tribune.com\\\/wp-content\\\/uploads\\\/2022\\\/11\\\/logo-monaco-tribune.png\",\"width\":1548,\"height\":600,\"caption\":\"Monaco Tribune\"},\"image\":{\"@id\":\"https:\\\/\\\/www.monaco-tribune.com\\\/en\\\/#\\\/schema\\\/logo\\\/image\\\/\"},\"sameAs\":[\"https:\\\/\\\/www.facebook.com\\\/MonacoTribune\",\"https:\\\/\\\/x.com\\\/MonacoTribune\",\"https:\\\/\\\/www.instagram.com\\\/monacotribune\\\/\",\"https:\\\/\\\/www.linkedin.com\\\/company\\\/monaco-tribune\",\"https:\\\/\\\/www.youtube.com\\\/channel\\\/UCHle1MnG6hw1y4lWKijVbMA\"]},{\"@type\":\"Person\",\"@id\":\"https:\\\/\\\/www.monaco-tribune.com\\\/en\\\/#\\\/schema\\\/person\\\/d201bd3b5aa6a9405a343cb582876e6b\",\"name\":\"Benjamin Godart\",\"image\":{\"@type\":\"ImageObject\",\"inLanguage\":\"en-US\",\"@id\":\"https:\\\/\\\/secure.gravatar.com\\\/avatar\\\/497d42825162d88d88f4d1527d8d9791abdd62e977b6ae137f2a93f8450f5286?s=96&d=mm&r=g\",\"url\":\"https:\\\/\\\/secure.gravatar.com\\\/avatar\\\/497d42825162d88d88f4d1527d8d9791abdd62e977b6ae137f2a93f8450f5286?s=96&d=mm&r=g\",\"contentUrl\":\"https:\\\/\\\/secure.gravatar.com\\\/avatar\\\/497d42825162d88d88f4d1527d8d9791abdd62e977b6ae137f2a93f8450f5286?s=96&d=mm&r=g\",\"caption\":\"Benjamin Godart\"},\"url\":\"https:\\\/\\\/www.monaco-tribune.com\\\/en\\\/author\\\/benjamingodart\\\/\"}]}<\/script>\n<!-- \/ Yoast SEO Premium plugin. -->","yoast_head_json":{"title":"Financial results: record year for SBM","description":"The Soci\u00e9t\u00e9 des Bains de Mer continues its financial growth, announcing historic financial results for the 2024 - 2025 financial year. Speaking in the","robots":{"index":"index","follow":"follow","max-snippet":"max-snippet:-1","max-image-preview":"max-image-preview:large","max-video-preview":"max-video-preview:-1"},"canonical":"https:\/\/www.monaco-tribune.com\/en\/2025\/05\/financial-results-record-year-for-sbm\/","og_locale":"en_US","og_type":"article","og_title":"Financial results: record year for SBM - Monaco Tribune","og_description":"The Soci\u00e9t\u00e9 des Bains de Mer continues its financial growth, announcing historic financial results for the 2024 - 2025 financial year. Speaking in the","og_url":"https:\/\/www.monaco-tribune.com\/en\/2025\/05\/financial-results-record-year-for-sbm\/","og_site_name":"Monaco Tribune","article_publisher":"https:\/\/www.facebook.com\/MonacoTribune","article_published_time":"2025-05-30T13:53:33+00:00","article_modified_time":"2025-05-30T14:00:08+00:00","og_image":[{"width":1280,"height":853,"url":"https:\/\/www.monaco-tribune.com\/wp-content\/uploads\/2025\/05\/mcsbm-stephane-valeri-conference-de-presse-28.05.2025-4-grande.jpeg","type":"image\/jpeg"}],"author":"Benjamin Godart","twitter_card":"summary_large_image","twitter_creator":"@MonacoTribune","twitter_site":"@MonacoTribune","schema":{"@context":"https:\/\/schema.org","@graph":[{"@type":"NewsArticle","@id":"https:\/\/www.monaco-tribune.com\/en\/2025\/05\/financial-results-record-year-for-sbm\/#article","isPartOf":{"@id":"https:\/\/www.monaco-tribune.com\/en\/2025\/05\/financial-results-record-year-for-sbm\/"},"author":{"name":"Benjamin Godart","@id":"https:\/\/www.monaco-tribune.com\/en\/#\/schema\/person\/d201bd3b5aa6a9405a343cb582876e6b"},"headline":"Financial results: record year for SBM","datePublished":"2025-05-30T13:53:33+00:00","dateModified":"2025-05-30T14:00:08+00:00","mainEntityOfPage":{"@id":"https:\/\/www.monaco-tribune.com\/en\/2025\/05\/financial-results-record-year-for-sbm\/"},"wordCount":770,"publisher":{"@id":"https:\/\/www.monaco-tribune.com\/en\/#organization"},"image":{"@id":"https:\/\/www.monaco-tribune.com\/en\/2025\/05\/financial-results-record-year-for-sbm\/#primaryimage"},"thumbnailUrl":"https:\/\/www.monaco-tribune.com\/wp-content\/uploads\/2025\/05\/mcsbm-stephane-valeri-conference-de-presse-28.05.2025-4-grande.jpeg","keywords":["Monte-Carlo SBM"],"articleSection":["Business","News"],"inLanguage":"en-US","copyrightYear":"2025","copyrightHolder":{"@id":"https:\/\/www.monaco-tribune.com\/#organization"}},{"@type":"WebPage","@id":"https:\/\/www.monaco-tribune.com\/en\/2025\/05\/financial-results-record-year-for-sbm\/","url":"https:\/\/www.monaco-tribune.com\/en\/2025\/05\/financial-results-record-year-for-sbm\/","name":"Financial results: record year for SBM","isPartOf":{"@id":"https:\/\/www.monaco-tribune.com\/en\/#website"},"primaryImageOfPage":{"@id":"https:\/\/www.monaco-tribune.com\/en\/2025\/05\/financial-results-record-year-for-sbm\/#primaryimage"},"image":{"@id":"https:\/\/www.monaco-tribune.com\/en\/2025\/05\/financial-results-record-year-for-sbm\/#primaryimage"},"thumbnailUrl":"https:\/\/www.monaco-tribune.com\/wp-content\/uploads\/2025\/05\/mcsbm-stephane-valeri-conference-de-presse-28.05.2025-4-grande.jpeg","datePublished":"2025-05-30T13:53:33+00:00","dateModified":"2025-05-30T14:00:08+00:00","description":"The Soci\u00e9t\u00e9 des Bains de Mer continues its financial growth, announcing historic financial results for the 2024 - 2025 financial year. Speaking in the","breadcrumb":{"@id":"https:\/\/www.monaco-tribune.com\/en\/2025\/05\/financial-results-record-year-for-sbm\/#breadcrumb"},"inLanguage":"en-US","potentialAction":[{"@type":"ReadAction","target":["https:\/\/www.monaco-tribune.com\/en\/2025\/05\/financial-results-record-year-for-sbm\/"]}]},{"@type":"ImageObject","inLanguage":"en-US","@id":"https:\/\/www.monaco-tribune.com\/en\/2025\/05\/financial-results-record-year-for-sbm\/#primaryimage","url":"https:\/\/www.monaco-tribune.com\/wp-content\/uploads\/2025\/05\/mcsbm-stephane-valeri-conference-de-presse-28.05.2025-4-grande.jpeg","contentUrl":"https:\/\/www.monaco-tribune.com\/wp-content\/uploads\/2025\/05\/mcsbm-stephane-valeri-conference-de-presse-28.05.2025-4-grande.jpeg","width":1280,"height":853,"caption":"St\u00e9phane Val\u00e9ri at a press conference in the One Monte-Carlo amphitheatre on 28 May \u00a9 SBM"},{"@type":"BreadcrumbList","@id":"https:\/\/www.monaco-tribune.com\/en\/2025\/05\/financial-results-record-year-for-sbm\/#breadcrumb","itemListElement":[{"@type":"ListItem","position":1,"name":"Accueil","item":"https:\/\/www.monaco-tribune.com\/en\/"},{"@type":"ListItem","position":2,"name":"Financial results: record year for SBM"}]},{"@type":"WebSite","@id":"https:\/\/www.monaco-tribune.com\/en\/#website","url":"https:\/\/www.monaco-tribune.com\/en\/","name":"Monaco Tribune","description":"Monaco : actualit\u00e9s \u00e9conomiques, politiques, culturelles et sportives de Monaco et de la French Riviera.","publisher":{"@id":"https:\/\/www.monaco-tribune.com\/en\/#organization"},"potentialAction":[{"@type":"SearchAction","target":{"@type":"EntryPoint","urlTemplate":"https:\/\/www.monaco-tribune.com\/en\/?s={search_term_string}"},"query-input":{"@type":"PropertyValueSpecification","valueRequired":true,"valueName":"search_term_string"}}],"inLanguage":"en-US"},{"@type":"Organization","@id":"https:\/\/www.monaco-tribune.com\/en\/#organization","name":"Monaco Tribune","url":"https:\/\/www.monaco-tribune.com\/en\/","logo":{"@type":"ImageObject","inLanguage":"en-US","@id":"https:\/\/www.monaco-tribune.com\/en\/#\/schema\/logo\/image\/","url":"https:\/\/www.monaco-tribune.com\/wp-content\/uploads\/2022\/11\/logo-monaco-tribune.png","contentUrl":"https:\/\/www.monaco-tribune.com\/wp-content\/uploads\/2022\/11\/logo-monaco-tribune.png","width":1548,"height":600,"caption":"Monaco Tribune"},"image":{"@id":"https:\/\/www.monaco-tribune.com\/en\/#\/schema\/logo\/image\/"},"sameAs":["https:\/\/www.facebook.com\/MonacoTribune","https:\/\/x.com\/MonacoTribune","https:\/\/www.instagram.com\/monacotribune\/","https:\/\/www.linkedin.com\/company\/monaco-tribune","https:\/\/www.youtube.com\/channel\/UCHle1MnG6hw1y4lWKijVbMA"]},{"@type":"Person","@id":"https:\/\/www.monaco-tribune.com\/en\/#\/schema\/person\/d201bd3b5aa6a9405a343cb582876e6b","name":"Benjamin Godart","image":{"@type":"ImageObject","inLanguage":"en-US","@id":"https:\/\/secure.gravatar.com\/avatar\/497d42825162d88d88f4d1527d8d9791abdd62e977b6ae137f2a93f8450f5286?s=96&d=mm&r=g","url":"https:\/\/secure.gravatar.com\/avatar\/497d42825162d88d88f4d1527d8d9791abdd62e977b6ae137f2a93f8450f5286?s=96&d=mm&r=g","contentUrl":"https:\/\/secure.gravatar.com\/avatar\/497d42825162d88d88f4d1527d8d9791abdd62e977b6ae137f2a93f8450f5286?s=96&d=mm&r=g","caption":"Benjamin Godart"},"url":"https:\/\/www.monaco-tribune.com\/en\/author\/benjamingodart\/"}]}},"_links":{"self":[{"href":"https:\/\/www.monaco-tribune.com\/en\/wp-json\/wp\/v2\/posts\/296261","targetHints":{"allow":["GET"]}}],"collection":[{"href":"https:\/\/www.monaco-tribune.com\/en\/wp-json\/wp\/v2\/posts"}],"about":[{"href":"https:\/\/www.monaco-tribune.com\/en\/wp-json\/wp\/v2\/types\/post"}],"author":[{"embeddable":true,"href":"https:\/\/www.monaco-tribune.com\/en\/wp-json\/wp\/v2\/users\/82"}],"replies":[{"embeddable":true,"href":"https:\/\/www.monaco-tribune.com\/en\/wp-json\/wp\/v2\/comments?post=296261"}],"version-history":[{"count":2,"href":"https:\/\/www.monaco-tribune.com\/en\/wp-json\/wp\/v2\/posts\/296261\/revisions"}],"predecessor-version":[{"id":296269,"href":"https:\/\/www.monaco-tribune.com\/en\/wp-json\/wp\/v2\/posts\/296261\/revisions\/296269"}],"wp:featuredmedia":[{"embeddable":true,"href":"https:\/\/www.monaco-tribune.com\/en\/wp-json\/wp\/v2\/media\/296009"}],"wp:attachment":[{"href":"https:\/\/www.monaco-tribune.com\/en\/wp-json\/wp\/v2\/media?parent=296261"}],"wp:term":[{"taxonomy":"category","embeddable":true,"href":"https:\/\/www.monaco-tribune.com\/en\/wp-json\/wp\/v2\/categories?post=296261"},{"taxonomy":"post_tag","embeddable":true,"href":"https:\/\/www.monaco-tribune.com\/en\/wp-json\/wp\/v2\/tags?post=296261"},{"taxonomy":"sectag","embeddable":true,"href":"https:\/\/www.monaco-tribune.com\/en\/wp-json\/wp\/v2\/post_sectags?post=296261"},{"taxonomy":"format","embeddable":true,"href":"https:\/\/www.monaco-tribune.com\/en\/wp-json\/wp\/v2\/post_format?post=296261"}],"curies":[{"name":"wp","href":"https:\/\/api.w.org\/{rel}","templated":true}]}}