{"id":303852,"date":"2025-07-08T16:34:00","date_gmt":"2025-07-08T14:34:00","guid":{"rendered":"https:\/\/www.monaco-tribune.com\/2025\/07\/prince-albert-ii-show-his-couleursat-grimaldi-forum\/"},"modified":"2025-07-08T16:37:09","modified_gmt":"2025-07-08T14:37:09","slug":"prince-albert-ii-show-his-couleursat-grimaldi-forum","status":"publish","type":"post","link":"https:\/\/www.monaco-tribune.com\/en\/2025\/07\/prince-albert-ii-show-his-couleursat-grimaldi-forum\/","title":{"rendered":"Prince Albert II shows his &#8216;Couleurs!&#8217; at Grimaldi Forum"},"content":{"rendered":"\n<p><b><strong>On Monday, the Sovereign of Monaco launched a multi-sensory exhibition featuring some one hundred works from the Centre Pompidou.<\/strong><\/b><\/p>\n\n<p>Like the chromatic disc designed by architect William Chatelain as the common thread running through the \u201cCouleurs!\u201d exhibition, Prince Albert II also chose to embrace the theme, donning a vibrantly coloured tie at the Grimaldi Forum on Monday evening. The Sovereign inaugurated this exceptional collaboration with the Centre Pompidou accompanied by Princess Alexandra of Hanover and Ben Sylvester Strautmann.<br\/><\/p>\n\n<figure class=\"wp-block-image size-large\"><img loading=\"lazy\" decoding=\"async\" width=\"1024\" height=\"683\" src=\"https:\/\/www.monaco-tribune.com\/wp-content\/uploads\/2025\/07\/516794909_1270882651070540_553558329603545418_n-1024x683.jpg\" alt=\"\" class=\"wp-image-303796\" srcset=\"https:\/\/www.monaco-tribune.com\/wp-content\/uploads\/2025\/07\/516794909_1270882651070540_553558329603545418_n-1024x683.jpg 1024w, https:\/\/www.monaco-tribune.com\/wp-content\/uploads\/2025\/07\/516794909_1270882651070540_553558329603545418_n-450x300.jpg 450w, https:\/\/www.monaco-tribune.com\/wp-content\/uploads\/2025\/07\/516794909_1270882651070540_553558329603545418_n.jpg 2048w\" sizes=\"auto, (max-width: 1024px) 100vw, 1024px\" \/><\/figure>\n\n<figure class=\"wp-block-image size-large\"><img loading=\"lazy\" decoding=\"async\" width=\"1024\" height=\"683\" src=\"https:\/\/www.monaco-tribune.com\/wp-content\/uploads\/2025\/07\/516750000_1270882464403892_5561177551021207591_n-1024x683.jpg\" alt=\"\" class=\"wp-image-303800\" srcset=\"https:\/\/www.monaco-tribune.com\/wp-content\/uploads\/2025\/07\/516750000_1270882464403892_5561177551021207591_n-1024x683.jpg 1024w, https:\/\/www.monaco-tribune.com\/wp-content\/uploads\/2025\/07\/516750000_1270882464403892_5561177551021207591_n-450x300.jpg 450w, https:\/\/www.monaco-tribune.com\/wp-content\/uploads\/2025\/07\/516750000_1270882464403892_5561177551021207591_n.jpg 2048w\" sizes=\"auto, (max-width: 1024px) 100vw, 1024px\" \/><\/figure>\n\n<figure class=\"wp-block-image size-large\"><img loading=\"lazy\" decoding=\"async\" width=\"1024\" height=\"683\" src=\"https:\/\/www.monaco-tribune.com\/wp-content\/uploads\/2025\/07\/517137562_1270882411070564_5749793101916185355_n-1024x683.jpg\" alt=\"\" class=\"wp-image-303804\" srcset=\"https:\/\/www.monaco-tribune.com\/wp-content\/uploads\/2025\/07\/517137562_1270882411070564_5749793101916185355_n-1024x683.jpg 1024w, https:\/\/www.monaco-tribune.com\/wp-content\/uploads\/2025\/07\/517137562_1270882411070564_5749793101916185355_n-450x300.jpg 450w, https:\/\/www.monaco-tribune.com\/wp-content\/uploads\/2025\/07\/517137562_1270882411070564_5749793101916185355_n.jpg 2048w\" sizes=\"auto, (max-width: 1024px) 100vw, 1024px\" \/><\/figure>\n<div class=\"wp-block-image\">\n<figure class=\"aligncenter size-large\"><img loading=\"lazy\" decoding=\"async\" width=\"1024\" height=\"683\" src=\"https:\/\/www.monaco-tribune.com\/wp-content\/uploads\/2025\/07\/516856211_1270882774403861_468959677842631343_n-1024x683.jpg\" alt=\"\" class=\"wp-image-303808\" srcset=\"https:\/\/www.monaco-tribune.com\/wp-content\/uploads\/2025\/07\/516856211_1270882774403861_468959677842631343_n-1024x683.jpg 1024w, https:\/\/www.monaco-tribune.com\/wp-content\/uploads\/2025\/07\/516856211_1270882774403861_468959677842631343_n-450x300.jpg 450w, https:\/\/www.monaco-tribune.com\/wp-content\/uploads\/2025\/07\/516856211_1270882774403861_468959677842631343_n.jpg 2048w\" sizes=\"auto, (max-width: 1024px) 100vw, 1024px\" \/><figcaption class=\"wp-element-caption\">\u00a9 Fr\u00e9d\u00e9ric Nebinger &#8211; Prince&#8217;s Palace<\/figcaption><\/figure>\n<\/div>\n<p>Taking advantage of the temporary closure of the Parisian institution for renovation work, Monaco is hosting around a hundred masterpieces that are usually on display at rue Beaubourg. Picasso, Matisse, Kandinsky, Modigliani and Basquiat are spending the summer, until 31 August, in the Principality.<br\/><\/p>\n\n<blockquote class=\"wp-embedded-content\" data-secret=\"EFSbvaaMVi\"><a href=\"https:\/\/www.monaco-tribune.com\/en\/2025\/07\/summer-in-monaco-major-exhibitions-you-wont-want-to-miss\/\">Summer in Monaco: major exhibitions you won&#8217;t want to miss<\/a><\/blockquote><iframe class=\"wp-embedded-content\" sandbox=\"allow-scripts\" security=\"restricted\" style=\"position: absolute; visibility: hidden;\" title=\"&#8220;Summer in Monaco: major exhibitions you won&#8217;t want to miss&#8221; &#8212; Monaco Tribune\" src=\"https:\/\/www.monaco-tribune.com\/en\/2025\/07\/summer-in-monaco-major-exhibitions-you-wont-want-to-miss\/embed\/#?secret=y0p1WOOBn3#?secret=EFSbvaaMVi\" data-secret=\"EFSbvaaMVi\" width=\"500\" height=\"282\" frameborder=\"0\" marginwidth=\"0\" marginheight=\"0\" scrolling=\"no\"><\/iframe>\n\n<h2 class=\"wp-block-heading\" id=\"h-une-scenographie-adaptee-a-l-espace\"><h2><b><strong>Scenography to suit the space<\/strong><\/b><\/h2><\/h2>\n\n<p>The Sovereign and the Princess wandered around the 2,000 square metre Grimaldi Forum, with works grouped by dominant colour and central installations offering a complete sensory experience. The configuration, which, according to curator Didier Ottinger, allows a museographic approach that is impossible in a traditional museum, is based not only on colours but also on sounds and smells.<\/p>\n\n<p>Seven monochromatic spaces have been created, each with a soundscape created by composer Roque Rivas in collaboration with Ircam, and olfactory notes developed by perfumer Alexis Dadier of Fragonard. It&#8217;s an approach that aims to create artificial synaesthesia, allowing Prince Albert II to experience modern art with his senses.<\/p>\n<div class=\"wp-block-image\">\n<figure class=\"aligncenter size-large\"><img loading=\"lazy\" decoding=\"async\" width=\"1024\" height=\"683\" src=\"https:\/\/www.monaco-tribune.com\/wp-content\/uploads\/2025\/07\/518071755_1270882847737187_7422388531118644755_n-1024x683.jpg\" alt=\"\" class=\"wp-image-303813\" srcset=\"https:\/\/www.monaco-tribune.com\/wp-content\/uploads\/2025\/07\/518071755_1270882847737187_7422388531118644755_n-1024x683.jpg 1024w, https:\/\/www.monaco-tribune.com\/wp-content\/uploads\/2025\/07\/518071755_1270882847737187_7422388531118644755_n-450x300.jpg 450w, https:\/\/www.monaco-tribune.com\/wp-content\/uploads\/2025\/07\/518071755_1270882847737187_7422388531118644755_n.jpg 2048w\" sizes=\"auto, (max-width: 1024px) 100vw, 1024px\" \/><\/figure>\n<\/div><div class=\"wp-block-image\">\n<figure class=\"aligncenter size-large\"><img loading=\"lazy\" decoding=\"async\" width=\"1024\" height=\"683\" src=\"https:\/\/www.monaco-tribune.com\/wp-content\/uploads\/2025\/07\/516525991_1270882764403862_8911359161042727710_n-1024x683.jpg\" alt=\"\" class=\"wp-image-303817\" srcset=\"https:\/\/www.monaco-tribune.com\/wp-content\/uploads\/2025\/07\/516525991_1270882764403862_8911359161042727710_n-1024x683.jpg 1024w, https:\/\/www.monaco-tribune.com\/wp-content\/uploads\/2025\/07\/516525991_1270882764403862_8911359161042727710_n-450x300.jpg 450w, https:\/\/www.monaco-tribune.com\/wp-content\/uploads\/2025\/07\/516525991_1270882764403862_8911359161042727710_n.jpg 2048w\" sizes=\"auto, (max-width: 1024px) 100vw, 1024px\" \/><\/figure>\n<\/div><div class=\"wp-block-image\">\n<figure class=\"aligncenter size-large\"><img loading=\"lazy\" decoding=\"async\" width=\"1024\" height=\"683\" src=\"https:\/\/www.monaco-tribune.com\/wp-content\/uploads\/2025\/07\/516447995_1270882404403898_8395794196176641889_n-1024x683.jpg\" alt=\"\" class=\"wp-image-303821\" srcset=\"https:\/\/www.monaco-tribune.com\/wp-content\/uploads\/2025\/07\/516447995_1270882404403898_8395794196176641889_n-1024x683.jpg 1024w, https:\/\/www.monaco-tribune.com\/wp-content\/uploads\/2025\/07\/516447995_1270882404403898_8395794196176641889_n-450x300.jpg 450w, https:\/\/www.monaco-tribune.com\/wp-content\/uploads\/2025\/07\/516447995_1270882404403898_8395794196176641889_n.jpg 2048w\" sizes=\"auto, (max-width: 1024px) 100vw, 1024px\" \/><\/figure>\n<\/div><div class=\"wp-block-image\">\n<figure class=\"aligncenter size-large\"><img loading=\"lazy\" decoding=\"async\" width=\"1024\" height=\"683\" src=\"https:\/\/www.monaco-tribune.com\/wp-content\/uploads\/2025\/07\/517840543_1270882657737206_7103806009345960937_n-1024x683.jpg\" alt=\"\" class=\"wp-image-303825\" srcset=\"https:\/\/www.monaco-tribune.com\/wp-content\/uploads\/2025\/07\/517840543_1270882657737206_7103806009345960937_n-1024x683.jpg 1024w, https:\/\/www.monaco-tribune.com\/wp-content\/uploads\/2025\/07\/517840543_1270882657737206_7103806009345960937_n-450x300.jpg 450w, https:\/\/www.monaco-tribune.com\/wp-content\/uploads\/2025\/07\/517840543_1270882657737206_7103806009345960937_n.jpg 2048w\" sizes=\"auto, (max-width: 1024px) 100vw, 1024px\" \/><figcaption class=\"wp-element-caption\">\u00a9 Fr\u00e9d\u00e9ric Nebinger &#8211; Prince&#8217;s Palace<\/figcaption><\/figure>\n<\/div>\n<p><\/p>\n","protected":false},"excerpt":{"rendered":"<p>On Monday, the Sovereign of Monaco launched a multi-sensory exhibition featuring some one hundred works from the Centre Pompidou. Like [&hellip;]<\/p>\n","protected":false},"author":82,"featured_media":303793,"comment_status":"closed","ping_status":"closed","sticky":false,"template":"","format":"standard","meta":{"_acf_changed":false,"footnotes":""},"categories":[1825,243,251],"tags":[2830],"post_sectags":[3219],"post_format":[2462],"class_list":["post-303852","post","type-post","status-publish","format-standard","has-post-thumbnail","hentry","category-editors-choice","category-news","category-whats-on","tag-prince-albert-ii-en-2","sectag-grimaldi-forum-en","format-photos-en"],"acf":[],"yoast_head":"<!-- This site is optimized with the Yoast SEO Premium plugin v26.8 (Yoast SEO v27.4) - https:\/\/yoast.com\/product\/yoast-seo-premium-wordpress\/ -->\n<title>Prince Albert II shows his &#039;Couleurs!&#039; at Grimaldi Forum<\/title>\n<meta name=\"description\" content=\"On Monday, the Sovereign of Monaco launched a multi-sensory exhibition featuring some one hundred works from the Centre Pompidou. Like the chromatic disc\" \/>\n<meta name=\"robots\" content=\"index, follow, max-snippet:-1, max-image-preview:large, max-video-preview:-1\" \/>\n<link rel=\"canonical\" href=\"https:\/\/www.monaco-tribune.com\/en\/2025\/07\/prince-albert-ii-show-his-couleursat-grimaldi-forum\/\" \/>\n<meta property=\"og:locale\" content=\"en_US\" \/>\n<meta property=\"og:type\" content=\"article\" \/>\n<meta property=\"og:title\" content=\"Prince Albert II shows his &#039;Couleurs!&#039; at Grimaldi Forum - Monaco Tribune\" \/>\n<meta property=\"og:description\" content=\"On Monday, the Sovereign of Monaco launched a multi-sensory exhibition featuring some one hundred works from the Centre Pompidou. Like the chromatic disc\" \/>\n<meta property=\"og:url\" content=\"https:\/\/www.monaco-tribune.com\/en\/2025\/07\/prince-albert-ii-show-his-couleursat-grimaldi-forum\/\" \/>\n<meta property=\"og:site_name\" content=\"Monaco Tribune\" \/>\n<meta property=\"article:publisher\" content=\"https:\/\/www.facebook.com\/MonacoTribune\" \/>\n<meta property=\"article:published_time\" content=\"2025-07-08T14:34:00+00:00\" \/>\n<meta property=\"article:modified_time\" content=\"2025-07-08T14:37:09+00:00\" \/>\n<meta property=\"og:image\" content=\"https:\/\/www.monaco-tribune.com\/wp-content\/uploads\/2025\/07\/516812994_1270882854403853_5703568653913975644_n.jpg\" \/>\n\t<meta property=\"og:image:width\" content=\"2048\" \/>\n\t<meta property=\"og:image:height\" content=\"1366\" \/>\n\t<meta property=\"og:image:type\" content=\"image\/jpeg\" \/>\n<meta name=\"author\" content=\"Benjamin Godart\" \/>\n<meta name=\"twitter:card\" content=\"summary_large_image\" \/>\n<meta name=\"twitter:creator\" content=\"@MonacoTribune\" \/>\n<meta name=\"twitter:site\" content=\"@MonacoTribune\" \/>\n<script type=\"application\/ld+json\" class=\"yoast-schema-graph\">{\"@context\":\"https:\\\/\\\/schema.org\",\"@graph\":[{\"@type\":\"NewsArticle\",\"@id\":\"https:\\\/\\\/www.monaco-tribune.com\\\/en\\\/2025\\\/07\\\/prince-albert-ii-show-his-couleursat-grimaldi-forum\\\/#article\",\"isPartOf\":{\"@id\":\"https:\\\/\\\/www.monaco-tribune.com\\\/en\\\/2025\\\/07\\\/prince-albert-ii-show-his-couleursat-grimaldi-forum\\\/\"},\"author\":{\"name\":\"Benjamin Godart\",\"@id\":\"https:\\\/\\\/www.monaco-tribune.com\\\/en\\\/#\\\/schema\\\/person\\\/d201bd3b5aa6a9405a343cb582876e6b\"},\"headline\":\"Prince Albert II shows his &#8216;Couleurs!&#8217; at Grimaldi Forum\",\"datePublished\":\"2025-07-08T14:34:00+00:00\",\"dateModified\":\"2025-07-08T14:37:09+00:00\",\"mainEntityOfPage\":{\"@id\":\"https:\\\/\\\/www.monaco-tribune.com\\\/en\\\/2025\\\/07\\\/prince-albert-ii-show-his-couleursat-grimaldi-forum\\\/\"},\"wordCount\":264,\"publisher\":{\"@id\":\"https:\\\/\\\/www.monaco-tribune.com\\\/en\\\/#organization\"},\"image\":{\"@id\":\"https:\\\/\\\/www.monaco-tribune.com\\\/en\\\/2025\\\/07\\\/prince-albert-ii-show-his-couleursat-grimaldi-forum\\\/#primaryimage\"},\"thumbnailUrl\":\"https:\\\/\\\/www.monaco-tribune.com\\\/wp-content\\\/uploads\\\/2025\\\/07\\\/516812994_1270882854403853_5703568653913975644_n.jpg\",\"keywords\":[\"Prince Albert II\"],\"articleSection\":[\"Editor&#039;s choice\",\"News\",\"What&#039;s on\"],\"inLanguage\":\"en-US\",\"copyrightYear\":\"2025\",\"copyrightHolder\":{\"@id\":\"https:\\\/\\\/www.monaco-tribune.com\\\/#organization\"}},{\"@type\":\"WebPage\",\"@id\":\"https:\\\/\\\/www.monaco-tribune.com\\\/en\\\/2025\\\/07\\\/prince-albert-ii-show-his-couleursat-grimaldi-forum\\\/\",\"url\":\"https:\\\/\\\/www.monaco-tribune.com\\\/en\\\/2025\\\/07\\\/prince-albert-ii-show-his-couleursat-grimaldi-forum\\\/\",\"name\":\"Prince Albert II shows his 'Couleurs!' at Grimaldi Forum\",\"isPartOf\":{\"@id\":\"https:\\\/\\\/www.monaco-tribune.com\\\/en\\\/#website\"},\"primaryImageOfPage\":{\"@id\":\"https:\\\/\\\/www.monaco-tribune.com\\\/en\\\/2025\\\/07\\\/prince-albert-ii-show-his-couleursat-grimaldi-forum\\\/#primaryimage\"},\"image\":{\"@id\":\"https:\\\/\\\/www.monaco-tribune.com\\\/en\\\/2025\\\/07\\\/prince-albert-ii-show-his-couleursat-grimaldi-forum\\\/#primaryimage\"},\"thumbnailUrl\":\"https:\\\/\\\/www.monaco-tribune.com\\\/wp-content\\\/uploads\\\/2025\\\/07\\\/516812994_1270882854403853_5703568653913975644_n.jpg\",\"datePublished\":\"2025-07-08T14:34:00+00:00\",\"dateModified\":\"2025-07-08T14:37:09+00:00\",\"description\":\"On Monday, the Sovereign of Monaco launched a multi-sensory exhibition featuring some one hundred works from the Centre Pompidou. Like the chromatic disc\",\"breadcrumb\":{\"@id\":\"https:\\\/\\\/www.monaco-tribune.com\\\/en\\\/2025\\\/07\\\/prince-albert-ii-show-his-couleursat-grimaldi-forum\\\/#breadcrumb\"},\"inLanguage\":\"en-US\",\"potentialAction\":[{\"@type\":\"ReadAction\",\"target\":[\"https:\\\/\\\/www.monaco-tribune.com\\\/en\\\/2025\\\/07\\\/prince-albert-ii-show-his-couleursat-grimaldi-forum\\\/\"]}]},{\"@type\":\"ImageObject\",\"inLanguage\":\"en-US\",\"@id\":\"https:\\\/\\\/www.monaco-tribune.com\\\/en\\\/2025\\\/07\\\/prince-albert-ii-show-his-couleursat-grimaldi-forum\\\/#primaryimage\",\"url\":\"https:\\\/\\\/www.monaco-tribune.com\\\/wp-content\\\/uploads\\\/2025\\\/07\\\/516812994_1270882854403853_5703568653913975644_n.jpg\",\"contentUrl\":\"https:\\\/\\\/www.monaco-tribune.com\\\/wp-content\\\/uploads\\\/2025\\\/07\\\/516812994_1270882854403853_5703568653913975644_n.jpg\",\"width\":2048,\"height\":1366,\"caption\":\"Prince Albert II chose to embrace colour too for the exhibition's inauguration \u00a9 Fr\u00e9d\u00e9ric N\u00e9binger\"},{\"@type\":\"BreadcrumbList\",\"@id\":\"https:\\\/\\\/www.monaco-tribune.com\\\/en\\\/2025\\\/07\\\/prince-albert-ii-show-his-couleursat-grimaldi-forum\\\/#breadcrumb\",\"itemListElement\":[{\"@type\":\"ListItem\",\"position\":1,\"name\":\"Accueil\",\"item\":\"https:\\\/\\\/www.monaco-tribune.com\\\/en\\\/\"},{\"@type\":\"ListItem\",\"position\":2,\"name\":\"Prince Albert II shows his &#8216;Couleurs!&#8217; at Grimaldi Forum\"}]},{\"@type\":\"WebSite\",\"@id\":\"https:\\\/\\\/www.monaco-tribune.com\\\/en\\\/#website\",\"url\":\"https:\\\/\\\/www.monaco-tribune.com\\\/en\\\/\",\"name\":\"Monaco Tribune\",\"description\":\"Monaco : actualit\u00e9s \u00e9conomiques, politiques, culturelles et sportives de Monaco et de la French Riviera.\",\"publisher\":{\"@id\":\"https:\\\/\\\/www.monaco-tribune.com\\\/en\\\/#organization\"},\"potentialAction\":[{\"@type\":\"SearchAction\",\"target\":{\"@type\":\"EntryPoint\",\"urlTemplate\":\"https:\\\/\\\/www.monaco-tribune.com\\\/en\\\/?s={search_term_string}\"},\"query-input\":{\"@type\":\"PropertyValueSpecification\",\"valueRequired\":true,\"valueName\":\"search_term_string\"}}],\"inLanguage\":\"en-US\"},{\"@type\":\"Organization\",\"@id\":\"https:\\\/\\\/www.monaco-tribune.com\\\/en\\\/#organization\",\"name\":\"Monaco Tribune\",\"url\":\"https:\\\/\\\/www.monaco-tribune.com\\\/en\\\/\",\"logo\":{\"@type\":\"ImageObject\",\"inLanguage\":\"en-US\",\"@id\":\"https:\\\/\\\/www.monaco-tribune.com\\\/en\\\/#\\\/schema\\\/logo\\\/image\\\/\",\"url\":\"https:\\\/\\\/www.monaco-tribune.com\\\/wp-content\\\/uploads\\\/2022\\\/11\\\/logo-monaco-tribune.png\",\"contentUrl\":\"https:\\\/\\\/www.monaco-tribune.com\\\/wp-content\\\/uploads\\\/2022\\\/11\\\/logo-monaco-tribune.png\",\"width\":1548,\"height\":600,\"caption\":\"Monaco Tribune\"},\"image\":{\"@id\":\"https:\\\/\\\/www.monaco-tribune.com\\\/en\\\/#\\\/schema\\\/logo\\\/image\\\/\"},\"sameAs\":[\"https:\\\/\\\/www.facebook.com\\\/MonacoTribune\",\"https:\\\/\\\/x.com\\\/MonacoTribune\",\"https:\\\/\\\/www.instagram.com\\\/monacotribune\\\/\",\"https:\\\/\\\/www.linkedin.com\\\/company\\\/monaco-tribune\",\"https:\\\/\\\/www.youtube.com\\\/channel\\\/UCHle1MnG6hw1y4lWKijVbMA\"]},{\"@type\":\"Person\",\"@id\":\"https:\\\/\\\/www.monaco-tribune.com\\\/en\\\/#\\\/schema\\\/person\\\/d201bd3b5aa6a9405a343cb582876e6b\",\"name\":\"Benjamin Godart\",\"image\":{\"@type\":\"ImageObject\",\"inLanguage\":\"en-US\",\"@id\":\"https:\\\/\\\/secure.gravatar.com\\\/avatar\\\/497d42825162d88d88f4d1527d8d9791abdd62e977b6ae137f2a93f8450f5286?s=96&d=mm&r=g\",\"url\":\"https:\\\/\\\/secure.gravatar.com\\\/avatar\\\/497d42825162d88d88f4d1527d8d9791abdd62e977b6ae137f2a93f8450f5286?s=96&d=mm&r=g\",\"contentUrl\":\"https:\\\/\\\/secure.gravatar.com\\\/avatar\\\/497d42825162d88d88f4d1527d8d9791abdd62e977b6ae137f2a93f8450f5286?s=96&d=mm&r=g\",\"caption\":\"Benjamin Godart\"},\"url\":\"https:\\\/\\\/www.monaco-tribune.com\\\/en\\\/author\\\/benjamingodart\\\/\"}]}<\/script>\n<!-- \/ Yoast SEO Premium plugin. -->","yoast_head_json":{"title":"Prince Albert II shows his 'Couleurs!' at Grimaldi Forum","description":"On Monday, the Sovereign of Monaco launched a multi-sensory exhibition featuring some one hundred works from the Centre Pompidou. Like the chromatic disc","robots":{"index":"index","follow":"follow","max-snippet":"max-snippet:-1","max-image-preview":"max-image-preview:large","max-video-preview":"max-video-preview:-1"},"canonical":"https:\/\/www.monaco-tribune.com\/en\/2025\/07\/prince-albert-ii-show-his-couleursat-grimaldi-forum\/","og_locale":"en_US","og_type":"article","og_title":"Prince Albert II shows his 'Couleurs!' at Grimaldi Forum - Monaco Tribune","og_description":"On Monday, the Sovereign of Monaco launched a multi-sensory exhibition featuring some one hundred works from the Centre Pompidou. Like the chromatic disc","og_url":"https:\/\/www.monaco-tribune.com\/en\/2025\/07\/prince-albert-ii-show-his-couleursat-grimaldi-forum\/","og_site_name":"Monaco Tribune","article_publisher":"https:\/\/www.facebook.com\/MonacoTribune","article_published_time":"2025-07-08T14:34:00+00:00","article_modified_time":"2025-07-08T14:37:09+00:00","og_image":[{"width":2048,"height":1366,"url":"https:\/\/www.monaco-tribune.com\/wp-content\/uploads\/2025\/07\/516812994_1270882854403853_5703568653913975644_n.jpg","type":"image\/jpeg"}],"author":"Benjamin Godart","twitter_card":"summary_large_image","twitter_creator":"@MonacoTribune","twitter_site":"@MonacoTribune","schema":{"@context":"https:\/\/schema.org","@graph":[{"@type":"NewsArticle","@id":"https:\/\/www.monaco-tribune.com\/en\/2025\/07\/prince-albert-ii-show-his-couleursat-grimaldi-forum\/#article","isPartOf":{"@id":"https:\/\/www.monaco-tribune.com\/en\/2025\/07\/prince-albert-ii-show-his-couleursat-grimaldi-forum\/"},"author":{"name":"Benjamin Godart","@id":"https:\/\/www.monaco-tribune.com\/en\/#\/schema\/person\/d201bd3b5aa6a9405a343cb582876e6b"},"headline":"Prince Albert II shows his &#8216;Couleurs!&#8217; at Grimaldi Forum","datePublished":"2025-07-08T14:34:00+00:00","dateModified":"2025-07-08T14:37:09+00:00","mainEntityOfPage":{"@id":"https:\/\/www.monaco-tribune.com\/en\/2025\/07\/prince-albert-ii-show-his-couleursat-grimaldi-forum\/"},"wordCount":264,"publisher":{"@id":"https:\/\/www.monaco-tribune.com\/en\/#organization"},"image":{"@id":"https:\/\/www.monaco-tribune.com\/en\/2025\/07\/prince-albert-ii-show-his-couleursat-grimaldi-forum\/#primaryimage"},"thumbnailUrl":"https:\/\/www.monaco-tribune.com\/wp-content\/uploads\/2025\/07\/516812994_1270882854403853_5703568653913975644_n.jpg","keywords":["Prince Albert II"],"articleSection":["Editor&#039;s choice","News","What&#039;s on"],"inLanguage":"en-US","copyrightYear":"2025","copyrightHolder":{"@id":"https:\/\/www.monaco-tribune.com\/#organization"}},{"@type":"WebPage","@id":"https:\/\/www.monaco-tribune.com\/en\/2025\/07\/prince-albert-ii-show-his-couleursat-grimaldi-forum\/","url":"https:\/\/www.monaco-tribune.com\/en\/2025\/07\/prince-albert-ii-show-his-couleursat-grimaldi-forum\/","name":"Prince Albert II shows his 'Couleurs!' at Grimaldi Forum","isPartOf":{"@id":"https:\/\/www.monaco-tribune.com\/en\/#website"},"primaryImageOfPage":{"@id":"https:\/\/www.monaco-tribune.com\/en\/2025\/07\/prince-albert-ii-show-his-couleursat-grimaldi-forum\/#primaryimage"},"image":{"@id":"https:\/\/www.monaco-tribune.com\/en\/2025\/07\/prince-albert-ii-show-his-couleursat-grimaldi-forum\/#primaryimage"},"thumbnailUrl":"https:\/\/www.monaco-tribune.com\/wp-content\/uploads\/2025\/07\/516812994_1270882854403853_5703568653913975644_n.jpg","datePublished":"2025-07-08T14:34:00+00:00","dateModified":"2025-07-08T14:37:09+00:00","description":"On Monday, the Sovereign of Monaco launched a multi-sensory exhibition featuring some one hundred works from the Centre Pompidou. Like the chromatic disc","breadcrumb":{"@id":"https:\/\/www.monaco-tribune.com\/en\/2025\/07\/prince-albert-ii-show-his-couleursat-grimaldi-forum\/#breadcrumb"},"inLanguage":"en-US","potentialAction":[{"@type":"ReadAction","target":["https:\/\/www.monaco-tribune.com\/en\/2025\/07\/prince-albert-ii-show-his-couleursat-grimaldi-forum\/"]}]},{"@type":"ImageObject","inLanguage":"en-US","@id":"https:\/\/www.monaco-tribune.com\/en\/2025\/07\/prince-albert-ii-show-his-couleursat-grimaldi-forum\/#primaryimage","url":"https:\/\/www.monaco-tribune.com\/wp-content\/uploads\/2025\/07\/516812994_1270882854403853_5703568653913975644_n.jpg","contentUrl":"https:\/\/www.monaco-tribune.com\/wp-content\/uploads\/2025\/07\/516812994_1270882854403853_5703568653913975644_n.jpg","width":2048,"height":1366,"caption":"Prince Albert II chose to embrace colour too for the exhibition's inauguration \u00a9 Fr\u00e9d\u00e9ric N\u00e9binger"},{"@type":"BreadcrumbList","@id":"https:\/\/www.monaco-tribune.com\/en\/2025\/07\/prince-albert-ii-show-his-couleursat-grimaldi-forum\/#breadcrumb","itemListElement":[{"@type":"ListItem","position":1,"name":"Accueil","item":"https:\/\/www.monaco-tribune.com\/en\/"},{"@type":"ListItem","position":2,"name":"Prince Albert II shows his &#8216;Couleurs!&#8217; at Grimaldi Forum"}]},{"@type":"WebSite","@id":"https:\/\/www.monaco-tribune.com\/en\/#website","url":"https:\/\/www.monaco-tribune.com\/en\/","name":"Monaco Tribune","description":"Monaco : actualit\u00e9s \u00e9conomiques, politiques, culturelles et sportives de Monaco et de la French Riviera.","publisher":{"@id":"https:\/\/www.monaco-tribune.com\/en\/#organization"},"potentialAction":[{"@type":"SearchAction","target":{"@type":"EntryPoint","urlTemplate":"https:\/\/www.monaco-tribune.com\/en\/?s={search_term_string}"},"query-input":{"@type":"PropertyValueSpecification","valueRequired":true,"valueName":"search_term_string"}}],"inLanguage":"en-US"},{"@type":"Organization","@id":"https:\/\/www.monaco-tribune.com\/en\/#organization","name":"Monaco Tribune","url":"https:\/\/www.monaco-tribune.com\/en\/","logo":{"@type":"ImageObject","inLanguage":"en-US","@id":"https:\/\/www.monaco-tribune.com\/en\/#\/schema\/logo\/image\/","url":"https:\/\/www.monaco-tribune.com\/wp-content\/uploads\/2022\/11\/logo-monaco-tribune.png","contentUrl":"https:\/\/www.monaco-tribune.com\/wp-content\/uploads\/2022\/11\/logo-monaco-tribune.png","width":1548,"height":600,"caption":"Monaco Tribune"},"image":{"@id":"https:\/\/www.monaco-tribune.com\/en\/#\/schema\/logo\/image\/"},"sameAs":["https:\/\/www.facebook.com\/MonacoTribune","https:\/\/x.com\/MonacoTribune","https:\/\/www.instagram.com\/monacotribune\/","https:\/\/www.linkedin.com\/company\/monaco-tribune","https:\/\/www.youtube.com\/channel\/UCHle1MnG6hw1y4lWKijVbMA"]},{"@type":"Person","@id":"https:\/\/www.monaco-tribune.com\/en\/#\/schema\/person\/d201bd3b5aa6a9405a343cb582876e6b","name":"Benjamin Godart","image":{"@type":"ImageObject","inLanguage":"en-US","@id":"https:\/\/secure.gravatar.com\/avatar\/497d42825162d88d88f4d1527d8d9791abdd62e977b6ae137f2a93f8450f5286?s=96&d=mm&r=g","url":"https:\/\/secure.gravatar.com\/avatar\/497d42825162d88d88f4d1527d8d9791abdd62e977b6ae137f2a93f8450f5286?s=96&d=mm&r=g","contentUrl":"https:\/\/secure.gravatar.com\/avatar\/497d42825162d88d88f4d1527d8d9791abdd62e977b6ae137f2a93f8450f5286?s=96&d=mm&r=g","caption":"Benjamin Godart"},"url":"https:\/\/www.monaco-tribune.com\/en\/author\/benjamingodart\/"}]}},"_links":{"self":[{"href":"https:\/\/www.monaco-tribune.com\/en\/wp-json\/wp\/v2\/posts\/303852","targetHints":{"allow":["GET"]}}],"collection":[{"href":"https:\/\/www.monaco-tribune.com\/en\/wp-json\/wp\/v2\/posts"}],"about":[{"href":"https:\/\/www.monaco-tribune.com\/en\/wp-json\/wp\/v2\/types\/post"}],"author":[{"embeddable":true,"href":"https:\/\/www.monaco-tribune.com\/en\/wp-json\/wp\/v2\/users\/82"}],"replies":[{"embeddable":true,"href":"https:\/\/www.monaco-tribune.com\/en\/wp-json\/wp\/v2\/comments?post=303852"}],"version-history":[{"count":2,"href":"https:\/\/www.monaco-tribune.com\/en\/wp-json\/wp\/v2\/posts\/303852\/revisions"}],"predecessor-version":[{"id":303859,"href":"https:\/\/www.monaco-tribune.com\/en\/wp-json\/wp\/v2\/posts\/303852\/revisions\/303859"}],"wp:featuredmedia":[{"embeddable":true,"href":"https:\/\/www.monaco-tribune.com\/en\/wp-json\/wp\/v2\/media\/303793"}],"wp:attachment":[{"href":"https:\/\/www.monaco-tribune.com\/en\/wp-json\/wp\/v2\/media?parent=303852"}],"wp:term":[{"taxonomy":"category","embeddable":true,"href":"https:\/\/www.monaco-tribune.com\/en\/wp-json\/wp\/v2\/categories?post=303852"},{"taxonomy":"post_tag","embeddable":true,"href":"https:\/\/www.monaco-tribune.com\/en\/wp-json\/wp\/v2\/tags?post=303852"},{"taxonomy":"sectag","embeddable":true,"href":"https:\/\/www.monaco-tribune.com\/en\/wp-json\/wp\/v2\/post_sectags?post=303852"},{"taxonomy":"format","embeddable":true,"href":"https:\/\/www.monaco-tribune.com\/en\/wp-json\/wp\/v2\/post_format?post=303852"}],"curies":[{"name":"wp","href":"https:\/\/api.w.org\/{rel}","templated":true}]}}