{"id":304218,"date":"2025-07-10T18:36:44","date_gmt":"2025-07-10T16:36:44","guid":{"rendered":"https:\/\/www.monaco-tribune.com\/2025\/07\/season-2025-2026-opmc-reveals-kazuki-yamadas-farewell-season\/"},"modified":"2025-07-10T18:41:13","modified_gmt":"2025-07-10T16:41:13","slug":"season-2025-2026-opmc-reveals-kazuki-yamadas-farewell-season","status":"publish","type":"post","link":"https:\/\/www.monaco-tribune.com\/en\/2025\/07\/season-2025-2026-opmc-reveals-kazuki-yamadas-farewell-season\/","title":{"rendered":"Season 2025-2026: OPMC reveals Kazuki Yamada&#8217;s farewell season"},"content":{"rendered":"\n<p><strong>The Orchestre Philharmonique de Monte-Carlo&#8217;s 2025-2026 season will mark the end of a decade under the baton of Kazuki Yamada, with a varied programme and cellist Pablo Ferr\u00e1ndez as artist in residence.<\/strong><\/p>\n\n<p>After ten years as artistic and musical director at the OPMC,\u00a0<a href=\"https:\/\/www.monaco-tribune.com\/en\/2025\/05\/kazuki-yamada-to-leave-monte-carlo-philharmonic-orchestra\/\">Kazuki Yamada is about to turn an important page in his career<\/a>. In his editorial, the Japanese conductor expresses his gratitude for this adventure which has led him to the <em>&#8220;final culmination&#8221;<\/em> of\u00a0his work:<em> &#8220;Today, I feel at home at the OPMC and I am happy to have spent these ten years in the company of all the people who are part of it.&#8221;<\/em>\u00a0<\/p>\n\n<p>For his final season, the OPMC will welcome Pablo Ferr\u00e1ndez as artist in residence. The Spanish cellist, winner of the Tchaikovsky Competition and an exclusive Sony Classical artist, has already performed with the orchestra, in 2024 alongside Anne-Sophie Mutter. Kazuki Yamada says he was\u00a0<em>&#8220;totally captivated by his playing&#8221;<\/em>\u00a0during their first collaboration:\u00a0<em>&#8220;I immediately invited him to become our Artist in Residence the following season. Not only does he have exceptional technique, but his deeply moving interpretations will bring joy and &#8216;vitamins&#8217; to his listeners. Monaco is very fortunate to be able to welcome him for a series of concerts next season.&#8221;<\/em><\/p>\n<div class=\"wp-block-image\">\n<figure class=\"aligncenter size-full\"><img loading=\"lazy\" decoding=\"async\" width=\"1000\" height=\"667\" src=\"https:\/\/www.monaco-tribune.com\/wp-content\/uploads\/2025\/07\/kazuki-yamada-credit-sasha-gusov-opmc-10.jpg\" alt=\"Kazuki-Yamada-credit-Sasha-Gusov-OPMC-10\" class=\"wp-image-304087\" srcset=\"https:\/\/www.monaco-tribune.com\/wp-content\/uploads\/2025\/07\/kazuki-yamada-credit-sasha-gusov-opmc-10.jpg 1000w, https:\/\/www.monaco-tribune.com\/wp-content\/uploads\/2025\/07\/kazuki-yamada-credit-sasha-gusov-opmc-10-450x300.jpg 450w\" sizes=\"auto, (max-width: 1000px) 100vw, 1000px\" \/><figcaption class=\"wp-element-caption\"><em>\u00a9 opmc \/ Sasha Gusov<\/em><\/figcaption><\/figure>\n<\/div>\n<h2 class=\"wp-block-heading\" id=\"h-un-programme-autour-de-quatre-hommages\">A programme with four tributes<\/h2>\n\n<p>The 2025-2026 programme will pay tribute to four major composers. In addition to Shostakovich and Ravel, who were already celebrated last season, the orchestra will be commemorating the 200th anniversary of the death of Carl Maria von Weber and the 150th anniversary of the birth of Manuel de Falla.<\/p>\n\n<p>The season will feature 36 Grande Saison concerts, plus recitals, chamber music concerts and Musical Happy Hours. Among the highlights, the Mozart in Monaco festival is back from 20 to 24 January 2026, with Mozart&#8217;s Requiem conducted by Kazuki Yamada.<\/p>\n\n<p>Kazuki Yamada&#8217;s farewell will conclude with Beethoven&#8217;s Ninth Symphony in June 2026, a work he has chosen to\u00a0<em>&#8220;remind us of the message: we are all brothers and sisters and the world must live in peace.&#8221;<\/em><\/p>\n<div class=\"wp-block-image\">\n<figure class=\"aligncenter size-full is-resized\"><img loading=\"lazy\" decoding=\"async\" width=\"640\" height=\"420\" src=\"https:\/\/www.monaco-tribune.com\/wp-content\/uploads\/2025\/07\/kazuki-yamada-credit-sasha-gusov-opmc-5.jpg\" alt=\"Kazuki-Yamada-credit-Sasha-Gusov-OPMC-5\" class=\"wp-image-304108\" style=\"width:640px;height:auto\" srcset=\"https:\/\/www.monaco-tribune.com\/wp-content\/uploads\/2025\/07\/kazuki-yamada-credit-sasha-gusov-opmc-5.jpg 640w, https:\/\/www.monaco-tribune.com\/wp-content\/uploads\/2025\/07\/kazuki-yamada-credit-sasha-gusov-opmc-5-457x300.jpg 457w\" sizes=\"auto, (max-width: 640px) 100vw, 640px\" \/><figcaption class=\"wp-element-caption\"><em>\u00a9 opmc \/ Sasha Gusov<\/em><\/figcaption><\/figure>\n<\/div>\n<h2 class=\"wp-block-heading\" id=\"h-les-10-premiers-concerts-de-la-saison-2025\">The first 10 concerts of the 2025 season<\/h2>\n\n<ul class=\"wp-block-list\">\n<li><strong>Sunday 21 September &#8211; 6pm<\/strong>\u00a0(Auditorium Rainier III).\u00a0<em>Season opening concert<\/em>\u00a0&#8211; Conductor: Kazuki Yamada \/ Cello: Pablo Ferr\u00e1ndez. Programme: Saint-Sa\u00ebns (Pha\u00e9ton, Symphony No. 1) \/ Strauss (Don Quixote)<\/li>\n\n\n\n<li><strong>Sunday 28 September &#8211; 6pm <\/strong>(Auditorium Rainier III). Conductor: Mikhail Pletnev \/ Piano: Dmitry Shishkin. Programme: Haydn (Symphony No. 49 &#8220;La Passione&#8221;) \/ Shchedrin (Piano Concerto No. 6) \/ Shostakovich (Symphony No. 14)<\/li>\n\n\n\n<li><strong>Friday 3 October &#8211; 7.30 pm<\/strong>\u00a0(Salle Garnier).\u00a0<em>Piano recital<\/em>\u00a0&#8211; Vsevolod Zavidov. Programme: Haydn, Schubert (4 Impromptus op.90), Ravel (Gaspard de la nuit), Stravinsky (Petrouchka)<\/li>\n\n\n\n<li><strong>Sunday 5 October &#8211; 6pm<\/strong>\u00a0(Auditorium Rainier III). Conductor: Alondra de la Parra \/ Mezzo-soprano: Ga\u00eblle Arquez. Programme: Ravel (Rhapsodie espagnole, Sch\u00e9h\u00e9razade, Alborada del gracioso, Daphnis et Chlo\u00e9 Suite n\u00b02) \/ De Falla (El Amor Brujo, Seven Spanish folk songs)<\/li>\n\n\n\n<li><strong>Wednesday 8 October &#8211; 7.30 pm<\/strong>\u00a0(Auditorium Rainier III).\u00a0<em>Recital<\/em>\u00a0&#8211; Matthias Goerne (baritone) &amp; Maria Jo\u00e3o Pires (piano). Program: Schubert (Schwanengesang, 4 Impromptus D.935)<\/li>\n\n\n\n<li><strong>Sunday 12 October &#8211; 6pm<\/strong>\u00a0(Auditorium Rainier III). Conductor: Stanislav Kochanovsky \/ Piano: Simon Trp\u010deski. Programme: Shostakovich (October op.13, Symphony No. 12 The Year 1917) \/ Tchaikovsky (Piano Concerto No. 1)<\/li>\n\n\n\n<li><strong>Tuesday 14 October &#8211; 7.30 pm<\/strong>\u00a0(Auditorium Rainier III).\u00a0<em>Chamber music<\/em>\u00a0&#8211; Julie Nemer &amp; OPMC soloists. Programme: Britten (Lacrimae, A ceremony of Carols), interlude for harp) \/ De Falla (Psych\u00e9, Seven Spanish folk songs) \/ Berio (Folksongs)<\/li>\n\n\n\n<li><strong>Sunday 19 October &#8211; 6pm<\/strong>\u00a0(Grimaldi Forum).\u00a0<em>Special Friends of the Orchestra concert<\/em>\u00a0&#8211; Conductor: Zubin Mehta. Programme: Stravinsky (The Rite of Spring) \/ Tchaikovsky (Symphony No. 4)<\/li>\n\n\n\n<li><strong>Tuesday 28 October &#8211; 6.30 pm<\/strong>\u00a0(Auditorium Rainier III).\u00a0<em>Musical Happy Hour<\/em>. Programme: Boccherini (String quintet in C major) \/ Schubert (String quintet in C major)<\/li>\n\n\n\n<li><strong>Tuesday 4 November &#8211; 6.30 pm<\/strong>\u00a0(Auditorium Rainier III)\u00a0<em>Musical Happy Hour<\/em>. Programme: Penderecki (Quartet for clarinet and string trio) \/ Suk (Meditation) \/ Dvo\u0159\u00e1k (American String Quintet)<\/li>\n<\/ul>\n\n<p><span style=\"color: black;\">The full listing for the 2025-2026 season is on\u00a0<\/span><a href=\"https:\/\/opmc.mc\/saison-25-26\/\"><span style=\"color: blue; text-decoration: none; text-underline: none;\">the opmc website<\/span><\/a><span style=\"color: black;\">.<\/span><\/p>\n\n<p class=\"related\"><a href=\"https:\/\/www.monaco-tribune.com\/en\/2025\/03\/monacos-musical-highlight-2025-summer-concert-line-up-at-princes-palace-unveiled\/\">Monaco\u2019s musical highlight: 2025 summer concert line-up at Prince\u2019s Palace unveiled<\/a><\/p>\n\n<h2 class=\"wp-block-heading\" id=\"h-billetterie-et-informations-pratiques\">Tickets and practical information<\/h2>\n\n<p><span style=\"color: black;\">Ticket sales open on Tuesday 15 July at 10am, online at <\/span><a href=\"https:\/\/www.montecarloticket.com\/0526\/fListeManifs.aspx?idstructure=0526\"><span style=\"color: blue; text-decoration: none; text-underline: none;\">montecarloticket.com<\/span><\/a><span style=\"color: black;\">\u00a0and at the Casino Atrium box office (Place du Casino de Monte-Carlo), open Tuesday to Saturday from 10am to 5.30 pm. Please note that the ticket office will be closed from 8 August to 1 September inclusive for the summer period.<\/span><\/p>\n\n<ul class=\"wp-block-list\">\n<li>Telephone : +377 92 00 13 70. <\/li>\n\n\n\n<li>Email: <a href=\"mailto:atrium@opmc.mc\">atrium@opmc.mc<\/a><\/li>\n<\/ul>\n\n<p><\/p>\n\n<p><\/p>\n","protected":false},"excerpt":{"rendered":"<p>The Orchestre Philharmonique de Monte-Carlo&#8217;s 2025-2026 season will mark the end of a decade under the baton of Kazuki Yamada, [&hellip;]<\/p>\n","protected":false},"author":80,"featured_media":304092,"comment_status":"closed","ping_status":"closed","sticky":false,"template":"","format":"standard","meta":{"_acf_changed":false,"footnotes":""},"categories":[243,251],"tags":[5124],"post_sectags":[5608],"post_format":[2465],"class_list":["post-304218","post","type-post","status-publish","format-standard","has-post-thumbnail","hentry","category-news","category-whats-on","tag-opmc-en","sectag-programme-en","format-in-brief"],"acf":[],"yoast_head":"<!-- This site is optimized with the Yoast SEO Premium plugin v26.8 (Yoast SEO v27.4) - https:\/\/yoast.com\/product\/yoast-seo-premium-wordpress\/ -->\n<title>Season 2025-2026: OPMC reveals Kazuki Yamada&#039;s farewell season<\/title>\n<meta name=\"description\" content=\"The Orchestre Philharmonique de Monte-Carlo&#039;s 2025-2026 season will mark the end of a decade under the baton of Kazuki Yamada, with a varied programme and\" \/>\n<meta name=\"robots\" content=\"index, follow, max-snippet:-1, max-image-preview:large, max-video-preview:-1\" \/>\n<link rel=\"canonical\" href=\"https:\/\/www.monaco-tribune.com\/en\/2025\/07\/season-2025-2026-opmc-reveals-kazuki-yamadas-farewell-season\/\" \/>\n<meta property=\"og:locale\" content=\"en_US\" \/>\n<meta property=\"og:type\" content=\"article\" \/>\n<meta property=\"og:title\" content=\"Season 2025-2026: OPMC reveals Kazuki Yamada&#039;s farewell season - Monaco Tribune\" \/>\n<meta property=\"og:description\" content=\"The Orchestre Philharmonique de Monte-Carlo&#039;s 2025-2026 season will mark the end of a decade under the baton of Kazuki Yamada, with a varied programme and\" \/>\n<meta property=\"og:url\" content=\"https:\/\/www.monaco-tribune.com\/en\/2025\/07\/season-2025-2026-opmc-reveals-kazuki-yamadas-farewell-season\/\" \/>\n<meta property=\"og:site_name\" content=\"Monaco Tribune\" \/>\n<meta property=\"article:publisher\" content=\"https:\/\/www.facebook.com\/MonacoTribune\" \/>\n<meta property=\"article:published_time\" content=\"2025-07-10T16:36:44+00:00\" \/>\n<meta property=\"article:modified_time\" content=\"2025-07-10T16:41:13+00:00\" \/>\n<meta property=\"og:image\" content=\"https:\/\/www.monaco-tribune.com\/wp-content\/uploads\/2025\/07\/\u00a9-opmc-.jpg\" \/>\n\t<meta property=\"og:image:width\" content=\"800\" \/>\n\t<meta property=\"og:image:height\" content=\"296\" \/>\n\t<meta property=\"og:image:type\" content=\"image\/jpeg\" \/>\n<meta name=\"author\" content=\"Estelle Imbert\" \/>\n<meta name=\"twitter:card\" content=\"summary_large_image\" \/>\n<meta name=\"twitter:creator\" content=\"@MonacoTribune\" \/>\n<meta name=\"twitter:site\" content=\"@MonacoTribune\" \/>\n<script type=\"application\/ld+json\" class=\"yoast-schema-graph\">{\"@context\":\"https:\\\/\\\/schema.org\",\"@graph\":[{\"@type\":\"NewsArticle\",\"@id\":\"https:\\\/\\\/www.monaco-tribune.com\\\/en\\\/2025\\\/07\\\/season-2025-2026-opmc-reveals-kazuki-yamadas-farewell-season\\\/#article\",\"isPartOf\":{\"@id\":\"https:\\\/\\\/www.monaco-tribune.com\\\/en\\\/2025\\\/07\\\/season-2025-2026-opmc-reveals-kazuki-yamadas-farewell-season\\\/\"},\"author\":{\"name\":\"Estelle Imbert\",\"@id\":\"https:\\\/\\\/www.monaco-tribune.com\\\/en\\\/#\\\/schema\\\/person\\\/55ce91a070ff78e15ec1817376669bf4\"},\"headline\":\"Season 2025-2026: OPMC reveals Kazuki Yamada&#8217;s farewell season\",\"datePublished\":\"2025-07-10T16:36:44+00:00\",\"dateModified\":\"2025-07-10T16:41:13+00:00\",\"mainEntityOfPage\":{\"@id\":\"https:\\\/\\\/www.monaco-tribune.com\\\/en\\\/2025\\\/07\\\/season-2025-2026-opmc-reveals-kazuki-yamadas-farewell-season\\\/\"},\"wordCount\":718,\"publisher\":{\"@id\":\"https:\\\/\\\/www.monaco-tribune.com\\\/en\\\/#organization\"},\"image\":{\"@id\":\"https:\\\/\\\/www.monaco-tribune.com\\\/en\\\/2025\\\/07\\\/season-2025-2026-opmc-reveals-kazuki-yamadas-farewell-season\\\/#primaryimage\"},\"thumbnailUrl\":\"https:\\\/\\\/www.monaco-tribune.com\\\/wp-content\\\/uploads\\\/2025\\\/07\\\/\u00a9-opmc-.jpg\",\"keywords\":[\"OPMC\"],\"articleSection\":[\"News\",\"What&#039;s on\"],\"inLanguage\":\"en-US\",\"copyrightYear\":\"2025\",\"copyrightHolder\":{\"@id\":\"https:\\\/\\\/www.monaco-tribune.com\\\/#organization\"}},{\"@type\":\"WebPage\",\"@id\":\"https:\\\/\\\/www.monaco-tribune.com\\\/en\\\/2025\\\/07\\\/season-2025-2026-opmc-reveals-kazuki-yamadas-farewell-season\\\/\",\"url\":\"https:\\\/\\\/www.monaco-tribune.com\\\/en\\\/2025\\\/07\\\/season-2025-2026-opmc-reveals-kazuki-yamadas-farewell-season\\\/\",\"name\":\"Season 2025-2026: OPMC reveals Kazuki Yamada's farewell season\",\"isPartOf\":{\"@id\":\"https:\\\/\\\/www.monaco-tribune.com\\\/en\\\/#website\"},\"primaryImageOfPage\":{\"@id\":\"https:\\\/\\\/www.monaco-tribune.com\\\/en\\\/2025\\\/07\\\/season-2025-2026-opmc-reveals-kazuki-yamadas-farewell-season\\\/#primaryimage\"},\"image\":{\"@id\":\"https:\\\/\\\/www.monaco-tribune.com\\\/en\\\/2025\\\/07\\\/season-2025-2026-opmc-reveals-kazuki-yamadas-farewell-season\\\/#primaryimage\"},\"thumbnailUrl\":\"https:\\\/\\\/www.monaco-tribune.com\\\/wp-content\\\/uploads\\\/2025\\\/07\\\/\u00a9-opmc-.jpg\",\"datePublished\":\"2025-07-10T16:36:44+00:00\",\"dateModified\":\"2025-07-10T16:41:13+00:00\",\"description\":\"The Orchestre Philharmonique de Monte-Carlo's 2025-2026 season will mark the end of a decade under the baton of Kazuki Yamada, with a varied programme and\",\"breadcrumb\":{\"@id\":\"https:\\\/\\\/www.monaco-tribune.com\\\/en\\\/2025\\\/07\\\/season-2025-2026-opmc-reveals-kazuki-yamadas-farewell-season\\\/#breadcrumb\"},\"inLanguage\":\"en-US\",\"potentialAction\":[{\"@type\":\"ReadAction\",\"target\":[\"https:\\\/\\\/www.monaco-tribune.com\\\/en\\\/2025\\\/07\\\/season-2025-2026-opmc-reveals-kazuki-yamadas-farewell-season\\\/\"]}]},{\"@type\":\"ImageObject\",\"inLanguage\":\"en-US\",\"@id\":\"https:\\\/\\\/www.monaco-tribune.com\\\/en\\\/2025\\\/07\\\/season-2025-2026-opmc-reveals-kazuki-yamadas-farewell-season\\\/#primaryimage\",\"url\":\"https:\\\/\\\/www.monaco-tribune.com\\\/wp-content\\\/uploads\\\/2025\\\/07\\\/\u00a9-opmc-.jpg\",\"contentUrl\":\"https:\\\/\\\/www.monaco-tribune.com\\\/wp-content\\\/uploads\\\/2025\\\/07\\\/\u00a9-opmc-.jpg\",\"width\":800,\"height\":296,\"caption\":\"The OPMC will welcome Pablo Ferr\u00e1ndez as artist in residence \u00a9 opmc\"},{\"@type\":\"BreadcrumbList\",\"@id\":\"https:\\\/\\\/www.monaco-tribune.com\\\/en\\\/2025\\\/07\\\/season-2025-2026-opmc-reveals-kazuki-yamadas-farewell-season\\\/#breadcrumb\",\"itemListElement\":[{\"@type\":\"ListItem\",\"position\":1,\"name\":\"Accueil\",\"item\":\"https:\\\/\\\/www.monaco-tribune.com\\\/en\\\/\"},{\"@type\":\"ListItem\",\"position\":2,\"name\":\"Season 2025-2026: OPMC reveals Kazuki Yamada&#8217;s farewell season\"}]},{\"@type\":\"WebSite\",\"@id\":\"https:\\\/\\\/www.monaco-tribune.com\\\/en\\\/#website\",\"url\":\"https:\\\/\\\/www.monaco-tribune.com\\\/en\\\/\",\"name\":\"Monaco Tribune\",\"description\":\"Monaco : actualit\u00e9s \u00e9conomiques, politiques, culturelles et sportives de Monaco et de la French Riviera.\",\"publisher\":{\"@id\":\"https:\\\/\\\/www.monaco-tribune.com\\\/en\\\/#organization\"},\"potentialAction\":[{\"@type\":\"SearchAction\",\"target\":{\"@type\":\"EntryPoint\",\"urlTemplate\":\"https:\\\/\\\/www.monaco-tribune.com\\\/en\\\/?s={search_term_string}\"},\"query-input\":{\"@type\":\"PropertyValueSpecification\",\"valueRequired\":true,\"valueName\":\"search_term_string\"}}],\"inLanguage\":\"en-US\"},{\"@type\":\"Organization\",\"@id\":\"https:\\\/\\\/www.monaco-tribune.com\\\/en\\\/#organization\",\"name\":\"Monaco Tribune\",\"url\":\"https:\\\/\\\/www.monaco-tribune.com\\\/en\\\/\",\"logo\":{\"@type\":\"ImageObject\",\"inLanguage\":\"en-US\",\"@id\":\"https:\\\/\\\/www.monaco-tribune.com\\\/en\\\/#\\\/schema\\\/logo\\\/image\\\/\",\"url\":\"https:\\\/\\\/www.monaco-tribune.com\\\/wp-content\\\/uploads\\\/2022\\\/11\\\/logo-monaco-tribune.png\",\"contentUrl\":\"https:\\\/\\\/www.monaco-tribune.com\\\/wp-content\\\/uploads\\\/2022\\\/11\\\/logo-monaco-tribune.png\",\"width\":1548,\"height\":600,\"caption\":\"Monaco Tribune\"},\"image\":{\"@id\":\"https:\\\/\\\/www.monaco-tribune.com\\\/en\\\/#\\\/schema\\\/logo\\\/image\\\/\"},\"sameAs\":[\"https:\\\/\\\/www.facebook.com\\\/MonacoTribune\",\"https:\\\/\\\/x.com\\\/MonacoTribune\",\"https:\\\/\\\/www.instagram.com\\\/monacotribune\\\/\",\"https:\\\/\\\/www.linkedin.com\\\/company\\\/monaco-tribune\",\"https:\\\/\\\/www.youtube.com\\\/channel\\\/UCHle1MnG6hw1y4lWKijVbMA\"]},{\"@type\":\"Person\",\"@id\":\"https:\\\/\\\/www.monaco-tribune.com\\\/en\\\/#\\\/schema\\\/person\\\/55ce91a070ff78e15ec1817376669bf4\",\"name\":\"Estelle Imbert\",\"image\":{\"@type\":\"ImageObject\",\"inLanguage\":\"en-US\",\"@id\":\"https:\\\/\\\/secure.gravatar.com\\\/avatar\\\/d2e1a3840b1138a669d04f6292bbd810f7f730844d7a28a8e8c4c6da40e79852?s=96&d=mm&r=g\",\"url\":\"https:\\\/\\\/secure.gravatar.com\\\/avatar\\\/d2e1a3840b1138a669d04f6292bbd810f7f730844d7a28a8e8c4c6da40e79852?s=96&d=mm&r=g\",\"contentUrl\":\"https:\\\/\\\/secure.gravatar.com\\\/avatar\\\/d2e1a3840b1138a669d04f6292bbd810f7f730844d7a28a8e8c4c6da40e79852?s=96&d=mm&r=g\",\"caption\":\"Estelle Imbert\"},\"url\":\"https:\\\/\\\/www.monaco-tribune.com\\\/en\\\/author\\\/estelleimbert\\\/\"}]}<\/script>\n<!-- \/ Yoast SEO Premium plugin. -->","yoast_head_json":{"title":"Season 2025-2026: OPMC reveals Kazuki Yamada's farewell season","description":"The Orchestre Philharmonique de Monte-Carlo's 2025-2026 season will mark the end of a decade under the baton of Kazuki Yamada, with a varied programme and","robots":{"index":"index","follow":"follow","max-snippet":"max-snippet:-1","max-image-preview":"max-image-preview:large","max-video-preview":"max-video-preview:-1"},"canonical":"https:\/\/www.monaco-tribune.com\/en\/2025\/07\/season-2025-2026-opmc-reveals-kazuki-yamadas-farewell-season\/","og_locale":"en_US","og_type":"article","og_title":"Season 2025-2026: OPMC reveals Kazuki Yamada's farewell season - Monaco Tribune","og_description":"The Orchestre Philharmonique de Monte-Carlo's 2025-2026 season will mark the end of a decade under the baton of Kazuki Yamada, with a varied programme and","og_url":"https:\/\/www.monaco-tribune.com\/en\/2025\/07\/season-2025-2026-opmc-reveals-kazuki-yamadas-farewell-season\/","og_site_name":"Monaco Tribune","article_publisher":"https:\/\/www.facebook.com\/MonacoTribune","article_published_time":"2025-07-10T16:36:44+00:00","article_modified_time":"2025-07-10T16:41:13+00:00","og_image":[{"width":800,"height":296,"url":"https:\/\/www.monaco-tribune.com\/wp-content\/uploads\/2025\/07\/\u00a9-opmc-.jpg","type":"image\/jpeg"}],"author":"Estelle Imbert","twitter_card":"summary_large_image","twitter_creator":"@MonacoTribune","twitter_site":"@MonacoTribune","schema":{"@context":"https:\/\/schema.org","@graph":[{"@type":"NewsArticle","@id":"https:\/\/www.monaco-tribune.com\/en\/2025\/07\/season-2025-2026-opmc-reveals-kazuki-yamadas-farewell-season\/#article","isPartOf":{"@id":"https:\/\/www.monaco-tribune.com\/en\/2025\/07\/season-2025-2026-opmc-reveals-kazuki-yamadas-farewell-season\/"},"author":{"name":"Estelle Imbert","@id":"https:\/\/www.monaco-tribune.com\/en\/#\/schema\/person\/55ce91a070ff78e15ec1817376669bf4"},"headline":"Season 2025-2026: OPMC reveals Kazuki Yamada&#8217;s farewell season","datePublished":"2025-07-10T16:36:44+00:00","dateModified":"2025-07-10T16:41:13+00:00","mainEntityOfPage":{"@id":"https:\/\/www.monaco-tribune.com\/en\/2025\/07\/season-2025-2026-opmc-reveals-kazuki-yamadas-farewell-season\/"},"wordCount":718,"publisher":{"@id":"https:\/\/www.monaco-tribune.com\/en\/#organization"},"image":{"@id":"https:\/\/www.monaco-tribune.com\/en\/2025\/07\/season-2025-2026-opmc-reveals-kazuki-yamadas-farewell-season\/#primaryimage"},"thumbnailUrl":"https:\/\/www.monaco-tribune.com\/wp-content\/uploads\/2025\/07\/\u00a9-opmc-.jpg","keywords":["OPMC"],"articleSection":["News","What&#039;s on"],"inLanguage":"en-US","copyrightYear":"2025","copyrightHolder":{"@id":"https:\/\/www.monaco-tribune.com\/#organization"}},{"@type":"WebPage","@id":"https:\/\/www.monaco-tribune.com\/en\/2025\/07\/season-2025-2026-opmc-reveals-kazuki-yamadas-farewell-season\/","url":"https:\/\/www.monaco-tribune.com\/en\/2025\/07\/season-2025-2026-opmc-reveals-kazuki-yamadas-farewell-season\/","name":"Season 2025-2026: OPMC reveals Kazuki Yamada's farewell season","isPartOf":{"@id":"https:\/\/www.monaco-tribune.com\/en\/#website"},"primaryImageOfPage":{"@id":"https:\/\/www.monaco-tribune.com\/en\/2025\/07\/season-2025-2026-opmc-reveals-kazuki-yamadas-farewell-season\/#primaryimage"},"image":{"@id":"https:\/\/www.monaco-tribune.com\/en\/2025\/07\/season-2025-2026-opmc-reveals-kazuki-yamadas-farewell-season\/#primaryimage"},"thumbnailUrl":"https:\/\/www.monaco-tribune.com\/wp-content\/uploads\/2025\/07\/\u00a9-opmc-.jpg","datePublished":"2025-07-10T16:36:44+00:00","dateModified":"2025-07-10T16:41:13+00:00","description":"The Orchestre Philharmonique de Monte-Carlo's 2025-2026 season will mark the end of a decade under the baton of Kazuki Yamada, with a varied programme and","breadcrumb":{"@id":"https:\/\/www.monaco-tribune.com\/en\/2025\/07\/season-2025-2026-opmc-reveals-kazuki-yamadas-farewell-season\/#breadcrumb"},"inLanguage":"en-US","potentialAction":[{"@type":"ReadAction","target":["https:\/\/www.monaco-tribune.com\/en\/2025\/07\/season-2025-2026-opmc-reveals-kazuki-yamadas-farewell-season\/"]}]},{"@type":"ImageObject","inLanguage":"en-US","@id":"https:\/\/www.monaco-tribune.com\/en\/2025\/07\/season-2025-2026-opmc-reveals-kazuki-yamadas-farewell-season\/#primaryimage","url":"https:\/\/www.monaco-tribune.com\/wp-content\/uploads\/2025\/07\/\u00a9-opmc-.jpg","contentUrl":"https:\/\/www.monaco-tribune.com\/wp-content\/uploads\/2025\/07\/\u00a9-opmc-.jpg","width":800,"height":296,"caption":"The OPMC will welcome Pablo Ferr\u00e1ndez as artist in residence \u00a9 opmc"},{"@type":"BreadcrumbList","@id":"https:\/\/www.monaco-tribune.com\/en\/2025\/07\/season-2025-2026-opmc-reveals-kazuki-yamadas-farewell-season\/#breadcrumb","itemListElement":[{"@type":"ListItem","position":1,"name":"Accueil","item":"https:\/\/www.monaco-tribune.com\/en\/"},{"@type":"ListItem","position":2,"name":"Season 2025-2026: OPMC reveals Kazuki Yamada&#8217;s farewell season"}]},{"@type":"WebSite","@id":"https:\/\/www.monaco-tribune.com\/en\/#website","url":"https:\/\/www.monaco-tribune.com\/en\/","name":"Monaco Tribune","description":"Monaco : actualit\u00e9s \u00e9conomiques, politiques, culturelles et sportives de Monaco et de la French Riviera.","publisher":{"@id":"https:\/\/www.monaco-tribune.com\/en\/#organization"},"potentialAction":[{"@type":"SearchAction","target":{"@type":"EntryPoint","urlTemplate":"https:\/\/www.monaco-tribune.com\/en\/?s={search_term_string}"},"query-input":{"@type":"PropertyValueSpecification","valueRequired":true,"valueName":"search_term_string"}}],"inLanguage":"en-US"},{"@type":"Organization","@id":"https:\/\/www.monaco-tribune.com\/en\/#organization","name":"Monaco Tribune","url":"https:\/\/www.monaco-tribune.com\/en\/","logo":{"@type":"ImageObject","inLanguage":"en-US","@id":"https:\/\/www.monaco-tribune.com\/en\/#\/schema\/logo\/image\/","url":"https:\/\/www.monaco-tribune.com\/wp-content\/uploads\/2022\/11\/logo-monaco-tribune.png","contentUrl":"https:\/\/www.monaco-tribune.com\/wp-content\/uploads\/2022\/11\/logo-monaco-tribune.png","width":1548,"height":600,"caption":"Monaco Tribune"},"image":{"@id":"https:\/\/www.monaco-tribune.com\/en\/#\/schema\/logo\/image\/"},"sameAs":["https:\/\/www.facebook.com\/MonacoTribune","https:\/\/x.com\/MonacoTribune","https:\/\/www.instagram.com\/monacotribune\/","https:\/\/www.linkedin.com\/company\/monaco-tribune","https:\/\/www.youtube.com\/channel\/UCHle1MnG6hw1y4lWKijVbMA"]},{"@type":"Person","@id":"https:\/\/www.monaco-tribune.com\/en\/#\/schema\/person\/55ce91a070ff78e15ec1817376669bf4","name":"Estelle Imbert","image":{"@type":"ImageObject","inLanguage":"en-US","@id":"https:\/\/secure.gravatar.com\/avatar\/d2e1a3840b1138a669d04f6292bbd810f7f730844d7a28a8e8c4c6da40e79852?s=96&d=mm&r=g","url":"https:\/\/secure.gravatar.com\/avatar\/d2e1a3840b1138a669d04f6292bbd810f7f730844d7a28a8e8c4c6da40e79852?s=96&d=mm&r=g","contentUrl":"https:\/\/secure.gravatar.com\/avatar\/d2e1a3840b1138a669d04f6292bbd810f7f730844d7a28a8e8c4c6da40e79852?s=96&d=mm&r=g","caption":"Estelle Imbert"},"url":"https:\/\/www.monaco-tribune.com\/en\/author\/estelleimbert\/"}]}},"_links":{"self":[{"href":"https:\/\/www.monaco-tribune.com\/en\/wp-json\/wp\/v2\/posts\/304218","targetHints":{"allow":["GET"]}}],"collection":[{"href":"https:\/\/www.monaco-tribune.com\/en\/wp-json\/wp\/v2\/posts"}],"about":[{"href":"https:\/\/www.monaco-tribune.com\/en\/wp-json\/wp\/v2\/types\/post"}],"author":[{"embeddable":true,"href":"https:\/\/www.monaco-tribune.com\/en\/wp-json\/wp\/v2\/users\/80"}],"replies":[{"embeddable":true,"href":"https:\/\/www.monaco-tribune.com\/en\/wp-json\/wp\/v2\/comments?post=304218"}],"version-history":[{"count":2,"href":"https:\/\/www.monaco-tribune.com\/en\/wp-json\/wp\/v2\/posts\/304218\/revisions"}],"predecessor-version":[{"id":304229,"href":"https:\/\/www.monaco-tribune.com\/en\/wp-json\/wp\/v2\/posts\/304218\/revisions\/304229"}],"wp:featuredmedia":[{"embeddable":true,"href":"https:\/\/www.monaco-tribune.com\/en\/wp-json\/wp\/v2\/media\/304092"}],"wp:attachment":[{"href":"https:\/\/www.monaco-tribune.com\/en\/wp-json\/wp\/v2\/media?parent=304218"}],"wp:term":[{"taxonomy":"category","embeddable":true,"href":"https:\/\/www.monaco-tribune.com\/en\/wp-json\/wp\/v2\/categories?post=304218"},{"taxonomy":"post_tag","embeddable":true,"href":"https:\/\/www.monaco-tribune.com\/en\/wp-json\/wp\/v2\/tags?post=304218"},{"taxonomy":"sectag","embeddable":true,"href":"https:\/\/www.monaco-tribune.com\/en\/wp-json\/wp\/v2\/post_sectags?post=304218"},{"taxonomy":"format","embeddable":true,"href":"https:\/\/www.monaco-tribune.com\/en\/wp-json\/wp\/v2\/post_format?post=304218"}],"curies":[{"name":"wp","href":"https:\/\/api.w.org\/{rel}","templated":true}]}}