{"id":311036,"date":"2025-08-25T16:37:51","date_gmt":"2025-08-25T14:37:51","guid":{"rendered":"https:\/\/www.monaco-tribune.com\/2025\/08\/bacon-cocteau-botero-who-are-the-artists-who-have-lived-in-monaco\/"},"modified":"2025-08-25T16:43:34","modified_gmt":"2025-08-25T14:43:34","slug":"bacon-cocteau-botero-who-are-the-artists-who-have-lived-in-monaco","status":"publish","type":"post","link":"https:\/\/www.monaco-tribune.com\/en\/2025\/08\/bacon-cocteau-botero-who-are-the-artists-who-have-lived-in-monaco\/","title":{"rendered":"Bacon, Cocteau, Botero&#8230; Who are the artists who have lived in Monaco?"},"content":{"rendered":"\n<p><strong>Monaco has been home to renowned artists for decades. The Principality offers an environment that is conducive to creative activity, with its world-class cultural institutions and a lifestyle that attracts people looking for tranquillity.<\/strong><\/p>\n\n<p>This reputation has been forged over time. Monaco&#8217;s ambitious cultural policy began in the 19th century. The Monte-Carlo Opera hosted Diaghilev&#8217;s Ballets Russes from 1909. This revolutionary company transformed the Principality, with Nijinsky creating <em>&#8220;L&#8217;apr\u00e8s-midi d&#8217;un faune&#8221; <\/em>and <em>&#8220;Le sacre du Printemps.&#8221;<\/em>\u00a0 His sister Nijinska staged Ravel&#8217;s <em>Bolero<\/em>\u00a0in 1928. George Balanchine collaborated with Stravinsky on several creations. There was a succession of artistic collaborations. For\u00a0<em>&#8220;Le Train bleu,&#8221; <\/em>performed in 1924, Nijinska worked with Jean Cocteau, Coco Chanel and Pablo Picasso, who created a stage curtain. These creative encounters made Monaco a unique artistic hub in Europe that soon began to attract artists.<\/p>\n<div class=\"wp-block-image\">\n<figure class=\"aligncenter size-full\"><img loading=\"lazy\" decoding=\"async\" width=\"1020\" height=\"674\" src=\"https:\/\/www.monaco-tribune.com\/wp-content\/uploads\/2023\/06\/monet-vue-roquebrune.jpg\" alt=\"Claude Monet, Monte Carlo seen from Roquebrune, 1884 - &#xA9; 2022 Museum of Fine Arts, Boston\" class=\"wp-image-181738\" srcset=\"https:\/\/www.monaco-tribune.com\/wp-content\/uploads\/2023\/06\/monet-vue-roquebrune.jpg 1020w, https:\/\/www.monaco-tribune.com\/wp-content\/uploads\/2023\/06\/monet-vue-roquebrune-454x300.jpg 454w\" sizes=\"auto, (max-width: 1020px) 100vw, 1020px\" \/><figcaption class=\"wp-element-caption\"><em>Claude Monet, Monte Carlo seen from Roquebrune, 1884 &#8211; \u00a9 2022 Museum of Fine Arts, Boston<\/em><\/figcaption><\/figure>\n<\/div>\n<p>Claude Monet painted several views of the Monegasque bay, fascinated by the special quality of the light. Francis Bacon moved into the H\u00f4tel de R\u00e9 and then the Balmoral between 1946 and 1950. The sea air soothed his chronic asthma. It was here that he created his first\u00a0<em>&#8220;Pope&#8221;,<\/em>\u00a0inspired by Diego Vel\u00e1squez&#8217; portrait of Pope Innocent X. He also began the exploration of the human form that was to mark his work.<\/p>\n\n<p class=\"related\"><a href=\"https:\/\/www.monaco-tribune.com\/en\/2025\/06\/coco-chanels-roaring-twenties-villa-paloma-houses-creations-by-20th-centurys-greatest-designer\/\">Coco Chanel&#8217;s &#8220;Roaring Twenties&#8221;: Villa Paloma houses creations by 20th century&#8217;s greatest designer<\/a><\/p>\n\n<h2 class=\"wp-block-heading\" id=\"h-les-figures-emblematiques-du-xxe-siecle\">Emblematic figures of the 20th century<\/h2>\n<div class=\"wp-block-image\">\n<figure class=\"aligncenter size-full is-resized\"><img loading=\"lazy\" decoding=\"async\" width=\"584\" height=\"438\" src=\"https:\/\/www.monaco-tribune.com\/wp-content\/uploads\/2021\/08\/josephine-baker-pantheon.jpg\" alt=\"josephine-baker-pantheon\" class=\"wp-image-90942\" style=\"width:584px;height:auto\" srcset=\"https:\/\/www.monaco-tribune.com\/wp-content\/uploads\/2021\/08\/josephine-baker-pantheon.jpg 584w, https:\/\/www.monaco-tribune.com\/wp-content\/uploads\/2021\/08\/josephine-baker-pantheon-400x300.jpg 400w, https:\/\/www.monaco-tribune.com\/wp-content\/uploads\/2021\/08\/josephine-baker-pantheon-200x150.jpg 200w, https:\/\/www.monaco-tribune.com\/wp-content\/uploads\/2021\/08\/josephine-baker-pantheon-175x131.jpg 175w\" sizes=\"auto, (max-width: 584px) 100vw, 584px\" \/><figcaption class=\"wp-element-caption\"><em>\u00a9 All rights reserved<\/em><\/figcaption><\/figure>\n<\/div>\n<p><span style=\"color: black;\">Jean Cocteau frequented Monaco from 1910. He designed posters for local ballets, and moved into the Villa Santo Sospir, near Saint-Jean-Cap-Ferrat. The artist decorated the house with his characteristic frescoes during his stays, some of which lasted several months. He attended the <\/span><a href=\"https:\/\/www.monaco-tribune.com\/en\/2024\/04\/68-years-ago-prince-rainier-iii-married-grace-kelly-in-the-wedding-of-the-century\/\"><span style=\"color: blue; text-decoration: none; text-underline: none;\">wedding of Prince Rainier III and Grace Kelly<\/span><\/a><span style=\"color: black;\">.<\/span><\/p>\n<div class=\"wp-block-image\">\n<figure class=\"aligncenter size-large\"><img loading=\"lazy\" decoding=\"async\" width=\"1024\" height=\"683\" src=\"https:\/\/www.monaco-tribune.com\/wp-content\/uploads\/2023\/08\/prince-albert-ii-villa-sauber-santo-sospir-1024x683.jpg\" alt=\"\" class=\"wp-image-190242\" srcset=\"https:\/\/www.monaco-tribune.com\/wp-content\/uploads\/2023\/08\/prince-albert-ii-villa-sauber-santo-sospir-1024x683.jpg 1024w, https:\/\/www.monaco-tribune.com\/wp-content\/uploads\/2023\/08\/prince-albert-ii-villa-sauber-santo-sospir-450x300.jpg 450w, https:\/\/www.monaco-tribune.com\/wp-content\/uploads\/2023\/08\/prince-albert-ii-villa-sauber-santo-sospir.jpg 2048w\" sizes=\"auto, (max-width: 1024px) 100vw, 1024px\" \/><figcaption class=\"wp-element-caption\"><em>Prince Albert II visiting the Mauro Restiffe and Jean Cocteau Santo Sospir exhibition at Villa Sauber.<\/em><\/figcaption><\/figure>\n<\/div>\n<p>Kees Van Dongen, a Fauvism master, also frequented the C\u00f4te d&#8217;Azur and regularly exhibited his colourful canvases. His portraits of Monegasque high society bear witness to the prosperous period.<\/p>\n\n<p>Jos\u00e9phine Baker enjoyed a second career in Monaco. Financially ruined in 1969, she returned to the stage, thanks to Princess Grace, at a gala for the Monegasque Red Cross. The Princely family helped her restart her career and gave the artist and her twelve adopted children a home for life. Her triumphant return in 1975 for the inauguration of the Sporting d&#8217;\u00c9t\u00e9 marked a new artistic departure. <\/p>\n\n<p class=\"related\"><a href=\"https:\/\/www.monaco-tribune.com\/en\/2025\/04\/prince-albert-ii-honours-josephine-baker-50-years-on-the-star-still-shines-brightly\/\">Prince Albert II honours Josephine Baker: 50 years on, the star still shines brightly<\/a><\/p>\n\n<p>The Argentinian-Italian Leonor Fini found refuge in Monte Carlo during the Second World War. Her dreamlike portraits and\u00a0<em>&#8220;sleeping beauties&#8221;<\/em>\u00a0were created during this period of exile, far from the Parisian turmoil. Gabrielle\u00a0<em>&#8220;Coco&#8221;<\/em>\u00a0Chanel became a patron of the Ballets Russes in the 1920s. She regularly attended the C\u00f4te d&#8217;Azur&#8217;s social events and forged lasting friendships with Cocteau and Dal\u00ed.<\/p>\n\n<p>Anthony Burgess, journalist and composer, lived for many years at 44 rue Grimaldi. He composed music and wrote several books there, including\u00a0<em>&#8220;The Powers of Darkness.&#8221;<\/em>\u00a0Marcel Pagnol created a play,\u00a0<em>&#8220;Jazz&#8221;<\/em>, in 1926. Elected to the Acad\u00e9mie Fran\u00e7aise in 1946, he was a member of the jury for the Prix Litt\u00e9raire (Literary Prize) created by Prince Rainier III in 1951.<\/p>\n\n<h2 class=\"wp-block-heading\" id=\"h-une-attractivite-qui-se-maintient\">Continuing appeal<\/h2>\n<div class=\"wp-block-image\">\n<figure class=\"aligncenter size-full\"><img loading=\"lazy\" decoding=\"async\" width=\"800\" height=\"533\" src=\"https:\/\/www.monaco-tribune.com\/wp-content\/uploads\/2023\/09\/fernando-botero-monaco.jpg\" alt=\"fernando-botero-monaco\" class=\"wp-image-192831\" srcset=\"https:\/\/www.monaco-tribune.com\/wp-content\/uploads\/2023\/09\/fernando-botero-monaco.jpg 800w, https:\/\/www.monaco-tribune.com\/wp-content\/uploads\/2023\/09\/fernando-botero-monaco-450x300.jpg 450w\" sizes=\"auto, (max-width: 800px) 100vw, 800px\" \/><figcaption class=\"wp-element-caption\"><em>Fernando Botero in his studio in Monaco \u00a9 All rights reserved<\/em><\/figcaption><\/figure>\n<\/div>\n<p>The tradition continues today. Maxim Vengerov, the world-renowned violinist, has been living in the Principality with his family for several years. Born in 1974 in Novosibirsk, he has performed with the most prestigious orchestras and won many international awards.<\/p>\n\n<p>Ruggero Raimondi, the bass-baritone famous for his Don Giovanni in Joseph Losey&#8217;s production, became a Monegasque during the reign of Prince Albert II. Modern music is also represented. Bono finds a source of inspiration for his music in Monaco and appreciates the history of its iconic sites. Dame Shirley Bassey, the singing legend and performer of several James Bond theme songs, also lives in the Principality.<\/p>\n\n<p><span style=\"color: black;\">Fernando Botero had both his home and studio in the Principality. The Colombian sculptor and painter died on 15 September 2023 at his Monegasque home, aged 91. Joining the artistic council of\u00a0<\/span><a href=\"https:\/\/www.monaco-tribune.com\/en\/2024\/10\/prince-albert-ii-and-princess-caroline-team-up-to-present-prince-pierre-foundation-awards\/\"><span style=\"color: blue; text-decoration: none; text-underline: none;\">the Fondation Prince Pierre\u00a0<\/span><\/a><span style=\"color: black;\">in 1994, he became an honorary member in 2005. His works regularly featured in the galleries during Monaco Art Week.<\/span><\/p>\n<div class=\"wp-block-image\">\n<figure class=\"aligncenter size-large\"><img loading=\"lazy\" decoding=\"async\" width=\"1024\" height=\"597\" src=\"https:\/\/www.monaco-tribune.com\/wp-content\/uploads\/2020\/11\/fernando-botero-min-1024x597.jpg\" alt=\"Fernando-Botero-min\" class=\"wp-image-47445\" srcset=\"https:\/\/www.monaco-tribune.com\/wp-content\/uploads\/2020\/11\/fernando-botero-min-1024x597.jpg 1024w, https:\/\/www.monaco-tribune.com\/wp-content\/uploads\/2020\/11\/fernando-botero-min-514x300.jpg 514w, https:\/\/www.monaco-tribune.com\/wp-content\/uploads\/2020\/11\/fernando-botero-min.jpg 1200w\" sizes=\"auto, (max-width: 1024px) 100vw, 1024px\" \/><figcaption class=\"wp-element-caption\"><em>Fernando Botero<\/em> <em>\u00a9 All rights reserved<\/em><\/figcaption><\/figure>\n<\/div>\n<p>Jean-Michel Folon also chose Monaco as his final resting place. His studio-museum, on the Quai Antoine-1er in Port Hercule, is now open to the public. This multi-faceted artist worked in watercolour, engraving, painting and sculpture.<\/p>\n\n<p>Among the contemporary artists, painter and sculptor Belinda Bussotti currently lives in the Principality. Her female portraits are regularly exhibited from Monaco to Paris, and in Italy. Josephine Dionisotti draws her inspiration from the colourful Monegasque landscapes. Ebba Balestra di Mottola, a Swedish painter, has lived in Monaco for ten years and specialises in portraiture.<\/p>\n\n<p><span style=\"color: black;\">Institutions keep that artistic memory alive.\u00a0<\/span><a href=\"https:\/\/www.monaco-tribune.com\/en\/2022\/10\/20-pieces-from-francis-bacon-mb-art-foundation-in-monaco-to-be-auctioned-soon-in-paris\/\"><span style=\"color: blue; text-decoration: none; text-underline: none;\">The Francis Bacon MB Art Foundation<\/span><\/a><span style=\"color: black;\">, the only one of its kind in the world, houses over 2,500 items in a Belle \u00c9poque house. The Rainier III Academy of Music trains new talent. The Grimaldi Forum regularly hosts\u00a0<\/span><a href=\"https:\/\/www.monaco-tribune.com\/en\/2025\/07\/25-years-of-the-grimaldi-forum-7-dates-from-the-legends-lifetime\/\"><span style=\"color: blue; text-decoration: none; text-underline: none;\">major international exhibitions<\/span><\/a><span style=\"color: black;\">. The Bartoux and Opera Galleries frequently organise retrospectives of resident artists.<\/span><\/p>\n\n<p><\/p>\n","protected":false},"excerpt":{"rendered":"<p>Monaco has been home to renowned artists for decades. The Principality offers an environment that is conducive to creative activity, [&hellip;]<\/p>\n","protected":false},"author":80,"featured_media":310437,"comment_status":"closed","ping_status":"closed","sticky":false,"template":"","format":"standard","meta":{"_acf_changed":false,"footnotes":""},"categories":[243,251],"tags":[5675],"post_sectags":[5043],"post_format":[2468],"class_list":["post-311036","post","type-post","status-publish","format-standard","has-post-thumbnail","hentry","category-news","category-whats-on","tag-artists","sectag-art-en","format-story"],"acf":[],"yoast_head":"<!-- This site is optimized with the Yoast SEO Premium plugin v26.8 (Yoast SEO v27.4) - https:\/\/yoast.com\/product\/yoast-seo-premium-wordpress\/ -->\n<title>Bacon, Cocteau, Botero... Who are the artists who have lived in Monaco?<\/title>\n<meta name=\"description\" content=\"Monaco has been home to renowned artists for decades. The Principality offers an environment that is conducive to creative activity, with its world-class\" \/>\n<meta name=\"robots\" content=\"index, follow, max-snippet:-1, max-image-preview:large, max-video-preview:-1\" \/>\n<link rel=\"canonical\" href=\"https:\/\/www.monaco-tribune.com\/en\/2025\/08\/bacon-cocteau-botero-who-are-the-artists-who-have-lived-in-monaco\/\" \/>\n<meta property=\"og:locale\" content=\"en_US\" \/>\n<meta property=\"og:type\" content=\"article\" \/>\n<meta property=\"og:title\" content=\"Bacon, Cocteau, Botero... Who are the artists who have lived in Monaco? - Monaco Tribune\" \/>\n<meta property=\"og:description\" content=\"Monaco has been home to renowned artists for decades. The Principality offers an environment that is conducive to creative activity, with its world-class\" \/>\n<meta property=\"og:url\" content=\"https:\/\/www.monaco-tribune.com\/en\/2025\/08\/bacon-cocteau-botero-who-are-the-artists-who-have-lived-in-monaco\/\" \/>\n<meta property=\"og:site_name\" content=\"Monaco Tribune\" \/>\n<meta property=\"article:publisher\" content=\"https:\/\/www.facebook.com\/MonacoTribune\" \/>\n<meta property=\"article:published_time\" content=\"2025-08-25T14:37:51+00:00\" \/>\n<meta property=\"article:modified_time\" content=\"2025-08-25T14:43:34+00:00\" \/>\n<meta property=\"og:image\" content=\"https:\/\/www.monaco-tribune.com\/wp-content\/uploads\/2025\/08\/monaco-1126123_1920_11zon.jpg\" \/>\n\t<meta property=\"og:image:width\" content=\"1920\" \/>\n\t<meta property=\"og:image:height\" content=\"1280\" \/>\n\t<meta property=\"og:image:type\" content=\"image\/jpeg\" \/>\n<meta name=\"author\" content=\"Estelle Imbert\" \/>\n<meta name=\"twitter:card\" content=\"summary_large_image\" \/>\n<meta name=\"twitter:creator\" content=\"@MonacoTribune\" \/>\n<meta name=\"twitter:site\" content=\"@MonacoTribune\" \/>\n<script type=\"application\/ld+json\" class=\"yoast-schema-graph\">{\"@context\":\"https:\\\/\\\/schema.org\",\"@graph\":[{\"@type\":\"NewsArticle\",\"@id\":\"https:\\\/\\\/www.monaco-tribune.com\\\/en\\\/2025\\\/08\\\/bacon-cocteau-botero-who-are-the-artists-who-have-lived-in-monaco\\\/#article\",\"isPartOf\":{\"@id\":\"https:\\\/\\\/www.monaco-tribune.com\\\/en\\\/2025\\\/08\\\/bacon-cocteau-botero-who-are-the-artists-who-have-lived-in-monaco\\\/\"},\"author\":{\"name\":\"Estelle Imbert\",\"@id\":\"https:\\\/\\\/www.monaco-tribune.com\\\/en\\\/#\\\/schema\\\/person\\\/55ce91a070ff78e15ec1817376669bf4\"},\"headline\":\"Bacon, Cocteau, Botero&#8230; Who are the artists who have lived in Monaco?\",\"datePublished\":\"2025-08-25T14:37:51+00:00\",\"dateModified\":\"2025-08-25T14:43:34+00:00\",\"mainEntityOfPage\":{\"@id\":\"https:\\\/\\\/www.monaco-tribune.com\\\/en\\\/2025\\\/08\\\/bacon-cocteau-botero-who-are-the-artists-who-have-lived-in-monaco\\\/\"},\"wordCount\":884,\"publisher\":{\"@id\":\"https:\\\/\\\/www.monaco-tribune.com\\\/en\\\/#organization\"},\"image\":{\"@id\":\"https:\\\/\\\/www.monaco-tribune.com\\\/en\\\/2025\\\/08\\\/bacon-cocteau-botero-who-are-the-artists-who-have-lived-in-monaco\\\/#primaryimage\"},\"thumbnailUrl\":\"https:\\\/\\\/www.monaco-tribune.com\\\/wp-content\\\/uploads\\\/2025\\\/08\\\/monaco-1126123_1920_11zon.jpg\",\"keywords\":[\"Artists\"],\"articleSection\":[\"News\",\"What&#039;s on\"],\"inLanguage\":\"en-US\",\"copyrightYear\":\"2025\",\"copyrightHolder\":{\"@id\":\"https:\\\/\\\/www.monaco-tribune.com\\\/#organization\"}},{\"@type\":\"WebPage\",\"@id\":\"https:\\\/\\\/www.monaco-tribune.com\\\/en\\\/2025\\\/08\\\/bacon-cocteau-botero-who-are-the-artists-who-have-lived-in-monaco\\\/\",\"url\":\"https:\\\/\\\/www.monaco-tribune.com\\\/en\\\/2025\\\/08\\\/bacon-cocteau-botero-who-are-the-artists-who-have-lived-in-monaco\\\/\",\"name\":\"Bacon, Cocteau, Botero... Who are the artists who have lived in Monaco?\",\"isPartOf\":{\"@id\":\"https:\\\/\\\/www.monaco-tribune.com\\\/en\\\/#website\"},\"primaryImageOfPage\":{\"@id\":\"https:\\\/\\\/www.monaco-tribune.com\\\/en\\\/2025\\\/08\\\/bacon-cocteau-botero-who-are-the-artists-who-have-lived-in-monaco\\\/#primaryimage\"},\"image\":{\"@id\":\"https:\\\/\\\/www.monaco-tribune.com\\\/en\\\/2025\\\/08\\\/bacon-cocteau-botero-who-are-the-artists-who-have-lived-in-monaco\\\/#primaryimage\"},\"thumbnailUrl\":\"https:\\\/\\\/www.monaco-tribune.com\\\/wp-content\\\/uploads\\\/2025\\\/08\\\/monaco-1126123_1920_11zon.jpg\",\"datePublished\":\"2025-08-25T14:37:51+00:00\",\"dateModified\":\"2025-08-25T14:43:34+00:00\",\"description\":\"Monaco has been home to renowned artists for decades. The Principality offers an environment that is conducive to creative activity, with its world-class\",\"breadcrumb\":{\"@id\":\"https:\\\/\\\/www.monaco-tribune.com\\\/en\\\/2025\\\/08\\\/bacon-cocteau-botero-who-are-the-artists-who-have-lived-in-monaco\\\/#breadcrumb\"},\"inLanguage\":\"en-US\",\"potentialAction\":[{\"@type\":\"ReadAction\",\"target\":[\"https:\\\/\\\/www.monaco-tribune.com\\\/en\\\/2025\\\/08\\\/bacon-cocteau-botero-who-are-the-artists-who-have-lived-in-monaco\\\/\"]}]},{\"@type\":\"ImageObject\",\"inLanguage\":\"en-US\",\"@id\":\"https:\\\/\\\/www.monaco-tribune.com\\\/en\\\/2025\\\/08\\\/bacon-cocteau-botero-who-are-the-artists-who-have-lived-in-monaco\\\/#primaryimage\",\"url\":\"https:\\\/\\\/www.monaco-tribune.com\\\/wp-content\\\/uploads\\\/2025\\\/08\\\/monaco-1126123_1920_11zon.jpg\",\"contentUrl\":\"https:\\\/\\\/www.monaco-tribune.com\\\/wp-content\\\/uploads\\\/2025\\\/08\\\/monaco-1126123_1920_11zon.jpg\",\"width\":1920,\"height\":1280,\"caption\":\"Monaco, a land of culture and creativity, has been home to many key figures over the decades \u00a9 Pixabay\"},{\"@type\":\"BreadcrumbList\",\"@id\":\"https:\\\/\\\/www.monaco-tribune.com\\\/en\\\/2025\\\/08\\\/bacon-cocteau-botero-who-are-the-artists-who-have-lived-in-monaco\\\/#breadcrumb\",\"itemListElement\":[{\"@type\":\"ListItem\",\"position\":1,\"name\":\"Accueil\",\"item\":\"https:\\\/\\\/www.monaco-tribune.com\\\/en\\\/\"},{\"@type\":\"ListItem\",\"position\":2,\"name\":\"Bacon, Cocteau, Botero&#8230; Who are the artists who have lived in Monaco?\"}]},{\"@type\":\"WebSite\",\"@id\":\"https:\\\/\\\/www.monaco-tribune.com\\\/en\\\/#website\",\"url\":\"https:\\\/\\\/www.monaco-tribune.com\\\/en\\\/\",\"name\":\"Monaco Tribune\",\"description\":\"Monaco : actualit\u00e9s \u00e9conomiques, politiques, culturelles et sportives de Monaco et de la French Riviera.\",\"publisher\":{\"@id\":\"https:\\\/\\\/www.monaco-tribune.com\\\/en\\\/#organization\"},\"potentialAction\":[{\"@type\":\"SearchAction\",\"target\":{\"@type\":\"EntryPoint\",\"urlTemplate\":\"https:\\\/\\\/www.monaco-tribune.com\\\/en\\\/?s={search_term_string}\"},\"query-input\":{\"@type\":\"PropertyValueSpecification\",\"valueRequired\":true,\"valueName\":\"search_term_string\"}}],\"inLanguage\":\"en-US\"},{\"@type\":\"Organization\",\"@id\":\"https:\\\/\\\/www.monaco-tribune.com\\\/en\\\/#organization\",\"name\":\"Monaco Tribune\",\"url\":\"https:\\\/\\\/www.monaco-tribune.com\\\/en\\\/\",\"logo\":{\"@type\":\"ImageObject\",\"inLanguage\":\"en-US\",\"@id\":\"https:\\\/\\\/www.monaco-tribune.com\\\/en\\\/#\\\/schema\\\/logo\\\/image\\\/\",\"url\":\"https:\\\/\\\/www.monaco-tribune.com\\\/wp-content\\\/uploads\\\/2022\\\/11\\\/logo-monaco-tribune.png\",\"contentUrl\":\"https:\\\/\\\/www.monaco-tribune.com\\\/wp-content\\\/uploads\\\/2022\\\/11\\\/logo-monaco-tribune.png\",\"width\":1548,\"height\":600,\"caption\":\"Monaco Tribune\"},\"image\":{\"@id\":\"https:\\\/\\\/www.monaco-tribune.com\\\/en\\\/#\\\/schema\\\/logo\\\/image\\\/\"},\"sameAs\":[\"https:\\\/\\\/www.facebook.com\\\/MonacoTribune\",\"https:\\\/\\\/x.com\\\/MonacoTribune\",\"https:\\\/\\\/www.instagram.com\\\/monacotribune\\\/\",\"https:\\\/\\\/www.linkedin.com\\\/company\\\/monaco-tribune\",\"https:\\\/\\\/www.youtube.com\\\/channel\\\/UCHle1MnG6hw1y4lWKijVbMA\"]},{\"@type\":\"Person\",\"@id\":\"https:\\\/\\\/www.monaco-tribune.com\\\/en\\\/#\\\/schema\\\/person\\\/55ce91a070ff78e15ec1817376669bf4\",\"name\":\"Estelle Imbert\",\"image\":{\"@type\":\"ImageObject\",\"inLanguage\":\"en-US\",\"@id\":\"https:\\\/\\\/secure.gravatar.com\\\/avatar\\\/d2e1a3840b1138a669d04f6292bbd810f7f730844d7a28a8e8c4c6da40e79852?s=96&d=mm&r=g\",\"url\":\"https:\\\/\\\/secure.gravatar.com\\\/avatar\\\/d2e1a3840b1138a669d04f6292bbd810f7f730844d7a28a8e8c4c6da40e79852?s=96&d=mm&r=g\",\"contentUrl\":\"https:\\\/\\\/secure.gravatar.com\\\/avatar\\\/d2e1a3840b1138a669d04f6292bbd810f7f730844d7a28a8e8c4c6da40e79852?s=96&d=mm&r=g\",\"caption\":\"Estelle Imbert\"},\"url\":\"https:\\\/\\\/www.monaco-tribune.com\\\/en\\\/author\\\/estelleimbert\\\/\"}]}<\/script>\n<!-- \/ Yoast SEO Premium plugin. -->","yoast_head_json":{"title":"Bacon, Cocteau, Botero... Who are the artists who have lived in Monaco?","description":"Monaco has been home to renowned artists for decades. The Principality offers an environment that is conducive to creative activity, with its world-class","robots":{"index":"index","follow":"follow","max-snippet":"max-snippet:-1","max-image-preview":"max-image-preview:large","max-video-preview":"max-video-preview:-1"},"canonical":"https:\/\/www.monaco-tribune.com\/en\/2025\/08\/bacon-cocteau-botero-who-are-the-artists-who-have-lived-in-monaco\/","og_locale":"en_US","og_type":"article","og_title":"Bacon, Cocteau, Botero... Who are the artists who have lived in Monaco? - Monaco Tribune","og_description":"Monaco has been home to renowned artists for decades. The Principality offers an environment that is conducive to creative activity, with its world-class","og_url":"https:\/\/www.monaco-tribune.com\/en\/2025\/08\/bacon-cocteau-botero-who-are-the-artists-who-have-lived-in-monaco\/","og_site_name":"Monaco Tribune","article_publisher":"https:\/\/www.facebook.com\/MonacoTribune","article_published_time":"2025-08-25T14:37:51+00:00","article_modified_time":"2025-08-25T14:43:34+00:00","og_image":[{"width":1920,"height":1280,"url":"https:\/\/www.monaco-tribune.com\/wp-content\/uploads\/2025\/08\/monaco-1126123_1920_11zon.jpg","type":"image\/jpeg"}],"author":"Estelle Imbert","twitter_card":"summary_large_image","twitter_creator":"@MonacoTribune","twitter_site":"@MonacoTribune","schema":{"@context":"https:\/\/schema.org","@graph":[{"@type":"NewsArticle","@id":"https:\/\/www.monaco-tribune.com\/en\/2025\/08\/bacon-cocteau-botero-who-are-the-artists-who-have-lived-in-monaco\/#article","isPartOf":{"@id":"https:\/\/www.monaco-tribune.com\/en\/2025\/08\/bacon-cocteau-botero-who-are-the-artists-who-have-lived-in-monaco\/"},"author":{"name":"Estelle Imbert","@id":"https:\/\/www.monaco-tribune.com\/en\/#\/schema\/person\/55ce91a070ff78e15ec1817376669bf4"},"headline":"Bacon, Cocteau, Botero&#8230; Who are the artists who have lived in Monaco?","datePublished":"2025-08-25T14:37:51+00:00","dateModified":"2025-08-25T14:43:34+00:00","mainEntityOfPage":{"@id":"https:\/\/www.monaco-tribune.com\/en\/2025\/08\/bacon-cocteau-botero-who-are-the-artists-who-have-lived-in-monaco\/"},"wordCount":884,"publisher":{"@id":"https:\/\/www.monaco-tribune.com\/en\/#organization"},"image":{"@id":"https:\/\/www.monaco-tribune.com\/en\/2025\/08\/bacon-cocteau-botero-who-are-the-artists-who-have-lived-in-monaco\/#primaryimage"},"thumbnailUrl":"https:\/\/www.monaco-tribune.com\/wp-content\/uploads\/2025\/08\/monaco-1126123_1920_11zon.jpg","keywords":["Artists"],"articleSection":["News","What&#039;s on"],"inLanguage":"en-US","copyrightYear":"2025","copyrightHolder":{"@id":"https:\/\/www.monaco-tribune.com\/#organization"}},{"@type":"WebPage","@id":"https:\/\/www.monaco-tribune.com\/en\/2025\/08\/bacon-cocteau-botero-who-are-the-artists-who-have-lived-in-monaco\/","url":"https:\/\/www.monaco-tribune.com\/en\/2025\/08\/bacon-cocteau-botero-who-are-the-artists-who-have-lived-in-monaco\/","name":"Bacon, Cocteau, Botero... Who are the artists who have lived in Monaco?","isPartOf":{"@id":"https:\/\/www.monaco-tribune.com\/en\/#website"},"primaryImageOfPage":{"@id":"https:\/\/www.monaco-tribune.com\/en\/2025\/08\/bacon-cocteau-botero-who-are-the-artists-who-have-lived-in-monaco\/#primaryimage"},"image":{"@id":"https:\/\/www.monaco-tribune.com\/en\/2025\/08\/bacon-cocteau-botero-who-are-the-artists-who-have-lived-in-monaco\/#primaryimage"},"thumbnailUrl":"https:\/\/www.monaco-tribune.com\/wp-content\/uploads\/2025\/08\/monaco-1126123_1920_11zon.jpg","datePublished":"2025-08-25T14:37:51+00:00","dateModified":"2025-08-25T14:43:34+00:00","description":"Monaco has been home to renowned artists for decades. The Principality offers an environment that is conducive to creative activity, with its world-class","breadcrumb":{"@id":"https:\/\/www.monaco-tribune.com\/en\/2025\/08\/bacon-cocteau-botero-who-are-the-artists-who-have-lived-in-monaco\/#breadcrumb"},"inLanguage":"en-US","potentialAction":[{"@type":"ReadAction","target":["https:\/\/www.monaco-tribune.com\/en\/2025\/08\/bacon-cocteau-botero-who-are-the-artists-who-have-lived-in-monaco\/"]}]},{"@type":"ImageObject","inLanguage":"en-US","@id":"https:\/\/www.monaco-tribune.com\/en\/2025\/08\/bacon-cocteau-botero-who-are-the-artists-who-have-lived-in-monaco\/#primaryimage","url":"https:\/\/www.monaco-tribune.com\/wp-content\/uploads\/2025\/08\/monaco-1126123_1920_11zon.jpg","contentUrl":"https:\/\/www.monaco-tribune.com\/wp-content\/uploads\/2025\/08\/monaco-1126123_1920_11zon.jpg","width":1920,"height":1280,"caption":"Monaco, a land of culture and creativity, has been home to many key figures over the decades \u00a9 Pixabay"},{"@type":"BreadcrumbList","@id":"https:\/\/www.monaco-tribune.com\/en\/2025\/08\/bacon-cocteau-botero-who-are-the-artists-who-have-lived-in-monaco\/#breadcrumb","itemListElement":[{"@type":"ListItem","position":1,"name":"Accueil","item":"https:\/\/www.monaco-tribune.com\/en\/"},{"@type":"ListItem","position":2,"name":"Bacon, Cocteau, Botero&#8230; Who are the artists who have lived in Monaco?"}]},{"@type":"WebSite","@id":"https:\/\/www.monaco-tribune.com\/en\/#website","url":"https:\/\/www.monaco-tribune.com\/en\/","name":"Monaco Tribune","description":"Monaco : actualit\u00e9s \u00e9conomiques, politiques, culturelles et sportives de Monaco et de la French Riviera.","publisher":{"@id":"https:\/\/www.monaco-tribune.com\/en\/#organization"},"potentialAction":[{"@type":"SearchAction","target":{"@type":"EntryPoint","urlTemplate":"https:\/\/www.monaco-tribune.com\/en\/?s={search_term_string}"},"query-input":{"@type":"PropertyValueSpecification","valueRequired":true,"valueName":"search_term_string"}}],"inLanguage":"en-US"},{"@type":"Organization","@id":"https:\/\/www.monaco-tribune.com\/en\/#organization","name":"Monaco Tribune","url":"https:\/\/www.monaco-tribune.com\/en\/","logo":{"@type":"ImageObject","inLanguage":"en-US","@id":"https:\/\/www.monaco-tribune.com\/en\/#\/schema\/logo\/image\/","url":"https:\/\/www.monaco-tribune.com\/wp-content\/uploads\/2022\/11\/logo-monaco-tribune.png","contentUrl":"https:\/\/www.monaco-tribune.com\/wp-content\/uploads\/2022\/11\/logo-monaco-tribune.png","width":1548,"height":600,"caption":"Monaco Tribune"},"image":{"@id":"https:\/\/www.monaco-tribune.com\/en\/#\/schema\/logo\/image\/"},"sameAs":["https:\/\/www.facebook.com\/MonacoTribune","https:\/\/x.com\/MonacoTribune","https:\/\/www.instagram.com\/monacotribune\/","https:\/\/www.linkedin.com\/company\/monaco-tribune","https:\/\/www.youtube.com\/channel\/UCHle1MnG6hw1y4lWKijVbMA"]},{"@type":"Person","@id":"https:\/\/www.monaco-tribune.com\/en\/#\/schema\/person\/55ce91a070ff78e15ec1817376669bf4","name":"Estelle Imbert","image":{"@type":"ImageObject","inLanguage":"en-US","@id":"https:\/\/secure.gravatar.com\/avatar\/d2e1a3840b1138a669d04f6292bbd810f7f730844d7a28a8e8c4c6da40e79852?s=96&d=mm&r=g","url":"https:\/\/secure.gravatar.com\/avatar\/d2e1a3840b1138a669d04f6292bbd810f7f730844d7a28a8e8c4c6da40e79852?s=96&d=mm&r=g","contentUrl":"https:\/\/secure.gravatar.com\/avatar\/d2e1a3840b1138a669d04f6292bbd810f7f730844d7a28a8e8c4c6da40e79852?s=96&d=mm&r=g","caption":"Estelle Imbert"},"url":"https:\/\/www.monaco-tribune.com\/en\/author\/estelleimbert\/"}]}},"_links":{"self":[{"href":"https:\/\/www.monaco-tribune.com\/en\/wp-json\/wp\/v2\/posts\/311036","targetHints":{"allow":["GET"]}}],"collection":[{"href":"https:\/\/www.monaco-tribune.com\/en\/wp-json\/wp\/v2\/posts"}],"about":[{"href":"https:\/\/www.monaco-tribune.com\/en\/wp-json\/wp\/v2\/types\/post"}],"author":[{"embeddable":true,"href":"https:\/\/www.monaco-tribune.com\/en\/wp-json\/wp\/v2\/users\/80"}],"replies":[{"embeddable":true,"href":"https:\/\/www.monaco-tribune.com\/en\/wp-json\/wp\/v2\/comments?post=311036"}],"version-history":[{"count":2,"href":"https:\/\/www.monaco-tribune.com\/en\/wp-json\/wp\/v2\/posts\/311036\/revisions"}],"predecessor-version":[{"id":311040,"href":"https:\/\/www.monaco-tribune.com\/en\/wp-json\/wp\/v2\/posts\/311036\/revisions\/311040"}],"wp:featuredmedia":[{"embeddable":true,"href":"https:\/\/www.monaco-tribune.com\/en\/wp-json\/wp\/v2\/media\/310437"}],"wp:attachment":[{"href":"https:\/\/www.monaco-tribune.com\/en\/wp-json\/wp\/v2\/media?parent=311036"}],"wp:term":[{"taxonomy":"category","embeddable":true,"href":"https:\/\/www.monaco-tribune.com\/en\/wp-json\/wp\/v2\/categories?post=311036"},{"taxonomy":"post_tag","embeddable":true,"href":"https:\/\/www.monaco-tribune.com\/en\/wp-json\/wp\/v2\/tags?post=311036"},{"taxonomy":"sectag","embeddable":true,"href":"https:\/\/www.monaco-tribune.com\/en\/wp-json\/wp\/v2\/post_sectags?post=311036"},{"taxonomy":"format","embeddable":true,"href":"https:\/\/www.monaco-tribune.com\/en\/wp-json\/wp\/v2\/post_format?post=311036"}],"curies":[{"name":"wp","href":"https:\/\/api.w.org\/{rel}","templated":true}]}}