{"id":312510,"date":"2025-09-04T12:00:30","date_gmt":"2025-09-04T10:00:30","guid":{"rendered":"https:\/\/www.monaco-tribune.com\/2025\/09\/11th-edition-of-monaco-trott-n-roll-sets-off-on-13-september\/"},"modified":"2025-09-04T12:01:48","modified_gmt":"2025-09-04T10:01:48","slug":"11th-edition-of-monaco-trott-n-roll-sets-off-on-13-september","status":"publish","type":"post","link":"https:\/\/www.monaco-tribune.com\/en\/2025\/09\/11th-edition-of-monaco-trott-n-roll-sets-off-on-13-september\/","title":{"rendered":"11th edition of Monaco Trott &#8216;n &#8216;roll sets off on 13 September"},"content":{"rendered":"\n<p><p class=\"p1\"><strong>Grab your rollerblades, scooters and anything with wheels! The Flavien Foundation invites Monegasque families for a day of solidarity dedicated to research against paediatric cancers.<\/strong><\/p><\/p>\n\n<p><p class=\"p1\">On 13 September, the Apolline gardens and the Promenade Honor\u00e9 II will vibrate with the energy of this 11th edition. From 9 am to 6 pm, the event will offer entertainment for young and old along an extended route, accessible for a token \u20ac2. From 10 am, riders and drivers will take to the F1 circuit for spectacular demonstrations. The orange ribbon will be cut at 11 am by the local authorities, who will pay tribute to the Foundation&#8217;s &#8220;<i>beloved stars<\/i>&#8221; with the help of the Monaco fire brigade, who will be present all day.<\/p><\/p>\n\n<p>Les Pirates du Coeur and Galaxie V\u00e9subie will be back to host the cosplays and fancy dress competition, with a cash prize to be awarded to the three winners. Inflatables, a temporary skate park, face painting stands and a genealogy area with the Cercle G\u00e9n\u00e9alogique et H\u00e9raldique will round off the entertainment on offer.<\/p>\n<div class=\"wp-block-image\">\n<figure class=\"aligncenter size-large\"><img loading=\"lazy\" decoding=\"async\" width=\"1024\" height=\"450\" src=\"https:\/\/www.monaco-tribune.com\/wp-content\/uploads\/2025\/09\/cosplay-2025-1024x450.jpg\" alt=\"\" class=\"wp-image-311872\" srcset=\"https:\/\/www.monaco-tribune.com\/wp-content\/uploads\/2025\/09\/cosplay-2025-1024x450.jpg 1024w, https:\/\/www.monaco-tribune.com\/wp-content\/uploads\/2025\/09\/cosplay-2025-600x263.jpg 600w, https:\/\/www.monaco-tribune.com\/wp-content\/uploads\/2025\/09\/cosplay-2025.jpg 1280w\" sizes=\"auto, (max-width: 1024px) 100vw, 1024px\" \/><figcaption class=\"wp-element-caption\"><em>\u00a9<\/em> <em>Fondation Flavien<\/em><\/figcaption><\/figure>\n<\/div>\n<p class=\"related\"><a href=\"https:\/\/www.monaco-tribune.com\/en\/2025\/09\/u-cavagnetu-2025-monegasques-gather-for-traditional-event-at-parc-princesse-antoinette\/\">U Cavagn\u00ebtu 2025: Monegasques gather for traditional event at Parc Princesse Antoinette<\/a><\/p>\n\n<h2 class=\"wp-block-heading\" id=\"h-la-recherche-medicale-locale-mise-a-l-honneur\">Local medical research in the spotlight<\/h2>\n\n<p>The event will highlight the Mependax clinical trial in particular, the result of local research on childhood brain tumours. A 26-minute documentary will be broadcast on TV Monaco in the coming months, serving as the basis for the biennial cancer conference in January 2026.<\/p>\n\n<p>The traditional parade will kick off at 2.30 pm to delight spectators, before a raffle draw at around 4 pm, supported by Monegasque retailers. The presentation of a cheque for 100,000 euros to the Centre Scientifique de Monaco will bring the day of generosity to a close.<\/p>\n\n<hr class=\"wp-block-separator has-alpha-channel-opacity\"\/>\n\n<p><p class=\"p1\"><strong>Practical information:<\/strong><\/p><\/p>\n\n<ul class=\"wp-block-list\">\n<li>Date: 13 September, 2025<\/li>\n\n\n\n<li>Opening hours: 9 am to 6 pm<\/li>\n\n\n\n<li>Venues: Jardins d&#8217;Apolline, Promenade Honor\u00e9 II<\/li>\n<\/ul>\n","protected":false},"excerpt":{"rendered":"<p>Grab your rollerblades, scooters and anything with wheels! The Flavien Foundation invites Monegasque families for a day of solidarity dedicated [&hellip;]<\/p>\n","protected":false},"author":80,"featured_media":93039,"comment_status":"closed","ping_status":"closed","sticky":false,"template":"","format":"standard","meta":{"_acf_changed":false,"footnotes":""},"categories":[243,251],"tags":[2844],"post_sectags":[3372],"post_format":[2452],"class_list":["post-312510","post","type-post","status-publish","format-standard","has-post-thumbnail","hentry","category-news","category-whats-on","tag-events-en","sectag-fondation-flavien-en","format-events"],"acf":[],"yoast_head":"<!-- This site is optimized with the Yoast SEO Premium plugin v26.8 (Yoast SEO v27.5) - https:\/\/yoast.com\/product\/yoast-seo-premium-wordpress\/ -->\n<title>11th edition of Monaco Trott &#039;n &#039;roll sets off on 13 September<\/title>\n<meta name=\"description\" content=\"Grab your rollerblades, scooters and anything with wheels! The Flavien Foundation invites Monegasque families for a day of solidarity dedicated to\" \/>\n<meta name=\"robots\" content=\"index, follow, max-snippet:-1, max-image-preview:large, max-video-preview:-1\" \/>\n<link rel=\"canonical\" href=\"https:\/\/www.monaco-tribune.com\/en\/2025\/09\/11th-edition-of-monaco-trott-n-roll-sets-off-on-13-september\/\" \/>\n<meta property=\"og:locale\" content=\"en_US\" \/>\n<meta property=\"og:type\" content=\"article\" \/>\n<meta property=\"og:title\" content=\"11th edition of Monaco Trott &#039;n &#039;roll sets off on 13 September - Monaco Tribune\" \/>\n<meta property=\"og:description\" content=\"Grab your rollerblades, scooters and anything with wheels! The Flavien Foundation invites Monegasque families for a day of solidarity dedicated to\" \/>\n<meta property=\"og:url\" content=\"https:\/\/www.monaco-tribune.com\/en\/2025\/09\/11th-edition-of-monaco-trott-n-roll-sets-off-on-13-september\/\" \/>\n<meta property=\"og:site_name\" content=\"Monaco Tribune\" \/>\n<meta property=\"article:publisher\" content=\"https:\/\/www.facebook.com\/MonacoTribune\" \/>\n<meta property=\"article:published_time\" content=\"2025-09-04T10:00:30+00:00\" \/>\n<meta property=\"article:modified_time\" content=\"2025-09-04T10:01:48+00:00\" \/>\n<meta property=\"og:image\" content=\"https:\/\/www.monaco-tribune.com\/wp-content\/uploads\/2021\/09\/fondation-flavien-trottnroll.jpeg\" \/>\n\t<meta property=\"og:image:width\" content=\"586\" \/>\n\t<meta property=\"og:image:height\" content=\"330\" \/>\n\t<meta property=\"og:image:type\" content=\"image\/jpeg\" \/>\n<meta name=\"author\" content=\"Estelle Imbert\" \/>\n<meta name=\"twitter:card\" content=\"summary_large_image\" \/>\n<meta name=\"twitter:creator\" content=\"@MonacoTribune\" \/>\n<meta name=\"twitter:site\" content=\"@MonacoTribune\" \/>\n<script type=\"application\/ld+json\" class=\"yoast-schema-graph\">{\"@context\":\"https:\\\/\\\/schema.org\",\"@graph\":[{\"@type\":\"NewsArticle\",\"@id\":\"https:\\\/\\\/www.monaco-tribune.com\\\/en\\\/2025\\\/09\\\/11th-edition-of-monaco-trott-n-roll-sets-off-on-13-september\\\/#article\",\"isPartOf\":{\"@id\":\"https:\\\/\\\/www.monaco-tribune.com\\\/en\\\/2025\\\/09\\\/11th-edition-of-monaco-trott-n-roll-sets-off-on-13-september\\\/\"},\"author\":{\"name\":\"Estelle Imbert\",\"@id\":\"https:\\\/\\\/www.monaco-tribune.com\\\/en\\\/#\\\/schema\\\/person\\\/55ce91a070ff78e15ec1817376669bf4\"},\"headline\":\"11th edition of Monaco Trott &#8216;n &#8216;roll sets off on 13 September\",\"datePublished\":\"2025-09-04T10:00:30+00:00\",\"dateModified\":\"2025-09-04T10:01:48+00:00\",\"mainEntityOfPage\":{\"@id\":\"https:\\\/\\\/www.monaco-tribune.com\\\/en\\\/2025\\\/09\\\/11th-edition-of-monaco-trott-n-roll-sets-off-on-13-september\\\/\"},\"wordCount\":307,\"publisher\":{\"@id\":\"https:\\\/\\\/www.monaco-tribune.com\\\/en\\\/#organization\"},\"image\":{\"@id\":\"https:\\\/\\\/www.monaco-tribune.com\\\/en\\\/2025\\\/09\\\/11th-edition-of-monaco-trott-n-roll-sets-off-on-13-september\\\/#primaryimage\"},\"thumbnailUrl\":\"https:\\\/\\\/www.monaco-tribune.com\\\/wp-content\\\/uploads\\\/2021\\\/09\\\/fondation-flavien-trottnroll.jpeg\",\"keywords\":[\"Events\"],\"articleSection\":[\"News\",\"What&#039;s on\"],\"inLanguage\":\"en-US\",\"copyrightYear\":\"2025\",\"copyrightHolder\":{\"@id\":\"https:\\\/\\\/www.monaco-tribune.com\\\/#organization\"}},{\"@type\":\"WebPage\",\"@id\":\"https:\\\/\\\/www.monaco-tribune.com\\\/en\\\/2025\\\/09\\\/11th-edition-of-monaco-trott-n-roll-sets-off-on-13-september\\\/\",\"url\":\"https:\\\/\\\/www.monaco-tribune.com\\\/en\\\/2025\\\/09\\\/11th-edition-of-monaco-trott-n-roll-sets-off-on-13-september\\\/\",\"name\":\"11th edition of Monaco Trott 'n 'roll sets off on 13 September\",\"isPartOf\":{\"@id\":\"https:\\\/\\\/www.monaco-tribune.com\\\/en\\\/#website\"},\"primaryImageOfPage\":{\"@id\":\"https:\\\/\\\/www.monaco-tribune.com\\\/en\\\/2025\\\/09\\\/11th-edition-of-monaco-trott-n-roll-sets-off-on-13-september\\\/#primaryimage\"},\"image\":{\"@id\":\"https:\\\/\\\/www.monaco-tribune.com\\\/en\\\/2025\\\/09\\\/11th-edition-of-monaco-trott-n-roll-sets-off-on-13-september\\\/#primaryimage\"},\"thumbnailUrl\":\"https:\\\/\\\/www.monaco-tribune.com\\\/wp-content\\\/uploads\\\/2021\\\/09\\\/fondation-flavien-trottnroll.jpeg\",\"datePublished\":\"2025-09-04T10:00:30+00:00\",\"dateModified\":\"2025-09-04T10:01:48+00:00\",\"description\":\"Grab your rollerblades, scooters and anything with wheels! The Flavien Foundation invites Monegasque families for a day of solidarity dedicated to\",\"breadcrumb\":{\"@id\":\"https:\\\/\\\/www.monaco-tribune.com\\\/en\\\/2025\\\/09\\\/11th-edition-of-monaco-trott-n-roll-sets-off-on-13-september\\\/#breadcrumb\"},\"inLanguage\":\"en-US\",\"potentialAction\":[{\"@type\":\"ReadAction\",\"target\":[\"https:\\\/\\\/www.monaco-tribune.com\\\/en\\\/2025\\\/09\\\/11th-edition-of-monaco-trott-n-roll-sets-off-on-13-september\\\/\"]}]},{\"@type\":\"ImageObject\",\"inLanguage\":\"en-US\",\"@id\":\"https:\\\/\\\/www.monaco-tribune.com\\\/en\\\/2025\\\/09\\\/11th-edition-of-monaco-trott-n-roll-sets-off-on-13-september\\\/#primaryimage\",\"url\":\"https:\\\/\\\/www.monaco-tribune.com\\\/wp-content\\\/uploads\\\/2021\\\/09\\\/fondation-flavien-trottnroll.jpeg\",\"contentUrl\":\"https:\\\/\\\/www.monaco-tribune.com\\\/wp-content\\\/uploads\\\/2021\\\/09\\\/fondation-flavien-trottnroll.jpeg\",\"width\":586,\"height\":330,\"caption\":\"Monaco Trott 'n 'roll launched in 2014 \u00a9 Fondation Flavien\"},{\"@type\":\"BreadcrumbList\",\"@id\":\"https:\\\/\\\/www.monaco-tribune.com\\\/en\\\/2025\\\/09\\\/11th-edition-of-monaco-trott-n-roll-sets-off-on-13-september\\\/#breadcrumb\",\"itemListElement\":[{\"@type\":\"ListItem\",\"position\":1,\"name\":\"Accueil\",\"item\":\"https:\\\/\\\/www.monaco-tribune.com\\\/en\\\/\"},{\"@type\":\"ListItem\",\"position\":2,\"name\":\"11th edition of Monaco Trott &#8216;n &#8216;roll sets off on 13 September\"}]},{\"@type\":\"WebSite\",\"@id\":\"https:\\\/\\\/www.monaco-tribune.com\\\/en\\\/#website\",\"url\":\"https:\\\/\\\/www.monaco-tribune.com\\\/en\\\/\",\"name\":\"Monaco Tribune\",\"description\":\"Monaco : actualit\u00e9s \u00e9conomiques, politiques, culturelles et sportives de Monaco et de la French Riviera.\",\"publisher\":{\"@id\":\"https:\\\/\\\/www.monaco-tribune.com\\\/en\\\/#organization\"},\"potentialAction\":[{\"@type\":\"SearchAction\",\"target\":{\"@type\":\"EntryPoint\",\"urlTemplate\":\"https:\\\/\\\/www.monaco-tribune.com\\\/en\\\/?s={search_term_string}\"},\"query-input\":{\"@type\":\"PropertyValueSpecification\",\"valueRequired\":true,\"valueName\":\"search_term_string\"}}],\"inLanguage\":\"en-US\"},{\"@type\":\"Organization\",\"@id\":\"https:\\\/\\\/www.monaco-tribune.com\\\/en\\\/#organization\",\"name\":\"Monaco Tribune\",\"url\":\"https:\\\/\\\/www.monaco-tribune.com\\\/en\\\/\",\"logo\":{\"@type\":\"ImageObject\",\"inLanguage\":\"en-US\",\"@id\":\"https:\\\/\\\/www.monaco-tribune.com\\\/en\\\/#\\\/schema\\\/logo\\\/image\\\/\",\"url\":\"https:\\\/\\\/www.monaco-tribune.com\\\/wp-content\\\/uploads\\\/2022\\\/11\\\/logo-monaco-tribune.png\",\"contentUrl\":\"https:\\\/\\\/www.monaco-tribune.com\\\/wp-content\\\/uploads\\\/2022\\\/11\\\/logo-monaco-tribune.png\",\"width\":1548,\"height\":600,\"caption\":\"Monaco Tribune\"},\"image\":{\"@id\":\"https:\\\/\\\/www.monaco-tribune.com\\\/en\\\/#\\\/schema\\\/logo\\\/image\\\/\"},\"sameAs\":[\"https:\\\/\\\/www.facebook.com\\\/MonacoTribune\",\"https:\\\/\\\/x.com\\\/MonacoTribune\",\"https:\\\/\\\/www.instagram.com\\\/monacotribune\\\/\",\"https:\\\/\\\/www.linkedin.com\\\/company\\\/monaco-tribune\",\"https:\\\/\\\/www.youtube.com\\\/channel\\\/UCHle1MnG6hw1y4lWKijVbMA\"]},{\"@type\":\"Person\",\"@id\":\"https:\\\/\\\/www.monaco-tribune.com\\\/en\\\/#\\\/schema\\\/person\\\/55ce91a070ff78e15ec1817376669bf4\",\"name\":\"Estelle Imbert\",\"image\":{\"@type\":\"ImageObject\",\"inLanguage\":\"en-US\",\"@id\":\"https:\\\/\\\/secure.gravatar.com\\\/avatar\\\/d2e1a3840b1138a669d04f6292bbd810f7f730844d7a28a8e8c4c6da40e79852?s=96&d=mm&r=g\",\"url\":\"https:\\\/\\\/secure.gravatar.com\\\/avatar\\\/d2e1a3840b1138a669d04f6292bbd810f7f730844d7a28a8e8c4c6da40e79852?s=96&d=mm&r=g\",\"contentUrl\":\"https:\\\/\\\/secure.gravatar.com\\\/avatar\\\/d2e1a3840b1138a669d04f6292bbd810f7f730844d7a28a8e8c4c6da40e79852?s=96&d=mm&r=g\",\"caption\":\"Estelle Imbert\"},\"url\":\"https:\\\/\\\/www.monaco-tribune.com\\\/en\\\/author\\\/estelleimbert\\\/\"}]}<\/script>\n<!-- \/ Yoast SEO Premium plugin. -->","yoast_head_json":{"title":"11th edition of Monaco Trott 'n 'roll sets off on 13 September","description":"Grab your rollerblades, scooters and anything with wheels! The Flavien Foundation invites Monegasque families for a day of solidarity dedicated to","robots":{"index":"index","follow":"follow","max-snippet":"max-snippet:-1","max-image-preview":"max-image-preview:large","max-video-preview":"max-video-preview:-1"},"canonical":"https:\/\/www.monaco-tribune.com\/en\/2025\/09\/11th-edition-of-monaco-trott-n-roll-sets-off-on-13-september\/","og_locale":"en_US","og_type":"article","og_title":"11th edition of Monaco Trott 'n 'roll sets off on 13 September - Monaco Tribune","og_description":"Grab your rollerblades, scooters and anything with wheels! The Flavien Foundation invites Monegasque families for a day of solidarity dedicated to","og_url":"https:\/\/www.monaco-tribune.com\/en\/2025\/09\/11th-edition-of-monaco-trott-n-roll-sets-off-on-13-september\/","og_site_name":"Monaco Tribune","article_publisher":"https:\/\/www.facebook.com\/MonacoTribune","article_published_time":"2025-09-04T10:00:30+00:00","article_modified_time":"2025-09-04T10:01:48+00:00","og_image":[{"width":586,"height":330,"url":"https:\/\/www.monaco-tribune.com\/wp-content\/uploads\/2021\/09\/fondation-flavien-trottnroll.jpeg","type":"image\/jpeg"}],"author":"Estelle Imbert","twitter_card":"summary_large_image","twitter_creator":"@MonacoTribune","twitter_site":"@MonacoTribune","schema":{"@context":"https:\/\/schema.org","@graph":[{"@type":"NewsArticle","@id":"https:\/\/www.monaco-tribune.com\/en\/2025\/09\/11th-edition-of-monaco-trott-n-roll-sets-off-on-13-september\/#article","isPartOf":{"@id":"https:\/\/www.monaco-tribune.com\/en\/2025\/09\/11th-edition-of-monaco-trott-n-roll-sets-off-on-13-september\/"},"author":{"name":"Estelle Imbert","@id":"https:\/\/www.monaco-tribune.com\/en\/#\/schema\/person\/55ce91a070ff78e15ec1817376669bf4"},"headline":"11th edition of Monaco Trott &#8216;n &#8216;roll sets off on 13 September","datePublished":"2025-09-04T10:00:30+00:00","dateModified":"2025-09-04T10:01:48+00:00","mainEntityOfPage":{"@id":"https:\/\/www.monaco-tribune.com\/en\/2025\/09\/11th-edition-of-monaco-trott-n-roll-sets-off-on-13-september\/"},"wordCount":307,"publisher":{"@id":"https:\/\/www.monaco-tribune.com\/en\/#organization"},"image":{"@id":"https:\/\/www.monaco-tribune.com\/en\/2025\/09\/11th-edition-of-monaco-trott-n-roll-sets-off-on-13-september\/#primaryimage"},"thumbnailUrl":"https:\/\/www.monaco-tribune.com\/wp-content\/uploads\/2021\/09\/fondation-flavien-trottnroll.jpeg","keywords":["Events"],"articleSection":["News","What&#039;s on"],"inLanguage":"en-US","copyrightYear":"2025","copyrightHolder":{"@id":"https:\/\/www.monaco-tribune.com\/#organization"}},{"@type":"WebPage","@id":"https:\/\/www.monaco-tribune.com\/en\/2025\/09\/11th-edition-of-monaco-trott-n-roll-sets-off-on-13-september\/","url":"https:\/\/www.monaco-tribune.com\/en\/2025\/09\/11th-edition-of-monaco-trott-n-roll-sets-off-on-13-september\/","name":"11th edition of Monaco Trott 'n 'roll sets off on 13 September","isPartOf":{"@id":"https:\/\/www.monaco-tribune.com\/en\/#website"},"primaryImageOfPage":{"@id":"https:\/\/www.monaco-tribune.com\/en\/2025\/09\/11th-edition-of-monaco-trott-n-roll-sets-off-on-13-september\/#primaryimage"},"image":{"@id":"https:\/\/www.monaco-tribune.com\/en\/2025\/09\/11th-edition-of-monaco-trott-n-roll-sets-off-on-13-september\/#primaryimage"},"thumbnailUrl":"https:\/\/www.monaco-tribune.com\/wp-content\/uploads\/2021\/09\/fondation-flavien-trottnroll.jpeg","datePublished":"2025-09-04T10:00:30+00:00","dateModified":"2025-09-04T10:01:48+00:00","description":"Grab your rollerblades, scooters and anything with wheels! The Flavien Foundation invites Monegasque families for a day of solidarity dedicated to","breadcrumb":{"@id":"https:\/\/www.monaco-tribune.com\/en\/2025\/09\/11th-edition-of-monaco-trott-n-roll-sets-off-on-13-september\/#breadcrumb"},"inLanguage":"en-US","potentialAction":[{"@type":"ReadAction","target":["https:\/\/www.monaco-tribune.com\/en\/2025\/09\/11th-edition-of-monaco-trott-n-roll-sets-off-on-13-september\/"]}]},{"@type":"ImageObject","inLanguage":"en-US","@id":"https:\/\/www.monaco-tribune.com\/en\/2025\/09\/11th-edition-of-monaco-trott-n-roll-sets-off-on-13-september\/#primaryimage","url":"https:\/\/www.monaco-tribune.com\/wp-content\/uploads\/2021\/09\/fondation-flavien-trottnroll.jpeg","contentUrl":"https:\/\/www.monaco-tribune.com\/wp-content\/uploads\/2021\/09\/fondation-flavien-trottnroll.jpeg","width":586,"height":330,"caption":"Monaco Trott 'n 'roll launched in 2014 \u00a9 Fondation Flavien"},{"@type":"BreadcrumbList","@id":"https:\/\/www.monaco-tribune.com\/en\/2025\/09\/11th-edition-of-monaco-trott-n-roll-sets-off-on-13-september\/#breadcrumb","itemListElement":[{"@type":"ListItem","position":1,"name":"Accueil","item":"https:\/\/www.monaco-tribune.com\/en\/"},{"@type":"ListItem","position":2,"name":"11th edition of Monaco Trott &#8216;n &#8216;roll sets off on 13 September"}]},{"@type":"WebSite","@id":"https:\/\/www.monaco-tribune.com\/en\/#website","url":"https:\/\/www.monaco-tribune.com\/en\/","name":"Monaco Tribune","description":"Monaco : actualit\u00e9s \u00e9conomiques, politiques, culturelles et sportives de Monaco et de la French Riviera.","publisher":{"@id":"https:\/\/www.monaco-tribune.com\/en\/#organization"},"potentialAction":[{"@type":"SearchAction","target":{"@type":"EntryPoint","urlTemplate":"https:\/\/www.monaco-tribune.com\/en\/?s={search_term_string}"},"query-input":{"@type":"PropertyValueSpecification","valueRequired":true,"valueName":"search_term_string"}}],"inLanguage":"en-US"},{"@type":"Organization","@id":"https:\/\/www.monaco-tribune.com\/en\/#organization","name":"Monaco Tribune","url":"https:\/\/www.monaco-tribune.com\/en\/","logo":{"@type":"ImageObject","inLanguage":"en-US","@id":"https:\/\/www.monaco-tribune.com\/en\/#\/schema\/logo\/image\/","url":"https:\/\/www.monaco-tribune.com\/wp-content\/uploads\/2022\/11\/logo-monaco-tribune.png","contentUrl":"https:\/\/www.monaco-tribune.com\/wp-content\/uploads\/2022\/11\/logo-monaco-tribune.png","width":1548,"height":600,"caption":"Monaco Tribune"},"image":{"@id":"https:\/\/www.monaco-tribune.com\/en\/#\/schema\/logo\/image\/"},"sameAs":["https:\/\/www.facebook.com\/MonacoTribune","https:\/\/x.com\/MonacoTribune","https:\/\/www.instagram.com\/monacotribune\/","https:\/\/www.linkedin.com\/company\/monaco-tribune","https:\/\/www.youtube.com\/channel\/UCHle1MnG6hw1y4lWKijVbMA"]},{"@type":"Person","@id":"https:\/\/www.monaco-tribune.com\/en\/#\/schema\/person\/55ce91a070ff78e15ec1817376669bf4","name":"Estelle Imbert","image":{"@type":"ImageObject","inLanguage":"en-US","@id":"https:\/\/secure.gravatar.com\/avatar\/d2e1a3840b1138a669d04f6292bbd810f7f730844d7a28a8e8c4c6da40e79852?s=96&d=mm&r=g","url":"https:\/\/secure.gravatar.com\/avatar\/d2e1a3840b1138a669d04f6292bbd810f7f730844d7a28a8e8c4c6da40e79852?s=96&d=mm&r=g","contentUrl":"https:\/\/secure.gravatar.com\/avatar\/d2e1a3840b1138a669d04f6292bbd810f7f730844d7a28a8e8c4c6da40e79852?s=96&d=mm&r=g","caption":"Estelle Imbert"},"url":"https:\/\/www.monaco-tribune.com\/en\/author\/estelleimbert\/"}]}},"_links":{"self":[{"href":"https:\/\/www.monaco-tribune.com\/en\/wp-json\/wp\/v2\/posts\/312510","targetHints":{"allow":["GET"]}}],"collection":[{"href":"https:\/\/www.monaco-tribune.com\/en\/wp-json\/wp\/v2\/posts"}],"about":[{"href":"https:\/\/www.monaco-tribune.com\/en\/wp-json\/wp\/v2\/types\/post"}],"author":[{"embeddable":true,"href":"https:\/\/www.monaco-tribune.com\/en\/wp-json\/wp\/v2\/users\/80"}],"replies":[{"embeddable":true,"href":"https:\/\/www.monaco-tribune.com\/en\/wp-json\/wp\/v2\/comments?post=312510"}],"version-history":[{"count":2,"href":"https:\/\/www.monaco-tribune.com\/en\/wp-json\/wp\/v2\/posts\/312510\/revisions"}],"predecessor-version":[{"id":312513,"href":"https:\/\/www.monaco-tribune.com\/en\/wp-json\/wp\/v2\/posts\/312510\/revisions\/312513"}],"wp:featuredmedia":[{"embeddable":true,"href":"https:\/\/www.monaco-tribune.com\/en\/wp-json\/wp\/v2\/media\/93039"}],"wp:attachment":[{"href":"https:\/\/www.monaco-tribune.com\/en\/wp-json\/wp\/v2\/media?parent=312510"}],"wp:term":[{"taxonomy":"category","embeddable":true,"href":"https:\/\/www.monaco-tribune.com\/en\/wp-json\/wp\/v2\/categories?post=312510"},{"taxonomy":"post_tag","embeddable":true,"href":"https:\/\/www.monaco-tribune.com\/en\/wp-json\/wp\/v2\/tags?post=312510"},{"taxonomy":"sectag","embeddable":true,"href":"https:\/\/www.monaco-tribune.com\/en\/wp-json\/wp\/v2\/post_sectags?post=312510"},{"taxonomy":"format","embeddable":true,"href":"https:\/\/www.monaco-tribune.com\/en\/wp-json\/wp\/v2\/post_format?post=312510"}],"curies":[{"name":"wp","href":"https:\/\/api.w.org\/{rel}","templated":true}]}}