{"id":312826,"date":"2025-09-05T15:35:33","date_gmt":"2025-09-05T13:35:33","guid":{"rendered":"https:\/\/www.monaco-tribune.com\/2025\/09\/ai-education-and-entrepreneurship-tomorrows-economy-in-focus-at-monaco-business-show\/"},"modified":"2025-09-05T15:38:49","modified_gmt":"2025-09-05T13:38:49","slug":"ai-education-and-entrepreneurship-tomorrows-economy-in-focus-at-monaco-business-show","status":"publish","type":"post","link":"https:\/\/www.monaco-tribune.com\/en\/2025\/09\/ai-education-and-entrepreneurship-tomorrows-economy-in-focus-at-monaco-business-show\/","title":{"rendered":"AI, education and entrepreneurship\u2026 tomorrow&#8217;s economy in focus at Monaco Business show"},"content":{"rendered":"\n<p><strong>The Principality will host the 13th edition of the Monaco Business show, bringing together numerous economic players from the region.<\/strong><\/p>\n\n\n\n<p>The Monegasque and C\u00f4te d\u2019Azur business community will gather on 18 September at the Sea Club of the H\u00f4tel M\u00e9ridien Beach Plaza. Held under the High Patronage of Prince Albert II, the event will feature an official inauguration by the Sovereign, followed by an opening address from the new Minister of State, Christophe Mirmand.<\/p>\n\n\n\n<p class=\"related\"><a href=\"https:\/\/www.monaco-tribune.com\/en\/2025\/09\/remon-vos-logistics-magnate-sailing-enthusiast-and-loyal-friend-of-monaco\/\">Remon Vos: logistics magnate, sailing enthusiast and loyal friend of Monaco<\/a><\/p>\n\n\n\n<h2 class=\"wp-block-heading\" id=\"h-future-focused-topics-at-the-centre-of-discussions\">Future-focused topics at the centre of discussions<\/h2>\n\n\n\n<p>The 2025 program will tackle contemporary business challenges. Panel discussions and conferences will animate this annual gathering. Mathilde Lemoine, Chief Economist at Edmond de Rothschild Group, will analyse Monaco\u2019s economic attractiveness in a rapidly changing global context. Artificial intelligence will also take centre stage, with Mounir Mahjoubi, former French Secretary of State for Digital Affairs, exploring the Principality\u2019s digital sovereignty challenges.<\/p>\n\n\n\n<figure class=\"wp-block-embed is-type-wp-embed is-provider-monaco-tribune wp-block-embed-monaco-tribune\"><div class=\"wp-block-embed__wrapper\">\n<blockquote class=\"wp-embedded-content\" data-secret=\"xtjEAgHLAe\"><a href=\"https:\/\/www.monaco-tribune.com\/2025\/06\/du-big-data-a-lia-25-ans-devolution-technologique-a-monaco-celebres-par-ladim\/\">Du Big data \u00e0 l&rsquo;IA : 25 ans d&rsquo;\u00e9volution technologique \u00e0 Monaco c\u00e9l\u00e9br\u00e9s par l&rsquo;ADIM<\/a><\/blockquote><iframe class=\"wp-embedded-content\" sandbox=\"allow-scripts\" security=\"restricted\" style=\"position: absolute; visibility: hidden;\" title=\"&#8220;Du Big data \u00e0 l&rsquo;IA : 25 ans d&rsquo;\u00e9volution technologique \u00e0 Monaco c\u00e9l\u00e9br\u00e9s par l&rsquo;ADIM&#8221; &#8212; Monaco Tribune\" src=\"https:\/\/www.monaco-tribune.com\/2025\/06\/du-big-data-a-lia-25-ans-devolution-technologique-a-monaco-celebres-par-ladim\/embed\/#?secret=9u6kJaZ9fJ#?secret=xtjEAgHLAe\" data-secret=\"xtjEAgHLAe\" width=\"500\" height=\"282\" frameborder=\"0\" marginwidth=\"0\" marginheight=\"0\" scrolling=\"no\"><\/iframe>\n<\/div><\/figure>\n\n\n\n<p>The educational dimension will be represented by Lionel Beffre, Government Counselor\u2013Minister of the Interior, who will present Monaco\u2019s model of excellence. Cyril Linette, a leading figure in economic journalism and future director of the 2030 French Alps Winter Olympics, will share his vision of modern entrepreneurship.<\/p>\n\n\n\n<h2 class=\"wp-block-heading\" id=\"h-innovation-and-training-on-the-agenda\">Innovation and training on the agenda<\/h2>\n\n\n\n<p>Three mini-conferences will bring depth to this edition, including a hands-on workshop titled \u201c3 outils, 3 leviers, 21 minutes pour tout changer\/3 tools, 3 levers, 21 minutes to change everything\u201d, led by corporate strategy experts. The event will conclude with the presentation of the Monaco Business Award.<br><\/p>\n\n\n\n<p>Entry is free following registration via the <a href=\"https:\/\/monacobusinessexpo.com\/\">show\u2019s website<\/a>. Around sixty exhibitors will welcome visitors from 8:30 am to 6:30 pm.<\/p>\n","protected":false},"excerpt":{"rendered":"<p>The Principality will host the 13th edition of the Monaco Business show, bringing together numerous economic players from the region. [&hellip;]<\/p>\n","protected":false},"author":21,"featured_media":312285,"comment_status":"closed","ping_status":"closed","sticky":false,"template":"","format":"standard","meta":{"_acf_changed":false,"footnotes":""},"categories":[247,243],"tags":[2844],"post_sectags":[5352],"post_format":[2452],"class_list":["post-312826","post","type-post","status-publish","format-standard","has-post-thumbnail","hentry","category-business","category-news","tag-events-en","sectag-entrepreneuriat-en","format-events"],"acf":[],"yoast_head":"<!-- This site is optimized with the Yoast SEO Premium plugin v27.5 (Yoast SEO v27.5) - https:\/\/yoast.com\/product\/yoast-seo-premium-wordpress\/ -->\n<title>AI, education and entrepreneurship\u2026 tomorrow&#039;s economy in focus at Monaco Business show<\/title>\n<meta name=\"description\" content=\"The Principality will host the 13th edition of the Monaco Business show, bringing together numerous economic players from the region. The Monegasque and\" \/>\n<meta name=\"robots\" content=\"index, follow, max-snippet:-1, max-image-preview:large, max-video-preview:-1\" \/>\n<link rel=\"canonical\" href=\"https:\/\/www.monaco-tribune.com\/en\/2025\/09\/ai-education-and-entrepreneurship-tomorrows-economy-in-focus-at-monaco-business-show\/\" \/>\n<meta property=\"og:locale\" content=\"en_US\" \/>\n<meta property=\"og:type\" content=\"article\" \/>\n<meta property=\"og:title\" content=\"AI, education and entrepreneurship\u2026 tomorrow&#039;s economy in focus at Monaco Business show - Monaco Tribune\" \/>\n<meta property=\"og:description\" content=\"The Principality will host the 13th edition of the Monaco Business show, bringing together numerous economic players from the region. The Monegasque and\" \/>\n<meta property=\"og:url\" content=\"https:\/\/www.monaco-tribune.com\/en\/2025\/09\/ai-education-and-entrepreneurship-tomorrows-economy-in-focus-at-monaco-business-show\/\" \/>\n<meta property=\"og:site_name\" content=\"Monaco Tribune\" \/>\n<meta property=\"article:publisher\" content=\"https:\/\/www.facebook.com\/MonacoTribune\" \/>\n<meta property=\"article:published_time\" content=\"2025-09-05T13:35:33+00:00\" \/>\n<meta property=\"article:modified_time\" content=\"2025-09-05T13:38:49+00:00\" \/>\n<meta property=\"og:image\" content=\"https:\/\/www.monaco-tribune.com\/wp-content\/uploads\/2025\/09\/hunters-race-mybhn8kaaec-unsplash-grande.jpeg\" \/>\n\t<meta property=\"og:image:width\" content=\"1280\" \/>\n\t<meta property=\"og:image:height\" content=\"853\" \/>\n\t<meta property=\"og:image:type\" content=\"image\/jpeg\" \/>\n<meta name=\"author\" content=\"Monaco Tribune\" \/>\n<meta name=\"twitter:card\" content=\"summary_large_image\" \/>\n<meta name=\"twitter:creator\" content=\"@MonacoTribune\" \/>\n<meta name=\"twitter:site\" content=\"@MonacoTribune\" \/>\n<script type=\"application\/ld+json\" class=\"yoast-schema-graph\">{\"@context\":\"https:\\\/\\\/schema.org\",\"@graph\":[{\"@type\":\"NewsArticle\",\"@id\":\"https:\\\/\\\/www.monaco-tribune.com\\\/en\\\/2025\\\/09\\\/ai-education-and-entrepreneurship-tomorrows-economy-in-focus-at-monaco-business-show\\\/#article\",\"isPartOf\":{\"@id\":\"https:\\\/\\\/www.monaco-tribune.com\\\/en\\\/2025\\\/09\\\/ai-education-and-entrepreneurship-tomorrows-economy-in-focus-at-monaco-business-show\\\/\"},\"author\":{\"name\":\"Monaco Tribune\",\"@id\":\"https:\\\/\\\/www.monaco-tribune.com\\\/en\\\/#\\\/schema\\\/person\\\/8f6ed8c063276e2397589eda5b7a2f2d\"},\"headline\":\"AI, education and entrepreneurship\u2026 tomorrow&#8217;s economy in focus at Monaco Business show\",\"datePublished\":\"2025-09-05T13:35:33+00:00\",\"dateModified\":\"2025-09-05T13:38:49+00:00\",\"mainEntityOfPage\":{\"@id\":\"https:\\\/\\\/www.monaco-tribune.com\\\/en\\\/2025\\\/09\\\/ai-education-and-entrepreneurship-tomorrows-economy-in-focus-at-monaco-business-show\\\/\"},\"wordCount\":291,\"publisher\":{\"@id\":\"https:\\\/\\\/www.monaco-tribune.com\\\/en\\\/#organization\"},\"image\":{\"@id\":\"https:\\\/\\\/www.monaco-tribune.com\\\/en\\\/2025\\\/09\\\/ai-education-and-entrepreneurship-tomorrows-economy-in-focus-at-monaco-business-show\\\/#primaryimage\"},\"thumbnailUrl\":\"https:\\\/\\\/www.monaco-tribune.com\\\/wp-content\\\/uploads\\\/2025\\\/09\\\/hunters-race-mybhn8kaaec-unsplash-grande.jpeg\",\"keywords\":[\"Events\"],\"articleSection\":[\"Business\",\"News\"],\"inLanguage\":\"en-US\",\"copyrightYear\":\"2025\",\"copyrightHolder\":{\"@id\":\"https:\\\/\\\/www.monaco-tribune.com\\\/#organization\"}},{\"@type\":\"WebPage\",\"@id\":\"https:\\\/\\\/www.monaco-tribune.com\\\/en\\\/2025\\\/09\\\/ai-education-and-entrepreneurship-tomorrows-economy-in-focus-at-monaco-business-show\\\/\",\"url\":\"https:\\\/\\\/www.monaco-tribune.com\\\/en\\\/2025\\\/09\\\/ai-education-and-entrepreneurship-tomorrows-economy-in-focus-at-monaco-business-show\\\/\",\"name\":\"AI, education and entrepreneurship\u2026 tomorrow's economy in focus at Monaco Business show\",\"isPartOf\":{\"@id\":\"https:\\\/\\\/www.monaco-tribune.com\\\/en\\\/#website\"},\"primaryImageOfPage\":{\"@id\":\"https:\\\/\\\/www.monaco-tribune.com\\\/en\\\/2025\\\/09\\\/ai-education-and-entrepreneurship-tomorrows-economy-in-focus-at-monaco-business-show\\\/#primaryimage\"},\"image\":{\"@id\":\"https:\\\/\\\/www.monaco-tribune.com\\\/en\\\/2025\\\/09\\\/ai-education-and-entrepreneurship-tomorrows-economy-in-focus-at-monaco-business-show\\\/#primaryimage\"},\"thumbnailUrl\":\"https:\\\/\\\/www.monaco-tribune.com\\\/wp-content\\\/uploads\\\/2025\\\/09\\\/hunters-race-mybhn8kaaec-unsplash-grande.jpeg\",\"datePublished\":\"2025-09-05T13:35:33+00:00\",\"dateModified\":\"2025-09-05T13:38:49+00:00\",\"description\":\"The Principality will host the 13th edition of the Monaco Business show, bringing together numerous economic players from the region. The Monegasque and\",\"breadcrumb\":{\"@id\":\"https:\\\/\\\/www.monaco-tribune.com\\\/en\\\/2025\\\/09\\\/ai-education-and-entrepreneurship-tomorrows-economy-in-focus-at-monaco-business-show\\\/#breadcrumb\"},\"inLanguage\":\"en-US\",\"potentialAction\":[{\"@type\":\"ReadAction\",\"target\":[\"https:\\\/\\\/www.monaco-tribune.com\\\/en\\\/2025\\\/09\\\/ai-education-and-entrepreneurship-tomorrows-economy-in-focus-at-monaco-business-show\\\/\"]}]},{\"@type\":\"ImageObject\",\"inLanguage\":\"en-US\",\"@id\":\"https:\\\/\\\/www.monaco-tribune.com\\\/en\\\/2025\\\/09\\\/ai-education-and-entrepreneurship-tomorrows-economy-in-focus-at-monaco-business-show\\\/#primaryimage\",\"url\":\"https:\\\/\\\/www.monaco-tribune.com\\\/wp-content\\\/uploads\\\/2025\\\/09\\\/hunters-race-mybhn8kaaec-unsplash-grande.jpeg\",\"contentUrl\":\"https:\\\/\\\/www.monaco-tribune.com\\\/wp-content\\\/uploads\\\/2025\\\/09\\\/hunters-race-mybhn8kaaec-unsplash-grande.jpeg\",\"width\":1280,\"height\":853,\"caption\":\"The 13th edition of Monaco Business will take place on Thursday, September 18 \u00a9 Hunters Race \u2013 Unsplash\"},{\"@type\":\"BreadcrumbList\",\"@id\":\"https:\\\/\\\/www.monaco-tribune.com\\\/en\\\/2025\\\/09\\\/ai-education-and-entrepreneurship-tomorrows-economy-in-focus-at-monaco-business-show\\\/#breadcrumb\",\"itemListElement\":[{\"@type\":\"ListItem\",\"position\":1,\"name\":\"Accueil\",\"item\":\"https:\\\/\\\/www.monaco-tribune.com\\\/en\\\/\"},{\"@type\":\"ListItem\",\"position\":2,\"name\":\"AI, education and entrepreneurship\u2026 tomorrow&rsquo;s economy in focus at Monaco Business show\"}]},{\"@type\":\"WebSite\",\"@id\":\"https:\\\/\\\/www.monaco-tribune.com\\\/en\\\/#website\",\"url\":\"https:\\\/\\\/www.monaco-tribune.com\\\/en\\\/\",\"name\":\"Monaco Tribune\",\"description\":\"Monaco : actualit\u00e9s \u00e9conomiques, politiques, culturelles et sportives de Monaco et de la French Riviera.\",\"publisher\":{\"@id\":\"https:\\\/\\\/www.monaco-tribune.com\\\/en\\\/#organization\"},\"potentialAction\":[{\"@type\":\"SearchAction\",\"target\":{\"@type\":\"EntryPoint\",\"urlTemplate\":\"https:\\\/\\\/www.monaco-tribune.com\\\/en\\\/?s={search_term_string}\"},\"query-input\":{\"@type\":\"PropertyValueSpecification\",\"valueRequired\":true,\"valueName\":\"search_term_string\"}}],\"inLanguage\":\"en-US\"},{\"@type\":\"Organization\",\"@id\":\"https:\\\/\\\/www.monaco-tribune.com\\\/en\\\/#organization\",\"name\":\"Monaco Tribune\",\"url\":\"https:\\\/\\\/www.monaco-tribune.com\\\/en\\\/\",\"logo\":{\"@type\":\"ImageObject\",\"inLanguage\":\"en-US\",\"@id\":\"https:\\\/\\\/www.monaco-tribune.com\\\/en\\\/#\\\/schema\\\/logo\\\/image\\\/\",\"url\":\"https:\\\/\\\/www.monaco-tribune.com\\\/wp-content\\\/uploads\\\/2022\\\/11\\\/logo-monaco-tribune.png\",\"contentUrl\":\"https:\\\/\\\/www.monaco-tribune.com\\\/wp-content\\\/uploads\\\/2022\\\/11\\\/logo-monaco-tribune.png\",\"width\":1548,\"height\":600,\"caption\":\"Monaco Tribune\"},\"image\":{\"@id\":\"https:\\\/\\\/www.monaco-tribune.com\\\/en\\\/#\\\/schema\\\/logo\\\/image\\\/\"},\"sameAs\":[\"https:\\\/\\\/www.facebook.com\\\/MonacoTribune\",\"https:\\\/\\\/x.com\\\/MonacoTribune\",\"https:\\\/\\\/www.instagram.com\\\/monacotribune\\\/\",\"https:\\\/\\\/www.linkedin.com\\\/company\\\/monaco-tribune\",\"https:\\\/\\\/www.youtube.com\\\/channel\\\/UCHle1MnG6hw1y4lWKijVbMA\"]},{\"@type\":\"Person\",\"@id\":\"https:\\\/\\\/www.monaco-tribune.com\\\/en\\\/#\\\/schema\\\/person\\\/8f6ed8c063276e2397589eda5b7a2f2d\",\"name\":\"Monaco Tribune\",\"image\":{\"@type\":\"ImageObject\",\"inLanguage\":\"en-US\",\"@id\":\"https:\\\/\\\/secure.gravatar.com\\\/avatar\\\/3010e6c5d6c8056ec1c25228fe68ea089879e5ae0de884e0247744ee988aaf6a?s=96&d=mm&r=g\",\"url\":\"https:\\\/\\\/secure.gravatar.com\\\/avatar\\\/3010e6c5d6c8056ec1c25228fe68ea089879e5ae0de884e0247744ee988aaf6a?s=96&d=mm&r=g\",\"contentUrl\":\"https:\\\/\\\/secure.gravatar.com\\\/avatar\\\/3010e6c5d6c8056ec1c25228fe68ea089879e5ae0de884e0247744ee988aaf6a?s=96&d=mm&r=g\",\"caption\":\"Monaco Tribune\"},\"url\":\"https:\\\/\\\/www.monaco-tribune.com\\\/en\\\/author\\\/monaco-tribune\\\/\"}]}<\/script>\n<!-- \/ Yoast SEO Premium plugin. -->","yoast_head_json":{"title":"AI, education and entrepreneurship\u2026 tomorrow's economy in focus at Monaco Business show","description":"The Principality will host the 13th edition of the Monaco Business show, bringing together numerous economic players from the region. The Monegasque and","robots":{"index":"index","follow":"follow","max-snippet":"max-snippet:-1","max-image-preview":"max-image-preview:large","max-video-preview":"max-video-preview:-1"},"canonical":"https:\/\/www.monaco-tribune.com\/en\/2025\/09\/ai-education-and-entrepreneurship-tomorrows-economy-in-focus-at-monaco-business-show\/","og_locale":"en_US","og_type":"article","og_title":"AI, education and entrepreneurship\u2026 tomorrow's economy in focus at Monaco Business show - Monaco Tribune","og_description":"The Principality will host the 13th edition of the Monaco Business show, bringing together numerous economic players from the region. The Monegasque and","og_url":"https:\/\/www.monaco-tribune.com\/en\/2025\/09\/ai-education-and-entrepreneurship-tomorrows-economy-in-focus-at-monaco-business-show\/","og_site_name":"Monaco Tribune","article_publisher":"https:\/\/www.facebook.com\/MonacoTribune","article_published_time":"2025-09-05T13:35:33+00:00","article_modified_time":"2025-09-05T13:38:49+00:00","og_image":[{"width":1280,"height":853,"url":"https:\/\/www.monaco-tribune.com\/wp-content\/uploads\/2025\/09\/hunters-race-mybhn8kaaec-unsplash-grande.jpeg","type":"image\/jpeg"}],"author":"Monaco Tribune","twitter_card":"summary_large_image","twitter_creator":"@MonacoTribune","twitter_site":"@MonacoTribune","schema":{"@context":"https:\/\/schema.org","@graph":[{"@type":"NewsArticle","@id":"https:\/\/www.monaco-tribune.com\/en\/2025\/09\/ai-education-and-entrepreneurship-tomorrows-economy-in-focus-at-monaco-business-show\/#article","isPartOf":{"@id":"https:\/\/www.monaco-tribune.com\/en\/2025\/09\/ai-education-and-entrepreneurship-tomorrows-economy-in-focus-at-monaco-business-show\/"},"author":{"name":"Monaco Tribune","@id":"https:\/\/www.monaco-tribune.com\/en\/#\/schema\/person\/8f6ed8c063276e2397589eda5b7a2f2d"},"headline":"AI, education and entrepreneurship\u2026 tomorrow&#8217;s economy in focus at Monaco Business show","datePublished":"2025-09-05T13:35:33+00:00","dateModified":"2025-09-05T13:38:49+00:00","mainEntityOfPage":{"@id":"https:\/\/www.monaco-tribune.com\/en\/2025\/09\/ai-education-and-entrepreneurship-tomorrows-economy-in-focus-at-monaco-business-show\/"},"wordCount":291,"publisher":{"@id":"https:\/\/www.monaco-tribune.com\/en\/#organization"},"image":{"@id":"https:\/\/www.monaco-tribune.com\/en\/2025\/09\/ai-education-and-entrepreneurship-tomorrows-economy-in-focus-at-monaco-business-show\/#primaryimage"},"thumbnailUrl":"https:\/\/www.monaco-tribune.com\/wp-content\/uploads\/2025\/09\/hunters-race-mybhn8kaaec-unsplash-grande.jpeg","keywords":["Events"],"articleSection":["Business","News"],"inLanguage":"en-US","copyrightYear":"2025","copyrightHolder":{"@id":"https:\/\/www.monaco-tribune.com\/#organization"}},{"@type":"WebPage","@id":"https:\/\/www.monaco-tribune.com\/en\/2025\/09\/ai-education-and-entrepreneurship-tomorrows-economy-in-focus-at-monaco-business-show\/","url":"https:\/\/www.monaco-tribune.com\/en\/2025\/09\/ai-education-and-entrepreneurship-tomorrows-economy-in-focus-at-monaco-business-show\/","name":"AI, education and entrepreneurship\u2026 tomorrow's economy in focus at Monaco Business show","isPartOf":{"@id":"https:\/\/www.monaco-tribune.com\/en\/#website"},"primaryImageOfPage":{"@id":"https:\/\/www.monaco-tribune.com\/en\/2025\/09\/ai-education-and-entrepreneurship-tomorrows-economy-in-focus-at-monaco-business-show\/#primaryimage"},"image":{"@id":"https:\/\/www.monaco-tribune.com\/en\/2025\/09\/ai-education-and-entrepreneurship-tomorrows-economy-in-focus-at-monaco-business-show\/#primaryimage"},"thumbnailUrl":"https:\/\/www.monaco-tribune.com\/wp-content\/uploads\/2025\/09\/hunters-race-mybhn8kaaec-unsplash-grande.jpeg","datePublished":"2025-09-05T13:35:33+00:00","dateModified":"2025-09-05T13:38:49+00:00","description":"The Principality will host the 13th edition of the Monaco Business show, bringing together numerous economic players from the region. The Monegasque and","breadcrumb":{"@id":"https:\/\/www.monaco-tribune.com\/en\/2025\/09\/ai-education-and-entrepreneurship-tomorrows-economy-in-focus-at-monaco-business-show\/#breadcrumb"},"inLanguage":"en-US","potentialAction":[{"@type":"ReadAction","target":["https:\/\/www.monaco-tribune.com\/en\/2025\/09\/ai-education-and-entrepreneurship-tomorrows-economy-in-focus-at-monaco-business-show\/"]}]},{"@type":"ImageObject","inLanguage":"en-US","@id":"https:\/\/www.monaco-tribune.com\/en\/2025\/09\/ai-education-and-entrepreneurship-tomorrows-economy-in-focus-at-monaco-business-show\/#primaryimage","url":"https:\/\/www.monaco-tribune.com\/wp-content\/uploads\/2025\/09\/hunters-race-mybhn8kaaec-unsplash-grande.jpeg","contentUrl":"https:\/\/www.monaco-tribune.com\/wp-content\/uploads\/2025\/09\/hunters-race-mybhn8kaaec-unsplash-grande.jpeg","width":1280,"height":853,"caption":"The 13th edition of Monaco Business will take place on Thursday, September 18 \u00a9 Hunters Race \u2013 Unsplash"},{"@type":"BreadcrumbList","@id":"https:\/\/www.monaco-tribune.com\/en\/2025\/09\/ai-education-and-entrepreneurship-tomorrows-economy-in-focus-at-monaco-business-show\/#breadcrumb","itemListElement":[{"@type":"ListItem","position":1,"name":"Accueil","item":"https:\/\/www.monaco-tribune.com\/en\/"},{"@type":"ListItem","position":2,"name":"AI, education and entrepreneurship\u2026 tomorrow&rsquo;s economy in focus at Monaco Business show"}]},{"@type":"WebSite","@id":"https:\/\/www.monaco-tribune.com\/en\/#website","url":"https:\/\/www.monaco-tribune.com\/en\/","name":"Monaco Tribune","description":"Monaco : actualit\u00e9s \u00e9conomiques, politiques, culturelles et sportives de Monaco et de la French Riviera.","publisher":{"@id":"https:\/\/www.monaco-tribune.com\/en\/#organization"},"potentialAction":[{"@type":"SearchAction","target":{"@type":"EntryPoint","urlTemplate":"https:\/\/www.monaco-tribune.com\/en\/?s={search_term_string}"},"query-input":{"@type":"PropertyValueSpecification","valueRequired":true,"valueName":"search_term_string"}}],"inLanguage":"en-US"},{"@type":"Organization","@id":"https:\/\/www.monaco-tribune.com\/en\/#organization","name":"Monaco Tribune","url":"https:\/\/www.monaco-tribune.com\/en\/","logo":{"@type":"ImageObject","inLanguage":"en-US","@id":"https:\/\/www.monaco-tribune.com\/en\/#\/schema\/logo\/image\/","url":"https:\/\/www.monaco-tribune.com\/wp-content\/uploads\/2022\/11\/logo-monaco-tribune.png","contentUrl":"https:\/\/www.monaco-tribune.com\/wp-content\/uploads\/2022\/11\/logo-monaco-tribune.png","width":1548,"height":600,"caption":"Monaco Tribune"},"image":{"@id":"https:\/\/www.monaco-tribune.com\/en\/#\/schema\/logo\/image\/"},"sameAs":["https:\/\/www.facebook.com\/MonacoTribune","https:\/\/x.com\/MonacoTribune","https:\/\/www.instagram.com\/monacotribune\/","https:\/\/www.linkedin.com\/company\/monaco-tribune","https:\/\/www.youtube.com\/channel\/UCHle1MnG6hw1y4lWKijVbMA"]},{"@type":"Person","@id":"https:\/\/www.monaco-tribune.com\/en\/#\/schema\/person\/8f6ed8c063276e2397589eda5b7a2f2d","name":"Monaco Tribune","image":{"@type":"ImageObject","inLanguage":"en-US","@id":"https:\/\/secure.gravatar.com\/avatar\/3010e6c5d6c8056ec1c25228fe68ea089879e5ae0de884e0247744ee988aaf6a?s=96&d=mm&r=g","url":"https:\/\/secure.gravatar.com\/avatar\/3010e6c5d6c8056ec1c25228fe68ea089879e5ae0de884e0247744ee988aaf6a?s=96&d=mm&r=g","contentUrl":"https:\/\/secure.gravatar.com\/avatar\/3010e6c5d6c8056ec1c25228fe68ea089879e5ae0de884e0247744ee988aaf6a?s=96&d=mm&r=g","caption":"Monaco Tribune"},"url":"https:\/\/www.monaco-tribune.com\/en\/author\/monaco-tribune\/"}]}},"_links":{"self":[{"href":"https:\/\/www.monaco-tribune.com\/en\/wp-json\/wp\/v2\/posts\/312826","targetHints":{"allow":["GET"]}}],"collection":[{"href":"https:\/\/www.monaco-tribune.com\/en\/wp-json\/wp\/v2\/posts"}],"about":[{"href":"https:\/\/www.monaco-tribune.com\/en\/wp-json\/wp\/v2\/types\/post"}],"author":[{"embeddable":true,"href":"https:\/\/www.monaco-tribune.com\/en\/wp-json\/wp\/v2\/users\/21"}],"replies":[{"embeddable":true,"href":"https:\/\/www.monaco-tribune.com\/en\/wp-json\/wp\/v2\/comments?post=312826"}],"version-history":[{"count":2,"href":"https:\/\/www.monaco-tribune.com\/en\/wp-json\/wp\/v2\/posts\/312826\/revisions"}],"predecessor-version":[{"id":312833,"href":"https:\/\/www.monaco-tribune.com\/en\/wp-json\/wp\/v2\/posts\/312826\/revisions\/312833"}],"wp:featuredmedia":[{"embeddable":true,"href":"https:\/\/www.monaco-tribune.com\/en\/wp-json\/wp\/v2\/media\/312285"}],"wp:attachment":[{"href":"https:\/\/www.monaco-tribune.com\/en\/wp-json\/wp\/v2\/media?parent=312826"}],"wp:term":[{"taxonomy":"category","embeddable":true,"href":"https:\/\/www.monaco-tribune.com\/en\/wp-json\/wp\/v2\/categories?post=312826"},{"taxonomy":"post_tag","embeddable":true,"href":"https:\/\/www.monaco-tribune.com\/en\/wp-json\/wp\/v2\/tags?post=312826"},{"taxonomy":"sectag","embeddable":true,"href":"https:\/\/www.monaco-tribune.com\/en\/wp-json\/wp\/v2\/post_sectags?post=312826"},{"taxonomy":"format","embeddable":true,"href":"https:\/\/www.monaco-tribune.com\/en\/wp-json\/wp\/v2\/post_format?post=312826"}],"curies":[{"name":"wp","href":"https:\/\/api.w.org\/{rel}","templated":true}]}}