{"id":317725,"date":"2025-10-03T17:51:02","date_gmt":"2025-10-03T15:51:02","guid":{"rendered":"https:\/\/www.monaco-tribune.com\/2025\/10\/la-condamine-market-unveils-temporary-layout-on-place-darmes\/"},"modified":"2025-10-03T17:52:56","modified_gmt":"2025-10-03T15:52:56","slug":"la-condamine-market-unveils-temporary-layout-on-place-darmes","status":"publish","type":"post","link":"https:\/\/www.monaco-tribune.com\/en\/2025\/10\/la-condamine-market-unveils-temporary-layout-on-place-darmes\/","title":{"rendered":"La Condamine market unveils temporary layout on Place d&#8217;Armes"},"content":{"rendered":"\n<p><strong>On Tuesday, Monaco Town Hall presented the first visuals of the temporary layout that will accommodate its traders during the 13 months of refurbishment work, from January 2026 to early 2027.<\/strong><\/p>\n\n<p>At a press conference held on 1 October, Georges Marsan confirmed that planning permission had been officially submitted to the government authorities for\u00a0<a href=\"https:\/\/www.monaco-tribune.com\/en\/2025\/03\/la-condamine-market-refit-what-do-our-readers-think\/\">the restructuring of La Condamine market<\/a>.\u00a0<em>&#8220;It&#8217;s essential that the venue, so dear to the people of Monaco, can continue to function! It&#8217;s a place where people can swap ideas and enjoy each other&#8217;s company, and it&#8217;s important to maintain consumer habits. I intend to make sure of it!&#8221; <\/em>said the Mayor.<\/p>\n\n<p>According to the provisional timetable, the kiosks will be installed in January 2026, enabling traders to carry on in the current food hall until the end-of-year festivities. The new market is due to open in early 2027.<\/p>\n<div class=\"wp-block-image\">\n<figure class=\"aligncenter size-large\"><img loading=\"lazy\" decoding=\"async\" width=\"1024\" height=\"576\" src=\"https:\/\/www.monaco-tribune.com\/wp-content\/uploads\/2025\/10\/marche-condamine-travaux-amenagement-temporaire3-1024x576.jpeg\" alt=\"The press conference was held in the council chamber &#xA9; Mairie de Monaco\" class=\"wp-image-317256\" srcset=\"https:\/\/www.monaco-tribune.com\/wp-content\/uploads\/2025\/10\/marche-condamine-travaux-amenagement-temporaire3-1024x576.jpeg 1024w, https:\/\/www.monaco-tribune.com\/wp-content\/uploads\/2025\/10\/marche-condamine-travaux-amenagement-temporaire3-533x300.jpeg 533w, https:\/\/www.monaco-tribune.com\/wp-content\/uploads\/2025\/10\/marche-condamine-travaux-amenagement-temporaire3.jpeg 1280w\" sizes=\"auto, (max-width: 1024px) 100vw, 1024px\" \/><figcaption class=\"wp-element-caption\"><em>The press conference was held in the council chamber<\/em>\u00a0\u00a9 Mairie de Monaco<\/figcaption><\/figure>\n<\/div>\n<h2 class=\"wp-block-heading\" id=\"h-des-infrastructures-temporaires-sur-mesure\">Tailor-made temporary facilities<\/h2>\n\n<p>The interim measures comprise ten wooden kiosks, fully equipped for catering activities. <em>&#8220;We&#8217;ll be installing a pizza oven for making the traditional socca. There will be a completely refrigerated booth for making sushis,&#8221; <\/em>explained Jean-Philippe Verdino, Head of the Communal Estate department, stressing the project&#8217;s personalised approach.<\/p>\n\n<p>Two large marquees will complete the layout: the first, measuring 17 x 10 metres, will house the other businesses and seating for 65, while the second, measuring 12 x 6 metres, will house Solis Bio. Total seating for almost 300 exceeds current capacity.<\/p>\n<div class=\"wp-block-image\">\n<figure class=\"aligncenter size-large\"><img loading=\"lazy\" decoding=\"async\" width=\"1024\" height=\"576\" src=\"https:\/\/www.monaco-tribune.com\/wp-content\/uploads\/2025\/10\/marche-condamine-travaux-amenagement-temporaire2-1024x576.jpeg\" alt=\"\" class=\"wp-image-317260\" srcset=\"https:\/\/www.monaco-tribune.com\/wp-content\/uploads\/2025\/10\/marche-condamine-travaux-amenagement-temporaire2-1024x576.jpeg 1024w, https:\/\/www.monaco-tribune.com\/wp-content\/uploads\/2025\/10\/marche-condamine-travaux-amenagement-temporaire2-533x300.jpeg 533w, https:\/\/www.monaco-tribune.com\/wp-content\/uploads\/2025\/10\/marche-condamine-travaux-amenagement-temporaire2.jpeg 1280w\" sizes=\"auto, (max-width: 1024px) 100vw, 1024px\" \/><figcaption class=\"wp-element-caption\"><em>3D projection of the temporary set-up during the work on the food hall \u00a9 Milmo Studio<\/em><\/figcaption><\/figure>\n<\/div>\n<h2 class=\"wp-block-heading\" id=\"h-des-aides-financieres-sans-precedent\">Unprecedented financial support<\/h2>\n\n<p><em>&#8220;Stall fees will be waived for those who currently have a booth in the food hall and will occupy the temporary facility,&#8221;<\/em>\u00a0announced Marjorie Crovetto, deputy mayor responsible for trade. Water, electricity and professional equipment will also be provided free of charge.<\/p>\n\n<p>Of the 21 existing businesses, 18 will be relocated to Place d&#8217;Armes. Two have decided to retire, while the Le Zinc bar&#8217;s licence will not be renewed, as the Town Hall plans to replace it with a wine merchant.<\/p>\n<div class=\"wp-block-image\">\n<figure class=\"aligncenter size-large\"><img loading=\"lazy\" decoding=\"async\" width=\"1024\" height=\"576\" src=\"https:\/\/www.monaco-tribune.com\/wp-content\/uploads\/2025\/03\/marchecondamine_drone-copyright-jerome-hein-the-a-group-1024x576.jpg\" alt=\"\" class=\"wp-image-280378\" srcset=\"https:\/\/www.monaco-tribune.com\/wp-content\/uploads\/2025\/03\/marchecondamine_drone-copyright-jerome-hein-the-a-group-1024x576.jpg 1024w, https:\/\/www.monaco-tribune.com\/wp-content\/uploads\/2025\/03\/marchecondamine_drone-copyright-jerome-hein-the-a-group-533x300.jpg 533w, https:\/\/www.monaco-tribune.com\/wp-content\/uploads\/2025\/03\/marchecondamine_drone-copyright-jerome-hein-the-a-group.jpg 1200w\" sizes=\"auto, (max-width: 1024px) 100vw, 1024px\" \/><figcaption class=\"wp-element-caption\"><em>Located at the foot of the Rock between Place d&#8217;Armes and rue Terrazzani, the La Condamine market has always been a treasured venue for the Monegasque population. After two renovations in 1992 and 2012, it will get a new lease of life in early 2027 <\/em>\u00a9 Jerome Hein &#8211; The A Group<\/figcaption><\/figure>\n<\/div>\n<h2 class=\"wp-block-heading\" id=\"h-un-chantier-aux-normes-environnementales\">A construction site that meets environmental standards<\/h2>\n\n<p>&#8220;<em>We&#8217;ll be installing sensors and sound level metres inside and outside the food hall to monitor noise emissions,&#8221; <\/em>explains Fran\u00e7ois Lallemand, deputy head of Technical Services. The project uses the BD2M (B\u00e2timents Durables M\u00e9diterran\u00e9ens de Monaco) approach, with a fully enclosed site to keep disturbance to a minimum.<\/p>\n\n<p>The market gardeners&#8217; opening hours will be cut back to midday, freeing up space for more tables at lunchtime. The lifts from rue Terrazzani and access to the car park will remain operational throughout the works.<\/p>\n","protected":false},"excerpt":{"rendered":"<p>On Tuesday, Monaco Town Hall presented the first visuals of the temporary layout that will accommodate its traders during the [&hellip;]<\/p>\n","protected":false},"author":21,"featured_media":317265,"comment_status":"closed","ping_status":"closed","sticky":false,"template":"","format":"standard","meta":{"_acf_changed":false,"footnotes":""},"categories":[1825,243,258],"tags":[5160],"post_sectags":[4371],"post_format":[2465],"class_list":["post-317725","post","type-post","status-publish","format-standard","has-post-thumbnail","hentry","category-editors-choice","category-news","category-public-life","tag-monaco-town-council","sectag-la-condamine-market","format-in-brief"],"acf":[],"yoast_head":"<!-- This site is optimized with the Yoast SEO Premium plugin v26.8 (Yoast SEO v27.4) - https:\/\/yoast.com\/product\/yoast-seo-premium-wordpress\/ -->\n<title>La Condamine market unveils temporary layout on Place d&#039;Armes<\/title>\n<meta name=\"description\" content=\"On Tuesday, Monaco Town Hall presented the first visuals of the temporary layout that will accommodate its traders during the 13 months of refurbishment\" \/>\n<meta name=\"robots\" content=\"index, follow, max-snippet:-1, max-image-preview:large, max-video-preview:-1\" \/>\n<link rel=\"canonical\" href=\"https:\/\/www.monaco-tribune.com\/en\/2025\/10\/la-condamine-market-unveils-temporary-layout-on-place-darmes\/\" \/>\n<meta property=\"og:locale\" content=\"en_US\" \/>\n<meta property=\"og:type\" content=\"article\" \/>\n<meta property=\"og:title\" content=\"La Condamine market unveils temporary layout on Place d&#039;Armes - Monaco Tribune\" \/>\n<meta property=\"og:description\" content=\"On Tuesday, Monaco Town Hall presented the first visuals of the temporary layout that will accommodate its traders during the 13 months of refurbishment\" \/>\n<meta property=\"og:url\" content=\"https:\/\/www.monaco-tribune.com\/en\/2025\/10\/la-condamine-market-unveils-temporary-layout-on-place-darmes\/\" \/>\n<meta property=\"og:site_name\" content=\"Monaco Tribune\" \/>\n<meta property=\"article:publisher\" content=\"https:\/\/www.facebook.com\/MonacoTribune\" \/>\n<meta property=\"article:published_time\" content=\"2025-10-03T15:51:02+00:00\" \/>\n<meta property=\"article:modified_time\" content=\"2025-10-03T15:52:56+00:00\" \/>\n<meta property=\"og:image\" content=\"https:\/\/www.monaco-tribune.com\/wp-content\/uploads\/2025\/10\/marche-condamine-travaux-amenagement-temporaire.jpeg\" \/>\n\t<meta property=\"og:image:width\" content=\"1280\" \/>\n\t<meta property=\"og:image:height\" content=\"720\" \/>\n\t<meta property=\"og:image:type\" content=\"image\/jpeg\" \/>\n<meta name=\"author\" content=\"Monaco Tribune\" \/>\n<meta name=\"twitter:card\" content=\"summary_large_image\" \/>\n<meta name=\"twitter:creator\" content=\"@MonacoTribune\" \/>\n<meta name=\"twitter:site\" content=\"@MonacoTribune\" \/>\n<script type=\"application\/ld+json\" class=\"yoast-schema-graph\">{\"@context\":\"https:\\\/\\\/schema.org\",\"@graph\":[{\"@type\":\"NewsArticle\",\"@id\":\"https:\\\/\\\/www.monaco-tribune.com\\\/en\\\/2025\\\/10\\\/la-condamine-market-unveils-temporary-layout-on-place-darmes\\\/#article\",\"isPartOf\":{\"@id\":\"https:\\\/\\\/www.monaco-tribune.com\\\/en\\\/2025\\\/10\\\/la-condamine-market-unveils-temporary-layout-on-place-darmes\\\/\"},\"author\":{\"name\":\"Monaco Tribune\",\"@id\":\"https:\\\/\\\/www.monaco-tribune.com\\\/en\\\/#\\\/schema\\\/person\\\/8f6ed8c063276e2397589eda5b7a2f2d\"},\"headline\":\"La Condamine market unveils temporary layout on Place d&#8217;Armes\",\"datePublished\":\"2025-10-03T15:51:02+00:00\",\"dateModified\":\"2025-10-03T15:52:56+00:00\",\"mainEntityOfPage\":{\"@id\":\"https:\\\/\\\/www.monaco-tribune.com\\\/en\\\/2025\\\/10\\\/la-condamine-market-unveils-temporary-layout-on-place-darmes\\\/\"},\"wordCount\":497,\"publisher\":{\"@id\":\"https:\\\/\\\/www.monaco-tribune.com\\\/en\\\/#organization\"},\"image\":{\"@id\":\"https:\\\/\\\/www.monaco-tribune.com\\\/en\\\/2025\\\/10\\\/la-condamine-market-unveils-temporary-layout-on-place-darmes\\\/#primaryimage\"},\"thumbnailUrl\":\"https:\\\/\\\/www.monaco-tribune.com\\\/wp-content\\\/uploads\\\/2025\\\/10\\\/marche-condamine-travaux-amenagement-temporaire.jpeg\",\"keywords\":[\"Monaco Town Council\"],\"articleSection\":[\"Editor&#039;s choice\",\"News\",\"Society\"],\"inLanguage\":\"en-US\",\"copyrightYear\":\"2025\",\"copyrightHolder\":{\"@id\":\"https:\\\/\\\/www.monaco-tribune.com\\\/#organization\"}},{\"@type\":\"WebPage\",\"@id\":\"https:\\\/\\\/www.monaco-tribune.com\\\/en\\\/2025\\\/10\\\/la-condamine-market-unveils-temporary-layout-on-place-darmes\\\/\",\"url\":\"https:\\\/\\\/www.monaco-tribune.com\\\/en\\\/2025\\\/10\\\/la-condamine-market-unveils-temporary-layout-on-place-darmes\\\/\",\"name\":\"La Condamine market unveils temporary layout on Place d'Armes\",\"isPartOf\":{\"@id\":\"https:\\\/\\\/www.monaco-tribune.com\\\/en\\\/#website\"},\"primaryImageOfPage\":{\"@id\":\"https:\\\/\\\/www.monaco-tribune.com\\\/en\\\/2025\\\/10\\\/la-condamine-market-unveils-temporary-layout-on-place-darmes\\\/#primaryimage\"},\"image\":{\"@id\":\"https:\\\/\\\/www.monaco-tribune.com\\\/en\\\/2025\\\/10\\\/la-condamine-market-unveils-temporary-layout-on-place-darmes\\\/#primaryimage\"},\"thumbnailUrl\":\"https:\\\/\\\/www.monaco-tribune.com\\\/wp-content\\\/uploads\\\/2025\\\/10\\\/marche-condamine-travaux-amenagement-temporaire.jpeg\",\"datePublished\":\"2025-10-03T15:51:02+00:00\",\"dateModified\":\"2025-10-03T15:52:56+00:00\",\"description\":\"On Tuesday, Monaco Town Hall presented the first visuals of the temporary layout that will accommodate its traders during the 13 months of refurbishment\",\"breadcrumb\":{\"@id\":\"https:\\\/\\\/www.monaco-tribune.com\\\/en\\\/2025\\\/10\\\/la-condamine-market-unveils-temporary-layout-on-place-darmes\\\/#breadcrumb\"},\"inLanguage\":\"en-US\",\"potentialAction\":[{\"@type\":\"ReadAction\",\"target\":[\"https:\\\/\\\/www.monaco-tribune.com\\\/en\\\/2025\\\/10\\\/la-condamine-market-unveils-temporary-layout-on-place-darmes\\\/\"]}]},{\"@type\":\"ImageObject\",\"inLanguage\":\"en-US\",\"@id\":\"https:\\\/\\\/www.monaco-tribune.com\\\/en\\\/2025\\\/10\\\/la-condamine-market-unveils-temporary-layout-on-place-darmes\\\/#primaryimage\",\"url\":\"https:\\\/\\\/www.monaco-tribune.com\\\/wp-content\\\/uploads\\\/2025\\\/10\\\/marche-condamine-travaux-amenagement-temporaire.jpeg\",\"contentUrl\":\"https:\\\/\\\/www.monaco-tribune.com\\\/wp-content\\\/uploads\\\/2025\\\/10\\\/marche-condamine-travaux-amenagement-temporaire.jpeg\",\"width\":1280,\"height\":720,\"caption\":\"3D projection of the temporary set-up during the work on the food hall \u00a9 Milmo Studio\"},{\"@type\":\"BreadcrumbList\",\"@id\":\"https:\\\/\\\/www.monaco-tribune.com\\\/en\\\/2025\\\/10\\\/la-condamine-market-unveils-temporary-layout-on-place-darmes\\\/#breadcrumb\",\"itemListElement\":[{\"@type\":\"ListItem\",\"position\":1,\"name\":\"Accueil\",\"item\":\"https:\\\/\\\/www.monaco-tribune.com\\\/en\\\/\"},{\"@type\":\"ListItem\",\"position\":2,\"name\":\"La Condamine market unveils temporary layout on Place d&#8217;Armes\"}]},{\"@type\":\"WebSite\",\"@id\":\"https:\\\/\\\/www.monaco-tribune.com\\\/en\\\/#website\",\"url\":\"https:\\\/\\\/www.monaco-tribune.com\\\/en\\\/\",\"name\":\"Monaco Tribune\",\"description\":\"Monaco : actualit\u00e9s \u00e9conomiques, politiques, culturelles et sportives de Monaco et de la French Riviera.\",\"publisher\":{\"@id\":\"https:\\\/\\\/www.monaco-tribune.com\\\/en\\\/#organization\"},\"potentialAction\":[{\"@type\":\"SearchAction\",\"target\":{\"@type\":\"EntryPoint\",\"urlTemplate\":\"https:\\\/\\\/www.monaco-tribune.com\\\/en\\\/?s={search_term_string}\"},\"query-input\":{\"@type\":\"PropertyValueSpecification\",\"valueRequired\":true,\"valueName\":\"search_term_string\"}}],\"inLanguage\":\"en-US\"},{\"@type\":\"Organization\",\"@id\":\"https:\\\/\\\/www.monaco-tribune.com\\\/en\\\/#organization\",\"name\":\"Monaco Tribune\",\"url\":\"https:\\\/\\\/www.monaco-tribune.com\\\/en\\\/\",\"logo\":{\"@type\":\"ImageObject\",\"inLanguage\":\"en-US\",\"@id\":\"https:\\\/\\\/www.monaco-tribune.com\\\/en\\\/#\\\/schema\\\/logo\\\/image\\\/\",\"url\":\"https:\\\/\\\/www.monaco-tribune.com\\\/wp-content\\\/uploads\\\/2022\\\/11\\\/logo-monaco-tribune.png\",\"contentUrl\":\"https:\\\/\\\/www.monaco-tribune.com\\\/wp-content\\\/uploads\\\/2022\\\/11\\\/logo-monaco-tribune.png\",\"width\":1548,\"height\":600,\"caption\":\"Monaco Tribune\"},\"image\":{\"@id\":\"https:\\\/\\\/www.monaco-tribune.com\\\/en\\\/#\\\/schema\\\/logo\\\/image\\\/\"},\"sameAs\":[\"https:\\\/\\\/www.facebook.com\\\/MonacoTribune\",\"https:\\\/\\\/x.com\\\/MonacoTribune\",\"https:\\\/\\\/www.instagram.com\\\/monacotribune\\\/\",\"https:\\\/\\\/www.linkedin.com\\\/company\\\/monaco-tribune\",\"https:\\\/\\\/www.youtube.com\\\/channel\\\/UCHle1MnG6hw1y4lWKijVbMA\"]},{\"@type\":\"Person\",\"@id\":\"https:\\\/\\\/www.monaco-tribune.com\\\/en\\\/#\\\/schema\\\/person\\\/8f6ed8c063276e2397589eda5b7a2f2d\",\"name\":\"Monaco Tribune\",\"image\":{\"@type\":\"ImageObject\",\"inLanguage\":\"en-US\",\"@id\":\"https:\\\/\\\/secure.gravatar.com\\\/avatar\\\/3010e6c5d6c8056ec1c25228fe68ea089879e5ae0de884e0247744ee988aaf6a?s=96&d=mm&r=g\",\"url\":\"https:\\\/\\\/secure.gravatar.com\\\/avatar\\\/3010e6c5d6c8056ec1c25228fe68ea089879e5ae0de884e0247744ee988aaf6a?s=96&d=mm&r=g\",\"contentUrl\":\"https:\\\/\\\/secure.gravatar.com\\\/avatar\\\/3010e6c5d6c8056ec1c25228fe68ea089879e5ae0de884e0247744ee988aaf6a?s=96&d=mm&r=g\",\"caption\":\"Monaco Tribune\"},\"url\":\"https:\\\/\\\/www.monaco-tribune.com\\\/en\\\/author\\\/monaco-tribune\\\/\"}]}<\/script>\n<!-- \/ Yoast SEO Premium plugin. -->","yoast_head_json":{"title":"La Condamine market unveils temporary layout on Place d'Armes","description":"On Tuesday, Monaco Town Hall presented the first visuals of the temporary layout that will accommodate its traders during the 13 months of refurbishment","robots":{"index":"index","follow":"follow","max-snippet":"max-snippet:-1","max-image-preview":"max-image-preview:large","max-video-preview":"max-video-preview:-1"},"canonical":"https:\/\/www.monaco-tribune.com\/en\/2025\/10\/la-condamine-market-unveils-temporary-layout-on-place-darmes\/","og_locale":"en_US","og_type":"article","og_title":"La Condamine market unveils temporary layout on Place d'Armes - Monaco Tribune","og_description":"On Tuesday, Monaco Town Hall presented the first visuals of the temporary layout that will accommodate its traders during the 13 months of refurbishment","og_url":"https:\/\/www.monaco-tribune.com\/en\/2025\/10\/la-condamine-market-unveils-temporary-layout-on-place-darmes\/","og_site_name":"Monaco Tribune","article_publisher":"https:\/\/www.facebook.com\/MonacoTribune","article_published_time":"2025-10-03T15:51:02+00:00","article_modified_time":"2025-10-03T15:52:56+00:00","og_image":[{"width":1280,"height":720,"url":"https:\/\/www.monaco-tribune.com\/wp-content\/uploads\/2025\/10\/marche-condamine-travaux-amenagement-temporaire.jpeg","type":"image\/jpeg"}],"author":"Monaco Tribune","twitter_card":"summary_large_image","twitter_creator":"@MonacoTribune","twitter_site":"@MonacoTribune","schema":{"@context":"https:\/\/schema.org","@graph":[{"@type":"NewsArticle","@id":"https:\/\/www.monaco-tribune.com\/en\/2025\/10\/la-condamine-market-unveils-temporary-layout-on-place-darmes\/#article","isPartOf":{"@id":"https:\/\/www.monaco-tribune.com\/en\/2025\/10\/la-condamine-market-unveils-temporary-layout-on-place-darmes\/"},"author":{"name":"Monaco Tribune","@id":"https:\/\/www.monaco-tribune.com\/en\/#\/schema\/person\/8f6ed8c063276e2397589eda5b7a2f2d"},"headline":"La Condamine market unveils temporary layout on Place d&#8217;Armes","datePublished":"2025-10-03T15:51:02+00:00","dateModified":"2025-10-03T15:52:56+00:00","mainEntityOfPage":{"@id":"https:\/\/www.monaco-tribune.com\/en\/2025\/10\/la-condamine-market-unveils-temporary-layout-on-place-darmes\/"},"wordCount":497,"publisher":{"@id":"https:\/\/www.monaco-tribune.com\/en\/#organization"},"image":{"@id":"https:\/\/www.monaco-tribune.com\/en\/2025\/10\/la-condamine-market-unveils-temporary-layout-on-place-darmes\/#primaryimage"},"thumbnailUrl":"https:\/\/www.monaco-tribune.com\/wp-content\/uploads\/2025\/10\/marche-condamine-travaux-amenagement-temporaire.jpeg","keywords":["Monaco Town Council"],"articleSection":["Editor&#039;s choice","News","Society"],"inLanguage":"en-US","copyrightYear":"2025","copyrightHolder":{"@id":"https:\/\/www.monaco-tribune.com\/#organization"}},{"@type":"WebPage","@id":"https:\/\/www.monaco-tribune.com\/en\/2025\/10\/la-condamine-market-unveils-temporary-layout-on-place-darmes\/","url":"https:\/\/www.monaco-tribune.com\/en\/2025\/10\/la-condamine-market-unveils-temporary-layout-on-place-darmes\/","name":"La Condamine market unveils temporary layout on Place d'Armes","isPartOf":{"@id":"https:\/\/www.monaco-tribune.com\/en\/#website"},"primaryImageOfPage":{"@id":"https:\/\/www.monaco-tribune.com\/en\/2025\/10\/la-condamine-market-unveils-temporary-layout-on-place-darmes\/#primaryimage"},"image":{"@id":"https:\/\/www.monaco-tribune.com\/en\/2025\/10\/la-condamine-market-unveils-temporary-layout-on-place-darmes\/#primaryimage"},"thumbnailUrl":"https:\/\/www.monaco-tribune.com\/wp-content\/uploads\/2025\/10\/marche-condamine-travaux-amenagement-temporaire.jpeg","datePublished":"2025-10-03T15:51:02+00:00","dateModified":"2025-10-03T15:52:56+00:00","description":"On Tuesday, Monaco Town Hall presented the first visuals of the temporary layout that will accommodate its traders during the 13 months of refurbishment","breadcrumb":{"@id":"https:\/\/www.monaco-tribune.com\/en\/2025\/10\/la-condamine-market-unveils-temporary-layout-on-place-darmes\/#breadcrumb"},"inLanguage":"en-US","potentialAction":[{"@type":"ReadAction","target":["https:\/\/www.monaco-tribune.com\/en\/2025\/10\/la-condamine-market-unveils-temporary-layout-on-place-darmes\/"]}]},{"@type":"ImageObject","inLanguage":"en-US","@id":"https:\/\/www.monaco-tribune.com\/en\/2025\/10\/la-condamine-market-unveils-temporary-layout-on-place-darmes\/#primaryimage","url":"https:\/\/www.monaco-tribune.com\/wp-content\/uploads\/2025\/10\/marche-condamine-travaux-amenagement-temporaire.jpeg","contentUrl":"https:\/\/www.monaco-tribune.com\/wp-content\/uploads\/2025\/10\/marche-condamine-travaux-amenagement-temporaire.jpeg","width":1280,"height":720,"caption":"3D projection of the temporary set-up during the work on the food hall \u00a9 Milmo Studio"},{"@type":"BreadcrumbList","@id":"https:\/\/www.monaco-tribune.com\/en\/2025\/10\/la-condamine-market-unveils-temporary-layout-on-place-darmes\/#breadcrumb","itemListElement":[{"@type":"ListItem","position":1,"name":"Accueil","item":"https:\/\/www.monaco-tribune.com\/en\/"},{"@type":"ListItem","position":2,"name":"La Condamine market unveils temporary layout on Place d&#8217;Armes"}]},{"@type":"WebSite","@id":"https:\/\/www.monaco-tribune.com\/en\/#website","url":"https:\/\/www.monaco-tribune.com\/en\/","name":"Monaco Tribune","description":"Monaco : actualit\u00e9s \u00e9conomiques, politiques, culturelles et sportives de Monaco et de la French Riviera.","publisher":{"@id":"https:\/\/www.monaco-tribune.com\/en\/#organization"},"potentialAction":[{"@type":"SearchAction","target":{"@type":"EntryPoint","urlTemplate":"https:\/\/www.monaco-tribune.com\/en\/?s={search_term_string}"},"query-input":{"@type":"PropertyValueSpecification","valueRequired":true,"valueName":"search_term_string"}}],"inLanguage":"en-US"},{"@type":"Organization","@id":"https:\/\/www.monaco-tribune.com\/en\/#organization","name":"Monaco Tribune","url":"https:\/\/www.monaco-tribune.com\/en\/","logo":{"@type":"ImageObject","inLanguage":"en-US","@id":"https:\/\/www.monaco-tribune.com\/en\/#\/schema\/logo\/image\/","url":"https:\/\/www.monaco-tribune.com\/wp-content\/uploads\/2022\/11\/logo-monaco-tribune.png","contentUrl":"https:\/\/www.monaco-tribune.com\/wp-content\/uploads\/2022\/11\/logo-monaco-tribune.png","width":1548,"height":600,"caption":"Monaco Tribune"},"image":{"@id":"https:\/\/www.monaco-tribune.com\/en\/#\/schema\/logo\/image\/"},"sameAs":["https:\/\/www.facebook.com\/MonacoTribune","https:\/\/x.com\/MonacoTribune","https:\/\/www.instagram.com\/monacotribune\/","https:\/\/www.linkedin.com\/company\/monaco-tribune","https:\/\/www.youtube.com\/channel\/UCHle1MnG6hw1y4lWKijVbMA"]},{"@type":"Person","@id":"https:\/\/www.monaco-tribune.com\/en\/#\/schema\/person\/8f6ed8c063276e2397589eda5b7a2f2d","name":"Monaco Tribune","image":{"@type":"ImageObject","inLanguage":"en-US","@id":"https:\/\/secure.gravatar.com\/avatar\/3010e6c5d6c8056ec1c25228fe68ea089879e5ae0de884e0247744ee988aaf6a?s=96&d=mm&r=g","url":"https:\/\/secure.gravatar.com\/avatar\/3010e6c5d6c8056ec1c25228fe68ea089879e5ae0de884e0247744ee988aaf6a?s=96&d=mm&r=g","contentUrl":"https:\/\/secure.gravatar.com\/avatar\/3010e6c5d6c8056ec1c25228fe68ea089879e5ae0de884e0247744ee988aaf6a?s=96&d=mm&r=g","caption":"Monaco Tribune"},"url":"https:\/\/www.monaco-tribune.com\/en\/author\/monaco-tribune\/"}]}},"_links":{"self":[{"href":"https:\/\/www.monaco-tribune.com\/en\/wp-json\/wp\/v2\/posts\/317725","targetHints":{"allow":["GET"]}}],"collection":[{"href":"https:\/\/www.monaco-tribune.com\/en\/wp-json\/wp\/v2\/posts"}],"about":[{"href":"https:\/\/www.monaco-tribune.com\/en\/wp-json\/wp\/v2\/types\/post"}],"author":[{"embeddable":true,"href":"https:\/\/www.monaco-tribune.com\/en\/wp-json\/wp\/v2\/users\/21"}],"replies":[{"embeddable":true,"href":"https:\/\/www.monaco-tribune.com\/en\/wp-json\/wp\/v2\/comments?post=317725"}],"version-history":[{"count":2,"href":"https:\/\/www.monaco-tribune.com\/en\/wp-json\/wp\/v2\/posts\/317725\/revisions"}],"predecessor-version":[{"id":317731,"href":"https:\/\/www.monaco-tribune.com\/en\/wp-json\/wp\/v2\/posts\/317725\/revisions\/317731"}],"wp:featuredmedia":[{"embeddable":true,"href":"https:\/\/www.monaco-tribune.com\/en\/wp-json\/wp\/v2\/media\/317265"}],"wp:attachment":[{"href":"https:\/\/www.monaco-tribune.com\/en\/wp-json\/wp\/v2\/media?parent=317725"}],"wp:term":[{"taxonomy":"category","embeddable":true,"href":"https:\/\/www.monaco-tribune.com\/en\/wp-json\/wp\/v2\/categories?post=317725"},{"taxonomy":"post_tag","embeddable":true,"href":"https:\/\/www.monaco-tribune.com\/en\/wp-json\/wp\/v2\/tags?post=317725"},{"taxonomy":"sectag","embeddable":true,"href":"https:\/\/www.monaco-tribune.com\/en\/wp-json\/wp\/v2\/post_sectags?post=317725"},{"taxonomy":"format","embeddable":true,"href":"https:\/\/www.monaco-tribune.com\/en\/wp-json\/wp\/v2\/post_format?post=317725"}],"curies":[{"name":"wp","href":"https:\/\/api.w.org\/{rel}","templated":true}]}}