{"id":319227,"date":"2025-10-14T09:03:35","date_gmt":"2025-10-14T07:03:35","guid":{"rendered":"https:\/\/www.monaco-tribune.com\/?p=319227"},"modified":"2025-10-14T09:03:36","modified_gmt":"2025-10-14T07:03:36","slug":"as-monaco-confirm-sebastien-pocognoli-as-coach-a-bold-thinker-to-lead-a-new-era","status":"publish","type":"post","link":"https:\/\/www.monaco-tribune.com\/en\/2025\/10\/as-monaco-confirm-sebastien-pocognoli-as-coach-a-bold-thinker-to-lead-a-new-era\/","title":{"rendered":"AS Monaco confirm S\u00e9bastien Pocognoli as coach &#8211; A bold thinker to lead a new era"},"content":{"rendered":"\n<p><strong>AS Monaco announced the arrival of its new coach S\u00e9bastien Pocognoli on Saturday evening. The 38-year-old Belgian technician takes over from Adi H\u00fctter.<\/strong><\/p>\n\n\n\n<p>Three days after the Austrian coach&#8217;s departure, the Principality club has found a successor: the former Royale Union Saint-Gilloise coach, who joins following a highly successful previous stint.<\/p>\n\n\n\n<p>In his debut season, the talented tactician led Union to their first league title in 90 years, as well as the Belgian Super Cup. He capped off a historic Champions\u2019 Play-offs campaign by securing 28 points from a possible 30, finishing ahead of heavy hitters Club Brugge.<\/p>\n\n\n\n<p>Leaving USG with them leading the league, he arrives with strong credentials and high expectations, as he&#8217;ll hope to carry on his momentum to Monaco and quickly implement his ambitious, eye-catching style of play.<\/p>\n\n\n\n<p>Signing a contract until June 2027, he takes over from H\u00fctter, who arrived in the summer of 2023 and whose recent results influenced the management&#8217;s decision to terminate his position.<\/p>\n\n\n\n<figure class=\"wp-block-embed is-type-wp-embed is-provider-monaco-tribune wp-block-embed-monaco-tribune\"><div class=\"wp-block-embed__wrapper\">\n<blockquote class=\"wp-embedded-content\" data-secret=\"ThZYCzzAfv\"><a href=\"https:\/\/www.monaco-tribune.com\/en\/2025\/10\/as-monaco-confirms-departure-of-coach-adi-hutter\/\">AS Monaco confirms departure of coach Adi H\u00fctter<\/a><\/blockquote><iframe class=\"wp-embedded-content\" sandbox=\"allow-scripts\" security=\"restricted\" style=\"position: absolute; visibility: hidden;\" title=\"&#8220;AS Monaco confirms departure of coach Adi H\u00fctter&#8221; &#8212; Monaco Tribune\" src=\"https:\/\/www.monaco-tribune.com\/en\/2025\/10\/as-monaco-confirms-departure-of-coach-adi-hutter\/embed\/#?secret=85JHe0VPNQ#?secret=ThZYCzzAfv\" data-secret=\"ThZYCzzAfv\" width=\"500\" height=\"282\" frameborder=\"0\" marginwidth=\"0\" marginheight=\"0\" scrolling=\"no\"><\/iframe>\n<\/div><\/figure>\n\n\n\n<h2 class=\"wp-block-heading\" id=\"h-an-unfavourable-dynamic\">An unfavourable dynamic<\/h2>\n\n\n\n<p>With just one win in their last five matches in all competitions, ASM has had a tough recent period. The heavy defeat vs Club Brugge in their first Champions League outing (4-1) and the loss at Lorient in the league (3-1) were probably turning points in the minds of the management. A fan of an attacking style, the former Eintracht Frankfurt coach struggled to offer more variety in his team&#8217;s play, which made the strategy too easy to understand for their opponents.<\/p>\n\n\n\n<p>On the other hand, H\u00fctter\u2019s handling of the club\u2019s young talents, particularly attackers Eliesse Ben Seghir and Sa\u00efmon Bouabr\u00e9, both sold during the summer transfer window, raised questions about his ability to nurture and develop emerging players. Their exits sparked a reaction among the club\u2019s most passionate supporters, who were disappointed to see homegrown prospects, long considered a cornerstone of the club\u2019s identity, head for pastures new. Some even went as far as demanding the Austrian coach\u2019s sacking.<\/p>\n\n\n\n<p>Regularly present in the stands, since pre-season, to watch matches, as well as at the Performance Center for various meetings, president Dmitry Rybolovlev seemed no longer convinced by the evolution of his coach&#8217;s game.<\/p>\n\n\n\n<h2 class=\"wp-block-heading\" id=\"h-clear-principles\">Clear principles<\/h2>\n\n\n\n<p>In order to find an identity more in line with the desired philosophy, the Red and Whites stated in a press release that Pocognoli &#8220;distinguished himself by combining sporting results and an ambitious and attractive style of play&#8221; during his time in the Belgian capital, where he managed to win the club&#8217;s first title in nine decades. A remarkable achievement, especially when compared to financially stronger rivals like Club Brugge and Anderlecht. His success was duly recognised with the Pro League Coach of the Year award.<\/p>\n\n\n\n<blockquote class=\"twitter-tweet\"><p lang=\"fr\" dir=\"ltr\">2.12 \u2013 Points par match parmi les entra\u00eeneurs de Jupiler Pro League au 21e si\u00e8cle (min. 50 matches) :<br><br>\ud83e\udd47S\u00e9bastien Pocognoli &#8211; 2.12<br>\ud83e\udd48Philippe Clement &#8211; 1.98<br>\ud83e\udd49Frank Vercauteren &#8211; 1.94<br><br>Daghe. <a href=\"https:\/\/t.co\/HjLZayc8hq\">https:\/\/t.co\/HjLZayc8hq<\/a><\/p>&mdash; OptaJean (@OptaJean) <a href=\"https:\/\/twitter.com\/OptaJean\/status\/1977292653663277186?ref_src=twsrc%5Etfw\">October 12, 2025<\/a><\/blockquote> <script async src=\"https:\/\/platform.twitter.com\/widgets.js\" charset=\"utf-8\"><\/script>\n\n\n\n<p>The former left-back enjoys a high level of popularity. &#8220;Last year, he dazzled everyone with his attitude, his analysis. He remained true to himself,&#8221; de Sart, his former coach and sporting director at Standard de Li\u00e8ge, explained to Monaco-Matin.<\/p>\n\n\n\n<p>The player nicknamed &#8220;Poco&#8221; has well-defined playing principles, based on pressing and possession. &#8220;The game I like is a dominant game, with and without the ball. High pressing, counter-pressing, but also real mastery in possession,&#8221; he declared on the club&#8217;s website.<\/p>\n\n\n\n<p>&#8220;He was interested beyond his role as a footballer. We often had discussions, and we could already see that he was a player who thought about what he had to do and what the team would have had to do. He has a form of stability, reflection and behaviour that certainly helps him enormously today, even more so in the coaching profession,&#8221; Jos\u00e9 Riga, his former coach at Standard de Li\u00e8ge, commented to L&#8217;\u00c9quipe.<\/p>\n\n\n\n<p>Although Pocognoli has only one year of experience as a head coach at the highest level, his rapid rise comes as no surprise to those who have worked with him. &#8220;Everywhere he has been, he has been captain. At Standard, even when he no longer played a major sporting role, he was the one in charge of the dressing room. He has always intellectualised football a little, so it was not surprising to find him as a coach,&#8221; says a source close to the Belgian club.<\/p>\n\n\n\n<h2 class=\"wp-block-heading\" id=\"h-experience-working-with-young-players\">Experience working with young players<\/h2>\n\n\n\n<p>For Jonathan Lange, editor-in-chief of the sports section of the Belgian daily La Derni\u00e8re Heure, what defines the man who earned 13 caps for Belgium is the word &#8220;intensity&#8221;. &#8220;On the pitch, he wanted it, he was a fighter, so he expects that from his teams,\u201d he acknowledged.<\/p>\n\n\n\n<p>One coach who particularly impressed Pocognoli during his playing career was the Dutchman Louis van Gaal, when the latter was in charge of AZ Alkmaar. &#8220;When he left for Bayern Munich, I became an average player. So I realised that a coach could make you overperform. He gave me so much pleasure in training. I liked suffering to improve. I liked it when he criticised me, it motivated me,&#8221; Pocognoli confessed in Le Soir.<\/p>\n\n\n\n<p>What tipped the scales in his favour in the eyes of ASM management was Pocognoli&#8217;s ability to develop young players. &#8220;For me, players are artists. And for an artist to put on a good show, he has to be comfortable in his body and mind,&#8221; he told RTBF. Furthermore, Jean-Fran\u00e7ois de Sart emphasises his closeness to the groups he coaches. &#8220;He is very close to them! People management is one of his strengths,&#8221; he stated.<\/p>\n\n\n\n<p>The arrival of the former Standard de Li\u00e8ge player comes alongside that of an assistant he has known for a long time, namely Kevin Mirallas, a former Lille striker, who came to lend him a hand in the attacking sector at the end of 2024. A significant asset when we know his influence in the success of the Union Saint-Gilloise attackers in winning the title last spring and who will serve the ASM attacking elements well.<\/p>\n\n\n\n<h2 class=\"wp-block-heading\" id=\"h-express-adaptation\">Express adaptation<\/h2>\n\n\n\n<p>Just four years after the end of his playing career, during which he played over 360 matches, Pocognoli began his career on the bench with various youth teams, including the U21s of Union Saint-Gilloise, before taking the reins of the professional team a little over a year ago, with the success we all know.<\/p>\n\n\n\n<p>His arrival on the Rock will give him greater exposure, but de Sart believes he has what it takes to excel. &#8220;He has proven his worth, and he has all the tools to succeed. He will have to adapt, but I think he is open to a more modern approach to what he may have experienced in the past. He has the intelligence and the skills to do so,&#8221; de Sart insisted.<\/p>\n\n\n\n<p>Pocognoli will officially link up with Monaco this Tuesday at the La Turbie Performance Center, before a presentation later. He will take charge of his first match at Angers on Saturday (7 p.m.) during Matchday 8 of Ligue 1, before hosting Tottenham Hotspur in the Champions League the following Wednesday (9 p.m.).<\/p>\n","protected":false},"excerpt":{"rendered":"<p>AS Monaco announced the arrival of its new coach S\u00e9bastien Pocognoli on Saturday evening. The 38-year-old Belgian technician takes over [&hellip;]<\/p>\n","protected":false},"author":18,"featured_media":319043,"comment_status":"closed","ping_status":"closed","sticky":false,"template":"","format":"standard","meta":{"_acf_changed":false,"footnotes":""},"categories":[243,257],"tags":[761],"post_sectags":[],"post_format":[2465],"class_list":["post-319227","post","type-post","status-publish","format-standard","has-post-thumbnail","hentry","category-news","category-sports-en","tag-as-monaco-en","format-in-brief"],"acf":[],"yoast_head":"<!-- This site is optimized with the Yoast SEO Premium plugin v26.8 (Yoast SEO v27.4) - https:\/\/yoast.com\/product\/yoast-seo-premium-wordpress\/ -->\n<title>AS Monaco confirm S\u00e9bastien Pocognoli as coach - A bold thinker to lead a new era<\/title>\n<meta name=\"description\" content=\"AS Monaco announced the arrival of its new coach S\u00e9bastien Pocognoli on Saturday evening. The 38-year-old Belgian technician takes over from Adi H\u00fctter.\" \/>\n<meta name=\"robots\" content=\"index, follow, max-snippet:-1, max-image-preview:large, max-video-preview:-1\" \/>\n<link rel=\"canonical\" href=\"https:\/\/www.monaco-tribune.com\/en\/2025\/10\/as-monaco-confirm-sebastien-pocognoli-as-coach-a-bold-thinker-to-lead-a-new-era\/\" \/>\n<meta property=\"og:locale\" content=\"en_US\" \/>\n<meta property=\"og:type\" content=\"article\" \/>\n<meta property=\"og:title\" content=\"AS Monaco confirm S\u00e9bastien Pocognoli as coach - A bold thinker to lead a new era - Monaco Tribune\" \/>\n<meta property=\"og:description\" content=\"AS Monaco announced the arrival of its new coach S\u00e9bastien Pocognoli on Saturday evening. The 38-year-old Belgian technician takes over from Adi H\u00fctter.\" \/>\n<meta property=\"og:url\" content=\"https:\/\/www.monaco-tribune.com\/en\/2025\/10\/as-monaco-confirm-sebastien-pocognoli-as-coach-a-bold-thinker-to-lead-a-new-era\/\" \/>\n<meta property=\"og:site_name\" content=\"Monaco Tribune\" \/>\n<meta property=\"article:publisher\" content=\"https:\/\/www.facebook.com\/MonacoTribune\" \/>\n<meta property=\"article:published_time\" content=\"2025-10-14T07:03:35+00:00\" \/>\n<meta property=\"article:modified_time\" content=\"2025-10-14T07:03:36+00:00\" \/>\n<meta property=\"og:image\" content=\"https:\/\/www.monaco-tribune.com\/wp-content\/uploads\/2025\/10\/pocognoli-asm.jpg\" \/>\n\t<meta property=\"og:image:width\" content=\"1160\" \/>\n\t<meta property=\"og:image:height\" content=\"650\" \/>\n\t<meta property=\"og:image:type\" content=\"image\/jpeg\" \/>\n<meta name=\"author\" content=\"Edward Stratmann\" \/>\n<meta name=\"twitter:card\" content=\"summary_large_image\" \/>\n<meta name=\"twitter:creator\" content=\"@MonacoTribune\" \/>\n<meta name=\"twitter:site\" content=\"@MonacoTribune\" \/>\n<script type=\"application\/ld+json\" class=\"yoast-schema-graph\">{\"@context\":\"https:\\\/\\\/schema.org\",\"@graph\":[{\"@type\":\"NewsArticle\",\"@id\":\"https:\\\/\\\/www.monaco-tribune.com\\\/en\\\/2025\\\/10\\\/as-monaco-confirm-sebastien-pocognoli-as-coach-a-bold-thinker-to-lead-a-new-era\\\/#article\",\"isPartOf\":{\"@id\":\"https:\\\/\\\/www.monaco-tribune.com\\\/en\\\/2025\\\/10\\\/as-monaco-confirm-sebastien-pocognoli-as-coach-a-bold-thinker-to-lead-a-new-era\\\/\"},\"author\":{\"name\":\"Edward Stratmann\",\"@id\":\"https:\\\/\\\/www.monaco-tribune.com\\\/en\\\/#\\\/schema\\\/person\\\/a62f3291a12757084f4c9c1a7e2054a9\"},\"headline\":\"AS Monaco confirm S\u00e9bastien Pocognoli as coach &#8211; A bold thinker to lead a new era\",\"datePublished\":\"2025-10-14T07:03:35+00:00\",\"dateModified\":\"2025-10-14T07:03:36+00:00\",\"mainEntityOfPage\":{\"@id\":\"https:\\\/\\\/www.monaco-tribune.com\\\/en\\\/2025\\\/10\\\/as-monaco-confirm-sebastien-pocognoli-as-coach-a-bold-thinker-to-lead-a-new-era\\\/\"},\"wordCount\":1220,\"publisher\":{\"@id\":\"https:\\\/\\\/www.monaco-tribune.com\\\/en\\\/#organization\"},\"image\":{\"@id\":\"https:\\\/\\\/www.monaco-tribune.com\\\/en\\\/2025\\\/10\\\/as-monaco-confirm-sebastien-pocognoli-as-coach-a-bold-thinker-to-lead-a-new-era\\\/#primaryimage\"},\"thumbnailUrl\":\"https:\\\/\\\/www.monaco-tribune.com\\\/wp-content\\\/uploads\\\/2025\\\/10\\\/pocognoli-asm.jpg\",\"keywords\":[\"AS Monaco\"],\"articleSection\":[\"News\",\"Sports\"],\"inLanguage\":\"en-US\",\"copyrightYear\":\"2025\",\"copyrightHolder\":{\"@id\":\"https:\\\/\\\/www.monaco-tribune.com\\\/#organization\"}},{\"@type\":\"WebPage\",\"@id\":\"https:\\\/\\\/www.monaco-tribune.com\\\/en\\\/2025\\\/10\\\/as-monaco-confirm-sebastien-pocognoli-as-coach-a-bold-thinker-to-lead-a-new-era\\\/\",\"url\":\"https:\\\/\\\/www.monaco-tribune.com\\\/en\\\/2025\\\/10\\\/as-monaco-confirm-sebastien-pocognoli-as-coach-a-bold-thinker-to-lead-a-new-era\\\/\",\"name\":\"AS Monaco confirm S\u00e9bastien Pocognoli as coach - A bold thinker to lead a new era\",\"isPartOf\":{\"@id\":\"https:\\\/\\\/www.monaco-tribune.com\\\/en\\\/#website\"},\"primaryImageOfPage\":{\"@id\":\"https:\\\/\\\/www.monaco-tribune.com\\\/en\\\/2025\\\/10\\\/as-monaco-confirm-sebastien-pocognoli-as-coach-a-bold-thinker-to-lead-a-new-era\\\/#primaryimage\"},\"image\":{\"@id\":\"https:\\\/\\\/www.monaco-tribune.com\\\/en\\\/2025\\\/10\\\/as-monaco-confirm-sebastien-pocognoli-as-coach-a-bold-thinker-to-lead-a-new-era\\\/#primaryimage\"},\"thumbnailUrl\":\"https:\\\/\\\/www.monaco-tribune.com\\\/wp-content\\\/uploads\\\/2025\\\/10\\\/pocognoli-asm.jpg\",\"datePublished\":\"2025-10-14T07:03:35+00:00\",\"dateModified\":\"2025-10-14T07:03:36+00:00\",\"description\":\"AS Monaco announced the arrival of its new coach S\u00e9bastien Pocognoli on Saturday evening. The 38-year-old Belgian technician takes over from Adi H\u00fctter.\",\"breadcrumb\":{\"@id\":\"https:\\\/\\\/www.monaco-tribune.com\\\/en\\\/2025\\\/10\\\/as-monaco-confirm-sebastien-pocognoli-as-coach-a-bold-thinker-to-lead-a-new-era\\\/#breadcrumb\"},\"inLanguage\":\"en-US\",\"potentialAction\":[{\"@type\":\"ReadAction\",\"target\":[\"https:\\\/\\\/www.monaco-tribune.com\\\/en\\\/2025\\\/10\\\/as-monaco-confirm-sebastien-pocognoli-as-coach-a-bold-thinker-to-lead-a-new-era\\\/\"]}]},{\"@type\":\"ImageObject\",\"inLanguage\":\"en-US\",\"@id\":\"https:\\\/\\\/www.monaco-tribune.com\\\/en\\\/2025\\\/10\\\/as-monaco-confirm-sebastien-pocognoli-as-coach-a-bold-thinker-to-lead-a-new-era\\\/#primaryimage\",\"url\":\"https:\\\/\\\/www.monaco-tribune.com\\\/wp-content\\\/uploads\\\/2025\\\/10\\\/pocognoli-asm.jpg\",\"contentUrl\":\"https:\\\/\\\/www.monaco-tribune.com\\\/wp-content\\\/uploads\\\/2025\\\/10\\\/pocognoli-asm.jpg\",\"width\":1160,\"height\":650,\"caption\":\"\u00a9 AS Monaco\"},{\"@type\":\"BreadcrumbList\",\"@id\":\"https:\\\/\\\/www.monaco-tribune.com\\\/en\\\/2025\\\/10\\\/as-monaco-confirm-sebastien-pocognoli-as-coach-a-bold-thinker-to-lead-a-new-era\\\/#breadcrumb\",\"itemListElement\":[{\"@type\":\"ListItem\",\"position\":1,\"name\":\"Accueil\",\"item\":\"https:\\\/\\\/www.monaco-tribune.com\\\/en\\\/\"},{\"@type\":\"ListItem\",\"position\":2,\"name\":\"AS Monaco confirm S\u00e9bastien Pocognoli as coach &#8211; A bold thinker to lead a new era\"}]},{\"@type\":\"WebSite\",\"@id\":\"https:\\\/\\\/www.monaco-tribune.com\\\/en\\\/#website\",\"url\":\"https:\\\/\\\/www.monaco-tribune.com\\\/en\\\/\",\"name\":\"Monaco Tribune\",\"description\":\"Monaco : actualit\u00e9s \u00e9conomiques, politiques, culturelles et sportives de Monaco et de la French Riviera.\",\"publisher\":{\"@id\":\"https:\\\/\\\/www.monaco-tribune.com\\\/en\\\/#organization\"},\"potentialAction\":[{\"@type\":\"SearchAction\",\"target\":{\"@type\":\"EntryPoint\",\"urlTemplate\":\"https:\\\/\\\/www.monaco-tribune.com\\\/en\\\/?s={search_term_string}\"},\"query-input\":{\"@type\":\"PropertyValueSpecification\",\"valueRequired\":true,\"valueName\":\"search_term_string\"}}],\"inLanguage\":\"en-US\"},{\"@type\":\"Organization\",\"@id\":\"https:\\\/\\\/www.monaco-tribune.com\\\/en\\\/#organization\",\"name\":\"Monaco Tribune\",\"url\":\"https:\\\/\\\/www.monaco-tribune.com\\\/en\\\/\",\"logo\":{\"@type\":\"ImageObject\",\"inLanguage\":\"en-US\",\"@id\":\"https:\\\/\\\/www.monaco-tribune.com\\\/en\\\/#\\\/schema\\\/logo\\\/image\\\/\",\"url\":\"https:\\\/\\\/www.monaco-tribune.com\\\/wp-content\\\/uploads\\\/2022\\\/11\\\/logo-monaco-tribune.png\",\"contentUrl\":\"https:\\\/\\\/www.monaco-tribune.com\\\/wp-content\\\/uploads\\\/2022\\\/11\\\/logo-monaco-tribune.png\",\"width\":1548,\"height\":600,\"caption\":\"Monaco Tribune\"},\"image\":{\"@id\":\"https:\\\/\\\/www.monaco-tribune.com\\\/en\\\/#\\\/schema\\\/logo\\\/image\\\/\"},\"sameAs\":[\"https:\\\/\\\/www.facebook.com\\\/MonacoTribune\",\"https:\\\/\\\/x.com\\\/MonacoTribune\",\"https:\\\/\\\/www.instagram.com\\\/monacotribune\\\/\",\"https:\\\/\\\/www.linkedin.com\\\/company\\\/monaco-tribune\",\"https:\\\/\\\/www.youtube.com\\\/channel\\\/UCHle1MnG6hw1y4lWKijVbMA\"]},{\"@type\":\"Person\",\"@id\":\"https:\\\/\\\/www.monaco-tribune.com\\\/en\\\/#\\\/schema\\\/person\\\/a62f3291a12757084f4c9c1a7e2054a9\",\"name\":\"Edward Stratmann\",\"image\":{\"@type\":\"ImageObject\",\"inLanguage\":\"en-US\",\"@id\":\"https:\\\/\\\/secure.gravatar.com\\\/avatar\\\/fed0463fc9124570b2804f2d3e39edabdb8b2dc066140fc68e1fde625e8c2d82?s=96&d=mm&r=g\",\"url\":\"https:\\\/\\\/secure.gravatar.com\\\/avatar\\\/fed0463fc9124570b2804f2d3e39edabdb8b2dc066140fc68e1fde625e8c2d82?s=96&d=mm&r=g\",\"contentUrl\":\"https:\\\/\\\/secure.gravatar.com\\\/avatar\\\/fed0463fc9124570b2804f2d3e39edabdb8b2dc066140fc68e1fde625e8c2d82?s=96&d=mm&r=g\",\"caption\":\"Edward Stratmann\"},\"sameAs\":[\"@adNL@min\"],\"url\":\"https:\\\/\\\/www.monaco-tribune.com\\\/en\\\/author\\\/edward-stratmann\\\/\"}]}<\/script>\n<!-- \/ Yoast SEO Premium plugin. -->","yoast_head_json":{"title":"AS Monaco confirm S\u00e9bastien Pocognoli as coach - A bold thinker to lead a new era","description":"AS Monaco announced the arrival of its new coach S\u00e9bastien Pocognoli on Saturday evening. The 38-year-old Belgian technician takes over from Adi H\u00fctter.","robots":{"index":"index","follow":"follow","max-snippet":"max-snippet:-1","max-image-preview":"max-image-preview:large","max-video-preview":"max-video-preview:-1"},"canonical":"https:\/\/www.monaco-tribune.com\/en\/2025\/10\/as-monaco-confirm-sebastien-pocognoli-as-coach-a-bold-thinker-to-lead-a-new-era\/","og_locale":"en_US","og_type":"article","og_title":"AS Monaco confirm S\u00e9bastien Pocognoli as coach - A bold thinker to lead a new era - Monaco Tribune","og_description":"AS Monaco announced the arrival of its new coach S\u00e9bastien Pocognoli on Saturday evening. The 38-year-old Belgian technician takes over from Adi H\u00fctter.","og_url":"https:\/\/www.monaco-tribune.com\/en\/2025\/10\/as-monaco-confirm-sebastien-pocognoli-as-coach-a-bold-thinker-to-lead-a-new-era\/","og_site_name":"Monaco Tribune","article_publisher":"https:\/\/www.facebook.com\/MonacoTribune","article_published_time":"2025-10-14T07:03:35+00:00","article_modified_time":"2025-10-14T07:03:36+00:00","og_image":[{"width":1160,"height":650,"url":"https:\/\/www.monaco-tribune.com\/wp-content\/uploads\/2025\/10\/pocognoli-asm.jpg","type":"image\/jpeg"}],"author":"Edward Stratmann","twitter_card":"summary_large_image","twitter_creator":"@MonacoTribune","twitter_site":"@MonacoTribune","schema":{"@context":"https:\/\/schema.org","@graph":[{"@type":"NewsArticle","@id":"https:\/\/www.monaco-tribune.com\/en\/2025\/10\/as-monaco-confirm-sebastien-pocognoli-as-coach-a-bold-thinker-to-lead-a-new-era\/#article","isPartOf":{"@id":"https:\/\/www.monaco-tribune.com\/en\/2025\/10\/as-monaco-confirm-sebastien-pocognoli-as-coach-a-bold-thinker-to-lead-a-new-era\/"},"author":{"name":"Edward Stratmann","@id":"https:\/\/www.monaco-tribune.com\/en\/#\/schema\/person\/a62f3291a12757084f4c9c1a7e2054a9"},"headline":"AS Monaco confirm S\u00e9bastien Pocognoli as coach &#8211; A bold thinker to lead a new era","datePublished":"2025-10-14T07:03:35+00:00","dateModified":"2025-10-14T07:03:36+00:00","mainEntityOfPage":{"@id":"https:\/\/www.monaco-tribune.com\/en\/2025\/10\/as-monaco-confirm-sebastien-pocognoli-as-coach-a-bold-thinker-to-lead-a-new-era\/"},"wordCount":1220,"publisher":{"@id":"https:\/\/www.monaco-tribune.com\/en\/#organization"},"image":{"@id":"https:\/\/www.monaco-tribune.com\/en\/2025\/10\/as-monaco-confirm-sebastien-pocognoli-as-coach-a-bold-thinker-to-lead-a-new-era\/#primaryimage"},"thumbnailUrl":"https:\/\/www.monaco-tribune.com\/wp-content\/uploads\/2025\/10\/pocognoli-asm.jpg","keywords":["AS Monaco"],"articleSection":["News","Sports"],"inLanguage":"en-US","copyrightYear":"2025","copyrightHolder":{"@id":"https:\/\/www.monaco-tribune.com\/#organization"}},{"@type":"WebPage","@id":"https:\/\/www.monaco-tribune.com\/en\/2025\/10\/as-monaco-confirm-sebastien-pocognoli-as-coach-a-bold-thinker-to-lead-a-new-era\/","url":"https:\/\/www.monaco-tribune.com\/en\/2025\/10\/as-monaco-confirm-sebastien-pocognoli-as-coach-a-bold-thinker-to-lead-a-new-era\/","name":"AS Monaco confirm S\u00e9bastien Pocognoli as coach - A bold thinker to lead a new era","isPartOf":{"@id":"https:\/\/www.monaco-tribune.com\/en\/#website"},"primaryImageOfPage":{"@id":"https:\/\/www.monaco-tribune.com\/en\/2025\/10\/as-monaco-confirm-sebastien-pocognoli-as-coach-a-bold-thinker-to-lead-a-new-era\/#primaryimage"},"image":{"@id":"https:\/\/www.monaco-tribune.com\/en\/2025\/10\/as-monaco-confirm-sebastien-pocognoli-as-coach-a-bold-thinker-to-lead-a-new-era\/#primaryimage"},"thumbnailUrl":"https:\/\/www.monaco-tribune.com\/wp-content\/uploads\/2025\/10\/pocognoli-asm.jpg","datePublished":"2025-10-14T07:03:35+00:00","dateModified":"2025-10-14T07:03:36+00:00","description":"AS Monaco announced the arrival of its new coach S\u00e9bastien Pocognoli on Saturday evening. The 38-year-old Belgian technician takes over from Adi H\u00fctter.","breadcrumb":{"@id":"https:\/\/www.monaco-tribune.com\/en\/2025\/10\/as-monaco-confirm-sebastien-pocognoli-as-coach-a-bold-thinker-to-lead-a-new-era\/#breadcrumb"},"inLanguage":"en-US","potentialAction":[{"@type":"ReadAction","target":["https:\/\/www.monaco-tribune.com\/en\/2025\/10\/as-monaco-confirm-sebastien-pocognoli-as-coach-a-bold-thinker-to-lead-a-new-era\/"]}]},{"@type":"ImageObject","inLanguage":"en-US","@id":"https:\/\/www.monaco-tribune.com\/en\/2025\/10\/as-monaco-confirm-sebastien-pocognoli-as-coach-a-bold-thinker-to-lead-a-new-era\/#primaryimage","url":"https:\/\/www.monaco-tribune.com\/wp-content\/uploads\/2025\/10\/pocognoli-asm.jpg","contentUrl":"https:\/\/www.monaco-tribune.com\/wp-content\/uploads\/2025\/10\/pocognoli-asm.jpg","width":1160,"height":650,"caption":"\u00a9 AS Monaco"},{"@type":"BreadcrumbList","@id":"https:\/\/www.monaco-tribune.com\/en\/2025\/10\/as-monaco-confirm-sebastien-pocognoli-as-coach-a-bold-thinker-to-lead-a-new-era\/#breadcrumb","itemListElement":[{"@type":"ListItem","position":1,"name":"Accueil","item":"https:\/\/www.monaco-tribune.com\/en\/"},{"@type":"ListItem","position":2,"name":"AS Monaco confirm S\u00e9bastien Pocognoli as coach &#8211; A bold thinker to lead a new era"}]},{"@type":"WebSite","@id":"https:\/\/www.monaco-tribune.com\/en\/#website","url":"https:\/\/www.monaco-tribune.com\/en\/","name":"Monaco Tribune","description":"Monaco : actualit\u00e9s \u00e9conomiques, politiques, culturelles et sportives de Monaco et de la French Riviera.","publisher":{"@id":"https:\/\/www.monaco-tribune.com\/en\/#organization"},"potentialAction":[{"@type":"SearchAction","target":{"@type":"EntryPoint","urlTemplate":"https:\/\/www.monaco-tribune.com\/en\/?s={search_term_string}"},"query-input":{"@type":"PropertyValueSpecification","valueRequired":true,"valueName":"search_term_string"}}],"inLanguage":"en-US"},{"@type":"Organization","@id":"https:\/\/www.monaco-tribune.com\/en\/#organization","name":"Monaco Tribune","url":"https:\/\/www.monaco-tribune.com\/en\/","logo":{"@type":"ImageObject","inLanguage":"en-US","@id":"https:\/\/www.monaco-tribune.com\/en\/#\/schema\/logo\/image\/","url":"https:\/\/www.monaco-tribune.com\/wp-content\/uploads\/2022\/11\/logo-monaco-tribune.png","contentUrl":"https:\/\/www.monaco-tribune.com\/wp-content\/uploads\/2022\/11\/logo-monaco-tribune.png","width":1548,"height":600,"caption":"Monaco Tribune"},"image":{"@id":"https:\/\/www.monaco-tribune.com\/en\/#\/schema\/logo\/image\/"},"sameAs":["https:\/\/www.facebook.com\/MonacoTribune","https:\/\/x.com\/MonacoTribune","https:\/\/www.instagram.com\/monacotribune\/","https:\/\/www.linkedin.com\/company\/monaco-tribune","https:\/\/www.youtube.com\/channel\/UCHle1MnG6hw1y4lWKijVbMA"]},{"@type":"Person","@id":"https:\/\/www.monaco-tribune.com\/en\/#\/schema\/person\/a62f3291a12757084f4c9c1a7e2054a9","name":"Edward Stratmann","image":{"@type":"ImageObject","inLanguage":"en-US","@id":"https:\/\/secure.gravatar.com\/avatar\/fed0463fc9124570b2804f2d3e39edabdb8b2dc066140fc68e1fde625e8c2d82?s=96&d=mm&r=g","url":"https:\/\/secure.gravatar.com\/avatar\/fed0463fc9124570b2804f2d3e39edabdb8b2dc066140fc68e1fde625e8c2d82?s=96&d=mm&r=g","contentUrl":"https:\/\/secure.gravatar.com\/avatar\/fed0463fc9124570b2804f2d3e39edabdb8b2dc066140fc68e1fde625e8c2d82?s=96&d=mm&r=g","caption":"Edward Stratmann"},"sameAs":["@adNL@min"],"url":"https:\/\/www.monaco-tribune.com\/en\/author\/edward-stratmann\/"}]}},"_links":{"self":[{"href":"https:\/\/www.monaco-tribune.com\/en\/wp-json\/wp\/v2\/posts\/319227","targetHints":{"allow":["GET"]}}],"collection":[{"href":"https:\/\/www.monaco-tribune.com\/en\/wp-json\/wp\/v2\/posts"}],"about":[{"href":"https:\/\/www.monaco-tribune.com\/en\/wp-json\/wp\/v2\/types\/post"}],"author":[{"embeddable":true,"href":"https:\/\/www.monaco-tribune.com\/en\/wp-json\/wp\/v2\/users\/18"}],"replies":[{"embeddable":true,"href":"https:\/\/www.monaco-tribune.com\/en\/wp-json\/wp\/v2\/comments?post=319227"}],"version-history":[{"count":2,"href":"https:\/\/www.monaco-tribune.com\/en\/wp-json\/wp\/v2\/posts\/319227\/revisions"}],"predecessor-version":[{"id":319230,"href":"https:\/\/www.monaco-tribune.com\/en\/wp-json\/wp\/v2\/posts\/319227\/revisions\/319230"}],"wp:featuredmedia":[{"embeddable":true,"href":"https:\/\/www.monaco-tribune.com\/en\/wp-json\/wp\/v2\/media\/319043"}],"wp:attachment":[{"href":"https:\/\/www.monaco-tribune.com\/en\/wp-json\/wp\/v2\/media?parent=319227"}],"wp:term":[{"taxonomy":"category","embeddable":true,"href":"https:\/\/www.monaco-tribune.com\/en\/wp-json\/wp\/v2\/categories?post=319227"},{"taxonomy":"post_tag","embeddable":true,"href":"https:\/\/www.monaco-tribune.com\/en\/wp-json\/wp\/v2\/tags?post=319227"},{"taxonomy":"sectag","embeddable":true,"href":"https:\/\/www.monaco-tribune.com\/en\/wp-json\/wp\/v2\/post_sectags?post=319227"},{"taxonomy":"format","embeddable":true,"href":"https:\/\/www.monaco-tribune.com\/en\/wp-json\/wp\/v2\/post_format?post=319227"}],"curies":[{"name":"wp","href":"https:\/\/api.w.org\/{rel}","templated":true}]}}