{"id":319507,"date":"2025-10-15T16:36:08","date_gmt":"2025-10-15T14:36:08","guid":{"rendered":"https:\/\/www.monaco-tribune.com\/2025\/10\/cerebral-cancers-two-promising-research-projects-at-centre-scientifique-de-monaco-supported-by-gemluc\/"},"modified":"2025-10-15T16:37:51","modified_gmt":"2025-10-15T14:37:51","slug":"cerebral-cancers-two-promising-research-projects-at-centre-scientifique-de-monaco-supported-by-gemluc","status":"publish","type":"post","link":"https:\/\/www.monaco-tribune.com\/en\/2025\/10\/cerebral-cancers-two-promising-research-projects-at-centre-scientifique-de-monaco-supported-by-gemluc\/","title":{"rendered":"Cerebral cancers: two promising research projects at Centre Scientifique de Monaco supported by GEMLUC"},"content":{"rendered":"\n<p><strong>The <em>Groupement d&#8217;Entreprises Mon\u00e9gasques pour la Lutte Contre le Cancer<\/em> (GEMLUC &#8211; Monegasque businesses fighting cancer) is trusting that research will improve treatments for aggressive brain tumours, in partnership with the CHPG.<\/strong><\/p>\n\n<p><span style=\"color: black;\">On Monday 13 October, Fran\u00e7ois Jean Brych, GEMLUC&#8217;s Chairman, visited the CSM premises to find out about the research work being carried out by two doctoral students. With th esupport of the charity, of which the Princess of Hanover is honorary president, their work focuses on high grade brain cancers, which are among\u00a0<\/span><a href=\"https:\/\/www.monaco-tribune.com\/en\/2025\/02\/research-reason-to-hope-for-paediatric-brain-cancers-thanks-to-csm\/\"><span style=\"color: blue; text-decoration: none; text-underline: none;\">the most aggressive in the field of oncology<\/span><\/a><span style=\"color: black;\">.<\/span><\/p>\n\n<p>&#8220;<em>The aim is to try to make cancer cells more sensitive to radiotherapy,&#8221; <\/em>explains Dr Vincent Picco, director of research and head of the cancer research unit at the CSM. This approach could revolutionise how these pathologies are treated, including in children.<\/p>\n<div class=\"wp-block-image\">\n<figure class=\"aligncenter size-large\"><img loading=\"lazy\" decoding=\"async\" width=\"1024\" height=\"682\" src=\"https:\/\/www.monaco-tribune.com\/wp-content\/uploads\/2025\/10\/csm-gemluc-2-grande-1024x682.jpeg\" alt=\"Dr Vincent Picco (CSM research director, head of the cancer research unit), Fran&#xE7;ois Jean Brych (GEMLUC chairman), C&#xE9;line Robino (CSM doctoral student), William Echavride (CSM doctoral student), Dr Beno&#xEE;t Paulmier (GEMLUC vice-chairman), Dr Christopher Montemagno (CSM research officer), Flora Ginocchio (CSM general secretary) &#xA9; Stephane Danna - Communication department\" class=\"wp-image-319375\" srcset=\"https:\/\/www.monaco-tribune.com\/wp-content\/uploads\/2025\/10\/csm-gemluc-2-grande-1024x682.jpeg 1024w, https:\/\/www.monaco-tribune.com\/wp-content\/uploads\/2025\/10\/csm-gemluc-2-grande-450x300.jpeg 450w, https:\/\/www.monaco-tribune.com\/wp-content\/uploads\/2025\/10\/csm-gemluc-2-grande.jpeg 1280w\" sizes=\"auto, (max-width: 1024px) 100vw, 1024px\" \/><figcaption class=\"wp-element-caption\"><em>Dr Vincent Picco (CSM research director, head of the cancer research unit), Fran\u00e7ois Jean Brych (GEMLUC chairman), C\u00e9line Robino (CSM doctoral student), William Echavride (CSM doctoral student), Dr Beno\u00eet Paulmier (GEMLUC vice-chairman), Dr Christopher Montemagno (CSM research officer), Flora Ginocchio (CSM general secretary)<\/em>\u00a0\u00a9 Stephane Danna &#8211; Communication department<\/figcaption><\/figure>\n<\/div><div class=\"wp-block-image\">\n<figure class=\"aligncenter size-large\"><img loading=\"lazy\" decoding=\"async\" width=\"1024\" height=\"682\" src=\"https:\/\/www.monaco-tribune.com\/wp-content\/uploads\/2025\/10\/csm-gemluc-grande-1024x682.jpeg\" alt=\"\" class=\"wp-image-319380\" srcset=\"https:\/\/www.monaco-tribune.com\/wp-content\/uploads\/2025\/10\/csm-gemluc-grande-1024x682.jpeg 1024w, https:\/\/www.monaco-tribune.com\/wp-content\/uploads\/2025\/10\/csm-gemluc-grande-450x300.jpeg 450w, https:\/\/www.monaco-tribune.com\/wp-content\/uploads\/2025\/10\/csm-gemluc-grande.jpeg 1280w\" sizes=\"auto, (max-width: 1024px) 100vw, 1024px\" \/><figcaption class=\"wp-element-caption\">\u00a9 St\u00e9phane Danna \u2013 Communication Department<\/figcaption><\/figure>\n<\/div>\n<h2 class=\"wp-block-heading\" id=\"h-des-resultats-encourageants-en-laboratoire\">Encouraging laboratory results<\/h2>\n\n<p>The research carried out by William Echavride, in collaboration with the CHPG teams, is showing significant progress. His work seeks to show how altering the identity of tumour cells, forcing them to differentiate, makes them more vulnerable to treatment.\u00a0<em>&#8220;Combined with drug treatment, this can potentially reduce radiotherapy doses and therefore the side effects,&#8221;<\/em>\u00a0says Vincent Picco, emphasising how important this is for the patients.<\/p>\n\n<blockquote class=\"wp-embedded-content\" data-secret=\"oBwP1gKvbo\"><a href=\"https:\/\/www.monaco-tribune.com\/en\/2025\/02\/chpg-acquires-two-new-innovations-to-fight-cancer\/\">CHPG acquires two new innovations to fight cancer<\/a><\/blockquote><iframe class=\"wp-embedded-content\" sandbox=\"allow-scripts\" security=\"restricted\" style=\"position: absolute; visibility: hidden;\" title=\"&#8220;CHPG acquires two new innovations to fight cancer&#8221; &#8212; Monaco Tribune\" src=\"https:\/\/www.monaco-tribune.com\/en\/2025\/02\/chpg-acquires-two-new-innovations-to-fight-cancer\/embed\/#?secret=7A4rRkc9tE#?secret=oBwP1gKvbo\" data-secret=\"oBwP1gKvbo\" width=\"500\" height=\"282\" frameborder=\"0\" marginwidth=\"0\" marginheight=\"0\" scrolling=\"no\"><\/iframe>\n\n<p>William will defend his thesis on December 3 at the Oceanographic Museum, while the other doctoral student, C\u00e9line Robino, is pursuing promising work combining fluoroquinolone antibiotics &#8211; a molecule that is partly responsible for the oxidative stress that causes coral bleaching &#8211; and radiotherapy.<\/p>\n\n<h2 class=\"wp-block-heading\" id=\"h-une-collaboration-interdisciplinaire-essentielle\">Essential interdisciplinary collaboration<\/h2>\n\n<p>The three-way partnership involves the CSM, GEMLUC and the\u00a0<a href=\"https:\/\/www.monaco-tribune.com\/en\/2023\/11\/princess-caroline-at-chpg-for-inauguration-of-chemotherapy-software\/\">CHPG<\/a> radiotherapy department.\u00a0<em>&#8220;This research work would not be possible without the partnership and support of the staff in the radiotherapy department,&#8221;<\/em>\u00a0stresses Vincent Picco. Fran\u00e7ois Brych sees this as a challenge for the future:\u00a0<em>&#8220;<\/em>\u00a0<em>We are convinced that this research will open up new perspectives in the battle against brain cancers and will help train the researchers of tomorrow.&#8221;<\/em>\u00a0With an investment of 400,000 euros over six years, GEMLUC is carrying on its long-standing commitment to the CSM.<\/p>\n","protected":false},"excerpt":{"rendered":"<p>The Groupement d&#8217;Entreprises Mon\u00e9gasques pour la Lutte Contre le Cancer (GEMLUC &#8211; Monegasque businesses fighting cancer) is trusting that research [&hellip;]<\/p>\n","protected":false},"author":82,"featured_media":319389,"comment_status":"closed","ping_status":"closed","sticky":false,"template":"","format":"standard","meta":{"_acf_changed":false,"footnotes":""},"categories":[243,258],"tags":[2938],"post_sectags":[4067],"post_format":[2465],"class_list":["post-319507","post","type-post","status-publish","format-standard","has-post-thumbnail","hentry","category-news","category-public-life","tag-health-en","sectag-csm-en","format-in-brief"],"acf":[],"yoast_head":"<!-- This site is optimized with the Yoast SEO Premium plugin v26.8 (Yoast SEO v27.4) - https:\/\/yoast.com\/product\/yoast-seo-premium-wordpress\/ -->\n<title>Cerebral cancers: two promising research projects at Centre Scientifique de Monaco supported by GEMLUC<\/title>\n<meta name=\"description\" content=\"The Groupement d&#039;Entreprises Mon\u00e9gasques pour la Lutte Contre le Cancer (GEMLUC - Monegasque businesses fighting cancer) is trusting that research will\" \/>\n<meta name=\"robots\" content=\"index, follow, max-snippet:-1, max-image-preview:large, max-video-preview:-1\" \/>\n<link rel=\"canonical\" href=\"https:\/\/www.monaco-tribune.com\/en\/2025\/10\/cerebral-cancers-two-promising-research-projects-at-centre-scientifique-de-monaco-supported-by-gemluc\/\" \/>\n<meta property=\"og:locale\" content=\"en_US\" \/>\n<meta property=\"og:type\" content=\"article\" \/>\n<meta property=\"og:title\" content=\"Cerebral cancers: two promising research projects at Centre Scientifique de Monaco supported by GEMLUC - Monaco Tribune\" \/>\n<meta property=\"og:description\" content=\"The Groupement d&#039;Entreprises Mon\u00e9gasques pour la Lutte Contre le Cancer (GEMLUC - Monegasque businesses fighting cancer) is trusting that research will\" \/>\n<meta property=\"og:url\" content=\"https:\/\/www.monaco-tribune.com\/en\/2025\/10\/cerebral-cancers-two-promising-research-projects-at-centre-scientifique-de-monaco-supported-by-gemluc\/\" \/>\n<meta property=\"og:site_name\" content=\"Monaco Tribune\" \/>\n<meta property=\"article:publisher\" content=\"https:\/\/www.facebook.com\/MonacoTribune\" \/>\n<meta property=\"article:published_time\" content=\"2025-10-15T14:36:08+00:00\" \/>\n<meta property=\"article:modified_time\" content=\"2025-10-15T14:37:51+00:00\" \/>\n<meta property=\"og:image\" content=\"https:\/\/www.monaco-tribune.com\/wp-content\/uploads\/2025\/10\/cancer-cerveau-gemluc-csm-grande.jpeg\" \/>\n\t<meta property=\"og:image:width\" content=\"1280\" \/>\n\t<meta property=\"og:image:height\" content=\"853\" \/>\n\t<meta property=\"og:image:type\" content=\"image\/jpeg\" \/>\n<meta name=\"author\" content=\"Benjamin Godart\" \/>\n<meta name=\"twitter:card\" content=\"summary_large_image\" \/>\n<meta name=\"twitter:creator\" content=\"@MonacoTribune\" \/>\n<meta name=\"twitter:site\" content=\"@MonacoTribune\" \/>\n<script type=\"application\/ld+json\" class=\"yoast-schema-graph\">{\"@context\":\"https:\\\/\\\/schema.org\",\"@graph\":[{\"@type\":\"NewsArticle\",\"@id\":\"https:\\\/\\\/www.monaco-tribune.com\\\/en\\\/2025\\\/10\\\/cerebral-cancers-two-promising-research-projects-at-centre-scientifique-de-monaco-supported-by-gemluc\\\/#article\",\"isPartOf\":{\"@id\":\"https:\\\/\\\/www.monaco-tribune.com\\\/en\\\/2025\\\/10\\\/cerebral-cancers-two-promising-research-projects-at-centre-scientifique-de-monaco-supported-by-gemluc\\\/\"},\"author\":{\"name\":\"Benjamin Godart\",\"@id\":\"https:\\\/\\\/www.monaco-tribune.com\\\/en\\\/#\\\/schema\\\/person\\\/d201bd3b5aa6a9405a343cb582876e6b\"},\"headline\":\"Cerebral cancers: two promising research projects at Centre Scientifique de Monaco supported by GEMLUC\",\"datePublished\":\"2025-10-15T14:36:08+00:00\",\"dateModified\":\"2025-10-15T14:37:51+00:00\",\"mainEntityOfPage\":{\"@id\":\"https:\\\/\\\/www.monaco-tribune.com\\\/en\\\/2025\\\/10\\\/cerebral-cancers-two-promising-research-projects-at-centre-scientifique-de-monaco-supported-by-gemluc\\\/\"},\"wordCount\":417,\"publisher\":{\"@id\":\"https:\\\/\\\/www.monaco-tribune.com\\\/en\\\/#organization\"},\"image\":{\"@id\":\"https:\\\/\\\/www.monaco-tribune.com\\\/en\\\/2025\\\/10\\\/cerebral-cancers-two-promising-research-projects-at-centre-scientifique-de-monaco-supported-by-gemluc\\\/#primaryimage\"},\"thumbnailUrl\":\"https:\\\/\\\/www.monaco-tribune.com\\\/wp-content\\\/uploads\\\/2025\\\/10\\\/cancer-cerveau-gemluc-csm-grande.jpeg\",\"keywords\":[\"Health\"],\"articleSection\":[\"News\",\"Society\"],\"inLanguage\":\"en-US\",\"copyrightYear\":\"2025\",\"copyrightHolder\":{\"@id\":\"https:\\\/\\\/www.monaco-tribune.com\\\/#organization\"}},{\"@type\":\"WebPage\",\"@id\":\"https:\\\/\\\/www.monaco-tribune.com\\\/en\\\/2025\\\/10\\\/cerebral-cancers-two-promising-research-projects-at-centre-scientifique-de-monaco-supported-by-gemluc\\\/\",\"url\":\"https:\\\/\\\/www.monaco-tribune.com\\\/en\\\/2025\\\/10\\\/cerebral-cancers-two-promising-research-projects-at-centre-scientifique-de-monaco-supported-by-gemluc\\\/\",\"name\":\"Cerebral cancers: two promising research projects at Centre Scientifique de Monaco supported by GEMLUC\",\"isPartOf\":{\"@id\":\"https:\\\/\\\/www.monaco-tribune.com\\\/en\\\/#website\"},\"primaryImageOfPage\":{\"@id\":\"https:\\\/\\\/www.monaco-tribune.com\\\/en\\\/2025\\\/10\\\/cerebral-cancers-two-promising-research-projects-at-centre-scientifique-de-monaco-supported-by-gemluc\\\/#primaryimage\"},\"image\":{\"@id\":\"https:\\\/\\\/www.monaco-tribune.com\\\/en\\\/2025\\\/10\\\/cerebral-cancers-two-promising-research-projects-at-centre-scientifique-de-monaco-supported-by-gemluc\\\/#primaryimage\"},\"thumbnailUrl\":\"https:\\\/\\\/www.monaco-tribune.com\\\/wp-content\\\/uploads\\\/2025\\\/10\\\/cancer-cerveau-gemluc-csm-grande.jpeg\",\"datePublished\":\"2025-10-15T14:36:08+00:00\",\"dateModified\":\"2025-10-15T14:37:51+00:00\",\"description\":\"The Groupement d'Entreprises Mon\u00e9gasques pour la Lutte Contre le Cancer (GEMLUC - Monegasque businesses fighting cancer) is trusting that research will\",\"breadcrumb\":{\"@id\":\"https:\\\/\\\/www.monaco-tribune.com\\\/en\\\/2025\\\/10\\\/cerebral-cancers-two-promising-research-projects-at-centre-scientifique-de-monaco-supported-by-gemluc\\\/#breadcrumb\"},\"inLanguage\":\"en-US\",\"potentialAction\":[{\"@type\":\"ReadAction\",\"target\":[\"https:\\\/\\\/www.monaco-tribune.com\\\/en\\\/2025\\\/10\\\/cerebral-cancers-two-promising-research-projects-at-centre-scientifique-de-monaco-supported-by-gemluc\\\/\"]}]},{\"@type\":\"ImageObject\",\"inLanguage\":\"en-US\",\"@id\":\"https:\\\/\\\/www.monaco-tribune.com\\\/en\\\/2025\\\/10\\\/cerebral-cancers-two-promising-research-projects-at-centre-scientifique-de-monaco-supported-by-gemluc\\\/#primaryimage\",\"url\":\"https:\\\/\\\/www.monaco-tribune.com\\\/wp-content\\\/uploads\\\/2025\\\/10\\\/cancer-cerveau-gemluc-csm-grande.jpeg\",\"contentUrl\":\"https:\\\/\\\/www.monaco-tribune.com\\\/wp-content\\\/uploads\\\/2025\\\/10\\\/cancer-cerveau-gemluc-csm-grande.jpeg\",\"width\":1280,\"height\":853,\"caption\":\"\u00a9 Tima Miroshnichenko - Pexels\"},{\"@type\":\"BreadcrumbList\",\"@id\":\"https:\\\/\\\/www.monaco-tribune.com\\\/en\\\/2025\\\/10\\\/cerebral-cancers-two-promising-research-projects-at-centre-scientifique-de-monaco-supported-by-gemluc\\\/#breadcrumb\",\"itemListElement\":[{\"@type\":\"ListItem\",\"position\":1,\"name\":\"Accueil\",\"item\":\"https:\\\/\\\/www.monaco-tribune.com\\\/en\\\/\"},{\"@type\":\"ListItem\",\"position\":2,\"name\":\"Cerebral cancers: two promising research projects at Centre Scientifique de Monaco supported by GEMLUC\"}]},{\"@type\":\"WebSite\",\"@id\":\"https:\\\/\\\/www.monaco-tribune.com\\\/en\\\/#website\",\"url\":\"https:\\\/\\\/www.monaco-tribune.com\\\/en\\\/\",\"name\":\"Monaco Tribune\",\"description\":\"Monaco : actualit\u00e9s \u00e9conomiques, politiques, culturelles et sportives de Monaco et de la French Riviera.\",\"publisher\":{\"@id\":\"https:\\\/\\\/www.monaco-tribune.com\\\/en\\\/#organization\"},\"potentialAction\":[{\"@type\":\"SearchAction\",\"target\":{\"@type\":\"EntryPoint\",\"urlTemplate\":\"https:\\\/\\\/www.monaco-tribune.com\\\/en\\\/?s={search_term_string}\"},\"query-input\":{\"@type\":\"PropertyValueSpecification\",\"valueRequired\":true,\"valueName\":\"search_term_string\"}}],\"inLanguage\":\"en-US\"},{\"@type\":\"Organization\",\"@id\":\"https:\\\/\\\/www.monaco-tribune.com\\\/en\\\/#organization\",\"name\":\"Monaco Tribune\",\"url\":\"https:\\\/\\\/www.monaco-tribune.com\\\/en\\\/\",\"logo\":{\"@type\":\"ImageObject\",\"inLanguage\":\"en-US\",\"@id\":\"https:\\\/\\\/www.monaco-tribune.com\\\/en\\\/#\\\/schema\\\/logo\\\/image\\\/\",\"url\":\"https:\\\/\\\/www.monaco-tribune.com\\\/wp-content\\\/uploads\\\/2022\\\/11\\\/logo-monaco-tribune.png\",\"contentUrl\":\"https:\\\/\\\/www.monaco-tribune.com\\\/wp-content\\\/uploads\\\/2022\\\/11\\\/logo-monaco-tribune.png\",\"width\":1548,\"height\":600,\"caption\":\"Monaco Tribune\"},\"image\":{\"@id\":\"https:\\\/\\\/www.monaco-tribune.com\\\/en\\\/#\\\/schema\\\/logo\\\/image\\\/\"},\"sameAs\":[\"https:\\\/\\\/www.facebook.com\\\/MonacoTribune\",\"https:\\\/\\\/x.com\\\/MonacoTribune\",\"https:\\\/\\\/www.instagram.com\\\/monacotribune\\\/\",\"https:\\\/\\\/www.linkedin.com\\\/company\\\/monaco-tribune\",\"https:\\\/\\\/www.youtube.com\\\/channel\\\/UCHle1MnG6hw1y4lWKijVbMA\"]},{\"@type\":\"Person\",\"@id\":\"https:\\\/\\\/www.monaco-tribune.com\\\/en\\\/#\\\/schema\\\/person\\\/d201bd3b5aa6a9405a343cb582876e6b\",\"name\":\"Benjamin Godart\",\"image\":{\"@type\":\"ImageObject\",\"inLanguage\":\"en-US\",\"@id\":\"https:\\\/\\\/secure.gravatar.com\\\/avatar\\\/497d42825162d88d88f4d1527d8d9791abdd62e977b6ae137f2a93f8450f5286?s=96&d=mm&r=g\",\"url\":\"https:\\\/\\\/secure.gravatar.com\\\/avatar\\\/497d42825162d88d88f4d1527d8d9791abdd62e977b6ae137f2a93f8450f5286?s=96&d=mm&r=g\",\"contentUrl\":\"https:\\\/\\\/secure.gravatar.com\\\/avatar\\\/497d42825162d88d88f4d1527d8d9791abdd62e977b6ae137f2a93f8450f5286?s=96&d=mm&r=g\",\"caption\":\"Benjamin Godart\"},\"url\":\"https:\\\/\\\/www.monaco-tribune.com\\\/en\\\/author\\\/benjamingodart\\\/\"}]}<\/script>\n<!-- \/ Yoast SEO Premium plugin. -->","yoast_head_json":{"title":"Cerebral cancers: two promising research projects at Centre Scientifique de Monaco supported by GEMLUC","description":"The Groupement d'Entreprises Mon\u00e9gasques pour la Lutte Contre le Cancer (GEMLUC - Monegasque businesses fighting cancer) is trusting that research will","robots":{"index":"index","follow":"follow","max-snippet":"max-snippet:-1","max-image-preview":"max-image-preview:large","max-video-preview":"max-video-preview:-1"},"canonical":"https:\/\/www.monaco-tribune.com\/en\/2025\/10\/cerebral-cancers-two-promising-research-projects-at-centre-scientifique-de-monaco-supported-by-gemluc\/","og_locale":"en_US","og_type":"article","og_title":"Cerebral cancers: two promising research projects at Centre Scientifique de Monaco supported by GEMLUC - Monaco Tribune","og_description":"The Groupement d'Entreprises Mon\u00e9gasques pour la Lutte Contre le Cancer (GEMLUC - Monegasque businesses fighting cancer) is trusting that research will","og_url":"https:\/\/www.monaco-tribune.com\/en\/2025\/10\/cerebral-cancers-two-promising-research-projects-at-centre-scientifique-de-monaco-supported-by-gemluc\/","og_site_name":"Monaco Tribune","article_publisher":"https:\/\/www.facebook.com\/MonacoTribune","article_published_time":"2025-10-15T14:36:08+00:00","article_modified_time":"2025-10-15T14:37:51+00:00","og_image":[{"width":1280,"height":853,"url":"https:\/\/www.monaco-tribune.com\/wp-content\/uploads\/2025\/10\/cancer-cerveau-gemluc-csm-grande.jpeg","type":"image\/jpeg"}],"author":"Benjamin Godart","twitter_card":"summary_large_image","twitter_creator":"@MonacoTribune","twitter_site":"@MonacoTribune","schema":{"@context":"https:\/\/schema.org","@graph":[{"@type":"NewsArticle","@id":"https:\/\/www.monaco-tribune.com\/en\/2025\/10\/cerebral-cancers-two-promising-research-projects-at-centre-scientifique-de-monaco-supported-by-gemluc\/#article","isPartOf":{"@id":"https:\/\/www.monaco-tribune.com\/en\/2025\/10\/cerebral-cancers-two-promising-research-projects-at-centre-scientifique-de-monaco-supported-by-gemluc\/"},"author":{"name":"Benjamin Godart","@id":"https:\/\/www.monaco-tribune.com\/en\/#\/schema\/person\/d201bd3b5aa6a9405a343cb582876e6b"},"headline":"Cerebral cancers: two promising research projects at Centre Scientifique de Monaco supported by GEMLUC","datePublished":"2025-10-15T14:36:08+00:00","dateModified":"2025-10-15T14:37:51+00:00","mainEntityOfPage":{"@id":"https:\/\/www.monaco-tribune.com\/en\/2025\/10\/cerebral-cancers-two-promising-research-projects-at-centre-scientifique-de-monaco-supported-by-gemluc\/"},"wordCount":417,"publisher":{"@id":"https:\/\/www.monaco-tribune.com\/en\/#organization"},"image":{"@id":"https:\/\/www.monaco-tribune.com\/en\/2025\/10\/cerebral-cancers-two-promising-research-projects-at-centre-scientifique-de-monaco-supported-by-gemluc\/#primaryimage"},"thumbnailUrl":"https:\/\/www.monaco-tribune.com\/wp-content\/uploads\/2025\/10\/cancer-cerveau-gemluc-csm-grande.jpeg","keywords":["Health"],"articleSection":["News","Society"],"inLanguage":"en-US","copyrightYear":"2025","copyrightHolder":{"@id":"https:\/\/www.monaco-tribune.com\/#organization"}},{"@type":"WebPage","@id":"https:\/\/www.monaco-tribune.com\/en\/2025\/10\/cerebral-cancers-two-promising-research-projects-at-centre-scientifique-de-monaco-supported-by-gemluc\/","url":"https:\/\/www.monaco-tribune.com\/en\/2025\/10\/cerebral-cancers-two-promising-research-projects-at-centre-scientifique-de-monaco-supported-by-gemluc\/","name":"Cerebral cancers: two promising research projects at Centre Scientifique de Monaco supported by GEMLUC","isPartOf":{"@id":"https:\/\/www.monaco-tribune.com\/en\/#website"},"primaryImageOfPage":{"@id":"https:\/\/www.monaco-tribune.com\/en\/2025\/10\/cerebral-cancers-two-promising-research-projects-at-centre-scientifique-de-monaco-supported-by-gemluc\/#primaryimage"},"image":{"@id":"https:\/\/www.monaco-tribune.com\/en\/2025\/10\/cerebral-cancers-two-promising-research-projects-at-centre-scientifique-de-monaco-supported-by-gemluc\/#primaryimage"},"thumbnailUrl":"https:\/\/www.monaco-tribune.com\/wp-content\/uploads\/2025\/10\/cancer-cerveau-gemluc-csm-grande.jpeg","datePublished":"2025-10-15T14:36:08+00:00","dateModified":"2025-10-15T14:37:51+00:00","description":"The Groupement d'Entreprises Mon\u00e9gasques pour la Lutte Contre le Cancer (GEMLUC - Monegasque businesses fighting cancer) is trusting that research will","breadcrumb":{"@id":"https:\/\/www.monaco-tribune.com\/en\/2025\/10\/cerebral-cancers-two-promising-research-projects-at-centre-scientifique-de-monaco-supported-by-gemluc\/#breadcrumb"},"inLanguage":"en-US","potentialAction":[{"@type":"ReadAction","target":["https:\/\/www.monaco-tribune.com\/en\/2025\/10\/cerebral-cancers-two-promising-research-projects-at-centre-scientifique-de-monaco-supported-by-gemluc\/"]}]},{"@type":"ImageObject","inLanguage":"en-US","@id":"https:\/\/www.monaco-tribune.com\/en\/2025\/10\/cerebral-cancers-two-promising-research-projects-at-centre-scientifique-de-monaco-supported-by-gemluc\/#primaryimage","url":"https:\/\/www.monaco-tribune.com\/wp-content\/uploads\/2025\/10\/cancer-cerveau-gemluc-csm-grande.jpeg","contentUrl":"https:\/\/www.monaco-tribune.com\/wp-content\/uploads\/2025\/10\/cancer-cerveau-gemluc-csm-grande.jpeg","width":1280,"height":853,"caption":"\u00a9 Tima Miroshnichenko - Pexels"},{"@type":"BreadcrumbList","@id":"https:\/\/www.monaco-tribune.com\/en\/2025\/10\/cerebral-cancers-two-promising-research-projects-at-centre-scientifique-de-monaco-supported-by-gemluc\/#breadcrumb","itemListElement":[{"@type":"ListItem","position":1,"name":"Accueil","item":"https:\/\/www.monaco-tribune.com\/en\/"},{"@type":"ListItem","position":2,"name":"Cerebral cancers: two promising research projects at Centre Scientifique de Monaco supported by GEMLUC"}]},{"@type":"WebSite","@id":"https:\/\/www.monaco-tribune.com\/en\/#website","url":"https:\/\/www.monaco-tribune.com\/en\/","name":"Monaco Tribune","description":"Monaco : actualit\u00e9s \u00e9conomiques, politiques, culturelles et sportives de Monaco et de la French Riviera.","publisher":{"@id":"https:\/\/www.monaco-tribune.com\/en\/#organization"},"potentialAction":[{"@type":"SearchAction","target":{"@type":"EntryPoint","urlTemplate":"https:\/\/www.monaco-tribune.com\/en\/?s={search_term_string}"},"query-input":{"@type":"PropertyValueSpecification","valueRequired":true,"valueName":"search_term_string"}}],"inLanguage":"en-US"},{"@type":"Organization","@id":"https:\/\/www.monaco-tribune.com\/en\/#organization","name":"Monaco Tribune","url":"https:\/\/www.monaco-tribune.com\/en\/","logo":{"@type":"ImageObject","inLanguage":"en-US","@id":"https:\/\/www.monaco-tribune.com\/en\/#\/schema\/logo\/image\/","url":"https:\/\/www.monaco-tribune.com\/wp-content\/uploads\/2022\/11\/logo-monaco-tribune.png","contentUrl":"https:\/\/www.monaco-tribune.com\/wp-content\/uploads\/2022\/11\/logo-monaco-tribune.png","width":1548,"height":600,"caption":"Monaco Tribune"},"image":{"@id":"https:\/\/www.monaco-tribune.com\/en\/#\/schema\/logo\/image\/"},"sameAs":["https:\/\/www.facebook.com\/MonacoTribune","https:\/\/x.com\/MonacoTribune","https:\/\/www.instagram.com\/monacotribune\/","https:\/\/www.linkedin.com\/company\/monaco-tribune","https:\/\/www.youtube.com\/channel\/UCHle1MnG6hw1y4lWKijVbMA"]},{"@type":"Person","@id":"https:\/\/www.monaco-tribune.com\/en\/#\/schema\/person\/d201bd3b5aa6a9405a343cb582876e6b","name":"Benjamin Godart","image":{"@type":"ImageObject","inLanguage":"en-US","@id":"https:\/\/secure.gravatar.com\/avatar\/497d42825162d88d88f4d1527d8d9791abdd62e977b6ae137f2a93f8450f5286?s=96&d=mm&r=g","url":"https:\/\/secure.gravatar.com\/avatar\/497d42825162d88d88f4d1527d8d9791abdd62e977b6ae137f2a93f8450f5286?s=96&d=mm&r=g","contentUrl":"https:\/\/secure.gravatar.com\/avatar\/497d42825162d88d88f4d1527d8d9791abdd62e977b6ae137f2a93f8450f5286?s=96&d=mm&r=g","caption":"Benjamin Godart"},"url":"https:\/\/www.monaco-tribune.com\/en\/author\/benjamingodart\/"}]}},"_links":{"self":[{"href":"https:\/\/www.monaco-tribune.com\/en\/wp-json\/wp\/v2\/posts\/319507","targetHints":{"allow":["GET"]}}],"collection":[{"href":"https:\/\/www.monaco-tribune.com\/en\/wp-json\/wp\/v2\/posts"}],"about":[{"href":"https:\/\/www.monaco-tribune.com\/en\/wp-json\/wp\/v2\/types\/post"}],"author":[{"embeddable":true,"href":"https:\/\/www.monaco-tribune.com\/en\/wp-json\/wp\/v2\/users\/82"}],"replies":[{"embeddable":true,"href":"https:\/\/www.monaco-tribune.com\/en\/wp-json\/wp\/v2\/comments?post=319507"}],"version-history":[{"count":2,"href":"https:\/\/www.monaco-tribune.com\/en\/wp-json\/wp\/v2\/posts\/319507\/revisions"}],"predecessor-version":[{"id":319510,"href":"https:\/\/www.monaco-tribune.com\/en\/wp-json\/wp\/v2\/posts\/319507\/revisions\/319510"}],"wp:featuredmedia":[{"embeddable":true,"href":"https:\/\/www.monaco-tribune.com\/en\/wp-json\/wp\/v2\/media\/319389"}],"wp:attachment":[{"href":"https:\/\/www.monaco-tribune.com\/en\/wp-json\/wp\/v2\/media?parent=319507"}],"wp:term":[{"taxonomy":"category","embeddable":true,"href":"https:\/\/www.monaco-tribune.com\/en\/wp-json\/wp\/v2\/categories?post=319507"},{"taxonomy":"post_tag","embeddable":true,"href":"https:\/\/www.monaco-tribune.com\/en\/wp-json\/wp\/v2\/tags?post=319507"},{"taxonomy":"sectag","embeddable":true,"href":"https:\/\/www.monaco-tribune.com\/en\/wp-json\/wp\/v2\/post_sectags?post=319507"},{"taxonomy":"format","embeddable":true,"href":"https:\/\/www.monaco-tribune.com\/en\/wp-json\/wp\/v2\/post_format?post=319507"}],"curies":[{"name":"wp","href":"https:\/\/api.w.org\/{rel}","templated":true}]}}