{"id":320054,"date":"2025-10-17T17:47:25","date_gmt":"2025-10-17T15:47:25","guid":{"rendered":"https:\/\/www.monaco-tribune.com\/2025\/10\/princely-couple-attends-inauguration-of-new-smeg-headquarters-in-fontvieille\/"},"modified":"2025-10-17T17:50:26","modified_gmt":"2025-10-17T15:50:26","slug":"princely-couple-attends-inauguration-of-new-smeg-headquarters-in-fontvieille","status":"publish","type":"post","link":"https:\/\/www.monaco-tribune.com\/en\/2025\/10\/princely-couple-attends-inauguration-of-new-smeg-headquarters-in-fontvieille\/","title":{"rendered":"Princely Couple attends inauguration of new SMEG headquarters in Fontvieille"},"content":{"rendered":"\n<p><strong>On Wednesday 15 October, Prince Albert II and Princess Charlene visited the new Soci\u00e9t\u00e9 Monegasque de l&#8217;\u00c9lectricit\u00e9 et du Gaz (SMEG). headquarters, now known as the &#8220;<em>Immeuble SMEG.<\/em>&#8220;<\/strong><\/p>\n\n<p>The Prince and Princess were joined by Minister of State Christophe Mirmand, Thomas Battaglione, SMEG CEO, and a host of other prominent figures from the Principality.<\/p>\n<div class=\"wp-block-image\">\n<figure class=\"aligncenter size-large\"><img loading=\"lazy\" decoding=\"async\" width=\"1024\" height=\"683\" src=\"https:\/\/www.monaco-tribune.com\/wp-content\/uploads\/2025\/10\/smeg-inauguration-prince-albert-ii--1024x683.jpg\" alt=\"smeg inauguration prince albert II et princesse Charlene \" class=\"wp-image-319924\" srcset=\"https:\/\/www.monaco-tribune.com\/wp-content\/uploads\/2025\/10\/smeg-inauguration-prince-albert-ii--1024x683.jpg 1024w, https:\/\/www.monaco-tribune.com\/wp-content\/uploads\/2025\/10\/smeg-inauguration-prince-albert-ii--450x300.jpg 450w, https:\/\/www.monaco-tribune.com\/wp-content\/uploads\/2025\/10\/smeg-inauguration-prince-albert-ii-.jpg 1500w\" sizes=\"auto, (max-width: 1024px) 100vw, 1024px\" \/><figcaption class=\"wp-element-caption\"><em>\u00a9 Communication department \/ St\u00e9phane Danna<\/em><\/figcaption><\/figure>\n<\/div>\n<p>The building in Fontvieille has been completely refurbished and heightened. It now has ten floors and a total surface area of 12,000 square metres. The building houses SMEG&#8217;s operational staff, Monegasque government departments and private-sector tenants. This year, the company celebrates 135 years of electricity and gas distribution.<\/p>\n<div class=\"wp-block-image\">\n<figure class=\"aligncenter size-large\"><img loading=\"lazy\" decoding=\"async\" width=\"1024\" height=\"1024\" src=\"https:\/\/www.monaco-tribune.com\/wp-content\/uploads\/2025\/10\/le-prince-albert-ii-et-la-princesse-charlene-smeg-2-1024x1024.jpg\" alt=\"Le Prince Albert II et la Princesse Charl&#xE8;ne SMEG\" class=\"wp-image-319910\" srcset=\"https:\/\/www.monaco-tribune.com\/wp-content\/uploads\/2025\/10\/le-prince-albert-ii-et-la-princesse-charlene-smeg-2-1024x1024.jpg 1024w, https:\/\/www.monaco-tribune.com\/wp-content\/uploads\/2025\/10\/le-prince-albert-ii-et-la-princesse-charlene-smeg-2-300x300.jpg 300w, https:\/\/www.monaco-tribune.com\/wp-content\/uploads\/2025\/10\/le-prince-albert-ii-et-la-princesse-charlene-smeg-2.jpg 1199w\" sizes=\"auto, (max-width: 1024px) 100vw, 1024px\" \/><\/figure>\n<\/div><div class=\"wp-block-image\">\n<figure class=\"aligncenter size-large\"><img loading=\"lazy\" decoding=\"async\" width=\"1024\" height=\"1024\" src=\"https:\/\/www.monaco-tribune.com\/wp-content\/uploads\/2025\/10\/le-prince-albert-ii-et-la-princesse-charlene-smeg-1-1024x1024.jpg\" alt=\"Le Prince Albert II et la Princesse Charl&#xE8;ne SMEG\" class=\"wp-image-319906\" srcset=\"https:\/\/www.monaco-tribune.com\/wp-content\/uploads\/2025\/10\/le-prince-albert-ii-et-la-princesse-charlene-smeg-1-1024x1024.jpg 1024w, https:\/\/www.monaco-tribune.com\/wp-content\/uploads\/2025\/10\/le-prince-albert-ii-et-la-princesse-charlene-smeg-1-300x300.jpg 300w, https:\/\/www.monaco-tribune.com\/wp-content\/uploads\/2025\/10\/le-prince-albert-ii-et-la-princesse-charlene-smeg-1.jpg 1440w\" sizes=\"auto, (max-width: 1024px) 100vw, 1024px\" \/><\/figure>\n<\/div><div class=\"wp-block-image\">\n<figure class=\"aligncenter size-large\"><img loading=\"lazy\" decoding=\"async\" width=\"1024\" height=\"1024\" src=\"https:\/\/www.monaco-tribune.com\/wp-content\/uploads\/2025\/10\/le-prince-albert-ii-et-la-princesse-charlene-smeg-3-1024x1024.jpg\" alt=\"Le Prince Albert II et la Princesse Charl&#xE8;ne SMEG\" class=\"wp-image-319914\" srcset=\"https:\/\/www.monaco-tribune.com\/wp-content\/uploads\/2025\/10\/le-prince-albert-ii-et-la-princesse-charlene-smeg-3-1024x1024.jpg 1024w, https:\/\/www.monaco-tribune.com\/wp-content\/uploads\/2025\/10\/le-prince-albert-ii-et-la-princesse-charlene-smeg-3-300x300.jpg 300w, https:\/\/www.monaco-tribune.com\/wp-content\/uploads\/2025\/10\/le-prince-albert-ii-et-la-princesse-charlene-smeg-3.jpg 1200w\" sizes=\"auto, (max-width: 1024px) 100vw, 1024px\" \/><figcaption class=\"wp-element-caption\"><em>\u00a9 Fr\u00e9d\u00e9ric Nebinger \/ Prince&#8217;s Palace \/ Philippe Fitte \/ SMEG<\/em><\/figcaption><\/figure>\n<\/div>\n<p class=\"related\"><a href=\"https:\/\/www.monaco-tribune.com\/en\/2025\/10\/prince-albert-ii-and-princess-caroline-present-prince-pierre-foundation-awards-to-three-winners\/\">Prince Albert II and Princess Caroline present Prince Pierre Foundation awards to three winners<\/a><\/p>\n\n<h2 class=\"wp-block-heading\" id=\"h-un-lien-historique-avec-la-famille-princiere\"><strong>Historic ties with the Grimaldi family<\/strong><\/h2>\n\n<p>The inauguration comes more than 35 years after the opening of SMEG&#8217;s previous headquarters by Prince Rainier III, accompanied by the then Hereditary Prince Albert. This continuity down the generations demonstrates the company&#8217;s strong grounding in Monaco&#8217;s history.<\/p>\n<div class=\"wp-block-image\">\n<figure class=\"aligncenter size-large\"><img loading=\"lazy\" decoding=\"async\" width=\"1024\" height=\"683\" src=\"https:\/\/www.monaco-tribune.com\/wp-content\/uploads\/2025\/10\/smeg-monaco-1024x683.jpg\" alt=\"SMEG Monaco\" class=\"wp-image-319919\" srcset=\"https:\/\/www.monaco-tribune.com\/wp-content\/uploads\/2025\/10\/smeg-monaco-1024x683.jpg 1024w, https:\/\/www.monaco-tribune.com\/wp-content\/uploads\/2025\/10\/smeg-monaco-450x300.jpg 450w, https:\/\/www.monaco-tribune.com\/wp-content\/uploads\/2025\/10\/smeg-monaco.jpg 1200w\" sizes=\"auto, (max-width: 1024px) 100vw, 1024px\" \/><figcaption class=\"wp-element-caption\"><em>\u00a9 Communication department \/ St\u00e9phane Danna<\/em><\/figcaption><\/figure>\n<\/div>\n<p>SMEG has been distributing electricity and gas in the Principality since the end of the 19th century. It also manages public lighting and operates urban heating and cooling systems. The company is currently developing photovoltaic and wind power projects in France. <\/p>\n\n<p>The energy operator is carrying on its public service role in Monaco, respecting the Principality&#8217;s environmental standards and energy strategy. SMEG and its subsidiary SMA employ over 450 people.<\/p>\n","protected":false},"excerpt":{"rendered":"<p>On Wednesday 15 October, Prince Albert II and Princess Charlene visited the new Soci\u00e9t\u00e9 Monegasque de l&#8217;\u00c9lectricit\u00e9 et du Gaz [&hellip;]<\/p>\n","protected":false},"author":80,"featured_media":319901,"comment_status":"closed","ping_status":"closed","sticky":false,"template":"","format":"standard","meta":{"_acf_changed":false,"footnotes":""},"categories":[247,1825,243,254],"tags":[2830],"post_sectags":[3296],"post_format":[2462],"class_list":["post-320054","post","type-post","status-publish","format-standard","has-post-thumbnail","hentry","category-business","category-editors-choice","category-news","category-people-en","tag-prince-albert-ii-en-2","sectag-princess-charlene","format-photos-en"],"acf":[],"yoast_head":"<!-- This site is optimized with the Yoast SEO Premium plugin v26.8 (Yoast SEO v27.4) - https:\/\/yoast.com\/product\/yoast-seo-premium-wordpress\/ -->\n<title>Princely Couple attends inauguration of new SMEG headquarters in Fontvieille<\/title>\n<meta name=\"description\" content=\"On Wednesday 15 October, Prince Albert II and Princess Charlene visited the new Soci\u00e9t\u00e9 Monegasque de l&#039;\u00c9lectricit\u00e9 et du Gaz (SMEG). headquarters, now\" \/>\n<meta name=\"robots\" content=\"index, follow, max-snippet:-1, max-image-preview:large, max-video-preview:-1\" \/>\n<link rel=\"canonical\" href=\"https:\/\/www.monaco-tribune.com\/en\/2025\/10\/princely-couple-attends-inauguration-of-new-smeg-headquarters-in-fontvieille\/\" \/>\n<meta property=\"og:locale\" content=\"en_US\" \/>\n<meta property=\"og:type\" content=\"article\" \/>\n<meta property=\"og:title\" content=\"Princely Couple attends inauguration of new SMEG headquarters in Fontvieille - Monaco Tribune\" \/>\n<meta property=\"og:description\" content=\"On Wednesday 15 October, Prince Albert II and Princess Charlene visited the new Soci\u00e9t\u00e9 Monegasque de l&#039;\u00c9lectricit\u00e9 et du Gaz (SMEG). headquarters, now\" \/>\n<meta property=\"og:url\" content=\"https:\/\/www.monaco-tribune.com\/en\/2025\/10\/princely-couple-attends-inauguration-of-new-smeg-headquarters-in-fontvieille\/\" \/>\n<meta property=\"og:site_name\" content=\"Monaco Tribune\" \/>\n<meta property=\"article:publisher\" content=\"https:\/\/www.facebook.com\/MonacoTribune\" \/>\n<meta property=\"article:published_time\" content=\"2025-10-17T15:47:25+00:00\" \/>\n<meta property=\"article:modified_time\" content=\"2025-10-17T15:50:26+00:00\" \/>\n<meta property=\"og:image\" content=\"https:\/\/www.monaco-tribune.com\/wp-content\/uploads\/2025\/10\/le-prince-albert-ii-et-la-princesse-charlene-smeg.jpg\" \/>\n\t<meta property=\"og:image:width\" content=\"2048\" \/>\n\t<meta property=\"og:image:height\" content=\"1365\" \/>\n\t<meta property=\"og:image:type\" content=\"image\/jpeg\" \/>\n<meta name=\"author\" content=\"Estelle Imbert\" \/>\n<meta name=\"twitter:card\" content=\"summary_large_image\" \/>\n<meta name=\"twitter:creator\" content=\"@MonacoTribune\" \/>\n<meta name=\"twitter:site\" content=\"@MonacoTribune\" \/>\n<script type=\"application\/ld+json\" class=\"yoast-schema-graph\">{\"@context\":\"https:\\\/\\\/schema.org\",\"@graph\":[{\"@type\":\"NewsArticle\",\"@id\":\"https:\\\/\\\/www.monaco-tribune.com\\\/en\\\/2025\\\/10\\\/princely-couple-attends-inauguration-of-new-smeg-headquarters-in-fontvieille\\\/#article\",\"isPartOf\":{\"@id\":\"https:\\\/\\\/www.monaco-tribune.com\\\/en\\\/2025\\\/10\\\/princely-couple-attends-inauguration-of-new-smeg-headquarters-in-fontvieille\\\/\"},\"author\":{\"name\":\"Estelle Imbert\",\"@id\":\"https:\\\/\\\/www.monaco-tribune.com\\\/en\\\/#\\\/schema\\\/person\\\/55ce91a070ff78e15ec1817376669bf4\"},\"headline\":\"Princely Couple attends inauguration of new SMEG headquarters in Fontvieille\",\"datePublished\":\"2025-10-17T15:47:25+00:00\",\"dateModified\":\"2025-10-17T15:50:26+00:00\",\"mainEntityOfPage\":{\"@id\":\"https:\\\/\\\/www.monaco-tribune.com\\\/en\\\/2025\\\/10\\\/princely-couple-attends-inauguration-of-new-smeg-headquarters-in-fontvieille\\\/\"},\"wordCount\":262,\"publisher\":{\"@id\":\"https:\\\/\\\/www.monaco-tribune.com\\\/en\\\/#organization\"},\"image\":{\"@id\":\"https:\\\/\\\/www.monaco-tribune.com\\\/en\\\/2025\\\/10\\\/princely-couple-attends-inauguration-of-new-smeg-headquarters-in-fontvieille\\\/#primaryimage\"},\"thumbnailUrl\":\"https:\\\/\\\/www.monaco-tribune.com\\\/wp-content\\\/uploads\\\/2025\\\/10\\\/le-prince-albert-ii-et-la-princesse-charlene-smeg.jpg\",\"keywords\":[\"Prince Albert II\"],\"articleSection\":[\"Business\",\"Editor&#039;s choice\",\"News\",\"Princely Family\"],\"inLanguage\":\"en-US\",\"copyrightYear\":\"2025\",\"copyrightHolder\":{\"@id\":\"https:\\\/\\\/www.monaco-tribune.com\\\/#organization\"}},{\"@type\":\"WebPage\",\"@id\":\"https:\\\/\\\/www.monaco-tribune.com\\\/en\\\/2025\\\/10\\\/princely-couple-attends-inauguration-of-new-smeg-headquarters-in-fontvieille\\\/\",\"url\":\"https:\\\/\\\/www.monaco-tribune.com\\\/en\\\/2025\\\/10\\\/princely-couple-attends-inauguration-of-new-smeg-headquarters-in-fontvieille\\\/\",\"name\":\"Princely Couple attends inauguration of new SMEG headquarters in Fontvieille\",\"isPartOf\":{\"@id\":\"https:\\\/\\\/www.monaco-tribune.com\\\/en\\\/#website\"},\"primaryImageOfPage\":{\"@id\":\"https:\\\/\\\/www.monaco-tribune.com\\\/en\\\/2025\\\/10\\\/princely-couple-attends-inauguration-of-new-smeg-headquarters-in-fontvieille\\\/#primaryimage\"},\"image\":{\"@id\":\"https:\\\/\\\/www.monaco-tribune.com\\\/en\\\/2025\\\/10\\\/princely-couple-attends-inauguration-of-new-smeg-headquarters-in-fontvieille\\\/#primaryimage\"},\"thumbnailUrl\":\"https:\\\/\\\/www.monaco-tribune.com\\\/wp-content\\\/uploads\\\/2025\\\/10\\\/le-prince-albert-ii-et-la-princesse-charlene-smeg.jpg\",\"datePublished\":\"2025-10-17T15:47:25+00:00\",\"dateModified\":\"2025-10-17T15:50:26+00:00\",\"description\":\"On Wednesday 15 October, Prince Albert II and Princess Charlene visited the new Soci\u00e9t\u00e9 Monegasque de l'\u00c9lectricit\u00e9 et du Gaz (SMEG). headquarters, now\",\"breadcrumb\":{\"@id\":\"https:\\\/\\\/www.monaco-tribune.com\\\/en\\\/2025\\\/10\\\/princely-couple-attends-inauguration-of-new-smeg-headquarters-in-fontvieille\\\/#breadcrumb\"},\"inLanguage\":\"en-US\",\"potentialAction\":[{\"@type\":\"ReadAction\",\"target\":[\"https:\\\/\\\/www.monaco-tribune.com\\\/en\\\/2025\\\/10\\\/princely-couple-attends-inauguration-of-new-smeg-headquarters-in-fontvieille\\\/\"]}]},{\"@type\":\"ImageObject\",\"inLanguage\":\"en-US\",\"@id\":\"https:\\\/\\\/www.monaco-tribune.com\\\/en\\\/2025\\\/10\\\/princely-couple-attends-inauguration-of-new-smeg-headquarters-in-fontvieille\\\/#primaryimage\",\"url\":\"https:\\\/\\\/www.monaco-tribune.com\\\/wp-content\\\/uploads\\\/2025\\\/10\\\/le-prince-albert-ii-et-la-princesse-charlene-smeg.jpg\",\"contentUrl\":\"https:\\\/\\\/www.monaco-tribune.com\\\/wp-content\\\/uploads\\\/2025\\\/10\\\/le-prince-albert-ii-et-la-princesse-charlene-smeg.jpg\",\"width\":2048,\"height\":1365,\"caption\":\"SMEG celebrated its 135th anniversary by inaugurating its modernised headquarters \u00a9 Communication department - St\u00e9phane Danna\"},{\"@type\":\"BreadcrumbList\",\"@id\":\"https:\\\/\\\/www.monaco-tribune.com\\\/en\\\/2025\\\/10\\\/princely-couple-attends-inauguration-of-new-smeg-headquarters-in-fontvieille\\\/#breadcrumb\",\"itemListElement\":[{\"@type\":\"ListItem\",\"position\":1,\"name\":\"Accueil\",\"item\":\"https:\\\/\\\/www.monaco-tribune.com\\\/en\\\/\"},{\"@type\":\"ListItem\",\"position\":2,\"name\":\"Princely Couple attends inauguration of new SMEG headquarters in Fontvieille\"}]},{\"@type\":\"WebSite\",\"@id\":\"https:\\\/\\\/www.monaco-tribune.com\\\/en\\\/#website\",\"url\":\"https:\\\/\\\/www.monaco-tribune.com\\\/en\\\/\",\"name\":\"Monaco Tribune\",\"description\":\"Monaco : actualit\u00e9s \u00e9conomiques, politiques, culturelles et sportives de Monaco et de la French Riviera.\",\"publisher\":{\"@id\":\"https:\\\/\\\/www.monaco-tribune.com\\\/en\\\/#organization\"},\"potentialAction\":[{\"@type\":\"SearchAction\",\"target\":{\"@type\":\"EntryPoint\",\"urlTemplate\":\"https:\\\/\\\/www.monaco-tribune.com\\\/en\\\/?s={search_term_string}\"},\"query-input\":{\"@type\":\"PropertyValueSpecification\",\"valueRequired\":true,\"valueName\":\"search_term_string\"}}],\"inLanguage\":\"en-US\"},{\"@type\":\"Organization\",\"@id\":\"https:\\\/\\\/www.monaco-tribune.com\\\/en\\\/#organization\",\"name\":\"Monaco Tribune\",\"url\":\"https:\\\/\\\/www.monaco-tribune.com\\\/en\\\/\",\"logo\":{\"@type\":\"ImageObject\",\"inLanguage\":\"en-US\",\"@id\":\"https:\\\/\\\/www.monaco-tribune.com\\\/en\\\/#\\\/schema\\\/logo\\\/image\\\/\",\"url\":\"https:\\\/\\\/www.monaco-tribune.com\\\/wp-content\\\/uploads\\\/2022\\\/11\\\/logo-monaco-tribune.png\",\"contentUrl\":\"https:\\\/\\\/www.monaco-tribune.com\\\/wp-content\\\/uploads\\\/2022\\\/11\\\/logo-monaco-tribune.png\",\"width\":1548,\"height\":600,\"caption\":\"Monaco Tribune\"},\"image\":{\"@id\":\"https:\\\/\\\/www.monaco-tribune.com\\\/en\\\/#\\\/schema\\\/logo\\\/image\\\/\"},\"sameAs\":[\"https:\\\/\\\/www.facebook.com\\\/MonacoTribune\",\"https:\\\/\\\/x.com\\\/MonacoTribune\",\"https:\\\/\\\/www.instagram.com\\\/monacotribune\\\/\",\"https:\\\/\\\/www.linkedin.com\\\/company\\\/monaco-tribune\",\"https:\\\/\\\/www.youtube.com\\\/channel\\\/UCHle1MnG6hw1y4lWKijVbMA\"]},{\"@type\":\"Person\",\"@id\":\"https:\\\/\\\/www.monaco-tribune.com\\\/en\\\/#\\\/schema\\\/person\\\/55ce91a070ff78e15ec1817376669bf4\",\"name\":\"Estelle Imbert\",\"image\":{\"@type\":\"ImageObject\",\"inLanguage\":\"en-US\",\"@id\":\"https:\\\/\\\/secure.gravatar.com\\\/avatar\\\/d2e1a3840b1138a669d04f6292bbd810f7f730844d7a28a8e8c4c6da40e79852?s=96&d=mm&r=g\",\"url\":\"https:\\\/\\\/secure.gravatar.com\\\/avatar\\\/d2e1a3840b1138a669d04f6292bbd810f7f730844d7a28a8e8c4c6da40e79852?s=96&d=mm&r=g\",\"contentUrl\":\"https:\\\/\\\/secure.gravatar.com\\\/avatar\\\/d2e1a3840b1138a669d04f6292bbd810f7f730844d7a28a8e8c4c6da40e79852?s=96&d=mm&r=g\",\"caption\":\"Estelle Imbert\"},\"url\":\"https:\\\/\\\/www.monaco-tribune.com\\\/en\\\/author\\\/estelleimbert\\\/\"}]}<\/script>\n<!-- \/ Yoast SEO Premium plugin. -->","yoast_head_json":{"title":"Princely Couple attends inauguration of new SMEG headquarters in Fontvieille","description":"On Wednesday 15 October, Prince Albert II and Princess Charlene visited the new Soci\u00e9t\u00e9 Monegasque de l'\u00c9lectricit\u00e9 et du Gaz (SMEG). headquarters, now","robots":{"index":"index","follow":"follow","max-snippet":"max-snippet:-1","max-image-preview":"max-image-preview:large","max-video-preview":"max-video-preview:-1"},"canonical":"https:\/\/www.monaco-tribune.com\/en\/2025\/10\/princely-couple-attends-inauguration-of-new-smeg-headquarters-in-fontvieille\/","og_locale":"en_US","og_type":"article","og_title":"Princely Couple attends inauguration of new SMEG headquarters in Fontvieille - Monaco Tribune","og_description":"On Wednesday 15 October, Prince Albert II and Princess Charlene visited the new Soci\u00e9t\u00e9 Monegasque de l'\u00c9lectricit\u00e9 et du Gaz (SMEG). headquarters, now","og_url":"https:\/\/www.monaco-tribune.com\/en\/2025\/10\/princely-couple-attends-inauguration-of-new-smeg-headquarters-in-fontvieille\/","og_site_name":"Monaco Tribune","article_publisher":"https:\/\/www.facebook.com\/MonacoTribune","article_published_time":"2025-10-17T15:47:25+00:00","article_modified_time":"2025-10-17T15:50:26+00:00","og_image":[{"width":2048,"height":1365,"url":"https:\/\/www.monaco-tribune.com\/wp-content\/uploads\/2025\/10\/le-prince-albert-ii-et-la-princesse-charlene-smeg.jpg","type":"image\/jpeg"}],"author":"Estelle Imbert","twitter_card":"summary_large_image","twitter_creator":"@MonacoTribune","twitter_site":"@MonacoTribune","schema":{"@context":"https:\/\/schema.org","@graph":[{"@type":"NewsArticle","@id":"https:\/\/www.monaco-tribune.com\/en\/2025\/10\/princely-couple-attends-inauguration-of-new-smeg-headquarters-in-fontvieille\/#article","isPartOf":{"@id":"https:\/\/www.monaco-tribune.com\/en\/2025\/10\/princely-couple-attends-inauguration-of-new-smeg-headquarters-in-fontvieille\/"},"author":{"name":"Estelle Imbert","@id":"https:\/\/www.monaco-tribune.com\/en\/#\/schema\/person\/55ce91a070ff78e15ec1817376669bf4"},"headline":"Princely Couple attends inauguration of new SMEG headquarters in Fontvieille","datePublished":"2025-10-17T15:47:25+00:00","dateModified":"2025-10-17T15:50:26+00:00","mainEntityOfPage":{"@id":"https:\/\/www.monaco-tribune.com\/en\/2025\/10\/princely-couple-attends-inauguration-of-new-smeg-headquarters-in-fontvieille\/"},"wordCount":262,"publisher":{"@id":"https:\/\/www.monaco-tribune.com\/en\/#organization"},"image":{"@id":"https:\/\/www.monaco-tribune.com\/en\/2025\/10\/princely-couple-attends-inauguration-of-new-smeg-headquarters-in-fontvieille\/#primaryimage"},"thumbnailUrl":"https:\/\/www.monaco-tribune.com\/wp-content\/uploads\/2025\/10\/le-prince-albert-ii-et-la-princesse-charlene-smeg.jpg","keywords":["Prince Albert II"],"articleSection":["Business","Editor&#039;s choice","News","Princely Family"],"inLanguage":"en-US","copyrightYear":"2025","copyrightHolder":{"@id":"https:\/\/www.monaco-tribune.com\/#organization"}},{"@type":"WebPage","@id":"https:\/\/www.monaco-tribune.com\/en\/2025\/10\/princely-couple-attends-inauguration-of-new-smeg-headquarters-in-fontvieille\/","url":"https:\/\/www.monaco-tribune.com\/en\/2025\/10\/princely-couple-attends-inauguration-of-new-smeg-headquarters-in-fontvieille\/","name":"Princely Couple attends inauguration of new SMEG headquarters in Fontvieille","isPartOf":{"@id":"https:\/\/www.monaco-tribune.com\/en\/#website"},"primaryImageOfPage":{"@id":"https:\/\/www.monaco-tribune.com\/en\/2025\/10\/princely-couple-attends-inauguration-of-new-smeg-headquarters-in-fontvieille\/#primaryimage"},"image":{"@id":"https:\/\/www.monaco-tribune.com\/en\/2025\/10\/princely-couple-attends-inauguration-of-new-smeg-headquarters-in-fontvieille\/#primaryimage"},"thumbnailUrl":"https:\/\/www.monaco-tribune.com\/wp-content\/uploads\/2025\/10\/le-prince-albert-ii-et-la-princesse-charlene-smeg.jpg","datePublished":"2025-10-17T15:47:25+00:00","dateModified":"2025-10-17T15:50:26+00:00","description":"On Wednesday 15 October, Prince Albert II and Princess Charlene visited the new Soci\u00e9t\u00e9 Monegasque de l'\u00c9lectricit\u00e9 et du Gaz (SMEG). headquarters, now","breadcrumb":{"@id":"https:\/\/www.monaco-tribune.com\/en\/2025\/10\/princely-couple-attends-inauguration-of-new-smeg-headquarters-in-fontvieille\/#breadcrumb"},"inLanguage":"en-US","potentialAction":[{"@type":"ReadAction","target":["https:\/\/www.monaco-tribune.com\/en\/2025\/10\/princely-couple-attends-inauguration-of-new-smeg-headquarters-in-fontvieille\/"]}]},{"@type":"ImageObject","inLanguage":"en-US","@id":"https:\/\/www.monaco-tribune.com\/en\/2025\/10\/princely-couple-attends-inauguration-of-new-smeg-headquarters-in-fontvieille\/#primaryimage","url":"https:\/\/www.monaco-tribune.com\/wp-content\/uploads\/2025\/10\/le-prince-albert-ii-et-la-princesse-charlene-smeg.jpg","contentUrl":"https:\/\/www.monaco-tribune.com\/wp-content\/uploads\/2025\/10\/le-prince-albert-ii-et-la-princesse-charlene-smeg.jpg","width":2048,"height":1365,"caption":"SMEG celebrated its 135th anniversary by inaugurating its modernised headquarters \u00a9 Communication department - St\u00e9phane Danna"},{"@type":"BreadcrumbList","@id":"https:\/\/www.monaco-tribune.com\/en\/2025\/10\/princely-couple-attends-inauguration-of-new-smeg-headquarters-in-fontvieille\/#breadcrumb","itemListElement":[{"@type":"ListItem","position":1,"name":"Accueil","item":"https:\/\/www.monaco-tribune.com\/en\/"},{"@type":"ListItem","position":2,"name":"Princely Couple attends inauguration of new SMEG headquarters in Fontvieille"}]},{"@type":"WebSite","@id":"https:\/\/www.monaco-tribune.com\/en\/#website","url":"https:\/\/www.monaco-tribune.com\/en\/","name":"Monaco Tribune","description":"Monaco : actualit\u00e9s \u00e9conomiques, politiques, culturelles et sportives de Monaco et de la French Riviera.","publisher":{"@id":"https:\/\/www.monaco-tribune.com\/en\/#organization"},"potentialAction":[{"@type":"SearchAction","target":{"@type":"EntryPoint","urlTemplate":"https:\/\/www.monaco-tribune.com\/en\/?s={search_term_string}"},"query-input":{"@type":"PropertyValueSpecification","valueRequired":true,"valueName":"search_term_string"}}],"inLanguage":"en-US"},{"@type":"Organization","@id":"https:\/\/www.monaco-tribune.com\/en\/#organization","name":"Monaco Tribune","url":"https:\/\/www.monaco-tribune.com\/en\/","logo":{"@type":"ImageObject","inLanguage":"en-US","@id":"https:\/\/www.monaco-tribune.com\/en\/#\/schema\/logo\/image\/","url":"https:\/\/www.monaco-tribune.com\/wp-content\/uploads\/2022\/11\/logo-monaco-tribune.png","contentUrl":"https:\/\/www.monaco-tribune.com\/wp-content\/uploads\/2022\/11\/logo-monaco-tribune.png","width":1548,"height":600,"caption":"Monaco Tribune"},"image":{"@id":"https:\/\/www.monaco-tribune.com\/en\/#\/schema\/logo\/image\/"},"sameAs":["https:\/\/www.facebook.com\/MonacoTribune","https:\/\/x.com\/MonacoTribune","https:\/\/www.instagram.com\/monacotribune\/","https:\/\/www.linkedin.com\/company\/monaco-tribune","https:\/\/www.youtube.com\/channel\/UCHle1MnG6hw1y4lWKijVbMA"]},{"@type":"Person","@id":"https:\/\/www.monaco-tribune.com\/en\/#\/schema\/person\/55ce91a070ff78e15ec1817376669bf4","name":"Estelle Imbert","image":{"@type":"ImageObject","inLanguage":"en-US","@id":"https:\/\/secure.gravatar.com\/avatar\/d2e1a3840b1138a669d04f6292bbd810f7f730844d7a28a8e8c4c6da40e79852?s=96&d=mm&r=g","url":"https:\/\/secure.gravatar.com\/avatar\/d2e1a3840b1138a669d04f6292bbd810f7f730844d7a28a8e8c4c6da40e79852?s=96&d=mm&r=g","contentUrl":"https:\/\/secure.gravatar.com\/avatar\/d2e1a3840b1138a669d04f6292bbd810f7f730844d7a28a8e8c4c6da40e79852?s=96&d=mm&r=g","caption":"Estelle Imbert"},"url":"https:\/\/www.monaco-tribune.com\/en\/author\/estelleimbert\/"}]}},"_links":{"self":[{"href":"https:\/\/www.monaco-tribune.com\/en\/wp-json\/wp\/v2\/posts\/320054","targetHints":{"allow":["GET"]}}],"collection":[{"href":"https:\/\/www.monaco-tribune.com\/en\/wp-json\/wp\/v2\/posts"}],"about":[{"href":"https:\/\/www.monaco-tribune.com\/en\/wp-json\/wp\/v2\/types\/post"}],"author":[{"embeddable":true,"href":"https:\/\/www.monaco-tribune.com\/en\/wp-json\/wp\/v2\/users\/80"}],"replies":[{"embeddable":true,"href":"https:\/\/www.monaco-tribune.com\/en\/wp-json\/wp\/v2\/comments?post=320054"}],"version-history":[{"count":2,"href":"https:\/\/www.monaco-tribune.com\/en\/wp-json\/wp\/v2\/posts\/320054\/revisions"}],"predecessor-version":[{"id":320061,"href":"https:\/\/www.monaco-tribune.com\/en\/wp-json\/wp\/v2\/posts\/320054\/revisions\/320061"}],"wp:featuredmedia":[{"embeddable":true,"href":"https:\/\/www.monaco-tribune.com\/en\/wp-json\/wp\/v2\/media\/319901"}],"wp:attachment":[{"href":"https:\/\/www.monaco-tribune.com\/en\/wp-json\/wp\/v2\/media?parent=320054"}],"wp:term":[{"taxonomy":"category","embeddable":true,"href":"https:\/\/www.monaco-tribune.com\/en\/wp-json\/wp\/v2\/categories?post=320054"},{"taxonomy":"post_tag","embeddable":true,"href":"https:\/\/www.monaco-tribune.com\/en\/wp-json\/wp\/v2\/tags?post=320054"},{"taxonomy":"sectag","embeddable":true,"href":"https:\/\/www.monaco-tribune.com\/en\/wp-json\/wp\/v2\/post_sectags?post=320054"},{"taxonomy":"format","embeddable":true,"href":"https:\/\/www.monaco-tribune.com\/en\/wp-json\/wp\/v2\/post_format?post=320054"}],"curies":[{"name":"wp","href":"https:\/\/api.w.org\/{rel}","templated":true}]}}