{"id":320084,"date":"2025-10-17T18:16:09","date_gmt":"2025-10-17T16:16:09","guid":{"rendered":"https:\/\/www.monaco-tribune.com\/2025\/10\/princess-caroline-chanel-and-centre-scientifique-de-monaco-join-forces-to-protect-red-coral\/"},"modified":"2025-10-17T18:20:53","modified_gmt":"2025-10-17T16:20:53","slug":"princess-caroline-chanel-and-centre-scientifique-de-monaco-join-forces-to-protect-red-coral","status":"publish","type":"post","link":"https:\/\/www.monaco-tribune.com\/en\/2025\/10\/princess-caroline-chanel-and-centre-scientifique-de-monaco-join-forces-to-protect-red-coral\/","title":{"rendered":"Princess Caroline, Chanel and Centre Scientifique de Monaco join forces to protect red coral"},"content":{"rendered":"\n<p><strong>The scientific partnership between Monaco&#8217;s Scientific Centre and the French luxury brand has just been extended until 2031, with promising discoveries to help preserve this endangered marine species.<\/strong><\/p>\n\n<p>With Princess Caroline, chair of the research unit&#8217;s steering committee in attendance, the Centre Scientifique de Monaco (CSM) and Chanel &#8211; represented by Fr\u00e9d\u00e9ric Grangi\u00e9 &#8211; recently renewed their collaboration, which began in 2019, for a further six years. The unusual alliance between public research and the luxury sector has a shared objective: to understand and protect red coral, a biological jewel of the Mediterranean.<\/p>\n\n<figure class=\"wp-block-gallery has-nested-images columns-1 is-cropped wp-block-gallery-1 is-layout-flex wp-block-gallery-is-layout-flex\">\n<figure class=\"wp-block-image size-large\"><img loading=\"lazy\" decoding=\"async\" width=\"1024\" height=\"896\" data-id=\"319878\" src=\"https:\/\/www.monaco-tribune.com\/wp-content\/uploads\/2025\/10\/signature-csmchanel_copyright-csmc-gallo-1-grande-1024x896.jpeg\" alt=\"Princess Caroline chairs the steering committee of the Precious Coral Biology Research Unit &#xA9; CSM\/C Gallo \" class=\"wp-image-319878\" srcset=\"https:\/\/www.monaco-tribune.com\/wp-content\/uploads\/2025\/10\/signature-csmchanel_copyright-csmc-gallo-1-grande-1024x896.jpeg 1024w, https:\/\/www.monaco-tribune.com\/wp-content\/uploads\/2025\/10\/signature-csmchanel_copyright-csmc-gallo-1-grande-343x300.jpeg 343w, https:\/\/www.monaco-tribune.com\/wp-content\/uploads\/2025\/10\/signature-csmchanel_copyright-csmc-gallo-1-grande.jpeg 1280w\" sizes=\"auto, (max-width: 1024px) 100vw, 1024px\" \/><figcaption class=\"wp-element-caption\">Princess Caroline chairs the steering committee of the Precious Coral Biology Research Unit \u00a9 CSM\/C Gallo <\/figcaption><\/figure>\n\n\n\n<figure class=\"wp-block-image size-large\"><img decoding=\"async\" data-id=\"319894\" src=\"https:\/\/www.monaco-tribune.com\/wp-content\/uploads\/2025\/10\/grosse-colonie-de-corallium-rubrum-&#xA9;-s.-reynaud-csm_3-grande-768x1024.jpeg\" alt=\"\" class=\"wp-image-319894\"\/><\/figure>\n<\/figure>\n\n<h2 class=\"wp-block-heading\" id=\"h-des-decouvertes-scientifiques-majeures\">Major scientific discoveries<\/h2>\n\n<p>The Precious Coral Biology Research Unit has published around twenty scientific studies since 2019, revealing previously undiscovered biological mechanisms. In particular, the researchers identified hormones that regulate the coral&#8217;s skeletal growth and discovered a complex microbial ecosystem, including previously unknown symbiotic fungi.<\/p>\n\n<p>These micro-organisms play a vital role in coral nutrition and health, but become particularly vulnerable during marine heating events, compromising the species&#8217; survival in the face of climate change.<\/p>\n\n<h2 class=\"wp-block-heading\" id=\"h-des-laboratoires-sous-marins-innovants\">Innovative underwater laboratories<\/h2>\n\n<p>The scientific team has developed an innovative approach by installing concrete structures at a depth of 40 metres in Monegasque waters.\u00a0<em>&#8220;We carried out experiments in underwater caves in the sea, which enabled us to test the optimum conditions for larvae to settle and young corals to develop,&#8221;<\/em>explains Sylvie Tambutt\u00e9, Scientific Director at the CSM. Experimental nurseries where 200 to 300 young corals are born annually in controlled conditions.<\/p>\n<div class=\"wp-block-image\">\n<figure class=\"aligncenter size-large\"><img loading=\"lazy\" decoding=\"async\" width=\"1024\" height=\"683\" src=\"https:\/\/www.monaco-tribune.com\/wp-content\/uploads\/2025\/10\/grotte-a-corail-2-grande-1024x683.jpeg\" alt=\"The underwater lab where corals grow &#xA9; E. Beraud - CSM\" class=\"wp-image-319885\" srcset=\"https:\/\/www.monaco-tribune.com\/wp-content\/uploads\/2025\/10\/grotte-a-corail-2-grande-1024x683.jpeg 1024w, https:\/\/www.monaco-tribune.com\/wp-content\/uploads\/2025\/10\/grotte-a-corail-2-grande-450x300.jpeg 450w, https:\/\/www.monaco-tribune.com\/wp-content\/uploads\/2025\/10\/grotte-a-corail-2-grande.jpeg 1280w\" sizes=\"auto, (max-width: 1024px) 100vw, 1024px\" \/><figcaption class=\"wp-element-caption\"><em>The underwater lab where corals grow<\/em>\u00a0\u00a9 E. Beraud &#8211; CSM<\/figcaption><\/figure>\n<\/div>\n<p>The initiative is part of the United Nations&#8217; Decade for Ecosystem Restoration and could transform marine conservation methods. Two doctoral students will complete their theses at the end of 2025, ensuring that the crucial knowledge is passed on about red coral, a key species that is home to 20% of Mediterranean marine biodiversity.<\/p>\n","protected":false},"excerpt":{"rendered":"<p>The scientific partnership between Monaco&#8217;s Scientific Centre and the French luxury brand has just been extended until 2031, with promising [&hellip;]<\/p>\n","protected":false},"author":82,"featured_media":319891,"comment_status":"closed","ping_status":"closed","sticky":false,"template":"","format":"standard","meta":{"_acf_changed":false,"footnotes":""},"categories":[1837,243],"tags":[2831],"post_sectags":[4067],"post_format":[2465],"class_list":["post-320084","post","type-post","status-publish","format-standard","has-post-thumbnail","hentry","category-environment","category-news","tag-princess-caroline-en","sectag-csm-en","format-in-brief"],"acf":[],"yoast_head":"<!-- This site is optimized with the Yoast SEO Premium plugin v26.8 (Yoast SEO v27.4) - https:\/\/yoast.com\/product\/yoast-seo-premium-wordpress\/ -->\n<title>Princess Caroline, Chanel and Centre Scientifique de Monaco join forces to protect red coral<\/title>\n<meta name=\"description\" content=\"The scientific partnership between Monaco&#039;s Scientific Centre and the French luxury brand has just been extended until 2031, with promising discoveries to\" \/>\n<meta name=\"robots\" content=\"index, follow, max-snippet:-1, max-image-preview:large, max-video-preview:-1\" \/>\n<link rel=\"canonical\" href=\"https:\/\/www.monaco-tribune.com\/en\/2025\/10\/princess-caroline-chanel-and-centre-scientifique-de-monaco-join-forces-to-protect-red-coral\/\" \/>\n<meta property=\"og:locale\" content=\"en_US\" \/>\n<meta property=\"og:type\" content=\"article\" \/>\n<meta property=\"og:title\" content=\"Princess Caroline, Chanel and Centre Scientifique de Monaco join forces to protect red coral - Monaco Tribune\" \/>\n<meta property=\"og:description\" content=\"The scientific partnership between Monaco&#039;s Scientific Centre and the French luxury brand has just been extended until 2031, with promising discoveries to\" \/>\n<meta property=\"og:url\" content=\"https:\/\/www.monaco-tribune.com\/en\/2025\/10\/princess-caroline-chanel-and-centre-scientifique-de-monaco-join-forces-to-protect-red-coral\/\" \/>\n<meta property=\"og:site_name\" content=\"Monaco Tribune\" \/>\n<meta property=\"article:publisher\" content=\"https:\/\/www.facebook.com\/MonacoTribune\" \/>\n<meta property=\"article:published_time\" content=\"2025-10-17T16:16:09+00:00\" \/>\n<meta property=\"article:modified_time\" content=\"2025-10-17T16:20:53+00:00\" \/>\n<meta property=\"og:image\" content=\"https:\/\/www.monaco-tribune.com\/wp-content\/uploads\/2025\/10\/corallium-rubrum-\u00a9-s.-reynaud-csm_2-grande.jpeg\" \/>\n\t<meta property=\"og:image:width\" content=\"1280\" \/>\n\t<meta property=\"og:image:height\" content=\"960\" \/>\n\t<meta property=\"og:image:type\" content=\"image\/jpeg\" \/>\n<meta name=\"author\" content=\"Benjamin Godart\" \/>\n<meta name=\"twitter:card\" content=\"summary_large_image\" \/>\n<meta name=\"twitter:creator\" content=\"@MonacoTribune\" \/>\n<meta name=\"twitter:site\" content=\"@MonacoTribune\" \/>\n<script type=\"application\/ld+json\" class=\"yoast-schema-graph\">{\"@context\":\"https:\\\/\\\/schema.org\",\"@graph\":[{\"@type\":\"NewsArticle\",\"@id\":\"https:\\\/\\\/www.monaco-tribune.com\\\/en\\\/2025\\\/10\\\/princess-caroline-chanel-and-centre-scientifique-de-monaco-join-forces-to-protect-red-coral\\\/#article\",\"isPartOf\":{\"@id\":\"https:\\\/\\\/www.monaco-tribune.com\\\/en\\\/2025\\\/10\\\/princess-caroline-chanel-and-centre-scientifique-de-monaco-join-forces-to-protect-red-coral\\\/\"},\"author\":{\"name\":\"Benjamin Godart\",\"@id\":\"https:\\\/\\\/www.monaco-tribune.com\\\/en\\\/#\\\/schema\\\/person\\\/d201bd3b5aa6a9405a343cb582876e6b\"},\"headline\":\"Princess Caroline, Chanel and Centre Scientifique de Monaco join forces to protect red coral\",\"datePublished\":\"2025-10-17T16:16:09+00:00\",\"dateModified\":\"2025-10-17T16:20:53+00:00\",\"mainEntityOfPage\":{\"@id\":\"https:\\\/\\\/www.monaco-tribune.com\\\/en\\\/2025\\\/10\\\/princess-caroline-chanel-and-centre-scientifique-de-monaco-join-forces-to-protect-red-coral\\\/\"},\"wordCount\":330,\"publisher\":{\"@id\":\"https:\\\/\\\/www.monaco-tribune.com\\\/en\\\/#organization\"},\"image\":{\"@id\":\"https:\\\/\\\/www.monaco-tribune.com\\\/en\\\/2025\\\/10\\\/princess-caroline-chanel-and-centre-scientifique-de-monaco-join-forces-to-protect-red-coral\\\/#primaryimage\"},\"thumbnailUrl\":\"https:\\\/\\\/www.monaco-tribune.com\\\/wp-content\\\/uploads\\\/2025\\\/10\\\/corallium-rubrum-\u00a9-s.-reynaud-csm_2-grande.jpeg\",\"keywords\":[\"Princess Caroline\"],\"articleSection\":[\"Environment\",\"News\"],\"inLanguage\":\"en-US\",\"copyrightYear\":\"2025\",\"copyrightHolder\":{\"@id\":\"https:\\\/\\\/www.monaco-tribune.com\\\/#organization\"}},{\"@type\":\"WebPage\",\"@id\":\"https:\\\/\\\/www.monaco-tribune.com\\\/en\\\/2025\\\/10\\\/princess-caroline-chanel-and-centre-scientifique-de-monaco-join-forces-to-protect-red-coral\\\/\",\"url\":\"https:\\\/\\\/www.monaco-tribune.com\\\/en\\\/2025\\\/10\\\/princess-caroline-chanel-and-centre-scientifique-de-monaco-join-forces-to-protect-red-coral\\\/\",\"name\":\"Princess Caroline, Chanel and Centre Scientifique de Monaco join forces to protect red coral\",\"isPartOf\":{\"@id\":\"https:\\\/\\\/www.monaco-tribune.com\\\/en\\\/#website\"},\"primaryImageOfPage\":{\"@id\":\"https:\\\/\\\/www.monaco-tribune.com\\\/en\\\/2025\\\/10\\\/princess-caroline-chanel-and-centre-scientifique-de-monaco-join-forces-to-protect-red-coral\\\/#primaryimage\"},\"image\":{\"@id\":\"https:\\\/\\\/www.monaco-tribune.com\\\/en\\\/2025\\\/10\\\/princess-caroline-chanel-and-centre-scientifique-de-monaco-join-forces-to-protect-red-coral\\\/#primaryimage\"},\"thumbnailUrl\":\"https:\\\/\\\/www.monaco-tribune.com\\\/wp-content\\\/uploads\\\/2025\\\/10\\\/corallium-rubrum-\u00a9-s.-reynaud-csm_2-grande.jpeg\",\"datePublished\":\"2025-10-17T16:16:09+00:00\",\"dateModified\":\"2025-10-17T16:20:53+00:00\",\"description\":\"The scientific partnership between Monaco's Scientific Centre and the French luxury brand has just been extended until 2031, with promising discoveries to\",\"breadcrumb\":{\"@id\":\"https:\\\/\\\/www.monaco-tribune.com\\\/en\\\/2025\\\/10\\\/princess-caroline-chanel-and-centre-scientifique-de-monaco-join-forces-to-protect-red-coral\\\/#breadcrumb\"},\"inLanguage\":\"en-US\",\"potentialAction\":[{\"@type\":\"ReadAction\",\"target\":[\"https:\\\/\\\/www.monaco-tribune.com\\\/en\\\/2025\\\/10\\\/princess-caroline-chanel-and-centre-scientifique-de-monaco-join-forces-to-protect-red-coral\\\/\"]}]},{\"@type\":\"ImageObject\",\"inLanguage\":\"en-US\",\"@id\":\"https:\\\/\\\/www.monaco-tribune.com\\\/en\\\/2025\\\/10\\\/princess-caroline-chanel-and-centre-scientifique-de-monaco-join-forces-to-protect-red-coral\\\/#primaryimage\",\"url\":\"https:\\\/\\\/www.monaco-tribune.com\\\/wp-content\\\/uploads\\\/2025\\\/10\\\/corallium-rubrum-\u00a9-s.-reynaud-csm_2-grande.jpeg\",\"contentUrl\":\"https:\\\/\\\/www.monaco-tribune.com\\\/wp-content\\\/uploads\\\/2025\\\/10\\\/corallium-rubrum-\u00a9-s.-reynaud-csm_2-grande.jpeg\",\"width\":1280,\"height\":960,\"caption\":\"Mediterranean red coral \u00a9 S. Reynaud - CSM\"},{\"@type\":\"BreadcrumbList\",\"@id\":\"https:\\\/\\\/www.monaco-tribune.com\\\/en\\\/2025\\\/10\\\/princess-caroline-chanel-and-centre-scientifique-de-monaco-join-forces-to-protect-red-coral\\\/#breadcrumb\",\"itemListElement\":[{\"@type\":\"ListItem\",\"position\":1,\"name\":\"Accueil\",\"item\":\"https:\\\/\\\/www.monaco-tribune.com\\\/en\\\/\"},{\"@type\":\"ListItem\",\"position\":2,\"name\":\"Princess Caroline, Chanel and Centre Scientifique de Monaco join forces to protect red coral\"}]},{\"@type\":\"WebSite\",\"@id\":\"https:\\\/\\\/www.monaco-tribune.com\\\/en\\\/#website\",\"url\":\"https:\\\/\\\/www.monaco-tribune.com\\\/en\\\/\",\"name\":\"Monaco Tribune\",\"description\":\"Monaco : actualit\u00e9s \u00e9conomiques, politiques, culturelles et sportives de Monaco et de la French Riviera.\",\"publisher\":{\"@id\":\"https:\\\/\\\/www.monaco-tribune.com\\\/en\\\/#organization\"},\"potentialAction\":[{\"@type\":\"SearchAction\",\"target\":{\"@type\":\"EntryPoint\",\"urlTemplate\":\"https:\\\/\\\/www.monaco-tribune.com\\\/en\\\/?s={search_term_string}\"},\"query-input\":{\"@type\":\"PropertyValueSpecification\",\"valueRequired\":true,\"valueName\":\"search_term_string\"}}],\"inLanguage\":\"en-US\"},{\"@type\":\"Organization\",\"@id\":\"https:\\\/\\\/www.monaco-tribune.com\\\/en\\\/#organization\",\"name\":\"Monaco Tribune\",\"url\":\"https:\\\/\\\/www.monaco-tribune.com\\\/en\\\/\",\"logo\":{\"@type\":\"ImageObject\",\"inLanguage\":\"en-US\",\"@id\":\"https:\\\/\\\/www.monaco-tribune.com\\\/en\\\/#\\\/schema\\\/logo\\\/image\\\/\",\"url\":\"https:\\\/\\\/www.monaco-tribune.com\\\/wp-content\\\/uploads\\\/2022\\\/11\\\/logo-monaco-tribune.png\",\"contentUrl\":\"https:\\\/\\\/www.monaco-tribune.com\\\/wp-content\\\/uploads\\\/2022\\\/11\\\/logo-monaco-tribune.png\",\"width\":1548,\"height\":600,\"caption\":\"Monaco Tribune\"},\"image\":{\"@id\":\"https:\\\/\\\/www.monaco-tribune.com\\\/en\\\/#\\\/schema\\\/logo\\\/image\\\/\"},\"sameAs\":[\"https:\\\/\\\/www.facebook.com\\\/MonacoTribune\",\"https:\\\/\\\/x.com\\\/MonacoTribune\",\"https:\\\/\\\/www.instagram.com\\\/monacotribune\\\/\",\"https:\\\/\\\/www.linkedin.com\\\/company\\\/monaco-tribune\",\"https:\\\/\\\/www.youtube.com\\\/channel\\\/UCHle1MnG6hw1y4lWKijVbMA\"]},{\"@type\":\"Person\",\"@id\":\"https:\\\/\\\/www.monaco-tribune.com\\\/en\\\/#\\\/schema\\\/person\\\/d201bd3b5aa6a9405a343cb582876e6b\",\"name\":\"Benjamin Godart\",\"image\":{\"@type\":\"ImageObject\",\"inLanguage\":\"en-US\",\"@id\":\"https:\\\/\\\/secure.gravatar.com\\\/avatar\\\/497d42825162d88d88f4d1527d8d9791abdd62e977b6ae137f2a93f8450f5286?s=96&d=mm&r=g\",\"url\":\"https:\\\/\\\/secure.gravatar.com\\\/avatar\\\/497d42825162d88d88f4d1527d8d9791abdd62e977b6ae137f2a93f8450f5286?s=96&d=mm&r=g\",\"contentUrl\":\"https:\\\/\\\/secure.gravatar.com\\\/avatar\\\/497d42825162d88d88f4d1527d8d9791abdd62e977b6ae137f2a93f8450f5286?s=96&d=mm&r=g\",\"caption\":\"Benjamin Godart\"},\"url\":\"https:\\\/\\\/www.monaco-tribune.com\\\/en\\\/author\\\/benjamingodart\\\/\"}]}<\/script>\n<!-- \/ Yoast SEO Premium plugin. -->","yoast_head_json":{"title":"Princess Caroline, Chanel and Centre Scientifique de Monaco join forces to protect red coral","description":"The scientific partnership between Monaco's Scientific Centre and the French luxury brand has just been extended until 2031, with promising discoveries to","robots":{"index":"index","follow":"follow","max-snippet":"max-snippet:-1","max-image-preview":"max-image-preview:large","max-video-preview":"max-video-preview:-1"},"canonical":"https:\/\/www.monaco-tribune.com\/en\/2025\/10\/princess-caroline-chanel-and-centre-scientifique-de-monaco-join-forces-to-protect-red-coral\/","og_locale":"en_US","og_type":"article","og_title":"Princess Caroline, Chanel and Centre Scientifique de Monaco join forces to protect red coral - Monaco Tribune","og_description":"The scientific partnership between Monaco's Scientific Centre and the French luxury brand has just been extended until 2031, with promising discoveries to","og_url":"https:\/\/www.monaco-tribune.com\/en\/2025\/10\/princess-caroline-chanel-and-centre-scientifique-de-monaco-join-forces-to-protect-red-coral\/","og_site_name":"Monaco Tribune","article_publisher":"https:\/\/www.facebook.com\/MonacoTribune","article_published_time":"2025-10-17T16:16:09+00:00","article_modified_time":"2025-10-17T16:20:53+00:00","og_image":[{"width":1280,"height":960,"url":"https:\/\/www.monaco-tribune.com\/wp-content\/uploads\/2025\/10\/corallium-rubrum-\u00a9-s.-reynaud-csm_2-grande.jpeg","type":"image\/jpeg"}],"author":"Benjamin Godart","twitter_card":"summary_large_image","twitter_creator":"@MonacoTribune","twitter_site":"@MonacoTribune","schema":{"@context":"https:\/\/schema.org","@graph":[{"@type":"NewsArticle","@id":"https:\/\/www.monaco-tribune.com\/en\/2025\/10\/princess-caroline-chanel-and-centre-scientifique-de-monaco-join-forces-to-protect-red-coral\/#article","isPartOf":{"@id":"https:\/\/www.monaco-tribune.com\/en\/2025\/10\/princess-caroline-chanel-and-centre-scientifique-de-monaco-join-forces-to-protect-red-coral\/"},"author":{"name":"Benjamin Godart","@id":"https:\/\/www.monaco-tribune.com\/en\/#\/schema\/person\/d201bd3b5aa6a9405a343cb582876e6b"},"headline":"Princess Caroline, Chanel and Centre Scientifique de Monaco join forces to protect red coral","datePublished":"2025-10-17T16:16:09+00:00","dateModified":"2025-10-17T16:20:53+00:00","mainEntityOfPage":{"@id":"https:\/\/www.monaco-tribune.com\/en\/2025\/10\/princess-caroline-chanel-and-centre-scientifique-de-monaco-join-forces-to-protect-red-coral\/"},"wordCount":330,"publisher":{"@id":"https:\/\/www.monaco-tribune.com\/en\/#organization"},"image":{"@id":"https:\/\/www.monaco-tribune.com\/en\/2025\/10\/princess-caroline-chanel-and-centre-scientifique-de-monaco-join-forces-to-protect-red-coral\/#primaryimage"},"thumbnailUrl":"https:\/\/www.monaco-tribune.com\/wp-content\/uploads\/2025\/10\/corallium-rubrum-\u00a9-s.-reynaud-csm_2-grande.jpeg","keywords":["Princess Caroline"],"articleSection":["Environment","News"],"inLanguage":"en-US","copyrightYear":"2025","copyrightHolder":{"@id":"https:\/\/www.monaco-tribune.com\/#organization"}},{"@type":"WebPage","@id":"https:\/\/www.monaco-tribune.com\/en\/2025\/10\/princess-caroline-chanel-and-centre-scientifique-de-monaco-join-forces-to-protect-red-coral\/","url":"https:\/\/www.monaco-tribune.com\/en\/2025\/10\/princess-caroline-chanel-and-centre-scientifique-de-monaco-join-forces-to-protect-red-coral\/","name":"Princess Caroline, Chanel and Centre Scientifique de Monaco join forces to protect red coral","isPartOf":{"@id":"https:\/\/www.monaco-tribune.com\/en\/#website"},"primaryImageOfPage":{"@id":"https:\/\/www.monaco-tribune.com\/en\/2025\/10\/princess-caroline-chanel-and-centre-scientifique-de-monaco-join-forces-to-protect-red-coral\/#primaryimage"},"image":{"@id":"https:\/\/www.monaco-tribune.com\/en\/2025\/10\/princess-caroline-chanel-and-centre-scientifique-de-monaco-join-forces-to-protect-red-coral\/#primaryimage"},"thumbnailUrl":"https:\/\/www.monaco-tribune.com\/wp-content\/uploads\/2025\/10\/corallium-rubrum-\u00a9-s.-reynaud-csm_2-grande.jpeg","datePublished":"2025-10-17T16:16:09+00:00","dateModified":"2025-10-17T16:20:53+00:00","description":"The scientific partnership between Monaco's Scientific Centre and the French luxury brand has just been extended until 2031, with promising discoveries to","breadcrumb":{"@id":"https:\/\/www.monaco-tribune.com\/en\/2025\/10\/princess-caroline-chanel-and-centre-scientifique-de-monaco-join-forces-to-protect-red-coral\/#breadcrumb"},"inLanguage":"en-US","potentialAction":[{"@type":"ReadAction","target":["https:\/\/www.monaco-tribune.com\/en\/2025\/10\/princess-caroline-chanel-and-centre-scientifique-de-monaco-join-forces-to-protect-red-coral\/"]}]},{"@type":"ImageObject","inLanguage":"en-US","@id":"https:\/\/www.monaco-tribune.com\/en\/2025\/10\/princess-caroline-chanel-and-centre-scientifique-de-monaco-join-forces-to-protect-red-coral\/#primaryimage","url":"https:\/\/www.monaco-tribune.com\/wp-content\/uploads\/2025\/10\/corallium-rubrum-\u00a9-s.-reynaud-csm_2-grande.jpeg","contentUrl":"https:\/\/www.monaco-tribune.com\/wp-content\/uploads\/2025\/10\/corallium-rubrum-\u00a9-s.-reynaud-csm_2-grande.jpeg","width":1280,"height":960,"caption":"Mediterranean red coral \u00a9 S. Reynaud - CSM"},{"@type":"BreadcrumbList","@id":"https:\/\/www.monaco-tribune.com\/en\/2025\/10\/princess-caroline-chanel-and-centre-scientifique-de-monaco-join-forces-to-protect-red-coral\/#breadcrumb","itemListElement":[{"@type":"ListItem","position":1,"name":"Accueil","item":"https:\/\/www.monaco-tribune.com\/en\/"},{"@type":"ListItem","position":2,"name":"Princess Caroline, Chanel and Centre Scientifique de Monaco join forces to protect red coral"}]},{"@type":"WebSite","@id":"https:\/\/www.monaco-tribune.com\/en\/#website","url":"https:\/\/www.monaco-tribune.com\/en\/","name":"Monaco Tribune","description":"Monaco : actualit\u00e9s \u00e9conomiques, politiques, culturelles et sportives de Monaco et de la French Riviera.","publisher":{"@id":"https:\/\/www.monaco-tribune.com\/en\/#organization"},"potentialAction":[{"@type":"SearchAction","target":{"@type":"EntryPoint","urlTemplate":"https:\/\/www.monaco-tribune.com\/en\/?s={search_term_string}"},"query-input":{"@type":"PropertyValueSpecification","valueRequired":true,"valueName":"search_term_string"}}],"inLanguage":"en-US"},{"@type":"Organization","@id":"https:\/\/www.monaco-tribune.com\/en\/#organization","name":"Monaco Tribune","url":"https:\/\/www.monaco-tribune.com\/en\/","logo":{"@type":"ImageObject","inLanguage":"en-US","@id":"https:\/\/www.monaco-tribune.com\/en\/#\/schema\/logo\/image\/","url":"https:\/\/www.monaco-tribune.com\/wp-content\/uploads\/2022\/11\/logo-monaco-tribune.png","contentUrl":"https:\/\/www.monaco-tribune.com\/wp-content\/uploads\/2022\/11\/logo-monaco-tribune.png","width":1548,"height":600,"caption":"Monaco Tribune"},"image":{"@id":"https:\/\/www.monaco-tribune.com\/en\/#\/schema\/logo\/image\/"},"sameAs":["https:\/\/www.facebook.com\/MonacoTribune","https:\/\/x.com\/MonacoTribune","https:\/\/www.instagram.com\/monacotribune\/","https:\/\/www.linkedin.com\/company\/monaco-tribune","https:\/\/www.youtube.com\/channel\/UCHle1MnG6hw1y4lWKijVbMA"]},{"@type":"Person","@id":"https:\/\/www.monaco-tribune.com\/en\/#\/schema\/person\/d201bd3b5aa6a9405a343cb582876e6b","name":"Benjamin Godart","image":{"@type":"ImageObject","inLanguage":"en-US","@id":"https:\/\/secure.gravatar.com\/avatar\/497d42825162d88d88f4d1527d8d9791abdd62e977b6ae137f2a93f8450f5286?s=96&d=mm&r=g","url":"https:\/\/secure.gravatar.com\/avatar\/497d42825162d88d88f4d1527d8d9791abdd62e977b6ae137f2a93f8450f5286?s=96&d=mm&r=g","contentUrl":"https:\/\/secure.gravatar.com\/avatar\/497d42825162d88d88f4d1527d8d9791abdd62e977b6ae137f2a93f8450f5286?s=96&d=mm&r=g","caption":"Benjamin Godart"},"url":"https:\/\/www.monaco-tribune.com\/en\/author\/benjamingodart\/"}]}},"_links":{"self":[{"href":"https:\/\/www.monaco-tribune.com\/en\/wp-json\/wp\/v2\/posts\/320084","targetHints":{"allow":["GET"]}}],"collection":[{"href":"https:\/\/www.monaco-tribune.com\/en\/wp-json\/wp\/v2\/posts"}],"about":[{"href":"https:\/\/www.monaco-tribune.com\/en\/wp-json\/wp\/v2\/types\/post"}],"author":[{"embeddable":true,"href":"https:\/\/www.monaco-tribune.com\/en\/wp-json\/wp\/v2\/users\/82"}],"replies":[{"embeddable":true,"href":"https:\/\/www.monaco-tribune.com\/en\/wp-json\/wp\/v2\/comments?post=320084"}],"version-history":[{"count":2,"href":"https:\/\/www.monaco-tribune.com\/en\/wp-json\/wp\/v2\/posts\/320084\/revisions"}],"predecessor-version":[{"id":320087,"href":"https:\/\/www.monaco-tribune.com\/en\/wp-json\/wp\/v2\/posts\/320084\/revisions\/320087"}],"wp:featuredmedia":[{"embeddable":true,"href":"https:\/\/www.monaco-tribune.com\/en\/wp-json\/wp\/v2\/media\/319891"}],"wp:attachment":[{"href":"https:\/\/www.monaco-tribune.com\/en\/wp-json\/wp\/v2\/media?parent=320084"}],"wp:term":[{"taxonomy":"category","embeddable":true,"href":"https:\/\/www.monaco-tribune.com\/en\/wp-json\/wp\/v2\/categories?post=320084"},{"taxonomy":"post_tag","embeddable":true,"href":"https:\/\/www.monaco-tribune.com\/en\/wp-json\/wp\/v2\/tags?post=320084"},{"taxonomy":"sectag","embeddable":true,"href":"https:\/\/www.monaco-tribune.com\/en\/wp-json\/wp\/v2\/post_sectags?post=320084"},{"taxonomy":"format","embeddable":true,"href":"https:\/\/www.monaco-tribune.com\/en\/wp-json\/wp\/v2\/post_format?post=320084"}],"curies":[{"name":"wp","href":"https:\/\/api.w.org\/{rel}","templated":true}]}}