{"id":320901,"date":"2025-10-23T16:29:07","date_gmt":"2025-10-23T14:29:07","guid":{"rendered":"https:\/\/www.monaco-tribune.com\/2025\/10\/sportel-awards-2025-images-from-exceptional-evening-in-presence-of-prince-albert-ii\/"},"modified":"2025-10-23T16:34:44","modified_gmt":"2025-10-23T14:34:44","slug":"sportel-awards-2025-images-from-exceptional-evening-in-presence-of-prince-albert-ii","status":"publish","type":"post","link":"https:\/\/www.monaco-tribune.com\/en\/2025\/10\/sportel-awards-2025-images-from-exceptional-evening-in-presence-of-prince-albert-ii\/","title":{"rendered":"Sportel Awards 2025: images from exceptional evening in presence of Prince Albert II"},"content":{"rendered":"\n<p><strong>The 36th edition of the Sportel Awards once again had Principality pulses racing. The ceremony, held on Monday 20 October at the Grimaldi Forum, celebrated the top sportsmen and women in an unforgettable, emotion-packed evening.<\/strong><\/p>\n\n<p><em>&#8220;I wouldn&#8217;t miss Sportel for the world. It&#8217;s a really special moment,&#8221;<\/em> said Pierre Frolla, between trips to Tahiti and the Caribbean. On hand to present his art book\u00a0<em>Abyss<\/em> , the Monegasque free diving champion summed up the significance of the major annual event in the Principality. Prestigious guests were on hand to share the experience and applaud the winners.<\/p>\n\n<p>Before the ceremony began, the red carpet &#8211; a blue one in this case &#8211; was rolled out to welcome a host of leading figures from the world of sport. From Marie-Jos\u00e9 P\u00e9rec, three-time Olympic champion, to Jacky Ickx, two-time Formula 1 runner-up, not forgetting Henri Leconte, chairman of the jury, and Louis Ducruet, president of the Barbagiuans and son of Princess St\u00e9phanie. A host of stars came to pose with Prince Albert II, before everyone headed down to the Prince Pierre reception room for an evening with a unique atmosphere. <\/p>\n\n<figure class=\"wp-block-embed is-type-rich is-provider-twitter wp-block-embed-twitter\"><div class=\"wp-block-embed__wrapper\">\r\n<blockquote class=\"twitter-tweet\" data-width=\"500\" data-dnt=\"true\"><p lang=\"fr\" dir=\"ltr\">Simple. Vrai. Magique. <a href=\"https:\/\/twitter.com\/hashtag\/sport?src=hash&amp;ref_src=twsrc%5Etfw\">#sport<\/a> <a href=\"https:\/\/twitter.com\/hashtag\/monaco?src=hash&amp;ref_src=twsrc%5Etfw\">#monaco<\/a> <a href=\"https:\/\/t.co\/JhDtEfSAzC\">pic.twitter.com\/JhDtEfSAzC<\/a><\/p>&mdash; SPORTEL AWARDS (@sportel_awards) <a href=\"https:\/\/twitter.com\/sportel_awards\/status\/1980575753335968081?ref_src=twsrc%5Etfw\">October 21, 2025<\/a><\/blockquote><script async src=\"https:\/\/platform.twitter.com\/widgets.js\" charset=\"utf-8\"><\/script>\r\n<\/div><\/figure><br>\n\n<h2 class=\"wp-block-heading\" id=\"h-marie-jose-perec-et-jacky-ickx-a-l-honneur\">Marie-Jos\u00e9 P\u00e9rec and Jacky Ickx in the spotlight<\/h2>\n\n<p>There was a full house as the Sportel Awards ceremony, hosted by Marc Maury, kicked off with an artistic acrobatic show combining juggling with a football and aquatic sounds. But the highlight of the show came at the end, when Prince Albert II presented the autobiography prize to Marie-Jos\u00e9 P\u00e9rec for her book\u00a0<em>Ma vie olympique<\/em>, highlighting the unique and inspiring career of the French athletics icon. From the stage, the Guadeloupe native expressed her gratitude in a speech that was full of humility and sincerity.<\/p>\n\n<figure class=\"wp-block-embed is-type-rich is-provider-twitter wp-block-embed-twitter\"><div class=\"wp-block-embed__wrapper\">\r\n<blockquote class=\"twitter-tweet\" data-width=\"500\" data-dnt=\"true\"><p lang=\"fr\" dir=\"ltr\">\ud83c\udfc6 Prix de l\u2019Autobiographie \ud83e\udd41 Un grand bravo \u00e0 Marie-Jos\u00e9 P\u00e9rec \ud83d\udc4f\ud83c\udffc <a href=\"https:\/\/twitter.com\/hashtag\/sport?src=hash&amp;ref_src=twsrc%5Etfw\">#sport<\/a> <a href=\"https:\/\/twitter.com\/hashtag\/sportelawards?src=hash&amp;ref_src=twsrc%5Etfw\">#sportelawards<\/a> <a href=\"https:\/\/twitter.com\/hashtag\/monaco?src=hash&amp;ref_src=twsrc%5Etfw\">#monaco<\/a> #2025 <a href=\"https:\/\/t.co\/PghwbSdund\">pic.twitter.com\/PghwbSdund<\/a><\/p>&mdash; SPORTEL AWARDS (@sportel_awards) <a href=\"https:\/\/twitter.com\/sportel_awards\/status\/1980353432012632527?ref_src=twsrc%5Etfw\">October 20, 2025<\/a><\/blockquote><script async src=\"https:\/\/platform.twitter.com\/widgets.js\" charset=\"utf-8\"><\/script>\r\n<\/div><\/figure><br>\n\n<p><span style=\"color: black;\">The Sovereign also presented a prize to a former motor racing star. Former Belgian driver Jacky Ickx was presented with the <\/span><a href=\"https:\/\/www.monaco-tribune.com\/2025\/09\/jacky-ickx-couronne-legende-le-gentleman-driver-honore-aux-sportel-awards-2025\/\"><span style=\"color: blue; text-decoration: none; text-underline: none;\">Prix de la L\u00e9gende<\/span><\/a><span style=\"color: black;\">\u00a0for his entire career, crowned by eight F1 victories and six in the legendary Le Mans 24 Hours endurance race. The Belgian, who is never short of projects, joked about his advanced age, regaling the audience with his subtly chosen metaphors.<\/span><\/p>\n<div class=\"wp-block-image\">\n<figure class=\"aligncenter size-large\"><img loading=\"lazy\" decoding=\"async\" width=\"1024\" height=\"683\" src=\"https:\/\/www.monaco-tribune.com\/wp-content\/uploads\/2025\/10\/prince-albert-ii-sportel-awards-jacky-icks-grande-1024x683.jpeg\" alt=\"\" class=\"wp-image-320509\" srcset=\"https:\/\/www.monaco-tribune.com\/wp-content\/uploads\/2025\/10\/prince-albert-ii-sportel-awards-jacky-icks-grande-1024x683.jpeg 1024w, https:\/\/www.monaco-tribune.com\/wp-content\/uploads\/2025\/10\/prince-albert-ii-sportel-awards-jacky-icks-grande-450x300.jpeg 450w, https:\/\/www.monaco-tribune.com\/wp-content\/uploads\/2025\/10\/prince-albert-ii-sportel-awards-jacky-icks-grande.jpeg 1280w\" sizes=\"auto, (max-width: 1024px) 100vw, 1024px\" \/><figcaption class=\"wp-element-caption\"><em>Jacky Ickx, warmly greeted and rewarded by Prince Albert II<\/em>\u00a0\u00a9 Communications Department \/ St\u00e9phane Danna<\/figcaption><\/figure>\n<\/div>\n<h2 class=\"wp-block-heading\" id=\"h-un-palmares-aux-valeurs-universelles\">A list of winners with universal values<\/h2>\n\n<p>Throughout the evening, the awards presenters spoke of the athletes&#8217; extraordinary human qualities, driven by their desire to strive and surpass themselves. Choosing the winners was no easy task for the jury made up of Allison Pineau (handball), Masomah Ali Zada (cycling), Lonsana Doumbouya (football), Emmanuelle Lacaze (advertising), Robert Cole (skiing), St\u00e9phane Le Goff (reporting), Jean-Denis Walter (photography) and chaired by Henri Leconte, former Roland-Garros finalist in 1988 and Davis Cup winner in 1991. <\/p>\n<div class=\"wp-block-image\">\n<figure class=\"aligncenter size-large\"><img loading=\"lazy\" decoding=\"async\" width=\"1024\" height=\"682\" src=\"https:\/\/www.monaco-tribune.com\/wp-content\/uploads\/2025\/10\/leconte-et-epouse-1024x682.jpg\" alt=\"\" class=\"wp-image-320473\" srcset=\"https:\/\/www.monaco-tribune.com\/wp-content\/uploads\/2025\/10\/leconte-et-epouse-1024x682.jpg 1024w, https:\/\/www.monaco-tribune.com\/wp-content\/uploads\/2025\/10\/leconte-et-epouse-450x300.jpg 450w, https:\/\/www.monaco-tribune.com\/wp-content\/uploads\/2025\/10\/leconte-et-epouse.jpg 1700w\" sizes=\"auto, (max-width: 1024px) 100vw, 1024px\" \/><figcaption class=\"wp-element-caption\"><em>Jury president Henri Leconte and his wife \u00a9 St\u00e9phane Renaux &#8211; Monaco Tribune<\/em><\/figcaption><\/figure>\n<\/div>\n<p>The Golden Podiums celebrated the talent of directors and producers who show sporting passion through memorable images, \u00a0rewarding 2025&#8217;s finest sports coverage, and the Renaud de Laborderie Book Prize was awarded to Rainer W. Schlegelmilch &#8211;\u00a0<em>Porsche racing moments<\/em>, for the best sports book. The Peace and Sport Documentary Award went to Alfonso Algara for\u00a0<em>Las Amazonas De Yaxunah<\/em>, and the Coup de C\u0153ur (Jury Favourite) Award went to\u00a0<em>Laure! Laure! Laure! <\/em>directed by Laurie Delhostal and Guillaume Priou.<\/p>\n<div class=\"wp-block-image\">\n<figure class=\"aligncenter size-large\"><img loading=\"lazy\" decoding=\"async\" width=\"1024\" height=\"682\" src=\"https:\/\/www.monaco-tribune.com\/wp-content\/uploads\/2025\/10\/strazel-et-copine-1024x682.jpg\" alt=\"\" class=\"wp-image-320477\" srcset=\"https:\/\/www.monaco-tribune.com\/wp-content\/uploads\/2025\/10\/strazel-et-copine-1024x682.jpg 1024w, https:\/\/www.monaco-tribune.com\/wp-content\/uploads\/2025\/10\/strazel-et-copine-450x300.jpg 450w, https:\/\/www.monaco-tribune.com\/wp-content\/uploads\/2025\/10\/strazel-et-copine.jpg 1700w\" sizes=\"auto, (max-width: 1024px) 100vw, 1024px\" \/><figcaption class=\"wp-element-caption\"><em>Roca Team basketball player Matthew Strazel \u00a9 St\u00e9phane Renaux &#8211; Monaco Tribune<\/em><\/figcaption><\/figure>\n<\/div>\n<p>As all the winners took to the stage to round off a successful evening, Executive Director Marine Picoulet made no secret of her satisfaction.\u00a0 <em>&#8220;The 2025 edition will be remembered as one of the most intense and full of energy. It celebrated the champions, but also the artists and enthusiasts who make sport a universal language. It was an incredibly elegant evening, buoyed by the generosity and sincerity of our guests,&#8221;<\/em>\u00a0she told the Sportel Awards website. The next one will take place in a year&#8217;s time, again at the Grimaldi Forum. No doubt the selection will be just as strong and the personalities just as dazzling.<\/p>\n\n<blockquote class=\"wp-embedded-content\" data-secret=\"VJ3Jj7bLqr\"><a href=\"https:\/\/www.monaco-tribune.com\/en\/2025\/10\/prince-albert-ii-reveals-team-monaco-for-the-2026-e1-championship\/\">Prince Albert II reveals Team Monaco for the 2026 E1 championship<\/a><\/blockquote><iframe class=\"wp-embedded-content\" sandbox=\"allow-scripts\" security=\"restricted\" style=\"position: absolute; visibility: hidden;\" title=\"&#8220;Prince Albert II reveals Team Monaco for the 2026 E1 championship&#8221; &#8212; Monaco Tribune\" src=\"https:\/\/www.monaco-tribune.com\/en\/2025\/10\/prince-albert-ii-reveals-team-monaco-for-the-2026-e1-championship\/embed\/#?secret=wLWcCnVRcp#?secret=VJ3Jj7bLqr\" data-secret=\"VJ3Jj7bLqr\" width=\"500\" height=\"282\" frameborder=\"0\" marginwidth=\"0\" marginheight=\"0\" scrolling=\"no\"><\/iframe>\n","protected":false},"excerpt":{"rendered":"<p>The 36th edition of the Sportel Awards once again had Principality pulses racing. The ceremony, held on Monday 20 October [&hellip;]<\/p>\n","protected":false},"author":84,"featured_media":320506,"comment_status":"closed","ping_status":"closed","sticky":false,"template":"","format":"standard","meta":{"_acf_changed":false,"footnotes":""},"categories":[1825,243,257],"tags":[2830],"post_sectags":[3219],"post_format":[2468],"class_list":["post-320901","post","type-post","status-publish","format-standard","has-post-thumbnail","hentry","category-editors-choice","category-news","category-sports-en","tag-prince-albert-ii-en-2","sectag-grimaldi-forum-en","format-story"],"acf":[],"yoast_head":"<!-- This site is optimized with the Yoast SEO Premium plugin v26.8 (Yoast SEO v27.5) - https:\/\/yoast.com\/product\/yoast-seo-premium-wordpress\/ -->\n<title>Sportel Awards 2025: images from exceptional evening in presence of Prince Albert II<\/title>\n<meta name=\"description\" content=\"The 36th edition of the Sportel Awards once again had Principality pulses racing. The ceremony, held on Monday 20 October at the Grimaldi Forum,\" \/>\n<meta name=\"robots\" content=\"index, follow, max-snippet:-1, max-image-preview:large, max-video-preview:-1\" \/>\n<link rel=\"canonical\" href=\"https:\/\/www.monaco-tribune.com\/en\/2025\/10\/sportel-awards-2025-images-from-exceptional-evening-in-presence-of-prince-albert-ii\/\" \/>\n<meta property=\"og:locale\" content=\"en_US\" \/>\n<meta property=\"og:type\" content=\"article\" \/>\n<meta property=\"og:title\" content=\"Sportel Awards 2025: images from exceptional evening in presence of Prince Albert II - Monaco Tribune\" \/>\n<meta property=\"og:description\" content=\"The 36th edition of the Sportel Awards once again had Principality pulses racing. The ceremony, held on Monday 20 October at the Grimaldi Forum,\" \/>\n<meta property=\"og:url\" content=\"https:\/\/www.monaco-tribune.com\/en\/2025\/10\/sportel-awards-2025-images-from-exceptional-evening-in-presence-of-prince-albert-ii\/\" \/>\n<meta property=\"og:site_name\" content=\"Monaco Tribune\" \/>\n<meta property=\"article:publisher\" content=\"https:\/\/www.facebook.com\/MonacoTribune\" \/>\n<meta property=\"article:published_time\" content=\"2025-10-23T14:29:07+00:00\" \/>\n<meta property=\"article:modified_time\" content=\"2025-10-23T14:34:44+00:00\" \/>\n<meta property=\"og:image\" content=\"https:\/\/www.monaco-tribune.com\/wp-content\/uploads\/2025\/10\/prince-albert-ii-sportel-awards-2025-grande.jpeg\" \/>\n\t<meta property=\"og:image:width\" content=\"1280\" \/>\n\t<meta property=\"og:image:height\" content=\"854\" \/>\n\t<meta property=\"og:image:type\" content=\"image\/jpeg\" \/>\n<meta name=\"author\" content=\"St\u00e9phane Renaux\" \/>\n<meta name=\"twitter:card\" content=\"summary_large_image\" \/>\n<meta name=\"twitter:creator\" content=\"@MonacoTribune\" \/>\n<meta name=\"twitter:site\" content=\"@MonacoTribune\" \/>\n<script type=\"application\/ld+json\" class=\"yoast-schema-graph\">{\"@context\":\"https:\\\/\\\/schema.org\",\"@graph\":[{\"@type\":\"NewsArticle\",\"@id\":\"https:\\\/\\\/www.monaco-tribune.com\\\/en\\\/2025\\\/10\\\/sportel-awards-2025-images-from-exceptional-evening-in-presence-of-prince-albert-ii\\\/#article\",\"isPartOf\":{\"@id\":\"https:\\\/\\\/www.monaco-tribune.com\\\/en\\\/2025\\\/10\\\/sportel-awards-2025-images-from-exceptional-evening-in-presence-of-prince-albert-ii\\\/\"},\"author\":{\"name\":\"St\u00e9phane Renaux\",\"@id\":\"https:\\\/\\\/www.monaco-tribune.com\\\/en\\\/#\\\/schema\\\/person\\\/ece83e32e5a225fe73e81a24e634b373\"},\"headline\":\"Sportel Awards 2025: images from exceptional evening in presence of Prince Albert II\",\"datePublished\":\"2025-10-23T14:29:07+00:00\",\"dateModified\":\"2025-10-23T14:34:44+00:00\",\"mainEntityOfPage\":{\"@id\":\"https:\\\/\\\/www.monaco-tribune.com\\\/en\\\/2025\\\/10\\\/sportel-awards-2025-images-from-exceptional-evening-in-presence-of-prince-albert-ii\\\/\"},\"wordCount\":689,\"publisher\":{\"@id\":\"https:\\\/\\\/www.monaco-tribune.com\\\/en\\\/#organization\"},\"image\":{\"@id\":\"https:\\\/\\\/www.monaco-tribune.com\\\/en\\\/2025\\\/10\\\/sportel-awards-2025-images-from-exceptional-evening-in-presence-of-prince-albert-ii\\\/#primaryimage\"},\"thumbnailUrl\":\"https:\\\/\\\/www.monaco-tribune.com\\\/wp-content\\\/uploads\\\/2025\\\/10\\\/prince-albert-ii-sportel-awards-2025-grande.jpeg\",\"keywords\":[\"Prince Albert II\"],\"articleSection\":[\"Editor&#039;s choice\",\"News\",\"Sports\"],\"inLanguage\":\"en-US\",\"copyrightYear\":\"2025\",\"copyrightHolder\":{\"@id\":\"https:\\\/\\\/www.monaco-tribune.com\\\/#organization\"}},{\"@type\":\"WebPage\",\"@id\":\"https:\\\/\\\/www.monaco-tribune.com\\\/en\\\/2025\\\/10\\\/sportel-awards-2025-images-from-exceptional-evening-in-presence-of-prince-albert-ii\\\/\",\"url\":\"https:\\\/\\\/www.monaco-tribune.com\\\/en\\\/2025\\\/10\\\/sportel-awards-2025-images-from-exceptional-evening-in-presence-of-prince-albert-ii\\\/\",\"name\":\"Sportel Awards 2025: images from exceptional evening in presence of Prince Albert II\",\"isPartOf\":{\"@id\":\"https:\\\/\\\/www.monaco-tribune.com\\\/en\\\/#website\"},\"primaryImageOfPage\":{\"@id\":\"https:\\\/\\\/www.monaco-tribune.com\\\/en\\\/2025\\\/10\\\/sportel-awards-2025-images-from-exceptional-evening-in-presence-of-prince-albert-ii\\\/#primaryimage\"},\"image\":{\"@id\":\"https:\\\/\\\/www.monaco-tribune.com\\\/en\\\/2025\\\/10\\\/sportel-awards-2025-images-from-exceptional-evening-in-presence-of-prince-albert-ii\\\/#primaryimage\"},\"thumbnailUrl\":\"https:\\\/\\\/www.monaco-tribune.com\\\/wp-content\\\/uploads\\\/2025\\\/10\\\/prince-albert-ii-sportel-awards-2025-grande.jpeg\",\"datePublished\":\"2025-10-23T14:29:07+00:00\",\"dateModified\":\"2025-10-23T14:34:44+00:00\",\"description\":\"The 36th edition of the Sportel Awards once again had Principality pulses racing. The ceremony, held on Monday 20 October at the Grimaldi Forum,\",\"breadcrumb\":{\"@id\":\"https:\\\/\\\/www.monaco-tribune.com\\\/en\\\/2025\\\/10\\\/sportel-awards-2025-images-from-exceptional-evening-in-presence-of-prince-albert-ii\\\/#breadcrumb\"},\"inLanguage\":\"en-US\",\"potentialAction\":[{\"@type\":\"ReadAction\",\"target\":[\"https:\\\/\\\/www.monaco-tribune.com\\\/en\\\/2025\\\/10\\\/sportel-awards-2025-images-from-exceptional-evening-in-presence-of-prince-albert-ii\\\/\"]}]},{\"@type\":\"ImageObject\",\"inLanguage\":\"en-US\",\"@id\":\"https:\\\/\\\/www.monaco-tribune.com\\\/en\\\/2025\\\/10\\\/sportel-awards-2025-images-from-exceptional-evening-in-presence-of-prince-albert-ii\\\/#primaryimage\",\"url\":\"https:\\\/\\\/www.monaco-tribune.com\\\/wp-content\\\/uploads\\\/2025\\\/10\\\/prince-albert-ii-sportel-awards-2025-grande.jpeg\",\"contentUrl\":\"https:\\\/\\\/www.monaco-tribune.com\\\/wp-content\\\/uploads\\\/2025\\\/10\\\/prince-albert-ii-sportel-awards-2025-grande.jpeg\",\"width\":1280,\"height\":854,\"caption\":\"The evening's winners, with Prince Albert II \u00a9 Sportel Awards\"},{\"@type\":\"BreadcrumbList\",\"@id\":\"https:\\\/\\\/www.monaco-tribune.com\\\/en\\\/2025\\\/10\\\/sportel-awards-2025-images-from-exceptional-evening-in-presence-of-prince-albert-ii\\\/#breadcrumb\",\"itemListElement\":[{\"@type\":\"ListItem\",\"position\":1,\"name\":\"Accueil\",\"item\":\"https:\\\/\\\/www.monaco-tribune.com\\\/en\\\/\"},{\"@type\":\"ListItem\",\"position\":2,\"name\":\"Sportel Awards 2025: images from exceptional evening in presence of Prince Albert II\"}]},{\"@type\":\"WebSite\",\"@id\":\"https:\\\/\\\/www.monaco-tribune.com\\\/en\\\/#website\",\"url\":\"https:\\\/\\\/www.monaco-tribune.com\\\/en\\\/\",\"name\":\"Monaco Tribune\",\"description\":\"Monaco : actualit\u00e9s \u00e9conomiques, politiques, culturelles et sportives de Monaco et de la French Riviera.\",\"publisher\":{\"@id\":\"https:\\\/\\\/www.monaco-tribune.com\\\/en\\\/#organization\"},\"potentialAction\":[{\"@type\":\"SearchAction\",\"target\":{\"@type\":\"EntryPoint\",\"urlTemplate\":\"https:\\\/\\\/www.monaco-tribune.com\\\/en\\\/?s={search_term_string}\"},\"query-input\":{\"@type\":\"PropertyValueSpecification\",\"valueRequired\":true,\"valueName\":\"search_term_string\"}}],\"inLanguage\":\"en-US\"},{\"@type\":\"Organization\",\"@id\":\"https:\\\/\\\/www.monaco-tribune.com\\\/en\\\/#organization\",\"name\":\"Monaco Tribune\",\"url\":\"https:\\\/\\\/www.monaco-tribune.com\\\/en\\\/\",\"logo\":{\"@type\":\"ImageObject\",\"inLanguage\":\"en-US\",\"@id\":\"https:\\\/\\\/www.monaco-tribune.com\\\/en\\\/#\\\/schema\\\/logo\\\/image\\\/\",\"url\":\"https:\\\/\\\/www.monaco-tribune.com\\\/wp-content\\\/uploads\\\/2022\\\/11\\\/logo-monaco-tribune.png\",\"contentUrl\":\"https:\\\/\\\/www.monaco-tribune.com\\\/wp-content\\\/uploads\\\/2022\\\/11\\\/logo-monaco-tribune.png\",\"width\":1548,\"height\":600,\"caption\":\"Monaco Tribune\"},\"image\":{\"@id\":\"https:\\\/\\\/www.monaco-tribune.com\\\/en\\\/#\\\/schema\\\/logo\\\/image\\\/\"},\"sameAs\":[\"https:\\\/\\\/www.facebook.com\\\/MonacoTribune\",\"https:\\\/\\\/x.com\\\/MonacoTribune\",\"https:\\\/\\\/www.instagram.com\\\/monacotribune\\\/\",\"https:\\\/\\\/www.linkedin.com\\\/company\\\/monaco-tribune\",\"https:\\\/\\\/www.youtube.com\\\/channel\\\/UCHle1MnG6hw1y4lWKijVbMA\"]},{\"@type\":\"Person\",\"@id\":\"https:\\\/\\\/www.monaco-tribune.com\\\/en\\\/#\\\/schema\\\/person\\\/ece83e32e5a225fe73e81a24e634b373\",\"name\":\"St\u00e9phane Renaux\",\"image\":{\"@type\":\"ImageObject\",\"inLanguage\":\"en-US\",\"@id\":\"https:\\\/\\\/secure.gravatar.com\\\/avatar\\\/2d6f746a04927ac898fdac59e15d9eb3b4a76ca816265fea18219d81de41f8a5?s=96&d=mm&r=g\",\"url\":\"https:\\\/\\\/secure.gravatar.com\\\/avatar\\\/2d6f746a04927ac898fdac59e15d9eb3b4a76ca816265fea18219d81de41f8a5?s=96&d=mm&r=g\",\"contentUrl\":\"https:\\\/\\\/secure.gravatar.com\\\/avatar\\\/2d6f746a04927ac898fdac59e15d9eb3b4a76ca816265fea18219d81de41f8a5?s=96&d=mm&r=g\",\"caption\":\"St\u00e9phane Renaux\"},\"url\":\"https:\\\/\\\/www.monaco-tribune.com\\\/en\\\/author\\\/stephanerenaux\\\/\"}]}<\/script>\n<!-- \/ Yoast SEO Premium plugin. -->","yoast_head_json":{"title":"Sportel Awards 2025: images from exceptional evening in presence of Prince Albert II","description":"The 36th edition of the Sportel Awards once again had Principality pulses racing. The ceremony, held on Monday 20 October at the Grimaldi Forum,","robots":{"index":"index","follow":"follow","max-snippet":"max-snippet:-1","max-image-preview":"max-image-preview:large","max-video-preview":"max-video-preview:-1"},"canonical":"https:\/\/www.monaco-tribune.com\/en\/2025\/10\/sportel-awards-2025-images-from-exceptional-evening-in-presence-of-prince-albert-ii\/","og_locale":"en_US","og_type":"article","og_title":"Sportel Awards 2025: images from exceptional evening in presence of Prince Albert II - Monaco Tribune","og_description":"The 36th edition of the Sportel Awards once again had Principality pulses racing. The ceremony, held on Monday 20 October at the Grimaldi Forum,","og_url":"https:\/\/www.monaco-tribune.com\/en\/2025\/10\/sportel-awards-2025-images-from-exceptional-evening-in-presence-of-prince-albert-ii\/","og_site_name":"Monaco Tribune","article_publisher":"https:\/\/www.facebook.com\/MonacoTribune","article_published_time":"2025-10-23T14:29:07+00:00","article_modified_time":"2025-10-23T14:34:44+00:00","og_image":[{"width":1280,"height":854,"url":"https:\/\/www.monaco-tribune.com\/wp-content\/uploads\/2025\/10\/prince-albert-ii-sportel-awards-2025-grande.jpeg","type":"image\/jpeg"}],"author":"St\u00e9phane Renaux","twitter_card":"summary_large_image","twitter_creator":"@MonacoTribune","twitter_site":"@MonacoTribune","schema":{"@context":"https:\/\/schema.org","@graph":[{"@type":"NewsArticle","@id":"https:\/\/www.monaco-tribune.com\/en\/2025\/10\/sportel-awards-2025-images-from-exceptional-evening-in-presence-of-prince-albert-ii\/#article","isPartOf":{"@id":"https:\/\/www.monaco-tribune.com\/en\/2025\/10\/sportel-awards-2025-images-from-exceptional-evening-in-presence-of-prince-albert-ii\/"},"author":{"name":"St\u00e9phane Renaux","@id":"https:\/\/www.monaco-tribune.com\/en\/#\/schema\/person\/ece83e32e5a225fe73e81a24e634b373"},"headline":"Sportel Awards 2025: images from exceptional evening in presence of Prince Albert II","datePublished":"2025-10-23T14:29:07+00:00","dateModified":"2025-10-23T14:34:44+00:00","mainEntityOfPage":{"@id":"https:\/\/www.monaco-tribune.com\/en\/2025\/10\/sportel-awards-2025-images-from-exceptional-evening-in-presence-of-prince-albert-ii\/"},"wordCount":689,"publisher":{"@id":"https:\/\/www.monaco-tribune.com\/en\/#organization"},"image":{"@id":"https:\/\/www.monaco-tribune.com\/en\/2025\/10\/sportel-awards-2025-images-from-exceptional-evening-in-presence-of-prince-albert-ii\/#primaryimage"},"thumbnailUrl":"https:\/\/www.monaco-tribune.com\/wp-content\/uploads\/2025\/10\/prince-albert-ii-sportel-awards-2025-grande.jpeg","keywords":["Prince Albert II"],"articleSection":["Editor&#039;s choice","News","Sports"],"inLanguage":"en-US","copyrightYear":"2025","copyrightHolder":{"@id":"https:\/\/www.monaco-tribune.com\/#organization"}},{"@type":"WebPage","@id":"https:\/\/www.monaco-tribune.com\/en\/2025\/10\/sportel-awards-2025-images-from-exceptional-evening-in-presence-of-prince-albert-ii\/","url":"https:\/\/www.monaco-tribune.com\/en\/2025\/10\/sportel-awards-2025-images-from-exceptional-evening-in-presence-of-prince-albert-ii\/","name":"Sportel Awards 2025: images from exceptional evening in presence of Prince Albert II","isPartOf":{"@id":"https:\/\/www.monaco-tribune.com\/en\/#website"},"primaryImageOfPage":{"@id":"https:\/\/www.monaco-tribune.com\/en\/2025\/10\/sportel-awards-2025-images-from-exceptional-evening-in-presence-of-prince-albert-ii\/#primaryimage"},"image":{"@id":"https:\/\/www.monaco-tribune.com\/en\/2025\/10\/sportel-awards-2025-images-from-exceptional-evening-in-presence-of-prince-albert-ii\/#primaryimage"},"thumbnailUrl":"https:\/\/www.monaco-tribune.com\/wp-content\/uploads\/2025\/10\/prince-albert-ii-sportel-awards-2025-grande.jpeg","datePublished":"2025-10-23T14:29:07+00:00","dateModified":"2025-10-23T14:34:44+00:00","description":"The 36th edition of the Sportel Awards once again had Principality pulses racing. The ceremony, held on Monday 20 October at the Grimaldi Forum,","breadcrumb":{"@id":"https:\/\/www.monaco-tribune.com\/en\/2025\/10\/sportel-awards-2025-images-from-exceptional-evening-in-presence-of-prince-albert-ii\/#breadcrumb"},"inLanguage":"en-US","potentialAction":[{"@type":"ReadAction","target":["https:\/\/www.monaco-tribune.com\/en\/2025\/10\/sportel-awards-2025-images-from-exceptional-evening-in-presence-of-prince-albert-ii\/"]}]},{"@type":"ImageObject","inLanguage":"en-US","@id":"https:\/\/www.monaco-tribune.com\/en\/2025\/10\/sportel-awards-2025-images-from-exceptional-evening-in-presence-of-prince-albert-ii\/#primaryimage","url":"https:\/\/www.monaco-tribune.com\/wp-content\/uploads\/2025\/10\/prince-albert-ii-sportel-awards-2025-grande.jpeg","contentUrl":"https:\/\/www.monaco-tribune.com\/wp-content\/uploads\/2025\/10\/prince-albert-ii-sportel-awards-2025-grande.jpeg","width":1280,"height":854,"caption":"The evening's winners, with Prince Albert II \u00a9 Sportel Awards"},{"@type":"BreadcrumbList","@id":"https:\/\/www.monaco-tribune.com\/en\/2025\/10\/sportel-awards-2025-images-from-exceptional-evening-in-presence-of-prince-albert-ii\/#breadcrumb","itemListElement":[{"@type":"ListItem","position":1,"name":"Accueil","item":"https:\/\/www.monaco-tribune.com\/en\/"},{"@type":"ListItem","position":2,"name":"Sportel Awards 2025: images from exceptional evening in presence of Prince Albert II"}]},{"@type":"WebSite","@id":"https:\/\/www.monaco-tribune.com\/en\/#website","url":"https:\/\/www.monaco-tribune.com\/en\/","name":"Monaco Tribune","description":"Monaco : actualit\u00e9s \u00e9conomiques, politiques, culturelles et sportives de Monaco et de la French Riviera.","publisher":{"@id":"https:\/\/www.monaco-tribune.com\/en\/#organization"},"potentialAction":[{"@type":"SearchAction","target":{"@type":"EntryPoint","urlTemplate":"https:\/\/www.monaco-tribune.com\/en\/?s={search_term_string}"},"query-input":{"@type":"PropertyValueSpecification","valueRequired":true,"valueName":"search_term_string"}}],"inLanguage":"en-US"},{"@type":"Organization","@id":"https:\/\/www.monaco-tribune.com\/en\/#organization","name":"Monaco Tribune","url":"https:\/\/www.monaco-tribune.com\/en\/","logo":{"@type":"ImageObject","inLanguage":"en-US","@id":"https:\/\/www.monaco-tribune.com\/en\/#\/schema\/logo\/image\/","url":"https:\/\/www.monaco-tribune.com\/wp-content\/uploads\/2022\/11\/logo-monaco-tribune.png","contentUrl":"https:\/\/www.monaco-tribune.com\/wp-content\/uploads\/2022\/11\/logo-monaco-tribune.png","width":1548,"height":600,"caption":"Monaco Tribune"},"image":{"@id":"https:\/\/www.monaco-tribune.com\/en\/#\/schema\/logo\/image\/"},"sameAs":["https:\/\/www.facebook.com\/MonacoTribune","https:\/\/x.com\/MonacoTribune","https:\/\/www.instagram.com\/monacotribune\/","https:\/\/www.linkedin.com\/company\/monaco-tribune","https:\/\/www.youtube.com\/channel\/UCHle1MnG6hw1y4lWKijVbMA"]},{"@type":"Person","@id":"https:\/\/www.monaco-tribune.com\/en\/#\/schema\/person\/ece83e32e5a225fe73e81a24e634b373","name":"St\u00e9phane Renaux","image":{"@type":"ImageObject","inLanguage":"en-US","@id":"https:\/\/secure.gravatar.com\/avatar\/2d6f746a04927ac898fdac59e15d9eb3b4a76ca816265fea18219d81de41f8a5?s=96&d=mm&r=g","url":"https:\/\/secure.gravatar.com\/avatar\/2d6f746a04927ac898fdac59e15d9eb3b4a76ca816265fea18219d81de41f8a5?s=96&d=mm&r=g","contentUrl":"https:\/\/secure.gravatar.com\/avatar\/2d6f746a04927ac898fdac59e15d9eb3b4a76ca816265fea18219d81de41f8a5?s=96&d=mm&r=g","caption":"St\u00e9phane Renaux"},"url":"https:\/\/www.monaco-tribune.com\/en\/author\/stephanerenaux\/"}]}},"_links":{"self":[{"href":"https:\/\/www.monaco-tribune.com\/en\/wp-json\/wp\/v2\/posts\/320901","targetHints":{"allow":["GET"]}}],"collection":[{"href":"https:\/\/www.monaco-tribune.com\/en\/wp-json\/wp\/v2\/posts"}],"about":[{"href":"https:\/\/www.monaco-tribune.com\/en\/wp-json\/wp\/v2\/types\/post"}],"author":[{"embeddable":true,"href":"https:\/\/www.monaco-tribune.com\/en\/wp-json\/wp\/v2\/users\/84"}],"replies":[{"embeddable":true,"href":"https:\/\/www.monaco-tribune.com\/en\/wp-json\/wp\/v2\/comments?post=320901"}],"version-history":[{"count":2,"href":"https:\/\/www.monaco-tribune.com\/en\/wp-json\/wp\/v2\/posts\/320901\/revisions"}],"predecessor-version":[{"id":320912,"href":"https:\/\/www.monaco-tribune.com\/en\/wp-json\/wp\/v2\/posts\/320901\/revisions\/320912"}],"wp:featuredmedia":[{"embeddable":true,"href":"https:\/\/www.monaco-tribune.com\/en\/wp-json\/wp\/v2\/media\/320506"}],"wp:attachment":[{"href":"https:\/\/www.monaco-tribune.com\/en\/wp-json\/wp\/v2\/media?parent=320901"}],"wp:term":[{"taxonomy":"category","embeddable":true,"href":"https:\/\/www.monaco-tribune.com\/en\/wp-json\/wp\/v2\/categories?post=320901"},{"taxonomy":"post_tag","embeddable":true,"href":"https:\/\/www.monaco-tribune.com\/en\/wp-json\/wp\/v2\/tags?post=320901"},{"taxonomy":"sectag","embeddable":true,"href":"https:\/\/www.monaco-tribune.com\/en\/wp-json\/wp\/v2\/post_sectags?post=320901"},{"taxonomy":"format","embeddable":true,"href":"https:\/\/www.monaco-tribune.com\/en\/wp-json\/wp\/v2\/post_format?post=320901"}],"curies":[{"name":"wp","href":"https:\/\/api.w.org\/{rel}","templated":true}]}}