{"id":321607,"date":"2025-10-28T11:37:46","date_gmt":"2025-10-28T09:37:46","guid":{"rendered":"https:\/\/www.monaco-tribune.com\/?p=321607"},"modified":"2025-10-28T11:37:47","modified_gmt":"2025-10-28T09:37:47","slug":"smakelijk-is-back-in-monaco-enjoy-an-unforgettable-slice-of-belgium-by-the-mediterranean","status":"publish","type":"post","link":"https:\/\/www.monaco-tribune.com\/en\/2025\/10\/smakelijk-is-back-in-monaco-enjoy-an-unforgettable-slice-of-belgium-by-the-mediterranean\/","title":{"rendered":"Smakelijk! is back in Monaco: enjoy an unforgettable slice of Belgium by the Mediterranean"},"content":{"rendered":"\n<p><strong>Smakelijk!, the famous Belgian brasserie, has returned to Monaco to offer a genuine culinary experience that is sure to earn it one of the top spots among local eateries this season.<\/strong><\/p>\n\n\n\n<p>Since October 6, 2025, Monaco is home to a little slice of Belgium at the M\u00e9ridien Beach Plaza. The brasserie Smakelijk! has opened its doors to an immersive voyage deep into Belgian-style <em>art de vivre<\/em>. Everything, from the friendly atmosphere and musical entertainment to its emblematic dishes, has been carefully thought out to invite diners on a discovery of the country of the chip, for a tasty lunch or a Sunday brunch.<\/p>\n\n\n\n<h2 class=\"wp-block-heading\" id=\"h-a-genuine-belgian-brasserie-in-an-exceptional-setting\"><a><\/a>A genuine Belgian brasserie in an exceptional setting<\/h2>\n\n\n\n<p>Smakelijk! means <em>&#8220;bon app\u00e9tit&#8221;<\/em> in Flemish, but the venue is much more than a Belgian restaurant; it is a full-blown culinary experience. As soon as you enter and take in the interior designed by Studio Adjam\u00e9, you will fall in love with the place: elegant crockery, furniture gleaned from flea markets, comfortable seating and a hint of Art Nouveau combine to create a welcoming and warm atmosphere. The sun-decked terrace overlooks the Mediterranean, providing the chance to sample delicious cuisine while taking in the splendid view of the shimmering sea.<\/p>\n\n\n\n<p>Even the soundtrack has been carefully curated as a homage to Belgium, as you will hear artists such as Jacques Brel, Arno and Stromae. Get ready for a journey into the heart of Belgium!<\/p>\n\n\n\n<h2 class=\"wp-block-heading\" id=\"h-a-new-culinary-offering-from-monday-to-saturday\"><a><\/a>A new culinary offering from Monday to Saturday<\/h2>\n\n\n\n<p>Smakelijk! has adopted a brand-new format and is truly the place to be for a delicious lunch in Monaco. From Monday to Saturday, from noon to 3&nbsp;PM, the brasserie offers a menu that celebrates the classics of Belgian cuisine. These delights come in many forms but be sure to sample some Boulets \u00e0 la Li\u00e9geoise, the Mitraillette Sandwich, a Sole Meuni\u00e8re, a plate of Moules Marini\u00e8res or a Cr\u00e8me Br\u00fbl\u00e9e with a Caf\u00e9 Li\u00e9geois.<\/p>\n\n\n<div class=\"wp-block-image\">\n<figure class=\"aligncenter size-large\"><img loading=\"lazy\" decoding=\"async\" width=\"693\" height=\"1024\" src=\"https:\/\/www.monaco-tribune.com\/wp-content\/uploads\/2025\/10\/rendez-vous-gourmands-meridien-693x1024.png\" alt=\"\" class=\"wp-image-320830\" srcset=\"https:\/\/www.monaco-tribune.com\/wp-content\/uploads\/2025\/10\/rendez-vous-gourmands-meridien-693x1024.png 693w, https:\/\/www.monaco-tribune.com\/wp-content\/uploads\/2025\/10\/rendez-vous-gourmands-meridien-203x300.png 203w, https:\/\/www.monaco-tribune.com\/wp-content\/uploads\/2025\/10\/rendez-vous-gourmands-meridien.png 800w\" sizes=\"auto, (max-width: 693px) 100vw, 693px\" \/><figcaption class=\"wp-element-caption\"><em>Shoulder of lamb slow cooked in citrus fruits served with a fricassee of seasonal vegetables and fresh herbs. \u00a9 Le M\u00e9ridien Beach Plaza<\/em><\/figcaption><\/figure>\n<\/div>\n\n\n<p>On top of this enticing menu, the brasserie hosts its Rendez-Vous Gourmands, a new offering where chefs unleash their creativity. Every day of the week features a new dish prepared with local or seasonal produce; there is the Spaghetti alle Vongole on Mondays, the shoulder of lamb candied in citrus fruits on Tuesdays, the barbecued Duck Magret on Thursdays, the Rockfish Bouillabaisse on Fridays, etc. Every day is yet another opportunity to discover exciting and new flavours&#8230;<\/p>\n\n\n\n<h2 class=\"wp-block-heading\" id=\"h-belgian-excellence-on-display-with-frites-atelier\"><a><\/a>Belgian excellence on display with Frites Atelier<\/h2>\n\n\n<div class=\"wp-block-image\">\n<figure class=\"aligncenter size-large\"><img loading=\"lazy\" decoding=\"async\" width=\"686\" height=\"1024\" src=\"https:\/\/www.monaco-tribune.com\/wp-content\/uploads\/2025\/10\/frites-atelier-meridien-beach-plaza-686x1024.png\" alt=\"\" class=\"wp-image-320834\" srcset=\"https:\/\/www.monaco-tribune.com\/wp-content\/uploads\/2025\/10\/frites-atelier-meridien-beach-plaza-686x1024.png 686w, https:\/\/www.monaco-tribune.com\/wp-content\/uploads\/2025\/10\/frites-atelier-meridien-beach-plaza-201x300.png 201w, https:\/\/www.monaco-tribune.com\/wp-content\/uploads\/2025\/10\/frites-atelier-meridien-beach-plaza.png 800w\" sizes=\"auto, (max-width: 686px) 100vw, 686px\" \/><figcaption class=\"wp-element-caption\"><em>Thanks to this partnership between Smakelijk! and Frites Atelier, created by renowned chef Sergio Herman, prepare to discover a new form of art; these golden, crispy and totally original chips combine modern culinary techniques and age-old tradition. \u00a9 Le M\u00e9ridien Beach Plaza<\/em><\/figcaption><\/figure>\n<\/div>\n\n\n<p>The true stars of Smakelijk! are its chips. They are simply out of this world! They are prepared by Frites Atielier, a company founded by Michelin starred chef Sergio Herman and recognised as one of the finest brands in Belgium.<\/p>\n\n\n\n<p>There are not many establishments outside Belgium where one can sample genuine chips, deliciously crispy on the outside and velvety-smooth on the inside. They are made from Dutch potatoes and served with a selection of gastronomic toppings to make the experience even more unforgettable. There is a wide selection to choose from, including the nachos version with Jack Daniels-flavoured American cheese, or crispy bacon, pickles and jalape\u00f1os, caramelised pork loin, barbecue sauce, fried onions, fresh coriander,18-month cured Parmesan cheese, thick cream and fresh truffles.<\/p>\n\n\n\n<h2 class=\"wp-block-heading\" id=\"h-the-best-place-to-enjoy-a-sunday-brunch\"><a><\/a>The best place to enjoy a Sunday brunch<\/h2>\n\n\n\n<p>On Sundays, the Smakelijk! brunch is back. It is a friendly get-together that delights children and their parents with a selection of sweet and savoury dishes. As parents tuck into their seafood, crispy waffles and other refined salads or home-made pastries, children aged 4 to 12 get to enjoy the Kids Club, overseen by a team of professional entertainers. What to expect? A large range of fun and varied activities focusing on nature, the arts, and positive education.<\/p>\n\n\n<div class=\"wp-block-image\">\n<figure class=\"aligncenter size-full\"><img loading=\"lazy\" decoding=\"async\" width=\"965\" height=\"642\" src=\"https:\/\/www.monaco-tribune.com\/wp-content\/uploads\/2025\/10\/brunch-dimanche-meridien-monaco.png\" alt=\"\" class=\"wp-image-320838\" srcset=\"https:\/\/www.monaco-tribune.com\/wp-content\/uploads\/2025\/10\/brunch-dimanche-meridien-monaco.png 965w, https:\/\/www.monaco-tribune.com\/wp-content\/uploads\/2025\/10\/brunch-dimanche-meridien-monaco-451x300.png 451w\" sizes=\"auto, (max-width: 965px) 100vw, 965px\" \/><figcaption class=\"wp-element-caption\"><em>Smakelijk! centre on family, delicious food, and pleasure in general, offering a range of delights, from the treats served at the gastronomic brunch to creative pastry workshops for budding chefs. \u00a9 Le M\u00e9ridien Beach Plaza<\/em><\/figcaption><\/figure>\n<\/div>\n\n\n<p>There are also pastry workshops hosted by the establishment&#8217;s chefs for aspiring cooks. They will prepare macaroons, cake-pops, cookies, and choux pastries, while having fun in a friendly and gastronomic atmosphere.<\/p>\n\n\n\n<p>Smakelijk! is not just an eatery that serves Belgian specialities, it is a venue that tells the story of a country where gastronomy speaks of simple pleasures and high-quality produce. You simply cannot miss it!<\/p>\n\n\n\n<p><strong>Information and booking:<\/strong> <a href=\"https:\/\/www.sevenrooms.com\/experiences\/smakelijkmcmmd?tracking=monaco-tribune\">https:\/\/www.sevenrooms.com\/experiences\/smakelijkmcmmd?tracking=monaco-tribune<\/a><\/p>\n\n\n\n<p><strong>Instagram:<\/strong> @smakelijk_restaurant_monaco \/ <a href=\"https:\/\/www.instagram.com\/smakelijk_restaurant_monaco\/\">smakelijk_restaurant_monaco \u2022 Instagram photos and videos<\/a><\/p>\n\n\n\n<p><strong>Find out more:<\/strong> <a href=\"https:\/\/www.marriott.com\/fr\/hotels\/mcmmd-le-meridien-beach-plaza\/overview\/\">Hotel with a private beach in Monaco | The M\u00e9ridien Beach Plaza<\/a><\/p>\n","protected":false},"excerpt":{"rendered":"<p>Smakelijk!, the famous Belgian brasserie, has returned to Monaco to offer a genuine culinary experience that is sure to earn [&hellip;]<\/p>\n","protected":false},"author":51,"featured_media":320843,"comment_status":"closed","ping_status":"closed","sticky":false,"template":"","format":"standard","meta":{"_acf_changed":false,"footnotes":""},"categories":[247,1825],"tags":[432],"post_sectags":[],"post_format":[2465],"class_list":["post-321607","post","type-post","status-publish","format-standard","has-post-thumbnail","hentry","category-business","category-editors-choice","tag-tourism","format-in-brief"],"acf":[],"yoast_head":"<!-- This site is optimized with the Yoast SEO Premium plugin v26.8 (Yoast SEO v27.5) - https:\/\/yoast.com\/product\/yoast-seo-premium-wordpress\/ -->\n<title>Smakelijk! is back in Monaco: enjoy an unforgettable slice of Belgium by the Mediterranean<\/title>\n<meta name=\"description\" content=\"Smakelijk!, the famous Belgian brasserie, has returned to Monaco to offer a genuine culinary experience that is sure to earn it one of the top spots among\" \/>\n<meta name=\"robots\" content=\"index, follow, max-snippet:-1, max-image-preview:large, max-video-preview:-1\" \/>\n<link rel=\"canonical\" href=\"https:\/\/www.monaco-tribune.com\/en\/2025\/10\/smakelijk-is-back-in-monaco-enjoy-an-unforgettable-slice-of-belgium-by-the-mediterranean\/\" \/>\n<meta property=\"og:locale\" content=\"en_US\" \/>\n<meta property=\"og:type\" content=\"article\" \/>\n<meta property=\"og:title\" content=\"Smakelijk! is back in Monaco: enjoy an unforgettable slice of Belgium by the Mediterranean - Monaco Tribune\" \/>\n<meta property=\"og:description\" content=\"Smakelijk!, the famous Belgian brasserie, has returned to Monaco to offer a genuine culinary experience that is sure to earn it one of the top spots among\" \/>\n<meta property=\"og:url\" content=\"https:\/\/www.monaco-tribune.com\/en\/2025\/10\/smakelijk-is-back-in-monaco-enjoy-an-unforgettable-slice-of-belgium-by-the-mediterranean\/\" \/>\n<meta property=\"og:site_name\" content=\"Monaco Tribune\" \/>\n<meta property=\"article:publisher\" content=\"https:\/\/www.facebook.com\/MonacoTribune\" \/>\n<meta property=\"article:published_time\" content=\"2025-10-28T09:37:46+00:00\" \/>\n<meta property=\"article:modified_time\" content=\"2025-10-28T09:37:47+00:00\" \/>\n<meta property=\"og:image\" content=\"https:\/\/www.monaco-tribune.com\/wp-content\/uploads\/2025\/10\/smakelijk-meridien-beach-plaza.png\" \/>\n\t<meta property=\"og:image:width\" content=\"968\" \/>\n\t<meta property=\"og:image:height\" content=\"641\" \/>\n\t<meta property=\"og:image:type\" content=\"image\/png\" \/>\n<meta name=\"author\" content=\"Actualit\u00e9 partenaires \/ Partner news\" \/>\n<meta name=\"twitter:card\" content=\"summary_large_image\" \/>\n<meta name=\"twitter:creator\" content=\"@MonacoTribune\" \/>\n<meta name=\"twitter:site\" content=\"@MonacoTribune\" \/>\n<script type=\"application\/ld+json\" class=\"yoast-schema-graph\">{\"@context\":\"https:\\\/\\\/schema.org\",\"@graph\":[{\"@type\":\"NewsArticle\",\"@id\":\"https:\\\/\\\/www.monaco-tribune.com\\\/en\\\/2025\\\/10\\\/smakelijk-is-back-in-monaco-enjoy-an-unforgettable-slice-of-belgium-by-the-mediterranean\\\/#article\",\"isPartOf\":{\"@id\":\"https:\\\/\\\/www.monaco-tribune.com\\\/en\\\/2025\\\/10\\\/smakelijk-is-back-in-monaco-enjoy-an-unforgettable-slice-of-belgium-by-the-mediterranean\\\/\"},\"author\":{\"name\":\"Actualit\u00e9 partenaires \\\/ Partner news\",\"@id\":\"https:\\\/\\\/www.monaco-tribune.com\\\/en\\\/#\\\/schema\\\/person\\\/3ca095676705d1327a735ccbc80495e1\"},\"headline\":\"Smakelijk! is back in Monaco: enjoy an unforgettable slice of Belgium by the Mediterranean\",\"datePublished\":\"2025-10-28T09:37:46+00:00\",\"dateModified\":\"2025-10-28T09:37:47+00:00\",\"mainEntityOfPage\":{\"@id\":\"https:\\\/\\\/www.monaco-tribune.com\\\/en\\\/2025\\\/10\\\/smakelijk-is-back-in-monaco-enjoy-an-unforgettable-slice-of-belgium-by-the-mediterranean\\\/\"},\"wordCount\":836,\"publisher\":{\"@id\":\"https:\\\/\\\/www.monaco-tribune.com\\\/en\\\/#organization\"},\"image\":{\"@id\":\"https:\\\/\\\/www.monaco-tribune.com\\\/en\\\/2025\\\/10\\\/smakelijk-is-back-in-monaco-enjoy-an-unforgettable-slice-of-belgium-by-the-mediterranean\\\/#primaryimage\"},\"thumbnailUrl\":\"https:\\\/\\\/www.monaco-tribune.com\\\/wp-content\\\/uploads\\\/2025\\\/10\\\/smakelijk-meridien-beach-plaza.png\",\"keywords\":[\"Tourism\"],\"articleSection\":[\"Business\",\"Editor&#039;s choice\"],\"inLanguage\":\"en-US\",\"copyrightYear\":\"2025\",\"copyrightHolder\":{\"@id\":\"https:\\\/\\\/www.monaco-tribune.com\\\/#organization\"}},{\"@type\":\"WebPage\",\"@id\":\"https:\\\/\\\/www.monaco-tribune.com\\\/en\\\/2025\\\/10\\\/smakelijk-is-back-in-monaco-enjoy-an-unforgettable-slice-of-belgium-by-the-mediterranean\\\/\",\"url\":\"https:\\\/\\\/www.monaco-tribune.com\\\/en\\\/2025\\\/10\\\/smakelijk-is-back-in-monaco-enjoy-an-unforgettable-slice-of-belgium-by-the-mediterranean\\\/\",\"name\":\"Smakelijk! is back in Monaco: enjoy an unforgettable slice of Belgium by the Mediterranean\",\"isPartOf\":{\"@id\":\"https:\\\/\\\/www.monaco-tribune.com\\\/en\\\/#website\"},\"primaryImageOfPage\":{\"@id\":\"https:\\\/\\\/www.monaco-tribune.com\\\/en\\\/2025\\\/10\\\/smakelijk-is-back-in-monaco-enjoy-an-unforgettable-slice-of-belgium-by-the-mediterranean\\\/#primaryimage\"},\"image\":{\"@id\":\"https:\\\/\\\/www.monaco-tribune.com\\\/en\\\/2025\\\/10\\\/smakelijk-is-back-in-monaco-enjoy-an-unforgettable-slice-of-belgium-by-the-mediterranean\\\/#primaryimage\"},\"thumbnailUrl\":\"https:\\\/\\\/www.monaco-tribune.com\\\/wp-content\\\/uploads\\\/2025\\\/10\\\/smakelijk-meridien-beach-plaza.png\",\"datePublished\":\"2025-10-28T09:37:46+00:00\",\"dateModified\":\"2025-10-28T09:37:47+00:00\",\"description\":\"Smakelijk!, the famous Belgian brasserie, has returned to Monaco to offer a genuine culinary experience that is sure to earn it one of the top spots among\",\"breadcrumb\":{\"@id\":\"https:\\\/\\\/www.monaco-tribune.com\\\/en\\\/2025\\\/10\\\/smakelijk-is-back-in-monaco-enjoy-an-unforgettable-slice-of-belgium-by-the-mediterranean\\\/#breadcrumb\"},\"inLanguage\":\"en-US\",\"potentialAction\":[{\"@type\":\"ReadAction\",\"target\":[\"https:\\\/\\\/www.monaco-tribune.com\\\/en\\\/2025\\\/10\\\/smakelijk-is-back-in-monaco-enjoy-an-unforgettable-slice-of-belgium-by-the-mediterranean\\\/\"]}]},{\"@type\":\"ImageObject\",\"inLanguage\":\"en-US\",\"@id\":\"https:\\\/\\\/www.monaco-tribune.com\\\/en\\\/2025\\\/10\\\/smakelijk-is-back-in-monaco-enjoy-an-unforgettable-slice-of-belgium-by-the-mediterranean\\\/#primaryimage\",\"url\":\"https:\\\/\\\/www.monaco-tribune.com\\\/wp-content\\\/uploads\\\/2025\\\/10\\\/smakelijk-meridien-beach-plaza.png\",\"contentUrl\":\"https:\\\/\\\/www.monaco-tribune.com\\\/wp-content\\\/uploads\\\/2025\\\/10\\\/smakelijk-meridien-beach-plaza.png\",\"width\":968,\"height\":641,\"caption\":\"Featuring Studio Adjam\u00e9's daring interior decorating, Smakelijk! is a lively brasserie overlooking the sea that brings together beautiful tiling and a touch Art Nouveau in a vintage setting. \u00a9 Le M\u00e9ridien Beach Plaza\"},{\"@type\":\"BreadcrumbList\",\"@id\":\"https:\\\/\\\/www.monaco-tribune.com\\\/en\\\/2025\\\/10\\\/smakelijk-is-back-in-monaco-enjoy-an-unforgettable-slice-of-belgium-by-the-mediterranean\\\/#breadcrumb\",\"itemListElement\":[{\"@type\":\"ListItem\",\"position\":1,\"name\":\"Accueil\",\"item\":\"https:\\\/\\\/www.monaco-tribune.com\\\/en\\\/\"},{\"@type\":\"ListItem\",\"position\":2,\"name\":\"Smakelijk! is back in Monaco: enjoy an unforgettable slice of Belgium by the Mediterranean\"}]},{\"@type\":\"WebSite\",\"@id\":\"https:\\\/\\\/www.monaco-tribune.com\\\/en\\\/#website\",\"url\":\"https:\\\/\\\/www.monaco-tribune.com\\\/en\\\/\",\"name\":\"Monaco Tribune\",\"description\":\"Monaco : actualit\u00e9s \u00e9conomiques, politiques, culturelles et sportives de Monaco et de la French Riviera.\",\"publisher\":{\"@id\":\"https:\\\/\\\/www.monaco-tribune.com\\\/en\\\/#organization\"},\"potentialAction\":[{\"@type\":\"SearchAction\",\"target\":{\"@type\":\"EntryPoint\",\"urlTemplate\":\"https:\\\/\\\/www.monaco-tribune.com\\\/en\\\/?s={search_term_string}\"},\"query-input\":{\"@type\":\"PropertyValueSpecification\",\"valueRequired\":true,\"valueName\":\"search_term_string\"}}],\"inLanguage\":\"en-US\"},{\"@type\":\"Organization\",\"@id\":\"https:\\\/\\\/www.monaco-tribune.com\\\/en\\\/#organization\",\"name\":\"Monaco Tribune\",\"url\":\"https:\\\/\\\/www.monaco-tribune.com\\\/en\\\/\",\"logo\":{\"@type\":\"ImageObject\",\"inLanguage\":\"en-US\",\"@id\":\"https:\\\/\\\/www.monaco-tribune.com\\\/en\\\/#\\\/schema\\\/logo\\\/image\\\/\",\"url\":\"https:\\\/\\\/www.monaco-tribune.com\\\/wp-content\\\/uploads\\\/2022\\\/11\\\/logo-monaco-tribune.png\",\"contentUrl\":\"https:\\\/\\\/www.monaco-tribune.com\\\/wp-content\\\/uploads\\\/2022\\\/11\\\/logo-monaco-tribune.png\",\"width\":1548,\"height\":600,\"caption\":\"Monaco Tribune\"},\"image\":{\"@id\":\"https:\\\/\\\/www.monaco-tribune.com\\\/en\\\/#\\\/schema\\\/logo\\\/image\\\/\"},\"sameAs\":[\"https:\\\/\\\/www.facebook.com\\\/MonacoTribune\",\"https:\\\/\\\/x.com\\\/MonacoTribune\",\"https:\\\/\\\/www.instagram.com\\\/monacotribune\\\/\",\"https:\\\/\\\/www.linkedin.com\\\/company\\\/monaco-tribune\",\"https:\\\/\\\/www.youtube.com\\\/channel\\\/UCHle1MnG6hw1y4lWKijVbMA\"]},{\"@type\":\"Person\",\"@id\":\"https:\\\/\\\/www.monaco-tribune.com\\\/en\\\/#\\\/schema\\\/person\\\/3ca095676705d1327a735ccbc80495e1\",\"name\":\"Actualit\u00e9 partenaires \\\/ Partner news\",\"image\":{\"@type\":\"ImageObject\",\"inLanguage\":\"en-US\",\"@id\":\"https:\\\/\\\/secure.gravatar.com\\\/avatar\\\/7a521d12829ff9828efa85c30429e0dec2373e385ef93099a42b964bceb29f66?s=96&d=mm&r=g\",\"url\":\"https:\\\/\\\/secure.gravatar.com\\\/avatar\\\/7a521d12829ff9828efa85c30429e0dec2373e385ef93099a42b964bceb29f66?s=96&d=mm&r=g\",\"contentUrl\":\"https:\\\/\\\/secure.gravatar.com\\\/avatar\\\/7a521d12829ff9828efa85c30429e0dec2373e385ef93099a42b964bceb29f66?s=96&d=mm&r=g\",\"caption\":\"Actualit\u00e9 partenaires \\\/ Partner news\"},\"url\":\"https:\\\/\\\/www.monaco-tribune.com\\\/en\\\/author\\\/contenusponsorise\\\/\"}]}<\/script>\n<!-- \/ Yoast SEO Premium plugin. -->","yoast_head_json":{"title":"Smakelijk! is back in Monaco: enjoy an unforgettable slice of Belgium by the Mediterranean","description":"Smakelijk!, the famous Belgian brasserie, has returned to Monaco to offer a genuine culinary experience that is sure to earn it one of the top spots among","robots":{"index":"index","follow":"follow","max-snippet":"max-snippet:-1","max-image-preview":"max-image-preview:large","max-video-preview":"max-video-preview:-1"},"canonical":"https:\/\/www.monaco-tribune.com\/en\/2025\/10\/smakelijk-is-back-in-monaco-enjoy-an-unforgettable-slice-of-belgium-by-the-mediterranean\/","og_locale":"en_US","og_type":"article","og_title":"Smakelijk! is back in Monaco: enjoy an unforgettable slice of Belgium by the Mediterranean - Monaco Tribune","og_description":"Smakelijk!, the famous Belgian brasserie, has returned to Monaco to offer a genuine culinary experience that is sure to earn it one of the top spots among","og_url":"https:\/\/www.monaco-tribune.com\/en\/2025\/10\/smakelijk-is-back-in-monaco-enjoy-an-unforgettable-slice-of-belgium-by-the-mediterranean\/","og_site_name":"Monaco Tribune","article_publisher":"https:\/\/www.facebook.com\/MonacoTribune","article_published_time":"2025-10-28T09:37:46+00:00","article_modified_time":"2025-10-28T09:37:47+00:00","og_image":[{"width":968,"height":641,"url":"https:\/\/www.monaco-tribune.com\/wp-content\/uploads\/2025\/10\/smakelijk-meridien-beach-plaza.png","type":"image\/png"}],"author":"Actualit\u00e9 partenaires \/ Partner news","twitter_card":"summary_large_image","twitter_creator":"@MonacoTribune","twitter_site":"@MonacoTribune","schema":{"@context":"https:\/\/schema.org","@graph":[{"@type":"NewsArticle","@id":"https:\/\/www.monaco-tribune.com\/en\/2025\/10\/smakelijk-is-back-in-monaco-enjoy-an-unforgettable-slice-of-belgium-by-the-mediterranean\/#article","isPartOf":{"@id":"https:\/\/www.monaco-tribune.com\/en\/2025\/10\/smakelijk-is-back-in-monaco-enjoy-an-unforgettable-slice-of-belgium-by-the-mediterranean\/"},"author":{"name":"Actualit\u00e9 partenaires \/ Partner news","@id":"https:\/\/www.monaco-tribune.com\/en\/#\/schema\/person\/3ca095676705d1327a735ccbc80495e1"},"headline":"Smakelijk! is back in Monaco: enjoy an unforgettable slice of Belgium by the Mediterranean","datePublished":"2025-10-28T09:37:46+00:00","dateModified":"2025-10-28T09:37:47+00:00","mainEntityOfPage":{"@id":"https:\/\/www.monaco-tribune.com\/en\/2025\/10\/smakelijk-is-back-in-monaco-enjoy-an-unforgettable-slice-of-belgium-by-the-mediterranean\/"},"wordCount":836,"publisher":{"@id":"https:\/\/www.monaco-tribune.com\/en\/#organization"},"image":{"@id":"https:\/\/www.monaco-tribune.com\/en\/2025\/10\/smakelijk-is-back-in-monaco-enjoy-an-unforgettable-slice-of-belgium-by-the-mediterranean\/#primaryimage"},"thumbnailUrl":"https:\/\/www.monaco-tribune.com\/wp-content\/uploads\/2025\/10\/smakelijk-meridien-beach-plaza.png","keywords":["Tourism"],"articleSection":["Business","Editor&#039;s choice"],"inLanguage":"en-US","copyrightYear":"2025","copyrightHolder":{"@id":"https:\/\/www.monaco-tribune.com\/#organization"}},{"@type":"WebPage","@id":"https:\/\/www.monaco-tribune.com\/en\/2025\/10\/smakelijk-is-back-in-monaco-enjoy-an-unforgettable-slice-of-belgium-by-the-mediterranean\/","url":"https:\/\/www.monaco-tribune.com\/en\/2025\/10\/smakelijk-is-back-in-monaco-enjoy-an-unforgettable-slice-of-belgium-by-the-mediterranean\/","name":"Smakelijk! is back in Monaco: enjoy an unforgettable slice of Belgium by the Mediterranean","isPartOf":{"@id":"https:\/\/www.monaco-tribune.com\/en\/#website"},"primaryImageOfPage":{"@id":"https:\/\/www.monaco-tribune.com\/en\/2025\/10\/smakelijk-is-back-in-monaco-enjoy-an-unforgettable-slice-of-belgium-by-the-mediterranean\/#primaryimage"},"image":{"@id":"https:\/\/www.monaco-tribune.com\/en\/2025\/10\/smakelijk-is-back-in-monaco-enjoy-an-unforgettable-slice-of-belgium-by-the-mediterranean\/#primaryimage"},"thumbnailUrl":"https:\/\/www.monaco-tribune.com\/wp-content\/uploads\/2025\/10\/smakelijk-meridien-beach-plaza.png","datePublished":"2025-10-28T09:37:46+00:00","dateModified":"2025-10-28T09:37:47+00:00","description":"Smakelijk!, the famous Belgian brasserie, has returned to Monaco to offer a genuine culinary experience that is sure to earn it one of the top spots among","breadcrumb":{"@id":"https:\/\/www.monaco-tribune.com\/en\/2025\/10\/smakelijk-is-back-in-monaco-enjoy-an-unforgettable-slice-of-belgium-by-the-mediterranean\/#breadcrumb"},"inLanguage":"en-US","potentialAction":[{"@type":"ReadAction","target":["https:\/\/www.monaco-tribune.com\/en\/2025\/10\/smakelijk-is-back-in-monaco-enjoy-an-unforgettable-slice-of-belgium-by-the-mediterranean\/"]}]},{"@type":"ImageObject","inLanguage":"en-US","@id":"https:\/\/www.monaco-tribune.com\/en\/2025\/10\/smakelijk-is-back-in-monaco-enjoy-an-unforgettable-slice-of-belgium-by-the-mediterranean\/#primaryimage","url":"https:\/\/www.monaco-tribune.com\/wp-content\/uploads\/2025\/10\/smakelijk-meridien-beach-plaza.png","contentUrl":"https:\/\/www.monaco-tribune.com\/wp-content\/uploads\/2025\/10\/smakelijk-meridien-beach-plaza.png","width":968,"height":641,"caption":"Featuring Studio Adjam\u00e9's daring interior decorating, Smakelijk! is a lively brasserie overlooking the sea that brings together beautiful tiling and a touch Art Nouveau in a vintage setting. \u00a9 Le M\u00e9ridien Beach Plaza"},{"@type":"BreadcrumbList","@id":"https:\/\/www.monaco-tribune.com\/en\/2025\/10\/smakelijk-is-back-in-monaco-enjoy-an-unforgettable-slice-of-belgium-by-the-mediterranean\/#breadcrumb","itemListElement":[{"@type":"ListItem","position":1,"name":"Accueil","item":"https:\/\/www.monaco-tribune.com\/en\/"},{"@type":"ListItem","position":2,"name":"Smakelijk! is back in Monaco: enjoy an unforgettable slice of Belgium by the Mediterranean"}]},{"@type":"WebSite","@id":"https:\/\/www.monaco-tribune.com\/en\/#website","url":"https:\/\/www.monaco-tribune.com\/en\/","name":"Monaco Tribune","description":"Monaco : actualit\u00e9s \u00e9conomiques, politiques, culturelles et sportives de Monaco et de la French Riviera.","publisher":{"@id":"https:\/\/www.monaco-tribune.com\/en\/#organization"},"potentialAction":[{"@type":"SearchAction","target":{"@type":"EntryPoint","urlTemplate":"https:\/\/www.monaco-tribune.com\/en\/?s={search_term_string}"},"query-input":{"@type":"PropertyValueSpecification","valueRequired":true,"valueName":"search_term_string"}}],"inLanguage":"en-US"},{"@type":"Organization","@id":"https:\/\/www.monaco-tribune.com\/en\/#organization","name":"Monaco Tribune","url":"https:\/\/www.monaco-tribune.com\/en\/","logo":{"@type":"ImageObject","inLanguage":"en-US","@id":"https:\/\/www.monaco-tribune.com\/en\/#\/schema\/logo\/image\/","url":"https:\/\/www.monaco-tribune.com\/wp-content\/uploads\/2022\/11\/logo-monaco-tribune.png","contentUrl":"https:\/\/www.monaco-tribune.com\/wp-content\/uploads\/2022\/11\/logo-monaco-tribune.png","width":1548,"height":600,"caption":"Monaco Tribune"},"image":{"@id":"https:\/\/www.monaco-tribune.com\/en\/#\/schema\/logo\/image\/"},"sameAs":["https:\/\/www.facebook.com\/MonacoTribune","https:\/\/x.com\/MonacoTribune","https:\/\/www.instagram.com\/monacotribune\/","https:\/\/www.linkedin.com\/company\/monaco-tribune","https:\/\/www.youtube.com\/channel\/UCHle1MnG6hw1y4lWKijVbMA"]},{"@type":"Person","@id":"https:\/\/www.monaco-tribune.com\/en\/#\/schema\/person\/3ca095676705d1327a735ccbc80495e1","name":"Actualit\u00e9 partenaires \/ Partner news","image":{"@type":"ImageObject","inLanguage":"en-US","@id":"https:\/\/secure.gravatar.com\/avatar\/7a521d12829ff9828efa85c30429e0dec2373e385ef93099a42b964bceb29f66?s=96&d=mm&r=g","url":"https:\/\/secure.gravatar.com\/avatar\/7a521d12829ff9828efa85c30429e0dec2373e385ef93099a42b964bceb29f66?s=96&d=mm&r=g","contentUrl":"https:\/\/secure.gravatar.com\/avatar\/7a521d12829ff9828efa85c30429e0dec2373e385ef93099a42b964bceb29f66?s=96&d=mm&r=g","caption":"Actualit\u00e9 partenaires \/ Partner news"},"url":"https:\/\/www.monaco-tribune.com\/en\/author\/contenusponsorise\/"}]}},"_links":{"self":[{"href":"https:\/\/www.monaco-tribune.com\/en\/wp-json\/wp\/v2\/posts\/321607","targetHints":{"allow":["GET"]}}],"collection":[{"href":"https:\/\/www.monaco-tribune.com\/en\/wp-json\/wp\/v2\/posts"}],"about":[{"href":"https:\/\/www.monaco-tribune.com\/en\/wp-json\/wp\/v2\/types\/post"}],"author":[{"embeddable":true,"href":"https:\/\/www.monaco-tribune.com\/en\/wp-json\/wp\/v2\/users\/51"}],"replies":[{"embeddable":true,"href":"https:\/\/www.monaco-tribune.com\/en\/wp-json\/wp\/v2\/comments?post=321607"}],"version-history":[{"count":1,"href":"https:\/\/www.monaco-tribune.com\/en\/wp-json\/wp\/v2\/posts\/321607\/revisions"}],"predecessor-version":[{"id":321608,"href":"https:\/\/www.monaco-tribune.com\/en\/wp-json\/wp\/v2\/posts\/321607\/revisions\/321608"}],"wp:featuredmedia":[{"embeddable":true,"href":"https:\/\/www.monaco-tribune.com\/en\/wp-json\/wp\/v2\/media\/320843"}],"wp:attachment":[{"href":"https:\/\/www.monaco-tribune.com\/en\/wp-json\/wp\/v2\/media?parent=321607"}],"wp:term":[{"taxonomy":"category","embeddable":true,"href":"https:\/\/www.monaco-tribune.com\/en\/wp-json\/wp\/v2\/categories?post=321607"},{"taxonomy":"post_tag","embeddable":true,"href":"https:\/\/www.monaco-tribune.com\/en\/wp-json\/wp\/v2\/tags?post=321607"},{"taxonomy":"sectag","embeddable":true,"href":"https:\/\/www.monaco-tribune.com\/en\/wp-json\/wp\/v2\/post_sectags?post=321607"},{"taxonomy":"format","embeddable":true,"href":"https:\/\/www.monaco-tribune.com\/en\/wp-json\/wp\/v2\/post_format?post=321607"}],"curies":[{"name":"wp","href":"https:\/\/api.w.org\/{rel}","templated":true}]}}