{"id":328380,"date":"2025-12-02T12:31:11","date_gmt":"2025-12-02T10:31:11","guid":{"rendered":"https:\/\/www.monaco-tribune.com\/2025\/12\/air-france-flights-from-nice-to-paris-orly-to-end-in-2026\/"},"modified":"2025-12-02T12:34:03","modified_gmt":"2025-12-02T10:34:03","slug":"air-france-flights-from-nice-to-paris-orly-to-end-in-2026","status":"publish","type":"post","link":"https:\/\/www.monaco-tribune.com\/en\/2025\/12\/air-france-flights-from-nice-to-paris-orly-to-end-in-2026\/","title":{"rendered":"Air France flights from Nice to Paris-Orly to end in 2026"},"content":{"rendered":"\n<p><strong>The French national airline will end its domestic routes from Orly Airport to south-eastern France next spring.<\/strong><\/p>\n\n<p>The countdown has begun for regular users of the Air France connection departing from Orly. At the end of March 2026, the French carrier will permanently end its services to Nice, Marseille and Toulouse from the Paris airport.<\/p>\n\n<h2 class=\"wp-block-heading\" id=\"h-une-erosion-continue-du-trafic\">A steady decline in traffic<\/h2>\n\n<p>The decision, announced in October 2023 in a press release, reflects an undeniable economic reality. Domestic traffic departing from Orly fell by 40% between 2019 and 2023, while same-day return trips dropped by 60%. On the Paris\u2013Nice route, passenger numbers declined by nearly 15% between 2019 and 2024, according to the Directorate General of Civil Aviation (DGAC).<\/p>\n\n<p>The widespread adoption of remote working, the rise of videoconferencing and companies\u2019 environmental policies have profoundly changed the travel habits of business passengers, who were once the core customer base of these routes.<\/p>\n\n<figure class=\"wp-block-embed is-type-wp-embed is-provider-monaco-tribune wp-block-embed-monaco-tribune\"><div class=\"wp-block-embed__wrapper\">\r\n<blockquote class=\"wp-embedded-content\" data-secret=\"MUlQH6rbiG\"><a href=\"https:\/\/www.monaco-tribune.com\/2025\/08\/laeroport-de-nice-desservira-une-nouvelle-destination-americaine-a-partir-de-mai-2026\/\">L&#8217;A\u00e9roport de Nice desservira une nouvelle destination am\u00e9ricaine \u00e0 partir de mai 2026<\/a><\/blockquote><iframe class=\"wp-embedded-content\" sandbox=\"allow-scripts\" security=\"restricted\" style=\"position: absolute; visibility: hidden;\" title=\"&#8220;L&#8217;A\u00e9roport de Nice desservira une nouvelle destination am\u00e9ricaine \u00e0 partir de mai 2026&#8221; &#8212; Monaco Tribune\" src=\"https:\/\/www.monaco-tribune.com\/2025\/08\/laeroport-de-nice-desservira-une-nouvelle-destination-americaine-a-partir-de-mai-2026\/embed\/#?secret=unvTGYl1q8#?secret=MUlQH6rbiG\" data-secret=\"MUlQH6rbiG\" width=\"500\" height=\"282\" frameborder=\"0\" marginwidth=\"0\" marginheight=\"0\" scrolling=\"no\"><\/iframe>\r\n<\/div><\/figure><br>\n\n<h2 class=\"wp-block-heading\" id=\"h-quelles-alternatives\">What are the alternatives?<\/h2>\n\n<p>Air France will now concentrate all its operations at Roissy\u2013Charles de Gaulle Airport (CDG). From early April, frequencies to Nice will increase to 12 daily services, compared with eight at present. However, the greater distance to CDG and its less convenient public transport connections may deter some travellers.<\/p>\n\n<p>For passengers attached to the southern Paris airport, two options will remain: Transavia, the low-cost subsidiary of the Air France\u2013KLM group, which is taking over half of the released slots, and <a href=\"https:\/\/www.monaco-tribune.com\/en\/2025\/11\/easyjet-launches-new-flight-from-nice-to-england-from-may-2026\/\">easyJet<\/a>. Only services to Corsica will continue to be operated by Air France from Orly, in accordance with public service obligations.<\/p>\n","protected":false},"excerpt":{"rendered":"<p>The French national airline will end its domestic routes from Orly Airport to south-eastern France next spring. The countdown has [&hellip;]<\/p>\n","protected":false},"author":21,"featured_media":328386,"comment_status":"closed","ping_status":"closed","sticky":false,"template":"","format":"standard","meta":{"_acf_changed":false,"footnotes":""},"categories":[243,258],"tags":[2583],"post_sectags":[3886],"post_format":[2465],"class_list":["post-328380","post","type-post","status-publish","format-standard","has-post-thumbnail","hentry","category-news","category-public-life","tag-transport-en","sectag-nice-airport","format-in-brief"],"acf":[],"yoast_head":"<!-- This site is optimized with the Yoast SEO Premium plugin v26.8 (Yoast SEO v27.4) - https:\/\/yoast.com\/product\/yoast-seo-premium-wordpress\/ -->\n<title>Air France flights from Nice to Paris-Orly to end in 2026<\/title>\n<meta name=\"description\" content=\"The French national airline will end its domestic routes from Orly Airport to south-eastern France next spring. The countdown has begun for regular users\" \/>\n<meta name=\"robots\" content=\"index, follow, max-snippet:-1, max-image-preview:large, max-video-preview:-1\" \/>\n<link rel=\"canonical\" href=\"https:\/\/www.monaco-tribune.com\/en\/2025\/12\/air-france-flights-from-nice-to-paris-orly-to-end-in-2026\/\" \/>\n<meta property=\"og:locale\" content=\"en_US\" \/>\n<meta property=\"og:type\" content=\"article\" \/>\n<meta property=\"og:title\" content=\"Air France flights from Nice to Paris-Orly to end in 2026 - Monaco Tribune\" \/>\n<meta property=\"og:description\" content=\"The French national airline will end its domestic routes from Orly Airport to south-eastern France next spring. The countdown has begun for regular users\" \/>\n<meta property=\"og:url\" content=\"https:\/\/www.monaco-tribune.com\/en\/2025\/12\/air-france-flights-from-nice-to-paris-orly-to-end-in-2026\/\" \/>\n<meta property=\"og:site_name\" content=\"Monaco Tribune\" \/>\n<meta property=\"article:publisher\" content=\"https:\/\/www.facebook.com\/MonacoTribune\" \/>\n<meta property=\"article:published_time\" content=\"2025-12-02T10:31:11+00:00\" \/>\n<meta property=\"article:modified_time\" content=\"2025-12-02T10:34:03+00:00\" \/>\n<meta property=\"og:image\" content=\"https:\/\/www.monaco-tribune.com\/wp-content\/uploads\/2025\/12\/air-france-plane-scaled-1.jpg\" \/>\n\t<meta property=\"og:image:width\" content=\"1200\" \/>\n\t<meta property=\"og:image:height\" content=\"737\" \/>\n\t<meta property=\"og:image:type\" content=\"image\/jpeg\" \/>\n<meta name=\"author\" content=\"Monaco Tribune\" \/>\n<meta name=\"twitter:card\" content=\"summary_large_image\" \/>\n<meta name=\"twitter:creator\" content=\"@MonacoTribune\" \/>\n<meta name=\"twitter:site\" content=\"@MonacoTribune\" \/>\n<script type=\"application\/ld+json\" class=\"yoast-schema-graph\">{\"@context\":\"https:\\\/\\\/schema.org\",\"@graph\":[{\"@type\":\"NewsArticle\",\"@id\":\"https:\\\/\\\/www.monaco-tribune.com\\\/en\\\/2025\\\/12\\\/air-france-flights-from-nice-to-paris-orly-to-end-in-2026\\\/#article\",\"isPartOf\":{\"@id\":\"https:\\\/\\\/www.monaco-tribune.com\\\/en\\\/2025\\\/12\\\/air-france-flights-from-nice-to-paris-orly-to-end-in-2026\\\/\"},\"author\":{\"name\":\"Monaco Tribune\",\"@id\":\"https:\\\/\\\/www.monaco-tribune.com\\\/en\\\/#\\\/schema\\\/person\\\/8f6ed8c063276e2397589eda5b7a2f2d\"},\"headline\":\"Air France flights from Nice to Paris-Orly to end in 2026\",\"datePublished\":\"2025-12-02T10:31:11+00:00\",\"dateModified\":\"2025-12-02T10:34:03+00:00\",\"mainEntityOfPage\":{\"@id\":\"https:\\\/\\\/www.monaco-tribune.com\\\/en\\\/2025\\\/12\\\/air-france-flights-from-nice-to-paris-orly-to-end-in-2026\\\/\"},\"wordCount\":262,\"publisher\":{\"@id\":\"https:\\\/\\\/www.monaco-tribune.com\\\/en\\\/#organization\"},\"image\":{\"@id\":\"https:\\\/\\\/www.monaco-tribune.com\\\/en\\\/2025\\\/12\\\/air-france-flights-from-nice-to-paris-orly-to-end-in-2026\\\/#primaryimage\"},\"thumbnailUrl\":\"https:\\\/\\\/www.monaco-tribune.com\\\/wp-content\\\/uploads\\\/2025\\\/12\\\/air-france-plane-scaled-1.jpg\",\"keywords\":[\"Transport\"],\"articleSection\":[\"News\",\"Society\"],\"inLanguage\":\"en-US\",\"copyrightYear\":\"2025\",\"copyrightHolder\":{\"@id\":\"https:\\\/\\\/www.monaco-tribune.com\\\/#organization\"}},{\"@type\":\"WebPage\",\"@id\":\"https:\\\/\\\/www.monaco-tribune.com\\\/en\\\/2025\\\/12\\\/air-france-flights-from-nice-to-paris-orly-to-end-in-2026\\\/\",\"url\":\"https:\\\/\\\/www.monaco-tribune.com\\\/en\\\/2025\\\/12\\\/air-france-flights-from-nice-to-paris-orly-to-end-in-2026\\\/\",\"name\":\"Air France flights from Nice to Paris-Orly to end in 2026\",\"isPartOf\":{\"@id\":\"https:\\\/\\\/www.monaco-tribune.com\\\/en\\\/#website\"},\"primaryImageOfPage\":{\"@id\":\"https:\\\/\\\/www.monaco-tribune.com\\\/en\\\/2025\\\/12\\\/air-france-flights-from-nice-to-paris-orly-to-end-in-2026\\\/#primaryimage\"},\"image\":{\"@id\":\"https:\\\/\\\/www.monaco-tribune.com\\\/en\\\/2025\\\/12\\\/air-france-flights-from-nice-to-paris-orly-to-end-in-2026\\\/#primaryimage\"},\"thumbnailUrl\":\"https:\\\/\\\/www.monaco-tribune.com\\\/wp-content\\\/uploads\\\/2025\\\/12\\\/air-france-plane-scaled-1.jpg\",\"datePublished\":\"2025-12-02T10:31:11+00:00\",\"dateModified\":\"2025-12-02T10:34:03+00:00\",\"description\":\"The French national airline will end its domestic routes from Orly Airport to south-eastern France next spring. The countdown has begun for regular users\",\"breadcrumb\":{\"@id\":\"https:\\\/\\\/www.monaco-tribune.com\\\/en\\\/2025\\\/12\\\/air-france-flights-from-nice-to-paris-orly-to-end-in-2026\\\/#breadcrumb\"},\"inLanguage\":\"en-US\",\"potentialAction\":[{\"@type\":\"ReadAction\",\"target\":[\"https:\\\/\\\/www.monaco-tribune.com\\\/en\\\/2025\\\/12\\\/air-france-flights-from-nice-to-paris-orly-to-end-in-2026\\\/\"]}]},{\"@type\":\"ImageObject\",\"inLanguage\":\"en-US\",\"@id\":\"https:\\\/\\\/www.monaco-tribune.com\\\/en\\\/2025\\\/12\\\/air-france-flights-from-nice-to-paris-orly-to-end-in-2026\\\/#primaryimage\",\"url\":\"https:\\\/\\\/www.monaco-tribune.com\\\/wp-content\\\/uploads\\\/2025\\\/12\\\/air-france-plane-scaled-1.jpg\",\"contentUrl\":\"https:\\\/\\\/www.monaco-tribune.com\\\/wp-content\\\/uploads\\\/2025\\\/12\\\/air-france-plane-scaled-1.jpg\",\"width\":1200,\"height\":737,\"caption\":\"Air France \u00a9 Unsplash\"},{\"@type\":\"BreadcrumbList\",\"@id\":\"https:\\\/\\\/www.monaco-tribune.com\\\/en\\\/2025\\\/12\\\/air-france-flights-from-nice-to-paris-orly-to-end-in-2026\\\/#breadcrumb\",\"itemListElement\":[{\"@type\":\"ListItem\",\"position\":1,\"name\":\"Accueil\",\"item\":\"https:\\\/\\\/www.monaco-tribune.com\\\/en\\\/\"},{\"@type\":\"ListItem\",\"position\":2,\"name\":\"Air France flights from Nice to Paris-Orly to end in 2026\"}]},{\"@type\":\"WebSite\",\"@id\":\"https:\\\/\\\/www.monaco-tribune.com\\\/en\\\/#website\",\"url\":\"https:\\\/\\\/www.monaco-tribune.com\\\/en\\\/\",\"name\":\"Monaco Tribune\",\"description\":\"Monaco : actualit\u00e9s \u00e9conomiques, politiques, culturelles et sportives de Monaco et de la French Riviera.\",\"publisher\":{\"@id\":\"https:\\\/\\\/www.monaco-tribune.com\\\/en\\\/#organization\"},\"potentialAction\":[{\"@type\":\"SearchAction\",\"target\":{\"@type\":\"EntryPoint\",\"urlTemplate\":\"https:\\\/\\\/www.monaco-tribune.com\\\/en\\\/?s={search_term_string}\"},\"query-input\":{\"@type\":\"PropertyValueSpecification\",\"valueRequired\":true,\"valueName\":\"search_term_string\"}}],\"inLanguage\":\"en-US\"},{\"@type\":\"Organization\",\"@id\":\"https:\\\/\\\/www.monaco-tribune.com\\\/en\\\/#organization\",\"name\":\"Monaco Tribune\",\"url\":\"https:\\\/\\\/www.monaco-tribune.com\\\/en\\\/\",\"logo\":{\"@type\":\"ImageObject\",\"inLanguage\":\"en-US\",\"@id\":\"https:\\\/\\\/www.monaco-tribune.com\\\/en\\\/#\\\/schema\\\/logo\\\/image\\\/\",\"url\":\"https:\\\/\\\/www.monaco-tribune.com\\\/wp-content\\\/uploads\\\/2022\\\/11\\\/logo-monaco-tribune.png\",\"contentUrl\":\"https:\\\/\\\/www.monaco-tribune.com\\\/wp-content\\\/uploads\\\/2022\\\/11\\\/logo-monaco-tribune.png\",\"width\":1548,\"height\":600,\"caption\":\"Monaco Tribune\"},\"image\":{\"@id\":\"https:\\\/\\\/www.monaco-tribune.com\\\/en\\\/#\\\/schema\\\/logo\\\/image\\\/\"},\"sameAs\":[\"https:\\\/\\\/www.facebook.com\\\/MonacoTribune\",\"https:\\\/\\\/x.com\\\/MonacoTribune\",\"https:\\\/\\\/www.instagram.com\\\/monacotribune\\\/\",\"https:\\\/\\\/www.linkedin.com\\\/company\\\/monaco-tribune\",\"https:\\\/\\\/www.youtube.com\\\/channel\\\/UCHle1MnG6hw1y4lWKijVbMA\"]},{\"@type\":\"Person\",\"@id\":\"https:\\\/\\\/www.monaco-tribune.com\\\/en\\\/#\\\/schema\\\/person\\\/8f6ed8c063276e2397589eda5b7a2f2d\",\"name\":\"Monaco Tribune\",\"image\":{\"@type\":\"ImageObject\",\"inLanguage\":\"en-US\",\"@id\":\"https:\\\/\\\/secure.gravatar.com\\\/avatar\\\/3010e6c5d6c8056ec1c25228fe68ea089879e5ae0de884e0247744ee988aaf6a?s=96&d=mm&r=g\",\"url\":\"https:\\\/\\\/secure.gravatar.com\\\/avatar\\\/3010e6c5d6c8056ec1c25228fe68ea089879e5ae0de884e0247744ee988aaf6a?s=96&d=mm&r=g\",\"contentUrl\":\"https:\\\/\\\/secure.gravatar.com\\\/avatar\\\/3010e6c5d6c8056ec1c25228fe68ea089879e5ae0de884e0247744ee988aaf6a?s=96&d=mm&r=g\",\"caption\":\"Monaco Tribune\"},\"url\":\"https:\\\/\\\/www.monaco-tribune.com\\\/en\\\/author\\\/monaco-tribune\\\/\"}]}<\/script>\n<!-- \/ Yoast SEO Premium plugin. -->","yoast_head_json":{"title":"Air France flights from Nice to Paris-Orly to end in 2026","description":"The French national airline will end its domestic routes from Orly Airport to south-eastern France next spring. The countdown has begun for regular users","robots":{"index":"index","follow":"follow","max-snippet":"max-snippet:-1","max-image-preview":"max-image-preview:large","max-video-preview":"max-video-preview:-1"},"canonical":"https:\/\/www.monaco-tribune.com\/en\/2025\/12\/air-france-flights-from-nice-to-paris-orly-to-end-in-2026\/","og_locale":"en_US","og_type":"article","og_title":"Air France flights from Nice to Paris-Orly to end in 2026 - Monaco Tribune","og_description":"The French national airline will end its domestic routes from Orly Airport to south-eastern France next spring. The countdown has begun for regular users","og_url":"https:\/\/www.monaco-tribune.com\/en\/2025\/12\/air-france-flights-from-nice-to-paris-orly-to-end-in-2026\/","og_site_name":"Monaco Tribune","article_publisher":"https:\/\/www.facebook.com\/MonacoTribune","article_published_time":"2025-12-02T10:31:11+00:00","article_modified_time":"2025-12-02T10:34:03+00:00","og_image":[{"width":1200,"height":737,"url":"https:\/\/www.monaco-tribune.com\/wp-content\/uploads\/2025\/12\/air-france-plane-scaled-1.jpg","type":"image\/jpeg"}],"author":"Monaco Tribune","twitter_card":"summary_large_image","twitter_creator":"@MonacoTribune","twitter_site":"@MonacoTribune","schema":{"@context":"https:\/\/schema.org","@graph":[{"@type":"NewsArticle","@id":"https:\/\/www.monaco-tribune.com\/en\/2025\/12\/air-france-flights-from-nice-to-paris-orly-to-end-in-2026\/#article","isPartOf":{"@id":"https:\/\/www.monaco-tribune.com\/en\/2025\/12\/air-france-flights-from-nice-to-paris-orly-to-end-in-2026\/"},"author":{"name":"Monaco Tribune","@id":"https:\/\/www.monaco-tribune.com\/en\/#\/schema\/person\/8f6ed8c063276e2397589eda5b7a2f2d"},"headline":"Air France flights from Nice to Paris-Orly to end in 2026","datePublished":"2025-12-02T10:31:11+00:00","dateModified":"2025-12-02T10:34:03+00:00","mainEntityOfPage":{"@id":"https:\/\/www.monaco-tribune.com\/en\/2025\/12\/air-france-flights-from-nice-to-paris-orly-to-end-in-2026\/"},"wordCount":262,"publisher":{"@id":"https:\/\/www.monaco-tribune.com\/en\/#organization"},"image":{"@id":"https:\/\/www.monaco-tribune.com\/en\/2025\/12\/air-france-flights-from-nice-to-paris-orly-to-end-in-2026\/#primaryimage"},"thumbnailUrl":"https:\/\/www.monaco-tribune.com\/wp-content\/uploads\/2025\/12\/air-france-plane-scaled-1.jpg","keywords":["Transport"],"articleSection":["News","Society"],"inLanguage":"en-US","copyrightYear":"2025","copyrightHolder":{"@id":"https:\/\/www.monaco-tribune.com\/#organization"}},{"@type":"WebPage","@id":"https:\/\/www.monaco-tribune.com\/en\/2025\/12\/air-france-flights-from-nice-to-paris-orly-to-end-in-2026\/","url":"https:\/\/www.monaco-tribune.com\/en\/2025\/12\/air-france-flights-from-nice-to-paris-orly-to-end-in-2026\/","name":"Air France flights from Nice to Paris-Orly to end in 2026","isPartOf":{"@id":"https:\/\/www.monaco-tribune.com\/en\/#website"},"primaryImageOfPage":{"@id":"https:\/\/www.monaco-tribune.com\/en\/2025\/12\/air-france-flights-from-nice-to-paris-orly-to-end-in-2026\/#primaryimage"},"image":{"@id":"https:\/\/www.monaco-tribune.com\/en\/2025\/12\/air-france-flights-from-nice-to-paris-orly-to-end-in-2026\/#primaryimage"},"thumbnailUrl":"https:\/\/www.monaco-tribune.com\/wp-content\/uploads\/2025\/12\/air-france-plane-scaled-1.jpg","datePublished":"2025-12-02T10:31:11+00:00","dateModified":"2025-12-02T10:34:03+00:00","description":"The French national airline will end its domestic routes from Orly Airport to south-eastern France next spring. The countdown has begun for regular users","breadcrumb":{"@id":"https:\/\/www.monaco-tribune.com\/en\/2025\/12\/air-france-flights-from-nice-to-paris-orly-to-end-in-2026\/#breadcrumb"},"inLanguage":"en-US","potentialAction":[{"@type":"ReadAction","target":["https:\/\/www.monaco-tribune.com\/en\/2025\/12\/air-france-flights-from-nice-to-paris-orly-to-end-in-2026\/"]}]},{"@type":"ImageObject","inLanguage":"en-US","@id":"https:\/\/www.monaco-tribune.com\/en\/2025\/12\/air-france-flights-from-nice-to-paris-orly-to-end-in-2026\/#primaryimage","url":"https:\/\/www.monaco-tribune.com\/wp-content\/uploads\/2025\/12\/air-france-plane-scaled-1.jpg","contentUrl":"https:\/\/www.monaco-tribune.com\/wp-content\/uploads\/2025\/12\/air-france-plane-scaled-1.jpg","width":1200,"height":737,"caption":"Air France \u00a9 Unsplash"},{"@type":"BreadcrumbList","@id":"https:\/\/www.monaco-tribune.com\/en\/2025\/12\/air-france-flights-from-nice-to-paris-orly-to-end-in-2026\/#breadcrumb","itemListElement":[{"@type":"ListItem","position":1,"name":"Accueil","item":"https:\/\/www.monaco-tribune.com\/en\/"},{"@type":"ListItem","position":2,"name":"Air France flights from Nice to Paris-Orly to end in 2026"}]},{"@type":"WebSite","@id":"https:\/\/www.monaco-tribune.com\/en\/#website","url":"https:\/\/www.monaco-tribune.com\/en\/","name":"Monaco Tribune","description":"Monaco : actualit\u00e9s \u00e9conomiques, politiques, culturelles et sportives de Monaco et de la French Riviera.","publisher":{"@id":"https:\/\/www.monaco-tribune.com\/en\/#organization"},"potentialAction":[{"@type":"SearchAction","target":{"@type":"EntryPoint","urlTemplate":"https:\/\/www.monaco-tribune.com\/en\/?s={search_term_string}"},"query-input":{"@type":"PropertyValueSpecification","valueRequired":true,"valueName":"search_term_string"}}],"inLanguage":"en-US"},{"@type":"Organization","@id":"https:\/\/www.monaco-tribune.com\/en\/#organization","name":"Monaco Tribune","url":"https:\/\/www.monaco-tribune.com\/en\/","logo":{"@type":"ImageObject","inLanguage":"en-US","@id":"https:\/\/www.monaco-tribune.com\/en\/#\/schema\/logo\/image\/","url":"https:\/\/www.monaco-tribune.com\/wp-content\/uploads\/2022\/11\/logo-monaco-tribune.png","contentUrl":"https:\/\/www.monaco-tribune.com\/wp-content\/uploads\/2022\/11\/logo-monaco-tribune.png","width":1548,"height":600,"caption":"Monaco Tribune"},"image":{"@id":"https:\/\/www.monaco-tribune.com\/en\/#\/schema\/logo\/image\/"},"sameAs":["https:\/\/www.facebook.com\/MonacoTribune","https:\/\/x.com\/MonacoTribune","https:\/\/www.instagram.com\/monacotribune\/","https:\/\/www.linkedin.com\/company\/monaco-tribune","https:\/\/www.youtube.com\/channel\/UCHle1MnG6hw1y4lWKijVbMA"]},{"@type":"Person","@id":"https:\/\/www.monaco-tribune.com\/en\/#\/schema\/person\/8f6ed8c063276e2397589eda5b7a2f2d","name":"Monaco Tribune","image":{"@type":"ImageObject","inLanguage":"en-US","@id":"https:\/\/secure.gravatar.com\/avatar\/3010e6c5d6c8056ec1c25228fe68ea089879e5ae0de884e0247744ee988aaf6a?s=96&d=mm&r=g","url":"https:\/\/secure.gravatar.com\/avatar\/3010e6c5d6c8056ec1c25228fe68ea089879e5ae0de884e0247744ee988aaf6a?s=96&d=mm&r=g","contentUrl":"https:\/\/secure.gravatar.com\/avatar\/3010e6c5d6c8056ec1c25228fe68ea089879e5ae0de884e0247744ee988aaf6a?s=96&d=mm&r=g","caption":"Monaco Tribune"},"url":"https:\/\/www.monaco-tribune.com\/en\/author\/monaco-tribune\/"}]}},"_links":{"self":[{"href":"https:\/\/www.monaco-tribune.com\/en\/wp-json\/wp\/v2\/posts\/328380","targetHints":{"allow":["GET"]}}],"collection":[{"href":"https:\/\/www.monaco-tribune.com\/en\/wp-json\/wp\/v2\/posts"}],"about":[{"href":"https:\/\/www.monaco-tribune.com\/en\/wp-json\/wp\/v2\/types\/post"}],"author":[{"embeddable":true,"href":"https:\/\/www.monaco-tribune.com\/en\/wp-json\/wp\/v2\/users\/21"}],"replies":[{"embeddable":true,"href":"https:\/\/www.monaco-tribune.com\/en\/wp-json\/wp\/v2\/comments?post=328380"}],"version-history":[{"count":3,"href":"https:\/\/www.monaco-tribune.com\/en\/wp-json\/wp\/v2\/posts\/328380\/revisions"}],"predecessor-version":[{"id":328383,"href":"https:\/\/www.monaco-tribune.com\/en\/wp-json\/wp\/v2\/posts\/328380\/revisions\/328383"}],"wp:featuredmedia":[{"embeddable":true,"href":"https:\/\/www.monaco-tribune.com\/en\/wp-json\/wp\/v2\/media\/328386"}],"wp:attachment":[{"href":"https:\/\/www.monaco-tribune.com\/en\/wp-json\/wp\/v2\/media?parent=328380"}],"wp:term":[{"taxonomy":"category","embeddable":true,"href":"https:\/\/www.monaco-tribune.com\/en\/wp-json\/wp\/v2\/categories?post=328380"},{"taxonomy":"post_tag","embeddable":true,"href":"https:\/\/www.monaco-tribune.com\/en\/wp-json\/wp\/v2\/tags?post=328380"},{"taxonomy":"sectag","embeddable":true,"href":"https:\/\/www.monaco-tribune.com\/en\/wp-json\/wp\/v2\/post_sectags?post=328380"},{"taxonomy":"format","embeddable":true,"href":"https:\/\/www.monaco-tribune.com\/en\/wp-json\/wp\/v2\/post_format?post=328380"}],"curies":[{"name":"wp","href":"https:\/\/api.w.org\/{rel}","templated":true}]}}