{"id":328588,"date":"2025-12-03T12:12:18","date_gmt":"2025-12-03T10:12:18","guid":{"rendered":"https:\/\/www.monaco-tribune.com\/2025\/12\/princess-caroline-charlotte-casiraghi-alexandra-of-hanover-three-generations-embodying-the-spirit-of-chanel\/"},"modified":"2025-12-03T12:12:19","modified_gmt":"2025-12-03T10:12:19","slug":"princess-caroline-charlotte-casiraghi-alexandra-of-hanover-three-generations-embodying-the-spirit-of-chanel","status":"publish","type":"post","link":"https:\/\/www.monaco-tribune.com\/en\/2025\/12\/princess-caroline-charlotte-casiraghi-alexandra-of-hanover-three-generations-embodying-the-spirit-of-chanel\/","title":{"rendered":"Princess Caroline, Charlotte Casiraghi, Alexandra of Hanover: three generations embodying the spirit of Chanel"},"content":{"rendered":"\n<p><strong>For four decades, three generations of Grimaldis have represented the elegance of the French fashion house. It&#8217;s a longstanding loyalty that spans Paris fashion shows and events organised in Monaco.<\/strong><\/p>\n\n<p>In May 2022, Chanel made Monaco the setting for a major event. The brand held its 2023 Cruise show at the Monte-Carlo Beach on 5 May, bringing together Princess Caroline, Charlotte Casiraghi, Carole Bouquet, Vanessa Paradis, Kristen Stewart and Sofia Coppola. Virginie Viard, Chanel\u2019s artistic director, said at the time that the Principality was <em data-start=\"1056\" data-end=\"1089\">\u201cintegral to Chanel\u2019s history.\u201d<\/em><\/p>\n\n<p>Gabrielle Chanel had her villa La Pausa built in 1929 in Roquebrune-Cap-Martin, just a few kilometres from Monaco. The 2023 Cruise collection drew direct inspiration from the Principality: red and white colours, chequered motifs evoking the Monaco Grand Prix, and tennis-racket-shaped bags recalling the Monte-Carlo Country Club.<\/p>\n\n<h2 class=\"wp-block-heading\" id=\"h-la-princesse-caroline-fidele-de-la-maison\"><strong data-start=\"1422\" data-end=\"1464\">Princess Caroline, loyal to the <em>maison<\/em><\/strong><br data-start=\"1464\" data-end=\"1467\"\/><\/h2>\n<div class=\"wp-block-image\">\n<figure class=\"aligncenter size-large\"><img loading=\"lazy\" decoding=\"async\" width=\"1024\" height=\"683\" src=\"https:\/\/www.monaco-tribune.com\/wp-content\/uploads\/2025\/03\/princesse-caroline-2-1024x683.jpg\" alt=\"princesse caroline\" class=\"wp-image-281693\" srcset=\"https:\/\/www.monaco-tribune.com\/wp-content\/uploads\/2025\/03\/princesse-caroline-2-1024x683.jpg 1024w, https:\/\/www.monaco-tribune.com\/wp-content\/uploads\/2025\/03\/princesse-caroline-2-450x300.jpg 450w, https:\/\/www.monaco-tribune.com\/wp-content\/uploads\/2025\/03\/princesse-caroline-2.jpg 1200w\" sizes=\"auto, (max-width: 1024px) 100vw, 1024px\" \/><figcaption class=\"wp-element-caption\"><em>\u00a9 Axel Bastello \u2013 Prince\u2019s Palace<\/em><\/figcaption><\/figure>\n<\/div>\n<p>When Chanel appointed a new artistic director in 1983, Princess Caroline gradually moved away from Dior and embraced the creations of the French fashion house. She became a regular client and a true icon for Chanel, wearing the collections during her official appearances. Each year, Chanel designed the scenography of the Bal de la Rose (Rose Ball) in Monaco, the Principality\u2019s flagship social event organised by the Princess Grace Foundation, chaired by Princess Caroline. She invariably appeared there in Chanel creations coordinated with the theme of the evening.<\/p>\n\n<p>In July 2012, Princess Caroline took part in the inauguration of the Chanel Joaillerie boutique in Monaco, marking the maison\u2019s establishment in the Principality. She has also been photographed for Chanel on several occasions, creating a collection of portraits kept privately and exhibited only once, in 2011, at The New National Museum of Monaco (NMNM).<\/p>\n<div class=\"wp-block-image\">\n<figure class=\"aligncenter size-large\"><img loading=\"lazy\" decoding=\"async\" width=\"1024\" height=\"896\" src=\"https:\/\/www.monaco-tribune.com\/wp-content\/uploads\/2025\/10\/signature-csmchanel_copyright-csmc-gallo-1-grande-1024x896.jpeg\" alt=\"Princess Caroline is chair of the steering committee of the Precious Coral Biology Research Unit &#xA9; CSM\/C Gallo\" class=\"wp-image-319878\" srcset=\"https:\/\/www.monaco-tribune.com\/wp-content\/uploads\/2025\/10\/signature-csmchanel_copyright-csmc-gallo-1-grande-1024x896.jpeg 1024w, https:\/\/www.monaco-tribune.com\/wp-content\/uploads\/2025\/10\/signature-csmchanel_copyright-csmc-gallo-1-grande-343x300.jpeg 343w, https:\/\/www.monaco-tribune.com\/wp-content\/uploads\/2025\/10\/signature-csmchanel_copyright-csmc-gallo-1-grande.jpeg 1280w\" sizes=\"auto, (max-width: 1024px) 100vw, 1024px\" \/><figcaption class=\"wp-element-caption\"><em>Princess Caroline is chair of the steering committee of the Precious Coral Biology Research Unit \u00a9 CSM\/C Gallo<\/em><\/figcaption><\/figure>\n<\/div>\n<p>In October 2025, Princess Caroline attended the renewal of the six-year <a href=\"https:\/\/www.monaco-tribune.com\/en\/2025\/10\/princess-caroline-chanel-and-centre-scientifique-de-monaco-join-forces-to-protect-red-coral\/\">partnership between Chanel and the Monaco Scientific Centre for the preservation of red coral<\/a>. The environmental patronage reflected the brand\u2019s commitment beyond fashion, in line with the ecological values upheld by the Principality and Prince Albert II.<\/p>\n\n<h2 class=\"wp-block-heading\" id=\"h-charlotte-casiraghi-ambassadrice-officielle-depuis-2021\"><strong>Charlotte Casiraghi, official ambassador since 2021<\/strong><\/h2>\n<div class=\"wp-block-image\">\n<figure class=\"aligncenter size-large\"><img loading=\"lazy\" decoding=\"async\" width=\"1024\" height=\"682\" src=\"https:\/\/www.monaco-tribune.com\/wp-content\/uploads\/2022\/07\/charlotte-casiraghi-chanel-defile-automne-hiver-2022-2023-1024x682.jpg\" alt=\"charlotte-casiraghi-chanel-defile-automne-hiver-2022-2023\" class=\"wp-image-132301\" srcset=\"https:\/\/www.monaco-tribune.com\/wp-content\/uploads\/2022\/07\/charlotte-casiraghi-chanel-defile-automne-hiver-2022-2023-1024x682.jpg 1024w, https:\/\/www.monaco-tribune.com\/wp-content\/uploads\/2022\/07\/charlotte-casiraghi-chanel-defile-automne-hiver-2022-2023-451x300.jpg 451w, https:\/\/www.monaco-tribune.com\/wp-content\/uploads\/2022\/07\/charlotte-casiraghi-chanel-defile-automne-hiver-2022-2023-scaled.jpg 2048w\" sizes=\"auto, (max-width: 1024px) 100vw, 1024px\" \/><figcaption class=\"wp-element-caption\"><em>\u00a9<\/em> <em>Chanel \/ Facebook<\/em><\/figcaption><\/figure>\n<\/div><div class=\"wp-block-image\">\n<figure class=\"aligncenter size-large\"><img loading=\"lazy\" decoding=\"async\" width=\"1024\" height=\"682\" src=\"https:\/\/www.monaco-tribune.com\/wp-content\/uploads\/2021\/01\/charlotte-casiraghi-nouvelle-ambassadrice-et-porte-parole-de-chanel_2-1024x682.jpg\" alt=\"charlotte-casiraghi-nouvelle-ambassadrice-et-porte-parole-de-chanel\" class=\"wp-image-62183\" srcset=\"https:\/\/www.monaco-tribune.com\/wp-content\/uploads\/2021\/01\/charlotte-casiraghi-nouvelle-ambassadrice-et-porte-parole-de-chanel_2-1024x682.jpg 1024w, https:\/\/www.monaco-tribune.com\/wp-content\/uploads\/2021\/01\/charlotte-casiraghi-nouvelle-ambassadrice-et-porte-parole-de-chanel_2-451x300.jpg 451w, https:\/\/www.monaco-tribune.com\/wp-content\/uploads\/2021\/01\/charlotte-casiraghi-nouvelle-ambassadrice-et-porte-parole-de-chanel_2.jpg 1200w\" sizes=\"auto, (max-width: 1024px) 100vw, 1024px\" \/><figcaption class=\"wp-element-caption\"><em>\u00a9 Chanel<\/em><\/figcaption><\/figure>\n<\/div>\n<p>On 1 January 2021, the couture brand appointed Charlotte Casiraghi as ambassador and spokesperson. She explained in a video that she felt she had <em data-start=\"3101\" data-end=\"3133\">\u201calmost been born with Chanel\u201d<\/em>, recalling photos of her mother pregnant and wearing the house\u2019s creations. As early as 2005, she wore a Chanel tweed suit for Monaco National Day, showing her loyalty to the label at a very young age. In 2012, she posed for <em data-start=\"3360\" data-end=\"3413\">The Little Black Jacket: Chanel\u2019s Classic Revisited<\/em>, a landmark publication. For her wedding in 2019, she chose a Chanel Haute Couture dress, reaffirming her allegiance to the brand.<\/p>\n<div class=\"wp-block-image\">\n<figure class=\"aligncenter size-large\"><img loading=\"lazy\" decoding=\"async\" width=\"1024\" height=\"647\" src=\"https:\/\/www.monaco-tribune.com\/wp-content\/uploads\/2021\/01\/charlotte-casiraghi-nouvelle-ambassadrice-et-porte-parole-de-chanel-1024x647.jpg\" alt=\"charlotte-casiraghi-nouvelle-ambassadrice-et-porte-parole-de-chanel\" class=\"wp-image-61535\" srcset=\"https:\/\/www.monaco-tribune.com\/wp-content\/uploads\/2021\/01\/charlotte-casiraghi-nouvelle-ambassadrice-et-porte-parole-de-chanel-1024x647.jpg 1024w, https:\/\/www.monaco-tribune.com\/wp-content\/uploads\/2021\/01\/charlotte-casiraghi-nouvelle-ambassadrice-et-porte-parole-de-chanel-475x300.jpg 475w, https:\/\/www.monaco-tribune.com\/wp-content\/uploads\/2021\/01\/charlotte-casiraghi-nouvelle-ambassadrice-et-porte-parole-de-chanel.jpg 1200w\" sizes=\"auto, (max-width: 1024px) 100vw, 1024px\" \/><figcaption class=\"wp-element-caption\"><em><em>\u00a9<\/em> Chanel &#8211; Inez et Vinoodh<\/em><\/figcaption><\/figure>\n<\/div>\n<p>In January 2022, Charlotte Casiraghi opened the Chanel Haute Couture spring\u2013summer show on horseback at the Grand Palais \u00c9ph\u00e9m\u00e8re, creating one of the most spectacular moments in the maison\u2019s fashion-show history. The equestrian performance left a lasting impression and illustrated Chanel\u2019s creativity under Virginie Viard\u2019s direction.<\/p>\n\n<p class=\"related\"><a href=\"https:\/\/www.monaco-tribune.com\/en\/2024\/09\/princess-grace-forever-young\/\">Princess Grace,\u00a0forever young<\/a><\/p>\n<div class=\"wp-block-image\">\n<figure class=\"aligncenter size-large\"><img loading=\"lazy\" decoding=\"async\" width=\"1024\" height=\"683\" src=\"https:\/\/www.monaco-tribune.com\/wp-content\/uploads\/2024\/09\/charlotte-casiraghi-rencontres-litteraires-chanel-1024x683.jpg\" alt=\"charlotte-casiraghi-rencontres-litteraires-chanel\" class=\"wp-image-251838\" srcset=\"https:\/\/www.monaco-tribune.com\/wp-content\/uploads\/2024\/09\/charlotte-casiraghi-rencontres-litteraires-chanel-1024x683.jpg 1024w, https:\/\/www.monaco-tribune.com\/wp-content\/uploads\/2024\/09\/charlotte-casiraghi-rencontres-litteraires-chanel-450x300.jpg 450w, https:\/\/www.monaco-tribune.com\/wp-content\/uploads\/2024\/09\/charlotte-casiraghi-rencontres-litteraires-chanel.jpg 1200w\" sizes=\"auto, (max-width: 1024px) 100vw, 1024px\" \/><figcaption class=\"wp-element-caption\"><em>Charlotte Casiraghi during The Literary Rendezvous at Rue Cambon, organised by Chanel \u00a9 Facebook \/ Chanel<\/em><\/figcaption><\/figure>\n<\/div>\n<p>Charlotte Casiraghi created the Rendez-vous litt\u00e9raires Rue Cambon (The Literary Rendezvous at Rue Cambon<em>)<\/em>, events held in Chanel\u2019s historic salons at 31 rue Cambon. These gatherings bring together writers and actresses to read, discuss and share their perspectives on literary works. The initiative is inspired by the literary salons Gabrielle Chanel hosted in her own apartment. Princess Caroline\u2019s daughter regularly fronts Chanel campaigns. She was photographed by Inez van Lamsweerde and Vinoodh Matadin for the spring\u2013summer 2021 campaign, shot in a villa in Monaco. <a href=\"https:\/\/www.monaco-tribune.com\/en\/2025\/02\/charlotte-casiraghi-reveals-rather-strange-passion\/\">She attends Chanel shows in Paris<\/a> at each Fashion Week. On 28 January, under the dome of the Grand Palais, she was in the front row.<\/p>\n\n<h2 class=\"wp-block-heading\" id=\"h-alexandra-de-hanovre-la-releve\"><strong>Alexandra of Hanover, the next generation<\/strong><\/h2>\n<div class=\"wp-block-image\">\n<figure class=\"aligncenter size-large\"><img loading=\"lazy\" decoding=\"async\" width=\"1024\" height=\"512\" src=\"https:\/\/www.monaco-tribune.com\/wp-content\/uploads\/2020\/11\/princess-alexandra-hanover-min-1024x512.jpg\" alt=\"Princess-Alexandra-Hanover-min\" class=\"wp-image-46844\" srcset=\"https:\/\/www.monaco-tribune.com\/wp-content\/uploads\/2020\/11\/princess-alexandra-hanover-min-1024x512.jpg 1024w, https:\/\/www.monaco-tribune.com\/wp-content\/uploads\/2020\/11\/princess-alexandra-hanover-min-600x300.jpg 600w, https:\/\/www.monaco-tribune.com\/wp-content\/uploads\/2020\/11\/princess-alexandra-hanover-min.jpg 1200w\" sizes=\"auto, (max-width: 1024px) 100vw, 1024px\" \/><figcaption class=\"wp-element-caption\"><em>Princess Alexandra of Hanover &#8211; all rights reserved<\/em><\/figcaption><\/figure>\n<\/div>\n<p>Alexandra of Hanover is continuing the family tradition by regularly wearing Chanel. In January 2025, Charlotte and Alexandra attended the Chanel Haute Couture spring\u2013summer show together at the Grand Palais, which celebrated 110 years of the maison\u2019s Haute Couture. As early as March 2016, Princess Caroline and Alexandra of Hanover were already attending Chanel pr\u00eat-\u00e0-porter (ready-to-wear) shows together in Paris.<\/p>\n\n<p>The relationship between Chanel and the Grimaldis goes far beyond a simple commercial partnership. From regular appearances at fashion shows to Charlotte Casiraghi\u2019s role as ambassador, and the events organised in Monaco, the brand has found natural icons in the Princely Family. Today, three generations embody the elegance of the label founded by Gabrielle Chanel.<\/p>\n","protected":false},"excerpt":{"rendered":"<p>For four decades, three generations of Grimaldis have represented the elegance of the French fashion house. It&#8217;s a longstanding loyalty [&hellip;]<\/p>\n","protected":false},"author":80,"featured_media":44428,"comment_status":"closed","ping_status":"closed","sticky":false,"template":"","format":"standard","meta":{"_acf_changed":false,"footnotes":""},"categories":[243,254],"tags":[2831],"post_sectags":[5179],"post_format":[2468],"class_list":["post-328588","post","type-post","status-publish","format-standard","has-post-thumbnail","hentry","category-news","category-people-en","tag-princess-caroline-en","sectag-charlotte-casiraghi-en","format-story"],"acf":[],"yoast_head":"<!-- This site is optimized with the Yoast SEO Premium plugin v26.8 (Yoast SEO v27.4) - https:\/\/yoast.com\/product\/yoast-seo-premium-wordpress\/ -->\n<title>Princess Caroline, Charlotte Casiraghi, Alexandra of Hanover: three generations embodying the spirit of Chanel<\/title>\n<meta name=\"description\" content=\"For four decades, three generations of Grimaldis have represented the elegance of the French fashion house. It&#039;s a longstanding loyalty that spans Paris\" \/>\n<meta name=\"robots\" content=\"index, follow, max-snippet:-1, max-image-preview:large, max-video-preview:-1\" \/>\n<link rel=\"canonical\" href=\"https:\/\/www.monaco-tribune.com\/en\/2025\/12\/princess-caroline-charlotte-casiraghi-alexandra-of-hanover-three-generations-embodying-the-spirit-of-chanel\/\" \/>\n<meta property=\"og:locale\" content=\"en_US\" \/>\n<meta property=\"og:type\" content=\"article\" \/>\n<meta property=\"og:title\" content=\"Princess Caroline, Charlotte Casiraghi, Alexandra of Hanover: three generations embodying the spirit of Chanel - Monaco Tribune\" \/>\n<meta property=\"og:description\" content=\"For four decades, three generations of Grimaldis have represented the elegance of the French fashion house. It&#039;s a longstanding loyalty that spans Paris\" \/>\n<meta property=\"og:url\" content=\"https:\/\/www.monaco-tribune.com\/en\/2025\/12\/princess-caroline-charlotte-casiraghi-alexandra-of-hanover-three-generations-embodying-the-spirit-of-chanel\/\" \/>\n<meta property=\"og:site_name\" content=\"Monaco Tribune\" \/>\n<meta property=\"article:publisher\" content=\"https:\/\/www.facebook.com\/MonacoTribune\" \/>\n<meta property=\"article:published_time\" content=\"2025-12-03T10:12:18+00:00\" \/>\n<meta property=\"article:modified_time\" content=\"2025-12-03T10:12:19+00:00\" \/>\n<meta property=\"og:image\" content=\"https:\/\/www.monaco-tribune.com\/wp-content\/uploads\/2020\/11\/la-princesse-de-hanovre-et-charlotte-casiraghi-min.jpg\" \/>\n\t<meta property=\"og:image:width\" content=\"564\" \/>\n\t<meta property=\"og:image:height\" content=\"451\" \/>\n\t<meta property=\"og:image:type\" content=\"image\/jpeg\" \/>\n<meta name=\"author\" content=\"Estelle Imbert\" \/>\n<meta name=\"twitter:card\" content=\"summary_large_image\" \/>\n<meta name=\"twitter:creator\" content=\"@MonacoTribune\" \/>\n<meta name=\"twitter:site\" content=\"@MonacoTribune\" \/>\n<script type=\"application\/ld+json\" class=\"yoast-schema-graph\">{\"@context\":\"https:\\\/\\\/schema.org\",\"@graph\":[{\"@type\":\"NewsArticle\",\"@id\":\"https:\\\/\\\/www.monaco-tribune.com\\\/en\\\/2025\\\/12\\\/princess-caroline-charlotte-casiraghi-alexandra-of-hanover-three-generations-embodying-the-spirit-of-chanel\\\/#article\",\"isPartOf\":{\"@id\":\"https:\\\/\\\/www.monaco-tribune.com\\\/en\\\/2025\\\/12\\\/princess-caroline-charlotte-casiraghi-alexandra-of-hanover-three-generations-embodying-the-spirit-of-chanel\\\/\"},\"author\":{\"name\":\"Estelle Imbert\",\"@id\":\"https:\\\/\\\/www.monaco-tribune.com\\\/en\\\/#\\\/schema\\\/person\\\/55ce91a070ff78e15ec1817376669bf4\"},\"headline\":\"Princess Caroline, Charlotte Casiraghi, Alexandra of Hanover: three generations embodying the spirit of Chanel\",\"datePublished\":\"2025-12-03T10:12:18+00:00\",\"dateModified\":\"2025-12-03T10:12:19+00:00\",\"mainEntityOfPage\":{\"@id\":\"https:\\\/\\\/www.monaco-tribune.com\\\/en\\\/2025\\\/12\\\/princess-caroline-charlotte-casiraghi-alexandra-of-hanover-three-generations-embodying-the-spirit-of-chanel\\\/\"},\"wordCount\":785,\"publisher\":{\"@id\":\"https:\\\/\\\/www.monaco-tribune.com\\\/en\\\/#organization\"},\"image\":{\"@id\":\"https:\\\/\\\/www.monaco-tribune.com\\\/en\\\/2025\\\/12\\\/princess-caroline-charlotte-casiraghi-alexandra-of-hanover-three-generations-embodying-the-spirit-of-chanel\\\/#primaryimage\"},\"thumbnailUrl\":\"https:\\\/\\\/www.monaco-tribune.com\\\/wp-content\\\/uploads\\\/2020\\\/11\\\/la-princesse-de-hanovre-et-charlotte-casiraghi-min.jpg\",\"keywords\":[\"Princess Caroline\"],\"articleSection\":[\"News\",\"Princely Family\"],\"inLanguage\":\"en-US\",\"copyrightYear\":\"2025\",\"copyrightHolder\":{\"@id\":\"https:\\\/\\\/www.monaco-tribune.com\\\/#organization\"}},{\"@type\":\"WebPage\",\"@id\":\"https:\\\/\\\/www.monaco-tribune.com\\\/en\\\/2025\\\/12\\\/princess-caroline-charlotte-casiraghi-alexandra-of-hanover-three-generations-embodying-the-spirit-of-chanel\\\/\",\"url\":\"https:\\\/\\\/www.monaco-tribune.com\\\/en\\\/2025\\\/12\\\/princess-caroline-charlotte-casiraghi-alexandra-of-hanover-three-generations-embodying-the-spirit-of-chanel\\\/\",\"name\":\"Princess Caroline, Charlotte Casiraghi, Alexandra of Hanover: three generations embodying the spirit of Chanel\",\"isPartOf\":{\"@id\":\"https:\\\/\\\/www.monaco-tribune.com\\\/en\\\/#website\"},\"primaryImageOfPage\":{\"@id\":\"https:\\\/\\\/www.monaco-tribune.com\\\/en\\\/2025\\\/12\\\/princess-caroline-charlotte-casiraghi-alexandra-of-hanover-three-generations-embodying-the-spirit-of-chanel\\\/#primaryimage\"},\"image\":{\"@id\":\"https:\\\/\\\/www.monaco-tribune.com\\\/en\\\/2025\\\/12\\\/princess-caroline-charlotte-casiraghi-alexandra-of-hanover-three-generations-embodying-the-spirit-of-chanel\\\/#primaryimage\"},\"thumbnailUrl\":\"https:\\\/\\\/www.monaco-tribune.com\\\/wp-content\\\/uploads\\\/2020\\\/11\\\/la-princesse-de-hanovre-et-charlotte-casiraghi-min.jpg\",\"datePublished\":\"2025-12-03T10:12:18+00:00\",\"dateModified\":\"2025-12-03T10:12:19+00:00\",\"description\":\"For four decades, three generations of Grimaldis have represented the elegance of the French fashion house. It's a longstanding loyalty that spans Paris\",\"breadcrumb\":{\"@id\":\"https:\\\/\\\/www.monaco-tribune.com\\\/en\\\/2025\\\/12\\\/princess-caroline-charlotte-casiraghi-alexandra-of-hanover-three-generations-embodying-the-spirit-of-chanel\\\/#breadcrumb\"},\"inLanguage\":\"en-US\",\"potentialAction\":[{\"@type\":\"ReadAction\",\"target\":[\"https:\\\/\\\/www.monaco-tribune.com\\\/en\\\/2025\\\/12\\\/princess-caroline-charlotte-casiraghi-alexandra-of-hanover-three-generations-embodying-the-spirit-of-chanel\\\/\"]}]},{\"@type\":\"ImageObject\",\"inLanguage\":\"en-US\",\"@id\":\"https:\\\/\\\/www.monaco-tribune.com\\\/en\\\/2025\\\/12\\\/princess-caroline-charlotte-casiraghi-alexandra-of-hanover-three-generations-embodying-the-spirit-of-chanel\\\/#primaryimage\",\"url\":\"https:\\\/\\\/www.monaco-tribune.com\\\/wp-content\\\/uploads\\\/2020\\\/11\\\/la-princesse-de-hanovre-et-charlotte-casiraghi-min.jpg\",\"contentUrl\":\"https:\\\/\\\/www.monaco-tribune.com\\\/wp-content\\\/uploads\\\/2020\\\/11\\\/la-princesse-de-hanovre-et-charlotte-casiraghi-min.jpg\",\"width\":564,\"height\":451,\"caption\":\"For years, Princess Caroline, Charlotte and Alexandra Casiraghi have been ambassadors and loyal clients of the house of Chanel \u00a9 Felix Dol Maillot\"},{\"@type\":\"BreadcrumbList\",\"@id\":\"https:\\\/\\\/www.monaco-tribune.com\\\/en\\\/2025\\\/12\\\/princess-caroline-charlotte-casiraghi-alexandra-of-hanover-three-generations-embodying-the-spirit-of-chanel\\\/#breadcrumb\",\"itemListElement\":[{\"@type\":\"ListItem\",\"position\":1,\"name\":\"Accueil\",\"item\":\"https:\\\/\\\/www.monaco-tribune.com\\\/en\\\/\"},{\"@type\":\"ListItem\",\"position\":2,\"name\":\"Princess Caroline, Charlotte Casiraghi, Alexandra of Hanover: three generations embodying the spirit of Chanel\"}]},{\"@type\":\"WebSite\",\"@id\":\"https:\\\/\\\/www.monaco-tribune.com\\\/en\\\/#website\",\"url\":\"https:\\\/\\\/www.monaco-tribune.com\\\/en\\\/\",\"name\":\"Monaco Tribune\",\"description\":\"Monaco : actualit\u00e9s \u00e9conomiques, politiques, culturelles et sportives de Monaco et de la French Riviera.\",\"publisher\":{\"@id\":\"https:\\\/\\\/www.monaco-tribune.com\\\/en\\\/#organization\"},\"potentialAction\":[{\"@type\":\"SearchAction\",\"target\":{\"@type\":\"EntryPoint\",\"urlTemplate\":\"https:\\\/\\\/www.monaco-tribune.com\\\/en\\\/?s={search_term_string}\"},\"query-input\":{\"@type\":\"PropertyValueSpecification\",\"valueRequired\":true,\"valueName\":\"search_term_string\"}}],\"inLanguage\":\"en-US\"},{\"@type\":\"Organization\",\"@id\":\"https:\\\/\\\/www.monaco-tribune.com\\\/en\\\/#organization\",\"name\":\"Monaco Tribune\",\"url\":\"https:\\\/\\\/www.monaco-tribune.com\\\/en\\\/\",\"logo\":{\"@type\":\"ImageObject\",\"inLanguage\":\"en-US\",\"@id\":\"https:\\\/\\\/www.monaco-tribune.com\\\/en\\\/#\\\/schema\\\/logo\\\/image\\\/\",\"url\":\"https:\\\/\\\/www.monaco-tribune.com\\\/wp-content\\\/uploads\\\/2022\\\/11\\\/logo-monaco-tribune.png\",\"contentUrl\":\"https:\\\/\\\/www.monaco-tribune.com\\\/wp-content\\\/uploads\\\/2022\\\/11\\\/logo-monaco-tribune.png\",\"width\":1548,\"height\":600,\"caption\":\"Monaco Tribune\"},\"image\":{\"@id\":\"https:\\\/\\\/www.monaco-tribune.com\\\/en\\\/#\\\/schema\\\/logo\\\/image\\\/\"},\"sameAs\":[\"https:\\\/\\\/www.facebook.com\\\/MonacoTribune\",\"https:\\\/\\\/x.com\\\/MonacoTribune\",\"https:\\\/\\\/www.instagram.com\\\/monacotribune\\\/\",\"https:\\\/\\\/www.linkedin.com\\\/company\\\/monaco-tribune\",\"https:\\\/\\\/www.youtube.com\\\/channel\\\/UCHle1MnG6hw1y4lWKijVbMA\"]},{\"@type\":\"Person\",\"@id\":\"https:\\\/\\\/www.monaco-tribune.com\\\/en\\\/#\\\/schema\\\/person\\\/55ce91a070ff78e15ec1817376669bf4\",\"name\":\"Estelle Imbert\",\"image\":{\"@type\":\"ImageObject\",\"inLanguage\":\"en-US\",\"@id\":\"https:\\\/\\\/secure.gravatar.com\\\/avatar\\\/d2e1a3840b1138a669d04f6292bbd810f7f730844d7a28a8e8c4c6da40e79852?s=96&d=mm&r=g\",\"url\":\"https:\\\/\\\/secure.gravatar.com\\\/avatar\\\/d2e1a3840b1138a669d04f6292bbd810f7f730844d7a28a8e8c4c6da40e79852?s=96&d=mm&r=g\",\"contentUrl\":\"https:\\\/\\\/secure.gravatar.com\\\/avatar\\\/d2e1a3840b1138a669d04f6292bbd810f7f730844d7a28a8e8c4c6da40e79852?s=96&d=mm&r=g\",\"caption\":\"Estelle Imbert\"},\"url\":\"https:\\\/\\\/www.monaco-tribune.com\\\/en\\\/author\\\/estelleimbert\\\/\"}]}<\/script>\n<!-- \/ Yoast SEO Premium plugin. -->","yoast_head_json":{"title":"Princess Caroline, Charlotte Casiraghi, Alexandra of Hanover: three generations embodying the spirit of Chanel","description":"For four decades, three generations of Grimaldis have represented the elegance of the French fashion house. It's a longstanding loyalty that spans Paris","robots":{"index":"index","follow":"follow","max-snippet":"max-snippet:-1","max-image-preview":"max-image-preview:large","max-video-preview":"max-video-preview:-1"},"canonical":"https:\/\/www.monaco-tribune.com\/en\/2025\/12\/princess-caroline-charlotte-casiraghi-alexandra-of-hanover-three-generations-embodying-the-spirit-of-chanel\/","og_locale":"en_US","og_type":"article","og_title":"Princess Caroline, Charlotte Casiraghi, Alexandra of Hanover: three generations embodying the spirit of Chanel - Monaco Tribune","og_description":"For four decades, three generations of Grimaldis have represented the elegance of the French fashion house. It's a longstanding loyalty that spans Paris","og_url":"https:\/\/www.monaco-tribune.com\/en\/2025\/12\/princess-caroline-charlotte-casiraghi-alexandra-of-hanover-three-generations-embodying-the-spirit-of-chanel\/","og_site_name":"Monaco Tribune","article_publisher":"https:\/\/www.facebook.com\/MonacoTribune","article_published_time":"2025-12-03T10:12:18+00:00","article_modified_time":"2025-12-03T10:12:19+00:00","og_image":[{"width":564,"height":451,"url":"https:\/\/www.monaco-tribune.com\/wp-content\/uploads\/2020\/11\/la-princesse-de-hanovre-et-charlotte-casiraghi-min.jpg","type":"image\/jpeg"}],"author":"Estelle Imbert","twitter_card":"summary_large_image","twitter_creator":"@MonacoTribune","twitter_site":"@MonacoTribune","schema":{"@context":"https:\/\/schema.org","@graph":[{"@type":"NewsArticle","@id":"https:\/\/www.monaco-tribune.com\/en\/2025\/12\/princess-caroline-charlotte-casiraghi-alexandra-of-hanover-three-generations-embodying-the-spirit-of-chanel\/#article","isPartOf":{"@id":"https:\/\/www.monaco-tribune.com\/en\/2025\/12\/princess-caroline-charlotte-casiraghi-alexandra-of-hanover-three-generations-embodying-the-spirit-of-chanel\/"},"author":{"name":"Estelle Imbert","@id":"https:\/\/www.monaco-tribune.com\/en\/#\/schema\/person\/55ce91a070ff78e15ec1817376669bf4"},"headline":"Princess Caroline, Charlotte Casiraghi, Alexandra of Hanover: three generations embodying the spirit of Chanel","datePublished":"2025-12-03T10:12:18+00:00","dateModified":"2025-12-03T10:12:19+00:00","mainEntityOfPage":{"@id":"https:\/\/www.monaco-tribune.com\/en\/2025\/12\/princess-caroline-charlotte-casiraghi-alexandra-of-hanover-three-generations-embodying-the-spirit-of-chanel\/"},"wordCount":785,"publisher":{"@id":"https:\/\/www.monaco-tribune.com\/en\/#organization"},"image":{"@id":"https:\/\/www.monaco-tribune.com\/en\/2025\/12\/princess-caroline-charlotte-casiraghi-alexandra-of-hanover-three-generations-embodying-the-spirit-of-chanel\/#primaryimage"},"thumbnailUrl":"https:\/\/www.monaco-tribune.com\/wp-content\/uploads\/2020\/11\/la-princesse-de-hanovre-et-charlotte-casiraghi-min.jpg","keywords":["Princess Caroline"],"articleSection":["News","Princely Family"],"inLanguage":"en-US","copyrightYear":"2025","copyrightHolder":{"@id":"https:\/\/www.monaco-tribune.com\/#organization"}},{"@type":"WebPage","@id":"https:\/\/www.monaco-tribune.com\/en\/2025\/12\/princess-caroline-charlotte-casiraghi-alexandra-of-hanover-three-generations-embodying-the-spirit-of-chanel\/","url":"https:\/\/www.monaco-tribune.com\/en\/2025\/12\/princess-caroline-charlotte-casiraghi-alexandra-of-hanover-three-generations-embodying-the-spirit-of-chanel\/","name":"Princess Caroline, Charlotte Casiraghi, Alexandra of Hanover: three generations embodying the spirit of Chanel","isPartOf":{"@id":"https:\/\/www.monaco-tribune.com\/en\/#website"},"primaryImageOfPage":{"@id":"https:\/\/www.monaco-tribune.com\/en\/2025\/12\/princess-caroline-charlotte-casiraghi-alexandra-of-hanover-three-generations-embodying-the-spirit-of-chanel\/#primaryimage"},"image":{"@id":"https:\/\/www.monaco-tribune.com\/en\/2025\/12\/princess-caroline-charlotte-casiraghi-alexandra-of-hanover-three-generations-embodying-the-spirit-of-chanel\/#primaryimage"},"thumbnailUrl":"https:\/\/www.monaco-tribune.com\/wp-content\/uploads\/2020\/11\/la-princesse-de-hanovre-et-charlotte-casiraghi-min.jpg","datePublished":"2025-12-03T10:12:18+00:00","dateModified":"2025-12-03T10:12:19+00:00","description":"For four decades, three generations of Grimaldis have represented the elegance of the French fashion house. It's a longstanding loyalty that spans Paris","breadcrumb":{"@id":"https:\/\/www.monaco-tribune.com\/en\/2025\/12\/princess-caroline-charlotte-casiraghi-alexandra-of-hanover-three-generations-embodying-the-spirit-of-chanel\/#breadcrumb"},"inLanguage":"en-US","potentialAction":[{"@type":"ReadAction","target":["https:\/\/www.monaco-tribune.com\/en\/2025\/12\/princess-caroline-charlotte-casiraghi-alexandra-of-hanover-three-generations-embodying-the-spirit-of-chanel\/"]}]},{"@type":"ImageObject","inLanguage":"en-US","@id":"https:\/\/www.monaco-tribune.com\/en\/2025\/12\/princess-caroline-charlotte-casiraghi-alexandra-of-hanover-three-generations-embodying-the-spirit-of-chanel\/#primaryimage","url":"https:\/\/www.monaco-tribune.com\/wp-content\/uploads\/2020\/11\/la-princesse-de-hanovre-et-charlotte-casiraghi-min.jpg","contentUrl":"https:\/\/www.monaco-tribune.com\/wp-content\/uploads\/2020\/11\/la-princesse-de-hanovre-et-charlotte-casiraghi-min.jpg","width":564,"height":451,"caption":"For years, Princess Caroline, Charlotte and Alexandra Casiraghi have been ambassadors and loyal clients of the house of Chanel \u00a9 Felix Dol Maillot"},{"@type":"BreadcrumbList","@id":"https:\/\/www.monaco-tribune.com\/en\/2025\/12\/princess-caroline-charlotte-casiraghi-alexandra-of-hanover-three-generations-embodying-the-spirit-of-chanel\/#breadcrumb","itemListElement":[{"@type":"ListItem","position":1,"name":"Accueil","item":"https:\/\/www.monaco-tribune.com\/en\/"},{"@type":"ListItem","position":2,"name":"Princess Caroline, Charlotte Casiraghi, Alexandra of Hanover: three generations embodying the spirit of Chanel"}]},{"@type":"WebSite","@id":"https:\/\/www.monaco-tribune.com\/en\/#website","url":"https:\/\/www.monaco-tribune.com\/en\/","name":"Monaco Tribune","description":"Monaco : actualit\u00e9s \u00e9conomiques, politiques, culturelles et sportives de Monaco et de la French Riviera.","publisher":{"@id":"https:\/\/www.monaco-tribune.com\/en\/#organization"},"potentialAction":[{"@type":"SearchAction","target":{"@type":"EntryPoint","urlTemplate":"https:\/\/www.monaco-tribune.com\/en\/?s={search_term_string}"},"query-input":{"@type":"PropertyValueSpecification","valueRequired":true,"valueName":"search_term_string"}}],"inLanguage":"en-US"},{"@type":"Organization","@id":"https:\/\/www.monaco-tribune.com\/en\/#organization","name":"Monaco Tribune","url":"https:\/\/www.monaco-tribune.com\/en\/","logo":{"@type":"ImageObject","inLanguage":"en-US","@id":"https:\/\/www.monaco-tribune.com\/en\/#\/schema\/logo\/image\/","url":"https:\/\/www.monaco-tribune.com\/wp-content\/uploads\/2022\/11\/logo-monaco-tribune.png","contentUrl":"https:\/\/www.monaco-tribune.com\/wp-content\/uploads\/2022\/11\/logo-monaco-tribune.png","width":1548,"height":600,"caption":"Monaco Tribune"},"image":{"@id":"https:\/\/www.monaco-tribune.com\/en\/#\/schema\/logo\/image\/"},"sameAs":["https:\/\/www.facebook.com\/MonacoTribune","https:\/\/x.com\/MonacoTribune","https:\/\/www.instagram.com\/monacotribune\/","https:\/\/www.linkedin.com\/company\/monaco-tribune","https:\/\/www.youtube.com\/channel\/UCHle1MnG6hw1y4lWKijVbMA"]},{"@type":"Person","@id":"https:\/\/www.monaco-tribune.com\/en\/#\/schema\/person\/55ce91a070ff78e15ec1817376669bf4","name":"Estelle Imbert","image":{"@type":"ImageObject","inLanguage":"en-US","@id":"https:\/\/secure.gravatar.com\/avatar\/d2e1a3840b1138a669d04f6292bbd810f7f730844d7a28a8e8c4c6da40e79852?s=96&d=mm&r=g","url":"https:\/\/secure.gravatar.com\/avatar\/d2e1a3840b1138a669d04f6292bbd810f7f730844d7a28a8e8c4c6da40e79852?s=96&d=mm&r=g","contentUrl":"https:\/\/secure.gravatar.com\/avatar\/d2e1a3840b1138a669d04f6292bbd810f7f730844d7a28a8e8c4c6da40e79852?s=96&d=mm&r=g","caption":"Estelle Imbert"},"url":"https:\/\/www.monaco-tribune.com\/en\/author\/estelleimbert\/"}]}},"_links":{"self":[{"href":"https:\/\/www.monaco-tribune.com\/en\/wp-json\/wp\/v2\/posts\/328588","targetHints":{"allow":["GET"]}}],"collection":[{"href":"https:\/\/www.monaco-tribune.com\/en\/wp-json\/wp\/v2\/posts"}],"about":[{"href":"https:\/\/www.monaco-tribune.com\/en\/wp-json\/wp\/v2\/types\/post"}],"author":[{"embeddable":true,"href":"https:\/\/www.monaco-tribune.com\/en\/wp-json\/wp\/v2\/users\/80"}],"replies":[{"embeddable":true,"href":"https:\/\/www.monaco-tribune.com\/en\/wp-json\/wp\/v2\/comments?post=328588"}],"version-history":[{"count":1,"href":"https:\/\/www.monaco-tribune.com\/en\/wp-json\/wp\/v2\/posts\/328588\/revisions"}],"predecessor-version":[{"id":328589,"href":"https:\/\/www.monaco-tribune.com\/en\/wp-json\/wp\/v2\/posts\/328588\/revisions\/328589"}],"wp:featuredmedia":[{"embeddable":true,"href":"https:\/\/www.monaco-tribune.com\/en\/wp-json\/wp\/v2\/media\/44428"}],"wp:attachment":[{"href":"https:\/\/www.monaco-tribune.com\/en\/wp-json\/wp\/v2\/media?parent=328588"}],"wp:term":[{"taxonomy":"category","embeddable":true,"href":"https:\/\/www.monaco-tribune.com\/en\/wp-json\/wp\/v2\/categories?post=328588"},{"taxonomy":"post_tag","embeddable":true,"href":"https:\/\/www.monaco-tribune.com\/en\/wp-json\/wp\/v2\/tags?post=328588"},{"taxonomy":"sectag","embeddable":true,"href":"https:\/\/www.monaco-tribune.com\/en\/wp-json\/wp\/v2\/post_sectags?post=328588"},{"taxonomy":"format","embeddable":true,"href":"https:\/\/www.monaco-tribune.com\/en\/wp-json\/wp\/v2\/post_format?post=328588"}],"curies":[{"name":"wp","href":"https:\/\/api.w.org\/{rel}","templated":true}]}}