{"id":328602,"date":"2025-12-03T14:38:45","date_gmt":"2025-12-03T12:38:45","guid":{"rendered":"https:\/\/www.monaco-tribune.com\/2025\/12\/december-in-monaco-your-magical-calendar\/"},"modified":"2025-12-03T14:46:03","modified_gmt":"2025-12-03T12:46:03","slug":"december-in-monaco-your-magical-calendar","status":"publish","type":"post","link":"https:\/\/www.monaco-tribune.com\/en\/2025\/12\/december-in-monaco-your-magical-calendar\/","title":{"rendered":"December in Monaco: your magical calendar"},"content":{"rendered":"\n<p><strong>Ho ho ho\u2026 Christmas Magic has arrived in the Principality and Father Christmas has brought a full bag of festive events in his big sleigh. Here\u2019s what\u2019s hiding beneath the wrapping paper.<\/strong><\/p>\n\n\n\n<p>This month\u2019s agenda includes the Christmas Market and ice rink, shows and culture, plenty of sport, and even a visit from Willy Wonka.<\/p>\n\n\n\n<h2 class=\"wp-block-heading\" id=\"h-presents-to-unwrap-first\">Presents to unwrap first<\/h2>\n\n\n\n<p>Father Christmas will meet young and old at Port Hercule from <strong>5 December to 4 January<\/strong> for the Christmas Market. This year, the City Hall invites you on a journey to the Land of the Teddy Bears.<\/p>\n\n\n<div class=\"wp-block-image\">\n<figure class=\"aligncenter size-large\"><img loading=\"lazy\" decoding=\"async\" width=\"1024\" height=\"683\" src=\"https:\/\/www.monaco-tribune.com\/wp-content\/uploads\/2024\/12\/469314627_979394954223774_7868645019998191990_n-1024x683.jpg\" alt=\"evenements-decembre-noel-monaco\" class=\"wp-image-268849\" srcset=\"https:\/\/www.monaco-tribune.com\/wp-content\/uploads\/2024\/12\/469314627_979394954223774_7868645019998191990_n-1024x683.jpg 1024w, https:\/\/www.monaco-tribune.com\/wp-content\/uploads\/2024\/12\/469314627_979394954223774_7868645019998191990_n-450x300.jpg 450w, https:\/\/www.monaco-tribune.com\/wp-content\/uploads\/2024\/12\/469314627_979394954223774_7868645019998191990_n.jpg 2048w\" sizes=\"auto, (max-width: 1024px) 100vw, 1024px\" \/><figcaption class=\"wp-element-caption\"><em>The Christmas Village features a wide selection of food chalets.&nbsp;\u00a9 Monaco Town Council<\/em><\/figcaption><\/figure>\n<\/div>\n\n\n<p>In December, a stroll under the Principality\u2019s sparkling lights is irresistible: Place du Casino, the Rock, March\u00e9 de la Condamine\u2026 Monaco has slipped into its finest festive attire.<\/p>\n\n\n\n<p><p data-start=\"1173\" data-end=\"1345\">Swimsuits are out, ice skates are in. After several years away, the ice rink is making its big return on the pool of the Rainier III Nautical Stadium, from <strong>5 December to 1 March.<\/strong><\/p><\/p>\n\n\n\n<figure class=\"wp-block-embed is-type-wp-embed is-provider-monaco-tribune wp-block-embed-monaco-tribune\"><div class=\"wp-block-embed__wrapper\">\n<blockquote class=\"wp-embedded-content\" data-secret=\"XEnPmp0I7R\"><a href=\"https:\/\/www.monaco-tribune.com\/en\/2025\/12\/christmas-festivities-begin-in-monaco-with-the-lights-the-village-and-the-ice-rink\/\">Christmas festivities begin in Monaco with the lights, the Village and the ice rink<\/a><\/blockquote><iframe class=\"wp-embedded-content\" sandbox=\"allow-scripts\" security=\"restricted\" style=\"position: absolute; visibility: hidden;\" title=\"&#8220;Christmas festivities begin in Monaco with the lights, the Village and the ice rink&#8221; &#8212; Monaco Tribune\" src=\"https:\/\/www.monaco-tribune.com\/en\/2025\/12\/christmas-festivities-begin-in-monaco-with-the-lights-the-village-and-the-ice-rink\/embed\/#?secret=lspqa8sOar#?secret=XEnPmp0I7R\" data-secret=\"XEnPmp0I7R\" width=\"500\" height=\"282\" frameborder=\"0\" marginwidth=\"0\" marginheight=\"0\" scrolling=\"no\"><\/iframe>\n<\/div><\/figure>\n\n\n\n<p>In Monaco, Christmas would not be complete without its traditional ballets: the Monte-Carlo Ballets take to the stage at the Grimaldi Forum from <strong>27 December to 4 January<\/strong> with several performances of <em>Ma Bayad\u00e8re<\/em>.<\/p>\n\n\n\n<h2 class=\"wp-block-heading\" id=\"h-for-our-little-elves\">For our little elves<\/h2>\n\n\n\n<p>From <strong>17 to 20 December<\/strong>, the Museum of Prehistoric Anthropology welcomes children for a series of Christmas workshops combining drawing and exploration of the world of insects.<\/p>\n\n\n\n<p>Chocolate fountains at the Grimaldi Forum: Willy Wonka opens the doors to his chocolate factory from <strong>12 to 14 December<\/strong>, and the last golden tickets are still up for grabs.<\/p>\n\n\n<div class=\"wp-block-image\">\n<figure class=\"aligncenter size-large\"><img loading=\"lazy\" decoding=\"async\" width=\"1024\" height=\"726\" src=\"https:\/\/www.monaco-tribune.com\/wp-content\/uploads\/2025\/12\/charlie-et-la-chocolaterie-grimaldi-forum-monaco-noel-1024x726.jpg\" alt=\"charlie-et-la-chocolaterie-grimaldi-forum-monaco-noel\" class=\"wp-image-328412\" srcset=\"https:\/\/www.monaco-tribune.com\/wp-content\/uploads\/2025\/12\/charlie-et-la-chocolaterie-grimaldi-forum-monaco-noel-1024x726.jpg 1024w, https:\/\/www.monaco-tribune.com\/wp-content\/uploads\/2025\/12\/charlie-et-la-chocolaterie-grimaldi-forum-monaco-noel-423x300.jpg 423w, https:\/\/www.monaco-tribune.com\/wp-content\/uploads\/2025\/12\/charlie-et-la-chocolaterie-grimaldi-forum-monaco-noel.jpg 2048w\" sizes=\"auto, (max-width: 1024px) 100vw, 1024px\" \/><figcaption class=\"wp-element-caption\">Charlie awaits you in great numbers at the Grimaldi Forum \u00a9 Elliott Franks<\/figcaption><\/figure>\n<\/div>\n\n\n<p>At the Th\u00e9\u00e2tre des Muses, Ptitbout ne veut pas f\u00eater No\u00ebl (Ptitbout [little one] doesn\u2019t want to celebrate Christmas<em data-start=\"1982\" data-end=\"2029\">)\u2026<\/em> until a mysterious light transforms their evening. A whimsical tale for the very young, <strong>from 13 to 17 December.<\/strong><\/p>\n\n\n\n<p>The Town Hall\u2019s Christmas Tree is back on <strong>19 December<\/strong>. You have until 4 December to register your little elves, provided they are Monegasque or residents.<\/p>\n\n\n\n<h2 class=\"wp-block-heading\" id=\"h-a-star-filled-sporting-line-up\">A star-filled sporting line-up<\/h2>\n\n\n\n<p>December promises plenty of excitement for basketball fans. In the EuroLeague, the Roca Team hosts Paris on <strong>4 December,<\/strong> Fenerbahce on <strong>12 December<\/strong>, Bayern on <strong>19 December<\/strong>, and closes the year in style against Real Madrid. In the league, Strasbourg visits Gaston-M\u00e9decin on the <strong>14th<\/strong>, followed by Nanterre on the <strong>21st<\/strong>.<\/p>\n\n\n<div class=\"wp-block-image\">\n<figure class=\"aligncenter size-large\"><img loading=\"lazy\" decoding=\"async\" width=\"1024\" height=\"682\" src=\"https:\/\/www.monaco-tribune.com\/wp-content\/uploads\/2025\/10\/james-strazel-1024x682.jpg\" alt=\"Mike James Matthew Strazel\" class=\"wp-image-320290\" srcset=\"https:\/\/www.monaco-tribune.com\/wp-content\/uploads\/2025\/10\/james-strazel-1024x682.jpg 1024w, https:\/\/www.monaco-tribune.com\/wp-content\/uploads\/2025\/10\/james-strazel-450x300.jpg 450w, https:\/\/www.monaco-tribune.com\/wp-content\/uploads\/2025\/10\/james-strazel.jpg 1280w\" sizes=\"auto, (max-width: 1024px) 100vw, 1024px\" \/><figcaption class=\"wp-element-caption\">A huge month at home for Mike James and his teammates \u00a9 AS Monaco Basket<\/figcaption><\/figure>\n<\/div>\n\n\n<p>On 7 December, the Stade Louis II transforms into a giant dojo for the 30th <a href=\"https:\/\/www.monaco-tribune.com\/2025\/11\/la-30e-edition-du-tournoi-international-de-judo-de-monaco-placee-sous-le-signe-du-japon\/\">International Judo Tournament<\/a>.<\/p>\n\n\n\n<p>And on <strong>9 December<\/strong>, it\u2019s Champions League night: AS Monaco faces Turkey\u2019s Galatasaray in what promises to be a fiery atmosphere.<\/p>\n\n\n\n<h2 class=\"wp-block-heading\" id=\"h-stories-and-wonders\">Stories and wonders<\/h2>\n\n\n\n<p><p data-start=\"2920\" data-end=\"3081\">The brand-new Caroline Media Library opens its doors on <strong>11 December<\/strong> with a rich programme \u2014 the perfect excuse to stock up on books for your end-of-year travels.<\/p><\/p>\n\n\n\n<figure class=\"wp-block-embed is-type-wp-embed is-provider-monaco-tribune wp-block-embed-monaco-tribune\"><div class=\"wp-block-embed__wrapper\">\n<blockquote class=\"wp-embedded-content\" data-secret=\"M0Lmi1wsDZ\"><a href=\"https:\/\/www.monaco-tribune.com\/en\/2025\/10\/dance-opera-exhibitions-electro-shows-grimaldi-forum-celebrates-25th-anniversary-with-bumper-season\/\">Dance, opera, exhibitions, electro shows: Grimaldi Forum celebrates 25th anniversary with bumper season<\/a><\/blockquote><iframe class=\"wp-embedded-content\" sandbox=\"allow-scripts\" security=\"restricted\" style=\"position: absolute; visibility: hidden;\" title=\"&#8220;Dance, opera, exhibitions, electro shows: Grimaldi Forum celebrates 25th anniversary with bumper season&#8221; &#8212; Monaco Tribune\" src=\"https:\/\/www.monaco-tribune.com\/en\/2025\/10\/dance-opera-exhibitions-electro-shows-grimaldi-forum-celebrates-25th-anniversary-with-bumper-season\/embed\/#?secret=1egBjcqiuZ#?secret=M0Lmi1wsDZ\" data-secret=\"M0Lmi1wsDZ\" width=\"500\" height=\"282\" frameborder=\"0\" marginwidth=\"0\" marginheight=\"0\" scrolling=\"no\"><\/iframe>\n<\/div><\/figure>\n\n\n\n<p>The prestigious Princess Grace Academy celebrates its 50th anniversary on <strong>19 December<\/strong> at the Grimaldi Forum \u2014 a wonderful opportunity to discover the rising stars of the Monte-Carlo Ballets.<\/p>\n\n\n\n<h2 class=\"wp-block-heading\" id=\"h-christmas-music\">Christmas music<\/h2>\n\n\n\n<p>On <strong>Sunday 7 December<\/strong>, Kazuki Yamada conducts the OPMC at the Auditorium Rainier III in an all-Russian programme, with talented Korean pianist Seong-Jin Cho as soloist.<\/p>\n\n\n\n<p>A 90s-2000s fan? To mark the closure of the legendary Espace L\u00e9o Ferr\u00e9, the venue is hosting <a href=\"https:\/\/www.monaco-tribune.com\/2025\/09\/zouk-machine-las-ketchup-colonel-reyel-une-soiree-saveur-nostalgie-a-lespace-leo-ferre-en-fin-dannee\/\">one final concert<\/a>. Colonel Reyel, Zouk Machine and Las Ketchup will bring a nostalgic flashback to the dance floor.<\/p>\n\n\n\n<h2 class=\"wp-block-heading\" id=\"h-enchanted-exhibitions\">Enchanted exhibitions<\/h2>\n\n\n\n<p><strong>It&#8217;s also the last month<\/strong> to visit <a href=\"https:\/\/www.monaco-tribune.com\/en\/2025\/03\/mediterranee-2050-exhibition-dive-into-the-mediterranean-of-the-future\/\">M\u00e9diterran\u00e9e 2050<\/a> at the Oceanographic Museum \u2014 an immersive, interactive exhibition inviting visitors on a journey through space and time to imagine the Mediterranean\u2019s future by 2050.<\/p>\n\n\n\n<p>At the Museum of Stamps and Coins, discover <em>L\u2019architecture en philat\u00e9lie : une histoire en miniature\/<\/em><em data-start=\"3968\" data-end=\"4016\">Architecture in Philately: A Story in Miniature<\/em>\u00a0until <strong>31 December<\/strong>. Through 120 pieces, trace the major stages of Monaco\u2019s architectural evolution.<\/p>\n","protected":false},"excerpt":{"rendered":"<p>Ho ho ho\u2026 Christmas Magic has arrived in the Principality and Father Christmas has brought a full bag of festive [&hellip;]<\/p>\n","protected":false},"author":81,"featured_media":328008,"comment_status":"closed","ping_status":"closed","sticky":false,"template":"","format":"standard","meta":{"_acf_changed":false,"footnotes":""},"categories":[243,251],"tags":[2844],"post_sectags":[4584],"post_format":[2452],"class_list":["post-328602","post","type-post","status-publish","format-standard","has-post-thumbnail","hentry","category-news","category-whats-on","tag-events-en","sectag-christmas","format-events"],"acf":[],"yoast_head":"<!-- This site is optimized with the Yoast SEO Premium plugin v26.8 (Yoast SEO v27.5) - https:\/\/yoast.com\/product\/yoast-seo-premium-wordpress\/ -->\n<title>December in Monaco: your magical calendar<\/title>\n<meta name=\"description\" content=\"Ho ho ho\u2026 Christmas Magic has arrived in the Principality and Father Christmas has brought a full bag of festive events in his big sleigh. Here\u2019s what\u2019s\" \/>\n<meta name=\"robots\" content=\"index, follow, max-snippet:-1, max-image-preview:large, max-video-preview:-1\" \/>\n<link rel=\"canonical\" href=\"https:\/\/www.monaco-tribune.com\/en\/2025\/12\/december-in-monaco-your-magical-calendar\/\" \/>\n<meta property=\"og:locale\" content=\"en_US\" \/>\n<meta property=\"og:type\" content=\"article\" \/>\n<meta property=\"og:title\" content=\"December in Monaco: your magical calendar - Monaco Tribune\" \/>\n<meta property=\"og:description\" content=\"Ho ho ho\u2026 Christmas Magic has arrived in the Principality and Father Christmas has brought a full bag of festive events in his big sleigh. Here\u2019s what\u2019s\" \/>\n<meta property=\"og:url\" content=\"https:\/\/www.monaco-tribune.com\/en\/2025\/12\/december-in-monaco-your-magical-calendar\/\" \/>\n<meta property=\"og:site_name\" content=\"Monaco Tribune\" \/>\n<meta property=\"article:publisher\" content=\"https:\/\/www.facebook.com\/MonacoTribune\" \/>\n<meta property=\"article:published_time\" content=\"2025-12-03T12:38:45+00:00\" \/>\n<meta property=\"article:modified_time\" content=\"2025-12-03T12:46:03+00:00\" \/>\n<meta property=\"og:image\" content=\"https:\/\/www.monaco-tribune.com\/wp-content\/uploads\/2025\/11\/casino-de-monte-carlo-monaco.jpg\" \/>\n\t<meta property=\"og:image:width\" content=\"1200\" \/>\n\t<meta property=\"og:image:height\" content=\"800\" \/>\n\t<meta property=\"og:image:type\" content=\"image\/jpeg\" \/>\n<meta name=\"author\" content=\"Lo\u00efc Savaresse\" \/>\n<meta name=\"twitter:card\" content=\"summary_large_image\" \/>\n<meta name=\"twitter:creator\" content=\"@MonacoTribune\" \/>\n<meta name=\"twitter:site\" content=\"@MonacoTribune\" \/>\n<script type=\"application\/ld+json\" class=\"yoast-schema-graph\">{\"@context\":\"https:\\\/\\\/schema.org\",\"@graph\":[{\"@type\":\"NewsArticle\",\"@id\":\"https:\\\/\\\/www.monaco-tribune.com\\\/en\\\/2025\\\/12\\\/december-in-monaco-your-magical-calendar\\\/#article\",\"isPartOf\":{\"@id\":\"https:\\\/\\\/www.monaco-tribune.com\\\/en\\\/2025\\\/12\\\/december-in-monaco-your-magical-calendar\\\/\"},\"author\":{\"name\":\"Lo\u00efc Savaresse\",\"@id\":\"https:\\\/\\\/www.monaco-tribune.com\\\/en\\\/#\\\/schema\\\/person\\\/038be413d70c68969e8c6013f2520a39\"},\"headline\":\"December in Monaco: your magical calendar\",\"datePublished\":\"2025-12-03T12:38:45+00:00\",\"dateModified\":\"2025-12-03T12:46:03+00:00\",\"mainEntityOfPage\":{\"@id\":\"https:\\\/\\\/www.monaco-tribune.com\\\/en\\\/2025\\\/12\\\/december-in-monaco-your-magical-calendar\\\/\"},\"wordCount\":659,\"publisher\":{\"@id\":\"https:\\\/\\\/www.monaco-tribune.com\\\/en\\\/#organization\"},\"image\":{\"@id\":\"https:\\\/\\\/www.monaco-tribune.com\\\/en\\\/2025\\\/12\\\/december-in-monaco-your-magical-calendar\\\/#primaryimage\"},\"thumbnailUrl\":\"https:\\\/\\\/www.monaco-tribune.com\\\/wp-content\\\/uploads\\\/2025\\\/11\\\/casino-de-monte-carlo-monaco.jpg\",\"keywords\":[\"Events\"],\"articleSection\":[\"News\",\"What&#039;s on\"],\"inLanguage\":\"en-US\",\"copyrightYear\":\"2025\",\"copyrightHolder\":{\"@id\":\"https:\\\/\\\/www.monaco-tribune.com\\\/#organization\"}},{\"@type\":\"WebPage\",\"@id\":\"https:\\\/\\\/www.monaco-tribune.com\\\/en\\\/2025\\\/12\\\/december-in-monaco-your-magical-calendar\\\/\",\"url\":\"https:\\\/\\\/www.monaco-tribune.com\\\/en\\\/2025\\\/12\\\/december-in-monaco-your-magical-calendar\\\/\",\"name\":\"December in Monaco: your magical calendar\",\"isPartOf\":{\"@id\":\"https:\\\/\\\/www.monaco-tribune.com\\\/en\\\/#website\"},\"primaryImageOfPage\":{\"@id\":\"https:\\\/\\\/www.monaco-tribune.com\\\/en\\\/2025\\\/12\\\/december-in-monaco-your-magical-calendar\\\/#primaryimage\"},\"image\":{\"@id\":\"https:\\\/\\\/www.monaco-tribune.com\\\/en\\\/2025\\\/12\\\/december-in-monaco-your-magical-calendar\\\/#primaryimage\"},\"thumbnailUrl\":\"https:\\\/\\\/www.monaco-tribune.com\\\/wp-content\\\/uploads\\\/2025\\\/11\\\/casino-de-monte-carlo-monaco.jpg\",\"datePublished\":\"2025-12-03T12:38:45+00:00\",\"dateModified\":\"2025-12-03T12:46:03+00:00\",\"description\":\"Ho ho ho\u2026 Christmas Magic has arrived in the Principality and Father Christmas has brought a full bag of festive events in his big sleigh. Here\u2019s what\u2019s\",\"breadcrumb\":{\"@id\":\"https:\\\/\\\/www.monaco-tribune.com\\\/en\\\/2025\\\/12\\\/december-in-monaco-your-magical-calendar\\\/#breadcrumb\"},\"inLanguage\":\"en-US\",\"potentialAction\":[{\"@type\":\"ReadAction\",\"target\":[\"https:\\\/\\\/www.monaco-tribune.com\\\/en\\\/2025\\\/12\\\/december-in-monaco-your-magical-calendar\\\/\"]}]},{\"@type\":\"ImageObject\",\"inLanguage\":\"en-US\",\"@id\":\"https:\\\/\\\/www.monaco-tribune.com\\\/en\\\/2025\\\/12\\\/december-in-monaco-your-magical-calendar\\\/#primaryimage\",\"url\":\"https:\\\/\\\/www.monaco-tribune.com\\\/wp-content\\\/uploads\\\/2025\\\/11\\\/casino-de-monte-carlo-monaco.jpg\",\"contentUrl\":\"https:\\\/\\\/www.monaco-tribune.com\\\/wp-content\\\/uploads\\\/2025\\\/11\\\/casino-de-monte-carlo-monaco.jpg\",\"width\":1200,\"height\":800,\"caption\":\"Place du Casino shines bright throughout December \u00a9 Fr\u00e9d\u00e9ric Nebinger \\\/ Prince\u2019s Palace\"},{\"@type\":\"BreadcrumbList\",\"@id\":\"https:\\\/\\\/www.monaco-tribune.com\\\/en\\\/2025\\\/12\\\/december-in-monaco-your-magical-calendar\\\/#breadcrumb\",\"itemListElement\":[{\"@type\":\"ListItem\",\"position\":1,\"name\":\"Accueil\",\"item\":\"https:\\\/\\\/www.monaco-tribune.com\\\/en\\\/\"},{\"@type\":\"ListItem\",\"position\":2,\"name\":\"December in Monaco: your magical calendar\"}]},{\"@type\":\"WebSite\",\"@id\":\"https:\\\/\\\/www.monaco-tribune.com\\\/en\\\/#website\",\"url\":\"https:\\\/\\\/www.monaco-tribune.com\\\/en\\\/\",\"name\":\"Monaco Tribune\",\"description\":\"Monaco : actualit\u00e9s \u00e9conomiques, politiques, culturelles et sportives de Monaco et de la French Riviera.\",\"publisher\":{\"@id\":\"https:\\\/\\\/www.monaco-tribune.com\\\/en\\\/#organization\"},\"potentialAction\":[{\"@type\":\"SearchAction\",\"target\":{\"@type\":\"EntryPoint\",\"urlTemplate\":\"https:\\\/\\\/www.monaco-tribune.com\\\/en\\\/?s={search_term_string}\"},\"query-input\":{\"@type\":\"PropertyValueSpecification\",\"valueRequired\":true,\"valueName\":\"search_term_string\"}}],\"inLanguage\":\"en-US\"},{\"@type\":\"Organization\",\"@id\":\"https:\\\/\\\/www.monaco-tribune.com\\\/en\\\/#organization\",\"name\":\"Monaco Tribune\",\"url\":\"https:\\\/\\\/www.monaco-tribune.com\\\/en\\\/\",\"logo\":{\"@type\":\"ImageObject\",\"inLanguage\":\"en-US\",\"@id\":\"https:\\\/\\\/www.monaco-tribune.com\\\/en\\\/#\\\/schema\\\/logo\\\/image\\\/\",\"url\":\"https:\\\/\\\/www.monaco-tribune.com\\\/wp-content\\\/uploads\\\/2022\\\/11\\\/logo-monaco-tribune.png\",\"contentUrl\":\"https:\\\/\\\/www.monaco-tribune.com\\\/wp-content\\\/uploads\\\/2022\\\/11\\\/logo-monaco-tribune.png\",\"width\":1548,\"height\":600,\"caption\":\"Monaco Tribune\"},\"image\":{\"@id\":\"https:\\\/\\\/www.monaco-tribune.com\\\/en\\\/#\\\/schema\\\/logo\\\/image\\\/\"},\"sameAs\":[\"https:\\\/\\\/www.facebook.com\\\/MonacoTribune\",\"https:\\\/\\\/x.com\\\/MonacoTribune\",\"https:\\\/\\\/www.instagram.com\\\/monacotribune\\\/\",\"https:\\\/\\\/www.linkedin.com\\\/company\\\/monaco-tribune\",\"https:\\\/\\\/www.youtube.com\\\/channel\\\/UCHle1MnG6hw1y4lWKijVbMA\"]},{\"@type\":\"Person\",\"@id\":\"https:\\\/\\\/www.monaco-tribune.com\\\/en\\\/#\\\/schema\\\/person\\\/038be413d70c68969e8c6013f2520a39\",\"name\":\"Lo\u00efc Savaresse\",\"image\":{\"@type\":\"ImageObject\",\"inLanguage\":\"en-US\",\"@id\":\"https:\\\/\\\/secure.gravatar.com\\\/avatar\\\/f6455af3179531c6fa982f7fbf5b31fba068c938a5ce7786e5fb7d84a2393df0?s=96&d=mm&r=g\",\"url\":\"https:\\\/\\\/secure.gravatar.com\\\/avatar\\\/f6455af3179531c6fa982f7fbf5b31fba068c938a5ce7786e5fb7d84a2393df0?s=96&d=mm&r=g\",\"contentUrl\":\"https:\\\/\\\/secure.gravatar.com\\\/avatar\\\/f6455af3179531c6fa982f7fbf5b31fba068c938a5ce7786e5fb7d84a2393df0?s=96&d=mm&r=g\",\"caption\":\"Lo\u00efc Savaresse\"},\"url\":\"https:\\\/\\\/www.monaco-tribune.com\\\/en\\\/author\\\/loicsavaresse\\\/\"}]}<\/script>\n<!-- \/ Yoast SEO Premium plugin. -->","yoast_head_json":{"title":"December in Monaco: your magical calendar","description":"Ho ho ho\u2026 Christmas Magic has arrived in the Principality and Father Christmas has brought a full bag of festive events in his big sleigh. Here\u2019s what\u2019s","robots":{"index":"index","follow":"follow","max-snippet":"max-snippet:-1","max-image-preview":"max-image-preview:large","max-video-preview":"max-video-preview:-1"},"canonical":"https:\/\/www.monaco-tribune.com\/en\/2025\/12\/december-in-monaco-your-magical-calendar\/","og_locale":"en_US","og_type":"article","og_title":"December in Monaco: your magical calendar - Monaco Tribune","og_description":"Ho ho ho\u2026 Christmas Magic has arrived in the Principality and Father Christmas has brought a full bag of festive events in his big sleigh. Here\u2019s what\u2019s","og_url":"https:\/\/www.monaco-tribune.com\/en\/2025\/12\/december-in-monaco-your-magical-calendar\/","og_site_name":"Monaco Tribune","article_publisher":"https:\/\/www.facebook.com\/MonacoTribune","article_published_time":"2025-12-03T12:38:45+00:00","article_modified_time":"2025-12-03T12:46:03+00:00","og_image":[{"width":1200,"height":800,"url":"https:\/\/www.monaco-tribune.com\/wp-content\/uploads\/2025\/11\/casino-de-monte-carlo-monaco.jpg","type":"image\/jpeg"}],"author":"Lo\u00efc Savaresse","twitter_card":"summary_large_image","twitter_creator":"@MonacoTribune","twitter_site":"@MonacoTribune","schema":{"@context":"https:\/\/schema.org","@graph":[{"@type":"NewsArticle","@id":"https:\/\/www.monaco-tribune.com\/en\/2025\/12\/december-in-monaco-your-magical-calendar\/#article","isPartOf":{"@id":"https:\/\/www.monaco-tribune.com\/en\/2025\/12\/december-in-monaco-your-magical-calendar\/"},"author":{"name":"Lo\u00efc Savaresse","@id":"https:\/\/www.monaco-tribune.com\/en\/#\/schema\/person\/038be413d70c68969e8c6013f2520a39"},"headline":"December in Monaco: your magical calendar","datePublished":"2025-12-03T12:38:45+00:00","dateModified":"2025-12-03T12:46:03+00:00","mainEntityOfPage":{"@id":"https:\/\/www.monaco-tribune.com\/en\/2025\/12\/december-in-monaco-your-magical-calendar\/"},"wordCount":659,"publisher":{"@id":"https:\/\/www.monaco-tribune.com\/en\/#organization"},"image":{"@id":"https:\/\/www.monaco-tribune.com\/en\/2025\/12\/december-in-monaco-your-magical-calendar\/#primaryimage"},"thumbnailUrl":"https:\/\/www.monaco-tribune.com\/wp-content\/uploads\/2025\/11\/casino-de-monte-carlo-monaco.jpg","keywords":["Events"],"articleSection":["News","What&#039;s on"],"inLanguage":"en-US","copyrightYear":"2025","copyrightHolder":{"@id":"https:\/\/www.monaco-tribune.com\/#organization"}},{"@type":"WebPage","@id":"https:\/\/www.monaco-tribune.com\/en\/2025\/12\/december-in-monaco-your-magical-calendar\/","url":"https:\/\/www.monaco-tribune.com\/en\/2025\/12\/december-in-monaco-your-magical-calendar\/","name":"December in Monaco: your magical calendar","isPartOf":{"@id":"https:\/\/www.monaco-tribune.com\/en\/#website"},"primaryImageOfPage":{"@id":"https:\/\/www.monaco-tribune.com\/en\/2025\/12\/december-in-monaco-your-magical-calendar\/#primaryimage"},"image":{"@id":"https:\/\/www.monaco-tribune.com\/en\/2025\/12\/december-in-monaco-your-magical-calendar\/#primaryimage"},"thumbnailUrl":"https:\/\/www.monaco-tribune.com\/wp-content\/uploads\/2025\/11\/casino-de-monte-carlo-monaco.jpg","datePublished":"2025-12-03T12:38:45+00:00","dateModified":"2025-12-03T12:46:03+00:00","description":"Ho ho ho\u2026 Christmas Magic has arrived in the Principality and Father Christmas has brought a full bag of festive events in his big sleigh. Here\u2019s what\u2019s","breadcrumb":{"@id":"https:\/\/www.monaco-tribune.com\/en\/2025\/12\/december-in-monaco-your-magical-calendar\/#breadcrumb"},"inLanguage":"en-US","potentialAction":[{"@type":"ReadAction","target":["https:\/\/www.monaco-tribune.com\/en\/2025\/12\/december-in-monaco-your-magical-calendar\/"]}]},{"@type":"ImageObject","inLanguage":"en-US","@id":"https:\/\/www.monaco-tribune.com\/en\/2025\/12\/december-in-monaco-your-magical-calendar\/#primaryimage","url":"https:\/\/www.monaco-tribune.com\/wp-content\/uploads\/2025\/11\/casino-de-monte-carlo-monaco.jpg","contentUrl":"https:\/\/www.monaco-tribune.com\/wp-content\/uploads\/2025\/11\/casino-de-monte-carlo-monaco.jpg","width":1200,"height":800,"caption":"Place du Casino shines bright throughout December \u00a9 Fr\u00e9d\u00e9ric Nebinger \/ Prince\u2019s Palace"},{"@type":"BreadcrumbList","@id":"https:\/\/www.monaco-tribune.com\/en\/2025\/12\/december-in-monaco-your-magical-calendar\/#breadcrumb","itemListElement":[{"@type":"ListItem","position":1,"name":"Accueil","item":"https:\/\/www.monaco-tribune.com\/en\/"},{"@type":"ListItem","position":2,"name":"December in Monaco: your magical calendar"}]},{"@type":"WebSite","@id":"https:\/\/www.monaco-tribune.com\/en\/#website","url":"https:\/\/www.monaco-tribune.com\/en\/","name":"Monaco Tribune","description":"Monaco : actualit\u00e9s \u00e9conomiques, politiques, culturelles et sportives de Monaco et de la French Riviera.","publisher":{"@id":"https:\/\/www.monaco-tribune.com\/en\/#organization"},"potentialAction":[{"@type":"SearchAction","target":{"@type":"EntryPoint","urlTemplate":"https:\/\/www.monaco-tribune.com\/en\/?s={search_term_string}"},"query-input":{"@type":"PropertyValueSpecification","valueRequired":true,"valueName":"search_term_string"}}],"inLanguage":"en-US"},{"@type":"Organization","@id":"https:\/\/www.monaco-tribune.com\/en\/#organization","name":"Monaco Tribune","url":"https:\/\/www.monaco-tribune.com\/en\/","logo":{"@type":"ImageObject","inLanguage":"en-US","@id":"https:\/\/www.monaco-tribune.com\/en\/#\/schema\/logo\/image\/","url":"https:\/\/www.monaco-tribune.com\/wp-content\/uploads\/2022\/11\/logo-monaco-tribune.png","contentUrl":"https:\/\/www.monaco-tribune.com\/wp-content\/uploads\/2022\/11\/logo-monaco-tribune.png","width":1548,"height":600,"caption":"Monaco Tribune"},"image":{"@id":"https:\/\/www.monaco-tribune.com\/en\/#\/schema\/logo\/image\/"},"sameAs":["https:\/\/www.facebook.com\/MonacoTribune","https:\/\/x.com\/MonacoTribune","https:\/\/www.instagram.com\/monacotribune\/","https:\/\/www.linkedin.com\/company\/monaco-tribune","https:\/\/www.youtube.com\/channel\/UCHle1MnG6hw1y4lWKijVbMA"]},{"@type":"Person","@id":"https:\/\/www.monaco-tribune.com\/en\/#\/schema\/person\/038be413d70c68969e8c6013f2520a39","name":"Lo\u00efc Savaresse","image":{"@type":"ImageObject","inLanguage":"en-US","@id":"https:\/\/secure.gravatar.com\/avatar\/f6455af3179531c6fa982f7fbf5b31fba068c938a5ce7786e5fb7d84a2393df0?s=96&d=mm&r=g","url":"https:\/\/secure.gravatar.com\/avatar\/f6455af3179531c6fa982f7fbf5b31fba068c938a5ce7786e5fb7d84a2393df0?s=96&d=mm&r=g","contentUrl":"https:\/\/secure.gravatar.com\/avatar\/f6455af3179531c6fa982f7fbf5b31fba068c938a5ce7786e5fb7d84a2393df0?s=96&d=mm&r=g","caption":"Lo\u00efc Savaresse"},"url":"https:\/\/www.monaco-tribune.com\/en\/author\/loicsavaresse\/"}]}},"_links":{"self":[{"href":"https:\/\/www.monaco-tribune.com\/en\/wp-json\/wp\/v2\/posts\/328602","targetHints":{"allow":["GET"]}}],"collection":[{"href":"https:\/\/www.monaco-tribune.com\/en\/wp-json\/wp\/v2\/posts"}],"about":[{"href":"https:\/\/www.monaco-tribune.com\/en\/wp-json\/wp\/v2\/types\/post"}],"author":[{"embeddable":true,"href":"https:\/\/www.monaco-tribune.com\/en\/wp-json\/wp\/v2\/users\/81"}],"replies":[{"embeddable":true,"href":"https:\/\/www.monaco-tribune.com\/en\/wp-json\/wp\/v2\/comments?post=328602"}],"version-history":[{"count":5,"href":"https:\/\/www.monaco-tribune.com\/en\/wp-json\/wp\/v2\/posts\/328602\/revisions"}],"predecessor-version":[{"id":328611,"href":"https:\/\/www.monaco-tribune.com\/en\/wp-json\/wp\/v2\/posts\/328602\/revisions\/328611"}],"wp:featuredmedia":[{"embeddable":true,"href":"https:\/\/www.monaco-tribune.com\/en\/wp-json\/wp\/v2\/media\/328008"}],"wp:attachment":[{"href":"https:\/\/www.monaco-tribune.com\/en\/wp-json\/wp\/v2\/media?parent=328602"}],"wp:term":[{"taxonomy":"category","embeddable":true,"href":"https:\/\/www.monaco-tribune.com\/en\/wp-json\/wp\/v2\/categories?post=328602"},{"taxonomy":"post_tag","embeddable":true,"href":"https:\/\/www.monaco-tribune.com\/en\/wp-json\/wp\/v2\/tags?post=328602"},{"taxonomy":"sectag","embeddable":true,"href":"https:\/\/www.monaco-tribune.com\/en\/wp-json\/wp\/v2\/post_sectags?post=328602"},{"taxonomy":"format","embeddable":true,"href":"https:\/\/www.monaco-tribune.com\/en\/wp-json\/wp\/v2\/post_format?post=328602"}],"curies":[{"name":"wp","href":"https:\/\/api.w.org\/{rel}","templated":true}]}}